{"id":987,"date":"2022-11-03T01:00:00","date_gmt":"2022-11-03T04:00:00","guid":{"rendered":"https:\/\/www.oracaoefe.com\/?p=987"},"modified":"2022-11-02T14:21:33","modified_gmt":"2022-11-02T17:21:33","slug":"oracao-para-comecar-o-dia-foco-no-trabalho","status":"publish","type":"post","link":"https:\/\/www.oracaoefe.com\/fr\/oracao-para-comecar-o-dia-foco-no-trabalho\/","title":{"rendered":"Pri\u00e8re pour commencer la journ\u00e9e : Concentrez-vous sur le travail !"},"content":{"rendered":"<p class=\"wp-block-paragraph\">A<strong> pri\u00e8re quotidienne<\/strong> traz a mensagem de que voc\u00ea precisa se concentrar no seu trabalho. Para tanto, fa\u00e7a a leitura com calma da prece, a seguir, e comece seu dia com os ensinamentos e uma mensagem Divina, transformando sua rotina a partir das palavras e da for\u00e7a do pensamento em Deus.<\/p>\n\n\n\n<figure class=\"wp-block-image\"><img decoding=\"async\" src=\"https:\/\/lh4.googleusercontent.com\/M_YR-yCNNkQDn7NQLticwRubQuaG4y_OEOlz4_kR-NEsH2sOGQtw1MiQJ35dNiDW2A-V31FAUrkyHHjwWy1f047XNGHNZV1NP5rY1RXu9hLQSr9aDGSH_sLVy-VEGBUdCYEtXvwFCKsbvSGqPKNnwPMGYMtubxKTrrocoUp8kyWgLK2MRCWKlLFOAMRllQ\" alt=\"pri\u00e8re quotidienne\"\/><figcaption>Image : Pixabay - Reproduction<\/figcaption><\/figure>\n\n\n\n<h3 class=\"wp-block-heading\">Pri\u00e8re du jour<\/h3>\n\n\n\n<p class=\"wp-block-paragraph\">Senhor, ofere\u00e7o-te este dia de trabalho, que o teu Esp\u00edrito Santo manifeste em mim e ao meu redor um esp\u00edrito de Paz e Alegria, que Ele me d\u00ea Sabedoria e For\u00e7a, para lan\u00e7ar um olhar de Amor sobre o meu trabalho, para desenvolver em mim paci\u00eancia, compreens\u00e3o, mansid\u00e3o e disponibilidade, para ver al\u00e9m das apar\u00eancias, Seus filhos, como voc\u00ea mesmo os v\u00ea.&nbsp;<\/p>\n\n\n\n<p class=\"wp-block-paragraph\">Senhor, fecha meus ouvidos a toda cal\u00fania, guarda minha l\u00edngua de toda malevol\u00eancia. Senhor, para que todos que se aproximarem de mim hoje descubram sua presen\u00e7a.&nbsp;<\/p>\n\n\n\n<p class=\"wp-block-paragraph\">Feche meus ouvidos a toda cal\u00fania, guarde minha l\u00edngua de toda malevol\u00eancia,<\/p>\n\n\n\n<p class=\"wp-block-paragraph\">deixe apenas pensamentos que aben\u00e7oam morarem em minha mente,<\/p>\n\n\n\n<p class=\"wp-block-paragraph\">Que eu seja t\u00e3o benevolente e alegre&nbsp;<\/p>\n\n\n\n<p class=\"wp-block-paragraph\">Que todos que se aproximam de mim sintam sua presen\u00e7a.<\/p>\n\n\n\n<p class=\"wp-block-paragraph\">Reveste-me com a tua bondade, Senhor, e isso ao longo deste dia, eu te pe\u00e7o.<\/p>\n\n\n\n<p class=\"wp-block-paragraph\">Am\u00e9m!<\/p>\n\n\n\n<h3 class=\"wp-block-heading\">Mensagem e ensinamento do dia<\/h3>\n\n\n\n<p class=\"wp-block-paragraph\">Paulo escreve: &#8220;A f\u00e9 \u00e9 a certeza das coisas que se esperam&#8221; (Hebreus 11 :1). Nossos pais entenderam isso, e ontem como hoje, essa f\u00e9 que move montanhas \u00e9 indispens\u00e1vel. Jesus disse: \u201cSe voc\u00eas tiverem f\u00e9 como um gr\u00e3o de mostarda, dir\u00e3o a este monte: Mova-se, e ele se mover\u00e1\u201d (Mt 17:20).&nbsp;<\/p>\n\n\n\n<p class=\"wp-block-paragraph\">A f\u00e9 de nossos ancestrais conquistou suas montanhas, cabe a n\u00f3s fazer o mesmo com a nossa. \u00c0 nossa frente est\u00e3o tantos picos intranspon\u00edveis que Deus gostaria de nos ver mover. No entanto, quando duvidamos, quando confiamos na opini\u00e3o dos outros, quando n\u00e3o entendemos a Palavra de Deus, nossa f\u00e9 \u00e9 afetada e a obra de Deus \u00e9 frustrada.&nbsp;<\/p>\n\n\n\n<p class=\"wp-block-paragraph\">Embora Jesus lhes tivesse dado o poder, seus disc\u00edpulos se mostraram incapazes de curar os enfermos, inclusive um menino endemoninhado, a ponto de se perguntarem: \u201cPor que n\u00e3o conseguimos expulsar esse dem\u00f4nio? (Mt 17.19).&nbsp;<\/p>\n\n\n\n<p class=\"wp-block-paragraph\">Jesus responde-lhes em tr\u00eas passos.&nbsp;<\/p>\n\n\n\n<p class=\"wp-block-paragraph\">1) <strong>Comece pequeno.<\/strong> Uma pequena semente de mostarda pode crescer muito! Coloque sua confian\u00e7a em Deus para as coisas do dia a dia, e quando ele honrar essa f\u00e9, agrade\u00e7a a ele e edifique sobre esses alicerces.\u00a0<\/p>\n\n\n\n<p class=\"wp-block-paragraph\">2) <strong>Vigie suas palavras.<\/strong> Eles liberam o poder da Palavra de Deus e, portanto, devem se alinhar com a B\u00edblia. Voc\u00ea deve proclamar sua f\u00e9, e as montanhas desaparecer\u00e3o!<\/p>\n\n\n\n<p class=\"wp-block-paragraph\">3) <strong>Obede\u00e7a<\/strong>. Alguns picos s\u00e3o teimosos e exigem mais ora\u00e7\u00f5es. Para o menino possu\u00eddo, era preciso at\u00e9 jejuar! Assim, quando nos curvamos \u00e0 Palavra de Deus, nada pode resistir a n\u00f3s!<\/p>\n\n\n\n<p class=\"wp-block-paragraph\">\u201cO Esp\u00edrito Santo vem em socorro da nossa fraqueza, porque n\u00e3o sabemos orar bem. O pr\u00f3prio Esp\u00edrito intercede por n\u00f3s com gemidos inexplic\u00e1veis. E Deus, que sonda os cora\u00e7\u00f5es, conhece as inten\u00e7\u00f5es do Esp\u00edrito, porque \u00e9 segundo Deus que o Esp\u00edrito intercede pelos fi\u00e9is\u201d (Romanos 8, 26-27).<\/p>","protected":false},"excerpt":{"rendered":"<p>A ora\u00e7\u00e3o do dia traz a mensagem de que voc\u00ea precisa se concentrar no seu trabalho. Para tanto, fa\u00e7a a leitura com calma da prece, a seguir, e comece seu dia com os ensinamentos e uma mensagem Divina, transformando sua rotina a partir das palavras e da for\u00e7a do pensamento em Deus. Ora\u00e7\u00e3o do dia&hellip;&nbsp;<\/p>","protected":false},"author":3,"featured_media":988,"comment_status":"open","ping_status":"open","sticky":false,"template":"","format":"standard","meta":{"neve_meta_sidebar":"","neve_meta_container":"","neve_meta_enable_content_width":"","neve_meta_content_width":0,"neve_meta_title_alignment":"","neve_meta_author_avatar":"","neve_post_elements_order":"","neve_meta_disable_header":"","neve_meta_disable_footer":"","neve_meta_disable_title":"","footnotes":""},"categories":[2],"tags":[161,160],"class_list":["post-987","post","type-post","status-publish","format-standard","has-post-thumbnail","hentry","category-oracao","tag-mensagem-do-dia","tag-oracao-do-dia"],"yoast_head":"<!-- This site is optimized with the Yoast SEO plugin v28.4 - https:\/\/yoast.com\/product\/yoast-seo-wordpress\/ -->\n<title>Ora\u00e7\u00e3o para come\u00e7ar o dia: Foco no trabalho! - Ora\u00e7\u00e3o e F\u00e9<\/title>\n<meta name=\"description\" content=\"Deus tem pra voc\u00ea uma palavra de vida!\" \/>\n<meta name=\"robots\" content=\"index, follow, max-snippet:-1, max-image-preview:large, max-video-preview:-1\" \/>\n<link rel=\"canonical\" href=\"https:\/\/www.oracaoefe.com\/fr\/oracao-para-comecar-o-dia-foco-no-trabalho\/\" \/>\n<meta property=\"og:locale\" content=\"fr_FR\" \/>\n<meta property=\"og:type\" content=\"article\" \/>\n<meta property=\"og:title\" content=\"Ora\u00e7\u00e3o para come\u00e7ar o dia: Foco no trabalho! - Ora\u00e7\u00e3o e F\u00e9\" \/>\n<meta property=\"og:description\" content=\"Deus tem pra voc\u00ea uma palavra de vida!\" \/>\n<meta property=\"og:url\" content=\"https:\/\/www.oracaoefe.com\/fr\/oracao-para-comecar-o-dia-foco-no-trabalho\/\" \/>\n<meta property=\"og:site_name\" content=\"Ora\u00e7\u00e3o e F\u00e9\" \/>\n<meta property=\"article:published_time\" content=\"2022-11-03T04:00:00+00:00\" \/>\n<meta property=\"og:image\" content=\"https:\/\/www.oracaoefe.com\/wp-content\/uploads\/2022\/11\/oracao-do-dia-03-de-novembro.jpg\" \/>\n\t<meta property=\"og:image:width\" content=\"1280\" \/>\n\t<meta property=\"og:image:height\" content=\"784\" \/>\n\t<meta property=\"og:image:type\" content=\"image\/jpeg\" \/>\n<meta name=\"author\" content=\"Michele Azevedo\" \/>\n<meta name=\"twitter:card\" content=\"summary_large_image\" \/>\n<meta name=\"twitter:label1\" content=\"\u00c9crit par\" \/>\n\t<meta name=\"twitter:data1\" content=\"Michele Azevedo\" \/>\n\t<meta name=\"twitter:label2\" content=\"Dur\u00e9e de lecture estim\u00e9e\" \/>\n\t<meta name=\"twitter:data2\" content=\"3 minutes\" \/>\n<script type=\"application\/ld+json\" class=\"yoast-schema-graph\">{\"@context\":\"https:\\\/\\\/schema.org\",\"@graph\":[{\"@type\":\"Article\",\"@id\":\"https:\\\/\\\/www.oracaoefe.com\\\/oracao-para-comecar-o-dia-foco-no-trabalho\\\/#article\",\"isPartOf\":{\"@id\":\"https:\\\/\\\/www.oracaoefe.com\\\/oracao-para-comecar-o-dia-foco-no-trabalho\\\/\"},\"author\":{\"name\":\"Michele Azevedo\",\"@id\":\"https:\\\/\\\/www.oracaoefe.com\\\/#\\\/schema\\\/person\\\/17283c669442cf005c4d5bb58adfb7f5\"},\"headline\":\"Ora\u00e7\u00e3o para come\u00e7ar o dia: Foco no trabalho!\",\"datePublished\":\"2022-11-03T04:00:00+00:00\",\"mainEntityOfPage\":{\"@id\":\"https:\\\/\\\/www.oracaoefe.com\\\/oracao-para-comecar-o-dia-foco-no-trabalho\\\/\"},\"wordCount\":562,\"commentCount\":0,\"image\":{\"@id\":\"https:\\\/\\\/www.oracaoefe.com\\\/oracao-para-comecar-o-dia-foco-no-trabalho\\\/#primaryimage\"},\"thumbnailUrl\":\"https:\\\/\\\/www.oracaoefe.com\\\/wp-content\\\/uploads\\\/2022\\\/11\\\/oracao-do-dia-03-de-novembro.jpg\",\"keywords\":[\"mensagem do dia\",\"ora\u00e7\u00e3o do dia\"],\"articleSection\":[\"Ora\u00e7\u00e3o\"],\"inLanguage\":\"fr-FR\",\"potentialAction\":[{\"@type\":\"CommentAction\",\"name\":\"Comment\",\"target\":[\"https:\\\/\\\/www.oracaoefe.com\\\/oracao-para-comecar-o-dia-foco-no-trabalho\\\/#respond\"]}]},{\"@type\":\"WebPage\",\"@id\":\"https:\\\/\\\/www.oracaoefe.com\\\/oracao-para-comecar-o-dia-foco-no-trabalho\\\/\",\"url\":\"https:\\\/\\\/www.oracaoefe.com\\\/oracao-para-comecar-o-dia-foco-no-trabalho\\\/\",\"name\":\"Ora\u00e7\u00e3o para come\u00e7ar o dia: Foco no trabalho! - Ora\u00e7\u00e3o e F\u00e9\",\"isPartOf\":{\"@id\":\"https:\\\/\\\/www.oracaoefe.com\\\/#website\"},\"primaryImageOfPage\":{\"@id\":\"https:\\\/\\\/www.oracaoefe.com\\\/oracao-para-comecar-o-dia-foco-no-trabalho\\\/#primaryimage\"},\"image\":{\"@id\":\"https:\\\/\\\/www.oracaoefe.com\\\/oracao-para-comecar-o-dia-foco-no-trabalho\\\/#primaryimage\"},\"thumbnailUrl\":\"https:\\\/\\\/www.oracaoefe.com\\\/wp-content\\\/uploads\\\/2022\\\/11\\\/oracao-do-dia-03-de-novembro.jpg\",\"datePublished\":\"2022-11-03T04:00:00+00:00\",\"author\":{\"@id\":\"https:\\\/\\\/www.oracaoefe.com\\\/#\\\/schema\\\/person\\\/17283c669442cf005c4d5bb58adfb7f5\"},\"description\":\"Deus tem pra voc\u00ea uma palavra de vida!\",\"breadcrumb\":{\"@id\":\"https:\\\/\\\/www.oracaoefe.com\\\/oracao-para-comecar-o-dia-foco-no-trabalho\\\/#breadcrumb\"},\"inLanguage\":\"fr-FR\",\"potentialAction\":[{\"@type\":\"ReadAction\",\"target\":[\"https:\\\/\\\/www.oracaoefe.com\\\/oracao-para-comecar-o-dia-foco-no-trabalho\\\/\"]}]},{\"@type\":\"ImageObject\",\"inLanguage\":\"fr-FR\",\"@id\":\"https:\\\/\\\/www.oracaoefe.com\\\/oracao-para-comecar-o-dia-foco-no-trabalho\\\/#primaryimage\",\"url\":\"https:\\\/\\\/www.oracaoefe.com\\\/wp-content\\\/uploads\\\/2022\\\/11\\\/oracao-do-dia-03-de-novembro.jpg\",\"contentUrl\":\"https:\\\/\\\/www.oracaoefe.com\\\/wp-content\\\/uploads\\\/2022\\\/11\\\/oracao-do-dia-03-de-novembro.jpg\",\"width\":1280,\"height\":784,\"caption\":\"Imagem: Pixabay - Reprodu\u00e7\u00e3o\"},{\"@type\":\"BreadcrumbList\",\"@id\":\"https:\\\/\\\/www.oracaoefe.com\\\/oracao-para-comecar-o-dia-foco-no-trabalho\\\/#breadcrumb\",\"itemListElement\":[{\"@type\":\"ListItem\",\"position\":1,\"name\":\"Home\",\"item\":\"https:\\\/\\\/www.oracaoefe.com\\\/\"},{\"@type\":\"ListItem\",\"position\":2,\"name\":\"Ora\u00e7\u00e3o\",\"item\":\"https:\\\/\\\/www.oracaoefe.com\\\/category\\\/oracao\\\/\"},{\"@type\":\"ListItem\",\"position\":3,\"name\":\"Ora\u00e7\u00e3o para come\u00e7ar o dia: Foco no trabalho!\"}]},{\"@type\":\"WebSite\",\"@id\":\"https:\\\/\\\/www.oracaoefe.com\\\/#website\",\"url\":\"https:\\\/\\\/www.oracaoefe.com\\\/\",\"name\":\"Ora\u00e7\u00e3o e F\u00e9\",\"description\":\"\",\"potentialAction\":[{\"@type\":\"SearchAction\",\"target\":{\"@type\":\"EntryPoint\",\"urlTemplate\":\"https:\\\/\\\/www.oracaoefe.com\\\/?s={search_term_string}\"},\"query-input\":{\"@type\":\"PropertyValueSpecification\",\"valueRequired\":true,\"valueName\":\"search_term_string\"}}],\"inLanguage\":\"fr-FR\"},{\"@type\":\"Person\",\"@id\":\"https:\\\/\\\/www.oracaoefe.com\\\/#\\\/schema\\\/person\\\/17283c669442cf005c4d5bb58adfb7f5\",\"name\":\"Michele Azevedo\",\"image\":{\"@type\":\"ImageObject\",\"inLanguage\":\"fr-FR\",\"@id\":\"https:\\\/\\\/secure.gravatar.com\\\/avatar\\\/6b0eb9d22841282815e2cd856a0061c45e1761cd54b22e952d98c4746939aa85?s=96&d=mm&r=g\",\"url\":\"https:\\\/\\\/secure.gravatar.com\\\/avatar\\\/6b0eb9d22841282815e2cd856a0061c45e1761cd54b22e952d98c4746939aa85?s=96&d=mm&r=g\",\"contentUrl\":\"https:\\\/\\\/secure.gravatar.com\\\/avatar\\\/6b0eb9d22841282815e2cd856a0061c45e1761cd54b22e952d98c4746939aa85?s=96&d=mm&r=g\",\"caption\":\"Michele Azevedo\"},\"description\":\"Formada em Letras - Portugu\u00eas\\\/ Ingl\u00eas pela Universidade Estadual de Ponta Grossa (UEPG), p\u00f3s-graduada em Arte na Educa\u00e7\u00e3o (FAPI) e Psicopedagogia Escolar (FAPI), idealizadora e propriet\u00e1ria do site Escritora de Sucesso, possui experi\u00eancia em escrita para blogs em geral e atua como redatora e revisora dos conte\u00fados do Ora\u00e7\u00e3o e F\u00e9.\",\"url\":\"https:\\\/\\\/www.oracaoefe.com\\\/fr\\\/author\\\/michele-azevedo\\\/\"}]}<\/script>\n<!-- \/ Yoast SEO plugin. -->","yoast_head_json":{"title":"Ora\u00e7\u00e3o para come\u00e7ar o dia: Foco no trabalho! - Ora\u00e7\u00e3o e F\u00e9","description":"Dieu a une parole de vie pour vous !","robots":{"index":"index","follow":"follow","max-snippet":"max-snippet:-1","max-image-preview":"max-image-preview:large","max-video-preview":"max-video-preview:-1"},"canonical":"https:\/\/www.oracaoefe.com\/fr\/oracao-para-comecar-o-dia-foco-no-trabalho\/","og_locale":"fr_FR","og_type":"article","og_title":"Ora\u00e7\u00e3o para come\u00e7ar o dia: Foco no trabalho! - Ora\u00e7\u00e3o e F\u00e9","og_description":"Deus tem pra voc\u00ea uma palavra de vida!","og_url":"https:\/\/www.oracaoefe.com\/fr\/oracao-para-comecar-o-dia-foco-no-trabalho\/","og_site_name":"Ora\u00e7\u00e3o e F\u00e9","article_published_time":"2022-11-03T04:00:00+00:00","og_image":[{"width":1280,"height":784,"url":"https:\/\/www.oracaoefe.com\/wp-content\/uploads\/2022\/11\/oracao-do-dia-03-de-novembro.jpg","type":"image\/jpeg"}],"author":"Michele Azevedo","twitter_card":"summary_large_image","twitter_misc":{"\u00c9crit par":"Michele Azevedo","Dur\u00e9e de lecture estim\u00e9e":"3 minutes"},"schema":{"@context":"https:\/\/schema.org","@graph":[{"@type":"Article","@id":"https:\/\/www.oracaoefe.com\/oracao-para-comecar-o-dia-foco-no-trabalho\/#article","isPartOf":{"@id":"https:\/\/www.oracaoefe.com\/oracao-para-comecar-o-dia-foco-no-trabalho\/"},"author":{"name":"Michele Azevedo","@id":"https:\/\/www.oracaoefe.com\/#\/schema\/person\/17283c669442cf005c4d5bb58adfb7f5"},"headline":"Ora\u00e7\u00e3o para come\u00e7ar o dia: Foco no trabalho!","datePublished":"2022-11-03T04:00:00+00:00","mainEntityOfPage":{"@id":"https:\/\/www.oracaoefe.com\/oracao-para-comecar-o-dia-foco-no-trabalho\/"},"wordCount":562,"commentCount":0,"image":{"@id":"https:\/\/www.oracaoefe.com\/oracao-para-comecar-o-dia-foco-no-trabalho\/#primaryimage"},"thumbnailUrl":"https:\/\/www.oracaoefe.com\/wp-content\/uploads\/2022\/11\/oracao-do-dia-03-de-novembro.jpg","keywords":["mensagem do dia","ora\u00e7\u00e3o do dia"],"articleSection":["Ora\u00e7\u00e3o"],"inLanguage":"fr-FR","potentialAction":[{"@type":"CommentAction","name":"Comment","target":["https:\/\/www.oracaoefe.com\/oracao-para-comecar-o-dia-foco-no-trabalho\/#respond"]}]},{"@type":"WebPage","@id":"https:\/\/www.oracaoefe.com\/oracao-para-comecar-o-dia-foco-no-trabalho\/","url":"https:\/\/www.oracaoefe.com\/oracao-para-comecar-o-dia-foco-no-trabalho\/","name":"Ora\u00e7\u00e3o para come\u00e7ar o dia: Foco no trabalho! - Ora\u00e7\u00e3o e F\u00e9","isPartOf":{"@id":"https:\/\/www.oracaoefe.com\/#website"},"primaryImageOfPage":{"@id":"https:\/\/www.oracaoefe.com\/oracao-para-comecar-o-dia-foco-no-trabalho\/#primaryimage"},"image":{"@id":"https:\/\/www.oracaoefe.com\/oracao-para-comecar-o-dia-foco-no-trabalho\/#primaryimage"},"thumbnailUrl":"https:\/\/www.oracaoefe.com\/wp-content\/uploads\/2022\/11\/oracao-do-dia-03-de-novembro.jpg","datePublished":"2022-11-03T04:00:00+00:00","author":{"@id":"https:\/\/www.oracaoefe.com\/#\/schema\/person\/17283c669442cf005c4d5bb58adfb7f5"},"description":"Dieu a une parole de vie pour vous !","breadcrumb":{"@id":"https:\/\/www.oracaoefe.com\/oracao-para-comecar-o-dia-foco-no-trabalho\/#breadcrumb"},"inLanguage":"fr-FR","potentialAction":[{"@type":"ReadAction","target":["https:\/\/www.oracaoefe.com\/oracao-para-comecar-o-dia-foco-no-trabalho\/"]}]},{"@type":"ImageObject","inLanguage":"fr-FR","@id":"https:\/\/www.oracaoefe.com\/oracao-para-comecar-o-dia-foco-no-trabalho\/#primaryimage","url":"https:\/\/www.oracaoefe.com\/wp-content\/uploads\/2022\/11\/oracao-do-dia-03-de-novembro.jpg","contentUrl":"https:\/\/www.oracaoefe.com\/wp-content\/uploads\/2022\/11\/oracao-do-dia-03-de-novembro.jpg","width":1280,"height":784,"caption":"Imagem: Pixabay - Reprodu\u00e7\u00e3o"},{"@type":"BreadcrumbList","@id":"https:\/\/www.oracaoefe.com\/oracao-para-comecar-o-dia-foco-no-trabalho\/#breadcrumb","itemListElement":[{"@type":"ListItem","position":1,"name":"Home","item":"https:\/\/www.oracaoefe.com\/"},{"@type":"ListItem","position":2,"name":"Ora\u00e7\u00e3o","item":"https:\/\/www.oracaoefe.com\/category\/oracao\/"},{"@type":"ListItem","position":3,"name":"Ora\u00e7\u00e3o para come\u00e7ar o dia: Foco no trabalho!"}]},{"@type":"WebSite","@id":"https:\/\/www.oracaoefe.com\/#website","url":"https:\/\/www.oracaoefe.com\/","name":"Pri\u00e8re et foi","description":"","potentialAction":[{"@type":"SearchAction","target":{"@type":"EntryPoint","urlTemplate":"https:\/\/www.oracaoefe.com\/?s={search_term_string}"},"query-input":{"@type":"PropertyValueSpecification","valueRequired":true,"valueName":"search_term_string"}}],"inLanguage":"fr-FR"},{"@type":"Person","@id":"https:\/\/www.oracaoefe.com\/#\/schema\/person\/17283c669442cf005c4d5bb58adfb7f5","name":"Michele Azevedo","image":{"@type":"ImageObject","inLanguage":"fr-FR","@id":"https:\/\/secure.gravatar.com\/avatar\/6b0eb9d22841282815e2cd856a0061c45e1761cd54b22e952d98c4746939aa85?s=96&d=mm&r=g","url":"https:\/\/secure.gravatar.com\/avatar\/6b0eb9d22841282815e2cd856a0061c45e1761cd54b22e952d98c4746939aa85?s=96&d=mm&r=g","contentUrl":"https:\/\/secure.gravatar.com\/avatar\/6b0eb9d22841282815e2cd856a0061c45e1761cd54b22e952d98c4746939aa85?s=96&d=mm&r=g","caption":"Michele Azevedo"},"description":"Dipl\u00f4m\u00e9e en litt\u00e9rature portugaise\/anglaise de l&#039;Universit\u00e9 d&#039;\u00c9tat de Ponta Grossa (UEPG), avec des dipl\u00f4mes de troisi\u00e8me cycle en art dans l&#039;\u00e9ducation (FAPI) et en psychop\u00e9dagogie scolaire (FAPI), elle est la cr\u00e9atrice et propri\u00e9taire du site web Escritora de Sucesso, a de l&#039;exp\u00e9rience dans l&#039;\u00e9criture pour les blogs en g\u00e9n\u00e9ral et travaille comme r\u00e9dactrice et \u00e9ditrice du contenu pour Ora\u00e7\u00e3o e F\u00e9.","url":"https:\/\/www.oracaoefe.com\/fr\/author\/michele-azevedo\/"}]}},"_links":{"self":[{"href":"https:\/\/www.oracaoefe.com\/fr\/wp-json\/wp\/v2\/posts\/987","targetHints":{"allow":["GET"]}}],"collection":[{"href":"https:\/\/www.oracaoefe.com\/fr\/wp-json\/wp\/v2\/posts"}],"about":[{"href":"https:\/\/www.oracaoefe.com\/fr\/wp-json\/wp\/v2\/types\/post"}],"author":[{"embeddable":true,"href":"https:\/\/www.oracaoefe.com\/fr\/wp-json\/wp\/v2\/users\/3"}],"replies":[{"embeddable":true,"href":"https:\/\/www.oracaoefe.com\/fr\/wp-json\/wp\/v2\/comments?post=987"}],"version-history":[{"count":1,"href":"https:\/\/www.oracaoefe.com\/fr\/wp-json\/wp\/v2\/posts\/987\/revisions"}],"predecessor-version":[{"id":989,"href":"https:\/\/www.oracaoefe.com\/fr\/wp-json\/wp\/v2\/posts\/987\/revisions\/989"}],"wp:featuredmedia":[{"embeddable":true,"href":"https:\/\/www.oracaoefe.com\/fr\/wp-json\/wp\/v2\/media\/988"}],"wp:attachment":[{"href":"https:\/\/www.oracaoefe.com\/fr\/wp-json\/wp\/v2\/media?parent=987"}],"wp:term":[{"taxonomy":"category","embeddable":true,"href":"https:\/\/www.oracaoefe.com\/fr\/wp-json\/wp\/v2\/categories?post=987"},{"taxonomy":"post_tag","embeddable":true,"href":"https:\/\/www.oracaoefe.com\/fr\/wp-json\/wp\/v2\/tags?post=987"}],"curies":[{"name":"wp","href":"https:\/\/api.w.org\/{rel}","templated":true}]}}