{"id":943,"date":"2022-11-01T09:19:08","date_gmt":"2022-11-01T12:19:08","guid":{"rendered":"https:\/\/www.oracaoefe.com\/?p=943"},"modified":"2022-11-01T09:19:08","modified_gmt":"2022-11-01T12:19:08","slug":"oracao-para-mudar-de-vida","status":"publish","type":"post","link":"https:\/\/www.oracaoefe.com\/fr\/oracao-para-mudar-de-vida\/","title":{"rendered":"Pri\u00e8re pour un changement de vie"},"content":{"rendered":"<div class=\"wp-block-post-date\"><time datetime=\"2022-11-01T09:19:08-03:00\">novembre 1, 2022<\/time><\/div>\n\n\n<p class=\"wp-block-paragraph\">Dieu bien-aim\u00e9, je viens ici en toute humilit\u00e9, avec tout l'amour qui rentre dans mon c\u0153ur, pour te demander dans la pri\u00e8re, de mani\u00e8re mis\u00e9ricordieuse et bienveillante, que tu fortifies, s\u00e8mes et b\u00e9nisses les conditions pour que cette b\u00e9n\u00e9diction puisse arriver sous la forme d'un changement de ma vie, toi seul est assez fort et puissant pour cela, toi seul est capable de conna\u00eetre les d\u00e9sirs de mon c\u0153ur, toi seul, mon Seigneur, mon Seigneur bien-aim\u00e9, sait combien j'ai besoin.&nbsp;<\/p>\n\n\n\n<p class=\"wp-block-paragraph\">Deus, sei que ao final de tudo isso prevalecer\u00e1 tua vontade, por isso te pe\u00e7o, quebra todo empecilho, quebra em teu nome todas as dificuldades, coloca em meu caminho pessoas justas e que acreditam na tua palavra para que possam pavimentar tudo o que eu precisar pai, por isso aqui, como teu servo, eu te pe\u00e7o, se tu me proporcionar essa ben\u00e7\u00e3o, dedicarem cada dia mais tua vontade, cada dia mais h\u00e1 obra de teu nome, de teu santo nome, me dedicarei a tua palavra e teus ensinamentos.&nbsp;<\/p>\n\n\n\n<p class=\"wp-block-paragraph\">Eu refor\u00e7o aqui meu Deus, que ao ser aben\u00e7oado com essa mudan\u00e7a de vida, eu irei me transformar em&nbsp; instrumento do Senhor, irei honr\u00e1-lo , irei usar dele uma forma de espalhar teu nome e tua palavra, al\u00e9m amado Deus, deixo aqui minha promessa de uso desse bem em pr\u00f3 da minha fam\u00edlia, que todas vezes que minha fam\u00edlia precisar eu estarei presente como um novo homem, e ainda confirmo Deus, que estarei a disposi\u00e7\u00e3o , n\u00e3o s\u00f3 da igreja mas de todos os irm\u00e3os com a presen\u00e7a de amor, para que possa retribuir essa ben\u00e7\u00e3o, mais uma vez amado pai.<\/p>\n\n\n\n<p class=\"wp-block-paragraph\">Le\u00e3o de Jud\u00e1 , sei que tu n\u00e3o precisa me provar nada, me dar nada, mas aqui Deus, por necessidade, por precis\u00e3o, te pe\u00e7o uma mudan\u00e7a de vida atrav\u00e9s tua obra, irei declarar em nome do Senhor essa compra, enxugarei minhas l\u00e1grimas de desespero em teu nome, mas sei que tu \u00e9s bom, confio no poder da tua gra\u00e7a, e que independente do que aconte\u00e7a vai ser o melhor para mim, assim como a b\u00edblia diz:&nbsp; \u201cPorque sou eu que conhe\u00e7o os planos que tenho para voc\u00eas', diz o Senhor, &#8216;planos de faz\u00ea-los prosperar e n\u00e3o de causar dano, planos de dar a voc\u00eas esperan\u00e7a e um futuro.\u201d<\/p>\n\n\n\n<p class=\"wp-block-paragraph\"><em>Jeremias 29:11 Acredito assim que tu sabes das minhas necessidades, do desejo do meu cora\u00e7\u00e3o, mas reafirmo aqui pai estar preparada para qualquer decis\u00e3o, mesmo que n\u00e3o seja do meu agrado.\u00a0<\/em><\/p>\n\n\n\n<p class=\"wp-block-paragraph\">Obrigado Deus&nbsp; por me ouvir, obrigado por ser t\u00e3o bom comigo e permitir que eu possa fazer essa ora\u00e7\u00e3o at\u00e9 final meu pai, j\u00e1 estou de cora\u00e7\u00e3o agradecido e de amor preenchido por ti, Deus , \u00fanico Deus, criador do c\u00e9u e da terra, sou seu servo e \u00fanico servo, e assim te agrade\u00e7o, e te louvo, \u201cDou gra\u00e7as a Deus, a quem sirvo com a consci\u00eancia limpa, como o serviram os meus antepassados, ao lembrar-me constantemente de voc\u00ea, noite e dia, em minhas ora\u00e7\u00f5es.<\/p>\n\n\n\n<p class=\"wp-block-paragraph\"><em>\u00a0\u00a02 Tim\u00f3teo 1:3\u201d diz a palavra, por isso antes de saber de sua decis\u00e3o j\u00e1 te agrade\u00e7o e j\u00e1 te louvo meu Pai, sou teu servo e teu senhor, e quando tiver minha gl\u00f3ria alcan\u00e7ada estarei aqui, chorando a teus p\u00e9s te agradecendo em nome nosso senhor Jesus Cristo e \u00fanico Deus, am\u00e9m.<\/em><\/p>","protected":false},"excerpt":{"rendered":"<p>Dieu bien-aim\u00e9, je viens ici en toute humilit\u00e9, avec tout l'amour qui rentre dans mon c\u0153ur, pour te demander dans la pri\u00e8re, de mani\u00e8re mis\u00e9ricordieuse et bienveillante, que tu fortifies, s\u00e8mes et b\u00e9nisses les conditions pour que cette b\u00e9n\u00e9diction puisse arriver sous la forme d'un changement de ma vie, toi seul est assez fort et puissant pour cela, toi seul est capable de conna\u00eetre les d\u00e9sirs de mon c\u0153ur, toi seul, mon Seigneur, mon Seigneur bien-aim\u00e9, sait combien j'ai besoin.\u00a0<\/p>","protected":false},"author":1,"featured_media":944,"comment_status":"open","ping_status":"closed","sticky":false,"template":"","format":"standard","meta":{"neve_meta_sidebar":"","neve_meta_container":"","neve_meta_enable_content_width":"","neve_meta_content_width":0,"neve_meta_title_alignment":"","neve_meta_author_avatar":"","neve_post_elements_order":"","neve_meta_disable_header":"","neve_meta_disable_footer":"","neve_meta_disable_title":"","footnotes":""},"categories":[2],"tags":[20,159,155],"class_list":["post-943","post","type-post","status-publish","format-standard","has-post-thumbnail","hentry","category-oracao","tag-deus","tag-mudar-de-vida","tag-oracao-2"],"yoast_head":"<!-- This site is optimized with the Yoast SEO plugin v28.4 - https:\/\/yoast.com\/product\/yoast-seo-wordpress\/ -->\n<title>Ora\u00e7\u00e3o para mudar de vida - Ora\u00e7\u00e3o e F\u00e9<\/title>\n<meta name=\"description\" content=\"Amado Deus, venho aqui com toda humildade, com todo amor que cabe em meu cora\u00e7\u00e3o, te pedir em ora\u00e7\u00e3o, de forma misericordiosa e...\" \/>\n<meta name=\"robots\" content=\"index, follow, max-snippet:-1, max-image-preview:large, max-video-preview:-1\" \/>\n<link rel=\"canonical\" href=\"https:\/\/www.oracaoefe.com\/fr\/oracao-para-mudar-de-vida\/\" \/>\n<meta property=\"og:locale\" content=\"fr_FR\" \/>\n<meta property=\"og:type\" content=\"article\" \/>\n<meta property=\"og:title\" content=\"Ora\u00e7\u00e3o para mudar de vida - Ora\u00e7\u00e3o e F\u00e9\" \/>\n<meta property=\"og:description\" content=\"Amado Deus, venho aqui com toda humildade, com todo amor que cabe em meu cora\u00e7\u00e3o, te pedir em ora\u00e7\u00e3o, de forma misericordiosa e...\" \/>\n<meta property=\"og:url\" content=\"https:\/\/www.oracaoefe.com\/fr\/oracao-para-mudar-de-vida\/\" \/>\n<meta property=\"og:site_name\" content=\"Ora\u00e7\u00e3o e F\u00e9\" \/>\n<meta property=\"article:published_time\" content=\"2022-11-01T12:19:08+00:00\" \/>\n<meta property=\"og:image\" content=\"https:\/\/www.oracaoefe.com\/wp-content\/uploads\/2022\/11\/THUMB-SITE.jpg\" \/>\n\t<meta property=\"og:image:width\" content=\"1200\" \/>\n\t<meta property=\"og:image:height\" content=\"675\" \/>\n\t<meta property=\"og:image:type\" content=\"image\/jpeg\" \/>\n<meta name=\"author\" content=\"Maria\" \/>\n<meta name=\"twitter:card\" content=\"summary_large_image\" \/>\n<meta name=\"twitter:label1\" content=\"\u00c9crit par\" \/>\n\t<meta name=\"twitter:data1\" content=\"Maria\" \/>\n\t<meta name=\"twitter:label2\" content=\"Dur\u00e9e de lecture estim\u00e9e\" \/>\n\t<meta name=\"twitter:data2\" content=\"3 minutes\" \/>\n<script type=\"application\/ld+json\" class=\"yoast-schema-graph\">{\"@context\":\"https:\\\/\\\/schema.org\",\"@graph\":[{\"@type\":\"Article\",\"@id\":\"https:\\\/\\\/www.oracaoefe.com\\\/oracao-para-mudar-de-vida\\\/#article\",\"isPartOf\":{\"@id\":\"https:\\\/\\\/www.oracaoefe.com\\\/oracao-para-mudar-de-vida\\\/\"},\"author\":{\"name\":\"Maria\",\"@id\":\"https:\\\/\\\/www.oracaoefe.com\\\/#\\\/schema\\\/person\\\/27873f1e6043866689f5091b5139f23d\"},\"headline\":\"Ora\u00e7\u00e3o para mudar de vida\",\"datePublished\":\"2022-11-01T12:19:08+00:00\",\"mainEntityOfPage\":{\"@id\":\"https:\\\/\\\/www.oracaoefe.com\\\/oracao-para-mudar-de-vida\\\/\"},\"wordCount\":601,\"commentCount\":0,\"image\":{\"@id\":\"https:\\\/\\\/www.oracaoefe.com\\\/oracao-para-mudar-de-vida\\\/#primaryimage\"},\"thumbnailUrl\":\"https:\\\/\\\/www.oracaoefe.com\\\/wp-content\\\/uploads\\\/2022\\\/11\\\/THUMB-SITE.jpg\",\"keywords\":[\"Deus\",\"mudar de vida\",\"oracao\"],\"articleSection\":[\"Ora\u00e7\u00e3o\"],\"inLanguage\":\"fr-FR\",\"potentialAction\":[{\"@type\":\"CommentAction\",\"name\":\"Comment\",\"target\":[\"https:\\\/\\\/www.oracaoefe.com\\\/oracao-para-mudar-de-vida\\\/#respond\"]}]},{\"@type\":\"WebPage\",\"@id\":\"https:\\\/\\\/www.oracaoefe.com\\\/oracao-para-mudar-de-vida\\\/\",\"url\":\"https:\\\/\\\/www.oracaoefe.com\\\/oracao-para-mudar-de-vida\\\/\",\"name\":\"Ora\u00e7\u00e3o para mudar de vida - Ora\u00e7\u00e3o e F\u00e9\",\"isPartOf\":{\"@id\":\"https:\\\/\\\/www.oracaoefe.com\\\/#website\"},\"primaryImageOfPage\":{\"@id\":\"https:\\\/\\\/www.oracaoefe.com\\\/oracao-para-mudar-de-vida\\\/#primaryimage\"},\"image\":{\"@id\":\"https:\\\/\\\/www.oracaoefe.com\\\/oracao-para-mudar-de-vida\\\/#primaryimage\"},\"thumbnailUrl\":\"https:\\\/\\\/www.oracaoefe.com\\\/wp-content\\\/uploads\\\/2022\\\/11\\\/THUMB-SITE.jpg\",\"datePublished\":\"2022-11-01T12:19:08+00:00\",\"author\":{\"@id\":\"https:\\\/\\\/www.oracaoefe.com\\\/#\\\/schema\\\/person\\\/27873f1e6043866689f5091b5139f23d\"},\"description\":\"Amado Deus, venho aqui com toda humildade, com todo amor que cabe em meu cora\u00e7\u00e3o, te pedir em ora\u00e7\u00e3o, de forma misericordiosa e...\",\"breadcrumb\":{\"@id\":\"https:\\\/\\\/www.oracaoefe.com\\\/oracao-para-mudar-de-vida\\\/#breadcrumb\"},\"inLanguage\":\"fr-FR\",\"potentialAction\":[{\"@type\":\"ReadAction\",\"target\":[\"https:\\\/\\\/www.oracaoefe.com\\\/oracao-para-mudar-de-vida\\\/\"]}]},{\"@type\":\"ImageObject\",\"inLanguage\":\"fr-FR\",\"@id\":\"https:\\\/\\\/www.oracaoefe.com\\\/oracao-para-mudar-de-vida\\\/#primaryimage\",\"url\":\"https:\\\/\\\/www.oracaoefe.com\\\/wp-content\\\/uploads\\\/2022\\\/11\\\/THUMB-SITE.jpg\",\"contentUrl\":\"https:\\\/\\\/www.oracaoefe.com\\\/wp-content\\\/uploads\\\/2022\\\/11\\\/THUMB-SITE.jpg\",\"width\":1200,\"height\":675},{\"@type\":\"BreadcrumbList\",\"@id\":\"https:\\\/\\\/www.oracaoefe.com\\\/oracao-para-mudar-de-vida\\\/#breadcrumb\",\"itemListElement\":[{\"@type\":\"ListItem\",\"position\":1,\"name\":\"Home\",\"item\":\"https:\\\/\\\/www.oracaoefe.com\\\/\"},{\"@type\":\"ListItem\",\"position\":2,\"name\":\"Ora\u00e7\u00e3o\",\"item\":\"https:\\\/\\\/www.oracaoefe.com\\\/category\\\/oracao\\\/\"},{\"@type\":\"ListItem\",\"position\":3,\"name\":\"Ora\u00e7\u00e3o para mudar de vida\"}]},{\"@type\":\"WebSite\",\"@id\":\"https:\\\/\\\/www.oracaoefe.com\\\/#website\",\"url\":\"https:\\\/\\\/www.oracaoefe.com\\\/\",\"name\":\"Ora\u00e7\u00e3o e F\u00e9\",\"description\":\"\",\"potentialAction\":[{\"@type\":\"SearchAction\",\"target\":{\"@type\":\"EntryPoint\",\"urlTemplate\":\"https:\\\/\\\/www.oracaoefe.com\\\/?s={search_term_string}\"},\"query-input\":{\"@type\":\"PropertyValueSpecification\",\"valueRequired\":true,\"valueName\":\"search_term_string\"}}],\"inLanguage\":\"fr-FR\"},{\"@type\":\"Person\",\"@id\":\"https:\\\/\\\/www.oracaoefe.com\\\/#\\\/schema\\\/person\\\/27873f1e6043866689f5091b5139f23d\",\"name\":\"Maria\",\"image\":{\"@type\":\"ImageObject\",\"inLanguage\":\"fr-FR\",\"@id\":\"https:\\\/\\\/secure.gravatar.com\\\/avatar\\\/4cac5ea56d40d599bd7348d330a83b1c84cd229296d1613cd1c7f6740561d0c9?s=96&d=mm&r=g\",\"url\":\"https:\\\/\\\/secure.gravatar.com\\\/avatar\\\/4cac5ea56d40d599bd7348d330a83b1c84cd229296d1613cd1c7f6740561d0c9?s=96&d=mm&r=g\",\"contentUrl\":\"https:\\\/\\\/secure.gravatar.com\\\/avatar\\\/4cac5ea56d40d599bd7348d330a83b1c84cd229296d1613cd1c7f6740561d0c9?s=96&d=mm&r=g\",\"caption\":\"Maria\"},\"description\":\"Meu nome \u00e9 Maria e sou apaixonada por teologia, espiritualidade e estudos religiosos. H\u00e1 mais de 5 anos escrevo sobre o universo da f\u00e9, pesquisando diferentes religi\u00f5es, doutrinas, tradi\u00e7\u00f5es espirituais e curiosidades religiosas ao redor do mundo. Tenho grande interesse em compreender como a f\u00e9 e a religiosidade se manifestam em diferentes culturas, pa\u00edses e idiomas, sempre buscando aprender mais sobre os costumes, cren\u00e7as e hist\u00f3rias que influenciam milh\u00f5es de pessoas diariamente. Atualmente, atuo como redatora no portal Ora\u00e7\u00e3o e F\u00e9, onde compartilho conte\u00fados informativos, reflexivos e inspiradores voltados ao universo religioso e espiritual. Meu objetivo \u00e9 levar conhecimento, curiosidades e mensagens enriquecedoras para leitores que desejam aprofundar sua compreens\u00e3o sobre f\u00e9, religi\u00e3o e espiritualidade no mundo moderno.\",\"sameAs\":[\"https:\\\/\\\/www.oracaoefe.com\"],\"url\":\"https:\\\/\\\/www.oracaoefe.com\\\/fr\\\/author\\\/admin\\\/\"}]}<\/script>\n<!-- \/ Yoast SEO plugin. -->","yoast_head_json":{"title":"Ora\u00e7\u00e3o para mudar de vida - Ora\u00e7\u00e3o e F\u00e9","description":"Amado Deus, venho aqui com toda humildade, com todo amor que cabe em meu cora\u00e7\u00e3o, te pedir em ora\u00e7\u00e3o, de forma misericordiosa e...","robots":{"index":"index","follow":"follow","max-snippet":"max-snippet:-1","max-image-preview":"max-image-preview:large","max-video-preview":"max-video-preview:-1"},"canonical":"https:\/\/www.oracaoefe.com\/fr\/oracao-para-mudar-de-vida\/","og_locale":"fr_FR","og_type":"article","og_title":"Ora\u00e7\u00e3o para mudar de vida - Ora\u00e7\u00e3o e F\u00e9","og_description":"Amado Deus, venho aqui com toda humildade, com todo amor que cabe em meu cora\u00e7\u00e3o, te pedir em ora\u00e7\u00e3o, de forma misericordiosa e...","og_url":"https:\/\/www.oracaoefe.com\/fr\/oracao-para-mudar-de-vida\/","og_site_name":"Ora\u00e7\u00e3o e F\u00e9","article_published_time":"2022-11-01T12:19:08+00:00","og_image":[{"width":1200,"height":675,"url":"https:\/\/www.oracaoefe.com\/wp-content\/uploads\/2022\/11\/THUMB-SITE.jpg","type":"image\/jpeg"}],"author":"Maria","twitter_card":"summary_large_image","twitter_misc":{"\u00c9crit par":"Maria","Dur\u00e9e de lecture estim\u00e9e":"3 minutes"},"schema":{"@context":"https:\/\/schema.org","@graph":[{"@type":"Article","@id":"https:\/\/www.oracaoefe.com\/oracao-para-mudar-de-vida\/#article","isPartOf":{"@id":"https:\/\/www.oracaoefe.com\/oracao-para-mudar-de-vida\/"},"author":{"name":"Maria","@id":"https:\/\/www.oracaoefe.com\/#\/schema\/person\/27873f1e6043866689f5091b5139f23d"},"headline":"Ora\u00e7\u00e3o para mudar de vida","datePublished":"2022-11-01T12:19:08+00:00","mainEntityOfPage":{"@id":"https:\/\/www.oracaoefe.com\/oracao-para-mudar-de-vida\/"},"wordCount":601,"commentCount":0,"image":{"@id":"https:\/\/www.oracaoefe.com\/oracao-para-mudar-de-vida\/#primaryimage"},"thumbnailUrl":"https:\/\/www.oracaoefe.com\/wp-content\/uploads\/2022\/11\/THUMB-SITE.jpg","keywords":["Deus","mudar de vida","oracao"],"articleSection":["Ora\u00e7\u00e3o"],"inLanguage":"fr-FR","potentialAction":[{"@type":"CommentAction","name":"Comment","target":["https:\/\/www.oracaoefe.com\/oracao-para-mudar-de-vida\/#respond"]}]},{"@type":"WebPage","@id":"https:\/\/www.oracaoefe.com\/oracao-para-mudar-de-vida\/","url":"https:\/\/www.oracaoefe.com\/oracao-para-mudar-de-vida\/","name":"Ora\u00e7\u00e3o para mudar de vida - Ora\u00e7\u00e3o e F\u00e9","isPartOf":{"@id":"https:\/\/www.oracaoefe.com\/#website"},"primaryImageOfPage":{"@id":"https:\/\/www.oracaoefe.com\/oracao-para-mudar-de-vida\/#primaryimage"},"image":{"@id":"https:\/\/www.oracaoefe.com\/oracao-para-mudar-de-vida\/#primaryimage"},"thumbnailUrl":"https:\/\/www.oracaoefe.com\/wp-content\/uploads\/2022\/11\/THUMB-SITE.jpg","datePublished":"2022-11-01T12:19:08+00:00","author":{"@id":"https:\/\/www.oracaoefe.com\/#\/schema\/person\/27873f1e6043866689f5091b5139f23d"},"description":"Amado Deus, venho aqui com toda humildade, com todo amor que cabe em meu cora\u00e7\u00e3o, te pedir em ora\u00e7\u00e3o, de forma misericordiosa e...","breadcrumb":{"@id":"https:\/\/www.oracaoefe.com\/oracao-para-mudar-de-vida\/#breadcrumb"},"inLanguage":"fr-FR","potentialAction":[{"@type":"ReadAction","target":["https:\/\/www.oracaoefe.com\/oracao-para-mudar-de-vida\/"]}]},{"@type":"ImageObject","inLanguage":"fr-FR","@id":"https:\/\/www.oracaoefe.com\/oracao-para-mudar-de-vida\/#primaryimage","url":"https:\/\/www.oracaoefe.com\/wp-content\/uploads\/2022\/11\/THUMB-SITE.jpg","contentUrl":"https:\/\/www.oracaoefe.com\/wp-content\/uploads\/2022\/11\/THUMB-SITE.jpg","width":1200,"height":675},{"@type":"BreadcrumbList","@id":"https:\/\/www.oracaoefe.com\/oracao-para-mudar-de-vida\/#breadcrumb","itemListElement":[{"@type":"ListItem","position":1,"name":"Home","item":"https:\/\/www.oracaoefe.com\/"},{"@type":"ListItem","position":2,"name":"Ora\u00e7\u00e3o","item":"https:\/\/www.oracaoefe.com\/category\/oracao\/"},{"@type":"ListItem","position":3,"name":"Ora\u00e7\u00e3o para mudar de vida"}]},{"@type":"WebSite","@id":"https:\/\/www.oracaoefe.com\/#website","url":"https:\/\/www.oracaoefe.com\/","name":"Pri\u00e8re et foi","description":"","potentialAction":[{"@type":"SearchAction","target":{"@type":"EntryPoint","urlTemplate":"https:\/\/www.oracaoefe.com\/?s={search_term_string}"},"query-input":{"@type":"PropertyValueSpecification","valueRequired":true,"valueName":"search_term_string"}}],"inLanguage":"fr-FR"},{"@type":"Person","@id":"https:\/\/www.oracaoefe.com\/#\/schema\/person\/27873f1e6043866689f5091b5139f23d","name":"Maria","image":{"@type":"ImageObject","inLanguage":"fr-FR","@id":"https:\/\/secure.gravatar.com\/avatar\/4cac5ea56d40d599bd7348d330a83b1c84cd229296d1613cd1c7f6740561d0c9?s=96&d=mm&r=g","url":"https:\/\/secure.gravatar.com\/avatar\/4cac5ea56d40d599bd7348d330a83b1c84cd229296d1613cd1c7f6740561d0c9?s=96&d=mm&r=g","contentUrl":"https:\/\/secure.gravatar.com\/avatar\/4cac5ea56d40d599bd7348d330a83b1c84cd229296d1613cd1c7f6740561d0c9?s=96&d=mm&r=g","caption":"Maria"},"description":"Meu nome \u00e9 Maria e sou apaixonada por teologia, espiritualidade e estudos religiosos. H\u00e1 mais de 5 anos escrevo sobre o universo da f\u00e9, pesquisando diferentes religi\u00f5es, doutrinas, tradi\u00e7\u00f5es espirituais e curiosidades religiosas ao redor do mundo. Tenho grande interesse em compreender como a f\u00e9 e a religiosidade se manifestam em diferentes culturas, pa\u00edses e idiomas, sempre buscando aprender mais sobre os costumes, cren\u00e7as e hist\u00f3rias que influenciam milh\u00f5es de pessoas diariamente. Atualmente, atuo como redatora no portal Ora\u00e7\u00e3o e F\u00e9, onde compartilho conte\u00fados informativos, reflexivos e inspiradores voltados ao universo religioso e espiritual. Meu objetivo \u00e9 levar conhecimento, curiosidades e mensagens enriquecedoras para leitores que desejam aprofundar sua compreens\u00e3o sobre f\u00e9, religi\u00e3o e espiritualidade no mundo moderno.","sameAs":["https:\/\/www.oracaoefe.com"],"url":"https:\/\/www.oracaoefe.com\/fr\/author\/admin\/"}]}},"_links":{"self":[{"href":"https:\/\/www.oracaoefe.com\/fr\/wp-json\/wp\/v2\/posts\/943","targetHints":{"allow":["GET"]}}],"collection":[{"href":"https:\/\/www.oracaoefe.com\/fr\/wp-json\/wp\/v2\/posts"}],"about":[{"href":"https:\/\/www.oracaoefe.com\/fr\/wp-json\/wp\/v2\/types\/post"}],"author":[{"embeddable":true,"href":"https:\/\/www.oracaoefe.com\/fr\/wp-json\/wp\/v2\/users\/1"}],"replies":[{"embeddable":true,"href":"https:\/\/www.oracaoefe.com\/fr\/wp-json\/wp\/v2\/comments?post=943"}],"version-history":[{"count":1,"href":"https:\/\/www.oracaoefe.com\/fr\/wp-json\/wp\/v2\/posts\/943\/revisions"}],"predecessor-version":[{"id":945,"href":"https:\/\/www.oracaoefe.com\/fr\/wp-json\/wp\/v2\/posts\/943\/revisions\/945"}],"wp:featuredmedia":[{"embeddable":true,"href":"https:\/\/www.oracaoefe.com\/fr\/wp-json\/wp\/v2\/media\/944"}],"wp:attachment":[{"href":"https:\/\/www.oracaoefe.com\/fr\/wp-json\/wp\/v2\/media?parent=943"}],"wp:term":[{"taxonomy":"category","embeddable":true,"href":"https:\/\/www.oracaoefe.com\/fr\/wp-json\/wp\/v2\/categories?post=943"},{"taxonomy":"post_tag","embeddable":true,"href":"https:\/\/www.oracaoefe.com\/fr\/wp-json\/wp\/v2\/tags?post=943"}],"curies":[{"name":"wp","href":"https:\/\/api.w.org\/{rel}","templated":true}]}}