{"id":932,"date":"2022-04-30T14:34:00","date_gmt":"2022-04-30T17:34:00","guid":{"rendered":"https:\/\/www.oracaoefe.com\/?p=932"},"modified":"2022-11-02T20:33:48","modified_gmt":"2022-11-02T23:33:48","slug":"conecte-se-com-seus-irmaos-de-fe-no-whatsapp","status":"publish","type":"post","link":"https:\/\/www.oracaoefe.com\/fr\/conecte-se-com-seus-irmaos-de-fe-no-whatsapp\/","title":{"rendered":"Restez en contact avec vos fr\u00e8res et s\u0153urs dans la foi sur WhatsApp !"},"content":{"rendered":"<p class=\"wp-block-paragraph\">Agora que voc\u00ea j\u00e1 preencheu seu cadastro, que tal se conectar com pessoas da mesma f\u00e9 que a sua? No WhatsApp, tamb\u00e9m compartilhamos uma ben\u00e7\u00e3o di\u00e1ria do aplicativo da B\u00edblia, diariamente!<\/p>\n\n\n\n<p class=\"wp-block-paragraph\">Estar entre pessoas com a mesma f\u00e9 \u00e9 poderoso! Isso te ajuda a nunca desistir, pois todos a sua volta tamb\u00e9m sabem que isso n\u00e3o \u00e9 uma op\u00e7\u00e3o! Todos t\u00eam em mente que Deus faz acontecer tudo na hora certa!<\/p>\n\n\n\n<div class=\"wp-block-buttons is-horizontal is-content-justification-center is-layout-flex wp-container-core-buttons-is-layout-7d812b4c wp-block-buttons-is-layout-flex\">\n<div class=\"wp-block-button\"><a class=\"wp-block-button__link has-black-color has-text-color has-background\" href=\"https:\/\/chat.whatsapp.com\/JuKeCE4aLZMFJDvk1A61Hm\" style=\"background:linear-gradient(2deg,rgb(114,211,58) 64%,rgb(13,174,69) 100%)\"><strong>ACESSAR GRUPO<\/strong><\/a><\/div>\n<\/div>\n\n\n\n<p class=\"wp-block-paragraph\">Fora dos c\u00edrculos da Igreja, n\u00e3o \u00e9 incomum nos encontrarmos entre a pedra e a dureza em discuss\u00f5es que nos levam a falar ou defender nossa f\u00e9. Boa parte das nossas justificativas e motivos para evangelizar ou pedir desculpas vem da teologia, da filosofia ou, no melhor dos casos, de uma hist\u00f3ria vivida por outra pessoa.<\/p>\n\n\n\n<p class=\"wp-block-paragraph\">Nossa inten\u00e7\u00e3o sempre foi oferecer ferramentas que nos permitam viver nossa f\u00e9 da forma mais natural poss\u00edvel. Por isso, estar em um c\u00edrculo de pessoas que compartilham da mesma f\u00e9 torna seus dias mais leves.<\/p>\n\n\n\n<p class=\"wp-block-paragraph\">Um evangelizador \u00e9 um tradutor. Jesus explicou os grandes mist\u00e9rios da f\u00e9 usando id\u00e9ias muito simples que ele expressou em forma de par\u00e1bolas. A Igreja nos ensina coisas grandes e maravilhosas, mas \u00e0s vezes \u00e9 preciso um mestrado em filosofia para entender. Tente entend\u00ea-los, depois tente explic\u00e1-los usando palavras simples para fazer seus amigos quererem saber mais. Ou simplesmente, converse com pessoas que tamb\u00e9m gostam de saber mais sobre o aplicativo da B\u00edblia!<\/p>\n\n\n\n<div class=\"wp-block-buttons is-horizontal is-content-justification-center is-layout-flex wp-container-core-buttons-is-layout-7d812b4c wp-block-buttons-is-layout-flex\">\n<div class=\"wp-block-button\"><a class=\"wp-block-button__link has-black-color has-text-color has-background\" href=\"https:\/\/chat.whatsapp.com\/JuKeCE4aLZMFJDvk1A61Hm\" style=\"background:linear-gradient(2deg,rgb(114,211,58) 64%,rgb(13,174,69) 100%)\"><strong>ACESSAR GRUPO<\/strong><\/a><\/div>\n<\/div>\n\n\n\n<p class=\"wp-block-paragraph\">Santa Teresa de \u00c1vila, exasperada pelas dificuldades da vida, havia dito a Deus: \u201cSe \u00e9 assim que tratas os teus amigos, n\u00e3o admira que tenhas t\u00e3o poucos! &#8220;. A f\u00e9 n\u00e3o tem motivos para ser algo s\u00e9rio ou terr\u00edvel. Deus n\u00e3o \u00e9 uma pessoa sem senso de humor. Com humor, at\u00e9 os joelhos mais duros e duros acabam se dobrando.<\/p>\n\n\n\n<p class=\"wp-block-paragraph\">Claro que dizer que Deus existe porque o sentimos em nossos cora\u00e7\u00f5es pode fazer as pessoas sorrirem, mas temos que admitir: Deus fez algo em nossa vida, os outros devem saber, isso \u00e9 indiscut\u00edvel!<\/p>\n\n\n\n<p class=\"wp-block-paragraph\">Ningu\u00e9m pode negar o que aconteceu conosco. Ao contar nossa hist\u00f3ria, procure respeitar o ABC da testemunha perfeita: seja brincalh\u00e3o; seja breve; seja \u201ccristoc\u00eantrico\u201d. Para banir hist\u00f3rias chatas e longas que s\u00f3 falam sobre n\u00f3s. Medite e organize seu testemunho.<\/p>\n\n\n\n<div class=\"wp-block-buttons is-horizontal is-content-justification-center is-layout-flex wp-container-core-buttons-is-layout-7d812b4c wp-block-buttons-is-layout-flex\">\n<div class=\"wp-block-button\"><a class=\"wp-block-button__link has-black-color has-text-color has-background\" href=\"https:\/\/chat.whatsapp.com\/JuKeCE4aLZMFJDvk1A61Hm\" style=\"background:linear-gradient(2deg,rgb(114,211,58) 64%,rgb(13,174,69) 100%)\"><strong>ACESSAR GRUPO<\/strong><\/a><\/div>\n<\/div>\n\n\n\n<p class=\"wp-block-paragraph\">Ter um grupo com quem conversar sobre sua f\u00e9 \u00e9 sempre uma forma de estar em paz todos os dias, sabendo que sua gratid\u00e3o a Deus invade outros cora\u00e7\u00f5es tamb\u00e9m. Fa\u00e7a parte do Grupo do WhatsApp e compartilhe suas b\u00ean\u00e7\u00e3os com quem tamb\u00e9m segue o mesmo pensamento que voc\u00ea.<\/p>\n\n\n\n<p class=\"wp-block-paragraph\">Procure as &#8220;sementes de Deus&#8221;! Deus est\u00e1 sempre presente e Ele est\u00e1 em toda parte, ent\u00e3o Sua verdade est\u00e1 l\u00e1 tamb\u00e9m, no cora\u00e7\u00e3o do seu interlocutor, mesmo que ele n\u00e3o seja crente. Deus semeou, procure suas sementes, procure-as por tr\u00e1s de sua descren\u00e7a e hostilidade, escondidas em seu cora\u00e7\u00e3o cheio de argumentos racionais e l\u00f3gicos.<\/p>\n\n\n\n<p class=\"wp-block-paragraph\">Uma grande propor\u00e7\u00e3o de incr\u00e9dulos simplesmente n\u00e3o acredita porque a barreira moral \u00e9 t\u00e3o alta que eles se sentem incapazes ou sem vontade de cruz\u00e1-la, de aspirar a esse modo de vida. A exist\u00eancia de Deus \u00e9 acima de tudo amor, n\u00e3o uma lei. Mostre o Deus do Amor, n\u00e3o o Deus das Leis.<\/p>\n\n\n\n<p class=\"wp-block-paragraph\">\u00c9 por isso que, quando voc\u00ea est\u00e1 em um meio em que todos acreditam em Deus e na Sua Palavra, assim como voc\u00ea, os dias parecem mais leves e voc\u00ea sabe que pode compartilhar suas hist\u00f3rias sem nenhum tipo de receio.<\/p>\n\n\n\n<div class=\"wp-block-buttons is-horizontal is-content-justification-center is-layout-flex wp-container-core-buttons-is-layout-7d812b4c wp-block-buttons-is-layout-flex\">\n<div class=\"wp-block-button\"><a class=\"wp-block-button__link has-black-color has-text-color has-background\" href=\"https:\/\/chat.whatsapp.com\/JuKeCE4aLZMFJDvk1A61Hm\" style=\"background:linear-gradient(2deg,rgb(114,211,58) 64%,rgb(13,174,69) 100%)\"><strong>ACESSAR GRUPO<\/strong><\/a><\/div>\n<\/div>\n\n\n\n<p class=\"wp-block-paragraph\">Viva sua f\u00e9 todos os dias! Nosso argumento mais convincente \u00e9 acreditar com convic\u00e7\u00e3o. Convencidos a ponto de buscar viver dia ap\u00f3s dia aquilo em que afirmamos acreditar.<\/p>\n\n\n\n<p class=\"wp-block-paragraph\">\u00c9 porque Abra\u00e3o creu nas palavras de Deus que ele se tornou amigo de Deus. Que privil\u00e9gio! Mas na verdade \u00e9 uma escolha! Podemos fazer a escolha de nos tornarmos amigos de Deus! Deus quer ser seu amigo! Voc\u00ea deve aceitar a Palavra de Deus como a autoridade suprema que dirige sua vida. Ser\u00e1 a Palavra de Deus que ir\u00e1 direcionar voc\u00ea, n\u00e3o importa o que as pessoas digam, voc\u00ea escolher\u00e1 ACREDITAR na Sua Palavra.<\/p>\n\n\n\n<p class=\"wp-block-paragraph\">E que tal ter amigos ao seu redor que possam compartilhar das mesmas ideias? Fa\u00e7a parte do Grupo do WhatsApp pelo aplicativo da B\u00edblia e sinta-se parte de la\u00e7os de muita f\u00e9!<\/p>","protected":false},"excerpt":{"rendered":"<p>Agora que voc\u00ea j\u00e1 preencheu seu cadastro, que tal se conectar com pessoas da mesma f\u00e9 que a sua? No WhatsApp, tamb\u00e9m compartilhamos uma ben\u00e7\u00e3o di\u00e1ria do aplicativo da B\u00edblia, diariamente!<\/p>","protected":false},"author":1,"featured_media":934,"comment_status":"open","ping_status":"open","sticky":false,"template":"","format":"standard","meta":{"neve_meta_sidebar":"","neve_meta_container":"","neve_meta_enable_content_width":"","neve_meta_content_width":0,"neve_meta_title_alignment":"","neve_meta_author_avatar":"","neve_post_elements_order":"","neve_meta_disable_header":"","neve_meta_disable_footer":"","neve_meta_disable_title":"","footnotes":""},"categories":[1],"tags":[],"class_list":["post-932","post","type-post","status-publish","format-standard","has-post-thumbnail","hentry","category-curiosidades"],"yoast_head":"<!-- This site is optimized with the Yoast SEO plugin v28.4 - https:\/\/yoast.com\/product\/yoast-seo-wordpress\/ -->\n<title>Conecte-se com seus irm\u00e3os de f\u00e9 no WhatsApp! - Ora\u00e7\u00e3o e F\u00e9<\/title>\n<meta name=\"description\" content=\"Agora que voc\u00ea j\u00e1 preencheu seu cadastro, que tal se conectar com pessoas da mesma f\u00e9 que a sua? No WhatsApp, tamb\u00e9m compartilhamos uma ben\u00e7\u00e3o di\u00e1ria do aplicativo da B\u00edblia, diariamente!\" \/>\n<meta name=\"robots\" content=\"index, follow, max-snippet:-1, max-image-preview:large, max-video-preview:-1\" \/>\n<link rel=\"canonical\" href=\"https:\/\/www.oracaoefe.com\/fr\/conecte-se-com-seus-irmaos-de-fe-no-whatsapp\/\" \/>\n<meta property=\"og:locale\" content=\"fr_FR\" \/>\n<meta property=\"og:type\" content=\"article\" \/>\n<meta property=\"og:title\" content=\"Conecte-se com seus irm\u00e3os de f\u00e9 no WhatsApp! - Ora\u00e7\u00e3o e F\u00e9\" \/>\n<meta property=\"og:description\" content=\"Agora que voc\u00ea j\u00e1 preencheu seu cadastro, que tal se conectar com pessoas da mesma f\u00e9 que a sua? No WhatsApp, tamb\u00e9m compartilhamos uma ben\u00e7\u00e3o di\u00e1ria do aplicativo da B\u00edblia, diariamente!\" \/>\n<meta property=\"og:url\" content=\"https:\/\/www.oracaoefe.com\/fr\/conecte-se-com-seus-irmaos-de-fe-no-whatsapp\/\" \/>\n<meta property=\"og:site_name\" content=\"Ora\u00e7\u00e3o e F\u00e9\" \/>\n<meta property=\"article:published_time\" content=\"2022-04-30T17:34:00+00:00\" \/>\n<meta property=\"article:modified_time\" content=\"2022-11-02T23:33:48+00:00\" \/>\n<meta property=\"og:image\" content=\"https:\/\/www.oracaoefe.com\/wp-content\/uploads\/2022\/10\/GRUPO-BENCAO-DIARIA.png\" \/>\n\t<meta property=\"og:image:width\" content=\"1200\" \/>\n\t<meta property=\"og:image:height\" content=\"675\" \/>\n\t<meta property=\"og:image:type\" content=\"image\/png\" \/>\n<meta name=\"author\" content=\"Maria\" \/>\n<meta name=\"twitter:card\" content=\"summary_large_image\" \/>\n<meta name=\"twitter:label1\" content=\"\u00c9crit par\" \/>\n\t<meta name=\"twitter:data1\" content=\"Maria\" \/>\n\t<meta name=\"twitter:label2\" content=\"Dur\u00e9e de lecture estim\u00e9e\" \/>\n\t<meta name=\"twitter:data2\" content=\"4 minutes\" \/>\n<script type=\"application\/ld+json\" class=\"yoast-schema-graph\">{\"@context\":\"https:\\\/\\\/schema.org\",\"@graph\":[{\"@type\":\"Article\",\"@id\":\"https:\\\/\\\/www.oracaoefe.com\\\/conecte-se-com-seus-irmaos-de-fe-no-whatsapp\\\/#article\",\"isPartOf\":{\"@id\":\"https:\\\/\\\/www.oracaoefe.com\\\/conecte-se-com-seus-irmaos-de-fe-no-whatsapp\\\/\"},\"author\":{\"name\":\"Maria\",\"@id\":\"https:\\\/\\\/www.oracaoefe.com\\\/#\\\/schema\\\/person\\\/27873f1e6043866689f5091b5139f23d\"},\"headline\":\"Conecte-se com seus irm\u00e3os de f\u00e9 no WhatsApp!\",\"datePublished\":\"2022-04-30T17:34:00+00:00\",\"dateModified\":\"2022-11-02T23:33:48+00:00\",\"mainEntityOfPage\":{\"@id\":\"https:\\\/\\\/www.oracaoefe.com\\\/conecte-se-com-seus-irmaos-de-fe-no-whatsapp\\\/\"},\"wordCount\":772,\"commentCount\":0,\"image\":{\"@id\":\"https:\\\/\\\/www.oracaoefe.com\\\/conecte-se-com-seus-irmaos-de-fe-no-whatsapp\\\/#primaryimage\"},\"thumbnailUrl\":\"https:\\\/\\\/www.oracaoefe.com\\\/wp-content\\\/uploads\\\/2022\\\/10\\\/GRUPO-BENCAO-DIARIA.png\",\"articleSection\":[\"Curiosidades\"],\"inLanguage\":\"fr-FR\",\"potentialAction\":[{\"@type\":\"CommentAction\",\"name\":\"Comment\",\"target\":[\"https:\\\/\\\/www.oracaoefe.com\\\/conecte-se-com-seus-irmaos-de-fe-no-whatsapp\\\/#respond\"]}]},{\"@type\":\"WebPage\",\"@id\":\"https:\\\/\\\/www.oracaoefe.com\\\/conecte-se-com-seus-irmaos-de-fe-no-whatsapp\\\/\",\"url\":\"https:\\\/\\\/www.oracaoefe.com\\\/conecte-se-com-seus-irmaos-de-fe-no-whatsapp\\\/\",\"name\":\"Conecte-se com seus irm\u00e3os de f\u00e9 no WhatsApp! - Ora\u00e7\u00e3o e F\u00e9\",\"isPartOf\":{\"@id\":\"https:\\\/\\\/www.oracaoefe.com\\\/#website\"},\"primaryImageOfPage\":{\"@id\":\"https:\\\/\\\/www.oracaoefe.com\\\/conecte-se-com-seus-irmaos-de-fe-no-whatsapp\\\/#primaryimage\"},\"image\":{\"@id\":\"https:\\\/\\\/www.oracaoefe.com\\\/conecte-se-com-seus-irmaos-de-fe-no-whatsapp\\\/#primaryimage\"},\"thumbnailUrl\":\"https:\\\/\\\/www.oracaoefe.com\\\/wp-content\\\/uploads\\\/2022\\\/10\\\/GRUPO-BENCAO-DIARIA.png\",\"datePublished\":\"2022-04-30T17:34:00+00:00\",\"dateModified\":\"2022-11-02T23:33:48+00:00\",\"author\":{\"@id\":\"https:\\\/\\\/www.oracaoefe.com\\\/#\\\/schema\\\/person\\\/27873f1e6043866689f5091b5139f23d\"},\"description\":\"Agora que voc\u00ea j\u00e1 preencheu seu cadastro, que tal se conectar com pessoas da mesma f\u00e9 que a sua? No WhatsApp, tamb\u00e9m compartilhamos uma ben\u00e7\u00e3o di\u00e1ria do aplicativo da B\u00edblia, diariamente!\",\"breadcrumb\":{\"@id\":\"https:\\\/\\\/www.oracaoefe.com\\\/conecte-se-com-seus-irmaos-de-fe-no-whatsapp\\\/#breadcrumb\"},\"inLanguage\":\"fr-FR\",\"potentialAction\":[{\"@type\":\"ReadAction\",\"target\":[\"https:\\\/\\\/www.oracaoefe.com\\\/conecte-se-com-seus-irmaos-de-fe-no-whatsapp\\\/\"]}]},{\"@type\":\"ImageObject\",\"inLanguage\":\"fr-FR\",\"@id\":\"https:\\\/\\\/www.oracaoefe.com\\\/conecte-se-com-seus-irmaos-de-fe-no-whatsapp\\\/#primaryimage\",\"url\":\"https:\\\/\\\/www.oracaoefe.com\\\/wp-content\\\/uploads\\\/2022\\\/10\\\/GRUPO-BENCAO-DIARIA.png\",\"contentUrl\":\"https:\\\/\\\/www.oracaoefe.com\\\/wp-content\\\/uploads\\\/2022\\\/10\\\/GRUPO-BENCAO-DIARIA.png\",\"width\":1200,\"height\":675},{\"@type\":\"BreadcrumbList\",\"@id\":\"https:\\\/\\\/www.oracaoefe.com\\\/conecte-se-com-seus-irmaos-de-fe-no-whatsapp\\\/#breadcrumb\",\"itemListElement\":[{\"@type\":\"ListItem\",\"position\":1,\"name\":\"Home\",\"item\":\"https:\\\/\\\/www.oracaoefe.com\\\/\"},{\"@type\":\"ListItem\",\"position\":2,\"name\":\"Curiosidades\",\"item\":\"https:\\\/\\\/www.oracaoefe.com\\\/es\\\/categoria\\\/curiosidades\\\/\"},{\"@type\":\"ListItem\",\"position\":3,\"name\":\"Conecte-se com seus irm\u00e3os de f\u00e9 no WhatsApp!\"}]},{\"@type\":\"WebSite\",\"@id\":\"https:\\\/\\\/www.oracaoefe.com\\\/#website\",\"url\":\"https:\\\/\\\/www.oracaoefe.com\\\/\",\"name\":\"Ora\u00e7\u00e3o e F\u00e9\",\"description\":\"\",\"potentialAction\":[{\"@type\":\"SearchAction\",\"target\":{\"@type\":\"EntryPoint\",\"urlTemplate\":\"https:\\\/\\\/www.oracaoefe.com\\\/?s={search_term_string}\"},\"query-input\":{\"@type\":\"PropertyValueSpecification\",\"valueRequired\":true,\"valueName\":\"search_term_string\"}}],\"inLanguage\":\"fr-FR\"},{\"@type\":\"Person\",\"@id\":\"https:\\\/\\\/www.oracaoefe.com\\\/#\\\/schema\\\/person\\\/27873f1e6043866689f5091b5139f23d\",\"name\":\"Maria\",\"image\":{\"@type\":\"ImageObject\",\"inLanguage\":\"fr-FR\",\"@id\":\"https:\\\/\\\/secure.gravatar.com\\\/avatar\\\/4cac5ea56d40d599bd7348d330a83b1c84cd229296d1613cd1c7f6740561d0c9?s=96&d=mm&r=g\",\"url\":\"https:\\\/\\\/secure.gravatar.com\\\/avatar\\\/4cac5ea56d40d599bd7348d330a83b1c84cd229296d1613cd1c7f6740561d0c9?s=96&d=mm&r=g\",\"contentUrl\":\"https:\\\/\\\/secure.gravatar.com\\\/avatar\\\/4cac5ea56d40d599bd7348d330a83b1c84cd229296d1613cd1c7f6740561d0c9?s=96&d=mm&r=g\",\"caption\":\"Maria\"},\"description\":\"Meu nome \u00e9 Maria e sou apaixonada por teologia, espiritualidade e estudos religiosos. H\u00e1 mais de 5 anos escrevo sobre o universo da f\u00e9, pesquisando diferentes religi\u00f5es, doutrinas, tradi\u00e7\u00f5es espirituais e curiosidades religiosas ao redor do mundo. Tenho grande interesse em compreender como a f\u00e9 e a religiosidade se manifestam em diferentes culturas, pa\u00edses e idiomas, sempre buscando aprender mais sobre os costumes, cren\u00e7as e hist\u00f3rias que influenciam milh\u00f5es de pessoas diariamente. Atualmente, atuo como redatora no portal Ora\u00e7\u00e3o e F\u00e9, onde compartilho conte\u00fados informativos, reflexivos e inspiradores voltados ao universo religioso e espiritual. Meu objetivo \u00e9 levar conhecimento, curiosidades e mensagens enriquecedoras para leitores que desejam aprofundar sua compreens\u00e3o sobre f\u00e9, religi\u00e3o e espiritualidade no mundo moderno.\",\"sameAs\":[\"https:\\\/\\\/www.oracaoefe.com\"],\"url\":\"https:\\\/\\\/www.oracaoefe.com\\\/fr\\\/author\\\/admin\\\/\"}]}<\/script>\n<!-- \/ Yoast SEO plugin. -->","yoast_head_json":{"title":"Conecte-se com seus irm\u00e3os de f\u00e9 no WhatsApp! - Ora\u00e7\u00e3o e F\u00e9","description":"Agora que voc\u00ea j\u00e1 preencheu seu cadastro, que tal se conectar com pessoas da mesma f\u00e9 que a sua? No WhatsApp, tamb\u00e9m compartilhamos uma ben\u00e7\u00e3o di\u00e1ria do aplicativo da B\u00edblia, diariamente!","robots":{"index":"index","follow":"follow","max-snippet":"max-snippet:-1","max-image-preview":"max-image-preview:large","max-video-preview":"max-video-preview:-1"},"canonical":"https:\/\/www.oracaoefe.com\/fr\/conecte-se-com-seus-irmaos-de-fe-no-whatsapp\/","og_locale":"fr_FR","og_type":"article","og_title":"Conecte-se com seus irm\u00e3os de f\u00e9 no WhatsApp! - Ora\u00e7\u00e3o e F\u00e9","og_description":"Agora que voc\u00ea j\u00e1 preencheu seu cadastro, que tal se conectar com pessoas da mesma f\u00e9 que a sua? No WhatsApp, tamb\u00e9m compartilhamos uma ben\u00e7\u00e3o di\u00e1ria do aplicativo da B\u00edblia, diariamente!","og_url":"https:\/\/www.oracaoefe.com\/fr\/conecte-se-com-seus-irmaos-de-fe-no-whatsapp\/","og_site_name":"Ora\u00e7\u00e3o e F\u00e9","article_published_time":"2022-04-30T17:34:00+00:00","article_modified_time":"2022-11-02T23:33:48+00:00","og_image":[{"width":1200,"height":675,"url":"https:\/\/www.oracaoefe.com\/wp-content\/uploads\/2022\/10\/GRUPO-BENCAO-DIARIA.png","type":"image\/png"}],"author":"Maria","twitter_card":"summary_large_image","twitter_misc":{"\u00c9crit par":"Maria","Dur\u00e9e de lecture estim\u00e9e":"4 minutes"},"schema":{"@context":"https:\/\/schema.org","@graph":[{"@type":"Article","@id":"https:\/\/www.oracaoefe.com\/conecte-se-com-seus-irmaos-de-fe-no-whatsapp\/#article","isPartOf":{"@id":"https:\/\/www.oracaoefe.com\/conecte-se-com-seus-irmaos-de-fe-no-whatsapp\/"},"author":{"name":"Maria","@id":"https:\/\/www.oracaoefe.com\/#\/schema\/person\/27873f1e6043866689f5091b5139f23d"},"headline":"Conecte-se com seus irm\u00e3os de f\u00e9 no WhatsApp!","datePublished":"2022-04-30T17:34:00+00:00","dateModified":"2022-11-02T23:33:48+00:00","mainEntityOfPage":{"@id":"https:\/\/www.oracaoefe.com\/conecte-se-com-seus-irmaos-de-fe-no-whatsapp\/"},"wordCount":772,"commentCount":0,"image":{"@id":"https:\/\/www.oracaoefe.com\/conecte-se-com-seus-irmaos-de-fe-no-whatsapp\/#primaryimage"},"thumbnailUrl":"https:\/\/www.oracaoefe.com\/wp-content\/uploads\/2022\/10\/GRUPO-BENCAO-DIARIA.png","articleSection":["Curiosidades"],"inLanguage":"fr-FR","potentialAction":[{"@type":"CommentAction","name":"Comment","target":["https:\/\/www.oracaoefe.com\/conecte-se-com-seus-irmaos-de-fe-no-whatsapp\/#respond"]}]},{"@type":"WebPage","@id":"https:\/\/www.oracaoefe.com\/conecte-se-com-seus-irmaos-de-fe-no-whatsapp\/","url":"https:\/\/www.oracaoefe.com\/conecte-se-com-seus-irmaos-de-fe-no-whatsapp\/","name":"Conecte-se com seus irm\u00e3os de f\u00e9 no WhatsApp! - Ora\u00e7\u00e3o e F\u00e9","isPartOf":{"@id":"https:\/\/www.oracaoefe.com\/#website"},"primaryImageOfPage":{"@id":"https:\/\/www.oracaoefe.com\/conecte-se-com-seus-irmaos-de-fe-no-whatsapp\/#primaryimage"},"image":{"@id":"https:\/\/www.oracaoefe.com\/conecte-se-com-seus-irmaos-de-fe-no-whatsapp\/#primaryimage"},"thumbnailUrl":"https:\/\/www.oracaoefe.com\/wp-content\/uploads\/2022\/10\/GRUPO-BENCAO-DIARIA.png","datePublished":"2022-04-30T17:34:00+00:00","dateModified":"2022-11-02T23:33:48+00:00","author":{"@id":"https:\/\/www.oracaoefe.com\/#\/schema\/person\/27873f1e6043866689f5091b5139f23d"},"description":"Agora que voc\u00ea j\u00e1 preencheu seu cadastro, que tal se conectar com pessoas da mesma f\u00e9 que a sua? No WhatsApp, tamb\u00e9m compartilhamos uma ben\u00e7\u00e3o di\u00e1ria do aplicativo da B\u00edblia, diariamente!","breadcrumb":{"@id":"https:\/\/www.oracaoefe.com\/conecte-se-com-seus-irmaos-de-fe-no-whatsapp\/#breadcrumb"},"inLanguage":"fr-FR","potentialAction":[{"@type":"ReadAction","target":["https:\/\/www.oracaoefe.com\/conecte-se-com-seus-irmaos-de-fe-no-whatsapp\/"]}]},{"@type":"ImageObject","inLanguage":"fr-FR","@id":"https:\/\/www.oracaoefe.com\/conecte-se-com-seus-irmaos-de-fe-no-whatsapp\/#primaryimage","url":"https:\/\/www.oracaoefe.com\/wp-content\/uploads\/2022\/10\/GRUPO-BENCAO-DIARIA.png","contentUrl":"https:\/\/www.oracaoefe.com\/wp-content\/uploads\/2022\/10\/GRUPO-BENCAO-DIARIA.png","width":1200,"height":675},{"@type":"BreadcrumbList","@id":"https:\/\/www.oracaoefe.com\/conecte-se-com-seus-irmaos-de-fe-no-whatsapp\/#breadcrumb","itemListElement":[{"@type":"ListItem","position":1,"name":"Home","item":"https:\/\/www.oracaoefe.com\/"},{"@type":"ListItem","position":2,"name":"Curiosidades","item":"https:\/\/www.oracaoefe.com\/es\/categoria\/curiosidades\/"},{"@type":"ListItem","position":3,"name":"Conecte-se com seus irm\u00e3os de f\u00e9 no WhatsApp!"}]},{"@type":"WebSite","@id":"https:\/\/www.oracaoefe.com\/#website","url":"https:\/\/www.oracaoefe.com\/","name":"Pri\u00e8re et foi","description":"","potentialAction":[{"@type":"SearchAction","target":{"@type":"EntryPoint","urlTemplate":"https:\/\/www.oracaoefe.com\/?s={search_term_string}"},"query-input":{"@type":"PropertyValueSpecification","valueRequired":true,"valueName":"search_term_string"}}],"inLanguage":"fr-FR"},{"@type":"Person","@id":"https:\/\/www.oracaoefe.com\/#\/schema\/person\/27873f1e6043866689f5091b5139f23d","name":"Maria","image":{"@type":"ImageObject","inLanguage":"fr-FR","@id":"https:\/\/secure.gravatar.com\/avatar\/4cac5ea56d40d599bd7348d330a83b1c84cd229296d1613cd1c7f6740561d0c9?s=96&d=mm&r=g","url":"https:\/\/secure.gravatar.com\/avatar\/4cac5ea56d40d599bd7348d330a83b1c84cd229296d1613cd1c7f6740561d0c9?s=96&d=mm&r=g","contentUrl":"https:\/\/secure.gravatar.com\/avatar\/4cac5ea56d40d599bd7348d330a83b1c84cd229296d1613cd1c7f6740561d0c9?s=96&d=mm&r=g","caption":"Maria"},"description":"Meu nome \u00e9 Maria e sou apaixonada por teologia, espiritualidade e estudos religiosos. H\u00e1 mais de 5 anos escrevo sobre o universo da f\u00e9, pesquisando diferentes religi\u00f5es, doutrinas, tradi\u00e7\u00f5es espirituais e curiosidades religiosas ao redor do mundo. Tenho grande interesse em compreender como a f\u00e9 e a religiosidade se manifestam em diferentes culturas, pa\u00edses e idiomas, sempre buscando aprender mais sobre os costumes, cren\u00e7as e hist\u00f3rias que influenciam milh\u00f5es de pessoas diariamente. Atualmente, atuo como redatora no portal Ora\u00e7\u00e3o e F\u00e9, onde compartilho conte\u00fados informativos, reflexivos e inspiradores voltados ao universo religioso e espiritual. Meu objetivo \u00e9 levar conhecimento, curiosidades e mensagens enriquecedoras para leitores que desejam aprofundar sua compreens\u00e3o sobre f\u00e9, religi\u00e3o e espiritualidade no mundo moderno.","sameAs":["https:\/\/www.oracaoefe.com"],"url":"https:\/\/www.oracaoefe.com\/fr\/author\/admin\/"}]}},"_links":{"self":[{"href":"https:\/\/www.oracaoefe.com\/fr\/wp-json\/wp\/v2\/posts\/932","targetHints":{"allow":["GET"]}}],"collection":[{"href":"https:\/\/www.oracaoefe.com\/fr\/wp-json\/wp\/v2\/posts"}],"about":[{"href":"https:\/\/www.oracaoefe.com\/fr\/wp-json\/wp\/v2\/types\/post"}],"author":[{"embeddable":true,"href":"https:\/\/www.oracaoefe.com\/fr\/wp-json\/wp\/v2\/users\/1"}],"replies":[{"embeddable":true,"href":"https:\/\/www.oracaoefe.com\/fr\/wp-json\/wp\/v2\/comments?post=932"}],"version-history":[{"count":6,"href":"https:\/\/www.oracaoefe.com\/fr\/wp-json\/wp\/v2\/posts\/932\/revisions"}],"predecessor-version":[{"id":1001,"href":"https:\/\/www.oracaoefe.com\/fr\/wp-json\/wp\/v2\/posts\/932\/revisions\/1001"}],"wp:featuredmedia":[{"embeddable":true,"href":"https:\/\/www.oracaoefe.com\/fr\/wp-json\/wp\/v2\/media\/934"}],"wp:attachment":[{"href":"https:\/\/www.oracaoefe.com\/fr\/wp-json\/wp\/v2\/media?parent=932"}],"wp:term":[{"taxonomy":"category","embeddable":true,"href":"https:\/\/www.oracaoefe.com\/fr\/wp-json\/wp\/v2\/categories?post=932"},{"taxonomy":"post_tag","embeddable":true,"href":"https:\/\/www.oracaoefe.com\/fr\/wp-json\/wp\/v2\/tags?post=932"}],"curies":[{"name":"wp","href":"https:\/\/api.w.org\/{rel}","templated":true}]}}