{"id":822,"date":"2022-10-16T17:03:41","date_gmt":"2022-10-16T20:03:41","guid":{"rendered":"https:\/\/www.oracaoefe.com\/?p=822"},"modified":"2022-10-16T17:10:17","modified_gmt":"2022-10-16T20:10:17","slug":"por-que-uma-evangelica-precisa-dar-o-dizimo","status":"publish","type":"post","link":"https:\/\/www.oracaoefe.com\/fr\/por-que-uma-evangelica-precisa-dar-o-dizimo\/","title":{"rendered":"Pourquoi un \u00e9vang\u00e9lique doit-il payer la d\u00eeme ?"},"content":{"rendered":"<div class=\"wp-block-post-date\"><time datetime=\"2022-10-16T17:03:41-03:00\">16 octobre 2022<\/time><\/div>\n\n\n<p class=\"wp-block-paragraph\">Salutations aux s\u0153urs et fr\u00e8res \u00e9vang\u00e9liques<\/p>\n\n\n\n<p class=\"wp-block-paragraph\">Nous traiterons ce sujet en abordant d'abord la question de ce qu'est la d\u00eeme. Il est important que chaque \u00e9vang\u00e9lique et chr\u00e9tien en g\u00e9n\u00e9ral connaisse la fonction de donner de l'argent \u00e0 son \u00e9glise, et que cela a beaucoup plus \u00e0 voir avec un acte de foi qu'avec un d\u00e9p\u00f4t d'argent avec l'intention de le rendre.<\/p>\n\n\n\n<p class=\"wp-block-paragraph\">Les montants vers\u00e9s \u00e0 une \u00e9glise ont de nombreuses origines historiques, et n'\u00e9taient souvent ni nobles ni chr\u00e9tiens. Les pr\u00eatres catholiques, par exemple, demandaient autrefois de l'argent aux riches pour pratiquer l'extr\u00eame-onction, qui \u00e9tait essentiellement une pri\u00e8re visant \u00e0 obtenir le pardon des p\u00e9ch\u00e9s \u00e0 la fin de la vie, garantissant ainsi une place au paradis. De m\u00eame, de nombreuses \u00e9glises et religions actuelles \"font payer\" la d\u00eeme en \u00e9change de louanges et de b\u00e9n\u00e9dictions qu'elles ne peuvent accorder.<\/p>\n\n\n\n<p class=\"wp-block-paragraph\">Dans la Bible, la d\u00eeme est d\u00e9crite en plusieurs parties. Par exemple, dans le Deut\u00e9ronome, chapitre 14, verset 22, il est \u00e9crit : \"Mettez \u00e0 part la d\u00eeme de tout ce que la terre produit annuellement.\" La d\u00eeme signifie la dixi\u00e8me partie, ou 10% de tout ce que l'on poss\u00e8de comme produit de la terre, dans le cas de la partie mise en \u00e9vidence ici.&nbsp;<\/p>\n\n\n\n<p class=\"wp-block-paragraph\">Aujourd'hui, beaucoup d'entre nous ne tirent pas leur richesse de la terre, mais de leur travail, par le biais de salaires lorsqu'ils sont employ\u00e9s ou de revenus provenant de services qu'ils fournissent. La Bible dit que nous devons donner 10% de tout ce que nous gagnons pour le Seigneur.&nbsp;<\/p>\n\n\n\n<p class=\"wp-block-paragraph\">Et qui ne re\u00e7oit rien ? Comme souvent la femme \u00e9vang\u00e9lique qui ne travaille pas et doit rester avec les enfants ? Elle peut donner la dixi\u00e8me partie de quoi ? En tant que femme honorable et sage, elle doit guider celui qui apporte de l'argent \u00e0 la maison pour qu'il paie la d\u00eeme, car le travail de son mari n'est possible que gr\u00e2ce au travail que la femme accomplit \u00e0 l'int\u00e9rieur du foyer.<\/p>\n\n\n\n<p class=\"wp-block-paragraph\">L'acte de foi de donner aux \u0153uvres du Christ est ind\u00e9pendant de l'existence d'une somme d'argent \u00e0 donner, ou d'un revenu qui peut \u00eatre destin\u00e9, mais le don en v\u00e9rit\u00e9 d'une partie de notre vie pour l'\u0153uvre que J\u00e9sus nous a laiss\u00e9e.&nbsp;<\/p>\n\n\n\n<p class=\"wp-block-paragraph\">Ce don peut \u00eatre fait en esp\u00e8ces, directement \u00e0 notre \u00c9glise, qui, bien souvent, surtout les plus petites qui existent dans les communaut\u00e9s du Br\u00e9sil, d\u00e9pendent essentiellement des d\u00eemes pour continuer \u00e0 \u00e9vang\u00e9liser et \u00e0 r\u00e9aliser de nombreux minist\u00e8res importants pour la vie d'innombrables personnes.<\/p>\n\n\n\n<p class=\"wp-block-paragraph\">Au fait, les dons sont destin\u00e9s \u00e0 l'entretien de toute institution religieuse, qu'elle soit \u00e9vang\u00e9lique ou non. Apr\u00e8s tout, pour organiser un service, il est n\u00e9cessaire que les factures de l'\u00e9glise soient pay\u00e9es. L'eau, l'\u00e9lectricit\u00e9, le t\u00e9l\u00e9phone, les professionnels qui diffusent les services \u00e0 la t\u00e9l\u00e9vision, \u00e0 la radio, les m\u00e9dias en g\u00e9n\u00e9ral. Bien que toutes les personnes impliqu\u00e9es dans le service fassent leur part avec beaucoup de foi et de d\u00e9vouement, ces personnes doivent soutenir leurs familles, payer leurs factures, se nourrir et il est juste qu'elles puissent recevoir pour leur travail.<\/p>\n\n\n\n<p class=\"wp-block-paragraph\">La d\u00eeme est donc tr\u00e8s importante pour l'entretien pratique des lieux o\u00f9 nous professons notre foi en Christ. Elle doit \u00eatre pratiqu\u00e9e sans attendre de r\u00e9tribution imm\u00e9diate ou de prosp\u00e9rit\u00e9 directe. Il doit \u00eatre donn\u00e9 \u00e0 c\u0153ur ouvert, par le chr\u00e9tien qui comprend et croit que cet argent ou ce don mat\u00e9riel servira en fait \u00e0 ce que d'autres fr\u00e8res et s\u0153urs puissent, dans la dignit\u00e9, travailler pour l'\u00c9vangile et \u00e0 ce que la parole du Christ se r\u00e9pande.<\/p>\n\n\n\n<p class=\"wp-block-paragraph\">Il est clair que Dieu ne tournera jamais le dos \u00e0 un acte de g\u00e9n\u00e9rosit\u00e9 et si votre d\u00eeme est donn\u00e9e avec foi et engagement aux bonnes personnes, il est certain que ces valeurs reviendront dans votre vie, souvent sous la forme de b\u00e9n\u00e9dictions qui ne pourraient jamais \u00eatre pay\u00e9es par le montant initialement donn\u00e9.<\/p>\n\n\n\n<p class=\"wp-block-paragraph\">La femme \u00e9vang\u00e9lique, dot\u00e9e d'honneur, de sensibilit\u00e9 et de sagesse doit guider sa maison afin que la dixi\u00e8me partie des ressources ne soit pas destin\u00e9e au p\u00e9ch\u00e9, comme dans le cas des convoitises ou des extravagances qui ne font que nous \u00e9loigner de J\u00e9sus. Elle doit guider son mari pour qu'il ne se contente pas de donner la d\u00eeme, mais qu'il travaille aussi \u00e0 sa foi en Christ, en aidant l'\u00c9glise par tout ce qu'il peut offrir.&nbsp;<\/p>\n\n\n\n<p class=\"wp-block-paragraph\">Ceux qui ne peuvent pas donner d'argent devraient consacrer au moins un dixi\u00e8me de leur temps au Christ, ce qui est tr\u00e8s peu si l'on pense que J\u00e9sus a consacr\u00e9 sa vie enti\u00e8re \u00e0 nous tous. Ne soyons pas avares en ce qui concerne les richesses mat\u00e9rielles et partageons avec la communaut\u00e9 \u00e9vang\u00e9lique ce que nous pouvons pour r\u00e9pandre notre foi.<\/p>","protected":false},"excerpt":{"rendered":"<p>Nous traiterons ce sujet en abordant d'abord la question de ce qu'est la d\u00eeme. Il est important que chaque \u00e9vang\u00e9lique et chr\u00e9tien en g\u00e9n\u00e9ral connaisse la fonction de donner de l'argent \u00e0 son \u00e9glise, et que cela a beaucoup plus \u00e0 voir avec un acte de foi qu'avec un d\u00e9p\u00f4t d'argent avec l'intention de le rendre.<\/p>","protected":false},"author":1,"featured_media":824,"comment_status":"open","ping_status":"closed","sticky":false,"template":"","format":"standard","meta":{"neve_meta_sidebar":"","neve_meta_container":"","neve_meta_enable_content_width":"","neve_meta_content_width":0,"neve_meta_title_alignment":"","neve_meta_author_avatar":"","neve_post_elements_order":"","neve_meta_disable_header":"","neve_meta_disable_footer":"","neve_meta_disable_title":"","footnotes":""},"categories":[1],"tags":[154,153],"class_list":["post-822","post","type-post","status-publish","format-standard","has-post-thumbnail","hentry","category-curiosidades","tag-dizimo","tag-evangelico"],"yoast_head":"<!-- This site is optimized with the Yoast SEO plugin v28.4 - https:\/\/yoast.com\/product\/yoast-seo-wordpress\/ -->\n<title>Por que uma evang\u00e9lica precisa dar o d\u00edzimo? - Ora\u00e7\u00e3o e F\u00e9<\/title>\n<meta name=\"description\" content=\"Iremos tratar desse assunto trazendo em primeiro lugar a quest\u00e3o sobre o que \u00e9 o d\u00edzimo. \u00c9 importante que todo evang\u00e9lico e crist\u00e3o...\" \/>\n<meta name=\"robots\" content=\"index, follow, max-snippet:-1, max-image-preview:large, max-video-preview:-1\" \/>\n<link rel=\"canonical\" href=\"https:\/\/www.oracaoefe.com\/fr\/por-que-uma-evangelica-precisa-dar-o-dizimo\/\" \/>\n<meta property=\"og:locale\" content=\"fr_FR\" \/>\n<meta property=\"og:type\" content=\"article\" \/>\n<meta property=\"og:title\" content=\"Por que uma evang\u00e9lica precisa dar o d\u00edzimo? - Ora\u00e7\u00e3o e F\u00e9\" \/>\n<meta property=\"og:description\" content=\"Iremos tratar desse assunto trazendo em primeiro lugar a quest\u00e3o sobre o que \u00e9 o d\u00edzimo. \u00c9 importante que todo evang\u00e9lico e crist\u00e3o...\" \/>\n<meta property=\"og:url\" content=\"https:\/\/www.oracaoefe.com\/fr\/por-que-uma-evangelica-precisa-dar-o-dizimo\/\" \/>\n<meta property=\"og:site_name\" content=\"Ora\u00e7\u00e3o e F\u00e9\" \/>\n<meta property=\"article:published_time\" content=\"2022-10-16T20:03:41+00:00\" \/>\n<meta property=\"article:modified_time\" content=\"2022-10-16T20:10:17+00:00\" \/>\n<meta property=\"og:image\" content=\"https:\/\/www.oracaoefe.com\/wp-content\/uploads\/2022\/10\/THUMB-SITE-1.png\" \/>\n\t<meta property=\"og:image:width\" content=\"1200\" \/>\n\t<meta property=\"og:image:height\" content=\"675\" \/>\n\t<meta property=\"og:image:type\" content=\"image\/png\" \/>\n<meta name=\"author\" content=\"Maria\" \/>\n<meta name=\"twitter:card\" content=\"summary_large_image\" \/>\n<meta name=\"twitter:label1\" content=\"\u00c9crit par\" \/>\n\t<meta name=\"twitter:data1\" content=\"Maria\" \/>\n\t<meta name=\"twitter:label2\" content=\"Dur\u00e9e de lecture estim\u00e9e\" \/>\n\t<meta name=\"twitter:data2\" content=\"4 minutes\" \/>\n<script type=\"application\/ld+json\" class=\"yoast-schema-graph\">{\"@context\":\"https:\\\/\\\/schema.org\",\"@graph\":[{\"@type\":\"Article\",\"@id\":\"https:\\\/\\\/www.oracaoefe.com\\\/por-que-uma-evangelica-precisa-dar-o-dizimo\\\/#article\",\"isPartOf\":{\"@id\":\"https:\\\/\\\/www.oracaoefe.com\\\/por-que-uma-evangelica-precisa-dar-o-dizimo\\\/\"},\"author\":{\"name\":\"Maria\",\"@id\":\"https:\\\/\\\/www.oracaoefe.com\\\/#\\\/schema\\\/person\\\/27873f1e6043866689f5091b5139f23d\"},\"headline\":\"Por que uma evang\u00e9lica precisa dar o d\u00edzimo?\",\"datePublished\":\"2022-10-16T20:03:41+00:00\",\"dateModified\":\"2022-10-16T20:10:17+00:00\",\"mainEntityOfPage\":{\"@id\":\"https:\\\/\\\/www.oracaoefe.com\\\/por-que-uma-evangelica-precisa-dar-o-dizimo\\\/\"},\"wordCount\":813,\"commentCount\":0,\"image\":{\"@id\":\"https:\\\/\\\/www.oracaoefe.com\\\/por-que-uma-evangelica-precisa-dar-o-dizimo\\\/#primaryimage\"},\"thumbnailUrl\":\"https:\\\/\\\/www.oracaoefe.com\\\/wp-content\\\/uploads\\\/2022\\\/10\\\/THUMB-SITE-1.png\",\"keywords\":[\"dizimo\",\"evangelico\"],\"articleSection\":[\"Curiosidades\"],\"inLanguage\":\"fr-FR\",\"potentialAction\":[{\"@type\":\"CommentAction\",\"name\":\"Comment\",\"target\":[\"https:\\\/\\\/www.oracaoefe.com\\\/por-que-uma-evangelica-precisa-dar-o-dizimo\\\/#respond\"]}]},{\"@type\":\"WebPage\",\"@id\":\"https:\\\/\\\/www.oracaoefe.com\\\/por-que-uma-evangelica-precisa-dar-o-dizimo\\\/\",\"url\":\"https:\\\/\\\/www.oracaoefe.com\\\/por-que-uma-evangelica-precisa-dar-o-dizimo\\\/\",\"name\":\"Por que uma evang\u00e9lica precisa dar o d\u00edzimo? - Ora\u00e7\u00e3o e F\u00e9\",\"isPartOf\":{\"@id\":\"https:\\\/\\\/www.oracaoefe.com\\\/#website\"},\"primaryImageOfPage\":{\"@id\":\"https:\\\/\\\/www.oracaoefe.com\\\/por-que-uma-evangelica-precisa-dar-o-dizimo\\\/#primaryimage\"},\"image\":{\"@id\":\"https:\\\/\\\/www.oracaoefe.com\\\/por-que-uma-evangelica-precisa-dar-o-dizimo\\\/#primaryimage\"},\"thumbnailUrl\":\"https:\\\/\\\/www.oracaoefe.com\\\/wp-content\\\/uploads\\\/2022\\\/10\\\/THUMB-SITE-1.png\",\"datePublished\":\"2022-10-16T20:03:41+00:00\",\"dateModified\":\"2022-10-16T20:10:17+00:00\",\"author\":{\"@id\":\"https:\\\/\\\/www.oracaoefe.com\\\/#\\\/schema\\\/person\\\/27873f1e6043866689f5091b5139f23d\"},\"description\":\"Iremos tratar desse assunto trazendo em primeiro lugar a quest\u00e3o sobre o que \u00e9 o d\u00edzimo. \u00c9 importante que todo evang\u00e9lico e crist\u00e3o...\",\"breadcrumb\":{\"@id\":\"https:\\\/\\\/www.oracaoefe.com\\\/por-que-uma-evangelica-precisa-dar-o-dizimo\\\/#breadcrumb\"},\"inLanguage\":\"fr-FR\",\"potentialAction\":[{\"@type\":\"ReadAction\",\"target\":[\"https:\\\/\\\/www.oracaoefe.com\\\/por-que-uma-evangelica-precisa-dar-o-dizimo\\\/\"]}]},{\"@type\":\"ImageObject\",\"inLanguage\":\"fr-FR\",\"@id\":\"https:\\\/\\\/www.oracaoefe.com\\\/por-que-uma-evangelica-precisa-dar-o-dizimo\\\/#primaryimage\",\"url\":\"https:\\\/\\\/www.oracaoefe.com\\\/wp-content\\\/uploads\\\/2022\\\/10\\\/THUMB-SITE-1.png\",\"contentUrl\":\"https:\\\/\\\/www.oracaoefe.com\\\/wp-content\\\/uploads\\\/2022\\\/10\\\/THUMB-SITE-1.png\",\"width\":1200,\"height\":675,\"caption\":\"Por que uma evang\u00e9lica precisa dar o d\u00edzimo?\"},{\"@type\":\"BreadcrumbList\",\"@id\":\"https:\\\/\\\/www.oracaoefe.com\\\/por-que-uma-evangelica-precisa-dar-o-dizimo\\\/#breadcrumb\",\"itemListElement\":[{\"@type\":\"ListItem\",\"position\":1,\"name\":\"Home\",\"item\":\"https:\\\/\\\/www.oracaoefe.com\\\/\"},{\"@type\":\"ListItem\",\"position\":2,\"name\":\"Curiosidades\",\"item\":\"https:\\\/\\\/www.oracaoefe.com\\\/es\\\/categoria\\\/curiosidades\\\/\"},{\"@type\":\"ListItem\",\"position\":3,\"name\":\"Por que uma evang\u00e9lica precisa dar o d\u00edzimo?\"}]},{\"@type\":\"WebSite\",\"@id\":\"https:\\\/\\\/www.oracaoefe.com\\\/#website\",\"url\":\"https:\\\/\\\/www.oracaoefe.com\\\/\",\"name\":\"Ora\u00e7\u00e3o e F\u00e9\",\"description\":\"\",\"potentialAction\":[{\"@type\":\"SearchAction\",\"target\":{\"@type\":\"EntryPoint\",\"urlTemplate\":\"https:\\\/\\\/www.oracaoefe.com\\\/?s={search_term_string}\"},\"query-input\":{\"@type\":\"PropertyValueSpecification\",\"valueRequired\":true,\"valueName\":\"search_term_string\"}}],\"inLanguage\":\"fr-FR\"},{\"@type\":\"Person\",\"@id\":\"https:\\\/\\\/www.oracaoefe.com\\\/#\\\/schema\\\/person\\\/27873f1e6043866689f5091b5139f23d\",\"name\":\"Maria\",\"image\":{\"@type\":\"ImageObject\",\"inLanguage\":\"fr-FR\",\"@id\":\"https:\\\/\\\/secure.gravatar.com\\\/avatar\\\/4cac5ea56d40d599bd7348d330a83b1c84cd229296d1613cd1c7f6740561d0c9?s=96&d=mm&r=g\",\"url\":\"https:\\\/\\\/secure.gravatar.com\\\/avatar\\\/4cac5ea56d40d599bd7348d330a83b1c84cd229296d1613cd1c7f6740561d0c9?s=96&d=mm&r=g\",\"contentUrl\":\"https:\\\/\\\/secure.gravatar.com\\\/avatar\\\/4cac5ea56d40d599bd7348d330a83b1c84cd229296d1613cd1c7f6740561d0c9?s=96&d=mm&r=g\",\"caption\":\"Maria\"},\"description\":\"Meu nome \u00e9 Maria e sou apaixonada por teologia, espiritualidade e estudos religiosos. H\u00e1 mais de 5 anos escrevo sobre o universo da f\u00e9, pesquisando diferentes religi\u00f5es, doutrinas, tradi\u00e7\u00f5es espirituais e curiosidades religiosas ao redor do mundo. Tenho grande interesse em compreender como a f\u00e9 e a religiosidade se manifestam em diferentes culturas, pa\u00edses e idiomas, sempre buscando aprender mais sobre os costumes, cren\u00e7as e hist\u00f3rias que influenciam milh\u00f5es de pessoas diariamente. Atualmente, atuo como redatora no portal Ora\u00e7\u00e3o e F\u00e9, onde compartilho conte\u00fados informativos, reflexivos e inspiradores voltados ao universo religioso e espiritual. Meu objetivo \u00e9 levar conhecimento, curiosidades e mensagens enriquecedoras para leitores que desejam aprofundar sua compreens\u00e3o sobre f\u00e9, religi\u00e3o e espiritualidade no mundo moderno.\",\"sameAs\":[\"https:\\\/\\\/www.oracaoefe.com\"],\"url\":\"https:\\\/\\\/www.oracaoefe.com\\\/fr\\\/author\\\/admin\\\/\"}]}<\/script>\n<!-- \/ Yoast SEO plugin. -->","yoast_head_json":{"title":"Pourquoi un \u00e9vang\u00e9lique doit-il payer la d\u00eeme ? - Pri\u00e8re et foi","description":"Nous traiterons ce sujet en commen\u00e7ant par poser la question de savoir ce qu'est la d\u00eeme. Il est important que chaque \u00e9vang\u00e9lique et chr\u00e9tien...","robots":{"index":"index","follow":"follow","max-snippet":"max-snippet:-1","max-image-preview":"max-image-preview:large","max-video-preview":"max-video-preview:-1"},"canonical":"https:\/\/www.oracaoefe.com\/fr\/por-que-uma-evangelica-precisa-dar-o-dizimo\/","og_locale":"fr_FR","og_type":"article","og_title":"Por que uma evang\u00e9lica precisa dar o d\u00edzimo? - Ora\u00e7\u00e3o e F\u00e9","og_description":"Iremos tratar desse assunto trazendo em primeiro lugar a quest\u00e3o sobre o que \u00e9 o d\u00edzimo. \u00c9 importante que todo evang\u00e9lico e crist\u00e3o...","og_url":"https:\/\/www.oracaoefe.com\/fr\/por-que-uma-evangelica-precisa-dar-o-dizimo\/","og_site_name":"Ora\u00e7\u00e3o e F\u00e9","article_published_time":"2022-10-16T20:03:41+00:00","article_modified_time":"2022-10-16T20:10:17+00:00","og_image":[{"width":1200,"height":675,"url":"https:\/\/www.oracaoefe.com\/wp-content\/uploads\/2022\/10\/THUMB-SITE-1.png","type":"image\/png"}],"author":"Maria","twitter_card":"summary_large_image","twitter_misc":{"\u00c9crit par":"Maria","Dur\u00e9e de lecture estim\u00e9e":"4 minutes"},"schema":{"@context":"https:\/\/schema.org","@graph":[{"@type":"Article","@id":"https:\/\/www.oracaoefe.com\/por-que-uma-evangelica-precisa-dar-o-dizimo\/#article","isPartOf":{"@id":"https:\/\/www.oracaoefe.com\/por-que-uma-evangelica-precisa-dar-o-dizimo\/"},"author":{"name":"Maria","@id":"https:\/\/www.oracaoefe.com\/#\/schema\/person\/27873f1e6043866689f5091b5139f23d"},"headline":"Por que uma evang\u00e9lica precisa dar o d\u00edzimo?","datePublished":"2022-10-16T20:03:41+00:00","dateModified":"2022-10-16T20:10:17+00:00","mainEntityOfPage":{"@id":"https:\/\/www.oracaoefe.com\/por-que-uma-evangelica-precisa-dar-o-dizimo\/"},"wordCount":813,"commentCount":0,"image":{"@id":"https:\/\/www.oracaoefe.com\/por-que-uma-evangelica-precisa-dar-o-dizimo\/#primaryimage"},"thumbnailUrl":"https:\/\/www.oracaoefe.com\/wp-content\/uploads\/2022\/10\/THUMB-SITE-1.png","keywords":["dizimo","evangelico"],"articleSection":["Curiosidades"],"inLanguage":"fr-FR","potentialAction":[{"@type":"CommentAction","name":"Comment","target":["https:\/\/www.oracaoefe.com\/por-que-uma-evangelica-precisa-dar-o-dizimo\/#respond"]}]},{"@type":"WebPage","@id":"https:\/\/www.oracaoefe.com\/por-que-uma-evangelica-precisa-dar-o-dizimo\/","url":"https:\/\/www.oracaoefe.com\/por-que-uma-evangelica-precisa-dar-o-dizimo\/","name":"Pourquoi un \u00e9vang\u00e9lique doit-il payer la d\u00eeme ? - Pri\u00e8re et foi","isPartOf":{"@id":"https:\/\/www.oracaoefe.com\/#website"},"primaryImageOfPage":{"@id":"https:\/\/www.oracaoefe.com\/por-que-uma-evangelica-precisa-dar-o-dizimo\/#primaryimage"},"image":{"@id":"https:\/\/www.oracaoefe.com\/por-que-uma-evangelica-precisa-dar-o-dizimo\/#primaryimage"},"thumbnailUrl":"https:\/\/www.oracaoefe.com\/wp-content\/uploads\/2022\/10\/THUMB-SITE-1.png","datePublished":"2022-10-16T20:03:41+00:00","dateModified":"2022-10-16T20:10:17+00:00","author":{"@id":"https:\/\/www.oracaoefe.com\/#\/schema\/person\/27873f1e6043866689f5091b5139f23d"},"description":"Nous traiterons ce sujet en commen\u00e7ant par poser la question de savoir ce qu'est la d\u00eeme. Il est important que chaque \u00e9vang\u00e9lique et chr\u00e9tien...","breadcrumb":{"@id":"https:\/\/www.oracaoefe.com\/por-que-uma-evangelica-precisa-dar-o-dizimo\/#breadcrumb"},"inLanguage":"fr-FR","potentialAction":[{"@type":"ReadAction","target":["https:\/\/www.oracaoefe.com\/por-que-uma-evangelica-precisa-dar-o-dizimo\/"]}]},{"@type":"ImageObject","inLanguage":"fr-FR","@id":"https:\/\/www.oracaoefe.com\/por-que-uma-evangelica-precisa-dar-o-dizimo\/#primaryimage","url":"https:\/\/www.oracaoefe.com\/wp-content\/uploads\/2022\/10\/THUMB-SITE-1.png","contentUrl":"https:\/\/www.oracaoefe.com\/wp-content\/uploads\/2022\/10\/THUMB-SITE-1.png","width":1200,"height":675,"caption":"Por que uma evang\u00e9lica precisa dar o d\u00edzimo?"},{"@type":"BreadcrumbList","@id":"https:\/\/www.oracaoefe.com\/por-que-uma-evangelica-precisa-dar-o-dizimo\/#breadcrumb","itemListElement":[{"@type":"ListItem","position":1,"name":"Home","item":"https:\/\/www.oracaoefe.com\/"},{"@type":"ListItem","position":2,"name":"Curiosidades","item":"https:\/\/www.oracaoefe.com\/es\/categoria\/curiosidades\/"},{"@type":"ListItem","position":3,"name":"Por que uma evang\u00e9lica precisa dar o d\u00edzimo?"}]},{"@type":"WebSite","@id":"https:\/\/www.oracaoefe.com\/#website","url":"https:\/\/www.oracaoefe.com\/","name":"Pri\u00e8re et foi","description":"","potentialAction":[{"@type":"SearchAction","target":{"@type":"EntryPoint","urlTemplate":"https:\/\/www.oracaoefe.com\/?s={search_term_string}"},"query-input":{"@type":"PropertyValueSpecification","valueRequired":true,"valueName":"search_term_string"}}],"inLanguage":"fr-FR"},{"@type":"Person","@id":"https:\/\/www.oracaoefe.com\/#\/schema\/person\/27873f1e6043866689f5091b5139f23d","name":"Maria","image":{"@type":"ImageObject","inLanguage":"fr-FR","@id":"https:\/\/secure.gravatar.com\/avatar\/4cac5ea56d40d599bd7348d330a83b1c84cd229296d1613cd1c7f6740561d0c9?s=96&d=mm&r=g","url":"https:\/\/secure.gravatar.com\/avatar\/4cac5ea56d40d599bd7348d330a83b1c84cd229296d1613cd1c7f6740561d0c9?s=96&d=mm&r=g","contentUrl":"https:\/\/secure.gravatar.com\/avatar\/4cac5ea56d40d599bd7348d330a83b1c84cd229296d1613cd1c7f6740561d0c9?s=96&d=mm&r=g","caption":"Maria"},"description":"Meu nome \u00e9 Maria e sou apaixonada por teologia, espiritualidade e estudos religiosos. H\u00e1 mais de 5 anos escrevo sobre o universo da f\u00e9, pesquisando diferentes religi\u00f5es, doutrinas, tradi\u00e7\u00f5es espirituais e curiosidades religiosas ao redor do mundo. Tenho grande interesse em compreender como a f\u00e9 e a religiosidade se manifestam em diferentes culturas, pa\u00edses e idiomas, sempre buscando aprender mais sobre os costumes, cren\u00e7as e hist\u00f3rias que influenciam milh\u00f5es de pessoas diariamente. Atualmente, atuo como redatora no portal Ora\u00e7\u00e3o e F\u00e9, onde compartilho conte\u00fados informativos, reflexivos e inspiradores voltados ao universo religioso e espiritual. Meu objetivo \u00e9 levar conhecimento, curiosidades e mensagens enriquecedoras para leitores que desejam aprofundar sua compreens\u00e3o sobre f\u00e9, religi\u00e3o e espiritualidade no mundo moderno.","sameAs":["https:\/\/www.oracaoefe.com"],"url":"https:\/\/www.oracaoefe.com\/fr\/author\/admin\/"}]}},"_links":{"self":[{"href":"https:\/\/www.oracaoefe.com\/fr\/wp-json\/wp\/v2\/posts\/822","targetHints":{"allow":["GET"]}}],"collection":[{"href":"https:\/\/www.oracaoefe.com\/fr\/wp-json\/wp\/v2\/posts"}],"about":[{"href":"https:\/\/www.oracaoefe.com\/fr\/wp-json\/wp\/v2\/types\/post"}],"author":[{"embeddable":true,"href":"https:\/\/www.oracaoefe.com\/fr\/wp-json\/wp\/v2\/users\/1"}],"replies":[{"embeddable":true,"href":"https:\/\/www.oracaoefe.com\/fr\/wp-json\/wp\/v2\/comments?post=822"}],"version-history":[{"count":1,"href":"https:\/\/www.oracaoefe.com\/fr\/wp-json\/wp\/v2\/posts\/822\/revisions"}],"predecessor-version":[{"id":823,"href":"https:\/\/www.oracaoefe.com\/fr\/wp-json\/wp\/v2\/posts\/822\/revisions\/823"}],"wp:featuredmedia":[{"embeddable":true,"href":"https:\/\/www.oracaoefe.com\/fr\/wp-json\/wp\/v2\/media\/824"}],"wp:attachment":[{"href":"https:\/\/www.oracaoefe.com\/fr\/wp-json\/wp\/v2\/media?parent=822"}],"wp:term":[{"taxonomy":"category","embeddable":true,"href":"https:\/\/www.oracaoefe.com\/fr\/wp-json\/wp\/v2\/categories?post=822"},{"taxonomy":"post_tag","embeddable":true,"href":"https:\/\/www.oracaoefe.com\/fr\/wp-json\/wp\/v2\/tags?post=822"}],"curies":[{"name":"wp","href":"https:\/\/api.w.org\/{rel}","templated":true}]}}