{"id":801,"date":"2022-10-12T20:53:06","date_gmt":"2022-10-12T23:53:06","guid":{"rendered":"https:\/\/www.oracaoefe.com\/?p=801"},"modified":"2022-10-12T20:53:07","modified_gmt":"2022-10-12T23:53:07","slug":"preciso-ler-a-biblia-todos-os-dias-o-que-meu-deus-diz","status":"publish","type":"post","link":"https:\/\/www.oracaoefe.com\/fr\/preciso-ler-a-biblia-todos-os-dias-o-que-meu-deus-diz\/","title":{"rendered":"Dois-je lire la Bible tous les jours ? Que dit mon Dieu ?"},"content":{"rendered":"<div class=\"wp-block-post-date\"><time datetime=\"2022-10-12T20:53:06-03:00\">12 octobre 2022<\/time><\/div>\n\n\n<p class=\"wp-block-paragraph\">Salutations, s\u0153urs et fr\u00e8res \u00e9vang\u00e9liques !<\/p>\n\n\n\n<p class=\"wp-block-paragraph\">La capacit\u00e9 de lire et d'\u00e9crire, plus qu'une aptitude humaine, doit \u00eatre consid\u00e9r\u00e9e comme une sorte de don, une opportunit\u00e9 donn\u00e9e par Dieu afin que nous puissions absorber la connaissance des hommes et de sa parole, qui provient des textes bibliques. Nous ne pouvons pas sous-estimer cette capacit\u00e9, ni avoir de pr\u00e9jug\u00e9s \u00e0 l'\u00e9gard de nos s\u0153urs et fr\u00e8res qui, en raison d'une vie difficile, n'ont pas eu l'occasion de s'alphab\u00e9tiser.<\/p>\n\n\n\n<p class=\"wp-block-paragraph\">La lecture de la Bible est n\u00e9cessaire, aussi souvent que possible, \u00e0 des moments o\u00f9 l'on peut le faire calmement et consciencieusement, en cherchant \u00e0 r\u00e9fl\u00e9chir sur la parole de Dieu, sur les enseignements de l'\u00c9vangile de J\u00e9sus-Christ et de tous les livres saints. Il ne suffit pas de regarder les mots et de les lire, il faut aller \u00e0 la rencontre de J\u00e9sus-Christ dans la Bible.<\/p>\n\n\n\n<p class=\"wp-block-paragraph\">\u00c0 cette fin, tous les proph\u00e8tes de Dieu et de J\u00e9sus-Christ ont laiss\u00e9 un h\u00e9ritage tr\u00e8s g\u00e9n\u00e9reux : leur exp\u00e9rience n'est pas exprim\u00e9e en codes secrets et ne n\u00e9cessite pas une grande capacit\u00e9 d'interpr\u00e9tation pour \u00eatre comprise. Bien que, dans le cas de J\u00e9sus, la parabole soit le principal moyen de transmettre la parole de Dieu, ces paraboles peuvent \u00eatre lues en m\u00eame temps que l'exemple de la vie m\u00eame de J\u00e9sus, racont\u00e9e par ses ap\u00f4tres dans le Nouveau Testament.<\/p>\n\n\n\n<p class=\"wp-block-paragraph\">En d'autres termes, la lecture de la Bible est facile, dans la mesure o\u00f9 le comportement de J\u00e9sus et des proph\u00e8tes et les messages qu'ils ont voulu transmettre sont clairs et \u00e9vidents. La parole de Dieu est explicite, claire, \u00e9vidente, mais, en m\u00eame temps, elle exige que le lecteur vive la v\u00e9rit\u00e9 de l'\u00c9vangile dans ses attitudes quotidiennes.<\/p>\n\n\n\n<p class=\"wp-block-paragraph\">Par cons\u00e9quent, l'attitude consistant \u00e0 s'asseoir quotidiennement pour lire la Bible est peut-\u00eatre l'une des grandes vertus du chr\u00e9tien \u00e9vang\u00e9lique. La connaissance biblique est un patrimoine du peuple \u00e9vang\u00e9lique et pour cette raison, elle doit \u00eatre prise en charge avec responsabilit\u00e9.&nbsp;<\/p>\n\n\n\n<p class=\"wp-block-paragraph\">Nous, \u00e9vang\u00e9liques, devons veiller \u00e0 ce que l'exercice de la lecture de la Bible ne se fasse pas dans l'intention de renforcer des dogmes, des pr\u00e9jug\u00e9s ou des interpr\u00e9tations \u00e9loign\u00e9es de l'exp\u00e9rience de J\u00e9sus, mais qu'il soit un exercice de vie, de manifestation de la foi en Christ et en ses enseignements.<\/p>\n\n\n\n<p class=\"wp-block-paragraph\">Un autre point important pour pratiquer la lecture quotidienne de la Bible est de reconna\u00eetre les limites physiques du lecteur. Ainsi, une personne qui ne voit pas bien en raison d'une d\u00e9ficience visuelle cong\u00e9nitale ou acquise devrait rechercher des Bibles adapt\u00e9es afin qu'elle puisse comprendre la parole de Dieu dans son int\u00e9gralit\u00e9, que ce soit au moyen de polices de caract\u00e8res plus grandes ou m\u00eame de Bibles en braille, d\u00e9j\u00e0 disponibles sur le march\u00e9.<\/p>\n\n\n\n<p class=\"wp-block-paragraph\">De m\u00eame, ceux qui sont encore en cours d'alphab\u00e9tisation ou dont l'alphab\u00e9tisation est d\u00e9ficiente, comme les personnes vivant dans des zones rurales recul\u00e9es ou les enfants, devraient \u00eatre initi\u00e9s \u00e0 une Bible qui \u00e9vite la deuxi\u00e8me personne du pluriel. Les bibles qui abusent du tu, sont, etc, contiennent la m\u00eame parole divine que celles qui ont cherch\u00e9 \u00e0 \u00eatre traduites en portugais facile.<\/p>\n\n\n\n<p class=\"wp-block-paragraph\">D'autre part, il existe malheureusement des bibles alt\u00e9r\u00e9es, souvent publi\u00e9es par des \u00e9glises ou des associations qui ne s'identifient pas \u00e0 notre foi \u00e9vang\u00e9lique. Ces Bibles peuvent nous troubler en incluant des textes que notre foi ne reconna\u00eet pas comme provenant de la parole l\u00e9gitime de Dieu. Recherchez les Bibles recommand\u00e9es par votre pasteur et vos s\u0153urs et fr\u00e8res en Christ.<\/p>\n\n\n\n<p class=\"wp-block-paragraph\">Le caract\u00e8re sacr\u00e9 de la Bible devrait, \u00e0 lui seul, constituer un attrait suffisant pour que tout \u00e9vang\u00e9lique veuille la lire quotidiennement. Cependant, Dieu a voulu que la Bible soit non seulement sacr\u00e9e mais aussi agr\u00e9able \u00e0 lire. Les exp\u00e9riences des hommes et des femmes qui y sont d\u00e9crites, qui ont construit la foi chr\u00e9tienne, sont belles, inspirantes, merveilleuses. Apr\u00e8s avoir surmont\u00e9 les d\u00e9fis de l'interpr\u00e9tation et de la lecture, vous, \u00e9vang\u00e9liques, ne pouvez que ressentir l'excitation et le bonheur qui remplissent votre c\u0153ur lors des offices lorsque vous lisez le livre sacr\u00e9.<\/p>\n\n\n\n<p class=\"wp-block-paragraph\">Ah, et au cas o\u00f9 l'acte de lire serait difficile \u00e0 cause des t\u00e2ches quotidiennes, ne vous d\u00e9couragez pas, il existe de nombreuses options d'applications qui fournissent des contenus bibliques, en plus de nombreuses bibles d\u00e9j\u00e0 en audiobook, pour que vous puissiez lire quotidiennement dans la voiture ou dans les transports sur le chemin de la maison ou du travail.<\/p>\n\n\n\n<p class=\"wp-block-paragraph\">Lisez la Bible, vivez la Bible, et si possible, faites-le quotidiennement. Non seulement parce que Dieu l'a voulu ainsi, mais surtout parce que cela augmentera consid\u00e9rablement notre vie.<\/p>","protected":false},"excerpt":{"rendered":"<p>La capacit\u00e9 de lire et d'\u00e9crire, plus qu'une aptitude humaine, doit \u00eatre consid\u00e9r\u00e9e comme une sorte de don, une opportunit\u00e9 donn\u00e9e par Dieu afin que nous puissions absorber la connaissance des hommes et de sa parole, qui provient des textes bibliques. Nous ne pouvons pas sous-estimer cette capacit\u00e9, ni avoir de pr\u00e9jug\u00e9s \u00e0 l'\u00e9gard de nos s\u0153urs et fr\u00e8res qui, en raison d'une vie difficile, n'ont pas eu l'occasion de s'alphab\u00e9tiser.<\/p>","protected":false},"author":1,"featured_media":802,"comment_status":"open","ping_status":"closed","sticky":false,"template":"","format":"standard","meta":{"neve_meta_sidebar":"","neve_meta_container":"","neve_meta_enable_content_width":"","neve_meta_content_width":0,"neve_meta_title_alignment":"","neve_meta_author_avatar":"","neve_post_elements_order":"","neve_meta_disable_header":"","neve_meta_disable_footer":"","neve_meta_disable_title":"","footnotes":""},"categories":[1],"tags":[26,20],"class_list":["post-801","post","type-post","status-publish","format-standard","has-post-thumbnail","hentry","category-curiosidades","tag-biblia","tag-deus"],"yoast_head":"<!-- This site is optimized with the Yoast SEO plugin v28.4 - https:\/\/yoast.com\/product\/yoast-seo-wordpress\/ -->\n<title>Preciso ler a b\u00edblia todos os dias? O que meu Deus diz? - Ora\u00e7\u00e3o e F\u00e9<\/title>\n<meta name=\"description\" content=\"A capacidade de ler e escrever mais do que uma habilidade humana deve ser vista como uma esp\u00e9cie de dom, uma oportunidade dada por Deus...\" \/>\n<meta name=\"robots\" content=\"index, follow, max-snippet:-1, max-image-preview:large, max-video-preview:-1\" \/>\n<link rel=\"canonical\" href=\"https:\/\/www.oracaoefe.com\/fr\/preciso-ler-a-biblia-todos-os-dias-o-que-meu-deus-diz\/\" \/>\n<meta property=\"og:locale\" content=\"fr_FR\" \/>\n<meta property=\"og:type\" content=\"article\" \/>\n<meta property=\"og:title\" content=\"Preciso ler a b\u00edblia todos os dias? O que meu Deus diz? - Ora\u00e7\u00e3o e F\u00e9\" \/>\n<meta property=\"og:description\" content=\"A capacidade de ler e escrever mais do que uma habilidade humana deve ser vista como uma esp\u00e9cie de dom, uma oportunidade dada por Deus...\" \/>\n<meta property=\"og:url\" content=\"https:\/\/www.oracaoefe.com\/fr\/preciso-ler-a-biblia-todos-os-dias-o-que-meu-deus-diz\/\" \/>\n<meta property=\"og:site_name\" content=\"Ora\u00e7\u00e3o e F\u00e9\" \/>\n<meta property=\"article:published_time\" content=\"2022-10-12T23:53:06+00:00\" \/>\n<meta property=\"article:modified_time\" content=\"2022-10-12T23:53:07+00:00\" \/>\n<meta property=\"og:image\" content=\"https:\/\/www.oracaoefe.com\/wp-content\/uploads\/2022\/10\/THUMB-SITE.png\" \/>\n\t<meta property=\"og:image:width\" content=\"1200\" \/>\n\t<meta property=\"og:image:height\" content=\"675\" \/>\n\t<meta property=\"og:image:type\" content=\"image\/png\" \/>\n<meta name=\"author\" content=\"Maria\" \/>\n<meta name=\"twitter:card\" content=\"summary_large_image\" \/>\n<meta name=\"twitter:label1\" content=\"\u00c9crit par\" \/>\n\t<meta name=\"twitter:data1\" content=\"Maria\" \/>\n\t<meta name=\"twitter:label2\" content=\"Dur\u00e9e de lecture estim\u00e9e\" \/>\n\t<meta name=\"twitter:data2\" content=\"4 minutes\" \/>\n<script type=\"application\/ld+json\" class=\"yoast-schema-graph\">{\"@context\":\"https:\\\/\\\/schema.org\",\"@graph\":[{\"@type\":\"Article\",\"@id\":\"https:\\\/\\\/www.oracaoefe.com\\\/preciso-ler-a-biblia-todos-os-dias-o-que-meu-deus-diz\\\/#article\",\"isPartOf\":{\"@id\":\"https:\\\/\\\/www.oracaoefe.com\\\/preciso-ler-a-biblia-todos-os-dias-o-que-meu-deus-diz\\\/\"},\"author\":{\"name\":\"Maria\",\"@id\":\"https:\\\/\\\/www.oracaoefe.com\\\/#\\\/schema\\\/person\\\/27873f1e6043866689f5091b5139f23d\"},\"headline\":\"Preciso ler a b\u00edblia todos os dias? O que meu Deus diz?\",\"datePublished\":\"2022-10-12T23:53:06+00:00\",\"dateModified\":\"2022-10-12T23:53:07+00:00\",\"mainEntityOfPage\":{\"@id\":\"https:\\\/\\\/www.oracaoefe.com\\\/preciso-ler-a-biblia-todos-os-dias-o-que-meu-deus-diz\\\/\"},\"wordCount\":822,\"commentCount\":0,\"image\":{\"@id\":\"https:\\\/\\\/www.oracaoefe.com\\\/preciso-ler-a-biblia-todos-os-dias-o-que-meu-deus-diz\\\/#primaryimage\"},\"thumbnailUrl\":\"https:\\\/\\\/www.oracaoefe.com\\\/wp-content\\\/uploads\\\/2022\\\/10\\\/THUMB-SITE.png\",\"keywords\":[\"Biblia\",\"Deus\"],\"articleSection\":[\"Curiosidades\"],\"inLanguage\":\"fr-FR\",\"potentialAction\":[{\"@type\":\"CommentAction\",\"name\":\"Comment\",\"target\":[\"https:\\\/\\\/www.oracaoefe.com\\\/preciso-ler-a-biblia-todos-os-dias-o-que-meu-deus-diz\\\/#respond\"]}]},{\"@type\":\"WebPage\",\"@id\":\"https:\\\/\\\/www.oracaoefe.com\\\/preciso-ler-a-biblia-todos-os-dias-o-que-meu-deus-diz\\\/\",\"url\":\"https:\\\/\\\/www.oracaoefe.com\\\/preciso-ler-a-biblia-todos-os-dias-o-que-meu-deus-diz\\\/\",\"name\":\"Preciso ler a b\u00edblia todos os dias? O que meu Deus diz? - Ora\u00e7\u00e3o e F\u00e9\",\"isPartOf\":{\"@id\":\"https:\\\/\\\/www.oracaoefe.com\\\/#website\"},\"primaryImageOfPage\":{\"@id\":\"https:\\\/\\\/www.oracaoefe.com\\\/preciso-ler-a-biblia-todos-os-dias-o-que-meu-deus-diz\\\/#primaryimage\"},\"image\":{\"@id\":\"https:\\\/\\\/www.oracaoefe.com\\\/preciso-ler-a-biblia-todos-os-dias-o-que-meu-deus-diz\\\/#primaryimage\"},\"thumbnailUrl\":\"https:\\\/\\\/www.oracaoefe.com\\\/wp-content\\\/uploads\\\/2022\\\/10\\\/THUMB-SITE.png\",\"datePublished\":\"2022-10-12T23:53:06+00:00\",\"dateModified\":\"2022-10-12T23:53:07+00:00\",\"author\":{\"@id\":\"https:\\\/\\\/www.oracaoefe.com\\\/#\\\/schema\\\/person\\\/27873f1e6043866689f5091b5139f23d\"},\"description\":\"A capacidade de ler e escrever mais do que uma habilidade humana deve ser vista como uma esp\u00e9cie de dom, uma oportunidade dada por Deus...\",\"breadcrumb\":{\"@id\":\"https:\\\/\\\/www.oracaoefe.com\\\/preciso-ler-a-biblia-todos-os-dias-o-que-meu-deus-diz\\\/#breadcrumb\"},\"inLanguage\":\"fr-FR\",\"potentialAction\":[{\"@type\":\"ReadAction\",\"target\":[\"https:\\\/\\\/www.oracaoefe.com\\\/preciso-ler-a-biblia-todos-os-dias-o-que-meu-deus-diz\\\/\"]}]},{\"@type\":\"ImageObject\",\"inLanguage\":\"fr-FR\",\"@id\":\"https:\\\/\\\/www.oracaoefe.com\\\/preciso-ler-a-biblia-todos-os-dias-o-que-meu-deus-diz\\\/#primaryimage\",\"url\":\"https:\\\/\\\/www.oracaoefe.com\\\/wp-content\\\/uploads\\\/2022\\\/10\\\/THUMB-SITE.png\",\"contentUrl\":\"https:\\\/\\\/www.oracaoefe.com\\\/wp-content\\\/uploads\\\/2022\\\/10\\\/THUMB-SITE.png\",\"width\":1200,\"height\":675,\"caption\":\"ler a biblia todos os dias\"},{\"@type\":\"BreadcrumbList\",\"@id\":\"https:\\\/\\\/www.oracaoefe.com\\\/preciso-ler-a-biblia-todos-os-dias-o-que-meu-deus-diz\\\/#breadcrumb\",\"itemListElement\":[{\"@type\":\"ListItem\",\"position\":1,\"name\":\"Home\",\"item\":\"https:\\\/\\\/www.oracaoefe.com\\\/\"},{\"@type\":\"ListItem\",\"position\":2,\"name\":\"Curiosidades\",\"item\":\"https:\\\/\\\/www.oracaoefe.com\\\/es\\\/categoria\\\/curiosidades\\\/\"},{\"@type\":\"ListItem\",\"position\":3,\"name\":\"Preciso ler a b\u00edblia todos os dias? O que meu Deus diz?\"}]},{\"@type\":\"WebSite\",\"@id\":\"https:\\\/\\\/www.oracaoefe.com\\\/#website\",\"url\":\"https:\\\/\\\/www.oracaoefe.com\\\/\",\"name\":\"Ora\u00e7\u00e3o e F\u00e9\",\"description\":\"\",\"potentialAction\":[{\"@type\":\"SearchAction\",\"target\":{\"@type\":\"EntryPoint\",\"urlTemplate\":\"https:\\\/\\\/www.oracaoefe.com\\\/?s={search_term_string}\"},\"query-input\":{\"@type\":\"PropertyValueSpecification\",\"valueRequired\":true,\"valueName\":\"search_term_string\"}}],\"inLanguage\":\"fr-FR\"},{\"@type\":\"Person\",\"@id\":\"https:\\\/\\\/www.oracaoefe.com\\\/#\\\/schema\\\/person\\\/27873f1e6043866689f5091b5139f23d\",\"name\":\"Maria\",\"image\":{\"@type\":\"ImageObject\",\"inLanguage\":\"fr-FR\",\"@id\":\"https:\\\/\\\/secure.gravatar.com\\\/avatar\\\/4cac5ea56d40d599bd7348d330a83b1c84cd229296d1613cd1c7f6740561d0c9?s=96&d=mm&r=g\",\"url\":\"https:\\\/\\\/secure.gravatar.com\\\/avatar\\\/4cac5ea56d40d599bd7348d330a83b1c84cd229296d1613cd1c7f6740561d0c9?s=96&d=mm&r=g\",\"contentUrl\":\"https:\\\/\\\/secure.gravatar.com\\\/avatar\\\/4cac5ea56d40d599bd7348d330a83b1c84cd229296d1613cd1c7f6740561d0c9?s=96&d=mm&r=g\",\"caption\":\"Maria\"},\"description\":\"Meu nome \u00e9 Maria e sou apaixonada por teologia, espiritualidade e estudos religiosos. H\u00e1 mais de 5 anos escrevo sobre o universo da f\u00e9, pesquisando diferentes religi\u00f5es, doutrinas, tradi\u00e7\u00f5es espirituais e curiosidades religiosas ao redor do mundo. Tenho grande interesse em compreender como a f\u00e9 e a religiosidade se manifestam em diferentes culturas, pa\u00edses e idiomas, sempre buscando aprender mais sobre os costumes, cren\u00e7as e hist\u00f3rias que influenciam milh\u00f5es de pessoas diariamente. Atualmente, atuo como redatora no portal Ora\u00e7\u00e3o e F\u00e9, onde compartilho conte\u00fados informativos, reflexivos e inspiradores voltados ao universo religioso e espiritual. Meu objetivo \u00e9 levar conhecimento, curiosidades e mensagens enriquecedoras para leitores que desejam aprofundar sua compreens\u00e3o sobre f\u00e9, religi\u00e3o e espiritualidade no mundo moderno.\",\"sameAs\":[\"https:\\\/\\\/www.oracaoefe.com\"],\"url\":\"https:\\\/\\\/www.oracaoefe.com\\\/fr\\\/author\\\/admin\\\/\"}]}<\/script>\n<!-- \/ Yoast SEO plugin. -->","yoast_head_json":{"title":"Dois-je lire la Bible tous les jours ? Que dit mon Dieu ? - Pri\u00e8re et foi","description":"La capacit\u00e9 de lire et d'\u00e9crire, plus qu'une aptitude humaine, devrait \u00eatre consid\u00e9r\u00e9e comme une sorte de don, une opportunit\u00e9 donn\u00e9e par Dieu...","robots":{"index":"index","follow":"follow","max-snippet":"max-snippet:-1","max-image-preview":"max-image-preview:large","max-video-preview":"max-video-preview:-1"},"canonical":"https:\/\/www.oracaoefe.com\/fr\/preciso-ler-a-biblia-todos-os-dias-o-que-meu-deus-diz\/","og_locale":"fr_FR","og_type":"article","og_title":"Preciso ler a b\u00edblia todos os dias? O que meu Deus diz? - Ora\u00e7\u00e3o e F\u00e9","og_description":"A capacidade de ler e escrever mais do que uma habilidade humana deve ser vista como uma esp\u00e9cie de dom, uma oportunidade dada por Deus...","og_url":"https:\/\/www.oracaoefe.com\/fr\/preciso-ler-a-biblia-todos-os-dias-o-que-meu-deus-diz\/","og_site_name":"Ora\u00e7\u00e3o e F\u00e9","article_published_time":"2022-10-12T23:53:06+00:00","article_modified_time":"2022-10-12T23:53:07+00:00","og_image":[{"width":1200,"height":675,"url":"https:\/\/www.oracaoefe.com\/wp-content\/uploads\/2022\/10\/THUMB-SITE.png","type":"image\/png"}],"author":"Maria","twitter_card":"summary_large_image","twitter_misc":{"\u00c9crit par":"Maria","Dur\u00e9e de lecture estim\u00e9e":"4 minutes"},"schema":{"@context":"https:\/\/schema.org","@graph":[{"@type":"Article","@id":"https:\/\/www.oracaoefe.com\/preciso-ler-a-biblia-todos-os-dias-o-que-meu-deus-diz\/#article","isPartOf":{"@id":"https:\/\/www.oracaoefe.com\/preciso-ler-a-biblia-todos-os-dias-o-que-meu-deus-diz\/"},"author":{"name":"Maria","@id":"https:\/\/www.oracaoefe.com\/#\/schema\/person\/27873f1e6043866689f5091b5139f23d"},"headline":"Preciso ler a b\u00edblia todos os dias? O que meu Deus diz?","datePublished":"2022-10-12T23:53:06+00:00","dateModified":"2022-10-12T23:53:07+00:00","mainEntityOfPage":{"@id":"https:\/\/www.oracaoefe.com\/preciso-ler-a-biblia-todos-os-dias-o-que-meu-deus-diz\/"},"wordCount":822,"commentCount":0,"image":{"@id":"https:\/\/www.oracaoefe.com\/preciso-ler-a-biblia-todos-os-dias-o-que-meu-deus-diz\/#primaryimage"},"thumbnailUrl":"https:\/\/www.oracaoefe.com\/wp-content\/uploads\/2022\/10\/THUMB-SITE.png","keywords":["Biblia","Deus"],"articleSection":["Curiosidades"],"inLanguage":"fr-FR","potentialAction":[{"@type":"CommentAction","name":"Comment","target":["https:\/\/www.oracaoefe.com\/preciso-ler-a-biblia-todos-os-dias-o-que-meu-deus-diz\/#respond"]}]},{"@type":"WebPage","@id":"https:\/\/www.oracaoefe.com\/preciso-ler-a-biblia-todos-os-dias-o-que-meu-deus-diz\/","url":"https:\/\/www.oracaoefe.com\/preciso-ler-a-biblia-todos-os-dias-o-que-meu-deus-diz\/","name":"Dois-je lire la Bible tous les jours ? Que dit mon Dieu ? - Pri\u00e8re et foi","isPartOf":{"@id":"https:\/\/www.oracaoefe.com\/#website"},"primaryImageOfPage":{"@id":"https:\/\/www.oracaoefe.com\/preciso-ler-a-biblia-todos-os-dias-o-que-meu-deus-diz\/#primaryimage"},"image":{"@id":"https:\/\/www.oracaoefe.com\/preciso-ler-a-biblia-todos-os-dias-o-que-meu-deus-diz\/#primaryimage"},"thumbnailUrl":"https:\/\/www.oracaoefe.com\/wp-content\/uploads\/2022\/10\/THUMB-SITE.png","datePublished":"2022-10-12T23:53:06+00:00","dateModified":"2022-10-12T23:53:07+00:00","author":{"@id":"https:\/\/www.oracaoefe.com\/#\/schema\/person\/27873f1e6043866689f5091b5139f23d"},"description":"La capacit\u00e9 de lire et d'\u00e9crire, plus qu'une aptitude humaine, devrait \u00eatre consid\u00e9r\u00e9e comme une sorte de don, une opportunit\u00e9 donn\u00e9e par Dieu...","breadcrumb":{"@id":"https:\/\/www.oracaoefe.com\/preciso-ler-a-biblia-todos-os-dias-o-que-meu-deus-diz\/#breadcrumb"},"inLanguage":"fr-FR","potentialAction":[{"@type":"ReadAction","target":["https:\/\/www.oracaoefe.com\/preciso-ler-a-biblia-todos-os-dias-o-que-meu-deus-diz\/"]}]},{"@type":"ImageObject","inLanguage":"fr-FR","@id":"https:\/\/www.oracaoefe.com\/preciso-ler-a-biblia-todos-os-dias-o-que-meu-deus-diz\/#primaryimage","url":"https:\/\/www.oracaoefe.com\/wp-content\/uploads\/2022\/10\/THUMB-SITE.png","contentUrl":"https:\/\/www.oracaoefe.com\/wp-content\/uploads\/2022\/10\/THUMB-SITE.png","width":1200,"height":675,"caption":"ler a biblia todos os dias"},{"@type":"BreadcrumbList","@id":"https:\/\/www.oracaoefe.com\/preciso-ler-a-biblia-todos-os-dias-o-que-meu-deus-diz\/#breadcrumb","itemListElement":[{"@type":"ListItem","position":1,"name":"Home","item":"https:\/\/www.oracaoefe.com\/"},{"@type":"ListItem","position":2,"name":"Curiosidades","item":"https:\/\/www.oracaoefe.com\/es\/categoria\/curiosidades\/"},{"@type":"ListItem","position":3,"name":"Preciso ler a b\u00edblia todos os dias? O que meu Deus diz?"}]},{"@type":"WebSite","@id":"https:\/\/www.oracaoefe.com\/#website","url":"https:\/\/www.oracaoefe.com\/","name":"Pri\u00e8re et foi","description":"","potentialAction":[{"@type":"SearchAction","target":{"@type":"EntryPoint","urlTemplate":"https:\/\/www.oracaoefe.com\/?s={search_term_string}"},"query-input":{"@type":"PropertyValueSpecification","valueRequired":true,"valueName":"search_term_string"}}],"inLanguage":"fr-FR"},{"@type":"Person","@id":"https:\/\/www.oracaoefe.com\/#\/schema\/person\/27873f1e6043866689f5091b5139f23d","name":"Maria","image":{"@type":"ImageObject","inLanguage":"fr-FR","@id":"https:\/\/secure.gravatar.com\/avatar\/4cac5ea56d40d599bd7348d330a83b1c84cd229296d1613cd1c7f6740561d0c9?s=96&d=mm&r=g","url":"https:\/\/secure.gravatar.com\/avatar\/4cac5ea56d40d599bd7348d330a83b1c84cd229296d1613cd1c7f6740561d0c9?s=96&d=mm&r=g","contentUrl":"https:\/\/secure.gravatar.com\/avatar\/4cac5ea56d40d599bd7348d330a83b1c84cd229296d1613cd1c7f6740561d0c9?s=96&d=mm&r=g","caption":"Maria"},"description":"Meu nome \u00e9 Maria e sou apaixonada por teologia, espiritualidade e estudos religiosos. H\u00e1 mais de 5 anos escrevo sobre o universo da f\u00e9, pesquisando diferentes religi\u00f5es, doutrinas, tradi\u00e7\u00f5es espirituais e curiosidades religiosas ao redor do mundo. Tenho grande interesse em compreender como a f\u00e9 e a religiosidade se manifestam em diferentes culturas, pa\u00edses e idiomas, sempre buscando aprender mais sobre os costumes, cren\u00e7as e hist\u00f3rias que influenciam milh\u00f5es de pessoas diariamente. Atualmente, atuo como redatora no portal Ora\u00e7\u00e3o e F\u00e9, onde compartilho conte\u00fados informativos, reflexivos e inspiradores voltados ao universo religioso e espiritual. Meu objetivo \u00e9 levar conhecimento, curiosidades e mensagens enriquecedoras para leitores que desejam aprofundar sua compreens\u00e3o sobre f\u00e9, religi\u00e3o e espiritualidade no mundo moderno.","sameAs":["https:\/\/www.oracaoefe.com"],"url":"https:\/\/www.oracaoefe.com\/fr\/author\/admin\/"}]}},"_links":{"self":[{"href":"https:\/\/www.oracaoefe.com\/fr\/wp-json\/wp\/v2\/posts\/801","targetHints":{"allow":["GET"]}}],"collection":[{"href":"https:\/\/www.oracaoefe.com\/fr\/wp-json\/wp\/v2\/posts"}],"about":[{"href":"https:\/\/www.oracaoefe.com\/fr\/wp-json\/wp\/v2\/types\/post"}],"author":[{"embeddable":true,"href":"https:\/\/www.oracaoefe.com\/fr\/wp-json\/wp\/v2\/users\/1"}],"replies":[{"embeddable":true,"href":"https:\/\/www.oracaoefe.com\/fr\/wp-json\/wp\/v2\/comments?post=801"}],"version-history":[{"count":1,"href":"https:\/\/www.oracaoefe.com\/fr\/wp-json\/wp\/v2\/posts\/801\/revisions"}],"predecessor-version":[{"id":803,"href":"https:\/\/www.oracaoefe.com\/fr\/wp-json\/wp\/v2\/posts\/801\/revisions\/803"}],"wp:featuredmedia":[{"embeddable":true,"href":"https:\/\/www.oracaoefe.com\/fr\/wp-json\/wp\/v2\/media\/802"}],"wp:attachment":[{"href":"https:\/\/www.oracaoefe.com\/fr\/wp-json\/wp\/v2\/media?parent=801"}],"wp:term":[{"taxonomy":"category","embeddable":true,"href":"https:\/\/www.oracaoefe.com\/fr\/wp-json\/wp\/v2\/categories?post=801"},{"taxonomy":"post_tag","embeddable":true,"href":"https:\/\/www.oracaoefe.com\/fr\/wp-json\/wp\/v2\/tags?post=801"}],"curies":[{"name":"wp","href":"https:\/\/api.w.org\/{rel}","templated":true}]}}