{"id":593,"date":"2022-09-29T22:40:16","date_gmt":"2022-09-30T01:40:16","guid":{"rendered":"https:\/\/www.oracaoefe.com\/?p=593"},"modified":"2022-09-29T22:45:35","modified_gmt":"2022-09-30T01:45:35","slug":"batalha-do-armagedom-o-que-e-quem-vai-lutar-e-como-sera","status":"publish","type":"post","link":"https:\/\/www.oracaoefe.com\/fr\/batalha-do-armagedom-o-que-e-quem-vai-lutar-e-como-sera\/","title":{"rendered":"La bataille d'Armageddon : ce qu'elle est, qui la combattra, \u00e0 quoi elle ressemblera"},"content":{"rendered":"<div class=\"wp-block-post-date\"><time datetime=\"2022-09-29T22:40:16-03:00\">29 septembre 2022<\/time><\/div>\n\n\n<p class=\"wp-block-paragraph\">A <strong>batalha do Armagedom <\/strong>\u00e9, como o pr\u00f3prio nome diz, um conflito mencionado em Apocalipse, que acontece nos \u00faltimos momentos antes da nova Terra e tamb\u00e9m do novo c\u00e9u. Trata-se de um dosra. \u00c9 um dos fragmentos da B\u00edblia que parece ter conseguido capturar a aten\u00e7\u00e3o de muitos crentes, e n\u00e3o-crentes.<\/p>\n\n\n\n<p class=\"wp-block-paragraph\">Dos t\u00edtulos dos filmes aos enredos dos livros e m\u00eddia ao nome expl\u00edcito &#8220;Armageddon&#8221;, podemos fazer a suposi\u00e7\u00e3o de que se trata de uma grande batalha (A \u00daltima Batalha, se preferir) que acontece nos dias finais, \u201cantes do novo c\u00e9u e da nova terra\u201d (Apocalipse 21:1). O voc\u00e1bulo correto para \u201cArmageddon\u201d surge somente uma vez no livro da B\u00edblia, em Apocalipse 16:16.<\/p>\n\n\n\n<h2 class=\"wp-block-heading\">O que \u00e9 a Batalha do Armagedom?&nbsp;<\/h2>\n\n\n\n<p class=\"wp-block-paragraph\">Apocalipse 16:16 faz a descri\u00e7\u00e3o do que ocorre posteriormente, quando Deus derrama a sexta ta\u00e7a da ira (que compreende uma das pragas que percorrem o conte\u00fado de Apocalipse). O anticristo passa, ent\u00e3o, a reunir &#8220;reis&#8221; em um local denominado por Armagedom. Os reis, com muita lealdade ao anticristo, ir\u00e3o se reunir atrav\u00e9s de seus ex\u00e9rcitos para seguir \u00e0 Guerra em combate ao povo de Deus.<\/p>\n\n\n\n<p class=\"wp-block-paragraph\">Conseguimos obter ind\u00edcios da batalha justamente em Apocalipse 16:14 e tamb\u00e9m em 20:7-9, em que o Inimigo se re\u00fane com os seus, dispostos pelos mundo. Explica-se que estes ir\u00e3o cercar o acompamento daqueles que cr\u00eaem em Deus. Contudo, o fogo provindo do c\u00e9u ir\u00e1 consumi-los.<\/p>\n\n\n\n<h2 class=\"wp-block-heading\">Onde acontecer\u00e1 a Batalha do Armagedom?<\/h2>\n\n\n\n<p class=\"wp-block-paragraph\">De fato, \u00e9 poss\u00edvel encontrar alguns ind\u00edcios de contexto para o conflito b\u00edblico do Antigo Testamento. Ainda que n\u00e3o exista, na verdade, um local exato para o Armagedom, existe a suposi\u00e7\u00e3o pela nomenclatura \u201cmonte\u201d ou \u201ccolina\u201d, da probabilidade da batalha acontecer em um monte. Por conseguinte, pode-se colocar a guerra a uma m\u00e9dia de sessanta milhas \u00e0 regi\u00e3o norte de Jerusal\u00e9m, em que:<\/p>\n\n\n\n<ul class=\"wp-block-list\"><li>Baraque combateu os cananeus, um povo famoso por vivenciar a deprava\u00e7\u00e3o (Ju\u00edzes 4:15);<\/li><li>Saul e seus filhos acabaram perecendo em guerra (Samuel 31:8) em oposi\u00e7\u00e3o aos filisteus, um dos inimigos que mais conhecemos e tamb\u00e9m um dos mais infames de Israel;<\/li><li>O fara\u00f3 Neco do Egito, que Israel passou por um enredo tumultuado, acabou matando Josias, um dos raros reis com bondade, de Jud\u00e1, que devolveram a Terra a Deus (Cr\u00f4nicas 35:22).<\/li><\/ul>\n\n\n\n<p class=\"wp-block-paragraph\">Neste caso, pode fazer algum sentido colocar a guerra l\u00e1 em raz\u00e3o da hist\u00f3ria de Israel. \u00c9 o s\u00edmbolo de um povo santo que vem em combate aos inimigos das trevas.<\/p>\n\n\n\n<p class=\"wp-block-paragraph\">Sabe-se tamb\u00e9m que Deus finalmente vence essa batalha, embora o inimigo esteja atraindo diversos indiv\u00edduos de todos os confins do mundo para o cruzamento de Eufrates para a destrui\u00e7\u00e3o do povo de Deus.<\/p>\n\n\n\n<h2 class=\"wp-block-heading\">Quando \u00e9 a Batalha do Armagedom?<\/h2>\n\n\n\n<p class=\"wp-block-paragraph\">Ainda que o Armagedom possa ser semelhante a d\u00e9cadas ou centenas de anos distantes, n\u00e3o \u00e9 poss\u00edvel saber quando Jesus retornar\u00e1 ou quando tais fatos do Apocalipse acontecer\u00e3o.<\/p>\n\n\n\n<h3 class=\"wp-block-heading\">Significado do Armagedom na B\u00edblia a partir da modernidade<\/h3>\n\n\n\n<p class=\"wp-block-paragraph\">Estudiosos debatem o significado preciso do nome Armageddon. A palavra grega que Jo\u00e3o usa \u00e9 <em>harmaged\u00f4n <\/em>, mas ele nos diz que \u00e9 de origem hebraica ou aramaica. O termo har significa \u201cmontanha\u201d, e Megido era uma cidade antiga em Israel, ent\u00e3o a maioria dos estudiosos entende que Armagedom significa \u201co monte de Megido\u201d.<\/p>\n\n\n\n<p class=\"wp-block-paragraph\">Megido fica no meio de um vale. Como um antigo assentamento que antecede a funda\u00e7\u00e3o de Israel, foi reconstru\u00eddo v\u00e1rias vezes, resultando em uma colina artificial composta de res\u00edduos de todas as suas vers\u00f5es anteriores.&nbsp;<\/p>\n\n\n\n<p class=\"wp-block-paragraph\">Esta colina artificial pode ser o \u201cmonte\u201d a que Jo\u00e3o se refere. Alternativamente, alguns estudiosos sugerem que pode ser uma verdadeira montanha que fica perto de Megido, como o Monte Carmelo.<\/p>\n\n\n\n<p class=\"wp-block-paragraph\">Seja qual for o caso, Megido tem uma longa hist\u00f3ria como local de batalhas. Era um local estrategicamente importante, e in\u00fameras batalhas foram travadas l\u00e1, tanto antes como depois da funda\u00e7\u00e3o de Israel. A revela\u00e7\u00e3o, portanto, invoca sua hist\u00f3ria como um local de guerra.<\/p>\n\n\n\n<p class=\"wp-block-paragraph\">A quest\u00e3o \u00e9 qu\u00e3o literalmente o conflito envolvendo Megido e Armagedom deve ser entendido. Muitos pr\u00e9- milenistas \u2013 e especialmente dispensacionalistas \u2013 veem isso como um conflito militar literal que ocorrer\u00e1 em Israel, com for\u00e7as lideradas pelo Anticristo, pouco antes do in\u00edcio do reinado terreno de Cristo no mil\u00eanio.<\/p>\n\n\n\n<p class=\"wp-block-paragraph\">No entanto, n\u00e3o haver\u00e1 um reino terreno de Cristo antes do fim do mundo. Em vez disso, o mil\u00eanio \u00e9 melhor entendido como o reino de Cristo que est\u00e1 ocorrendo agora no c\u00e9u e, atrav\u00e9s de sua Igreja, na terra (Catecismo a Igreja Cat\u00f3lica). A batalha do Armagedom, portanto, pode ser entendida como relacionada \u00e0 Guerra Judaica dos anos 60 d.C., quando as for\u00e7as da Roma pag\u00e3 (\u201ca besta\u201d) atacaram Jerusal\u00e9m e destru\u00edram seu templo.<\/p>\n\n\n\n<p class=\"wp-block-paragraph\">Alternativamente, pode ser entendido n\u00e3o como um conflito militar literal, mas como um conflito espiritual entre as for\u00e7as do paganismo e o evangelho, que levou o diabo a ser amarrado para que n\u00e3o pudesse impedir a proclama\u00e7\u00e3o de Cristo \u00e0s na\u00e7\u00f5es. O Apocalipse estaria descrevendo esse conflito espiritual em termos militares e baseando-se na hist\u00f3ria de Megido como um local de guerra como parte dessa imagem.<\/p>\n\n\n\n<p class=\"wp-block-paragraph\">Como quer que o Armagedom seja entendido, o Apocalipse prev\u00ea um conflito futuro no final da era crist\u00e3, e pode envolver tanto elementos militares quanto espirituais, incluindo o envolvimento do Anticristo.<\/p>","protected":false},"excerpt":{"rendered":"<p>La bataille d'Armageddon est, comme son nom l'indique, un conflit mentionn\u00e9 dans l'Apocalypse, qui se d\u00e9roule dans les derniers moments avant la nouvelle terre et aussi le nouveau ciel. C'est un dosra, un des fragments de la Bible qui semble avoir r\u00e9ussi \u00e0 capter l'attention de nombreux croyants et non-croyants.<\/p>","protected":false},"author":1,"featured_media":602,"comment_status":"open","ping_status":"closed","sticky":false,"template":"","format":"standard","meta":{"neve_meta_sidebar":"","neve_meta_container":"","neve_meta_enable_content_width":"","neve_meta_content_width":0,"neve_meta_title_alignment":"","neve_meta_author_avatar":"","neve_post_elements_order":"","neve_meta_disable_header":"","neve_meta_disable_footer":"","neve_meta_disable_title":"","footnotes":""},"categories":[1],"tags":[108,149,150,26],"class_list":["post-593","post","type-post","status-publish","format-standard","has-post-thumbnail","hentry","category-curiosidades","tag-apocalipse","tag-armagedon","tag-batalha-de-armagedon","tag-biblia"],"yoast_head":"<!-- This site is optimized with the Yoast SEO plugin v28.4 - https:\/\/yoast.com\/product\/yoast-seo-wordpress\/ -->\n<title>Batalha do Armagedom: O que \u00e9; Quem vai lutar e Como ser\u00e1 - Ora\u00e7\u00e3o e F\u00e9<\/title>\n<meta name=\"description\" content=\"A batalha do Armagedom \u00e9, como o pr\u00f3prio nome diz, um conflito mencionado em Apocalipse, que acontece nos \u00faltimos momentos...\" \/>\n<meta name=\"robots\" content=\"index, follow, max-snippet:-1, max-image-preview:large, max-video-preview:-1\" \/>\n<link rel=\"canonical\" href=\"https:\/\/www.oracaoefe.com\/fr\/batalha-do-armagedom-o-que-e-quem-vai-lutar-e-como-sera\/\" \/>\n<meta property=\"og:locale\" content=\"fr_FR\" \/>\n<meta property=\"og:type\" content=\"article\" \/>\n<meta property=\"og:title\" content=\"Batalha do Armagedom: O que \u00e9; Quem vai lutar e Como ser\u00e1 - Ora\u00e7\u00e3o e F\u00e9\" \/>\n<meta property=\"og:description\" content=\"A batalha do Armagedom \u00e9, como o pr\u00f3prio nome diz, um conflito mencionado em Apocalipse, que acontece nos \u00faltimos momentos...\" \/>\n<meta property=\"og:url\" content=\"https:\/\/www.oracaoefe.com\/fr\/batalha-do-armagedom-o-que-e-quem-vai-lutar-e-como-sera\/\" \/>\n<meta property=\"og:site_name\" content=\"Ora\u00e7\u00e3o e F\u00e9\" \/>\n<meta property=\"article:published_time\" content=\"2022-09-30T01:40:16+00:00\" \/>\n<meta property=\"article:modified_time\" content=\"2022-09-30T01:45:35+00:00\" \/>\n<meta property=\"og:image\" content=\"https:\/\/www.oracaoefe.com\/wp-content\/uploads\/2022\/09\/Batalha-do-Armagedom-O-que-e-Quem-vai-lutar-e-Como-sera.jpg\" \/>\n\t<meta property=\"og:image:width\" content=\"1200\" \/>\n\t<meta property=\"og:image:height\" content=\"675\" \/>\n\t<meta property=\"og:image:type\" content=\"image\/jpeg\" \/>\n<meta name=\"author\" content=\"Maria\" \/>\n<meta name=\"twitter:card\" content=\"summary_large_image\" \/>\n<meta name=\"twitter:label1\" content=\"\u00c9crit par\" \/>\n\t<meta name=\"twitter:data1\" content=\"Maria\" \/>\n\t<meta name=\"twitter:label2\" content=\"Dur\u00e9e de lecture estim\u00e9e\" \/>\n\t<meta name=\"twitter:data2\" content=\"5 minutes\" \/>\n<script type=\"application\/ld+json\" class=\"yoast-schema-graph\">{\"@context\":\"https:\\\/\\\/schema.org\",\"@graph\":[{\"@type\":\"Article\",\"@id\":\"https:\\\/\\\/www.oracaoefe.com\\\/batalha-do-armagedom-o-que-e-quem-vai-lutar-e-como-sera\\\/#article\",\"isPartOf\":{\"@id\":\"https:\\\/\\\/www.oracaoefe.com\\\/batalha-do-armagedom-o-que-e-quem-vai-lutar-e-como-sera\\\/\"},\"author\":{\"name\":\"Maria\",\"@id\":\"https:\\\/\\\/www.oracaoefe.com\\\/#\\\/schema\\\/person\\\/27873f1e6043866689f5091b5139f23d\"},\"headline\":\"Batalha do Armagedom: O que \u00e9; Quem vai lutar e Como ser\u00e1\",\"datePublished\":\"2022-09-30T01:40:16+00:00\",\"dateModified\":\"2022-09-30T01:45:35+00:00\",\"mainEntityOfPage\":{\"@id\":\"https:\\\/\\\/www.oracaoefe.com\\\/batalha-do-armagedom-o-que-e-quem-vai-lutar-e-como-sera\\\/\"},\"wordCount\":936,\"commentCount\":0,\"image\":{\"@id\":\"https:\\\/\\\/www.oracaoefe.com\\\/batalha-do-armagedom-o-que-e-quem-vai-lutar-e-como-sera\\\/#primaryimage\"},\"thumbnailUrl\":\"https:\\\/\\\/www.oracaoefe.com\\\/wp-content\\\/uploads\\\/2022\\\/09\\\/Batalha-do-Armagedom-O-que-e-Quem-vai-lutar-e-Como-sera.jpg\",\"keywords\":[\"Apocalipse\",\"armagedon\",\"batalha de armagedon\",\"Biblia\"],\"articleSection\":[\"Curiosidades\"],\"inLanguage\":\"fr-FR\",\"potentialAction\":[{\"@type\":\"CommentAction\",\"name\":\"Comment\",\"target\":[\"https:\\\/\\\/www.oracaoefe.com\\\/batalha-do-armagedom-o-que-e-quem-vai-lutar-e-como-sera\\\/#respond\"]}]},{\"@type\":\"WebPage\",\"@id\":\"https:\\\/\\\/www.oracaoefe.com\\\/batalha-do-armagedom-o-que-e-quem-vai-lutar-e-como-sera\\\/\",\"url\":\"https:\\\/\\\/www.oracaoefe.com\\\/batalha-do-armagedom-o-que-e-quem-vai-lutar-e-como-sera\\\/\",\"name\":\"Batalha do Armagedom: O que \u00e9; Quem vai lutar e Como ser\u00e1 - Ora\u00e7\u00e3o e F\u00e9\",\"isPartOf\":{\"@id\":\"https:\\\/\\\/www.oracaoefe.com\\\/#website\"},\"primaryImageOfPage\":{\"@id\":\"https:\\\/\\\/www.oracaoefe.com\\\/batalha-do-armagedom-o-que-e-quem-vai-lutar-e-como-sera\\\/#primaryimage\"},\"image\":{\"@id\":\"https:\\\/\\\/www.oracaoefe.com\\\/batalha-do-armagedom-o-que-e-quem-vai-lutar-e-como-sera\\\/#primaryimage\"},\"thumbnailUrl\":\"https:\\\/\\\/www.oracaoefe.com\\\/wp-content\\\/uploads\\\/2022\\\/09\\\/Batalha-do-Armagedom-O-que-e-Quem-vai-lutar-e-Como-sera.jpg\",\"datePublished\":\"2022-09-30T01:40:16+00:00\",\"dateModified\":\"2022-09-30T01:45:35+00:00\",\"author\":{\"@id\":\"https:\\\/\\\/www.oracaoefe.com\\\/#\\\/schema\\\/person\\\/27873f1e6043866689f5091b5139f23d\"},\"description\":\"A batalha do Armagedom \u00e9, como o pr\u00f3prio nome diz, um conflito mencionado em Apocalipse, que acontece nos \u00faltimos momentos...\",\"breadcrumb\":{\"@id\":\"https:\\\/\\\/www.oracaoefe.com\\\/batalha-do-armagedom-o-que-e-quem-vai-lutar-e-como-sera\\\/#breadcrumb\"},\"inLanguage\":\"fr-FR\",\"potentialAction\":[{\"@type\":\"ReadAction\",\"target\":[\"https:\\\/\\\/www.oracaoefe.com\\\/batalha-do-armagedom-o-que-e-quem-vai-lutar-e-como-sera\\\/\"]}]},{\"@type\":\"ImageObject\",\"inLanguage\":\"fr-FR\",\"@id\":\"https:\\\/\\\/www.oracaoefe.com\\\/batalha-do-armagedom-o-que-e-quem-vai-lutar-e-como-sera\\\/#primaryimage\",\"url\":\"https:\\\/\\\/www.oracaoefe.com\\\/wp-content\\\/uploads\\\/2022\\\/09\\\/Batalha-do-Armagedom-O-que-e-Quem-vai-lutar-e-Como-sera.jpg\",\"contentUrl\":\"https:\\\/\\\/www.oracaoefe.com\\\/wp-content\\\/uploads\\\/2022\\\/09\\\/Batalha-do-Armagedom-O-que-e-Quem-vai-lutar-e-Como-sera.jpg\",\"width\":1200,\"height\":675,\"caption\":\"Batalha do Armagedom O que \u00e9; Quem vai lutar e Como ser\u00e1\"},{\"@type\":\"BreadcrumbList\",\"@id\":\"https:\\\/\\\/www.oracaoefe.com\\\/batalha-do-armagedom-o-que-e-quem-vai-lutar-e-como-sera\\\/#breadcrumb\",\"itemListElement\":[{\"@type\":\"ListItem\",\"position\":1,\"name\":\"Home\",\"item\":\"https:\\\/\\\/www.oracaoefe.com\\\/\"},{\"@type\":\"ListItem\",\"position\":2,\"name\":\"Curiosidades\",\"item\":\"https:\\\/\\\/www.oracaoefe.com\\\/es\\\/categoria\\\/curiosidades\\\/\"},{\"@type\":\"ListItem\",\"position\":3,\"name\":\"Batalha do Armagedom: O que \u00e9; Quem vai lutar e Como ser\u00e1\"}]},{\"@type\":\"WebSite\",\"@id\":\"https:\\\/\\\/www.oracaoefe.com\\\/#website\",\"url\":\"https:\\\/\\\/www.oracaoefe.com\\\/\",\"name\":\"Ora\u00e7\u00e3o e F\u00e9\",\"description\":\"\",\"potentialAction\":[{\"@type\":\"SearchAction\",\"target\":{\"@type\":\"EntryPoint\",\"urlTemplate\":\"https:\\\/\\\/www.oracaoefe.com\\\/?s={search_term_string}\"},\"query-input\":{\"@type\":\"PropertyValueSpecification\",\"valueRequired\":true,\"valueName\":\"search_term_string\"}}],\"inLanguage\":\"fr-FR\"},{\"@type\":\"Person\",\"@id\":\"https:\\\/\\\/www.oracaoefe.com\\\/#\\\/schema\\\/person\\\/27873f1e6043866689f5091b5139f23d\",\"name\":\"Maria\",\"image\":{\"@type\":\"ImageObject\",\"inLanguage\":\"fr-FR\",\"@id\":\"https:\\\/\\\/secure.gravatar.com\\\/avatar\\\/4cac5ea56d40d599bd7348d330a83b1c84cd229296d1613cd1c7f6740561d0c9?s=96&d=mm&r=g\",\"url\":\"https:\\\/\\\/secure.gravatar.com\\\/avatar\\\/4cac5ea56d40d599bd7348d330a83b1c84cd229296d1613cd1c7f6740561d0c9?s=96&d=mm&r=g\",\"contentUrl\":\"https:\\\/\\\/secure.gravatar.com\\\/avatar\\\/4cac5ea56d40d599bd7348d330a83b1c84cd229296d1613cd1c7f6740561d0c9?s=96&d=mm&r=g\",\"caption\":\"Maria\"},\"description\":\"Meu nome \u00e9 Maria e sou apaixonada por teologia, espiritualidade e estudos religiosos. H\u00e1 mais de 5 anos escrevo sobre o universo da f\u00e9, pesquisando diferentes religi\u00f5es, doutrinas, tradi\u00e7\u00f5es espirituais e curiosidades religiosas ao redor do mundo. Tenho grande interesse em compreender como a f\u00e9 e a religiosidade se manifestam em diferentes culturas, pa\u00edses e idiomas, sempre buscando aprender mais sobre os costumes, cren\u00e7as e hist\u00f3rias que influenciam milh\u00f5es de pessoas diariamente. Atualmente, atuo como redatora no portal Ora\u00e7\u00e3o e F\u00e9, onde compartilho conte\u00fados informativos, reflexivos e inspiradores voltados ao universo religioso e espiritual. Meu objetivo \u00e9 levar conhecimento, curiosidades e mensagens enriquecedoras para leitores que desejam aprofundar sua compreens\u00e3o sobre f\u00e9, religi\u00e3o e espiritualidade no mundo moderno.\",\"sameAs\":[\"https:\\\/\\\/www.oracaoefe.com\"],\"url\":\"https:\\\/\\\/www.oracaoefe.com\\\/fr\\\/author\\\/admin\\\/\"}]}<\/script>\n<!-- \/ Yoast SEO plugin. -->","yoast_head_json":{"title":"Batalha do Armagedom: O que \u00e9; Quem vai lutar e Como ser\u00e1 - Ora\u00e7\u00e3o e F\u00e9","description":"A batalha do Armagedom \u00e9, como o pr\u00f3prio nome diz, um conflito mencionado em Apocalipse, que acontece nos \u00faltimos momentos...","robots":{"index":"index","follow":"follow","max-snippet":"max-snippet:-1","max-image-preview":"max-image-preview:large","max-video-preview":"max-video-preview:-1"},"canonical":"https:\/\/www.oracaoefe.com\/fr\/batalha-do-armagedom-o-que-e-quem-vai-lutar-e-como-sera\/","og_locale":"fr_FR","og_type":"article","og_title":"Batalha do Armagedom: O que \u00e9; Quem vai lutar e Como ser\u00e1 - Ora\u00e7\u00e3o e F\u00e9","og_description":"A batalha do Armagedom \u00e9, como o pr\u00f3prio nome diz, um conflito mencionado em Apocalipse, que acontece nos \u00faltimos momentos...","og_url":"https:\/\/www.oracaoefe.com\/fr\/batalha-do-armagedom-o-que-e-quem-vai-lutar-e-como-sera\/","og_site_name":"Ora\u00e7\u00e3o e F\u00e9","article_published_time":"2022-09-30T01:40:16+00:00","article_modified_time":"2022-09-30T01:45:35+00:00","og_image":[{"width":1200,"height":675,"url":"https:\/\/www.oracaoefe.com\/wp-content\/uploads\/2022\/09\/Batalha-do-Armagedom-O-que-e-Quem-vai-lutar-e-Como-sera.jpg","type":"image\/jpeg"}],"author":"Maria","twitter_card":"summary_large_image","twitter_misc":{"\u00c9crit par":"Maria","Dur\u00e9e de lecture estim\u00e9e":"5 minutes"},"schema":{"@context":"https:\/\/schema.org","@graph":[{"@type":"Article","@id":"https:\/\/www.oracaoefe.com\/batalha-do-armagedom-o-que-e-quem-vai-lutar-e-como-sera\/#article","isPartOf":{"@id":"https:\/\/www.oracaoefe.com\/batalha-do-armagedom-o-que-e-quem-vai-lutar-e-como-sera\/"},"author":{"name":"Maria","@id":"https:\/\/www.oracaoefe.com\/#\/schema\/person\/27873f1e6043866689f5091b5139f23d"},"headline":"Batalha do Armagedom: O que \u00e9; Quem vai lutar e Como ser\u00e1","datePublished":"2022-09-30T01:40:16+00:00","dateModified":"2022-09-30T01:45:35+00:00","mainEntityOfPage":{"@id":"https:\/\/www.oracaoefe.com\/batalha-do-armagedom-o-que-e-quem-vai-lutar-e-como-sera\/"},"wordCount":936,"commentCount":0,"image":{"@id":"https:\/\/www.oracaoefe.com\/batalha-do-armagedom-o-que-e-quem-vai-lutar-e-como-sera\/#primaryimage"},"thumbnailUrl":"https:\/\/www.oracaoefe.com\/wp-content\/uploads\/2022\/09\/Batalha-do-Armagedom-O-que-e-Quem-vai-lutar-e-Como-sera.jpg","keywords":["Apocalipse","armagedon","batalha de armagedon","Biblia"],"articleSection":["Curiosidades"],"inLanguage":"fr-FR","potentialAction":[{"@type":"CommentAction","name":"Comment","target":["https:\/\/www.oracaoefe.com\/batalha-do-armagedom-o-que-e-quem-vai-lutar-e-como-sera\/#respond"]}]},{"@type":"WebPage","@id":"https:\/\/www.oracaoefe.com\/batalha-do-armagedom-o-que-e-quem-vai-lutar-e-como-sera\/","url":"https:\/\/www.oracaoefe.com\/batalha-do-armagedom-o-que-e-quem-vai-lutar-e-como-sera\/","name":"Batalha do Armagedom: O que \u00e9; Quem vai lutar e Como ser\u00e1 - Ora\u00e7\u00e3o e F\u00e9","isPartOf":{"@id":"https:\/\/www.oracaoefe.com\/#website"},"primaryImageOfPage":{"@id":"https:\/\/www.oracaoefe.com\/batalha-do-armagedom-o-que-e-quem-vai-lutar-e-como-sera\/#primaryimage"},"image":{"@id":"https:\/\/www.oracaoefe.com\/batalha-do-armagedom-o-que-e-quem-vai-lutar-e-como-sera\/#primaryimage"},"thumbnailUrl":"https:\/\/www.oracaoefe.com\/wp-content\/uploads\/2022\/09\/Batalha-do-Armagedom-O-que-e-Quem-vai-lutar-e-Como-sera.jpg","datePublished":"2022-09-30T01:40:16+00:00","dateModified":"2022-09-30T01:45:35+00:00","author":{"@id":"https:\/\/www.oracaoefe.com\/#\/schema\/person\/27873f1e6043866689f5091b5139f23d"},"description":"A batalha do Armagedom \u00e9, como o pr\u00f3prio nome diz, um conflito mencionado em Apocalipse, que acontece nos \u00faltimos momentos...","breadcrumb":{"@id":"https:\/\/www.oracaoefe.com\/batalha-do-armagedom-o-que-e-quem-vai-lutar-e-como-sera\/#breadcrumb"},"inLanguage":"fr-FR","potentialAction":[{"@type":"ReadAction","target":["https:\/\/www.oracaoefe.com\/batalha-do-armagedom-o-que-e-quem-vai-lutar-e-como-sera\/"]}]},{"@type":"ImageObject","inLanguage":"fr-FR","@id":"https:\/\/www.oracaoefe.com\/batalha-do-armagedom-o-que-e-quem-vai-lutar-e-como-sera\/#primaryimage","url":"https:\/\/www.oracaoefe.com\/wp-content\/uploads\/2022\/09\/Batalha-do-Armagedom-O-que-e-Quem-vai-lutar-e-Como-sera.jpg","contentUrl":"https:\/\/www.oracaoefe.com\/wp-content\/uploads\/2022\/09\/Batalha-do-Armagedom-O-que-e-Quem-vai-lutar-e-Como-sera.jpg","width":1200,"height":675,"caption":"Batalha do Armagedom O que \u00e9; Quem vai lutar e Como ser\u00e1"},{"@type":"BreadcrumbList","@id":"https:\/\/www.oracaoefe.com\/batalha-do-armagedom-o-que-e-quem-vai-lutar-e-como-sera\/#breadcrumb","itemListElement":[{"@type":"ListItem","position":1,"name":"Home","item":"https:\/\/www.oracaoefe.com\/"},{"@type":"ListItem","position":2,"name":"Curiosidades","item":"https:\/\/www.oracaoefe.com\/es\/categoria\/curiosidades\/"},{"@type":"ListItem","position":3,"name":"Batalha do Armagedom: O que \u00e9; Quem vai lutar e Como ser\u00e1"}]},{"@type":"WebSite","@id":"https:\/\/www.oracaoefe.com\/#website","url":"https:\/\/www.oracaoefe.com\/","name":"Pri\u00e8re et foi","description":"","potentialAction":[{"@type":"SearchAction","target":{"@type":"EntryPoint","urlTemplate":"https:\/\/www.oracaoefe.com\/?s={search_term_string}"},"query-input":{"@type":"PropertyValueSpecification","valueRequired":true,"valueName":"search_term_string"}}],"inLanguage":"fr-FR"},{"@type":"Person","@id":"https:\/\/www.oracaoefe.com\/#\/schema\/person\/27873f1e6043866689f5091b5139f23d","name":"Maria","image":{"@type":"ImageObject","inLanguage":"fr-FR","@id":"https:\/\/secure.gravatar.com\/avatar\/4cac5ea56d40d599bd7348d330a83b1c84cd229296d1613cd1c7f6740561d0c9?s=96&d=mm&r=g","url":"https:\/\/secure.gravatar.com\/avatar\/4cac5ea56d40d599bd7348d330a83b1c84cd229296d1613cd1c7f6740561d0c9?s=96&d=mm&r=g","contentUrl":"https:\/\/secure.gravatar.com\/avatar\/4cac5ea56d40d599bd7348d330a83b1c84cd229296d1613cd1c7f6740561d0c9?s=96&d=mm&r=g","caption":"Maria"},"description":"Meu nome \u00e9 Maria e sou apaixonada por teologia, espiritualidade e estudos religiosos. H\u00e1 mais de 5 anos escrevo sobre o universo da f\u00e9, pesquisando diferentes religi\u00f5es, doutrinas, tradi\u00e7\u00f5es espirituais e curiosidades religiosas ao redor do mundo. Tenho grande interesse em compreender como a f\u00e9 e a religiosidade se manifestam em diferentes culturas, pa\u00edses e idiomas, sempre buscando aprender mais sobre os costumes, cren\u00e7as e hist\u00f3rias que influenciam milh\u00f5es de pessoas diariamente. Atualmente, atuo como redatora no portal Ora\u00e7\u00e3o e F\u00e9, onde compartilho conte\u00fados informativos, reflexivos e inspiradores voltados ao universo religioso e espiritual. Meu objetivo \u00e9 levar conhecimento, curiosidades e mensagens enriquecedoras para leitores que desejam aprofundar sua compreens\u00e3o sobre f\u00e9, religi\u00e3o e espiritualidade no mundo moderno.","sameAs":["https:\/\/www.oracaoefe.com"],"url":"https:\/\/www.oracaoefe.com\/fr\/author\/admin\/"}]}},"_links":{"self":[{"href":"https:\/\/www.oracaoefe.com\/fr\/wp-json\/wp\/v2\/posts\/593","targetHints":{"allow":["GET"]}}],"collection":[{"href":"https:\/\/www.oracaoefe.com\/fr\/wp-json\/wp\/v2\/posts"}],"about":[{"href":"https:\/\/www.oracaoefe.com\/fr\/wp-json\/wp\/v2\/types\/post"}],"author":[{"embeddable":true,"href":"https:\/\/www.oracaoefe.com\/fr\/wp-json\/wp\/v2\/users\/1"}],"replies":[{"embeddable":true,"href":"https:\/\/www.oracaoefe.com\/fr\/wp-json\/wp\/v2\/comments?post=593"}],"version-history":[{"count":1,"href":"https:\/\/www.oracaoefe.com\/fr\/wp-json\/wp\/v2\/posts\/593\/revisions"}],"predecessor-version":[{"id":598,"href":"https:\/\/www.oracaoefe.com\/fr\/wp-json\/wp\/v2\/posts\/593\/revisions\/598"}],"wp:featuredmedia":[{"embeddable":true,"href":"https:\/\/www.oracaoefe.com\/fr\/wp-json\/wp\/v2\/media\/602"}],"wp:attachment":[{"href":"https:\/\/www.oracaoefe.com\/fr\/wp-json\/wp\/v2\/media?parent=593"}],"wp:term":[{"taxonomy":"category","embeddable":true,"href":"https:\/\/www.oracaoefe.com\/fr\/wp-json\/wp\/v2\/categories?post=593"},{"taxonomy":"post_tag","embeddable":true,"href":"https:\/\/www.oracaoefe.com\/fr\/wp-json\/wp\/v2\/tags?post=593"}],"curies":[{"name":"wp","href":"https:\/\/api.w.org\/{rel}","templated":true}]}}