{"id":582,"date":"2022-09-24T22:20:00","date_gmt":"2022-09-25T01:20:00","guid":{"rendered":"https:\/\/www.oracaoefe.com\/?p=582"},"modified":"2022-09-29T22:31:38","modified_gmt":"2022-09-30T01:31:38","slug":"app-depressao","status":"publish","type":"post","link":"https:\/\/www.oracaoefe.com\/fr\/app-depressao\/","title":{"rendered":"App Depress\u00e3o"},"content":{"rendered":"<div class=\"wp-block-post-date\"><time datetime=\"2022-09-24T22:20:00-03:00\">25\/09\/2022<\/time><\/div>\n\n\n<p class=\"wp-block-paragraph\">O<strong> App Depress\u00e3o<\/strong> foi criado para tratar a depress\u00e3o.\u00c9 importante saber que nenhuma terapia psicol\u00f3gica tradicional pode ser substitu\u00edda, e sim complementada, a fim de gerar um acesso facilitado a ferramentas digitais que possam ser \u00fateis na luta contra a doen\u00e7a.<\/p>\n\n\n\n<h2 class=\"wp-block-heading\">App Depress\u00e3o baixar<\/h2>\n\n\n\n<p class=\"wp-block-paragraph\">Desenvolvido para ajudar no tratamento contra a depress\u00e3o, o app Depress\u00e3o foi feito para auxiliar pacientes ansiosos ou deprimidos respeitando o princ\u00edpio da terapia comportamental e cognitiva. O objetivo deste aplicativo \u00e9 ensinar essas pessoas a identificar melhor seus humores e modificar seus pensamentos negativos.<\/p>\n\n\n\n<p class=\"wp-block-paragraph\">Uma vez baixado nas vers\u00f5es iOS ou Android, este aplicativo oferece a voc\u00ea o registro de seus humores. Voc\u00ea pode registrar v\u00e1rios estados de esp\u00edrito (ansiedade, felicidade, depress\u00e3o, raiva, relaxamento ou at\u00e9 confus\u00e3o) e escolher um grau de intensidade que varia de 1 (para baixa intensidade) a 5 (para alta intensidade).&nbsp;<\/p>\n\n\n\n<p class=\"wp-block-paragraph\">Em seguida, voc\u00ea precisa indicar o local e a hora do sentimento. Uma se\u00e7\u00e3o tamb\u00e9m pede que voc\u00ea explique seu humor: como exatamente voc\u00ea se sentiu, o que aconteceu, o que voc\u00ea estava pensando no momento? Tantas respostas que permitem que voc\u00ea entenda o que interfere nas suas emo\u00e7\u00f5es.<\/p>\n\n\n\n<h2 class=\"wp-block-heading\">Como funciona o App Depress\u00e3o<\/h2>\n\n\n\n<p class=\"wp-block-paragraph\">Especialistas desenvolveram um aplicativo de smartphone para cuidar melhor de pessoas que lutam contra a depress\u00e3o, incluindo o uso do poder da intelig\u00eancia artificial.<\/p>\n\n\n\n<p class=\"wp-block-paragraph\">Com o objetivo de construir uma ponte entre medicina e tecnologia, o App Depress\u00e3o est\u00e1 mudando a vida de muitos jovens e adultos que sofrem desse problema de sa\u00fade mental.<\/p>\n\n\n\n<p class=\"wp-block-paragraph\">Uma em cada nove pessoas em todo o mundo vivenciar\u00e1 depress\u00e3o maior durante a vida, de acordo com estudos. A maioria deles n\u00e3o vai receber o melhor tratamento na primeira vez. Muitas pessoas ter\u00e3o que fazer quatro ou cinco tentativas antes de encontrar o tratamento certo, e considerando isso, o aplicativo traz uma nova estrat\u00e9gia para ajudar as pessoas que sofrem de depress\u00e3o ou ansiedade.<\/p>\n\n\n\n<h3 class=\"wp-block-heading\">Uma ferramenta promissora<\/h3>\n\n\n\n<p class=\"wp-block-paragraph\">Apesar dos resultados iniciais encorajadores, atualmente n\u00e3o h\u00e1 evid\u00eancias que sugiram que o uso desses aplicativos sozinhos possa superar a terapia psicol\u00f3gica padr\u00e3o ou reduzir a necessidade de antidepressivos. No entanto, seu desenvolvimento pode se tornar uma alternativa real, fornecendo cuidados acess\u00edveis e acess\u00edveis a pacientes que podem n\u00e3o ter acesso ao tratamento.<\/p>\n\n\n\n<h3 class=\"wp-block-heading\">Caminho de recupera\u00e7\u00e3o<\/h3>\n\n\n\n<p class=\"wp-block-paragraph\">A depress\u00e3o afeta a todos de maneira diferente. Seja depress\u00e3o grave, solid\u00e3o profunda, luto doloroso ou estresse extremo, \u00e9 importante ter acesso f\u00e1cil a ajuda quando necess\u00e1rio. O que funciona para algu\u00e9m n\u00e3o necessariamente funcionar\u00e1 para voc\u00ea. E o que funcionou para voc\u00ea ontem pode n\u00e3o funcionar hoje.<\/p>\n\n\n\n<p class=\"wp-block-paragraph\">Para algumas pessoas, o caminho para a recupera\u00e7\u00e3o pode envolver terapia, medica\u00e7\u00e3o ou uma combina\u00e7\u00e3o de ambos. Para outros, um aplicativo m\u00f3vel pode ser uma valiosa op\u00e7\u00e3o separada ou complementar para combater os sintomas depressivos.<\/p>\n\n\n\n<p class=\"wp-block-paragraph\">Os benef\u00edcios de usar um aplicativo m\u00f3vel s\u00e3o in\u00fameros. N\u00e3o \u00e9 necess\u00e1rio agendamento. A discri\u00e7\u00e3o e a conveni\u00eancia est\u00e3o entre os pontos fortes.<\/p>\n\n\n\n<h3 class=\"wp-block-heading\">Atividades antidepressivas<\/h3>\n\n\n\n<p class=\"wp-block-paragraph\">O app Depress\u00e3o ajuda a entender, tratar e prevenir a depress\u00e3o. Baseado em pesquisa psicol\u00f3gica e neuroci\u00eancia, integra tecnologia e terapia comportamental.<\/p>\n\n\n\n<p class=\"wp-block-paragraph\">O aplicativo tamb\u00e9m ajuda a se envolver em atividades antidepressivas que reduzem significativamente os sintomas de depress\u00e3o. H\u00e1 muitas coisas que voc\u00ea pode fazer em casa para melhorar os sintomas. Esses quatro fatores, que podem ajudar na recupera\u00e7\u00e3o da depress\u00e3o, s\u00e3o cuidadosamente enfatizados no programa: sono, nutri\u00e7\u00e3o, atividade f\u00edsica e medita\u00e7\u00e3o.<\/p>\n\n\n\n<p class=\"wp-block-paragraph\">O aplicativo Depress\u00e3o pode ser comparado a um melhor amigo, presente em todas as fases de uma separa\u00e7\u00e3o. Baseia-se em sua abordagem simples e poderosa ao questionamento pessoal: o trabalho. Ajuda a identificar e desafiar os pensamentos que causam raiva, medo, depress\u00e3o, v\u00edcio e viol\u00eancia.<\/p>\n\n\n\n<h2 class=\"wp-block-heading\">Por que baixar o App Depress\u00e3o?<\/h2>\n\n\n\n<p class=\"wp-block-paragraph\">O que um aplicativo pode mudar na vida de algu\u00e9m com depress\u00e3o? Primeiro, devolver\u00e1 aos pacientes o poder sobre suas vidas, permitir\u00e1 que eles entendam sua situa\u00e7\u00e3o e vejam seu progresso. Tamb\u00e9m ajudar\u00e1 a encontrar o melhor tratamento, mais r\u00e1pido. Isso diminui o tempo que vai passar antes de ver os resultados, de acordo com o m\u00e9dico-psiquiatra. \u00c9 isso que o App Depress\u00e3o promete aos seus usu\u00e1rios.<\/p>","protected":false},"excerpt":{"rendered":"<p>O App Depress\u00e3o foi criado para tratar a depress\u00e3o.\u00c9 importante saber que nenhuma terapia psicol\u00f3gica tradicional pode ser substitu\u00edda&#8230;<\/p>","protected":false},"author":1,"featured_media":588,"comment_status":"open","ping_status":"closed","sticky":false,"template":"","format":"standard","meta":{"neve_meta_sidebar":"","neve_meta_container":"","neve_meta_enable_content_width":"","neve_meta_content_width":0,"neve_meta_title_alignment":"","neve_meta_author_avatar":"","neve_post_elements_order":"","neve_meta_disable_header":"","neve_meta_disable_footer":"","neve_meta_disable_title":"","footnotes":""},"categories":[1],"tags":[27,148],"class_list":["post-582","post","type-post","status-publish","format-standard","has-post-thumbnail","hentry","category-curiosidades","tag-app","tag-depressao-2"],"yoast_head":"<!-- This site is optimized with the Yoast SEO plugin v28.4 - https:\/\/yoast.com\/product\/yoast-seo-wordpress\/ -->\n<title>App Depress\u00e3o - Ora\u00e7\u00e3o e F\u00e9<\/title>\n<meta name=\"description\" content=\"O App Depress\u00e3o foi criado para tratar a depress\u00e3o.\u00c9 importante saber que nenhuma terapia psicol\u00f3gica tradicional pode ser substitu\u00edda...\" \/>\n<meta name=\"robots\" content=\"index, follow, max-snippet:-1, max-image-preview:large, max-video-preview:-1\" \/>\n<link rel=\"canonical\" href=\"https:\/\/www.oracaoefe.com\/fr\/app-depressao\/\" \/>\n<meta property=\"og:locale\" content=\"fr_FR\" \/>\n<meta property=\"og:type\" content=\"article\" \/>\n<meta property=\"og:title\" content=\"App Depress\u00e3o - Ora\u00e7\u00e3o e F\u00e9\" \/>\n<meta property=\"og:description\" content=\"O App Depress\u00e3o foi criado para tratar a depress\u00e3o.\u00c9 importante saber que nenhuma terapia psicol\u00f3gica tradicional pode ser substitu\u00edda...\" \/>\n<meta property=\"og:url\" content=\"https:\/\/www.oracaoefe.com\/fr\/app-depressao\/\" \/>\n<meta property=\"og:site_name\" content=\"Ora\u00e7\u00e3o e F\u00e9\" \/>\n<meta property=\"article:published_time\" content=\"2022-09-25T01:20:00+00:00\" \/>\n<meta property=\"article:modified_time\" content=\"2022-09-30T01:31:38+00:00\" \/>\n<meta property=\"og:image\" content=\"https:\/\/www.oracaoefe.com\/wp-content\/uploads\/2022\/09\/App-Depressao.jpg\" \/>\n\t<meta property=\"og:image:width\" content=\"1200\" \/>\n\t<meta property=\"og:image:height\" content=\"675\" \/>\n\t<meta property=\"og:image:type\" content=\"image\/jpeg\" \/>\n<meta name=\"author\" content=\"Maria\" \/>\n<meta name=\"twitter:card\" content=\"summary_large_image\" \/>\n<meta name=\"twitter:label1\" content=\"\u00c9crit par\" \/>\n\t<meta name=\"twitter:data1\" content=\"Maria\" \/>\n\t<meta name=\"twitter:label2\" content=\"Dur\u00e9e de lecture estim\u00e9e\" \/>\n\t<meta name=\"twitter:data2\" content=\"4 minutes\" \/>\n<script type=\"application\/ld+json\" class=\"yoast-schema-graph\">{\"@context\":\"https:\\\/\\\/schema.org\",\"@graph\":[{\"@type\":\"Article\",\"@id\":\"https:\\\/\\\/www.oracaoefe.com\\\/es\\\/app-depressao\\\/#article\",\"isPartOf\":{\"@id\":\"https:\\\/\\\/www.oracaoefe.com\\\/es\\\/app-depressao\\\/\"},\"author\":{\"name\":\"Maria\",\"@id\":\"https:\\\/\\\/www.oracaoefe.com\\\/#\\\/schema\\\/person\\\/27873f1e6043866689f5091b5139f23d\"},\"headline\":\"App Depress\u00e3o\",\"datePublished\":\"2022-09-25T01:20:00+00:00\",\"dateModified\":\"2022-09-30T01:31:38+00:00\",\"mainEntityOfPage\":{\"@id\":\"https:\\\/\\\/www.oracaoefe.com\\\/es\\\/app-depressao\\\/\"},\"wordCount\":752,\"commentCount\":0,\"image\":{\"@id\":\"https:\\\/\\\/www.oracaoefe.com\\\/es\\\/app-depressao\\\/#primaryimage\"},\"thumbnailUrl\":\"https:\\\/\\\/www.oracaoefe.com\\\/wp-content\\\/uploads\\\/2022\\\/09\\\/App-Depressao.jpg\",\"keywords\":[\"App\",\"depress\u00e3o\"],\"articleSection\":[\"Curiosidades\"],\"inLanguage\":\"fr-FR\",\"potentialAction\":[{\"@type\":\"CommentAction\",\"name\":\"Comment\",\"target\":[\"https:\\\/\\\/www.oracaoefe.com\\\/es\\\/app-depressao\\\/#respond\"]}]},{\"@type\":\"WebPage\",\"@id\":\"https:\\\/\\\/www.oracaoefe.com\\\/es\\\/app-depressao\\\/\",\"url\":\"https:\\\/\\\/www.oracaoefe.com\\\/es\\\/app-depressao\\\/\",\"name\":\"App Depress\u00e3o - Ora\u00e7\u00e3o e F\u00e9\",\"isPartOf\":{\"@id\":\"https:\\\/\\\/www.oracaoefe.com\\\/#website\"},\"primaryImageOfPage\":{\"@id\":\"https:\\\/\\\/www.oracaoefe.com\\\/es\\\/app-depressao\\\/#primaryimage\"},\"image\":{\"@id\":\"https:\\\/\\\/www.oracaoefe.com\\\/es\\\/app-depressao\\\/#primaryimage\"},\"thumbnailUrl\":\"https:\\\/\\\/www.oracaoefe.com\\\/wp-content\\\/uploads\\\/2022\\\/09\\\/App-Depressao.jpg\",\"datePublished\":\"2022-09-25T01:20:00+00:00\",\"dateModified\":\"2022-09-30T01:31:38+00:00\",\"author\":{\"@id\":\"https:\\\/\\\/www.oracaoefe.com\\\/#\\\/schema\\\/person\\\/27873f1e6043866689f5091b5139f23d\"},\"description\":\"O App Depress\u00e3o foi criado para tratar a depress\u00e3o.\u00c9 importante saber que nenhuma terapia psicol\u00f3gica tradicional pode ser substitu\u00edda...\",\"breadcrumb\":{\"@id\":\"https:\\\/\\\/www.oracaoefe.com\\\/es\\\/app-depressao\\\/#breadcrumb\"},\"inLanguage\":\"fr-FR\",\"potentialAction\":[{\"@type\":\"ReadAction\",\"target\":[\"https:\\\/\\\/www.oracaoefe.com\\\/es\\\/app-depressao\\\/\"]}]},{\"@type\":\"ImageObject\",\"inLanguage\":\"fr-FR\",\"@id\":\"https:\\\/\\\/www.oracaoefe.com\\\/es\\\/app-depressao\\\/#primaryimage\",\"url\":\"https:\\\/\\\/www.oracaoefe.com\\\/wp-content\\\/uploads\\\/2022\\\/09\\\/App-Depressao.jpg\",\"contentUrl\":\"https:\\\/\\\/www.oracaoefe.com\\\/wp-content\\\/uploads\\\/2022\\\/09\\\/App-Depressao.jpg\",\"width\":1200,\"height\":675,\"caption\":\"App Depress\u00e3o\"},{\"@type\":\"BreadcrumbList\",\"@id\":\"https:\\\/\\\/www.oracaoefe.com\\\/es\\\/app-depressao\\\/#breadcrumb\",\"itemListElement\":[{\"@type\":\"ListItem\",\"position\":1,\"name\":\"Home\",\"item\":\"https:\\\/\\\/www.oracaoefe.com\\\/\"},{\"@type\":\"ListItem\",\"position\":2,\"name\":\"Curiosidades\",\"item\":\"https:\\\/\\\/www.oracaoefe.com\\\/es\\\/categoria\\\/curiosidades\\\/\"},{\"@type\":\"ListItem\",\"position\":3,\"name\":\"App Depress\u00e3o\"}]},{\"@type\":\"WebSite\",\"@id\":\"https:\\\/\\\/www.oracaoefe.com\\\/#website\",\"url\":\"https:\\\/\\\/www.oracaoefe.com\\\/\",\"name\":\"Ora\u00e7\u00e3o e F\u00e9\",\"description\":\"\",\"potentialAction\":[{\"@type\":\"SearchAction\",\"target\":{\"@type\":\"EntryPoint\",\"urlTemplate\":\"https:\\\/\\\/www.oracaoefe.com\\\/?s={search_term_string}\"},\"query-input\":{\"@type\":\"PropertyValueSpecification\",\"valueRequired\":true,\"valueName\":\"search_term_string\"}}],\"inLanguage\":\"fr-FR\"},{\"@type\":\"Person\",\"@id\":\"https:\\\/\\\/www.oracaoefe.com\\\/#\\\/schema\\\/person\\\/27873f1e6043866689f5091b5139f23d\",\"name\":\"Maria\",\"image\":{\"@type\":\"ImageObject\",\"inLanguage\":\"fr-FR\",\"@id\":\"https:\\\/\\\/secure.gravatar.com\\\/avatar\\\/4cac5ea56d40d599bd7348d330a83b1c84cd229296d1613cd1c7f6740561d0c9?s=96&d=mm&r=g\",\"url\":\"https:\\\/\\\/secure.gravatar.com\\\/avatar\\\/4cac5ea56d40d599bd7348d330a83b1c84cd229296d1613cd1c7f6740561d0c9?s=96&d=mm&r=g\",\"contentUrl\":\"https:\\\/\\\/secure.gravatar.com\\\/avatar\\\/4cac5ea56d40d599bd7348d330a83b1c84cd229296d1613cd1c7f6740561d0c9?s=96&d=mm&r=g\",\"caption\":\"Maria\"},\"description\":\"Meu nome \u00e9 Maria e sou apaixonada por teologia, espiritualidade e estudos religiosos. H\u00e1 mais de 5 anos escrevo sobre o universo da f\u00e9, pesquisando diferentes religi\u00f5es, doutrinas, tradi\u00e7\u00f5es espirituais e curiosidades religiosas ao redor do mundo. Tenho grande interesse em compreender como a f\u00e9 e a religiosidade se manifestam em diferentes culturas, pa\u00edses e idiomas, sempre buscando aprender mais sobre os costumes, cren\u00e7as e hist\u00f3rias que influenciam milh\u00f5es de pessoas diariamente. Atualmente, atuo como redatora no portal Ora\u00e7\u00e3o e F\u00e9, onde compartilho conte\u00fados informativos, reflexivos e inspiradores voltados ao universo religioso e espiritual. Meu objetivo \u00e9 levar conhecimento, curiosidades e mensagens enriquecedoras para leitores que desejam aprofundar sua compreens\u00e3o sobre f\u00e9, religi\u00e3o e espiritualidade no mundo moderno.\",\"sameAs\":[\"https:\\\/\\\/www.oracaoefe.com\"],\"url\":\"https:\\\/\\\/www.oracaoefe.com\\\/fr\\\/author\\\/admin\\\/\"}]}<\/script>\n<!-- \/ Yoast SEO plugin. -->","yoast_head_json":{"title":"App Depress\u00e3o - Ora\u00e7\u00e3o e F\u00e9","description":"O App Depress\u00e3o foi criado para tratar a depress\u00e3o.\u00c9 importante saber que nenhuma terapia psicol\u00f3gica tradicional pode ser substitu\u00edda...","robots":{"index":"index","follow":"follow","max-snippet":"max-snippet:-1","max-image-preview":"max-image-preview:large","max-video-preview":"max-video-preview:-1"},"canonical":"https:\/\/www.oracaoefe.com\/fr\/app-depressao\/","og_locale":"fr_FR","og_type":"article","og_title":"App Depress\u00e3o - Ora\u00e7\u00e3o e F\u00e9","og_description":"O App Depress\u00e3o foi criado para tratar a depress\u00e3o.\u00c9 importante saber que nenhuma terapia psicol\u00f3gica tradicional pode ser substitu\u00edda...","og_url":"https:\/\/www.oracaoefe.com\/fr\/app-depressao\/","og_site_name":"Ora\u00e7\u00e3o e F\u00e9","article_published_time":"2022-09-25T01:20:00+00:00","article_modified_time":"2022-09-30T01:31:38+00:00","og_image":[{"width":1200,"height":675,"url":"https:\/\/www.oracaoefe.com\/wp-content\/uploads\/2022\/09\/App-Depressao.jpg","type":"image\/jpeg"}],"author":"Maria","twitter_card":"summary_large_image","twitter_misc":{"\u00c9crit par":"Maria","Dur\u00e9e de lecture estim\u00e9e":"4 minutes"},"schema":{"@context":"https:\/\/schema.org","@graph":[{"@type":"Article","@id":"https:\/\/www.oracaoefe.com\/es\/app-depressao\/#article","isPartOf":{"@id":"https:\/\/www.oracaoefe.com\/es\/app-depressao\/"},"author":{"name":"Maria","@id":"https:\/\/www.oracaoefe.com\/#\/schema\/person\/27873f1e6043866689f5091b5139f23d"},"headline":"App Depress\u00e3o","datePublished":"2022-09-25T01:20:00+00:00","dateModified":"2022-09-30T01:31:38+00:00","mainEntityOfPage":{"@id":"https:\/\/www.oracaoefe.com\/es\/app-depressao\/"},"wordCount":752,"commentCount":0,"image":{"@id":"https:\/\/www.oracaoefe.com\/es\/app-depressao\/#primaryimage"},"thumbnailUrl":"https:\/\/www.oracaoefe.com\/wp-content\/uploads\/2022\/09\/App-Depressao.jpg","keywords":["App","depress\u00e3o"],"articleSection":["Curiosidades"],"inLanguage":"fr-FR","potentialAction":[{"@type":"CommentAction","name":"Comment","target":["https:\/\/www.oracaoefe.com\/es\/app-depressao\/#respond"]}]},{"@type":"WebPage","@id":"https:\/\/www.oracaoefe.com\/es\/app-depressao\/","url":"https:\/\/www.oracaoefe.com\/es\/app-depressao\/","name":"App Depress\u00e3o - Ora\u00e7\u00e3o e F\u00e9","isPartOf":{"@id":"https:\/\/www.oracaoefe.com\/#website"},"primaryImageOfPage":{"@id":"https:\/\/www.oracaoefe.com\/es\/app-depressao\/#primaryimage"},"image":{"@id":"https:\/\/www.oracaoefe.com\/es\/app-depressao\/#primaryimage"},"thumbnailUrl":"https:\/\/www.oracaoefe.com\/wp-content\/uploads\/2022\/09\/App-Depressao.jpg","datePublished":"2022-09-25T01:20:00+00:00","dateModified":"2022-09-30T01:31:38+00:00","author":{"@id":"https:\/\/www.oracaoefe.com\/#\/schema\/person\/27873f1e6043866689f5091b5139f23d"},"description":"O App Depress\u00e3o foi criado para tratar a depress\u00e3o.\u00c9 importante saber que nenhuma terapia psicol\u00f3gica tradicional pode ser substitu\u00edda...","breadcrumb":{"@id":"https:\/\/www.oracaoefe.com\/es\/app-depressao\/#breadcrumb"},"inLanguage":"fr-FR","potentialAction":[{"@type":"ReadAction","target":["https:\/\/www.oracaoefe.com\/es\/app-depressao\/"]}]},{"@type":"ImageObject","inLanguage":"fr-FR","@id":"https:\/\/www.oracaoefe.com\/es\/app-depressao\/#primaryimage","url":"https:\/\/www.oracaoefe.com\/wp-content\/uploads\/2022\/09\/App-Depressao.jpg","contentUrl":"https:\/\/www.oracaoefe.com\/wp-content\/uploads\/2022\/09\/App-Depressao.jpg","width":1200,"height":675,"caption":"App Depress\u00e3o"},{"@type":"BreadcrumbList","@id":"https:\/\/www.oracaoefe.com\/es\/app-depressao\/#breadcrumb","itemListElement":[{"@type":"ListItem","position":1,"name":"Home","item":"https:\/\/www.oracaoefe.com\/"},{"@type":"ListItem","position":2,"name":"Curiosidades","item":"https:\/\/www.oracaoefe.com\/es\/categoria\/curiosidades\/"},{"@type":"ListItem","position":3,"name":"App Depress\u00e3o"}]},{"@type":"WebSite","@id":"https:\/\/www.oracaoefe.com\/#website","url":"https:\/\/www.oracaoefe.com\/","name":"Pri\u00e8re et foi","description":"","potentialAction":[{"@type":"SearchAction","target":{"@type":"EntryPoint","urlTemplate":"https:\/\/www.oracaoefe.com\/?s={search_term_string}"},"query-input":{"@type":"PropertyValueSpecification","valueRequired":true,"valueName":"search_term_string"}}],"inLanguage":"fr-FR"},{"@type":"Person","@id":"https:\/\/www.oracaoefe.com\/#\/schema\/person\/27873f1e6043866689f5091b5139f23d","name":"Maria","image":{"@type":"ImageObject","inLanguage":"fr-FR","@id":"https:\/\/secure.gravatar.com\/avatar\/4cac5ea56d40d599bd7348d330a83b1c84cd229296d1613cd1c7f6740561d0c9?s=96&d=mm&r=g","url":"https:\/\/secure.gravatar.com\/avatar\/4cac5ea56d40d599bd7348d330a83b1c84cd229296d1613cd1c7f6740561d0c9?s=96&d=mm&r=g","contentUrl":"https:\/\/secure.gravatar.com\/avatar\/4cac5ea56d40d599bd7348d330a83b1c84cd229296d1613cd1c7f6740561d0c9?s=96&d=mm&r=g","caption":"Maria"},"description":"Meu nome \u00e9 Maria e sou apaixonada por teologia, espiritualidade e estudos religiosos. H\u00e1 mais de 5 anos escrevo sobre o universo da f\u00e9, pesquisando diferentes religi\u00f5es, doutrinas, tradi\u00e7\u00f5es espirituais e curiosidades religiosas ao redor do mundo. Tenho grande interesse em compreender como a f\u00e9 e a religiosidade se manifestam em diferentes culturas, pa\u00edses e idiomas, sempre buscando aprender mais sobre os costumes, cren\u00e7as e hist\u00f3rias que influenciam milh\u00f5es de pessoas diariamente. Atualmente, atuo como redatora no portal Ora\u00e7\u00e3o e F\u00e9, onde compartilho conte\u00fados informativos, reflexivos e inspiradores voltados ao universo religioso e espiritual. Meu objetivo \u00e9 levar conhecimento, curiosidades e mensagens enriquecedoras para leitores que desejam aprofundar sua compreens\u00e3o sobre f\u00e9, religi\u00e3o e espiritualidade no mundo moderno.","sameAs":["https:\/\/www.oracaoefe.com"],"url":"https:\/\/www.oracaoefe.com\/fr\/author\/admin\/"}]}},"_links":{"self":[{"href":"https:\/\/www.oracaoefe.com\/fr\/wp-json\/wp\/v2\/posts\/582","targetHints":{"allow":["GET"]}}],"collection":[{"href":"https:\/\/www.oracaoefe.com\/fr\/wp-json\/wp\/v2\/posts"}],"about":[{"href":"https:\/\/www.oracaoefe.com\/fr\/wp-json\/wp\/v2\/types\/post"}],"author":[{"embeddable":true,"href":"https:\/\/www.oracaoefe.com\/fr\/wp-json\/wp\/v2\/users\/1"}],"replies":[{"embeddable":true,"href":"https:\/\/www.oracaoefe.com\/fr\/wp-json\/wp\/v2\/comments?post=582"}],"version-history":[{"count":2,"href":"https:\/\/www.oracaoefe.com\/fr\/wp-json\/wp\/v2\/posts\/582\/revisions"}],"predecessor-version":[{"id":590,"href":"https:\/\/www.oracaoefe.com\/fr\/wp-json\/wp\/v2\/posts\/582\/revisions\/590"}],"wp:featuredmedia":[{"embeddable":true,"href":"https:\/\/www.oracaoefe.com\/fr\/wp-json\/wp\/v2\/media\/588"}],"wp:attachment":[{"href":"https:\/\/www.oracaoefe.com\/fr\/wp-json\/wp\/v2\/media?parent=582"}],"wp:term":[{"taxonomy":"category","embeddable":true,"href":"https:\/\/www.oracaoefe.com\/fr\/wp-json\/wp\/v2\/categories?post=582"},{"taxonomy":"post_tag","embeddable":true,"href":"https:\/\/www.oracaoefe.com\/fr\/wp-json\/wp\/v2\/tags?post=582"}],"curies":[{"name":"wp","href":"https:\/\/api.w.org\/{rel}","templated":true}]}}