{"id":570,"date":"2022-09-24T22:03:00","date_gmt":"2022-09-25T01:03:00","guid":{"rendered":"https:\/\/www.oracaoefe.com\/?p=570"},"modified":"2022-09-29T22:17:13","modified_gmt":"2022-09-30T01:17:13","slug":"app-medidor-de-glicose","status":"publish","type":"post","link":"https:\/\/www.oracaoefe.com\/fr\/app-medidor-de-glicose\/","title":{"rendered":"App Medidor de Glicose"},"content":{"rendered":"<div class=\"wp-block-post-date\"><time datetime=\"2022-09-24T22:03:00-03:00\">24 septembre 2022<\/time><\/div>\n\n\n<p class=\"wp-block-paragraph\">O<strong> App Medidor de Glicose<\/strong> \u00e9 um sistema de automonitoriza\u00e7\u00e3o da glicemia de nova gera\u00e7\u00e3o: permite a medi\u00e7\u00e3o dos n\u00edveis de glicose no l\u00edquido intersticial em pessoas (com 4 anos ou mais) com diabetes mellitus sem agulha.&nbsp;<\/p>\n\n\n\n<p class=\"wp-block-paragraph\">Este dispositivo foi concebido para substituir a medi\u00e7\u00e3o da glicemia por amostragem capilar, exceto em casos especiais (mulheres gr\u00e1vidas, pessoas em di\u00e1lise ou menores de 4 anos). Consiste em um sensor colocado na pele por 14 dias e um leitor usado para escanear o sensor por meio de um link sem fio. Os dados gerados incluem todo o perfil glic\u00eamico (valores, tend\u00eancias, variabilidade glic\u00eamica, hist\u00f3rico das \u00faltimas 8 horas, etc.).<\/p>\n\n\n\n<h2 class=\"wp-block-heading\">App Medidor de Glicose baixar<\/h2>\n\n\n\n<p class=\"wp-block-paragraph\">Muitos diab\u00e9ticos usam um aplicativo m\u00f3vel para gerenciar melhor sua doen\u00e7a, seja calculando carboidratos, encontrando receitas adequadas ou ajudando no controle de a\u00e7\u00facar no sangue.&nbsp;<\/p>\n\n\n\n<p class=\"wp-block-paragraph\">O uso do <strong>app Medidor de Glicose<\/strong>, e de sensores, facilita o monitoramento do seu n\u00edvel de glicose evitando o ritual de picadas nos dedos.&nbsp;<\/p>\n\n\n\n<p class=\"wp-block-paragraph\">Ele permite que voc\u00ea verifique seu n\u00edvel de glicose segurando a parte de tr\u00e1s de seu telefone contra o sensor para ver seu n\u00edvel de glicose atual, tend\u00eancia de taxa por meio de uma seta de tend\u00eancia e seu hist\u00f3rico de n\u00edvel de glicose nas \u00faltimas 8 horas. Voc\u00ea pode escanear seu sensor usando o aplicativo no Android ou iOS.<\/p>\n\n\n\n<p class=\"wp-block-paragraph\">Os pacientes \u00e0s vezes t\u00eam dificuldade em encontrar o caminho entre os in\u00fameros aplicativos de diabetes listados nas v\u00e1rias lojas (Apple, Android, etc.). Perante a oferta do App Medidor de Glicose, considera-se, por conseguinte, uma das principais e melhores op\u00e7\u00f5es do mercado digital para cuidados com a sa\u00fade.<\/p>\n\n\n\n<h2 class=\"wp-block-heading\">Como funciona o App Medidor de Glicose<\/h2>\n\n\n\n<p class=\"wp-block-paragraph\">O aplicativo \u00e9, na verdade, um&nbsp; sensor colocado na pele&nbsp; por 14 dias, que&nbsp; mede o n\u00edvel de glicose a cada minuto&nbsp; e produz um valor m\u00e9dio a cada 15 minutos, a partir, ent\u00e3o, de um&nbsp; leitor&nbsp; usado para&nbsp; escanear o sensor&nbsp; e exibir os dados gerados correspondentes&nbsp; a todo o perfil glic\u00eamico (valores, tend\u00eancias, variabilidade glic\u00eamica, hist\u00f3rico das \u00faltimas 8 horas, etc.).&nbsp;<\/p>\n\n\n\n<p class=\"wp-block-paragraph\">Este dispositivo foi concebido para substituir a medi\u00e7\u00e3o da glicemia capilar por amostragem de sangue, exceto em casos especiais. \u00c9 um dos mais completos, f\u00e1ceis de usar, com um di\u00e1rio de a\u00e7\u00facar no sangue, ajuda na quantifica\u00e7\u00e3o de carboidratos na alimenta\u00e7\u00e3o, faz lembretes de eventos, notifica\u00e7\u00e3o de atividade f\u00edsica e fornece as informa\u00e7\u00f5es mais corretas para os pacientes.<\/p>\n\n\n\n<h3 class=\"wp-block-heading\">Reduz o tempo gasto em hipoglicemia<\/h3>\n\n\n\n<p class=\"wp-block-paragraph\">A avalia\u00e7\u00e3o do App Medidor de Glicose baseia-se principalmente em dois estudos cl\u00ednicos controlados e randomizados, um espec\u00edfico para diab\u00e9ticos tipo 1, e os demais tipo 2.<\/p>\n\n\n\n<p class=\"wp-block-paragraph\">Avaliou-se em pacientes adultos diab\u00e9ticos tipo I, em terapia de insulina intensificada (multi inje\u00e7\u00e3o ou bomba de insulina) que os resultados foram favor\u00e1veis \u200b\u200bao Aplicativo Medidor de Glicose em termos de tempo gasto em hipoglicemia&nbsp; (&lt; 70 mg\/dl) em rela\u00e7\u00e3o ao grupo controle praticando automonitoriza\u00e7\u00e3o da glicemia por amostragem capilar, com diferen\u00e7a m\u00e9dia de -1,24 \u00b1 0,239 horas\/dia (p &lt; 0,0001) aos 6 meses.<\/p>\n\n\n\n<h3 class=\"wp-block-heading\">Melhora da qualidade de vida&nbsp;<\/h3>\n\n\n\n<p class=\"wp-block-paragraph\">Nos estudos, os resultados dos question\u00e1rios de qualidade de vida foram favor\u00e1veis \u200b\u200bao App Medidor de Glicose em termos de satisfa\u00e7\u00e3o do paciente.<\/p>\n\n\n\n<p class=\"wp-block-paragraph\">Em termos de seguran\u00e7a, os principais eventos adversos dos estudos cl\u00ednicos foram rea\u00e7\u00f5es no local de inser\u00e7\u00e3o do sensor (erup\u00e7\u00e3o cut\u00e2nea, infec\u00e7\u00f5es, alergias, eritema, necrose), com baixo n\u00famero de incidentes declarados no \u00e2mbito da mat\u00e9ria vigil\u00e2ncia.<\/p>\n\n\n\n<h3 class=\"wp-block-heading\">Um benef\u00edcio confirmado por diabetologistas e endocrinologistas<\/h3>\n\n\n\n<p class=\"wp-block-paragraph\">Com base nos dados dispon\u00edveis, atribuiu-se ao App Medidor de Glicose um servi\u00e7o esperado suficiente e uma melhora moderada no servi\u00e7o esperado em compara\u00e7\u00e3o com o monitoramento autoglic\u00eamico apenas por medidor de glicemia capilar.<\/p>\n\n\n\n<p class=\"wp-block-paragraph\">Indica que \u201ca redu\u00e7\u00e3o do tempo gasto em hipoglicemia (&lt; 70 mg\/dL) e o aumento do tempo gasto dentro da meta glic\u00eamica provavelmente proteger\u00e3o o paciente da ocorr\u00eancia de hipoglicemia grave&#8221;, sem que seja poss\u00edvel avaliar a frequ\u00eancia de eventos evitados ou suas consequ\u00eancias com base nos dados dispon\u00edveis.<\/p>\n\n\n\n<p class=\"wp-block-paragraph\">Ouvidos pela Comiss\u00e3o, o Conselho Nacional Profissional de Endocrinologia, Diabetologia e Doen\u00e7as Metab\u00f3licas confirmou o interesse do aplicativo nas indica\u00e7\u00f5es e nas condi\u00e7\u00f5es definidas de prescri\u00e7\u00e3o e uso.<\/p>","protected":false},"excerpt":{"rendered":"<p>O App Medidor de Glicose \u00e9 um sistema de automonitoriza\u00e7\u00e3o da glicemia de nova gera\u00e7\u00e3o: permite a medi\u00e7\u00e3o dos n\u00edveis de glicose &#8230;<\/p>","protected":false},"author":1,"featured_media":573,"comment_status":"open","ping_status":"closed","sticky":false,"template":"","format":"standard","meta":{"neve_meta_sidebar":"","neve_meta_container":"","neve_meta_enable_content_width":"","neve_meta_content_width":0,"neve_meta_title_alignment":"","neve_meta_author_avatar":"","neve_post_elements_order":"","neve_meta_disable_header":"","neve_meta_disable_footer":"","neve_meta_disable_title":"","footnotes":""},"categories":[1],"tags":[27,140,141],"class_list":["post-570","post","type-post","status-publish","format-standard","has-post-thumbnail","hentry","category-curiosidades","tag-app","tag-glicose","tag-medidor"],"yoast_head":"<!-- This site is optimized with the Yoast SEO plugin v28.4 - https:\/\/yoast.com\/product\/yoast-seo-wordpress\/ -->\n<title>App Medidor de Glicose - Ora\u00e7\u00e3o e F\u00e9<\/title>\n<meta name=\"description\" content=\"O App Medidor de Glicose \u00e9 um sistema de automonitoriza\u00e7\u00e3o da glicemia de nova gera\u00e7\u00e3o: permite a medi\u00e7\u00e3o dos n\u00edveis de glicose ...\" \/>\n<meta name=\"robots\" content=\"index, follow, max-snippet:-1, max-image-preview:large, max-video-preview:-1\" \/>\n<link rel=\"canonical\" href=\"https:\/\/www.oracaoefe.com\/fr\/app-medidor-de-glicose\/\" \/>\n<meta property=\"og:locale\" content=\"fr_FR\" \/>\n<meta property=\"og:type\" content=\"article\" \/>\n<meta property=\"og:title\" content=\"App Medidor de Glicose - Ora\u00e7\u00e3o e F\u00e9\" \/>\n<meta property=\"og:description\" content=\"O App Medidor de Glicose \u00e9 um sistema de automonitoriza\u00e7\u00e3o da glicemia de nova gera\u00e7\u00e3o: permite a medi\u00e7\u00e3o dos n\u00edveis de glicose ...\" \/>\n<meta property=\"og:url\" content=\"https:\/\/www.oracaoefe.com\/fr\/app-medidor-de-glicose\/\" \/>\n<meta property=\"og:site_name\" content=\"Ora\u00e7\u00e3o e F\u00e9\" \/>\n<meta property=\"article:published_time\" content=\"2022-09-25T01:03:00+00:00\" \/>\n<meta property=\"article:modified_time\" content=\"2022-09-30T01:17:13+00:00\" \/>\n<meta property=\"og:image\" content=\"https:\/\/www.oracaoefe.com\/wp-content\/uploads\/2022\/09\/App-Medidor-Glicose.jpg\" \/>\n\t<meta property=\"og:image:width\" content=\"1200\" \/>\n\t<meta property=\"og:image:height\" content=\"675\" \/>\n\t<meta property=\"og:image:type\" content=\"image\/jpeg\" \/>\n<meta name=\"author\" content=\"Maria\" \/>\n<meta name=\"twitter:card\" content=\"summary_large_image\" \/>\n<meta name=\"twitter:label1\" content=\"\u00c9crit par\" \/>\n\t<meta name=\"twitter:data1\" content=\"Maria\" \/>\n\t<meta name=\"twitter:label2\" content=\"Dur\u00e9e de lecture estim\u00e9e\" \/>\n\t<meta name=\"twitter:data2\" content=\"4 minutes\" \/>\n<script type=\"application\/ld+json\" class=\"yoast-schema-graph\">{\"@context\":\"https:\\\/\\\/schema.org\",\"@graph\":[{\"@type\":\"Article\",\"@id\":\"https:\\\/\\\/www.oracaoefe.com\\\/app-medidor-de-glicose\\\/#article\",\"isPartOf\":{\"@id\":\"https:\\\/\\\/www.oracaoefe.com\\\/app-medidor-de-glicose\\\/\"},\"author\":{\"name\":\"Maria\",\"@id\":\"https:\\\/\\\/www.oracaoefe.com\\\/#\\\/schema\\\/person\\\/27873f1e6043866689f5091b5139f23d\"},\"headline\":\"App Medidor de Glicose\",\"datePublished\":\"2022-09-25T01:03:00+00:00\",\"dateModified\":\"2022-09-30T01:17:13+00:00\",\"mainEntityOfPage\":{\"@id\":\"https:\\\/\\\/www.oracaoefe.com\\\/app-medidor-de-glicose\\\/\"},\"wordCount\":769,\"commentCount\":0,\"image\":{\"@id\":\"https:\\\/\\\/www.oracaoefe.com\\\/app-medidor-de-glicose\\\/#primaryimage\"},\"thumbnailUrl\":\"https:\\\/\\\/www.oracaoefe.com\\\/wp-content\\\/uploads\\\/2022\\\/09\\\/App-Medidor-Glicose.jpg\",\"keywords\":[\"App\",\"glicose\",\"medidor\"],\"articleSection\":[\"Curiosidades\"],\"inLanguage\":\"fr-FR\",\"potentialAction\":[{\"@type\":\"CommentAction\",\"name\":\"Comment\",\"target\":[\"https:\\\/\\\/www.oracaoefe.com\\\/app-medidor-de-glicose\\\/#respond\"]}]},{\"@type\":\"WebPage\",\"@id\":\"https:\\\/\\\/www.oracaoefe.com\\\/app-medidor-de-glicose\\\/\",\"url\":\"https:\\\/\\\/www.oracaoefe.com\\\/app-medidor-de-glicose\\\/\",\"name\":\"App Medidor de Glicose - Ora\u00e7\u00e3o e F\u00e9\",\"isPartOf\":{\"@id\":\"https:\\\/\\\/www.oracaoefe.com\\\/#website\"},\"primaryImageOfPage\":{\"@id\":\"https:\\\/\\\/www.oracaoefe.com\\\/app-medidor-de-glicose\\\/#primaryimage\"},\"image\":{\"@id\":\"https:\\\/\\\/www.oracaoefe.com\\\/app-medidor-de-glicose\\\/#primaryimage\"},\"thumbnailUrl\":\"https:\\\/\\\/www.oracaoefe.com\\\/wp-content\\\/uploads\\\/2022\\\/09\\\/App-Medidor-Glicose.jpg\",\"datePublished\":\"2022-09-25T01:03:00+00:00\",\"dateModified\":\"2022-09-30T01:17:13+00:00\",\"author\":{\"@id\":\"https:\\\/\\\/www.oracaoefe.com\\\/#\\\/schema\\\/person\\\/27873f1e6043866689f5091b5139f23d\"},\"description\":\"O App Medidor de Glicose \u00e9 um sistema de automonitoriza\u00e7\u00e3o da glicemia de nova gera\u00e7\u00e3o: permite a medi\u00e7\u00e3o dos n\u00edveis de glicose ...\",\"breadcrumb\":{\"@id\":\"https:\\\/\\\/www.oracaoefe.com\\\/app-medidor-de-glicose\\\/#breadcrumb\"},\"inLanguage\":\"fr-FR\",\"potentialAction\":[{\"@type\":\"ReadAction\",\"target\":[\"https:\\\/\\\/www.oracaoefe.com\\\/app-medidor-de-glicose\\\/\"]}]},{\"@type\":\"ImageObject\",\"inLanguage\":\"fr-FR\",\"@id\":\"https:\\\/\\\/www.oracaoefe.com\\\/app-medidor-de-glicose\\\/#primaryimage\",\"url\":\"https:\\\/\\\/www.oracaoefe.com\\\/wp-content\\\/uploads\\\/2022\\\/09\\\/App-Medidor-Glicose.jpg\",\"contentUrl\":\"https:\\\/\\\/www.oracaoefe.com\\\/wp-content\\\/uploads\\\/2022\\\/09\\\/App-Medidor-Glicose.jpg\",\"width\":1200,\"height\":675,\"caption\":\"App Medidor Glicose\"},{\"@type\":\"BreadcrumbList\",\"@id\":\"https:\\\/\\\/www.oracaoefe.com\\\/app-medidor-de-glicose\\\/#breadcrumb\",\"itemListElement\":[{\"@type\":\"ListItem\",\"position\":1,\"name\":\"Home\",\"item\":\"https:\\\/\\\/www.oracaoefe.com\\\/\"},{\"@type\":\"ListItem\",\"position\":2,\"name\":\"Curiosidades\",\"item\":\"https:\\\/\\\/www.oracaoefe.com\\\/es\\\/categoria\\\/curiosidades\\\/\"},{\"@type\":\"ListItem\",\"position\":3,\"name\":\"App Medidor de Glicose\"}]},{\"@type\":\"WebSite\",\"@id\":\"https:\\\/\\\/www.oracaoefe.com\\\/#website\",\"url\":\"https:\\\/\\\/www.oracaoefe.com\\\/\",\"name\":\"Ora\u00e7\u00e3o e F\u00e9\",\"description\":\"\",\"potentialAction\":[{\"@type\":\"SearchAction\",\"target\":{\"@type\":\"EntryPoint\",\"urlTemplate\":\"https:\\\/\\\/www.oracaoefe.com\\\/?s={search_term_string}\"},\"query-input\":{\"@type\":\"PropertyValueSpecification\",\"valueRequired\":true,\"valueName\":\"search_term_string\"}}],\"inLanguage\":\"fr-FR\"},{\"@type\":\"Person\",\"@id\":\"https:\\\/\\\/www.oracaoefe.com\\\/#\\\/schema\\\/person\\\/27873f1e6043866689f5091b5139f23d\",\"name\":\"Maria\",\"image\":{\"@type\":\"ImageObject\",\"inLanguage\":\"fr-FR\",\"@id\":\"https:\\\/\\\/secure.gravatar.com\\\/avatar\\\/4cac5ea56d40d599bd7348d330a83b1c84cd229296d1613cd1c7f6740561d0c9?s=96&d=mm&r=g\",\"url\":\"https:\\\/\\\/secure.gravatar.com\\\/avatar\\\/4cac5ea56d40d599bd7348d330a83b1c84cd229296d1613cd1c7f6740561d0c9?s=96&d=mm&r=g\",\"contentUrl\":\"https:\\\/\\\/secure.gravatar.com\\\/avatar\\\/4cac5ea56d40d599bd7348d330a83b1c84cd229296d1613cd1c7f6740561d0c9?s=96&d=mm&r=g\",\"caption\":\"Maria\"},\"description\":\"Meu nome \u00e9 Maria e sou apaixonada por teologia, espiritualidade e estudos religiosos. H\u00e1 mais de 5 anos escrevo sobre o universo da f\u00e9, pesquisando diferentes religi\u00f5es, doutrinas, tradi\u00e7\u00f5es espirituais e curiosidades religiosas ao redor do mundo. Tenho grande interesse em compreender como a f\u00e9 e a religiosidade se manifestam em diferentes culturas, pa\u00edses e idiomas, sempre buscando aprender mais sobre os costumes, cren\u00e7as e hist\u00f3rias que influenciam milh\u00f5es de pessoas diariamente. Atualmente, atuo como redatora no portal Ora\u00e7\u00e3o e F\u00e9, onde compartilho conte\u00fados informativos, reflexivos e inspiradores voltados ao universo religioso e espiritual. Meu objetivo \u00e9 levar conhecimento, curiosidades e mensagens enriquecedoras para leitores que desejam aprofundar sua compreens\u00e3o sobre f\u00e9, religi\u00e3o e espiritualidade no mundo moderno.\",\"sameAs\":[\"https:\\\/\\\/www.oracaoefe.com\"],\"url\":\"https:\\\/\\\/www.oracaoefe.com\\\/fr\\\/author\\\/admin\\\/\"}]}<\/script>\n<!-- \/ Yoast SEO plugin. -->","yoast_head_json":{"title":"App Medidor de Glicose - Ora\u00e7\u00e3o e F\u00e9","description":"O App Medidor de Glicose \u00e9 um sistema de automonitoriza\u00e7\u00e3o da glicemia de nova gera\u00e7\u00e3o: permite a medi\u00e7\u00e3o dos n\u00edveis de glicose ...","robots":{"index":"index","follow":"follow","max-snippet":"max-snippet:-1","max-image-preview":"max-image-preview:large","max-video-preview":"max-video-preview:-1"},"canonical":"https:\/\/www.oracaoefe.com\/fr\/app-medidor-de-glicose\/","og_locale":"fr_FR","og_type":"article","og_title":"App Medidor de Glicose - Ora\u00e7\u00e3o e F\u00e9","og_description":"O App Medidor de Glicose \u00e9 um sistema de automonitoriza\u00e7\u00e3o da glicemia de nova gera\u00e7\u00e3o: permite a medi\u00e7\u00e3o dos n\u00edveis de glicose ...","og_url":"https:\/\/www.oracaoefe.com\/fr\/app-medidor-de-glicose\/","og_site_name":"Ora\u00e7\u00e3o e F\u00e9","article_published_time":"2022-09-25T01:03:00+00:00","article_modified_time":"2022-09-30T01:17:13+00:00","og_image":[{"width":1200,"height":675,"url":"https:\/\/www.oracaoefe.com\/wp-content\/uploads\/2022\/09\/App-Medidor-Glicose.jpg","type":"image\/jpeg"}],"author":"Maria","twitter_card":"summary_large_image","twitter_misc":{"\u00c9crit par":"Maria","Dur\u00e9e de lecture estim\u00e9e":"4 minutes"},"schema":{"@context":"https:\/\/schema.org","@graph":[{"@type":"Article","@id":"https:\/\/www.oracaoefe.com\/app-medidor-de-glicose\/#article","isPartOf":{"@id":"https:\/\/www.oracaoefe.com\/app-medidor-de-glicose\/"},"author":{"name":"Maria","@id":"https:\/\/www.oracaoefe.com\/#\/schema\/person\/27873f1e6043866689f5091b5139f23d"},"headline":"App Medidor de Glicose","datePublished":"2022-09-25T01:03:00+00:00","dateModified":"2022-09-30T01:17:13+00:00","mainEntityOfPage":{"@id":"https:\/\/www.oracaoefe.com\/app-medidor-de-glicose\/"},"wordCount":769,"commentCount":0,"image":{"@id":"https:\/\/www.oracaoefe.com\/app-medidor-de-glicose\/#primaryimage"},"thumbnailUrl":"https:\/\/www.oracaoefe.com\/wp-content\/uploads\/2022\/09\/App-Medidor-Glicose.jpg","keywords":["App","glicose","medidor"],"articleSection":["Curiosidades"],"inLanguage":"fr-FR","potentialAction":[{"@type":"CommentAction","name":"Comment","target":["https:\/\/www.oracaoefe.com\/app-medidor-de-glicose\/#respond"]}]},{"@type":"WebPage","@id":"https:\/\/www.oracaoefe.com\/app-medidor-de-glicose\/","url":"https:\/\/www.oracaoefe.com\/app-medidor-de-glicose\/","name":"App Medidor de Glicose - Ora\u00e7\u00e3o e F\u00e9","isPartOf":{"@id":"https:\/\/www.oracaoefe.com\/#website"},"primaryImageOfPage":{"@id":"https:\/\/www.oracaoefe.com\/app-medidor-de-glicose\/#primaryimage"},"image":{"@id":"https:\/\/www.oracaoefe.com\/app-medidor-de-glicose\/#primaryimage"},"thumbnailUrl":"https:\/\/www.oracaoefe.com\/wp-content\/uploads\/2022\/09\/App-Medidor-Glicose.jpg","datePublished":"2022-09-25T01:03:00+00:00","dateModified":"2022-09-30T01:17:13+00:00","author":{"@id":"https:\/\/www.oracaoefe.com\/#\/schema\/person\/27873f1e6043866689f5091b5139f23d"},"description":"O App Medidor de Glicose \u00e9 um sistema de automonitoriza\u00e7\u00e3o da glicemia de nova gera\u00e7\u00e3o: permite a medi\u00e7\u00e3o dos n\u00edveis de glicose ...","breadcrumb":{"@id":"https:\/\/www.oracaoefe.com\/app-medidor-de-glicose\/#breadcrumb"},"inLanguage":"fr-FR","potentialAction":[{"@type":"ReadAction","target":["https:\/\/www.oracaoefe.com\/app-medidor-de-glicose\/"]}]},{"@type":"ImageObject","inLanguage":"fr-FR","@id":"https:\/\/www.oracaoefe.com\/app-medidor-de-glicose\/#primaryimage","url":"https:\/\/www.oracaoefe.com\/wp-content\/uploads\/2022\/09\/App-Medidor-Glicose.jpg","contentUrl":"https:\/\/www.oracaoefe.com\/wp-content\/uploads\/2022\/09\/App-Medidor-Glicose.jpg","width":1200,"height":675,"caption":"App Medidor Glicose"},{"@type":"BreadcrumbList","@id":"https:\/\/www.oracaoefe.com\/app-medidor-de-glicose\/#breadcrumb","itemListElement":[{"@type":"ListItem","position":1,"name":"Home","item":"https:\/\/www.oracaoefe.com\/"},{"@type":"ListItem","position":2,"name":"Curiosidades","item":"https:\/\/www.oracaoefe.com\/es\/categoria\/curiosidades\/"},{"@type":"ListItem","position":3,"name":"App Medidor de Glicose"}]},{"@type":"WebSite","@id":"https:\/\/www.oracaoefe.com\/#website","url":"https:\/\/www.oracaoefe.com\/","name":"Pri\u00e8re et foi","description":"","potentialAction":[{"@type":"SearchAction","target":{"@type":"EntryPoint","urlTemplate":"https:\/\/www.oracaoefe.com\/?s={search_term_string}"},"query-input":{"@type":"PropertyValueSpecification","valueRequired":true,"valueName":"search_term_string"}}],"inLanguage":"fr-FR"},{"@type":"Person","@id":"https:\/\/www.oracaoefe.com\/#\/schema\/person\/27873f1e6043866689f5091b5139f23d","name":"Maria","image":{"@type":"ImageObject","inLanguage":"fr-FR","@id":"https:\/\/secure.gravatar.com\/avatar\/4cac5ea56d40d599bd7348d330a83b1c84cd229296d1613cd1c7f6740561d0c9?s=96&d=mm&r=g","url":"https:\/\/secure.gravatar.com\/avatar\/4cac5ea56d40d599bd7348d330a83b1c84cd229296d1613cd1c7f6740561d0c9?s=96&d=mm&r=g","contentUrl":"https:\/\/secure.gravatar.com\/avatar\/4cac5ea56d40d599bd7348d330a83b1c84cd229296d1613cd1c7f6740561d0c9?s=96&d=mm&r=g","caption":"Maria"},"description":"Meu nome \u00e9 Maria e sou apaixonada por teologia, espiritualidade e estudos religiosos. H\u00e1 mais de 5 anos escrevo sobre o universo da f\u00e9, pesquisando diferentes religi\u00f5es, doutrinas, tradi\u00e7\u00f5es espirituais e curiosidades religiosas ao redor do mundo. Tenho grande interesse em compreender como a f\u00e9 e a religiosidade se manifestam em diferentes culturas, pa\u00edses e idiomas, sempre buscando aprender mais sobre os costumes, cren\u00e7as e hist\u00f3rias que influenciam milh\u00f5es de pessoas diariamente. Atualmente, atuo como redatora no portal Ora\u00e7\u00e3o e F\u00e9, onde compartilho conte\u00fados informativos, reflexivos e inspiradores voltados ao universo religioso e espiritual. Meu objetivo \u00e9 levar conhecimento, curiosidades e mensagens enriquecedoras para leitores que desejam aprofundar sua compreens\u00e3o sobre f\u00e9, religi\u00e3o e espiritualidade no mundo moderno.","sameAs":["https:\/\/www.oracaoefe.com"],"url":"https:\/\/www.oracaoefe.com\/fr\/author\/admin\/"}]}},"_links":{"self":[{"href":"https:\/\/www.oracaoefe.com\/fr\/wp-json\/wp\/v2\/posts\/570","targetHints":{"allow":["GET"]}}],"collection":[{"href":"https:\/\/www.oracaoefe.com\/fr\/wp-json\/wp\/v2\/posts"}],"about":[{"href":"https:\/\/www.oracaoefe.com\/fr\/wp-json\/wp\/v2\/types\/post"}],"author":[{"embeddable":true,"href":"https:\/\/www.oracaoefe.com\/fr\/wp-json\/wp\/v2\/users\/1"}],"replies":[{"embeddable":true,"href":"https:\/\/www.oracaoefe.com\/fr\/wp-json\/wp\/v2\/comments?post=570"}],"version-history":[{"count":1,"href":"https:\/\/www.oracaoefe.com\/fr\/wp-json\/wp\/v2\/posts\/570\/revisions"}],"predecessor-version":[{"id":575,"href":"https:\/\/www.oracaoefe.com\/fr\/wp-json\/wp\/v2\/posts\/570\/revisions\/575"}],"wp:featuredmedia":[{"embeddable":true,"href":"https:\/\/www.oracaoefe.com\/fr\/wp-json\/wp\/v2\/media\/573"}],"wp:attachment":[{"href":"https:\/\/www.oracaoefe.com\/fr\/wp-json\/wp\/v2\/media?parent=570"}],"wp:term":[{"taxonomy":"category","embeddable":true,"href":"https:\/\/www.oracaoefe.com\/fr\/wp-json\/wp\/v2\/categories?post=570"},{"taxonomy":"post_tag","embeddable":true,"href":"https:\/\/www.oracaoefe.com\/fr\/wp-json\/wp\/v2\/tags?post=570"}],"curies":[{"name":"wp","href":"https:\/\/api.w.org\/{rel}","templated":true}]}}