{"id":545,"date":"2022-09-29T16:27:11","date_gmt":"2022-09-29T19:27:11","guid":{"rendered":"https:\/\/www.oracaoefe.com\/?p=545"},"modified":"2022-09-29T19:25:40","modified_gmt":"2022-09-29T22:25:40","slug":"mantendo-a-fe-apesar-das-provacoes-da-vida","status":"publish","type":"post","link":"https:\/\/www.oracaoefe.com\/fr\/mantendo-a-fe-apesar-das-provacoes-da-vida\/","title":{"rendered":"Garder la foi malgr\u00e9 les \u00e9preuves de la vie"},"content":{"rendered":"<div class=\"wp-block-post-date\"><time datetime=\"2022-09-29T16:27:11-03:00\">29 septembre 2022<\/time><\/div>\n\n\n<p class=\"wp-block-paragraph\">Dans certains moments, nous trouverons <strong>les \u00e9preuves de la vie<\/strong>. Comment pouvons-nous encore croire \u00e0 la providence lorsque nous sommes confront\u00e9s aux drames de la vie ? Au-del\u00e0 de la r\u00e9volte et de la supplication, la contemplation de J\u00e9sus crucifi\u00e9, confiant en son P\u00e8re, peut apporter la paix, redonner au tragique son sens spirituel et la gr\u00e2ce de l'esp\u00e9rance.<\/p>\n\n\n\n<p class=\"wp-block-paragraph\">Chagrin, fausse couche, s\u00e9paration, ch\u00f4mage, solitude, maladie grave, difficult\u00e9s sont indissociables de l'existence humaine. Mais \u00e0 chaque fois, leur survenue r\u00e9sonne comme une sorte de trahison de la vie, un \u00e9clatement soudain de notre bulle paisible, avec l'impression de voir s'\u00e9crouler ce que nous avons construit et l'image que nous avions de nous-m\u00eames. A cela s'ajoute pour le croyant l'\u00e9preuve de la foi : \"Il peut avoir le sentiment que Dieu est absent et ne le soutient pas\".<\/p>\n\n\n\n<h2 class=\"wp-block-heading\">Traverser les \u00e9preuves de la vie, c'est d'abord crier, pleurer, se r\u00e9volter...<\/h2>\n\n\n\n<p class=\"wp-block-paragraph\">\"Mon Dieu, pourquoi m'as-tu abandonn\u00e9 ?\". Le cri de J\u00e9sus r\u00e9sonne dans toute trag\u00e9die humaine : \"Je croyais avoir une complicit\u00e9, une proximit\u00e9 avec Dieu, et soudain c'est le silence, l'abandon\". Surmonter une \u00e9preuve, c'est d'abord crier, pleurer, se r\u00e9volter. Et ne pas se r\u00e9tablir imm\u00e9diatement.<\/p>\n\n\n\n<p class=\"wp-block-paragraph\">Vouloir se redresser tout de suite est illusoire : se redresser est un long chemin. Le premier geste est de reconna\u00eetre sa d\u00e9faite. Traverser une \u00e9preuve, c'est d'abord crier, pleurer, se rebeller. Et ne pas se r\u00e9tablir imm\u00e9diatement. Les psaumes sont pleins de ces cris et de ces larmes.&nbsp;<\/p>\n\n\n\n<h2 class=\"wp-block-heading\">Comment traverser les \u00e9preuves<\/h2>\n\n\n\n<p class=\"wp-block-paragraph\">En tant que chr\u00e9tiens, nous passerons tous par des \u00e9preuves. Elles peuvent \u00eatre tr\u00e8s vari\u00e9es : parfois une crise financi\u00e8re ou un probl\u00e8me de sant\u00e9, parfois la d\u00e9t\u00e9rioration soudaine d'une relation, parfois le rejet ou la pers\u00e9cution \u00e0 cause de notre foi, ou encore se retrouver dans un tunnel sombre sans lumi\u00e8re au bout. Quelle que soit l'\u00e9preuve, il est important de se rappeler que Dieu se soucie davantage de notre caract\u00e8re que de nos performances.<\/p>\n\n\n\n<h3 class=\"wp-block-heading\">Que faire ?<\/h3>\n\n\n\n<p class=\"wp-block-paragraph\">Tout d'abord, nous devons faire la distinction entre le jugement et la punition. Souvent, en tant que chr\u00e9tiens, nous ne reconnaissons pas la punition qui nous vient de Dieu. Par cons\u00e9quent, nous adoptons une attitude de r\u00e9sistance au diable, alors qu'en fait nous devrions nous soumettre \u00e0 Dieu. Le probl\u00e8me fondamental ainsi expos\u00e9 dans notre caract\u00e8re devient, en fait, l'orgueil.<\/p>\n\n\n\n<p class=\"wp-block-paragraph\">La fin du psaume 19 pr\u00e9sente une pri\u00e8re que Ruth et moi avons souvent r\u00e9p\u00e9t\u00e9e :<\/p>\n\n\n\n<p class=\"wp-block-paragraph\">Qui comprend vos erreurs ? Purifiez-moi de mes fautes cach\u00e9es. Garde aussi ton serviteur des p\u00e9ch\u00e9s commis par orgueil ; ne m'accable pas ; alors je serai irr\u00e9prochable, et je serai innocent de la grande transgression.<\/p>\n\n\n\n<p class=\"wp-block-paragraph\">Je me suis rendu compte que les fautes secr\u00e8tes ne sont pas des secrets que l'on cache aux autres, et encore moins \u00e0 Dieu. Ce sont des secrets pour soi-m\u00eame, des d\u00e9fauts de notre personnalit\u00e9 que nous ne reconnaissons pas. David les appelle des p\u00e9ch\u00e9s de pr\u00e9somption. Les p\u00e9ch\u00e9s que nous commettons lorsque nous supposons que notre conduite est acceptable pour Dieu, alors qu'en fait elle l'offense.&nbsp;<\/p>\n\n\n\n<p class=\"wp-block-paragraph\">Souvent, le Seigneur ne nous r\u00e9v\u00e8le ces p\u00e9ch\u00e9s que lorsque nous avons d\u00e9lib\u00e9r\u00e9ment choisi de nous humilier, en l'invitant \u00e0 sonder notre caract\u00e8re et \u00e0 exposer nos motivations les plus profondes. Lorsque nous r\u00e9alisons que nous traversons une p\u00e9riode de test de la part de Dieu, nous devons nous assurer que nos fondations, ou nos arri\u00e8res, sont couvertes.<\/p>\n\n\n\n<h3 class=\"wp-block-heading\">Repentir<\/h3>\n\n\n\n<p class=\"wp-block-paragraph\">La repentance est peut-\u00eatre la doctrine chr\u00e9tienne fondamentale la moins soutenue par les pr\u00e9dicateurs contemporains. \"Croyez simplement\" est un message qui sonne bien, mais qui n'est pas conforme aux \u00c9critures.&nbsp;<\/p>\n\n\n\n<p class=\"wp-block-paragraph\">Tout au long du Nouveau Testament, le message est \"Repentez-vous d'abord, puis croyez !\". Lorsque le p\u00e9ch\u00e9 obstrue notre vie, toute forme de foi qui ne proc\u00e8de pas de la repentance est une contrefa\u00e7on humaniste. Elle ne produit pas les r\u00e9sultats qui d\u00e9coulent d'une foi authentique.<\/p>\n\n\n\n<h3 class=\"wp-block-heading\">Engagement<\/h3>\n\n\n\n<p class=\"wp-block-paragraph\">Selon Rom.10:9, deux conditions sont essentielles pour le salut : croire de tout son c\u0153ur que Dieu a ressuscit\u00e9 J\u00e9sus d'entre les morts et confesser de sa bouche que J\u00e9sus est Seigneur.<\/p>\n\n\n\n<p class=\"wp-block-paragraph\">Lorsque nous confessons J\u00e9sus comme Seigneur, nous lui donnons un contr\u00f4le total sur toute notre vie, notre temps, notre argent, nos talents, nos priorit\u00e9s, nos relations. Tu ne peux rien garder pour toi. Quelqu'un a dit : \"Si J\u00e9sus n'est pas Seigneur en tout, alors il n'est pas Seigneur !\".<\/p>","protected":false},"excerpt":{"rendered":"<p>Em alguns momentos, encontraremos prova\u00e7\u00f5es da vida. Como podemos ainda acreditar na provid\u00eancia quando somos confrontados&#8230;<\/p>","protected":false},"author":1,"featured_media":548,"comment_status":"open","ping_status":"closed","sticky":false,"template":"","format":"standard","meta":{"neve_meta_sidebar":"","neve_meta_container":"","neve_meta_enable_content_width":"","neve_meta_content_width":0,"neve_meta_title_alignment":"","neve_meta_author_avatar":"","neve_post_elements_order":"","neve_meta_disable_header":"","neve_meta_disable_footer":"","neve_meta_disable_title":"","footnotes":""},"categories":[3],"tags":[36,133],"class_list":["post-545","post","type-post","status-publish","format-standard","has-post-thumbnail","hentry","category-fe","tag-fe-2","tag-provacoes-da-vida"],"yoast_head":"<!-- This site is optimized with the Yoast SEO plugin v28.4 - https:\/\/yoast.com\/product\/yoast-seo-wordpress\/ -->\n<title>Mantendo a f\u00e9 apesar das prova\u00e7\u00f5es da vida - Ora\u00e7\u00e3o e F\u00e9<\/title>\n<meta name=\"description\" content=\"Em alguns momentos, encontraremos prova\u00e7\u00f5es da vida. Como podemos ainda acreditar na provid\u00eancia quando somos confrontados...\" \/>\n<meta name=\"robots\" content=\"index, follow, max-snippet:-1, max-image-preview:large, max-video-preview:-1\" \/>\n<link rel=\"canonical\" href=\"https:\/\/www.oracaoefe.com\/fr\/mantendo-a-fe-apesar-das-provacoes-da-vida\/\" \/>\n<meta property=\"og:locale\" content=\"fr_FR\" \/>\n<meta property=\"og:type\" content=\"article\" \/>\n<meta property=\"og:title\" content=\"Mantendo a f\u00e9 apesar das prova\u00e7\u00f5es da vida - Ora\u00e7\u00e3o e F\u00e9\" \/>\n<meta property=\"og:description\" content=\"Em alguns momentos, encontraremos prova\u00e7\u00f5es da vida. Como podemos ainda acreditar na provid\u00eancia quando somos confrontados...\" \/>\n<meta property=\"og:url\" content=\"https:\/\/www.oracaoefe.com\/fr\/mantendo-a-fe-apesar-das-provacoes-da-vida\/\" \/>\n<meta property=\"og:site_name\" content=\"Ora\u00e7\u00e3o e F\u00e9\" \/>\n<meta property=\"article:published_time\" content=\"2022-09-29T19:27:11+00:00\" \/>\n<meta property=\"article:modified_time\" content=\"2022-09-29T22:25:40+00:00\" \/>\n<meta property=\"og:image\" content=\"https:\/\/www.oracaoefe.com\/wp-content\/uploads\/2022\/09\/Mantendo-a-fe-apesar-das-provacoes-da-vida.jpg\" \/>\n\t<meta property=\"og:image:width\" content=\"1200\" \/>\n\t<meta property=\"og:image:height\" content=\"675\" \/>\n\t<meta property=\"og:image:type\" content=\"image\/jpeg\" \/>\n<meta name=\"author\" content=\"Maria\" \/>\n<meta name=\"twitter:card\" content=\"summary_large_image\" \/>\n<meta name=\"twitter:label1\" content=\"\u00c9crit par\" \/>\n\t<meta name=\"twitter:data1\" content=\"Maria\" \/>\n\t<meta name=\"twitter:label2\" content=\"Dur\u00e9e de lecture estim\u00e9e\" \/>\n\t<meta name=\"twitter:data2\" content=\"4 minutes\" \/>\n<script type=\"application\/ld+json\" class=\"yoast-schema-graph\">{\"@context\":\"https:\\\/\\\/schema.org\",\"@graph\":[{\"@type\":\"Article\",\"@id\":\"https:\\\/\\\/www.oracaoefe.com\\\/mantendo-a-fe-apesar-das-provacoes-da-vida\\\/#article\",\"isPartOf\":{\"@id\":\"https:\\\/\\\/www.oracaoefe.com\\\/mantendo-a-fe-apesar-das-provacoes-da-vida\\\/\"},\"author\":{\"name\":\"Maria\",\"@id\":\"https:\\\/\\\/www.oracaoefe.com\\\/#\\\/schema\\\/person\\\/27873f1e6043866689f5091b5139f23d\"},\"headline\":\"Mantendo a f\u00e9 apesar das prova\u00e7\u00f5es da vida\",\"datePublished\":\"2022-09-29T19:27:11+00:00\",\"dateModified\":\"2022-09-29T22:25:40+00:00\",\"mainEntityOfPage\":{\"@id\":\"https:\\\/\\\/www.oracaoefe.com\\\/mantendo-a-fe-apesar-das-provacoes-da-vida\\\/\"},\"wordCount\":736,\"commentCount\":0,\"image\":{\"@id\":\"https:\\\/\\\/www.oracaoefe.com\\\/mantendo-a-fe-apesar-das-provacoes-da-vida\\\/#primaryimage\"},\"thumbnailUrl\":\"https:\\\/\\\/www.oracaoefe.com\\\/wp-content\\\/uploads\\\/2022\\\/09\\\/Mantendo-a-fe-apesar-das-provacoes-da-vida.jpg\",\"keywords\":[\"f\u00e9\",\"prova\u00e7\u00f5es da vida\"],\"articleSection\":[\"F\u00e9\"],\"inLanguage\":\"fr-FR\",\"potentialAction\":[{\"@type\":\"CommentAction\",\"name\":\"Comment\",\"target\":[\"https:\\\/\\\/www.oracaoefe.com\\\/mantendo-a-fe-apesar-das-provacoes-da-vida\\\/#respond\"]}]},{\"@type\":\"WebPage\",\"@id\":\"https:\\\/\\\/www.oracaoefe.com\\\/mantendo-a-fe-apesar-das-provacoes-da-vida\\\/\",\"url\":\"https:\\\/\\\/www.oracaoefe.com\\\/mantendo-a-fe-apesar-das-provacoes-da-vida\\\/\",\"name\":\"Mantendo a f\u00e9 apesar das prova\u00e7\u00f5es da vida - Ora\u00e7\u00e3o e F\u00e9\",\"isPartOf\":{\"@id\":\"https:\\\/\\\/www.oracaoefe.com\\\/#website\"},\"primaryImageOfPage\":{\"@id\":\"https:\\\/\\\/www.oracaoefe.com\\\/mantendo-a-fe-apesar-das-provacoes-da-vida\\\/#primaryimage\"},\"image\":{\"@id\":\"https:\\\/\\\/www.oracaoefe.com\\\/mantendo-a-fe-apesar-das-provacoes-da-vida\\\/#primaryimage\"},\"thumbnailUrl\":\"https:\\\/\\\/www.oracaoefe.com\\\/wp-content\\\/uploads\\\/2022\\\/09\\\/Mantendo-a-fe-apesar-das-provacoes-da-vida.jpg\",\"datePublished\":\"2022-09-29T19:27:11+00:00\",\"dateModified\":\"2022-09-29T22:25:40+00:00\",\"author\":{\"@id\":\"https:\\\/\\\/www.oracaoefe.com\\\/#\\\/schema\\\/person\\\/27873f1e6043866689f5091b5139f23d\"},\"description\":\"Em alguns momentos, encontraremos prova\u00e7\u00f5es da vida. Como podemos ainda acreditar na provid\u00eancia quando somos confrontados...\",\"breadcrumb\":{\"@id\":\"https:\\\/\\\/www.oracaoefe.com\\\/mantendo-a-fe-apesar-das-provacoes-da-vida\\\/#breadcrumb\"},\"inLanguage\":\"fr-FR\",\"potentialAction\":[{\"@type\":\"ReadAction\",\"target\":[\"https:\\\/\\\/www.oracaoefe.com\\\/mantendo-a-fe-apesar-das-provacoes-da-vida\\\/\"]}]},{\"@type\":\"ImageObject\",\"inLanguage\":\"fr-FR\",\"@id\":\"https:\\\/\\\/www.oracaoefe.com\\\/mantendo-a-fe-apesar-das-provacoes-da-vida\\\/#primaryimage\",\"url\":\"https:\\\/\\\/www.oracaoefe.com\\\/wp-content\\\/uploads\\\/2022\\\/09\\\/Mantendo-a-fe-apesar-das-provacoes-da-vida.jpg\",\"contentUrl\":\"https:\\\/\\\/www.oracaoefe.com\\\/wp-content\\\/uploads\\\/2022\\\/09\\\/Mantendo-a-fe-apesar-das-provacoes-da-vida.jpg\",\"width\":1200,\"height\":675,\"caption\":\"Mantendo a f\u00e9 apesar das prova\u00e7\u00f5es da vida\"},{\"@type\":\"BreadcrumbList\",\"@id\":\"https:\\\/\\\/www.oracaoefe.com\\\/mantendo-a-fe-apesar-das-provacoes-da-vida\\\/#breadcrumb\",\"itemListElement\":[{\"@type\":\"ListItem\",\"position\":1,\"name\":\"Home\",\"item\":\"https:\\\/\\\/www.oracaoefe.com\\\/\"},{\"@type\":\"ListItem\",\"position\":2,\"name\":\"F\u00e9\",\"item\":\"https:\\\/\\\/www.oracaoefe.com\\\/es\\\/categoria\\\/fe\\\/\"},{\"@type\":\"ListItem\",\"position\":3,\"name\":\"Mantendo a f\u00e9 apesar das prova\u00e7\u00f5es da vida\"}]},{\"@type\":\"WebSite\",\"@id\":\"https:\\\/\\\/www.oracaoefe.com\\\/#website\",\"url\":\"https:\\\/\\\/www.oracaoefe.com\\\/\",\"name\":\"Ora\u00e7\u00e3o e F\u00e9\",\"description\":\"\",\"potentialAction\":[{\"@type\":\"SearchAction\",\"target\":{\"@type\":\"EntryPoint\",\"urlTemplate\":\"https:\\\/\\\/www.oracaoefe.com\\\/?s={search_term_string}\"},\"query-input\":{\"@type\":\"PropertyValueSpecification\",\"valueRequired\":true,\"valueName\":\"search_term_string\"}}],\"inLanguage\":\"fr-FR\"},{\"@type\":\"Person\",\"@id\":\"https:\\\/\\\/www.oracaoefe.com\\\/#\\\/schema\\\/person\\\/27873f1e6043866689f5091b5139f23d\",\"name\":\"Maria\",\"image\":{\"@type\":\"ImageObject\",\"inLanguage\":\"fr-FR\",\"@id\":\"https:\\\/\\\/secure.gravatar.com\\\/avatar\\\/4cac5ea56d40d599bd7348d330a83b1c84cd229296d1613cd1c7f6740561d0c9?s=96&d=mm&r=g\",\"url\":\"https:\\\/\\\/secure.gravatar.com\\\/avatar\\\/4cac5ea56d40d599bd7348d330a83b1c84cd229296d1613cd1c7f6740561d0c9?s=96&d=mm&r=g\",\"contentUrl\":\"https:\\\/\\\/secure.gravatar.com\\\/avatar\\\/4cac5ea56d40d599bd7348d330a83b1c84cd229296d1613cd1c7f6740561d0c9?s=96&d=mm&r=g\",\"caption\":\"Maria\"},\"description\":\"Meu nome \u00e9 Maria e sou apaixonada por teologia, espiritualidade e estudos religiosos. H\u00e1 mais de 5 anos escrevo sobre o universo da f\u00e9, pesquisando diferentes religi\u00f5es, doutrinas, tradi\u00e7\u00f5es espirituais e curiosidades religiosas ao redor do mundo. Tenho grande interesse em compreender como a f\u00e9 e a religiosidade se manifestam em diferentes culturas, pa\u00edses e idiomas, sempre buscando aprender mais sobre os costumes, cren\u00e7as e hist\u00f3rias que influenciam milh\u00f5es de pessoas diariamente. Atualmente, atuo como redatora no portal Ora\u00e7\u00e3o e F\u00e9, onde compartilho conte\u00fados informativos, reflexivos e inspiradores voltados ao universo religioso e espiritual. Meu objetivo \u00e9 levar conhecimento, curiosidades e mensagens enriquecedoras para leitores que desejam aprofundar sua compreens\u00e3o sobre f\u00e9, religi\u00e3o e espiritualidade no mundo moderno.\",\"sameAs\":[\"https:\\\/\\\/www.oracaoefe.com\"],\"url\":\"https:\\\/\\\/www.oracaoefe.com\\\/fr\\\/author\\\/admin\\\/\"}]}<\/script>\n<!-- \/ Yoast SEO plugin. -->","yoast_head_json":{"title":"Garder la foi malgr\u00e9 les \u00e9preuves de la vie - Pri\u00e8re et foi","description":"Il arrive que nous rencontrions les \u00e9preuves de la vie. Comment pouvons-nous encore croire en la providence quand nous sommes confront\u00e9s...","robots":{"index":"index","follow":"follow","max-snippet":"max-snippet:-1","max-image-preview":"max-image-preview:large","max-video-preview":"max-video-preview:-1"},"canonical":"https:\/\/www.oracaoefe.com\/fr\/mantendo-a-fe-apesar-das-provacoes-da-vida\/","og_locale":"fr_FR","og_type":"article","og_title":"Mantendo a f\u00e9 apesar das prova\u00e7\u00f5es da vida - Ora\u00e7\u00e3o e F\u00e9","og_description":"Em alguns momentos, encontraremos prova\u00e7\u00f5es da vida. Como podemos ainda acreditar na provid\u00eancia quando somos confrontados...","og_url":"https:\/\/www.oracaoefe.com\/fr\/mantendo-a-fe-apesar-das-provacoes-da-vida\/","og_site_name":"Ora\u00e7\u00e3o e F\u00e9","article_published_time":"2022-09-29T19:27:11+00:00","article_modified_time":"2022-09-29T22:25:40+00:00","og_image":[{"width":1200,"height":675,"url":"https:\/\/www.oracaoefe.com\/wp-content\/uploads\/2022\/09\/Mantendo-a-fe-apesar-das-provacoes-da-vida.jpg","type":"image\/jpeg"}],"author":"Maria","twitter_card":"summary_large_image","twitter_misc":{"\u00c9crit par":"Maria","Dur\u00e9e de lecture estim\u00e9e":"4 minutes"},"schema":{"@context":"https:\/\/schema.org","@graph":[{"@type":"Article","@id":"https:\/\/www.oracaoefe.com\/mantendo-a-fe-apesar-das-provacoes-da-vida\/#article","isPartOf":{"@id":"https:\/\/www.oracaoefe.com\/mantendo-a-fe-apesar-das-provacoes-da-vida\/"},"author":{"name":"Maria","@id":"https:\/\/www.oracaoefe.com\/#\/schema\/person\/27873f1e6043866689f5091b5139f23d"},"headline":"Mantendo a f\u00e9 apesar das prova\u00e7\u00f5es da vida","datePublished":"2022-09-29T19:27:11+00:00","dateModified":"2022-09-29T22:25:40+00:00","mainEntityOfPage":{"@id":"https:\/\/www.oracaoefe.com\/mantendo-a-fe-apesar-das-provacoes-da-vida\/"},"wordCount":736,"commentCount":0,"image":{"@id":"https:\/\/www.oracaoefe.com\/mantendo-a-fe-apesar-das-provacoes-da-vida\/#primaryimage"},"thumbnailUrl":"https:\/\/www.oracaoefe.com\/wp-content\/uploads\/2022\/09\/Mantendo-a-fe-apesar-das-provacoes-da-vida.jpg","keywords":["f\u00e9","prova\u00e7\u00f5es da vida"],"articleSection":["F\u00e9"],"inLanguage":"fr-FR","potentialAction":[{"@type":"CommentAction","name":"Comment","target":["https:\/\/www.oracaoefe.com\/mantendo-a-fe-apesar-das-provacoes-da-vida\/#respond"]}]},{"@type":"WebPage","@id":"https:\/\/www.oracaoefe.com\/mantendo-a-fe-apesar-das-provacoes-da-vida\/","url":"https:\/\/www.oracaoefe.com\/mantendo-a-fe-apesar-das-provacoes-da-vida\/","name":"Garder la foi malgr\u00e9 les \u00e9preuves de la vie - Pri\u00e8re et foi","isPartOf":{"@id":"https:\/\/www.oracaoefe.com\/#website"},"primaryImageOfPage":{"@id":"https:\/\/www.oracaoefe.com\/mantendo-a-fe-apesar-das-provacoes-da-vida\/#primaryimage"},"image":{"@id":"https:\/\/www.oracaoefe.com\/mantendo-a-fe-apesar-das-provacoes-da-vida\/#primaryimage"},"thumbnailUrl":"https:\/\/www.oracaoefe.com\/wp-content\/uploads\/2022\/09\/Mantendo-a-fe-apesar-das-provacoes-da-vida.jpg","datePublished":"2022-09-29T19:27:11+00:00","dateModified":"2022-09-29T22:25:40+00:00","author":{"@id":"https:\/\/www.oracaoefe.com\/#\/schema\/person\/27873f1e6043866689f5091b5139f23d"},"description":"Il arrive que nous rencontrions les \u00e9preuves de la vie. Comment pouvons-nous encore croire en la providence quand nous sommes confront\u00e9s...","breadcrumb":{"@id":"https:\/\/www.oracaoefe.com\/mantendo-a-fe-apesar-das-provacoes-da-vida\/#breadcrumb"},"inLanguage":"fr-FR","potentialAction":[{"@type":"ReadAction","target":["https:\/\/www.oracaoefe.com\/mantendo-a-fe-apesar-das-provacoes-da-vida\/"]}]},{"@type":"ImageObject","inLanguage":"fr-FR","@id":"https:\/\/www.oracaoefe.com\/mantendo-a-fe-apesar-das-provacoes-da-vida\/#primaryimage","url":"https:\/\/www.oracaoefe.com\/wp-content\/uploads\/2022\/09\/Mantendo-a-fe-apesar-das-provacoes-da-vida.jpg","contentUrl":"https:\/\/www.oracaoefe.com\/wp-content\/uploads\/2022\/09\/Mantendo-a-fe-apesar-das-provacoes-da-vida.jpg","width":1200,"height":675,"caption":"Mantendo a f\u00e9 apesar das prova\u00e7\u00f5es da vida"},{"@type":"BreadcrumbList","@id":"https:\/\/www.oracaoefe.com\/mantendo-a-fe-apesar-das-provacoes-da-vida\/#breadcrumb","itemListElement":[{"@type":"ListItem","position":1,"name":"Home","item":"https:\/\/www.oracaoefe.com\/"},{"@type":"ListItem","position":2,"name":"F\u00e9","item":"https:\/\/www.oracaoefe.com\/es\/categoria\/fe\/"},{"@type":"ListItem","position":3,"name":"Mantendo a f\u00e9 apesar das prova\u00e7\u00f5es da vida"}]},{"@type":"WebSite","@id":"https:\/\/www.oracaoefe.com\/#website","url":"https:\/\/www.oracaoefe.com\/","name":"Pri\u00e8re et foi","description":"","potentialAction":[{"@type":"SearchAction","target":{"@type":"EntryPoint","urlTemplate":"https:\/\/www.oracaoefe.com\/?s={search_term_string}"},"query-input":{"@type":"PropertyValueSpecification","valueRequired":true,"valueName":"search_term_string"}}],"inLanguage":"fr-FR"},{"@type":"Person","@id":"https:\/\/www.oracaoefe.com\/#\/schema\/person\/27873f1e6043866689f5091b5139f23d","name":"Maria","image":{"@type":"ImageObject","inLanguage":"fr-FR","@id":"https:\/\/secure.gravatar.com\/avatar\/4cac5ea56d40d599bd7348d330a83b1c84cd229296d1613cd1c7f6740561d0c9?s=96&d=mm&r=g","url":"https:\/\/secure.gravatar.com\/avatar\/4cac5ea56d40d599bd7348d330a83b1c84cd229296d1613cd1c7f6740561d0c9?s=96&d=mm&r=g","contentUrl":"https:\/\/secure.gravatar.com\/avatar\/4cac5ea56d40d599bd7348d330a83b1c84cd229296d1613cd1c7f6740561d0c9?s=96&d=mm&r=g","caption":"Maria"},"description":"Meu nome \u00e9 Maria e sou apaixonada por teologia, espiritualidade e estudos religiosos. H\u00e1 mais de 5 anos escrevo sobre o universo da f\u00e9, pesquisando diferentes religi\u00f5es, doutrinas, tradi\u00e7\u00f5es espirituais e curiosidades religiosas ao redor do mundo. Tenho grande interesse em compreender como a f\u00e9 e a religiosidade se manifestam em diferentes culturas, pa\u00edses e idiomas, sempre buscando aprender mais sobre os costumes, cren\u00e7as e hist\u00f3rias que influenciam milh\u00f5es de pessoas diariamente. Atualmente, atuo como redatora no portal Ora\u00e7\u00e3o e F\u00e9, onde compartilho conte\u00fados informativos, reflexivos e inspiradores voltados ao universo religioso e espiritual. Meu objetivo \u00e9 levar conhecimento, curiosidades e mensagens enriquecedoras para leitores que desejam aprofundar sua compreens\u00e3o sobre f\u00e9, religi\u00e3o e espiritualidade no mundo moderno.","sameAs":["https:\/\/www.oracaoefe.com"],"url":"https:\/\/www.oracaoefe.com\/fr\/author\/admin\/"}]}},"_links":{"self":[{"href":"https:\/\/www.oracaoefe.com\/fr\/wp-json\/wp\/v2\/posts\/545","targetHints":{"allow":["GET"]}}],"collection":[{"href":"https:\/\/www.oracaoefe.com\/fr\/wp-json\/wp\/v2\/posts"}],"about":[{"href":"https:\/\/www.oracaoefe.com\/fr\/wp-json\/wp\/v2\/types\/post"}],"author":[{"embeddable":true,"href":"https:\/\/www.oracaoefe.com\/fr\/wp-json\/wp\/v2\/users\/1"}],"replies":[{"embeddable":true,"href":"https:\/\/www.oracaoefe.com\/fr\/wp-json\/wp\/v2\/comments?post=545"}],"version-history":[{"count":1,"href":"https:\/\/www.oracaoefe.com\/fr\/wp-json\/wp\/v2\/posts\/545\/revisions"}],"predecessor-version":[{"id":546,"href":"https:\/\/www.oracaoefe.com\/fr\/wp-json\/wp\/v2\/posts\/545\/revisions\/546"}],"wp:featuredmedia":[{"embeddable":true,"href":"https:\/\/www.oracaoefe.com\/fr\/wp-json\/wp\/v2\/media\/548"}],"wp:attachment":[{"href":"https:\/\/www.oracaoefe.com\/fr\/wp-json\/wp\/v2\/media?parent=545"}],"wp:term":[{"taxonomy":"category","embeddable":true,"href":"https:\/\/www.oracaoefe.com\/fr\/wp-json\/wp\/v2\/categories?post=545"},{"taxonomy":"post_tag","embeddable":true,"href":"https:\/\/www.oracaoefe.com\/fr\/wp-json\/wp\/v2\/tags?post=545"}],"curies":[{"name":"wp","href":"https:\/\/api.w.org\/{rel}","templated":true}]}}