{"id":541,"date":"2022-09-29T16:24:54","date_gmt":"2022-09-29T19:24:54","guid":{"rendered":"https:\/\/www.oracaoefe.com\/?p=541"},"modified":"2022-09-29T19:31:15","modified_gmt":"2022-09-29T22:31:15","slug":"o-que-os-milagres-de-jesus-ensinam-a-voce","status":"publish","type":"post","link":"https:\/\/www.oracaoefe.com\/fr\/o-que-os-milagres-de-jesus-ensinam-a-voce\/","title":{"rendered":"Ce que les miracles de J\u00e9sus vous enseignent"},"content":{"rendered":"<div class=\"wp-block-post-date\"><time datetime=\"2022-09-29T16:24:54-03:00\">29 septembre 2022<\/time><\/div>\n\n\n<p class=\"wp-block-paragraph\">Comme le soulignent de nombreux passages, le <strong>Les miracles de J\u00e9sus enseignent<\/strong> et ils viennent attester de l'origine divine de la pr\u00e9dication du Christ ou des ap\u00f4tres. Dans la Bible, il existe donc un lien particulier entre la parole de Dieu et les miracles. Nous le constatons d\u00e9j\u00e0 dans l'Ancien Testament : des signes et des prodiges accompagnent la r\u00e9v\u00e9lation de la Loi au temps de Mo\u00efse ; des miracles accompagnent \u00e9galement le minist\u00e8re de certains proph\u00e8tes comme Elie ou Elis\u00e9e.&nbsp;<\/p>\n\n\n\n<p class=\"wp-block-paragraph\">Il en va de m\u00eame dans le Nouveau Testament, les \"signes et les prodiges\" accomplis par J\u00e9sus ou les ap\u00f4tres viennent attester de la Parole de Dieu. La Parole s'est faite chair en J\u00e9sus-Christ. Et la Parole pr\u00each\u00e9e par les ap\u00f4tres, c'est-\u00e0-dire la Bonne Nouvelle de J\u00e9sus-Christ.<\/p>\n\n\n\n<p class=\"wp-block-paragraph\">Comme le dit H\u00e9breux 2:4, par des miracles, des signes et des prodiges, Dieu vient \"t\u00e9moigner\" du message du salut en J\u00e9sus-Christ.<\/p>\n\n\n\n<h2 class=\"wp-block-heading\">Ce que les miracles de J\u00e9sus vous enseignent<\/h2>\n\n\n\n<p class=\"wp-block-paragraph\">Un autre aspect du miracle en tant que \"signe\" est qu'il annonce le Royaume de Dieu. Ainsi, dans les \u00e9vangiles, l'annonce du Royaume de Dieu s'accompagne de miracles.<\/p>\n\n\n\n<p class=\"wp-block-paragraph\">Pour bien comprendre la valeur du miracle comme \"signe\" du Royaume de Dieu, il faut garder \u00e0 l'esprit que le Nouveau Testament pr\u00e9sente le Royaume de Dieu comme une r\u00e9alit\u00e9 pr\u00e9sente et future. En J\u00e9sus-Christ, le Royaume de Dieu a \u00e9t\u00e9 \u00e9tabli.&nbsp;<\/p>\n\n\n\n<p class=\"wp-block-paragraph\">Cependant, le Royaume du Christ n'est pas de ce monde, mais du monde \u00e0 venir. Le Royaume est \u00e0 la fois une r\u00e9alit\u00e9 pr\u00e9sente et une r\u00e9alit\u00e9 future. Si nous pla\u00e7ons notre foi en J\u00e9sus-Christ, nous sommes d\u00e9j\u00e0 citoyens du Royaume de Dieu. Cependant, nous ne r\u00e9coltons pas encore tous les avantages de notre citoyennet\u00e9. Nous sommes sauv\u00e9s, mais nous n'avons pas encore exp\u00e9riment\u00e9 tous les b\u00e9n\u00e9fices du salut.<\/p>\n\n\n\n<p class=\"wp-block-paragraph\">Et c'est particuli\u00e8rement le cas pour la sant\u00e9 parfaite ou l'absence de souffrance que nous ne conna\u00eetrons que dans la nouvelle cr\u00e9ation. En cela, la gu\u00e9rison miraculeuse est comme un signe de cette dimension de salut qui nous attend. De m\u00eame, nous ne vivons pas encore dans un monde o\u00f9 Satan n'a plus aucune influence.&nbsp;<\/p>\n\n\n\n<p class=\"wp-block-paragraph\">En cela, la d\u00e9livrance miraculeuse est un signe de la victoire du Christ sur Satan, qui sera pleinement manifest\u00e9e \u00e0 la fin des temps. De la m\u00eame mani\u00e8re, nous ne vivons pas encore dans un monde o\u00f9 la faim et la pauvret\u00e9 n'existent pas. Ainsi, en multipliant les pains ou en transformant l'eau en vin, J\u00e9sus nous donne un aper\u00e7u du banquet eschatologique, la manifestation d'une nouvelle cr\u00e9ation marqu\u00e9e par l'abondance.<\/p>\n\n\n\n<p class=\"wp-block-paragraph\">Il n'est pas surprenant que ces signes accompagnent particuli\u00e8rement la proclamation de la Bonne Nouvelle du salut. Les miracles sont des signes de la capacit\u00e9 de Dieu \u00e0 r\u00e9aliser le salut promis en J\u00e9sus-Christ.<\/p>\n\n\n\n<p class=\"wp-block-paragraph\">Mais gardons \u00e0 l'esprit que ce ne sont que des signes du Royaume \u00e0 venir. Il est important de ne pas confondre les temps : les miracles ne sont pas la normalit\u00e9 dans le monde actuel (sinon ils ne seraient plus des \"miracles\"), ils sont un signe de ce qui sera la normalit\u00e9 dans le monde \u00e0 venir.<\/p>\n\n\n\n<h2 class=\"wp-block-heading\">La foi est-elle n\u00e9cessaire pour que Dieu fasse des miracles ?<\/h2>\n\n\n\n<p class=\"wp-block-paragraph\">Certains textes \u00e9vang\u00e9liques semblent indiquer que s'il y a peu de miracles, c'est \u00e0 cause de l'incr\u00e9dulit\u00e9. Lorsque J\u00e9sus visite la ville o\u00f9 il a grandi, Nazareth, il ne fait pas beaucoup de miracles.&nbsp;<\/p>\n\n\n\n<p class=\"wp-block-paragraph\">Matthieu 13,58 l'explique ainsi : \" Il n'a pas fait beaucoup de miracles ici \u00e0 cause de leur incr\u00e9dulit\u00e9 \" (cf. Mc 6,6 ). Dans un autre \u00e9pisode, les disciples sont montr\u00e9s comme incapables de gu\u00e9rir un enfant atteint d'un d\u00e9mon. Et lorsque les disciples demandent \u00e0 J\u00e9sus pourquoi ils n'ont pas pu chasser le d\u00e9mon (Mt 17, 14-21), il r\u00e9pond : \" C'est \u00e0 cause de leur petite foi \" (Mt 17, 20).<\/p>\n\n\n\n<p class=\"wp-block-paragraph\">Il me semble que le caract\u00e8re interrogatif de ces d\u00e9clarations de J\u00e9sus ne peut \u00eatre \u00e9cart\u00e9. Ces d\u00e9clarations sont l\u00e0 pour nous faire r\u00e9fl\u00e9chir sur notre foi. Comme nous l'avons vu, les miracles sont un signe de la capacit\u00e9 de Dieu \u00e0 r\u00e9aliser son salut : il est un Dieu tout-puissant pour gu\u00e9rir, d\u00e9livrer, restaurer et sauver.&nbsp;<\/p>\n\n\n\n<p class=\"wp-block-paragraph\">Le salut accompli en J\u00e9sus-Christ est bien plus grand que la gu\u00e9rison d'un aveugle ou la d\u00e9livrance d'un homme poss\u00e9d\u00e9 par un d\u00e9mon. Le fait que les disciples n'aient pas eu la foi pour un simple miracle souligne la petitesse de leur foi.<\/p>\n\n\n\n<h3 class=\"wp-block-heading\">L'absence de foi<\/h3>\n\n\n\n<p class=\"wp-block-paragraph\">Por Mateus 13:58, \u201cJesus n\u00e3o fez muitos milagres neste lugar por causa da &#8216;aus\u00eancia' de sua f\u00e9 \u201d: essas pessoas se recusaram a reconhecer em Jesus (eles cresceram com ele) o Messias; ele era, segundo eles, um homem como os outros. Esta aus\u00eancia de f\u00e9 \u00e9 diferente da d\u00favida que pode ser misturada com a confian\u00e7a em Deus (cf. Marcos 9:23-25).<\/p>\n\n\n\n<p class=\"wp-block-paragraph\">Le Seigneur n'intervient pas, quand on le lui demande, lorsque nous refusons d\u00e9lib\u00e9r\u00e9ment de croire qu'il est Dieu.<\/p>","protected":false},"excerpt":{"rendered":"<p>Como muitas passagens o sublinham, os milagres de Jesus ensinam e v\u00eam atestar a origem divina da prega\u00e7\u00e3o de Cristo ou dos ap\u00f3stolos&#8230;<\/p>","protected":false},"author":1,"featured_media":552,"comment_status":"open","ping_status":"closed","sticky":false,"template":"","format":"standard","meta":{"neve_meta_sidebar":"","neve_meta_container":"","neve_meta_enable_content_width":"","neve_meta_content_width":0,"neve_meta_title_alignment":"","neve_meta_author_avatar":"","neve_post_elements_order":"","neve_meta_disable_header":"","neve_meta_disable_footer":"","neve_meta_disable_title":"","footnotes":""},"categories":[3],"tags":[130,131],"class_list":["post-541","post","type-post","status-publish","format-standard","has-post-thumbnail","hentry","category-fe","tag-jesus","tag-milagres"],"yoast_head":"<!-- This site is optimized with the Yoast SEO plugin v28.4 - https:\/\/yoast.com\/product\/yoast-seo-wordpress\/ -->\n<title>O que os milagres de Jesus ensinam a voc\u00ea - Ora\u00e7\u00e3o e F\u00e9<\/title>\n<meta name=\"description\" content=\"Como muitas passagens o sublinham, os milagres de Jesus ensinam e v\u00eam atestar a origem divina da prega\u00e7\u00e3o de Cristo ou dos ap\u00f3stolos...\" \/>\n<meta name=\"robots\" content=\"index, follow, max-snippet:-1, max-image-preview:large, max-video-preview:-1\" \/>\n<link rel=\"canonical\" href=\"https:\/\/www.oracaoefe.com\/fr\/o-que-os-milagres-de-jesus-ensinam-a-voce\/\" \/>\n<meta property=\"og:locale\" content=\"fr_FR\" \/>\n<meta property=\"og:type\" content=\"article\" \/>\n<meta property=\"og:title\" content=\"O que os milagres de Jesus ensinam a voc\u00ea - Ora\u00e7\u00e3o e F\u00e9\" \/>\n<meta property=\"og:description\" content=\"Como muitas passagens o sublinham, os milagres de Jesus ensinam e v\u00eam atestar a origem divina da prega\u00e7\u00e3o de Cristo ou dos ap\u00f3stolos...\" \/>\n<meta property=\"og:url\" content=\"https:\/\/www.oracaoefe.com\/fr\/o-que-os-milagres-de-jesus-ensinam-a-voce\/\" \/>\n<meta property=\"og:site_name\" content=\"Ora\u00e7\u00e3o e F\u00e9\" \/>\n<meta property=\"article:published_time\" content=\"2022-09-29T19:24:54+00:00\" \/>\n<meta property=\"article:modified_time\" content=\"2022-09-29T22:31:15+00:00\" \/>\n<meta property=\"og:image\" content=\"https:\/\/www.oracaoefe.com\/wp-content\/uploads\/2022\/09\/O-que-os-milagres-de-Jesus-ensinam-a-voce.jpg\" \/>\n\t<meta property=\"og:image:width\" content=\"1200\" \/>\n\t<meta property=\"og:image:height\" content=\"675\" \/>\n\t<meta property=\"og:image:type\" content=\"image\/jpeg\" \/>\n<meta name=\"author\" content=\"Maria\" \/>\n<meta name=\"twitter:card\" content=\"summary_large_image\" \/>\n<meta name=\"twitter:label1\" content=\"\u00c9crit par\" \/>\n\t<meta name=\"twitter:data1\" content=\"Maria\" \/>\n\t<meta name=\"twitter:label2\" content=\"Dur\u00e9e de lecture estim\u00e9e\" \/>\n\t<meta name=\"twitter:data2\" content=\"4 minutes\" \/>\n<script type=\"application\/ld+json\" class=\"yoast-schema-graph\">{\"@context\":\"https:\\\/\\\/schema.org\",\"@graph\":[{\"@type\":\"Article\",\"@id\":\"https:\\\/\\\/www.oracaoefe.com\\\/o-que-os-milagres-de-jesus-ensinam-a-voce\\\/#article\",\"isPartOf\":{\"@id\":\"https:\\\/\\\/www.oracaoefe.com\\\/o-que-os-milagres-de-jesus-ensinam-a-voce\\\/\"},\"author\":{\"name\":\"Maria\",\"@id\":\"https:\\\/\\\/www.oracaoefe.com\\\/#\\\/schema\\\/person\\\/27873f1e6043866689f5091b5139f23d\"},\"headline\":\"O que os milagres de Jesus ensinam a voc\u00ea\",\"datePublished\":\"2022-09-29T19:24:54+00:00\",\"dateModified\":\"2022-09-29T22:31:15+00:00\",\"mainEntityOfPage\":{\"@id\":\"https:\\\/\\\/www.oracaoefe.com\\\/o-que-os-milagres-de-jesus-ensinam-a-voce\\\/\"},\"wordCount\":799,\"commentCount\":0,\"image\":{\"@id\":\"https:\\\/\\\/www.oracaoefe.com\\\/o-que-os-milagres-de-jesus-ensinam-a-voce\\\/#primaryimage\"},\"thumbnailUrl\":\"https:\\\/\\\/www.oracaoefe.com\\\/wp-content\\\/uploads\\\/2022\\\/09\\\/O-que-os-milagres-de-Jesus-ensinam-a-voce.jpg\",\"keywords\":[\"Jesus\",\"milagres\"],\"articleSection\":[\"F\u00e9\"],\"inLanguage\":\"fr-FR\",\"potentialAction\":[{\"@type\":\"CommentAction\",\"name\":\"Comment\",\"target\":[\"https:\\\/\\\/www.oracaoefe.com\\\/o-que-os-milagres-de-jesus-ensinam-a-voce\\\/#respond\"]}]},{\"@type\":\"WebPage\",\"@id\":\"https:\\\/\\\/www.oracaoefe.com\\\/o-que-os-milagres-de-jesus-ensinam-a-voce\\\/\",\"url\":\"https:\\\/\\\/www.oracaoefe.com\\\/o-que-os-milagres-de-jesus-ensinam-a-voce\\\/\",\"name\":\"O que os milagres de Jesus ensinam a voc\u00ea - Ora\u00e7\u00e3o e F\u00e9\",\"isPartOf\":{\"@id\":\"https:\\\/\\\/www.oracaoefe.com\\\/#website\"},\"primaryImageOfPage\":{\"@id\":\"https:\\\/\\\/www.oracaoefe.com\\\/o-que-os-milagres-de-jesus-ensinam-a-voce\\\/#primaryimage\"},\"image\":{\"@id\":\"https:\\\/\\\/www.oracaoefe.com\\\/o-que-os-milagres-de-jesus-ensinam-a-voce\\\/#primaryimage\"},\"thumbnailUrl\":\"https:\\\/\\\/www.oracaoefe.com\\\/wp-content\\\/uploads\\\/2022\\\/09\\\/O-que-os-milagres-de-Jesus-ensinam-a-voce.jpg\",\"datePublished\":\"2022-09-29T19:24:54+00:00\",\"dateModified\":\"2022-09-29T22:31:15+00:00\",\"author\":{\"@id\":\"https:\\\/\\\/www.oracaoefe.com\\\/#\\\/schema\\\/person\\\/27873f1e6043866689f5091b5139f23d\"},\"description\":\"Como muitas passagens o sublinham, os milagres de Jesus ensinam e v\u00eam atestar a origem divina da prega\u00e7\u00e3o de Cristo ou dos ap\u00f3stolos...\",\"breadcrumb\":{\"@id\":\"https:\\\/\\\/www.oracaoefe.com\\\/o-que-os-milagres-de-jesus-ensinam-a-voce\\\/#breadcrumb\"},\"inLanguage\":\"fr-FR\",\"potentialAction\":[{\"@type\":\"ReadAction\",\"target\":[\"https:\\\/\\\/www.oracaoefe.com\\\/o-que-os-milagres-de-jesus-ensinam-a-voce\\\/\"]}]},{\"@type\":\"ImageObject\",\"inLanguage\":\"fr-FR\",\"@id\":\"https:\\\/\\\/www.oracaoefe.com\\\/o-que-os-milagres-de-jesus-ensinam-a-voce\\\/#primaryimage\",\"url\":\"https:\\\/\\\/www.oracaoefe.com\\\/wp-content\\\/uploads\\\/2022\\\/09\\\/O-que-os-milagres-de-Jesus-ensinam-a-voce.jpg\",\"contentUrl\":\"https:\\\/\\\/www.oracaoefe.com\\\/wp-content\\\/uploads\\\/2022\\\/09\\\/O-que-os-milagres-de-Jesus-ensinam-a-voce.jpg\",\"width\":1200,\"height\":675,\"caption\":\"O que os milagres de Jesus ensinam a voc\u00ea\"},{\"@type\":\"BreadcrumbList\",\"@id\":\"https:\\\/\\\/www.oracaoefe.com\\\/o-que-os-milagres-de-jesus-ensinam-a-voce\\\/#breadcrumb\",\"itemListElement\":[{\"@type\":\"ListItem\",\"position\":1,\"name\":\"Home\",\"item\":\"https:\\\/\\\/www.oracaoefe.com\\\/\"},{\"@type\":\"ListItem\",\"position\":2,\"name\":\"F\u00e9\",\"item\":\"https:\\\/\\\/www.oracaoefe.com\\\/es\\\/categoria\\\/fe\\\/\"},{\"@type\":\"ListItem\",\"position\":3,\"name\":\"O que os milagres de Jesus ensinam a voc\u00ea\"}]},{\"@type\":\"WebSite\",\"@id\":\"https:\\\/\\\/www.oracaoefe.com\\\/#website\",\"url\":\"https:\\\/\\\/www.oracaoefe.com\\\/\",\"name\":\"Ora\u00e7\u00e3o e F\u00e9\",\"description\":\"\",\"potentialAction\":[{\"@type\":\"SearchAction\",\"target\":{\"@type\":\"EntryPoint\",\"urlTemplate\":\"https:\\\/\\\/www.oracaoefe.com\\\/?s={search_term_string}\"},\"query-input\":{\"@type\":\"PropertyValueSpecification\",\"valueRequired\":true,\"valueName\":\"search_term_string\"}}],\"inLanguage\":\"fr-FR\"},{\"@type\":\"Person\",\"@id\":\"https:\\\/\\\/www.oracaoefe.com\\\/#\\\/schema\\\/person\\\/27873f1e6043866689f5091b5139f23d\",\"name\":\"Maria\",\"image\":{\"@type\":\"ImageObject\",\"inLanguage\":\"fr-FR\",\"@id\":\"https:\\\/\\\/secure.gravatar.com\\\/avatar\\\/4cac5ea56d40d599bd7348d330a83b1c84cd229296d1613cd1c7f6740561d0c9?s=96&d=mm&r=g\",\"url\":\"https:\\\/\\\/secure.gravatar.com\\\/avatar\\\/4cac5ea56d40d599bd7348d330a83b1c84cd229296d1613cd1c7f6740561d0c9?s=96&d=mm&r=g\",\"contentUrl\":\"https:\\\/\\\/secure.gravatar.com\\\/avatar\\\/4cac5ea56d40d599bd7348d330a83b1c84cd229296d1613cd1c7f6740561d0c9?s=96&d=mm&r=g\",\"caption\":\"Maria\"},\"description\":\"Meu nome \u00e9 Maria e sou apaixonada por teologia, espiritualidade e estudos religiosos. H\u00e1 mais de 5 anos escrevo sobre o universo da f\u00e9, pesquisando diferentes religi\u00f5es, doutrinas, tradi\u00e7\u00f5es espirituais e curiosidades religiosas ao redor do mundo. Tenho grande interesse em compreender como a f\u00e9 e a religiosidade se manifestam em diferentes culturas, pa\u00edses e idiomas, sempre buscando aprender mais sobre os costumes, cren\u00e7as e hist\u00f3rias que influenciam milh\u00f5es de pessoas diariamente. Atualmente, atuo como redatora no portal Ora\u00e7\u00e3o e F\u00e9, onde compartilho conte\u00fados informativos, reflexivos e inspiradores voltados ao universo religioso e espiritual. Meu objetivo \u00e9 levar conhecimento, curiosidades e mensagens enriquecedoras para leitores que desejam aprofundar sua compreens\u00e3o sobre f\u00e9, religi\u00e3o e espiritualidade no mundo moderno.\",\"sameAs\":[\"https:\\\/\\\/www.oracaoefe.com\"],\"url\":\"https:\\\/\\\/www.oracaoefe.com\\\/fr\\\/author\\\/admin\\\/\"}]}<\/script>\n<!-- \/ Yoast SEO plugin. -->","yoast_head_json":{"title":"Ce que les miracles de J\u00e9sus vous apprennent - Pri\u00e8re et foi","description":"Comme le soulignent de nombreux passages, les miracles de J\u00e9sus enseignent et t\u00e9moignent de l'origine divine de la pr\u00e9dication du Christ ou des ap\u00f4tres...","robots":{"index":"index","follow":"follow","max-snippet":"max-snippet:-1","max-image-preview":"max-image-preview:large","max-video-preview":"max-video-preview:-1"},"canonical":"https:\/\/www.oracaoefe.com\/fr\/o-que-os-milagres-de-jesus-ensinam-a-voce\/","og_locale":"fr_FR","og_type":"article","og_title":"O que os milagres de Jesus ensinam a voc\u00ea - Ora\u00e7\u00e3o e F\u00e9","og_description":"Como muitas passagens o sublinham, os milagres de Jesus ensinam e v\u00eam atestar a origem divina da prega\u00e7\u00e3o de Cristo ou dos ap\u00f3stolos...","og_url":"https:\/\/www.oracaoefe.com\/fr\/o-que-os-milagres-de-jesus-ensinam-a-voce\/","og_site_name":"Ora\u00e7\u00e3o e F\u00e9","article_published_time":"2022-09-29T19:24:54+00:00","article_modified_time":"2022-09-29T22:31:15+00:00","og_image":[{"width":1200,"height":675,"url":"https:\/\/www.oracaoefe.com\/wp-content\/uploads\/2022\/09\/O-que-os-milagres-de-Jesus-ensinam-a-voce.jpg","type":"image\/jpeg"}],"author":"Maria","twitter_card":"summary_large_image","twitter_misc":{"\u00c9crit par":"Maria","Dur\u00e9e de lecture estim\u00e9e":"4 minutes"},"schema":{"@context":"https:\/\/schema.org","@graph":[{"@type":"Article","@id":"https:\/\/www.oracaoefe.com\/o-que-os-milagres-de-jesus-ensinam-a-voce\/#article","isPartOf":{"@id":"https:\/\/www.oracaoefe.com\/o-que-os-milagres-de-jesus-ensinam-a-voce\/"},"author":{"name":"Maria","@id":"https:\/\/www.oracaoefe.com\/#\/schema\/person\/27873f1e6043866689f5091b5139f23d"},"headline":"O que os milagres de Jesus ensinam a voc\u00ea","datePublished":"2022-09-29T19:24:54+00:00","dateModified":"2022-09-29T22:31:15+00:00","mainEntityOfPage":{"@id":"https:\/\/www.oracaoefe.com\/o-que-os-milagres-de-jesus-ensinam-a-voce\/"},"wordCount":799,"commentCount":0,"image":{"@id":"https:\/\/www.oracaoefe.com\/o-que-os-milagres-de-jesus-ensinam-a-voce\/#primaryimage"},"thumbnailUrl":"https:\/\/www.oracaoefe.com\/wp-content\/uploads\/2022\/09\/O-que-os-milagres-de-Jesus-ensinam-a-voce.jpg","keywords":["Jesus","milagres"],"articleSection":["F\u00e9"],"inLanguage":"fr-FR","potentialAction":[{"@type":"CommentAction","name":"Comment","target":["https:\/\/www.oracaoefe.com\/o-que-os-milagres-de-jesus-ensinam-a-voce\/#respond"]}]},{"@type":"WebPage","@id":"https:\/\/www.oracaoefe.com\/o-que-os-milagres-de-jesus-ensinam-a-voce\/","url":"https:\/\/www.oracaoefe.com\/o-que-os-milagres-de-jesus-ensinam-a-voce\/","name":"Ce que les miracles de J\u00e9sus vous apprennent - Pri\u00e8re et foi","isPartOf":{"@id":"https:\/\/www.oracaoefe.com\/#website"},"primaryImageOfPage":{"@id":"https:\/\/www.oracaoefe.com\/o-que-os-milagres-de-jesus-ensinam-a-voce\/#primaryimage"},"image":{"@id":"https:\/\/www.oracaoefe.com\/o-que-os-milagres-de-jesus-ensinam-a-voce\/#primaryimage"},"thumbnailUrl":"https:\/\/www.oracaoefe.com\/wp-content\/uploads\/2022\/09\/O-que-os-milagres-de-Jesus-ensinam-a-voce.jpg","datePublished":"2022-09-29T19:24:54+00:00","dateModified":"2022-09-29T22:31:15+00:00","author":{"@id":"https:\/\/www.oracaoefe.com\/#\/schema\/person\/27873f1e6043866689f5091b5139f23d"},"description":"Comme le soulignent de nombreux passages, les miracles de J\u00e9sus enseignent et t\u00e9moignent de l'origine divine de la pr\u00e9dication du Christ ou des ap\u00f4tres...","breadcrumb":{"@id":"https:\/\/www.oracaoefe.com\/o-que-os-milagres-de-jesus-ensinam-a-voce\/#breadcrumb"},"inLanguage":"fr-FR","potentialAction":[{"@type":"ReadAction","target":["https:\/\/www.oracaoefe.com\/o-que-os-milagres-de-jesus-ensinam-a-voce\/"]}]},{"@type":"ImageObject","inLanguage":"fr-FR","@id":"https:\/\/www.oracaoefe.com\/o-que-os-milagres-de-jesus-ensinam-a-voce\/#primaryimage","url":"https:\/\/www.oracaoefe.com\/wp-content\/uploads\/2022\/09\/O-que-os-milagres-de-Jesus-ensinam-a-voce.jpg","contentUrl":"https:\/\/www.oracaoefe.com\/wp-content\/uploads\/2022\/09\/O-que-os-milagres-de-Jesus-ensinam-a-voce.jpg","width":1200,"height":675,"caption":"O que os milagres de Jesus ensinam a voc\u00ea"},{"@type":"BreadcrumbList","@id":"https:\/\/www.oracaoefe.com\/o-que-os-milagres-de-jesus-ensinam-a-voce\/#breadcrumb","itemListElement":[{"@type":"ListItem","position":1,"name":"Home","item":"https:\/\/www.oracaoefe.com\/"},{"@type":"ListItem","position":2,"name":"F\u00e9","item":"https:\/\/www.oracaoefe.com\/es\/categoria\/fe\/"},{"@type":"ListItem","position":3,"name":"O que os milagres de Jesus ensinam a voc\u00ea"}]},{"@type":"WebSite","@id":"https:\/\/www.oracaoefe.com\/#website","url":"https:\/\/www.oracaoefe.com\/","name":"Pri\u00e8re et foi","description":"","potentialAction":[{"@type":"SearchAction","target":{"@type":"EntryPoint","urlTemplate":"https:\/\/www.oracaoefe.com\/?s={search_term_string}"},"query-input":{"@type":"PropertyValueSpecification","valueRequired":true,"valueName":"search_term_string"}}],"inLanguage":"fr-FR"},{"@type":"Person","@id":"https:\/\/www.oracaoefe.com\/#\/schema\/person\/27873f1e6043866689f5091b5139f23d","name":"Maria","image":{"@type":"ImageObject","inLanguage":"fr-FR","@id":"https:\/\/secure.gravatar.com\/avatar\/4cac5ea56d40d599bd7348d330a83b1c84cd229296d1613cd1c7f6740561d0c9?s=96&d=mm&r=g","url":"https:\/\/secure.gravatar.com\/avatar\/4cac5ea56d40d599bd7348d330a83b1c84cd229296d1613cd1c7f6740561d0c9?s=96&d=mm&r=g","contentUrl":"https:\/\/secure.gravatar.com\/avatar\/4cac5ea56d40d599bd7348d330a83b1c84cd229296d1613cd1c7f6740561d0c9?s=96&d=mm&r=g","caption":"Maria"},"description":"Meu nome \u00e9 Maria e sou apaixonada por teologia, espiritualidade e estudos religiosos. H\u00e1 mais de 5 anos escrevo sobre o universo da f\u00e9, pesquisando diferentes religi\u00f5es, doutrinas, tradi\u00e7\u00f5es espirituais e curiosidades religiosas ao redor do mundo. Tenho grande interesse em compreender como a f\u00e9 e a religiosidade se manifestam em diferentes culturas, pa\u00edses e idiomas, sempre buscando aprender mais sobre os costumes, cren\u00e7as e hist\u00f3rias que influenciam milh\u00f5es de pessoas diariamente. Atualmente, atuo como redatora no portal Ora\u00e7\u00e3o e F\u00e9, onde compartilho conte\u00fados informativos, reflexivos e inspiradores voltados ao universo religioso e espiritual. Meu objetivo \u00e9 levar conhecimento, curiosidades e mensagens enriquecedoras para leitores que desejam aprofundar sua compreens\u00e3o sobre f\u00e9, religi\u00e3o e espiritualidade no mundo moderno.","sameAs":["https:\/\/www.oracaoefe.com"],"url":"https:\/\/www.oracaoefe.com\/fr\/author\/admin\/"}]}},"_links":{"self":[{"href":"https:\/\/www.oracaoefe.com\/fr\/wp-json\/wp\/v2\/posts\/541","targetHints":{"allow":["GET"]}}],"collection":[{"href":"https:\/\/www.oracaoefe.com\/fr\/wp-json\/wp\/v2\/posts"}],"about":[{"href":"https:\/\/www.oracaoefe.com\/fr\/wp-json\/wp\/v2\/types\/post"}],"author":[{"embeddable":true,"href":"https:\/\/www.oracaoefe.com\/fr\/wp-json\/wp\/v2\/users\/1"}],"replies":[{"embeddable":true,"href":"https:\/\/www.oracaoefe.com\/fr\/wp-json\/wp\/v2\/comments?post=541"}],"version-history":[{"count":1,"href":"https:\/\/www.oracaoefe.com\/fr\/wp-json\/wp\/v2\/posts\/541\/revisions"}],"predecessor-version":[{"id":542,"href":"https:\/\/www.oracaoefe.com\/fr\/wp-json\/wp\/v2\/posts\/541\/revisions\/542"}],"wp:featuredmedia":[{"embeddable":true,"href":"https:\/\/www.oracaoefe.com\/fr\/wp-json\/wp\/v2\/media\/552"}],"wp:attachment":[{"href":"https:\/\/www.oracaoefe.com\/fr\/wp-json\/wp\/v2\/media?parent=541"}],"wp:term":[{"taxonomy":"category","embeddable":true,"href":"https:\/\/www.oracaoefe.com\/fr\/wp-json\/wp\/v2\/categories?post=541"},{"taxonomy":"post_tag","embeddable":true,"href":"https:\/\/www.oracaoefe.com\/fr\/wp-json\/wp\/v2\/tags?post=541"}],"curies":[{"name":"wp","href":"https:\/\/api.w.org\/{rel}","templated":true}]}}