{"id":539,"date":"2022-09-29T16:23:14","date_gmt":"2022-09-29T19:23:14","guid":{"rendered":"https:\/\/www.oracaoefe.com\/?p=539"},"modified":"2022-09-29T19:28:09","modified_gmt":"2022-09-29T22:28:09","slug":"de-quem-e-a-culpa-entenda-as-coisas-ruins-do-mundo","status":"publish","type":"post","link":"https:\/\/www.oracaoefe.com\/fr\/de-quem-e-a-culpa-entenda-as-coisas-ruins-do-mundo\/","title":{"rendered":"A qui la faute ? Comprendre les mauvaises choses du monde"},"content":{"rendered":"<div class=\"wp-block-post-date\"><time datetime=\"2022-09-29T16:23:14-03:00\">29 septembre 2022<\/time><\/div>\n\n\n<p class=\"wp-block-paragraph\">Apr\u00e8s tout, <strong>qui est \u00e0 bl\u00e2mer<\/strong> de tout le mal dans le monde ? Si Dieu n'est pas responsable de la souffrance, comment expliquer la faim, la pauvret\u00e9, les guerres, les maladies et les catastrophes naturelles ? La Parole de Dieu, la Bible, r\u00e9v\u00e8le les trois principales causes de la souffrance humaine : l'\u00e9go\u00efsme, la cupidit\u00e9 et la haine.<\/p>\n\n\n\n<p class=\"wp-block-paragraph\">\"L'homme soumet l'homme \u00e0 son malheur\" (Eccl\u00e9siaste 8:9). Souvent, les gens souffrent parce qu'ils sont victimes d'humains imparfaits, \u00e9go\u00efstes ou cruels.<\/p>\n\n\n\n<p class=\"wp-block-paragraph\">Des moments et des \u00e9v\u00e9nements impr\u00e9vus. Beaucoup souffrent \"parce que des temps durs et impr\u00e9vus viennent sur eux\" (Eccl\u00e9siaste 9:11). Certains se trouvent au mauvais endroit au mauvais moment, il y a des accidents, les gens agissent imprudemment ou font des erreurs.<\/p>\n\n\n\n<h2 class=\"wp-block-heading\">A qui la faute ?<\/h2>\n\n\n\n<p class=\"wp-block-paragraph\">Le mauvais ma\u00eetre du monde : la Bible r\u00e9v\u00e8le clairement quelle est la cause premi\u00e8re de la souffrance. Elle d\u00e9clare : \"Le monde entier est au pouvoir des m\u00e9chants\" (Jean 5:19). Ce \"m\u00e9chant\" est Satan, le Diable, une cr\u00e9ature spirituelle puissante qui \u00e9tait \u00e0 l'origine un ange de Dieu ; mais il \"n'a pas tenu ferme dans la v\u00e9rit\u00e9\" (Jean 8:44).&nbsp;<\/p>\n\n\n\n<p class=\"wp-block-paragraph\">D'autres anges se sont joints \u00e0 lui et se sont rebell\u00e9s contre Dieu pour satisfaire leurs d\u00e9sirs \u00e9go\u00efstes ; ils sont ainsi devenus des d\u00e9mons (Gen\u00e8se 6:1-5). Depuis sa r\u00e9bellion, Satan et ses d\u00e9mons exercent une influence puissante et cruelle sur les affaires du monde. C'est particuli\u00e8rement vrai \u00e0 notre \u00e9poque.&nbsp;<\/p>\n\n\n\n<p class=\"wp-block-paragraph\">Aujourd'hui, le diable est en grande col\u00e8re et \"trompe le monde entier\", causant de la souffrance sur la terre (Apocalypse 12:9, 12). Satan est un dictateur cruel, un \u00eatre mal\u00e9fique qui aime voir les humains souffrir. Par cons\u00e9quent, c'est Satan, et non Dieu, qui cause la souffrance.<\/p>\n\n\n\n<p class=\"wp-block-paragraph\">Seul un \u00eatre cruel et mauvais peut faire souffrir des personnes innocentes. La Bible dit que \"Dieu est amour\" (Jean 4:8). L'amour caract\u00e9rise cela, \"il est impensable que le vrai Dieu agisse m\u00e9chamment, que le Tout-Puissant fasse quelque chose de mal !\" (Job 34:10).<\/p>\n\n\n\n<p class=\"wp-block-paragraph\">Cependant, vous vous demandez peut-\u00eatre combien de temps le Dieu tout-puissant tol\u00e9rera le r\u00e8gne abominable de Satan. Comme nous l'avons vu, Dieu d\u00e9teste la m\u00e9chancet\u00e9, et nos souffrances lui causent une immense douleur.&nbsp;<\/p>\n\n\n\n<p class=\"wp-block-paragraph\">D'ailleurs, sa Parole nous invite \u00e0 \"rejeter sur lui tous vos soucis, car il prend soin de vous\" (Pierre 5,7). Dieu nous aime et a le pouvoir de mettre fin \u00e0 la souffrance et \u00e0 l'injustice . Cela sera expliqu\u00e9 dans l'article suivant.<\/p>\n\n\n\n<h2 class=\"wp-block-heading\">Dieu mettra bient\u00f4t fin \u00e0 la souffrance<\/h2>\n\n\n\n<p class=\"wp-block-paragraph\">\"Combien de temps, \u00f4 J\u00e9hovah, dois-je crier au secours sans que tu m'entendes ? Jusqu'\u00e0 quand dois-je crier au secours sans que tu interviennes contre la violence ?\" (Habacuc 1, 2, 3). Ce sont les paroles d'Habakkuk, un homme bon, qui avait la faveur de Dieu. Son appel r\u00e9v\u00e8le-t-il un manque de foi ? Pas du tout !&nbsp;<\/p>\n\n\n\n<p class=\"wp-block-paragraph\">De plus, Dieu l'a rassur\u00e9 en lui disant qu'il avait fix\u00e9 un temps pour mettre fin \u00e0 la souffrance (Habacuc 2:2, 3).<\/p>\n\n\n\n<p class=\"wp-block-paragraph\">Lorsqu'on souffre ou qu'on voit souffrir un \u00eatre cher, on en conclut rapidement que Dieu tarde \u00e0 agir et qu'il aurait d\u00e9j\u00e0 d\u00fb intervenir. Cependant, la Bible d\u00e9clare : \"L'\u00c9ternel ne tarde pas \u00e0 accomplir sa promesse, comme certains le pensent, mais il est patient avec vous, car il ne veut pas qu'un seul soit d\u00e9truit, mais il veut que tous viennent \u00e0 la repentance\" (Pierre 3:9).<\/p>\n\n\n\n<h3 class=\"wp-block-heading\">Quand Dieu va-t-il agir ?<\/h3>\n\n\n\n<p class=\"wp-block-paragraph\">Tr\u00e8s bient\u00f4t ! J\u00e9sus a r\u00e9v\u00e9l\u00e9 qu'une g\u00e9n\u00e9ration particuli\u00e8re serait t\u00e9moin d'une combinaison exceptionnelle d'\u00e9v\u00e9nements qui marqueraient les derniers jours d'un \"monde\" (Matthieu 24, 3-42). L'accomplissement de sa proph\u00e9tie \u00e0 notre \u00e9poque montre que l'intervention de Dieu dans les affaires humaines est imminente.<\/p>\n\n\n\n<p class=\"wp-block-paragraph\">Mais comment Dieu mettra-t-il fin \u00e0 toute souffrance ? Lorsque J\u00e9sus \u00e9tait sur terre, il a donn\u00e9 un aper\u00e7u du pouvoir que Dieu poss\u00e8de pour soulager la souffrance humaine. Examinons quelques exemples.<\/p>\n\n\n\n<p class=\"wp-block-paragraph\"><strong>Catastrophes naturelles<\/strong>Alors que J\u00e9sus et ses ap\u00f4tres traversent la mer de Galil\u00e9e, une violente temp\u00eate menace de faire chavirer leur bateau. Mais J\u00e9sus a montr\u00e9 que lui et son P\u00e8re dominent les forces de la nature (Colossiens 1:15, 16). Il a simplement dit : \"Silence ! Soyez tranquille ! Et \"le vent se calma et il y eut un grand calme\" (Marc 4, 35-39).<\/p>\n\n\n\n<p class=\"wp-block-paragraph\"><strong>Maladies<\/strong>J\u00e9sus \u00e9tait connu pour sa capacit\u00e9 \u00e0 gu\u00e9rir les aveugles et les infirmes, ainsi que les \u00e9pileptiques, les l\u00e9preux - en fait, toutes sortes de malades. Il a gu\u00e9ri \"tous les malades\" (Matthieu 4:23, 24 ; 8:16 ; 11:2-5).<\/p>\n\n\n\n<p class=\"wp-block-paragraph\"><strong>P\u00e9nurie alimentaire<\/strong>Gr\u00e2ce \u00e0 des pouvoirs accord\u00e9s par son P\u00e8re, J\u00e9sus a multipli\u00e9 de maigres quantit\u00e9s de nourriture. Selon la Bible, \u00e0 deux reprises durant son minist\u00e8re, il a nourri des milliers de personnes de cette mani\u00e8re (Matthieu 14:14-21 ; 15:32-38).<\/p>\n\n\n\n<p class=\"wp-block-paragraph\"><strong>D\u00e9c\u00e8s<\/strong>: J\u00e9hovah a le pouvoir de d\u00e9faire les effets de la mort : cela ressort clairement des trois r\u00e9cits de r\u00e9surrection op\u00e9r\u00e9s par J\u00e9sus. L'une d'elles concerne m\u00eame un homme mort depuis quatre jours (Marc 5, 35-42 ; Luc 7, 11-16 ; Jean 11, 3-44).<\/p>","protected":false},"excerpt":{"rendered":"<p>Afinal, de quem \u00e9 a culpa de todo o mal do mundo? Se Deus n\u00e3o \u00e9 respons\u00e1vel pelo sofrimento, como explicar a fome, a pobreza, as guerras&#8230;<\/p>","protected":false},"author":1,"featured_media":550,"comment_status":"open","ping_status":"closed","sticky":false,"template":"","format":"standard","meta":{"neve_meta_sidebar":"","neve_meta_container":"","neve_meta_enable_content_width":"","neve_meta_content_width":0,"neve_meta_title_alignment":"","neve_meta_author_avatar":"","neve_post_elements_order":"","neve_meta_disable_header":"","neve_meta_disable_footer":"","neve_meta_disable_title":"","footnotes":""},"categories":[3],"tags":[129,20],"class_list":["post-539","post","type-post","status-publish","format-standard","has-post-thumbnail","hentry","category-fe","tag-de-quem-e-a-culpa","tag-deus"],"yoast_head":"<!-- This site is optimized with the Yoast SEO plugin v28.4 - https:\/\/yoast.com\/product\/yoast-seo-wordpress\/ -->\n<title>De quem \u00e9 a culpa? Entenda as coisas ruins do mundo - Ora\u00e7\u00e3o e F\u00e9<\/title>\n<meta name=\"description\" content=\"Afinal, de quem \u00e9 a culpa de todo o mal do mundo? Se Deus n\u00e3o \u00e9 respons\u00e1vel pelo sofrimento, como explicar a fome, a pobreza, as guerras...\" \/>\n<meta name=\"robots\" content=\"index, follow, max-snippet:-1, max-image-preview:large, max-video-preview:-1\" \/>\n<link rel=\"canonical\" href=\"https:\/\/www.oracaoefe.com\/fr\/de-quem-e-a-culpa-entenda-as-coisas-ruins-do-mundo\/\" \/>\n<meta property=\"og:locale\" content=\"fr_FR\" \/>\n<meta property=\"og:type\" content=\"article\" \/>\n<meta property=\"og:title\" content=\"De quem \u00e9 a culpa? Entenda as coisas ruins do mundo - Ora\u00e7\u00e3o e F\u00e9\" \/>\n<meta property=\"og:description\" content=\"Afinal, de quem \u00e9 a culpa de todo o mal do mundo? Se Deus n\u00e3o \u00e9 respons\u00e1vel pelo sofrimento, como explicar a fome, a pobreza, as guerras...\" \/>\n<meta property=\"og:url\" content=\"https:\/\/www.oracaoefe.com\/fr\/de-quem-e-a-culpa-entenda-as-coisas-ruins-do-mundo\/\" \/>\n<meta property=\"og:site_name\" content=\"Ora\u00e7\u00e3o e F\u00e9\" \/>\n<meta property=\"article:published_time\" content=\"2022-09-29T19:23:14+00:00\" \/>\n<meta property=\"article:modified_time\" content=\"2022-09-29T22:28:09+00:00\" \/>\n<meta property=\"og:image\" content=\"https:\/\/www.oracaoefe.com\/wp-content\/uploads\/2022\/09\/De-quem-e-a-culpa-Entenda-as-coisas-ruins-do-mundo.jpg\" \/>\n\t<meta property=\"og:image:width\" content=\"1200\" \/>\n\t<meta property=\"og:image:height\" content=\"675\" \/>\n\t<meta property=\"og:image:type\" content=\"image\/jpeg\" \/>\n<meta name=\"author\" content=\"Maria\" \/>\n<meta name=\"twitter:card\" content=\"summary_large_image\" \/>\n<meta name=\"twitter:label1\" content=\"\u00c9crit par\" \/>\n\t<meta name=\"twitter:data1\" content=\"Maria\" \/>\n\t<meta name=\"twitter:label2\" content=\"Dur\u00e9e de lecture estim\u00e9e\" \/>\n\t<meta name=\"twitter:data2\" content=\"4 minutes\" \/>\n<script type=\"application\/ld+json\" class=\"yoast-schema-graph\">{\"@context\":\"https:\\\/\\\/schema.org\",\"@graph\":[{\"@type\":\"Article\",\"@id\":\"https:\\\/\\\/www.oracaoefe.com\\\/es\\\/de-quem-e-a-culpa-entenda-as-coisas-ruins-do-mundo\\\/#article\",\"isPartOf\":{\"@id\":\"https:\\\/\\\/www.oracaoefe.com\\\/es\\\/de-quem-e-a-culpa-entenda-as-coisas-ruins-do-mundo\\\/\"},\"author\":{\"name\":\"Maria\",\"@id\":\"https:\\\/\\\/www.oracaoefe.com\\\/#\\\/schema\\\/person\\\/27873f1e6043866689f5091b5139f23d\"},\"headline\":\"De quem \u00e9 a culpa? Entenda as coisas ruins do mundo\",\"datePublished\":\"2022-09-29T19:23:14+00:00\",\"dateModified\":\"2022-09-29T22:28:09+00:00\",\"mainEntityOfPage\":{\"@id\":\"https:\\\/\\\/www.oracaoefe.com\\\/es\\\/de-quem-e-a-culpa-entenda-as-coisas-ruins-do-mundo\\\/\"},\"wordCount\":811,\"commentCount\":0,\"image\":{\"@id\":\"https:\\\/\\\/www.oracaoefe.com\\\/es\\\/de-quem-e-a-culpa-entenda-as-coisas-ruins-do-mundo\\\/#primaryimage\"},\"thumbnailUrl\":\"https:\\\/\\\/www.oracaoefe.com\\\/wp-content\\\/uploads\\\/2022\\\/09\\\/De-quem-e-a-culpa-Entenda-as-coisas-ruins-do-mundo.jpg\",\"keywords\":[\"de quem \u00e9 a culpa\",\"Deus\"],\"articleSection\":[\"F\u00e9\"],\"inLanguage\":\"fr-FR\",\"potentialAction\":[{\"@type\":\"CommentAction\",\"name\":\"Comment\",\"target\":[\"https:\\\/\\\/www.oracaoefe.com\\\/es\\\/de-quem-e-a-culpa-entenda-as-coisas-ruins-do-mundo\\\/#respond\"]}]},{\"@type\":\"WebPage\",\"@id\":\"https:\\\/\\\/www.oracaoefe.com\\\/es\\\/de-quem-e-a-culpa-entenda-as-coisas-ruins-do-mundo\\\/\",\"url\":\"https:\\\/\\\/www.oracaoefe.com\\\/es\\\/de-quem-e-a-culpa-entenda-as-coisas-ruins-do-mundo\\\/\",\"name\":\"De quem \u00e9 a culpa? Entenda as coisas ruins do mundo - Ora\u00e7\u00e3o e F\u00e9\",\"isPartOf\":{\"@id\":\"https:\\\/\\\/www.oracaoefe.com\\\/#website\"},\"primaryImageOfPage\":{\"@id\":\"https:\\\/\\\/www.oracaoefe.com\\\/es\\\/de-quem-e-a-culpa-entenda-as-coisas-ruins-do-mundo\\\/#primaryimage\"},\"image\":{\"@id\":\"https:\\\/\\\/www.oracaoefe.com\\\/es\\\/de-quem-e-a-culpa-entenda-as-coisas-ruins-do-mundo\\\/#primaryimage\"},\"thumbnailUrl\":\"https:\\\/\\\/www.oracaoefe.com\\\/wp-content\\\/uploads\\\/2022\\\/09\\\/De-quem-e-a-culpa-Entenda-as-coisas-ruins-do-mundo.jpg\",\"datePublished\":\"2022-09-29T19:23:14+00:00\",\"dateModified\":\"2022-09-29T22:28:09+00:00\",\"author\":{\"@id\":\"https:\\\/\\\/www.oracaoefe.com\\\/#\\\/schema\\\/person\\\/27873f1e6043866689f5091b5139f23d\"},\"description\":\"Afinal, de quem \u00e9 a culpa de todo o mal do mundo? Se Deus n\u00e3o \u00e9 respons\u00e1vel pelo sofrimento, como explicar a fome, a pobreza, as guerras...\",\"breadcrumb\":{\"@id\":\"https:\\\/\\\/www.oracaoefe.com\\\/es\\\/de-quem-e-a-culpa-entenda-as-coisas-ruins-do-mundo\\\/#breadcrumb\"},\"inLanguage\":\"fr-FR\",\"potentialAction\":[{\"@type\":\"ReadAction\",\"target\":[\"https:\\\/\\\/www.oracaoefe.com\\\/es\\\/de-quem-e-a-culpa-entenda-as-coisas-ruins-do-mundo\\\/\"]}]},{\"@type\":\"ImageObject\",\"inLanguage\":\"fr-FR\",\"@id\":\"https:\\\/\\\/www.oracaoefe.com\\\/es\\\/de-quem-e-a-culpa-entenda-as-coisas-ruins-do-mundo\\\/#primaryimage\",\"url\":\"https:\\\/\\\/www.oracaoefe.com\\\/wp-content\\\/uploads\\\/2022\\\/09\\\/De-quem-e-a-culpa-Entenda-as-coisas-ruins-do-mundo.jpg\",\"contentUrl\":\"https:\\\/\\\/www.oracaoefe.com\\\/wp-content\\\/uploads\\\/2022\\\/09\\\/De-quem-e-a-culpa-Entenda-as-coisas-ruins-do-mundo.jpg\",\"width\":1200,\"height\":675,\"caption\":\"De quem \u00e9 a culpa Entenda as coisas ruins do mundo\"},{\"@type\":\"BreadcrumbList\",\"@id\":\"https:\\\/\\\/www.oracaoefe.com\\\/es\\\/de-quem-e-a-culpa-entenda-as-coisas-ruins-do-mundo\\\/#breadcrumb\",\"itemListElement\":[{\"@type\":\"ListItem\",\"position\":1,\"name\":\"Home\",\"item\":\"https:\\\/\\\/www.oracaoefe.com\\\/\"},{\"@type\":\"ListItem\",\"position\":2,\"name\":\"F\u00e9\",\"item\":\"https:\\\/\\\/www.oracaoefe.com\\\/es\\\/categoria\\\/fe\\\/\"},{\"@type\":\"ListItem\",\"position\":3,\"name\":\"De quem \u00e9 a culpa? Entenda as coisas ruins do mundo\"}]},{\"@type\":\"WebSite\",\"@id\":\"https:\\\/\\\/www.oracaoefe.com\\\/#website\",\"url\":\"https:\\\/\\\/www.oracaoefe.com\\\/\",\"name\":\"Ora\u00e7\u00e3o e F\u00e9\",\"description\":\"\",\"potentialAction\":[{\"@type\":\"SearchAction\",\"target\":{\"@type\":\"EntryPoint\",\"urlTemplate\":\"https:\\\/\\\/www.oracaoefe.com\\\/?s={search_term_string}\"},\"query-input\":{\"@type\":\"PropertyValueSpecification\",\"valueRequired\":true,\"valueName\":\"search_term_string\"}}],\"inLanguage\":\"fr-FR\"},{\"@type\":\"Person\",\"@id\":\"https:\\\/\\\/www.oracaoefe.com\\\/#\\\/schema\\\/person\\\/27873f1e6043866689f5091b5139f23d\",\"name\":\"Maria\",\"image\":{\"@type\":\"ImageObject\",\"inLanguage\":\"fr-FR\",\"@id\":\"https:\\\/\\\/secure.gravatar.com\\\/avatar\\\/4cac5ea56d40d599bd7348d330a83b1c84cd229296d1613cd1c7f6740561d0c9?s=96&d=mm&r=g\",\"url\":\"https:\\\/\\\/secure.gravatar.com\\\/avatar\\\/4cac5ea56d40d599bd7348d330a83b1c84cd229296d1613cd1c7f6740561d0c9?s=96&d=mm&r=g\",\"contentUrl\":\"https:\\\/\\\/secure.gravatar.com\\\/avatar\\\/4cac5ea56d40d599bd7348d330a83b1c84cd229296d1613cd1c7f6740561d0c9?s=96&d=mm&r=g\",\"caption\":\"Maria\"},\"description\":\"Meu nome \u00e9 Maria e sou apaixonada por teologia, espiritualidade e estudos religiosos. H\u00e1 mais de 5 anos escrevo sobre o universo da f\u00e9, pesquisando diferentes religi\u00f5es, doutrinas, tradi\u00e7\u00f5es espirituais e curiosidades religiosas ao redor do mundo. Tenho grande interesse em compreender como a f\u00e9 e a religiosidade se manifestam em diferentes culturas, pa\u00edses e idiomas, sempre buscando aprender mais sobre os costumes, cren\u00e7as e hist\u00f3rias que influenciam milh\u00f5es de pessoas diariamente. Atualmente, atuo como redatora no portal Ora\u00e7\u00e3o e F\u00e9, onde compartilho conte\u00fados informativos, reflexivos e inspiradores voltados ao universo religioso e espiritual. Meu objetivo \u00e9 levar conhecimento, curiosidades e mensagens enriquecedoras para leitores que desejam aprofundar sua compreens\u00e3o sobre f\u00e9, religi\u00e3o e espiritualidade no mundo moderno.\",\"sameAs\":[\"https:\\\/\\\/www.oracaoefe.com\"],\"url\":\"https:\\\/\\\/www.oracaoefe.com\\\/fr\\\/author\\\/admin\\\/\"}]}<\/script>\n<!-- \/ Yoast SEO plugin. -->","yoast_head_json":{"title":"A qui la faute ? Comprendre les mauvaises choses du monde - Pri\u00e8re et foi","description":"Apr\u00e8s tout, \u00e0 qui la faute de tout le mal dans le monde ? Si Dieu n'est pas responsable de la souffrance, comment expliquer la faim, la pauvret\u00e9, les guerres...","robots":{"index":"index","follow":"follow","max-snippet":"max-snippet:-1","max-image-preview":"max-image-preview:large","max-video-preview":"max-video-preview:-1"},"canonical":"https:\/\/www.oracaoefe.com\/fr\/de-quem-e-a-culpa-entenda-as-coisas-ruins-do-mundo\/","og_locale":"fr_FR","og_type":"article","og_title":"De quem \u00e9 a culpa? Entenda as coisas ruins do mundo - Ora\u00e7\u00e3o e F\u00e9","og_description":"Afinal, de quem \u00e9 a culpa de todo o mal do mundo? Se Deus n\u00e3o \u00e9 respons\u00e1vel pelo sofrimento, como explicar a fome, a pobreza, as guerras...","og_url":"https:\/\/www.oracaoefe.com\/fr\/de-quem-e-a-culpa-entenda-as-coisas-ruins-do-mundo\/","og_site_name":"Ora\u00e7\u00e3o e F\u00e9","article_published_time":"2022-09-29T19:23:14+00:00","article_modified_time":"2022-09-29T22:28:09+00:00","og_image":[{"width":1200,"height":675,"url":"https:\/\/www.oracaoefe.com\/wp-content\/uploads\/2022\/09\/De-quem-e-a-culpa-Entenda-as-coisas-ruins-do-mundo.jpg","type":"image\/jpeg"}],"author":"Maria","twitter_card":"summary_large_image","twitter_misc":{"\u00c9crit par":"Maria","Dur\u00e9e de lecture estim\u00e9e":"4 minutes"},"schema":{"@context":"https:\/\/schema.org","@graph":[{"@type":"Article","@id":"https:\/\/www.oracaoefe.com\/es\/de-quem-e-a-culpa-entenda-as-coisas-ruins-do-mundo\/#article","isPartOf":{"@id":"https:\/\/www.oracaoefe.com\/es\/de-quem-e-a-culpa-entenda-as-coisas-ruins-do-mundo\/"},"author":{"name":"Maria","@id":"https:\/\/www.oracaoefe.com\/#\/schema\/person\/27873f1e6043866689f5091b5139f23d"},"headline":"De quem \u00e9 a culpa? Entenda as coisas ruins do mundo","datePublished":"2022-09-29T19:23:14+00:00","dateModified":"2022-09-29T22:28:09+00:00","mainEntityOfPage":{"@id":"https:\/\/www.oracaoefe.com\/es\/de-quem-e-a-culpa-entenda-as-coisas-ruins-do-mundo\/"},"wordCount":811,"commentCount":0,"image":{"@id":"https:\/\/www.oracaoefe.com\/es\/de-quem-e-a-culpa-entenda-as-coisas-ruins-do-mundo\/#primaryimage"},"thumbnailUrl":"https:\/\/www.oracaoefe.com\/wp-content\/uploads\/2022\/09\/De-quem-e-a-culpa-Entenda-as-coisas-ruins-do-mundo.jpg","keywords":["de quem \u00e9 a culpa","Deus"],"articleSection":["F\u00e9"],"inLanguage":"fr-FR","potentialAction":[{"@type":"CommentAction","name":"Comment","target":["https:\/\/www.oracaoefe.com\/es\/de-quem-e-a-culpa-entenda-as-coisas-ruins-do-mundo\/#respond"]}]},{"@type":"WebPage","@id":"https:\/\/www.oracaoefe.com\/es\/de-quem-e-a-culpa-entenda-as-coisas-ruins-do-mundo\/","url":"https:\/\/www.oracaoefe.com\/es\/de-quem-e-a-culpa-entenda-as-coisas-ruins-do-mundo\/","name":"A qui la faute ? Comprendre les mauvaises choses du monde - Pri\u00e8re et foi","isPartOf":{"@id":"https:\/\/www.oracaoefe.com\/#website"},"primaryImageOfPage":{"@id":"https:\/\/www.oracaoefe.com\/es\/de-quem-e-a-culpa-entenda-as-coisas-ruins-do-mundo\/#primaryimage"},"image":{"@id":"https:\/\/www.oracaoefe.com\/es\/de-quem-e-a-culpa-entenda-as-coisas-ruins-do-mundo\/#primaryimage"},"thumbnailUrl":"https:\/\/www.oracaoefe.com\/wp-content\/uploads\/2022\/09\/De-quem-e-a-culpa-Entenda-as-coisas-ruins-do-mundo.jpg","datePublished":"2022-09-29T19:23:14+00:00","dateModified":"2022-09-29T22:28:09+00:00","author":{"@id":"https:\/\/www.oracaoefe.com\/#\/schema\/person\/27873f1e6043866689f5091b5139f23d"},"description":"Apr\u00e8s tout, \u00e0 qui la faute de tout le mal dans le monde ? Si Dieu n'est pas responsable de la souffrance, comment expliquer la faim, la pauvret\u00e9, les guerres...","breadcrumb":{"@id":"https:\/\/www.oracaoefe.com\/es\/de-quem-e-a-culpa-entenda-as-coisas-ruins-do-mundo\/#breadcrumb"},"inLanguage":"fr-FR","potentialAction":[{"@type":"ReadAction","target":["https:\/\/www.oracaoefe.com\/es\/de-quem-e-a-culpa-entenda-as-coisas-ruins-do-mundo\/"]}]},{"@type":"ImageObject","inLanguage":"fr-FR","@id":"https:\/\/www.oracaoefe.com\/es\/de-quem-e-a-culpa-entenda-as-coisas-ruins-do-mundo\/#primaryimage","url":"https:\/\/www.oracaoefe.com\/wp-content\/uploads\/2022\/09\/De-quem-e-a-culpa-Entenda-as-coisas-ruins-do-mundo.jpg","contentUrl":"https:\/\/www.oracaoefe.com\/wp-content\/uploads\/2022\/09\/De-quem-e-a-culpa-Entenda-as-coisas-ruins-do-mundo.jpg","width":1200,"height":675,"caption":"De quem \u00e9 a culpa Entenda as coisas ruins do mundo"},{"@type":"BreadcrumbList","@id":"https:\/\/www.oracaoefe.com\/es\/de-quem-e-a-culpa-entenda-as-coisas-ruins-do-mundo\/#breadcrumb","itemListElement":[{"@type":"ListItem","position":1,"name":"Home","item":"https:\/\/www.oracaoefe.com\/"},{"@type":"ListItem","position":2,"name":"F\u00e9","item":"https:\/\/www.oracaoefe.com\/es\/categoria\/fe\/"},{"@type":"ListItem","position":3,"name":"De quem \u00e9 a culpa? Entenda as coisas ruins do mundo"}]},{"@type":"WebSite","@id":"https:\/\/www.oracaoefe.com\/#website","url":"https:\/\/www.oracaoefe.com\/","name":"Pri\u00e8re et foi","description":"","potentialAction":[{"@type":"SearchAction","target":{"@type":"EntryPoint","urlTemplate":"https:\/\/www.oracaoefe.com\/?s={search_term_string}"},"query-input":{"@type":"PropertyValueSpecification","valueRequired":true,"valueName":"search_term_string"}}],"inLanguage":"fr-FR"},{"@type":"Person","@id":"https:\/\/www.oracaoefe.com\/#\/schema\/person\/27873f1e6043866689f5091b5139f23d","name":"Maria","image":{"@type":"ImageObject","inLanguage":"fr-FR","@id":"https:\/\/secure.gravatar.com\/avatar\/4cac5ea56d40d599bd7348d330a83b1c84cd229296d1613cd1c7f6740561d0c9?s=96&d=mm&r=g","url":"https:\/\/secure.gravatar.com\/avatar\/4cac5ea56d40d599bd7348d330a83b1c84cd229296d1613cd1c7f6740561d0c9?s=96&d=mm&r=g","contentUrl":"https:\/\/secure.gravatar.com\/avatar\/4cac5ea56d40d599bd7348d330a83b1c84cd229296d1613cd1c7f6740561d0c9?s=96&d=mm&r=g","caption":"Maria"},"description":"Meu nome \u00e9 Maria e sou apaixonada por teologia, espiritualidade e estudos religiosos. H\u00e1 mais de 5 anos escrevo sobre o universo da f\u00e9, pesquisando diferentes religi\u00f5es, doutrinas, tradi\u00e7\u00f5es espirituais e curiosidades religiosas ao redor do mundo. Tenho grande interesse em compreender como a f\u00e9 e a religiosidade se manifestam em diferentes culturas, pa\u00edses e idiomas, sempre buscando aprender mais sobre os costumes, cren\u00e7as e hist\u00f3rias que influenciam milh\u00f5es de pessoas diariamente. Atualmente, atuo como redatora no portal Ora\u00e7\u00e3o e F\u00e9, onde compartilho conte\u00fados informativos, reflexivos e inspiradores voltados ao universo religioso e espiritual. Meu objetivo \u00e9 levar conhecimento, curiosidades e mensagens enriquecedoras para leitores que desejam aprofundar sua compreens\u00e3o sobre f\u00e9, religi\u00e3o e espiritualidade no mundo moderno.","sameAs":["https:\/\/www.oracaoefe.com"],"url":"https:\/\/www.oracaoefe.com\/fr\/author\/admin\/"}]}},"_links":{"self":[{"href":"https:\/\/www.oracaoefe.com\/fr\/wp-json\/wp\/v2\/posts\/539","targetHints":{"allow":["GET"]}}],"collection":[{"href":"https:\/\/www.oracaoefe.com\/fr\/wp-json\/wp\/v2\/posts"}],"about":[{"href":"https:\/\/www.oracaoefe.com\/fr\/wp-json\/wp\/v2\/types\/post"}],"author":[{"embeddable":true,"href":"https:\/\/www.oracaoefe.com\/fr\/wp-json\/wp\/v2\/users\/1"}],"replies":[{"embeddable":true,"href":"https:\/\/www.oracaoefe.com\/fr\/wp-json\/wp\/v2\/comments?post=539"}],"version-history":[{"count":1,"href":"https:\/\/www.oracaoefe.com\/fr\/wp-json\/wp\/v2\/posts\/539\/revisions"}],"predecessor-version":[{"id":540,"href":"https:\/\/www.oracaoefe.com\/fr\/wp-json\/wp\/v2\/posts\/539\/revisions\/540"}],"wp:featuredmedia":[{"embeddable":true,"href":"https:\/\/www.oracaoefe.com\/fr\/wp-json\/wp\/v2\/media\/550"}],"wp:attachment":[{"href":"https:\/\/www.oracaoefe.com\/fr\/wp-json\/wp\/v2\/media?parent=539"}],"wp:term":[{"taxonomy":"category","embeddable":true,"href":"https:\/\/www.oracaoefe.com\/fr\/wp-json\/wp\/v2\/categories?post=539"},{"taxonomy":"post_tag","embeddable":true,"href":"https:\/\/www.oracaoefe.com\/fr\/wp-json\/wp\/v2\/tags?post=539"}],"curies":[{"name":"wp","href":"https:\/\/api.w.org\/{rel}","templated":true}]}}