{"id":537,"date":"2022-09-29T16:21:39","date_gmt":"2022-09-29T19:21:39","guid":{"rendered":"https:\/\/www.oracaoefe.com\/?p=537"},"modified":"2022-09-29T19:34:43","modified_gmt":"2022-09-29T22:34:43","slug":"deus-tem-empatia-o-que-a-criacao-ensina","status":"publish","type":"post","link":"https:\/\/www.oracaoefe.com\/fr\/deus-tem-empatia-o-que-a-criacao-ensina\/","title":{"rendered":"Dieu a-t-il de l'empathie ? Ce que la cr\u00e9ation enseigne"},"content":{"rendered":"<div class=\"wp-block-post-date\"><time datetime=\"2022-09-29T16:21:39-03:00\">29 septembre 2022<\/time><\/div>\n\n\n<p class=\"wp-block-paragraph\">A <strong>empathie <\/strong>est d\u00e9finie comme la \"capacit\u00e9 \u00e0 s'identifier aux autres, \u00e0 ressentir ce qu'ils ressentent\". Cette qualit\u00e9 nous permet d'imaginer ce que ce serait d'\u00eatre \u00e0 la place de l'autre.<\/p>\n\n\n\n<p class=\"wp-block-paragraph\">Pourquoi avons-nous de l'empathie, une qualit\u00e9 que les humains ne pr\u00e9sentent comme aucune autre esp\u00e8ce ? La Bible explique que Dieu a cr\u00e9\u00e9 l'homme \u00e0 son image (Gen\u00e8se 1, 26). Nous sommes faits \u00e0 l'image de Dieu en ce sens que nous pouvons refl\u00e9ter sa personnalit\u00e9 et donc imiter ses qualit\u00e9s dans une certaine mesure. Par cons\u00e9quent, lorsque les gens font preuve d'empathie en aidant les autres, ils refl\u00e8tent l'empathie de leur Cr\u00e9ateur compatissant, J\u00e9hovah (Proverbes 14:31).<\/p>\n\n\n\n<h2 class=\"wp-block-heading\">Ce que la Bible enseigne sur l'empathie de Dieu<\/h2>\n\n\n\n<p class=\"wp-block-paragraph\">Dieu a de la compassion pour nous et d\u00e9teste nous voir souffrir. Au sujet des anciens Isra\u00e9lites, qui ont endur\u00e9 un dur esclavage en \u00c9gypte, suivi de 40 dures ann\u00e9es dans le d\u00e9sert, la Bible dit : \"Dans toute sa d\u00e9tresse, ce fut pour lui une angoisse\" (\u00c9sa\u00efe 63:9).&nbsp;<\/p>\n\n\n\n<p class=\"wp-block-paragraph\">Remarquez que Dieu n'\u00e9tait pas seulement conscient de leur d\u00e9tresse : il ressentait leur douleur. Il a dit : \"Je connais bien tes douleurs\" (Exode 3:7). Dieu dit aussi : \"Celui qui te touche touche la prunelle de mes yeux\" (Zacharie 2:8). Lorsque les autres nous font souffrir, Dieu souffre avec nous.<\/p>\n\n\n\n<p class=\"wp-block-paragraph\">La Bible nous assure que m\u00eame si nous nous condamnons ou si nous nous sentons indignes de l'empathie de Dieu, \"Dieu est plus grand que nos c\u0153urs et il conna\u00eet toutes choses\" (Jean 3:19, 20). Dieu nous conna\u00eet mieux que nous ne nous connaissons nous-m\u00eames. Il conna\u00eet parfaitement notre situation, nos pens\u00e9es et nos sentiments. Il a de l'empathie pour nous.<\/p>\n\n\n\n<p class=\"wp-block-paragraph\">Nous pouvons nous tourner vers Dieu pour obtenir r\u00e9confort, sagesse et soutien, car il vient en aide aux personnes afflig\u00e9es.<\/p>\n\n\n\n<h3 class=\"wp-block-heading\">Dieu nous observe, nous comprend et est avec nous.<\/h3>\n\n\n\n<p class=\"wp-block-paragraph\">Comme il est r\u00e9confortant de savoir que Dieu nous comprend et qu'il est solidaire avec nous ! Mais alors, pourquoi y a-t-il tant de souffrance ? Est-ce parce que Dieu nous punit pour nos erreurs ? Dieu fera-t-il quelque chose pour mettre fin \u00e0 la souffrance ? Les articles suivants r\u00e9pondent \u00e0 ces questions.<\/p>\n\n\n\n<p class=\"wp-block-paragraph\">Les \u00c9critures nous encouragent sans cesse \u00e0 imiter notre P\u00e8re c\u00e9leste et son Fils, J\u00e9sus-Christ. L'empathie est donc une qualit\u00e9 que nous devons cultiver. Comment, apr\u00e8s tout ? Il existe essentiellement trois fa\u00e7ons d'aiguiser notre sensibilit\u00e9 aux besoins et aux sentiments des autres : \u00e9couter, observer et imaginer.<\/p>\n\n\n\n<p class=\"wp-block-paragraph\">Ecoutons. En \u00e9coutant attentivement, nous d\u00e9couvrons les probl\u00e8mes des autres. Et plus nous \u00e9coutons, plus les autres sont enclins \u00e0 ouvrir leur c\u0153ur et \u00e0 r\u00e9v\u00e9ler leurs sentiments.&nbsp;<\/p>\n\n\n\n<p class=\"wp-block-paragraph\">Observons. Tout le monde ne parle pas ouvertement de ses sentiments ou de sa situation. D'autre part, un bon observateur remarquera si un chr\u00e9tien semble d\u00e9prim\u00e9, si un adolescent se renferme sur lui-m\u00eame ou si un ministre chr\u00e9tien z\u00e9l\u00e9 perd son enthousiasme.&nbsp;<\/p>\n\n\n\n<p class=\"wp-block-paragraph\">Cette capacit\u00e9 \u00e0 rep\u00e9rer un probl\u00e8me d\u00e8s les premiers signes est essentielle pour les parents. \"D'une mani\u00e8re ou d'une autre, ma m\u00e8re sait d\u00e9j\u00e0 ce que je ressens avant que je lui parle. Par cons\u00e9quent, je n'ai aucune difficult\u00e9 \u00e0 lui confier mes probl\u00e8mes en toute honn\u00eatet\u00e9.&nbsp;<\/p>\n\n\n\n<p class=\"wp-block-paragraph\">Soyons imaginatifs. Le moyen le plus efficace d'\u00e9veiller notre empathie est de nous demander : \"Si j'\u00e9tais dans cette situation, comment je me sentirais ? Quelle serait ma r\u00e9action ? De quoi aurais-je besoin ?\"<\/p>\n\n\n\n<p class=\"wp-block-paragraph\">Les trois faux consolateurs de Job ont \u00e9t\u00e9 incapables de se mettre \u00e0 sa place. Ils l'ont donc condamn\u00e9 pour des p\u00e9ch\u00e9s dont ils le croyaient coupable.<\/p>\n\n\n\n<p class=\"wp-block-paragraph\">Il est souvent plus facile pour les humains imparfaits de juger les fautes que de tenir compte des sentiments. Cependant, si nous faisons tout notre possible pour comprendre la situation de quelqu'un, nous sympathiserons plut\u00f4t que de condamner. Juan, un a\u00een\u00e9 exp\u00e9riment\u00e9, a d\u00e9clar\u00e9 : \"Je donne de bien meilleurs conseils lorsque j'\u00e9coute attentivement et que j'essaie de comprendre la situation dans son ensemble avant de faire des suggestions.\"<\/p>","protected":false},"excerpt":{"rendered":"<p>A empatia \u00e9 definida como a \u201ccapacidade de se identificar com os outros, de sentir o que eles sentem\u201d. Essa qualidade permite imaginar&#8230;<\/p>","protected":false},"author":1,"featured_media":556,"comment_status":"open","ping_status":"closed","sticky":false,"template":"","format":"standard","meta":{"neve_meta_sidebar":"","neve_meta_container":"","neve_meta_enable_content_width":"","neve_meta_content_width":0,"neve_meta_title_alignment":"","neve_meta_author_avatar":"","neve_post_elements_order":"","neve_meta_disable_header":"","neve_meta_disable_footer":"","neve_meta_disable_title":"","footnotes":""},"categories":[3],"tags":[20,128],"class_list":["post-537","post","type-post","status-publish","format-standard","has-post-thumbnail","hentry","category-fe","tag-deus","tag-empatia"],"yoast_head":"<!-- This site is optimized with the Yoast SEO plugin v28.4 - https:\/\/yoast.com\/product\/yoast-seo-wordpress\/ -->\n<title>Deus tem empatia? O que a cria\u00e7\u00e3o ensina - Ora\u00e7\u00e3o e F\u00e9<\/title>\n<meta name=\"description\" content=\"A empatia \u00e9 definida como a \u201ccapacidade de se identificar com os outros, de sentir o que eles sentem\u201d. Essa qualidade permite imaginar...\" \/>\n<meta name=\"robots\" content=\"index, follow, max-snippet:-1, max-image-preview:large, max-video-preview:-1\" \/>\n<link rel=\"canonical\" href=\"https:\/\/www.oracaoefe.com\/fr\/deus-tem-empatia-o-que-a-criacao-ensina\/\" \/>\n<meta property=\"og:locale\" content=\"fr_FR\" \/>\n<meta property=\"og:type\" content=\"article\" \/>\n<meta property=\"og:title\" content=\"Deus tem empatia? O que a cria\u00e7\u00e3o ensina - Ora\u00e7\u00e3o e F\u00e9\" \/>\n<meta property=\"og:description\" content=\"A empatia \u00e9 definida como a \u201ccapacidade de se identificar com os outros, de sentir o que eles sentem\u201d. Essa qualidade permite imaginar...\" \/>\n<meta property=\"og:url\" content=\"https:\/\/www.oracaoefe.com\/fr\/deus-tem-empatia-o-que-a-criacao-ensina\/\" \/>\n<meta property=\"og:site_name\" content=\"Ora\u00e7\u00e3o e F\u00e9\" \/>\n<meta property=\"article:published_time\" content=\"2022-09-29T19:21:39+00:00\" \/>\n<meta property=\"article:modified_time\" content=\"2022-09-29T22:34:43+00:00\" \/>\n<meta property=\"og:image\" content=\"https:\/\/www.oracaoefe.com\/wp-content\/uploads\/2022\/09\/Deus-tem-empatia-O-que-a-criacao-ensina.jpg\" \/>\n\t<meta property=\"og:image:width\" content=\"1200\" \/>\n\t<meta property=\"og:image:height\" content=\"675\" \/>\n\t<meta property=\"og:image:type\" content=\"image\/jpeg\" \/>\n<meta name=\"author\" content=\"Maria\" \/>\n<meta name=\"twitter:card\" content=\"summary_large_image\" \/>\n<meta name=\"twitter:label1\" content=\"\u00c9crit par\" \/>\n\t<meta name=\"twitter:data1\" content=\"Maria\" \/>\n\t<meta name=\"twitter:label2\" content=\"Dur\u00e9e de lecture estim\u00e9e\" \/>\n\t<meta name=\"twitter:data2\" content=\"3 minutes\" \/>\n<script type=\"application\/ld+json\" class=\"yoast-schema-graph\">{\"@context\":\"https:\\\/\\\/schema.org\",\"@graph\":[{\"@type\":\"Article\",\"@id\":\"https:\\\/\\\/www.oracaoefe.com\\\/deus-tem-empatia-o-que-a-criacao-ensina\\\/#article\",\"isPartOf\":{\"@id\":\"https:\\\/\\\/www.oracaoefe.com\\\/deus-tem-empatia-o-que-a-criacao-ensina\\\/\"},\"author\":{\"name\":\"Maria\",\"@id\":\"https:\\\/\\\/www.oracaoefe.com\\\/#\\\/schema\\\/person\\\/27873f1e6043866689f5091b5139f23d\"},\"headline\":\"Deus tem empatia? O que a cria\u00e7\u00e3o ensina\",\"datePublished\":\"2022-09-29T19:21:39+00:00\",\"dateModified\":\"2022-09-29T22:34:43+00:00\",\"mainEntityOfPage\":{\"@id\":\"https:\\\/\\\/www.oracaoefe.com\\\/deus-tem-empatia-o-que-a-criacao-ensina\\\/\"},\"wordCount\":633,\"commentCount\":0,\"image\":{\"@id\":\"https:\\\/\\\/www.oracaoefe.com\\\/deus-tem-empatia-o-que-a-criacao-ensina\\\/#primaryimage\"},\"thumbnailUrl\":\"https:\\\/\\\/www.oracaoefe.com\\\/wp-content\\\/uploads\\\/2022\\\/09\\\/Deus-tem-empatia-O-que-a-criacao-ensina.jpg\",\"keywords\":[\"Deus\",\"empatia\"],\"articleSection\":[\"F\u00e9\"],\"inLanguage\":\"fr-FR\",\"potentialAction\":[{\"@type\":\"CommentAction\",\"name\":\"Comment\",\"target\":[\"https:\\\/\\\/www.oracaoefe.com\\\/deus-tem-empatia-o-que-a-criacao-ensina\\\/#respond\"]}]},{\"@type\":\"WebPage\",\"@id\":\"https:\\\/\\\/www.oracaoefe.com\\\/deus-tem-empatia-o-que-a-criacao-ensina\\\/\",\"url\":\"https:\\\/\\\/www.oracaoefe.com\\\/deus-tem-empatia-o-que-a-criacao-ensina\\\/\",\"name\":\"Deus tem empatia? O que a cria\u00e7\u00e3o ensina - Ora\u00e7\u00e3o e F\u00e9\",\"isPartOf\":{\"@id\":\"https:\\\/\\\/www.oracaoefe.com\\\/#website\"},\"primaryImageOfPage\":{\"@id\":\"https:\\\/\\\/www.oracaoefe.com\\\/deus-tem-empatia-o-que-a-criacao-ensina\\\/#primaryimage\"},\"image\":{\"@id\":\"https:\\\/\\\/www.oracaoefe.com\\\/deus-tem-empatia-o-que-a-criacao-ensina\\\/#primaryimage\"},\"thumbnailUrl\":\"https:\\\/\\\/www.oracaoefe.com\\\/wp-content\\\/uploads\\\/2022\\\/09\\\/Deus-tem-empatia-O-que-a-criacao-ensina.jpg\",\"datePublished\":\"2022-09-29T19:21:39+00:00\",\"dateModified\":\"2022-09-29T22:34:43+00:00\",\"author\":{\"@id\":\"https:\\\/\\\/www.oracaoefe.com\\\/#\\\/schema\\\/person\\\/27873f1e6043866689f5091b5139f23d\"},\"description\":\"A empatia \u00e9 definida como a \u201ccapacidade de se identificar com os outros, de sentir o que eles sentem\u201d. Essa qualidade permite imaginar...\",\"breadcrumb\":{\"@id\":\"https:\\\/\\\/www.oracaoefe.com\\\/deus-tem-empatia-o-que-a-criacao-ensina\\\/#breadcrumb\"},\"inLanguage\":\"fr-FR\",\"potentialAction\":[{\"@type\":\"ReadAction\",\"target\":[\"https:\\\/\\\/www.oracaoefe.com\\\/deus-tem-empatia-o-que-a-criacao-ensina\\\/\"]}]},{\"@type\":\"ImageObject\",\"inLanguage\":\"fr-FR\",\"@id\":\"https:\\\/\\\/www.oracaoefe.com\\\/deus-tem-empatia-o-que-a-criacao-ensina\\\/#primaryimage\",\"url\":\"https:\\\/\\\/www.oracaoefe.com\\\/wp-content\\\/uploads\\\/2022\\\/09\\\/Deus-tem-empatia-O-que-a-criacao-ensina.jpg\",\"contentUrl\":\"https:\\\/\\\/www.oracaoefe.com\\\/wp-content\\\/uploads\\\/2022\\\/09\\\/Deus-tem-empatia-O-que-a-criacao-ensina.jpg\",\"width\":1200,\"height\":675,\"caption\":\"Deus tem empatia O que a cria\u00e7\u00e3o ensina\"},{\"@type\":\"BreadcrumbList\",\"@id\":\"https:\\\/\\\/www.oracaoefe.com\\\/deus-tem-empatia-o-que-a-criacao-ensina\\\/#breadcrumb\",\"itemListElement\":[{\"@type\":\"ListItem\",\"position\":1,\"name\":\"Home\",\"item\":\"https:\\\/\\\/www.oracaoefe.com\\\/\"},{\"@type\":\"ListItem\",\"position\":2,\"name\":\"F\u00e9\",\"item\":\"https:\\\/\\\/www.oracaoefe.com\\\/es\\\/categoria\\\/fe\\\/\"},{\"@type\":\"ListItem\",\"position\":3,\"name\":\"Deus tem empatia? O que a cria\u00e7\u00e3o ensina\"}]},{\"@type\":\"WebSite\",\"@id\":\"https:\\\/\\\/www.oracaoefe.com\\\/#website\",\"url\":\"https:\\\/\\\/www.oracaoefe.com\\\/\",\"name\":\"Ora\u00e7\u00e3o e F\u00e9\",\"description\":\"\",\"potentialAction\":[{\"@type\":\"SearchAction\",\"target\":{\"@type\":\"EntryPoint\",\"urlTemplate\":\"https:\\\/\\\/www.oracaoefe.com\\\/?s={search_term_string}\"},\"query-input\":{\"@type\":\"PropertyValueSpecification\",\"valueRequired\":true,\"valueName\":\"search_term_string\"}}],\"inLanguage\":\"fr-FR\"},{\"@type\":\"Person\",\"@id\":\"https:\\\/\\\/www.oracaoefe.com\\\/#\\\/schema\\\/person\\\/27873f1e6043866689f5091b5139f23d\",\"name\":\"Maria\",\"image\":{\"@type\":\"ImageObject\",\"inLanguage\":\"fr-FR\",\"@id\":\"https:\\\/\\\/secure.gravatar.com\\\/avatar\\\/4cac5ea56d40d599bd7348d330a83b1c84cd229296d1613cd1c7f6740561d0c9?s=96&d=mm&r=g\",\"url\":\"https:\\\/\\\/secure.gravatar.com\\\/avatar\\\/4cac5ea56d40d599bd7348d330a83b1c84cd229296d1613cd1c7f6740561d0c9?s=96&d=mm&r=g\",\"contentUrl\":\"https:\\\/\\\/secure.gravatar.com\\\/avatar\\\/4cac5ea56d40d599bd7348d330a83b1c84cd229296d1613cd1c7f6740561d0c9?s=96&d=mm&r=g\",\"caption\":\"Maria\"},\"description\":\"Meu nome \u00e9 Maria e sou apaixonada por teologia, espiritualidade e estudos religiosos. H\u00e1 mais de 5 anos escrevo sobre o universo da f\u00e9, pesquisando diferentes religi\u00f5es, doutrinas, tradi\u00e7\u00f5es espirituais e curiosidades religiosas ao redor do mundo. Tenho grande interesse em compreender como a f\u00e9 e a religiosidade se manifestam em diferentes culturas, pa\u00edses e idiomas, sempre buscando aprender mais sobre os costumes, cren\u00e7as e hist\u00f3rias que influenciam milh\u00f5es de pessoas diariamente. Atualmente, atuo como redatora no portal Ora\u00e7\u00e3o e F\u00e9, onde compartilho conte\u00fados informativos, reflexivos e inspiradores voltados ao universo religioso e espiritual. Meu objetivo \u00e9 levar conhecimento, curiosidades e mensagens enriquecedoras para leitores que desejam aprofundar sua compreens\u00e3o sobre f\u00e9, religi\u00e3o e espiritualidade no mundo moderno.\",\"sameAs\":[\"https:\\\/\\\/www.oracaoefe.com\"],\"url\":\"https:\\\/\\\/www.oracaoefe.com\\\/fr\\\/author\\\/admin\\\/\"}]}<\/script>\n<!-- \/ Yoast SEO plugin. -->","yoast_head_json":{"title":"Dieu a-t-il de l'empathie ? Ce que la cr\u00e9ation enseigne - Pri\u00e8re et foi","description":"L'empathie est d\u00e9finie comme la \"capacit\u00e9 \u00e0 s'identifier aux autres, \u00e0 ressentir ce qu'ils ressentent\". Cette qualit\u00e9 nous permet d'imaginer...","robots":{"index":"index","follow":"follow","max-snippet":"max-snippet:-1","max-image-preview":"max-image-preview:large","max-video-preview":"max-video-preview:-1"},"canonical":"https:\/\/www.oracaoefe.com\/fr\/deus-tem-empatia-o-que-a-criacao-ensina\/","og_locale":"fr_FR","og_type":"article","og_title":"Deus tem empatia? O que a cria\u00e7\u00e3o ensina - Ora\u00e7\u00e3o e F\u00e9","og_description":"A empatia \u00e9 definida como a \u201ccapacidade de se identificar com os outros, de sentir o que eles sentem\u201d. Essa qualidade permite imaginar...","og_url":"https:\/\/www.oracaoefe.com\/fr\/deus-tem-empatia-o-que-a-criacao-ensina\/","og_site_name":"Ora\u00e7\u00e3o e F\u00e9","article_published_time":"2022-09-29T19:21:39+00:00","article_modified_time":"2022-09-29T22:34:43+00:00","og_image":[{"width":1200,"height":675,"url":"https:\/\/www.oracaoefe.com\/wp-content\/uploads\/2022\/09\/Deus-tem-empatia-O-que-a-criacao-ensina.jpg","type":"image\/jpeg"}],"author":"Maria","twitter_card":"summary_large_image","twitter_misc":{"\u00c9crit par":"Maria","Dur\u00e9e de lecture estim\u00e9e":"3 minutes"},"schema":{"@context":"https:\/\/schema.org","@graph":[{"@type":"Article","@id":"https:\/\/www.oracaoefe.com\/deus-tem-empatia-o-que-a-criacao-ensina\/#article","isPartOf":{"@id":"https:\/\/www.oracaoefe.com\/deus-tem-empatia-o-que-a-criacao-ensina\/"},"author":{"name":"Maria","@id":"https:\/\/www.oracaoefe.com\/#\/schema\/person\/27873f1e6043866689f5091b5139f23d"},"headline":"Deus tem empatia? O que a cria\u00e7\u00e3o ensina","datePublished":"2022-09-29T19:21:39+00:00","dateModified":"2022-09-29T22:34:43+00:00","mainEntityOfPage":{"@id":"https:\/\/www.oracaoefe.com\/deus-tem-empatia-o-que-a-criacao-ensina\/"},"wordCount":633,"commentCount":0,"image":{"@id":"https:\/\/www.oracaoefe.com\/deus-tem-empatia-o-que-a-criacao-ensina\/#primaryimage"},"thumbnailUrl":"https:\/\/www.oracaoefe.com\/wp-content\/uploads\/2022\/09\/Deus-tem-empatia-O-que-a-criacao-ensina.jpg","keywords":["Deus","empatia"],"articleSection":["F\u00e9"],"inLanguage":"fr-FR","potentialAction":[{"@type":"CommentAction","name":"Comment","target":["https:\/\/www.oracaoefe.com\/deus-tem-empatia-o-que-a-criacao-ensina\/#respond"]}]},{"@type":"WebPage","@id":"https:\/\/www.oracaoefe.com\/deus-tem-empatia-o-que-a-criacao-ensina\/","url":"https:\/\/www.oracaoefe.com\/deus-tem-empatia-o-que-a-criacao-ensina\/","name":"Dieu a-t-il de l'empathie ? Ce que la cr\u00e9ation enseigne - Pri\u00e8re et foi","isPartOf":{"@id":"https:\/\/www.oracaoefe.com\/#website"},"primaryImageOfPage":{"@id":"https:\/\/www.oracaoefe.com\/deus-tem-empatia-o-que-a-criacao-ensina\/#primaryimage"},"image":{"@id":"https:\/\/www.oracaoefe.com\/deus-tem-empatia-o-que-a-criacao-ensina\/#primaryimage"},"thumbnailUrl":"https:\/\/www.oracaoefe.com\/wp-content\/uploads\/2022\/09\/Deus-tem-empatia-O-que-a-criacao-ensina.jpg","datePublished":"2022-09-29T19:21:39+00:00","dateModified":"2022-09-29T22:34:43+00:00","author":{"@id":"https:\/\/www.oracaoefe.com\/#\/schema\/person\/27873f1e6043866689f5091b5139f23d"},"description":"L'empathie est d\u00e9finie comme la \"capacit\u00e9 \u00e0 s'identifier aux autres, \u00e0 ressentir ce qu'ils ressentent\". Cette qualit\u00e9 nous permet d'imaginer...","breadcrumb":{"@id":"https:\/\/www.oracaoefe.com\/deus-tem-empatia-o-que-a-criacao-ensina\/#breadcrumb"},"inLanguage":"fr-FR","potentialAction":[{"@type":"ReadAction","target":["https:\/\/www.oracaoefe.com\/deus-tem-empatia-o-que-a-criacao-ensina\/"]}]},{"@type":"ImageObject","inLanguage":"fr-FR","@id":"https:\/\/www.oracaoefe.com\/deus-tem-empatia-o-que-a-criacao-ensina\/#primaryimage","url":"https:\/\/www.oracaoefe.com\/wp-content\/uploads\/2022\/09\/Deus-tem-empatia-O-que-a-criacao-ensina.jpg","contentUrl":"https:\/\/www.oracaoefe.com\/wp-content\/uploads\/2022\/09\/Deus-tem-empatia-O-que-a-criacao-ensina.jpg","width":1200,"height":675,"caption":"Deus tem empatia O que a cria\u00e7\u00e3o ensina"},{"@type":"BreadcrumbList","@id":"https:\/\/www.oracaoefe.com\/deus-tem-empatia-o-que-a-criacao-ensina\/#breadcrumb","itemListElement":[{"@type":"ListItem","position":1,"name":"Home","item":"https:\/\/www.oracaoefe.com\/"},{"@type":"ListItem","position":2,"name":"F\u00e9","item":"https:\/\/www.oracaoefe.com\/es\/categoria\/fe\/"},{"@type":"ListItem","position":3,"name":"Deus tem empatia? O que a cria\u00e7\u00e3o ensina"}]},{"@type":"WebSite","@id":"https:\/\/www.oracaoefe.com\/#website","url":"https:\/\/www.oracaoefe.com\/","name":"Pri\u00e8re et foi","description":"","potentialAction":[{"@type":"SearchAction","target":{"@type":"EntryPoint","urlTemplate":"https:\/\/www.oracaoefe.com\/?s={search_term_string}"},"query-input":{"@type":"PropertyValueSpecification","valueRequired":true,"valueName":"search_term_string"}}],"inLanguage":"fr-FR"},{"@type":"Person","@id":"https:\/\/www.oracaoefe.com\/#\/schema\/person\/27873f1e6043866689f5091b5139f23d","name":"Maria","image":{"@type":"ImageObject","inLanguage":"fr-FR","@id":"https:\/\/secure.gravatar.com\/avatar\/4cac5ea56d40d599bd7348d330a83b1c84cd229296d1613cd1c7f6740561d0c9?s=96&d=mm&r=g","url":"https:\/\/secure.gravatar.com\/avatar\/4cac5ea56d40d599bd7348d330a83b1c84cd229296d1613cd1c7f6740561d0c9?s=96&d=mm&r=g","contentUrl":"https:\/\/secure.gravatar.com\/avatar\/4cac5ea56d40d599bd7348d330a83b1c84cd229296d1613cd1c7f6740561d0c9?s=96&d=mm&r=g","caption":"Maria"},"description":"Meu nome \u00e9 Maria e sou apaixonada por teologia, espiritualidade e estudos religiosos. H\u00e1 mais de 5 anos escrevo sobre o universo da f\u00e9, pesquisando diferentes religi\u00f5es, doutrinas, tradi\u00e7\u00f5es espirituais e curiosidades religiosas ao redor do mundo. Tenho grande interesse em compreender como a f\u00e9 e a religiosidade se manifestam em diferentes culturas, pa\u00edses e idiomas, sempre buscando aprender mais sobre os costumes, cren\u00e7as e hist\u00f3rias que influenciam milh\u00f5es de pessoas diariamente. Atualmente, atuo como redatora no portal Ora\u00e7\u00e3o e F\u00e9, onde compartilho conte\u00fados informativos, reflexivos e inspiradores voltados ao universo religioso e espiritual. Meu objetivo \u00e9 levar conhecimento, curiosidades e mensagens enriquecedoras para leitores que desejam aprofundar sua compreens\u00e3o sobre f\u00e9, religi\u00e3o e espiritualidade no mundo moderno.","sameAs":["https:\/\/www.oracaoefe.com"],"url":"https:\/\/www.oracaoefe.com\/fr\/author\/admin\/"}]}},"_links":{"self":[{"href":"https:\/\/www.oracaoefe.com\/fr\/wp-json\/wp\/v2\/posts\/537","targetHints":{"allow":["GET"]}}],"collection":[{"href":"https:\/\/www.oracaoefe.com\/fr\/wp-json\/wp\/v2\/posts"}],"about":[{"href":"https:\/\/www.oracaoefe.com\/fr\/wp-json\/wp\/v2\/types\/post"}],"author":[{"embeddable":true,"href":"https:\/\/www.oracaoefe.com\/fr\/wp-json\/wp\/v2\/users\/1"}],"replies":[{"embeddable":true,"href":"https:\/\/www.oracaoefe.com\/fr\/wp-json\/wp\/v2\/comments?post=537"}],"version-history":[{"count":1,"href":"https:\/\/www.oracaoefe.com\/fr\/wp-json\/wp\/v2\/posts\/537\/revisions"}],"predecessor-version":[{"id":538,"href":"https:\/\/www.oracaoefe.com\/fr\/wp-json\/wp\/v2\/posts\/537\/revisions\/538"}],"wp:featuredmedia":[{"embeddable":true,"href":"https:\/\/www.oracaoefe.com\/fr\/wp-json\/wp\/v2\/media\/556"}],"wp:attachment":[{"href":"https:\/\/www.oracaoefe.com\/fr\/wp-json\/wp\/v2\/media?parent=537"}],"wp:term":[{"taxonomy":"category","embeddable":true,"href":"https:\/\/www.oracaoefe.com\/fr\/wp-json\/wp\/v2\/categories?post=537"},{"taxonomy":"post_tag","embeddable":true,"href":"https:\/\/www.oracaoefe.com\/fr\/wp-json\/wp\/v2\/tags?post=537"}],"curies":[{"name":"wp","href":"https:\/\/api.w.org\/{rel}","templated":true}]}}