{"id":535,"date":"2022-09-29T13:04:11","date_gmt":"2022-09-29T16:04:11","guid":{"rendered":"https:\/\/www.oracaoefe.com\/?p=535"},"modified":"2025-06-15T15:17:27","modified_gmt":"2025-06-15T18:17:27","slug":"gratidao-por-que-ela-causa-bem-estar-e-nos-aproxima-de-deus","status":"publish","type":"post","link":"https:\/\/www.oracaoefe.com\/fr\/gratidao-por-que-ela-causa-bem-estar-e-nos-aproxima-de-deus\/","title":{"rendered":"La gratitude : pourquoi elle provoque le bien-\u00eatre et nous rapproche de Dieu"},"content":{"rendered":"<div class=\"wp-block-post-date\"><time datetime=\"2022-09-29T13:04:11-03:00\">29 septembre 2022<\/time><\/div>\n\n\n<p class=\"wp-block-paragraph\">Mostrar <strong>gratid\u00e3o <\/strong>tem tantos benef\u00edcios \u2013 f\u00edsicos, mentais e emocionais \u2013 que todos deveriam fazer disso um h\u00e1bito para toda a vida. De acordo com um artigo da Harvard Mental Health Letter, \u201ca gratid\u00e3o est\u00e1 forte e consistentemente associada a uma maior felicidade. Ela ajuda as pessoas a experimentar sentimentos mais positivos, desfrutar de bons momentos, ser mais saud\u00e1vel, superar dificuldades e construir relacionamentos fortes.\u201d<\/p>\n\n\n\n<h2 class=\"wp-block-heading\">O que a B\u00edblia diz a gratid\u00e3o<\/h2>\n\n\n\n<p class=\"wp-block-paragraph\">A B\u00edblia nos incentiva a cultivar um esp\u00edrito de gratid\u00e3o. \u201cMostrai-vos gratos\u201d, escreveu o ap\u00f3stolo Paulo, ele pr\u00f3prio um modelo neste respeito. Por exemplo, ele \u201cdava gra\u00e7as a Deus constantemente\u201d ao pensar naqueles que responderam favoravelmente \u00e0 sua mensagem (Colossenses 3:15; Tessalonicenses 2:13).&nbsp;<\/p>\n\n\n\n<p class=\"wp-block-paragraph\">Para experimentar a felicidade duradoura, agradecer de vez em quando n\u00e3o \u00e9 suficiente; voc\u00ea tem que ter uma mentalidade grata. Essa mentalidade nos protege contra a inveja, o ressentimento e um senso de direito \u2013 sentimentos que podem afastar as pessoas de n\u00f3s e nos fazer perder nossa alegria.<\/p>\n\n\n\n<p class=\"wp-block-paragraph\">Nosso pr\u00f3prio Criador d\u00e1 um excelente exemplo de gratid\u00e3o \u2014 mesmo a meros humanos! Hebreus 6:10 declara: \u201cDeus n\u00e3o \u00e9 injusto para se esquecer de sua obra e do amor que voc\u00ea demonstrou ao seu nome. Sim, nosso Criador considera injusto n\u00e3o ter gratid\u00e3o.<\/p>\n\n\n\n<h2 class=\"wp-block-heading\">Como a gratid\u00e3o melhora nosso relacionamento com os outros?<\/h2>\n\n\n\n<p class=\"wp-block-paragraph\">Quando expressamos nossa gratid\u00e3o a algu\u00e9m &#8211; por um presente, uma palavra gentil ou ajuda pr\u00e1tica &#8211; eles se sentem apreciados e valorizados. Mesmo estranhos mostram calor quando s\u00e3o sinceramente agradecidos por um gesto de aten\u00e7\u00e3o, como segurar a porta.<\/p>\n\n\n\n<h3 class=\"wp-block-heading\">O que a B\u00edblia diz<\/h3>\n\n\n\n<p class=\"wp-block-paragraph\">&#8220;Acostume-se a dar, e ser\u00e1 dado a voc\u00ea&#8221;, disse Jesus Cristo. Uma boa medida ser\u00e1 derramada em seu colo, amontoada, sacudida e transbordante\u201d (Lc 6:38).&nbsp;<\/p>\n\n\n\n<p class=\"wp-block-paragraph\">Nossos sentimentos est\u00e3o intimamente relacionados aos nossos pensamentos. Davi, um escritor b\u00edblico, orou a Deus assim: \u201cMeditei em todas as tuas a\u00e7\u00f5es; incans\u00e1vel e voluntariamente me interessei pela obra das tuas m\u00e3os\u201d (Sl 143:5). Ent\u00e3o, Davi n\u00e3o foi superficial. Seu estado de esp\u00edrito agradecido resultou de sua medita\u00e7\u00e3o nos caminhos de Deus, um h\u00e1bito que manteve ao longo de sua vida (Salmo 71: 5, 17).<\/p>\n\n\n\n<p class=\"wp-block-paragraph\">A B\u00edblia nos d\u00e1 este excelente conselho: &#8220;Todas as coisas que s\u00e3o verdadeiras, dignas de amor, tem algo digno de louvor, continuem considerando essas coisas&#8221; (Filipenses 4:8). A frase \u201ccontinuar a considerar\u201d mais uma vez chama nossa aten\u00e7\u00e3o para nossa necessidade de medita\u00e7\u00e3o regular, um h\u00e1bito essencial para desenvolver um estado de esp\u00edrito grato.<\/p>\n\n\n\n<h2 class=\"wp-block-heading\">Seja sempre grato<\/h2>\n\n\n\n<p class=\"wp-block-paragraph\">Estamos cercados por pessoas cheias de orgulho e ingratid\u00e3o, falhas que podem passar para n\u00f3s (Tim\u00f3teo 3:1, 2). Al\u00e9m disso, podemos nos sentir compelidos a encaixar mais e mais atividades em nossas agendas j\u00e1 saturadas. Podemos estar sobrecarregados com problemas ou absorvidos em perseguir nossos pr\u00f3prios interesses a ponto de ficar sem tempo para apreciar o que temos ou o que os outros est\u00e3o fazendo por n\u00f3s.<\/p>\n\n\n\n<p class=\"wp-block-paragraph\">Aproveite o tempo para meditar nas coisas boas que voc\u00ea gosta hoje. \u00c9 verdade que voc\u00ea pode se sentir sobrecarregado com problemas, mas considere o exemplo do Rei Davi. \u00c0s vezes ele se sentia sobrecarregado, seu cora\u00e7\u00e3o entorpecido pelas prova\u00e7\u00f5es.&nbsp;<\/p>\n\n\n\n<p class=\"wp-block-paragraph\">No entanto, ele orou a Deus: \u201cMeditei em todas as tuas a\u00e7\u00f5es; incans\u00e1vel e voluntariamente me interessei pelo trabalho de suas m\u00e3os. \u201d (Salmo 143:3-5). Apesar de suas prova\u00e7\u00f5es, David permaneceu grato e contente.<\/p>\n\n\n\n<p class=\"wp-block-paragraph\">Pense no que os outros fizeram por voc\u00ea e expresse sua gratid\u00e3o a eles. Nesse sentido, Jesus \u00e9 um exemplo not\u00e1vel. Quando sua amiga Mary derramou \u00f3leo caro em sua cabe\u00e7a e p\u00e9s, alguns perguntaram: \u201cPor que houve esse desperd\u00edcio de \u00f3leo perfumado?\u201d&nbsp;<\/p>\n\n\n\n<p class=\"wp-block-paragraph\">Esses cr\u00edticos acreditavam que o petr\u00f3leo deveria ser vendido e o dinheiro dado aos pobres. Jesus respondeu: \u201cDeixe-a em paz. Por que voc\u00ea quer causar-lhe problemas? \u201cE para acrescentar:\u201d Ela fez o que p\u00f4de. (Marcos 14:3-8; Jo\u00e3o 12:3). Em vez de se concentrar no que Maria n\u00e3o fez, Jesus expressou gratid\u00e3o pelo que ela fez.<\/p>\n\n\n\n<p class=\"wp-block-paragraph\">Algumas pessoas s\u00f3 apreciam entes queridos, amigos ou outras alegrias da vida depois de t\u00ea-los perdido. Voc\u00ea pode evitar essa triste situa\u00e7\u00e3o refletindo sobre as coisas boas presentes! Por que n\u00e3o fazer uma lista mental ou escrita de b\u00ean\u00e7\u00e3os pelas quais voc\u00ea \u00e9 grato?<\/p>\n\n\n\n<p class=\"wp-block-paragraph\">Visto que \u201ctoda boa d\u00e1diva\u201d vem originalmente de Deus, \u00e9 apropriado dar gra\u00e7as em ora\u00e7\u00e3o (Tg 1:17). Fazer isso regularmente pode nos ajudar a sermos sempre gratos e a cultivar o contentamento. \u2014 Filipenses 4:6, 7.<\/p>","protected":false},"excerpt":{"rendered":"<p>Mostrar gratid\u00e3o tem tantos benef\u00edcios \u2013 f\u00edsicos, mentais e emocionais \u2013 que todos deveriam fazer disso um h\u00e1bito para toda a vida&#8230;<\/p>","protected":false},"author":1,"featured_media":547,"comment_status":"open","ping_status":"closed","sticky":false,"template":"","format":"standard","meta":{"neve_meta_sidebar":"","neve_meta_container":"","neve_meta_enable_content_width":"","neve_meta_content_width":0,"neve_meta_title_alignment":"","neve_meta_author_avatar":"","neve_post_elements_order":"","neve_meta_disable_header":"","neve_meta_disable_footer":"","neve_meta_disable_title":"","footnotes":""},"categories":[3],"tags":[127,20,126],"class_list":["post-535","post","type-post","status-publish","format-standard","has-post-thumbnail","hentry","category-fe","tag-bem-estar","tag-deus","tag-gratidao"],"yoast_head":"<!-- This site is optimized with the Yoast SEO plugin v28.4 - https:\/\/yoast.com\/product\/yoast-seo-wordpress\/ -->\n<title>Gratid\u00e3o: Por que ela causa bem-estar e nos aproxima de Deus - Ora\u00e7\u00e3o e F\u00e9<\/title>\n<meta name=\"description\" content=\"Mostrar gratid\u00e3o tem tantos benef\u00edcios \u2013 f\u00edsicos, mentais e emocionais \u2013 que todos deveriam fazer disso um h\u00e1bito para toda a vida...\" \/>\n<meta name=\"robots\" content=\"index, follow, max-snippet:-1, max-image-preview:large, max-video-preview:-1\" \/>\n<link rel=\"canonical\" href=\"https:\/\/www.oracaoefe.com\/fr\/gratidao-por-que-ela-causa-bem-estar-e-nos-aproxima-de-deus\/\" \/>\n<meta property=\"og:locale\" content=\"fr_FR\" \/>\n<meta property=\"og:type\" content=\"article\" \/>\n<meta property=\"og:title\" content=\"Gratid\u00e3o: Por que ela causa bem-estar e nos aproxima de Deus - Ora\u00e7\u00e3o e F\u00e9\" \/>\n<meta property=\"og:description\" content=\"Mostrar gratid\u00e3o tem tantos benef\u00edcios \u2013 f\u00edsicos, mentais e emocionais \u2013 que todos deveriam fazer disso um h\u00e1bito para toda a vida...\" \/>\n<meta property=\"og:url\" content=\"https:\/\/www.oracaoefe.com\/fr\/gratidao-por-que-ela-causa-bem-estar-e-nos-aproxima-de-deus\/\" \/>\n<meta property=\"og:site_name\" content=\"Ora\u00e7\u00e3o e F\u00e9\" \/>\n<meta property=\"article:published_time\" content=\"2022-09-29T16:04:11+00:00\" \/>\n<meta property=\"article:modified_time\" content=\"2025-06-15T18:17:27+00:00\" \/>\n<meta property=\"og:image\" content=\"https:\/\/www.oracaoefe.com\/wp-content\/uploads\/2022\/09\/Gratidao-Por-que-ela-causa-bem-estar-e-nos-aproxima-de-Deus.jpg\" \/>\n\t<meta property=\"og:image:width\" content=\"1200\" \/>\n\t<meta property=\"og:image:height\" content=\"675\" \/>\n\t<meta property=\"og:image:type\" content=\"image\/jpeg\" \/>\n<meta name=\"author\" content=\"Maria\" \/>\n<meta name=\"twitter:card\" content=\"summary_large_image\" \/>\n<meta name=\"twitter:label1\" content=\"\u00c9crit par\" \/>\n\t<meta name=\"twitter:data1\" content=\"Maria\" \/>\n\t<meta name=\"twitter:label2\" content=\"Dur\u00e9e de lecture estim\u00e9e\" \/>\n\t<meta name=\"twitter:data2\" content=\"4 minutes\" \/>\n<script type=\"application\/ld+json\" class=\"yoast-schema-graph\">{\"@context\":\"https:\\\/\\\/schema.org\",\"@graph\":[{\"@type\":\"Article\",\"@id\":\"https:\\\/\\\/www.oracaoefe.com\\\/gratidao-por-que-ela-causa-bem-estar-e-nos-aproxima-de-deus\\\/#article\",\"isPartOf\":{\"@id\":\"https:\\\/\\\/www.oracaoefe.com\\\/gratidao-por-que-ela-causa-bem-estar-e-nos-aproxima-de-deus\\\/\"},\"author\":{\"name\":\"Maria\",\"@id\":\"https:\\\/\\\/www.oracaoefe.com\\\/#\\\/schema\\\/person\\\/27873f1e6043866689f5091b5139f23d\"},\"headline\":\"Gratid\u00e3o: Por que ela causa bem-estar e nos aproxima de Deus\",\"datePublished\":\"2022-09-29T16:04:11+00:00\",\"dateModified\":\"2025-06-15T18:17:27+00:00\",\"mainEntityOfPage\":{\"@id\":\"https:\\\/\\\/www.oracaoefe.com\\\/gratidao-por-que-ela-causa-bem-estar-e-nos-aproxima-de-deus\\\/\"},\"wordCount\":792,\"commentCount\":0,\"image\":{\"@id\":\"https:\\\/\\\/www.oracaoefe.com\\\/gratidao-por-que-ela-causa-bem-estar-e-nos-aproxima-de-deus\\\/#primaryimage\"},\"thumbnailUrl\":\"https:\\\/\\\/www.oracaoefe.com\\\/wp-content\\\/uploads\\\/2022\\\/09\\\/Gratidao-Por-que-ela-causa-bem-estar-e-nos-aproxima-de-Deus.jpg\",\"keywords\":[\"bem-estar\",\"Deus\",\"gratid\u00e3o\"],\"articleSection\":[\"F\u00e9\"],\"inLanguage\":\"fr-FR\",\"potentialAction\":[{\"@type\":\"CommentAction\",\"name\":\"Comment\",\"target\":[\"https:\\\/\\\/www.oracaoefe.com\\\/gratidao-por-que-ela-causa-bem-estar-e-nos-aproxima-de-deus\\\/#respond\"]}]},{\"@type\":\"WebPage\",\"@id\":\"https:\\\/\\\/www.oracaoefe.com\\\/gratidao-por-que-ela-causa-bem-estar-e-nos-aproxima-de-deus\\\/\",\"url\":\"https:\\\/\\\/www.oracaoefe.com\\\/gratidao-por-que-ela-causa-bem-estar-e-nos-aproxima-de-deus\\\/\",\"name\":\"Gratid\u00e3o: Por que ela causa bem-estar e nos aproxima de Deus - Ora\u00e7\u00e3o e F\u00e9\",\"isPartOf\":{\"@id\":\"https:\\\/\\\/www.oracaoefe.com\\\/#website\"},\"primaryImageOfPage\":{\"@id\":\"https:\\\/\\\/www.oracaoefe.com\\\/gratidao-por-que-ela-causa-bem-estar-e-nos-aproxima-de-deus\\\/#primaryimage\"},\"image\":{\"@id\":\"https:\\\/\\\/www.oracaoefe.com\\\/gratidao-por-que-ela-causa-bem-estar-e-nos-aproxima-de-deus\\\/#primaryimage\"},\"thumbnailUrl\":\"https:\\\/\\\/www.oracaoefe.com\\\/wp-content\\\/uploads\\\/2022\\\/09\\\/Gratidao-Por-que-ela-causa-bem-estar-e-nos-aproxima-de-Deus.jpg\",\"datePublished\":\"2022-09-29T16:04:11+00:00\",\"dateModified\":\"2025-06-15T18:17:27+00:00\",\"author\":{\"@id\":\"https:\\\/\\\/www.oracaoefe.com\\\/#\\\/schema\\\/person\\\/27873f1e6043866689f5091b5139f23d\"},\"description\":\"Mostrar gratid\u00e3o tem tantos benef\u00edcios \u2013 f\u00edsicos, mentais e emocionais \u2013 que todos deveriam fazer disso um h\u00e1bito para toda a vida...\",\"breadcrumb\":{\"@id\":\"https:\\\/\\\/www.oracaoefe.com\\\/gratidao-por-que-ela-causa-bem-estar-e-nos-aproxima-de-deus\\\/#breadcrumb\"},\"inLanguage\":\"fr-FR\",\"potentialAction\":[{\"@type\":\"ReadAction\",\"target\":[\"https:\\\/\\\/www.oracaoefe.com\\\/gratidao-por-que-ela-causa-bem-estar-e-nos-aproxima-de-deus\\\/\"]}]},{\"@type\":\"ImageObject\",\"inLanguage\":\"fr-FR\",\"@id\":\"https:\\\/\\\/www.oracaoefe.com\\\/gratidao-por-que-ela-causa-bem-estar-e-nos-aproxima-de-deus\\\/#primaryimage\",\"url\":\"https:\\\/\\\/www.oracaoefe.com\\\/wp-content\\\/uploads\\\/2022\\\/09\\\/Gratidao-Por-que-ela-causa-bem-estar-e-nos-aproxima-de-Deus.jpg\",\"contentUrl\":\"https:\\\/\\\/www.oracaoefe.com\\\/wp-content\\\/uploads\\\/2022\\\/09\\\/Gratidao-Por-que-ela-causa-bem-estar-e-nos-aproxima-de-Deus.jpg\",\"width\":1200,\"height\":675,\"caption\":\"Gratid\u00e3o Por que ela causa bem-estar e nos aproxima de Deus\"},{\"@type\":\"BreadcrumbList\",\"@id\":\"https:\\\/\\\/www.oracaoefe.com\\\/gratidao-por-que-ela-causa-bem-estar-e-nos-aproxima-de-deus\\\/#breadcrumb\",\"itemListElement\":[{\"@type\":\"ListItem\",\"position\":1,\"name\":\"Home\",\"item\":\"https:\\\/\\\/www.oracaoefe.com\\\/\"},{\"@type\":\"ListItem\",\"position\":2,\"name\":\"Gratid\u00e3o: Por que ela causa bem-estar e nos aproxima de Deus\"}]},{\"@type\":\"WebSite\",\"@id\":\"https:\\\/\\\/www.oracaoefe.com\\\/#website\",\"url\":\"https:\\\/\\\/www.oracaoefe.com\\\/\",\"name\":\"Ora\u00e7\u00e3o e F\u00e9\",\"description\":\"\",\"potentialAction\":[{\"@type\":\"SearchAction\",\"target\":{\"@type\":\"EntryPoint\",\"urlTemplate\":\"https:\\\/\\\/www.oracaoefe.com\\\/?s={search_term_string}\"},\"query-input\":{\"@type\":\"PropertyValueSpecification\",\"valueRequired\":true,\"valueName\":\"search_term_string\"}}],\"inLanguage\":\"fr-FR\"},{\"@type\":\"Person\",\"@id\":\"https:\\\/\\\/www.oracaoefe.com\\\/#\\\/schema\\\/person\\\/27873f1e6043866689f5091b5139f23d\",\"name\":\"Maria\",\"image\":{\"@type\":\"ImageObject\",\"inLanguage\":\"fr-FR\",\"@id\":\"https:\\\/\\\/secure.gravatar.com\\\/avatar\\\/4cac5ea56d40d599bd7348d330a83b1c84cd229296d1613cd1c7f6740561d0c9?s=96&d=mm&r=g\",\"url\":\"https:\\\/\\\/secure.gravatar.com\\\/avatar\\\/4cac5ea56d40d599bd7348d330a83b1c84cd229296d1613cd1c7f6740561d0c9?s=96&d=mm&r=g\",\"contentUrl\":\"https:\\\/\\\/secure.gravatar.com\\\/avatar\\\/4cac5ea56d40d599bd7348d330a83b1c84cd229296d1613cd1c7f6740561d0c9?s=96&d=mm&r=g\",\"caption\":\"Maria\"},\"description\":\"Meu nome \u00e9 Maria e sou apaixonada por teologia, espiritualidade e estudos religiosos. H\u00e1 mais de 5 anos escrevo sobre o universo da f\u00e9, pesquisando diferentes religi\u00f5es, doutrinas, tradi\u00e7\u00f5es espirituais e curiosidades religiosas ao redor do mundo. Tenho grande interesse em compreender como a f\u00e9 e a religiosidade se manifestam em diferentes culturas, pa\u00edses e idiomas, sempre buscando aprender mais sobre os costumes, cren\u00e7as e hist\u00f3rias que influenciam milh\u00f5es de pessoas diariamente. Atualmente, atuo como redatora no portal Ora\u00e7\u00e3o e F\u00e9, onde compartilho conte\u00fados informativos, reflexivos e inspiradores voltados ao universo religioso e espiritual. Meu objetivo \u00e9 levar conhecimento, curiosidades e mensagens enriquecedoras para leitores que desejam aprofundar sua compreens\u00e3o sobre f\u00e9, religi\u00e3o e espiritualidade no mundo moderno.\",\"sameAs\":[\"https:\\\/\\\/www.oracaoefe.com\"],\"url\":\"https:\\\/\\\/www.oracaoefe.com\\\/fr\\\/author\\\/admin\\\/\"}]}<\/script>\n<!-- \/ Yoast SEO plugin. -->","yoast_head_json":{"title":"Gratid\u00e3o: Por que ela causa bem-estar e nos aproxima de Deus - Ora\u00e7\u00e3o e F\u00e9","description":"Faire preuve de gratitude a tellement de bienfaits - physiques, mentaux et \u00e9motionnels - que chacun devrait en faire une habitude de vie...","robots":{"index":"index","follow":"follow","max-snippet":"max-snippet:-1","max-image-preview":"max-image-preview:large","max-video-preview":"max-video-preview:-1"},"canonical":"https:\/\/www.oracaoefe.com\/fr\/gratidao-por-que-ela-causa-bem-estar-e-nos-aproxima-de-deus\/","og_locale":"fr_FR","og_type":"article","og_title":"Gratid\u00e3o: Por que ela causa bem-estar e nos aproxima de Deus - Ora\u00e7\u00e3o e F\u00e9","og_description":"Mostrar gratid\u00e3o tem tantos benef\u00edcios \u2013 f\u00edsicos, mentais e emocionais \u2013 que todos deveriam fazer disso um h\u00e1bito para toda a vida...","og_url":"https:\/\/www.oracaoefe.com\/fr\/gratidao-por-que-ela-causa-bem-estar-e-nos-aproxima-de-deus\/","og_site_name":"Ora\u00e7\u00e3o e F\u00e9","article_published_time":"2022-09-29T16:04:11+00:00","article_modified_time":"2025-06-15T18:17:27+00:00","og_image":[{"width":1200,"height":675,"url":"https:\/\/www.oracaoefe.com\/wp-content\/uploads\/2022\/09\/Gratidao-Por-que-ela-causa-bem-estar-e-nos-aproxima-de-Deus.jpg","type":"image\/jpeg"}],"author":"Maria","twitter_card":"summary_large_image","twitter_misc":{"\u00c9crit par":"Maria","Dur\u00e9e de lecture estim\u00e9e":"4 minutes"},"schema":{"@context":"https:\/\/schema.org","@graph":[{"@type":"Article","@id":"https:\/\/www.oracaoefe.com\/gratidao-por-que-ela-causa-bem-estar-e-nos-aproxima-de-deus\/#article","isPartOf":{"@id":"https:\/\/www.oracaoefe.com\/gratidao-por-que-ela-causa-bem-estar-e-nos-aproxima-de-deus\/"},"author":{"name":"Maria","@id":"https:\/\/www.oracaoefe.com\/#\/schema\/person\/27873f1e6043866689f5091b5139f23d"},"headline":"Gratid\u00e3o: Por que ela causa bem-estar e nos aproxima de Deus","datePublished":"2022-09-29T16:04:11+00:00","dateModified":"2025-06-15T18:17:27+00:00","mainEntityOfPage":{"@id":"https:\/\/www.oracaoefe.com\/gratidao-por-que-ela-causa-bem-estar-e-nos-aproxima-de-deus\/"},"wordCount":792,"commentCount":0,"image":{"@id":"https:\/\/www.oracaoefe.com\/gratidao-por-que-ela-causa-bem-estar-e-nos-aproxima-de-deus\/#primaryimage"},"thumbnailUrl":"https:\/\/www.oracaoefe.com\/wp-content\/uploads\/2022\/09\/Gratidao-Por-que-ela-causa-bem-estar-e-nos-aproxima-de-Deus.jpg","keywords":["bem-estar","Deus","gratid\u00e3o"],"articleSection":["F\u00e9"],"inLanguage":"fr-FR","potentialAction":[{"@type":"CommentAction","name":"Comment","target":["https:\/\/www.oracaoefe.com\/gratidao-por-que-ela-causa-bem-estar-e-nos-aproxima-de-deus\/#respond"]}]},{"@type":"WebPage","@id":"https:\/\/www.oracaoefe.com\/gratidao-por-que-ela-causa-bem-estar-e-nos-aproxima-de-deus\/","url":"https:\/\/www.oracaoefe.com\/gratidao-por-que-ela-causa-bem-estar-e-nos-aproxima-de-deus\/","name":"Gratid\u00e3o: Por que ela causa bem-estar e nos aproxima de Deus - Ora\u00e7\u00e3o e F\u00e9","isPartOf":{"@id":"https:\/\/www.oracaoefe.com\/#website"},"primaryImageOfPage":{"@id":"https:\/\/www.oracaoefe.com\/gratidao-por-que-ela-causa-bem-estar-e-nos-aproxima-de-deus\/#primaryimage"},"image":{"@id":"https:\/\/www.oracaoefe.com\/gratidao-por-que-ela-causa-bem-estar-e-nos-aproxima-de-deus\/#primaryimage"},"thumbnailUrl":"https:\/\/www.oracaoefe.com\/wp-content\/uploads\/2022\/09\/Gratidao-Por-que-ela-causa-bem-estar-e-nos-aproxima-de-Deus.jpg","datePublished":"2022-09-29T16:04:11+00:00","dateModified":"2025-06-15T18:17:27+00:00","author":{"@id":"https:\/\/www.oracaoefe.com\/#\/schema\/person\/27873f1e6043866689f5091b5139f23d"},"description":"Faire preuve de gratitude a tellement de bienfaits - physiques, mentaux et \u00e9motionnels - que chacun devrait en faire une habitude de vie...","breadcrumb":{"@id":"https:\/\/www.oracaoefe.com\/gratidao-por-que-ela-causa-bem-estar-e-nos-aproxima-de-deus\/#breadcrumb"},"inLanguage":"fr-FR","potentialAction":[{"@type":"ReadAction","target":["https:\/\/www.oracaoefe.com\/gratidao-por-que-ela-causa-bem-estar-e-nos-aproxima-de-deus\/"]}]},{"@type":"ImageObject","inLanguage":"fr-FR","@id":"https:\/\/www.oracaoefe.com\/gratidao-por-que-ela-causa-bem-estar-e-nos-aproxima-de-deus\/#primaryimage","url":"https:\/\/www.oracaoefe.com\/wp-content\/uploads\/2022\/09\/Gratidao-Por-que-ela-causa-bem-estar-e-nos-aproxima-de-Deus.jpg","contentUrl":"https:\/\/www.oracaoefe.com\/wp-content\/uploads\/2022\/09\/Gratidao-Por-que-ela-causa-bem-estar-e-nos-aproxima-de-Deus.jpg","width":1200,"height":675,"caption":"Gratid\u00e3o Por que ela causa bem-estar e nos aproxima de Deus"},{"@type":"BreadcrumbList","@id":"https:\/\/www.oracaoefe.com\/gratidao-por-que-ela-causa-bem-estar-e-nos-aproxima-de-deus\/#breadcrumb","itemListElement":[{"@type":"ListItem","position":1,"name":"Home","item":"https:\/\/www.oracaoefe.com\/"},{"@type":"ListItem","position":2,"name":"Gratid\u00e3o: Por que ela causa bem-estar e nos aproxima de Deus"}]},{"@type":"WebSite","@id":"https:\/\/www.oracaoefe.com\/#website","url":"https:\/\/www.oracaoefe.com\/","name":"Pri\u00e8re et foi","description":"","potentialAction":[{"@type":"SearchAction","target":{"@type":"EntryPoint","urlTemplate":"https:\/\/www.oracaoefe.com\/?s={search_term_string}"},"query-input":{"@type":"PropertyValueSpecification","valueRequired":true,"valueName":"search_term_string"}}],"inLanguage":"fr-FR"},{"@type":"Person","@id":"https:\/\/www.oracaoefe.com\/#\/schema\/person\/27873f1e6043866689f5091b5139f23d","name":"Maria","image":{"@type":"ImageObject","inLanguage":"fr-FR","@id":"https:\/\/secure.gravatar.com\/avatar\/4cac5ea56d40d599bd7348d330a83b1c84cd229296d1613cd1c7f6740561d0c9?s=96&d=mm&r=g","url":"https:\/\/secure.gravatar.com\/avatar\/4cac5ea56d40d599bd7348d330a83b1c84cd229296d1613cd1c7f6740561d0c9?s=96&d=mm&r=g","contentUrl":"https:\/\/secure.gravatar.com\/avatar\/4cac5ea56d40d599bd7348d330a83b1c84cd229296d1613cd1c7f6740561d0c9?s=96&d=mm&r=g","caption":"Maria"},"description":"Meu nome \u00e9 Maria e sou apaixonada por teologia, espiritualidade e estudos religiosos. H\u00e1 mais de 5 anos escrevo sobre o universo da f\u00e9, pesquisando diferentes religi\u00f5es, doutrinas, tradi\u00e7\u00f5es espirituais e curiosidades religiosas ao redor do mundo. Tenho grande interesse em compreender como a f\u00e9 e a religiosidade se manifestam em diferentes culturas, pa\u00edses e idiomas, sempre buscando aprender mais sobre os costumes, cren\u00e7as e hist\u00f3rias que influenciam milh\u00f5es de pessoas diariamente. Atualmente, atuo como redatora no portal Ora\u00e7\u00e3o e F\u00e9, onde compartilho conte\u00fados informativos, reflexivos e inspiradores voltados ao universo religioso e espiritual. Meu objetivo \u00e9 levar conhecimento, curiosidades e mensagens enriquecedoras para leitores que desejam aprofundar sua compreens\u00e3o sobre f\u00e9, religi\u00e3o e espiritualidade no mundo moderno.","sameAs":["https:\/\/www.oracaoefe.com"],"url":"https:\/\/www.oracaoefe.com\/fr\/author\/admin\/"}]}},"_links":{"self":[{"href":"https:\/\/www.oracaoefe.com\/fr\/wp-json\/wp\/v2\/posts\/535","targetHints":{"allow":["GET"]}}],"collection":[{"href":"https:\/\/www.oracaoefe.com\/fr\/wp-json\/wp\/v2\/posts"}],"about":[{"href":"https:\/\/www.oracaoefe.com\/fr\/wp-json\/wp\/v2\/types\/post"}],"author":[{"embeddable":true,"href":"https:\/\/www.oracaoefe.com\/fr\/wp-json\/wp\/v2\/users\/1"}],"replies":[{"embeddable":true,"href":"https:\/\/www.oracaoefe.com\/fr\/wp-json\/wp\/v2\/comments?post=535"}],"version-history":[{"count":1,"href":"https:\/\/www.oracaoefe.com\/fr\/wp-json\/wp\/v2\/posts\/535\/revisions"}],"predecessor-version":[{"id":536,"href":"https:\/\/www.oracaoefe.com\/fr\/wp-json\/wp\/v2\/posts\/535\/revisions\/536"}],"wp:featuredmedia":[{"embeddable":true,"href":"https:\/\/www.oracaoefe.com\/fr\/wp-json\/wp\/v2\/media\/547"}],"wp:attachment":[{"href":"https:\/\/www.oracaoefe.com\/fr\/wp-json\/wp\/v2\/media?parent=535"}],"wp:term":[{"taxonomy":"category","embeddable":true,"href":"https:\/\/www.oracaoefe.com\/fr\/wp-json\/wp\/v2\/categories?post=535"},{"taxonomy":"post_tag","embeddable":true,"href":"https:\/\/www.oracaoefe.com\/fr\/wp-json\/wp\/v2\/tags?post=535"}],"curies":[{"name":"wp","href":"https:\/\/api.w.org\/{rel}","templated":true}]}}