{"id":529,"date":"2022-09-29T12:30:22","date_gmt":"2022-09-29T15:30:22","guid":{"rendered":"https:\/\/www.oracaoefe.com\/?p=529"},"modified":"2025-06-15T15:17:27","modified_gmt":"2025-06-15T18:17:27","slug":"por-que-precisamos-de-deus","status":"publish","type":"post","link":"https:\/\/www.oracaoefe.com\/fr\/por-que-precisamos-de-deus\/","title":{"rendered":"Pourquoi nous avons besoin de Dieu"},"content":{"rendered":"<div class=\"wp-block-post-date\"><time datetime=\"2022-09-29T12:30:22-03:00\">29 septembre 2022<\/time><\/div>\n\n\n<p class=\"wp-block-paragraph\">Apr\u00e8s tout, <strong>por que precisamos de Deus<\/strong>? Especialistas em sa\u00fade mental dizem que os humanos precisam de valores espirituais para serem verdadeiramente felizes. Isso pode ser visto em nosso desejo natural de realizar coisas significativas ou alcan\u00e7ar algo maior do que n\u00f3s mesmos. Alguns procuram preencher essa necessidade dedicando seu tempo livre \u00e0 ecologia, artes pl\u00e1sticas, m\u00fasica, etc. Mas essas atividades geralmente n\u00e3o trazem satisfa\u00e7\u00e3o profunda ou duradoura.<\/p>\n\n\n\n<p class=\"wp-block-paragraph\">Essa necessidade inata de espiritualidade n\u00e3o \u00e9 surpresa para os leitores da B\u00edblia. Os primeiros cap\u00edtulos de G\u00eanesis indicam que depois de criar Ad\u00e3o e Eva, Deus falou com eles regularmente, permitindo que formassem um relacionamento com ele (G\u00eanesis 3:8-10). Na verdade, Deus n\u00e3o projetou os humanos para viverem independentemente dele; eles precisam se comunicar com seu Criador. A B\u00edblia fala dessa necessidade muitas vezes.<\/p>\n\n\n\n<h2 class=\"wp-block-heading\">Por que precisamos de Deus?<\/h2>\n\n\n\n<p class=\"wp-block-paragraph\">Jesus, por exemplo, disse: &#8220;Bem-aventurados os que est\u00e3o conscientes de sua pobreza espiritual&#8221; (Mateus 5:3). Em outras palavras, para ser verdadeiramente feliz, \u00e9 essencial satisfazer nossa necessidade de conhecer a Deus. Como alcan\u00e7\u00e1-lo?&nbsp;<\/p>\n\n\n\n<p class=\"wp-block-paragraph\">Jesus nos explica: \u201cO homem tem de viver, n\u00e3o somente de p\u00e3o, mas de toda palavra que sai da boca de Jeov\u00e1.\u201d (Mateus 4:4). De que maneira as palavras de Deus \u2014 seus pensamentos e ensinamentos registrados na B\u00edblia \u2014 nos ajudam a ter uma vida feliz e significativa? Vejamos tr\u00eas.<\/p>\n\n\n\n<h3 class=\"wp-block-heading\">Lideran\u00e7a confi\u00e1vel<\/h3>\n\n\n\n<p class=\"wp-block-paragraph\">Hoje, uma infinidade de especialistas oferecem seus conselhos em \u00e1reas como relacionamento com os outros, amor, vida familiar, resolu\u00e7\u00e3o de conflitos, felicidade e at\u00e9 o sentido da vida. Mas quem est\u00e1 em melhor posi\u00e7\u00e3o para dar conselhos confi\u00e1veis \u200b\u200be equilibrados em todas essas \u00e1reas, sen\u00e3o o Criador da humanidade, Jeov\u00e1?<\/p>\n\n\n\n<p class=\"wp-block-paragraph\">Vamos ilustrar: uma c\u00e2mera ou computador geralmente vem com um guia do usu\u00e1rio explicando como us\u00e1-lo melhor e como ficar satisfeito com ele. A B\u00edblia \u00e9 como tal guia: \u00e9 o manual da vida. Deus \u00e9 o criador e n\u00f3s somos os usu\u00e1rios. Este &#8220;guia do usu\u00e1rio&#8221; explica a finalidade para a qual o &#8220;produto&#8221;, nossa vida, foi projetado e como aproveit\u00e1-lo da melhor forma.<\/p>\n\n\n\n<p class=\"wp-block-paragraph\">Como qualquer manual de usu\u00e1rio digno desse nome, a B\u00edblia aponta usos do &#8220;produto&#8221; que podem afetar seu bom funcionamento. Alguns podem oferecer maneiras de fazer coisas que podem parecer mais atraentes ou at\u00e9 mais vantajosas. Mas para obter os melhores resultados e evitar problemas, n\u00e3o faria mais sentido seguir as instru\u00e7\u00f5es do Criador?<\/p>\n\n\n\n<p class=\"wp-block-paragraph\">\u201cEu, Jeov\u00e1, sou teu Deus, Aquele que te ensina para o teu benef\u00edcio, Aquele que te conduz pelo caminho em que deves andar. Ah! Se ao menos voc\u00ea estivesse muito atento aos meus mandamentos! Ent\u00e3o a tua paz se tornaria como um rio e a tua justi\u00e7a como as ondas do mar\u201d (Isa\u00edas 48:17, 18).<\/p>\n\n\n\n<h3 class=\"wp-block-heading\">Buscar a Deus<\/h3>\n\n\n\n<p class=\"wp-block-paragraph\">H\u00e1 2.000 anos, no Are\u00f3pago (ou: Colina de Marte), em Atenas, o ap\u00f3stolo Paulo falou aos atenienses de pensamento livre. Ele lhes falou sobre Deus: \u201cEle \u00e9 quem d\u00e1 vida e f\u00f4lego a tudo e a todas as coisas. Pois por ele temos vida e nos movemos e existimos, como alguns poetas entre voc\u00eas at\u00e9 disseram: \u201cPois tamb\u00e9m somos sua linhagem\u201d (At 17:25, 28).<\/p>\n\n\n\n<p class=\"wp-block-paragraph\">O que Paulo apontou para os atenienses ainda \u00e9 v\u00e1lido hoje. O ar que respiramos, a comida que comemos e a \u00e1gua que bebemos vem do nosso Criador. Simplesmente n\u00e3o poder\u00edamos viver sem as coisas boas que Jeov\u00e1 nos deu. Mas por que ele continua sustentando a vida de todos os humanos, mesmo daqueles que n\u00e3o se importam com ele? Paulo responde: &#8220;Para que busquem a Deus, se tateando por ele e realmente o encontrarem, embora de fato ele n\u00e3o esteja longe de cada um de n\u00f3s&#8221; (Atos 17:27).<\/p>\n\n\n\n<p class=\"wp-block-paragraph\">Voc\u00ea gostaria de conhecer melhor a Deus, saber mais sobre seus planos e seus conselhos para viver feliz agora e para sempre? Em caso afirmativo, fale com a pessoa que lhe deu esta avalia\u00e7\u00e3o ou entre em contato com os editores. Eles ter\u00e3o prazer em inform\u00e1-lo.<\/p>","protected":false},"excerpt":{"rendered":"<p>Afinal, por que precisamos de Deus? Especialistas em sa\u00fade mental dizem que os humanos precisam de valores espirituais para serem&#8230;<\/p>","protected":false},"author":1,"featured_media":553,"comment_status":"open","ping_status":"closed","sticky":false,"template":"","format":"standard","meta":{"neve_meta_sidebar":"","neve_meta_container":"","neve_meta_enable_content_width":"","neve_meta_content_width":0,"neve_meta_title_alignment":"","neve_meta_author_avatar":"","neve_post_elements_order":"","neve_meta_disable_header":"","neve_meta_disable_footer":"","neve_meta_disable_title":"","footnotes":""},"categories":[3],"tags":[121],"class_list":["post-529","post","type-post","status-publish","format-standard","has-post-thumbnail","hentry","category-fe","tag-por-que-precisamos-de-deus"],"yoast_head":"<!-- This site is optimized with the Yoast SEO plugin v28.4 - https:\/\/yoast.com\/product\/yoast-seo-wordpress\/ -->\n<title>Por que precisamos de Deus - Ora\u00e7\u00e3o e F\u00e9<\/title>\n<meta name=\"description\" content=\"Afinal, por que precisamos de Deus? Especialistas em sa\u00fade mental dizem que os humanos precisam de valores espirituais para serem...\" \/>\n<meta name=\"robots\" content=\"index, follow, max-snippet:-1, max-image-preview:large, max-video-preview:-1\" \/>\n<link rel=\"canonical\" href=\"https:\/\/www.oracaoefe.com\/fr\/por-que-precisamos-de-deus\/\" \/>\n<meta property=\"og:locale\" content=\"fr_FR\" \/>\n<meta property=\"og:type\" content=\"article\" \/>\n<meta property=\"og:title\" content=\"Por que precisamos de Deus - Ora\u00e7\u00e3o e F\u00e9\" \/>\n<meta property=\"og:description\" content=\"Afinal, por que precisamos de Deus? Especialistas em sa\u00fade mental dizem que os humanos precisam de valores espirituais para serem...\" \/>\n<meta property=\"og:url\" content=\"https:\/\/www.oracaoefe.com\/fr\/por-que-precisamos-de-deus\/\" \/>\n<meta property=\"og:site_name\" content=\"Ora\u00e7\u00e3o e F\u00e9\" \/>\n<meta property=\"article:published_time\" content=\"2022-09-29T15:30:22+00:00\" \/>\n<meta property=\"article:modified_time\" content=\"2025-06-15T18:17:27+00:00\" \/>\n<meta property=\"og:image\" content=\"https:\/\/www.oracaoefe.com\/wp-content\/uploads\/2022\/09\/Por-que-precisamos-de-Deus.jpg\" \/>\n\t<meta property=\"og:image:width\" content=\"1200\" \/>\n\t<meta property=\"og:image:height\" content=\"675\" \/>\n\t<meta property=\"og:image:type\" content=\"image\/jpeg\" \/>\n<meta name=\"author\" content=\"Maria\" \/>\n<meta name=\"twitter:card\" content=\"summary_large_image\" \/>\n<meta name=\"twitter:label1\" content=\"\u00c9crit par\" \/>\n\t<meta name=\"twitter:data1\" content=\"Maria\" \/>\n\t<meta name=\"twitter:label2\" content=\"Dur\u00e9e de lecture estim\u00e9e\" \/>\n\t<meta name=\"twitter:data2\" content=\"3 minutes\" \/>\n<script type=\"application\/ld+json\" class=\"yoast-schema-graph\">{\"@context\":\"https:\\\/\\\/schema.org\",\"@graph\":[{\"@type\":\"Article\",\"@id\":\"https:\\\/\\\/www.oracaoefe.com\\\/por-que-precisamos-de-deus\\\/#article\",\"isPartOf\":{\"@id\":\"https:\\\/\\\/www.oracaoefe.com\\\/por-que-precisamos-de-deus\\\/\"},\"author\":{\"name\":\"Maria\",\"@id\":\"https:\\\/\\\/www.oracaoefe.com\\\/#\\\/schema\\\/person\\\/27873f1e6043866689f5091b5139f23d\"},\"headline\":\"Por que precisamos de Deus\",\"datePublished\":\"2022-09-29T15:30:22+00:00\",\"dateModified\":\"2025-06-15T18:17:27+00:00\",\"mainEntityOfPage\":{\"@id\":\"https:\\\/\\\/www.oracaoefe.com\\\/por-que-precisamos-de-deus\\\/\"},\"wordCount\":694,\"commentCount\":0,\"image\":{\"@id\":\"https:\\\/\\\/www.oracaoefe.com\\\/por-que-precisamos-de-deus\\\/#primaryimage\"},\"thumbnailUrl\":\"https:\\\/\\\/www.oracaoefe.com\\\/wp-content\\\/uploads\\\/2022\\\/09\\\/Por-que-precisamos-de-Deus.jpg\",\"keywords\":[\"Por que precisamos de Deus\"],\"articleSection\":[\"F\u00e9\"],\"inLanguage\":\"fr-FR\",\"potentialAction\":[{\"@type\":\"CommentAction\",\"name\":\"Comment\",\"target\":[\"https:\\\/\\\/www.oracaoefe.com\\\/por-que-precisamos-de-deus\\\/#respond\"]}]},{\"@type\":\"WebPage\",\"@id\":\"https:\\\/\\\/www.oracaoefe.com\\\/por-que-precisamos-de-deus\\\/\",\"url\":\"https:\\\/\\\/www.oracaoefe.com\\\/por-que-precisamos-de-deus\\\/\",\"name\":\"Por que precisamos de Deus - Ora\u00e7\u00e3o e F\u00e9\",\"isPartOf\":{\"@id\":\"https:\\\/\\\/www.oracaoefe.com\\\/#website\"},\"primaryImageOfPage\":{\"@id\":\"https:\\\/\\\/www.oracaoefe.com\\\/por-que-precisamos-de-deus\\\/#primaryimage\"},\"image\":{\"@id\":\"https:\\\/\\\/www.oracaoefe.com\\\/por-que-precisamos-de-deus\\\/#primaryimage\"},\"thumbnailUrl\":\"https:\\\/\\\/www.oracaoefe.com\\\/wp-content\\\/uploads\\\/2022\\\/09\\\/Por-que-precisamos-de-Deus.jpg\",\"datePublished\":\"2022-09-29T15:30:22+00:00\",\"dateModified\":\"2025-06-15T18:17:27+00:00\",\"author\":{\"@id\":\"https:\\\/\\\/www.oracaoefe.com\\\/#\\\/schema\\\/person\\\/27873f1e6043866689f5091b5139f23d\"},\"description\":\"Afinal, por que precisamos de Deus? Especialistas em sa\u00fade mental dizem que os humanos precisam de valores espirituais para serem...\",\"breadcrumb\":{\"@id\":\"https:\\\/\\\/www.oracaoefe.com\\\/por-que-precisamos-de-deus\\\/#breadcrumb\"},\"inLanguage\":\"fr-FR\",\"potentialAction\":[{\"@type\":\"ReadAction\",\"target\":[\"https:\\\/\\\/www.oracaoefe.com\\\/por-que-precisamos-de-deus\\\/\"]}]},{\"@type\":\"ImageObject\",\"inLanguage\":\"fr-FR\",\"@id\":\"https:\\\/\\\/www.oracaoefe.com\\\/por-que-precisamos-de-deus\\\/#primaryimage\",\"url\":\"https:\\\/\\\/www.oracaoefe.com\\\/wp-content\\\/uploads\\\/2022\\\/09\\\/Por-que-precisamos-de-Deus.jpg\",\"contentUrl\":\"https:\\\/\\\/www.oracaoefe.com\\\/wp-content\\\/uploads\\\/2022\\\/09\\\/Por-que-precisamos-de-Deus.jpg\",\"width\":1200,\"height\":675,\"caption\":\"Por que precisamos de Deus\"},{\"@type\":\"BreadcrumbList\",\"@id\":\"https:\\\/\\\/www.oracaoefe.com\\\/por-que-precisamos-de-deus\\\/#breadcrumb\",\"itemListElement\":[{\"@type\":\"ListItem\",\"position\":1,\"name\":\"Home\",\"item\":\"https:\\\/\\\/www.oracaoefe.com\\\/\"},{\"@type\":\"ListItem\",\"position\":2,\"name\":\"Por que precisamos de Deus\"}]},{\"@type\":\"WebSite\",\"@id\":\"https:\\\/\\\/www.oracaoefe.com\\\/#website\",\"url\":\"https:\\\/\\\/www.oracaoefe.com\\\/\",\"name\":\"Ora\u00e7\u00e3o e F\u00e9\",\"description\":\"\",\"potentialAction\":[{\"@type\":\"SearchAction\",\"target\":{\"@type\":\"EntryPoint\",\"urlTemplate\":\"https:\\\/\\\/www.oracaoefe.com\\\/?s={search_term_string}\"},\"query-input\":{\"@type\":\"PropertyValueSpecification\",\"valueRequired\":true,\"valueName\":\"search_term_string\"}}],\"inLanguage\":\"fr-FR\"},{\"@type\":\"Person\",\"@id\":\"https:\\\/\\\/www.oracaoefe.com\\\/#\\\/schema\\\/person\\\/27873f1e6043866689f5091b5139f23d\",\"name\":\"Maria\",\"image\":{\"@type\":\"ImageObject\",\"inLanguage\":\"fr-FR\",\"@id\":\"https:\\\/\\\/secure.gravatar.com\\\/avatar\\\/4cac5ea56d40d599bd7348d330a83b1c84cd229296d1613cd1c7f6740561d0c9?s=96&d=mm&r=g\",\"url\":\"https:\\\/\\\/secure.gravatar.com\\\/avatar\\\/4cac5ea56d40d599bd7348d330a83b1c84cd229296d1613cd1c7f6740561d0c9?s=96&d=mm&r=g\",\"contentUrl\":\"https:\\\/\\\/secure.gravatar.com\\\/avatar\\\/4cac5ea56d40d599bd7348d330a83b1c84cd229296d1613cd1c7f6740561d0c9?s=96&d=mm&r=g\",\"caption\":\"Maria\"},\"description\":\"Meu nome \u00e9 Maria e sou apaixonada por teologia, espiritualidade e estudos religiosos. H\u00e1 mais de 5 anos escrevo sobre o universo da f\u00e9, pesquisando diferentes religi\u00f5es, doutrinas, tradi\u00e7\u00f5es espirituais e curiosidades religiosas ao redor do mundo. Tenho grande interesse em compreender como a f\u00e9 e a religiosidade se manifestam em diferentes culturas, pa\u00edses e idiomas, sempre buscando aprender mais sobre os costumes, cren\u00e7as e hist\u00f3rias que influenciam milh\u00f5es de pessoas diariamente. Atualmente, atuo como redatora no portal Ora\u00e7\u00e3o e F\u00e9, onde compartilho conte\u00fados informativos, reflexivos e inspiradores voltados ao universo religioso e espiritual. Meu objetivo \u00e9 levar conhecimento, curiosidades e mensagens enriquecedoras para leitores que desejam aprofundar sua compreens\u00e3o sobre f\u00e9, religi\u00e3o e espiritualidade no mundo moderno.\",\"sameAs\":[\"https:\\\/\\\/www.oracaoefe.com\"],\"url\":\"https:\\\/\\\/www.oracaoefe.com\\\/fr\\\/author\\\/admin\\\/\"}]}<\/script>\n<!-- \/ Yoast SEO plugin. -->","yoast_head_json":{"title":"Por que precisamos de Deus - Ora\u00e7\u00e3o e F\u00e9","description":"Pourquoi avons-nous besoin de Dieu apr\u00e8s tout ? Les experts en sant\u00e9 mentale affirment que les humains ont besoin de valeurs spirituelles pour \u00eatre...","robots":{"index":"index","follow":"follow","max-snippet":"max-snippet:-1","max-image-preview":"max-image-preview:large","max-video-preview":"max-video-preview:-1"},"canonical":"https:\/\/www.oracaoefe.com\/fr\/por-que-precisamos-de-deus\/","og_locale":"fr_FR","og_type":"article","og_title":"Por que precisamos de Deus - Ora\u00e7\u00e3o e F\u00e9","og_description":"Afinal, por que precisamos de Deus? Especialistas em sa\u00fade mental dizem que os humanos precisam de valores espirituais para serem...","og_url":"https:\/\/www.oracaoefe.com\/fr\/por-que-precisamos-de-deus\/","og_site_name":"Ora\u00e7\u00e3o e F\u00e9","article_published_time":"2022-09-29T15:30:22+00:00","article_modified_time":"2025-06-15T18:17:27+00:00","og_image":[{"width":1200,"height":675,"url":"https:\/\/www.oracaoefe.com\/wp-content\/uploads\/2022\/09\/Por-que-precisamos-de-Deus.jpg","type":"image\/jpeg"}],"author":"Maria","twitter_card":"summary_large_image","twitter_misc":{"\u00c9crit par":"Maria","Dur\u00e9e de lecture estim\u00e9e":"3 minutes"},"schema":{"@context":"https:\/\/schema.org","@graph":[{"@type":"Article","@id":"https:\/\/www.oracaoefe.com\/por-que-precisamos-de-deus\/#article","isPartOf":{"@id":"https:\/\/www.oracaoefe.com\/por-que-precisamos-de-deus\/"},"author":{"name":"Maria","@id":"https:\/\/www.oracaoefe.com\/#\/schema\/person\/27873f1e6043866689f5091b5139f23d"},"headline":"Por que precisamos de Deus","datePublished":"2022-09-29T15:30:22+00:00","dateModified":"2025-06-15T18:17:27+00:00","mainEntityOfPage":{"@id":"https:\/\/www.oracaoefe.com\/por-que-precisamos-de-deus\/"},"wordCount":694,"commentCount":0,"image":{"@id":"https:\/\/www.oracaoefe.com\/por-que-precisamos-de-deus\/#primaryimage"},"thumbnailUrl":"https:\/\/www.oracaoefe.com\/wp-content\/uploads\/2022\/09\/Por-que-precisamos-de-Deus.jpg","keywords":["Por que precisamos de Deus"],"articleSection":["F\u00e9"],"inLanguage":"fr-FR","potentialAction":[{"@type":"CommentAction","name":"Comment","target":["https:\/\/www.oracaoefe.com\/por-que-precisamos-de-deus\/#respond"]}]},{"@type":"WebPage","@id":"https:\/\/www.oracaoefe.com\/por-que-precisamos-de-deus\/","url":"https:\/\/www.oracaoefe.com\/por-que-precisamos-de-deus\/","name":"Por que precisamos de Deus - Ora\u00e7\u00e3o e F\u00e9","isPartOf":{"@id":"https:\/\/www.oracaoefe.com\/#website"},"primaryImageOfPage":{"@id":"https:\/\/www.oracaoefe.com\/por-que-precisamos-de-deus\/#primaryimage"},"image":{"@id":"https:\/\/www.oracaoefe.com\/por-que-precisamos-de-deus\/#primaryimage"},"thumbnailUrl":"https:\/\/www.oracaoefe.com\/wp-content\/uploads\/2022\/09\/Por-que-precisamos-de-Deus.jpg","datePublished":"2022-09-29T15:30:22+00:00","dateModified":"2025-06-15T18:17:27+00:00","author":{"@id":"https:\/\/www.oracaoefe.com\/#\/schema\/person\/27873f1e6043866689f5091b5139f23d"},"description":"Pourquoi avons-nous besoin de Dieu apr\u00e8s tout ? Les experts en sant\u00e9 mentale affirment que les humains ont besoin de valeurs spirituelles pour \u00eatre...","breadcrumb":{"@id":"https:\/\/www.oracaoefe.com\/por-que-precisamos-de-deus\/#breadcrumb"},"inLanguage":"fr-FR","potentialAction":[{"@type":"ReadAction","target":["https:\/\/www.oracaoefe.com\/por-que-precisamos-de-deus\/"]}]},{"@type":"ImageObject","inLanguage":"fr-FR","@id":"https:\/\/www.oracaoefe.com\/por-que-precisamos-de-deus\/#primaryimage","url":"https:\/\/www.oracaoefe.com\/wp-content\/uploads\/2022\/09\/Por-que-precisamos-de-Deus.jpg","contentUrl":"https:\/\/www.oracaoefe.com\/wp-content\/uploads\/2022\/09\/Por-que-precisamos-de-Deus.jpg","width":1200,"height":675,"caption":"Por que precisamos de Deus"},{"@type":"BreadcrumbList","@id":"https:\/\/www.oracaoefe.com\/por-que-precisamos-de-deus\/#breadcrumb","itemListElement":[{"@type":"ListItem","position":1,"name":"Home","item":"https:\/\/www.oracaoefe.com\/"},{"@type":"ListItem","position":2,"name":"Por que precisamos de Deus"}]},{"@type":"WebSite","@id":"https:\/\/www.oracaoefe.com\/#website","url":"https:\/\/www.oracaoefe.com\/","name":"Pri\u00e8re et foi","description":"","potentialAction":[{"@type":"SearchAction","target":{"@type":"EntryPoint","urlTemplate":"https:\/\/www.oracaoefe.com\/?s={search_term_string}"},"query-input":{"@type":"PropertyValueSpecification","valueRequired":true,"valueName":"search_term_string"}}],"inLanguage":"fr-FR"},{"@type":"Person","@id":"https:\/\/www.oracaoefe.com\/#\/schema\/person\/27873f1e6043866689f5091b5139f23d","name":"Maria","image":{"@type":"ImageObject","inLanguage":"fr-FR","@id":"https:\/\/secure.gravatar.com\/avatar\/4cac5ea56d40d599bd7348d330a83b1c84cd229296d1613cd1c7f6740561d0c9?s=96&d=mm&r=g","url":"https:\/\/secure.gravatar.com\/avatar\/4cac5ea56d40d599bd7348d330a83b1c84cd229296d1613cd1c7f6740561d0c9?s=96&d=mm&r=g","contentUrl":"https:\/\/secure.gravatar.com\/avatar\/4cac5ea56d40d599bd7348d330a83b1c84cd229296d1613cd1c7f6740561d0c9?s=96&d=mm&r=g","caption":"Maria"},"description":"Meu nome \u00e9 Maria e sou apaixonada por teologia, espiritualidade e estudos religiosos. H\u00e1 mais de 5 anos escrevo sobre o universo da f\u00e9, pesquisando diferentes religi\u00f5es, doutrinas, tradi\u00e7\u00f5es espirituais e curiosidades religiosas ao redor do mundo. Tenho grande interesse em compreender como a f\u00e9 e a religiosidade se manifestam em diferentes culturas, pa\u00edses e idiomas, sempre buscando aprender mais sobre os costumes, cren\u00e7as e hist\u00f3rias que influenciam milh\u00f5es de pessoas diariamente. Atualmente, atuo como redatora no portal Ora\u00e7\u00e3o e F\u00e9, onde compartilho conte\u00fados informativos, reflexivos e inspiradores voltados ao universo religioso e espiritual. Meu objetivo \u00e9 levar conhecimento, curiosidades e mensagens enriquecedoras para leitores que desejam aprofundar sua compreens\u00e3o sobre f\u00e9, religi\u00e3o e espiritualidade no mundo moderno.","sameAs":["https:\/\/www.oracaoefe.com"],"url":"https:\/\/www.oracaoefe.com\/fr\/author\/admin\/"}]}},"_links":{"self":[{"href":"https:\/\/www.oracaoefe.com\/fr\/wp-json\/wp\/v2\/posts\/529","targetHints":{"allow":["GET"]}}],"collection":[{"href":"https:\/\/www.oracaoefe.com\/fr\/wp-json\/wp\/v2\/posts"}],"about":[{"href":"https:\/\/www.oracaoefe.com\/fr\/wp-json\/wp\/v2\/types\/post"}],"author":[{"embeddable":true,"href":"https:\/\/www.oracaoefe.com\/fr\/wp-json\/wp\/v2\/users\/1"}],"replies":[{"embeddable":true,"href":"https:\/\/www.oracaoefe.com\/fr\/wp-json\/wp\/v2\/comments?post=529"}],"version-history":[{"count":1,"href":"https:\/\/www.oracaoefe.com\/fr\/wp-json\/wp\/v2\/posts\/529\/revisions"}],"predecessor-version":[{"id":530,"href":"https:\/\/www.oracaoefe.com\/fr\/wp-json\/wp\/v2\/posts\/529\/revisions\/530"}],"wp:featuredmedia":[{"embeddable":true,"href":"https:\/\/www.oracaoefe.com\/fr\/wp-json\/wp\/v2\/media\/553"}],"wp:attachment":[{"href":"https:\/\/www.oracaoefe.com\/fr\/wp-json\/wp\/v2\/media?parent=529"}],"wp:term":[{"taxonomy":"category","embeddable":true,"href":"https:\/\/www.oracaoefe.com\/fr\/wp-json\/wp\/v2\/categories?post=529"},{"taxonomy":"post_tag","embeddable":true,"href":"https:\/\/www.oracaoefe.com\/fr\/wp-json\/wp\/v2\/tags?post=529"}],"curies":[{"name":"wp","href":"https:\/\/api.w.org\/{rel}","templated":true}]}}