{"id":506,"date":"2022-09-28T20:21:24","date_gmt":"2022-09-28T23:21:24","guid":{"rendered":"https:\/\/www.oracaoefe.com\/?p=506"},"modified":"2022-09-28T20:21:25","modified_gmt":"2022-09-28T23:21:25","slug":"trabalho-e-emprego-o-que-a-biblia-diz-sobre-essa-atividade","status":"publish","type":"post","link":"https:\/\/www.oracaoefe.com\/fr\/trabalho-e-emprego-o-que-a-biblia-diz-sobre-essa-atividade\/","title":{"rendered":"Travail et emploi : ce que dit la Bible \u00e0 propos de cette activit\u00e9"},"content":{"rendered":"<div class=\"wp-block-post-date\"><time datetime=\"2022-09-28T20:21:24-03:00\">septembre 28, 2022<\/time><\/div>\n\n\n<p class=\"wp-block-paragraph\">A nossa sociedade parece ser dominada pelo<strong> trabalho e emprego<\/strong>, pela necessidade de trabalhar, pela utilidade do trabalho, pelos constrangimentos e dores do trabalho, pelos riscos de esgotamento. Temos de trabalhar mais, sen\u00e3o quem n\u00e3o trabalha corre o risco de n\u00e3o poder mais alimentar os seus.<\/p>\n\n\n\n<p class=\"wp-block-paragraph\">Quem n\u00e3o trabalha encontra-se exclu\u00eddo da vida em sociedade, e n\u00e3o h\u00e1 exclus\u00e3o maior do que a do mundo do trabalho. E ao mesmo tempo, todos aspiramos a trabalhar menos e o resto \u00e9 mais frequentemente descrito como &#8220;merecido&#8221;. H\u00e1 tamb\u00e9m essa ideia do trabalho como fonte de realiza\u00e7\u00e3o, pois certas profiss\u00f5es s\u00e3o vistas e descritas como meios absolutamente essenciais de satisfa\u00e7\u00e3o pessoal\/profissional.&nbsp;<\/p>\n\n\n\n<h2 class=\"wp-block-heading\">O trabalho e emprego pelo B\u00edblia<\/h2>\n\n\n\n<p class=\"wp-block-paragraph\">Ent\u00e3o, o que a B\u00edblia nos diz sobre esse trabalho que se tornou t\u00e3o essencial em nossas vidas? Obviamente muito, mas na verdade muito pouco: se o trabalho ocupa um lugar importante em nossas vidas, n\u00e3o podemos dizer que \u00e9 o caso na B\u00edblia, pelo menos como tal.&nbsp;<\/p>\n\n\n\n<p class=\"wp-block-paragraph\">Essa relativa aus\u00eancia de trabalho na B\u00edblia pode nos fazer pensar se o trabalho n\u00e3o se tornou um poder real que toma conta de nossas vidas, sem que o entendamos como tal. Mas talvez este seja de fato o sinal de um poder real, pouco vis\u00edvel, mas t\u00e3o presente que condiciona nossas decis\u00f5es e nossas aspira\u00e7\u00f5es.<\/p>\n\n\n\n<p class=\"wp-block-paragraph\">Claro que a B\u00edblia muitas vezes nos fala de personagens lutando com uma atividade que \u00e9 da ordem do trabalho, mas o trabalho n\u00e3o \u00e9 um dom\u00ednio completo da vida, quase separado, mas um pano de fundo para a vida.&nbsp;<\/p>\n\n\n\n<h3 class=\"wp-block-heading\">Exemplos de G\u00eanesis<\/h3>\n\n\n\n<p class=\"wp-block-paragraph\">Em G\u00eanesis 38, Jud\u00e1, ap\u00f3s a morte de sua esposa Shoua, sobe a Timma para tosquiar seus rebanhos. Na g\u00eanese 38, os irm\u00e3os de Jos\u00e9 foram a Siqu\u00e9m para alimentar os rebanhos de seu pai Jac\u00f3. Assim, o fato de dedicar tempo ao pr\u00f3prio sustento aparece regularmente na B\u00edblia, mas n\u00e3o \u00e9 visualizado como primeiro, \u00e9 o segundo em rela\u00e7\u00e3o a tudo o mais e \u00e0s rela\u00e7\u00f5es entre os personagens.&nbsp;<\/p>\n\n\n\n<p class=\"wp-block-paragraph\">Mesmo que \u00e0s vezes, a subsist\u00eancia j\u00e1 n\u00e3o seja assegurada, o que acontece regularmente. No final do G\u00eanesis, uma nova fome atinge os hebreus que partem para escapar da fome no Egito: os filhos de Jac\u00f3 encontrar\u00e3o assim seu irm\u00e3o que se tornou ministro do Fara\u00f3. Anteriormente, Abra\u00e3o j\u00e1 havia feito esta viagem ao Egito pelas mesmas raz\u00f5es. No livro de Rute, Naemias, seu marido e seus dois filhos saem de sua terra em Israel para encontrar comida na terra de Moabe, do outro lado do Jord\u00e3o.&nbsp;<\/p>\n\n\n\n<p class=\"wp-block-paragraph\">H\u00e1 uma lacuna muito grande entre a leitura da B\u00edblia e a leitura dos jornais de hoje: atualmente, muito parece se basear na vida econ\u00f4mica, na perda de produ\u00e7\u00e3o de trigo ou \u00f3leo de girassol na Ucr\u00e2nia e esses assuntos acabam preenchendo o espa\u00e7o a ponto de se tornar um prisma fundamental atrav\u00e9s do qual representamos o que nos acontece. Este n\u00e3o \u00e9 o prisma da B\u00edblia, mesmo que a fome tenha levado os irm\u00e3os de Jos\u00e9 ao Egito para encontrar comida l\u00e1. Mas isso n\u00e3o \u00e9 o mais importante, n\u00e3o \u00e9 isso que somos chamados a pensar, essa n\u00e3o \u00e9 a nossa condi\u00e7\u00e3o de filhos de Deus.<\/p>\n\n\n\n<h2 class=\"wp-block-heading\">Obra na Cria\u00e7\u00e3o (livro de G\u00eanesis)<\/h2>\n\n\n\n<p class=\"wp-block-paragraph\">No princ\u00edpio era Deus que criou o mundo em 6 dias e que a cada dia via que era bom e no s\u00e9timo dia decidiu parar, n\u00e3o para descansar mas para contemplar a sua cria\u00e7\u00e3o. O primeiro relato da cria\u00e7\u00e3o (G\u00eanesis 1,1) evita a ideia da obra de Deus: no s\u00e9timo dia, Deus interrompe a obra que estava fazendo (tradu\u00e7\u00e3o TOB): a cria\u00e7\u00e3o \u00e9 uma obra e n\u00e3o uma obra.&nbsp;<\/p>\n\n\n\n<p class=\"wp-block-paragraph\">No segundo relato da cria\u00e7\u00e3o com Ad\u00e3o e Eva ( G\u00eanesis 2), no in\u00edcio ainda n\u00e3o h\u00e1 trabalho: o homem \u00e9 colocado em um determinado jardim onde Deus faz brotar \u00e1rvores atraentes na apar\u00eancia e boas para o alimento. O Jardim do \u00c9den poderia ser suficiente para alimentar seus habitantes sem nenhum outro esfor\u00e7o al\u00e9m de colher seus frutos, exceto o fruto da \u00e1rvore do conhecimento do bem e do mal.&nbsp;<\/p>\n\n\n\n<p class=\"wp-block-paragraph\">No entanto, o homem \u00e9 colocado no Jardim do \u00c9den para guard\u00e1-lo e cultiv\u00e1-lo. Estamos no meio, Ad\u00e3o n\u00e3o est\u00e1 ali para trabalhar o solo, mas n\u00e3o est\u00e1 ali para n\u00e3o fazer nada, ele \u00e9 colocado ali \u201cpara cultivar e guardar\u201d este jardim muito particular. Mant\u00ea-lo contra o que se pergunta?&nbsp;<\/p>\n\n\n\n<p class=\"wp-block-paragraph\">O texto fica sem resposta nesta passagem (G\u00eanesis 2,15), mas pode-se imaginar tamb\u00e9m que o homem, criado \u00e0 imagem de Deus, o representa para cuidar da cria\u00e7\u00e3o. Mas tamb\u00e9m podemos ouvir uma distin\u00e7\u00e3o entre cultivar o solo e trabalhar por comida. Portanto, h\u00e1 boas maneiras de exercer a profiss\u00e3o e outras menos boas.<\/p>\n\n\n\n<h2 class=\"wp-block-heading\">Conclus\u00e3o<\/h2>\n\n\n\n<p class=\"wp-block-paragraph\">De qualquer forma, a dist\u00e2ncia entre o dec\u00e1logo e o que vivemos \u00e9 tal que talvez dev\u00eassemos simplesmente refletir sobre duas ou tr\u00eas ideias:<\/p>\n\n\n\n<p class=\"wp-block-paragraph\">1. O trabalho tem um lugar, um lugar real, pois o dec\u00e1logo nos convida a fazer todo o nosso trabalho por seis dias para deixar o s\u00e9timo de lado para o descanso e o Senhor. O que nos leva ao fato de que o trabalho da semana n\u00e3o \u00e9 trabalho em geral, mas tem um prop\u00f3sito, que \u00e9 fazer o seu trabalho.&nbsp;<\/p>\n\n\n\n<p class=\"wp-block-paragraph\">E assim cada um deve refletir de maneira concreta e pessoal sobre sua obra: n\u00e3o somos chamados a trabalhar interminavelmente, somos chamados a realizar nossa obra, da mesma forma que Deus em G\u00eanesis 2, vers\u00edculo 2: &#8220;Deus terminou no s\u00e9timo dia o trabalho que ele havia feito, no s\u00e9timo dia ele parou todo o trabalho que estava fazendo\u201d.&nbsp;<\/p>\n\n\n\n<p class=\"wp-block-paragraph\">2. No s\u00e9timo dia a obra para, \u00e9 consagrada, a consagra\u00e7\u00e3o faz parte da obra, a obra est\u00e1 terminada. Espiritualmente, quando come\u00e7amos nossa semana, devemos nos perguntar qual \u00e9 o nosso trabalho para a semana, para que seja terminado, e n\u00e3o infinito, e assim possa ser consagrado no s\u00e9timo dia ao Senhor.&nbsp;<\/p>\n\n\n\n<p class=\"wp-block-paragraph\">N\u00e3o, a vida n\u00e3o est\u00e1 escravizada a trabalhar em um fluxo que n\u00e3o p\u00e1ra, e que n\u00e3o controlamos, a B\u00edblia nos chama com firmeza a refletir e decidir sobre nosso trabalho para cada semana, para que este trabalho possa ser conclu\u00eddo e consagrado ao Senhor.&nbsp;<\/p>\n\n\n\n<p class=\"wp-block-paragraph\">3. O mandamento tamb\u00e9m tem grandes consequ\u00eancias em nosso relacionamento com os outros: no dia de s\u00e1bado, voc\u00ea n\u00e3o far\u00e1 seu servo trabalhar, nem o emigrante que est\u00e1 em suas cidades. Tamb\u00e9m somos respons\u00e1veis \u200b\u200bpelos outros em sua capacidade de ter este dia de descanso.&nbsp;<\/p>\n\n\n\n<p class=\"wp-block-paragraph\">Mesmo que o trabalho ininterrupto tenha se tornado uma realidade em nosso mundo, devemos sempre ter em mente que o descanso semanal foi prescrito como um dos dez mandamentos e que n\u00e3o devemos permanecer passivos diante de um estado de coisas insatisfat\u00f3rio.&nbsp;<\/p>","protected":false},"excerpt":{"rendered":"<p>A nossa sociedade parece ser dominada pelo trabalho e emprego, pela necessidade de trabalhar, pela utilidade do trabalho, pelos&#8230;<\/p>","protected":false},"author":1,"featured_media":507,"comment_status":"open","ping_status":"closed","sticky":false,"template":"","format":"standard","meta":{"neve_meta_sidebar":"","neve_meta_container":"","neve_meta_enable_content_width":"","neve_meta_content_width":0,"neve_meta_title_alignment":"","neve_meta_author_avatar":"","neve_post_elements_order":"","neve_meta_disable_header":"","neve_meta_disable_footer":"","neve_meta_disable_title":"","footnotes":""},"categories":[1],"tags":[83,77,80],"class_list":["post-506","post","type-post","status-publish","format-standard","has-post-thumbnail","hentry","category-curiosidades","tag-biblia-2","tag-emprego","tag-trabalho"],"yoast_head":"<!-- This site is optimized with the Yoast SEO plugin v28.4 - https:\/\/yoast.com\/product\/yoast-seo-wordpress\/ -->\n<title>Trabalho e emprego: O que a B\u00edblia diz sobre essa atividade - Ora\u00e7\u00e3o e F\u00e9<\/title>\n<meta name=\"description\" content=\"A nossa sociedade parece ser dominada pelo trabalho e emprego, pela necessidade de trabalhar, pela utilidade do trabalho, pelos...\" \/>\n<meta name=\"robots\" content=\"index, follow, max-snippet:-1, max-image-preview:large, max-video-preview:-1\" \/>\n<link rel=\"canonical\" href=\"https:\/\/www.oracaoefe.com\/fr\/trabalho-e-emprego-o-que-a-biblia-diz-sobre-essa-atividade\/\" \/>\n<meta property=\"og:locale\" content=\"fr_FR\" \/>\n<meta property=\"og:type\" content=\"article\" \/>\n<meta property=\"og:title\" content=\"Trabalho e emprego: O que a B\u00edblia diz sobre essa atividade - Ora\u00e7\u00e3o e F\u00e9\" \/>\n<meta property=\"og:description\" content=\"A nossa sociedade parece ser dominada pelo trabalho e emprego, pela necessidade de trabalhar, pela utilidade do trabalho, pelos...\" \/>\n<meta property=\"og:url\" content=\"https:\/\/www.oracaoefe.com\/fr\/trabalho-e-emprego-o-que-a-biblia-diz-sobre-essa-atividade\/\" \/>\n<meta property=\"og:site_name\" content=\"Ora\u00e7\u00e3o e F\u00e9\" \/>\n<meta property=\"article:published_time\" content=\"2022-09-28T23:21:24+00:00\" \/>\n<meta property=\"article:modified_time\" content=\"2022-09-28T23:21:25+00:00\" \/>\n<meta property=\"og:image\" content=\"https:\/\/www.oracaoefe.com\/wp-content\/uploads\/2022\/09\/Trabalho-e-emprego-O-que-a-Biblia-diz-sobre-essa-atividade.jpg\" \/>\n\t<meta property=\"og:image:width\" content=\"1200\" \/>\n\t<meta property=\"og:image:height\" content=\"675\" \/>\n\t<meta property=\"og:image:type\" content=\"image\/jpeg\" \/>\n<meta name=\"author\" content=\"Maria\" \/>\n<meta name=\"twitter:card\" content=\"summary_large_image\" \/>\n<meta name=\"twitter:label1\" content=\"\u00c9crit par\" \/>\n\t<meta name=\"twitter:data1\" content=\"Maria\" \/>\n\t<meta name=\"twitter:label2\" content=\"Dur\u00e9e de lecture estim\u00e9e\" \/>\n\t<meta name=\"twitter:data2\" content=\"6 minutes\" \/>\n<script type=\"application\/ld+json\" class=\"yoast-schema-graph\">{\"@context\":\"https:\\\/\\\/schema.org\",\"@graph\":[{\"@type\":\"Article\",\"@id\":\"https:\\\/\\\/www.oracaoefe.com\\\/es\\\/trabalho-e-emprego-o-que-a-biblia-diz-sobre-essa-atividade\\\/#article\",\"isPartOf\":{\"@id\":\"https:\\\/\\\/www.oracaoefe.com\\\/es\\\/trabalho-e-emprego-o-que-a-biblia-diz-sobre-essa-atividade\\\/\"},\"author\":{\"name\":\"Maria\",\"@id\":\"https:\\\/\\\/www.oracaoefe.com\\\/#\\\/schema\\\/person\\\/27873f1e6043866689f5091b5139f23d\"},\"headline\":\"Trabalho e emprego: O que a B\u00edblia diz sobre essa atividade\",\"datePublished\":\"2022-09-28T23:21:24+00:00\",\"dateModified\":\"2022-09-28T23:21:25+00:00\",\"mainEntityOfPage\":{\"@id\":\"https:\\\/\\\/www.oracaoefe.com\\\/es\\\/trabalho-e-emprego-o-que-a-biblia-diz-sobre-essa-atividade\\\/\"},\"wordCount\":1229,\"commentCount\":0,\"image\":{\"@id\":\"https:\\\/\\\/www.oracaoefe.com\\\/es\\\/trabalho-e-emprego-o-que-a-biblia-diz-sobre-essa-atividade\\\/#primaryimage\"},\"thumbnailUrl\":\"https:\\\/\\\/www.oracaoefe.com\\\/wp-content\\\/uploads\\\/2022\\\/09\\\/Trabalho-e-emprego-O-que-a-Biblia-diz-sobre-essa-atividade.jpg\",\"keywords\":[\"B\u00edblia\",\"emprego\",\"trabalho\"],\"articleSection\":[\"Curiosidades\"],\"inLanguage\":\"fr-FR\",\"potentialAction\":[{\"@type\":\"CommentAction\",\"name\":\"Comment\",\"target\":[\"https:\\\/\\\/www.oracaoefe.com\\\/es\\\/trabalho-e-emprego-o-que-a-biblia-diz-sobre-essa-atividade\\\/#respond\"]}]},{\"@type\":\"WebPage\",\"@id\":\"https:\\\/\\\/www.oracaoefe.com\\\/es\\\/trabalho-e-emprego-o-que-a-biblia-diz-sobre-essa-atividade\\\/\",\"url\":\"https:\\\/\\\/www.oracaoefe.com\\\/es\\\/trabalho-e-emprego-o-que-a-biblia-diz-sobre-essa-atividade\\\/\",\"name\":\"Trabalho e emprego: O que a B\u00edblia diz sobre essa atividade - Ora\u00e7\u00e3o e F\u00e9\",\"isPartOf\":{\"@id\":\"https:\\\/\\\/www.oracaoefe.com\\\/#website\"},\"primaryImageOfPage\":{\"@id\":\"https:\\\/\\\/www.oracaoefe.com\\\/es\\\/trabalho-e-emprego-o-que-a-biblia-diz-sobre-essa-atividade\\\/#primaryimage\"},\"image\":{\"@id\":\"https:\\\/\\\/www.oracaoefe.com\\\/es\\\/trabalho-e-emprego-o-que-a-biblia-diz-sobre-essa-atividade\\\/#primaryimage\"},\"thumbnailUrl\":\"https:\\\/\\\/www.oracaoefe.com\\\/wp-content\\\/uploads\\\/2022\\\/09\\\/Trabalho-e-emprego-O-que-a-Biblia-diz-sobre-essa-atividade.jpg\",\"datePublished\":\"2022-09-28T23:21:24+00:00\",\"dateModified\":\"2022-09-28T23:21:25+00:00\",\"author\":{\"@id\":\"https:\\\/\\\/www.oracaoefe.com\\\/#\\\/schema\\\/person\\\/27873f1e6043866689f5091b5139f23d\"},\"description\":\"A nossa sociedade parece ser dominada pelo trabalho e emprego, pela necessidade de trabalhar, pela utilidade do trabalho, pelos...\",\"breadcrumb\":{\"@id\":\"https:\\\/\\\/www.oracaoefe.com\\\/es\\\/trabalho-e-emprego-o-que-a-biblia-diz-sobre-essa-atividade\\\/#breadcrumb\"},\"inLanguage\":\"fr-FR\",\"potentialAction\":[{\"@type\":\"ReadAction\",\"target\":[\"https:\\\/\\\/www.oracaoefe.com\\\/es\\\/trabalho-e-emprego-o-que-a-biblia-diz-sobre-essa-atividade\\\/\"]}]},{\"@type\":\"ImageObject\",\"inLanguage\":\"fr-FR\",\"@id\":\"https:\\\/\\\/www.oracaoefe.com\\\/es\\\/trabalho-e-emprego-o-que-a-biblia-diz-sobre-essa-atividade\\\/#primaryimage\",\"url\":\"https:\\\/\\\/www.oracaoefe.com\\\/wp-content\\\/uploads\\\/2022\\\/09\\\/Trabalho-e-emprego-O-que-a-Biblia-diz-sobre-essa-atividade.jpg\",\"contentUrl\":\"https:\\\/\\\/www.oracaoefe.com\\\/wp-content\\\/uploads\\\/2022\\\/09\\\/Trabalho-e-emprego-O-que-a-Biblia-diz-sobre-essa-atividade.jpg\",\"width\":1200,\"height\":675,\"caption\":\"Trabalho e emprego O que a B\u00edblia diz sobre essa atividade\"},{\"@type\":\"BreadcrumbList\",\"@id\":\"https:\\\/\\\/www.oracaoefe.com\\\/es\\\/trabalho-e-emprego-o-que-a-biblia-diz-sobre-essa-atividade\\\/#breadcrumb\",\"itemListElement\":[{\"@type\":\"ListItem\",\"position\":1,\"name\":\"Home\",\"item\":\"https:\\\/\\\/www.oracaoefe.com\\\/\"},{\"@type\":\"ListItem\",\"position\":2,\"name\":\"Curiosidades\",\"item\":\"https:\\\/\\\/www.oracaoefe.com\\\/es\\\/categoria\\\/curiosidades\\\/\"},{\"@type\":\"ListItem\",\"position\":3,\"name\":\"Trabalho e emprego: O que a B\u00edblia diz sobre essa atividade\"}]},{\"@type\":\"WebSite\",\"@id\":\"https:\\\/\\\/www.oracaoefe.com\\\/#website\",\"url\":\"https:\\\/\\\/www.oracaoefe.com\\\/\",\"name\":\"Ora\u00e7\u00e3o e F\u00e9\",\"description\":\"\",\"potentialAction\":[{\"@type\":\"SearchAction\",\"target\":{\"@type\":\"EntryPoint\",\"urlTemplate\":\"https:\\\/\\\/www.oracaoefe.com\\\/?s={search_term_string}\"},\"query-input\":{\"@type\":\"PropertyValueSpecification\",\"valueRequired\":true,\"valueName\":\"search_term_string\"}}],\"inLanguage\":\"fr-FR\"},{\"@type\":\"Person\",\"@id\":\"https:\\\/\\\/www.oracaoefe.com\\\/#\\\/schema\\\/person\\\/27873f1e6043866689f5091b5139f23d\",\"name\":\"Maria\",\"image\":{\"@type\":\"ImageObject\",\"inLanguage\":\"fr-FR\",\"@id\":\"https:\\\/\\\/secure.gravatar.com\\\/avatar\\\/4cac5ea56d40d599bd7348d330a83b1c84cd229296d1613cd1c7f6740561d0c9?s=96&d=mm&r=g\",\"url\":\"https:\\\/\\\/secure.gravatar.com\\\/avatar\\\/4cac5ea56d40d599bd7348d330a83b1c84cd229296d1613cd1c7f6740561d0c9?s=96&d=mm&r=g\",\"contentUrl\":\"https:\\\/\\\/secure.gravatar.com\\\/avatar\\\/4cac5ea56d40d599bd7348d330a83b1c84cd229296d1613cd1c7f6740561d0c9?s=96&d=mm&r=g\",\"caption\":\"Maria\"},\"description\":\"Meu nome \u00e9 Maria e sou apaixonada por teologia, espiritualidade e estudos religiosos. H\u00e1 mais de 5 anos escrevo sobre o universo da f\u00e9, pesquisando diferentes religi\u00f5es, doutrinas, tradi\u00e7\u00f5es espirituais e curiosidades religiosas ao redor do mundo. Tenho grande interesse em compreender como a f\u00e9 e a religiosidade se manifestam em diferentes culturas, pa\u00edses e idiomas, sempre buscando aprender mais sobre os costumes, cren\u00e7as e hist\u00f3rias que influenciam milh\u00f5es de pessoas diariamente. Atualmente, atuo como redatora no portal Ora\u00e7\u00e3o e F\u00e9, onde compartilho conte\u00fados informativos, reflexivos e inspiradores voltados ao universo religioso e espiritual. Meu objetivo \u00e9 levar conhecimento, curiosidades e mensagens enriquecedoras para leitores que desejam aprofundar sua compreens\u00e3o sobre f\u00e9, religi\u00e3o e espiritualidade no mundo moderno.\",\"sameAs\":[\"https:\\\/\\\/www.oracaoefe.com\"],\"url\":\"https:\\\/\\\/www.oracaoefe.com\\\/fr\\\/author\\\/admin\\\/\"}]}<\/script>\n<!-- \/ Yoast SEO plugin. -->","yoast_head_json":{"title":"Trabalho e emprego: O que a B\u00edblia diz sobre essa atividade - Ora\u00e7\u00e3o e F\u00e9","description":"Notre soci\u00e9t\u00e9 semble \u00eatre domin\u00e9e par le travail et l'emploi, la n\u00e9cessit\u00e9 de travailler, l'utilit\u00e9 du travail, la...","robots":{"index":"index","follow":"follow","max-snippet":"max-snippet:-1","max-image-preview":"max-image-preview:large","max-video-preview":"max-video-preview:-1"},"canonical":"https:\/\/www.oracaoefe.com\/fr\/trabalho-e-emprego-o-que-a-biblia-diz-sobre-essa-atividade\/","og_locale":"fr_FR","og_type":"article","og_title":"Trabalho e emprego: O que a B\u00edblia diz sobre essa atividade - Ora\u00e7\u00e3o e F\u00e9","og_description":"A nossa sociedade parece ser dominada pelo trabalho e emprego, pela necessidade de trabalhar, pela utilidade do trabalho, pelos...","og_url":"https:\/\/www.oracaoefe.com\/fr\/trabalho-e-emprego-o-que-a-biblia-diz-sobre-essa-atividade\/","og_site_name":"Ora\u00e7\u00e3o e F\u00e9","article_published_time":"2022-09-28T23:21:24+00:00","article_modified_time":"2022-09-28T23:21:25+00:00","og_image":[{"width":1200,"height":675,"url":"https:\/\/www.oracaoefe.com\/wp-content\/uploads\/2022\/09\/Trabalho-e-emprego-O-que-a-Biblia-diz-sobre-essa-atividade.jpg","type":"image\/jpeg"}],"author":"Maria","twitter_card":"summary_large_image","twitter_misc":{"\u00c9crit par":"Maria","Dur\u00e9e de lecture estim\u00e9e":"6 minutes"},"schema":{"@context":"https:\/\/schema.org","@graph":[{"@type":"Article","@id":"https:\/\/www.oracaoefe.com\/es\/trabalho-e-emprego-o-que-a-biblia-diz-sobre-essa-atividade\/#article","isPartOf":{"@id":"https:\/\/www.oracaoefe.com\/es\/trabalho-e-emprego-o-que-a-biblia-diz-sobre-essa-atividade\/"},"author":{"name":"Maria","@id":"https:\/\/www.oracaoefe.com\/#\/schema\/person\/27873f1e6043866689f5091b5139f23d"},"headline":"Trabalho e emprego: O que a B\u00edblia diz sobre essa atividade","datePublished":"2022-09-28T23:21:24+00:00","dateModified":"2022-09-28T23:21:25+00:00","mainEntityOfPage":{"@id":"https:\/\/www.oracaoefe.com\/es\/trabalho-e-emprego-o-que-a-biblia-diz-sobre-essa-atividade\/"},"wordCount":1229,"commentCount":0,"image":{"@id":"https:\/\/www.oracaoefe.com\/es\/trabalho-e-emprego-o-que-a-biblia-diz-sobre-essa-atividade\/#primaryimage"},"thumbnailUrl":"https:\/\/www.oracaoefe.com\/wp-content\/uploads\/2022\/09\/Trabalho-e-emprego-O-que-a-Biblia-diz-sobre-essa-atividade.jpg","keywords":["B\u00edblia","emprego","trabalho"],"articleSection":["Curiosidades"],"inLanguage":"fr-FR","potentialAction":[{"@type":"CommentAction","name":"Comment","target":["https:\/\/www.oracaoefe.com\/es\/trabalho-e-emprego-o-que-a-biblia-diz-sobre-essa-atividade\/#respond"]}]},{"@type":"WebPage","@id":"https:\/\/www.oracaoefe.com\/es\/trabalho-e-emprego-o-que-a-biblia-diz-sobre-essa-atividade\/","url":"https:\/\/www.oracaoefe.com\/es\/trabalho-e-emprego-o-que-a-biblia-diz-sobre-essa-atividade\/","name":"Trabalho e emprego: O que a B\u00edblia diz sobre essa atividade - Ora\u00e7\u00e3o e F\u00e9","isPartOf":{"@id":"https:\/\/www.oracaoefe.com\/#website"},"primaryImageOfPage":{"@id":"https:\/\/www.oracaoefe.com\/es\/trabalho-e-emprego-o-que-a-biblia-diz-sobre-essa-atividade\/#primaryimage"},"image":{"@id":"https:\/\/www.oracaoefe.com\/es\/trabalho-e-emprego-o-que-a-biblia-diz-sobre-essa-atividade\/#primaryimage"},"thumbnailUrl":"https:\/\/www.oracaoefe.com\/wp-content\/uploads\/2022\/09\/Trabalho-e-emprego-O-que-a-Biblia-diz-sobre-essa-atividade.jpg","datePublished":"2022-09-28T23:21:24+00:00","dateModified":"2022-09-28T23:21:25+00:00","author":{"@id":"https:\/\/www.oracaoefe.com\/#\/schema\/person\/27873f1e6043866689f5091b5139f23d"},"description":"Notre soci\u00e9t\u00e9 semble \u00eatre domin\u00e9e par le travail et l'emploi, la n\u00e9cessit\u00e9 de travailler, l'utilit\u00e9 du travail, la...","breadcrumb":{"@id":"https:\/\/www.oracaoefe.com\/es\/trabalho-e-emprego-o-que-a-biblia-diz-sobre-essa-atividade\/#breadcrumb"},"inLanguage":"fr-FR","potentialAction":[{"@type":"ReadAction","target":["https:\/\/www.oracaoefe.com\/es\/trabalho-e-emprego-o-que-a-biblia-diz-sobre-essa-atividade\/"]}]},{"@type":"ImageObject","inLanguage":"fr-FR","@id":"https:\/\/www.oracaoefe.com\/es\/trabalho-e-emprego-o-que-a-biblia-diz-sobre-essa-atividade\/#primaryimage","url":"https:\/\/www.oracaoefe.com\/wp-content\/uploads\/2022\/09\/Trabalho-e-emprego-O-que-a-Biblia-diz-sobre-essa-atividade.jpg","contentUrl":"https:\/\/www.oracaoefe.com\/wp-content\/uploads\/2022\/09\/Trabalho-e-emprego-O-que-a-Biblia-diz-sobre-essa-atividade.jpg","width":1200,"height":675,"caption":"Trabalho e emprego O que a B\u00edblia diz sobre essa atividade"},{"@type":"BreadcrumbList","@id":"https:\/\/www.oracaoefe.com\/es\/trabalho-e-emprego-o-que-a-biblia-diz-sobre-essa-atividade\/#breadcrumb","itemListElement":[{"@type":"ListItem","position":1,"name":"Home","item":"https:\/\/www.oracaoefe.com\/"},{"@type":"ListItem","position":2,"name":"Curiosidades","item":"https:\/\/www.oracaoefe.com\/es\/categoria\/curiosidades\/"},{"@type":"ListItem","position":3,"name":"Trabalho e emprego: O que a B\u00edblia diz sobre essa atividade"}]},{"@type":"WebSite","@id":"https:\/\/www.oracaoefe.com\/#website","url":"https:\/\/www.oracaoefe.com\/","name":"Pri\u00e8re et foi","description":"","potentialAction":[{"@type":"SearchAction","target":{"@type":"EntryPoint","urlTemplate":"https:\/\/www.oracaoefe.com\/?s={search_term_string}"},"query-input":{"@type":"PropertyValueSpecification","valueRequired":true,"valueName":"search_term_string"}}],"inLanguage":"fr-FR"},{"@type":"Person","@id":"https:\/\/www.oracaoefe.com\/#\/schema\/person\/27873f1e6043866689f5091b5139f23d","name":"Maria","image":{"@type":"ImageObject","inLanguage":"fr-FR","@id":"https:\/\/secure.gravatar.com\/avatar\/4cac5ea56d40d599bd7348d330a83b1c84cd229296d1613cd1c7f6740561d0c9?s=96&d=mm&r=g","url":"https:\/\/secure.gravatar.com\/avatar\/4cac5ea56d40d599bd7348d330a83b1c84cd229296d1613cd1c7f6740561d0c9?s=96&d=mm&r=g","contentUrl":"https:\/\/secure.gravatar.com\/avatar\/4cac5ea56d40d599bd7348d330a83b1c84cd229296d1613cd1c7f6740561d0c9?s=96&d=mm&r=g","caption":"Maria"},"description":"Meu nome \u00e9 Maria e sou apaixonada por teologia, espiritualidade e estudos religiosos. H\u00e1 mais de 5 anos escrevo sobre o universo da f\u00e9, pesquisando diferentes religi\u00f5es, doutrinas, tradi\u00e7\u00f5es espirituais e curiosidades religiosas ao redor do mundo. Tenho grande interesse em compreender como a f\u00e9 e a religiosidade se manifestam em diferentes culturas, pa\u00edses e idiomas, sempre buscando aprender mais sobre os costumes, cren\u00e7as e hist\u00f3rias que influenciam milh\u00f5es de pessoas diariamente. Atualmente, atuo como redatora no portal Ora\u00e7\u00e3o e F\u00e9, onde compartilho conte\u00fados informativos, reflexivos e inspiradores voltados ao universo religioso e espiritual. Meu objetivo \u00e9 levar conhecimento, curiosidades e mensagens enriquecedoras para leitores que desejam aprofundar sua compreens\u00e3o sobre f\u00e9, religi\u00e3o e espiritualidade no mundo moderno.","sameAs":["https:\/\/www.oracaoefe.com"],"url":"https:\/\/www.oracaoefe.com\/fr\/author\/admin\/"}]}},"_links":{"self":[{"href":"https:\/\/www.oracaoefe.com\/fr\/wp-json\/wp\/v2\/posts\/506","targetHints":{"allow":["GET"]}}],"collection":[{"href":"https:\/\/www.oracaoefe.com\/fr\/wp-json\/wp\/v2\/posts"}],"about":[{"href":"https:\/\/www.oracaoefe.com\/fr\/wp-json\/wp\/v2\/types\/post"}],"author":[{"embeddable":true,"href":"https:\/\/www.oracaoefe.com\/fr\/wp-json\/wp\/v2\/users\/1"}],"replies":[{"embeddable":true,"href":"https:\/\/www.oracaoefe.com\/fr\/wp-json\/wp\/v2\/comments?post=506"}],"version-history":[{"count":1,"href":"https:\/\/www.oracaoefe.com\/fr\/wp-json\/wp\/v2\/posts\/506\/revisions"}],"predecessor-version":[{"id":508,"href":"https:\/\/www.oracaoefe.com\/fr\/wp-json\/wp\/v2\/posts\/506\/revisions\/508"}],"wp:featuredmedia":[{"embeddable":true,"href":"https:\/\/www.oracaoefe.com\/fr\/wp-json\/wp\/v2\/media\/507"}],"wp:attachment":[{"href":"https:\/\/www.oracaoefe.com\/fr\/wp-json\/wp\/v2\/media?parent=506"}],"wp:term":[{"taxonomy":"category","embeddable":true,"href":"https:\/\/www.oracaoefe.com\/fr\/wp-json\/wp\/v2\/categories?post=506"},{"taxonomy":"post_tag","embeddable":true,"href":"https:\/\/www.oracaoefe.com\/fr\/wp-json\/wp\/v2\/tags?post=506"}],"curies":[{"name":"wp","href":"https:\/\/api.w.org\/{rel}","templated":true}]}}