{"id":500,"date":"2022-09-28T20:16:13","date_gmt":"2022-09-28T23:16:13","guid":{"rendered":"https:\/\/www.oracaoefe.com\/?p=500"},"modified":"2022-09-28T20:16:14","modified_gmt":"2022-09-28T23:16:14","slug":"oracao-para-entrevista-de-emprego","status":"publish","type":"post","link":"https:\/\/www.oracaoefe.com\/fr\/oracao-para-entrevista-de-emprego\/","title":{"rendered":"Ora\u00e7\u00e3o para entrevista de emprego"},"content":{"rendered":"<div class=\"wp-block-post-date\"><time datetime=\"2022-09-28T20:16:13-03:00\">septembre 28, 2022<\/time><\/div>\n\n\n<p class=\"wp-block-paragraph\">Conhe\u00e7a a <strong>ora\u00e7\u00e3o para entrevista de emprego<\/strong> e op\u00e7\u00f5es poderosas para o sucesso de seu pr\u00f3ximo processo seletivo. Essas ora\u00e7\u00f5es s\u00e3o seguidas pelos vers\u00edculos b\u00edblicos mais poderosos sobre prosperidade para lembrar e acreditar.<\/p>\n\n\n\n<p class=\"wp-block-paragraph\">Quando algu\u00e9m entra em uma entrevista, sua empolga\u00e7\u00e3o \u00e9 compreens\u00edvel. \u00c9 importante que isso n\u00e3o prejudique a impress\u00e3o que ele pretende causar em um potencial empregador. Orar, antes e depois da entrevista, pode ser uma excelente forma de garantir que tudo esteja a seu favor nesta nova etapa de sua vida.<\/p>\n\n\n\n<h2 class=\"wp-block-heading\">Exemplo de ora\u00e7\u00e3o para entrevista de emprego<\/h2>\n\n\n\n<p class=\"wp-block-paragraph\">A ora\u00e7\u00e3o tem um poder consider\u00e1vel. Tessalonicenses 5:16-18 diz: \u201cRegozijai-vos sem cessar, orai sem cessar, em todas as circunst\u00e2ncias dai gra\u00e7as; pois tal \u00e9 a vontade de Deus em Cristo Jesus para voc\u00eas&#8221;. Somos ordenados a orar constantemente. envolve pensar sobre tudo e qualquer coisa, n\u00e3o importa qu\u00e3o grande ou pequeno, em nossas vidas di\u00e1rias.<\/p>\n\n\n\n<p class=\"wp-block-paragraph\">Deus quer que levemos a Ele todos os nossos desejos, sonhos, preocupa\u00e7\u00f5es, expectativas e ambi\u00e7\u00f5es. ele \u00e9 o \u00fanico que \u00e9 divino e pode nos guiar para a bondade, honestidade e amor abundante. seus pedidos para uma entrevista de emprego sempre ser\u00e3o ouvidos pelo senhor. h\u00e1 uma ora\u00e7\u00e3o que voc\u00ea deve expressar, no entanto, parece baseada nas circunst\u00e2ncias ou na condi\u00e7\u00e3o.<\/p>\n\n\n\n<h3 class=\"wp-block-heading\">Ora\u00e7\u00e3o para entrevista de emprego e saber o que falar<\/h3>\n\n\n\n<p class=\"wp-block-paragraph\"><em>Deus de toda verdade, sua palavra \u00e9 viva e ativa, sua voz \u00e9 poderosa, sua fala compassiva. Guarde e guie minha l\u00edngua hoje na minha entrevista de emprego. Ajude-me a dizer o que quero dizer, Auxilie-me a responder perguntas de forma clara e a me comunicar de forma eficaz.&nbsp;<\/em><\/p>\n\n\n\n<p class=\"wp-block-paragraph\"><em>Auxilie-me a ouvir bem e a me comunicar com as pessoas que conhe\u00e7o. Ajude-me a estender seu amor e gra\u00e7a a todos que encontrar. Limpe minha mente e me guie no que penso, digo e fa\u00e7o. Por Jesus, o Cristo, nosso Senhor, Am\u00e9m.<\/em><\/p>\n\n\n\n<h3 class=\"wp-block-heading\">Ora\u00e7\u00e3o para acalmar a mente<\/h3>\n\n\n\n<p class=\"wp-block-paragraph\"><em>Pai Celestial, Tu \u00e9s o Deus de paz que excede o entendimento. Ao me aproximar desta entrevista de emprego, por favor, me d\u00ea calmaria, acalenta minha ansiedade e tamb\u00e9m meus medos. D\u00ea-me sua paz em minha alma.&nbsp;<\/em><\/p>\n\n\n\n<p class=\"wp-block-paragraph\"><em>Posso fazer a abordagem de cada parte da entrevista com a seguran\u00e7a que vem de sua calmaria. N\u00e3o h\u00e1 o que temer, pois sei que voc\u00ea est\u00e1 comigo. Se voc\u00ea \u00e9 por mim, quem ser\u00e1 contra mim? Reforce em minha mente cheia de inquietude a sua presen\u00e7a e seu poder. Por Jesus, o Cristo, nosso Senhor, Am\u00e9m.<\/em><\/p>\n\n\n\n<h3 class=\"wp-block-heading\">Ora\u00e7\u00e3o para antes da entrevista de emprego<\/h3>\n\n\n\n<p class=\"wp-block-paragraph\"><em>Deus de toda a sabedoria, voc\u00ea prometeu dar sabedoria a quem pedir. \u00c0 medida que minha entrevista se aproxima, d\u00ea-me alguma sabedoria em meu discurso. Guia meus pensamentos e dirige meus passos. Quando eu experimentar incerteza e confus\u00e3o, que eu possa me apoiar em sua sabedoria sem limites,&nbsp;<\/em><\/p>\n\n\n\n<p class=\"wp-block-paragraph\"><em>Que seu Esp\u00edrito Santo esteja trabalhando em mim como uma l\u00e2mpada para meus p\u00e9s e um escudo para meu esp\u00edrito. Ajude-me a pensar com clareza e calma. Auxilie-me a falar com confian\u00e7a e clareza. Ajude-me a glorific\u00e1-lo nesta entrevista. Por Jesus, o Cristo, nosso Senhor, Am\u00e9m.<\/em><\/p>\n\n\n\n<h2 class=\"wp-block-heading\">Prepare-se para uma entrevista de emprego com f\u00e9!<\/h2>\n\n\n\n<p class=\"wp-block-paragraph\">A Palavra de Deus diz que o Senhor tem planos para n\u00f3s de paz e n\u00e3o de mal. Se \u00e9 importante verificar o caminho a seguir para chegar \u00e0 entrevista, bem como escolher cuidadosamente a sua roupa, \u00e9 t\u00e3o importante confiar todos os nossos passos ao Senhor para que a sua gra\u00e7a nos acompanhe, que a sua sabedoria e sua intelig\u00eancia \u00e9 nossa parte e que ele disp\u00f5e todas as coisas favoravelmente para n\u00f3s.<\/p>\n\n\n\n<p class=\"wp-block-paragraph\">Como as escrituras dizem em Tessalonicenses 3:16, eu oro para que voc\u00ea me conceda sua paz em todos os momentos e de todas as maneiras. Que o pr\u00f3prio Senhor da Justi\u00e7a lhe conceda paz em todas as coisas, em todos os momentos e de todas as maneiras. Que o Senhor esteja com todos voc\u00eas.<\/p>","protected":false},"excerpt":{"rendered":"<p>Conhe\u00e7a a ora\u00e7\u00e3o para entrevista de emprego e op\u00e7\u00f5es poderosas para o sucesso de seu pr\u00f3ximo processo seletivo. Essas ora\u00e7\u00f5es s\u00e3o seguidas&#8230;<\/p>","protected":false},"author":1,"featured_media":501,"comment_status":"open","ping_status":"closed","sticky":false,"template":"","format":"standard","meta":{"neve_meta_sidebar":"","neve_meta_container":"","neve_meta_enable_content_width":"","neve_meta_content_width":0,"neve_meta_title_alignment":"","neve_meta_author_avatar":"","neve_post_elements_order":"","neve_meta_disable_header":"","neve_meta_disable_footer":"","neve_meta_disable_title":"","footnotes":""},"categories":[2],"tags":[105,16],"class_list":["post-500","post","type-post","status-publish","format-standard","has-post-thumbnail","hentry","category-oracao","tag-entrevista-de-emprego","tag-oracao"],"yoast_head":"<!-- This site is optimized with the Yoast SEO plugin v28.4 - https:\/\/yoast.com\/product\/yoast-seo-wordpress\/ -->\n<title>Ora\u00e7\u00e3o para entrevista de emprego - Ora\u00e7\u00e3o e F\u00e9<\/title>\n<meta name=\"description\" content=\"Conhe\u00e7a a ora\u00e7\u00e3o para entrevista de emprego e op\u00e7\u00f5es poderosas para o sucesso de seu pr\u00f3ximo processo seletivo. Essas ora\u00e7\u00f5es s\u00e3o seguidas...\" \/>\n<meta name=\"robots\" content=\"index, follow, max-snippet:-1, max-image-preview:large, max-video-preview:-1\" \/>\n<link rel=\"canonical\" href=\"https:\/\/www.oracaoefe.com\/fr\/oracao-para-entrevista-de-emprego\/\" \/>\n<meta property=\"og:locale\" content=\"fr_FR\" \/>\n<meta property=\"og:type\" content=\"article\" \/>\n<meta property=\"og:title\" content=\"Ora\u00e7\u00e3o para entrevista de emprego - Ora\u00e7\u00e3o e F\u00e9\" \/>\n<meta property=\"og:description\" content=\"Conhe\u00e7a a ora\u00e7\u00e3o para entrevista de emprego e op\u00e7\u00f5es poderosas para o sucesso de seu pr\u00f3ximo processo seletivo. Essas ora\u00e7\u00f5es s\u00e3o seguidas...\" \/>\n<meta property=\"og:url\" content=\"https:\/\/www.oracaoefe.com\/fr\/oracao-para-entrevista-de-emprego\/\" \/>\n<meta property=\"og:site_name\" content=\"Ora\u00e7\u00e3o e F\u00e9\" \/>\n<meta property=\"article:published_time\" content=\"2022-09-28T23:16:13+00:00\" \/>\n<meta property=\"article:modified_time\" content=\"2022-09-28T23:16:14+00:00\" \/>\n<meta property=\"og:image\" content=\"https:\/\/www.oracaoefe.com\/wp-content\/uploads\/2022\/09\/Oracao-para-entrevista-de-emprego.jpg\" \/>\n\t<meta property=\"og:image:width\" content=\"1200\" \/>\n\t<meta property=\"og:image:height\" content=\"675\" \/>\n\t<meta property=\"og:image:type\" content=\"image\/jpeg\" \/>\n<meta name=\"author\" content=\"Maria\" \/>\n<meta name=\"twitter:card\" content=\"summary_large_image\" \/>\n<meta name=\"twitter:label1\" content=\"\u00c9crit par\" \/>\n\t<meta name=\"twitter:data1\" content=\"Maria\" \/>\n\t<meta name=\"twitter:label2\" content=\"Dur\u00e9e de lecture estim\u00e9e\" \/>\n\t<meta name=\"twitter:data2\" content=\"3 minutes\" \/>\n<script type=\"application\/ld+json\" class=\"yoast-schema-graph\">{\"@context\":\"https:\\\/\\\/schema.org\",\"@graph\":[{\"@type\":\"Article\",\"@id\":\"https:\\\/\\\/www.oracaoefe.com\\\/es\\\/oracao-para-entrevista-de-emprego\\\/#article\",\"isPartOf\":{\"@id\":\"https:\\\/\\\/www.oracaoefe.com\\\/es\\\/oracao-para-entrevista-de-emprego\\\/\"},\"author\":{\"name\":\"Maria\",\"@id\":\"https:\\\/\\\/www.oracaoefe.com\\\/#\\\/schema\\\/person\\\/27873f1e6043866689f5091b5139f23d\"},\"headline\":\"Ora\u00e7\u00e3o para entrevista de emprego\",\"datePublished\":\"2022-09-28T23:16:13+00:00\",\"dateModified\":\"2022-09-28T23:16:14+00:00\",\"mainEntityOfPage\":{\"@id\":\"https:\\\/\\\/www.oracaoefe.com\\\/es\\\/oracao-para-entrevista-de-emprego\\\/\"},\"wordCount\":701,\"commentCount\":0,\"image\":{\"@id\":\"https:\\\/\\\/www.oracaoefe.com\\\/es\\\/oracao-para-entrevista-de-emprego\\\/#primaryimage\"},\"thumbnailUrl\":\"https:\\\/\\\/www.oracaoefe.com\\\/wp-content\\\/uploads\\\/2022\\\/09\\\/Oracao-para-entrevista-de-emprego.jpg\",\"keywords\":[\"entrevista de emprego\",\"ora\u00e7\u00e3o\"],\"articleSection\":[\"Ora\u00e7\u00e3o\"],\"inLanguage\":\"fr-FR\",\"potentialAction\":[{\"@type\":\"CommentAction\",\"name\":\"Comment\",\"target\":[\"https:\\\/\\\/www.oracaoefe.com\\\/es\\\/oracao-para-entrevista-de-emprego\\\/#respond\"]}]},{\"@type\":\"WebPage\",\"@id\":\"https:\\\/\\\/www.oracaoefe.com\\\/es\\\/oracao-para-entrevista-de-emprego\\\/\",\"url\":\"https:\\\/\\\/www.oracaoefe.com\\\/es\\\/oracao-para-entrevista-de-emprego\\\/\",\"name\":\"Ora\u00e7\u00e3o para entrevista de emprego - Ora\u00e7\u00e3o e F\u00e9\",\"isPartOf\":{\"@id\":\"https:\\\/\\\/www.oracaoefe.com\\\/#website\"},\"primaryImageOfPage\":{\"@id\":\"https:\\\/\\\/www.oracaoefe.com\\\/es\\\/oracao-para-entrevista-de-emprego\\\/#primaryimage\"},\"image\":{\"@id\":\"https:\\\/\\\/www.oracaoefe.com\\\/es\\\/oracao-para-entrevista-de-emprego\\\/#primaryimage\"},\"thumbnailUrl\":\"https:\\\/\\\/www.oracaoefe.com\\\/wp-content\\\/uploads\\\/2022\\\/09\\\/Oracao-para-entrevista-de-emprego.jpg\",\"datePublished\":\"2022-09-28T23:16:13+00:00\",\"dateModified\":\"2022-09-28T23:16:14+00:00\",\"author\":{\"@id\":\"https:\\\/\\\/www.oracaoefe.com\\\/#\\\/schema\\\/person\\\/27873f1e6043866689f5091b5139f23d\"},\"description\":\"Conhe\u00e7a a ora\u00e7\u00e3o para entrevista de emprego e op\u00e7\u00f5es poderosas para o sucesso de seu pr\u00f3ximo processo seletivo. Essas ora\u00e7\u00f5es s\u00e3o seguidas...\",\"breadcrumb\":{\"@id\":\"https:\\\/\\\/www.oracaoefe.com\\\/es\\\/oracao-para-entrevista-de-emprego\\\/#breadcrumb\"},\"inLanguage\":\"fr-FR\",\"potentialAction\":[{\"@type\":\"ReadAction\",\"target\":[\"https:\\\/\\\/www.oracaoefe.com\\\/es\\\/oracao-para-entrevista-de-emprego\\\/\"]}]},{\"@type\":\"ImageObject\",\"inLanguage\":\"fr-FR\",\"@id\":\"https:\\\/\\\/www.oracaoefe.com\\\/es\\\/oracao-para-entrevista-de-emprego\\\/#primaryimage\",\"url\":\"https:\\\/\\\/www.oracaoefe.com\\\/wp-content\\\/uploads\\\/2022\\\/09\\\/Oracao-para-entrevista-de-emprego.jpg\",\"contentUrl\":\"https:\\\/\\\/www.oracaoefe.com\\\/wp-content\\\/uploads\\\/2022\\\/09\\\/Oracao-para-entrevista-de-emprego.jpg\",\"width\":1200,\"height\":675,\"caption\":\"Ora\u00e7\u00e3o para entrevista de emprego\"},{\"@type\":\"BreadcrumbList\",\"@id\":\"https:\\\/\\\/www.oracaoefe.com\\\/es\\\/oracao-para-entrevista-de-emprego\\\/#breadcrumb\",\"itemListElement\":[{\"@type\":\"ListItem\",\"position\":1,\"name\":\"Home\",\"item\":\"https:\\\/\\\/www.oracaoefe.com\\\/\"},{\"@type\":\"ListItem\",\"position\":2,\"name\":\"Ora\u00e7\u00e3o\",\"item\":\"https:\\\/\\\/www.oracaoefe.com\\\/category\\\/oracao\\\/\"},{\"@type\":\"ListItem\",\"position\":3,\"name\":\"Ora\u00e7\u00e3o para entrevista de emprego\"}]},{\"@type\":\"WebSite\",\"@id\":\"https:\\\/\\\/www.oracaoefe.com\\\/#website\",\"url\":\"https:\\\/\\\/www.oracaoefe.com\\\/\",\"name\":\"Ora\u00e7\u00e3o e F\u00e9\",\"description\":\"\",\"potentialAction\":[{\"@type\":\"SearchAction\",\"target\":{\"@type\":\"EntryPoint\",\"urlTemplate\":\"https:\\\/\\\/www.oracaoefe.com\\\/?s={search_term_string}\"},\"query-input\":{\"@type\":\"PropertyValueSpecification\",\"valueRequired\":true,\"valueName\":\"search_term_string\"}}],\"inLanguage\":\"fr-FR\"},{\"@type\":\"Person\",\"@id\":\"https:\\\/\\\/www.oracaoefe.com\\\/#\\\/schema\\\/person\\\/27873f1e6043866689f5091b5139f23d\",\"name\":\"Maria\",\"image\":{\"@type\":\"ImageObject\",\"inLanguage\":\"fr-FR\",\"@id\":\"https:\\\/\\\/secure.gravatar.com\\\/avatar\\\/4cac5ea56d40d599bd7348d330a83b1c84cd229296d1613cd1c7f6740561d0c9?s=96&d=mm&r=g\",\"url\":\"https:\\\/\\\/secure.gravatar.com\\\/avatar\\\/4cac5ea56d40d599bd7348d330a83b1c84cd229296d1613cd1c7f6740561d0c9?s=96&d=mm&r=g\",\"contentUrl\":\"https:\\\/\\\/secure.gravatar.com\\\/avatar\\\/4cac5ea56d40d599bd7348d330a83b1c84cd229296d1613cd1c7f6740561d0c9?s=96&d=mm&r=g\",\"caption\":\"Maria\"},\"description\":\"Meu nome \u00e9 Maria e sou apaixonada por teologia, espiritualidade e estudos religiosos. H\u00e1 mais de 5 anos escrevo sobre o universo da f\u00e9, pesquisando diferentes religi\u00f5es, doutrinas, tradi\u00e7\u00f5es espirituais e curiosidades religiosas ao redor do mundo. Tenho grande interesse em compreender como a f\u00e9 e a religiosidade se manifestam em diferentes culturas, pa\u00edses e idiomas, sempre buscando aprender mais sobre os costumes, cren\u00e7as e hist\u00f3rias que influenciam milh\u00f5es de pessoas diariamente. Atualmente, atuo como redatora no portal Ora\u00e7\u00e3o e F\u00e9, onde compartilho conte\u00fados informativos, reflexivos e inspiradores voltados ao universo religioso e espiritual. Meu objetivo \u00e9 levar conhecimento, curiosidades e mensagens enriquecedoras para leitores que desejam aprofundar sua compreens\u00e3o sobre f\u00e9, religi\u00e3o e espiritualidade no mundo moderno.\",\"sameAs\":[\"https:\\\/\\\/www.oracaoefe.com\"],\"url\":\"https:\\\/\\\/www.oracaoefe.com\\\/fr\\\/author\\\/admin\\\/\"}]}<\/script>\n<!-- \/ Yoast SEO plugin. -->","yoast_head_json":{"title":"Ora\u00e7\u00e3o para entrevista de emprego - Ora\u00e7\u00e3o e F\u00e9","description":"Conhe\u00e7a a ora\u00e7\u00e3o para entrevista de emprego e op\u00e7\u00f5es poderosas para o sucesso de seu pr\u00f3ximo processo seletivo. Essas ora\u00e7\u00f5es s\u00e3o seguidas...","robots":{"index":"index","follow":"follow","max-snippet":"max-snippet:-1","max-image-preview":"max-image-preview:large","max-video-preview":"max-video-preview:-1"},"canonical":"https:\/\/www.oracaoefe.com\/fr\/oracao-para-entrevista-de-emprego\/","og_locale":"fr_FR","og_type":"article","og_title":"Ora\u00e7\u00e3o para entrevista de emprego - Ora\u00e7\u00e3o e F\u00e9","og_description":"Conhe\u00e7a a ora\u00e7\u00e3o para entrevista de emprego e op\u00e7\u00f5es poderosas para o sucesso de seu pr\u00f3ximo processo seletivo. Essas ora\u00e7\u00f5es s\u00e3o seguidas...","og_url":"https:\/\/www.oracaoefe.com\/fr\/oracao-para-entrevista-de-emprego\/","og_site_name":"Ora\u00e7\u00e3o e F\u00e9","article_published_time":"2022-09-28T23:16:13+00:00","article_modified_time":"2022-09-28T23:16:14+00:00","og_image":[{"width":1200,"height":675,"url":"https:\/\/www.oracaoefe.com\/wp-content\/uploads\/2022\/09\/Oracao-para-entrevista-de-emprego.jpg","type":"image\/jpeg"}],"author":"Maria","twitter_card":"summary_large_image","twitter_misc":{"\u00c9crit par":"Maria","Dur\u00e9e de lecture estim\u00e9e":"3 minutes"},"schema":{"@context":"https:\/\/schema.org","@graph":[{"@type":"Article","@id":"https:\/\/www.oracaoefe.com\/es\/oracao-para-entrevista-de-emprego\/#article","isPartOf":{"@id":"https:\/\/www.oracaoefe.com\/es\/oracao-para-entrevista-de-emprego\/"},"author":{"name":"Maria","@id":"https:\/\/www.oracaoefe.com\/#\/schema\/person\/27873f1e6043866689f5091b5139f23d"},"headline":"Ora\u00e7\u00e3o para entrevista de emprego","datePublished":"2022-09-28T23:16:13+00:00","dateModified":"2022-09-28T23:16:14+00:00","mainEntityOfPage":{"@id":"https:\/\/www.oracaoefe.com\/es\/oracao-para-entrevista-de-emprego\/"},"wordCount":701,"commentCount":0,"image":{"@id":"https:\/\/www.oracaoefe.com\/es\/oracao-para-entrevista-de-emprego\/#primaryimage"},"thumbnailUrl":"https:\/\/www.oracaoefe.com\/wp-content\/uploads\/2022\/09\/Oracao-para-entrevista-de-emprego.jpg","keywords":["entrevista de emprego","ora\u00e7\u00e3o"],"articleSection":["Ora\u00e7\u00e3o"],"inLanguage":"fr-FR","potentialAction":[{"@type":"CommentAction","name":"Comment","target":["https:\/\/www.oracaoefe.com\/es\/oracao-para-entrevista-de-emprego\/#respond"]}]},{"@type":"WebPage","@id":"https:\/\/www.oracaoefe.com\/es\/oracao-para-entrevista-de-emprego\/","url":"https:\/\/www.oracaoefe.com\/es\/oracao-para-entrevista-de-emprego\/","name":"Ora\u00e7\u00e3o para entrevista de emprego - Ora\u00e7\u00e3o e F\u00e9","isPartOf":{"@id":"https:\/\/www.oracaoefe.com\/#website"},"primaryImageOfPage":{"@id":"https:\/\/www.oracaoefe.com\/es\/oracao-para-entrevista-de-emprego\/#primaryimage"},"image":{"@id":"https:\/\/www.oracaoefe.com\/es\/oracao-para-entrevista-de-emprego\/#primaryimage"},"thumbnailUrl":"https:\/\/www.oracaoefe.com\/wp-content\/uploads\/2022\/09\/Oracao-para-entrevista-de-emprego.jpg","datePublished":"2022-09-28T23:16:13+00:00","dateModified":"2022-09-28T23:16:14+00:00","author":{"@id":"https:\/\/www.oracaoefe.com\/#\/schema\/person\/27873f1e6043866689f5091b5139f23d"},"description":"Conhe\u00e7a a ora\u00e7\u00e3o para entrevista de emprego e op\u00e7\u00f5es poderosas para o sucesso de seu pr\u00f3ximo processo seletivo. Essas ora\u00e7\u00f5es s\u00e3o seguidas...","breadcrumb":{"@id":"https:\/\/www.oracaoefe.com\/es\/oracao-para-entrevista-de-emprego\/#breadcrumb"},"inLanguage":"fr-FR","potentialAction":[{"@type":"ReadAction","target":["https:\/\/www.oracaoefe.com\/es\/oracao-para-entrevista-de-emprego\/"]}]},{"@type":"ImageObject","inLanguage":"fr-FR","@id":"https:\/\/www.oracaoefe.com\/es\/oracao-para-entrevista-de-emprego\/#primaryimage","url":"https:\/\/www.oracaoefe.com\/wp-content\/uploads\/2022\/09\/Oracao-para-entrevista-de-emprego.jpg","contentUrl":"https:\/\/www.oracaoefe.com\/wp-content\/uploads\/2022\/09\/Oracao-para-entrevista-de-emprego.jpg","width":1200,"height":675,"caption":"Ora\u00e7\u00e3o para entrevista de emprego"},{"@type":"BreadcrumbList","@id":"https:\/\/www.oracaoefe.com\/es\/oracao-para-entrevista-de-emprego\/#breadcrumb","itemListElement":[{"@type":"ListItem","position":1,"name":"Home","item":"https:\/\/www.oracaoefe.com\/"},{"@type":"ListItem","position":2,"name":"Ora\u00e7\u00e3o","item":"https:\/\/www.oracaoefe.com\/category\/oracao\/"},{"@type":"ListItem","position":3,"name":"Ora\u00e7\u00e3o para entrevista de emprego"}]},{"@type":"WebSite","@id":"https:\/\/www.oracaoefe.com\/#website","url":"https:\/\/www.oracaoefe.com\/","name":"Pri\u00e8re et foi","description":"","potentialAction":[{"@type":"SearchAction","target":{"@type":"EntryPoint","urlTemplate":"https:\/\/www.oracaoefe.com\/?s={search_term_string}"},"query-input":{"@type":"PropertyValueSpecification","valueRequired":true,"valueName":"search_term_string"}}],"inLanguage":"fr-FR"},{"@type":"Person","@id":"https:\/\/www.oracaoefe.com\/#\/schema\/person\/27873f1e6043866689f5091b5139f23d","name":"Maria","image":{"@type":"ImageObject","inLanguage":"fr-FR","@id":"https:\/\/secure.gravatar.com\/avatar\/4cac5ea56d40d599bd7348d330a83b1c84cd229296d1613cd1c7f6740561d0c9?s=96&d=mm&r=g","url":"https:\/\/secure.gravatar.com\/avatar\/4cac5ea56d40d599bd7348d330a83b1c84cd229296d1613cd1c7f6740561d0c9?s=96&d=mm&r=g","contentUrl":"https:\/\/secure.gravatar.com\/avatar\/4cac5ea56d40d599bd7348d330a83b1c84cd229296d1613cd1c7f6740561d0c9?s=96&d=mm&r=g","caption":"Maria"},"description":"Meu nome \u00e9 Maria e sou apaixonada por teologia, espiritualidade e estudos religiosos. H\u00e1 mais de 5 anos escrevo sobre o universo da f\u00e9, pesquisando diferentes religi\u00f5es, doutrinas, tradi\u00e7\u00f5es espirituais e curiosidades religiosas ao redor do mundo. Tenho grande interesse em compreender como a f\u00e9 e a religiosidade se manifestam em diferentes culturas, pa\u00edses e idiomas, sempre buscando aprender mais sobre os costumes, cren\u00e7as e hist\u00f3rias que influenciam milh\u00f5es de pessoas diariamente. Atualmente, atuo como redatora no portal Ora\u00e7\u00e3o e F\u00e9, onde compartilho conte\u00fados informativos, reflexivos e inspiradores voltados ao universo religioso e espiritual. Meu objetivo \u00e9 levar conhecimento, curiosidades e mensagens enriquecedoras para leitores que desejam aprofundar sua compreens\u00e3o sobre f\u00e9, religi\u00e3o e espiritualidade no mundo moderno.","sameAs":["https:\/\/www.oracaoefe.com"],"url":"https:\/\/www.oracaoefe.com\/fr\/author\/admin\/"}]}},"_links":{"self":[{"href":"https:\/\/www.oracaoefe.com\/fr\/wp-json\/wp\/v2\/posts\/500","targetHints":{"allow":["GET"]}}],"collection":[{"href":"https:\/\/www.oracaoefe.com\/fr\/wp-json\/wp\/v2\/posts"}],"about":[{"href":"https:\/\/www.oracaoefe.com\/fr\/wp-json\/wp\/v2\/types\/post"}],"author":[{"embeddable":true,"href":"https:\/\/www.oracaoefe.com\/fr\/wp-json\/wp\/v2\/users\/1"}],"replies":[{"embeddable":true,"href":"https:\/\/www.oracaoefe.com\/fr\/wp-json\/wp\/v2\/comments?post=500"}],"version-history":[{"count":1,"href":"https:\/\/www.oracaoefe.com\/fr\/wp-json\/wp\/v2\/posts\/500\/revisions"}],"predecessor-version":[{"id":502,"href":"https:\/\/www.oracaoefe.com\/fr\/wp-json\/wp\/v2\/posts\/500\/revisions\/502"}],"wp:featuredmedia":[{"embeddable":true,"href":"https:\/\/www.oracaoefe.com\/fr\/wp-json\/wp\/v2\/media\/501"}],"wp:attachment":[{"href":"https:\/\/www.oracaoefe.com\/fr\/wp-json\/wp\/v2\/media?parent=500"}],"wp:term":[{"taxonomy":"category","embeddable":true,"href":"https:\/\/www.oracaoefe.com\/fr\/wp-json\/wp\/v2\/categories?post=500"},{"taxonomy":"post_tag","embeddable":true,"href":"https:\/\/www.oracaoefe.com\/fr\/wp-json\/wp\/v2\/tags?post=500"}],"curies":[{"name":"wp","href":"https:\/\/api.w.org\/{rel}","templated":true}]}}