{"id":497,"date":"2022-09-28T20:13:57","date_gmt":"2022-09-28T23:13:57","guid":{"rendered":"https:\/\/www.oracaoefe.com\/?p=497"},"modified":"2022-09-28T20:13:58","modified_gmt":"2022-09-28T23:13:58","slug":"oracao-para-dinheiro-e-prosperidade","status":"publish","type":"post","link":"https:\/\/www.oracaoefe.com\/fr\/oracao-para-dinheiro-e-prosperidade\/","title":{"rendered":"Ora\u00e7\u00e3o para dinheiro e prosperidade"},"content":{"rendered":"<div class=\"wp-block-post-date\"><time datetime=\"2022-09-28T20:13:57-03:00\">septembre 28, 2022<\/time><\/div>\n\n\n<p class=\"wp-block-paragraph\"><strong>Ora\u00e7\u00e3o para dinheiro e prosperidade<\/strong> \u2500 Seja voc\u00ea religioso ou n\u00e3o, o poder da f\u00e9, da ora\u00e7\u00e3o e das afirma\u00e7\u00f5es provou trazer positividade e bem-estar incr\u00edveis. Orar, portanto, pode ajud\u00e1-lo a se sentir centrado, conectar-se ao seu eu interior e adicionar mais positividade \u00e0 sua vida.<\/p>\n\n\n\n<p class=\"wp-block-paragraph\">A ora\u00e7\u00e3o \u00e9 a melhor forma de medita\u00e7\u00e3o, pode ser t\u00e3o simples quanto conectar-se espiritualmente, perceber quem voc\u00ea \u00e9 ou simplesmente expressar sua gratid\u00e3o ao Todo-Poderoso.<\/p>\n\n\n\n<h2 class=\"wp-block-heading\">Exemplo de ora\u00e7\u00e3o para dinheiro e prosperidade<\/h2>\n\n\n\n<p class=\"wp-block-paragraph\">Ora\u00e7\u00f5es ditas com um cora\u00e7\u00e3o puro s\u00e3o a melhor maneira de se comunicar com Deus. Se voc\u00ea sente falta de dinheiro ou recursos, aqui est\u00e1 uma ora\u00e7\u00e3o de abund\u00e2ncia por dinheiro para lhe dar uma ideia do que comunicar ao universo cheio de abund\u00e2ncia, incluindo dinheiro e prosperidade. Fa\u00e7a a seguinte ora\u00e7\u00e3o sobre dinheiro com toda sinceridade, f\u00e9 e convic\u00e7\u00e3o.<\/p>\n\n\n\n<h3 class=\"wp-block-heading\">Ora\u00e7\u00e3o para dinheiro e prosperidade<\/h3>\n\n\n\n<p class=\"wp-block-paragraph\"><em>\u201cSanto anjo de Cristo, meu benfeitor e patrono, eu te imploro, pecador. Ajude os que vivem de acordo com os mandamentos de Deus. Pe\u00e7o-te um pouco, pe\u00e7o-te que me ajudes no meu caminho de vida, pe\u00e7o-te que me apoies num momento dif\u00edcil, pe\u00e7o uma oportunidade honesta; e todo o resto vir\u00e1 por si mesmo, se for da vontade do Senhor.&nbsp;<\/em><\/p>\n\n\n\n<p class=\"wp-block-paragraph\"><em>Portanto, n\u00e3o penso em mais nada al\u00e9m de sorte no meu caminho de vida e em todos os tipos de assuntos. Perdoe-me se sou um pecador diante de voc\u00ea e de Deus, ore por mim ao Pai Celestial e envie sua benefic\u00eancia sobre mim. Am\u00e9m.\u201d<\/em><\/p>\n\n\n\n<h3 class=\"wp-block-heading\">Ora\u00e7\u00e3o para dinheiro urgente<\/h3>\n\n\n\n<p class=\"wp-block-paragraph\"><em>\u201cN\u00f3s Te agradecemos, Deus, pelo Teu Esp\u00edrito em mim, que me faz prosperar e aben\u00e7oa minha vida.<\/em><\/p>\n\n\n\n<p class=\"wp-block-paragraph\"><em>Deus, voc\u00ea \u00e9 a fonte da minha vida abundante. Em ti deposito toda a minha confian\u00e7a, sabendo que sempre me guiar\u00e1s e multiplicar\u00e1s as minhas b\u00ean\u00e7\u00e3os.<\/em><\/p>\n\n\n\n<p class=\"wp-block-paragraph\"><em>Obrigado, meu Deus, por sua sabedoria que me enche de id\u00e9ias brilhantes e sua onipresen\u00e7a aben\u00e7oada que generosamente supre todas as necessidades. Minha vida \u00e9 enriquecida em todos os sentidos.<\/em><\/p>\n\n\n\n<p class=\"wp-block-paragraph\"><em>Tu \u00e9s minha fonte, meu Deus, e em ti todas as necessidades s\u00e3o satisfeitas. Obrigado por Sua rica perfei\u00e7\u00e3o que aben\u00e7oa a mim e meus semelhantes.<\/em><\/p>\n\n\n\n<p class=\"wp-block-paragraph\"><em>Deus, seu amor enche meu cora\u00e7\u00e3o e atrai tudo o que \u00e9 bom. Por causa de sua natureza infinita, eu vivo em abund\u00e2ncia. Am\u00e9m.\u201d<\/em><\/p>\n\n\n\n<h3 class=\"wp-block-heading\">Ora\u00e7\u00e3o da abund\u00e2ncia<\/h3>\n\n\n\n<p class=\"wp-block-paragraph\"><em>Da luz do universo que eu sou.<\/em><\/p>\n\n\n\n<p class=\"wp-block-paragraph\"><em>O amor do universo que eu sou.<\/em><\/p>\n\n\n\n<p class=\"wp-block-paragraph\"><em>Poder do universo que eu sou.<\/em><\/p>\n\n\n\n<p class=\"wp-block-paragraph\"><em>Do cora\u00e7\u00e3o do universo que eu sou.<\/em><\/p>\n\n\n\n<p class=\"wp-block-paragraph\"><em>Eu decreto&#8230;<\/em><\/p>\n\n\n\n<p class=\"wp-block-paragraph\"><em>Eu moro no meio da Abund\u00e2ncia Infinita. A Abund\u00e2ncia do Universo \u00e9 minha Fonte Infinita.<\/em><\/p>\n\n\n\n<p class=\"wp-block-paragraph\"><em>O Rio da Vida nunca para de fluir. Ele flui atrav\u00e9s de mim em uma express\u00e3o suntuosa. O bem vem a mim de maneiras inesperadas e Deus trabalha de in\u00fameras maneiras para me aben\u00e7oar.<\/em><\/p>\n\n\n\n<p class=\"wp-block-paragraph\"><em>Eu agora abro minha mente para receber meu bem. Nada \u00e9 bom demais para ser verdade. Nada \u00e9 maravilhoso demais para ter acontecido. Com o Universo como Fonte, Nada me surpreende.<\/em><\/p>\n\n\n\n<p class=\"wp-block-paragraph\"><em>N\u00e3o sou oprimido por pensamentos do passado ou do futuro. Um se foi. O outro ainda est\u00e1 por vir.<\/em><\/p>\n\n\n\n<p class=\"wp-block-paragraph\"><em>Atrav\u00e9s do poder da minha cren\u00e7a, juntamente com minhas a\u00e7\u00f5es resolutas e destemidas e minha profunda conex\u00e3o com o Universo, meu futuro \u00e9 criado e minha abund\u00e2ncia se manifesta.<\/em><\/p>\n\n\n\n<p class=\"wp-block-paragraph\"><em>Pe\u00e7o e aceito ser elevado neste momento e a cada momento em dire\u00e7\u00e3o \u00e0 Verdade Superior. Minha mente est\u00e1 calma.<\/em><\/p>\n\n\n\n<p class=\"wp-block-paragraph\"><em>Deste dia em diante, dou livremente e sem medo na vida e a vida me retribui com um aumento magn\u00edfico.<\/em><\/p>\n\n\n\n<p class=\"wp-block-paragraph\"><em>As b\u00ean\u00e7\u00e3os s\u00e3o esperadas e inesperadas. O Universo prov\u00ea para mim de maneiras maravilhosas.<\/em><\/p>\n\n\n\n<p class=\"wp-block-paragraph\"><em>Sou grato! Am\u00e9m.<\/em><\/p>\n\n\n\n<h2 class=\"wp-block-heading\">Ore com f\u00e9 e receba a gra\u00e7a<\/h2>\n\n\n\n<p class=\"wp-block-paragraph\">O segredo do trabalho de toda ora\u00e7\u00e3o e seu poder est\u00e1 na f\u00e9 e na mensagem en\u00e9rgica que vai para o C\u00e9u de quem ora. A influ\u00eancia predominante no resultado da peti\u00e7\u00e3o n\u00e3o s\u00e3o as palavras contidas no texto, mas a energia do crente e o poder de seu pensamento.&nbsp;<\/p>\n\n\n\n<p class=\"wp-block-paragraph\">Voltando-se a Deus e aos santos com uma ora\u00e7\u00e3o de boa sorte em tudo, deve-se lembrar que apenas um pedido sincero ser\u00e1 ouvido, enviado por uma pessoa com pensamentos puros. Um crist\u00e3o deve orar com f\u00e9 em seu sucesso futuro e manter uma atitude positiva.<\/p>","protected":false},"excerpt":{"rendered":"<p>Ora\u00e7\u00e3o para dinheiro e prosperidade \u2500 Seja voc\u00ea religioso ou n\u00e3o, o poder da f\u00e9, da ora\u00e7\u00e3o e das afirma\u00e7\u00f5es provou trazer positividade&#8230;<\/p>","protected":false},"author":1,"featured_media":498,"comment_status":"open","ping_status":"closed","sticky":false,"template":"","format":"standard","meta":{"neve_meta_sidebar":"","neve_meta_container":"","neve_meta_enable_content_width":"","neve_meta_content_width":0,"neve_meta_title_alignment":"","neve_meta_author_avatar":"","neve_post_elements_order":"","neve_meta_disable_header":"","neve_meta_disable_footer":"","neve_meta_disable_title":"","footnotes":""},"categories":[2],"tags":[104,16,25],"class_list":["post-497","post","type-post","status-publish","format-standard","has-post-thumbnail","hentry","category-oracao","tag-dinheiro","tag-oracao","tag-prosperidade"],"yoast_head":"<!-- This site is optimized with the Yoast SEO plugin v28.4 - https:\/\/yoast.com\/product\/yoast-seo-wordpress\/ -->\n<title>Ora\u00e7\u00e3o para dinheiro e prosperidade - Ora\u00e7\u00e3o e F\u00e9<\/title>\n<meta name=\"description\" content=\"Ora\u00e7\u00e3o para dinheiro e prosperidade \u2500 Seja voc\u00ea religioso ou n\u00e3o, o poder da f\u00e9, da ora\u00e7\u00e3o e das afirma\u00e7\u00f5es provou trazer positividade...\" \/>\n<meta name=\"robots\" content=\"index, follow, max-snippet:-1, max-image-preview:large, max-video-preview:-1\" \/>\n<link rel=\"canonical\" href=\"https:\/\/www.oracaoefe.com\/fr\/oracao-para-dinheiro-e-prosperidade\/\" \/>\n<meta property=\"og:locale\" content=\"fr_FR\" \/>\n<meta property=\"og:type\" content=\"article\" \/>\n<meta property=\"og:title\" content=\"Ora\u00e7\u00e3o para dinheiro e prosperidade - Ora\u00e7\u00e3o e F\u00e9\" \/>\n<meta property=\"og:description\" content=\"Ora\u00e7\u00e3o para dinheiro e prosperidade \u2500 Seja voc\u00ea religioso ou n\u00e3o, o poder da f\u00e9, da ora\u00e7\u00e3o e das afirma\u00e7\u00f5es provou trazer positividade...\" \/>\n<meta property=\"og:url\" content=\"https:\/\/www.oracaoefe.com\/fr\/oracao-para-dinheiro-e-prosperidade\/\" \/>\n<meta property=\"og:site_name\" content=\"Ora\u00e7\u00e3o e F\u00e9\" \/>\n<meta property=\"article:published_time\" content=\"2022-09-28T23:13:57+00:00\" \/>\n<meta property=\"article:modified_time\" content=\"2022-09-28T23:13:58+00:00\" \/>\n<meta property=\"og:image\" content=\"https:\/\/www.oracaoefe.com\/wp-content\/uploads\/2022\/09\/Oracao-para-dinheiro-e-prosperidade.jpg\" \/>\n\t<meta property=\"og:image:width\" content=\"1200\" \/>\n\t<meta property=\"og:image:height\" content=\"675\" \/>\n\t<meta property=\"og:image:type\" content=\"image\/jpeg\" \/>\n<meta name=\"author\" content=\"Maria\" \/>\n<meta name=\"twitter:card\" content=\"summary_large_image\" \/>\n<meta name=\"twitter:label1\" content=\"\u00c9crit par\" \/>\n\t<meta name=\"twitter:data1\" content=\"Maria\" \/>\n\t<meta name=\"twitter:label2\" content=\"Dur\u00e9e de lecture estim\u00e9e\" \/>\n\t<meta name=\"twitter:data2\" content=\"4 minutes\" \/>\n<script type=\"application\/ld+json\" class=\"yoast-schema-graph\">{\"@context\":\"https:\\\/\\\/schema.org\",\"@graph\":[{\"@type\":\"Article\",\"@id\":\"https:\\\/\\\/www.oracaoefe.com\\\/oracao-para-dinheiro-e-prosperidade\\\/#article\",\"isPartOf\":{\"@id\":\"https:\\\/\\\/www.oracaoefe.com\\\/oracao-para-dinheiro-e-prosperidade\\\/\"},\"author\":{\"name\":\"Maria\",\"@id\":\"https:\\\/\\\/www.oracaoefe.com\\\/#\\\/schema\\\/person\\\/27873f1e6043866689f5091b5139f23d\"},\"headline\":\"Ora\u00e7\u00e3o para dinheiro e prosperidade\",\"datePublished\":\"2022-09-28T23:13:57+00:00\",\"dateModified\":\"2022-09-28T23:13:58+00:00\",\"mainEntityOfPage\":{\"@id\":\"https:\\\/\\\/www.oracaoefe.com\\\/oracao-para-dinheiro-e-prosperidade\\\/\"},\"wordCount\":771,\"commentCount\":0,\"image\":{\"@id\":\"https:\\\/\\\/www.oracaoefe.com\\\/oracao-para-dinheiro-e-prosperidade\\\/#primaryimage\"},\"thumbnailUrl\":\"https:\\\/\\\/www.oracaoefe.com\\\/wp-content\\\/uploads\\\/2022\\\/09\\\/Oracao-para-dinheiro-e-prosperidade.jpg\",\"keywords\":[\"dinheiro\",\"ora\u00e7\u00e3o\",\"prosperidade\"],\"articleSection\":[\"Ora\u00e7\u00e3o\"],\"inLanguage\":\"fr-FR\",\"potentialAction\":[{\"@type\":\"CommentAction\",\"name\":\"Comment\",\"target\":[\"https:\\\/\\\/www.oracaoefe.com\\\/oracao-para-dinheiro-e-prosperidade\\\/#respond\"]}]},{\"@type\":\"WebPage\",\"@id\":\"https:\\\/\\\/www.oracaoefe.com\\\/oracao-para-dinheiro-e-prosperidade\\\/\",\"url\":\"https:\\\/\\\/www.oracaoefe.com\\\/oracao-para-dinheiro-e-prosperidade\\\/\",\"name\":\"Ora\u00e7\u00e3o para dinheiro e prosperidade - Ora\u00e7\u00e3o e F\u00e9\",\"isPartOf\":{\"@id\":\"https:\\\/\\\/www.oracaoefe.com\\\/#website\"},\"primaryImageOfPage\":{\"@id\":\"https:\\\/\\\/www.oracaoefe.com\\\/oracao-para-dinheiro-e-prosperidade\\\/#primaryimage\"},\"image\":{\"@id\":\"https:\\\/\\\/www.oracaoefe.com\\\/oracao-para-dinheiro-e-prosperidade\\\/#primaryimage\"},\"thumbnailUrl\":\"https:\\\/\\\/www.oracaoefe.com\\\/wp-content\\\/uploads\\\/2022\\\/09\\\/Oracao-para-dinheiro-e-prosperidade.jpg\",\"datePublished\":\"2022-09-28T23:13:57+00:00\",\"dateModified\":\"2022-09-28T23:13:58+00:00\",\"author\":{\"@id\":\"https:\\\/\\\/www.oracaoefe.com\\\/#\\\/schema\\\/person\\\/27873f1e6043866689f5091b5139f23d\"},\"description\":\"Ora\u00e7\u00e3o para dinheiro e prosperidade \u2500 Seja voc\u00ea religioso ou n\u00e3o, o poder da f\u00e9, da ora\u00e7\u00e3o e das afirma\u00e7\u00f5es provou trazer positividade...\",\"breadcrumb\":{\"@id\":\"https:\\\/\\\/www.oracaoefe.com\\\/oracao-para-dinheiro-e-prosperidade\\\/#breadcrumb\"},\"inLanguage\":\"fr-FR\",\"potentialAction\":[{\"@type\":\"ReadAction\",\"target\":[\"https:\\\/\\\/www.oracaoefe.com\\\/oracao-para-dinheiro-e-prosperidade\\\/\"]}]},{\"@type\":\"ImageObject\",\"inLanguage\":\"fr-FR\",\"@id\":\"https:\\\/\\\/www.oracaoefe.com\\\/oracao-para-dinheiro-e-prosperidade\\\/#primaryimage\",\"url\":\"https:\\\/\\\/www.oracaoefe.com\\\/wp-content\\\/uploads\\\/2022\\\/09\\\/Oracao-para-dinheiro-e-prosperidade.jpg\",\"contentUrl\":\"https:\\\/\\\/www.oracaoefe.com\\\/wp-content\\\/uploads\\\/2022\\\/09\\\/Oracao-para-dinheiro-e-prosperidade.jpg\",\"width\":1200,\"height\":675,\"caption\":\"Ora\u00e7\u00e3o para dinheiro e prosperidade\"},{\"@type\":\"BreadcrumbList\",\"@id\":\"https:\\\/\\\/www.oracaoefe.com\\\/oracao-para-dinheiro-e-prosperidade\\\/#breadcrumb\",\"itemListElement\":[{\"@type\":\"ListItem\",\"position\":1,\"name\":\"Home\",\"item\":\"https:\\\/\\\/www.oracaoefe.com\\\/\"},{\"@type\":\"ListItem\",\"position\":2,\"name\":\"Ora\u00e7\u00e3o\",\"item\":\"https:\\\/\\\/www.oracaoefe.com\\\/category\\\/oracao\\\/\"},{\"@type\":\"ListItem\",\"position\":3,\"name\":\"Ora\u00e7\u00e3o para dinheiro e prosperidade\"}]},{\"@type\":\"WebSite\",\"@id\":\"https:\\\/\\\/www.oracaoefe.com\\\/#website\",\"url\":\"https:\\\/\\\/www.oracaoefe.com\\\/\",\"name\":\"Ora\u00e7\u00e3o e F\u00e9\",\"description\":\"\",\"potentialAction\":[{\"@type\":\"SearchAction\",\"target\":{\"@type\":\"EntryPoint\",\"urlTemplate\":\"https:\\\/\\\/www.oracaoefe.com\\\/?s={search_term_string}\"},\"query-input\":{\"@type\":\"PropertyValueSpecification\",\"valueRequired\":true,\"valueName\":\"search_term_string\"}}],\"inLanguage\":\"fr-FR\"},{\"@type\":\"Person\",\"@id\":\"https:\\\/\\\/www.oracaoefe.com\\\/#\\\/schema\\\/person\\\/27873f1e6043866689f5091b5139f23d\",\"name\":\"Maria\",\"image\":{\"@type\":\"ImageObject\",\"inLanguage\":\"fr-FR\",\"@id\":\"https:\\\/\\\/secure.gravatar.com\\\/avatar\\\/4cac5ea56d40d599bd7348d330a83b1c84cd229296d1613cd1c7f6740561d0c9?s=96&d=mm&r=g\",\"url\":\"https:\\\/\\\/secure.gravatar.com\\\/avatar\\\/4cac5ea56d40d599bd7348d330a83b1c84cd229296d1613cd1c7f6740561d0c9?s=96&d=mm&r=g\",\"contentUrl\":\"https:\\\/\\\/secure.gravatar.com\\\/avatar\\\/4cac5ea56d40d599bd7348d330a83b1c84cd229296d1613cd1c7f6740561d0c9?s=96&d=mm&r=g\",\"caption\":\"Maria\"},\"description\":\"Meu nome \u00e9 Maria e sou apaixonada por teologia, espiritualidade e estudos religiosos. H\u00e1 mais de 5 anos escrevo sobre o universo da f\u00e9, pesquisando diferentes religi\u00f5es, doutrinas, tradi\u00e7\u00f5es espirituais e curiosidades religiosas ao redor do mundo. Tenho grande interesse em compreender como a f\u00e9 e a religiosidade se manifestam em diferentes culturas, pa\u00edses e idiomas, sempre buscando aprender mais sobre os costumes, cren\u00e7as e hist\u00f3rias que influenciam milh\u00f5es de pessoas diariamente. Atualmente, atuo como redatora no portal Ora\u00e7\u00e3o e F\u00e9, onde compartilho conte\u00fados informativos, reflexivos e inspiradores voltados ao universo religioso e espiritual. Meu objetivo \u00e9 levar conhecimento, curiosidades e mensagens enriquecedoras para leitores que desejam aprofundar sua compreens\u00e3o sobre f\u00e9, religi\u00e3o e espiritualidade no mundo moderno.\",\"sameAs\":[\"https:\\\/\\\/www.oracaoefe.com\"],\"url\":\"https:\\\/\\\/www.oracaoefe.com\\\/fr\\\/author\\\/admin\\\/\"}]}<\/script>\n<!-- \/ Yoast SEO plugin. -->","yoast_head_json":{"title":"Ora\u00e7\u00e3o para dinheiro e prosperidade - Ora\u00e7\u00e3o e F\u00e9","description":"Ora\u00e7\u00e3o para dinheiro e prosperidade \u2500 Seja voc\u00ea religioso ou n\u00e3o, o poder da f\u00e9, da ora\u00e7\u00e3o e das afirma\u00e7\u00f5es provou trazer positividade...","robots":{"index":"index","follow":"follow","max-snippet":"max-snippet:-1","max-image-preview":"max-image-preview:large","max-video-preview":"max-video-preview:-1"},"canonical":"https:\/\/www.oracaoefe.com\/fr\/oracao-para-dinheiro-e-prosperidade\/","og_locale":"fr_FR","og_type":"article","og_title":"Ora\u00e7\u00e3o para dinheiro e prosperidade - Ora\u00e7\u00e3o e F\u00e9","og_description":"Ora\u00e7\u00e3o para dinheiro e prosperidade \u2500 Seja voc\u00ea religioso ou n\u00e3o, o poder da f\u00e9, da ora\u00e7\u00e3o e das afirma\u00e7\u00f5es provou trazer positividade...","og_url":"https:\/\/www.oracaoefe.com\/fr\/oracao-para-dinheiro-e-prosperidade\/","og_site_name":"Ora\u00e7\u00e3o e F\u00e9","article_published_time":"2022-09-28T23:13:57+00:00","article_modified_time":"2022-09-28T23:13:58+00:00","og_image":[{"width":1200,"height":675,"url":"https:\/\/www.oracaoefe.com\/wp-content\/uploads\/2022\/09\/Oracao-para-dinheiro-e-prosperidade.jpg","type":"image\/jpeg"}],"author":"Maria","twitter_card":"summary_large_image","twitter_misc":{"\u00c9crit par":"Maria","Dur\u00e9e de lecture estim\u00e9e":"4 minutes"},"schema":{"@context":"https:\/\/schema.org","@graph":[{"@type":"Article","@id":"https:\/\/www.oracaoefe.com\/oracao-para-dinheiro-e-prosperidade\/#article","isPartOf":{"@id":"https:\/\/www.oracaoefe.com\/oracao-para-dinheiro-e-prosperidade\/"},"author":{"name":"Maria","@id":"https:\/\/www.oracaoefe.com\/#\/schema\/person\/27873f1e6043866689f5091b5139f23d"},"headline":"Ora\u00e7\u00e3o para dinheiro e prosperidade","datePublished":"2022-09-28T23:13:57+00:00","dateModified":"2022-09-28T23:13:58+00:00","mainEntityOfPage":{"@id":"https:\/\/www.oracaoefe.com\/oracao-para-dinheiro-e-prosperidade\/"},"wordCount":771,"commentCount":0,"image":{"@id":"https:\/\/www.oracaoefe.com\/oracao-para-dinheiro-e-prosperidade\/#primaryimage"},"thumbnailUrl":"https:\/\/www.oracaoefe.com\/wp-content\/uploads\/2022\/09\/Oracao-para-dinheiro-e-prosperidade.jpg","keywords":["dinheiro","ora\u00e7\u00e3o","prosperidade"],"articleSection":["Ora\u00e7\u00e3o"],"inLanguage":"fr-FR","potentialAction":[{"@type":"CommentAction","name":"Comment","target":["https:\/\/www.oracaoefe.com\/oracao-para-dinheiro-e-prosperidade\/#respond"]}]},{"@type":"WebPage","@id":"https:\/\/www.oracaoefe.com\/oracao-para-dinheiro-e-prosperidade\/","url":"https:\/\/www.oracaoefe.com\/oracao-para-dinheiro-e-prosperidade\/","name":"Ora\u00e7\u00e3o para dinheiro e prosperidade - Ora\u00e7\u00e3o e F\u00e9","isPartOf":{"@id":"https:\/\/www.oracaoefe.com\/#website"},"primaryImageOfPage":{"@id":"https:\/\/www.oracaoefe.com\/oracao-para-dinheiro-e-prosperidade\/#primaryimage"},"image":{"@id":"https:\/\/www.oracaoefe.com\/oracao-para-dinheiro-e-prosperidade\/#primaryimage"},"thumbnailUrl":"https:\/\/www.oracaoefe.com\/wp-content\/uploads\/2022\/09\/Oracao-para-dinheiro-e-prosperidade.jpg","datePublished":"2022-09-28T23:13:57+00:00","dateModified":"2022-09-28T23:13:58+00:00","author":{"@id":"https:\/\/www.oracaoefe.com\/#\/schema\/person\/27873f1e6043866689f5091b5139f23d"},"description":"Ora\u00e7\u00e3o para dinheiro e prosperidade \u2500 Seja voc\u00ea religioso ou n\u00e3o, o poder da f\u00e9, da ora\u00e7\u00e3o e das afirma\u00e7\u00f5es provou trazer positividade...","breadcrumb":{"@id":"https:\/\/www.oracaoefe.com\/oracao-para-dinheiro-e-prosperidade\/#breadcrumb"},"inLanguage":"fr-FR","potentialAction":[{"@type":"ReadAction","target":["https:\/\/www.oracaoefe.com\/oracao-para-dinheiro-e-prosperidade\/"]}]},{"@type":"ImageObject","inLanguage":"fr-FR","@id":"https:\/\/www.oracaoefe.com\/oracao-para-dinheiro-e-prosperidade\/#primaryimage","url":"https:\/\/www.oracaoefe.com\/wp-content\/uploads\/2022\/09\/Oracao-para-dinheiro-e-prosperidade.jpg","contentUrl":"https:\/\/www.oracaoefe.com\/wp-content\/uploads\/2022\/09\/Oracao-para-dinheiro-e-prosperidade.jpg","width":1200,"height":675,"caption":"Ora\u00e7\u00e3o para dinheiro e prosperidade"},{"@type":"BreadcrumbList","@id":"https:\/\/www.oracaoefe.com\/oracao-para-dinheiro-e-prosperidade\/#breadcrumb","itemListElement":[{"@type":"ListItem","position":1,"name":"Home","item":"https:\/\/www.oracaoefe.com\/"},{"@type":"ListItem","position":2,"name":"Ora\u00e7\u00e3o","item":"https:\/\/www.oracaoefe.com\/category\/oracao\/"},{"@type":"ListItem","position":3,"name":"Ora\u00e7\u00e3o para dinheiro e prosperidade"}]},{"@type":"WebSite","@id":"https:\/\/www.oracaoefe.com\/#website","url":"https:\/\/www.oracaoefe.com\/","name":"Pri\u00e8re et foi","description":"","potentialAction":[{"@type":"SearchAction","target":{"@type":"EntryPoint","urlTemplate":"https:\/\/www.oracaoefe.com\/?s={search_term_string}"},"query-input":{"@type":"PropertyValueSpecification","valueRequired":true,"valueName":"search_term_string"}}],"inLanguage":"fr-FR"},{"@type":"Person","@id":"https:\/\/www.oracaoefe.com\/#\/schema\/person\/27873f1e6043866689f5091b5139f23d","name":"Maria","image":{"@type":"ImageObject","inLanguage":"fr-FR","@id":"https:\/\/secure.gravatar.com\/avatar\/4cac5ea56d40d599bd7348d330a83b1c84cd229296d1613cd1c7f6740561d0c9?s=96&d=mm&r=g","url":"https:\/\/secure.gravatar.com\/avatar\/4cac5ea56d40d599bd7348d330a83b1c84cd229296d1613cd1c7f6740561d0c9?s=96&d=mm&r=g","contentUrl":"https:\/\/secure.gravatar.com\/avatar\/4cac5ea56d40d599bd7348d330a83b1c84cd229296d1613cd1c7f6740561d0c9?s=96&d=mm&r=g","caption":"Maria"},"description":"Meu nome \u00e9 Maria e sou apaixonada por teologia, espiritualidade e estudos religiosos. H\u00e1 mais de 5 anos escrevo sobre o universo da f\u00e9, pesquisando diferentes religi\u00f5es, doutrinas, tradi\u00e7\u00f5es espirituais e curiosidades religiosas ao redor do mundo. Tenho grande interesse em compreender como a f\u00e9 e a religiosidade se manifestam em diferentes culturas, pa\u00edses e idiomas, sempre buscando aprender mais sobre os costumes, cren\u00e7as e hist\u00f3rias que influenciam milh\u00f5es de pessoas diariamente. Atualmente, atuo como redatora no portal Ora\u00e7\u00e3o e F\u00e9, onde compartilho conte\u00fados informativos, reflexivos e inspiradores voltados ao universo religioso e espiritual. Meu objetivo \u00e9 levar conhecimento, curiosidades e mensagens enriquecedoras para leitores que desejam aprofundar sua compreens\u00e3o sobre f\u00e9, religi\u00e3o e espiritualidade no mundo moderno.","sameAs":["https:\/\/www.oracaoefe.com"],"url":"https:\/\/www.oracaoefe.com\/fr\/author\/admin\/"}]}},"_links":{"self":[{"href":"https:\/\/www.oracaoefe.com\/fr\/wp-json\/wp\/v2\/posts\/497","targetHints":{"allow":["GET"]}}],"collection":[{"href":"https:\/\/www.oracaoefe.com\/fr\/wp-json\/wp\/v2\/posts"}],"about":[{"href":"https:\/\/www.oracaoefe.com\/fr\/wp-json\/wp\/v2\/types\/post"}],"author":[{"embeddable":true,"href":"https:\/\/www.oracaoefe.com\/fr\/wp-json\/wp\/v2\/users\/1"}],"replies":[{"embeddable":true,"href":"https:\/\/www.oracaoefe.com\/fr\/wp-json\/wp\/v2\/comments?post=497"}],"version-history":[{"count":1,"href":"https:\/\/www.oracaoefe.com\/fr\/wp-json\/wp\/v2\/posts\/497\/revisions"}],"predecessor-version":[{"id":499,"href":"https:\/\/www.oracaoefe.com\/fr\/wp-json\/wp\/v2\/posts\/497\/revisions\/499"}],"wp:featuredmedia":[{"embeddable":true,"href":"https:\/\/www.oracaoefe.com\/fr\/wp-json\/wp\/v2\/media\/498"}],"wp:attachment":[{"href":"https:\/\/www.oracaoefe.com\/fr\/wp-json\/wp\/v2\/media?parent=497"}],"wp:term":[{"taxonomy":"category","embeddable":true,"href":"https:\/\/www.oracaoefe.com\/fr\/wp-json\/wp\/v2\/categories?post=497"},{"taxonomy":"post_tag","embeddable":true,"href":"https:\/\/www.oracaoefe.com\/fr\/wp-json\/wp\/v2\/tags?post=497"}],"curies":[{"name":"wp","href":"https:\/\/api.w.org\/{rel}","templated":true}]}}