{"id":488,"date":"2022-09-28T20:07:04","date_gmt":"2022-09-28T23:07:04","guid":{"rendered":"https:\/\/www.oracaoefe.com\/?p=488"},"modified":"2022-09-28T20:07:06","modified_gmt":"2022-09-28T23:07:06","slug":"oracao-para-casal-fazer-as-pazes","status":"publish","type":"post","link":"https:\/\/www.oracaoefe.com\/fr\/oracao-para-casal-fazer-as-pazes\/","title":{"rendered":"Ora\u00e7\u00e3o para casal fazer as pazes"},"content":{"rendered":"<div class=\"wp-block-post-date\"><time datetime=\"2022-09-28T20:07:04-03:00\">septembre 28, 2022<\/time><\/div>\n\n\n<p class=\"wp-block-paragraph\"><strong>Ora\u00e7\u00e3o para casal fazer as pazes<\/strong> \u2500 A ora\u00e7\u00e3o \u00e9 o nosso maior ref\u00fagio. Quaisquer que sejam as dificuldades que voc\u00ea encontre ou encontre em seu relacionamento, refugie-se na ora\u00e7\u00e3o. Esta \u00e9 a melhor maneira de obter conforto e solu\u00e7\u00f5es para seus problemas. O Senhor est\u00e1 sempre presente para n\u00f3s nos bons e nos maus momentos.<\/p>\n\n\n\n<p class=\"wp-block-paragraph\">Ent\u00e3o, com base no que ele disse, como ele poderia virar as costas para um casal em dificuldade? Confie nele e em suas palavras. Ele sempre estar\u00e1 l\u00e1 para voc\u00ea, para ajud\u00e1-lo. Se o seu casal est\u00e1 no seu pior, confie nele. Aqui, abaixo, est\u00e1 um exemplo de ora\u00e7\u00e3o por um casal em dificuldade, que voc\u00ea pode fazer se sua vida como casal estiver indo mal.<\/p>\n\n\n\n<h2 class=\"wp-block-heading\">Exemplo de ora\u00e7\u00e3o para casal fazer as pazes e voltar<\/h2>\n\n\n\n<p class=\"wp-block-paragraph\">A seguir, dispusemos uma ora\u00e7\u00e3o de esperan\u00e7a e reconcilia\u00e7\u00e3o para um casal separado. Quando tudo parece estar em mil peda\u00e7os em um casal separado, Deus n\u00e3o est\u00e1 longe e mostra sua eterna compaix\u00e3o. O Senhor aproxima-se e oferece o seu amor aos casais separados que nele confiam; melhor, difunde um aumento de gra\u00e7a, desta Gra\u00e7a do Sacramento do Matrim\u00f4nio que edifica e consolida os casais crist\u00e3os.<\/p>\n\n\n\n<h3 class=\"wp-block-heading\">Ora\u00e7\u00e3o para casal fazer as pazes<\/h3>\n\n\n\n<p class=\"wp-block-paragraph\"><em>\u201cSenhor, \u00e9 loucura ter esperan\u00e7a? Espero que voc\u00ea possa mudar nossos cora\u00e7\u00f5es e nos trazer de volta um ao outro. Senhor, \u00e9 loucura ter esperan\u00e7a? Espero que voc\u00ea possa salvar nosso casal e ressuscitar nosso amor. Senhor, talvez n\u00e3o seja tarde demais, talvez ainda n\u00e3o tenhamos desistido, ainda temos uma esperan\u00e7a secreta e nem tudo est\u00e1 perdido. Senhor, n\u00e3o nos deixe afundar.&nbsp;<\/em><\/p>\n\n\n\n<p class=\"wp-block-paragraph\"><em>Acene para n\u00f3s, estenda sua m\u00e3o, nos guie para que possamos voltar, que questionemos nossa determina\u00e7\u00e3o de nos separarmos. Senhor, mostra-nos que o amor n\u00e3o morre t\u00e3o facilmente, que nem tudo \u00e9 preto. Que h\u00e1 grandeza, beleza em admitir a pr\u00f3pria fraqueza, em estender a m\u00e3o, em tentar esquecer o mal dado e o mal recebido. D\u00e1-nos, Senhor, a for\u00e7a, a sorte, a esperan\u00e7a de renovar o fio do amor. N\u00e3o estou pedindo para voc\u00ea esquecer, estou pedindo perd\u00e3o. N\u00e3o estou pedindo que fiquem juntos por dever ou conveni\u00eancia ou pelas crian\u00e7as.&nbsp;<\/em><\/p>\n\n\n\n<p class=\"wp-block-paragraph\"><em>Pe\u00e7o-lhe que nos escolhamos novamente. Pe\u00e7o-vos por n\u00f3s, e convosco, uma nova Alian\u00e7a. J\u00e1 que vimos nossa fragilidade t\u00e3o de perto, fortale\u00e7a-nos! J\u00e1 que tocamos em nossas feridas, cure-as! E j\u00e1 que nosso amor quase morreu, que amadure\u00e7a! N\u00e3o nos abandone, precisamos de Ti!&nbsp;<\/em><\/p>\n\n\n\n<p class=\"wp-block-paragraph\"><em>Pe\u00e7o-lhe que nos escolhamos novamente. Pe\u00e7o-vos por n\u00f3s, e convosco, uma nova Alian\u00e7a. J\u00e1 que vimos nossa fragilidade t\u00e3o de perto, fortale\u00e7a-nos! J\u00e1 que tocamos em nossas feridas, cure-as! E j\u00e1 que nosso amor quase morreu, que amadure\u00e7a! N\u00e3o nos abandone, precisamos de Ti!&nbsp;<\/em><\/p>\n\n\n\n<p class=\"wp-block-paragraph\"><em>Pe\u00e7o-lhe que nos escolhamos novamente. Pe\u00e7o-vos por n\u00f3s, e convosco, uma nova Alian\u00e7a. J\u00e1 que vimos nossa fragilidade t\u00e3o de perto, fortale\u00e7a-nos! J\u00e1 que tocamos em nossas feridas, cure-as! E j\u00e1 que nosso amor quase morreu, que amadure\u00e7a! N\u00e3o nos abandone, precisamos de Ti! Am\u00e9m.&#8221;<\/em><\/p>\n\n\n\n<h3 class=\"wp-block-heading\">Ora\u00e7\u00e3o para casal em conflito<\/h3>\n\n\n\n<p class=\"wp-block-paragraph\"><em>\u201c\u00d3 Senhor, Tu, nosso Pai, venho a Ti neste dia para te oferecer os casais em dificuldade na terra para que possam viver no amor. Venha visitar os cora\u00e7\u00f5es partidos e venha curar os cora\u00e7\u00f5es feridos. Que o vosso Filho seja a sua luz e o Esp\u00edrito Santo a sua unidade, para que todos, j\u00e1 na terra, sejam como V\u00f3s. \u00d3 Trindade! \u00d3 Jesus, V\u00f3s, nosso irm\u00e3o, colocai vosso perd\u00e3o em nossos cora\u00e7\u00f5es. Que nosso casal seja uma oferenda na alegria e no abandono. Que a tua sabedoria, dia ap\u00f3s dia, guie os nossos passos perto da tua Cruz. Cantemos por nossa vez, Magnificat Aleluia!<\/em><\/p>\n\n\n\n<p class=\"wp-block-paragraph\"><em>\u00d3 Esp\u00edrito Santo, venha visitar todas as nossas fam\u00edlias divididas. Venha e devolva a sua esperan\u00e7a de um amanh\u00e3 cheio de confian\u00e7a. Reunidos no cora\u00e7\u00e3o de Deus todos os c\u00f4njuges separados. Renova a sua alian\u00e7a e d\u00e1-lhes a tua santidade! Rezemos tamb\u00e9m pelos casais unidos, para que perseverem na f\u00e9 e na confian\u00e7a rec\u00edproca e que Deus alimente a sua fidelidade. Bendito \u00e9s Tu, Senhor, tens estado conosco na alegria e na adversidade. Oramos para que Tu nos ajudes novamente. Guarda-nos em amor m\u00fatuo, para que sejamos testemunhas fi\u00e9is da alian\u00e7a que fizeste com a humanidade. Am\u00e9m!\u201d<\/em><\/p>\n\n\n\n<h2 class=\"wp-block-heading\">Ore com muita f\u00e9!<\/h2>\n\n\n\n<p class=\"wp-block-paragraph\">Casais em dificuldade, h\u00e1 mais do que ofertas de aten\u00e7\u00e3o nos dias de hoje. A falta de toler\u00e2ncia e as dificuldades do nosso tempo tornam as rela\u00e7\u00f5es cada vez mais complicadas. No entanto, essas dificuldades podem ser superadas. Voc\u00ea pode dialogar com seu parceiro e tentar encontrar um compromisso. No entanto, ser\u00e1 necess\u00e1rio preceder o di\u00e1logo com a ora\u00e7\u00e3o, fazendo uma ora\u00e7\u00e3o por um casal em dificuldade. A ora\u00e7\u00e3o \u00e9 a base mais forte para todo esfor\u00e7o humano.<\/p>","protected":false},"excerpt":{"rendered":"<p>Ora\u00e7\u00e3o para casal fazer as pazes \u2500 A ora\u00e7\u00e3o \u00e9 o nosso maior ref\u00fagio. Quaisquer que sejam as dificuldades que voc\u00ea encontre ou encontre&#8230;<\/p>","protected":false},"author":1,"featured_media":489,"comment_status":"open","ping_status":"closed","sticky":false,"template":"","format":"standard","meta":{"neve_meta_sidebar":"","neve_meta_container":"","neve_meta_enable_content_width":"","neve_meta_content_width":0,"neve_meta_title_alignment":"","neve_meta_author_avatar":"","neve_post_elements_order":"","neve_meta_disable_header":"","neve_meta_disable_footer":"","neve_meta_disable_title":"","footnotes":""},"categories":[2],"tags":[101,16],"class_list":["post-488","post","type-post","status-publish","format-standard","has-post-thumbnail","hentry","category-oracao","tag-casal-fazer-as-pazes","tag-oracao"],"yoast_head":"<!-- This site is optimized with the Yoast SEO plugin v28.4 - https:\/\/yoast.com\/product\/yoast-seo-wordpress\/ -->\n<title>Ora\u00e7\u00e3o para casal fazer as pazes - Ora\u00e7\u00e3o e F\u00e9<\/title>\n<meta name=\"description\" content=\"Ora\u00e7\u00e3o para casal fazer as pazes \u2500 A ora\u00e7\u00e3o \u00e9 o nosso maior ref\u00fagio. Quaisquer que sejam as dificuldades que voc\u00ea encontre ou encontre...\" \/>\n<meta name=\"robots\" content=\"index, follow, max-snippet:-1, max-image-preview:large, max-video-preview:-1\" \/>\n<link rel=\"canonical\" href=\"https:\/\/www.oracaoefe.com\/fr\/oracao-para-casal-fazer-as-pazes\/\" \/>\n<meta property=\"og:locale\" content=\"fr_FR\" \/>\n<meta property=\"og:type\" content=\"article\" \/>\n<meta property=\"og:title\" content=\"Ora\u00e7\u00e3o para casal fazer as pazes - Ora\u00e7\u00e3o e F\u00e9\" \/>\n<meta property=\"og:description\" content=\"Ora\u00e7\u00e3o para casal fazer as pazes \u2500 A ora\u00e7\u00e3o \u00e9 o nosso maior ref\u00fagio. Quaisquer que sejam as dificuldades que voc\u00ea encontre ou encontre...\" \/>\n<meta property=\"og:url\" content=\"https:\/\/www.oracaoefe.com\/fr\/oracao-para-casal-fazer-as-pazes\/\" \/>\n<meta property=\"og:site_name\" content=\"Ora\u00e7\u00e3o e F\u00e9\" \/>\n<meta property=\"article:published_time\" content=\"2022-09-28T23:07:04+00:00\" \/>\n<meta property=\"article:modified_time\" content=\"2022-09-28T23:07:06+00:00\" \/>\n<meta property=\"og:image\" content=\"https:\/\/www.oracaoefe.com\/wp-content\/uploads\/2022\/09\/Oracao-para-casal-fazer-as-pazes.jpg\" \/>\n\t<meta property=\"og:image:width\" content=\"1200\" \/>\n\t<meta property=\"og:image:height\" content=\"675\" \/>\n\t<meta property=\"og:image:type\" content=\"image\/jpeg\" \/>\n<meta name=\"author\" content=\"Maria\" \/>\n<meta name=\"twitter:card\" content=\"summary_large_image\" \/>\n<meta name=\"twitter:label1\" content=\"\u00c9crit par\" \/>\n\t<meta name=\"twitter:data1\" content=\"Maria\" \/>\n\t<meta name=\"twitter:label2\" content=\"Dur\u00e9e de lecture estim\u00e9e\" \/>\n\t<meta name=\"twitter:data2\" content=\"4 minutes\" \/>\n<script type=\"application\/ld+json\" class=\"yoast-schema-graph\">{\"@context\":\"https:\\\/\\\/schema.org\",\"@graph\":[{\"@type\":\"Article\",\"@id\":\"https:\\\/\\\/www.oracaoefe.com\\\/oracao-para-casal-fazer-as-pazes\\\/#article\",\"isPartOf\":{\"@id\":\"https:\\\/\\\/www.oracaoefe.com\\\/oracao-para-casal-fazer-as-pazes\\\/\"},\"author\":{\"name\":\"Maria\",\"@id\":\"https:\\\/\\\/www.oracaoefe.com\\\/#\\\/schema\\\/person\\\/27873f1e6043866689f5091b5139f23d\"},\"headline\":\"Ora\u00e7\u00e3o para casal fazer as pazes\",\"datePublished\":\"2022-09-28T23:07:04+00:00\",\"dateModified\":\"2022-09-28T23:07:06+00:00\",\"mainEntityOfPage\":{\"@id\":\"https:\\\/\\\/www.oracaoefe.com\\\/oracao-para-casal-fazer-as-pazes\\\/\"},\"wordCount\":882,\"commentCount\":0,\"image\":{\"@id\":\"https:\\\/\\\/www.oracaoefe.com\\\/oracao-para-casal-fazer-as-pazes\\\/#primaryimage\"},\"thumbnailUrl\":\"https:\\\/\\\/www.oracaoefe.com\\\/wp-content\\\/uploads\\\/2022\\\/09\\\/Oracao-para-casal-fazer-as-pazes.jpg\",\"keywords\":[\"casal fazer as pazes\",\"ora\u00e7\u00e3o\"],\"articleSection\":[\"Ora\u00e7\u00e3o\"],\"inLanguage\":\"fr-FR\",\"potentialAction\":[{\"@type\":\"CommentAction\",\"name\":\"Comment\",\"target\":[\"https:\\\/\\\/www.oracaoefe.com\\\/oracao-para-casal-fazer-as-pazes\\\/#respond\"]}]},{\"@type\":\"WebPage\",\"@id\":\"https:\\\/\\\/www.oracaoefe.com\\\/oracao-para-casal-fazer-as-pazes\\\/\",\"url\":\"https:\\\/\\\/www.oracaoefe.com\\\/oracao-para-casal-fazer-as-pazes\\\/\",\"name\":\"Ora\u00e7\u00e3o para casal fazer as pazes - Ora\u00e7\u00e3o e F\u00e9\",\"isPartOf\":{\"@id\":\"https:\\\/\\\/www.oracaoefe.com\\\/#website\"},\"primaryImageOfPage\":{\"@id\":\"https:\\\/\\\/www.oracaoefe.com\\\/oracao-para-casal-fazer-as-pazes\\\/#primaryimage\"},\"image\":{\"@id\":\"https:\\\/\\\/www.oracaoefe.com\\\/oracao-para-casal-fazer-as-pazes\\\/#primaryimage\"},\"thumbnailUrl\":\"https:\\\/\\\/www.oracaoefe.com\\\/wp-content\\\/uploads\\\/2022\\\/09\\\/Oracao-para-casal-fazer-as-pazes.jpg\",\"datePublished\":\"2022-09-28T23:07:04+00:00\",\"dateModified\":\"2022-09-28T23:07:06+00:00\",\"author\":{\"@id\":\"https:\\\/\\\/www.oracaoefe.com\\\/#\\\/schema\\\/person\\\/27873f1e6043866689f5091b5139f23d\"},\"description\":\"Ora\u00e7\u00e3o para casal fazer as pazes \u2500 A ora\u00e7\u00e3o \u00e9 o nosso maior ref\u00fagio. Quaisquer que sejam as dificuldades que voc\u00ea encontre ou encontre...\",\"breadcrumb\":{\"@id\":\"https:\\\/\\\/www.oracaoefe.com\\\/oracao-para-casal-fazer-as-pazes\\\/#breadcrumb\"},\"inLanguage\":\"fr-FR\",\"potentialAction\":[{\"@type\":\"ReadAction\",\"target\":[\"https:\\\/\\\/www.oracaoefe.com\\\/oracao-para-casal-fazer-as-pazes\\\/\"]}]},{\"@type\":\"ImageObject\",\"inLanguage\":\"fr-FR\",\"@id\":\"https:\\\/\\\/www.oracaoefe.com\\\/oracao-para-casal-fazer-as-pazes\\\/#primaryimage\",\"url\":\"https:\\\/\\\/www.oracaoefe.com\\\/wp-content\\\/uploads\\\/2022\\\/09\\\/Oracao-para-casal-fazer-as-pazes.jpg\",\"contentUrl\":\"https:\\\/\\\/www.oracaoefe.com\\\/wp-content\\\/uploads\\\/2022\\\/09\\\/Oracao-para-casal-fazer-as-pazes.jpg\",\"width\":1200,\"height\":675,\"caption\":\"Ora\u00e7\u00e3o para casal fazer as pazes\"},{\"@type\":\"BreadcrumbList\",\"@id\":\"https:\\\/\\\/www.oracaoefe.com\\\/oracao-para-casal-fazer-as-pazes\\\/#breadcrumb\",\"itemListElement\":[{\"@type\":\"ListItem\",\"position\":1,\"name\":\"Home\",\"item\":\"https:\\\/\\\/www.oracaoefe.com\\\/\"},{\"@type\":\"ListItem\",\"position\":2,\"name\":\"Ora\u00e7\u00e3o\",\"item\":\"https:\\\/\\\/www.oracaoefe.com\\\/category\\\/oracao\\\/\"},{\"@type\":\"ListItem\",\"position\":3,\"name\":\"Ora\u00e7\u00e3o para casal fazer as pazes\"}]},{\"@type\":\"WebSite\",\"@id\":\"https:\\\/\\\/www.oracaoefe.com\\\/#website\",\"url\":\"https:\\\/\\\/www.oracaoefe.com\\\/\",\"name\":\"Ora\u00e7\u00e3o e F\u00e9\",\"description\":\"\",\"potentialAction\":[{\"@type\":\"SearchAction\",\"target\":{\"@type\":\"EntryPoint\",\"urlTemplate\":\"https:\\\/\\\/www.oracaoefe.com\\\/?s={search_term_string}\"},\"query-input\":{\"@type\":\"PropertyValueSpecification\",\"valueRequired\":true,\"valueName\":\"search_term_string\"}}],\"inLanguage\":\"fr-FR\"},{\"@type\":\"Person\",\"@id\":\"https:\\\/\\\/www.oracaoefe.com\\\/#\\\/schema\\\/person\\\/27873f1e6043866689f5091b5139f23d\",\"name\":\"Maria\",\"image\":{\"@type\":\"ImageObject\",\"inLanguage\":\"fr-FR\",\"@id\":\"https:\\\/\\\/secure.gravatar.com\\\/avatar\\\/4cac5ea56d40d599bd7348d330a83b1c84cd229296d1613cd1c7f6740561d0c9?s=96&d=mm&r=g\",\"url\":\"https:\\\/\\\/secure.gravatar.com\\\/avatar\\\/4cac5ea56d40d599bd7348d330a83b1c84cd229296d1613cd1c7f6740561d0c9?s=96&d=mm&r=g\",\"contentUrl\":\"https:\\\/\\\/secure.gravatar.com\\\/avatar\\\/4cac5ea56d40d599bd7348d330a83b1c84cd229296d1613cd1c7f6740561d0c9?s=96&d=mm&r=g\",\"caption\":\"Maria\"},\"description\":\"Meu nome \u00e9 Maria e sou apaixonada por teologia, espiritualidade e estudos religiosos. H\u00e1 mais de 5 anos escrevo sobre o universo da f\u00e9, pesquisando diferentes religi\u00f5es, doutrinas, tradi\u00e7\u00f5es espirituais e curiosidades religiosas ao redor do mundo. Tenho grande interesse em compreender como a f\u00e9 e a religiosidade se manifestam em diferentes culturas, pa\u00edses e idiomas, sempre buscando aprender mais sobre os costumes, cren\u00e7as e hist\u00f3rias que influenciam milh\u00f5es de pessoas diariamente. Atualmente, atuo como redatora no portal Ora\u00e7\u00e3o e F\u00e9, onde compartilho conte\u00fados informativos, reflexivos e inspiradores voltados ao universo religioso e espiritual. Meu objetivo \u00e9 levar conhecimento, curiosidades e mensagens enriquecedoras para leitores que desejam aprofundar sua compreens\u00e3o sobre f\u00e9, religi\u00e3o e espiritualidade no mundo moderno.\",\"sameAs\":[\"https:\\\/\\\/www.oracaoefe.com\"],\"url\":\"https:\\\/\\\/www.oracaoefe.com\\\/fr\\\/author\\\/admin\\\/\"}]}<\/script>\n<!-- \/ Yoast SEO plugin. -->","yoast_head_json":{"title":"Ora\u00e7\u00e3o para casal fazer as pazes - Ora\u00e7\u00e3o e F\u00e9","description":"Ora\u00e7\u00e3o para casal fazer as pazes \u2500 A ora\u00e7\u00e3o \u00e9 o nosso maior ref\u00fagio. Quaisquer que sejam as dificuldades que voc\u00ea encontre ou encontre...","robots":{"index":"index","follow":"follow","max-snippet":"max-snippet:-1","max-image-preview":"max-image-preview:large","max-video-preview":"max-video-preview:-1"},"canonical":"https:\/\/www.oracaoefe.com\/fr\/oracao-para-casal-fazer-as-pazes\/","og_locale":"fr_FR","og_type":"article","og_title":"Ora\u00e7\u00e3o para casal fazer as pazes - Ora\u00e7\u00e3o e F\u00e9","og_description":"Ora\u00e7\u00e3o para casal fazer as pazes \u2500 A ora\u00e7\u00e3o \u00e9 o nosso maior ref\u00fagio. Quaisquer que sejam as dificuldades que voc\u00ea encontre ou encontre...","og_url":"https:\/\/www.oracaoefe.com\/fr\/oracao-para-casal-fazer-as-pazes\/","og_site_name":"Ora\u00e7\u00e3o e F\u00e9","article_published_time":"2022-09-28T23:07:04+00:00","article_modified_time":"2022-09-28T23:07:06+00:00","og_image":[{"width":1200,"height":675,"url":"https:\/\/www.oracaoefe.com\/wp-content\/uploads\/2022\/09\/Oracao-para-casal-fazer-as-pazes.jpg","type":"image\/jpeg"}],"author":"Maria","twitter_card":"summary_large_image","twitter_misc":{"\u00c9crit par":"Maria","Dur\u00e9e de lecture estim\u00e9e":"4 minutes"},"schema":{"@context":"https:\/\/schema.org","@graph":[{"@type":"Article","@id":"https:\/\/www.oracaoefe.com\/oracao-para-casal-fazer-as-pazes\/#article","isPartOf":{"@id":"https:\/\/www.oracaoefe.com\/oracao-para-casal-fazer-as-pazes\/"},"author":{"name":"Maria","@id":"https:\/\/www.oracaoefe.com\/#\/schema\/person\/27873f1e6043866689f5091b5139f23d"},"headline":"Ora\u00e7\u00e3o para casal fazer as pazes","datePublished":"2022-09-28T23:07:04+00:00","dateModified":"2022-09-28T23:07:06+00:00","mainEntityOfPage":{"@id":"https:\/\/www.oracaoefe.com\/oracao-para-casal-fazer-as-pazes\/"},"wordCount":882,"commentCount":0,"image":{"@id":"https:\/\/www.oracaoefe.com\/oracao-para-casal-fazer-as-pazes\/#primaryimage"},"thumbnailUrl":"https:\/\/www.oracaoefe.com\/wp-content\/uploads\/2022\/09\/Oracao-para-casal-fazer-as-pazes.jpg","keywords":["casal fazer as pazes","ora\u00e7\u00e3o"],"articleSection":["Ora\u00e7\u00e3o"],"inLanguage":"fr-FR","potentialAction":[{"@type":"CommentAction","name":"Comment","target":["https:\/\/www.oracaoefe.com\/oracao-para-casal-fazer-as-pazes\/#respond"]}]},{"@type":"WebPage","@id":"https:\/\/www.oracaoefe.com\/oracao-para-casal-fazer-as-pazes\/","url":"https:\/\/www.oracaoefe.com\/oracao-para-casal-fazer-as-pazes\/","name":"Ora\u00e7\u00e3o para casal fazer as pazes - Ora\u00e7\u00e3o e F\u00e9","isPartOf":{"@id":"https:\/\/www.oracaoefe.com\/#website"},"primaryImageOfPage":{"@id":"https:\/\/www.oracaoefe.com\/oracao-para-casal-fazer-as-pazes\/#primaryimage"},"image":{"@id":"https:\/\/www.oracaoefe.com\/oracao-para-casal-fazer-as-pazes\/#primaryimage"},"thumbnailUrl":"https:\/\/www.oracaoefe.com\/wp-content\/uploads\/2022\/09\/Oracao-para-casal-fazer-as-pazes.jpg","datePublished":"2022-09-28T23:07:04+00:00","dateModified":"2022-09-28T23:07:06+00:00","author":{"@id":"https:\/\/www.oracaoefe.com\/#\/schema\/person\/27873f1e6043866689f5091b5139f23d"},"description":"Ora\u00e7\u00e3o para casal fazer as pazes \u2500 A ora\u00e7\u00e3o \u00e9 o nosso maior ref\u00fagio. Quaisquer que sejam as dificuldades que voc\u00ea encontre ou encontre...","breadcrumb":{"@id":"https:\/\/www.oracaoefe.com\/oracao-para-casal-fazer-as-pazes\/#breadcrumb"},"inLanguage":"fr-FR","potentialAction":[{"@type":"ReadAction","target":["https:\/\/www.oracaoefe.com\/oracao-para-casal-fazer-as-pazes\/"]}]},{"@type":"ImageObject","inLanguage":"fr-FR","@id":"https:\/\/www.oracaoefe.com\/oracao-para-casal-fazer-as-pazes\/#primaryimage","url":"https:\/\/www.oracaoefe.com\/wp-content\/uploads\/2022\/09\/Oracao-para-casal-fazer-as-pazes.jpg","contentUrl":"https:\/\/www.oracaoefe.com\/wp-content\/uploads\/2022\/09\/Oracao-para-casal-fazer-as-pazes.jpg","width":1200,"height":675,"caption":"Ora\u00e7\u00e3o para casal fazer as pazes"},{"@type":"BreadcrumbList","@id":"https:\/\/www.oracaoefe.com\/oracao-para-casal-fazer-as-pazes\/#breadcrumb","itemListElement":[{"@type":"ListItem","position":1,"name":"Home","item":"https:\/\/www.oracaoefe.com\/"},{"@type":"ListItem","position":2,"name":"Ora\u00e7\u00e3o","item":"https:\/\/www.oracaoefe.com\/category\/oracao\/"},{"@type":"ListItem","position":3,"name":"Ora\u00e7\u00e3o para casal fazer as pazes"}]},{"@type":"WebSite","@id":"https:\/\/www.oracaoefe.com\/#website","url":"https:\/\/www.oracaoefe.com\/","name":"Pri\u00e8re et foi","description":"","potentialAction":[{"@type":"SearchAction","target":{"@type":"EntryPoint","urlTemplate":"https:\/\/www.oracaoefe.com\/?s={search_term_string}"},"query-input":{"@type":"PropertyValueSpecification","valueRequired":true,"valueName":"search_term_string"}}],"inLanguage":"fr-FR"},{"@type":"Person","@id":"https:\/\/www.oracaoefe.com\/#\/schema\/person\/27873f1e6043866689f5091b5139f23d","name":"Maria","image":{"@type":"ImageObject","inLanguage":"fr-FR","@id":"https:\/\/secure.gravatar.com\/avatar\/4cac5ea56d40d599bd7348d330a83b1c84cd229296d1613cd1c7f6740561d0c9?s=96&d=mm&r=g","url":"https:\/\/secure.gravatar.com\/avatar\/4cac5ea56d40d599bd7348d330a83b1c84cd229296d1613cd1c7f6740561d0c9?s=96&d=mm&r=g","contentUrl":"https:\/\/secure.gravatar.com\/avatar\/4cac5ea56d40d599bd7348d330a83b1c84cd229296d1613cd1c7f6740561d0c9?s=96&d=mm&r=g","caption":"Maria"},"description":"Meu nome \u00e9 Maria e sou apaixonada por teologia, espiritualidade e estudos religiosos. H\u00e1 mais de 5 anos escrevo sobre o universo da f\u00e9, pesquisando diferentes religi\u00f5es, doutrinas, tradi\u00e7\u00f5es espirituais e curiosidades religiosas ao redor do mundo. Tenho grande interesse em compreender como a f\u00e9 e a religiosidade se manifestam em diferentes culturas, pa\u00edses e idiomas, sempre buscando aprender mais sobre os costumes, cren\u00e7as e hist\u00f3rias que influenciam milh\u00f5es de pessoas diariamente. Atualmente, atuo como redatora no portal Ora\u00e7\u00e3o e F\u00e9, onde compartilho conte\u00fados informativos, reflexivos e inspiradores voltados ao universo religioso e espiritual. Meu objetivo \u00e9 levar conhecimento, curiosidades e mensagens enriquecedoras para leitores que desejam aprofundar sua compreens\u00e3o sobre f\u00e9, religi\u00e3o e espiritualidade no mundo moderno.","sameAs":["https:\/\/www.oracaoefe.com"],"url":"https:\/\/www.oracaoefe.com\/fr\/author\/admin\/"}]}},"_links":{"self":[{"href":"https:\/\/www.oracaoefe.com\/fr\/wp-json\/wp\/v2\/posts\/488","targetHints":{"allow":["GET"]}}],"collection":[{"href":"https:\/\/www.oracaoefe.com\/fr\/wp-json\/wp\/v2\/posts"}],"about":[{"href":"https:\/\/www.oracaoefe.com\/fr\/wp-json\/wp\/v2\/types\/post"}],"author":[{"embeddable":true,"href":"https:\/\/www.oracaoefe.com\/fr\/wp-json\/wp\/v2\/users\/1"}],"replies":[{"embeddable":true,"href":"https:\/\/www.oracaoefe.com\/fr\/wp-json\/wp\/v2\/comments?post=488"}],"version-history":[{"count":1,"href":"https:\/\/www.oracaoefe.com\/fr\/wp-json\/wp\/v2\/posts\/488\/revisions"}],"predecessor-version":[{"id":490,"href":"https:\/\/www.oracaoefe.com\/fr\/wp-json\/wp\/v2\/posts\/488\/revisions\/490"}],"wp:featuredmedia":[{"embeddable":true,"href":"https:\/\/www.oracaoefe.com\/fr\/wp-json\/wp\/v2\/media\/489"}],"wp:attachment":[{"href":"https:\/\/www.oracaoefe.com\/fr\/wp-json\/wp\/v2\/media?parent=488"}],"wp:term":[{"taxonomy":"category","embeddable":true,"href":"https:\/\/www.oracaoefe.com\/fr\/wp-json\/wp\/v2\/categories?post=488"},{"taxonomy":"post_tag","embeddable":true,"href":"https:\/\/www.oracaoefe.com\/fr\/wp-json\/wp\/v2\/tags?post=488"}],"curies":[{"name":"wp","href":"https:\/\/api.w.org\/{rel}","templated":true}]}}