{"id":461,"date":"2022-09-27T20:26:49","date_gmt":"2022-09-27T23:26:49","guid":{"rendered":"https:\/\/www.oracaoefe.com\/?p=461"},"modified":"2022-09-28T12:11:09","modified_gmt":"2022-09-28T15:11:09","slug":"espirito-santo-saiba-o-que-a-biblia-diz-sobre-a-forca-ativa-de-deus","status":"publish","type":"post","link":"https:\/\/www.oracaoefe.com\/fr\/espirito-santo-saiba-o-que-a-biblia-diz-sobre-a-forca-ativa-de-deus\/","title":{"rendered":"Esp\u00edrito Santo: Saiba o que a B\u00edblia diz sobre a for\u00e7a ativa de Deus"},"content":{"rendered":"<div class=\"wp-block-post-date\"><time datetime=\"2022-09-27T20:26:49-03:00\">septembre 27, 2022<\/time><\/div>\n\n\n<p class=\"wp-block-paragraph\"><strong>Esp\u00edrito Santo<\/strong> \u2500 Desde o in\u00edcio do G\u00eanesis, o sopro de Deus (ruah, em hebraico) \u00e9 designado como sinal e princ\u00edpio de toda a vida, inclusive para Ad\u00e3o que se torna vivo quando Deus sopra nele um &#8220;sopro de vida&#8221; (Gn 2,7).&nbsp;<\/p>\n\n\n\n<h2 class=\"wp-block-heading\">O que a B\u00edblia diz sobre o Esp\u00edrito Santo<\/h2>\n\n\n\n<p class=\"wp-block-paragraph\">Jesus enviou o Esp\u00edrito Santo depois que ele deixou a terra. \u00c9 para o nosso bem que Jesus foi embora e enviou o Esp\u00edrito Santo. O Esp\u00edrito Santo \u00e9 nosso defensor. O Esp\u00edrito Santo nos convence do pecado. O Esp\u00edrito Santo \u00e9 o Esp\u00edrito da verdade e nos conduz a toda a verdade. O Esp\u00edrito Santo revela a gl\u00f3ria de Jesus.<\/p>\n\n\n\n<p class=\"wp-block-paragraph\">O Esp\u00edrito Santo \u00e9 o pr\u00f3prio Deus (e n\u00e3o simplesmente uma ideia ou uma for\u00e7a) e temos um relacionamento com Ele equivalente ao que temos com Deus Pai e Deus Filho. Quando Jesus subiu ao c\u00e9u, ele n\u00e3o nos deixou sozinhos.&nbsp;<\/p>\n\n\n\n<p class=\"wp-block-paragraph\">Em vez disso, Ele nos enviou o Esp\u00edrito Santo para habitar em n\u00f3s, nos encher, nos guiar e nos fortalecer. Ele n\u00e3o nos deixou \u00f3rf\u00e3os. Pelo contr\u00e1rio, o Esp\u00edrito Santo \u00e9 sua presen\u00e7a constante conosco.<\/p>\n\n\n\n<h2 class=\"wp-block-heading\">Viver pelo Esp\u00edrito Santo<\/h2>\n\n\n\n<p class=\"wp-block-paragraph\">A chave para a vida crist\u00e3 vitoriosa n\u00e3o \u00e9 dobrar nossos esfor\u00e7os. A chave n\u00e3o \u00e9 apenas fazer mais \u201catividades crist\u00e3s\u201d apenas por faz\u00ea-las. Embora a leitura da B\u00edblia, ora\u00e7\u00e3o, servi\u00e7o crist\u00e3o e atividades semelhantes sejam partes integrantes de nosso relacionamento com Deus, aumentar nossos esfor\u00e7os em qualquer uma dessas \u00e1reas n\u00e3o nos salvar\u00e1 nem nos dar\u00e1 vit\u00f3ria. Paulo tentou (Romanos 7), mas o resultado foi derrota e frustra\u00e7\u00e3o.<\/p>\n\n\n\n<p class=\"wp-block-paragraph\">Em vez disso, a chave \u00e9 submeter-se \u00e0 dire\u00e7\u00e3o do Esp\u00edrito de Deus e receber Seu poder. A ess\u00eancia da vida crist\u00e3 \u00e9 a obra de Deus em n\u00f3s e atrav\u00e9s de n\u00f3s, n\u00e3o as obras que fazemos para ele. Somos transformados \u00e0 imagem de Cristo pelo poder do Esp\u00edrito Santo que habita em n\u00f3s.<\/p>\n\n\n\n<h2 class=\"wp-block-heading\">Alguns vers\u00edculos sobre a promessa do Esp\u00edrito Santo<\/h2>\n\n\n\n<p class=\"wp-block-paragraph\">&#8220;Como estava com eles, recomendou-lhes que n\u00e3o sa\u00edssem de Jerusal\u00e9m, mas que esperassem o que o Pai havia prometido, o que eu anunciei a voc\u00eas&#8221;, disse-lhes; pois Jo\u00e3o batizou com \u00e1gua, mas voc\u00eas, em poucos dias, ser\u00e3o batizados com o Esp\u00edrito Santo. (Atos 1, 4-5)<\/p>\n\n\n\n<p class=\"wp-block-paragraph\">\u201cIde, fazei disc\u00edpulos de todas as na\u00e7\u00f5es, batizando-os em nome do Pai, e do Filho, e do Esp\u00edrito Santo, e ensinai-os a observar tudo o que vos ordenei. E eis que estou sempre convosco, at\u00e9 ao fim do mundo\u201d. (Mateus 28, 19-20).<\/p>\n\n\n\n<h2 class=\"wp-block-heading\">A vinda do Esp\u00edrito Santo<\/h2>\n\n\n\n<p class=\"wp-block-paragraph\">\u201cNo dia de Pentecostes, estavam todos juntos no mesmo lugar. De repente, veio do c\u00e9u um som como um vento impetuoso, e encheu toda a casa onde estavam sentados. As l\u00ednguas, como l\u00ednguas de fogo, apareceram para eles, separadas umas das outras, e pousaram em cada um deles. E todos ficaram cheios do Esp\u00edrito Santo, e come\u00e7aram a falar outras l\u00ednguas, conforme o Esp\u00edrito lhes concedia que falassem\u201d (Atos 2, 1-4).<\/p>\n\n\n\n<h2 class=\"wp-block-heading\">Caminhe com o Esp\u00edrito Santo<\/h2>\n\n\n\n<p class=\"wp-block-paragraph\">\u201cSe vivemos pelo Esp\u00edrito, andemos tamb\u00e9m pelo Esp\u00edrito\u201d. &#8211;&nbsp; G\u00e1latas 5, 25.<\/p>\n\n\n\n<p class=\"wp-block-paragraph\">Uma vez que recebemos o Esp\u00edrito, fica claro neste vers\u00edculo que h\u00e1 um caminho que devemos trilhar. Andar no Esp\u00edrito&nbsp; significa ser obediente ao Esp\u00edrito.&nbsp;<\/p>\n\n\n\n<p class=\"wp-block-paragraph\">\u201cPor isso digo: Andem no Esp\u00edrito e n\u00e3o satisfar\u00e3o os desejos da carne. Pois a carne tem desejos contr\u00e1rios aos do Esp\u00edrito, e o Esp\u00edrito tem desejos contr\u00e1rios aos da carne; eles se op\u00f5em um ao outro, para que voc\u00ea n\u00e3o fa\u00e7a o que gostaria. &#8211; G\u00e1latas 5, 16-17.<\/p>\n\n\n\n<p class=\"wp-block-paragraph\">\u201cAssim, pois, irm\u00e3os, n\u00e3o devemos \u00e0 carne para viver segundo a carne. Se voc\u00ea viver segundo a carne, voc\u00ea morrer\u00e1; mas se pelo Esp\u00edrito voc\u00ea matar as a\u00e7\u00f5es do corpo, voc\u00ea viver\u00e1. &#8211; Romanos 8, 12-13.<\/p>\n\n\n\n<p class=\"wp-block-paragraph\">\u201cPortanto, como diz o Esp\u00edrito Santo: Hoje, se ouvirdes a sua voz, n\u00e3o endure\u00e7ais os vossos cora\u00e7\u00f5es, como na rebeli\u00e3o\u2026\u201d&nbsp; Hebreus 3, 7-8.<\/p>\n\n\n\n<h2 class=\"wp-block-heading\">Os Resultados Quando Andamos no Esp\u00edrito<\/h2>\n\n\n\n<p class=\"wp-block-paragraph\">\u201cMas o fruto do Esp\u00edrito \u00e9 amor, alegria, paz, longanimidade, benignidade, benevol\u00eancia, f\u00e9, mansid\u00e3o, dom\u00ednio pr\u00f3prio; a lei n\u00e3o \u00e9 contra essas coisas. &#8211; G\u00e1latas 5, 22-23.<\/p>\n\n\n\n<p class=\"wp-block-paragraph\">\u201c\u2026a afei\u00e7\u00e3o do Esp\u00edrito \u00e9 vida e paz. &#8211; Romanos 8, 6.<\/p>\n\n\n\n<p class=\"wp-block-paragraph\">\u201cQue o Deus da esperan\u00e7a vos encha de todo o gozo e paz na f\u00e9, para que abundeis em esperan\u00e7a, pelo poder do Esp\u00edrito Santo!\u201d &#8211; Romanos 15, 13.<\/p>","protected":false},"excerpt":{"rendered":"<p>Esp\u00edrito Santo \u2500 Desde o in\u00edcio do G\u00eanesis, o sopro de Deus (ruah, em hebraico) \u00e9 designado como sinal e princ\u00edpio de toda a vida&#8230;<\/p>","protected":false},"author":1,"featured_media":479,"comment_status":"open","ping_status":"closed","sticky":false,"template":"","format":"standard","meta":{"neve_meta_sidebar":"","neve_meta_container":"","neve_meta_enable_content_width":"","neve_meta_content_width":0,"neve_meta_title_alignment":"","neve_meta_author_avatar":"","neve_post_elements_order":"","neve_meta_disable_header":"","neve_meta_disable_footer":"","neve_meta_disable_title":"","footnotes":""},"categories":[1],"tags":[83,92],"class_list":["post-461","post","type-post","status-publish","format-standard","has-post-thumbnail","hentry","category-curiosidades","tag-biblia-2","tag-espirito-santo"],"yoast_head":"<!-- This site is optimized with the Yoast SEO plugin v28.4 - https:\/\/yoast.com\/product\/yoast-seo-wordpress\/ -->\n<title>Esp\u00edrito Santo: Saiba o que a B\u00edblia diz sobre a for\u00e7a ativa de Deus - Ora\u00e7\u00e3o e F\u00e9<\/title>\n<meta name=\"description\" content=\"Esp\u00edrito Santo \u2500 Desde o in\u00edcio do G\u00eanesis, o sopro de Deus (ruah, em hebraico) \u00e9 designado como sinal e princ\u00edpio de toda a vida...\" \/>\n<meta name=\"robots\" content=\"index, follow, max-snippet:-1, max-image-preview:large, max-video-preview:-1\" \/>\n<link rel=\"canonical\" href=\"https:\/\/www.oracaoefe.com\/fr\/espirito-santo-saiba-o-que-a-biblia-diz-sobre-a-forca-ativa-de-deus\/\" \/>\n<meta property=\"og:locale\" content=\"fr_FR\" \/>\n<meta property=\"og:type\" content=\"article\" \/>\n<meta property=\"og:title\" content=\"Esp\u00edrito Santo: Saiba o que a B\u00edblia diz sobre a for\u00e7a ativa de Deus - Ora\u00e7\u00e3o e F\u00e9\" \/>\n<meta property=\"og:description\" content=\"Esp\u00edrito Santo \u2500 Desde o in\u00edcio do G\u00eanesis, o sopro de Deus (ruah, em hebraico) \u00e9 designado como sinal e princ\u00edpio de toda a vida...\" \/>\n<meta property=\"og:url\" content=\"https:\/\/www.oracaoefe.com\/fr\/espirito-santo-saiba-o-que-a-biblia-diz-sobre-a-forca-ativa-de-deus\/\" \/>\n<meta property=\"og:site_name\" content=\"Ora\u00e7\u00e3o e F\u00e9\" \/>\n<meta property=\"article:published_time\" content=\"2022-09-27T23:26:49+00:00\" \/>\n<meta property=\"article:modified_time\" content=\"2022-09-28T15:11:09+00:00\" \/>\n<meta property=\"og:image\" content=\"https:\/\/www.oracaoefe.com\/wp-content\/uploads\/2022\/09\/Espirito-Santo-Saiba-o-que-a-Biblia-diz-sobre-a-forca-ativa-de-Deus.jpg\" \/>\n\t<meta property=\"og:image:width\" content=\"1200\" \/>\n\t<meta property=\"og:image:height\" content=\"675\" \/>\n\t<meta property=\"og:image:type\" content=\"image\/jpeg\" \/>\n<meta name=\"author\" content=\"Maria\" \/>\n<meta name=\"twitter:card\" content=\"summary_large_image\" \/>\n<meta name=\"twitter:label1\" content=\"\u00c9crit par\" \/>\n\t<meta name=\"twitter:data1\" content=\"Maria\" \/>\n\t<meta name=\"twitter:label2\" content=\"Dur\u00e9e de lecture estim\u00e9e\" \/>\n\t<meta name=\"twitter:data2\" content=\"4 minutes\" \/>\n<script type=\"application\/ld+json\" class=\"yoast-schema-graph\">{\"@context\":\"https:\\\/\\\/schema.org\",\"@graph\":[{\"@type\":\"Article\",\"@id\":\"https:\\\/\\\/www.oracaoefe.com\\\/espirito-santo-saiba-o-que-a-biblia-diz-sobre-a-forca-ativa-de-deus\\\/#article\",\"isPartOf\":{\"@id\":\"https:\\\/\\\/www.oracaoefe.com\\\/espirito-santo-saiba-o-que-a-biblia-diz-sobre-a-forca-ativa-de-deus\\\/\"},\"author\":{\"name\":\"Maria\",\"@id\":\"https:\\\/\\\/www.oracaoefe.com\\\/#\\\/schema\\\/person\\\/27873f1e6043866689f5091b5139f23d\"},\"headline\":\"Esp\u00edrito Santo: Saiba o que a B\u00edblia diz sobre a for\u00e7a ativa de Deus\",\"datePublished\":\"2022-09-27T23:26:49+00:00\",\"dateModified\":\"2022-09-28T15:11:09+00:00\",\"mainEntityOfPage\":{\"@id\":\"https:\\\/\\\/www.oracaoefe.com\\\/espirito-santo-saiba-o-que-a-biblia-diz-sobre-a-forca-ativa-de-deus\\\/\"},\"wordCount\":816,\"commentCount\":0,\"image\":{\"@id\":\"https:\\\/\\\/www.oracaoefe.com\\\/espirito-santo-saiba-o-que-a-biblia-diz-sobre-a-forca-ativa-de-deus\\\/#primaryimage\"},\"thumbnailUrl\":\"https:\\\/\\\/www.oracaoefe.com\\\/wp-content\\\/uploads\\\/2022\\\/09\\\/Espirito-Santo-Saiba-o-que-a-Biblia-diz-sobre-a-forca-ativa-de-Deus.jpg\",\"keywords\":[\"B\u00edblia\",\"Esp\u00edrito Santo\"],\"articleSection\":[\"Curiosidades\"],\"inLanguage\":\"fr-FR\",\"potentialAction\":[{\"@type\":\"CommentAction\",\"name\":\"Comment\",\"target\":[\"https:\\\/\\\/www.oracaoefe.com\\\/espirito-santo-saiba-o-que-a-biblia-diz-sobre-a-forca-ativa-de-deus\\\/#respond\"]}]},{\"@type\":\"WebPage\",\"@id\":\"https:\\\/\\\/www.oracaoefe.com\\\/espirito-santo-saiba-o-que-a-biblia-diz-sobre-a-forca-ativa-de-deus\\\/\",\"url\":\"https:\\\/\\\/www.oracaoefe.com\\\/espirito-santo-saiba-o-que-a-biblia-diz-sobre-a-forca-ativa-de-deus\\\/\",\"name\":\"Esp\u00edrito Santo: Saiba o que a B\u00edblia diz sobre a for\u00e7a ativa de Deus - Ora\u00e7\u00e3o e F\u00e9\",\"isPartOf\":{\"@id\":\"https:\\\/\\\/www.oracaoefe.com\\\/#website\"},\"primaryImageOfPage\":{\"@id\":\"https:\\\/\\\/www.oracaoefe.com\\\/espirito-santo-saiba-o-que-a-biblia-diz-sobre-a-forca-ativa-de-deus\\\/#primaryimage\"},\"image\":{\"@id\":\"https:\\\/\\\/www.oracaoefe.com\\\/espirito-santo-saiba-o-que-a-biblia-diz-sobre-a-forca-ativa-de-deus\\\/#primaryimage\"},\"thumbnailUrl\":\"https:\\\/\\\/www.oracaoefe.com\\\/wp-content\\\/uploads\\\/2022\\\/09\\\/Espirito-Santo-Saiba-o-que-a-Biblia-diz-sobre-a-forca-ativa-de-Deus.jpg\",\"datePublished\":\"2022-09-27T23:26:49+00:00\",\"dateModified\":\"2022-09-28T15:11:09+00:00\",\"author\":{\"@id\":\"https:\\\/\\\/www.oracaoefe.com\\\/#\\\/schema\\\/person\\\/27873f1e6043866689f5091b5139f23d\"},\"description\":\"Esp\u00edrito Santo \u2500 Desde o in\u00edcio do G\u00eanesis, o sopro de Deus (ruah, em hebraico) \u00e9 designado como sinal e princ\u00edpio de toda a vida...\",\"breadcrumb\":{\"@id\":\"https:\\\/\\\/www.oracaoefe.com\\\/espirito-santo-saiba-o-que-a-biblia-diz-sobre-a-forca-ativa-de-deus\\\/#breadcrumb\"},\"inLanguage\":\"fr-FR\",\"potentialAction\":[{\"@type\":\"ReadAction\",\"target\":[\"https:\\\/\\\/www.oracaoefe.com\\\/espirito-santo-saiba-o-que-a-biblia-diz-sobre-a-forca-ativa-de-deus\\\/\"]}]},{\"@type\":\"ImageObject\",\"inLanguage\":\"fr-FR\",\"@id\":\"https:\\\/\\\/www.oracaoefe.com\\\/espirito-santo-saiba-o-que-a-biblia-diz-sobre-a-forca-ativa-de-deus\\\/#primaryimage\",\"url\":\"https:\\\/\\\/www.oracaoefe.com\\\/wp-content\\\/uploads\\\/2022\\\/09\\\/Espirito-Santo-Saiba-o-que-a-Biblia-diz-sobre-a-forca-ativa-de-Deus.jpg\",\"contentUrl\":\"https:\\\/\\\/www.oracaoefe.com\\\/wp-content\\\/uploads\\\/2022\\\/09\\\/Espirito-Santo-Saiba-o-que-a-Biblia-diz-sobre-a-forca-ativa-de-Deus.jpg\",\"width\":1200,\"height\":675,\"caption\":\"Esp\u00edrito Santo Saiba o que a B\u00edblia diz sobre a for\u00e7a ativa de Deus\"},{\"@type\":\"BreadcrumbList\",\"@id\":\"https:\\\/\\\/www.oracaoefe.com\\\/espirito-santo-saiba-o-que-a-biblia-diz-sobre-a-forca-ativa-de-deus\\\/#breadcrumb\",\"itemListElement\":[{\"@type\":\"ListItem\",\"position\":1,\"name\":\"Home\",\"item\":\"https:\\\/\\\/www.oracaoefe.com\\\/\"},{\"@type\":\"ListItem\",\"position\":2,\"name\":\"Curiosidades\",\"item\":\"https:\\\/\\\/www.oracaoefe.com\\\/es\\\/categoria\\\/curiosidades\\\/\"},{\"@type\":\"ListItem\",\"position\":3,\"name\":\"Esp\u00edrito Santo: Saiba o que a B\u00edblia diz sobre a for\u00e7a ativa de Deus\"}]},{\"@type\":\"WebSite\",\"@id\":\"https:\\\/\\\/www.oracaoefe.com\\\/#website\",\"url\":\"https:\\\/\\\/www.oracaoefe.com\\\/\",\"name\":\"Ora\u00e7\u00e3o e F\u00e9\",\"description\":\"\",\"potentialAction\":[{\"@type\":\"SearchAction\",\"target\":{\"@type\":\"EntryPoint\",\"urlTemplate\":\"https:\\\/\\\/www.oracaoefe.com\\\/?s={search_term_string}\"},\"query-input\":{\"@type\":\"PropertyValueSpecification\",\"valueRequired\":true,\"valueName\":\"search_term_string\"}}],\"inLanguage\":\"fr-FR\"},{\"@type\":\"Person\",\"@id\":\"https:\\\/\\\/www.oracaoefe.com\\\/#\\\/schema\\\/person\\\/27873f1e6043866689f5091b5139f23d\",\"name\":\"Maria\",\"image\":{\"@type\":\"ImageObject\",\"inLanguage\":\"fr-FR\",\"@id\":\"https:\\\/\\\/secure.gravatar.com\\\/avatar\\\/4cac5ea56d40d599bd7348d330a83b1c84cd229296d1613cd1c7f6740561d0c9?s=96&d=mm&r=g\",\"url\":\"https:\\\/\\\/secure.gravatar.com\\\/avatar\\\/4cac5ea56d40d599bd7348d330a83b1c84cd229296d1613cd1c7f6740561d0c9?s=96&d=mm&r=g\",\"contentUrl\":\"https:\\\/\\\/secure.gravatar.com\\\/avatar\\\/4cac5ea56d40d599bd7348d330a83b1c84cd229296d1613cd1c7f6740561d0c9?s=96&d=mm&r=g\",\"caption\":\"Maria\"},\"description\":\"Meu nome \u00e9 Maria e sou apaixonada por teologia, espiritualidade e estudos religiosos. H\u00e1 mais de 5 anos escrevo sobre o universo da f\u00e9, pesquisando diferentes religi\u00f5es, doutrinas, tradi\u00e7\u00f5es espirituais e curiosidades religiosas ao redor do mundo. Tenho grande interesse em compreender como a f\u00e9 e a religiosidade se manifestam em diferentes culturas, pa\u00edses e idiomas, sempre buscando aprender mais sobre os costumes, cren\u00e7as e hist\u00f3rias que influenciam milh\u00f5es de pessoas diariamente. Atualmente, atuo como redatora no portal Ora\u00e7\u00e3o e F\u00e9, onde compartilho conte\u00fados informativos, reflexivos e inspiradores voltados ao universo religioso e espiritual. Meu objetivo \u00e9 levar conhecimento, curiosidades e mensagens enriquecedoras para leitores que desejam aprofundar sua compreens\u00e3o sobre f\u00e9, religi\u00e3o e espiritualidade no mundo moderno.\",\"sameAs\":[\"https:\\\/\\\/www.oracaoefe.com\"],\"url\":\"https:\\\/\\\/www.oracaoefe.com\\\/fr\\\/author\\\/admin\\\/\"}]}<\/script>\n<!-- \/ Yoast SEO plugin. -->","yoast_head_json":{"title":"Esp\u00edrito Santo: Saiba o que a B\u00edblia diz sobre a for\u00e7a ativa de Deus - Ora\u00e7\u00e3o e F\u00e9","description":"Esp\u00edrito Santo \u2500 Desde o in\u00edcio do G\u00eanesis, o sopro de Deus (ruah, em hebraico) \u00e9 designado como sinal e princ\u00edpio de toda a vida...","robots":{"index":"index","follow":"follow","max-snippet":"max-snippet:-1","max-image-preview":"max-image-preview:large","max-video-preview":"max-video-preview:-1"},"canonical":"https:\/\/www.oracaoefe.com\/fr\/espirito-santo-saiba-o-que-a-biblia-diz-sobre-a-forca-ativa-de-deus\/","og_locale":"fr_FR","og_type":"article","og_title":"Esp\u00edrito Santo: Saiba o que a B\u00edblia diz sobre a for\u00e7a ativa de Deus - Ora\u00e7\u00e3o e F\u00e9","og_description":"Esp\u00edrito Santo \u2500 Desde o in\u00edcio do G\u00eanesis, o sopro de Deus (ruah, em hebraico) \u00e9 designado como sinal e princ\u00edpio de toda a vida...","og_url":"https:\/\/www.oracaoefe.com\/fr\/espirito-santo-saiba-o-que-a-biblia-diz-sobre-a-forca-ativa-de-deus\/","og_site_name":"Ora\u00e7\u00e3o e F\u00e9","article_published_time":"2022-09-27T23:26:49+00:00","article_modified_time":"2022-09-28T15:11:09+00:00","og_image":[{"width":1200,"height":675,"url":"https:\/\/www.oracaoefe.com\/wp-content\/uploads\/2022\/09\/Espirito-Santo-Saiba-o-que-a-Biblia-diz-sobre-a-forca-ativa-de-Deus.jpg","type":"image\/jpeg"}],"author":"Maria","twitter_card":"summary_large_image","twitter_misc":{"\u00c9crit par":"Maria","Dur\u00e9e de lecture estim\u00e9e":"4 minutes"},"schema":{"@context":"https:\/\/schema.org","@graph":[{"@type":"Article","@id":"https:\/\/www.oracaoefe.com\/espirito-santo-saiba-o-que-a-biblia-diz-sobre-a-forca-ativa-de-deus\/#article","isPartOf":{"@id":"https:\/\/www.oracaoefe.com\/espirito-santo-saiba-o-que-a-biblia-diz-sobre-a-forca-ativa-de-deus\/"},"author":{"name":"Maria","@id":"https:\/\/www.oracaoefe.com\/#\/schema\/person\/27873f1e6043866689f5091b5139f23d"},"headline":"Esp\u00edrito Santo: Saiba o que a B\u00edblia diz sobre a for\u00e7a ativa de Deus","datePublished":"2022-09-27T23:26:49+00:00","dateModified":"2022-09-28T15:11:09+00:00","mainEntityOfPage":{"@id":"https:\/\/www.oracaoefe.com\/espirito-santo-saiba-o-que-a-biblia-diz-sobre-a-forca-ativa-de-deus\/"},"wordCount":816,"commentCount":0,"image":{"@id":"https:\/\/www.oracaoefe.com\/espirito-santo-saiba-o-que-a-biblia-diz-sobre-a-forca-ativa-de-deus\/#primaryimage"},"thumbnailUrl":"https:\/\/www.oracaoefe.com\/wp-content\/uploads\/2022\/09\/Espirito-Santo-Saiba-o-que-a-Biblia-diz-sobre-a-forca-ativa-de-Deus.jpg","keywords":["B\u00edblia","Esp\u00edrito Santo"],"articleSection":["Curiosidades"],"inLanguage":"fr-FR","potentialAction":[{"@type":"CommentAction","name":"Comment","target":["https:\/\/www.oracaoefe.com\/espirito-santo-saiba-o-que-a-biblia-diz-sobre-a-forca-ativa-de-deus\/#respond"]}]},{"@type":"WebPage","@id":"https:\/\/www.oracaoefe.com\/espirito-santo-saiba-o-que-a-biblia-diz-sobre-a-forca-ativa-de-deus\/","url":"https:\/\/www.oracaoefe.com\/espirito-santo-saiba-o-que-a-biblia-diz-sobre-a-forca-ativa-de-deus\/","name":"Esp\u00edrito Santo: Saiba o que a B\u00edblia diz sobre a for\u00e7a ativa de Deus - Ora\u00e7\u00e3o e F\u00e9","isPartOf":{"@id":"https:\/\/www.oracaoefe.com\/#website"},"primaryImageOfPage":{"@id":"https:\/\/www.oracaoefe.com\/espirito-santo-saiba-o-que-a-biblia-diz-sobre-a-forca-ativa-de-deus\/#primaryimage"},"image":{"@id":"https:\/\/www.oracaoefe.com\/espirito-santo-saiba-o-que-a-biblia-diz-sobre-a-forca-ativa-de-deus\/#primaryimage"},"thumbnailUrl":"https:\/\/www.oracaoefe.com\/wp-content\/uploads\/2022\/09\/Espirito-Santo-Saiba-o-que-a-Biblia-diz-sobre-a-forca-ativa-de-Deus.jpg","datePublished":"2022-09-27T23:26:49+00:00","dateModified":"2022-09-28T15:11:09+00:00","author":{"@id":"https:\/\/www.oracaoefe.com\/#\/schema\/person\/27873f1e6043866689f5091b5139f23d"},"description":"Esp\u00edrito Santo \u2500 Desde o in\u00edcio do G\u00eanesis, o sopro de Deus (ruah, em hebraico) \u00e9 designado como sinal e princ\u00edpio de toda a vida...","breadcrumb":{"@id":"https:\/\/www.oracaoefe.com\/espirito-santo-saiba-o-que-a-biblia-diz-sobre-a-forca-ativa-de-deus\/#breadcrumb"},"inLanguage":"fr-FR","potentialAction":[{"@type":"ReadAction","target":["https:\/\/www.oracaoefe.com\/espirito-santo-saiba-o-que-a-biblia-diz-sobre-a-forca-ativa-de-deus\/"]}]},{"@type":"ImageObject","inLanguage":"fr-FR","@id":"https:\/\/www.oracaoefe.com\/espirito-santo-saiba-o-que-a-biblia-diz-sobre-a-forca-ativa-de-deus\/#primaryimage","url":"https:\/\/www.oracaoefe.com\/wp-content\/uploads\/2022\/09\/Espirito-Santo-Saiba-o-que-a-Biblia-diz-sobre-a-forca-ativa-de-Deus.jpg","contentUrl":"https:\/\/www.oracaoefe.com\/wp-content\/uploads\/2022\/09\/Espirito-Santo-Saiba-o-que-a-Biblia-diz-sobre-a-forca-ativa-de-Deus.jpg","width":1200,"height":675,"caption":"Esp\u00edrito Santo Saiba o que a B\u00edblia diz sobre a for\u00e7a ativa de Deus"},{"@type":"BreadcrumbList","@id":"https:\/\/www.oracaoefe.com\/espirito-santo-saiba-o-que-a-biblia-diz-sobre-a-forca-ativa-de-deus\/#breadcrumb","itemListElement":[{"@type":"ListItem","position":1,"name":"Home","item":"https:\/\/www.oracaoefe.com\/"},{"@type":"ListItem","position":2,"name":"Curiosidades","item":"https:\/\/www.oracaoefe.com\/es\/categoria\/curiosidades\/"},{"@type":"ListItem","position":3,"name":"Esp\u00edrito Santo: Saiba o que a B\u00edblia diz sobre a for\u00e7a ativa de Deus"}]},{"@type":"WebSite","@id":"https:\/\/www.oracaoefe.com\/#website","url":"https:\/\/www.oracaoefe.com\/","name":"Pri\u00e8re et foi","description":"","potentialAction":[{"@type":"SearchAction","target":{"@type":"EntryPoint","urlTemplate":"https:\/\/www.oracaoefe.com\/?s={search_term_string}"},"query-input":{"@type":"PropertyValueSpecification","valueRequired":true,"valueName":"search_term_string"}}],"inLanguage":"fr-FR"},{"@type":"Person","@id":"https:\/\/www.oracaoefe.com\/#\/schema\/person\/27873f1e6043866689f5091b5139f23d","name":"Maria","image":{"@type":"ImageObject","inLanguage":"fr-FR","@id":"https:\/\/secure.gravatar.com\/avatar\/4cac5ea56d40d599bd7348d330a83b1c84cd229296d1613cd1c7f6740561d0c9?s=96&d=mm&r=g","url":"https:\/\/secure.gravatar.com\/avatar\/4cac5ea56d40d599bd7348d330a83b1c84cd229296d1613cd1c7f6740561d0c9?s=96&d=mm&r=g","contentUrl":"https:\/\/secure.gravatar.com\/avatar\/4cac5ea56d40d599bd7348d330a83b1c84cd229296d1613cd1c7f6740561d0c9?s=96&d=mm&r=g","caption":"Maria"},"description":"Meu nome \u00e9 Maria e sou apaixonada por teologia, espiritualidade e estudos religiosos. H\u00e1 mais de 5 anos escrevo sobre o universo da f\u00e9, pesquisando diferentes religi\u00f5es, doutrinas, tradi\u00e7\u00f5es espirituais e curiosidades religiosas ao redor do mundo. Tenho grande interesse em compreender como a f\u00e9 e a religiosidade se manifestam em diferentes culturas, pa\u00edses e idiomas, sempre buscando aprender mais sobre os costumes, cren\u00e7as e hist\u00f3rias que influenciam milh\u00f5es de pessoas diariamente. Atualmente, atuo como redatora no portal Ora\u00e7\u00e3o e F\u00e9, onde compartilho conte\u00fados informativos, reflexivos e inspiradores voltados ao universo religioso e espiritual. Meu objetivo \u00e9 levar conhecimento, curiosidades e mensagens enriquecedoras para leitores que desejam aprofundar sua compreens\u00e3o sobre f\u00e9, religi\u00e3o e espiritualidade no mundo moderno.","sameAs":["https:\/\/www.oracaoefe.com"],"url":"https:\/\/www.oracaoefe.com\/fr\/author\/admin\/"}]}},"_links":{"self":[{"href":"https:\/\/www.oracaoefe.com\/fr\/wp-json\/wp\/v2\/posts\/461","targetHints":{"allow":["GET"]}}],"collection":[{"href":"https:\/\/www.oracaoefe.com\/fr\/wp-json\/wp\/v2\/posts"}],"about":[{"href":"https:\/\/www.oracaoefe.com\/fr\/wp-json\/wp\/v2\/types\/post"}],"author":[{"embeddable":true,"href":"https:\/\/www.oracaoefe.com\/fr\/wp-json\/wp\/v2\/users\/1"}],"replies":[{"embeddable":true,"href":"https:\/\/www.oracaoefe.com\/fr\/wp-json\/wp\/v2\/comments?post=461"}],"version-history":[{"count":1,"href":"https:\/\/www.oracaoefe.com\/fr\/wp-json\/wp\/v2\/posts\/461\/revisions"}],"predecessor-version":[{"id":462,"href":"https:\/\/www.oracaoefe.com\/fr\/wp-json\/wp\/v2\/posts\/461\/revisions\/462"}],"wp:featuredmedia":[{"embeddable":true,"href":"https:\/\/www.oracaoefe.com\/fr\/wp-json\/wp\/v2\/media\/479"}],"wp:attachment":[{"href":"https:\/\/www.oracaoefe.com\/fr\/wp-json\/wp\/v2\/media?parent=461"}],"wp:term":[{"taxonomy":"category","embeddable":true,"href":"https:\/\/www.oracaoefe.com\/fr\/wp-json\/wp\/v2\/categories?post=461"},{"taxonomy":"post_tag","embeddable":true,"href":"https:\/\/www.oracaoefe.com\/fr\/wp-json\/wp\/v2\/tags?post=461"}],"curies":[{"name":"wp","href":"https:\/\/api.w.org\/{rel}","templated":true}]}}