{"id":455,"date":"2022-09-27T20:20:23","date_gmt":"2022-09-27T23:20:23","guid":{"rendered":"https:\/\/www.oracaoefe.com\/?p=455"},"modified":"2022-09-28T12:10:23","modified_gmt":"2022-09-28T15:10:23","slug":"quais-sao-os-5-ministerios-da-biblia-descubra-aqui","status":"publish","type":"post","link":"https:\/\/www.oracaoefe.com\/fr\/quais-sao-os-5-ministerios-da-biblia-descubra-aqui\/","title":{"rendered":"Quais s\u00e3o os 5 minist\u00e9rios da B\u00edblia? Descubra aqui"},"content":{"rendered":"<div class=\"wp-block-post-date\"><time datetime=\"2022-09-27T20:20:23-03:00\">septembre 27, 2022<\/time><\/div>\n\n\n<p class=\"wp-block-paragraph\">Na B\u00edblia, a palavra minist\u00e9rio significa servi\u00e7o, mas aqui \u00e9 um minist\u00e9rio particular. Existem v\u00e1rios dons ministeriais dados pelo Senhor Jesus \u00e0 sua Igreja, estes v\u00eam do pr\u00f3prio Deus, por exemplo, um bom pregador n\u00e3o \u00e9 um dom ministerial do Senhor para sua Igreja. Nem s\u00e3o os dons do Esp\u00edrito Santo mencionados em Cor\u00edntios 12.<\/p>\n\n\n\n<h2 class=\"wp-block-heading\">Quais s\u00e3o os 5 minist\u00e9rios da B\u00edblia?<\/h2>\n\n\n\n<p class=\"wp-block-paragraph\">Em sua Carta aos Ef\u00e9sios, Paulo escreveu cerca de 5 minist\u00e9rios diferentes. Esses minist\u00e9rios s\u00e3o os dons de Jesus para sua igreja. Em Ef\u00e9sios 4:8, Paulo escreveu: &#8220;No tempo de sua ascens\u00e3o, ele (Jesus) deu dons aos homens&#8221;. Em Ef\u00e9sios 4:11, Paulo expressa quais s\u00e3o esses minist\u00e9rios:<\/p>\n\n\n\n<ul class=\"wp-block-list\"><li>Ap\u00f3stolos;<\/li><li>Profetas;<\/li><li>Evangelistas;<\/li><li>Pastores;<\/li><li>Professores (M\u00e9dicos).<\/li><\/ul>\n\n\n\n<h3 class=\"wp-block-heading\">Ap\u00f3stolos<\/h3>\n\n\n\n<p class=\"wp-block-paragraph\">O AP\u00d3STOLO<\/p>\n\n\n\n<p class=\"wp-block-paragraph\">O ap\u00f3stolo de acordo com a Palavra de Deus \u00e9 um enviado ou mensageiro (apostolos do grego). A B\u00edblia nos diz que Jesus foi o primeiro ap\u00f3stolo em Hebreus 3:1 \u201c\u2026considere o ap\u00f3stolo e sumo sacerdote da f\u00e9 que professamos. &#8220;.<\/p>\n\n\n\n<p class=\"wp-block-paragraph\">Ele mesmo diz: \u201cComo o pai te enviou, eu mesmo te envio\u201d Jo\u00e3o 20:21. O ap\u00f3stolo \u00e9, portanto, enviado por Cristo, como Cristo foi enviado pelo Pai, sempre \u00e0 frente dos minist\u00e9rios dados por Deus (1 Cor\u00edntios 12:28; Ef\u00e9sios 4:11).<\/p>\n\n\n\n<p class=\"wp-block-paragraph\">Os sinais do ap\u00f3stolo s\u00e3o indicados por Paulo (2 Cor\u00edntios 2:12-12) como tendo sido experimentados por ele mesmo: paci\u00eancia infal\u00edvel, sinais, maravilhas e milagres.<\/p>\n\n\n\n<p class=\"wp-block-paragraph\">Os sofrimentos do ap\u00f3stolo s\u00e3o tais que foi necess\u00e1ria a manifesta\u00e7\u00e3o do fruto do Esp\u00edrito (G\u00e1latas: 5:22-23) para poder suport\u00e1-los.<\/p>\n\n\n\n<h3 class=\"wp-block-heading\">Profetas<\/h3>\n\n\n\n<p class=\"wp-block-paragraph\">Novamente Jesus \u00e9 o modelo (Atos 3:22). O profeta do Antigo Testamento era um porta-voz ungido pelo Esp\u00edrito. Ele falou por Deus, que lhe ensinou o que dizer e fazer (Miqu\u00e9ias 3:8; \u00caxodo 7:1, 4:15).<\/p>\n\n\n\n<p class=\"wp-block-paragraph\">No Novo Testamento encontramos claramente designado pelo nome de profeta: \u00c1gabo em Atos 11:27-28, Judas e Silas em Atos 15:32, os ap\u00f3stolos fundadores Ef\u00e9sios 3:1-5 (Apocalipse 10:7; Mateus 5:12).<\/p>\n\n\n\n<p class=\"wp-block-paragraph\">Alguns profetas s\u00e3o mencionados sem serem nomeados (Atos 11:27,13:1, Ef\u00e9sios 3:5).<\/p>\n\n\n\n<p class=\"wp-block-paragraph\">Os profetas do NT falam principalmente para a Igreja, mas podem receber palavras para as na\u00e7\u00f5es (Apocalipse 10:9-11).<\/p>\n\n\n\n<p class=\"wp-block-paragraph\">O profeta fala sob o impulso de uma s\u00fabita inspira\u00e7\u00e3o do Esp\u00edrito.<\/p>\n\n\n\n<p class=\"wp-block-paragraph\">Pode revelar eventos futuros Atos 11:28 \u201cUm deles, chamado \u00c1gabo, levantou-se e declarou pelo Esp\u00edrito que haveria uma grande fome em toda a terra.<\/p>\n\n\n\n<p class=\"wp-block-paragraph\">Ela chegou, de fato, sob o comando de Claude. (Atos 21:10-11; 11:27-30) ou dar a mente do Esp\u00edrito em geral. Ele \u00e9 um pregador do Evangelho no Novo Testamento.<\/p>\n\n\n\n<h3 class=\"wp-block-heading\">Evangelistas<\/h3>\n\n\n\n<p class=\"wp-block-paragraph\">De acordo com a defini\u00e7\u00e3o da palavra grega, o evangelista \u00e9 um mensageiro que traz boas novas. Designa algu\u00e9m cujo minist\u00e9rio \u00e9 pregar, anunciar, as Boas Novas do Senhor Jesus Cristo.<\/p>\n\n\n\n<p class=\"wp-block-paragraph\">No NT, esse nome \u00e9 dado \u00e0queles que anunciam as Boas Novas de Jesus Cristo, como Filipe, o Evangelista. Esta palavra aparece muito poucas vezes no Novo Testamento. Atos 21:8 \u201cSa\u00edmos no dia seguinte e viemos para Cesar\u00e9ia.<\/p>\n\n\n\n<p class=\"wp-block-paragraph\">Tendo entrado na casa de Filipe, o Evangelista, que era um dos sete, nos hospedamos com ele. O an\u00fancio da Boa Nova n\u00e3o diz respeito apenas aos evangelistas, mas a todos aqueles que, redimidos pelo Senhor Jesus Cristo, s\u00e3o seus disc\u00edpulos e suas testemunhas:<\/p>\n\n\n\n<p class=\"wp-block-paragraph\">No entanto, isso n\u00e3o significa que todos sejam evangelistas de acordo com esse minist\u00e9rio espec\u00edfico, que designa algu\u00e9m ungido com uma un\u00e7\u00e3o particular, dada pelo Senhor, conforme Ef\u00e9sios 4:11.<\/p>\n\n\n\n<p class=\"wp-block-paragraph\">\u00c9 claro que haver\u00e1 uma diferen\u00e7a entre um crist\u00e3o que evangeliza e um minist\u00e9rio talentoso de evangelista que ter\u00e1 uma un\u00e7\u00e3o particular de Deus,<\/p>\n\n\n\n<p class=\"wp-block-paragraph\">Sua mensagem tocar\u00e1 poderosamente e perturbar\u00e1 os cora\u00e7\u00f5es, ele ser\u00e1 acompanhado pelo sobrenatural divino (curas milagrosas, livramentos por exemplo).<\/p>\n\n\n\n<h3 class=\"wp-block-heading\">Pastores<\/h3>\n\n\n\n<p class=\"wp-block-paragraph\">A palavra &#8220;Pastor&#8221; \u00e9 encontrada muito poucas vezes tamb\u00e9m no NT e em tr\u00eas passagens, diz respeito ao Senhor Jesus Cristo, nosso Pastor soberano (Hebreus 13:20; 1 Pedro 2:25 e 1 Pedro 5:4).<\/p>\n\n\n\n<p class=\"wp-block-paragraph\">No Antigo Testamento, encontramos mais frequentemente aplicado aos governantes de Israel, com o significado de &#8220;pastores&#8221;, aqueles que apascentam o rebanho, que conduzem o povo.<\/p>\n\n\n\n<p class=\"wp-block-paragraph\">Jeremias 23:1 diz: \u201cAi dos pastores que destroem e dispersam o rebanho do meu pasto! diz o Senhor. Jo\u00e3o 10:11 anuncia \u201cEu sou o bom pastor.<\/p>\n\n\n\n<p class=\"wp-block-paragraph\">O bom pastor d\u00e1 a vida pelas ovelhas. E em 10:27 \u201cAs minhas ovelhas ouvem a minha voz. O pastor tamb\u00e9m \u00e9 chamado de anci\u00e3o (Atos 20:17, Tim\u00f3teo 1:5) ou bispo (1 Tim\u00f3teo 3:1).<\/p>\n\n\n\n<p class=\"wp-block-paragraph\">Ezequiel cap\u00edtulo 34 descreve lindamente a natureza do pastor que o Senhor deseja para seu povo. No NT encontramos a express\u00e3o \u201capascentar a Igreja do Senhor\u201d.<\/p>\n\n\n\n<p class=\"wp-block-paragraph\">Atos 20:28 nos lembra: &#8220;Olhai, pois, por v\u00f3s mesmos e por todo o rebanho sobre o qual o Esp\u00edrito Santo vos constituiu bispos, para apascentardes a igreja do Senhor, que ele resgatou com seu pr\u00f3prio sangue.<\/p>\n\n\n\n<p class=\"wp-block-paragraph\">\u201cAssim, o pastor \u00e9 aquele que recebeu a tarefa de alimentar, cuidar e zelar pelo rebanho. Isso se faz por seu ensinamento, sua proximidade, por ajudar os crentes a andar segundo o modelo.<\/p>\n\n\n\n<h3 class=\"wp-block-heading\">Professores (M\u00e9dicos)<\/h3>\n\n\n\n<p class=\"wp-block-paragraph\">O minist\u00e9rio de &#8216;doutor', ou seja, de ensinar, \u00e9 sem d\u00favida a capacidade dada pelo Senhor \u00e0queles que ter\u00e3o de explicar, fazer entender as Escrituras e sobretudo levar aqueles que creram a observar o ensinamento (Mateus 28.20).&nbsp;<\/p>\n\n\n\n<p class=\"wp-block-paragraph\">Este minist\u00e9rio tamb\u00e9m mencionado nos Atos, d\u00e1 a quem o recebe, a capacidade de explicar as partes dif\u00edceis das escrituras e traz\u00ea-las ao alcance de todos. Embora esteja intimamente ligado ao minist\u00e9rio de pastor, a ess\u00eancia se baseia no ensino.<\/p>\n\n\n\n<p class=\"wp-block-paragraph\">Podemos ver abaixo o bem que este minist\u00e9rio pode fazer \u00e0 Igreja por causa de: a import\u00e2ncia do ensino: para a edifica\u00e7\u00e3o, o crescimento, a estabilidade, o equil\u00edbrio daqueles que formam o corpo de Cristo, sua Igreja.<\/p>\n\n\n\n<p class=\"wp-block-paragraph\">Ele deve ser puro, \u00edntegro, conforme o pensamento de Cristo Tito 2:7-8 &#8220;&#8230; dando ensino puro, digna, s\u00e3, irrepreens\u00edvel, para que o advers\u00e1rio se envergonhe, n\u00e3o tendo mal algum a dizer&#8221;. Atrav\u00e9s da import\u00e2ncia do ensino \u00e9 definido o papel do m\u00e9dico.<\/p>","protected":false},"excerpt":{"rendered":"<p>Na B\u00edblia, a palavra minist\u00e9rio significa servi\u00e7o, mas aqui \u00e9 um minist\u00e9rio particular. Existem v\u00e1rios dons ministeriais dados pelo&#8230;<\/p>","protected":false},"author":1,"featured_media":476,"comment_status":"open","ping_status":"closed","sticky":false,"template":"","format":"standard","meta":{"neve_meta_sidebar":"","neve_meta_container":"","neve_meta_enable_content_width":"","neve_meta_content_width":0,"neve_meta_title_alignment":"","neve_meta_author_avatar":"","neve_post_elements_order":"","neve_meta_disable_header":"","neve_meta_disable_footer":"","neve_meta_disable_title":"","footnotes":""},"categories":[1],"tags":[83,90],"class_list":["post-455","post","type-post","status-publish","format-standard","has-post-thumbnail","hentry","category-curiosidades","tag-biblia-2","tag-misterios"],"yoast_head":"<!-- This site is optimized with the Yoast SEO plugin v28.4 - https:\/\/yoast.com\/product\/yoast-seo-wordpress\/ -->\n<title>Quais s\u00e3o os 5 minist\u00e9rios da B\u00edblia? Descubra aqui - Ora\u00e7\u00e3o e F\u00e9<\/title>\n<meta name=\"description\" content=\"Na B\u00edblia, a palavra minist\u00e9rio significa servi\u00e7o, mas aqui \u00e9 um minist\u00e9rio particular. Existem v\u00e1rios dons ministeriais dados pelo...\" \/>\n<meta name=\"robots\" content=\"index, follow, max-snippet:-1, max-image-preview:large, max-video-preview:-1\" \/>\n<link rel=\"canonical\" href=\"https:\/\/www.oracaoefe.com\/fr\/quais-sao-os-5-ministerios-da-biblia-descubra-aqui\/\" \/>\n<meta property=\"og:locale\" content=\"fr_FR\" \/>\n<meta property=\"og:type\" content=\"article\" \/>\n<meta property=\"og:title\" content=\"Quais s\u00e3o os 5 minist\u00e9rios da B\u00edblia? Descubra aqui - Ora\u00e7\u00e3o e F\u00e9\" \/>\n<meta property=\"og:description\" content=\"Na B\u00edblia, a palavra minist\u00e9rio significa servi\u00e7o, mas aqui \u00e9 um minist\u00e9rio particular. Existem v\u00e1rios dons ministeriais dados pelo...\" \/>\n<meta property=\"og:url\" content=\"https:\/\/www.oracaoefe.com\/fr\/quais-sao-os-5-ministerios-da-biblia-descubra-aqui\/\" \/>\n<meta property=\"og:site_name\" content=\"Ora\u00e7\u00e3o e F\u00e9\" \/>\n<meta property=\"article:published_time\" content=\"2022-09-27T23:20:23+00:00\" \/>\n<meta property=\"article:modified_time\" content=\"2022-09-28T15:10:23+00:00\" \/>\n<meta property=\"og:image\" content=\"https:\/\/www.oracaoefe.com\/wp-content\/uploads\/2022\/09\/Quais-sao-os-5-ministerios-da-Biblia-Descubra-aqui.jpg\" \/>\n\t<meta property=\"og:image:width\" content=\"1200\" \/>\n\t<meta property=\"og:image:height\" content=\"675\" \/>\n\t<meta property=\"og:image:type\" content=\"image\/jpeg\" \/>\n<meta name=\"author\" content=\"Maria\" \/>\n<meta name=\"twitter:card\" content=\"summary_large_image\" \/>\n<meta name=\"twitter:label1\" content=\"\u00c9crit par\" \/>\n\t<meta name=\"twitter:data1\" content=\"Maria\" \/>\n\t<meta name=\"twitter:label2\" content=\"Dur\u00e9e de lecture estim\u00e9e\" \/>\n\t<meta name=\"twitter:data2\" content=\"5 minutes\" \/>\n<script type=\"application\/ld+json\" class=\"yoast-schema-graph\">{\"@context\":\"https:\\\/\\\/schema.org\",\"@graph\":[{\"@type\":\"Article\",\"@id\":\"https:\\\/\\\/www.oracaoefe.com\\\/quais-sao-os-5-ministerios-da-biblia-descubra-aqui\\\/#article\",\"isPartOf\":{\"@id\":\"https:\\\/\\\/www.oracaoefe.com\\\/quais-sao-os-5-ministerios-da-biblia-descubra-aqui\\\/\"},\"author\":{\"name\":\"Maria\",\"@id\":\"https:\\\/\\\/www.oracaoefe.com\\\/#\\\/schema\\\/person\\\/27873f1e6043866689f5091b5139f23d\"},\"headline\":\"Quais s\u00e3o os 5 minist\u00e9rios da B\u00edblia? Descubra aqui\",\"datePublished\":\"2022-09-27T23:20:23+00:00\",\"dateModified\":\"2022-09-28T15:10:23+00:00\",\"mainEntityOfPage\":{\"@id\":\"https:\\\/\\\/www.oracaoefe.com\\\/quais-sao-os-5-ministerios-da-biblia-descubra-aqui\\\/\"},\"wordCount\":1026,\"commentCount\":0,\"image\":{\"@id\":\"https:\\\/\\\/www.oracaoefe.com\\\/quais-sao-os-5-ministerios-da-biblia-descubra-aqui\\\/#primaryimage\"},\"thumbnailUrl\":\"https:\\\/\\\/www.oracaoefe.com\\\/wp-content\\\/uploads\\\/2022\\\/09\\\/Quais-sao-os-5-ministerios-da-Biblia-Descubra-aqui.jpg\",\"keywords\":[\"B\u00edblia\",\"mist\u00e9rios\"],\"articleSection\":[\"Curiosidades\"],\"inLanguage\":\"fr-FR\",\"potentialAction\":[{\"@type\":\"CommentAction\",\"name\":\"Comment\",\"target\":[\"https:\\\/\\\/www.oracaoefe.com\\\/quais-sao-os-5-ministerios-da-biblia-descubra-aqui\\\/#respond\"]}]},{\"@type\":\"WebPage\",\"@id\":\"https:\\\/\\\/www.oracaoefe.com\\\/quais-sao-os-5-ministerios-da-biblia-descubra-aqui\\\/\",\"url\":\"https:\\\/\\\/www.oracaoefe.com\\\/quais-sao-os-5-ministerios-da-biblia-descubra-aqui\\\/\",\"name\":\"Quais s\u00e3o os 5 minist\u00e9rios da B\u00edblia? Descubra aqui - Ora\u00e7\u00e3o e F\u00e9\",\"isPartOf\":{\"@id\":\"https:\\\/\\\/www.oracaoefe.com\\\/#website\"},\"primaryImageOfPage\":{\"@id\":\"https:\\\/\\\/www.oracaoefe.com\\\/quais-sao-os-5-ministerios-da-biblia-descubra-aqui\\\/#primaryimage\"},\"image\":{\"@id\":\"https:\\\/\\\/www.oracaoefe.com\\\/quais-sao-os-5-ministerios-da-biblia-descubra-aqui\\\/#primaryimage\"},\"thumbnailUrl\":\"https:\\\/\\\/www.oracaoefe.com\\\/wp-content\\\/uploads\\\/2022\\\/09\\\/Quais-sao-os-5-ministerios-da-Biblia-Descubra-aqui.jpg\",\"datePublished\":\"2022-09-27T23:20:23+00:00\",\"dateModified\":\"2022-09-28T15:10:23+00:00\",\"author\":{\"@id\":\"https:\\\/\\\/www.oracaoefe.com\\\/#\\\/schema\\\/person\\\/27873f1e6043866689f5091b5139f23d\"},\"description\":\"Na B\u00edblia, a palavra minist\u00e9rio significa servi\u00e7o, mas aqui \u00e9 um minist\u00e9rio particular. Existem v\u00e1rios dons ministeriais dados pelo...\",\"breadcrumb\":{\"@id\":\"https:\\\/\\\/www.oracaoefe.com\\\/quais-sao-os-5-ministerios-da-biblia-descubra-aqui\\\/#breadcrumb\"},\"inLanguage\":\"fr-FR\",\"potentialAction\":[{\"@type\":\"ReadAction\",\"target\":[\"https:\\\/\\\/www.oracaoefe.com\\\/quais-sao-os-5-ministerios-da-biblia-descubra-aqui\\\/\"]}]},{\"@type\":\"ImageObject\",\"inLanguage\":\"fr-FR\",\"@id\":\"https:\\\/\\\/www.oracaoefe.com\\\/quais-sao-os-5-ministerios-da-biblia-descubra-aqui\\\/#primaryimage\",\"url\":\"https:\\\/\\\/www.oracaoefe.com\\\/wp-content\\\/uploads\\\/2022\\\/09\\\/Quais-sao-os-5-ministerios-da-Biblia-Descubra-aqui.jpg\",\"contentUrl\":\"https:\\\/\\\/www.oracaoefe.com\\\/wp-content\\\/uploads\\\/2022\\\/09\\\/Quais-sao-os-5-ministerios-da-Biblia-Descubra-aqui.jpg\",\"width\":1200,\"height\":675,\"caption\":\"Quais s\u00e3o os 5 minist\u00e9rios da B\u00edblia Descubra aqui\"},{\"@type\":\"BreadcrumbList\",\"@id\":\"https:\\\/\\\/www.oracaoefe.com\\\/quais-sao-os-5-ministerios-da-biblia-descubra-aqui\\\/#breadcrumb\",\"itemListElement\":[{\"@type\":\"ListItem\",\"position\":1,\"name\":\"Home\",\"item\":\"https:\\\/\\\/www.oracaoefe.com\\\/\"},{\"@type\":\"ListItem\",\"position\":2,\"name\":\"Curiosidades\",\"item\":\"https:\\\/\\\/www.oracaoefe.com\\\/es\\\/categoria\\\/curiosidades\\\/\"},{\"@type\":\"ListItem\",\"position\":3,\"name\":\"Quais s\u00e3o os 5 minist\u00e9rios da B\u00edblia? Descubra aqui\"}]},{\"@type\":\"WebSite\",\"@id\":\"https:\\\/\\\/www.oracaoefe.com\\\/#website\",\"url\":\"https:\\\/\\\/www.oracaoefe.com\\\/\",\"name\":\"Ora\u00e7\u00e3o e F\u00e9\",\"description\":\"\",\"potentialAction\":[{\"@type\":\"SearchAction\",\"target\":{\"@type\":\"EntryPoint\",\"urlTemplate\":\"https:\\\/\\\/www.oracaoefe.com\\\/?s={search_term_string}\"},\"query-input\":{\"@type\":\"PropertyValueSpecification\",\"valueRequired\":true,\"valueName\":\"search_term_string\"}}],\"inLanguage\":\"fr-FR\"},{\"@type\":\"Person\",\"@id\":\"https:\\\/\\\/www.oracaoefe.com\\\/#\\\/schema\\\/person\\\/27873f1e6043866689f5091b5139f23d\",\"name\":\"Maria\",\"image\":{\"@type\":\"ImageObject\",\"inLanguage\":\"fr-FR\",\"@id\":\"https:\\\/\\\/secure.gravatar.com\\\/avatar\\\/4cac5ea56d40d599bd7348d330a83b1c84cd229296d1613cd1c7f6740561d0c9?s=96&d=mm&r=g\",\"url\":\"https:\\\/\\\/secure.gravatar.com\\\/avatar\\\/4cac5ea56d40d599bd7348d330a83b1c84cd229296d1613cd1c7f6740561d0c9?s=96&d=mm&r=g\",\"contentUrl\":\"https:\\\/\\\/secure.gravatar.com\\\/avatar\\\/4cac5ea56d40d599bd7348d330a83b1c84cd229296d1613cd1c7f6740561d0c9?s=96&d=mm&r=g\",\"caption\":\"Maria\"},\"description\":\"Meu nome \u00e9 Maria e sou apaixonada por teologia, espiritualidade e estudos religiosos. H\u00e1 mais de 5 anos escrevo sobre o universo da f\u00e9, pesquisando diferentes religi\u00f5es, doutrinas, tradi\u00e7\u00f5es espirituais e curiosidades religiosas ao redor do mundo. Tenho grande interesse em compreender como a f\u00e9 e a religiosidade se manifestam em diferentes culturas, pa\u00edses e idiomas, sempre buscando aprender mais sobre os costumes, cren\u00e7as e hist\u00f3rias que influenciam milh\u00f5es de pessoas diariamente. Atualmente, atuo como redatora no portal Ora\u00e7\u00e3o e F\u00e9, onde compartilho conte\u00fados informativos, reflexivos e inspiradores voltados ao universo religioso e espiritual. Meu objetivo \u00e9 levar conhecimento, curiosidades e mensagens enriquecedoras para leitores que desejam aprofundar sua compreens\u00e3o sobre f\u00e9, religi\u00e3o e espiritualidade no mundo moderno.\",\"sameAs\":[\"https:\\\/\\\/www.oracaoefe.com\"],\"url\":\"https:\\\/\\\/www.oracaoefe.com\\\/fr\\\/author\\\/admin\\\/\"}]}<\/script>\n<!-- \/ Yoast SEO plugin. -->","yoast_head_json":{"title":"Quais s\u00e3o os 5 minist\u00e9rios da B\u00edblia? Descubra aqui - Ora\u00e7\u00e3o e F\u00e9","description":"Na B\u00edblia, a palavra minist\u00e9rio significa servi\u00e7o, mas aqui \u00e9 um minist\u00e9rio particular. Existem v\u00e1rios dons ministeriais dados pelo...","robots":{"index":"index","follow":"follow","max-snippet":"max-snippet:-1","max-image-preview":"max-image-preview:large","max-video-preview":"max-video-preview:-1"},"canonical":"https:\/\/www.oracaoefe.com\/fr\/quais-sao-os-5-ministerios-da-biblia-descubra-aqui\/","og_locale":"fr_FR","og_type":"article","og_title":"Quais s\u00e3o os 5 minist\u00e9rios da B\u00edblia? Descubra aqui - Ora\u00e7\u00e3o e F\u00e9","og_description":"Na B\u00edblia, a palavra minist\u00e9rio significa servi\u00e7o, mas aqui \u00e9 um minist\u00e9rio particular. Existem v\u00e1rios dons ministeriais dados pelo...","og_url":"https:\/\/www.oracaoefe.com\/fr\/quais-sao-os-5-ministerios-da-biblia-descubra-aqui\/","og_site_name":"Ora\u00e7\u00e3o e F\u00e9","article_published_time":"2022-09-27T23:20:23+00:00","article_modified_time":"2022-09-28T15:10:23+00:00","og_image":[{"width":1200,"height":675,"url":"https:\/\/www.oracaoefe.com\/wp-content\/uploads\/2022\/09\/Quais-sao-os-5-ministerios-da-Biblia-Descubra-aqui.jpg","type":"image\/jpeg"}],"author":"Maria","twitter_card":"summary_large_image","twitter_misc":{"\u00c9crit par":"Maria","Dur\u00e9e de lecture estim\u00e9e":"5 minutes"},"schema":{"@context":"https:\/\/schema.org","@graph":[{"@type":"Article","@id":"https:\/\/www.oracaoefe.com\/quais-sao-os-5-ministerios-da-biblia-descubra-aqui\/#article","isPartOf":{"@id":"https:\/\/www.oracaoefe.com\/quais-sao-os-5-ministerios-da-biblia-descubra-aqui\/"},"author":{"name":"Maria","@id":"https:\/\/www.oracaoefe.com\/#\/schema\/person\/27873f1e6043866689f5091b5139f23d"},"headline":"Quais s\u00e3o os 5 minist\u00e9rios da B\u00edblia? Descubra aqui","datePublished":"2022-09-27T23:20:23+00:00","dateModified":"2022-09-28T15:10:23+00:00","mainEntityOfPage":{"@id":"https:\/\/www.oracaoefe.com\/quais-sao-os-5-ministerios-da-biblia-descubra-aqui\/"},"wordCount":1026,"commentCount":0,"image":{"@id":"https:\/\/www.oracaoefe.com\/quais-sao-os-5-ministerios-da-biblia-descubra-aqui\/#primaryimage"},"thumbnailUrl":"https:\/\/www.oracaoefe.com\/wp-content\/uploads\/2022\/09\/Quais-sao-os-5-ministerios-da-Biblia-Descubra-aqui.jpg","keywords":["B\u00edblia","mist\u00e9rios"],"articleSection":["Curiosidades"],"inLanguage":"fr-FR","potentialAction":[{"@type":"CommentAction","name":"Comment","target":["https:\/\/www.oracaoefe.com\/quais-sao-os-5-ministerios-da-biblia-descubra-aqui\/#respond"]}]},{"@type":"WebPage","@id":"https:\/\/www.oracaoefe.com\/quais-sao-os-5-ministerios-da-biblia-descubra-aqui\/","url":"https:\/\/www.oracaoefe.com\/quais-sao-os-5-ministerios-da-biblia-descubra-aqui\/","name":"Quais s\u00e3o os 5 minist\u00e9rios da B\u00edblia? Descubra aqui - Ora\u00e7\u00e3o e F\u00e9","isPartOf":{"@id":"https:\/\/www.oracaoefe.com\/#website"},"primaryImageOfPage":{"@id":"https:\/\/www.oracaoefe.com\/quais-sao-os-5-ministerios-da-biblia-descubra-aqui\/#primaryimage"},"image":{"@id":"https:\/\/www.oracaoefe.com\/quais-sao-os-5-ministerios-da-biblia-descubra-aqui\/#primaryimage"},"thumbnailUrl":"https:\/\/www.oracaoefe.com\/wp-content\/uploads\/2022\/09\/Quais-sao-os-5-ministerios-da-Biblia-Descubra-aqui.jpg","datePublished":"2022-09-27T23:20:23+00:00","dateModified":"2022-09-28T15:10:23+00:00","author":{"@id":"https:\/\/www.oracaoefe.com\/#\/schema\/person\/27873f1e6043866689f5091b5139f23d"},"description":"Na B\u00edblia, a palavra minist\u00e9rio significa servi\u00e7o, mas aqui \u00e9 um minist\u00e9rio particular. Existem v\u00e1rios dons ministeriais dados pelo...","breadcrumb":{"@id":"https:\/\/www.oracaoefe.com\/quais-sao-os-5-ministerios-da-biblia-descubra-aqui\/#breadcrumb"},"inLanguage":"fr-FR","potentialAction":[{"@type":"ReadAction","target":["https:\/\/www.oracaoefe.com\/quais-sao-os-5-ministerios-da-biblia-descubra-aqui\/"]}]},{"@type":"ImageObject","inLanguage":"fr-FR","@id":"https:\/\/www.oracaoefe.com\/quais-sao-os-5-ministerios-da-biblia-descubra-aqui\/#primaryimage","url":"https:\/\/www.oracaoefe.com\/wp-content\/uploads\/2022\/09\/Quais-sao-os-5-ministerios-da-Biblia-Descubra-aqui.jpg","contentUrl":"https:\/\/www.oracaoefe.com\/wp-content\/uploads\/2022\/09\/Quais-sao-os-5-ministerios-da-Biblia-Descubra-aqui.jpg","width":1200,"height":675,"caption":"Quais s\u00e3o os 5 minist\u00e9rios da B\u00edblia Descubra aqui"},{"@type":"BreadcrumbList","@id":"https:\/\/www.oracaoefe.com\/quais-sao-os-5-ministerios-da-biblia-descubra-aqui\/#breadcrumb","itemListElement":[{"@type":"ListItem","position":1,"name":"Home","item":"https:\/\/www.oracaoefe.com\/"},{"@type":"ListItem","position":2,"name":"Curiosidades","item":"https:\/\/www.oracaoefe.com\/es\/categoria\/curiosidades\/"},{"@type":"ListItem","position":3,"name":"Quais s\u00e3o os 5 minist\u00e9rios da B\u00edblia? Descubra aqui"}]},{"@type":"WebSite","@id":"https:\/\/www.oracaoefe.com\/#website","url":"https:\/\/www.oracaoefe.com\/","name":"Pri\u00e8re et foi","description":"","potentialAction":[{"@type":"SearchAction","target":{"@type":"EntryPoint","urlTemplate":"https:\/\/www.oracaoefe.com\/?s={search_term_string}"},"query-input":{"@type":"PropertyValueSpecification","valueRequired":true,"valueName":"search_term_string"}}],"inLanguage":"fr-FR"},{"@type":"Person","@id":"https:\/\/www.oracaoefe.com\/#\/schema\/person\/27873f1e6043866689f5091b5139f23d","name":"Maria","image":{"@type":"ImageObject","inLanguage":"fr-FR","@id":"https:\/\/secure.gravatar.com\/avatar\/4cac5ea56d40d599bd7348d330a83b1c84cd229296d1613cd1c7f6740561d0c9?s=96&d=mm&r=g","url":"https:\/\/secure.gravatar.com\/avatar\/4cac5ea56d40d599bd7348d330a83b1c84cd229296d1613cd1c7f6740561d0c9?s=96&d=mm&r=g","contentUrl":"https:\/\/secure.gravatar.com\/avatar\/4cac5ea56d40d599bd7348d330a83b1c84cd229296d1613cd1c7f6740561d0c9?s=96&d=mm&r=g","caption":"Maria"},"description":"Meu nome \u00e9 Maria e sou apaixonada por teologia, espiritualidade e estudos religiosos. H\u00e1 mais de 5 anos escrevo sobre o universo da f\u00e9, pesquisando diferentes religi\u00f5es, doutrinas, tradi\u00e7\u00f5es espirituais e curiosidades religiosas ao redor do mundo. Tenho grande interesse em compreender como a f\u00e9 e a religiosidade se manifestam em diferentes culturas, pa\u00edses e idiomas, sempre buscando aprender mais sobre os costumes, cren\u00e7as e hist\u00f3rias que influenciam milh\u00f5es de pessoas diariamente. Atualmente, atuo como redatora no portal Ora\u00e7\u00e3o e F\u00e9, onde compartilho conte\u00fados informativos, reflexivos e inspiradores voltados ao universo religioso e espiritual. Meu objetivo \u00e9 levar conhecimento, curiosidades e mensagens enriquecedoras para leitores que desejam aprofundar sua compreens\u00e3o sobre f\u00e9, religi\u00e3o e espiritualidade no mundo moderno.","sameAs":["https:\/\/www.oracaoefe.com"],"url":"https:\/\/www.oracaoefe.com\/fr\/author\/admin\/"}]}},"_links":{"self":[{"href":"https:\/\/www.oracaoefe.com\/fr\/wp-json\/wp\/v2\/posts\/455","targetHints":{"allow":["GET"]}}],"collection":[{"href":"https:\/\/www.oracaoefe.com\/fr\/wp-json\/wp\/v2\/posts"}],"about":[{"href":"https:\/\/www.oracaoefe.com\/fr\/wp-json\/wp\/v2\/types\/post"}],"author":[{"embeddable":true,"href":"https:\/\/www.oracaoefe.com\/fr\/wp-json\/wp\/v2\/users\/1"}],"replies":[{"embeddable":true,"href":"https:\/\/www.oracaoefe.com\/fr\/wp-json\/wp\/v2\/comments?post=455"}],"version-history":[{"count":1,"href":"https:\/\/www.oracaoefe.com\/fr\/wp-json\/wp\/v2\/posts\/455\/revisions"}],"predecessor-version":[{"id":456,"href":"https:\/\/www.oracaoefe.com\/fr\/wp-json\/wp\/v2\/posts\/455\/revisions\/456"}],"wp:featuredmedia":[{"embeddable":true,"href":"https:\/\/www.oracaoefe.com\/fr\/wp-json\/wp\/v2\/media\/476"}],"wp:attachment":[{"href":"https:\/\/www.oracaoefe.com\/fr\/wp-json\/wp\/v2\/media?parent=455"}],"wp:term":[{"taxonomy":"category","embeddable":true,"href":"https:\/\/www.oracaoefe.com\/fr\/wp-json\/wp\/v2\/categories?post=455"},{"taxonomy":"post_tag","embeddable":true,"href":"https:\/\/www.oracaoefe.com\/fr\/wp-json\/wp\/v2\/tags?post=455"}],"curies":[{"name":"wp","href":"https:\/\/api.w.org\/{rel}","templated":true}]}}