{"id":453,"date":"2022-09-27T20:18:43","date_gmt":"2022-09-27T23:18:43","guid":{"rendered":"https:\/\/www.oracaoefe.com\/?p=453"},"modified":"2022-09-28T12:15:14","modified_gmt":"2022-09-28T15:15:14","slug":"o-que-diz-a-biblia-animais-de-estimacao-vao-para-o-ceu","status":"publish","type":"post","link":"https:\/\/www.oracaoefe.com\/fr\/o-que-diz-a-biblia-animais-de-estimacao-vao-para-o-ceu\/","title":{"rendered":"O que diz a B\u00edblia: Animais de estima\u00e7\u00e3o v\u00e3o para o c\u00e9u?"},"content":{"rendered":"<div class=\"wp-block-post-date\"><time datetime=\"2022-09-27T20:18:43-03:00\">septembre 27, 2022<\/time><\/div>\n\n\n<p class=\"wp-block-paragraph\">Afinal, os <strong>animais de estima\u00e7\u00e3o v\u00e3o para o c\u00e9u<\/strong>? Muitos se perguntam se encontrar\u00e3o, na vida eterna, seus companheiros de quatro patas. Os animais podem entrar no para\u00edso? Podemos acreditar que a vida em Deus diz respeito a toda a Cria\u00e7\u00e3o? Veja, a seguir, o que diz a B\u00edblia sobre o assunto.<\/p>\n\n\n\n<h2 class=\"wp-block-heading\">Animais de estima\u00e7\u00e3o v\u00e3o para o c\u00e9u?<\/h2>\n\n\n\n<p class=\"wp-block-paragraph\">A B\u00edblia realmente conhece uma no\u00e7\u00e3o de alma (nephesh), que corresponde \u00e0 dimens\u00e3o \u201cimaterial\u201d do homem. Mas isso n\u00e3o pode ser separado de seu corpo, sua dimens\u00e3o \u201cmaterial\u201d. Mas a no\u00e7\u00e3o de alma no Ocidente vem mais da filosofia grega, Arist\u00f3teles e Plat\u00e3o. Para este \u00faltimo, a alma \u00e9 de uma ess\u00eancia diferente do corpo, imortal, que vive no corpo como uma pris\u00e3o.<\/p>\n\n\n\n<p class=\"wp-block-paragraph\">Nesta concep\u00e7\u00e3o, a alma \u00e9 fundamentalmente separada do corpo. Al\u00e9m disso, sob essa influ\u00eancia plat\u00f4nica, desde os primeiros s\u00e9culos do cristianismo e at\u00e9 o s\u00e9culo XX, geralmente se considerava que, quando uma pessoa morre, sua alma imortal sobrevive.<\/p>\n\n\n\n<p class=\"wp-block-paragraph\">Essa compreens\u00e3o da alma como imortal \u00e9 b\u00edblica? Seja como for, mesmo que o homem n\u00e3o tenha uma alma imortal, isso n\u00e3o significa que n\u00e3o haja vida ap\u00f3s a morte para ele. Porque, no fundo, \u00e9 Deus quem lhe d\u00e1 vida, \u00e9 Deus quem \u00e9 o princ\u00edpio vital do homem. Ent\u00e3o, se h\u00e1 vida ap\u00f3s a morte, \u00e9 porque a pessoa vive em Deus.<\/p>\n\n\n\n<h3 class=\"wp-block-heading\">Existe tamb\u00e9m uma vida ap\u00f3s a morte para os animais?<\/h3>\n\n\n\n<p class=\"wp-block-paragraph\">No cristianismo, esta quest\u00e3o nunca foi realmente resolvida. Na B\u00edblia, n\u00e3o falamos muito sobre animais, ao contr\u00e1rio de outras religi\u00f5es. Por outro lado, S\u00e3o Paulo escreve que toda a cria\u00e7\u00e3o aguarda a revela\u00e7\u00e3o dos filhos de Deus (Romanos 8,19).<\/p>\n\n\n\n<p class=\"wp-block-paragraph\">No Novo Testamento, encontramos a ideia de que, no final da hist\u00f3ria, o universo como o conhecemos hoje n\u00e3o simplesmente desaparecer\u00e1, mas ser\u00e1 transfigurado, transformado por dentro. Pode-se dizer que ser\u00e1 inteiramente espiritualizado.<\/p>\n\n\n\n<p class=\"wp-block-paragraph\">A partir de ent\u00e3o, essa pergunta ganha todo o seu sentido: os animais tamb\u00e9m far\u00e3o parte dessa nova cria\u00e7\u00e3o? At\u00e9 agora, por\u00e9m, esta hip\u00f3tese dificilmente foi desenvolvida por te\u00f3logos crist\u00e3os.<\/p>\n\n\n\n<p class=\"wp-block-paragraph\">Em sua enc\u00edclica Laudato Si (2015), o Papa Francisco explica que, durante s\u00e9culos, os animais foram considerados praticamente como objetos, que tinham significado apenas em rela\u00e7\u00e3o ao uso humano, mas que devemos considerar que os animais tamb\u00e9m existem por si mesmos. Essa ideia \u00e9 bastante nova. Ele nunca foi realmente desenvolvido na tradi\u00e7\u00e3o crist\u00e3, mesmo que n\u00e3o esteja ausente.<\/p>\n\n\n\n<h3 class=\"wp-block-heading\">Em algumas religi\u00f5es, \u00e9 proibido matar animais, alimentar-se deles. E no cristianismo?<\/h3>\n\n\n\n<p class=\"wp-block-paragraph\">No cristianismo, n\u00e3o somos t\u00e3o exigentes nesse assunto. Por outro lado, h\u00e1 indica\u00e7\u00f5es muito interessantes na B\u00edblia sobre o vegetarianismo.&nbsp;<\/p>\n\n\n\n<p class=\"wp-block-paragraph\">Na primeira das duas hist\u00f3rias da cria\u00e7\u00e3o, no livro de G\u00eanesis (G\u00eanesis 1 \u2013 2,4), \u00e9 especificado que Deus d\u00e1 plantas para alimenta\u00e7\u00e3o de animais e homens. Isso significa que no \u201cplano\u201d de Deus para a cria\u00e7\u00e3o, os animais n\u00e3o deveriam servir de alimento para os humanos . Portanto, h\u00e1 uma forma de vegetarianismo presente desde o in\u00edcio da B\u00edblia.<\/p>\n\n\n\n<p class=\"wp-block-paragraph\">Quando avan\u00e7amos na leitura do mesmo livro de G\u00eanesis, encontramos a hist\u00f3ria do dil\u00favio nos cap\u00edtulos 6 a 8. Deus, diante da viol\u00eancia onipresente no mundo, decide submergi-lo com \u00e1gua. No\u00e9 e sua fam\u00edlia ent\u00e3o re\u00fanem um par de cada esp\u00e9cie animal em sua arca \u2013 que \u00e9 como uma imagem da salva\u00e7\u00e3o, que tamb\u00e9m diz respeito aos animais.<\/p>\n\n\n\n<p class=\"wp-block-paragraph\">Os ocupantes da arca formar\u00e3o as sementes de uma nova cria\u00e7\u00e3o e de uma alian\u00e7a com a humanidade atrav\u00e9s de No\u00e9 e seus descendentes. E \u00e9 aqui que Deus permitir\u00e1 que os homens comam animais. Um pouco como se Deus quisesse canalizar a viol\u00eancia que h\u00e1 no homem. O ser humano, por\u00e9m, n\u00e3o pode consumir o sangue que, na B\u00edblia, representa o princ\u00edpio vital. Nesse sentido, preservamos uma forma de respeito pelo animal, mesmo que o comamos.<\/p>\n\n\n\n<h2 class=\"wp-block-heading\">Conclus\u00e3o<\/h2>\n\n\n\n<p class=\"wp-block-paragraph\">Hoje, como outras espiritualidades, levamos mais longe a l\u00f3gica: redescobrimos que os animais s\u00e3o seres dotados de sensibilidade, mesmo com uma certa forma de consci\u00eancia.&nbsp;<\/p>\n\n\n\n<p class=\"wp-block-paragraph\">Portanto, n\u00e3o dever\u00edamos n\u00f3s, como crist\u00e3os, consider\u00e1-los como irm\u00e3os e irm\u00e3s, mesmo que talvez n\u00e3o no mesmo grau que nossos irm\u00e3os humanos? Nesse sentido, S\u00e3o Francisco de Assis (1182-1226) \u00e9 um exemplo not\u00e1vel. Ele considerava toda a cria\u00e7\u00e3o como um ser vivo, e os animais como seus irm\u00e3os e irm\u00e3s, assim como o sol, a lua.<\/p>","protected":false},"excerpt":{"rendered":"<p>Afinal, os animais de estima\u00e7\u00e3o v\u00e3o para o c\u00e9u? Muitos se perguntam se encontrar\u00e3o, na vida eterna, seus companheiros de quatro patas&#8230;<\/p>","protected":false},"author":1,"featured_media":480,"comment_status":"open","ping_status":"closed","sticky":false,"template":"","format":"standard","meta":{"neve_meta_sidebar":"","neve_meta_container":"","neve_meta_enable_content_width":"","neve_meta_content_width":0,"neve_meta_title_alignment":"","neve_meta_author_avatar":"","neve_post_elements_order":"","neve_meta_disable_header":"","neve_meta_disable_footer":"","neve_meta_disable_title":"","footnotes":""},"categories":[1],"tags":[88,83,89,87],"class_list":["post-453","post","type-post","status-publish","format-standard","has-post-thumbnail","hentry","category-curiosidades","tag-animais-de-estimacao","tag-biblia-2","tag-ceu","tag-pet"],"yoast_head":"<!-- This site is optimized with the Yoast SEO plugin v28.4 - https:\/\/yoast.com\/product\/yoast-seo-wordpress\/ -->\n<title>O que diz a B\u00edblia: Animais de estima\u00e7\u00e3o v\u00e3o para o c\u00e9u? - Ora\u00e7\u00e3o e F\u00e9<\/title>\n<meta name=\"description\" content=\"Afinal, os animais de estima\u00e7\u00e3o v\u00e3o para o c\u00e9u? Muitos se perguntam se encontrar\u00e3o, na vida eterna, seus companheiros de quatro patas...\" \/>\n<meta name=\"robots\" content=\"index, follow, max-snippet:-1, max-image-preview:large, max-video-preview:-1\" \/>\n<link rel=\"canonical\" href=\"https:\/\/www.oracaoefe.com\/fr\/o-que-diz-a-biblia-animais-de-estimacao-vao-para-o-ceu\/\" \/>\n<meta property=\"og:locale\" content=\"fr_FR\" \/>\n<meta property=\"og:type\" content=\"article\" \/>\n<meta property=\"og:title\" content=\"O que diz a B\u00edblia: Animais de estima\u00e7\u00e3o v\u00e3o para o c\u00e9u? - Ora\u00e7\u00e3o e F\u00e9\" \/>\n<meta property=\"og:description\" content=\"Afinal, os animais de estima\u00e7\u00e3o v\u00e3o para o c\u00e9u? Muitos se perguntam se encontrar\u00e3o, na vida eterna, seus companheiros de quatro patas...\" \/>\n<meta property=\"og:url\" content=\"https:\/\/www.oracaoefe.com\/fr\/o-que-diz-a-biblia-animais-de-estimacao-vao-para-o-ceu\/\" \/>\n<meta property=\"og:site_name\" content=\"Ora\u00e7\u00e3o e F\u00e9\" \/>\n<meta property=\"article:published_time\" content=\"2022-09-27T23:18:43+00:00\" \/>\n<meta property=\"article:modified_time\" content=\"2022-09-28T15:15:14+00:00\" \/>\n<meta property=\"og:image\" content=\"https:\/\/www.oracaoefe.com\/wp-content\/uploads\/2022\/09\/O-que-diz-a-Biblia-Animais-de-estimacao-vao-para-o-ceu.jpg\" \/>\n\t<meta property=\"og:image:width\" content=\"1200\" \/>\n\t<meta property=\"og:image:height\" content=\"675\" \/>\n\t<meta property=\"og:image:type\" content=\"image\/jpeg\" \/>\n<meta name=\"author\" content=\"Maria\" \/>\n<meta name=\"twitter:card\" content=\"summary_large_image\" \/>\n<meta name=\"twitter:label1\" content=\"\u00c9crit par\" \/>\n\t<meta name=\"twitter:data1\" content=\"Maria\" \/>\n\t<meta name=\"twitter:label2\" content=\"Dur\u00e9e de lecture estim\u00e9e\" \/>\n\t<meta name=\"twitter:data2\" content=\"4 minutes\" \/>\n<script type=\"application\/ld+json\" class=\"yoast-schema-graph\">{\"@context\":\"https:\\\/\\\/schema.org\",\"@graph\":[{\"@type\":\"Article\",\"@id\":\"https:\\\/\\\/www.oracaoefe.com\\\/o-que-diz-a-biblia-animais-de-estimacao-vao-para-o-ceu\\\/#article\",\"isPartOf\":{\"@id\":\"https:\\\/\\\/www.oracaoefe.com\\\/o-que-diz-a-biblia-animais-de-estimacao-vao-para-o-ceu\\\/\"},\"author\":{\"name\":\"Maria\",\"@id\":\"https:\\\/\\\/www.oracaoefe.com\\\/#\\\/schema\\\/person\\\/27873f1e6043866689f5091b5139f23d\"},\"headline\":\"O que diz a B\u00edblia: Animais de estima\u00e7\u00e3o v\u00e3o para o c\u00e9u?\",\"datePublished\":\"2022-09-27T23:18:43+00:00\",\"dateModified\":\"2022-09-28T15:15:14+00:00\",\"mainEntityOfPage\":{\"@id\":\"https:\\\/\\\/www.oracaoefe.com\\\/o-que-diz-a-biblia-animais-de-estimacao-vao-para-o-ceu\\\/\"},\"wordCount\":814,\"commentCount\":0,\"image\":{\"@id\":\"https:\\\/\\\/www.oracaoefe.com\\\/o-que-diz-a-biblia-animais-de-estimacao-vao-para-o-ceu\\\/#primaryimage\"},\"thumbnailUrl\":\"https:\\\/\\\/www.oracaoefe.com\\\/wp-content\\\/uploads\\\/2022\\\/09\\\/O-que-diz-a-Biblia-Animais-de-estimacao-vao-para-o-ceu.jpg\",\"keywords\":[\"animais de estima\u00e7\u00e3o\",\"B\u00edblia\",\"c\u00e9u\",\"pet\"],\"articleSection\":[\"Curiosidades\"],\"inLanguage\":\"fr-FR\",\"potentialAction\":[{\"@type\":\"CommentAction\",\"name\":\"Comment\",\"target\":[\"https:\\\/\\\/www.oracaoefe.com\\\/o-que-diz-a-biblia-animais-de-estimacao-vao-para-o-ceu\\\/#respond\"]}]},{\"@type\":\"WebPage\",\"@id\":\"https:\\\/\\\/www.oracaoefe.com\\\/o-que-diz-a-biblia-animais-de-estimacao-vao-para-o-ceu\\\/\",\"url\":\"https:\\\/\\\/www.oracaoefe.com\\\/o-que-diz-a-biblia-animais-de-estimacao-vao-para-o-ceu\\\/\",\"name\":\"O que diz a B\u00edblia: Animais de estima\u00e7\u00e3o v\u00e3o para o c\u00e9u? - Ora\u00e7\u00e3o e F\u00e9\",\"isPartOf\":{\"@id\":\"https:\\\/\\\/www.oracaoefe.com\\\/#website\"},\"primaryImageOfPage\":{\"@id\":\"https:\\\/\\\/www.oracaoefe.com\\\/o-que-diz-a-biblia-animais-de-estimacao-vao-para-o-ceu\\\/#primaryimage\"},\"image\":{\"@id\":\"https:\\\/\\\/www.oracaoefe.com\\\/o-que-diz-a-biblia-animais-de-estimacao-vao-para-o-ceu\\\/#primaryimage\"},\"thumbnailUrl\":\"https:\\\/\\\/www.oracaoefe.com\\\/wp-content\\\/uploads\\\/2022\\\/09\\\/O-que-diz-a-Biblia-Animais-de-estimacao-vao-para-o-ceu.jpg\",\"datePublished\":\"2022-09-27T23:18:43+00:00\",\"dateModified\":\"2022-09-28T15:15:14+00:00\",\"author\":{\"@id\":\"https:\\\/\\\/www.oracaoefe.com\\\/#\\\/schema\\\/person\\\/27873f1e6043866689f5091b5139f23d\"},\"description\":\"Afinal, os animais de estima\u00e7\u00e3o v\u00e3o para o c\u00e9u? Muitos se perguntam se encontrar\u00e3o, na vida eterna, seus companheiros de quatro patas...\",\"breadcrumb\":{\"@id\":\"https:\\\/\\\/www.oracaoefe.com\\\/o-que-diz-a-biblia-animais-de-estimacao-vao-para-o-ceu\\\/#breadcrumb\"},\"inLanguage\":\"fr-FR\",\"potentialAction\":[{\"@type\":\"ReadAction\",\"target\":[\"https:\\\/\\\/www.oracaoefe.com\\\/o-que-diz-a-biblia-animais-de-estimacao-vao-para-o-ceu\\\/\"]}]},{\"@type\":\"ImageObject\",\"inLanguage\":\"fr-FR\",\"@id\":\"https:\\\/\\\/www.oracaoefe.com\\\/o-que-diz-a-biblia-animais-de-estimacao-vao-para-o-ceu\\\/#primaryimage\",\"url\":\"https:\\\/\\\/www.oracaoefe.com\\\/wp-content\\\/uploads\\\/2022\\\/09\\\/O-que-diz-a-Biblia-Animais-de-estimacao-vao-para-o-ceu.jpg\",\"contentUrl\":\"https:\\\/\\\/www.oracaoefe.com\\\/wp-content\\\/uploads\\\/2022\\\/09\\\/O-que-diz-a-Biblia-Animais-de-estimacao-vao-para-o-ceu.jpg\",\"width\":1200,\"height\":675,\"caption\":\"O que diz a B\u00edblia Animais de estima\u00e7\u00e3o v\u00e3o para o c\u00e9u\"},{\"@type\":\"BreadcrumbList\",\"@id\":\"https:\\\/\\\/www.oracaoefe.com\\\/o-que-diz-a-biblia-animais-de-estimacao-vao-para-o-ceu\\\/#breadcrumb\",\"itemListElement\":[{\"@type\":\"ListItem\",\"position\":1,\"name\":\"Home\",\"item\":\"https:\\\/\\\/www.oracaoefe.com\\\/\"},{\"@type\":\"ListItem\",\"position\":2,\"name\":\"Curiosidades\",\"item\":\"https:\\\/\\\/www.oracaoefe.com\\\/es\\\/categoria\\\/curiosidades\\\/\"},{\"@type\":\"ListItem\",\"position\":3,\"name\":\"O que diz a B\u00edblia: Animais de estima\u00e7\u00e3o v\u00e3o para o c\u00e9u?\"}]},{\"@type\":\"WebSite\",\"@id\":\"https:\\\/\\\/www.oracaoefe.com\\\/#website\",\"url\":\"https:\\\/\\\/www.oracaoefe.com\\\/\",\"name\":\"Ora\u00e7\u00e3o e F\u00e9\",\"description\":\"\",\"potentialAction\":[{\"@type\":\"SearchAction\",\"target\":{\"@type\":\"EntryPoint\",\"urlTemplate\":\"https:\\\/\\\/www.oracaoefe.com\\\/?s={search_term_string}\"},\"query-input\":{\"@type\":\"PropertyValueSpecification\",\"valueRequired\":true,\"valueName\":\"search_term_string\"}}],\"inLanguage\":\"fr-FR\"},{\"@type\":\"Person\",\"@id\":\"https:\\\/\\\/www.oracaoefe.com\\\/#\\\/schema\\\/person\\\/27873f1e6043866689f5091b5139f23d\",\"name\":\"Maria\",\"image\":{\"@type\":\"ImageObject\",\"inLanguage\":\"fr-FR\",\"@id\":\"https:\\\/\\\/secure.gravatar.com\\\/avatar\\\/4cac5ea56d40d599bd7348d330a83b1c84cd229296d1613cd1c7f6740561d0c9?s=96&d=mm&r=g\",\"url\":\"https:\\\/\\\/secure.gravatar.com\\\/avatar\\\/4cac5ea56d40d599bd7348d330a83b1c84cd229296d1613cd1c7f6740561d0c9?s=96&d=mm&r=g\",\"contentUrl\":\"https:\\\/\\\/secure.gravatar.com\\\/avatar\\\/4cac5ea56d40d599bd7348d330a83b1c84cd229296d1613cd1c7f6740561d0c9?s=96&d=mm&r=g\",\"caption\":\"Maria\"},\"description\":\"Meu nome \u00e9 Maria e sou apaixonada por teologia, espiritualidade e estudos religiosos. H\u00e1 mais de 5 anos escrevo sobre o universo da f\u00e9, pesquisando diferentes religi\u00f5es, doutrinas, tradi\u00e7\u00f5es espirituais e curiosidades religiosas ao redor do mundo. Tenho grande interesse em compreender como a f\u00e9 e a religiosidade se manifestam em diferentes culturas, pa\u00edses e idiomas, sempre buscando aprender mais sobre os costumes, cren\u00e7as e hist\u00f3rias que influenciam milh\u00f5es de pessoas diariamente. Atualmente, atuo como redatora no portal Ora\u00e7\u00e3o e F\u00e9, onde compartilho conte\u00fados informativos, reflexivos e inspiradores voltados ao universo religioso e espiritual. Meu objetivo \u00e9 levar conhecimento, curiosidades e mensagens enriquecedoras para leitores que desejam aprofundar sua compreens\u00e3o sobre f\u00e9, religi\u00e3o e espiritualidade no mundo moderno.\",\"sameAs\":[\"https:\\\/\\\/www.oracaoefe.com\"],\"url\":\"https:\\\/\\\/www.oracaoefe.com\\\/fr\\\/author\\\/admin\\\/\"}]}<\/script>\n<!-- \/ Yoast SEO plugin. -->","yoast_head_json":{"title":"O que diz a B\u00edblia: Animais de estima\u00e7\u00e3o v\u00e3o para o c\u00e9u? - Ora\u00e7\u00e3o e F\u00e9","description":"Afinal, os animais de estima\u00e7\u00e3o v\u00e3o para o c\u00e9u? Muitos se perguntam se encontrar\u00e3o, na vida eterna, seus companheiros de quatro patas...","robots":{"index":"index","follow":"follow","max-snippet":"max-snippet:-1","max-image-preview":"max-image-preview:large","max-video-preview":"max-video-preview:-1"},"canonical":"https:\/\/www.oracaoefe.com\/fr\/o-que-diz-a-biblia-animais-de-estimacao-vao-para-o-ceu\/","og_locale":"fr_FR","og_type":"article","og_title":"O que diz a B\u00edblia: Animais de estima\u00e7\u00e3o v\u00e3o para o c\u00e9u? - Ora\u00e7\u00e3o e F\u00e9","og_description":"Afinal, os animais de estima\u00e7\u00e3o v\u00e3o para o c\u00e9u? Muitos se perguntam se encontrar\u00e3o, na vida eterna, seus companheiros de quatro patas...","og_url":"https:\/\/www.oracaoefe.com\/fr\/o-que-diz-a-biblia-animais-de-estimacao-vao-para-o-ceu\/","og_site_name":"Ora\u00e7\u00e3o e F\u00e9","article_published_time":"2022-09-27T23:18:43+00:00","article_modified_time":"2022-09-28T15:15:14+00:00","og_image":[{"width":1200,"height":675,"url":"https:\/\/www.oracaoefe.com\/wp-content\/uploads\/2022\/09\/O-que-diz-a-Biblia-Animais-de-estimacao-vao-para-o-ceu.jpg","type":"image\/jpeg"}],"author":"Maria","twitter_card":"summary_large_image","twitter_misc":{"\u00c9crit par":"Maria","Dur\u00e9e de lecture estim\u00e9e":"4 minutes"},"schema":{"@context":"https:\/\/schema.org","@graph":[{"@type":"Article","@id":"https:\/\/www.oracaoefe.com\/o-que-diz-a-biblia-animais-de-estimacao-vao-para-o-ceu\/#article","isPartOf":{"@id":"https:\/\/www.oracaoefe.com\/o-que-diz-a-biblia-animais-de-estimacao-vao-para-o-ceu\/"},"author":{"name":"Maria","@id":"https:\/\/www.oracaoefe.com\/#\/schema\/person\/27873f1e6043866689f5091b5139f23d"},"headline":"O que diz a B\u00edblia: Animais de estima\u00e7\u00e3o v\u00e3o para o c\u00e9u?","datePublished":"2022-09-27T23:18:43+00:00","dateModified":"2022-09-28T15:15:14+00:00","mainEntityOfPage":{"@id":"https:\/\/www.oracaoefe.com\/o-que-diz-a-biblia-animais-de-estimacao-vao-para-o-ceu\/"},"wordCount":814,"commentCount":0,"image":{"@id":"https:\/\/www.oracaoefe.com\/o-que-diz-a-biblia-animais-de-estimacao-vao-para-o-ceu\/#primaryimage"},"thumbnailUrl":"https:\/\/www.oracaoefe.com\/wp-content\/uploads\/2022\/09\/O-que-diz-a-Biblia-Animais-de-estimacao-vao-para-o-ceu.jpg","keywords":["animais de estima\u00e7\u00e3o","B\u00edblia","c\u00e9u","pet"],"articleSection":["Curiosidades"],"inLanguage":"fr-FR","potentialAction":[{"@type":"CommentAction","name":"Comment","target":["https:\/\/www.oracaoefe.com\/o-que-diz-a-biblia-animais-de-estimacao-vao-para-o-ceu\/#respond"]}]},{"@type":"WebPage","@id":"https:\/\/www.oracaoefe.com\/o-que-diz-a-biblia-animais-de-estimacao-vao-para-o-ceu\/","url":"https:\/\/www.oracaoefe.com\/o-que-diz-a-biblia-animais-de-estimacao-vao-para-o-ceu\/","name":"O que diz a B\u00edblia: Animais de estima\u00e7\u00e3o v\u00e3o para o c\u00e9u? - Ora\u00e7\u00e3o e F\u00e9","isPartOf":{"@id":"https:\/\/www.oracaoefe.com\/#website"},"primaryImageOfPage":{"@id":"https:\/\/www.oracaoefe.com\/o-que-diz-a-biblia-animais-de-estimacao-vao-para-o-ceu\/#primaryimage"},"image":{"@id":"https:\/\/www.oracaoefe.com\/o-que-diz-a-biblia-animais-de-estimacao-vao-para-o-ceu\/#primaryimage"},"thumbnailUrl":"https:\/\/www.oracaoefe.com\/wp-content\/uploads\/2022\/09\/O-que-diz-a-Biblia-Animais-de-estimacao-vao-para-o-ceu.jpg","datePublished":"2022-09-27T23:18:43+00:00","dateModified":"2022-09-28T15:15:14+00:00","author":{"@id":"https:\/\/www.oracaoefe.com\/#\/schema\/person\/27873f1e6043866689f5091b5139f23d"},"description":"Afinal, os animais de estima\u00e7\u00e3o v\u00e3o para o c\u00e9u? Muitos se perguntam se encontrar\u00e3o, na vida eterna, seus companheiros de quatro patas...","breadcrumb":{"@id":"https:\/\/www.oracaoefe.com\/o-que-diz-a-biblia-animais-de-estimacao-vao-para-o-ceu\/#breadcrumb"},"inLanguage":"fr-FR","potentialAction":[{"@type":"ReadAction","target":["https:\/\/www.oracaoefe.com\/o-que-diz-a-biblia-animais-de-estimacao-vao-para-o-ceu\/"]}]},{"@type":"ImageObject","inLanguage":"fr-FR","@id":"https:\/\/www.oracaoefe.com\/o-que-diz-a-biblia-animais-de-estimacao-vao-para-o-ceu\/#primaryimage","url":"https:\/\/www.oracaoefe.com\/wp-content\/uploads\/2022\/09\/O-que-diz-a-Biblia-Animais-de-estimacao-vao-para-o-ceu.jpg","contentUrl":"https:\/\/www.oracaoefe.com\/wp-content\/uploads\/2022\/09\/O-que-diz-a-Biblia-Animais-de-estimacao-vao-para-o-ceu.jpg","width":1200,"height":675,"caption":"O que diz a B\u00edblia Animais de estima\u00e7\u00e3o v\u00e3o para o c\u00e9u"},{"@type":"BreadcrumbList","@id":"https:\/\/www.oracaoefe.com\/o-que-diz-a-biblia-animais-de-estimacao-vao-para-o-ceu\/#breadcrumb","itemListElement":[{"@type":"ListItem","position":1,"name":"Home","item":"https:\/\/www.oracaoefe.com\/"},{"@type":"ListItem","position":2,"name":"Curiosidades","item":"https:\/\/www.oracaoefe.com\/es\/categoria\/curiosidades\/"},{"@type":"ListItem","position":3,"name":"O que diz a B\u00edblia: Animais de estima\u00e7\u00e3o v\u00e3o para o c\u00e9u?"}]},{"@type":"WebSite","@id":"https:\/\/www.oracaoefe.com\/#website","url":"https:\/\/www.oracaoefe.com\/","name":"Pri\u00e8re et foi","description":"","potentialAction":[{"@type":"SearchAction","target":{"@type":"EntryPoint","urlTemplate":"https:\/\/www.oracaoefe.com\/?s={search_term_string}"},"query-input":{"@type":"PropertyValueSpecification","valueRequired":true,"valueName":"search_term_string"}}],"inLanguage":"fr-FR"},{"@type":"Person","@id":"https:\/\/www.oracaoefe.com\/#\/schema\/person\/27873f1e6043866689f5091b5139f23d","name":"Maria","image":{"@type":"ImageObject","inLanguage":"fr-FR","@id":"https:\/\/secure.gravatar.com\/avatar\/4cac5ea56d40d599bd7348d330a83b1c84cd229296d1613cd1c7f6740561d0c9?s=96&d=mm&r=g","url":"https:\/\/secure.gravatar.com\/avatar\/4cac5ea56d40d599bd7348d330a83b1c84cd229296d1613cd1c7f6740561d0c9?s=96&d=mm&r=g","contentUrl":"https:\/\/secure.gravatar.com\/avatar\/4cac5ea56d40d599bd7348d330a83b1c84cd229296d1613cd1c7f6740561d0c9?s=96&d=mm&r=g","caption":"Maria"},"description":"Meu nome \u00e9 Maria e sou apaixonada por teologia, espiritualidade e estudos religiosos. H\u00e1 mais de 5 anos escrevo sobre o universo da f\u00e9, pesquisando diferentes religi\u00f5es, doutrinas, tradi\u00e7\u00f5es espirituais e curiosidades religiosas ao redor do mundo. Tenho grande interesse em compreender como a f\u00e9 e a religiosidade se manifestam em diferentes culturas, pa\u00edses e idiomas, sempre buscando aprender mais sobre os costumes, cren\u00e7as e hist\u00f3rias que influenciam milh\u00f5es de pessoas diariamente. Atualmente, atuo como redatora no portal Ora\u00e7\u00e3o e F\u00e9, onde compartilho conte\u00fados informativos, reflexivos e inspiradores voltados ao universo religioso e espiritual. Meu objetivo \u00e9 levar conhecimento, curiosidades e mensagens enriquecedoras para leitores que desejam aprofundar sua compreens\u00e3o sobre f\u00e9, religi\u00e3o e espiritualidade no mundo moderno.","sameAs":["https:\/\/www.oracaoefe.com"],"url":"https:\/\/www.oracaoefe.com\/fr\/author\/admin\/"}]}},"_links":{"self":[{"href":"https:\/\/www.oracaoefe.com\/fr\/wp-json\/wp\/v2\/posts\/453","targetHints":{"allow":["GET"]}}],"collection":[{"href":"https:\/\/www.oracaoefe.com\/fr\/wp-json\/wp\/v2\/posts"}],"about":[{"href":"https:\/\/www.oracaoefe.com\/fr\/wp-json\/wp\/v2\/types\/post"}],"author":[{"embeddable":true,"href":"https:\/\/www.oracaoefe.com\/fr\/wp-json\/wp\/v2\/users\/1"}],"replies":[{"embeddable":true,"href":"https:\/\/www.oracaoefe.com\/fr\/wp-json\/wp\/v2\/comments?post=453"}],"version-history":[{"count":1,"href":"https:\/\/www.oracaoefe.com\/fr\/wp-json\/wp\/v2\/posts\/453\/revisions"}],"predecessor-version":[{"id":454,"href":"https:\/\/www.oracaoefe.com\/fr\/wp-json\/wp\/v2\/posts\/453\/revisions\/454"}],"wp:featuredmedia":[{"embeddable":true,"href":"https:\/\/www.oracaoefe.com\/fr\/wp-json\/wp\/v2\/media\/480"}],"wp:attachment":[{"href":"https:\/\/www.oracaoefe.com\/fr\/wp-json\/wp\/v2\/media?parent=453"}],"wp:term":[{"taxonomy":"category","embeddable":true,"href":"https:\/\/www.oracaoefe.com\/fr\/wp-json\/wp\/v2\/categories?post=453"},{"taxonomy":"post_tag","embeddable":true,"href":"https:\/\/www.oracaoefe.com\/fr\/wp-json\/wp\/v2\/tags?post=453"}],"curies":[{"name":"wp","href":"https:\/\/api.w.org\/{rel}","templated":true}]}}