{"id":444,"date":"2022-09-27T20:09:40","date_gmt":"2022-09-27T23:09:40","guid":{"rendered":"https:\/\/www.oracaoefe.com\/?p=444"},"modified":"2022-09-28T12:08:58","modified_gmt":"2022-09-28T15:08:58","slug":"oracao-para-conseguir-trabalho-em-7-dias","status":"publish","type":"post","link":"https:\/\/www.oracaoefe.com\/fr\/oracao-para-conseguir-trabalho-em-7-dias\/","title":{"rendered":"Ora\u00e7\u00e3o para conseguir trabalho em 7 dias"},"content":{"rendered":"<div class=\"wp-block-post-date\"><time datetime=\"2022-09-27T20:09:40-03:00\">septembre 27, 2022<\/time><\/div>\n\n\n<p class=\"wp-block-paragraph\"><strong>Ora\u00e7\u00e3o para conseguir trabalho em 7 dias <\/strong>\u2500 Num ambiente onde o futuro n\u00e3o \u00e9 muito tranquilizador e onde a concorr\u00eancia \u00e9 acirrada, nem sempre \u00e9 f\u00e1cil encontrar o seu lugar no mundo profissional. Embora a sociedade quase tenha feito disso parte de nossa identidade, ningu\u00e9m se sente muito \u00e0 vontade sem ter uma resposta para o famoso \u201cO que voc\u00ea faz da vida?\u201d. Mais ainda, o que fazer quando nossos principais meios de subsist\u00eancia se esgotarem?&nbsp;<\/p>\n\n\n\n<p class=\"wp-block-paragraph\">Em suma, por uma raz\u00e3o ou outra, pode acontecer que a perspectiva de encontrar um emprego se torne cada vez mais dif\u00edcil de acreditar. No entanto, apesar dos tempos em que vivemos, servimos a um Deus que permanece o mesmo em Sua fidelidade \u00e0s Suas promessas e seu cumprimento em nossas vidas. Ele mesmo j\u00e1 nos disse como apresentar essa necessidade a Ele:<\/p>\n\n\n\n<p class=\"wp-block-paragraph\"><em>\u201cN\u00e3o se preocupe com nada, mas sempre pe\u00e7a a Deus o que voc\u00ea precisa. E quando voc\u00ea orar, fa\u00e7a seus pedidos com um cora\u00e7\u00e3o agradecido. Assim, a paz de Deus, que excede tudo o que podemos entender, manter\u00e1 os vossos cora\u00e7\u00f5es e os vossos pensamentos unidos a Cristo Jesus (\u2026) E o meu Deus vos dar\u00e1 tudo o que vos falta por meio de Cristo Jesus, t\u00e3o grande \u00e9 a sua gl\u00f3ria\u201d <\/em>Filipenses 4 : 6-19.<\/p>\n\n\n\n<h2 class=\"wp-block-heading\">Compreenda a ora\u00e7\u00e3o para conseguir trabalho em 7 dias<\/h2>\n\n\n\n<p class=\"wp-block-paragraph\"><em>\u201cPe\u00e7a e lhe ser\u00e1 dado. Procura e achar\u00e1s. Bata \u00e0 porta, e ela ser\u00e1 aberta para voc\u00ea (\u2026) Ent\u00e3o isso \u00e9 ainda mais certo: seu Pai que est\u00e1 nos c\u00e9us dar\u00e1 coisas boas a quem Lhe pedir\u201d. <\/em>Mateus 7:7-11<\/p>\n\n\n\n<p class=\"wp-block-paragraph\">Deus nos convida a deix\u00e1-lo conhecer nossas necessidades, nossos desejos. Mesmo que Ele j\u00e1 os conhe\u00e7a, Ele realmente tem prazer neste \u201ccora\u00e7\u00e3o a cora\u00e7\u00e3o\u201d onde compartilhamos nossos sonhos, nossas ambi\u00e7\u00f5es com Ele. Convida-nos \u00e0 excel\u00eancia em todas as \u00e1reas da vida e o trabalho \u00e9 uma delas.&nbsp;<\/p>\n\n\n\n<p class=\"wp-block-paragraph\">Portanto, n\u00e3o temos motivos para temperar nossos sonhos. Al\u00e9m disso, quando esses sonhos s\u00e3o planos de Deus, eles nunca devem ser limitados aos meios humanos.<\/p>\n\n\n\n<p class=\"wp-block-paragraph\">Se Deus o colocou em seu cora\u00e7\u00e3o, ent\u00e3o Ele prover\u00e1 para sua realiza\u00e7\u00e3o. \u00c9 por isso que devemos ousar! Atreva-se a pedir a Deus especificamente os desejos do seu cora\u00e7\u00e3o, n\u00e3o importa o que seus olhos estejam vendo no momento. \u00c0s vezes, como far\u00edamos com os homens, tendemos a minimizar nossas reais aspira\u00e7\u00f5es por medo de nos envergonharmos se n\u00e3o o fizermos.<\/p>\n\n\n\n<p class=\"wp-block-paragraph\">Por isso generalizamos, diminu\u00edmos e nos contentamos com pouco quando na verdade nosso cora\u00e7\u00e3o arde por este projeto e o Senhor deseja responder precisamente a ele. Se Deus colocou um sonho espec\u00edfico em voc\u00ea, ent\u00e3o espere e, como o rei Davi fez, lembre a Deus, mas tamb\u00e9m a sua alma. Enquanto voc\u00ea continuar a submeter esse desejo a Deus, n\u00e3o h\u00e1 mal nenhum em saber exatamente o que voc\u00ea quer.<\/p>\n\n\n\n<p class=\"wp-block-paragraph\">Se, por outro lado, voc\u00ea est\u00e1 procurando trabalho, mas n\u00e3o tem uma ideia precisa de sua orienta\u00e7\u00e3o, pe\u00e7a a Deus que lhe revele o que Ele colocou em voc\u00ea. Por mais in\u00f3cuo que pare\u00e7a, Deus trabalha com cada detalhe da sua pessoa. Assim, voc\u00ea pode simplesmente pedir a Ele que o ilumine, que crie as situa\u00e7\u00f5es e oportunidades que o ajudar\u00e3o a se conhecer melhor e a saber exatamente onde Ele o quer.<\/p>\n\n\n\n<h3 class=\"wp-block-heading\">Ora\u00e7\u00e3o para conseguir trabalho em 7 dias<\/h3>\n\n\n\n<p class=\"wp-block-paragraph\"><em>\u201cPai, eu quero te agradecer mesmo no meio desta situa\u00e7\u00e3o, pois sei que voc\u00ea permanece fiel \u00e0 sua palavra, voc\u00ea \u00e9 aquele que sempre cuidar\u00e1 de mim. Voc\u00ea \u00e9 quem abre as portas que ningu\u00e9m pode fechar e quem fecha as portas que ningu\u00e9m pode abrir, ent\u00e3o eu j\u00e1 te agrade\u00e7o por este trabalho porque mesmo que eu ainda n\u00e3o o veja eu sei que vou entrar neste que voc\u00ea tem destinado para mim, porque voc\u00ea reservou uma parte para mim, seu filho. Obrigado porque minha identidade n\u00e3o depende de meus t\u00edtulos neste mundo, meu valor est\u00e1 em Ti e no sacrif\u00edcio de Jesus pelo qual tudo se realiza para minha vida.<\/em><\/p>\n\n\n\n<p class=\"wp-block-paragraph\"><em>Esp\u00edrito Santo, fique agora livre para falar comigo, para me infundir com Seu pensamento e Sua paz. Eu sei que Tu me apoias neste tempo e Tu mesmo intercedes por mim junto ao Pai, por isso quero ouvir tudo o que Tu me dizes e obedecer \u00e0 Tua voz.<\/em><\/p>\n\n\n\n<p class=\"wp-block-paragraph\"><em>Em nome de Jesus eu orei, am\u00e9m.\u201d<\/em><\/p>","protected":false},"excerpt":{"rendered":"<p>Ora\u00e7\u00e3o para conseguir trabalho em 7 dias \u2500 Num ambiente onde o futuro n\u00e3o \u00e9 muito tranquilizador e onde a concorr\u00eancia \u00e9 acirrada&#8230;<\/p>","protected":false},"author":1,"featured_media":473,"comment_status":"open","ping_status":"closed","sticky":false,"template":"","format":"standard","meta":{"neve_meta_sidebar":"","neve_meta_container":"","neve_meta_enable_content_width":"","neve_meta_content_width":0,"neve_meta_title_alignment":"","neve_meta_author_avatar":"","neve_post_elements_order":"","neve_meta_disable_header":"","neve_meta_disable_footer":"","neve_meta_disable_title":"","footnotes":""},"categories":[2],"tags":[81,79,16,80],"class_list":["post-444","post","type-post","status-publish","format-standard","has-post-thumbnail","hentry","category-oracao","tag-7-dias","tag-conseguir-trabalho","tag-oracao","tag-trabalho"],"yoast_head":"<!-- This site is optimized with the Yoast SEO plugin v28.4 - https:\/\/yoast.com\/product\/yoast-seo-wordpress\/ -->\n<title>Ora\u00e7\u00e3o para conseguir trabalho em 7 dias - Ora\u00e7\u00e3o e F\u00e9<\/title>\n<meta name=\"description\" content=\"Ora\u00e7\u00e3o para conseguir trabalho em 7 dias \u2500 Num ambiente onde o futuro n\u00e3o \u00e9 muito tranquilizador e onde a concorr\u00eancia \u00e9 acirrada...\" \/>\n<meta name=\"robots\" content=\"index, follow, max-snippet:-1, max-image-preview:large, max-video-preview:-1\" \/>\n<link rel=\"canonical\" href=\"https:\/\/www.oracaoefe.com\/fr\/oracao-para-conseguir-trabalho-em-7-dias\/\" \/>\n<meta property=\"og:locale\" content=\"fr_FR\" \/>\n<meta property=\"og:type\" content=\"article\" \/>\n<meta property=\"og:title\" content=\"Ora\u00e7\u00e3o para conseguir trabalho em 7 dias - Ora\u00e7\u00e3o e F\u00e9\" \/>\n<meta property=\"og:description\" content=\"Ora\u00e7\u00e3o para conseguir trabalho em 7 dias \u2500 Num ambiente onde o futuro n\u00e3o \u00e9 muito tranquilizador e onde a concorr\u00eancia \u00e9 acirrada...\" \/>\n<meta property=\"og:url\" content=\"https:\/\/www.oracaoefe.com\/fr\/oracao-para-conseguir-trabalho-em-7-dias\/\" \/>\n<meta property=\"og:site_name\" content=\"Ora\u00e7\u00e3o e F\u00e9\" \/>\n<meta property=\"article:published_time\" content=\"2022-09-27T23:09:40+00:00\" \/>\n<meta property=\"article:modified_time\" content=\"2022-09-28T15:08:58+00:00\" \/>\n<meta property=\"og:image\" content=\"https:\/\/www.oracaoefe.com\/wp-content\/uploads\/2022\/09\/Oracao-para-conseguir-trabalho-em-7-dias.jpg\" \/>\n\t<meta property=\"og:image:width\" content=\"1200\" \/>\n\t<meta property=\"og:image:height\" content=\"675\" \/>\n\t<meta property=\"og:image:type\" content=\"image\/jpeg\" \/>\n<meta name=\"author\" content=\"Maria\" \/>\n<meta name=\"twitter:card\" content=\"summary_large_image\" \/>\n<meta name=\"twitter:label1\" content=\"\u00c9crit par\" \/>\n\t<meta name=\"twitter:data1\" content=\"Maria\" \/>\n\t<meta name=\"twitter:label2\" content=\"Dur\u00e9e de lecture estim\u00e9e\" \/>\n\t<meta name=\"twitter:data2\" content=\"4 minutes\" \/>\n<script type=\"application\/ld+json\" class=\"yoast-schema-graph\">{\"@context\":\"https:\\\/\\\/schema.org\",\"@graph\":[{\"@type\":\"Article\",\"@id\":\"https:\\\/\\\/www.oracaoefe.com\\\/oracao-para-conseguir-trabalho-em-7-dias\\\/#article\",\"isPartOf\":{\"@id\":\"https:\\\/\\\/www.oracaoefe.com\\\/oracao-para-conseguir-trabalho-em-7-dias\\\/\"},\"author\":{\"name\":\"Maria\",\"@id\":\"https:\\\/\\\/www.oracaoefe.com\\\/#\\\/schema\\\/person\\\/27873f1e6043866689f5091b5139f23d\"},\"headline\":\"Ora\u00e7\u00e3o para conseguir trabalho em 7 dias\",\"datePublished\":\"2022-09-27T23:09:40+00:00\",\"dateModified\":\"2022-09-28T15:08:58+00:00\",\"mainEntityOfPage\":{\"@id\":\"https:\\\/\\\/www.oracaoefe.com\\\/oracao-para-conseguir-trabalho-em-7-dias\\\/\"},\"wordCount\":765,\"commentCount\":0,\"image\":{\"@id\":\"https:\\\/\\\/www.oracaoefe.com\\\/oracao-para-conseguir-trabalho-em-7-dias\\\/#primaryimage\"},\"thumbnailUrl\":\"https:\\\/\\\/www.oracaoefe.com\\\/wp-content\\\/uploads\\\/2022\\\/09\\\/Oracao-para-conseguir-trabalho-em-7-dias.jpg\",\"keywords\":[\"7 dias\",\"conseguir trabalho\",\"ora\u00e7\u00e3o\",\"trabalho\"],\"articleSection\":[\"Ora\u00e7\u00e3o\"],\"inLanguage\":\"fr-FR\",\"potentialAction\":[{\"@type\":\"CommentAction\",\"name\":\"Comment\",\"target\":[\"https:\\\/\\\/www.oracaoefe.com\\\/oracao-para-conseguir-trabalho-em-7-dias\\\/#respond\"]}]},{\"@type\":\"WebPage\",\"@id\":\"https:\\\/\\\/www.oracaoefe.com\\\/oracao-para-conseguir-trabalho-em-7-dias\\\/\",\"url\":\"https:\\\/\\\/www.oracaoefe.com\\\/oracao-para-conseguir-trabalho-em-7-dias\\\/\",\"name\":\"Ora\u00e7\u00e3o para conseguir trabalho em 7 dias - Ora\u00e7\u00e3o e F\u00e9\",\"isPartOf\":{\"@id\":\"https:\\\/\\\/www.oracaoefe.com\\\/#website\"},\"primaryImageOfPage\":{\"@id\":\"https:\\\/\\\/www.oracaoefe.com\\\/oracao-para-conseguir-trabalho-em-7-dias\\\/#primaryimage\"},\"image\":{\"@id\":\"https:\\\/\\\/www.oracaoefe.com\\\/oracao-para-conseguir-trabalho-em-7-dias\\\/#primaryimage\"},\"thumbnailUrl\":\"https:\\\/\\\/www.oracaoefe.com\\\/wp-content\\\/uploads\\\/2022\\\/09\\\/Oracao-para-conseguir-trabalho-em-7-dias.jpg\",\"datePublished\":\"2022-09-27T23:09:40+00:00\",\"dateModified\":\"2022-09-28T15:08:58+00:00\",\"author\":{\"@id\":\"https:\\\/\\\/www.oracaoefe.com\\\/#\\\/schema\\\/person\\\/27873f1e6043866689f5091b5139f23d\"},\"description\":\"Ora\u00e7\u00e3o para conseguir trabalho em 7 dias \u2500 Num ambiente onde o futuro n\u00e3o \u00e9 muito tranquilizador e onde a concorr\u00eancia \u00e9 acirrada...\",\"breadcrumb\":{\"@id\":\"https:\\\/\\\/www.oracaoefe.com\\\/oracao-para-conseguir-trabalho-em-7-dias\\\/#breadcrumb\"},\"inLanguage\":\"fr-FR\",\"potentialAction\":[{\"@type\":\"ReadAction\",\"target\":[\"https:\\\/\\\/www.oracaoefe.com\\\/oracao-para-conseguir-trabalho-em-7-dias\\\/\"]}]},{\"@type\":\"ImageObject\",\"inLanguage\":\"fr-FR\",\"@id\":\"https:\\\/\\\/www.oracaoefe.com\\\/oracao-para-conseguir-trabalho-em-7-dias\\\/#primaryimage\",\"url\":\"https:\\\/\\\/www.oracaoefe.com\\\/wp-content\\\/uploads\\\/2022\\\/09\\\/Oracao-para-conseguir-trabalho-em-7-dias.jpg\",\"contentUrl\":\"https:\\\/\\\/www.oracaoefe.com\\\/wp-content\\\/uploads\\\/2022\\\/09\\\/Oracao-para-conseguir-trabalho-em-7-dias.jpg\",\"width\":1200,\"height\":675,\"caption\":\"Ora\u00e7\u00e3o para conseguir trabalho em 7 dias\"},{\"@type\":\"BreadcrumbList\",\"@id\":\"https:\\\/\\\/www.oracaoefe.com\\\/oracao-para-conseguir-trabalho-em-7-dias\\\/#breadcrumb\",\"itemListElement\":[{\"@type\":\"ListItem\",\"position\":1,\"name\":\"Home\",\"item\":\"https:\\\/\\\/www.oracaoefe.com\\\/\"},{\"@type\":\"ListItem\",\"position\":2,\"name\":\"Ora\u00e7\u00e3o\",\"item\":\"https:\\\/\\\/www.oracaoefe.com\\\/category\\\/oracao\\\/\"},{\"@type\":\"ListItem\",\"position\":3,\"name\":\"Ora\u00e7\u00e3o para conseguir trabalho em 7 dias\"}]},{\"@type\":\"WebSite\",\"@id\":\"https:\\\/\\\/www.oracaoefe.com\\\/#website\",\"url\":\"https:\\\/\\\/www.oracaoefe.com\\\/\",\"name\":\"Ora\u00e7\u00e3o e F\u00e9\",\"description\":\"\",\"potentialAction\":[{\"@type\":\"SearchAction\",\"target\":{\"@type\":\"EntryPoint\",\"urlTemplate\":\"https:\\\/\\\/www.oracaoefe.com\\\/?s={search_term_string}\"},\"query-input\":{\"@type\":\"PropertyValueSpecification\",\"valueRequired\":true,\"valueName\":\"search_term_string\"}}],\"inLanguage\":\"fr-FR\"},{\"@type\":\"Person\",\"@id\":\"https:\\\/\\\/www.oracaoefe.com\\\/#\\\/schema\\\/person\\\/27873f1e6043866689f5091b5139f23d\",\"name\":\"Maria\",\"image\":{\"@type\":\"ImageObject\",\"inLanguage\":\"fr-FR\",\"@id\":\"https:\\\/\\\/secure.gravatar.com\\\/avatar\\\/4cac5ea56d40d599bd7348d330a83b1c84cd229296d1613cd1c7f6740561d0c9?s=96&d=mm&r=g\",\"url\":\"https:\\\/\\\/secure.gravatar.com\\\/avatar\\\/4cac5ea56d40d599bd7348d330a83b1c84cd229296d1613cd1c7f6740561d0c9?s=96&d=mm&r=g\",\"contentUrl\":\"https:\\\/\\\/secure.gravatar.com\\\/avatar\\\/4cac5ea56d40d599bd7348d330a83b1c84cd229296d1613cd1c7f6740561d0c9?s=96&d=mm&r=g\",\"caption\":\"Maria\"},\"description\":\"Meu nome \u00e9 Maria e sou apaixonada por teologia, espiritualidade e estudos religiosos. H\u00e1 mais de 5 anos escrevo sobre o universo da f\u00e9, pesquisando diferentes religi\u00f5es, doutrinas, tradi\u00e7\u00f5es espirituais e curiosidades religiosas ao redor do mundo. Tenho grande interesse em compreender como a f\u00e9 e a religiosidade se manifestam em diferentes culturas, pa\u00edses e idiomas, sempre buscando aprender mais sobre os costumes, cren\u00e7as e hist\u00f3rias que influenciam milh\u00f5es de pessoas diariamente. Atualmente, atuo como redatora no portal Ora\u00e7\u00e3o e F\u00e9, onde compartilho conte\u00fados informativos, reflexivos e inspiradores voltados ao universo religioso e espiritual. Meu objetivo \u00e9 levar conhecimento, curiosidades e mensagens enriquecedoras para leitores que desejam aprofundar sua compreens\u00e3o sobre f\u00e9, religi\u00e3o e espiritualidade no mundo moderno.\",\"sameAs\":[\"https:\\\/\\\/www.oracaoefe.com\"],\"url\":\"https:\\\/\\\/www.oracaoefe.com\\\/fr\\\/author\\\/admin\\\/\"}]}<\/script>\n<!-- \/ Yoast SEO plugin. -->","yoast_head_json":{"title":"Ora\u00e7\u00e3o para conseguir trabalho em 7 dias - Ora\u00e7\u00e3o e F\u00e9","description":"Ora\u00e7\u00e3o para conseguir trabalho em 7 dias \u2500 Num ambiente onde o futuro n\u00e3o \u00e9 muito tranquilizador e onde a concorr\u00eancia \u00e9 acirrada...","robots":{"index":"index","follow":"follow","max-snippet":"max-snippet:-1","max-image-preview":"max-image-preview:large","max-video-preview":"max-video-preview:-1"},"canonical":"https:\/\/www.oracaoefe.com\/fr\/oracao-para-conseguir-trabalho-em-7-dias\/","og_locale":"fr_FR","og_type":"article","og_title":"Ora\u00e7\u00e3o para conseguir trabalho em 7 dias - Ora\u00e7\u00e3o e F\u00e9","og_description":"Ora\u00e7\u00e3o para conseguir trabalho em 7 dias \u2500 Num ambiente onde o futuro n\u00e3o \u00e9 muito tranquilizador e onde a concorr\u00eancia \u00e9 acirrada...","og_url":"https:\/\/www.oracaoefe.com\/fr\/oracao-para-conseguir-trabalho-em-7-dias\/","og_site_name":"Ora\u00e7\u00e3o e F\u00e9","article_published_time":"2022-09-27T23:09:40+00:00","article_modified_time":"2022-09-28T15:08:58+00:00","og_image":[{"width":1200,"height":675,"url":"https:\/\/www.oracaoefe.com\/wp-content\/uploads\/2022\/09\/Oracao-para-conseguir-trabalho-em-7-dias.jpg","type":"image\/jpeg"}],"author":"Maria","twitter_card":"summary_large_image","twitter_misc":{"\u00c9crit par":"Maria","Dur\u00e9e de lecture estim\u00e9e":"4 minutes"},"schema":{"@context":"https:\/\/schema.org","@graph":[{"@type":"Article","@id":"https:\/\/www.oracaoefe.com\/oracao-para-conseguir-trabalho-em-7-dias\/#article","isPartOf":{"@id":"https:\/\/www.oracaoefe.com\/oracao-para-conseguir-trabalho-em-7-dias\/"},"author":{"name":"Maria","@id":"https:\/\/www.oracaoefe.com\/#\/schema\/person\/27873f1e6043866689f5091b5139f23d"},"headline":"Ora\u00e7\u00e3o para conseguir trabalho em 7 dias","datePublished":"2022-09-27T23:09:40+00:00","dateModified":"2022-09-28T15:08:58+00:00","mainEntityOfPage":{"@id":"https:\/\/www.oracaoefe.com\/oracao-para-conseguir-trabalho-em-7-dias\/"},"wordCount":765,"commentCount":0,"image":{"@id":"https:\/\/www.oracaoefe.com\/oracao-para-conseguir-trabalho-em-7-dias\/#primaryimage"},"thumbnailUrl":"https:\/\/www.oracaoefe.com\/wp-content\/uploads\/2022\/09\/Oracao-para-conseguir-trabalho-em-7-dias.jpg","keywords":["7 dias","conseguir trabalho","ora\u00e7\u00e3o","trabalho"],"articleSection":["Ora\u00e7\u00e3o"],"inLanguage":"fr-FR","potentialAction":[{"@type":"CommentAction","name":"Comment","target":["https:\/\/www.oracaoefe.com\/oracao-para-conseguir-trabalho-em-7-dias\/#respond"]}]},{"@type":"WebPage","@id":"https:\/\/www.oracaoefe.com\/oracao-para-conseguir-trabalho-em-7-dias\/","url":"https:\/\/www.oracaoefe.com\/oracao-para-conseguir-trabalho-em-7-dias\/","name":"Ora\u00e7\u00e3o para conseguir trabalho em 7 dias - Ora\u00e7\u00e3o e F\u00e9","isPartOf":{"@id":"https:\/\/www.oracaoefe.com\/#website"},"primaryImageOfPage":{"@id":"https:\/\/www.oracaoefe.com\/oracao-para-conseguir-trabalho-em-7-dias\/#primaryimage"},"image":{"@id":"https:\/\/www.oracaoefe.com\/oracao-para-conseguir-trabalho-em-7-dias\/#primaryimage"},"thumbnailUrl":"https:\/\/www.oracaoefe.com\/wp-content\/uploads\/2022\/09\/Oracao-para-conseguir-trabalho-em-7-dias.jpg","datePublished":"2022-09-27T23:09:40+00:00","dateModified":"2022-09-28T15:08:58+00:00","author":{"@id":"https:\/\/www.oracaoefe.com\/#\/schema\/person\/27873f1e6043866689f5091b5139f23d"},"description":"Ora\u00e7\u00e3o para conseguir trabalho em 7 dias \u2500 Num ambiente onde o futuro n\u00e3o \u00e9 muito tranquilizador e onde a concorr\u00eancia \u00e9 acirrada...","breadcrumb":{"@id":"https:\/\/www.oracaoefe.com\/oracao-para-conseguir-trabalho-em-7-dias\/#breadcrumb"},"inLanguage":"fr-FR","potentialAction":[{"@type":"ReadAction","target":["https:\/\/www.oracaoefe.com\/oracao-para-conseguir-trabalho-em-7-dias\/"]}]},{"@type":"ImageObject","inLanguage":"fr-FR","@id":"https:\/\/www.oracaoefe.com\/oracao-para-conseguir-trabalho-em-7-dias\/#primaryimage","url":"https:\/\/www.oracaoefe.com\/wp-content\/uploads\/2022\/09\/Oracao-para-conseguir-trabalho-em-7-dias.jpg","contentUrl":"https:\/\/www.oracaoefe.com\/wp-content\/uploads\/2022\/09\/Oracao-para-conseguir-trabalho-em-7-dias.jpg","width":1200,"height":675,"caption":"Ora\u00e7\u00e3o para conseguir trabalho em 7 dias"},{"@type":"BreadcrumbList","@id":"https:\/\/www.oracaoefe.com\/oracao-para-conseguir-trabalho-em-7-dias\/#breadcrumb","itemListElement":[{"@type":"ListItem","position":1,"name":"Home","item":"https:\/\/www.oracaoefe.com\/"},{"@type":"ListItem","position":2,"name":"Ora\u00e7\u00e3o","item":"https:\/\/www.oracaoefe.com\/category\/oracao\/"},{"@type":"ListItem","position":3,"name":"Ora\u00e7\u00e3o para conseguir trabalho em 7 dias"}]},{"@type":"WebSite","@id":"https:\/\/www.oracaoefe.com\/#website","url":"https:\/\/www.oracaoefe.com\/","name":"Pri\u00e8re et foi","description":"","potentialAction":[{"@type":"SearchAction","target":{"@type":"EntryPoint","urlTemplate":"https:\/\/www.oracaoefe.com\/?s={search_term_string}"},"query-input":{"@type":"PropertyValueSpecification","valueRequired":true,"valueName":"search_term_string"}}],"inLanguage":"fr-FR"},{"@type":"Person","@id":"https:\/\/www.oracaoefe.com\/#\/schema\/person\/27873f1e6043866689f5091b5139f23d","name":"Maria","image":{"@type":"ImageObject","inLanguage":"fr-FR","@id":"https:\/\/secure.gravatar.com\/avatar\/4cac5ea56d40d599bd7348d330a83b1c84cd229296d1613cd1c7f6740561d0c9?s=96&d=mm&r=g","url":"https:\/\/secure.gravatar.com\/avatar\/4cac5ea56d40d599bd7348d330a83b1c84cd229296d1613cd1c7f6740561d0c9?s=96&d=mm&r=g","contentUrl":"https:\/\/secure.gravatar.com\/avatar\/4cac5ea56d40d599bd7348d330a83b1c84cd229296d1613cd1c7f6740561d0c9?s=96&d=mm&r=g","caption":"Maria"},"description":"Meu nome \u00e9 Maria e sou apaixonada por teologia, espiritualidade e estudos religiosos. H\u00e1 mais de 5 anos escrevo sobre o universo da f\u00e9, pesquisando diferentes religi\u00f5es, doutrinas, tradi\u00e7\u00f5es espirituais e curiosidades religiosas ao redor do mundo. Tenho grande interesse em compreender como a f\u00e9 e a religiosidade se manifestam em diferentes culturas, pa\u00edses e idiomas, sempre buscando aprender mais sobre os costumes, cren\u00e7as e hist\u00f3rias que influenciam milh\u00f5es de pessoas diariamente. Atualmente, atuo como redatora no portal Ora\u00e7\u00e3o e F\u00e9, onde compartilho conte\u00fados informativos, reflexivos e inspiradores voltados ao universo religioso e espiritual. Meu objetivo \u00e9 levar conhecimento, curiosidades e mensagens enriquecedoras para leitores que desejam aprofundar sua compreens\u00e3o sobre f\u00e9, religi\u00e3o e espiritualidade no mundo moderno.","sameAs":["https:\/\/www.oracaoefe.com"],"url":"https:\/\/www.oracaoefe.com\/fr\/author\/admin\/"}]}},"_links":{"self":[{"href":"https:\/\/www.oracaoefe.com\/fr\/wp-json\/wp\/v2\/posts\/444","targetHints":{"allow":["GET"]}}],"collection":[{"href":"https:\/\/www.oracaoefe.com\/fr\/wp-json\/wp\/v2\/posts"}],"about":[{"href":"https:\/\/www.oracaoefe.com\/fr\/wp-json\/wp\/v2\/types\/post"}],"author":[{"embeddable":true,"href":"https:\/\/www.oracaoefe.com\/fr\/wp-json\/wp\/v2\/users\/1"}],"replies":[{"embeddable":true,"href":"https:\/\/www.oracaoefe.com\/fr\/wp-json\/wp\/v2\/comments?post=444"}],"version-history":[{"count":2,"href":"https:\/\/www.oracaoefe.com\/fr\/wp-json\/wp\/v2\/posts\/444\/revisions"}],"predecessor-version":[{"id":451,"href":"https:\/\/www.oracaoefe.com\/fr\/wp-json\/wp\/v2\/posts\/444\/revisions\/451"}],"wp:featuredmedia":[{"embeddable":true,"href":"https:\/\/www.oracaoefe.com\/fr\/wp-json\/wp\/v2\/media\/473"}],"wp:attachment":[{"href":"https:\/\/www.oracaoefe.com\/fr\/wp-json\/wp\/v2\/media?parent=444"}],"wp:term":[{"taxonomy":"category","embeddable":true,"href":"https:\/\/www.oracaoefe.com\/fr\/wp-json\/wp\/v2\/categories?post=444"},{"taxonomy":"post_tag","embeddable":true,"href":"https:\/\/www.oracaoefe.com\/fr\/wp-json\/wp\/v2\/tags?post=444"}],"curies":[{"name":"wp","href":"https:\/\/api.w.org\/{rel}","templated":true}]}}