{"id":3977,"date":"2026-08-22T11:23:41","date_gmt":"2026-08-22T14:23:41","guid":{"rendered":"https:\/\/www.oracaoefe.com\/?p=3977"},"modified":"2025-12-21T11:31:57","modified_gmt":"2025-12-21T14:31:57","slug":"oracao-da-manha-como-comecar-o-dia-com-clareza-direcao-e-equilibrio-espiritual","status":"publish","type":"post","link":"https:\/\/www.oracaoefe.com\/fr\/oracao-da-manha-como-comecar-o-dia-com-clareza-direcao-e-equilibrio-espiritual\/","title":{"rendered":"Ora\u00e7\u00e3o da Manh\u00e3: Como Come\u00e7ar o Dia com Clareza, Dire\u00e7\u00e3o e Equil\u00edbrio Espiritual"},"content":{"rendered":"<p class=\"wp-block-paragraph\">A forma como voc\u00ea come\u00e7a o dia define muito mais do que imagina. Antes mesmo de qualquer acontecimento externo, sua mente j\u00e1 escolheu um ritmo, um foco e um estado emocional. \u00c9 exatamente a\u00ed que a ora\u00e7\u00e3o da manh\u00e3 entra como um dos h\u00e1bitos mais poderosos para quem busca clareza mental, equil\u00edbrio emocional e dire\u00e7\u00e3o espiritual.<\/p>\n\n\n\n<p class=\"wp-block-paragraph\">Orar pela manh\u00e3 n\u00e3o \u00e9 um costume religioso vazio. \u00c9 um alinhamento interno. \u00c9 decidir conscientemente quem vai conduzir o dia: a ansiedade, o acaso ou a f\u00e9. Neste artigo, voc\u00ea vai entender por que a ora\u00e7\u00e3o da manh\u00e3 faz tanta diferen\u00e7a, como pratic\u00e1-la de forma simples e realista, e como esse h\u00e1bito pode transformar decis\u00f5es, atitudes e resultados ao longo do dia.<\/p>\n\n\n\n<h2 class=\"wp-block-heading\">Por Que a Ora\u00e7\u00e3o da Manh\u00e3 \u00e9 T\u00e3o Importante?<\/h2>\n\n\n\n<p class=\"wp-block-paragraph\">Ao acordar, a mente ainda est\u00e1 em estado mais receptivo. N\u00e3o foi bombardeada por not\u00edcias, cobran\u00e7as, problemas ou est\u00edmulos externos. Esse momento inicial \u00e9 estrat\u00e9gico. Aquilo que voc\u00ea alimenta logo cedo tende a guiar seus pensamentos nas horas seguintes.<\/p>\n\n\n\n<p class=\"wp-block-paragraph\">Quando a primeira coisa do dia \u00e9 a pressa, o celular ou a preocupa\u00e7\u00e3o, o c\u00e9rebro entra em modo de alerta. J\u00e1 come\u00e7a cansado. A ora\u00e7\u00e3o da manh\u00e3 faz o oposto: ela organiza o interior antes de enfrentar o exterior.<\/p>\n\n\n\n<p class=\"wp-block-paragraph\">N\u00e3o se trata de garantir que o dia ser\u00e1 perfeito, mas de estar emocionalmente preparado para lidar com o que vier.<\/p>\n\n\n\n<h2 class=\"wp-block-heading\">O Erro Comum Sobre a Ora\u00e7\u00e3o da Manh\u00e3<\/h2>\n\n\n\n<p class=\"wp-block-paragraph\">Muita gente acha que ora\u00e7\u00e3o da manh\u00e3 precisa ser longa, profunda e cheia de palavras bonitas. Isso afasta mais do que aproxima. A maioria das pessoas acorda com tempo limitado, mente ainda despertando e energia baixa.<\/p>\n\n\n\n<p class=\"wp-block-paragraph\">O resultado? Desistem antes mesmo de tentar.<\/p>\n\n\n\n<p class=\"wp-block-paragraph\">A ora\u00e7\u00e3o da manh\u00e3 precisa ser simples, objetiva e sincera. Ela n\u00e3o \u00e9 um serm\u00e3o. \u00c9 um ajuste interno. Mesmo poucos minutos, se feitos com presen\u00e7a, j\u00e1 geram impacto.<\/p>\n\n\n\n<p class=\"wp-block-paragraph\">O problema n\u00e3o \u00e9 falta de tempo. \u00c9 excesso de exig\u00eancia.<\/p>\n\n\n\n<h2 class=\"wp-block-heading\">O Que a Ora\u00e7\u00e3o da Manh\u00e3 Produz Internamente<\/h2>\n\n\n\n<p class=\"wp-block-paragraph\">Quando feita com const\u00e2ncia, a ora\u00e7\u00e3o da manh\u00e3 gera efeitos claros e progressivos:<\/p>\n\n\n\n<p class=\"wp-block-paragraph\">Ela reduz impulsividade.<br>Ela melhora a qualidade das decis\u00f5es.<br>Ela diminui a ansiedade antecipat\u00f3ria.<br>Ela aumenta a sensa\u00e7\u00e3o de prop\u00f3sito.<br>Ela fortalece a consci\u00eancia espiritual ao longo do dia.<\/p>\n\n\n\n<p class=\"wp-block-paragraph\">N\u00e3o \u00e9 algo m\u00edstico ou abstrato. \u00c9 pr\u00e1tico. Quem ora de manh\u00e3 tende a reagir menos no autom\u00e1tico e agir mais com inten\u00e7\u00e3o.<\/p>\n\n\n\n<h2 class=\"wp-block-heading\">Como Fazer uma Ora\u00e7\u00e3o da Manh\u00e3 Simples e Eficaz<\/h2>\n\n\n\n<p class=\"wp-block-paragraph\">N\u00e3o existe f\u00f3rmula \u00fanica, mas existe estrutura funcional. Uma boa ora\u00e7\u00e3o da manh\u00e3 pode seguir este fluxo:<\/p>\n\n\n\n<h3 class=\"wp-block-heading\">1. Presen\u00e7a Antes de Palavra<\/h3>\n\n\n\n<p class=\"wp-block-paragraph\">Antes de falar qualquer coisa, respire. Traga sua aten\u00e7\u00e3o para o agora. N\u00e3o comece a ora\u00e7\u00e3o correndo. Mesmo trinta segundos de sil\u00eancio j\u00e1 fazem diferen\u00e7a.<\/p>\n\n\n\n<p class=\"wp-block-paragraph\">Esse momento ajuda a mente a sair do modo disperso e entrar em conex\u00e3o real.<\/p>\n\n\n\n<h3 class=\"wp-block-heading\">2. Reconhecimento<\/h3>\n\n\n\n<p class=\"wp-block-paragraph\">Reconhe\u00e7a que voc\u00ea n\u00e3o controla tudo. Isso tira um peso enorme das costas. Frases simples como \u201centrego este dia\u201d ou \u201cconfio em Ti\u201d j\u00e1 cumprem esse papel.<\/p>\n\n\n\n<p class=\"wp-block-paragraph\">Reconhecimento n\u00e3o \u00e9 fraqueza. \u00c9 lucidez.<\/p>\n\n\n\n<h3 class=\"wp-block-heading\">3. Gratid\u00e3o Inicial<\/h3>\n\n\n\n<p class=\"wp-block-paragraph\">Agrade\u00e7a pelo que j\u00e1 existe. Vida, sa\u00fade, oportunidades, aprendizado. Gratid\u00e3o logo cedo muda o tom emocional do dia inteiro.<\/p>\n\n\n\n<p class=\"wp-block-paragraph\">Quem come\u00e7a o dia reclamando passa o dia reclamando. Quem come\u00e7a agradecendo enxerga melhor o que tem.<\/p>\n\n\n\n<h3 class=\"wp-block-heading\">4. Pedido de Dire\u00e7\u00e3o<\/h3>\n\n\n\n<p class=\"wp-block-paragraph\">Pe\u00e7a clareza para decis\u00f5es, equil\u00edbrio emocional, sabedoria nas palavras e atitudes. A ora\u00e7\u00e3o da manh\u00e3 n\u00e3o \u00e9 sobre pedir coisas, mas pedir postura correta diante das coisas.<\/p>\n\n\n\n<h3 class=\"wp-block-heading\">5. Entrega Final<\/h3>\n\n\n\n<p class=\"wp-block-paragraph\">Finalize entregando o controle. Isso n\u00e3o significa passividade. Significa agir sem carregar ansiedade desnecess\u00e1ria.<\/p>\n\n\n\n<h2 class=\"wp-block-heading\">Quanto Tempo Deve Durar a Ora\u00e7\u00e3o da Manh\u00e3?<\/h2>\n\n\n\n<p class=\"wp-block-paragraph\">O suficiente para ser realista e sustent\u00e1vel. Pode ser tr\u00eas minutos. Pode ser cinco. Pode ser dez. O tempo n\u00e3o \u00e9 o ponto central. A const\u00e2ncia \u00e9.<\/p>\n\n\n\n<p class=\"wp-block-paragraph\">Uma ora\u00e7\u00e3o curta feita todos os dias vale mais do que uma ora\u00e7\u00e3o longa feita uma vez por semana.<\/p>\n\n\n\n<p class=\"wp-block-paragraph\">O erro \u00e9 tentar criar um h\u00e1bito inalcan\u00e7\u00e1vel e abandonar em poucos dias.<\/p>\n\n\n\n<h2 class=\"wp-block-heading\">Ora\u00e7\u00e3o da Manh\u00e3 e Disciplina Espiritual<\/h2>\n\n\n\n<p class=\"wp-block-paragraph\">Orar pela manh\u00e3 constr\u00f3i disciplina interna. Mesmo nos dias em que voc\u00ea n\u00e3o sente vontade, a decis\u00e3o de orar fortalece o compromisso consigo mesmo e com Deus.<\/p>\n\n\n\n<p class=\"wp-block-paragraph\">Esse tipo de disciplina n\u00e3o oprime. Ela estrutura. Com o tempo, a ora\u00e7\u00e3o deixa de ser esfor\u00e7o e vira necessidade natural.<\/p>\n\n\n\n<p class=\"wp-block-paragraph\">N\u00e3o espere sentir algo especial todos os dias. A ora\u00e7\u00e3o da manh\u00e3 n\u00e3o \u00e9 sobre emo\u00e7\u00e3o constante, \u00e9 sobre alinhamento cont\u00ednuo.<\/p>\n\n\n\n<h2 class=\"wp-block-heading\">Quando a Manh\u00e3 Est\u00e1 Ca\u00f3tica<\/h2>\n\n\n\n<p class=\"wp-block-paragraph\">Existem dias em que o despertador atrasa, o compromisso aperta e tudo parece fora de controle. Nesses dias, a ora\u00e7\u00e3o n\u00e3o precisa desaparecer.<\/p>\n\n\n\n<p class=\"wp-block-paragraph\">Uma frase mental, uma respira\u00e7\u00e3o consciente, um pedido r\u00e1pido j\u00e1 mant\u00eam a conex\u00e3o. Ora\u00e7\u00e3o n\u00e3o depende de cen\u00e1rio ideal.<\/p>\n\n\n\n<p class=\"wp-block-paragraph\">O erro \u00e9 pensar \u201choje n\u00e3o deu\u201d e passar o dia inteiro desconectado. Mesmo em movimento, a ora\u00e7\u00e3o continua v\u00e1lida.<\/p>\n\n\n\n<h2 class=\"wp-block-heading\">Ora\u00e7\u00e3o da Manh\u00e3 e Tomada de Decis\u00f5es<\/h2>\n\n\n\n<p class=\"wp-block-paragraph\">Um dos maiores benef\u00edcios da ora\u00e7\u00e3o matinal \u00e9 a melhoria na tomada de decis\u00f5es. Ao alinhar mente e esp\u00edrito logo cedo, voc\u00ea reduz decis\u00f5es impulsivas baseadas apenas em emo\u00e7\u00e3o ou medo.<\/p>\n\n\n\n<p class=\"wp-block-paragraph\">A ora\u00e7\u00e3o n\u00e3o elimina d\u00favidas, mas aumenta discernimento. Ela ajuda a perceber limites, sinais e consequ\u00eancias antes de agir.<\/p>\n\n\n\n<p class=\"wp-block-paragraph\">Isso impacta diretamente trabalho, relacionamentos e escolhas pessoais.<\/p>\n\n\n\n<h2 class=\"wp-block-heading\">A Diferen\u00e7a Entre Orar e Repetir Frases<\/h2>\n\n\n\n<p class=\"wp-block-paragraph\">Repeti\u00e7\u00e3o sem consci\u00eancia n\u00e3o gera transforma\u00e7\u00e3o. A ora\u00e7\u00e3o da manh\u00e3 precisa ser viva, n\u00e3o autom\u00e1tica.<\/p>\n\n\n\n<p class=\"wp-block-paragraph\">Mesmo que use palavras parecidas todos os dias, a inten\u00e7\u00e3o precisa estar presente. Se perceber que est\u00e1 apenas repetindo, pare, respire e recomece.<\/p>\n\n\n\n<p class=\"wp-block-paragraph\">Deus n\u00e3o busca rotina mec\u00e2nica. Busca presen\u00e7a real.<\/p>\n\n\n\n<h2 class=\"wp-block-heading\">Criando o H\u00e1bito Sem Culpa<\/h2>\n\n\n\n<p class=\"wp-block-paragraph\">N\u00e3o se cobre perfei\u00e7\u00e3o. Haver\u00e1 dias em que voc\u00ea esquecer\u00e1, atrasar\u00e1 ou simplesmente n\u00e3o conseguir\u00e1 orar. N\u00e3o transforme isso em culpa espiritual.<\/p>\n\n\n\n<p class=\"wp-block-paragraph\">Retome no dia seguinte. Sem drama. Sem peso.<\/p>\n\n\n\n<p class=\"wp-block-paragraph\">Ora\u00e7\u00e3o \u00e9 relacionamento, n\u00e3o obriga\u00e7\u00e3o religiosa.<\/p>\n\n\n\n<h2 class=\"wp-block-heading\">Conclus\u00e3o<\/h2>\n\n\n\n<p class=\"wp-block-paragraph\">A ora\u00e7\u00e3o da manh\u00e3 \u00e9 um dos h\u00e1bitos mais simples e poderosos para quem deseja viver com mais clareza, equil\u00edbrio e dire\u00e7\u00e3o. Ela n\u00e3o muda o mundo externo imediatamente, mas muda a forma como voc\u00ea entra nele todos os dias.<\/p>\n\n\n\n<p class=\"wp-block-paragraph\">Come\u00e7ar o dia em ora\u00e7\u00e3o \u00e9 escolher consci\u00eancia em vez de caos, presen\u00e7a em vez de pressa, f\u00e9 em vez de medo.<\/p>\n\n\n\n<p class=\"wp-block-paragraph\">N\u00e3o espere o dia melhorar para orar. Ore para entrar no dia da melhor forma poss\u00edvel.<\/p>\n\n\n\n<p class=\"wp-block-paragraph\">Poucos minutos pela manh\u00e3 podem redefinir horas de decis\u00f5es mais s\u00e1bias, rea\u00e7\u00f5es mais calmas e uma vida espiritual mais est\u00e1vel.<\/p>","protected":false},"excerpt":{"rendered":"<p>A forma como voc\u00ea come\u00e7a o dia define muito mais do que imagina. Antes mesmo de qualquer acontecimento externo, sua mente j\u00e1 escolheu um ritmo, um foco e um estado emocional. \u00c9 exatamente a\u00ed que a ora\u00e7\u00e3o da manh\u00e3 entra como um dos h\u00e1bitos mais poderosos para quem busca clareza mental, equil\u00edbrio emocional e dire\u00e7\u00e3o&hellip;&nbsp;<\/p>","protected":false},"author":1,"featured_media":3978,"comment_status":"closed","ping_status":"closed","sticky":false,"template":"","format":"standard","meta":{"neve_meta_sidebar":"","neve_meta_container":"","neve_meta_enable_content_width":"","neve_meta_content_width":0,"neve_meta_title_alignment":"","neve_meta_author_avatar":"","neve_post_elements_order":"","neve_meta_disable_header":"","neve_meta_disable_footer":"","neve_meta_disable_title":"","footnotes":""},"categories":[2],"tags":[],"class_list":["post-3977","post","type-post","status-publish","format-standard","has-post-thumbnail","hentry","category-oracao"],"yoast_head":"<!-- This site is optimized with the Yoast SEO plugin v28.4 - https:\/\/yoast.com\/product\/yoast-seo-wordpress\/ -->\n<title>Ora\u00e7\u00e3o da Manh\u00e3: Como Come\u00e7ar o Dia com Clareza, Dire\u00e7\u00e3o e Equil\u00edbrio Espiritual - Ora\u00e7\u00e3o e F\u00e9<\/title>\n<meta name=\"description\" content=\"Deus tem pra voc\u00ea uma palavra de vida!\" \/>\n<meta name=\"robots\" content=\"index, follow, max-snippet:-1, max-image-preview:large, max-video-preview:-1\" \/>\n<link rel=\"canonical\" href=\"https:\/\/www.oracaoefe.com\/fr\/oracao-da-manha-como-comecar-o-dia-com-clareza-direcao-e-equilibrio-espiritual\/\" \/>\n<meta property=\"og:locale\" content=\"fr_FR\" \/>\n<meta property=\"og:type\" content=\"article\" \/>\n<meta property=\"og:title\" content=\"Ora\u00e7\u00e3o da Manh\u00e3: Como Come\u00e7ar o Dia com Clareza, Dire\u00e7\u00e3o e Equil\u00edbrio Espiritual - Ora\u00e7\u00e3o e F\u00e9\" \/>\n<meta property=\"og:description\" content=\"Deus tem pra voc\u00ea uma palavra de vida!\" \/>\n<meta property=\"og:url\" content=\"https:\/\/www.oracaoefe.com\/fr\/oracao-da-manha-como-comecar-o-dia-com-clareza-direcao-e-equilibrio-espiritual\/\" \/>\n<meta property=\"og:site_name\" content=\"Ora\u00e7\u00e3o e F\u00e9\" \/>\n<meta property=\"article:published_time\" content=\"2026-08-22T14:23:41+00:00\" \/>\n<meta property=\"og:image\" content=\"https:\/\/www.oracaoefe.com\/wp-content\/uploads\/2025\/12\/oracao-manha.png\" \/>\n\t<meta property=\"og:image:width\" content=\"1536\" \/>\n\t<meta property=\"og:image:height\" content=\"1024\" \/>\n\t<meta property=\"og:image:type\" content=\"image\/png\" \/>\n<meta name=\"author\" content=\"Maria\" \/>\n<meta name=\"twitter:card\" content=\"summary_large_image\" \/>\n<meta name=\"twitter:label1\" content=\"\u00c9crit par\" \/>\n\t<meta name=\"twitter:data1\" content=\"Maria\" \/>\n\t<meta name=\"twitter:label2\" content=\"Dur\u00e9e de lecture estim\u00e9e\" \/>\n\t<meta name=\"twitter:data2\" content=\"6 minutes\" \/>\n<script type=\"application\/ld+json\" class=\"yoast-schema-graph\">{\"@context\":\"https:\\\/\\\/schema.org\",\"@graph\":[{\"@type\":\"Article\",\"@id\":\"https:\\\/\\\/www.oracaoefe.com\\\/oracao-da-manha-como-comecar-o-dia-com-clareza-direcao-e-equilibrio-espiritual\\\/#article\",\"isPartOf\":{\"@id\":\"https:\\\/\\\/www.oracaoefe.com\\\/oracao-da-manha-como-comecar-o-dia-com-clareza-direcao-e-equilibrio-espiritual\\\/\"},\"author\":{\"name\":\"Maria\",\"@id\":\"https:\\\/\\\/www.oracaoefe.com\\\/#\\\/schema\\\/person\\\/27873f1e6043866689f5091b5139f23d\"},\"headline\":\"Ora\u00e7\u00e3o da Manh\u00e3: Como Come\u00e7ar o Dia com Clareza, Dire\u00e7\u00e3o e Equil\u00edbrio Espiritual\",\"datePublished\":\"2026-08-22T14:23:41+00:00\",\"mainEntityOfPage\":{\"@id\":\"https:\\\/\\\/www.oracaoefe.com\\\/oracao-da-manha-como-comecar-o-dia-com-clareza-direcao-e-equilibrio-espiritual\\\/\"},\"wordCount\":1192,\"image\":{\"@id\":\"https:\\\/\\\/www.oracaoefe.com\\\/oracao-da-manha-como-comecar-o-dia-com-clareza-direcao-e-equilibrio-espiritual\\\/#primaryimage\"},\"thumbnailUrl\":\"https:\\\/\\\/www.oracaoefe.com\\\/wp-content\\\/uploads\\\/2025\\\/12\\\/oracao-manha.png\",\"articleSection\":[\"Ora\u00e7\u00e3o\"],\"inLanguage\":\"fr-FR\"},{\"@type\":\"WebPage\",\"@id\":\"https:\\\/\\\/www.oracaoefe.com\\\/oracao-da-manha-como-comecar-o-dia-com-clareza-direcao-e-equilibrio-espiritual\\\/\",\"url\":\"https:\\\/\\\/www.oracaoefe.com\\\/oracao-da-manha-como-comecar-o-dia-com-clareza-direcao-e-equilibrio-espiritual\\\/\",\"name\":\"Ora\u00e7\u00e3o da Manh\u00e3: Como Come\u00e7ar o Dia com Clareza, Dire\u00e7\u00e3o e Equil\u00edbrio Espiritual - Ora\u00e7\u00e3o e F\u00e9\",\"isPartOf\":{\"@id\":\"https:\\\/\\\/www.oracaoefe.com\\\/#website\"},\"primaryImageOfPage\":{\"@id\":\"https:\\\/\\\/www.oracaoefe.com\\\/oracao-da-manha-como-comecar-o-dia-com-clareza-direcao-e-equilibrio-espiritual\\\/#primaryimage\"},\"image\":{\"@id\":\"https:\\\/\\\/www.oracaoefe.com\\\/oracao-da-manha-como-comecar-o-dia-com-clareza-direcao-e-equilibrio-espiritual\\\/#primaryimage\"},\"thumbnailUrl\":\"https:\\\/\\\/www.oracaoefe.com\\\/wp-content\\\/uploads\\\/2025\\\/12\\\/oracao-manha.png\",\"datePublished\":\"2026-08-22T14:23:41+00:00\",\"author\":{\"@id\":\"https:\\\/\\\/www.oracaoefe.com\\\/#\\\/schema\\\/person\\\/27873f1e6043866689f5091b5139f23d\"},\"description\":\"Deus tem pra voc\u00ea uma palavra de vida!\",\"breadcrumb\":{\"@id\":\"https:\\\/\\\/www.oracaoefe.com\\\/oracao-da-manha-como-comecar-o-dia-com-clareza-direcao-e-equilibrio-espiritual\\\/#breadcrumb\"},\"inLanguage\":\"fr-FR\",\"potentialAction\":[{\"@type\":\"ReadAction\",\"target\":[\"https:\\\/\\\/www.oracaoefe.com\\\/oracao-da-manha-como-comecar-o-dia-com-clareza-direcao-e-equilibrio-espiritual\\\/\"]}]},{\"@type\":\"ImageObject\",\"inLanguage\":\"fr-FR\",\"@id\":\"https:\\\/\\\/www.oracaoefe.com\\\/oracao-da-manha-como-comecar-o-dia-com-clareza-direcao-e-equilibrio-espiritual\\\/#primaryimage\",\"url\":\"https:\\\/\\\/www.oracaoefe.com\\\/wp-content\\\/uploads\\\/2025\\\/12\\\/oracao-manha.png\",\"contentUrl\":\"https:\\\/\\\/www.oracaoefe.com\\\/wp-content\\\/uploads\\\/2025\\\/12\\\/oracao-manha.png\",\"width\":1536,\"height\":1024},{\"@type\":\"BreadcrumbList\",\"@id\":\"https:\\\/\\\/www.oracaoefe.com\\\/oracao-da-manha-como-comecar-o-dia-com-clareza-direcao-e-equilibrio-espiritual\\\/#breadcrumb\",\"itemListElement\":[{\"@type\":\"ListItem\",\"position\":1,\"name\":\"Home\",\"item\":\"https:\\\/\\\/www.oracaoefe.com\\\/\"},{\"@type\":\"ListItem\",\"position\":2,\"name\":\"Ora\u00e7\u00e3o\",\"item\":\"https:\\\/\\\/www.oracaoefe.com\\\/category\\\/oracao\\\/\"},{\"@type\":\"ListItem\",\"position\":3,\"name\":\"Ora\u00e7\u00e3o da Manh\u00e3: Como Come\u00e7ar o Dia com Clareza, Dire\u00e7\u00e3o e Equil\u00edbrio Espiritual\"}]},{\"@type\":\"WebSite\",\"@id\":\"https:\\\/\\\/www.oracaoefe.com\\\/#website\",\"url\":\"https:\\\/\\\/www.oracaoefe.com\\\/\",\"name\":\"Ora\u00e7\u00e3o e F\u00e9\",\"description\":\"\",\"potentialAction\":[{\"@type\":\"SearchAction\",\"target\":{\"@type\":\"EntryPoint\",\"urlTemplate\":\"https:\\\/\\\/www.oracaoefe.com\\\/?s={search_term_string}\"},\"query-input\":{\"@type\":\"PropertyValueSpecification\",\"valueRequired\":true,\"valueName\":\"search_term_string\"}}],\"inLanguage\":\"fr-FR\"},{\"@type\":\"Person\",\"@id\":\"https:\\\/\\\/www.oracaoefe.com\\\/#\\\/schema\\\/person\\\/27873f1e6043866689f5091b5139f23d\",\"name\":\"Maria\",\"image\":{\"@type\":\"ImageObject\",\"inLanguage\":\"fr-FR\",\"@id\":\"https:\\\/\\\/secure.gravatar.com\\\/avatar\\\/4cac5ea56d40d599bd7348d330a83b1c84cd229296d1613cd1c7f6740561d0c9?s=96&d=mm&r=g\",\"url\":\"https:\\\/\\\/secure.gravatar.com\\\/avatar\\\/4cac5ea56d40d599bd7348d330a83b1c84cd229296d1613cd1c7f6740561d0c9?s=96&d=mm&r=g\",\"contentUrl\":\"https:\\\/\\\/secure.gravatar.com\\\/avatar\\\/4cac5ea56d40d599bd7348d330a83b1c84cd229296d1613cd1c7f6740561d0c9?s=96&d=mm&r=g\",\"caption\":\"Maria\"},\"description\":\"Meu nome \u00e9 Maria e sou apaixonada por teologia, espiritualidade e estudos religiosos. H\u00e1 mais de 5 anos escrevo sobre o universo da f\u00e9, pesquisando diferentes religi\u00f5es, doutrinas, tradi\u00e7\u00f5es espirituais e curiosidades religiosas ao redor do mundo. Tenho grande interesse em compreender como a f\u00e9 e a religiosidade se manifestam em diferentes culturas, pa\u00edses e idiomas, sempre buscando aprender mais sobre os costumes, cren\u00e7as e hist\u00f3rias que influenciam milh\u00f5es de pessoas diariamente. Atualmente, atuo como redatora no portal Ora\u00e7\u00e3o e F\u00e9, onde compartilho conte\u00fados informativos, reflexivos e inspiradores voltados ao universo religioso e espiritual. Meu objetivo \u00e9 levar conhecimento, curiosidades e mensagens enriquecedoras para leitores que desejam aprofundar sua compreens\u00e3o sobre f\u00e9, religi\u00e3o e espiritualidade no mundo moderno.\",\"sameAs\":[\"https:\\\/\\\/www.oracaoefe.com\"],\"url\":\"https:\\\/\\\/www.oracaoefe.com\\\/fr\\\/author\\\/admin\\\/\"}]}<\/script>\n<!-- \/ Yoast SEO plugin. -->","yoast_head_json":{"title":"Ora\u00e7\u00e3o da Manh\u00e3: Como Come\u00e7ar o Dia com Clareza, Dire\u00e7\u00e3o e Equil\u00edbrio Espiritual - Ora\u00e7\u00e3o e F\u00e9","description":"Dieu a une parole de vie pour vous !","robots":{"index":"index","follow":"follow","max-snippet":"max-snippet:-1","max-image-preview":"max-image-preview:large","max-video-preview":"max-video-preview:-1"},"canonical":"https:\/\/www.oracaoefe.com\/fr\/oracao-da-manha-como-comecar-o-dia-com-clareza-direcao-e-equilibrio-espiritual\/","og_locale":"fr_FR","og_type":"article","og_title":"Ora\u00e7\u00e3o da Manh\u00e3: Como Come\u00e7ar o Dia com Clareza, Dire\u00e7\u00e3o e Equil\u00edbrio Espiritual - Ora\u00e7\u00e3o e F\u00e9","og_description":"Deus tem pra voc\u00ea uma palavra de vida!","og_url":"https:\/\/www.oracaoefe.com\/fr\/oracao-da-manha-como-comecar-o-dia-com-clareza-direcao-e-equilibrio-espiritual\/","og_site_name":"Ora\u00e7\u00e3o e F\u00e9","article_published_time":"2026-08-22T14:23:41+00:00","og_image":[{"width":1536,"height":1024,"url":"https:\/\/www.oracaoefe.com\/wp-content\/uploads\/2025\/12\/oracao-manha.png","type":"image\/png"}],"author":"Maria","twitter_card":"summary_large_image","twitter_misc":{"\u00c9crit par":"Maria","Dur\u00e9e de lecture estim\u00e9e":"6 minutes"},"schema":{"@context":"https:\/\/schema.org","@graph":[{"@type":"Article","@id":"https:\/\/www.oracaoefe.com\/oracao-da-manha-como-comecar-o-dia-com-clareza-direcao-e-equilibrio-espiritual\/#article","isPartOf":{"@id":"https:\/\/www.oracaoefe.com\/oracao-da-manha-como-comecar-o-dia-com-clareza-direcao-e-equilibrio-espiritual\/"},"author":{"name":"Maria","@id":"https:\/\/www.oracaoefe.com\/#\/schema\/person\/27873f1e6043866689f5091b5139f23d"},"headline":"Ora\u00e7\u00e3o da Manh\u00e3: Como Come\u00e7ar o Dia com Clareza, Dire\u00e7\u00e3o e Equil\u00edbrio Espiritual","datePublished":"2026-08-22T14:23:41+00:00","mainEntityOfPage":{"@id":"https:\/\/www.oracaoefe.com\/oracao-da-manha-como-comecar-o-dia-com-clareza-direcao-e-equilibrio-espiritual\/"},"wordCount":1192,"image":{"@id":"https:\/\/www.oracaoefe.com\/oracao-da-manha-como-comecar-o-dia-com-clareza-direcao-e-equilibrio-espiritual\/#primaryimage"},"thumbnailUrl":"https:\/\/www.oracaoefe.com\/wp-content\/uploads\/2025\/12\/oracao-manha.png","articleSection":["Ora\u00e7\u00e3o"],"inLanguage":"fr-FR"},{"@type":"WebPage","@id":"https:\/\/www.oracaoefe.com\/oracao-da-manha-como-comecar-o-dia-com-clareza-direcao-e-equilibrio-espiritual\/","url":"https:\/\/www.oracaoefe.com\/oracao-da-manha-como-comecar-o-dia-com-clareza-direcao-e-equilibrio-espiritual\/","name":"Ora\u00e7\u00e3o da Manh\u00e3: Como Come\u00e7ar o Dia com Clareza, Dire\u00e7\u00e3o e Equil\u00edbrio Espiritual - Ora\u00e7\u00e3o e F\u00e9","isPartOf":{"@id":"https:\/\/www.oracaoefe.com\/#website"},"primaryImageOfPage":{"@id":"https:\/\/www.oracaoefe.com\/oracao-da-manha-como-comecar-o-dia-com-clareza-direcao-e-equilibrio-espiritual\/#primaryimage"},"image":{"@id":"https:\/\/www.oracaoefe.com\/oracao-da-manha-como-comecar-o-dia-com-clareza-direcao-e-equilibrio-espiritual\/#primaryimage"},"thumbnailUrl":"https:\/\/www.oracaoefe.com\/wp-content\/uploads\/2025\/12\/oracao-manha.png","datePublished":"2026-08-22T14:23:41+00:00","author":{"@id":"https:\/\/www.oracaoefe.com\/#\/schema\/person\/27873f1e6043866689f5091b5139f23d"},"description":"Dieu a une parole de vie pour vous !","breadcrumb":{"@id":"https:\/\/www.oracaoefe.com\/oracao-da-manha-como-comecar-o-dia-com-clareza-direcao-e-equilibrio-espiritual\/#breadcrumb"},"inLanguage":"fr-FR","potentialAction":[{"@type":"ReadAction","target":["https:\/\/www.oracaoefe.com\/oracao-da-manha-como-comecar-o-dia-com-clareza-direcao-e-equilibrio-espiritual\/"]}]},{"@type":"ImageObject","inLanguage":"fr-FR","@id":"https:\/\/www.oracaoefe.com\/oracao-da-manha-como-comecar-o-dia-com-clareza-direcao-e-equilibrio-espiritual\/#primaryimage","url":"https:\/\/www.oracaoefe.com\/wp-content\/uploads\/2025\/12\/oracao-manha.png","contentUrl":"https:\/\/www.oracaoefe.com\/wp-content\/uploads\/2025\/12\/oracao-manha.png","width":1536,"height":1024},{"@type":"BreadcrumbList","@id":"https:\/\/www.oracaoefe.com\/oracao-da-manha-como-comecar-o-dia-com-clareza-direcao-e-equilibrio-espiritual\/#breadcrumb","itemListElement":[{"@type":"ListItem","position":1,"name":"Home","item":"https:\/\/www.oracaoefe.com\/"},{"@type":"ListItem","position":2,"name":"Ora\u00e7\u00e3o","item":"https:\/\/www.oracaoefe.com\/category\/oracao\/"},{"@type":"ListItem","position":3,"name":"Ora\u00e7\u00e3o da Manh\u00e3: Como Come\u00e7ar o Dia com Clareza, Dire\u00e7\u00e3o e Equil\u00edbrio Espiritual"}]},{"@type":"WebSite","@id":"https:\/\/www.oracaoefe.com\/#website","url":"https:\/\/www.oracaoefe.com\/","name":"Pri\u00e8re et foi","description":"","potentialAction":[{"@type":"SearchAction","target":{"@type":"EntryPoint","urlTemplate":"https:\/\/www.oracaoefe.com\/?s={search_term_string}"},"query-input":{"@type":"PropertyValueSpecification","valueRequired":true,"valueName":"search_term_string"}}],"inLanguage":"fr-FR"},{"@type":"Person","@id":"https:\/\/www.oracaoefe.com\/#\/schema\/person\/27873f1e6043866689f5091b5139f23d","name":"Maria","image":{"@type":"ImageObject","inLanguage":"fr-FR","@id":"https:\/\/secure.gravatar.com\/avatar\/4cac5ea56d40d599bd7348d330a83b1c84cd229296d1613cd1c7f6740561d0c9?s=96&d=mm&r=g","url":"https:\/\/secure.gravatar.com\/avatar\/4cac5ea56d40d599bd7348d330a83b1c84cd229296d1613cd1c7f6740561d0c9?s=96&d=mm&r=g","contentUrl":"https:\/\/secure.gravatar.com\/avatar\/4cac5ea56d40d599bd7348d330a83b1c84cd229296d1613cd1c7f6740561d0c9?s=96&d=mm&r=g","caption":"Maria"},"description":"Meu nome \u00e9 Maria e sou apaixonada por teologia, espiritualidade e estudos religiosos. H\u00e1 mais de 5 anos escrevo sobre o universo da f\u00e9, pesquisando diferentes religi\u00f5es, doutrinas, tradi\u00e7\u00f5es espirituais e curiosidades religiosas ao redor do mundo. Tenho grande interesse em compreender como a f\u00e9 e a religiosidade se manifestam em diferentes culturas, pa\u00edses e idiomas, sempre buscando aprender mais sobre os costumes, cren\u00e7as e hist\u00f3rias que influenciam milh\u00f5es de pessoas diariamente. Atualmente, atuo como redatora no portal Ora\u00e7\u00e3o e F\u00e9, onde compartilho conte\u00fados informativos, reflexivos e inspiradores voltados ao universo religioso e espiritual. Meu objetivo \u00e9 levar conhecimento, curiosidades e mensagens enriquecedoras para leitores que desejam aprofundar sua compreens\u00e3o sobre f\u00e9, religi\u00e3o e espiritualidade no mundo moderno.","sameAs":["https:\/\/www.oracaoefe.com"],"url":"https:\/\/www.oracaoefe.com\/fr\/author\/admin\/"}]}},"_links":{"self":[{"href":"https:\/\/www.oracaoefe.com\/fr\/wp-json\/wp\/v2\/posts\/3977","targetHints":{"allow":["GET"]}}],"collection":[{"href":"https:\/\/www.oracaoefe.com\/fr\/wp-json\/wp\/v2\/posts"}],"about":[{"href":"https:\/\/www.oracaoefe.com\/fr\/wp-json\/wp\/v2\/types\/post"}],"author":[{"embeddable":true,"href":"https:\/\/www.oracaoefe.com\/fr\/wp-json\/wp\/v2\/users\/1"}],"replies":[{"embeddable":true,"href":"https:\/\/www.oracaoefe.com\/fr\/wp-json\/wp\/v2\/comments?post=3977"}],"version-history":[{"count":1,"href":"https:\/\/www.oracaoefe.com\/fr\/wp-json\/wp\/v2\/posts\/3977\/revisions"}],"predecessor-version":[{"id":3979,"href":"https:\/\/www.oracaoefe.com\/fr\/wp-json\/wp\/v2\/posts\/3977\/revisions\/3979"}],"wp:featuredmedia":[{"embeddable":true,"href":"https:\/\/www.oracaoefe.com\/fr\/wp-json\/wp\/v2\/media\/3978"}],"wp:attachment":[{"href":"https:\/\/www.oracaoefe.com\/fr\/wp-json\/wp\/v2\/media?parent=3977"}],"wp:term":[{"taxonomy":"category","embeddable":true,"href":"https:\/\/www.oracaoefe.com\/fr\/wp-json\/wp\/v2\/categories?post=3977"},{"taxonomy":"post_tag","embeddable":true,"href":"https:\/\/www.oracaoefe.com\/fr\/wp-json\/wp\/v2\/tags?post=3977"}],"curies":[{"name":"wp","href":"https:\/\/api.w.org\/{rel}","templated":true}]}}