{"id":3968,"date":"2026-05-23T20:57:41","date_gmt":"2026-05-23T23:57:41","guid":{"rendered":"https:\/\/www.oracaoefe.com\/?p=3968"},"modified":"2025-12-16T20:59:13","modified_gmt":"2025-12-16T23:59:13","slug":"oracao-em-silencio-por-que-ficar-em-silencio-tambem-e-uma-forma-profunda-de-orar","status":"publish","type":"post","link":"https:\/\/www.oracaoefe.com\/fr\/oracao-em-silencio-por-que-ficar-em-silencio-tambem-e-uma-forma-profunda-de-orar\/","title":{"rendered":"Ora\u00e7\u00e3o em Sil\u00eancio: Por Que Ficar em Sil\u00eancio Tamb\u00e9m \u00e9 uma Forma Profunda de Orar"},"content":{"rendered":"<h2 class=\"wp-block-heading\">Introdu\u00e7\u00e3o<\/h2>\n\n\n\n<p class=\"wp-block-paragraph\">Quando se fala em ora\u00e7\u00e3o, muitas pessoas associam imediatamente a palavras, pedidos, agradecimentos ou falas dirigidas a Deus. No entanto, existe uma forma de ora\u00e7\u00e3o menos falada, mas extremamente poderosa: a ora\u00e7\u00e3o em sil\u00eancio. Em um mundo marcado por excesso de ru\u00eddo, opini\u00f5es, est\u00edmulos e pressa, o sil\u00eancio se tornou raro \u2014 e, justamente por isso, profundamente transformador. A ora\u00e7\u00e3o silenciosa n\u00e3o depende de frases elaboradas nem de pedidos espec\u00edficos. Ela acontece no espa\u00e7o interno onde a mente desacelera e o cora\u00e7\u00e3o se abre.<\/p>\n\n\n\n<p class=\"wp-block-paragraph\">Este artigo explora o significado da ora\u00e7\u00e3o em sil\u00eancio, por que o sil\u00eancio tamb\u00e9m \u00e9 ora\u00e7\u00e3o, quais s\u00e3o seus benef\u00edcios emocionais e espirituais e como essa pr\u00e1tica pode ajudar a desenvolver clareza, paz interior e conex\u00e3o profunda em meio \u00e0 vida moderna.<\/p>\n\n\n\n<h2 class=\"wp-block-heading\">O Que \u00e9 a Ora\u00e7\u00e3o em Sil\u00eancio<\/h2>\n\n\n\n<p class=\"wp-block-paragraph\">A ora\u00e7\u00e3o em sil\u00eancio \u00e9 uma pr\u00e1tica espiritual baseada na presen\u00e7a consciente, sem uso de palavras. Diferente das ora\u00e7\u00f5es faladas ou mentais, ela n\u00e3o se apoia em frases, pedidos ou estruturas verbais. O foco est\u00e1 em estar presente, atento e receptivo. Em vez de falar, a pessoa escuta \u2014 n\u00e3o necessariamente sons externos, mas o pr\u00f3prio interior.<\/p>\n\n\n\n<p class=\"wp-block-paragraph\">Essa forma de ora\u00e7\u00e3o \u00e9 encontrada em diversas tradi\u00e7\u00f5es espirituais e religiosas, embora muitas vezes seja pouco ensinada. Ela parte do princ\u00edpio de que nem tudo precisa ser dito para ser compreendido e de que o sil\u00eancio pode ser um espa\u00e7o leg\u00edtimo de comunica\u00e7\u00e3o espiritual.<\/p>\n\n\n\n<h2 class=\"wp-block-heading\">Por Que o Sil\u00eancio se Tornou Dif\u00edcil<\/h2>\n\n\n\n<p class=\"wp-block-paragraph\">A dificuldade em praticar a ora\u00e7\u00e3o em sil\u00eancio est\u00e1 diretamente ligada ao estilo de vida contempor\u00e2neo. As pessoas est\u00e3o constantemente expostas a est\u00edmulos: notifica\u00e7\u00f5es, conversas, m\u00fasicas, v\u00eddeos, informa\u00e7\u00f5es e cobran\u00e7as. O sil\u00eancio passou a ser associado a desconforto, t\u00e9dio ou perda de tempo.<\/p>\n\n\n\n<p class=\"wp-block-paragraph\">Al\u00e9m disso, muitas pessoas evitam o sil\u00eancio porque ele revela pensamentos e emo\u00e7\u00f5es que foram abafados pela correria. Ao silenciar, surgem inquieta\u00e7\u00f5es internas, mem\u00f3rias, medos e questionamentos. A ora\u00e7\u00e3o silenciosa exige coragem emocional, pois convida a pessoa a se encontrar consigo mesma sem distra\u00e7\u00f5es.<\/p>\n\n\n\n<h2 class=\"wp-block-heading\">Por Que Ficar em Sil\u00eancio Tamb\u00e9m \u00e9 Orar<\/h2>\n\n\n\n<p class=\"wp-block-paragraph\">A ora\u00e7\u00e3o n\u00e3o se resume a pedir ou falar. Ela tamb\u00e9m envolve escuta, entrega e confian\u00e7a. Na ora\u00e7\u00e3o em sil\u00eancio, a pessoa reconhece seus limites e abandona a necessidade de controlar a conversa espiritual. Esse gesto simb\u00f3lico expressa humildade e abertura.<\/p>\n\n\n\n<p class=\"wp-block-paragraph\">Ficar em sil\u00eancio diante de Deus ou da dimens\u00e3o espiritual representa confian\u00e7a de que nem tudo precisa ser verbalizado. Muitas vezes, o que \u00e9 mais profundo n\u00e3o cabe em palavras. O sil\u00eancio se torna, ent\u00e3o, um espa\u00e7o onde a presen\u00e7a \u00e9 mais importante do que o discurso.<\/p>\n\n\n\n<h2 class=\"wp-block-heading\">Ora\u00e7\u00e3o em Sil\u00eancio e Autoconhecimento<\/h2>\n\n\n\n<p class=\"wp-block-paragraph\">Um dos principais benef\u00edcios da ora\u00e7\u00e3o em sil\u00eancio \u00e9 o aprofundamento do autoconhecimento. Sem palavras para guiar a experi\u00eancia, a pessoa entra em contato direto com seus pensamentos, emo\u00e7\u00f5es e estados internos. Esse contato favorece a consci\u00eancia emocional e a identifica\u00e7\u00e3o de padr\u00f5es mentais.<\/p>\n\n\n\n<p class=\"wp-block-paragraph\">Ao praticar o sil\u00eancio de forma regular, o indiv\u00edduo passa a reconhecer melhor suas rea\u00e7\u00f5es, medos e desejos. Esse processo n\u00e3o acontece de forma brusca, mas gradual, \u00e0 medida que a mente se acostuma a desacelerar e observar sem julgar.<\/p>\n\n\n\n<h2 class=\"wp-block-heading\">O Impacto Emocional da Ora\u00e7\u00e3o Silenciosa<\/h2>\n\n\n\n<p class=\"wp-block-paragraph\">Do ponto de vista emocional, a ora\u00e7\u00e3o em sil\u00eancio contribui para a redu\u00e7\u00e3o do estresse e da ansiedade. Quando a pessoa silencia intencionalmente, o corpo tende a entrar em um estado de relaxamento. A respira\u00e7\u00e3o se torna mais profunda, a tens\u00e3o diminui e o sistema nervoso desacelera.<\/p>\n\n\n\n<p class=\"wp-block-paragraph\">Esse efeito emocional ocorre porque o sil\u00eancio interrompe o fluxo constante de pensamentos autom\u00e1ticos. Ao n\u00e3o alimentar a mente com novas informa\u00e7\u00f5es ou preocupa\u00e7\u00f5es, cria-se um espa\u00e7o de descanso mental que favorece o equil\u00edbrio emocional.<\/p>\n\n\n\n<h2 class=\"wp-block-heading\">Sil\u00eancio, Escuta Interior e Clareza<\/h2>\n\n\n\n<p class=\"wp-block-paragraph\">A ora\u00e7\u00e3o em sil\u00eancio favorece a clareza interior. Muitas respostas que buscamos externamente surgem quando a mente est\u00e1 calma. No sil\u00eancio, a pessoa aprende a escutar n\u00e3o apenas pensamentos racionais, mas intui\u00e7\u00f5es, percep\u00e7\u00f5es sutis e sentimentos que normalmente s\u00e3o ignorados.<\/p>\n\n\n\n<p class=\"wp-block-paragraph\">Essa clareza n\u00e3o aparece como uma voz aud\u00edvel ou resposta imediata, mas como uma sensa\u00e7\u00e3o de entendimento gradual. Com o tempo, a pr\u00e1tica ajuda a tomar decis\u00f5es com mais consci\u00eancia e a reagir \u00e0s situa\u00e7\u00f5es com menos impulsividade.<\/p>\n\n\n\n<h2 class=\"wp-block-heading\">Ora\u00e7\u00e3o em Sil\u00eancio N\u00e3o \u00e9 Esvaziar a Mente<\/h2>\n\n\n\n<p class=\"wp-block-paragraph\">Um erro comum \u00e9 confundir ora\u00e7\u00e3o em sil\u00eancio com a tentativa de \u201cn\u00e3o pensar em nada\u201d. Na pr\u00e1tica, pensamentos continuar\u00e3o surgindo. O objetivo n\u00e3o \u00e9 elimin\u00e1-los, mas n\u00e3o se prender a eles. Quando um pensamento aparece, ele \u00e9 observado e deixado ir, sem julgamento.<\/p>\n\n\n\n<p class=\"wp-block-paragraph\">Esse processo ensina a pessoa a n\u00e3o se identificar excessivamente com o conte\u00fado mental. Essa habilidade \u00e9 extremamente \u00fatil para lidar com ansiedade, preocupa\u00e7\u00e3o excessiva e rumina\u00e7\u00e3o emocional.<\/p>\n\n\n\n<h2 class=\"wp-block-heading\">Como Praticar a Ora\u00e7\u00e3o em Sil\u00eancio<\/h2>\n\n\n\n<p class=\"wp-block-paragraph\">A ora\u00e7\u00e3o em sil\u00eancio pode ser praticada de forma simples. O primeiro passo \u00e9 escolher um ambiente tranquilo, onde seja poss\u00edvel permanecer alguns minutos sem interrup\u00e7\u00f5es. A postura deve ser confort\u00e1vel, permitindo relaxamento sem induzir ao sono.<\/p>\n\n\n\n<p class=\"wp-block-paragraph\">Em seguida, a pessoa pode fechar os olhos, focar na respira\u00e7\u00e3o e simplesmente estar presente. N\u00e3o \u00e9 necess\u00e1rio repetir frases nem fazer pedidos. A pr\u00e1tica consiste em permanecer em aten\u00e7\u00e3o tranquila, acolhendo o momento.<\/p>\n\n\n\n<p class=\"wp-block-paragraph\">Come\u00e7ar com poucos minutos \u00e9 suficiente. Com o tempo, a dura\u00e7\u00e3o pode aumentar naturalmente, conforme a pessoa se sente mais confort\u00e1vel com o sil\u00eancio.<\/p>\n\n\n\n<h2 class=\"wp-block-heading\">Ora\u00e7\u00e3o em Sil\u00eancio no Cotidiano<\/h2>\n\n\n\n<p class=\"wp-block-paragraph\">Embora muitas pessoas associem a ora\u00e7\u00e3o em sil\u00eancio a momentos formais, ela tamb\u00e9m pode ser incorporada ao cotidiano. Pequenas pausas silenciosas durante o dia, antes de decis\u00f5es importantes ou ap\u00f3s situa\u00e7\u00f5es estressantes, ajudam a restaurar o equil\u00edbrio emocional.<\/p>\n\n\n\n<p class=\"wp-block-paragraph\">Esses momentos n\u00e3o precisam ser longos. Mesmo um minuto de sil\u00eancio consciente j\u00e1 \u00e9 capaz de interromper o ciclo autom\u00e1tico de pensamentos e trazer mais presen\u00e7a ao momento.<\/p>\n\n\n\n<h2 class=\"wp-block-heading\">Dificuldades Comuns na Ora\u00e7\u00e3o Silenciosa<\/h2>\n\n\n\n<p class=\"wp-block-paragraph\">\u00c9 comum sentir inquieta\u00e7\u00e3o, impaci\u00eancia ou desconforto ao iniciar a pr\u00e1tica. A mente pode parecer mais agitada do que o normal. Isso n\u00e3o significa que a pr\u00e1tica est\u00e1 errada, mas que o sil\u00eancio est\u00e1 revelando o estado interno que antes estava encoberto.<\/p>\n\n\n\n<p class=\"wp-block-paragraph\">Outra dificuldade frequente \u00e9 a expectativa de \u201csentir algo especial\u201d. A ora\u00e7\u00e3o em sil\u00eancio nem sempre gera sensa\u00e7\u00f5es intensas. Muitas vezes, seus efeitos s\u00e3o sutis e percebidos apenas com o tempo, por meio de maior calma, clareza e estabilidade emocional.<\/p>\n\n\n\n<h2 class=\"wp-block-heading\">Ora\u00e7\u00e3o em Sil\u00eancio e Espiritualidade Madura<\/h2>\n\n\n\n<p class=\"wp-block-paragraph\">A pr\u00e1tica do sil\u00eancio costuma aparecer com mais for\u00e7a em fases de maturidade espiritual. \u00c0 medida que a pessoa compreende que a espiritualidade n\u00e3o se baseia apenas em pedidos, o sil\u00eancio passa a ser valorizado como espa\u00e7o de encontro profundo.<\/p>\n\n\n\n<p class=\"wp-block-paragraph\">Essa maturidade envolve aceitar que nem todas as respostas s\u00e3o imediatas e que a presen\u00e7a pode ser mais transformadora do que as palavras.<\/p>\n\n\n\n<h2 class=\"wp-block-heading\">Limites da Ora\u00e7\u00e3o em Sil\u00eancio<\/h2>\n\n\n\n<p class=\"wp-block-paragraph\">Embora muito ben\u00e9fica, a ora\u00e7\u00e3o em sil\u00eancio n\u00e3o substitui outras formas de ora\u00e7\u00e3o ou express\u00e3o emocional. Em momentos de dor intensa, verbalizar sentimentos pode ser necess\u00e1rio. A espiritualidade saud\u00e1vel reconhece que diferentes pr\u00e1ticas atendem a diferentes necessidades.<\/p>\n\n\n\n<p class=\"wp-block-paragraph\">O sil\u00eancio complementa, mas n\u00e3o exclui, a ora\u00e7\u00e3o falada, a reflex\u00e3o ou o pedido por ajuda.<\/p>\n\n\n\n<h2 class=\"wp-block-heading\">A Ora\u00e7\u00e3o em Sil\u00eancio Como Caminho de Equil\u00edbrio<\/h2>\n\n\n\n<p class=\"wp-block-paragraph\">Com o tempo, a ora\u00e7\u00e3o em sil\u00eancio se torna um ref\u00fagio interno. Ela ensina a pessoa a desacelerar, a escutar e a confiar. Em um mundo que exige respostas r\u00e1pidas e opini\u00f5es constantes, escolher o sil\u00eancio se torna um ato consciente de equil\u00edbrio e profundidade.<\/p>\n\n\n\n<p class=\"wp-block-paragraph\">Essa pr\u00e1tica fortalece a conex\u00e3o espiritual e contribui para uma rela\u00e7\u00e3o mais saud\u00e1vel com pensamentos, emo\u00e7\u00f5es e decis\u00f5es.<\/p>\n\n\n\n<h2 class=\"wp-block-heading\">Conclus\u00e3o<\/h2>\n\n\n\n<p class=\"wp-block-paragraph\">A ora\u00e7\u00e3o em sil\u00eancio \u00e9 uma forma profunda e muitas vezes subestimada de espiritualidade. Ao silenciar, a pessoa cria espa\u00e7o para escuta interior, clareza emocional e conex\u00e3o genu\u00edna. Essa pr\u00e1tica n\u00e3o exige palavras nem f\u00f3rmulas, apenas presen\u00e7a e disposi\u00e7\u00e3o para estar consigo mesma.<\/p>\n\n\n\n<p class=\"wp-block-paragraph\">Em uma realidade marcada por excesso de ru\u00eddo, o sil\u00eancio se torna um dos caminhos mais eficazes para a paz interior. Ao compreender que ficar em sil\u00eancio tamb\u00e9m \u00e9 orar, muitas pessoas descobrem uma espiritualidade mais simples, profunda e transformadora.<\/p>","protected":false},"excerpt":{"rendered":"<p>Introdu\u00e7\u00e3o Quando se fala em ora\u00e7\u00e3o, muitas pessoas associam imediatamente a palavras, pedidos, agradecimentos ou falas dirigidas a Deus. No entanto, existe uma forma de ora\u00e7\u00e3o menos falada, mas extremamente poderosa: a ora\u00e7\u00e3o em sil\u00eancio. Em um mundo marcado por excesso de ru\u00eddo, opini\u00f5es, est\u00edmulos e pressa, o sil\u00eancio se tornou raro \u2014 e, justamente&hellip;&nbsp;<\/p>","protected":false},"author":1,"featured_media":3969,"comment_status":"closed","ping_status":"closed","sticky":false,"template":"","format":"standard","meta":{"neve_meta_sidebar":"","neve_meta_container":"","neve_meta_enable_content_width":"","neve_meta_content_width":0,"neve_meta_title_alignment":"","neve_meta_author_avatar":"","neve_post_elements_order":"","neve_meta_disable_header":"","neve_meta_disable_footer":"","neve_meta_disable_title":"","footnotes":""},"categories":[2],"tags":[],"class_list":["post-3968","post","type-post","status-publish","format-standard","has-post-thumbnail","hentry","category-oracao"],"yoast_head":"<!-- This site is optimized with the Yoast SEO plugin v28.4 - https:\/\/yoast.com\/product\/yoast-seo-wordpress\/ -->\n<title>Ora\u00e7\u00e3o em Sil\u00eancio: Por Que Ficar em Sil\u00eancio Tamb\u00e9m \u00e9 uma Forma Profunda de Orar - Ora\u00e7\u00e3o e F\u00e9<\/title>\n<meta name=\"description\" content=\"Deus tem pra voc\u00ea uma palavra de vida!\" \/>\n<meta name=\"robots\" content=\"index, follow, max-snippet:-1, max-image-preview:large, max-video-preview:-1\" \/>\n<link rel=\"canonical\" href=\"https:\/\/www.oracaoefe.com\/fr\/oracao-em-silencio-por-que-ficar-em-silencio-tambem-e-uma-forma-profunda-de-orar\/\" \/>\n<meta property=\"og:locale\" content=\"fr_FR\" \/>\n<meta property=\"og:type\" content=\"article\" \/>\n<meta property=\"og:title\" content=\"Ora\u00e7\u00e3o em Sil\u00eancio: Por Que Ficar em Sil\u00eancio Tamb\u00e9m \u00e9 uma Forma Profunda de Orar - Ora\u00e7\u00e3o e F\u00e9\" \/>\n<meta property=\"og:description\" content=\"Deus tem pra voc\u00ea uma palavra de vida!\" \/>\n<meta property=\"og:url\" content=\"https:\/\/www.oracaoefe.com\/fr\/oracao-em-silencio-por-que-ficar-em-silencio-tambem-e-uma-forma-profunda-de-orar\/\" \/>\n<meta property=\"og:site_name\" content=\"Ora\u00e7\u00e3o e F\u00e9\" \/>\n<meta property=\"article:published_time\" content=\"2026-05-23T23:57:41+00:00\" \/>\n<meta property=\"og:image\" content=\"https:\/\/www.oracaoefe.com\/wp-content\/uploads\/2025\/12\/silencio.webp\" \/>\n\t<meta property=\"og:image:width\" content=\"1024\" \/>\n\t<meta property=\"og:image:height\" content=\"1024\" \/>\n\t<meta property=\"og:image:type\" content=\"image\/webp\" \/>\n<meta name=\"author\" content=\"Maria\" \/>\n<meta name=\"twitter:card\" content=\"summary_large_image\" \/>\n<meta name=\"twitter:label1\" content=\"\u00c9crit par\" \/>\n\t<meta name=\"twitter:data1\" content=\"Maria\" \/>\n\t<meta name=\"twitter:label2\" content=\"Dur\u00e9e de lecture estim\u00e9e\" \/>\n\t<meta name=\"twitter:data2\" content=\"8 minutes\" \/>\n<script type=\"application\/ld+json\" class=\"yoast-schema-graph\">{\"@context\":\"https:\\\/\\\/schema.org\",\"@graph\":[{\"@type\":\"Article\",\"@id\":\"https:\\\/\\\/www.oracaoefe.com\\\/oracao-em-silencio-por-que-ficar-em-silencio-tambem-e-uma-forma-profunda-de-orar\\\/#article\",\"isPartOf\":{\"@id\":\"https:\\\/\\\/www.oracaoefe.com\\\/oracao-em-silencio-por-que-ficar-em-silencio-tambem-e-uma-forma-profunda-de-orar\\\/\"},\"author\":{\"name\":\"Maria\",\"@id\":\"https:\\\/\\\/www.oracaoefe.com\\\/#\\\/schema\\\/person\\\/27873f1e6043866689f5091b5139f23d\"},\"headline\":\"Ora\u00e7\u00e3o em Sil\u00eancio: Por Que Ficar em Sil\u00eancio Tamb\u00e9m \u00e9 uma Forma Profunda de Orar\",\"datePublished\":\"2026-05-23T23:57:41+00:00\",\"mainEntityOfPage\":{\"@id\":\"https:\\\/\\\/www.oracaoefe.com\\\/oracao-em-silencio-por-que-ficar-em-silencio-tambem-e-uma-forma-profunda-de-orar\\\/\"},\"wordCount\":1530,\"image\":{\"@id\":\"https:\\\/\\\/www.oracaoefe.com\\\/oracao-em-silencio-por-que-ficar-em-silencio-tambem-e-uma-forma-profunda-de-orar\\\/#primaryimage\"},\"thumbnailUrl\":\"https:\\\/\\\/www.oracaoefe.com\\\/wp-content\\\/uploads\\\/2025\\\/12\\\/silencio.webp\",\"articleSection\":[\"Ora\u00e7\u00e3o\"],\"inLanguage\":\"fr-FR\"},{\"@type\":\"WebPage\",\"@id\":\"https:\\\/\\\/www.oracaoefe.com\\\/oracao-em-silencio-por-que-ficar-em-silencio-tambem-e-uma-forma-profunda-de-orar\\\/\",\"url\":\"https:\\\/\\\/www.oracaoefe.com\\\/oracao-em-silencio-por-que-ficar-em-silencio-tambem-e-uma-forma-profunda-de-orar\\\/\",\"name\":\"Ora\u00e7\u00e3o em Sil\u00eancio: Por Que Ficar em Sil\u00eancio Tamb\u00e9m \u00e9 uma Forma Profunda de Orar - Ora\u00e7\u00e3o e F\u00e9\",\"isPartOf\":{\"@id\":\"https:\\\/\\\/www.oracaoefe.com\\\/#website\"},\"primaryImageOfPage\":{\"@id\":\"https:\\\/\\\/www.oracaoefe.com\\\/oracao-em-silencio-por-que-ficar-em-silencio-tambem-e-uma-forma-profunda-de-orar\\\/#primaryimage\"},\"image\":{\"@id\":\"https:\\\/\\\/www.oracaoefe.com\\\/oracao-em-silencio-por-que-ficar-em-silencio-tambem-e-uma-forma-profunda-de-orar\\\/#primaryimage\"},\"thumbnailUrl\":\"https:\\\/\\\/www.oracaoefe.com\\\/wp-content\\\/uploads\\\/2025\\\/12\\\/silencio.webp\",\"datePublished\":\"2026-05-23T23:57:41+00:00\",\"author\":{\"@id\":\"https:\\\/\\\/www.oracaoefe.com\\\/#\\\/schema\\\/person\\\/27873f1e6043866689f5091b5139f23d\"},\"description\":\"Deus tem pra voc\u00ea uma palavra de vida!\",\"breadcrumb\":{\"@id\":\"https:\\\/\\\/www.oracaoefe.com\\\/oracao-em-silencio-por-que-ficar-em-silencio-tambem-e-uma-forma-profunda-de-orar\\\/#breadcrumb\"},\"inLanguage\":\"fr-FR\",\"potentialAction\":[{\"@type\":\"ReadAction\",\"target\":[\"https:\\\/\\\/www.oracaoefe.com\\\/oracao-em-silencio-por-que-ficar-em-silencio-tambem-e-uma-forma-profunda-de-orar\\\/\"]}]},{\"@type\":\"ImageObject\",\"inLanguage\":\"fr-FR\",\"@id\":\"https:\\\/\\\/www.oracaoefe.com\\\/oracao-em-silencio-por-que-ficar-em-silencio-tambem-e-uma-forma-profunda-de-orar\\\/#primaryimage\",\"url\":\"https:\\\/\\\/www.oracaoefe.com\\\/wp-content\\\/uploads\\\/2025\\\/12\\\/silencio.webp\",\"contentUrl\":\"https:\\\/\\\/www.oracaoefe.com\\\/wp-content\\\/uploads\\\/2025\\\/12\\\/silencio.webp\",\"width\":1024,\"height\":1024},{\"@type\":\"BreadcrumbList\",\"@id\":\"https:\\\/\\\/www.oracaoefe.com\\\/oracao-em-silencio-por-que-ficar-em-silencio-tambem-e-uma-forma-profunda-de-orar\\\/#breadcrumb\",\"itemListElement\":[{\"@type\":\"ListItem\",\"position\":1,\"name\":\"Home\",\"item\":\"https:\\\/\\\/www.oracaoefe.com\\\/\"},{\"@type\":\"ListItem\",\"position\":2,\"name\":\"Ora\u00e7\u00e3o\",\"item\":\"https:\\\/\\\/www.oracaoefe.com\\\/category\\\/oracao\\\/\"},{\"@type\":\"ListItem\",\"position\":3,\"name\":\"Ora\u00e7\u00e3o em Sil\u00eancio: Por Que Ficar em Sil\u00eancio Tamb\u00e9m \u00e9 uma Forma Profunda de Orar\"}]},{\"@type\":\"WebSite\",\"@id\":\"https:\\\/\\\/www.oracaoefe.com\\\/#website\",\"url\":\"https:\\\/\\\/www.oracaoefe.com\\\/\",\"name\":\"Ora\u00e7\u00e3o e F\u00e9\",\"description\":\"\",\"potentialAction\":[{\"@type\":\"SearchAction\",\"target\":{\"@type\":\"EntryPoint\",\"urlTemplate\":\"https:\\\/\\\/www.oracaoefe.com\\\/?s={search_term_string}\"},\"query-input\":{\"@type\":\"PropertyValueSpecification\",\"valueRequired\":true,\"valueName\":\"search_term_string\"}}],\"inLanguage\":\"fr-FR\"},{\"@type\":\"Person\",\"@id\":\"https:\\\/\\\/www.oracaoefe.com\\\/#\\\/schema\\\/person\\\/27873f1e6043866689f5091b5139f23d\",\"name\":\"Maria\",\"image\":{\"@type\":\"ImageObject\",\"inLanguage\":\"fr-FR\",\"@id\":\"https:\\\/\\\/secure.gravatar.com\\\/avatar\\\/4cac5ea56d40d599bd7348d330a83b1c84cd229296d1613cd1c7f6740561d0c9?s=96&d=mm&r=g\",\"url\":\"https:\\\/\\\/secure.gravatar.com\\\/avatar\\\/4cac5ea56d40d599bd7348d330a83b1c84cd229296d1613cd1c7f6740561d0c9?s=96&d=mm&r=g\",\"contentUrl\":\"https:\\\/\\\/secure.gravatar.com\\\/avatar\\\/4cac5ea56d40d599bd7348d330a83b1c84cd229296d1613cd1c7f6740561d0c9?s=96&d=mm&r=g\",\"caption\":\"Maria\"},\"description\":\"Meu nome \u00e9 Maria e sou apaixonada por teologia, espiritualidade e estudos religiosos. H\u00e1 mais de 5 anos escrevo sobre o universo da f\u00e9, pesquisando diferentes religi\u00f5es, doutrinas, tradi\u00e7\u00f5es espirituais e curiosidades religiosas ao redor do mundo. Tenho grande interesse em compreender como a f\u00e9 e a religiosidade se manifestam em diferentes culturas, pa\u00edses e idiomas, sempre buscando aprender mais sobre os costumes, cren\u00e7as e hist\u00f3rias que influenciam milh\u00f5es de pessoas diariamente. Atualmente, atuo como redatora no portal Ora\u00e7\u00e3o e F\u00e9, onde compartilho conte\u00fados informativos, reflexivos e inspiradores voltados ao universo religioso e espiritual. Meu objetivo \u00e9 levar conhecimento, curiosidades e mensagens enriquecedoras para leitores que desejam aprofundar sua compreens\u00e3o sobre f\u00e9, religi\u00e3o e espiritualidade no mundo moderno.\",\"sameAs\":[\"https:\\\/\\\/www.oracaoefe.com\"],\"url\":\"https:\\\/\\\/www.oracaoefe.com\\\/fr\\\/author\\\/admin\\\/\"}]}<\/script>\n<!-- \/ Yoast SEO plugin. -->","yoast_head_json":{"title":"Ora\u00e7\u00e3o em Sil\u00eancio: Por Que Ficar em Sil\u00eancio Tamb\u00e9m \u00e9 uma Forma Profunda de Orar - Ora\u00e7\u00e3o e F\u00e9","description":"Dieu a une parole de vie pour vous !","robots":{"index":"index","follow":"follow","max-snippet":"max-snippet:-1","max-image-preview":"max-image-preview:large","max-video-preview":"max-video-preview:-1"},"canonical":"https:\/\/www.oracaoefe.com\/fr\/oracao-em-silencio-por-que-ficar-em-silencio-tambem-e-uma-forma-profunda-de-orar\/","og_locale":"fr_FR","og_type":"article","og_title":"Ora\u00e7\u00e3o em Sil\u00eancio: Por Que Ficar em Sil\u00eancio Tamb\u00e9m \u00e9 uma Forma Profunda de Orar - Ora\u00e7\u00e3o e F\u00e9","og_description":"Deus tem pra voc\u00ea uma palavra de vida!","og_url":"https:\/\/www.oracaoefe.com\/fr\/oracao-em-silencio-por-que-ficar-em-silencio-tambem-e-uma-forma-profunda-de-orar\/","og_site_name":"Ora\u00e7\u00e3o e F\u00e9","article_published_time":"2026-05-23T23:57:41+00:00","og_image":[{"width":1024,"height":1024,"url":"https:\/\/www.oracaoefe.com\/wp-content\/uploads\/2025\/12\/silencio.webp","type":"image\/webp"}],"author":"Maria","twitter_card":"summary_large_image","twitter_misc":{"\u00c9crit par":"Maria","Dur\u00e9e de lecture estim\u00e9e":"8 minutes"},"schema":{"@context":"https:\/\/schema.org","@graph":[{"@type":"Article","@id":"https:\/\/www.oracaoefe.com\/oracao-em-silencio-por-que-ficar-em-silencio-tambem-e-uma-forma-profunda-de-orar\/#article","isPartOf":{"@id":"https:\/\/www.oracaoefe.com\/oracao-em-silencio-por-que-ficar-em-silencio-tambem-e-uma-forma-profunda-de-orar\/"},"author":{"name":"Maria","@id":"https:\/\/www.oracaoefe.com\/#\/schema\/person\/27873f1e6043866689f5091b5139f23d"},"headline":"Ora\u00e7\u00e3o em Sil\u00eancio: Por Que Ficar em Sil\u00eancio Tamb\u00e9m \u00e9 uma Forma Profunda de Orar","datePublished":"2026-05-23T23:57:41+00:00","mainEntityOfPage":{"@id":"https:\/\/www.oracaoefe.com\/oracao-em-silencio-por-que-ficar-em-silencio-tambem-e-uma-forma-profunda-de-orar\/"},"wordCount":1530,"image":{"@id":"https:\/\/www.oracaoefe.com\/oracao-em-silencio-por-que-ficar-em-silencio-tambem-e-uma-forma-profunda-de-orar\/#primaryimage"},"thumbnailUrl":"https:\/\/www.oracaoefe.com\/wp-content\/uploads\/2025\/12\/silencio.webp","articleSection":["Ora\u00e7\u00e3o"],"inLanguage":"fr-FR"},{"@type":"WebPage","@id":"https:\/\/www.oracaoefe.com\/oracao-em-silencio-por-que-ficar-em-silencio-tambem-e-uma-forma-profunda-de-orar\/","url":"https:\/\/www.oracaoefe.com\/oracao-em-silencio-por-que-ficar-em-silencio-tambem-e-uma-forma-profunda-de-orar\/","name":"Ora\u00e7\u00e3o em Sil\u00eancio: Por Que Ficar em Sil\u00eancio Tamb\u00e9m \u00e9 uma Forma Profunda de Orar - Ora\u00e7\u00e3o e F\u00e9","isPartOf":{"@id":"https:\/\/www.oracaoefe.com\/#website"},"primaryImageOfPage":{"@id":"https:\/\/www.oracaoefe.com\/oracao-em-silencio-por-que-ficar-em-silencio-tambem-e-uma-forma-profunda-de-orar\/#primaryimage"},"image":{"@id":"https:\/\/www.oracaoefe.com\/oracao-em-silencio-por-que-ficar-em-silencio-tambem-e-uma-forma-profunda-de-orar\/#primaryimage"},"thumbnailUrl":"https:\/\/www.oracaoefe.com\/wp-content\/uploads\/2025\/12\/silencio.webp","datePublished":"2026-05-23T23:57:41+00:00","author":{"@id":"https:\/\/www.oracaoefe.com\/#\/schema\/person\/27873f1e6043866689f5091b5139f23d"},"description":"Dieu a une parole de vie pour vous !","breadcrumb":{"@id":"https:\/\/www.oracaoefe.com\/oracao-em-silencio-por-que-ficar-em-silencio-tambem-e-uma-forma-profunda-de-orar\/#breadcrumb"},"inLanguage":"fr-FR","potentialAction":[{"@type":"ReadAction","target":["https:\/\/www.oracaoefe.com\/oracao-em-silencio-por-que-ficar-em-silencio-tambem-e-uma-forma-profunda-de-orar\/"]}]},{"@type":"ImageObject","inLanguage":"fr-FR","@id":"https:\/\/www.oracaoefe.com\/oracao-em-silencio-por-que-ficar-em-silencio-tambem-e-uma-forma-profunda-de-orar\/#primaryimage","url":"https:\/\/www.oracaoefe.com\/wp-content\/uploads\/2025\/12\/silencio.webp","contentUrl":"https:\/\/www.oracaoefe.com\/wp-content\/uploads\/2025\/12\/silencio.webp","width":1024,"height":1024},{"@type":"BreadcrumbList","@id":"https:\/\/www.oracaoefe.com\/oracao-em-silencio-por-que-ficar-em-silencio-tambem-e-uma-forma-profunda-de-orar\/#breadcrumb","itemListElement":[{"@type":"ListItem","position":1,"name":"Home","item":"https:\/\/www.oracaoefe.com\/"},{"@type":"ListItem","position":2,"name":"Ora\u00e7\u00e3o","item":"https:\/\/www.oracaoefe.com\/category\/oracao\/"},{"@type":"ListItem","position":3,"name":"Ora\u00e7\u00e3o em Sil\u00eancio: Por Que Ficar em Sil\u00eancio Tamb\u00e9m \u00e9 uma Forma Profunda de Orar"}]},{"@type":"WebSite","@id":"https:\/\/www.oracaoefe.com\/#website","url":"https:\/\/www.oracaoefe.com\/","name":"Pri\u00e8re et foi","description":"","potentialAction":[{"@type":"SearchAction","target":{"@type":"EntryPoint","urlTemplate":"https:\/\/www.oracaoefe.com\/?s={search_term_string}"},"query-input":{"@type":"PropertyValueSpecification","valueRequired":true,"valueName":"search_term_string"}}],"inLanguage":"fr-FR"},{"@type":"Person","@id":"https:\/\/www.oracaoefe.com\/#\/schema\/person\/27873f1e6043866689f5091b5139f23d","name":"Maria","image":{"@type":"ImageObject","inLanguage":"fr-FR","@id":"https:\/\/secure.gravatar.com\/avatar\/4cac5ea56d40d599bd7348d330a83b1c84cd229296d1613cd1c7f6740561d0c9?s=96&d=mm&r=g","url":"https:\/\/secure.gravatar.com\/avatar\/4cac5ea56d40d599bd7348d330a83b1c84cd229296d1613cd1c7f6740561d0c9?s=96&d=mm&r=g","contentUrl":"https:\/\/secure.gravatar.com\/avatar\/4cac5ea56d40d599bd7348d330a83b1c84cd229296d1613cd1c7f6740561d0c9?s=96&d=mm&r=g","caption":"Maria"},"description":"Meu nome \u00e9 Maria e sou apaixonada por teologia, espiritualidade e estudos religiosos. H\u00e1 mais de 5 anos escrevo sobre o universo da f\u00e9, pesquisando diferentes religi\u00f5es, doutrinas, tradi\u00e7\u00f5es espirituais e curiosidades religiosas ao redor do mundo. Tenho grande interesse em compreender como a f\u00e9 e a religiosidade se manifestam em diferentes culturas, pa\u00edses e idiomas, sempre buscando aprender mais sobre os costumes, cren\u00e7as e hist\u00f3rias que influenciam milh\u00f5es de pessoas diariamente. Atualmente, atuo como redatora no portal Ora\u00e7\u00e3o e F\u00e9, onde compartilho conte\u00fados informativos, reflexivos e inspiradores voltados ao universo religioso e espiritual. Meu objetivo \u00e9 levar conhecimento, curiosidades e mensagens enriquecedoras para leitores que desejam aprofundar sua compreens\u00e3o sobre f\u00e9, religi\u00e3o e espiritualidade no mundo moderno.","sameAs":["https:\/\/www.oracaoefe.com"],"url":"https:\/\/www.oracaoefe.com\/fr\/author\/admin\/"}]}},"_links":{"self":[{"href":"https:\/\/www.oracaoefe.com\/fr\/wp-json\/wp\/v2\/posts\/3968","targetHints":{"allow":["GET"]}}],"collection":[{"href":"https:\/\/www.oracaoefe.com\/fr\/wp-json\/wp\/v2\/posts"}],"about":[{"href":"https:\/\/www.oracaoefe.com\/fr\/wp-json\/wp\/v2\/types\/post"}],"author":[{"embeddable":true,"href":"https:\/\/www.oracaoefe.com\/fr\/wp-json\/wp\/v2\/users\/1"}],"replies":[{"embeddable":true,"href":"https:\/\/www.oracaoefe.com\/fr\/wp-json\/wp\/v2\/comments?post=3968"}],"version-history":[{"count":1,"href":"https:\/\/www.oracaoefe.com\/fr\/wp-json\/wp\/v2\/posts\/3968\/revisions"}],"predecessor-version":[{"id":3970,"href":"https:\/\/www.oracaoefe.com\/fr\/wp-json\/wp\/v2\/posts\/3968\/revisions\/3970"}],"wp:featuredmedia":[{"embeddable":true,"href":"https:\/\/www.oracaoefe.com\/fr\/wp-json\/wp\/v2\/media\/3969"}],"wp:attachment":[{"href":"https:\/\/www.oracaoefe.com\/fr\/wp-json\/wp\/v2\/media?parent=3968"}],"wp:term":[{"taxonomy":"category","embeddable":true,"href":"https:\/\/www.oracaoefe.com\/fr\/wp-json\/wp\/v2\/categories?post=3968"},{"taxonomy":"post_tag","embeddable":true,"href":"https:\/\/www.oracaoefe.com\/fr\/wp-json\/wp\/v2\/tags?post=3968"}],"curies":[{"name":"wp","href":"https:\/\/api.w.org\/{rel}","templated":true}]}}