{"id":3962,"date":"2026-03-28T20:52:30","date_gmt":"2026-03-28T23:52:30","guid":{"rendered":"https:\/\/www.oracaoefe.com\/?p=3962"},"modified":"2025-12-16T20:54:22","modified_gmt":"2025-12-16T23:54:22","slug":"oracao-de-gratidao-como-agradecer-em-oracao-pode-mudar-sua-forma-de-ver-a-vida","status":"publish","type":"post","link":"https:\/\/www.oracaoefe.com\/fr\/oracao-de-gratidao-como-agradecer-em-oracao-pode-mudar-sua-forma-de-ver-a-vida\/","title":{"rendered":"Ora\u00e7\u00e3o de Gratid\u00e3o: Como Agradecer em Ora\u00e7\u00e3o Pode Mudar Sua Forma de Ver a Vida"},"content":{"rendered":"<h2 class=\"wp-block-heading\">Introdu\u00e7\u00e3o<\/h2>\n\n\n\n<p class=\"wp-block-paragraph\">A gratid\u00e3o \u00e9 uma das emo\u00e7\u00f5es mais poderosas para o equil\u00edbrio emocional e mental, mas tamb\u00e9m uma das mais negligenciadas na rotina di\u00e1ria. Em geral, as pessoas recorrem \u00e0 ora\u00e7\u00e3o quando enfrentam dificuldades ou quando precisam de ajuda urgente. No entanto, a ora\u00e7\u00e3o de gratid\u00e3o possui um papel igualmente \u2014 ou at\u00e9 mais \u2014 transformador. Agradecer em ora\u00e7\u00e3o n\u00e3o se resume a reconhecer coisas boas, mas a desenvolver uma nova forma de enxergar a vida, mesmo em meio a desafios.<\/p>\n\n\n\n<p class=\"wp-block-paragraph\">Este artigo aborda o significado da ora\u00e7\u00e3o de gratid\u00e3o, seus impactos emocionais e espirituais, como essa pr\u00e1tica influencia a mente humana e por que agradecer em ora\u00e7\u00e3o pode transformar profundamente a maneira como uma pessoa vive, pensa e reage \u00e0s situa\u00e7\u00f5es do dia a dia.<\/p>\n\n\n\n<h2 class=\"wp-block-heading\">O Que \u00e9 a Ora\u00e7\u00e3o de Gratid\u00e3o<\/h2>\n\n\n\n<p class=\"wp-block-paragraph\">A ora\u00e7\u00e3o de gratid\u00e3o \u00e9 uma pr\u00e1tica espiritual focada no reconhecimento consciente daquilo que j\u00e1 foi recebido, vivido ou aprendido. Diferente das ora\u00e7\u00f5es de pedido, ela desloca o foco da falta para a presen\u00e7a, do problema para a experi\u00eancia, da expectativa para a consci\u00eancia do agora.<\/p>\n\n\n\n<p class=\"wp-block-paragraph\">Essa forma de ora\u00e7\u00e3o pode incluir agradecimentos por acontecimentos positivos, rela\u00e7\u00f5es, aprendizados, oportunidades e at\u00e9 mesmo desafios enfrentados. A gratid\u00e3o espiritual n\u00e3o ignora dificuldades, mas reconhece que a vida \u00e9 composta por m\u00faltiplas dimens\u00f5es e que sempre h\u00e1 algo a ser valorizado.<\/p>\n\n\n\n<h2 class=\"wp-block-heading\">Por Que A Gratid\u00e3o em Ora\u00e7\u00e3o \u00e9 T\u00e3o Poderosa<\/h2>\n\n\n\n<p class=\"wp-block-paragraph\">A gratid\u00e3o altera diretamente o estado emocional. Quando uma pessoa agradece em ora\u00e7\u00e3o, ela treina a mente para perceber aspectos positivos que normalmente passariam despercebidos. Esse treino n\u00e3o \u00e9 autom\u00e1tico; ele exige inten\u00e7\u00e3o e repeti\u00e7\u00e3o. A ora\u00e7\u00e3o cria o ambiente ideal para esse exerc\u00edcio porque promove sil\u00eancio, aten\u00e7\u00e3o e reflex\u00e3o.<\/p>\n\n\n\n<p class=\"wp-block-paragraph\">A pr\u00e1tica regular da gratid\u00e3o em ora\u00e7\u00e3o ajuda a reduzir sentimentos como inveja, frustra\u00e7\u00e3o constante e insatisfa\u00e7\u00e3o cr\u00f4nica. Em vez de viver em um estado permanente de compara\u00e7\u00e3o, a pessoa passa a valorizar sua pr\u00f3pria trajet\u00f3ria e experi\u00eancias.<\/p>\n\n\n\n<h2 class=\"wp-block-heading\">Ora\u00e7\u00e3o de Gratid\u00e3o e Sa\u00fade Emocional<\/h2>\n\n\n\n<p class=\"wp-block-paragraph\">Diversos estudos em psicologia mostram que pr\u00e1ticas de gratid\u00e3o est\u00e3o associadas a maior bem-estar emocional, menor incid\u00eancia de ansiedade e n\u00edveis mais baixos de estresse. Quando integrada \u00e0 ora\u00e7\u00e3o, a gratid\u00e3o ganha ainda mais profundidade, pois envolve n\u00e3o apenas a mente racional, mas tamb\u00e9m a dimens\u00e3o espiritual.<\/p>\n\n\n\n<p class=\"wp-block-paragraph\">A ora\u00e7\u00e3o de gratid\u00e3o contribui para a regula\u00e7\u00e3o emocional ao reduzir a rumina\u00e7\u00e3o mental \u2014 aquele ciclo repetitivo de pensamentos negativos. Ao direcionar a aten\u00e7\u00e3o para aquilo que \u00e9 positivo ou significativo, a mente encontra descanso e reorganiza\u00e7\u00e3o emocional.<\/p>\n\n\n\n<h2 class=\"wp-block-heading\">A Gratid\u00e3o Como Ant\u00eddoto para o Descontentamento Constante<\/h2>\n\n\n\n<p class=\"wp-block-paragraph\">Vivemos em uma cultura que estimula o desejo cont\u00ednuo por mais: mais dinheiro, mais reconhecimento, mais conquistas. Esse modelo gera insatisfa\u00e7\u00e3o cr\u00f4nica, pois sempre existe algo que falta. A ora\u00e7\u00e3o de gratid\u00e3o atua como um ant\u00eddoto para esse padr\u00e3o mental, ajudando a pessoa a reconhecer valor no presente.<\/p>\n\n\n\n<p class=\"wp-block-paragraph\">Agradecer em ora\u00e7\u00e3o n\u00e3o elimina ambi\u00e7\u00f5es ou objetivos, mas equilibra expectativas. A pessoa aprende a caminhar em dire\u00e7\u00e3o ao futuro sem desprezar o presente, reduzindo a sensa\u00e7\u00e3o de vazio e urg\u00eancia constante.<\/p>\n\n\n\n<h2 class=\"wp-block-heading\">Ora\u00e7\u00e3o de Gratid\u00e3o em Momentos Dif\u00edceis<\/h2>\n\n\n\n<p class=\"wp-block-paragraph\">Um dos maiores desafios da gratid\u00e3o \u00e9 pratic\u00e1-la em momentos dif\u00edceis. Nessas situa\u00e7\u00f5es, agradecer n\u00e3o significa negar a dor ou fingir que tudo est\u00e1 bem. Pelo contr\u00e1rio, trata-se de reconhecer for\u00e7as internas, aprendizados e apoios que surgem mesmo em contextos adversos.<\/p>\n\n\n\n<p class=\"wp-block-paragraph\">A ora\u00e7\u00e3o de gratid\u00e3o em tempos dif\u00edceis ajuda a pessoa a mudar a pergunta interna de \u201cpor que isso est\u00e1 acontecendo comigo?\u201d para \u201co que posso aprender ou preservar mesmo aqui?\u201d. Essa mudan\u00e7a de perspectiva fortalece a resili\u00eancia emocional.<\/p>\n\n\n\n<h2 class=\"wp-block-heading\">Como a Ora\u00e7\u00e3o de Gratid\u00e3o Transforma a Forma de Pensar<\/h2>\n\n\n\n<p class=\"wp-block-paragraph\">Com o tempo, a pr\u00e1tica da gratid\u00e3o em ora\u00e7\u00e3o modifica padr\u00f5es de pensamento. A mente passa a identificar oportunidades em vez de apenas obst\u00e1culos, solu\u00e7\u00f5es em vez de apenas problemas. Essa transforma\u00e7\u00e3o cognitiva n\u00e3o ocorre de um dia para o outro, mas se consolida com a const\u00e2ncia da pr\u00e1tica.<\/p>\n\n\n\n<p class=\"wp-block-paragraph\">A ora\u00e7\u00e3o funciona como um espa\u00e7o onde essa reprograma\u00e7\u00e3o mental acontece de forma natural, sem esfor\u00e7o for\u00e7ado. A pessoa aprende a observar a pr\u00f3pria vida com mais gentileza e menos julgamento.<\/p>\n\n\n\n<h2 class=\"wp-block-heading\">A Ora\u00e7\u00e3o de Gratid\u00e3o e os Relacionamentos<\/h2>\n\n\n\n<p class=\"wp-block-paragraph\">A gratid\u00e3o expressa em ora\u00e7\u00e3o tamb\u00e9m influencia positivamente os relacionamentos. Pessoas gratas tendem a valorizar mais as conex\u00f5es que possuem, reduzindo conflitos gerados por expectativas irreais ou cobran\u00e7as excessivas.<\/p>\n\n\n\n<p class=\"wp-block-paragraph\">Ao agradecer em ora\u00e7\u00e3o por pessoas espec\u00edficas, o indiv\u00edduo desenvolve maior empatia e compreens\u00e3o. Isso n\u00e3o elimina conflitos, mas facilita o di\u00e1logo e a capacidade de enxergar o outro de forma mais humana e menos defensiva.<\/p>\n\n\n\n<h2 class=\"wp-block-heading\">Gratid\u00e3o e Espiritualidade no Cotidiano<\/h2>\n\n\n\n<p class=\"wp-block-paragraph\">A ora\u00e7\u00e3o de gratid\u00e3o pode ser incorporada de forma simples \u00e0 rotina di\u00e1ria. N\u00e3o exige longos per\u00edodos nem palavras elaboradas. Pequenos momentos de agradecimento consciente, feitos regularmente, j\u00e1 produzem impacto significativo no estado emocional e espiritual.<\/p>\n\n\n\n<p class=\"wp-block-paragraph\">Muitas pessoas optam por agradecer em ora\u00e7\u00e3o ao acordar, antes de dormir ou ap\u00f3s acontecimentos marcantes do dia. O importante \u00e9 a inten\u00e7\u00e3o genu\u00edna de reconhecer e valorizar a experi\u00eancia vivida.<\/p>\n\n\n\n<h2 class=\"wp-block-heading\">Limites da Ora\u00e7\u00e3o de Gratid\u00e3o<\/h2>\n\n\n\n<p class=\"wp-block-paragraph\">Embora poderosa, a gratid\u00e3o n\u00e3o deve ser usada como mecanismo de nega\u00e7\u00e3o emocional. For\u00e7ar agradecimentos quando a dor ainda n\u00e3o foi reconhecida pode gerar culpa ou desconex\u00e3o emocional. A ora\u00e7\u00e3o saud\u00e1vel acolhe tanto a gratid\u00e3o quanto a dor, respeitando o tempo interno de cada pessoa.<\/p>\n\n\n\n<p class=\"wp-block-paragraph\">A espiritualidade equilibrada reconhece que existem momentos para pedir ajuda, para lamentar e para agradecer \u2014 e que todas essas express\u00f5es fazem parte da experi\u00eancia humana.<\/p>\n\n\n\n<h2 class=\"wp-block-heading\">A Ora\u00e7\u00e3o de Gratid\u00e3o Como Estilo de Vida<\/h2>\n\n\n\n<p class=\"wp-block-paragraph\">Com o tempo, a pr\u00e1tica da gratid\u00e3o em ora\u00e7\u00e3o deixa de ser um exerc\u00edcio pontual e se transforma em um estilo de vida. A pessoa passa a perceber valor em pequenas experi\u00eancias, desenvolvendo maior presen\u00e7a e consci\u00eancia no cotidiano.<\/p>\n\n\n\n<p class=\"wp-block-paragraph\">Esse estilo de vida contribui para maior equil\u00edbrio emocional, rela\u00e7\u00f5es mais saud\u00e1veis e uma vis\u00e3o mais realista e esperan\u00e7osa da vida, mesmo diante de desafios inevit\u00e1veis.<\/p>\n\n\n\n<h2 class=\"wp-block-heading\">Conclus\u00e3o<\/h2>\n\n\n\n<p class=\"wp-block-paragraph\">A ora\u00e7\u00e3o de gratid\u00e3o \u00e9 uma pr\u00e1tica simples, mas profundamente transformadora. Ao agradecer conscientemente, a pessoa desenvolve uma nova forma de perceber a vida, reduzindo o peso da insatisfa\u00e7\u00e3o constante e fortalecendo o bem-estar emocional e espiritual.<\/p>\n\n\n\n<p class=\"wp-block-paragraph\">Mais do que reconhecer momentos positivos, a gratid\u00e3o em ora\u00e7\u00e3o ensina a valorizar a pr\u00f3pria caminhada, com todas as suas imperfei\u00e7\u00f5es e aprendizados. Em um mundo que incentiva a falta, agradecer se torna um ato de consci\u00eancia, equil\u00edbrio e transforma\u00e7\u00e3o interior.<\/p>","protected":false},"excerpt":{"rendered":"<p>Introdu\u00e7\u00e3o A gratid\u00e3o \u00e9 uma das emo\u00e7\u00f5es mais poderosas para o equil\u00edbrio emocional e mental, mas tamb\u00e9m uma das mais negligenciadas na rotina di\u00e1ria. Em geral, as pessoas recorrem \u00e0 ora\u00e7\u00e3o quando enfrentam dificuldades ou quando precisam de ajuda urgente. No entanto, a ora\u00e7\u00e3o de gratid\u00e3o possui um papel igualmente \u2014 ou at\u00e9 mais \u2014&hellip;&nbsp;<\/p>","protected":false},"author":1,"featured_media":3963,"comment_status":"closed","ping_status":"closed","sticky":false,"template":"","format":"standard","meta":{"neve_meta_sidebar":"","neve_meta_container":"","neve_meta_enable_content_width":"","neve_meta_content_width":0,"neve_meta_title_alignment":"","neve_meta_author_avatar":"","neve_post_elements_order":"","neve_meta_disable_header":"","neve_meta_disable_footer":"","neve_meta_disable_title":"","footnotes":""},"categories":[2],"tags":[],"class_list":["post-3962","post","type-post","status-publish","format-standard","has-post-thumbnail","hentry","category-oracao"],"yoast_head":"<!-- This site is optimized with the Yoast SEO plugin v28.4 - https:\/\/yoast.com\/product\/yoast-seo-wordpress\/ -->\n<title>Ora\u00e7\u00e3o de Gratid\u00e3o: Como Agradecer em Ora\u00e7\u00e3o Pode Mudar Sua Forma de Ver a Vida - Ora\u00e7\u00e3o e F\u00e9<\/title>\n<meta name=\"description\" content=\"Deus tem pra voc\u00ea uma palavra de vida!\" \/>\n<meta name=\"robots\" content=\"index, follow, max-snippet:-1, max-image-preview:large, max-video-preview:-1\" \/>\n<link rel=\"canonical\" href=\"https:\/\/www.oracaoefe.com\/fr\/oracao-de-gratidao-como-agradecer-em-oracao-pode-mudar-sua-forma-de-ver-a-vida\/\" \/>\n<meta property=\"og:locale\" content=\"fr_FR\" \/>\n<meta property=\"og:type\" content=\"article\" \/>\n<meta property=\"og:title\" content=\"Ora\u00e7\u00e3o de Gratid\u00e3o: Como Agradecer em Ora\u00e7\u00e3o Pode Mudar Sua Forma de Ver a Vida - Ora\u00e7\u00e3o e F\u00e9\" \/>\n<meta property=\"og:description\" content=\"Deus tem pra voc\u00ea uma palavra de vida!\" \/>\n<meta property=\"og:url\" content=\"https:\/\/www.oracaoefe.com\/fr\/oracao-de-gratidao-como-agradecer-em-oracao-pode-mudar-sua-forma-de-ver-a-vida\/\" \/>\n<meta property=\"og:site_name\" content=\"Ora\u00e7\u00e3o e F\u00e9\" \/>\n<meta property=\"article:published_time\" content=\"2026-03-28T23:52:30+00:00\" \/>\n<meta property=\"og:image\" content=\"https:\/\/www.oracaoefe.com\/wp-content\/uploads\/2025\/12\/gratidao-oracao.webp\" \/>\n\t<meta property=\"og:image:width\" content=\"1024\" \/>\n\t<meta property=\"og:image:height\" content=\"1024\" \/>\n\t<meta property=\"og:image:type\" content=\"image\/webp\" \/>\n<meta name=\"author\" content=\"Maria\" \/>\n<meta name=\"twitter:card\" content=\"summary_large_image\" \/>\n<meta name=\"twitter:label1\" content=\"\u00c9crit par\" \/>\n\t<meta name=\"twitter:data1\" content=\"Maria\" \/>\n\t<meta name=\"twitter:label2\" content=\"Dur\u00e9e de lecture estim\u00e9e\" \/>\n\t<meta name=\"twitter:data2\" content=\"6 minutes\" \/>\n<script type=\"application\/ld+json\" class=\"yoast-schema-graph\">{\"@context\":\"https:\\\/\\\/schema.org\",\"@graph\":[{\"@type\":\"Article\",\"@id\":\"https:\\\/\\\/www.oracaoefe.com\\\/oracao-de-gratidao-como-agradecer-em-oracao-pode-mudar-sua-forma-de-ver-a-vida\\\/#article\",\"isPartOf\":{\"@id\":\"https:\\\/\\\/www.oracaoefe.com\\\/oracao-de-gratidao-como-agradecer-em-oracao-pode-mudar-sua-forma-de-ver-a-vida\\\/\"},\"author\":{\"name\":\"Maria\",\"@id\":\"https:\\\/\\\/www.oracaoefe.com\\\/#\\\/schema\\\/person\\\/27873f1e6043866689f5091b5139f23d\"},\"headline\":\"Ora\u00e7\u00e3o de Gratid\u00e3o: Como Agradecer em Ora\u00e7\u00e3o Pode Mudar Sua Forma de Ver a Vida\",\"datePublished\":\"2026-03-28T23:52:30+00:00\",\"mainEntityOfPage\":{\"@id\":\"https:\\\/\\\/www.oracaoefe.com\\\/oracao-de-gratidao-como-agradecer-em-oracao-pode-mudar-sua-forma-de-ver-a-vida\\\/\"},\"wordCount\":1233,\"image\":{\"@id\":\"https:\\\/\\\/www.oracaoefe.com\\\/oracao-de-gratidao-como-agradecer-em-oracao-pode-mudar-sua-forma-de-ver-a-vida\\\/#primaryimage\"},\"thumbnailUrl\":\"https:\\\/\\\/www.oracaoefe.com\\\/wp-content\\\/uploads\\\/2025\\\/12\\\/gratidao-oracao.webp\",\"articleSection\":[\"Ora\u00e7\u00e3o\"],\"inLanguage\":\"fr-FR\"},{\"@type\":\"WebPage\",\"@id\":\"https:\\\/\\\/www.oracaoefe.com\\\/oracao-de-gratidao-como-agradecer-em-oracao-pode-mudar-sua-forma-de-ver-a-vida\\\/\",\"url\":\"https:\\\/\\\/www.oracaoefe.com\\\/oracao-de-gratidao-como-agradecer-em-oracao-pode-mudar-sua-forma-de-ver-a-vida\\\/\",\"name\":\"Ora\u00e7\u00e3o de Gratid\u00e3o: Como Agradecer em Ora\u00e7\u00e3o Pode Mudar Sua Forma de Ver a Vida - Ora\u00e7\u00e3o e F\u00e9\",\"isPartOf\":{\"@id\":\"https:\\\/\\\/www.oracaoefe.com\\\/#website\"},\"primaryImageOfPage\":{\"@id\":\"https:\\\/\\\/www.oracaoefe.com\\\/oracao-de-gratidao-como-agradecer-em-oracao-pode-mudar-sua-forma-de-ver-a-vida\\\/#primaryimage\"},\"image\":{\"@id\":\"https:\\\/\\\/www.oracaoefe.com\\\/oracao-de-gratidao-como-agradecer-em-oracao-pode-mudar-sua-forma-de-ver-a-vida\\\/#primaryimage\"},\"thumbnailUrl\":\"https:\\\/\\\/www.oracaoefe.com\\\/wp-content\\\/uploads\\\/2025\\\/12\\\/gratidao-oracao.webp\",\"datePublished\":\"2026-03-28T23:52:30+00:00\",\"author\":{\"@id\":\"https:\\\/\\\/www.oracaoefe.com\\\/#\\\/schema\\\/person\\\/27873f1e6043866689f5091b5139f23d\"},\"description\":\"Deus tem pra voc\u00ea uma palavra de vida!\",\"breadcrumb\":{\"@id\":\"https:\\\/\\\/www.oracaoefe.com\\\/oracao-de-gratidao-como-agradecer-em-oracao-pode-mudar-sua-forma-de-ver-a-vida\\\/#breadcrumb\"},\"inLanguage\":\"fr-FR\",\"potentialAction\":[{\"@type\":\"ReadAction\",\"target\":[\"https:\\\/\\\/www.oracaoefe.com\\\/oracao-de-gratidao-como-agradecer-em-oracao-pode-mudar-sua-forma-de-ver-a-vida\\\/\"]}]},{\"@type\":\"ImageObject\",\"inLanguage\":\"fr-FR\",\"@id\":\"https:\\\/\\\/www.oracaoefe.com\\\/oracao-de-gratidao-como-agradecer-em-oracao-pode-mudar-sua-forma-de-ver-a-vida\\\/#primaryimage\",\"url\":\"https:\\\/\\\/www.oracaoefe.com\\\/wp-content\\\/uploads\\\/2025\\\/12\\\/gratidao-oracao.webp\",\"contentUrl\":\"https:\\\/\\\/www.oracaoefe.com\\\/wp-content\\\/uploads\\\/2025\\\/12\\\/gratidao-oracao.webp\",\"width\":1024,\"height\":1024},{\"@type\":\"BreadcrumbList\",\"@id\":\"https:\\\/\\\/www.oracaoefe.com\\\/oracao-de-gratidao-como-agradecer-em-oracao-pode-mudar-sua-forma-de-ver-a-vida\\\/#breadcrumb\",\"itemListElement\":[{\"@type\":\"ListItem\",\"position\":1,\"name\":\"Home\",\"item\":\"https:\\\/\\\/www.oracaoefe.com\\\/\"},{\"@type\":\"ListItem\",\"position\":2,\"name\":\"Ora\u00e7\u00e3o\",\"item\":\"https:\\\/\\\/www.oracaoefe.com\\\/category\\\/oracao\\\/\"},{\"@type\":\"ListItem\",\"position\":3,\"name\":\"Ora\u00e7\u00e3o de Gratid\u00e3o: Como Agradecer em Ora\u00e7\u00e3o Pode Mudar Sua Forma de Ver a Vida\"}]},{\"@type\":\"WebSite\",\"@id\":\"https:\\\/\\\/www.oracaoefe.com\\\/#website\",\"url\":\"https:\\\/\\\/www.oracaoefe.com\\\/\",\"name\":\"Ora\u00e7\u00e3o e F\u00e9\",\"description\":\"\",\"potentialAction\":[{\"@type\":\"SearchAction\",\"target\":{\"@type\":\"EntryPoint\",\"urlTemplate\":\"https:\\\/\\\/www.oracaoefe.com\\\/?s={search_term_string}\"},\"query-input\":{\"@type\":\"PropertyValueSpecification\",\"valueRequired\":true,\"valueName\":\"search_term_string\"}}],\"inLanguage\":\"fr-FR\"},{\"@type\":\"Person\",\"@id\":\"https:\\\/\\\/www.oracaoefe.com\\\/#\\\/schema\\\/person\\\/27873f1e6043866689f5091b5139f23d\",\"name\":\"Maria\",\"image\":{\"@type\":\"ImageObject\",\"inLanguage\":\"fr-FR\",\"@id\":\"https:\\\/\\\/secure.gravatar.com\\\/avatar\\\/4cac5ea56d40d599bd7348d330a83b1c84cd229296d1613cd1c7f6740561d0c9?s=96&d=mm&r=g\",\"url\":\"https:\\\/\\\/secure.gravatar.com\\\/avatar\\\/4cac5ea56d40d599bd7348d330a83b1c84cd229296d1613cd1c7f6740561d0c9?s=96&d=mm&r=g\",\"contentUrl\":\"https:\\\/\\\/secure.gravatar.com\\\/avatar\\\/4cac5ea56d40d599bd7348d330a83b1c84cd229296d1613cd1c7f6740561d0c9?s=96&d=mm&r=g\",\"caption\":\"Maria\"},\"description\":\"Meu nome \u00e9 Maria e sou apaixonada por teologia, espiritualidade e estudos religiosos. H\u00e1 mais de 5 anos escrevo sobre o universo da f\u00e9, pesquisando diferentes religi\u00f5es, doutrinas, tradi\u00e7\u00f5es espirituais e curiosidades religiosas ao redor do mundo. Tenho grande interesse em compreender como a f\u00e9 e a religiosidade se manifestam em diferentes culturas, pa\u00edses e idiomas, sempre buscando aprender mais sobre os costumes, cren\u00e7as e hist\u00f3rias que influenciam milh\u00f5es de pessoas diariamente. Atualmente, atuo como redatora no portal Ora\u00e7\u00e3o e F\u00e9, onde compartilho conte\u00fados informativos, reflexivos e inspiradores voltados ao universo religioso e espiritual. Meu objetivo \u00e9 levar conhecimento, curiosidades e mensagens enriquecedoras para leitores que desejam aprofundar sua compreens\u00e3o sobre f\u00e9, religi\u00e3o e espiritualidade no mundo moderno.\",\"sameAs\":[\"https:\\\/\\\/www.oracaoefe.com\"],\"url\":\"https:\\\/\\\/www.oracaoefe.com\\\/fr\\\/author\\\/admin\\\/\"}]}<\/script>\n<!-- \/ Yoast SEO plugin. -->","yoast_head_json":{"title":"Ora\u00e7\u00e3o de Gratid\u00e3o: Como Agradecer em Ora\u00e7\u00e3o Pode Mudar Sua Forma de Ver a Vida - Ora\u00e7\u00e3o e F\u00e9","description":"Dieu a une parole de vie pour vous !","robots":{"index":"index","follow":"follow","max-snippet":"max-snippet:-1","max-image-preview":"max-image-preview:large","max-video-preview":"max-video-preview:-1"},"canonical":"https:\/\/www.oracaoefe.com\/fr\/oracao-de-gratidao-como-agradecer-em-oracao-pode-mudar-sua-forma-de-ver-a-vida\/","og_locale":"fr_FR","og_type":"article","og_title":"Ora\u00e7\u00e3o de Gratid\u00e3o: Como Agradecer em Ora\u00e7\u00e3o Pode Mudar Sua Forma de Ver a Vida - Ora\u00e7\u00e3o e F\u00e9","og_description":"Deus tem pra voc\u00ea uma palavra de vida!","og_url":"https:\/\/www.oracaoefe.com\/fr\/oracao-de-gratidao-como-agradecer-em-oracao-pode-mudar-sua-forma-de-ver-a-vida\/","og_site_name":"Ora\u00e7\u00e3o e F\u00e9","article_published_time":"2026-03-28T23:52:30+00:00","og_image":[{"width":1024,"height":1024,"url":"https:\/\/www.oracaoefe.com\/wp-content\/uploads\/2025\/12\/gratidao-oracao.webp","type":"image\/webp"}],"author":"Maria","twitter_card":"summary_large_image","twitter_misc":{"\u00c9crit par":"Maria","Dur\u00e9e de lecture estim\u00e9e":"6 minutes"},"schema":{"@context":"https:\/\/schema.org","@graph":[{"@type":"Article","@id":"https:\/\/www.oracaoefe.com\/oracao-de-gratidao-como-agradecer-em-oracao-pode-mudar-sua-forma-de-ver-a-vida\/#article","isPartOf":{"@id":"https:\/\/www.oracaoefe.com\/oracao-de-gratidao-como-agradecer-em-oracao-pode-mudar-sua-forma-de-ver-a-vida\/"},"author":{"name":"Maria","@id":"https:\/\/www.oracaoefe.com\/#\/schema\/person\/27873f1e6043866689f5091b5139f23d"},"headline":"Ora\u00e7\u00e3o de Gratid\u00e3o: Como Agradecer em Ora\u00e7\u00e3o Pode Mudar Sua Forma de Ver a Vida","datePublished":"2026-03-28T23:52:30+00:00","mainEntityOfPage":{"@id":"https:\/\/www.oracaoefe.com\/oracao-de-gratidao-como-agradecer-em-oracao-pode-mudar-sua-forma-de-ver-a-vida\/"},"wordCount":1233,"image":{"@id":"https:\/\/www.oracaoefe.com\/oracao-de-gratidao-como-agradecer-em-oracao-pode-mudar-sua-forma-de-ver-a-vida\/#primaryimage"},"thumbnailUrl":"https:\/\/www.oracaoefe.com\/wp-content\/uploads\/2025\/12\/gratidao-oracao.webp","articleSection":["Ora\u00e7\u00e3o"],"inLanguage":"fr-FR"},{"@type":"WebPage","@id":"https:\/\/www.oracaoefe.com\/oracao-de-gratidao-como-agradecer-em-oracao-pode-mudar-sua-forma-de-ver-a-vida\/","url":"https:\/\/www.oracaoefe.com\/oracao-de-gratidao-como-agradecer-em-oracao-pode-mudar-sua-forma-de-ver-a-vida\/","name":"Ora\u00e7\u00e3o de Gratid\u00e3o: Como Agradecer em Ora\u00e7\u00e3o Pode Mudar Sua Forma de Ver a Vida - Ora\u00e7\u00e3o e F\u00e9","isPartOf":{"@id":"https:\/\/www.oracaoefe.com\/#website"},"primaryImageOfPage":{"@id":"https:\/\/www.oracaoefe.com\/oracao-de-gratidao-como-agradecer-em-oracao-pode-mudar-sua-forma-de-ver-a-vida\/#primaryimage"},"image":{"@id":"https:\/\/www.oracaoefe.com\/oracao-de-gratidao-como-agradecer-em-oracao-pode-mudar-sua-forma-de-ver-a-vida\/#primaryimage"},"thumbnailUrl":"https:\/\/www.oracaoefe.com\/wp-content\/uploads\/2025\/12\/gratidao-oracao.webp","datePublished":"2026-03-28T23:52:30+00:00","author":{"@id":"https:\/\/www.oracaoefe.com\/#\/schema\/person\/27873f1e6043866689f5091b5139f23d"},"description":"Dieu a une parole de vie pour vous !","breadcrumb":{"@id":"https:\/\/www.oracaoefe.com\/oracao-de-gratidao-como-agradecer-em-oracao-pode-mudar-sua-forma-de-ver-a-vida\/#breadcrumb"},"inLanguage":"fr-FR","potentialAction":[{"@type":"ReadAction","target":["https:\/\/www.oracaoefe.com\/oracao-de-gratidao-como-agradecer-em-oracao-pode-mudar-sua-forma-de-ver-a-vida\/"]}]},{"@type":"ImageObject","inLanguage":"fr-FR","@id":"https:\/\/www.oracaoefe.com\/oracao-de-gratidao-como-agradecer-em-oracao-pode-mudar-sua-forma-de-ver-a-vida\/#primaryimage","url":"https:\/\/www.oracaoefe.com\/wp-content\/uploads\/2025\/12\/gratidao-oracao.webp","contentUrl":"https:\/\/www.oracaoefe.com\/wp-content\/uploads\/2025\/12\/gratidao-oracao.webp","width":1024,"height":1024},{"@type":"BreadcrumbList","@id":"https:\/\/www.oracaoefe.com\/oracao-de-gratidao-como-agradecer-em-oracao-pode-mudar-sua-forma-de-ver-a-vida\/#breadcrumb","itemListElement":[{"@type":"ListItem","position":1,"name":"Home","item":"https:\/\/www.oracaoefe.com\/"},{"@type":"ListItem","position":2,"name":"Ora\u00e7\u00e3o","item":"https:\/\/www.oracaoefe.com\/category\/oracao\/"},{"@type":"ListItem","position":3,"name":"Ora\u00e7\u00e3o de Gratid\u00e3o: Como Agradecer em Ora\u00e7\u00e3o Pode Mudar Sua Forma de Ver a Vida"}]},{"@type":"WebSite","@id":"https:\/\/www.oracaoefe.com\/#website","url":"https:\/\/www.oracaoefe.com\/","name":"Pri\u00e8re et foi","description":"","potentialAction":[{"@type":"SearchAction","target":{"@type":"EntryPoint","urlTemplate":"https:\/\/www.oracaoefe.com\/?s={search_term_string}"},"query-input":{"@type":"PropertyValueSpecification","valueRequired":true,"valueName":"search_term_string"}}],"inLanguage":"fr-FR"},{"@type":"Person","@id":"https:\/\/www.oracaoefe.com\/#\/schema\/person\/27873f1e6043866689f5091b5139f23d","name":"Maria","image":{"@type":"ImageObject","inLanguage":"fr-FR","@id":"https:\/\/secure.gravatar.com\/avatar\/4cac5ea56d40d599bd7348d330a83b1c84cd229296d1613cd1c7f6740561d0c9?s=96&d=mm&r=g","url":"https:\/\/secure.gravatar.com\/avatar\/4cac5ea56d40d599bd7348d330a83b1c84cd229296d1613cd1c7f6740561d0c9?s=96&d=mm&r=g","contentUrl":"https:\/\/secure.gravatar.com\/avatar\/4cac5ea56d40d599bd7348d330a83b1c84cd229296d1613cd1c7f6740561d0c9?s=96&d=mm&r=g","caption":"Maria"},"description":"Meu nome \u00e9 Maria e sou apaixonada por teologia, espiritualidade e estudos religiosos. H\u00e1 mais de 5 anos escrevo sobre o universo da f\u00e9, pesquisando diferentes religi\u00f5es, doutrinas, tradi\u00e7\u00f5es espirituais e curiosidades religiosas ao redor do mundo. Tenho grande interesse em compreender como a f\u00e9 e a religiosidade se manifestam em diferentes culturas, pa\u00edses e idiomas, sempre buscando aprender mais sobre os costumes, cren\u00e7as e hist\u00f3rias que influenciam milh\u00f5es de pessoas diariamente. Atualmente, atuo como redatora no portal Ora\u00e7\u00e3o e F\u00e9, onde compartilho conte\u00fados informativos, reflexivos e inspiradores voltados ao universo religioso e espiritual. Meu objetivo \u00e9 levar conhecimento, curiosidades e mensagens enriquecedoras para leitores que desejam aprofundar sua compreens\u00e3o sobre f\u00e9, religi\u00e3o e espiritualidade no mundo moderno.","sameAs":["https:\/\/www.oracaoefe.com"],"url":"https:\/\/www.oracaoefe.com\/fr\/author\/admin\/"}]}},"_links":{"self":[{"href":"https:\/\/www.oracaoefe.com\/fr\/wp-json\/wp\/v2\/posts\/3962","targetHints":{"allow":["GET"]}}],"collection":[{"href":"https:\/\/www.oracaoefe.com\/fr\/wp-json\/wp\/v2\/posts"}],"about":[{"href":"https:\/\/www.oracaoefe.com\/fr\/wp-json\/wp\/v2\/types\/post"}],"author":[{"embeddable":true,"href":"https:\/\/www.oracaoefe.com\/fr\/wp-json\/wp\/v2\/users\/1"}],"replies":[{"embeddable":true,"href":"https:\/\/www.oracaoefe.com\/fr\/wp-json\/wp\/v2\/comments?post=3962"}],"version-history":[{"count":1,"href":"https:\/\/www.oracaoefe.com\/fr\/wp-json\/wp\/v2\/posts\/3962\/revisions"}],"predecessor-version":[{"id":3964,"href":"https:\/\/www.oracaoefe.com\/fr\/wp-json\/wp\/v2\/posts\/3962\/revisions\/3964"}],"wp:featuredmedia":[{"embeddable":true,"href":"https:\/\/www.oracaoefe.com\/fr\/wp-json\/wp\/v2\/media\/3963"}],"wp:attachment":[{"href":"https:\/\/www.oracaoefe.com\/fr\/wp-json\/wp\/v2\/media?parent=3962"}],"wp:term":[{"taxonomy":"category","embeddable":true,"href":"https:\/\/www.oracaoefe.com\/fr\/wp-json\/wp\/v2\/categories?post=3962"},{"taxonomy":"post_tag","embeddable":true,"href":"https:\/\/www.oracaoefe.com\/fr\/wp-json\/wp\/v2\/tags?post=3962"}],"curies":[{"name":"wp","href":"https:\/\/api.w.org\/{rel}","templated":true}]}}