{"id":3959,"date":"2026-02-28T20:51:03","date_gmt":"2026-02-28T23:51:03","guid":{"rendered":"https:\/\/www.oracaoefe.com\/?p=3959"},"modified":"2025-12-16T20:52:27","modified_gmt":"2025-12-16T23:52:27","slug":"oracao-em-momentos-dificeis-como-a-fe-ajuda-a-enfrentar-crises-pessoais-e-emocionais","status":"publish","type":"post","link":"https:\/\/www.oracaoefe.com\/fr\/oracao-em-momentos-dificeis-como-a-fe-ajuda-a-enfrentar-crises-pessoais-e-emocionais\/","title":{"rendered":"Ora\u00e7\u00e3o em Momentos Dif\u00edceis: Como a F\u00e9 Ajuda a Enfrentar Crises Pessoais e Emocionais"},"content":{"rendered":"<h2 class=\"wp-block-heading\">Introdu\u00e7\u00e3o<\/h2>\n\n\n\n<p class=\"wp-block-paragraph\">Momentos dif\u00edceis fazem parte da experi\u00eancia humana. Perdas, frustra\u00e7\u00f5es, problemas financeiros, conflitos familiares, doen\u00e7as e crises emocionais podem surgir de forma inesperada e abalar profundamente a estabilidade interior. Nessas fases, muitas pessoas relatam sensa\u00e7\u00e3o de desorienta\u00e7\u00e3o, medo do futuro e dificuldade para lidar com emo\u00e7\u00f5es intensas. Quando recursos emocionais parecem insuficientes, a ora\u00e7\u00e3o surge como uma pr\u00e1tica amplamente buscada para encontrar for\u00e7a, clareza e esperan\u00e7a.<\/p>\n\n\n\n<p class=\"wp-block-paragraph\">Este artigo explora o papel da ora\u00e7\u00e3o em momentos dif\u00edceis, analisando como a f\u00e9 contribui para o enfrentamento de crises pessoais, de que forma a espiritualidade influencia a sa\u00fade emocional e por que a ora\u00e7\u00e3o continua sendo um recurso t\u00e3o utilizado em per\u00edodos de sofrimento e incerteza.<\/p>\n\n\n\n<h2 class=\"wp-block-heading\">O Impacto Emocional das Crises Pessoais<\/h2>\n\n\n\n<p class=\"wp-block-paragraph\">Crises pessoais costumam provocar um rompimento na sensa\u00e7\u00e3o de controle. Situa\u00e7\u00f5es inesperadas desafiam planos, expectativas e cren\u00e7as sobre seguran\u00e7a e estabilidade. Esse impacto emocional pode gerar ansiedade, tristeza profunda, raiva ou sensa\u00e7\u00e3o de impot\u00eancia. Em muitos casos, a mente entra em um ciclo de pensamentos repetitivos, dificultando a tomada de decis\u00f5es e o equil\u00edbrio emocional.<\/p>\n\n\n\n<p class=\"wp-block-paragraph\">Al\u00e9m disso, crises tendem a isolar emocionalmente. Mesmo cercadas de pessoas, muitas sentem dificuldade em expressar o que est\u00e3o vivendo, seja por medo de julgamento ou por n\u00e3o encontrarem palavras para descrever a dor. Esse isolamento interno intensifica o sofrimento e torna o enfrentamento ainda mais complexo.<\/p>\n\n\n\n<h2 class=\"wp-block-heading\">Por Que as Pessoas Recorrem \u00e0 Ora\u00e7\u00e3o em Momentos Dif\u00edceis<\/h2>\n\n\n\n<p class=\"wp-block-paragraph\">A ora\u00e7\u00e3o costuma ser buscada em momentos dif\u00edceis porque oferece um espa\u00e7o seguro para expressar emo\u00e7\u00f5es sem julgamento. Ao orar, a pessoa pode verbalizar medos, d\u00favidas, frustra\u00e7\u00f5es e pedidos de ajuda de forma honesta. Esse processo de externaliza\u00e7\u00e3o emocional ajuda a reduzir a sobrecarga mental e a sensa\u00e7\u00e3o de estar lidando com tudo sozinho.<\/p>\n\n\n\n<p class=\"wp-block-paragraph\">Al\u00e9m disso, a ora\u00e7\u00e3o representa uma tentativa de encontrar sentido em meio ao caos. Em situa\u00e7\u00f5es onde respostas racionais s\u00e3o insuficientes, a espiritualidade oferece uma perspectiva mais ampla, ajudando a pessoa a compreender a crise como parte de um processo maior, mesmo que ainda n\u00e3o seja poss\u00edvel enxergar resultados positivos.<\/p>\n\n\n\n<h2 class=\"wp-block-heading\">A Ora\u00e7\u00e3o Como Fonte de For\u00e7a Interior<\/h2>\n\n\n\n<p class=\"wp-block-paragraph\">Um dos principais benef\u00edcios da ora\u00e7\u00e3o em momentos dif\u00edceis \u00e9 o fortalecimento da for\u00e7a interior. Ao se conectar espiritualmente, o indiv\u00edduo acessa recursos emocionais que muitas vezes desconhecia. A f\u00e9 contribui para o desenvolvimento da resili\u00eancia, permitindo que a pessoa continue avan\u00e7ando mesmo diante de adversidades prolongadas.<\/p>\n\n\n\n<p class=\"wp-block-paragraph\">Essa for\u00e7a interior n\u00e3o significa aus\u00eancia de dor, mas a capacidade de suport\u00e1-la sem perder completamente a esperan\u00e7a. A ora\u00e7\u00e3o ajuda a transformar o sentimento de desespero em confian\u00e7a gradual, criando condi\u00e7\u00f5es emocionais para enfrentar desafios com mais equil\u00edbrio.<\/p>\n\n\n\n<h2 class=\"wp-block-heading\">Ora\u00e7\u00e3o e Redu\u00e7\u00e3o da Ansiedade Durante Crises<\/h2>\n\n\n\n<p class=\"wp-block-paragraph\">Crises pessoais costumam aumentar significativamente os n\u00edveis de ansiedade, especialmente quando envolvem incerteza sobre o futuro. A ora\u00e7\u00e3o atua como um regulador emocional ao ajudar a diminuir a rumina\u00e7\u00e3o mental, ou seja, a repeti\u00e7\u00e3o constante de pensamentos negativos e cen\u00e1rios catastr\u00f3ficos.<\/p>\n\n\n\n<p class=\"wp-block-paragraph\">Durante a ora\u00e7\u00e3o, a aten\u00e7\u00e3o se desloca do problema para o momento presente e para a conex\u00e3o espiritual. Esse deslocamento contribui para a redu\u00e7\u00e3o da ansiedade e para a sensa\u00e7\u00e3o de al\u00edvio emocional, mesmo quando a situa\u00e7\u00e3o externa ainda n\u00e3o mudou.<\/p>\n\n\n\n<h2 class=\"wp-block-heading\">A Ora\u00e7\u00e3o Como Espa\u00e7o de Clareza e Reflex\u00e3o<\/h2>\n\n\n\n<p class=\"wp-block-paragraph\">Em meio a crises, decis\u00f5es importantes muitas vezes precisam ser tomadas. No entanto, o excesso de emo\u00e7\u00f5es pode comprometer a clareza mental. A ora\u00e7\u00e3o oferece um espa\u00e7o de reflex\u00e3o que ajuda a organizar pensamentos e emo\u00e7\u00f5es antes de agir.<\/p>\n\n\n\n<p class=\"wp-block-paragraph\">Ao orar, a pessoa desacelera o ritmo interno, favorecendo uma an\u00e1lise mais consciente das op\u00e7\u00f5es dispon\u00edveis. Esse processo contribui para decis\u00f5es menos impulsivas e mais alinhadas com valores pessoais, mesmo em contextos de press\u00e3o emocional.<\/p>\n\n\n\n<h2 class=\"wp-block-heading\">F\u00e9 e Esperan\u00e7a em Per\u00edodos de Sofrimento<\/h2>\n\n\n\n<p class=\"wp-block-paragraph\">A esperan\u00e7a \u00e9 um dos recursos emocionais mais afetados em momentos dif\u00edceis. Quando a dor se prolonga, \u00e9 comum surgir a sensa\u00e7\u00e3o de que a situa\u00e7\u00e3o nunca ir\u00e1 melhorar. A ora\u00e7\u00e3o ajuda a sustentar a esperan\u00e7a ao oferecer uma perspectiva que vai al\u00e9m das circunst\u00e2ncias imediatas.<\/p>\n\n\n\n<p class=\"wp-block-paragraph\">Essa esperan\u00e7a espiritual n\u00e3o depende necessariamente de mudan\u00e7as r\u00e1pidas ou solu\u00e7\u00f5es imediatas. Ela se baseia na confian\u00e7a de que a dor n\u00e3o \u00e9 definitiva e de que existe possibilidade de aprendizado, crescimento ou transforma\u00e7\u00e3o, mesmo quando o caminho ainda n\u00e3o est\u00e1 claro.<\/p>\n\n\n\n<h2 class=\"wp-block-heading\">Ora\u00e7\u00e3o e Aceita\u00e7\u00e3o da Realidade<\/h2>\n\n\n\n<p class=\"wp-block-paragraph\">Nem todas as crises podem ser resolvidas rapidamente. Algumas envolvem perdas irrevers\u00edveis ou situa\u00e7\u00f5es que fogem completamente ao controle individual. Nesses casos, a ora\u00e7\u00e3o contribui para o processo de aceita\u00e7\u00e3o emocional, um passo fundamental para a recupera\u00e7\u00e3o psicol\u00f3gica.<\/p>\n\n\n\n<p class=\"wp-block-paragraph\">Aceitar n\u00e3o significa concordar ou desistir, mas reconhecer a realidade como ela \u00e9, sem resist\u00eancia excessiva. A espiritualidade ajuda a lidar com essa aceita\u00e7\u00e3o de forma menos dolorosa, oferecendo conforto e apoio emocional durante o processo.<\/p>\n\n\n\n<h2 class=\"wp-block-heading\">A Influ\u00eancia da Ora\u00e7\u00e3o no Comportamento Durante Crises<\/h2>\n\n\n\n<p class=\"wp-block-paragraph\">A forma como uma pessoa se comporta durante uma crise influencia diretamente seus desdobramentos. A ora\u00e7\u00e3o tende a estimular atitudes mais conscientes, como paci\u00eancia, autocontrole e empatia. Pessoas que mant\u00eam pr\u00e1ticas espirituais durante per\u00edodos dif\u00edceis relatam maior capacidade de manter relacionamentos saud\u00e1veis e evitar comportamentos autodestrutivos.<\/p>\n\n\n\n<p class=\"wp-block-paragraph\">Essa influ\u00eancia comportamental ocorre porque a ora\u00e7\u00e3o refor\u00e7a valores internos e ajuda a regular emo\u00e7\u00f5es intensas. Como resultado, a pessoa enfrenta a crise de maneira mais equilibrada, mesmo quando o sofrimento \u00e9 significativo.<\/p>\n\n\n\n<h2 class=\"wp-block-heading\">Ora\u00e7\u00e3o Como Apoio Complementar \u00e0 Sa\u00fade Emocional<\/h2>\n\n\n\n<p class=\"wp-block-paragraph\">Embora a ora\u00e7\u00e3o ofere\u00e7a benef\u00edcios importantes, \u00e9 essencial reconhecer que ela n\u00e3o substitui apoio psicol\u00f3gico ou m\u00e9dico quando necess\u00e1rio. A espiritualidade atua como um complemento no cuidado emocional, fortalecendo recursos internos e favorecendo a busca por ajuda adequada.<\/p>\n\n\n\n<p class=\"wp-block-paragraph\">Em momentos dif\u00edceis, integrar ora\u00e7\u00e3o, apoio profissional e rede de apoio social \u00e9 uma abordagem mais eficaz e saud\u00e1vel. A f\u00e9 pode ajudar a pessoa a ter coragem para procurar ajuda e a manter a motiva\u00e7\u00e3o durante processos terap\u00eauticos.<\/p>\n\n\n\n<h2 class=\"wp-block-heading\">Ora\u00e7\u00e3o e Crescimento Pessoal Ap\u00f3s Crises<\/h2>\n\n\n\n<p class=\"wp-block-paragraph\">Muitas pessoas relatam que, ap\u00f3s atravessar momentos dif\u00edceis com apoio da espiritualidade, experimentam crescimento pessoal significativo. A ora\u00e7\u00e3o ajuda a ressignificar experi\u00eancias dolorosas, transformando sofrimento em aprendizado e fortalecimento interior.<\/p>\n\n\n\n<p class=\"wp-block-paragraph\">Esse crescimento n\u00e3o apaga a dor vivida, mas permite que ela seja integrada \u00e0 hist\u00f3ria pessoal de forma construtiva. A f\u00e9 contribui para a reconstru\u00e7\u00e3o da identidade e para o desenvolvimento de uma vis\u00e3o mais madura da vida.<\/p>\n\n\n\n<h2 class=\"wp-block-heading\">A Ora\u00e7\u00e3o Como Presen\u00e7a Constante em Tempos Incertos<\/h2>\n\n\n\n<p class=\"wp-block-paragraph\">Em um mundo marcado por incertezas constantes, crises pessoais podem surgir em diferentes fases da vida. A ora\u00e7\u00e3o se mant\u00e9m relevante justamente por sua capacidade de oferecer apoio cont\u00ednuo, independentemente das circunst\u00e2ncias externas.<\/p>\n\n\n\n<p class=\"wp-block-paragraph\">Mais do que uma resposta emergencial, a ora\u00e7\u00e3o pode se tornar uma presen\u00e7a constante que sustenta emocionalmente o indiv\u00edduo ao longo do tempo, fortalecendo sua capacidade de enfrentar desafios futuros.<\/p>\n\n\n\n<h2 class=\"wp-block-heading\">Conclus\u00e3o<\/h2>\n\n\n\n<p class=\"wp-block-paragraph\">A ora\u00e7\u00e3o em momentos dif\u00edceis desempenha um papel fundamental no enfrentamento de crises pessoais e emocionais. Ao oferecer um espa\u00e7o seguro de express\u00e3o, reflex\u00e3o e esperan\u00e7a, a espiritualidade contribui para a redu\u00e7\u00e3o da ansiedade, o fortalecimento da resili\u00eancia e a busca por sentido em meio ao sofrimento.<\/p>\n\n\n\n<p class=\"wp-block-paragraph\">Embora n\u00e3o elimine automaticamente a dor ou os desafios, a ora\u00e7\u00e3o ajuda a pessoa a atravessar per\u00edodos dif\u00edceis com mais equil\u00edbrio, consci\u00eancia e for\u00e7a interior. Em tempos de crise, essa pr\u00e1tica simples continua sendo uma das ferramentas mais acess\u00edveis e profundas para cuidar da sa\u00fade emocional e espiritual.<\/p>","protected":false},"excerpt":{"rendered":"<p>Introdu\u00e7\u00e3o Momentos dif\u00edceis fazem parte da experi\u00eancia humana. Perdas, frustra\u00e7\u00f5es, problemas financeiros, conflitos familiares, doen\u00e7as e crises emocionais podem surgir de forma inesperada e abalar profundamente a estabilidade interior. Nessas fases, muitas pessoas relatam sensa\u00e7\u00e3o de desorienta\u00e7\u00e3o, medo do futuro e dificuldade para lidar com emo\u00e7\u00f5es intensas. Quando recursos emocionais parecem insuficientes, a ora\u00e7\u00e3o surge&hellip;&nbsp;<\/p>","protected":false},"author":1,"featured_media":3960,"comment_status":"closed","ping_status":"closed","sticky":false,"template":"","format":"standard","meta":{"neve_meta_sidebar":"","neve_meta_container":"","neve_meta_enable_content_width":"","neve_meta_content_width":0,"neve_meta_title_alignment":"","neve_meta_author_avatar":"","neve_post_elements_order":"","neve_meta_disable_header":"","neve_meta_disable_footer":"","neve_meta_disable_title":"","footnotes":""},"categories":[2],"tags":[],"class_list":["post-3959","post","type-post","status-publish","format-standard","has-post-thumbnail","hentry","category-oracao"],"yoast_head":"<!-- This site is optimized with the Yoast SEO plugin v28.4 - https:\/\/yoast.com\/product\/yoast-seo-wordpress\/ -->\n<title>Ora\u00e7\u00e3o em Momentos Dif\u00edceis: Como a F\u00e9 Ajuda a Enfrentar Crises Pessoais e Emocionais - Ora\u00e7\u00e3o e F\u00e9<\/title>\n<meta name=\"description\" content=\"Deus tem pra voc\u00ea uma palavra de vida!\" \/>\n<meta name=\"robots\" content=\"index, follow, max-snippet:-1, max-image-preview:large, max-video-preview:-1\" \/>\n<link rel=\"canonical\" href=\"https:\/\/www.oracaoefe.com\/fr\/oracao-em-momentos-dificeis-como-a-fe-ajuda-a-enfrentar-crises-pessoais-e-emocionais\/\" \/>\n<meta property=\"og:locale\" content=\"fr_FR\" \/>\n<meta property=\"og:type\" content=\"article\" \/>\n<meta property=\"og:title\" content=\"Ora\u00e7\u00e3o em Momentos Dif\u00edceis: Como a F\u00e9 Ajuda a Enfrentar Crises Pessoais e Emocionais - Ora\u00e7\u00e3o e F\u00e9\" \/>\n<meta property=\"og:description\" content=\"Deus tem pra voc\u00ea uma palavra de vida!\" \/>\n<meta property=\"og:url\" content=\"https:\/\/www.oracaoefe.com\/fr\/oracao-em-momentos-dificeis-como-a-fe-ajuda-a-enfrentar-crises-pessoais-e-emocionais\/\" \/>\n<meta property=\"og:site_name\" content=\"Ora\u00e7\u00e3o e F\u00e9\" \/>\n<meta property=\"article:published_time\" content=\"2026-02-28T23:51:03+00:00\" \/>\n<meta property=\"og:image\" content=\"https:\/\/www.oracaoefe.com\/wp-content\/uploads\/2025\/12\/oraca-difiil.webp\" \/>\n\t<meta property=\"og:image:width\" content=\"1024\" \/>\n\t<meta property=\"og:image:height\" content=\"1024\" \/>\n\t<meta property=\"og:image:type\" content=\"image\/webp\" \/>\n<meta name=\"author\" content=\"Maria\" \/>\n<meta name=\"twitter:card\" content=\"summary_large_image\" \/>\n<meta name=\"twitter:label1\" content=\"\u00c9crit par\" \/>\n\t<meta name=\"twitter:data1\" content=\"Maria\" \/>\n\t<meta name=\"twitter:label2\" content=\"Dur\u00e9e de lecture estim\u00e9e\" \/>\n\t<meta name=\"twitter:data2\" content=\"7 minutes\" \/>\n<script type=\"application\/ld+json\" class=\"yoast-schema-graph\">{\"@context\":\"https:\\\/\\\/schema.org\",\"@graph\":[{\"@type\":\"Article\",\"@id\":\"https:\\\/\\\/www.oracaoefe.com\\\/oracao-em-momentos-dificeis-como-a-fe-ajuda-a-enfrentar-crises-pessoais-e-emocionais\\\/#article\",\"isPartOf\":{\"@id\":\"https:\\\/\\\/www.oracaoefe.com\\\/oracao-em-momentos-dificeis-como-a-fe-ajuda-a-enfrentar-crises-pessoais-e-emocionais\\\/\"},\"author\":{\"name\":\"Maria\",\"@id\":\"https:\\\/\\\/www.oracaoefe.com\\\/#\\\/schema\\\/person\\\/27873f1e6043866689f5091b5139f23d\"},\"headline\":\"Ora\u00e7\u00e3o em Momentos Dif\u00edceis: Como a F\u00e9 Ajuda a Enfrentar Crises Pessoais e Emocionais\",\"datePublished\":\"2026-02-28T23:51:03+00:00\",\"mainEntityOfPage\":{\"@id\":\"https:\\\/\\\/www.oracaoefe.com\\\/oracao-em-momentos-dificeis-como-a-fe-ajuda-a-enfrentar-crises-pessoais-e-emocionais\\\/\"},\"wordCount\":1378,\"image\":{\"@id\":\"https:\\\/\\\/www.oracaoefe.com\\\/oracao-em-momentos-dificeis-como-a-fe-ajuda-a-enfrentar-crises-pessoais-e-emocionais\\\/#primaryimage\"},\"thumbnailUrl\":\"https:\\\/\\\/www.oracaoefe.com\\\/wp-content\\\/uploads\\\/2025\\\/12\\\/oraca-difiil.webp\",\"articleSection\":[\"Ora\u00e7\u00e3o\"],\"inLanguage\":\"fr-FR\"},{\"@type\":\"WebPage\",\"@id\":\"https:\\\/\\\/www.oracaoefe.com\\\/oracao-em-momentos-dificeis-como-a-fe-ajuda-a-enfrentar-crises-pessoais-e-emocionais\\\/\",\"url\":\"https:\\\/\\\/www.oracaoefe.com\\\/oracao-em-momentos-dificeis-como-a-fe-ajuda-a-enfrentar-crises-pessoais-e-emocionais\\\/\",\"name\":\"Ora\u00e7\u00e3o em Momentos Dif\u00edceis: Como a F\u00e9 Ajuda a Enfrentar Crises Pessoais e Emocionais - Ora\u00e7\u00e3o e F\u00e9\",\"isPartOf\":{\"@id\":\"https:\\\/\\\/www.oracaoefe.com\\\/#website\"},\"primaryImageOfPage\":{\"@id\":\"https:\\\/\\\/www.oracaoefe.com\\\/oracao-em-momentos-dificeis-como-a-fe-ajuda-a-enfrentar-crises-pessoais-e-emocionais\\\/#primaryimage\"},\"image\":{\"@id\":\"https:\\\/\\\/www.oracaoefe.com\\\/oracao-em-momentos-dificeis-como-a-fe-ajuda-a-enfrentar-crises-pessoais-e-emocionais\\\/#primaryimage\"},\"thumbnailUrl\":\"https:\\\/\\\/www.oracaoefe.com\\\/wp-content\\\/uploads\\\/2025\\\/12\\\/oraca-difiil.webp\",\"datePublished\":\"2026-02-28T23:51:03+00:00\",\"author\":{\"@id\":\"https:\\\/\\\/www.oracaoefe.com\\\/#\\\/schema\\\/person\\\/27873f1e6043866689f5091b5139f23d\"},\"description\":\"Deus tem pra voc\u00ea uma palavra de vida!\",\"breadcrumb\":{\"@id\":\"https:\\\/\\\/www.oracaoefe.com\\\/oracao-em-momentos-dificeis-como-a-fe-ajuda-a-enfrentar-crises-pessoais-e-emocionais\\\/#breadcrumb\"},\"inLanguage\":\"fr-FR\",\"potentialAction\":[{\"@type\":\"ReadAction\",\"target\":[\"https:\\\/\\\/www.oracaoefe.com\\\/oracao-em-momentos-dificeis-como-a-fe-ajuda-a-enfrentar-crises-pessoais-e-emocionais\\\/\"]}]},{\"@type\":\"ImageObject\",\"inLanguage\":\"fr-FR\",\"@id\":\"https:\\\/\\\/www.oracaoefe.com\\\/oracao-em-momentos-dificeis-como-a-fe-ajuda-a-enfrentar-crises-pessoais-e-emocionais\\\/#primaryimage\",\"url\":\"https:\\\/\\\/www.oracaoefe.com\\\/wp-content\\\/uploads\\\/2025\\\/12\\\/oraca-difiil.webp\",\"contentUrl\":\"https:\\\/\\\/www.oracaoefe.com\\\/wp-content\\\/uploads\\\/2025\\\/12\\\/oraca-difiil.webp\",\"width\":1024,\"height\":1024},{\"@type\":\"BreadcrumbList\",\"@id\":\"https:\\\/\\\/www.oracaoefe.com\\\/oracao-em-momentos-dificeis-como-a-fe-ajuda-a-enfrentar-crises-pessoais-e-emocionais\\\/#breadcrumb\",\"itemListElement\":[{\"@type\":\"ListItem\",\"position\":1,\"name\":\"Home\",\"item\":\"https:\\\/\\\/www.oracaoefe.com\\\/\"},{\"@type\":\"ListItem\",\"position\":2,\"name\":\"Ora\u00e7\u00e3o\",\"item\":\"https:\\\/\\\/www.oracaoefe.com\\\/category\\\/oracao\\\/\"},{\"@type\":\"ListItem\",\"position\":3,\"name\":\"Ora\u00e7\u00e3o em Momentos Dif\u00edceis: Como a F\u00e9 Ajuda a Enfrentar Crises Pessoais e Emocionais\"}]},{\"@type\":\"WebSite\",\"@id\":\"https:\\\/\\\/www.oracaoefe.com\\\/#website\",\"url\":\"https:\\\/\\\/www.oracaoefe.com\\\/\",\"name\":\"Ora\u00e7\u00e3o e F\u00e9\",\"description\":\"\",\"potentialAction\":[{\"@type\":\"SearchAction\",\"target\":{\"@type\":\"EntryPoint\",\"urlTemplate\":\"https:\\\/\\\/www.oracaoefe.com\\\/?s={search_term_string}\"},\"query-input\":{\"@type\":\"PropertyValueSpecification\",\"valueRequired\":true,\"valueName\":\"search_term_string\"}}],\"inLanguage\":\"fr-FR\"},{\"@type\":\"Person\",\"@id\":\"https:\\\/\\\/www.oracaoefe.com\\\/#\\\/schema\\\/person\\\/27873f1e6043866689f5091b5139f23d\",\"name\":\"Maria\",\"image\":{\"@type\":\"ImageObject\",\"inLanguage\":\"fr-FR\",\"@id\":\"https:\\\/\\\/secure.gravatar.com\\\/avatar\\\/4cac5ea56d40d599bd7348d330a83b1c84cd229296d1613cd1c7f6740561d0c9?s=96&d=mm&r=g\",\"url\":\"https:\\\/\\\/secure.gravatar.com\\\/avatar\\\/4cac5ea56d40d599bd7348d330a83b1c84cd229296d1613cd1c7f6740561d0c9?s=96&d=mm&r=g\",\"contentUrl\":\"https:\\\/\\\/secure.gravatar.com\\\/avatar\\\/4cac5ea56d40d599bd7348d330a83b1c84cd229296d1613cd1c7f6740561d0c9?s=96&d=mm&r=g\",\"caption\":\"Maria\"},\"description\":\"Meu nome \u00e9 Maria e sou apaixonada por teologia, espiritualidade e estudos religiosos. H\u00e1 mais de 5 anos escrevo sobre o universo da f\u00e9, pesquisando diferentes religi\u00f5es, doutrinas, tradi\u00e7\u00f5es espirituais e curiosidades religiosas ao redor do mundo. Tenho grande interesse em compreender como a f\u00e9 e a religiosidade se manifestam em diferentes culturas, pa\u00edses e idiomas, sempre buscando aprender mais sobre os costumes, cren\u00e7as e hist\u00f3rias que influenciam milh\u00f5es de pessoas diariamente. Atualmente, atuo como redatora no portal Ora\u00e7\u00e3o e F\u00e9, onde compartilho conte\u00fados informativos, reflexivos e inspiradores voltados ao universo religioso e espiritual. Meu objetivo \u00e9 levar conhecimento, curiosidades e mensagens enriquecedoras para leitores que desejam aprofundar sua compreens\u00e3o sobre f\u00e9, religi\u00e3o e espiritualidade no mundo moderno.\",\"sameAs\":[\"https:\\\/\\\/www.oracaoefe.com\"],\"url\":\"https:\\\/\\\/www.oracaoefe.com\\\/fr\\\/author\\\/admin\\\/\"}]}<\/script>\n<!-- \/ Yoast SEO plugin. -->","yoast_head_json":{"title":"Ora\u00e7\u00e3o em Momentos Dif\u00edceis: Como a F\u00e9 Ajuda a Enfrentar Crises Pessoais e Emocionais - Ora\u00e7\u00e3o e F\u00e9","description":"Dieu a une parole de vie pour vous !","robots":{"index":"index","follow":"follow","max-snippet":"max-snippet:-1","max-image-preview":"max-image-preview:large","max-video-preview":"max-video-preview:-1"},"canonical":"https:\/\/www.oracaoefe.com\/fr\/oracao-em-momentos-dificeis-como-a-fe-ajuda-a-enfrentar-crises-pessoais-e-emocionais\/","og_locale":"fr_FR","og_type":"article","og_title":"Ora\u00e7\u00e3o em Momentos Dif\u00edceis: Como a F\u00e9 Ajuda a Enfrentar Crises Pessoais e Emocionais - Ora\u00e7\u00e3o e F\u00e9","og_description":"Deus tem pra voc\u00ea uma palavra de vida!","og_url":"https:\/\/www.oracaoefe.com\/fr\/oracao-em-momentos-dificeis-como-a-fe-ajuda-a-enfrentar-crises-pessoais-e-emocionais\/","og_site_name":"Ora\u00e7\u00e3o e F\u00e9","article_published_time":"2026-02-28T23:51:03+00:00","og_image":[{"width":1024,"height":1024,"url":"https:\/\/www.oracaoefe.com\/wp-content\/uploads\/2025\/12\/oraca-difiil.webp","type":"image\/webp"}],"author":"Maria","twitter_card":"summary_large_image","twitter_misc":{"\u00c9crit par":"Maria","Dur\u00e9e de lecture estim\u00e9e":"7 minutes"},"schema":{"@context":"https:\/\/schema.org","@graph":[{"@type":"Article","@id":"https:\/\/www.oracaoefe.com\/oracao-em-momentos-dificeis-como-a-fe-ajuda-a-enfrentar-crises-pessoais-e-emocionais\/#article","isPartOf":{"@id":"https:\/\/www.oracaoefe.com\/oracao-em-momentos-dificeis-como-a-fe-ajuda-a-enfrentar-crises-pessoais-e-emocionais\/"},"author":{"name":"Maria","@id":"https:\/\/www.oracaoefe.com\/#\/schema\/person\/27873f1e6043866689f5091b5139f23d"},"headline":"Ora\u00e7\u00e3o em Momentos Dif\u00edceis: Como a F\u00e9 Ajuda a Enfrentar Crises Pessoais e Emocionais","datePublished":"2026-02-28T23:51:03+00:00","mainEntityOfPage":{"@id":"https:\/\/www.oracaoefe.com\/oracao-em-momentos-dificeis-como-a-fe-ajuda-a-enfrentar-crises-pessoais-e-emocionais\/"},"wordCount":1378,"image":{"@id":"https:\/\/www.oracaoefe.com\/oracao-em-momentos-dificeis-como-a-fe-ajuda-a-enfrentar-crises-pessoais-e-emocionais\/#primaryimage"},"thumbnailUrl":"https:\/\/www.oracaoefe.com\/wp-content\/uploads\/2025\/12\/oraca-difiil.webp","articleSection":["Ora\u00e7\u00e3o"],"inLanguage":"fr-FR"},{"@type":"WebPage","@id":"https:\/\/www.oracaoefe.com\/oracao-em-momentos-dificeis-como-a-fe-ajuda-a-enfrentar-crises-pessoais-e-emocionais\/","url":"https:\/\/www.oracaoefe.com\/oracao-em-momentos-dificeis-como-a-fe-ajuda-a-enfrentar-crises-pessoais-e-emocionais\/","name":"Ora\u00e7\u00e3o em Momentos Dif\u00edceis: Como a F\u00e9 Ajuda a Enfrentar Crises Pessoais e Emocionais - Ora\u00e7\u00e3o e F\u00e9","isPartOf":{"@id":"https:\/\/www.oracaoefe.com\/#website"},"primaryImageOfPage":{"@id":"https:\/\/www.oracaoefe.com\/oracao-em-momentos-dificeis-como-a-fe-ajuda-a-enfrentar-crises-pessoais-e-emocionais\/#primaryimage"},"image":{"@id":"https:\/\/www.oracaoefe.com\/oracao-em-momentos-dificeis-como-a-fe-ajuda-a-enfrentar-crises-pessoais-e-emocionais\/#primaryimage"},"thumbnailUrl":"https:\/\/www.oracaoefe.com\/wp-content\/uploads\/2025\/12\/oraca-difiil.webp","datePublished":"2026-02-28T23:51:03+00:00","author":{"@id":"https:\/\/www.oracaoefe.com\/#\/schema\/person\/27873f1e6043866689f5091b5139f23d"},"description":"Dieu a une parole de vie pour vous !","breadcrumb":{"@id":"https:\/\/www.oracaoefe.com\/oracao-em-momentos-dificeis-como-a-fe-ajuda-a-enfrentar-crises-pessoais-e-emocionais\/#breadcrumb"},"inLanguage":"fr-FR","potentialAction":[{"@type":"ReadAction","target":["https:\/\/www.oracaoefe.com\/oracao-em-momentos-dificeis-como-a-fe-ajuda-a-enfrentar-crises-pessoais-e-emocionais\/"]}]},{"@type":"ImageObject","inLanguage":"fr-FR","@id":"https:\/\/www.oracaoefe.com\/oracao-em-momentos-dificeis-como-a-fe-ajuda-a-enfrentar-crises-pessoais-e-emocionais\/#primaryimage","url":"https:\/\/www.oracaoefe.com\/wp-content\/uploads\/2025\/12\/oraca-difiil.webp","contentUrl":"https:\/\/www.oracaoefe.com\/wp-content\/uploads\/2025\/12\/oraca-difiil.webp","width":1024,"height":1024},{"@type":"BreadcrumbList","@id":"https:\/\/www.oracaoefe.com\/oracao-em-momentos-dificeis-como-a-fe-ajuda-a-enfrentar-crises-pessoais-e-emocionais\/#breadcrumb","itemListElement":[{"@type":"ListItem","position":1,"name":"Home","item":"https:\/\/www.oracaoefe.com\/"},{"@type":"ListItem","position":2,"name":"Ora\u00e7\u00e3o","item":"https:\/\/www.oracaoefe.com\/category\/oracao\/"},{"@type":"ListItem","position":3,"name":"Ora\u00e7\u00e3o em Momentos Dif\u00edceis: Como a F\u00e9 Ajuda a Enfrentar Crises Pessoais e Emocionais"}]},{"@type":"WebSite","@id":"https:\/\/www.oracaoefe.com\/#website","url":"https:\/\/www.oracaoefe.com\/","name":"Pri\u00e8re et foi","description":"","potentialAction":[{"@type":"SearchAction","target":{"@type":"EntryPoint","urlTemplate":"https:\/\/www.oracaoefe.com\/?s={search_term_string}"},"query-input":{"@type":"PropertyValueSpecification","valueRequired":true,"valueName":"search_term_string"}}],"inLanguage":"fr-FR"},{"@type":"Person","@id":"https:\/\/www.oracaoefe.com\/#\/schema\/person\/27873f1e6043866689f5091b5139f23d","name":"Maria","image":{"@type":"ImageObject","inLanguage":"fr-FR","@id":"https:\/\/secure.gravatar.com\/avatar\/4cac5ea56d40d599bd7348d330a83b1c84cd229296d1613cd1c7f6740561d0c9?s=96&d=mm&r=g","url":"https:\/\/secure.gravatar.com\/avatar\/4cac5ea56d40d599bd7348d330a83b1c84cd229296d1613cd1c7f6740561d0c9?s=96&d=mm&r=g","contentUrl":"https:\/\/secure.gravatar.com\/avatar\/4cac5ea56d40d599bd7348d330a83b1c84cd229296d1613cd1c7f6740561d0c9?s=96&d=mm&r=g","caption":"Maria"},"description":"Meu nome \u00e9 Maria e sou apaixonada por teologia, espiritualidade e estudos religiosos. H\u00e1 mais de 5 anos escrevo sobre o universo da f\u00e9, pesquisando diferentes religi\u00f5es, doutrinas, tradi\u00e7\u00f5es espirituais e curiosidades religiosas ao redor do mundo. Tenho grande interesse em compreender como a f\u00e9 e a religiosidade se manifestam em diferentes culturas, pa\u00edses e idiomas, sempre buscando aprender mais sobre os costumes, cren\u00e7as e hist\u00f3rias que influenciam milh\u00f5es de pessoas diariamente. Atualmente, atuo como redatora no portal Ora\u00e7\u00e3o e F\u00e9, onde compartilho conte\u00fados informativos, reflexivos e inspiradores voltados ao universo religioso e espiritual. Meu objetivo \u00e9 levar conhecimento, curiosidades e mensagens enriquecedoras para leitores que desejam aprofundar sua compreens\u00e3o sobre f\u00e9, religi\u00e3o e espiritualidade no mundo moderno.","sameAs":["https:\/\/www.oracaoefe.com"],"url":"https:\/\/www.oracaoefe.com\/fr\/author\/admin\/"}]}},"_links":{"self":[{"href":"https:\/\/www.oracaoefe.com\/fr\/wp-json\/wp\/v2\/posts\/3959","targetHints":{"allow":["GET"]}}],"collection":[{"href":"https:\/\/www.oracaoefe.com\/fr\/wp-json\/wp\/v2\/posts"}],"about":[{"href":"https:\/\/www.oracaoefe.com\/fr\/wp-json\/wp\/v2\/types\/post"}],"author":[{"embeddable":true,"href":"https:\/\/www.oracaoefe.com\/fr\/wp-json\/wp\/v2\/users\/1"}],"replies":[{"embeddable":true,"href":"https:\/\/www.oracaoefe.com\/fr\/wp-json\/wp\/v2\/comments?post=3959"}],"version-history":[{"count":1,"href":"https:\/\/www.oracaoefe.com\/fr\/wp-json\/wp\/v2\/posts\/3959\/revisions"}],"predecessor-version":[{"id":3961,"href":"https:\/\/www.oracaoefe.com\/fr\/wp-json\/wp\/v2\/posts\/3959\/revisions\/3961"}],"wp:featuredmedia":[{"embeddable":true,"href":"https:\/\/www.oracaoefe.com\/fr\/wp-json\/wp\/v2\/media\/3960"}],"wp:attachment":[{"href":"https:\/\/www.oracaoefe.com\/fr\/wp-json\/wp\/v2\/media?parent=3959"}],"wp:term":[{"taxonomy":"category","embeddable":true,"href":"https:\/\/www.oracaoefe.com\/fr\/wp-json\/wp\/v2\/categories?post=3959"},{"taxonomy":"post_tag","embeddable":true,"href":"https:\/\/www.oracaoefe.com\/fr\/wp-json\/wp\/v2\/tags?post=3959"}],"curies":[{"name":"wp","href":"https:\/\/api.w.org\/{rel}","templated":true}]}}