{"id":3956,"date":"2026-01-24T20:49:33","date_gmt":"2026-01-24T23:49:33","guid":{"rendered":"https:\/\/www.oracaoefe.com\/?p=3956"},"modified":"2025-12-16T20:50:58","modified_gmt":"2025-12-16T23:50:58","slug":"oracao-da-noite-como-encerrar-o-dia-em-oracao-ajuda-a-reduzir-a-ansiedade-e-melhorar-o-sono","status":"publish","type":"post","link":"https:\/\/www.oracaoefe.com\/fr\/oracao-da-noite-como-encerrar-o-dia-em-oracao-ajuda-a-reduzir-a-ansiedade-e-melhorar-o-sono\/","title":{"rendered":"Ora\u00e7\u00e3o da Noite: Como Encerrar o Dia em Ora\u00e7\u00e3o Ajuda a Reduzir a Ansiedade e Melhorar o Sono"},"content":{"rendered":"<h2 class=\"wp-block-heading\">Introdu\u00e7\u00e3o<\/h2>\n\n\n\n<p class=\"wp-block-paragraph\">O fim do dia costuma ser o momento em que a mente desacelera fisicamente, mas acelera emocionalmente. Pensamentos acumulados, preocupa\u00e7\u00f5es n\u00e3o resolvidas, di\u00e1logos internos repetitivos e ansiedade em rela\u00e7\u00e3o ao dia seguinte costumam surgir justamente quando o corpo pede descanso. Em um mundo marcado por excesso de est\u00edmulos e dificuldade de desligamento mental, muitas pessoas enfrentam problemas para relaxar e dormir com qualidade. Nesse cen\u00e1rio, a ora\u00e7\u00e3o da noite tem ganhado destaque como uma pr\u00e1tica simples e eficaz para encerrar o dia com mais calma, equil\u00edbrio emocional e paz interior.<\/p>\n\n\n\n<p class=\"wp-block-paragraph\">Este artigo aborda o significado da ora\u00e7\u00e3o da noite, seus impactos emocionais e psicol\u00f3gicos, a rela\u00e7\u00e3o entre ora\u00e7\u00e3o e qualidade do sono e por que essa pr\u00e1tica tem se mostrado t\u00e3o relevante para quem busca descanso mental e espiritual ao final do dia.<\/p>\n\n\n\n<h2 class=\"wp-block-heading\">O Significado da Ora\u00e7\u00e3o da Noite<\/h2>\n\n\n\n<p class=\"wp-block-paragraph\">A ora\u00e7\u00e3o da noite \u00e9 uma pr\u00e1tica espiritual realizada antes de dormir, com o objetivo de encerrar o dia de forma consciente. Diferente da ora\u00e7\u00e3o da manh\u00e3, que prepara a pessoa para enfrentar os desafios do dia, a ora\u00e7\u00e3o noturna tem um car\u00e1ter de entrega, reflex\u00e3o e descanso interior. Ela permite revisitar o que foi vivido, reconhecer emo\u00e7\u00f5es, agradecer conquistas e liberar preocupa\u00e7\u00f5es.<\/p>\n\n\n\n<p class=\"wp-block-paragraph\">Historicamente, diversas tradi\u00e7\u00f5es espirituais incentivam a ora\u00e7\u00e3o noturna como forma de encerramento do ciclo di\u00e1rio. Esse momento simboliza confian\u00e7a, aceita\u00e7\u00e3o e entrega, criando um espa\u00e7o onde a mente pode desacelerar e o corpo pode se preparar para o repouso.<\/p>\n\n\n\n<h2 class=\"wp-block-heading\">Por Que Orar Antes de Dormir Faz Diferen\u00e7a<\/h2>\n\n\n\n<p class=\"wp-block-paragraph\">Orar antes de dormir influencia diretamente o estado emocional com o qual a pessoa adormece. Ao inv\u00e9s de levar para a cama pensamentos acelerados, listas de problemas e preocupa\u00e7\u00f5es futuras, a ora\u00e7\u00e3o cria uma transi\u00e7\u00e3o consciente entre o dia ativo e o descanso noturno.<\/p>\n\n\n\n<p class=\"wp-block-paragraph\">Essa transi\u00e7\u00e3o \u00e9 fundamental para reduzir a ansiedade noturna, um dos principais fatores associados \u00e0 ins\u00f4nia. A ora\u00e7\u00e3o ajuda a organizar pensamentos, diminuir a rumina\u00e7\u00e3o mental e estabelecer um sentimento de seguran\u00e7a emocional, facilitando o relaxamento necess\u00e1rio para o sono.<\/p>\n\n\n\n<h2 class=\"wp-block-heading\">Ora\u00e7\u00e3o da Noite e Redu\u00e7\u00e3o da Ansiedade<\/h2>\n\n\n\n<p class=\"wp-block-paragraph\">A ansiedade costuma se intensificar \u00e0 noite porque, com menos est\u00edmulos externos, a mente volta-se para dentro. Preocupa\u00e7\u00f5es que foram ignoradas durante o dia tendem a emergir com for\u00e7a nesse momento. A ora\u00e7\u00e3o da noite atua como um canal estruturado para lidar com essas emo\u00e7\u00f5es.<\/p>\n\n\n\n<p class=\"wp-block-paragraph\">Ao expressar medos, frustra\u00e7\u00f5es e inseguran\u00e7as em ora\u00e7\u00e3o, a pessoa evita que esses sentimentos fiquem circulando de forma desorganizada na mente. Esse processo de externaliza\u00e7\u00e3o emocional contribui para a redu\u00e7\u00e3o da ansiedade e para uma sensa\u00e7\u00e3o maior de controle interno.<\/p>\n\n\n\n<h2 class=\"wp-block-heading\">A Rela\u00e7\u00e3o Entre Ora\u00e7\u00e3o da Noite e Qualidade do Sono<\/h2>\n\n\n\n<p class=\"wp-block-paragraph\">A qualidade do sono est\u00e1 diretamente relacionada ao estado emocional antes de dormir. Pessoas que se deitam com a mente agitada t\u00eam mais dificuldade para adormecer e tendem a ter um sono mais superficial. A ora\u00e7\u00e3o da noite favorece um estado de relaxamento profundo, semelhante ao observado em pr\u00e1ticas de medita\u00e7\u00e3o e respira\u00e7\u00e3o consciente.<\/p>\n\n\n\n<p class=\"wp-block-paragraph\">Durante a ora\u00e7\u00e3o, a respira\u00e7\u00e3o tende a se tornar mais lenta e profunda, o que ajuda a reduzir a ativa\u00e7\u00e3o do sistema nervoso. Esse efeito fisiol\u00f3gico prepara o corpo para o descanso, aumentando as chances de um sono mais reparador e cont\u00ednuo.<\/p>\n\n\n\n<h2 class=\"wp-block-heading\">A Ora\u00e7\u00e3o da Noite Como Pr\u00e1tica de Gratid\u00e3o<\/h2>\n\n\n\n<p class=\"wp-block-paragraph\">A gratid\u00e3o \u00e9 um elemento central da ora\u00e7\u00e3o noturna. Ao refletir sobre o dia e reconhecer aspectos positivos, mesmo em meio a dificuldades, a pessoa muda o foco daquilo que faltou para aquilo que foi vivido. Esse deslocamento de aten\u00e7\u00e3o tem impacto direto no bem-estar emocional.<\/p>\n\n\n\n<p class=\"wp-block-paragraph\">Praticar gratid\u00e3o antes de dormir ajuda a reduzir pensamentos negativos recorrentes e contribui para uma percep\u00e7\u00e3o mais equilibrada da realidade. Com o tempo, esse h\u00e1bito influencia a forma como os dias s\u00e3o vividos e lembrados, fortalecendo uma mentalidade mais positiva e resiliente.<\/p>\n\n\n\n<h2 class=\"wp-block-heading\">Ora\u00e7\u00e3o da Noite e Libera\u00e7\u00e3o de Culpa e Frustra\u00e7\u00f5es<\/h2>\n\n\n\n<p class=\"wp-block-paragraph\">Muitas pessoas carregam para a noite sentimentos de culpa, arrependimento ou frustra\u00e7\u00e3o por decis\u00f5es tomadas ao longo do dia. Esses sentimentos, quando n\u00e3o elaborados, interferem no descanso e na sa\u00fade emocional. A ora\u00e7\u00e3o da noite oferece um espa\u00e7o seguro para reconhecer falhas sem julgamento excessivo.<\/p>\n\n\n\n<p class=\"wp-block-paragraph\">Ao refletir espiritualmente, a pessoa pode aceitar limites, perdoar a si mesma e liberar expectativas irreais. Esse processo de aceita\u00e7\u00e3o emocional contribui para uma rela\u00e7\u00e3o mais saud\u00e1vel consigo mesmo e facilita o descanso mental.<\/p>\n\n\n\n<h2 class=\"wp-block-heading\">Impacto da Ora\u00e7\u00e3o Noturna no Dia Seguinte<\/h2>\n\n\n\n<p class=\"wp-block-paragraph\">Os efeitos da ora\u00e7\u00e3o da noite n\u00e3o se limitam ao momento de dormir. Pessoas que encerram o dia em ora\u00e7\u00e3o tendem a acordar com maior sensa\u00e7\u00e3o de leveza emocional e clareza mental. Um sono mais tranquilo influencia diretamente o humor, a concentra\u00e7\u00e3o e a disposi\u00e7\u00e3o no dia seguinte.<\/p>\n\n\n\n<p class=\"wp-block-paragraph\">Al\u00e9m disso, a ora\u00e7\u00e3o noturna ajuda a encerrar ciclos emocionais, evitando que preocupa\u00e7\u00f5es do dia anterior se arrastem para a manh\u00e3 seguinte. Esse fechamento consciente contribui para uma rotina mais equilibrada e organizada emocionalmente.<\/p>\n\n\n\n<h2 class=\"wp-block-heading\">Como Criar o H\u00e1bito da Ora\u00e7\u00e3o da Noite<\/h2>\n\n\n\n<p class=\"wp-block-paragraph\">Criar o h\u00e1bito da ora\u00e7\u00e3o da noite envolve pequenas mudan\u00e7as na rotina. O ideal \u00e9 estabelecer um hor\u00e1rio fixo, pr\u00f3ximo ao momento de dormir, e reduzir est\u00edmulos externos, como luz intensa e uso de telas. Esse ambiente mais tranquilo favorece a concentra\u00e7\u00e3o e o relaxamento.<\/p>\n\n\n\n<p class=\"wp-block-paragraph\">A ora\u00e7\u00e3o pode ser feita de forma silenciosa ou verbal, espont\u00e2nea ou guiada. Algumas pessoas preferem incluir leituras espirituais ou momentos de sil\u00eancio. O formato \u00e9 menos importante do que a const\u00e2ncia e a inten\u00e7\u00e3o de encerrar o dia com consci\u00eancia.<\/p>\n\n\n\n<h2 class=\"wp-block-heading\">A Ora\u00e7\u00e3o da Noite em Diferentes Realidades<\/h2>\n\n\n\n<p class=\"wp-block-paragraph\">A ora\u00e7\u00e3o da noite pode ser adaptada a diferentes estilos de vida. Pessoas com rotinas intensas podem realizar ora\u00e7\u00f5es breves, focadas em gratid\u00e3o e entrega. Fam\u00edlias podem incluir momentos de ora\u00e7\u00e3o conjunta, fortalecendo v\u00ednculos emocionais antes do descanso.<\/p>\n\n\n\n<p class=\"wp-block-paragraph\">Independentemente do contexto, o objetivo permanece o mesmo: criar um espa\u00e7o de pausa e reflex\u00e3o que ajude a mente e o corpo a se desligarem gradualmente das demandas do dia.<\/p>\n\n\n\n<h2 class=\"wp-block-heading\">Limites e Equil\u00edbrio da Pr\u00e1tica Noturna<\/h2>\n\n\n\n<p class=\"wp-block-paragraph\">Embora a ora\u00e7\u00e3o da noite ofere\u00e7a benef\u00edcios significativos, \u00e9 importante n\u00e3o transform\u00e1-la em uma obriga\u00e7\u00e3o r\u00edgida ou fonte de culpa. A espiritualidade deve ser um apoio, n\u00e3o mais uma cobran\u00e7a. Em dias cansativos, uma ora\u00e7\u00e3o simples e sincera j\u00e1 \u00e9 suficiente.<\/p>\n\n\n\n<p class=\"wp-block-paragraph\">A pr\u00e1tica espiritual funciona melhor quando integrada de forma equilibrada \u00e0 rotina, respeitando limites f\u00edsicos e emocionais.<\/p>\n\n\n\n<h2 class=\"wp-block-heading\">A Ora\u00e7\u00e3o da Noite Como Ritual de Encerramento<\/h2>\n\n\n\n<p class=\"wp-block-paragraph\">Rituais ajudam o c\u00e9rebro a entender transi\u00e7\u00f5es. A ora\u00e7\u00e3o da noite atua como um ritual de encerramento do dia, sinalizando que \u00e9 hora de descansar. Esse ritual fortalece a rela\u00e7\u00e3o com o pr\u00f3prio tempo e contribui para uma rotina mais saud\u00e1vel e consciente.<\/p>\n\n\n\n<p class=\"wp-block-paragraph\">Com o tempo, esse h\u00e1bito cria uma associa\u00e7\u00e3o positiva entre ora\u00e7\u00e3o, relaxamento e descanso, tornando o processo de adormecer mais natural e tranquilo.<\/p>\n\n\n\n<h2 class=\"wp-block-heading\">Conclus\u00e3o<\/h2>\n\n\n\n<p class=\"wp-block-paragraph\">A ora\u00e7\u00e3o da noite \u00e9 uma pr\u00e1tica simples, mas profundamente eficaz para quem busca reduzir a ansiedade, melhorar a qualidade do sono e encerrar o dia com mais paz interior. Ao criar um espa\u00e7o de reflex\u00e3o, gratid\u00e3o e entrega, essa pr\u00e1tica ajuda a organizar emo\u00e7\u00f5es, acalmar a mente e preparar o corpo para o descanso.<\/p>\n\n\n\n<p class=\"wp-block-paragraph\">Em um mundo onde desligar se tornou dif\u00edcil, a ora\u00e7\u00e3o da noite oferece um caminho acess\u00edvel para reconex\u00e3o, equil\u00edbrio e bem-estar emocional. Ao incorpor\u00e1-la \u00e0 rotina, muitas pessoas descobrem que dormir melhor \u00e9 apenas uma das consequ\u00eancias de viver com mais consci\u00eancia e serenidade.<\/p>","protected":false},"excerpt":{"rendered":"<p>Introdu\u00e7\u00e3o O fim do dia costuma ser o momento em que a mente desacelera fisicamente, mas acelera emocionalmente. Pensamentos acumulados, preocupa\u00e7\u00f5es n\u00e3o resolvidas, di\u00e1logos internos repetitivos e ansiedade em rela\u00e7\u00e3o ao dia seguinte costumam surgir justamente quando o corpo pede descanso. Em um mundo marcado por excesso de est\u00edmulos e dificuldade de desligamento mental, muitas&hellip;&nbsp;<\/p>","protected":false},"author":1,"featured_media":3957,"comment_status":"closed","ping_status":"closed","sticky":false,"template":"","format":"standard","meta":{"neve_meta_sidebar":"","neve_meta_container":"","neve_meta_enable_content_width":"","neve_meta_content_width":0,"neve_meta_title_alignment":"","neve_meta_author_avatar":"","neve_post_elements_order":"","neve_meta_disable_header":"","neve_meta_disable_footer":"","neve_meta_disable_title":"","footnotes":""},"categories":[2],"tags":[],"class_list":["post-3956","post","type-post","status-publish","format-standard","has-post-thumbnail","hentry","category-oracao"],"yoast_head":"<!-- This site is optimized with the Yoast SEO plugin v28.4 - https:\/\/yoast.com\/product\/yoast-seo-wordpress\/ -->\n<title>Ora\u00e7\u00e3o da Noite: Como Encerrar o Dia em Ora\u00e7\u00e3o Ajuda a Reduzir a Ansiedade e Melhorar o Sono - Ora\u00e7\u00e3o e F\u00e9<\/title>\n<meta name=\"description\" content=\"Deus tem pra voc\u00ea uma palavra de vida!\" \/>\n<meta name=\"robots\" content=\"index, follow, max-snippet:-1, max-image-preview:large, max-video-preview:-1\" \/>\n<link rel=\"canonical\" href=\"https:\/\/www.oracaoefe.com\/fr\/oracao-da-noite-como-encerrar-o-dia-em-oracao-ajuda-a-reduzir-a-ansiedade-e-melhorar-o-sono\/\" \/>\n<meta property=\"og:locale\" content=\"fr_FR\" \/>\n<meta property=\"og:type\" content=\"article\" \/>\n<meta property=\"og:title\" content=\"Ora\u00e7\u00e3o da Noite: Como Encerrar o Dia em Ora\u00e7\u00e3o Ajuda a Reduzir a Ansiedade e Melhorar o Sono - Ora\u00e7\u00e3o e F\u00e9\" \/>\n<meta property=\"og:description\" content=\"Deus tem pra voc\u00ea uma palavra de vida!\" \/>\n<meta property=\"og:url\" content=\"https:\/\/www.oracaoefe.com\/fr\/oracao-da-noite-como-encerrar-o-dia-em-oracao-ajuda-a-reduzir-a-ansiedade-e-melhorar-o-sono\/\" \/>\n<meta property=\"og:site_name\" content=\"Ora\u00e7\u00e3o e F\u00e9\" \/>\n<meta property=\"article:published_time\" content=\"2026-01-24T23:49:33+00:00\" \/>\n<meta property=\"og:image\" content=\"https:\/\/www.oracaoefe.com\/wp-content\/uploads\/2025\/12\/oracao-da-noite.webp\" \/>\n\t<meta property=\"og:image:width\" content=\"1024\" \/>\n\t<meta property=\"og:image:height\" content=\"1024\" \/>\n\t<meta property=\"og:image:type\" content=\"image\/webp\" \/>\n<meta name=\"author\" content=\"Maria\" \/>\n<meta name=\"twitter:card\" content=\"summary_large_image\" \/>\n<meta name=\"twitter:label1\" content=\"\u00c9crit par\" \/>\n\t<meta name=\"twitter:data1\" content=\"Maria\" \/>\n\t<meta name=\"twitter:label2\" content=\"Dur\u00e9e de lecture estim\u00e9e\" \/>\n\t<meta name=\"twitter:data2\" content=\"7 minutes\" \/>\n<script type=\"application\/ld+json\" class=\"yoast-schema-graph\">{\"@context\":\"https:\\\/\\\/schema.org\",\"@graph\":[{\"@type\":\"Article\",\"@id\":\"https:\\\/\\\/www.oracaoefe.com\\\/oracao-da-noite-como-encerrar-o-dia-em-oracao-ajuda-a-reduzir-a-ansiedade-e-melhorar-o-sono\\\/#article\",\"isPartOf\":{\"@id\":\"https:\\\/\\\/www.oracaoefe.com\\\/oracao-da-noite-como-encerrar-o-dia-em-oracao-ajuda-a-reduzir-a-ansiedade-e-melhorar-o-sono\\\/\"},\"author\":{\"name\":\"Maria\",\"@id\":\"https:\\\/\\\/www.oracaoefe.com\\\/#\\\/schema\\\/person\\\/27873f1e6043866689f5091b5139f23d\"},\"headline\":\"Ora\u00e7\u00e3o da Noite: Como Encerrar o Dia em Ora\u00e7\u00e3o Ajuda a Reduzir a Ansiedade e Melhorar o Sono\",\"datePublished\":\"2026-01-24T23:49:33+00:00\",\"mainEntityOfPage\":{\"@id\":\"https:\\\/\\\/www.oracaoefe.com\\\/oracao-da-noite-como-encerrar-o-dia-em-oracao-ajuda-a-reduzir-a-ansiedade-e-melhorar-o-sono\\\/\"},\"wordCount\":1381,\"image\":{\"@id\":\"https:\\\/\\\/www.oracaoefe.com\\\/oracao-da-noite-como-encerrar-o-dia-em-oracao-ajuda-a-reduzir-a-ansiedade-e-melhorar-o-sono\\\/#primaryimage\"},\"thumbnailUrl\":\"https:\\\/\\\/www.oracaoefe.com\\\/wp-content\\\/uploads\\\/2025\\\/12\\\/oracao-da-noite.webp\",\"articleSection\":[\"Ora\u00e7\u00e3o\"],\"inLanguage\":\"fr-FR\"},{\"@type\":\"WebPage\",\"@id\":\"https:\\\/\\\/www.oracaoefe.com\\\/oracao-da-noite-como-encerrar-o-dia-em-oracao-ajuda-a-reduzir-a-ansiedade-e-melhorar-o-sono\\\/\",\"url\":\"https:\\\/\\\/www.oracaoefe.com\\\/oracao-da-noite-como-encerrar-o-dia-em-oracao-ajuda-a-reduzir-a-ansiedade-e-melhorar-o-sono\\\/\",\"name\":\"Ora\u00e7\u00e3o da Noite: Como Encerrar o Dia em Ora\u00e7\u00e3o Ajuda a Reduzir a Ansiedade e Melhorar o Sono - Ora\u00e7\u00e3o e F\u00e9\",\"isPartOf\":{\"@id\":\"https:\\\/\\\/www.oracaoefe.com\\\/#website\"},\"primaryImageOfPage\":{\"@id\":\"https:\\\/\\\/www.oracaoefe.com\\\/oracao-da-noite-como-encerrar-o-dia-em-oracao-ajuda-a-reduzir-a-ansiedade-e-melhorar-o-sono\\\/#primaryimage\"},\"image\":{\"@id\":\"https:\\\/\\\/www.oracaoefe.com\\\/oracao-da-noite-como-encerrar-o-dia-em-oracao-ajuda-a-reduzir-a-ansiedade-e-melhorar-o-sono\\\/#primaryimage\"},\"thumbnailUrl\":\"https:\\\/\\\/www.oracaoefe.com\\\/wp-content\\\/uploads\\\/2025\\\/12\\\/oracao-da-noite.webp\",\"datePublished\":\"2026-01-24T23:49:33+00:00\",\"author\":{\"@id\":\"https:\\\/\\\/www.oracaoefe.com\\\/#\\\/schema\\\/person\\\/27873f1e6043866689f5091b5139f23d\"},\"description\":\"Deus tem pra voc\u00ea uma palavra de vida!\",\"breadcrumb\":{\"@id\":\"https:\\\/\\\/www.oracaoefe.com\\\/oracao-da-noite-como-encerrar-o-dia-em-oracao-ajuda-a-reduzir-a-ansiedade-e-melhorar-o-sono\\\/#breadcrumb\"},\"inLanguage\":\"fr-FR\",\"potentialAction\":[{\"@type\":\"ReadAction\",\"target\":[\"https:\\\/\\\/www.oracaoefe.com\\\/oracao-da-noite-como-encerrar-o-dia-em-oracao-ajuda-a-reduzir-a-ansiedade-e-melhorar-o-sono\\\/\"]}]},{\"@type\":\"ImageObject\",\"inLanguage\":\"fr-FR\",\"@id\":\"https:\\\/\\\/www.oracaoefe.com\\\/oracao-da-noite-como-encerrar-o-dia-em-oracao-ajuda-a-reduzir-a-ansiedade-e-melhorar-o-sono\\\/#primaryimage\",\"url\":\"https:\\\/\\\/www.oracaoefe.com\\\/wp-content\\\/uploads\\\/2025\\\/12\\\/oracao-da-noite.webp\",\"contentUrl\":\"https:\\\/\\\/www.oracaoefe.com\\\/wp-content\\\/uploads\\\/2025\\\/12\\\/oracao-da-noite.webp\",\"width\":1024,\"height\":1024},{\"@type\":\"BreadcrumbList\",\"@id\":\"https:\\\/\\\/www.oracaoefe.com\\\/oracao-da-noite-como-encerrar-o-dia-em-oracao-ajuda-a-reduzir-a-ansiedade-e-melhorar-o-sono\\\/#breadcrumb\",\"itemListElement\":[{\"@type\":\"ListItem\",\"position\":1,\"name\":\"Home\",\"item\":\"https:\\\/\\\/www.oracaoefe.com\\\/\"},{\"@type\":\"ListItem\",\"position\":2,\"name\":\"Ora\u00e7\u00e3o\",\"item\":\"https:\\\/\\\/www.oracaoefe.com\\\/category\\\/oracao\\\/\"},{\"@type\":\"ListItem\",\"position\":3,\"name\":\"Ora\u00e7\u00e3o da Noite: Como Encerrar o Dia em Ora\u00e7\u00e3o Ajuda a Reduzir a Ansiedade e Melhorar o Sono\"}]},{\"@type\":\"WebSite\",\"@id\":\"https:\\\/\\\/www.oracaoefe.com\\\/#website\",\"url\":\"https:\\\/\\\/www.oracaoefe.com\\\/\",\"name\":\"Ora\u00e7\u00e3o e F\u00e9\",\"description\":\"\",\"potentialAction\":[{\"@type\":\"SearchAction\",\"target\":{\"@type\":\"EntryPoint\",\"urlTemplate\":\"https:\\\/\\\/www.oracaoefe.com\\\/?s={search_term_string}\"},\"query-input\":{\"@type\":\"PropertyValueSpecification\",\"valueRequired\":true,\"valueName\":\"search_term_string\"}}],\"inLanguage\":\"fr-FR\"},{\"@type\":\"Person\",\"@id\":\"https:\\\/\\\/www.oracaoefe.com\\\/#\\\/schema\\\/person\\\/27873f1e6043866689f5091b5139f23d\",\"name\":\"Maria\",\"image\":{\"@type\":\"ImageObject\",\"inLanguage\":\"fr-FR\",\"@id\":\"https:\\\/\\\/secure.gravatar.com\\\/avatar\\\/4cac5ea56d40d599bd7348d330a83b1c84cd229296d1613cd1c7f6740561d0c9?s=96&d=mm&r=g\",\"url\":\"https:\\\/\\\/secure.gravatar.com\\\/avatar\\\/4cac5ea56d40d599bd7348d330a83b1c84cd229296d1613cd1c7f6740561d0c9?s=96&d=mm&r=g\",\"contentUrl\":\"https:\\\/\\\/secure.gravatar.com\\\/avatar\\\/4cac5ea56d40d599bd7348d330a83b1c84cd229296d1613cd1c7f6740561d0c9?s=96&d=mm&r=g\",\"caption\":\"Maria\"},\"description\":\"Meu nome \u00e9 Maria e sou apaixonada por teologia, espiritualidade e estudos religiosos. H\u00e1 mais de 5 anos escrevo sobre o universo da f\u00e9, pesquisando diferentes religi\u00f5es, doutrinas, tradi\u00e7\u00f5es espirituais e curiosidades religiosas ao redor do mundo. Tenho grande interesse em compreender como a f\u00e9 e a religiosidade se manifestam em diferentes culturas, pa\u00edses e idiomas, sempre buscando aprender mais sobre os costumes, cren\u00e7as e hist\u00f3rias que influenciam milh\u00f5es de pessoas diariamente. Atualmente, atuo como redatora no portal Ora\u00e7\u00e3o e F\u00e9, onde compartilho conte\u00fados informativos, reflexivos e inspiradores voltados ao universo religioso e espiritual. Meu objetivo \u00e9 levar conhecimento, curiosidades e mensagens enriquecedoras para leitores que desejam aprofundar sua compreens\u00e3o sobre f\u00e9, religi\u00e3o e espiritualidade no mundo moderno.\",\"sameAs\":[\"https:\\\/\\\/www.oracaoefe.com\"],\"url\":\"https:\\\/\\\/www.oracaoefe.com\\\/fr\\\/author\\\/admin\\\/\"}]}<\/script>\n<!-- \/ Yoast SEO plugin. -->","yoast_head_json":{"title":"Ora\u00e7\u00e3o da Noite: Como Encerrar o Dia em Ora\u00e7\u00e3o Ajuda a Reduzir a Ansiedade e Melhorar o Sono - Ora\u00e7\u00e3o e F\u00e9","description":"Dieu a une parole de vie pour vous !","robots":{"index":"index","follow":"follow","max-snippet":"max-snippet:-1","max-image-preview":"max-image-preview:large","max-video-preview":"max-video-preview:-1"},"canonical":"https:\/\/www.oracaoefe.com\/fr\/oracao-da-noite-como-encerrar-o-dia-em-oracao-ajuda-a-reduzir-a-ansiedade-e-melhorar-o-sono\/","og_locale":"fr_FR","og_type":"article","og_title":"Ora\u00e7\u00e3o da Noite: Como Encerrar o Dia em Ora\u00e7\u00e3o Ajuda a Reduzir a Ansiedade e Melhorar o Sono - Ora\u00e7\u00e3o e F\u00e9","og_description":"Deus tem pra voc\u00ea uma palavra de vida!","og_url":"https:\/\/www.oracaoefe.com\/fr\/oracao-da-noite-como-encerrar-o-dia-em-oracao-ajuda-a-reduzir-a-ansiedade-e-melhorar-o-sono\/","og_site_name":"Ora\u00e7\u00e3o e F\u00e9","article_published_time":"2026-01-24T23:49:33+00:00","og_image":[{"width":1024,"height":1024,"url":"https:\/\/www.oracaoefe.com\/wp-content\/uploads\/2025\/12\/oracao-da-noite.webp","type":"image\/webp"}],"author":"Maria","twitter_card":"summary_large_image","twitter_misc":{"\u00c9crit par":"Maria","Dur\u00e9e de lecture estim\u00e9e":"7 minutes"},"schema":{"@context":"https:\/\/schema.org","@graph":[{"@type":"Article","@id":"https:\/\/www.oracaoefe.com\/oracao-da-noite-como-encerrar-o-dia-em-oracao-ajuda-a-reduzir-a-ansiedade-e-melhorar-o-sono\/#article","isPartOf":{"@id":"https:\/\/www.oracaoefe.com\/oracao-da-noite-como-encerrar-o-dia-em-oracao-ajuda-a-reduzir-a-ansiedade-e-melhorar-o-sono\/"},"author":{"name":"Maria","@id":"https:\/\/www.oracaoefe.com\/#\/schema\/person\/27873f1e6043866689f5091b5139f23d"},"headline":"Ora\u00e7\u00e3o da Noite: Como Encerrar o Dia em Ora\u00e7\u00e3o Ajuda a Reduzir a Ansiedade e Melhorar o Sono","datePublished":"2026-01-24T23:49:33+00:00","mainEntityOfPage":{"@id":"https:\/\/www.oracaoefe.com\/oracao-da-noite-como-encerrar-o-dia-em-oracao-ajuda-a-reduzir-a-ansiedade-e-melhorar-o-sono\/"},"wordCount":1381,"image":{"@id":"https:\/\/www.oracaoefe.com\/oracao-da-noite-como-encerrar-o-dia-em-oracao-ajuda-a-reduzir-a-ansiedade-e-melhorar-o-sono\/#primaryimage"},"thumbnailUrl":"https:\/\/www.oracaoefe.com\/wp-content\/uploads\/2025\/12\/oracao-da-noite.webp","articleSection":["Ora\u00e7\u00e3o"],"inLanguage":"fr-FR"},{"@type":"WebPage","@id":"https:\/\/www.oracaoefe.com\/oracao-da-noite-como-encerrar-o-dia-em-oracao-ajuda-a-reduzir-a-ansiedade-e-melhorar-o-sono\/","url":"https:\/\/www.oracaoefe.com\/oracao-da-noite-como-encerrar-o-dia-em-oracao-ajuda-a-reduzir-a-ansiedade-e-melhorar-o-sono\/","name":"Ora\u00e7\u00e3o da Noite: Como Encerrar o Dia em Ora\u00e7\u00e3o Ajuda a Reduzir a Ansiedade e Melhorar o Sono - Ora\u00e7\u00e3o e F\u00e9","isPartOf":{"@id":"https:\/\/www.oracaoefe.com\/#website"},"primaryImageOfPage":{"@id":"https:\/\/www.oracaoefe.com\/oracao-da-noite-como-encerrar-o-dia-em-oracao-ajuda-a-reduzir-a-ansiedade-e-melhorar-o-sono\/#primaryimage"},"image":{"@id":"https:\/\/www.oracaoefe.com\/oracao-da-noite-como-encerrar-o-dia-em-oracao-ajuda-a-reduzir-a-ansiedade-e-melhorar-o-sono\/#primaryimage"},"thumbnailUrl":"https:\/\/www.oracaoefe.com\/wp-content\/uploads\/2025\/12\/oracao-da-noite.webp","datePublished":"2026-01-24T23:49:33+00:00","author":{"@id":"https:\/\/www.oracaoefe.com\/#\/schema\/person\/27873f1e6043866689f5091b5139f23d"},"description":"Dieu a une parole de vie pour vous !","breadcrumb":{"@id":"https:\/\/www.oracaoefe.com\/oracao-da-noite-como-encerrar-o-dia-em-oracao-ajuda-a-reduzir-a-ansiedade-e-melhorar-o-sono\/#breadcrumb"},"inLanguage":"fr-FR","potentialAction":[{"@type":"ReadAction","target":["https:\/\/www.oracaoefe.com\/oracao-da-noite-como-encerrar-o-dia-em-oracao-ajuda-a-reduzir-a-ansiedade-e-melhorar-o-sono\/"]}]},{"@type":"ImageObject","inLanguage":"fr-FR","@id":"https:\/\/www.oracaoefe.com\/oracao-da-noite-como-encerrar-o-dia-em-oracao-ajuda-a-reduzir-a-ansiedade-e-melhorar-o-sono\/#primaryimage","url":"https:\/\/www.oracaoefe.com\/wp-content\/uploads\/2025\/12\/oracao-da-noite.webp","contentUrl":"https:\/\/www.oracaoefe.com\/wp-content\/uploads\/2025\/12\/oracao-da-noite.webp","width":1024,"height":1024},{"@type":"BreadcrumbList","@id":"https:\/\/www.oracaoefe.com\/oracao-da-noite-como-encerrar-o-dia-em-oracao-ajuda-a-reduzir-a-ansiedade-e-melhorar-o-sono\/#breadcrumb","itemListElement":[{"@type":"ListItem","position":1,"name":"Home","item":"https:\/\/www.oracaoefe.com\/"},{"@type":"ListItem","position":2,"name":"Ora\u00e7\u00e3o","item":"https:\/\/www.oracaoefe.com\/category\/oracao\/"},{"@type":"ListItem","position":3,"name":"Ora\u00e7\u00e3o da Noite: Como Encerrar o Dia em Ora\u00e7\u00e3o Ajuda a Reduzir a Ansiedade e Melhorar o Sono"}]},{"@type":"WebSite","@id":"https:\/\/www.oracaoefe.com\/#website","url":"https:\/\/www.oracaoefe.com\/","name":"Pri\u00e8re et foi","description":"","potentialAction":[{"@type":"SearchAction","target":{"@type":"EntryPoint","urlTemplate":"https:\/\/www.oracaoefe.com\/?s={search_term_string}"},"query-input":{"@type":"PropertyValueSpecification","valueRequired":true,"valueName":"search_term_string"}}],"inLanguage":"fr-FR"},{"@type":"Person","@id":"https:\/\/www.oracaoefe.com\/#\/schema\/person\/27873f1e6043866689f5091b5139f23d","name":"Maria","image":{"@type":"ImageObject","inLanguage":"fr-FR","@id":"https:\/\/secure.gravatar.com\/avatar\/4cac5ea56d40d599bd7348d330a83b1c84cd229296d1613cd1c7f6740561d0c9?s=96&d=mm&r=g","url":"https:\/\/secure.gravatar.com\/avatar\/4cac5ea56d40d599bd7348d330a83b1c84cd229296d1613cd1c7f6740561d0c9?s=96&d=mm&r=g","contentUrl":"https:\/\/secure.gravatar.com\/avatar\/4cac5ea56d40d599bd7348d330a83b1c84cd229296d1613cd1c7f6740561d0c9?s=96&d=mm&r=g","caption":"Maria"},"description":"Meu nome \u00e9 Maria e sou apaixonada por teologia, espiritualidade e estudos religiosos. H\u00e1 mais de 5 anos escrevo sobre o universo da f\u00e9, pesquisando diferentes religi\u00f5es, doutrinas, tradi\u00e7\u00f5es espirituais e curiosidades religiosas ao redor do mundo. Tenho grande interesse em compreender como a f\u00e9 e a religiosidade se manifestam em diferentes culturas, pa\u00edses e idiomas, sempre buscando aprender mais sobre os costumes, cren\u00e7as e hist\u00f3rias que influenciam milh\u00f5es de pessoas diariamente. Atualmente, atuo como redatora no portal Ora\u00e7\u00e3o e F\u00e9, onde compartilho conte\u00fados informativos, reflexivos e inspiradores voltados ao universo religioso e espiritual. Meu objetivo \u00e9 levar conhecimento, curiosidades e mensagens enriquecedoras para leitores que desejam aprofundar sua compreens\u00e3o sobre f\u00e9, religi\u00e3o e espiritualidade no mundo moderno.","sameAs":["https:\/\/www.oracaoefe.com"],"url":"https:\/\/www.oracaoefe.com\/fr\/author\/admin\/"}]}},"_links":{"self":[{"href":"https:\/\/www.oracaoefe.com\/fr\/wp-json\/wp\/v2\/posts\/3956","targetHints":{"allow":["GET"]}}],"collection":[{"href":"https:\/\/www.oracaoefe.com\/fr\/wp-json\/wp\/v2\/posts"}],"about":[{"href":"https:\/\/www.oracaoefe.com\/fr\/wp-json\/wp\/v2\/types\/post"}],"author":[{"embeddable":true,"href":"https:\/\/www.oracaoefe.com\/fr\/wp-json\/wp\/v2\/users\/1"}],"replies":[{"embeddable":true,"href":"https:\/\/www.oracaoefe.com\/fr\/wp-json\/wp\/v2\/comments?post=3956"}],"version-history":[{"count":1,"href":"https:\/\/www.oracaoefe.com\/fr\/wp-json\/wp\/v2\/posts\/3956\/revisions"}],"predecessor-version":[{"id":3958,"href":"https:\/\/www.oracaoefe.com\/fr\/wp-json\/wp\/v2\/posts\/3956\/revisions\/3958"}],"wp:featuredmedia":[{"embeddable":true,"href":"https:\/\/www.oracaoefe.com\/fr\/wp-json\/wp\/v2\/media\/3957"}],"wp:attachment":[{"href":"https:\/\/www.oracaoefe.com\/fr\/wp-json\/wp\/v2\/media?parent=3956"}],"wp:term":[{"taxonomy":"category","embeddable":true,"href":"https:\/\/www.oracaoefe.com\/fr\/wp-json\/wp\/v2\/categories?post=3956"},{"taxonomy":"post_tag","embeddable":true,"href":"https:\/\/www.oracaoefe.com\/fr\/wp-json\/wp\/v2\/tags?post=3956"}],"curies":[{"name":"wp","href":"https:\/\/api.w.org\/{rel}","templated":true}]}}