{"id":3953,"date":"2025-12-16T20:49:26","date_gmt":"2025-12-16T23:49:26","guid":{"rendered":"https:\/\/www.oracaoefe.com\/?p=3953"},"modified":"2025-12-16T20:49:27","modified_gmt":"2025-12-16T23:49:27","slug":"oracao-da-manha-por-que-comecar-o-dia-em-oracao-pode-transformar-sua-vida","status":"publish","type":"post","link":"https:\/\/www.oracaoefe.com\/fr\/oracao-da-manha-por-que-comecar-o-dia-em-oracao-pode-transformar-sua-vida\/","title":{"rendered":"Ora\u00e7\u00e3o da Manh\u00e3: Por Que Come\u00e7ar o Dia em Ora\u00e7\u00e3o Pode Transformar Sua Vida"},"content":{"rendered":"<h2 class=\"wp-block-heading\">Introdu\u00e7\u00e3o<\/h2>\n\n\n\n<p class=\"wp-block-paragraph\">A forma como o dia come\u00e7a influencia diretamente tudo o que vem depois. Pensamentos, emo\u00e7\u00f5es e decis\u00f5es tomadas logo nas primeiras horas da manh\u00e3 costumam definir o ritmo, o humor e at\u00e9 a produtividade ao longo do dia. Em meio a uma rotina cada vez mais acelerada, marcada por notifica\u00e7\u00f5es constantes, pressa e excesso de est\u00edmulos, muitas pessoas t\u00eam buscado pr\u00e1ticas que ajudem a come\u00e7ar o dia com mais clareza, equil\u00edbrio e prop\u00f3sito. Nesse contexto, a ora\u00e7\u00e3o da manh\u00e3 tem se destacado como uma das pr\u00e1ticas espirituais mais antigas e, ao mesmo tempo, mais atuais.<\/p>\n\n\n\n<p class=\"wp-block-paragraph\">Este artigo explora o significado da ora\u00e7\u00e3o da manh\u00e3, seus benef\u00edcios espirituais e emocionais, como essa pr\u00e1tica influencia a mente e o comportamento ao longo do dia e por que tantas pessoas relatam mudan\u00e7as profundas ao adotar o h\u00e1bito de orar logo ao acordar.<\/p>\n\n\n\n<h2 class=\"wp-block-heading\">O Significado da Ora\u00e7\u00e3o da Manh\u00e3<\/h2>\n\n\n\n<p class=\"wp-block-paragraph\">A ora\u00e7\u00e3o da manh\u00e3 \u00e9 uma pr\u00e1tica espiritual realizada no in\u00edcio do dia com o objetivo de alinhar pensamentos, emo\u00e7\u00f5es e inten\u00e7\u00f5es antes das atividades cotidianas. Diferente de pedidos feitos em momentos de crise, essa ora\u00e7\u00e3o tem um car\u00e1ter preventivo e orientador. Ela n\u00e3o surge da urg\u00eancia, mas da escolha consciente de come\u00e7ar o dia em conex\u00e3o espiritual.<\/p>\n\n\n\n<p class=\"wp-block-paragraph\">Historicamente, diversas tradi\u00e7\u00f5es religiosas incentivam a ora\u00e7\u00e3o matinal como forma de consagra\u00e7\u00e3o do dia, agradecimento pela vida e busca de dire\u00e7\u00e3o. Mesmo fora de contextos religiosos formais, muitas pessoas utilizam a ora\u00e7\u00e3o da manh\u00e3 como um momento de reflex\u00e3o, sil\u00eancio e fortalecimento interior.<\/p>\n\n\n\n<h2 class=\"wp-block-heading\">Por Que Orar Pela Manh\u00e3 Faz Diferen\u00e7a<\/h2>\n\n\n\n<p class=\"wp-block-paragraph\">Orar pela manh\u00e3 influencia diretamente o estado mental e emocional com o qual a pessoa enfrenta o dia. Ao acordar, a mente ainda n\u00e3o est\u00e1 completamente envolvida com preocupa\u00e7\u00f5es, demandas externas e press\u00f5es sociais. Esse momento de maior receptividade favorece a introspec\u00e7\u00e3o e a assimila\u00e7\u00e3o de pensamentos positivos e intencionais.<\/p>\n\n\n\n<p class=\"wp-block-paragraph\">A ora\u00e7\u00e3o da manh\u00e3 ajuda a reduzir a ansiedade antecipat\u00f3ria, comum quando o dia come\u00e7a j\u00e1 carregado de preocupa\u00e7\u00f5es. Em vez de reagir automaticamente aos desafios previstos, a pessoa passa a enfrent\u00e1-los com mais serenidade, clareza e equil\u00edbrio emocional.<\/p>\n\n\n\n<h2 class=\"wp-block-heading\">Benef\u00edcios Emocionais da Ora\u00e7\u00e3o Matinal<\/h2>\n\n\n\n<p class=\"wp-block-paragraph\">Entre os principais benef\u00edcios emocionais da ora\u00e7\u00e3o da manh\u00e3 est\u00e1 a sensa\u00e7\u00e3o de estabilidade interior. Ao reservar alguns minutos para a espiritualidade, o indiv\u00edduo cria um espa\u00e7o de pausa que contrasta com a correria habitual. Esse espa\u00e7o permite organizar emo\u00e7\u00f5es, reconhecer sentimentos e estabelecer prioridades internas antes de lidar com est\u00edmulos externos.<\/p>\n\n\n\n<p class=\"wp-block-paragraph\">A pr\u00e1tica regular da ora\u00e7\u00e3o matinal tamb\u00e9m est\u00e1 associada \u00e0 redu\u00e7\u00e3o do estresse, ao aumento da sensa\u00e7\u00e3o de gratid\u00e3o e ao fortalecimento da confian\u00e7a. Pessoas que oram pela manh\u00e3 relatam maior capacidade de lidar com imprevistos e frustra\u00e7\u00f5es ao longo do dia, pois come\u00e7am a rotina com uma base emocional mais s\u00f3lida.<\/p>\n\n\n\n<h2 class=\"wp-block-heading\">Ora\u00e7\u00e3o da Manh\u00e3 e Clareza Mental<\/h2>\n\n\n\n<p class=\"wp-block-paragraph\">Al\u00e9m dos benef\u00edcios emocionais, a ora\u00e7\u00e3o da manh\u00e3 contribui para a clareza mental. Ao orar, a pessoa direciona a aten\u00e7\u00e3o para o momento presente, afastando pensamentos dispersos e preocupa\u00e7\u00f5es excessivas. Esse foco favorece uma mentalidade mais organizada e consciente, impactando positivamente a tomada de decis\u00f5es.<\/p>\n\n\n\n<p class=\"wp-block-paragraph\">A clareza mental adquirida na ora\u00e7\u00e3o matinal ajuda a evitar rea\u00e7\u00f5es impulsivas, melhora a concentra\u00e7\u00e3o e facilita a defini\u00e7\u00e3o de objetivos di\u00e1rios. Em vez de come\u00e7ar o dia no modo autom\u00e1tico, a pessoa assume uma postura mais ativa e intencional diante das tarefas e desafios.<\/p>\n\n\n\n<h2 class=\"wp-block-heading\">A Ora\u00e7\u00e3o da Manh\u00e3 Como Ato de Gratid\u00e3o<\/h2>\n\n\n\n<p class=\"wp-block-paragraph\">Um dos elementos centrais da ora\u00e7\u00e3o da manh\u00e3 \u00e9 a gratid\u00e3o. Reconhecer a vida, a sa\u00fade, as oportunidades e at\u00e9 mesmo os desafios como parte da experi\u00eancia humana contribui para uma vis\u00e3o mais equilibrada da realidade. A gratid\u00e3o expressa logo ao acordar influencia a forma como o restante do dia \u00e9 percebido.<\/p>\n\n\n\n<p class=\"wp-block-paragraph\">Estudos em psicologia positiva indicam que pr\u00e1ticas regulares de gratid\u00e3o est\u00e3o associadas a maior bem-estar emocional, menor incid\u00eancia de pensamentos negativos e maior satisfa\u00e7\u00e3o com a vida. A ora\u00e7\u00e3o da manh\u00e3, ao incluir agradecimentos, potencializa esses efeitos de forma natural e espiritual.<\/p>\n\n\n\n<h2 class=\"wp-block-heading\">O Impacto da Ora\u00e7\u00e3o Matinal no Comportamento Di\u00e1rio<\/h2>\n\n\n\n<p class=\"wp-block-paragraph\">A ora\u00e7\u00e3o da manh\u00e3 n\u00e3o se limita ao momento em que \u00e9 realizada. Seus efeitos se estendem ao longo do dia, influenciando comportamentos, rea\u00e7\u00f5es e escolhas. Pessoas que iniciam o dia em ora\u00e7\u00e3o tendem a demonstrar mais paci\u00eancia, empatia e autocontrole em situa\u00e7\u00f5es desafiadoras.<\/p>\n\n\n\n<p class=\"wp-block-paragraph\">Essa influ\u00eancia ocorre porque a ora\u00e7\u00e3o estabelece uma inten\u00e7\u00e3o clara para o dia. Ao alinhar valores e prop\u00f3sito logo pela manh\u00e3, o indiv\u00edduo cria um referencial interno que orienta suas atitudes, mesmo em contextos de press\u00e3o ou conflito.<\/p>\n\n\n\n<h2 class=\"wp-block-heading\">Ora\u00e7\u00e3o da Manh\u00e3 e Disciplina Espiritual<\/h2>\n\n\n\n<p class=\"wp-block-paragraph\">Adotar a ora\u00e7\u00e3o da manh\u00e3 como h\u00e1bito exige disciplina, especialmente em uma rotina marcada por compromissos e pressa. No entanto, essa disciplina espiritual gera benef\u00edcios cumulativos ao longo do tempo. Quanto mais consistente a pr\u00e1tica, maior tende a ser a percep\u00e7\u00e3o de seus efeitos positivos.<\/p>\n\n\n\n<p class=\"wp-block-paragraph\">A disciplina da ora\u00e7\u00e3o matinal n\u00e3o deve ser encarada como obriga\u00e7\u00e3o r\u00edgida, mas como um compromisso consigo mesmo. Mesmo poucos minutos dedicados \u00e0 espiritualidade j\u00e1 s\u00e3o suficientes para gerar impacto, desde que realizados com aten\u00e7\u00e3o e inten\u00e7\u00e3o.<\/p>\n\n\n\n<h2 class=\"wp-block-heading\">Como Criar o H\u00e1bito da Ora\u00e7\u00e3o da Manh\u00e3<\/h2>\n\n\n\n<p class=\"wp-block-paragraph\">Criar o h\u00e1bito da ora\u00e7\u00e3o da manh\u00e3 come\u00e7a com escolhas simples. Definir um hor\u00e1rio fixo, ainda que curto, ajuda a integrar a pr\u00e1tica \u00e0 rotina. Muitas pessoas optam por orar logo ao acordar, antes de acessar o celular ou iniciar atividades externas.<\/p>\n\n\n\n<p class=\"wp-block-paragraph\">Outro ponto importante \u00e9 encontrar um ambiente tranquilo, onde seja poss\u00edvel manter alguns minutos de sil\u00eancio e concentra\u00e7\u00e3o. A ora\u00e7\u00e3o pode ser espont\u00e2nea ou guiada, verbal ou silenciosa, conforme a prefer\u00eancia pessoal. O mais importante \u00e9 a const\u00e2ncia, n\u00e3o a forma.<\/p>\n\n\n\n<h2 class=\"wp-block-heading\">A Ora\u00e7\u00e3o da Manh\u00e3 em Diferentes Estilos de Vida<\/h2>\n\n\n\n<p class=\"wp-block-paragraph\">A ora\u00e7\u00e3o da manh\u00e3 pode ser adaptada a diferentes estilos de vida e contextos. Pessoas com rotinas intensas podem realizar ora\u00e7\u00f5es breves, focadas em gratid\u00e3o e orienta\u00e7\u00e3o. J\u00e1 quem disp\u00f5e de mais tempo pode incluir leituras espirituais, momentos de sil\u00eancio e reflex\u00f5es mais profundas.<\/p>\n\n\n\n<p class=\"wp-block-paragraph\">Independentemente do formato, a ess\u00eancia da ora\u00e7\u00e3o da manh\u00e3 permanece a mesma: alinhar o interior antes de enfrentar o exterior. Essa flexibilidade torna a pr\u00e1tica acess\u00edvel a qualquer pessoa, independentemente de idade, profiss\u00e3o ou contexto social.<\/p>\n\n\n\n<h2 class=\"wp-block-heading\">Limites e Equil\u00edbrio na Pr\u00e1tica Espiritual<\/h2>\n\n\n\n<p class=\"wp-block-paragraph\">Embora a ora\u00e7\u00e3o da manh\u00e3 ofere\u00e7a muitos benef\u00edcios, \u00e9 importante mant\u00ea-la em equil\u00edbrio com outras \u00e1reas da vida. A espiritualidade n\u00e3o substitui responsabilidades pr\u00e1ticas, cuidados com a sa\u00fade ou decis\u00f5es conscientes. Ela atua como suporte emocional e espiritual, n\u00e3o como fuga da realidade.<\/p>\n\n\n\n<p class=\"wp-block-paragraph\">Quando vivida de forma saud\u00e1vel, a ora\u00e7\u00e3o fortalece a capacidade de agir com responsabilidade, clareza e prop\u00f3sito ao longo do dia.<\/p>\n\n\n\n<h2 class=\"wp-block-heading\">A Ora\u00e7\u00e3o da Manh\u00e3 Como Fundamento de uma Vida Mais Consciente<\/h2>\n\n\n\n<p class=\"wp-block-paragraph\">Com o passar do tempo, a ora\u00e7\u00e3o da manh\u00e3 tende a se tornar mais do que um h\u00e1bito isolado. Ela passa a estruturar a forma como a pessoa se relaciona com o tempo, os desafios e as pr\u00f3prias emo\u00e7\u00f5es. Esse fundamento espiritual contribui para uma vida mais consciente, equilibrada e alinhada com valores internos.<\/p>\n\n\n\n<p class=\"wp-block-paragraph\">Iniciar o dia em ora\u00e7\u00e3o ajuda a lembrar que nem tudo precisa ser resolvido imediatamente e que \u00e9 poss\u00edvel atravessar o cotidiano com mais serenidade, mesmo em meio \u00e0s press\u00f5es modernas.<\/p>\n\n\n\n<h2 class=\"wp-block-heading\">Conclus\u00e3o<\/h2>\n\n\n\n<p class=\"wp-block-paragraph\">A ora\u00e7\u00e3o da manh\u00e3 \u00e9 uma pr\u00e1tica simples, mas profundamente transformadora. Ao come\u00e7ar o dia em conex\u00e3o espiritual, o indiv\u00edduo estabelece uma base emocional e mental que influencia positivamente pensamentos, atitudes e decis\u00f5es ao longo da rotina. Em um mundo marcado por pressa e distra\u00e7\u00e3o, esse momento de pausa e reflex\u00e3o se torna ainda mais valioso.<\/p>\n\n\n\n<p class=\"wp-block-paragraph\">Mais do que uma tradi\u00e7\u00e3o religiosa, a ora\u00e7\u00e3o da manh\u00e3 \u00e9 um convite di\u00e1rio ao equil\u00edbrio, \u00e0 gratid\u00e3o e \u00e0 consci\u00eancia. Ao incorpor\u00e1-la \u00e0 rotina, muitas pessoas descobrem que n\u00e3o apenas o dia muda, mas tamb\u00e9m a forma de viver a vida como um todo.<\/p>","protected":false},"excerpt":{"rendered":"<p>Introdu\u00e7\u00e3o A forma como o dia come\u00e7a influencia diretamente tudo o que vem depois. Pensamentos, emo\u00e7\u00f5es e decis\u00f5es tomadas logo nas primeiras horas da manh\u00e3 costumam definir o ritmo, o humor e at\u00e9 a produtividade ao longo do dia. Em meio a uma rotina cada vez mais acelerada, marcada por notifica\u00e7\u00f5es constantes, pressa e excesso&hellip;&nbsp;<\/p>","protected":false},"author":1,"featured_media":3954,"comment_status":"closed","ping_status":"closed","sticky":false,"template":"","format":"standard","meta":{"neve_meta_sidebar":"","neve_meta_container":"","neve_meta_enable_content_width":"","neve_meta_content_width":0,"neve_meta_title_alignment":"","neve_meta_author_avatar":"","neve_post_elements_order":"","neve_meta_disable_header":"","neve_meta_disable_footer":"","neve_meta_disable_title":"","footnotes":""},"categories":[2],"tags":[],"class_list":["post-3953","post","type-post","status-publish","format-standard","has-post-thumbnail","hentry","category-oracao"],"yoast_head":"<!-- This site is optimized with the Yoast SEO plugin v28.4 - https:\/\/yoast.com\/product\/yoast-seo-wordpress\/ -->\n<title>Ora\u00e7\u00e3o da Manh\u00e3: Por Que Come\u00e7ar o Dia em Ora\u00e7\u00e3o Pode Transformar Sua Vida - Ora\u00e7\u00e3o e F\u00e9<\/title>\n<meta name=\"description\" content=\"Deus tem pra voc\u00ea uma palavra de vida!\" \/>\n<meta name=\"robots\" content=\"index, follow, max-snippet:-1, max-image-preview:large, max-video-preview:-1\" \/>\n<link rel=\"canonical\" href=\"https:\/\/www.oracaoefe.com\/fr\/oracao-da-manha-por-que-comecar-o-dia-em-oracao-pode-transformar-sua-vida\/\" \/>\n<meta property=\"og:locale\" content=\"fr_FR\" \/>\n<meta property=\"og:type\" content=\"article\" \/>\n<meta property=\"og:title\" content=\"Ora\u00e7\u00e3o da Manh\u00e3: Por Que Come\u00e7ar o Dia em Ora\u00e7\u00e3o Pode Transformar Sua Vida - Ora\u00e7\u00e3o e F\u00e9\" \/>\n<meta property=\"og:description\" content=\"Deus tem pra voc\u00ea uma palavra de vida!\" \/>\n<meta property=\"og:url\" content=\"https:\/\/www.oracaoefe.com\/fr\/oracao-da-manha-por-que-comecar-o-dia-em-oracao-pode-transformar-sua-vida\/\" \/>\n<meta property=\"og:site_name\" content=\"Ora\u00e7\u00e3o e F\u00e9\" \/>\n<meta property=\"article:published_time\" content=\"2025-12-16T23:49:26+00:00\" \/>\n<meta property=\"article:modified_time\" content=\"2025-12-16T23:49:27+00:00\" \/>\n<meta property=\"og:image\" content=\"https:\/\/www.oracaoefe.com\/wp-content\/uploads\/2025\/12\/oracao-da-manha.webp\" \/>\n\t<meta property=\"og:image:width\" content=\"1024\" \/>\n\t<meta property=\"og:image:height\" content=\"1024\" \/>\n\t<meta property=\"og:image:type\" content=\"image\/webp\" \/>\n<meta name=\"author\" content=\"Maria\" \/>\n<meta name=\"twitter:card\" content=\"summary_large_image\" \/>\n<meta name=\"twitter:label1\" content=\"\u00c9crit par\" \/>\n\t<meta name=\"twitter:data1\" content=\"Maria\" \/>\n\t<meta name=\"twitter:label2\" content=\"Dur\u00e9e de lecture estim\u00e9e\" \/>\n\t<meta name=\"twitter:data2\" content=\"7 minutes\" \/>\n<script type=\"application\/ld+json\" class=\"yoast-schema-graph\">{\"@context\":\"https:\\\/\\\/schema.org\",\"@graph\":[{\"@type\":\"Article\",\"@id\":\"https:\\\/\\\/www.oracaoefe.com\\\/oracao-da-manha-por-que-comecar-o-dia-em-oracao-pode-transformar-sua-vida\\\/#article\",\"isPartOf\":{\"@id\":\"https:\\\/\\\/www.oracaoefe.com\\\/oracao-da-manha-por-que-comecar-o-dia-em-oracao-pode-transformar-sua-vida\\\/\"},\"author\":{\"name\":\"Maria\",\"@id\":\"https:\\\/\\\/www.oracaoefe.com\\\/#\\\/schema\\\/person\\\/27873f1e6043866689f5091b5139f23d\"},\"headline\":\"Ora\u00e7\u00e3o da Manh\u00e3: Por Que Come\u00e7ar o Dia em Ora\u00e7\u00e3o Pode Transformar Sua Vida\",\"datePublished\":\"2025-12-16T23:49:26+00:00\",\"dateModified\":\"2025-12-16T23:49:27+00:00\",\"mainEntityOfPage\":{\"@id\":\"https:\\\/\\\/www.oracaoefe.com\\\/oracao-da-manha-por-que-comecar-o-dia-em-oracao-pode-transformar-sua-vida\\\/\"},\"wordCount\":1470,\"image\":{\"@id\":\"https:\\\/\\\/www.oracaoefe.com\\\/oracao-da-manha-por-que-comecar-o-dia-em-oracao-pode-transformar-sua-vida\\\/#primaryimage\"},\"thumbnailUrl\":\"https:\\\/\\\/www.oracaoefe.com\\\/wp-content\\\/uploads\\\/2025\\\/12\\\/oracao-da-manha.webp\",\"articleSection\":[\"Ora\u00e7\u00e3o\"],\"inLanguage\":\"fr-FR\"},{\"@type\":\"WebPage\",\"@id\":\"https:\\\/\\\/www.oracaoefe.com\\\/oracao-da-manha-por-que-comecar-o-dia-em-oracao-pode-transformar-sua-vida\\\/\",\"url\":\"https:\\\/\\\/www.oracaoefe.com\\\/oracao-da-manha-por-que-comecar-o-dia-em-oracao-pode-transformar-sua-vida\\\/\",\"name\":\"Ora\u00e7\u00e3o da Manh\u00e3: Por Que Come\u00e7ar o Dia em Ora\u00e7\u00e3o Pode Transformar Sua Vida - Ora\u00e7\u00e3o e F\u00e9\",\"isPartOf\":{\"@id\":\"https:\\\/\\\/www.oracaoefe.com\\\/#website\"},\"primaryImageOfPage\":{\"@id\":\"https:\\\/\\\/www.oracaoefe.com\\\/oracao-da-manha-por-que-comecar-o-dia-em-oracao-pode-transformar-sua-vida\\\/#primaryimage\"},\"image\":{\"@id\":\"https:\\\/\\\/www.oracaoefe.com\\\/oracao-da-manha-por-que-comecar-o-dia-em-oracao-pode-transformar-sua-vida\\\/#primaryimage\"},\"thumbnailUrl\":\"https:\\\/\\\/www.oracaoefe.com\\\/wp-content\\\/uploads\\\/2025\\\/12\\\/oracao-da-manha.webp\",\"datePublished\":\"2025-12-16T23:49:26+00:00\",\"dateModified\":\"2025-12-16T23:49:27+00:00\",\"author\":{\"@id\":\"https:\\\/\\\/www.oracaoefe.com\\\/#\\\/schema\\\/person\\\/27873f1e6043866689f5091b5139f23d\"},\"description\":\"Deus tem pra voc\u00ea uma palavra de vida!\",\"breadcrumb\":{\"@id\":\"https:\\\/\\\/www.oracaoefe.com\\\/oracao-da-manha-por-que-comecar-o-dia-em-oracao-pode-transformar-sua-vida\\\/#breadcrumb\"},\"inLanguage\":\"fr-FR\",\"potentialAction\":[{\"@type\":\"ReadAction\",\"target\":[\"https:\\\/\\\/www.oracaoefe.com\\\/oracao-da-manha-por-que-comecar-o-dia-em-oracao-pode-transformar-sua-vida\\\/\"]}]},{\"@type\":\"ImageObject\",\"inLanguage\":\"fr-FR\",\"@id\":\"https:\\\/\\\/www.oracaoefe.com\\\/oracao-da-manha-por-que-comecar-o-dia-em-oracao-pode-transformar-sua-vida\\\/#primaryimage\",\"url\":\"https:\\\/\\\/www.oracaoefe.com\\\/wp-content\\\/uploads\\\/2025\\\/12\\\/oracao-da-manha.webp\",\"contentUrl\":\"https:\\\/\\\/www.oracaoefe.com\\\/wp-content\\\/uploads\\\/2025\\\/12\\\/oracao-da-manha.webp\",\"width\":1024,\"height\":1024},{\"@type\":\"BreadcrumbList\",\"@id\":\"https:\\\/\\\/www.oracaoefe.com\\\/oracao-da-manha-por-que-comecar-o-dia-em-oracao-pode-transformar-sua-vida\\\/#breadcrumb\",\"itemListElement\":[{\"@type\":\"ListItem\",\"position\":1,\"name\":\"Home\",\"item\":\"https:\\\/\\\/www.oracaoefe.com\\\/\"},{\"@type\":\"ListItem\",\"position\":2,\"name\":\"Ora\u00e7\u00e3o\",\"item\":\"https:\\\/\\\/www.oracaoefe.com\\\/category\\\/oracao\\\/\"},{\"@type\":\"ListItem\",\"position\":3,\"name\":\"Ora\u00e7\u00e3o da Manh\u00e3: Por Que Come\u00e7ar o Dia em Ora\u00e7\u00e3o Pode Transformar Sua Vida\"}]},{\"@type\":\"WebSite\",\"@id\":\"https:\\\/\\\/www.oracaoefe.com\\\/#website\",\"url\":\"https:\\\/\\\/www.oracaoefe.com\\\/\",\"name\":\"Ora\u00e7\u00e3o e F\u00e9\",\"description\":\"\",\"potentialAction\":[{\"@type\":\"SearchAction\",\"target\":{\"@type\":\"EntryPoint\",\"urlTemplate\":\"https:\\\/\\\/www.oracaoefe.com\\\/?s={search_term_string}\"},\"query-input\":{\"@type\":\"PropertyValueSpecification\",\"valueRequired\":true,\"valueName\":\"search_term_string\"}}],\"inLanguage\":\"fr-FR\"},{\"@type\":\"Person\",\"@id\":\"https:\\\/\\\/www.oracaoefe.com\\\/#\\\/schema\\\/person\\\/27873f1e6043866689f5091b5139f23d\",\"name\":\"Maria\",\"image\":{\"@type\":\"ImageObject\",\"inLanguage\":\"fr-FR\",\"@id\":\"https:\\\/\\\/secure.gravatar.com\\\/avatar\\\/4cac5ea56d40d599bd7348d330a83b1c84cd229296d1613cd1c7f6740561d0c9?s=96&d=mm&r=g\",\"url\":\"https:\\\/\\\/secure.gravatar.com\\\/avatar\\\/4cac5ea56d40d599bd7348d330a83b1c84cd229296d1613cd1c7f6740561d0c9?s=96&d=mm&r=g\",\"contentUrl\":\"https:\\\/\\\/secure.gravatar.com\\\/avatar\\\/4cac5ea56d40d599bd7348d330a83b1c84cd229296d1613cd1c7f6740561d0c9?s=96&d=mm&r=g\",\"caption\":\"Maria\"},\"description\":\"Meu nome \u00e9 Maria e sou apaixonada por teologia, espiritualidade e estudos religiosos. H\u00e1 mais de 5 anos escrevo sobre o universo da f\u00e9, pesquisando diferentes religi\u00f5es, doutrinas, tradi\u00e7\u00f5es espirituais e curiosidades religiosas ao redor do mundo. Tenho grande interesse em compreender como a f\u00e9 e a religiosidade se manifestam em diferentes culturas, pa\u00edses e idiomas, sempre buscando aprender mais sobre os costumes, cren\u00e7as e hist\u00f3rias que influenciam milh\u00f5es de pessoas diariamente. Atualmente, atuo como redatora no portal Ora\u00e7\u00e3o e F\u00e9, onde compartilho conte\u00fados informativos, reflexivos e inspiradores voltados ao universo religioso e espiritual. Meu objetivo \u00e9 levar conhecimento, curiosidades e mensagens enriquecedoras para leitores que desejam aprofundar sua compreens\u00e3o sobre f\u00e9, religi\u00e3o e espiritualidade no mundo moderno.\",\"sameAs\":[\"https:\\\/\\\/www.oracaoefe.com\"],\"url\":\"https:\\\/\\\/www.oracaoefe.com\\\/fr\\\/author\\\/admin\\\/\"}]}<\/script>\n<!-- \/ Yoast SEO plugin. -->","yoast_head_json":{"title":"Ora\u00e7\u00e3o da Manh\u00e3: Por Que Come\u00e7ar o Dia em Ora\u00e7\u00e3o Pode Transformar Sua Vida - Ora\u00e7\u00e3o e F\u00e9","description":"Dieu a une parole de vie pour vous !","robots":{"index":"index","follow":"follow","max-snippet":"max-snippet:-1","max-image-preview":"max-image-preview:large","max-video-preview":"max-video-preview:-1"},"canonical":"https:\/\/www.oracaoefe.com\/fr\/oracao-da-manha-por-que-comecar-o-dia-em-oracao-pode-transformar-sua-vida\/","og_locale":"fr_FR","og_type":"article","og_title":"Ora\u00e7\u00e3o da Manh\u00e3: Por Que Come\u00e7ar o Dia em Ora\u00e7\u00e3o Pode Transformar Sua Vida - Ora\u00e7\u00e3o e F\u00e9","og_description":"Deus tem pra voc\u00ea uma palavra de vida!","og_url":"https:\/\/www.oracaoefe.com\/fr\/oracao-da-manha-por-que-comecar-o-dia-em-oracao-pode-transformar-sua-vida\/","og_site_name":"Ora\u00e7\u00e3o e F\u00e9","article_published_time":"2025-12-16T23:49:26+00:00","article_modified_time":"2025-12-16T23:49:27+00:00","og_image":[{"width":1024,"height":1024,"url":"https:\/\/www.oracaoefe.com\/wp-content\/uploads\/2025\/12\/oracao-da-manha.webp","type":"image\/webp"}],"author":"Maria","twitter_card":"summary_large_image","twitter_misc":{"\u00c9crit par":"Maria","Dur\u00e9e de lecture estim\u00e9e":"7 minutes"},"schema":{"@context":"https:\/\/schema.org","@graph":[{"@type":"Article","@id":"https:\/\/www.oracaoefe.com\/oracao-da-manha-por-que-comecar-o-dia-em-oracao-pode-transformar-sua-vida\/#article","isPartOf":{"@id":"https:\/\/www.oracaoefe.com\/oracao-da-manha-por-que-comecar-o-dia-em-oracao-pode-transformar-sua-vida\/"},"author":{"name":"Maria","@id":"https:\/\/www.oracaoefe.com\/#\/schema\/person\/27873f1e6043866689f5091b5139f23d"},"headline":"Ora\u00e7\u00e3o da Manh\u00e3: Por Que Come\u00e7ar o Dia em Ora\u00e7\u00e3o Pode Transformar Sua Vida","datePublished":"2025-12-16T23:49:26+00:00","dateModified":"2025-12-16T23:49:27+00:00","mainEntityOfPage":{"@id":"https:\/\/www.oracaoefe.com\/oracao-da-manha-por-que-comecar-o-dia-em-oracao-pode-transformar-sua-vida\/"},"wordCount":1470,"image":{"@id":"https:\/\/www.oracaoefe.com\/oracao-da-manha-por-que-comecar-o-dia-em-oracao-pode-transformar-sua-vida\/#primaryimage"},"thumbnailUrl":"https:\/\/www.oracaoefe.com\/wp-content\/uploads\/2025\/12\/oracao-da-manha.webp","articleSection":["Ora\u00e7\u00e3o"],"inLanguage":"fr-FR"},{"@type":"WebPage","@id":"https:\/\/www.oracaoefe.com\/oracao-da-manha-por-que-comecar-o-dia-em-oracao-pode-transformar-sua-vida\/","url":"https:\/\/www.oracaoefe.com\/oracao-da-manha-por-que-comecar-o-dia-em-oracao-pode-transformar-sua-vida\/","name":"Ora\u00e7\u00e3o da Manh\u00e3: Por Que Come\u00e7ar o Dia em Ora\u00e7\u00e3o Pode Transformar Sua Vida - Ora\u00e7\u00e3o e F\u00e9","isPartOf":{"@id":"https:\/\/www.oracaoefe.com\/#website"},"primaryImageOfPage":{"@id":"https:\/\/www.oracaoefe.com\/oracao-da-manha-por-que-comecar-o-dia-em-oracao-pode-transformar-sua-vida\/#primaryimage"},"image":{"@id":"https:\/\/www.oracaoefe.com\/oracao-da-manha-por-que-comecar-o-dia-em-oracao-pode-transformar-sua-vida\/#primaryimage"},"thumbnailUrl":"https:\/\/www.oracaoefe.com\/wp-content\/uploads\/2025\/12\/oracao-da-manha.webp","datePublished":"2025-12-16T23:49:26+00:00","dateModified":"2025-12-16T23:49:27+00:00","author":{"@id":"https:\/\/www.oracaoefe.com\/#\/schema\/person\/27873f1e6043866689f5091b5139f23d"},"description":"Dieu a une parole de vie pour vous !","breadcrumb":{"@id":"https:\/\/www.oracaoefe.com\/oracao-da-manha-por-que-comecar-o-dia-em-oracao-pode-transformar-sua-vida\/#breadcrumb"},"inLanguage":"fr-FR","potentialAction":[{"@type":"ReadAction","target":["https:\/\/www.oracaoefe.com\/oracao-da-manha-por-que-comecar-o-dia-em-oracao-pode-transformar-sua-vida\/"]}]},{"@type":"ImageObject","inLanguage":"fr-FR","@id":"https:\/\/www.oracaoefe.com\/oracao-da-manha-por-que-comecar-o-dia-em-oracao-pode-transformar-sua-vida\/#primaryimage","url":"https:\/\/www.oracaoefe.com\/wp-content\/uploads\/2025\/12\/oracao-da-manha.webp","contentUrl":"https:\/\/www.oracaoefe.com\/wp-content\/uploads\/2025\/12\/oracao-da-manha.webp","width":1024,"height":1024},{"@type":"BreadcrumbList","@id":"https:\/\/www.oracaoefe.com\/oracao-da-manha-por-que-comecar-o-dia-em-oracao-pode-transformar-sua-vida\/#breadcrumb","itemListElement":[{"@type":"ListItem","position":1,"name":"Home","item":"https:\/\/www.oracaoefe.com\/"},{"@type":"ListItem","position":2,"name":"Ora\u00e7\u00e3o","item":"https:\/\/www.oracaoefe.com\/category\/oracao\/"},{"@type":"ListItem","position":3,"name":"Ora\u00e7\u00e3o da Manh\u00e3: Por Que Come\u00e7ar o Dia em Ora\u00e7\u00e3o Pode Transformar Sua Vida"}]},{"@type":"WebSite","@id":"https:\/\/www.oracaoefe.com\/#website","url":"https:\/\/www.oracaoefe.com\/","name":"Pri\u00e8re et foi","description":"","potentialAction":[{"@type":"SearchAction","target":{"@type":"EntryPoint","urlTemplate":"https:\/\/www.oracaoefe.com\/?s={search_term_string}"},"query-input":{"@type":"PropertyValueSpecification","valueRequired":true,"valueName":"search_term_string"}}],"inLanguage":"fr-FR"},{"@type":"Person","@id":"https:\/\/www.oracaoefe.com\/#\/schema\/person\/27873f1e6043866689f5091b5139f23d","name":"Maria","image":{"@type":"ImageObject","inLanguage":"fr-FR","@id":"https:\/\/secure.gravatar.com\/avatar\/4cac5ea56d40d599bd7348d330a83b1c84cd229296d1613cd1c7f6740561d0c9?s=96&d=mm&r=g","url":"https:\/\/secure.gravatar.com\/avatar\/4cac5ea56d40d599bd7348d330a83b1c84cd229296d1613cd1c7f6740561d0c9?s=96&d=mm&r=g","contentUrl":"https:\/\/secure.gravatar.com\/avatar\/4cac5ea56d40d599bd7348d330a83b1c84cd229296d1613cd1c7f6740561d0c9?s=96&d=mm&r=g","caption":"Maria"},"description":"Meu nome \u00e9 Maria e sou apaixonada por teologia, espiritualidade e estudos religiosos. H\u00e1 mais de 5 anos escrevo sobre o universo da f\u00e9, pesquisando diferentes religi\u00f5es, doutrinas, tradi\u00e7\u00f5es espirituais e curiosidades religiosas ao redor do mundo. Tenho grande interesse em compreender como a f\u00e9 e a religiosidade se manifestam em diferentes culturas, pa\u00edses e idiomas, sempre buscando aprender mais sobre os costumes, cren\u00e7as e hist\u00f3rias que influenciam milh\u00f5es de pessoas diariamente. Atualmente, atuo como redatora no portal Ora\u00e7\u00e3o e F\u00e9, onde compartilho conte\u00fados informativos, reflexivos e inspiradores voltados ao universo religioso e espiritual. Meu objetivo \u00e9 levar conhecimento, curiosidades e mensagens enriquecedoras para leitores que desejam aprofundar sua compreens\u00e3o sobre f\u00e9, religi\u00e3o e espiritualidade no mundo moderno.","sameAs":["https:\/\/www.oracaoefe.com"],"url":"https:\/\/www.oracaoefe.com\/fr\/author\/admin\/"}]}},"_links":{"self":[{"href":"https:\/\/www.oracaoefe.com\/fr\/wp-json\/wp\/v2\/posts\/3953","targetHints":{"allow":["GET"]}}],"collection":[{"href":"https:\/\/www.oracaoefe.com\/fr\/wp-json\/wp\/v2\/posts"}],"about":[{"href":"https:\/\/www.oracaoefe.com\/fr\/wp-json\/wp\/v2\/types\/post"}],"author":[{"embeddable":true,"href":"https:\/\/www.oracaoefe.com\/fr\/wp-json\/wp\/v2\/users\/1"}],"replies":[{"embeddable":true,"href":"https:\/\/www.oracaoefe.com\/fr\/wp-json\/wp\/v2\/comments?post=3953"}],"version-history":[{"count":1,"href":"https:\/\/www.oracaoefe.com\/fr\/wp-json\/wp\/v2\/posts\/3953\/revisions"}],"predecessor-version":[{"id":3955,"href":"https:\/\/www.oracaoefe.com\/fr\/wp-json\/wp\/v2\/posts\/3953\/revisions\/3955"}],"wp:featuredmedia":[{"embeddable":true,"href":"https:\/\/www.oracaoefe.com\/fr\/wp-json\/wp\/v2\/media\/3954"}],"wp:attachment":[{"href":"https:\/\/www.oracaoefe.com\/fr\/wp-json\/wp\/v2\/media?parent=3953"}],"wp:term":[{"taxonomy":"category","embeddable":true,"href":"https:\/\/www.oracaoefe.com\/fr\/wp-json\/wp\/v2\/categories?post=3953"},{"taxonomy":"post_tag","embeddable":true,"href":"https:\/\/www.oracaoefe.com\/fr\/wp-json\/wp\/v2\/tags?post=3953"}],"curies":[{"name":"wp","href":"https:\/\/api.w.org\/{rel}","templated":true}]}}