{"id":3938,"date":"2026-08-15T19:44:04","date_gmt":"2026-08-15T22:44:04","guid":{"rendered":"https:\/\/www.oracaoefe.com\/?p=3938"},"modified":"2025-12-16T19:45:08","modified_gmt":"2025-12-16T22:45:08","slug":"oracao-e-familia-como-a-espiritualidade-fortalece-lacos-familiares-em-tempos-de-mudanca-social","status":"publish","type":"post","link":"https:\/\/www.oracaoefe.com\/fr\/oracao-e-familia-como-a-espiritualidade-fortalece-lacos-familiares-em-tempos-de-mudanca-social\/","title":{"rendered":"Ora\u00e7\u00e3o e Fam\u00edlia: Como a Espiritualidade Fortalece La\u00e7os Familiares em Tempos de Mudan\u00e7a Social"},"content":{"rendered":"<h2 class=\"wp-block-heading\">Introdu\u00e7\u00e3o<\/h2>\n\n\n\n<p class=\"wp-block-paragraph\">A estrutura familiar passou por transforma\u00e7\u00f5es profundas nas \u00faltimas d\u00e9cadas. Mudan\u00e7as nos pap\u00e9is sociais, novas din\u00e2micas de trabalho, avan\u00e7o da tecnologia e diferen\u00e7as geracionais cada vez mais acentuadas criaram desafios in\u00e9ditos para a conviv\u00eancia familiar. Em meio a essas mudan\u00e7as, conflitos, distanciamentos emocionais e dificuldades de comunica\u00e7\u00e3o tornaram-se mais comuns. Nesse cen\u00e1rio, a ora\u00e7\u00e3o e a espiritualidade t\u00eam sido resgatadas como ferramentas capazes de fortalecer v\u00ednculos, promover di\u00e1logo e oferecer estabilidade emocional dentro do ambiente familiar.<\/p>\n\n\n\n<p class=\"wp-block-paragraph\">Este artigo analisa como a ora\u00e7\u00e3o influencia positivamente as rela\u00e7\u00f5es familiares, de que forma a espiritualidade contribui para a constru\u00e7\u00e3o de la\u00e7os mais saud\u00e1veis e por que a f\u00e9 continua sendo um elemento relevante na organiza\u00e7\u00e3o da vida familiar contempor\u00e2nea.<\/p>\n\n\n\n<h2 class=\"wp-block-heading\">As Transforma\u00e7\u00f5es da Fam\u00edlia no Mundo Atual<\/h2>\n\n\n\n<p class=\"wp-block-paragraph\">A fam\u00edlia moderna enfrenta press\u00f5es externas constantes. Jornadas de trabalho extensas, excesso de est\u00edmulos digitais e a fragmenta\u00e7\u00e3o do tempo dificultam a conviv\u00eancia cotidiana. Muitos lares funcionam mais como pontos de passagem do que como espa\u00e7os de encontro e troca emocional. Essa din\u00e2mica contribui para o enfraquecimento do di\u00e1logo e para o aumento de conflitos silenciosos, nos quais sentimentos n\u00e3o expressos se acumulam.<\/p>\n\n\n\n<p class=\"wp-block-paragraph\">Al\u00e9m disso, diferen\u00e7as de valores entre gera\u00e7\u00f5es podem gerar incompreens\u00e3o e afastamento. Pais e filhos lidam com refer\u00eancias culturais distintas, o que exige esfor\u00e7o consciente para manter a conex\u00e3o emocional. Diante dessas dificuldades, a espiritualidade surge como um elemento unificador, capaz de oferecer princ\u00edpios comuns e espa\u00e7os de escuta dentro da fam\u00edlia.<\/p>\n\n\n\n<h2 class=\"wp-block-heading\">A Ora\u00e7\u00e3o Como Pr\u00e1tica de Conex\u00e3o Familiar<\/h2>\n\n\n\n<p class=\"wp-block-paragraph\">A ora\u00e7\u00e3o, quando praticada em fam\u00edlia, cria um momento simb\u00f3lico de encontro e presen\u00e7a. Ao reservar um tempo para orar juntos, os membros da fam\u00edlia interrompem a rotina acelerada e se conectam em um n\u00edvel mais profundo. Esse gesto simples favorece a escuta, o respeito e a empatia, fortalecendo o senso de pertencimento.<\/p>\n\n\n\n<p class=\"wp-block-paragraph\">Mesmo em fam\u00edlias onde a ora\u00e7\u00e3o n\u00e3o \u00e9 uma pr\u00e1tica di\u00e1ria, momentos pontuais de espiritualidade podem gerar impactos significativos. A ora\u00e7\u00e3o funciona como um convite \u00e0 reflex\u00e3o conjunta, permitindo que preocupa\u00e7\u00f5es, gratid\u00f5es e desafios sejam compartilhados em um ambiente de acolhimento.<\/p>\n\n\n\n<h2 class=\"wp-block-heading\">Espiritualidade e Comunica\u00e7\u00e3o Dentro da Fam\u00edlia<\/h2>\n\n\n\n<p class=\"wp-block-paragraph\">Um dos maiores benef\u00edcios da ora\u00e7\u00e3o no contexto familiar \u00e9 a melhoria da comunica\u00e7\u00e3o. A pr\u00e1tica espiritual incentiva a express\u00e3o de sentimentos e a escuta atenta, reduzindo barreiras emocionais. Ao orar, os membros da fam\u00edlia reconhecem fragilidades e necessidades, criando um espa\u00e7o onde vulnerabilidades podem ser expostas sem julgamento.<\/p>\n\n\n\n<p class=\"wp-block-paragraph\">Essa abertura contribui para a resolu\u00e7\u00e3o de conflitos de forma mais construtiva. A espiritualidade estimula valores como paci\u00eancia, perd\u00e3o e compreens\u00e3o, fundamentais para lidar com diverg\u00eancias inevit\u00e1veis na conviv\u00eancia familiar.<\/p>\n\n\n\n<h2 class=\"wp-block-heading\">O Papel da F\u00e9 na Educa\u00e7\u00e3o Emocional dos Filhos<\/h2>\n\n\n\n<p class=\"wp-block-paragraph\">A espiritualidade desempenha um papel importante na forma\u00e7\u00e3o emocional de crian\u00e7as e adolescentes. A ora\u00e7\u00e3o oferece uma estrutura simb\u00f3lica que ajuda os jovens a lidarem com emo\u00e7\u00f5es complexas, como medo, frustra\u00e7\u00e3o e inseguran\u00e7a. Ao aprenderem a expressar sentimentos em um contexto espiritual, desenvolvem maior consci\u00eancia emocional e capacidade de autorregula\u00e7\u00e3o.<\/p>\n\n\n\n<p class=\"wp-block-paragraph\">Al\u00e9m disso, a f\u00e9 transmite valores \u00e9ticos que orientam comportamentos e escolhas. Esses princ\u00edpios funcionam como refer\u00eancias internas que ajudam os jovens a navegarem por desafios sociais e pessoais, especialmente em um mundo marcado por press\u00f5es externas intensas.<\/p>\n\n\n\n<h2 class=\"wp-block-heading\">A Ora\u00e7\u00e3o Como Suporte em Momentos de Crise Familiar<\/h2>\n\n\n\n<p class=\"wp-block-paragraph\">Crises familiares, como doen\u00e7as, perdas, dificuldades financeiras ou separa\u00e7\u00f5es, colocam \u00e0 prova a estabilidade emocional dos lares. Nessas situa\u00e7\u00f5es, a ora\u00e7\u00e3o se torna um recurso fundamental de sustenta\u00e7\u00e3o emocional. Ao compartilhar momentos de espiritualidade, a fam\u00edlia fortalece sua capacidade de enfrentar adversidades de forma conjunta.<\/p>\n\n\n\n<p class=\"wp-block-paragraph\">A f\u00e9 ajuda a transformar a crise em um desafio compartilhado, reduzindo o sentimento de isolamento individual. Mesmo quando solu\u00e7\u00f5es pr\u00e1ticas demoram a surgir, a ora\u00e7\u00e3o oferece conforto e esperan\u00e7a, elementos essenciais para atravessar per\u00edodos dif\u00edceis.<\/p>\n\n\n\n<h2 class=\"wp-block-heading\">Espiritualidade e Perd\u00e3o no Ambiente Familiar<\/h2>\n\n\n\n<p class=\"wp-block-paragraph\">Conflitos familiares frequentemente envolvem m\u00e1goas acumuladas ao longo do tempo. A dificuldade de perdoar pode gerar afastamento emocional e romper v\u00ednculos importantes. A espiritualidade atua como facilitadora do processo de perd\u00e3o ao incentivar reflex\u00e3o, empatia e reconcilia\u00e7\u00e3o.<\/p>\n\n\n\n<p class=\"wp-block-paragraph\">A ora\u00e7\u00e3o cria um espa\u00e7o para reconhecer erros, pedir perd\u00e3o e liberar ressentimentos. Esse processo n\u00e3o elimina automaticamente a dor, mas abre caminho para a reconstru\u00e7\u00e3o da confian\u00e7a e do di\u00e1logo, fundamentais para a sa\u00fade das rela\u00e7\u00f5es familiares.<\/p>\n\n\n\n<h2 class=\"wp-block-heading\">A Influ\u00eancia da Ora\u00e7\u00e3o na Estabilidade Emocional do Lar<\/h2>\n\n\n\n<p class=\"wp-block-paragraph\">Fam\u00edlias que cultivam pr\u00e1ticas espirituais regulares tendem a desenvolver maior estabilidade emocional. A ora\u00e7\u00e3o contribui para a cria\u00e7\u00e3o de rituais que estruturam a vida cotidiana, oferecendo previsibilidade e seguran\u00e7a emocional, especialmente para crian\u00e7as.<\/p>\n\n\n\n<p class=\"wp-block-paragraph\">Esses rituais fortalecem a identidade familiar e criam mem\u00f3rias afetivas positivas, associadas a momentos de uni\u00e3o e cuidado m\u00fatuo. Ao longo do tempo, essa base emocional contribui para rela\u00e7\u00f5es mais resilientes e equilibradas.<\/p>\n\n\n\n<h2 class=\"wp-block-heading\">Desafios da Espiritualidade no Contexto Familiar Moderno<\/h2>\n\n\n\n<p class=\"wp-block-paragraph\">Apesar dos benef\u00edcios, integrar a ora\u00e7\u00e3o \u00e0 vida familiar moderna apresenta desafios. Diferen\u00e7as de cren\u00e7a, falta de tempo e resist\u00eancia de alguns membros podem dificultar a pr\u00e1tica conjunta. \u00c9 importante que a espiritualidade seja vivenciada de forma respeitosa e inclusiva, sem imposi\u00e7\u00f5es.<\/p>\n\n\n\n<p class=\"wp-block-paragraph\">A ora\u00e7\u00e3o no contexto familiar deve ser um convite, n\u00e3o uma obriga\u00e7\u00e3o. Quando vivida com sensibilidade, ela se adapta \u00e0s particularidades de cada fam\u00edlia, respeitando ritmos e cren\u00e7as individuais.<\/p>\n\n\n\n<h2 class=\"wp-block-heading\">Ora\u00e7\u00e3o Como Ferramenta de Constru\u00e7\u00e3o de Legado Familiar<\/h2>\n\n\n\n<p class=\"wp-block-paragraph\">Al\u00e9m dos benef\u00edcios imediatos, a espiritualidade contribui para a constru\u00e7\u00e3o de um legado familiar. Valores transmitidos por meio da f\u00e9 tendem a atravessar gera\u00e7\u00f5es, influenciando comportamentos, escolhas e rela\u00e7\u00f5es futuras. A ora\u00e7\u00e3o se torna parte da identidade familiar, conectando passado, presente e futuro.<\/p>\n\n\n\n<p class=\"wp-block-paragraph\">Esse legado espiritual oferece uma base s\u00f3lida para enfrentar mudan\u00e7as sociais e desafios inevit\u00e1veis, fortalecendo a continuidade dos la\u00e7os familiares ao longo do tempo.<\/p>\n\n\n\n<h2 class=\"wp-block-heading\">Conclus\u00e3o<\/h2>\n\n\n\n<p class=\"wp-block-paragraph\">A presen\u00e7a da ora\u00e7\u00e3o na vida familiar revela seu papel fundamental na constru\u00e7\u00e3o de v\u00ednculos saud\u00e1veis em um mundo em constante transforma\u00e7\u00e3o. Em meio a press\u00f5es externas e mudan\u00e7as sociais, a espiritualidade oferece um espa\u00e7o de conex\u00e3o, di\u00e1logo e apoio emocional. A ora\u00e7\u00e3o n\u00e3o elimina conflitos, mas cria condi\u00e7\u00f5es para enfrent\u00e1-los com mais empatia, respeito e uni\u00e3o.<\/p>\n\n\n\n<p class=\"wp-block-paragraph\">Ao fortalecer la\u00e7os familiares, a f\u00e9 contribui para lares mais est\u00e1veis, resilientes e emocionalmente saud\u00e1veis, reafirmando seu valor na organiza\u00e7\u00e3o da vida familiar contempor\u00e2nea.<\/p>","protected":false},"excerpt":{"rendered":"<p>Introdu\u00e7\u00e3o A estrutura familiar passou por transforma\u00e7\u00f5es profundas nas \u00faltimas d\u00e9cadas. Mudan\u00e7as nos pap\u00e9is sociais, novas din\u00e2micas de trabalho, avan\u00e7o da tecnologia e diferen\u00e7as geracionais cada vez mais acentuadas criaram desafios in\u00e9ditos para a conviv\u00eancia familiar. Em meio a essas mudan\u00e7as, conflitos, distanciamentos emocionais e dificuldades de comunica\u00e7\u00e3o tornaram-se mais comuns. Nesse cen\u00e1rio, a ora\u00e7\u00e3o&hellip;&nbsp;<\/p>","protected":false},"author":1,"featured_media":3939,"comment_status":"closed","ping_status":"closed","sticky":false,"template":"","format":"standard","meta":{"neve_meta_sidebar":"","neve_meta_container":"","neve_meta_enable_content_width":"","neve_meta_content_width":0,"neve_meta_title_alignment":"","neve_meta_author_avatar":"","neve_post_elements_order":"","neve_meta_disable_header":"","neve_meta_disable_footer":"","neve_meta_disable_title":"","footnotes":""},"categories":[4],"tags":[],"class_list":["post-3938","post","type-post","status-publish","format-standard","has-post-thumbnail","hentry","category-fique-por-dentro"],"yoast_head":"<!-- This site is optimized with the Yoast SEO plugin v28.4 - https:\/\/yoast.com\/product\/yoast-seo-wordpress\/ -->\n<title>Ora\u00e7\u00e3o e Fam\u00edlia: Como a Espiritualidade Fortalece La\u00e7os Familiares em Tempos de Mudan\u00e7a Social - Ora\u00e7\u00e3o e F\u00e9<\/title>\n<meta name=\"description\" content=\"Deus tem pra voc\u00ea uma palavra de vida!\" \/>\n<meta name=\"robots\" content=\"index, follow, max-snippet:-1, max-image-preview:large, max-video-preview:-1\" \/>\n<link rel=\"canonical\" href=\"https:\/\/www.oracaoefe.com\/fr\/oracao-e-familia-como-a-espiritualidade-fortalece-lacos-familiares-em-tempos-de-mudanca-social\/\" \/>\n<meta property=\"og:locale\" content=\"fr_FR\" \/>\n<meta property=\"og:type\" content=\"article\" \/>\n<meta property=\"og:title\" content=\"Ora\u00e7\u00e3o e Fam\u00edlia: Como a Espiritualidade Fortalece La\u00e7os Familiares em Tempos de Mudan\u00e7a Social - Ora\u00e7\u00e3o e F\u00e9\" \/>\n<meta property=\"og:description\" content=\"Deus tem pra voc\u00ea uma palavra de vida!\" \/>\n<meta property=\"og:url\" content=\"https:\/\/www.oracaoefe.com\/fr\/oracao-e-familia-como-a-espiritualidade-fortalece-lacos-familiares-em-tempos-de-mudanca-social\/\" \/>\n<meta property=\"og:site_name\" content=\"Ora\u00e7\u00e3o e F\u00e9\" \/>\n<meta property=\"article:published_time\" content=\"2026-08-15T22:44:04+00:00\" \/>\n<meta property=\"og:image\" content=\"https:\/\/www.oracaoefe.com\/wp-content\/uploads\/2025\/12\/famlia.webp\" \/>\n\t<meta property=\"og:image:width\" content=\"1024\" \/>\n\t<meta property=\"og:image:height\" content=\"1024\" \/>\n\t<meta property=\"og:image:type\" content=\"image\/webp\" \/>\n<meta name=\"author\" content=\"Maria\" \/>\n<meta name=\"twitter:card\" content=\"summary_large_image\" \/>\n<meta name=\"twitter:label1\" content=\"\u00c9crit par\" \/>\n\t<meta name=\"twitter:data1\" content=\"Maria\" \/>\n\t<meta name=\"twitter:label2\" content=\"Dur\u00e9e de lecture estim\u00e9e\" \/>\n\t<meta name=\"twitter:data2\" content=\"6 minutes\" \/>\n<script type=\"application\/ld+json\" class=\"yoast-schema-graph\">{\"@context\":\"https:\\\/\\\/schema.org\",\"@graph\":[{\"@type\":\"Article\",\"@id\":\"https:\\\/\\\/www.oracaoefe.com\\\/oracao-e-familia-como-a-espiritualidade-fortalece-lacos-familiares-em-tempos-de-mudanca-social\\\/#article\",\"isPartOf\":{\"@id\":\"https:\\\/\\\/www.oracaoefe.com\\\/oracao-e-familia-como-a-espiritualidade-fortalece-lacos-familiares-em-tempos-de-mudanca-social\\\/\"},\"author\":{\"name\":\"Maria\",\"@id\":\"https:\\\/\\\/www.oracaoefe.com\\\/#\\\/schema\\\/person\\\/27873f1e6043866689f5091b5139f23d\"},\"headline\":\"Ora\u00e7\u00e3o e Fam\u00edlia: Como a Espiritualidade Fortalece La\u00e7os Familiares em Tempos de Mudan\u00e7a Social\",\"datePublished\":\"2026-08-15T22:44:04+00:00\",\"mainEntityOfPage\":{\"@id\":\"https:\\\/\\\/www.oracaoefe.com\\\/oracao-e-familia-como-a-espiritualidade-fortalece-lacos-familiares-em-tempos-de-mudanca-social\\\/\"},\"wordCount\":1194,\"image\":{\"@id\":\"https:\\\/\\\/www.oracaoefe.com\\\/oracao-e-familia-como-a-espiritualidade-fortalece-lacos-familiares-em-tempos-de-mudanca-social\\\/#primaryimage\"},\"thumbnailUrl\":\"https:\\\/\\\/www.oracaoefe.com\\\/wp-content\\\/uploads\\\/2025\\\/12\\\/famlia.webp\",\"articleSection\":[\"Fique por Dentro\"],\"inLanguage\":\"fr-FR\"},{\"@type\":\"WebPage\",\"@id\":\"https:\\\/\\\/www.oracaoefe.com\\\/oracao-e-familia-como-a-espiritualidade-fortalece-lacos-familiares-em-tempos-de-mudanca-social\\\/\",\"url\":\"https:\\\/\\\/www.oracaoefe.com\\\/oracao-e-familia-como-a-espiritualidade-fortalece-lacos-familiares-em-tempos-de-mudanca-social\\\/\",\"name\":\"Ora\u00e7\u00e3o e Fam\u00edlia: Como a Espiritualidade Fortalece La\u00e7os Familiares em Tempos de Mudan\u00e7a Social - Ora\u00e7\u00e3o e F\u00e9\",\"isPartOf\":{\"@id\":\"https:\\\/\\\/www.oracaoefe.com\\\/#website\"},\"primaryImageOfPage\":{\"@id\":\"https:\\\/\\\/www.oracaoefe.com\\\/oracao-e-familia-como-a-espiritualidade-fortalece-lacos-familiares-em-tempos-de-mudanca-social\\\/#primaryimage\"},\"image\":{\"@id\":\"https:\\\/\\\/www.oracaoefe.com\\\/oracao-e-familia-como-a-espiritualidade-fortalece-lacos-familiares-em-tempos-de-mudanca-social\\\/#primaryimage\"},\"thumbnailUrl\":\"https:\\\/\\\/www.oracaoefe.com\\\/wp-content\\\/uploads\\\/2025\\\/12\\\/famlia.webp\",\"datePublished\":\"2026-08-15T22:44:04+00:00\",\"author\":{\"@id\":\"https:\\\/\\\/www.oracaoefe.com\\\/#\\\/schema\\\/person\\\/27873f1e6043866689f5091b5139f23d\"},\"description\":\"Deus tem pra voc\u00ea uma palavra de vida!\",\"breadcrumb\":{\"@id\":\"https:\\\/\\\/www.oracaoefe.com\\\/oracao-e-familia-como-a-espiritualidade-fortalece-lacos-familiares-em-tempos-de-mudanca-social\\\/#breadcrumb\"},\"inLanguage\":\"fr-FR\",\"potentialAction\":[{\"@type\":\"ReadAction\",\"target\":[\"https:\\\/\\\/www.oracaoefe.com\\\/oracao-e-familia-como-a-espiritualidade-fortalece-lacos-familiares-em-tempos-de-mudanca-social\\\/\"]}]},{\"@type\":\"ImageObject\",\"inLanguage\":\"fr-FR\",\"@id\":\"https:\\\/\\\/www.oracaoefe.com\\\/oracao-e-familia-como-a-espiritualidade-fortalece-lacos-familiares-em-tempos-de-mudanca-social\\\/#primaryimage\",\"url\":\"https:\\\/\\\/www.oracaoefe.com\\\/wp-content\\\/uploads\\\/2025\\\/12\\\/famlia.webp\",\"contentUrl\":\"https:\\\/\\\/www.oracaoefe.com\\\/wp-content\\\/uploads\\\/2025\\\/12\\\/famlia.webp\",\"width\":1024,\"height\":1024},{\"@type\":\"BreadcrumbList\",\"@id\":\"https:\\\/\\\/www.oracaoefe.com\\\/oracao-e-familia-como-a-espiritualidade-fortalece-lacos-familiares-em-tempos-de-mudanca-social\\\/#breadcrumb\",\"itemListElement\":[{\"@type\":\"ListItem\",\"position\":1,\"name\":\"Home\",\"item\":\"https:\\\/\\\/www.oracaoefe.com\\\/\"},{\"@type\":\"ListItem\",\"position\":2,\"name\":\"Fique por Dentro\",\"item\":\"https:\\\/\\\/www.oracaoefe.com\\\/category\\\/fique-por-dentro\\\/\"},{\"@type\":\"ListItem\",\"position\":3,\"name\":\"Ora\u00e7\u00e3o e Fam\u00edlia: Como a Espiritualidade Fortalece La\u00e7os Familiares em Tempos de Mudan\u00e7a Social\"}]},{\"@type\":\"WebSite\",\"@id\":\"https:\\\/\\\/www.oracaoefe.com\\\/#website\",\"url\":\"https:\\\/\\\/www.oracaoefe.com\\\/\",\"name\":\"Ora\u00e7\u00e3o e F\u00e9\",\"description\":\"\",\"potentialAction\":[{\"@type\":\"SearchAction\",\"target\":{\"@type\":\"EntryPoint\",\"urlTemplate\":\"https:\\\/\\\/www.oracaoefe.com\\\/?s={search_term_string}\"},\"query-input\":{\"@type\":\"PropertyValueSpecification\",\"valueRequired\":true,\"valueName\":\"search_term_string\"}}],\"inLanguage\":\"fr-FR\"},{\"@type\":\"Person\",\"@id\":\"https:\\\/\\\/www.oracaoefe.com\\\/#\\\/schema\\\/person\\\/27873f1e6043866689f5091b5139f23d\",\"name\":\"Maria\",\"image\":{\"@type\":\"ImageObject\",\"inLanguage\":\"fr-FR\",\"@id\":\"https:\\\/\\\/secure.gravatar.com\\\/avatar\\\/4cac5ea56d40d599bd7348d330a83b1c84cd229296d1613cd1c7f6740561d0c9?s=96&d=mm&r=g\",\"url\":\"https:\\\/\\\/secure.gravatar.com\\\/avatar\\\/4cac5ea56d40d599bd7348d330a83b1c84cd229296d1613cd1c7f6740561d0c9?s=96&d=mm&r=g\",\"contentUrl\":\"https:\\\/\\\/secure.gravatar.com\\\/avatar\\\/4cac5ea56d40d599bd7348d330a83b1c84cd229296d1613cd1c7f6740561d0c9?s=96&d=mm&r=g\",\"caption\":\"Maria\"},\"description\":\"Meu nome \u00e9 Maria e sou apaixonada por teologia, espiritualidade e estudos religiosos. H\u00e1 mais de 5 anos escrevo sobre o universo da f\u00e9, pesquisando diferentes religi\u00f5es, doutrinas, tradi\u00e7\u00f5es espirituais e curiosidades religiosas ao redor do mundo. Tenho grande interesse em compreender como a f\u00e9 e a religiosidade se manifestam em diferentes culturas, pa\u00edses e idiomas, sempre buscando aprender mais sobre os costumes, cren\u00e7as e hist\u00f3rias que influenciam milh\u00f5es de pessoas diariamente. Atualmente, atuo como redatora no portal Ora\u00e7\u00e3o e F\u00e9, onde compartilho conte\u00fados informativos, reflexivos e inspiradores voltados ao universo religioso e espiritual. Meu objetivo \u00e9 levar conhecimento, curiosidades e mensagens enriquecedoras para leitores que desejam aprofundar sua compreens\u00e3o sobre f\u00e9, religi\u00e3o e espiritualidade no mundo moderno.\",\"sameAs\":[\"https:\\\/\\\/www.oracaoefe.com\"],\"url\":\"https:\\\/\\\/www.oracaoefe.com\\\/fr\\\/author\\\/admin\\\/\"}]}<\/script>\n<!-- \/ Yoast SEO plugin. -->","yoast_head_json":{"title":"Ora\u00e7\u00e3o e Fam\u00edlia: Como a Espiritualidade Fortalece La\u00e7os Familiares em Tempos de Mudan\u00e7a Social - Ora\u00e7\u00e3o e F\u00e9","description":"Dieu a une parole de vie pour vous !","robots":{"index":"index","follow":"follow","max-snippet":"max-snippet:-1","max-image-preview":"max-image-preview:large","max-video-preview":"max-video-preview:-1"},"canonical":"https:\/\/www.oracaoefe.com\/fr\/oracao-e-familia-como-a-espiritualidade-fortalece-lacos-familiares-em-tempos-de-mudanca-social\/","og_locale":"fr_FR","og_type":"article","og_title":"Ora\u00e7\u00e3o e Fam\u00edlia: Como a Espiritualidade Fortalece La\u00e7os Familiares em Tempos de Mudan\u00e7a Social - Ora\u00e7\u00e3o e F\u00e9","og_description":"Deus tem pra voc\u00ea uma palavra de vida!","og_url":"https:\/\/www.oracaoefe.com\/fr\/oracao-e-familia-como-a-espiritualidade-fortalece-lacos-familiares-em-tempos-de-mudanca-social\/","og_site_name":"Ora\u00e7\u00e3o e F\u00e9","article_published_time":"2026-08-15T22:44:04+00:00","og_image":[{"width":1024,"height":1024,"url":"https:\/\/www.oracaoefe.com\/wp-content\/uploads\/2025\/12\/famlia.webp","type":"image\/webp"}],"author":"Maria","twitter_card":"summary_large_image","twitter_misc":{"\u00c9crit par":"Maria","Dur\u00e9e de lecture estim\u00e9e":"6 minutes"},"schema":{"@context":"https:\/\/schema.org","@graph":[{"@type":"Article","@id":"https:\/\/www.oracaoefe.com\/oracao-e-familia-como-a-espiritualidade-fortalece-lacos-familiares-em-tempos-de-mudanca-social\/#article","isPartOf":{"@id":"https:\/\/www.oracaoefe.com\/oracao-e-familia-como-a-espiritualidade-fortalece-lacos-familiares-em-tempos-de-mudanca-social\/"},"author":{"name":"Maria","@id":"https:\/\/www.oracaoefe.com\/#\/schema\/person\/27873f1e6043866689f5091b5139f23d"},"headline":"Ora\u00e7\u00e3o e Fam\u00edlia: Como a Espiritualidade Fortalece La\u00e7os Familiares em Tempos de Mudan\u00e7a Social","datePublished":"2026-08-15T22:44:04+00:00","mainEntityOfPage":{"@id":"https:\/\/www.oracaoefe.com\/oracao-e-familia-como-a-espiritualidade-fortalece-lacos-familiares-em-tempos-de-mudanca-social\/"},"wordCount":1194,"image":{"@id":"https:\/\/www.oracaoefe.com\/oracao-e-familia-como-a-espiritualidade-fortalece-lacos-familiares-em-tempos-de-mudanca-social\/#primaryimage"},"thumbnailUrl":"https:\/\/www.oracaoefe.com\/wp-content\/uploads\/2025\/12\/famlia.webp","articleSection":["Fique por Dentro"],"inLanguage":"fr-FR"},{"@type":"WebPage","@id":"https:\/\/www.oracaoefe.com\/oracao-e-familia-como-a-espiritualidade-fortalece-lacos-familiares-em-tempos-de-mudanca-social\/","url":"https:\/\/www.oracaoefe.com\/oracao-e-familia-como-a-espiritualidade-fortalece-lacos-familiares-em-tempos-de-mudanca-social\/","name":"Ora\u00e7\u00e3o e Fam\u00edlia: Como a Espiritualidade Fortalece La\u00e7os Familiares em Tempos de Mudan\u00e7a Social - Ora\u00e7\u00e3o e F\u00e9","isPartOf":{"@id":"https:\/\/www.oracaoefe.com\/#website"},"primaryImageOfPage":{"@id":"https:\/\/www.oracaoefe.com\/oracao-e-familia-como-a-espiritualidade-fortalece-lacos-familiares-em-tempos-de-mudanca-social\/#primaryimage"},"image":{"@id":"https:\/\/www.oracaoefe.com\/oracao-e-familia-como-a-espiritualidade-fortalece-lacos-familiares-em-tempos-de-mudanca-social\/#primaryimage"},"thumbnailUrl":"https:\/\/www.oracaoefe.com\/wp-content\/uploads\/2025\/12\/famlia.webp","datePublished":"2026-08-15T22:44:04+00:00","author":{"@id":"https:\/\/www.oracaoefe.com\/#\/schema\/person\/27873f1e6043866689f5091b5139f23d"},"description":"Dieu a une parole de vie pour vous !","breadcrumb":{"@id":"https:\/\/www.oracaoefe.com\/oracao-e-familia-como-a-espiritualidade-fortalece-lacos-familiares-em-tempos-de-mudanca-social\/#breadcrumb"},"inLanguage":"fr-FR","potentialAction":[{"@type":"ReadAction","target":["https:\/\/www.oracaoefe.com\/oracao-e-familia-como-a-espiritualidade-fortalece-lacos-familiares-em-tempos-de-mudanca-social\/"]}]},{"@type":"ImageObject","inLanguage":"fr-FR","@id":"https:\/\/www.oracaoefe.com\/oracao-e-familia-como-a-espiritualidade-fortalece-lacos-familiares-em-tempos-de-mudanca-social\/#primaryimage","url":"https:\/\/www.oracaoefe.com\/wp-content\/uploads\/2025\/12\/famlia.webp","contentUrl":"https:\/\/www.oracaoefe.com\/wp-content\/uploads\/2025\/12\/famlia.webp","width":1024,"height":1024},{"@type":"BreadcrumbList","@id":"https:\/\/www.oracaoefe.com\/oracao-e-familia-como-a-espiritualidade-fortalece-lacos-familiares-em-tempos-de-mudanca-social\/#breadcrumb","itemListElement":[{"@type":"ListItem","position":1,"name":"Home","item":"https:\/\/www.oracaoefe.com\/"},{"@type":"ListItem","position":2,"name":"Fique por Dentro","item":"https:\/\/www.oracaoefe.com\/category\/fique-por-dentro\/"},{"@type":"ListItem","position":3,"name":"Ora\u00e7\u00e3o e Fam\u00edlia: Como a Espiritualidade Fortalece La\u00e7os Familiares em Tempos de Mudan\u00e7a Social"}]},{"@type":"WebSite","@id":"https:\/\/www.oracaoefe.com\/#website","url":"https:\/\/www.oracaoefe.com\/","name":"Pri\u00e8re et foi","description":"","potentialAction":[{"@type":"SearchAction","target":{"@type":"EntryPoint","urlTemplate":"https:\/\/www.oracaoefe.com\/?s={search_term_string}"},"query-input":{"@type":"PropertyValueSpecification","valueRequired":true,"valueName":"search_term_string"}}],"inLanguage":"fr-FR"},{"@type":"Person","@id":"https:\/\/www.oracaoefe.com\/#\/schema\/person\/27873f1e6043866689f5091b5139f23d","name":"Maria","image":{"@type":"ImageObject","inLanguage":"fr-FR","@id":"https:\/\/secure.gravatar.com\/avatar\/4cac5ea56d40d599bd7348d330a83b1c84cd229296d1613cd1c7f6740561d0c9?s=96&d=mm&r=g","url":"https:\/\/secure.gravatar.com\/avatar\/4cac5ea56d40d599bd7348d330a83b1c84cd229296d1613cd1c7f6740561d0c9?s=96&d=mm&r=g","contentUrl":"https:\/\/secure.gravatar.com\/avatar\/4cac5ea56d40d599bd7348d330a83b1c84cd229296d1613cd1c7f6740561d0c9?s=96&d=mm&r=g","caption":"Maria"},"description":"Meu nome \u00e9 Maria e sou apaixonada por teologia, espiritualidade e estudos religiosos. H\u00e1 mais de 5 anos escrevo sobre o universo da f\u00e9, pesquisando diferentes religi\u00f5es, doutrinas, tradi\u00e7\u00f5es espirituais e curiosidades religiosas ao redor do mundo. Tenho grande interesse em compreender como a f\u00e9 e a religiosidade se manifestam em diferentes culturas, pa\u00edses e idiomas, sempre buscando aprender mais sobre os costumes, cren\u00e7as e hist\u00f3rias que influenciam milh\u00f5es de pessoas diariamente. Atualmente, atuo como redatora no portal Ora\u00e7\u00e3o e F\u00e9, onde compartilho conte\u00fados informativos, reflexivos e inspiradores voltados ao universo religioso e espiritual. Meu objetivo \u00e9 levar conhecimento, curiosidades e mensagens enriquecedoras para leitores que desejam aprofundar sua compreens\u00e3o sobre f\u00e9, religi\u00e3o e espiritualidade no mundo moderno.","sameAs":["https:\/\/www.oracaoefe.com"],"url":"https:\/\/www.oracaoefe.com\/fr\/author\/admin\/"}]}},"_links":{"self":[{"href":"https:\/\/www.oracaoefe.com\/fr\/wp-json\/wp\/v2\/posts\/3938","targetHints":{"allow":["GET"]}}],"collection":[{"href":"https:\/\/www.oracaoefe.com\/fr\/wp-json\/wp\/v2\/posts"}],"about":[{"href":"https:\/\/www.oracaoefe.com\/fr\/wp-json\/wp\/v2\/types\/post"}],"author":[{"embeddable":true,"href":"https:\/\/www.oracaoefe.com\/fr\/wp-json\/wp\/v2\/users\/1"}],"replies":[{"embeddable":true,"href":"https:\/\/www.oracaoefe.com\/fr\/wp-json\/wp\/v2\/comments?post=3938"}],"version-history":[{"count":1,"href":"https:\/\/www.oracaoefe.com\/fr\/wp-json\/wp\/v2\/posts\/3938\/revisions"}],"predecessor-version":[{"id":3940,"href":"https:\/\/www.oracaoefe.com\/fr\/wp-json\/wp\/v2\/posts\/3938\/revisions\/3940"}],"wp:featuredmedia":[{"embeddable":true,"href":"https:\/\/www.oracaoefe.com\/fr\/wp-json\/wp\/v2\/media\/3939"}],"wp:attachment":[{"href":"https:\/\/www.oracaoefe.com\/fr\/wp-json\/wp\/v2\/media?parent=3938"}],"wp:term":[{"taxonomy":"category","embeddable":true,"href":"https:\/\/www.oracaoefe.com\/fr\/wp-json\/wp\/v2\/categories?post=3938"},{"taxonomy":"post_tag","embeddable":true,"href":"https:\/\/www.oracaoefe.com\/fr\/wp-json\/wp\/v2\/tags?post=3938"}],"curies":[{"name":"wp","href":"https:\/\/api.w.org\/{rel}","templated":true}]}}