{"id":3935,"date":"2026-07-18T19:41:54","date_gmt":"2026-07-18T22:41:54","guid":{"rendered":"https:\/\/www.oracaoefe.com\/?p=3935"},"modified":"2025-12-16T19:44:01","modified_gmt":"2025-12-16T22:44:01","slug":"oracao-e-tecnologia-como-a-espiritualidade-esta-se-adaptando-a-era-da-inteligencia-artificial","status":"publish","type":"post","link":"https:\/\/www.oracaoefe.com\/fr\/oracao-e-tecnologia-como-a-espiritualidade-esta-se-adaptando-a-era-da-inteligencia-artificial\/","title":{"rendered":"Ora\u00e7\u00e3o e Tecnologia: Como a Espiritualidade Est\u00e1 Se Adaptando \u00e0 Era da Intelig\u00eancia Artificial"},"content":{"rendered":"<h2 class=\"wp-block-heading\">Introdu\u00e7\u00e3o<\/h2>\n\n\n\n<p class=\"wp-block-paragraph\">A tecnologia transformou radicalmente a forma como as pessoas vivem, trabalham e se relacionam. A ascens\u00e3o da intelig\u00eancia artificial, da automa\u00e7\u00e3o e da hiperconectividade levanta quest\u00f5es profundas sobre identidade humana, prop\u00f3sito e limites \u00e9ticos. Em meio a essas transforma\u00e7\u00f5es, muitos acreditavam que a espiritualidade perderia espa\u00e7o. O que se observa, por\u00e9m, \u00e9 um movimento diferente: a f\u00e9 n\u00e3o desapareceu, mas passou por um processo de adapta\u00e7\u00e3o. A ora\u00e7\u00e3o, em especial, encontrou novas formas de existir na era digital, acompanhando a evolu\u00e7\u00e3o tecnol\u00f3gica sem perder sua ess\u00eancia.<\/p>\n\n\n\n<p class=\"wp-block-paragraph\">Este artigo analisa como a espiritualidade tem se integrado ao avan\u00e7o tecnol\u00f3gico, de que maneira a ora\u00e7\u00e3o dialoga com a intelig\u00eancia artificial e por que, mesmo em um mundo cada vez mais automatizado, a busca pelo transcendente continua relevante.<\/p>\n\n\n\n<h2 class=\"wp-block-heading\">A Tecnologia Como Novo Ambiente Existencial<\/h2>\n\n\n\n<p class=\"wp-block-paragraph\">A tecnologia deixou de ser apenas uma ferramenta e passou a moldar a experi\u00eancia humana. Algoritmos influenciam decis\u00f5es, intelig\u00eancias artificiais produzem conte\u00fado, e a automa\u00e7\u00e3o redefine o conceito de trabalho. Esse cen\u00e1rio levanta questionamentos profundos sobre autonomia, sentido e valor humano. Quanto mais as m\u00e1quinas se tornam eficientes, mais as pessoas se perguntam sobre o que as torna \u00fanicas.<\/p>\n\n\n\n<p class=\"wp-block-paragraph\">Nesse contexto, a espiritualidade surge como um contraponto essencial. A ora\u00e7\u00e3o oferece um espa\u00e7o onde a identidade humana n\u00e3o \u00e9 definida por produtividade, dados ou desempenho, mas por significado, consci\u00eancia e rela\u00e7\u00e3o com o transcendente. Essa dimens\u00e3o se torna ainda mais relevante \u00e0 medida que a tecnologia avan\u00e7a sobre \u00e1reas antes consideradas exclusivamente humanas.<\/p>\n\n\n\n<h2 class=\"wp-block-heading\">A Ora\u00e7\u00e3o na Era Digital<\/h2>\n\n\n\n<p class=\"wp-block-paragraph\">A pr\u00e1tica da ora\u00e7\u00e3o passou por uma transforma\u00e7\u00e3o significativa com a digitaliza\u00e7\u00e3o da vida cotidiana. Aplicativos, plataformas online e conte\u00fados espirituais dispon\u00edveis sob demanda ampliaram o acesso \u00e0 f\u00e9. Pessoas que antes n\u00e3o tinham contato com pr\u00e1ticas espirituais agora encontram ora\u00e7\u00f5es guiadas, leituras devocionais e comunidades virtuais com poucos cliques.<\/p>\n\n\n\n<p class=\"wp-block-paragraph\">Essa digitaliza\u00e7\u00e3o n\u00e3o substitui a experi\u00eancia espiritual, mas a amplia. A ora\u00e7\u00e3o continua sendo um ato interior, independente do meio utilizado. A tecnologia atua como facilitadora, permitindo const\u00e2ncia e acessibilidade, especialmente para quem vive em rotinas intensas ou em contextos onde a pr\u00e1tica religiosa presencial \u00e9 limitada.<\/p>\n\n\n\n<h2 class=\"wp-block-heading\">Intelig\u00eancia Artificial e Espiritualidade: Conflito ou Conviv\u00eancia<\/h2>\n\n\n\n<p class=\"wp-block-paragraph\">A presen\u00e7a da intelig\u00eancia artificial levanta questionamentos \u00e9ticos e espirituais. Muitos se perguntam se a automa\u00e7\u00e3o excessiva pode desumanizar rela\u00e7\u00f5es ou reduzir a capacidade de reflex\u00e3o profunda. Nesse cen\u00e1rio, a ora\u00e7\u00e3o atua como um espa\u00e7o de resist\u00eancia \u00e0 mecaniza\u00e7\u00e3o da experi\u00eancia humana.<\/p>\n\n\n\n<p class=\"wp-block-paragraph\">A f\u00e9 lembra que nem tudo pode ser quantificado, previsto ou otimizado. A espiritualidade preserva a dimens\u00e3o do mist\u00e9rio, da intui\u00e7\u00e3o e da consci\u00eancia moral, aspectos que n\u00e3o podem ser plenamente replicados por m\u00e1quinas. A ora\u00e7\u00e3o, portanto, n\u00e3o compete com a intelig\u00eancia artificial, mas reafirma os limites do que a tecnologia pode oferecer.<\/p>\n\n\n\n<h2 class=\"wp-block-heading\">A Busca por Sentido em um Mundo Automatizado<\/h2>\n\n\n\n<p class=\"wp-block-paragraph\">\u00c0 medida que tarefas s\u00e3o automatizadas e profiss\u00f5es se transformam, muitas pessoas enfrentam crises de identidade e prop\u00f3sito. O trabalho, que historicamente estruturou a vida social e pessoal, passa por uma redefini\u00e7\u00e3o profunda. Nesse contexto, a ora\u00e7\u00e3o ajuda indiv\u00edduos a reinterpretarem seu valor para al\u00e9m da fun\u00e7\u00e3o produtiva.<\/p>\n\n\n\n<p class=\"wp-block-paragraph\">A espiritualidade oferece uma narrativa de sentido que n\u00e3o depende de efici\u00eancia ou desempenho tecnol\u00f3gico. Ao orar, o indiv\u00edduo reafirma sua dignidade intr\u00ednseca, independentemente de sua utilidade econ\u00f4mica. Essa perspectiva \u00e9 fundamental para enfrentar as incertezas geradas pela r\u00e1pida evolu\u00e7\u00e3o tecnol\u00f3gica.<\/p>\n\n\n\n<h2 class=\"wp-block-heading\">F\u00e9 e \u00c9tica no Uso da Tecnologia<\/h2>\n\n\n\n<p class=\"wp-block-paragraph\">Outro aspecto central da rela\u00e7\u00e3o entre ora\u00e7\u00e3o e tecnologia \u00e9 a reflex\u00e3o \u00e9tica. O avan\u00e7o da intelig\u00eancia artificial levanta dilemas sobre privacidade, responsabilidade, justi\u00e7a e impacto social. A ora\u00e7\u00e3o, como pr\u00e1tica reflexiva, contribui para o desenvolvimento de uma consci\u00eancia \u00e9tica mais apurada.<\/p>\n\n\n\n<p class=\"wp-block-paragraph\">Pessoas que cultivam espiritualidade tendem a refletir com mais profundidade sobre as consequ\u00eancias de suas escolhas tecnol\u00f3gicas. A f\u00e9 n\u00e3o fornece respostas prontas para dilemas complexos, mas estimula uma postura de responsabilidade, empatia e cuidado com o outro, valores essenciais em um mundo cada vez mais mediado por tecnologia.<\/p>\n\n\n\n<h2 class=\"wp-block-heading\">Comunidades de F\u00e9 no Ambiente Digital<\/h2>\n\n\n\n<p class=\"wp-block-paragraph\">As comunidades espirituais tamb\u00e9m passaram por um processo de adapta\u00e7\u00e3o \u00e0 era digital. Grupos de ora\u00e7\u00e3o online, transmiss\u00f5es ao vivo e f\u00f3runs de discuss\u00e3o espiritual permitem que pessoas de diferentes regi\u00f5es compartilhem experi\u00eancias de f\u00e9. Essas comunidades oferecem apoio emocional e espiritual em um ambiente virtual, reduzindo o isolamento e ampliando o senso de pertencimento.<\/p>\n\n\n\n<p class=\"wp-block-paragraph\">Embora o contato presencial continue sendo importante, as comunidades digitais demonstram que a espiritualidade pode florescer mesmo em ambientes tecnologicamente mediados. A ora\u00e7\u00e3o coletiva, ainda que virtual, mant\u00e9m sua capacidade de fortalecer v\u00ednculos e promover solidariedade.<\/p>\n\n\n\n<h2 class=\"wp-block-heading\">Ora\u00e7\u00e3o Como Contraponto \u00e0 Depend\u00eancia Tecnol\u00f3gica<\/h2>\n\n\n\n<p class=\"wp-block-paragraph\">O uso excessivo de tecnologia pode gerar depend\u00eancia, distra\u00e7\u00e3o constante e dificuldade de introspec\u00e7\u00e3o. A ora\u00e7\u00e3o atua como um contraponto a esse fen\u00f4meno ao incentivar momentos de sil\u00eancio e desconex\u00e3o consciente. Ao reservar tempo para a espiritualidade, o indiv\u00edduo estabelece limites saud\u00e1veis no uso da tecnologia.<\/p>\n\n\n\n<p class=\"wp-block-paragraph\">Essa pr\u00e1tica contribui para a recupera\u00e7\u00e3o da aten\u00e7\u00e3o plena e da capacidade de reflex\u00e3o profunda, habilidades cada vez mais raras em um mundo dominado por notifica\u00e7\u00f5es e est\u00edmulos cont\u00ednuos. A ora\u00e7\u00e3o, nesse sentido, ajuda a restaurar o equil\u00edbrio entre conectividade e presen\u00e7a interior.<\/p>\n\n\n\n<h2 class=\"wp-block-heading\">Limites da Tecnologia na Experi\u00eancia Espiritual<\/h2>\n\n\n\n<p class=\"wp-block-paragraph\">Apesar dos avan\u00e7os tecnol\u00f3gicos, existem dimens\u00f5es da experi\u00eancia espiritual que n\u00e3o podem ser automatizadas. A ora\u00e7\u00e3o envolve inten\u00e7\u00e3o, consci\u00eancia e rela\u00e7\u00e3o subjetiva, elementos que n\u00e3o podem ser plenamente replicados por sistemas artificiais. Reconhecer esses limites \u00e9 essencial para preservar a autenticidade da f\u00e9 em um mundo digital.<\/p>\n\n\n\n<p class=\"wp-block-paragraph\">A tecnologia pode apoiar a pr\u00e1tica espiritual, mas n\u00e3o substitu\u00ed-la. A ora\u00e7\u00e3o continua sendo um ato humano profundo, que exige presen\u00e7a, vulnerabilidade e abertura ao transcendente.<\/p>\n\n\n\n<h2 class=\"wp-block-heading\">Conclus\u00e3o<\/h2>\n\n\n\n<p class=\"wp-block-paragraph\">A rela\u00e7\u00e3o entre ora\u00e7\u00e3o e tecnologia revela que a espiritualidade n\u00e3o \u00e9 incompat\u00edvel com a era da intelig\u00eancia artificial. Pelo contr\u00e1rio, \u00e0 medida que a tecnologia avan\u00e7a, a necessidade de sentido, \u00e9tica e conex\u00e3o interior se torna ainda mais evidente. A ora\u00e7\u00e3o se adapta aos novos contextos, utilizando ferramentas digitais sem perder sua ess\u00eancia.<\/p>\n\n\n\n<p class=\"wp-block-paragraph\">Em um mundo cada vez mais automatizado, a f\u00e9 reafirma o valor do humano, lembrando que consci\u00eancia, prop\u00f3sito e transcend\u00eancia n\u00e3o podem ser reduzidos a algoritmos. A ora\u00e7\u00e3o permanece como um espa\u00e7o de equil\u00edbrio, reflex\u00e3o e humanidade em meio \u00e0 revolu\u00e7\u00e3o tecnol\u00f3gica.<\/p>","protected":false},"excerpt":{"rendered":"<p>Introdu\u00e7\u00e3o A tecnologia transformou radicalmente a forma como as pessoas vivem, trabalham e se relacionam. A ascens\u00e3o da intelig\u00eancia artificial, da automa\u00e7\u00e3o e da hiperconectividade levanta quest\u00f5es profundas sobre identidade humana, prop\u00f3sito e limites \u00e9ticos. Em meio a essas transforma\u00e7\u00f5es, muitos acreditavam que a espiritualidade perderia espa\u00e7o. O que se observa, por\u00e9m, \u00e9 um movimento&hellip;&nbsp;<\/p>","protected":false},"author":1,"featured_media":3936,"comment_status":"closed","ping_status":"closed","sticky":false,"template":"","format":"standard","meta":{"neve_meta_sidebar":"","neve_meta_container":"","neve_meta_enable_content_width":"","neve_meta_content_width":0,"neve_meta_title_alignment":"","neve_meta_author_avatar":"","neve_post_elements_order":"","neve_meta_disable_header":"","neve_meta_disable_footer":"","neve_meta_disable_title":"","footnotes":""},"categories":[4],"tags":[],"class_list":["post-3935","post","type-post","status-publish","format-standard","has-post-thumbnail","hentry","category-fique-por-dentro"],"yoast_head":"<!-- This site is optimized with the Yoast SEO plugin v28.4 - https:\/\/yoast.com\/product\/yoast-seo-wordpress\/ -->\n<title>Ora\u00e7\u00e3o e Tecnologia: Como a Espiritualidade Est\u00e1 Se Adaptando \u00e0 Era da Intelig\u00eancia Artificial - Ora\u00e7\u00e3o e F\u00e9<\/title>\n<meta name=\"description\" content=\"Deus tem pra voc\u00ea uma palavra de vida!\" \/>\n<meta name=\"robots\" content=\"index, follow, max-snippet:-1, max-image-preview:large, max-video-preview:-1\" \/>\n<link rel=\"canonical\" href=\"https:\/\/www.oracaoefe.com\/fr\/oracao-e-tecnologia-como-a-espiritualidade-esta-se-adaptando-a-era-da-inteligencia-artificial\/\" \/>\n<meta property=\"og:locale\" content=\"fr_FR\" \/>\n<meta property=\"og:type\" content=\"article\" \/>\n<meta property=\"og:title\" content=\"Ora\u00e7\u00e3o e Tecnologia: Como a Espiritualidade Est\u00e1 Se Adaptando \u00e0 Era da Intelig\u00eancia Artificial - Ora\u00e7\u00e3o e F\u00e9\" \/>\n<meta property=\"og:description\" content=\"Deus tem pra voc\u00ea uma palavra de vida!\" \/>\n<meta property=\"og:url\" content=\"https:\/\/www.oracaoefe.com\/fr\/oracao-e-tecnologia-como-a-espiritualidade-esta-se-adaptando-a-era-da-inteligencia-artificial\/\" \/>\n<meta property=\"og:site_name\" content=\"Ora\u00e7\u00e3o e F\u00e9\" \/>\n<meta property=\"article:published_time\" content=\"2026-07-18T22:41:54+00:00\" \/>\n<meta property=\"og:image\" content=\"https:\/\/www.oracaoefe.com\/wp-content\/uploads\/2025\/12\/tecnoligia-e-religiao.webp\" \/>\n\t<meta property=\"og:image:width\" content=\"1024\" \/>\n\t<meta property=\"og:image:height\" content=\"1024\" \/>\n\t<meta property=\"og:image:type\" content=\"image\/webp\" \/>\n<meta name=\"author\" content=\"Maria\" \/>\n<meta name=\"twitter:card\" content=\"summary_large_image\" \/>\n<meta name=\"twitter:label1\" content=\"\u00c9crit par\" \/>\n\t<meta name=\"twitter:data1\" content=\"Maria\" \/>\n\t<meta name=\"twitter:label2\" content=\"Dur\u00e9e de lecture estim\u00e9e\" \/>\n\t<meta name=\"twitter:data2\" content=\"6 minutes\" \/>\n<script type=\"application\/ld+json\" class=\"yoast-schema-graph\">{\"@context\":\"https:\\\/\\\/schema.org\",\"@graph\":[{\"@type\":\"Article\",\"@id\":\"https:\\\/\\\/www.oracaoefe.com\\\/oracao-e-tecnologia-como-a-espiritualidade-esta-se-adaptando-a-era-da-inteligencia-artificial\\\/#article\",\"isPartOf\":{\"@id\":\"https:\\\/\\\/www.oracaoefe.com\\\/oracao-e-tecnologia-como-a-espiritualidade-esta-se-adaptando-a-era-da-inteligencia-artificial\\\/\"},\"author\":{\"name\":\"Maria\",\"@id\":\"https:\\\/\\\/www.oracaoefe.com\\\/#\\\/schema\\\/person\\\/27873f1e6043866689f5091b5139f23d\"},\"headline\":\"Ora\u00e7\u00e3o e Tecnologia: Como a Espiritualidade Est\u00e1 Se Adaptando \u00e0 Era da Intelig\u00eancia Artificial\",\"datePublished\":\"2026-07-18T22:41:54+00:00\",\"mainEntityOfPage\":{\"@id\":\"https:\\\/\\\/www.oracaoefe.com\\\/oracao-e-tecnologia-como-a-espiritualidade-esta-se-adaptando-a-era-da-inteligencia-artificial\\\/\"},\"wordCount\":1182,\"image\":{\"@id\":\"https:\\\/\\\/www.oracaoefe.com\\\/oracao-e-tecnologia-como-a-espiritualidade-esta-se-adaptando-a-era-da-inteligencia-artificial\\\/#primaryimage\"},\"thumbnailUrl\":\"https:\\\/\\\/www.oracaoefe.com\\\/wp-content\\\/uploads\\\/2025\\\/12\\\/tecnoligia-e-religiao.webp\",\"articleSection\":[\"Fique por Dentro\"],\"inLanguage\":\"fr-FR\"},{\"@type\":\"WebPage\",\"@id\":\"https:\\\/\\\/www.oracaoefe.com\\\/oracao-e-tecnologia-como-a-espiritualidade-esta-se-adaptando-a-era-da-inteligencia-artificial\\\/\",\"url\":\"https:\\\/\\\/www.oracaoefe.com\\\/oracao-e-tecnologia-como-a-espiritualidade-esta-se-adaptando-a-era-da-inteligencia-artificial\\\/\",\"name\":\"Ora\u00e7\u00e3o e Tecnologia: Como a Espiritualidade Est\u00e1 Se Adaptando \u00e0 Era da Intelig\u00eancia Artificial - Ora\u00e7\u00e3o e F\u00e9\",\"isPartOf\":{\"@id\":\"https:\\\/\\\/www.oracaoefe.com\\\/#website\"},\"primaryImageOfPage\":{\"@id\":\"https:\\\/\\\/www.oracaoefe.com\\\/oracao-e-tecnologia-como-a-espiritualidade-esta-se-adaptando-a-era-da-inteligencia-artificial\\\/#primaryimage\"},\"image\":{\"@id\":\"https:\\\/\\\/www.oracaoefe.com\\\/oracao-e-tecnologia-como-a-espiritualidade-esta-se-adaptando-a-era-da-inteligencia-artificial\\\/#primaryimage\"},\"thumbnailUrl\":\"https:\\\/\\\/www.oracaoefe.com\\\/wp-content\\\/uploads\\\/2025\\\/12\\\/tecnoligia-e-religiao.webp\",\"datePublished\":\"2026-07-18T22:41:54+00:00\",\"author\":{\"@id\":\"https:\\\/\\\/www.oracaoefe.com\\\/#\\\/schema\\\/person\\\/27873f1e6043866689f5091b5139f23d\"},\"description\":\"Deus tem pra voc\u00ea uma palavra de vida!\",\"breadcrumb\":{\"@id\":\"https:\\\/\\\/www.oracaoefe.com\\\/oracao-e-tecnologia-como-a-espiritualidade-esta-se-adaptando-a-era-da-inteligencia-artificial\\\/#breadcrumb\"},\"inLanguage\":\"fr-FR\",\"potentialAction\":[{\"@type\":\"ReadAction\",\"target\":[\"https:\\\/\\\/www.oracaoefe.com\\\/oracao-e-tecnologia-como-a-espiritualidade-esta-se-adaptando-a-era-da-inteligencia-artificial\\\/\"]}]},{\"@type\":\"ImageObject\",\"inLanguage\":\"fr-FR\",\"@id\":\"https:\\\/\\\/www.oracaoefe.com\\\/oracao-e-tecnologia-como-a-espiritualidade-esta-se-adaptando-a-era-da-inteligencia-artificial\\\/#primaryimage\",\"url\":\"https:\\\/\\\/www.oracaoefe.com\\\/wp-content\\\/uploads\\\/2025\\\/12\\\/tecnoligia-e-religiao.webp\",\"contentUrl\":\"https:\\\/\\\/www.oracaoefe.com\\\/wp-content\\\/uploads\\\/2025\\\/12\\\/tecnoligia-e-religiao.webp\",\"width\":1024,\"height\":1024},{\"@type\":\"BreadcrumbList\",\"@id\":\"https:\\\/\\\/www.oracaoefe.com\\\/oracao-e-tecnologia-como-a-espiritualidade-esta-se-adaptando-a-era-da-inteligencia-artificial\\\/#breadcrumb\",\"itemListElement\":[{\"@type\":\"ListItem\",\"position\":1,\"name\":\"Home\",\"item\":\"https:\\\/\\\/www.oracaoefe.com\\\/\"},{\"@type\":\"ListItem\",\"position\":2,\"name\":\"Fique por Dentro\",\"item\":\"https:\\\/\\\/www.oracaoefe.com\\\/category\\\/fique-por-dentro\\\/\"},{\"@type\":\"ListItem\",\"position\":3,\"name\":\"Ora\u00e7\u00e3o e Tecnologia: Como a Espiritualidade Est\u00e1 Se Adaptando \u00e0 Era da Intelig\u00eancia Artificial\"}]},{\"@type\":\"WebSite\",\"@id\":\"https:\\\/\\\/www.oracaoefe.com\\\/#website\",\"url\":\"https:\\\/\\\/www.oracaoefe.com\\\/\",\"name\":\"Ora\u00e7\u00e3o e F\u00e9\",\"description\":\"\",\"potentialAction\":[{\"@type\":\"SearchAction\",\"target\":{\"@type\":\"EntryPoint\",\"urlTemplate\":\"https:\\\/\\\/www.oracaoefe.com\\\/?s={search_term_string}\"},\"query-input\":{\"@type\":\"PropertyValueSpecification\",\"valueRequired\":true,\"valueName\":\"search_term_string\"}}],\"inLanguage\":\"fr-FR\"},{\"@type\":\"Person\",\"@id\":\"https:\\\/\\\/www.oracaoefe.com\\\/#\\\/schema\\\/person\\\/27873f1e6043866689f5091b5139f23d\",\"name\":\"Maria\",\"image\":{\"@type\":\"ImageObject\",\"inLanguage\":\"fr-FR\",\"@id\":\"https:\\\/\\\/secure.gravatar.com\\\/avatar\\\/4cac5ea56d40d599bd7348d330a83b1c84cd229296d1613cd1c7f6740561d0c9?s=96&d=mm&r=g\",\"url\":\"https:\\\/\\\/secure.gravatar.com\\\/avatar\\\/4cac5ea56d40d599bd7348d330a83b1c84cd229296d1613cd1c7f6740561d0c9?s=96&d=mm&r=g\",\"contentUrl\":\"https:\\\/\\\/secure.gravatar.com\\\/avatar\\\/4cac5ea56d40d599bd7348d330a83b1c84cd229296d1613cd1c7f6740561d0c9?s=96&d=mm&r=g\",\"caption\":\"Maria\"},\"description\":\"Meu nome \u00e9 Maria e sou apaixonada por teologia, espiritualidade e estudos religiosos. H\u00e1 mais de 5 anos escrevo sobre o universo da f\u00e9, pesquisando diferentes religi\u00f5es, doutrinas, tradi\u00e7\u00f5es espirituais e curiosidades religiosas ao redor do mundo. Tenho grande interesse em compreender como a f\u00e9 e a religiosidade se manifestam em diferentes culturas, pa\u00edses e idiomas, sempre buscando aprender mais sobre os costumes, cren\u00e7as e hist\u00f3rias que influenciam milh\u00f5es de pessoas diariamente. Atualmente, atuo como redatora no portal Ora\u00e7\u00e3o e F\u00e9, onde compartilho conte\u00fados informativos, reflexivos e inspiradores voltados ao universo religioso e espiritual. Meu objetivo \u00e9 levar conhecimento, curiosidades e mensagens enriquecedoras para leitores que desejam aprofundar sua compreens\u00e3o sobre f\u00e9, religi\u00e3o e espiritualidade no mundo moderno.\",\"sameAs\":[\"https:\\\/\\\/www.oracaoefe.com\"],\"url\":\"https:\\\/\\\/www.oracaoefe.com\\\/fr\\\/author\\\/admin\\\/\"}]}<\/script>\n<!-- \/ Yoast SEO plugin. -->","yoast_head_json":{"title":"Ora\u00e7\u00e3o e Tecnologia: Como a Espiritualidade Est\u00e1 Se Adaptando \u00e0 Era da Intelig\u00eancia Artificial - Ora\u00e7\u00e3o e F\u00e9","description":"Dieu a une parole de vie pour vous !","robots":{"index":"index","follow":"follow","max-snippet":"max-snippet:-1","max-image-preview":"max-image-preview:large","max-video-preview":"max-video-preview:-1"},"canonical":"https:\/\/www.oracaoefe.com\/fr\/oracao-e-tecnologia-como-a-espiritualidade-esta-se-adaptando-a-era-da-inteligencia-artificial\/","og_locale":"fr_FR","og_type":"article","og_title":"Ora\u00e7\u00e3o e Tecnologia: Como a Espiritualidade Est\u00e1 Se Adaptando \u00e0 Era da Intelig\u00eancia Artificial - Ora\u00e7\u00e3o e F\u00e9","og_description":"Deus tem pra voc\u00ea uma palavra de vida!","og_url":"https:\/\/www.oracaoefe.com\/fr\/oracao-e-tecnologia-como-a-espiritualidade-esta-se-adaptando-a-era-da-inteligencia-artificial\/","og_site_name":"Ora\u00e7\u00e3o e F\u00e9","article_published_time":"2026-07-18T22:41:54+00:00","og_image":[{"width":1024,"height":1024,"url":"https:\/\/www.oracaoefe.com\/wp-content\/uploads\/2025\/12\/tecnoligia-e-religiao.webp","type":"image\/webp"}],"author":"Maria","twitter_card":"summary_large_image","twitter_misc":{"\u00c9crit par":"Maria","Dur\u00e9e de lecture estim\u00e9e":"6 minutes"},"schema":{"@context":"https:\/\/schema.org","@graph":[{"@type":"Article","@id":"https:\/\/www.oracaoefe.com\/oracao-e-tecnologia-como-a-espiritualidade-esta-se-adaptando-a-era-da-inteligencia-artificial\/#article","isPartOf":{"@id":"https:\/\/www.oracaoefe.com\/oracao-e-tecnologia-como-a-espiritualidade-esta-se-adaptando-a-era-da-inteligencia-artificial\/"},"author":{"name":"Maria","@id":"https:\/\/www.oracaoefe.com\/#\/schema\/person\/27873f1e6043866689f5091b5139f23d"},"headline":"Ora\u00e7\u00e3o e Tecnologia: Como a Espiritualidade Est\u00e1 Se Adaptando \u00e0 Era da Intelig\u00eancia Artificial","datePublished":"2026-07-18T22:41:54+00:00","mainEntityOfPage":{"@id":"https:\/\/www.oracaoefe.com\/oracao-e-tecnologia-como-a-espiritualidade-esta-se-adaptando-a-era-da-inteligencia-artificial\/"},"wordCount":1182,"image":{"@id":"https:\/\/www.oracaoefe.com\/oracao-e-tecnologia-como-a-espiritualidade-esta-se-adaptando-a-era-da-inteligencia-artificial\/#primaryimage"},"thumbnailUrl":"https:\/\/www.oracaoefe.com\/wp-content\/uploads\/2025\/12\/tecnoligia-e-religiao.webp","articleSection":["Fique por Dentro"],"inLanguage":"fr-FR"},{"@type":"WebPage","@id":"https:\/\/www.oracaoefe.com\/oracao-e-tecnologia-como-a-espiritualidade-esta-se-adaptando-a-era-da-inteligencia-artificial\/","url":"https:\/\/www.oracaoefe.com\/oracao-e-tecnologia-como-a-espiritualidade-esta-se-adaptando-a-era-da-inteligencia-artificial\/","name":"Ora\u00e7\u00e3o e Tecnologia: Como a Espiritualidade Est\u00e1 Se Adaptando \u00e0 Era da Intelig\u00eancia Artificial - Ora\u00e7\u00e3o e F\u00e9","isPartOf":{"@id":"https:\/\/www.oracaoefe.com\/#website"},"primaryImageOfPage":{"@id":"https:\/\/www.oracaoefe.com\/oracao-e-tecnologia-como-a-espiritualidade-esta-se-adaptando-a-era-da-inteligencia-artificial\/#primaryimage"},"image":{"@id":"https:\/\/www.oracaoefe.com\/oracao-e-tecnologia-como-a-espiritualidade-esta-se-adaptando-a-era-da-inteligencia-artificial\/#primaryimage"},"thumbnailUrl":"https:\/\/www.oracaoefe.com\/wp-content\/uploads\/2025\/12\/tecnoligia-e-religiao.webp","datePublished":"2026-07-18T22:41:54+00:00","author":{"@id":"https:\/\/www.oracaoefe.com\/#\/schema\/person\/27873f1e6043866689f5091b5139f23d"},"description":"Dieu a une parole de vie pour vous !","breadcrumb":{"@id":"https:\/\/www.oracaoefe.com\/oracao-e-tecnologia-como-a-espiritualidade-esta-se-adaptando-a-era-da-inteligencia-artificial\/#breadcrumb"},"inLanguage":"fr-FR","potentialAction":[{"@type":"ReadAction","target":["https:\/\/www.oracaoefe.com\/oracao-e-tecnologia-como-a-espiritualidade-esta-se-adaptando-a-era-da-inteligencia-artificial\/"]}]},{"@type":"ImageObject","inLanguage":"fr-FR","@id":"https:\/\/www.oracaoefe.com\/oracao-e-tecnologia-como-a-espiritualidade-esta-se-adaptando-a-era-da-inteligencia-artificial\/#primaryimage","url":"https:\/\/www.oracaoefe.com\/wp-content\/uploads\/2025\/12\/tecnoligia-e-religiao.webp","contentUrl":"https:\/\/www.oracaoefe.com\/wp-content\/uploads\/2025\/12\/tecnoligia-e-religiao.webp","width":1024,"height":1024},{"@type":"BreadcrumbList","@id":"https:\/\/www.oracaoefe.com\/oracao-e-tecnologia-como-a-espiritualidade-esta-se-adaptando-a-era-da-inteligencia-artificial\/#breadcrumb","itemListElement":[{"@type":"ListItem","position":1,"name":"Home","item":"https:\/\/www.oracaoefe.com\/"},{"@type":"ListItem","position":2,"name":"Fique por Dentro","item":"https:\/\/www.oracaoefe.com\/category\/fique-por-dentro\/"},{"@type":"ListItem","position":3,"name":"Ora\u00e7\u00e3o e Tecnologia: Como a Espiritualidade Est\u00e1 Se Adaptando \u00e0 Era da Intelig\u00eancia Artificial"}]},{"@type":"WebSite","@id":"https:\/\/www.oracaoefe.com\/#website","url":"https:\/\/www.oracaoefe.com\/","name":"Pri\u00e8re et foi","description":"","potentialAction":[{"@type":"SearchAction","target":{"@type":"EntryPoint","urlTemplate":"https:\/\/www.oracaoefe.com\/?s={search_term_string}"},"query-input":{"@type":"PropertyValueSpecification","valueRequired":true,"valueName":"search_term_string"}}],"inLanguage":"fr-FR"},{"@type":"Person","@id":"https:\/\/www.oracaoefe.com\/#\/schema\/person\/27873f1e6043866689f5091b5139f23d","name":"Maria","image":{"@type":"ImageObject","inLanguage":"fr-FR","@id":"https:\/\/secure.gravatar.com\/avatar\/4cac5ea56d40d599bd7348d330a83b1c84cd229296d1613cd1c7f6740561d0c9?s=96&d=mm&r=g","url":"https:\/\/secure.gravatar.com\/avatar\/4cac5ea56d40d599bd7348d330a83b1c84cd229296d1613cd1c7f6740561d0c9?s=96&d=mm&r=g","contentUrl":"https:\/\/secure.gravatar.com\/avatar\/4cac5ea56d40d599bd7348d330a83b1c84cd229296d1613cd1c7f6740561d0c9?s=96&d=mm&r=g","caption":"Maria"},"description":"Meu nome \u00e9 Maria e sou apaixonada por teologia, espiritualidade e estudos religiosos. H\u00e1 mais de 5 anos escrevo sobre o universo da f\u00e9, pesquisando diferentes religi\u00f5es, doutrinas, tradi\u00e7\u00f5es espirituais e curiosidades religiosas ao redor do mundo. Tenho grande interesse em compreender como a f\u00e9 e a religiosidade se manifestam em diferentes culturas, pa\u00edses e idiomas, sempre buscando aprender mais sobre os costumes, cren\u00e7as e hist\u00f3rias que influenciam milh\u00f5es de pessoas diariamente. Atualmente, atuo como redatora no portal Ora\u00e7\u00e3o e F\u00e9, onde compartilho conte\u00fados informativos, reflexivos e inspiradores voltados ao universo religioso e espiritual. Meu objetivo \u00e9 levar conhecimento, curiosidades e mensagens enriquecedoras para leitores que desejam aprofundar sua compreens\u00e3o sobre f\u00e9, religi\u00e3o e espiritualidade no mundo moderno.","sameAs":["https:\/\/www.oracaoefe.com"],"url":"https:\/\/www.oracaoefe.com\/fr\/author\/admin\/"}]}},"_links":{"self":[{"href":"https:\/\/www.oracaoefe.com\/fr\/wp-json\/wp\/v2\/posts\/3935","targetHints":{"allow":["GET"]}}],"collection":[{"href":"https:\/\/www.oracaoefe.com\/fr\/wp-json\/wp\/v2\/posts"}],"about":[{"href":"https:\/\/www.oracaoefe.com\/fr\/wp-json\/wp\/v2\/types\/post"}],"author":[{"embeddable":true,"href":"https:\/\/www.oracaoefe.com\/fr\/wp-json\/wp\/v2\/users\/1"}],"replies":[{"embeddable":true,"href":"https:\/\/www.oracaoefe.com\/fr\/wp-json\/wp\/v2\/comments?post=3935"}],"version-history":[{"count":1,"href":"https:\/\/www.oracaoefe.com\/fr\/wp-json\/wp\/v2\/posts\/3935\/revisions"}],"predecessor-version":[{"id":3937,"href":"https:\/\/www.oracaoefe.com\/fr\/wp-json\/wp\/v2\/posts\/3935\/revisions\/3937"}],"wp:featuredmedia":[{"embeddable":true,"href":"https:\/\/www.oracaoefe.com\/fr\/wp-json\/wp\/v2\/media\/3936"}],"wp:attachment":[{"href":"https:\/\/www.oracaoefe.com\/fr\/wp-json\/wp\/v2\/media?parent=3935"}],"wp:term":[{"taxonomy":"category","embeddable":true,"href":"https:\/\/www.oracaoefe.com\/fr\/wp-json\/wp\/v2\/categories?post=3935"},{"taxonomy":"post_tag","embeddable":true,"href":"https:\/\/www.oracaoefe.com\/fr\/wp-json\/wp\/v2\/tags?post=3935"}],"curies":[{"name":"wp","href":"https:\/\/api.w.org\/{rel}","templated":true}]}}