{"id":3932,"date":"2026-06-20T19:40:46","date_gmt":"2026-06-20T22:40:46","guid":{"rendered":"https:\/\/www.oracaoefe.com\/?p=3932"},"modified":"2025-12-16T19:41:51","modified_gmt":"2025-12-16T22:41:51","slug":"oracao-e-tomada-de-decisao-como-a-fe-influencia-escolhas-pessoais-e-profissionais-em-tempos-de-incerteza","status":"publish","type":"post","link":"https:\/\/www.oracaoefe.com\/fr\/oracao-e-tomada-de-decisao-como-a-fe-influencia-escolhas-pessoais-e-profissionais-em-tempos-de-incerteza\/","title":{"rendered":"Ora\u00e7\u00e3o e Tomada de Decis\u00e3o: Como a F\u00e9 Influencia Escolhas Pessoais e Profissionais em Tempos de Incerteza"},"content":{"rendered":"<h2 class=\"wp-block-heading\">Introdu\u00e7\u00e3o<\/h2>\n\n\n\n<p class=\"wp-block-paragraph\">Tomar decis\u00f5es nunca foi simples, mas no mundo contempor\u00e2neo esse processo se tornou ainda mais complexo. Excesso de op\u00e7\u00f5es, press\u00e3o por resultados r\u00e1pidos, medo de errar e instabilidade econ\u00f4mica criam um ambiente onde escolher se transforma em fonte constante de ansiedade. Decis\u00f5es pessoais e profissionais carregam consequ\u00eancias de longo prazo, e a inseguran\u00e7a diante do futuro leva muitas pessoas a buscarem refer\u00eancias que v\u00e3o al\u00e9m da l\u00f3gica racional. Nesse cen\u00e1rio, a ora\u00e7\u00e3o tem sido utilizada como uma ferramenta de orienta\u00e7\u00e3o e clareza, ajudando indiv\u00edduos a tomarem decis\u00f5es mais conscientes e alinhadas com seus valores.<\/p>\n\n\n\n<p class=\"wp-block-paragraph\">Este artigo analisa como a ora\u00e7\u00e3o influencia o processo de tomada de decis\u00e3o, de que forma a f\u00e9 contribui para escolhas mais equilibradas e por que a espiritualidade tem ganhado relev\u00e2ncia em contextos de incerteza.<\/p>\n\n\n\n<h2 class=\"wp-block-heading\">A Complexidade das Decis\u00f5es no Mundo Atual<\/h2>\n\n\n\n<p class=\"wp-block-paragraph\">A sociedade moderna oferece liberdade de escolha sem precedentes, mas essa abund\u00e2ncia vem acompanhada de sobrecarga mental. Decidir envolve avaliar riscos, prever cen\u00e1rios e lidar com a possibilidade de fracasso. Em um ambiente marcado por mudan\u00e7as r\u00e1pidas e imprevis\u00edveis, a sensa\u00e7\u00e3o de n\u00e3o ter informa\u00e7\u00f5es suficientes para escolher corretamente gera paralisia decis\u00f3ria e estresse cont\u00ednuo.<\/p>\n\n\n\n<p class=\"wp-block-paragraph\">Al\u00e9m disso, decis\u00f5es n\u00e3o afetam apenas o indiv\u00edduo, mas tamb\u00e9m familiares, equipes de trabalho e comunidades inteiras. Esse peso emocional faz com que muitas pessoas busquem apoio para reduzir a sensa\u00e7\u00e3o de responsabilidade isolada. A ora\u00e7\u00e3o surge, ent\u00e3o, como um recurso que ajuda a lidar com a press\u00e3o emocional associada \u00e0s escolhas importantes.<\/p>\n\n\n\n<h2 class=\"wp-block-heading\">A Ora\u00e7\u00e3o Como Espa\u00e7o de Clareza Mental<\/h2>\n\n\n\n<p class=\"wp-block-paragraph\">Um dos principais efeitos da ora\u00e7\u00e3o no processo decis\u00f3rio \u00e9 a cria\u00e7\u00e3o de clareza mental. Ao orar, o indiv\u00edduo se afasta temporariamente do ru\u00eddo externo e da avalanche de opini\u00f5es alheias, criando um espa\u00e7o interno de reflex\u00e3o. Esse distanciamento permite organizar pensamentos, identificar prioridades e distinguir o que \u00e9 medo do que \u00e9 convic\u00e7\u00e3o.<\/p>\n\n\n\n<p class=\"wp-block-paragraph\">A ora\u00e7\u00e3o funciona como um filtro emocional, reduzindo impulsividade e ajudando a avaliar op\u00e7\u00f5es com mais serenidade. Em vez de reagir imediatamente \u00e0s circunst\u00e2ncias, a pessoa passa a responder de forma mais consciente, considerando n\u00e3o apenas ganhos imediatos, mas consequ\u00eancias de longo prazo.<\/p>\n\n\n\n<h2 class=\"wp-block-heading\">F\u00e9 e Alinhamento com Valores Pessoais<\/h2>\n\n\n\n<p class=\"wp-block-paragraph\">Decis\u00f5es tomadas exclusivamente com base em conveni\u00eancia ou press\u00e3o externa tendem a gerar arrependimento e conflito interno. A ora\u00e7\u00e3o contribui para o alinhamento entre escolhas e valores pessoais, funcionando como um ponto de refer\u00eancia \u00e9tica e emocional. Ao refletir espiritualmente, o indiv\u00edduo revisita princ\u00edpios que considera fundamentais, como integridade, responsabilidade, prop\u00f3sito e equil\u00edbrio.<\/p>\n\n\n\n<p class=\"wp-block-paragraph\">Esse alinhamento reduz a probabilidade de decis\u00f5es contradit\u00f3rias com a pr\u00f3pria identidade. Mesmo quando escolhas dif\u00edceis precisam ser feitas, a sensa\u00e7\u00e3o de coer\u00eancia interna fortalece a confian\u00e7a e diminui o peso emocional do processo decis\u00f3rio.<\/p>\n\n\n\n<h2 class=\"wp-block-heading\">O Papel da Ora\u00e7\u00e3o em Decis\u00f5es Profissionais<\/h2>\n\n\n\n<p class=\"wp-block-paragraph\">No ambiente profissional, decis\u00f5es envolvem riscos financeiros, impacto na carreira e responsabilidades com outras pessoas. Mudan\u00e7as de emprego, investimentos, lideran\u00e7a de equipes e expans\u00e3o de neg\u00f3cios s\u00e3o exemplos de escolhas que geram alto n\u00edvel de estresse. A ora\u00e7\u00e3o tem sido utilizada como uma forma de buscar discernimento e equil\u00edbrio nesses momentos.<\/p>\n\n\n\n<p class=\"wp-block-paragraph\">Ao integrar a f\u00e9 ao processo decis\u00f3rio, profissionais relatam maior capacidade de lidar com incertezas e aceitar resultados que fogem ao controle. A espiritualidade ajuda a redefinir o conceito de sucesso, deslocando o foco exclusivo de resultados financeiros para crit\u00e9rios como \u00e9tica, impacto e sustentabilidade emocional.<\/p>\n\n\n\n<h2 class=\"wp-block-heading\">Ora\u00e7\u00e3o e Redu\u00e7\u00e3o da Ansiedade Decis\u00f3ria<\/h2>\n\n\n\n<p class=\"wp-block-paragraph\">A ansiedade decis\u00f3ria \u00e9 caracterizada pelo medo excessivo de errar e pelas d\u00favidas constantes ap\u00f3s a escolha. A ora\u00e7\u00e3o atua diretamente nesse aspecto ao reduzir a sensa\u00e7\u00e3o de isolamento emocional. Ao entregar a decis\u00e3o em um contexto espiritual, o indiv\u00edduo sente que n\u00e3o carrega sozinho todo o peso das consequ\u00eancias.<\/p>\n\n\n\n<p class=\"wp-block-paragraph\">Essa percep\u00e7\u00e3o n\u00e3o elimina a responsabilidade pessoal, mas alivia a press\u00e3o psicol\u00f3gica associada \u00e0 necessidade de controle absoluto. Como resultado, a pessoa tende a experimentar menos arrependimento e rumina\u00e7\u00e3o ap\u00f3s decidir, mesmo diante de cen\u00e1rios desafiadores.<\/p>\n\n\n\n<h2 class=\"wp-block-heading\">A Influ\u00eancia da Ora\u00e7\u00e3o em Decis\u00f5es Pessoais<\/h2>\n\n\n\n<p class=\"wp-block-paragraph\">Decis\u00f5es pessoais, como relacionamentos, mudan\u00e7as de estilo de vida e escolhas familiares, tamb\u00e9m s\u00e3o profundamente influenciadas pela f\u00e9. A ora\u00e7\u00e3o oferece um espa\u00e7o seguro para refletir sobre emo\u00e7\u00f5es, expectativas e limites, ajudando a evitar decis\u00f5es impulsivas motivadas por car\u00eancia ou medo.<\/p>\n\n\n\n<p class=\"wp-block-paragraph\">Ao orar, indiv\u00edduos conseguem avaliar melhor suas motiva\u00e7\u00f5es internas e identificar padr\u00f5es emocionais que podem comprometer escolhas saud\u00e1veis. Esse processo favorece decis\u00f5es mais maduras e alinhadas com objetivos de longo prazo.<\/p>\n\n\n\n<h2 class=\"wp-block-heading\">Ora\u00e7\u00e3o N\u00e3o Substitui An\u00e1lise, Mas Complementa<\/h2>\n\n\n\n<p class=\"wp-block-paragraph\">\u00c9 fundamental destacar que a ora\u00e7\u00e3o n\u00e3o substitui an\u00e1lise racional, planejamento ou busca por informa\u00e7\u00f5es. Pelo contr\u00e1rio, ela complementa esses processos ao oferecer equil\u00edbrio emocional e clareza interna. Decis\u00f5es bem fundamentadas combinam dados objetivos com autoconhecimento e valores pessoais.<\/p>\n\n\n\n<p class=\"wp-block-paragraph\">A integra\u00e7\u00e3o entre f\u00e9 e raz\u00e3o permite escolhas mais completas, que consideram tanto aspectos pr\u00e1ticos quanto emocionais. Esse equil\u00edbrio reduz conflitos internos e aumenta a capacidade de adapta\u00e7\u00e3o diante de imprevistos.<\/p>\n\n\n\n<h2 class=\"wp-block-heading\">Desafios e Mal-Entendidos Sobre F\u00e9 e Decis\u00e3o<\/h2>\n\n\n\n<p class=\"wp-block-paragraph\">Um equ\u00edvoco comum \u00e9 esperar que a ora\u00e7\u00e3o forne\u00e7a respostas imediatas ou sinais claros para todas as decis\u00f5es. Na pr\u00e1tica, a espiritualidade raramente elimina d\u00favidas por completo. Em vez disso, ela fortalece a capacidade de conviver com a incerteza e assumir riscos de forma consciente.<\/p>\n\n\n\n<p class=\"wp-block-paragraph\">Outro desafio \u00e9 delegar completamente decis\u00f5es \u00e0 f\u00e9, evitando responsabilidade pessoal. A ora\u00e7\u00e3o saud\u00e1vel estimula a\u00e7\u00e3o consciente e \u00e9tica, n\u00e3o passividade. Reconhecer esse equil\u00edbrio \u00e9 essencial para que a espiritualidade contribua de forma positiva no processo decis\u00f3rio.<\/p>\n\n\n\n<h2 class=\"wp-block-heading\">Ora\u00e7\u00e3o e Confian\u00e7a no Caminho Escolhido<\/h2>\n\n\n\n<p class=\"wp-block-paragraph\">Ap\u00f3s a decis\u00e3o, a ora\u00e7\u00e3o continua desempenhando um papel importante ao sustentar a confian\u00e7a no caminho escolhido. Em vez de alimentar arrependimentos constantes, a f\u00e9 ajuda a aceitar limita\u00e7\u00f5es e a aprender com os resultados, sejam eles positivos ou negativos.<\/p>\n\n\n\n<p class=\"wp-block-paragraph\">Essa postura fortalece a resili\u00eancia emocional e promove crescimento pessoal, transformando decis\u00f5es em oportunidades de aprendizado cont\u00ednuo.<\/p>\n\n\n\n<h2 class=\"wp-block-heading\">Conclus\u00e3o<\/h2>\n\n\n\n<p class=\"wp-block-paragraph\">A influ\u00eancia da ora\u00e7\u00e3o na tomada de decis\u00e3o revela o papel profundo da f\u00e9 em contextos de incerteza. Ao oferecer clareza mental, alinhamento com valores e redu\u00e7\u00e3o da ansiedade, a espiritualidade contribui para escolhas mais conscientes e equilibradas. Em um mundo marcado por complexidade e press\u00e3o constante, integrar ora\u00e7\u00e3o e reflex\u00e3o racional se mostra uma estrat\u00e9gia eficaz para lidar com decis\u00f5es pessoais e profissionais de forma mais saud\u00e1vel.<\/p>\n\n\n\n<p class=\"wp-block-paragraph\">A f\u00e9 n\u00e3o elimina riscos nem garante resultados, mas fortalece o indiv\u00edduo para caminhar com mais confian\u00e7a, responsabilidade e coer\u00eancia diante das escolhas inevit\u00e1veis da vida.<\/p>","protected":false},"excerpt":{"rendered":"<p>Introdu\u00e7\u00e3o Tomar decis\u00f5es nunca foi simples, mas no mundo contempor\u00e2neo esse processo se tornou ainda mais complexo. Excesso de op\u00e7\u00f5es, press\u00e3o por resultados r\u00e1pidos, medo de errar e instabilidade econ\u00f4mica criam um ambiente onde escolher se transforma em fonte constante de ansiedade. Decis\u00f5es pessoais e profissionais carregam consequ\u00eancias de longo prazo, e a inseguran\u00e7a diante&hellip;&nbsp;<\/p>","protected":false},"author":1,"featured_media":3933,"comment_status":"closed","ping_status":"closed","sticky":false,"template":"","format":"standard","meta":{"neve_meta_sidebar":"","neve_meta_container":"","neve_meta_enable_content_width":"","neve_meta_content_width":0,"neve_meta_title_alignment":"","neve_meta_author_avatar":"","neve_post_elements_order":"","neve_meta_disable_header":"","neve_meta_disable_footer":"","neve_meta_disable_title":"","footnotes":""},"categories":[4],"tags":[],"class_list":["post-3932","post","type-post","status-publish","format-standard","has-post-thumbnail","hentry","category-fique-por-dentro"],"yoast_head":"<!-- This site is optimized with the Yoast SEO plugin v28.4 - https:\/\/yoast.com\/product\/yoast-seo-wordpress\/ -->\n<title>Ora\u00e7\u00e3o e Tomada de Decis\u00e3o: Como a F\u00e9 Influencia Escolhas Pessoais e Profissionais em Tempos de Incerteza - Ora\u00e7\u00e3o e F\u00e9<\/title>\n<meta name=\"description\" content=\"Deus tem pra voc\u00ea uma palavra de vida!\" \/>\n<meta name=\"robots\" content=\"index, follow, max-snippet:-1, max-image-preview:large, max-video-preview:-1\" \/>\n<link rel=\"canonical\" href=\"https:\/\/www.oracaoefe.com\/fr\/oracao-e-tomada-de-decisao-como-a-fe-influencia-escolhas-pessoais-e-profissionais-em-tempos-de-incerteza\/\" \/>\n<meta property=\"og:locale\" content=\"fr_FR\" \/>\n<meta property=\"og:type\" content=\"article\" \/>\n<meta property=\"og:title\" content=\"Ora\u00e7\u00e3o e Tomada de Decis\u00e3o: Como a F\u00e9 Influencia Escolhas Pessoais e Profissionais em Tempos de Incerteza - Ora\u00e7\u00e3o e F\u00e9\" \/>\n<meta property=\"og:description\" content=\"Deus tem pra voc\u00ea uma palavra de vida!\" \/>\n<meta property=\"og:url\" content=\"https:\/\/www.oracaoefe.com\/fr\/oracao-e-tomada-de-decisao-como-a-fe-influencia-escolhas-pessoais-e-profissionais-em-tempos-de-incerteza\/\" \/>\n<meta property=\"og:site_name\" content=\"Ora\u00e7\u00e3o e F\u00e9\" \/>\n<meta property=\"article:published_time\" content=\"2026-06-20T22:40:46+00:00\" \/>\n<meta property=\"og:image\" content=\"https:\/\/www.oracaoefe.com\/wp-content\/uploads\/2025\/12\/decisoes.webp\" \/>\n\t<meta property=\"og:image:width\" content=\"1024\" \/>\n\t<meta property=\"og:image:height\" content=\"1024\" \/>\n\t<meta property=\"og:image:type\" content=\"image\/webp\" \/>\n<meta name=\"author\" content=\"Maria\" \/>\n<meta name=\"twitter:card\" content=\"summary_large_image\" \/>\n<meta name=\"twitter:label1\" content=\"\u00c9crit par\" \/>\n\t<meta name=\"twitter:data1\" content=\"Maria\" \/>\n\t<meta name=\"twitter:label2\" content=\"Dur\u00e9e de lecture estim\u00e9e\" \/>\n\t<meta name=\"twitter:data2\" content=\"6 minutes\" \/>\n<script type=\"application\/ld+json\" class=\"yoast-schema-graph\">{\"@context\":\"https:\\\/\\\/schema.org\",\"@graph\":[{\"@type\":\"Article\",\"@id\":\"https:\\\/\\\/www.oracaoefe.com\\\/oracao-e-tomada-de-decisao-como-a-fe-influencia-escolhas-pessoais-e-profissionais-em-tempos-de-incerteza\\\/#article\",\"isPartOf\":{\"@id\":\"https:\\\/\\\/www.oracaoefe.com\\\/oracao-e-tomada-de-decisao-como-a-fe-influencia-escolhas-pessoais-e-profissionais-em-tempos-de-incerteza\\\/\"},\"author\":{\"name\":\"Maria\",\"@id\":\"https:\\\/\\\/www.oracaoefe.com\\\/#\\\/schema\\\/person\\\/27873f1e6043866689f5091b5139f23d\"},\"headline\":\"Ora\u00e7\u00e3o e Tomada de Decis\u00e3o: Como a F\u00e9 Influencia Escolhas Pessoais e Profissionais em Tempos de Incerteza\",\"datePublished\":\"2026-06-20T22:40:46+00:00\",\"mainEntityOfPage\":{\"@id\":\"https:\\\/\\\/www.oracaoefe.com\\\/oracao-e-tomada-de-decisao-como-a-fe-influencia-escolhas-pessoais-e-profissionais-em-tempos-de-incerteza\\\/\"},\"wordCount\":1229,\"image\":{\"@id\":\"https:\\\/\\\/www.oracaoefe.com\\\/oracao-e-tomada-de-decisao-como-a-fe-influencia-escolhas-pessoais-e-profissionais-em-tempos-de-incerteza\\\/#primaryimage\"},\"thumbnailUrl\":\"https:\\\/\\\/www.oracaoefe.com\\\/wp-content\\\/uploads\\\/2025\\\/12\\\/decisoes.webp\",\"articleSection\":[\"Fique por Dentro\"],\"inLanguage\":\"fr-FR\"},{\"@type\":\"WebPage\",\"@id\":\"https:\\\/\\\/www.oracaoefe.com\\\/oracao-e-tomada-de-decisao-como-a-fe-influencia-escolhas-pessoais-e-profissionais-em-tempos-de-incerteza\\\/\",\"url\":\"https:\\\/\\\/www.oracaoefe.com\\\/oracao-e-tomada-de-decisao-como-a-fe-influencia-escolhas-pessoais-e-profissionais-em-tempos-de-incerteza\\\/\",\"name\":\"Ora\u00e7\u00e3o e Tomada de Decis\u00e3o: Como a F\u00e9 Influencia Escolhas Pessoais e Profissionais em Tempos de Incerteza - Ora\u00e7\u00e3o e F\u00e9\",\"isPartOf\":{\"@id\":\"https:\\\/\\\/www.oracaoefe.com\\\/#website\"},\"primaryImageOfPage\":{\"@id\":\"https:\\\/\\\/www.oracaoefe.com\\\/oracao-e-tomada-de-decisao-como-a-fe-influencia-escolhas-pessoais-e-profissionais-em-tempos-de-incerteza\\\/#primaryimage\"},\"image\":{\"@id\":\"https:\\\/\\\/www.oracaoefe.com\\\/oracao-e-tomada-de-decisao-como-a-fe-influencia-escolhas-pessoais-e-profissionais-em-tempos-de-incerteza\\\/#primaryimage\"},\"thumbnailUrl\":\"https:\\\/\\\/www.oracaoefe.com\\\/wp-content\\\/uploads\\\/2025\\\/12\\\/decisoes.webp\",\"datePublished\":\"2026-06-20T22:40:46+00:00\",\"author\":{\"@id\":\"https:\\\/\\\/www.oracaoefe.com\\\/#\\\/schema\\\/person\\\/27873f1e6043866689f5091b5139f23d\"},\"description\":\"Deus tem pra voc\u00ea uma palavra de vida!\",\"breadcrumb\":{\"@id\":\"https:\\\/\\\/www.oracaoefe.com\\\/oracao-e-tomada-de-decisao-como-a-fe-influencia-escolhas-pessoais-e-profissionais-em-tempos-de-incerteza\\\/#breadcrumb\"},\"inLanguage\":\"fr-FR\",\"potentialAction\":[{\"@type\":\"ReadAction\",\"target\":[\"https:\\\/\\\/www.oracaoefe.com\\\/oracao-e-tomada-de-decisao-como-a-fe-influencia-escolhas-pessoais-e-profissionais-em-tempos-de-incerteza\\\/\"]}]},{\"@type\":\"ImageObject\",\"inLanguage\":\"fr-FR\",\"@id\":\"https:\\\/\\\/www.oracaoefe.com\\\/oracao-e-tomada-de-decisao-como-a-fe-influencia-escolhas-pessoais-e-profissionais-em-tempos-de-incerteza\\\/#primaryimage\",\"url\":\"https:\\\/\\\/www.oracaoefe.com\\\/wp-content\\\/uploads\\\/2025\\\/12\\\/decisoes.webp\",\"contentUrl\":\"https:\\\/\\\/www.oracaoefe.com\\\/wp-content\\\/uploads\\\/2025\\\/12\\\/decisoes.webp\",\"width\":1024,\"height\":1024},{\"@type\":\"BreadcrumbList\",\"@id\":\"https:\\\/\\\/www.oracaoefe.com\\\/oracao-e-tomada-de-decisao-como-a-fe-influencia-escolhas-pessoais-e-profissionais-em-tempos-de-incerteza\\\/#breadcrumb\",\"itemListElement\":[{\"@type\":\"ListItem\",\"position\":1,\"name\":\"Home\",\"item\":\"https:\\\/\\\/www.oracaoefe.com\\\/\"},{\"@type\":\"ListItem\",\"position\":2,\"name\":\"Fique por Dentro\",\"item\":\"https:\\\/\\\/www.oracaoefe.com\\\/category\\\/fique-por-dentro\\\/\"},{\"@type\":\"ListItem\",\"position\":3,\"name\":\"Ora\u00e7\u00e3o e Tomada de Decis\u00e3o: Como a F\u00e9 Influencia Escolhas Pessoais e Profissionais em Tempos de Incerteza\"}]},{\"@type\":\"WebSite\",\"@id\":\"https:\\\/\\\/www.oracaoefe.com\\\/#website\",\"url\":\"https:\\\/\\\/www.oracaoefe.com\\\/\",\"name\":\"Ora\u00e7\u00e3o e F\u00e9\",\"description\":\"\",\"potentialAction\":[{\"@type\":\"SearchAction\",\"target\":{\"@type\":\"EntryPoint\",\"urlTemplate\":\"https:\\\/\\\/www.oracaoefe.com\\\/?s={search_term_string}\"},\"query-input\":{\"@type\":\"PropertyValueSpecification\",\"valueRequired\":true,\"valueName\":\"search_term_string\"}}],\"inLanguage\":\"fr-FR\"},{\"@type\":\"Person\",\"@id\":\"https:\\\/\\\/www.oracaoefe.com\\\/#\\\/schema\\\/person\\\/27873f1e6043866689f5091b5139f23d\",\"name\":\"Maria\",\"image\":{\"@type\":\"ImageObject\",\"inLanguage\":\"fr-FR\",\"@id\":\"https:\\\/\\\/secure.gravatar.com\\\/avatar\\\/4cac5ea56d40d599bd7348d330a83b1c84cd229296d1613cd1c7f6740561d0c9?s=96&d=mm&r=g\",\"url\":\"https:\\\/\\\/secure.gravatar.com\\\/avatar\\\/4cac5ea56d40d599bd7348d330a83b1c84cd229296d1613cd1c7f6740561d0c9?s=96&d=mm&r=g\",\"contentUrl\":\"https:\\\/\\\/secure.gravatar.com\\\/avatar\\\/4cac5ea56d40d599bd7348d330a83b1c84cd229296d1613cd1c7f6740561d0c9?s=96&d=mm&r=g\",\"caption\":\"Maria\"},\"description\":\"Meu nome \u00e9 Maria e sou apaixonada por teologia, espiritualidade e estudos religiosos. H\u00e1 mais de 5 anos escrevo sobre o universo da f\u00e9, pesquisando diferentes religi\u00f5es, doutrinas, tradi\u00e7\u00f5es espirituais e curiosidades religiosas ao redor do mundo. Tenho grande interesse em compreender como a f\u00e9 e a religiosidade se manifestam em diferentes culturas, pa\u00edses e idiomas, sempre buscando aprender mais sobre os costumes, cren\u00e7as e hist\u00f3rias que influenciam milh\u00f5es de pessoas diariamente. Atualmente, atuo como redatora no portal Ora\u00e7\u00e3o e F\u00e9, onde compartilho conte\u00fados informativos, reflexivos e inspiradores voltados ao universo religioso e espiritual. Meu objetivo \u00e9 levar conhecimento, curiosidades e mensagens enriquecedoras para leitores que desejam aprofundar sua compreens\u00e3o sobre f\u00e9, religi\u00e3o e espiritualidade no mundo moderno.\",\"sameAs\":[\"https:\\\/\\\/www.oracaoefe.com\"],\"url\":\"https:\\\/\\\/www.oracaoefe.com\\\/fr\\\/author\\\/admin\\\/\"}]}<\/script>\n<!-- \/ Yoast SEO plugin. -->","yoast_head_json":{"title":"Ora\u00e7\u00e3o e Tomada de Decis\u00e3o: Como a F\u00e9 Influencia Escolhas Pessoais e Profissionais em Tempos de Incerteza - Ora\u00e7\u00e3o e F\u00e9","description":"Dieu a une parole de vie pour vous !","robots":{"index":"index","follow":"follow","max-snippet":"max-snippet:-1","max-image-preview":"max-image-preview:large","max-video-preview":"max-video-preview:-1"},"canonical":"https:\/\/www.oracaoefe.com\/fr\/oracao-e-tomada-de-decisao-como-a-fe-influencia-escolhas-pessoais-e-profissionais-em-tempos-de-incerteza\/","og_locale":"fr_FR","og_type":"article","og_title":"Ora\u00e7\u00e3o e Tomada de Decis\u00e3o: Como a F\u00e9 Influencia Escolhas Pessoais e Profissionais em Tempos de Incerteza - Ora\u00e7\u00e3o e F\u00e9","og_description":"Deus tem pra voc\u00ea uma palavra de vida!","og_url":"https:\/\/www.oracaoefe.com\/fr\/oracao-e-tomada-de-decisao-como-a-fe-influencia-escolhas-pessoais-e-profissionais-em-tempos-de-incerteza\/","og_site_name":"Ora\u00e7\u00e3o e F\u00e9","article_published_time":"2026-06-20T22:40:46+00:00","og_image":[{"width":1024,"height":1024,"url":"https:\/\/www.oracaoefe.com\/wp-content\/uploads\/2025\/12\/decisoes.webp","type":"image\/webp"}],"author":"Maria","twitter_card":"summary_large_image","twitter_misc":{"\u00c9crit par":"Maria","Dur\u00e9e de lecture estim\u00e9e":"6 minutes"},"schema":{"@context":"https:\/\/schema.org","@graph":[{"@type":"Article","@id":"https:\/\/www.oracaoefe.com\/oracao-e-tomada-de-decisao-como-a-fe-influencia-escolhas-pessoais-e-profissionais-em-tempos-de-incerteza\/#article","isPartOf":{"@id":"https:\/\/www.oracaoefe.com\/oracao-e-tomada-de-decisao-como-a-fe-influencia-escolhas-pessoais-e-profissionais-em-tempos-de-incerteza\/"},"author":{"name":"Maria","@id":"https:\/\/www.oracaoefe.com\/#\/schema\/person\/27873f1e6043866689f5091b5139f23d"},"headline":"Ora\u00e7\u00e3o e Tomada de Decis\u00e3o: Como a F\u00e9 Influencia Escolhas Pessoais e Profissionais em Tempos de Incerteza","datePublished":"2026-06-20T22:40:46+00:00","mainEntityOfPage":{"@id":"https:\/\/www.oracaoefe.com\/oracao-e-tomada-de-decisao-como-a-fe-influencia-escolhas-pessoais-e-profissionais-em-tempos-de-incerteza\/"},"wordCount":1229,"image":{"@id":"https:\/\/www.oracaoefe.com\/oracao-e-tomada-de-decisao-como-a-fe-influencia-escolhas-pessoais-e-profissionais-em-tempos-de-incerteza\/#primaryimage"},"thumbnailUrl":"https:\/\/www.oracaoefe.com\/wp-content\/uploads\/2025\/12\/decisoes.webp","articleSection":["Fique por Dentro"],"inLanguage":"fr-FR"},{"@type":"WebPage","@id":"https:\/\/www.oracaoefe.com\/oracao-e-tomada-de-decisao-como-a-fe-influencia-escolhas-pessoais-e-profissionais-em-tempos-de-incerteza\/","url":"https:\/\/www.oracaoefe.com\/oracao-e-tomada-de-decisao-como-a-fe-influencia-escolhas-pessoais-e-profissionais-em-tempos-de-incerteza\/","name":"Ora\u00e7\u00e3o e Tomada de Decis\u00e3o: Como a F\u00e9 Influencia Escolhas Pessoais e Profissionais em Tempos de Incerteza - Ora\u00e7\u00e3o e F\u00e9","isPartOf":{"@id":"https:\/\/www.oracaoefe.com\/#website"},"primaryImageOfPage":{"@id":"https:\/\/www.oracaoefe.com\/oracao-e-tomada-de-decisao-como-a-fe-influencia-escolhas-pessoais-e-profissionais-em-tempos-de-incerteza\/#primaryimage"},"image":{"@id":"https:\/\/www.oracaoefe.com\/oracao-e-tomada-de-decisao-como-a-fe-influencia-escolhas-pessoais-e-profissionais-em-tempos-de-incerteza\/#primaryimage"},"thumbnailUrl":"https:\/\/www.oracaoefe.com\/wp-content\/uploads\/2025\/12\/decisoes.webp","datePublished":"2026-06-20T22:40:46+00:00","author":{"@id":"https:\/\/www.oracaoefe.com\/#\/schema\/person\/27873f1e6043866689f5091b5139f23d"},"description":"Dieu a une parole de vie pour vous !","breadcrumb":{"@id":"https:\/\/www.oracaoefe.com\/oracao-e-tomada-de-decisao-como-a-fe-influencia-escolhas-pessoais-e-profissionais-em-tempos-de-incerteza\/#breadcrumb"},"inLanguage":"fr-FR","potentialAction":[{"@type":"ReadAction","target":["https:\/\/www.oracaoefe.com\/oracao-e-tomada-de-decisao-como-a-fe-influencia-escolhas-pessoais-e-profissionais-em-tempos-de-incerteza\/"]}]},{"@type":"ImageObject","inLanguage":"fr-FR","@id":"https:\/\/www.oracaoefe.com\/oracao-e-tomada-de-decisao-como-a-fe-influencia-escolhas-pessoais-e-profissionais-em-tempos-de-incerteza\/#primaryimage","url":"https:\/\/www.oracaoefe.com\/wp-content\/uploads\/2025\/12\/decisoes.webp","contentUrl":"https:\/\/www.oracaoefe.com\/wp-content\/uploads\/2025\/12\/decisoes.webp","width":1024,"height":1024},{"@type":"BreadcrumbList","@id":"https:\/\/www.oracaoefe.com\/oracao-e-tomada-de-decisao-como-a-fe-influencia-escolhas-pessoais-e-profissionais-em-tempos-de-incerteza\/#breadcrumb","itemListElement":[{"@type":"ListItem","position":1,"name":"Home","item":"https:\/\/www.oracaoefe.com\/"},{"@type":"ListItem","position":2,"name":"Fique por Dentro","item":"https:\/\/www.oracaoefe.com\/category\/fique-por-dentro\/"},{"@type":"ListItem","position":3,"name":"Ora\u00e7\u00e3o e Tomada de Decis\u00e3o: Como a F\u00e9 Influencia Escolhas Pessoais e Profissionais em Tempos de Incerteza"}]},{"@type":"WebSite","@id":"https:\/\/www.oracaoefe.com\/#website","url":"https:\/\/www.oracaoefe.com\/","name":"Pri\u00e8re et foi","description":"","potentialAction":[{"@type":"SearchAction","target":{"@type":"EntryPoint","urlTemplate":"https:\/\/www.oracaoefe.com\/?s={search_term_string}"},"query-input":{"@type":"PropertyValueSpecification","valueRequired":true,"valueName":"search_term_string"}}],"inLanguage":"fr-FR"},{"@type":"Person","@id":"https:\/\/www.oracaoefe.com\/#\/schema\/person\/27873f1e6043866689f5091b5139f23d","name":"Maria","image":{"@type":"ImageObject","inLanguage":"fr-FR","@id":"https:\/\/secure.gravatar.com\/avatar\/4cac5ea56d40d599bd7348d330a83b1c84cd229296d1613cd1c7f6740561d0c9?s=96&d=mm&r=g","url":"https:\/\/secure.gravatar.com\/avatar\/4cac5ea56d40d599bd7348d330a83b1c84cd229296d1613cd1c7f6740561d0c9?s=96&d=mm&r=g","contentUrl":"https:\/\/secure.gravatar.com\/avatar\/4cac5ea56d40d599bd7348d330a83b1c84cd229296d1613cd1c7f6740561d0c9?s=96&d=mm&r=g","caption":"Maria"},"description":"Meu nome \u00e9 Maria e sou apaixonada por teologia, espiritualidade e estudos religiosos. H\u00e1 mais de 5 anos escrevo sobre o universo da f\u00e9, pesquisando diferentes religi\u00f5es, doutrinas, tradi\u00e7\u00f5es espirituais e curiosidades religiosas ao redor do mundo. Tenho grande interesse em compreender como a f\u00e9 e a religiosidade se manifestam em diferentes culturas, pa\u00edses e idiomas, sempre buscando aprender mais sobre os costumes, cren\u00e7as e hist\u00f3rias que influenciam milh\u00f5es de pessoas diariamente. Atualmente, atuo como redatora no portal Ora\u00e7\u00e3o e F\u00e9, onde compartilho conte\u00fados informativos, reflexivos e inspiradores voltados ao universo religioso e espiritual. Meu objetivo \u00e9 levar conhecimento, curiosidades e mensagens enriquecedoras para leitores que desejam aprofundar sua compreens\u00e3o sobre f\u00e9, religi\u00e3o e espiritualidade no mundo moderno.","sameAs":["https:\/\/www.oracaoefe.com"],"url":"https:\/\/www.oracaoefe.com\/fr\/author\/admin\/"}]}},"_links":{"self":[{"href":"https:\/\/www.oracaoefe.com\/fr\/wp-json\/wp\/v2\/posts\/3932","targetHints":{"allow":["GET"]}}],"collection":[{"href":"https:\/\/www.oracaoefe.com\/fr\/wp-json\/wp\/v2\/posts"}],"about":[{"href":"https:\/\/www.oracaoefe.com\/fr\/wp-json\/wp\/v2\/types\/post"}],"author":[{"embeddable":true,"href":"https:\/\/www.oracaoefe.com\/fr\/wp-json\/wp\/v2\/users\/1"}],"replies":[{"embeddable":true,"href":"https:\/\/www.oracaoefe.com\/fr\/wp-json\/wp\/v2\/comments?post=3932"}],"version-history":[{"count":1,"href":"https:\/\/www.oracaoefe.com\/fr\/wp-json\/wp\/v2\/posts\/3932\/revisions"}],"predecessor-version":[{"id":3934,"href":"https:\/\/www.oracaoefe.com\/fr\/wp-json\/wp\/v2\/posts\/3932\/revisions\/3934"}],"wp:featuredmedia":[{"embeddable":true,"href":"https:\/\/www.oracaoefe.com\/fr\/wp-json\/wp\/v2\/media\/3933"}],"wp:attachment":[{"href":"https:\/\/www.oracaoefe.com\/fr\/wp-json\/wp\/v2\/media?parent=3932"}],"wp:term":[{"taxonomy":"category","embeddable":true,"href":"https:\/\/www.oracaoefe.com\/fr\/wp-json\/wp\/v2\/categories?post=3932"},{"taxonomy":"post_tag","embeddable":true,"href":"https:\/\/www.oracaoefe.com\/fr\/wp-json\/wp\/v2\/tags?post=3932"}],"curies":[{"name":"wp","href":"https:\/\/api.w.org\/{rel}","templated":true}]}}