{"id":3921,"date":"2026-03-21T14:27:33","date_gmt":"2026-03-21T17:27:33","guid":{"rendered":"https:\/\/www.oracaoefe.com\/?p=3921"},"modified":"2025-12-16T14:28:50","modified_gmt":"2025-12-16T17:28:50","slug":"oracao-e-saude-mental-como-a-fe-tem-ajudado-pessoas-a-enfrentar-ansiedade-depressao-e-burnout-no-mundo-moderno","status":"publish","type":"post","link":"https:\/\/www.oracaoefe.com\/fr\/oracao-e-saude-mental-como-a-fe-tem-ajudado-pessoas-a-enfrentar-ansiedade-depressao-e-burnout-no-mundo-moderno\/","title":{"rendered":"Ora\u00e7\u00e3o e Sa\u00fade Mental: Como a F\u00e9 Tem Ajudado Pessoas a Enfrentar Ansiedade, Depress\u00e3o e Burnout no Mundo Moderno"},"content":{"rendered":"<h2 class=\"wp-block-heading\">Introdu\u00e7\u00e3o<\/h2>\n\n\n\n<p class=\"wp-block-paragraph\">A sa\u00fade mental se tornou um dos maiores desafios da sociedade contempor\u00e2nea. Ansiedade, depress\u00e3o e burnout deixaram de ser problemas pontuais para se transformarem em fen\u00f4menos globais, afetando pessoas de todas as idades, profiss\u00f5es e classes sociais. Em um mundo marcado por cobran\u00e7as constantes, excesso de est\u00edmulos e instabilidade, cresce a busca por estrat\u00e9gias que ajudem a manter o equil\u00edbrio emocional. Nesse cen\u00e1rio, a ora\u00e7\u00e3o e a f\u00e9 reaparecem como recursos relevantes, n\u00e3o como substitutos da ci\u00eancia, mas como ferramentas complementares de enfrentamento psicol\u00f3gico.<\/p>\n\n\n\n<p class=\"wp-block-paragraph\">Este artigo explora a rela\u00e7\u00e3o entre ora\u00e7\u00e3o e sa\u00fade mental, analisando como a espiritualidade tem contribu\u00eddo para o al\u00edvio do sofrimento emocional, fortalecido a resili\u00eancia psicol\u00f3gica e oferecido sentido em meio \u00e0s press\u00f5es do mundo moderno.<\/p>\n\n\n\n<h2 class=\"wp-block-heading\">A Crise de Sa\u00fade Mental na Sociedade Contempor\u00e2nea<\/h2>\n\n\n\n<p class=\"wp-block-paragraph\">O aumento dos transtornos mentais est\u00e1 diretamente ligado ao estilo de vida atual. Jornadas de trabalho extensas, inseguran\u00e7a financeira, hiperconectividade digital e compara\u00e7\u00e3o social constante criam um ambiente prop\u00edcio ao esgotamento emocional. Muitas pessoas vivem em estado permanente de alerta, com dificuldade para descansar mentalmente, o que afeta o sono, a concentra\u00e7\u00e3o e os relacionamentos.<\/p>\n\n\n\n<p class=\"wp-block-paragraph\">Al\u00e9m disso, existe uma forte press\u00e3o para demonstrar sucesso e estabilidade, o que leva muitos a esconderem fragilidades emocionais. Esse cen\u00e1rio contribui para o agravamento de quadros de ansiedade e depress\u00e3o, pois o sofrimento \u00e9 vivido de forma solit\u00e1ria. \u00c9 nesse contexto que a ora\u00e7\u00e3o surge como um espa\u00e7o seguro de express\u00e3o emocional, onde n\u00e3o h\u00e1 necessidade de performance ou valida\u00e7\u00e3o externa.<\/p>\n\n\n\n<h2 class=\"wp-block-heading\">A Ora\u00e7\u00e3o Como Espa\u00e7o de Organiza\u00e7\u00e3o Emocional<\/h2>\n\n\n\n<p class=\"wp-block-paragraph\">A ora\u00e7\u00e3o oferece algo essencial para a sa\u00fade mental: um momento estruturado de pausa e introspec\u00e7\u00e3o. Ao orar, a pessoa se desconecta temporariamente do fluxo incessante de est\u00edmulos externos e direciona a aten\u00e7\u00e3o para o pr\u00f3prio mundo interior. Esse processo permite identificar emo\u00e7\u00f5es, reconhecer limites e elaborar pensamentos que, no cotidiano acelerado, permanecem confusos ou reprimidos.<\/p>\n\n\n\n<p class=\"wp-block-paragraph\">Do ponto de vista psicol\u00f3gico, verbalizar sentimentos \u2014 mesmo em um contexto espiritual \u2014 ajuda a reduzir a sobrecarga mental. Medos, ang\u00fastias e frustra\u00e7\u00f5es deixam de circular de forma ca\u00f3tica e passam a ser organizados em palavras e significados. Esse mecanismo contribui para o al\u00edvio da tens\u00e3o emocional e para o aumento da sensa\u00e7\u00e3o de controle interno.<\/p>\n\n\n\n<h2 class=\"wp-block-heading\">F\u00e9 e Ansiedade: Redu\u00e7\u00e3o do Medo e da Incerteza<\/h2>\n\n\n\n<p class=\"wp-block-paragraph\">A ansiedade est\u00e1 profundamente ligada \u00e0 antecipa\u00e7\u00e3o do futuro e \u00e0 sensa\u00e7\u00e3o de que algo ruim pode acontecer a qualquer momento. A ora\u00e7\u00e3o atua diretamente nesse ponto ao deslocar o foco da preocupa\u00e7\u00e3o constante para a confian\u00e7a em algo maior. Ao entregar preocupa\u00e7\u00f5es em ora\u00e7\u00e3o, o indiv\u00edduo reduz a rumina\u00e7\u00e3o mental e cria uma narrativa alternativa ao medo.<\/p>\n\n\n\n<p class=\"wp-block-paragraph\">Estudos em psicologia da religi\u00e3o indicam que pessoas que mant\u00eam pr\u00e1ticas espirituais regulares tendem a apresentar menor n\u00edvel de ansiedade, especialmente em situa\u00e7\u00f5es de incerteza prolongada. Isso ocorre porque a f\u00e9 oferece uma estrutura de sentido que ajuda a interpretar eventos adversos de forma menos amea\u00e7adora, diminuindo a sensa\u00e7\u00e3o de desamparo.<\/p>\n\n\n\n<h2 class=\"wp-block-heading\">O Papel da Ora\u00e7\u00e3o no Enfrentamento da Depress\u00e3o<\/h2>\n\n\n\n<p class=\"wp-block-paragraph\">A depress\u00e3o \u00e9 caracterizada, entre outros fatores, pela perda de sentido, pela sensa\u00e7\u00e3o de vazio e pela diminui\u00e7\u00e3o da esperan\u00e7a. Nesses casos, a ora\u00e7\u00e3o n\u00e3o atua como uma solu\u00e7\u00e3o imediata, mas pode funcionar como um ponto de apoio importante no processo de recupera\u00e7\u00e3o. A f\u00e9 oferece uma narrativa que reconhece o sofrimento, mas n\u00e3o o define como definitivo.<\/p>\n\n\n\n<p class=\"wp-block-paragraph\">Para muitas pessoas, a ora\u00e7\u00e3o se torna um dos poucos momentos do dia em que conseguem expressar dor sem culpa ou julgamento. Esse espa\u00e7o de acolhimento simb\u00f3lico contribui para a manuten\u00e7\u00e3o de v\u00ednculos com a vida, especialmente em fases em que a motiva\u00e7\u00e3o est\u00e1 comprometida. Embora n\u00e3o substitua acompanhamento psicol\u00f3gico ou psiqui\u00e1trico, a espiritualidade pode fortalecer a ades\u00e3o ao tratamento e a esperan\u00e7a no processo de cura.<\/p>\n\n\n\n<h2 class=\"wp-block-heading\">Burnout e Espiritualidade no Ambiente de Trabalho<\/h2>\n\n\n\n<p class=\"wp-block-paragraph\">O burnout, caracterizado por exaust\u00e3o emocional, despersonaliza\u00e7\u00e3o e sensa\u00e7\u00e3o de inefic\u00e1cia, tem se tornado cada vez mais comum em ambientes profissionais altamente competitivos. A l\u00f3gica da produtividade constante e da disponibilidade permanente compromete a sa\u00fade mental e a qualidade de vida de milh\u00f5es de pessoas.<\/p>\n\n\n\n<p class=\"wp-block-paragraph\">A ora\u00e7\u00e3o, nesse contexto, atua como um contraponto \u00e0 cultura da performance. Ao reservar momentos para a espiritualidade, o indiv\u00edduo rompe com a ideia de que seu valor est\u00e1 exclusivamente ligado ao desempenho profissional. A f\u00e9 ajuda a redefinir prioridades, estabelecer limites e resgatar uma identidade que vai al\u00e9m do trabalho. Esse reposicionamento interno \u00e9 fundamental para prevenir e enfrentar o esgotamento emocional.<\/p>\n\n\n\n<h2 class=\"wp-block-heading\">Evid\u00eancias Cient\u00edficas Sobre Ora\u00e7\u00e3o e Bem-Estar Psicol\u00f3gico<\/h2>\n\n\n\n<p class=\"wp-block-paragraph\">Pesquisas em neuroci\u00eancia e psicologia t\u00eam investigado os efeitos das pr\u00e1ticas espirituais no c\u00e9rebro humano. Estudos indicam que a ora\u00e7\u00e3o est\u00e1 associada \u00e0 ativa\u00e7\u00e3o de \u00e1reas cerebrais relacionadas \u00e0 calma, \u00e0 empatia e \u00e0 autorregula\u00e7\u00e3o emocional. Al\u00e9m disso, pr\u00e1ticas espirituais regulares est\u00e3o ligadas \u00e0 redu\u00e7\u00e3o dos n\u00edveis de estresse e \u00e0 melhora da percep\u00e7\u00e3o de bem-estar.<\/p>\n\n\n\n<p class=\"wp-block-paragraph\">\u00c9 importante ressaltar que esses benef\u00edcios n\u00e3o dependem exclusivamente de uma cren\u00e7a espec\u00edfica, mas da regularidade e da inten\u00e7\u00e3o da pr\u00e1tica. A ora\u00e7\u00e3o funciona como um ritual que organiza a experi\u00eancia emocional, criando previsibilidade e seguran\u00e7a interna em meio \u00e0 instabilidade externa.<\/p>\n\n\n\n<h2 class=\"wp-block-heading\">A Import\u00e2ncia da Comunidade de F\u00e9 para a Sa\u00fade Mental<\/h2>\n\n\n\n<p class=\"wp-block-paragraph\">Al\u00e9m da pr\u00e1tica individual, a ora\u00e7\u00e3o coletiva desempenha um papel relevante na promo\u00e7\u00e3o da sa\u00fade mental. Comunidades de f\u00e9 oferecem suporte social, sentimento de pertencimento e oportunidades de compartilhamento emocional. Esses fatores s\u00e3o reconhecidos como protetivos contra transtornos mentais, pois reduzem o isolamento e fortalecem redes de apoio.<\/p>\n\n\n\n<p class=\"wp-block-paragraph\">Participar de grupos de ora\u00e7\u00e3o ou encontros espirituais permite que indiv\u00edduos percebam que n\u00e3o est\u00e3o sozinhos em suas dificuldades. Esse reconhecimento coletivo do sofrimento humano contribui para a normaliza\u00e7\u00e3o das fragilidades emocionais e para a constru\u00e7\u00e3o de v\u00ednculos mais emp\u00e1ticos e solid\u00e1rios.<\/p>\n\n\n\n<h2 class=\"wp-block-heading\">Limites da Ora\u00e7\u00e3o no Cuidado com a Sa\u00fade Mental<\/h2>\n\n\n\n<p class=\"wp-block-paragraph\">Embora a ora\u00e7\u00e3o ofere\u00e7a benef\u00edcios significativos, \u00e9 fundamental reconhecer seus limites. A f\u00e9 n\u00e3o deve ser utilizada como substituta de tratamentos profissionais em casos de transtornos mentais graves. A integra\u00e7\u00e3o entre espiritualidade e cuidado cl\u00ednico \u00e9 a abordagem mais eficaz, respeitando tanto a dimens\u00e3o emocional quanto a biol\u00f3gica do sofrimento ps\u00edquico.<\/p>\n\n\n\n<p class=\"wp-block-paragraph\">Quando utilizada de forma equilibrada, a ora\u00e7\u00e3o pode fortalecer recursos internos, aumentar a ades\u00e3o ao tratamento e promover maior engajamento no processo de recupera\u00e7\u00e3o. O problema surge quando a espiritualidade \u00e9 usada para negar a necessidade de ajuda profissional, o que pode agravar quadros cl\u00ednicos.<\/p>\n\n\n\n<h2 class=\"wp-block-heading\">Conclus\u00e3o<\/h2>\n\n\n\n<p class=\"wp-block-paragraph\">A rela\u00e7\u00e3o entre ora\u00e7\u00e3o e sa\u00fade mental revela que a f\u00e9 continua sendo um recurso relevante no enfrentamento das press\u00f5es do mundo moderno. Em um cen\u00e1rio marcado por ansiedade, depress\u00e3o e burnout, a espiritualidade oferece um espa\u00e7o de pausa, sentido e reorganiza\u00e7\u00e3o emocional. A ora\u00e7\u00e3o n\u00e3o elimina o sofrimento, mas ajuda a torn\u00e1-lo mais suport\u00e1vel, oferecendo esperan\u00e7a e fortalecimento interno.<\/p>\n\n\n\n<p class=\"wp-block-paragraph\">Ao integrar f\u00e9 e cuidado psicol\u00f3gico de forma respons\u00e1vel, indiv\u00edduos encontram caminhos mais equilibrados para lidar com desafios emocionais complexos. Em tempos de sobrecarga mental, a ora\u00e7\u00e3o se reafirma como uma pr\u00e1tica antiga, mas profundamente atual, capaz de contribuir para a sa\u00fade emocional e o bem-estar humano.<\/p>","protected":false},"excerpt":{"rendered":"<p>Introdu\u00e7\u00e3o A sa\u00fade mental se tornou um dos maiores desafios da sociedade contempor\u00e2nea. Ansiedade, depress\u00e3o e burnout deixaram de ser problemas pontuais para se transformarem em fen\u00f4menos globais, afetando pessoas de todas as idades, profiss\u00f5es e classes sociais. Em um mundo marcado por cobran\u00e7as constantes, excesso de est\u00edmulos e instabilidade, cresce a busca por estrat\u00e9gias&hellip;&nbsp;<\/p>","protected":false},"author":1,"featured_media":3922,"comment_status":"closed","ping_status":"closed","sticky":false,"template":"","format":"standard","meta":{"neve_meta_sidebar":"","neve_meta_container":"","neve_meta_enable_content_width":"","neve_meta_content_width":0,"neve_meta_title_alignment":"","neve_meta_author_avatar":"","neve_post_elements_order":"","neve_meta_disable_header":"","neve_meta_disable_footer":"","neve_meta_disable_title":"","footnotes":""},"categories":[4],"tags":[],"class_list":["post-3921","post","type-post","status-publish","format-standard","has-post-thumbnail","hentry","category-fique-por-dentro"],"yoast_head":"<!-- This site is optimized with the Yoast SEO plugin v28.4 - https:\/\/yoast.com\/product\/yoast-seo-wordpress\/ -->\n<title>Ora\u00e7\u00e3o e Sa\u00fade Mental: Como a F\u00e9 Tem Ajudado Pessoas a Enfrentar Ansiedade, Depress\u00e3o e Burnout no Mundo Moderno - Ora\u00e7\u00e3o e F\u00e9<\/title>\n<meta name=\"description\" content=\"Deus tem pra voc\u00ea uma palavra de vida!\" \/>\n<meta name=\"robots\" content=\"index, follow, max-snippet:-1, max-image-preview:large, max-video-preview:-1\" \/>\n<link rel=\"canonical\" href=\"https:\/\/www.oracaoefe.com\/fr\/oracao-e-saude-mental-como-a-fe-tem-ajudado-pessoas-a-enfrentar-ansiedade-depressao-e-burnout-no-mundo-moderno\/\" \/>\n<meta property=\"og:locale\" content=\"fr_FR\" \/>\n<meta property=\"og:type\" content=\"article\" \/>\n<meta property=\"og:title\" content=\"Ora\u00e7\u00e3o e Sa\u00fade Mental: Como a F\u00e9 Tem Ajudado Pessoas a Enfrentar Ansiedade, Depress\u00e3o e Burnout no Mundo Moderno - Ora\u00e7\u00e3o e F\u00e9\" \/>\n<meta property=\"og:description\" content=\"Deus tem pra voc\u00ea uma palavra de vida!\" \/>\n<meta property=\"og:url\" content=\"https:\/\/www.oracaoefe.com\/fr\/oracao-e-saude-mental-como-a-fe-tem-ajudado-pessoas-a-enfrentar-ansiedade-depressao-e-burnout-no-mundo-moderno\/\" \/>\n<meta property=\"og:site_name\" content=\"Ora\u00e7\u00e3o e F\u00e9\" \/>\n<meta property=\"article:published_time\" content=\"2026-03-21T17:27:33+00:00\" \/>\n<meta property=\"og:image\" content=\"https:\/\/www.oracaoefe.com\/wp-content\/uploads\/2025\/12\/sude.webp\" \/>\n\t<meta property=\"og:image:width\" content=\"1024\" \/>\n\t<meta property=\"og:image:height\" content=\"1024\" \/>\n\t<meta property=\"og:image:type\" content=\"image\/webp\" \/>\n<meta name=\"author\" content=\"Maria\" \/>\n<meta name=\"twitter:card\" content=\"summary_large_image\" \/>\n<meta name=\"twitter:label1\" content=\"\u00c9crit par\" \/>\n\t<meta name=\"twitter:data1\" content=\"Maria\" \/>\n\t<meta name=\"twitter:label2\" content=\"Dur\u00e9e de lecture estim\u00e9e\" \/>\n\t<meta name=\"twitter:data2\" content=\"7 minutes\" \/>\n<script type=\"application\/ld+json\" class=\"yoast-schema-graph\">{\"@context\":\"https:\\\/\\\/schema.org\",\"@graph\":[{\"@type\":\"Article\",\"@id\":\"https:\\\/\\\/www.oracaoefe.com\\\/oracao-e-saude-mental-como-a-fe-tem-ajudado-pessoas-a-enfrentar-ansiedade-depressao-e-burnout-no-mundo-moderno\\\/#article\",\"isPartOf\":{\"@id\":\"https:\\\/\\\/www.oracaoefe.com\\\/oracao-e-saude-mental-como-a-fe-tem-ajudado-pessoas-a-enfrentar-ansiedade-depressao-e-burnout-no-mundo-moderno\\\/\"},\"author\":{\"name\":\"Maria\",\"@id\":\"https:\\\/\\\/www.oracaoefe.com\\\/#\\\/schema\\\/person\\\/27873f1e6043866689f5091b5139f23d\"},\"headline\":\"Ora\u00e7\u00e3o e Sa\u00fade Mental: Como a F\u00e9 Tem Ajudado Pessoas a Enfrentar Ansiedade, Depress\u00e3o e Burnout no Mundo Moderno\",\"datePublished\":\"2026-03-21T17:27:33+00:00\",\"mainEntityOfPage\":{\"@id\":\"https:\\\/\\\/www.oracaoefe.com\\\/oracao-e-saude-mental-como-a-fe-tem-ajudado-pessoas-a-enfrentar-ansiedade-depressao-e-burnout-no-mundo-moderno\\\/\"},\"wordCount\":1335,\"image\":{\"@id\":\"https:\\\/\\\/www.oracaoefe.com\\\/oracao-e-saude-mental-como-a-fe-tem-ajudado-pessoas-a-enfrentar-ansiedade-depressao-e-burnout-no-mundo-moderno\\\/#primaryimage\"},\"thumbnailUrl\":\"https:\\\/\\\/www.oracaoefe.com\\\/wp-content\\\/uploads\\\/2025\\\/12\\\/sude.webp\",\"articleSection\":[\"Fique por Dentro\"],\"inLanguage\":\"fr-FR\"},{\"@type\":\"WebPage\",\"@id\":\"https:\\\/\\\/www.oracaoefe.com\\\/oracao-e-saude-mental-como-a-fe-tem-ajudado-pessoas-a-enfrentar-ansiedade-depressao-e-burnout-no-mundo-moderno\\\/\",\"url\":\"https:\\\/\\\/www.oracaoefe.com\\\/oracao-e-saude-mental-como-a-fe-tem-ajudado-pessoas-a-enfrentar-ansiedade-depressao-e-burnout-no-mundo-moderno\\\/\",\"name\":\"Ora\u00e7\u00e3o e Sa\u00fade Mental: Como a F\u00e9 Tem Ajudado Pessoas a Enfrentar Ansiedade, Depress\u00e3o e Burnout no Mundo Moderno - Ora\u00e7\u00e3o e F\u00e9\",\"isPartOf\":{\"@id\":\"https:\\\/\\\/www.oracaoefe.com\\\/#website\"},\"primaryImageOfPage\":{\"@id\":\"https:\\\/\\\/www.oracaoefe.com\\\/oracao-e-saude-mental-como-a-fe-tem-ajudado-pessoas-a-enfrentar-ansiedade-depressao-e-burnout-no-mundo-moderno\\\/#primaryimage\"},\"image\":{\"@id\":\"https:\\\/\\\/www.oracaoefe.com\\\/oracao-e-saude-mental-como-a-fe-tem-ajudado-pessoas-a-enfrentar-ansiedade-depressao-e-burnout-no-mundo-moderno\\\/#primaryimage\"},\"thumbnailUrl\":\"https:\\\/\\\/www.oracaoefe.com\\\/wp-content\\\/uploads\\\/2025\\\/12\\\/sude.webp\",\"datePublished\":\"2026-03-21T17:27:33+00:00\",\"author\":{\"@id\":\"https:\\\/\\\/www.oracaoefe.com\\\/#\\\/schema\\\/person\\\/27873f1e6043866689f5091b5139f23d\"},\"description\":\"Deus tem pra voc\u00ea uma palavra de vida!\",\"breadcrumb\":{\"@id\":\"https:\\\/\\\/www.oracaoefe.com\\\/oracao-e-saude-mental-como-a-fe-tem-ajudado-pessoas-a-enfrentar-ansiedade-depressao-e-burnout-no-mundo-moderno\\\/#breadcrumb\"},\"inLanguage\":\"fr-FR\",\"potentialAction\":[{\"@type\":\"ReadAction\",\"target\":[\"https:\\\/\\\/www.oracaoefe.com\\\/oracao-e-saude-mental-como-a-fe-tem-ajudado-pessoas-a-enfrentar-ansiedade-depressao-e-burnout-no-mundo-moderno\\\/\"]}]},{\"@type\":\"ImageObject\",\"inLanguage\":\"fr-FR\",\"@id\":\"https:\\\/\\\/www.oracaoefe.com\\\/oracao-e-saude-mental-como-a-fe-tem-ajudado-pessoas-a-enfrentar-ansiedade-depressao-e-burnout-no-mundo-moderno\\\/#primaryimage\",\"url\":\"https:\\\/\\\/www.oracaoefe.com\\\/wp-content\\\/uploads\\\/2025\\\/12\\\/sude.webp\",\"contentUrl\":\"https:\\\/\\\/www.oracaoefe.com\\\/wp-content\\\/uploads\\\/2025\\\/12\\\/sude.webp\",\"width\":1024,\"height\":1024},{\"@type\":\"BreadcrumbList\",\"@id\":\"https:\\\/\\\/www.oracaoefe.com\\\/oracao-e-saude-mental-como-a-fe-tem-ajudado-pessoas-a-enfrentar-ansiedade-depressao-e-burnout-no-mundo-moderno\\\/#breadcrumb\",\"itemListElement\":[{\"@type\":\"ListItem\",\"position\":1,\"name\":\"Home\",\"item\":\"https:\\\/\\\/www.oracaoefe.com\\\/\"},{\"@type\":\"ListItem\",\"position\":2,\"name\":\"Fique por Dentro\",\"item\":\"https:\\\/\\\/www.oracaoefe.com\\\/category\\\/fique-por-dentro\\\/\"},{\"@type\":\"ListItem\",\"position\":3,\"name\":\"Ora\u00e7\u00e3o e Sa\u00fade Mental: Como a F\u00e9 Tem Ajudado Pessoas a Enfrentar Ansiedade, Depress\u00e3o e Burnout no Mundo Moderno\"}]},{\"@type\":\"WebSite\",\"@id\":\"https:\\\/\\\/www.oracaoefe.com\\\/#website\",\"url\":\"https:\\\/\\\/www.oracaoefe.com\\\/\",\"name\":\"Ora\u00e7\u00e3o e F\u00e9\",\"description\":\"\",\"potentialAction\":[{\"@type\":\"SearchAction\",\"target\":{\"@type\":\"EntryPoint\",\"urlTemplate\":\"https:\\\/\\\/www.oracaoefe.com\\\/?s={search_term_string}\"},\"query-input\":{\"@type\":\"PropertyValueSpecification\",\"valueRequired\":true,\"valueName\":\"search_term_string\"}}],\"inLanguage\":\"fr-FR\"},{\"@type\":\"Person\",\"@id\":\"https:\\\/\\\/www.oracaoefe.com\\\/#\\\/schema\\\/person\\\/27873f1e6043866689f5091b5139f23d\",\"name\":\"Maria\",\"image\":{\"@type\":\"ImageObject\",\"inLanguage\":\"fr-FR\",\"@id\":\"https:\\\/\\\/secure.gravatar.com\\\/avatar\\\/4cac5ea56d40d599bd7348d330a83b1c84cd229296d1613cd1c7f6740561d0c9?s=96&d=mm&r=g\",\"url\":\"https:\\\/\\\/secure.gravatar.com\\\/avatar\\\/4cac5ea56d40d599bd7348d330a83b1c84cd229296d1613cd1c7f6740561d0c9?s=96&d=mm&r=g\",\"contentUrl\":\"https:\\\/\\\/secure.gravatar.com\\\/avatar\\\/4cac5ea56d40d599bd7348d330a83b1c84cd229296d1613cd1c7f6740561d0c9?s=96&d=mm&r=g\",\"caption\":\"Maria\"},\"description\":\"Meu nome \u00e9 Maria e sou apaixonada por teologia, espiritualidade e estudos religiosos. H\u00e1 mais de 5 anos escrevo sobre o universo da f\u00e9, pesquisando diferentes religi\u00f5es, doutrinas, tradi\u00e7\u00f5es espirituais e curiosidades religiosas ao redor do mundo. Tenho grande interesse em compreender como a f\u00e9 e a religiosidade se manifestam em diferentes culturas, pa\u00edses e idiomas, sempre buscando aprender mais sobre os costumes, cren\u00e7as e hist\u00f3rias que influenciam milh\u00f5es de pessoas diariamente. Atualmente, atuo como redatora no portal Ora\u00e7\u00e3o e F\u00e9, onde compartilho conte\u00fados informativos, reflexivos e inspiradores voltados ao universo religioso e espiritual. Meu objetivo \u00e9 levar conhecimento, curiosidades e mensagens enriquecedoras para leitores que desejam aprofundar sua compreens\u00e3o sobre f\u00e9, religi\u00e3o e espiritualidade no mundo moderno.\",\"sameAs\":[\"https:\\\/\\\/www.oracaoefe.com\"],\"url\":\"https:\\\/\\\/www.oracaoefe.com\\\/fr\\\/author\\\/admin\\\/\"}]}<\/script>\n<!-- \/ Yoast SEO plugin. -->","yoast_head_json":{"title":"Ora\u00e7\u00e3o e Sa\u00fade Mental: Como a F\u00e9 Tem Ajudado Pessoas a Enfrentar Ansiedade, Depress\u00e3o e Burnout no Mundo Moderno - Ora\u00e7\u00e3o e F\u00e9","description":"Dieu a une parole de vie pour vous !","robots":{"index":"index","follow":"follow","max-snippet":"max-snippet:-1","max-image-preview":"max-image-preview:large","max-video-preview":"max-video-preview:-1"},"canonical":"https:\/\/www.oracaoefe.com\/fr\/oracao-e-saude-mental-como-a-fe-tem-ajudado-pessoas-a-enfrentar-ansiedade-depressao-e-burnout-no-mundo-moderno\/","og_locale":"fr_FR","og_type":"article","og_title":"Ora\u00e7\u00e3o e Sa\u00fade Mental: Como a F\u00e9 Tem Ajudado Pessoas a Enfrentar Ansiedade, Depress\u00e3o e Burnout no Mundo Moderno - Ora\u00e7\u00e3o e F\u00e9","og_description":"Deus tem pra voc\u00ea uma palavra de vida!","og_url":"https:\/\/www.oracaoefe.com\/fr\/oracao-e-saude-mental-como-a-fe-tem-ajudado-pessoas-a-enfrentar-ansiedade-depressao-e-burnout-no-mundo-moderno\/","og_site_name":"Ora\u00e7\u00e3o e F\u00e9","article_published_time":"2026-03-21T17:27:33+00:00","og_image":[{"width":1024,"height":1024,"url":"https:\/\/www.oracaoefe.com\/wp-content\/uploads\/2025\/12\/sude.webp","type":"image\/webp"}],"author":"Maria","twitter_card":"summary_large_image","twitter_misc":{"\u00c9crit par":"Maria","Dur\u00e9e de lecture estim\u00e9e":"7 minutes"},"schema":{"@context":"https:\/\/schema.org","@graph":[{"@type":"Article","@id":"https:\/\/www.oracaoefe.com\/oracao-e-saude-mental-como-a-fe-tem-ajudado-pessoas-a-enfrentar-ansiedade-depressao-e-burnout-no-mundo-moderno\/#article","isPartOf":{"@id":"https:\/\/www.oracaoefe.com\/oracao-e-saude-mental-como-a-fe-tem-ajudado-pessoas-a-enfrentar-ansiedade-depressao-e-burnout-no-mundo-moderno\/"},"author":{"name":"Maria","@id":"https:\/\/www.oracaoefe.com\/#\/schema\/person\/27873f1e6043866689f5091b5139f23d"},"headline":"Ora\u00e7\u00e3o e Sa\u00fade Mental: Como a F\u00e9 Tem Ajudado Pessoas a Enfrentar Ansiedade, Depress\u00e3o e Burnout no Mundo Moderno","datePublished":"2026-03-21T17:27:33+00:00","mainEntityOfPage":{"@id":"https:\/\/www.oracaoefe.com\/oracao-e-saude-mental-como-a-fe-tem-ajudado-pessoas-a-enfrentar-ansiedade-depressao-e-burnout-no-mundo-moderno\/"},"wordCount":1335,"image":{"@id":"https:\/\/www.oracaoefe.com\/oracao-e-saude-mental-como-a-fe-tem-ajudado-pessoas-a-enfrentar-ansiedade-depressao-e-burnout-no-mundo-moderno\/#primaryimage"},"thumbnailUrl":"https:\/\/www.oracaoefe.com\/wp-content\/uploads\/2025\/12\/sude.webp","articleSection":["Fique por Dentro"],"inLanguage":"fr-FR"},{"@type":"WebPage","@id":"https:\/\/www.oracaoefe.com\/oracao-e-saude-mental-como-a-fe-tem-ajudado-pessoas-a-enfrentar-ansiedade-depressao-e-burnout-no-mundo-moderno\/","url":"https:\/\/www.oracaoefe.com\/oracao-e-saude-mental-como-a-fe-tem-ajudado-pessoas-a-enfrentar-ansiedade-depressao-e-burnout-no-mundo-moderno\/","name":"Ora\u00e7\u00e3o e Sa\u00fade Mental: Como a F\u00e9 Tem Ajudado Pessoas a Enfrentar Ansiedade, Depress\u00e3o e Burnout no Mundo Moderno - Ora\u00e7\u00e3o e F\u00e9","isPartOf":{"@id":"https:\/\/www.oracaoefe.com\/#website"},"primaryImageOfPage":{"@id":"https:\/\/www.oracaoefe.com\/oracao-e-saude-mental-como-a-fe-tem-ajudado-pessoas-a-enfrentar-ansiedade-depressao-e-burnout-no-mundo-moderno\/#primaryimage"},"image":{"@id":"https:\/\/www.oracaoefe.com\/oracao-e-saude-mental-como-a-fe-tem-ajudado-pessoas-a-enfrentar-ansiedade-depressao-e-burnout-no-mundo-moderno\/#primaryimage"},"thumbnailUrl":"https:\/\/www.oracaoefe.com\/wp-content\/uploads\/2025\/12\/sude.webp","datePublished":"2026-03-21T17:27:33+00:00","author":{"@id":"https:\/\/www.oracaoefe.com\/#\/schema\/person\/27873f1e6043866689f5091b5139f23d"},"description":"Dieu a une parole de vie pour vous !","breadcrumb":{"@id":"https:\/\/www.oracaoefe.com\/oracao-e-saude-mental-como-a-fe-tem-ajudado-pessoas-a-enfrentar-ansiedade-depressao-e-burnout-no-mundo-moderno\/#breadcrumb"},"inLanguage":"fr-FR","potentialAction":[{"@type":"ReadAction","target":["https:\/\/www.oracaoefe.com\/oracao-e-saude-mental-como-a-fe-tem-ajudado-pessoas-a-enfrentar-ansiedade-depressao-e-burnout-no-mundo-moderno\/"]}]},{"@type":"ImageObject","inLanguage":"fr-FR","@id":"https:\/\/www.oracaoefe.com\/oracao-e-saude-mental-como-a-fe-tem-ajudado-pessoas-a-enfrentar-ansiedade-depressao-e-burnout-no-mundo-moderno\/#primaryimage","url":"https:\/\/www.oracaoefe.com\/wp-content\/uploads\/2025\/12\/sude.webp","contentUrl":"https:\/\/www.oracaoefe.com\/wp-content\/uploads\/2025\/12\/sude.webp","width":1024,"height":1024},{"@type":"BreadcrumbList","@id":"https:\/\/www.oracaoefe.com\/oracao-e-saude-mental-como-a-fe-tem-ajudado-pessoas-a-enfrentar-ansiedade-depressao-e-burnout-no-mundo-moderno\/#breadcrumb","itemListElement":[{"@type":"ListItem","position":1,"name":"Home","item":"https:\/\/www.oracaoefe.com\/"},{"@type":"ListItem","position":2,"name":"Fique por Dentro","item":"https:\/\/www.oracaoefe.com\/category\/fique-por-dentro\/"},{"@type":"ListItem","position":3,"name":"Ora\u00e7\u00e3o e Sa\u00fade Mental: Como a F\u00e9 Tem Ajudado Pessoas a Enfrentar Ansiedade, Depress\u00e3o e Burnout no Mundo Moderno"}]},{"@type":"WebSite","@id":"https:\/\/www.oracaoefe.com\/#website","url":"https:\/\/www.oracaoefe.com\/","name":"Pri\u00e8re et foi","description":"","potentialAction":[{"@type":"SearchAction","target":{"@type":"EntryPoint","urlTemplate":"https:\/\/www.oracaoefe.com\/?s={search_term_string}"},"query-input":{"@type":"PropertyValueSpecification","valueRequired":true,"valueName":"search_term_string"}}],"inLanguage":"fr-FR"},{"@type":"Person","@id":"https:\/\/www.oracaoefe.com\/#\/schema\/person\/27873f1e6043866689f5091b5139f23d","name":"Maria","image":{"@type":"ImageObject","inLanguage":"fr-FR","@id":"https:\/\/secure.gravatar.com\/avatar\/4cac5ea56d40d599bd7348d330a83b1c84cd229296d1613cd1c7f6740561d0c9?s=96&d=mm&r=g","url":"https:\/\/secure.gravatar.com\/avatar\/4cac5ea56d40d599bd7348d330a83b1c84cd229296d1613cd1c7f6740561d0c9?s=96&d=mm&r=g","contentUrl":"https:\/\/secure.gravatar.com\/avatar\/4cac5ea56d40d599bd7348d330a83b1c84cd229296d1613cd1c7f6740561d0c9?s=96&d=mm&r=g","caption":"Maria"},"description":"Meu nome \u00e9 Maria e sou apaixonada por teologia, espiritualidade e estudos religiosos. H\u00e1 mais de 5 anos escrevo sobre o universo da f\u00e9, pesquisando diferentes religi\u00f5es, doutrinas, tradi\u00e7\u00f5es espirituais e curiosidades religiosas ao redor do mundo. Tenho grande interesse em compreender como a f\u00e9 e a religiosidade se manifestam em diferentes culturas, pa\u00edses e idiomas, sempre buscando aprender mais sobre os costumes, cren\u00e7as e hist\u00f3rias que influenciam milh\u00f5es de pessoas diariamente. Atualmente, atuo como redatora no portal Ora\u00e7\u00e3o e F\u00e9, onde compartilho conte\u00fados informativos, reflexivos e inspiradores voltados ao universo religioso e espiritual. Meu objetivo \u00e9 levar conhecimento, curiosidades e mensagens enriquecedoras para leitores que desejam aprofundar sua compreens\u00e3o sobre f\u00e9, religi\u00e3o e espiritualidade no mundo moderno.","sameAs":["https:\/\/www.oracaoefe.com"],"url":"https:\/\/www.oracaoefe.com\/fr\/author\/admin\/"}]}},"_links":{"self":[{"href":"https:\/\/www.oracaoefe.com\/fr\/wp-json\/wp\/v2\/posts\/3921","targetHints":{"allow":["GET"]}}],"collection":[{"href":"https:\/\/www.oracaoefe.com\/fr\/wp-json\/wp\/v2\/posts"}],"about":[{"href":"https:\/\/www.oracaoefe.com\/fr\/wp-json\/wp\/v2\/types\/post"}],"author":[{"embeddable":true,"href":"https:\/\/www.oracaoefe.com\/fr\/wp-json\/wp\/v2\/users\/1"}],"replies":[{"embeddable":true,"href":"https:\/\/www.oracaoefe.com\/fr\/wp-json\/wp\/v2\/comments?post=3921"}],"version-history":[{"count":1,"href":"https:\/\/www.oracaoefe.com\/fr\/wp-json\/wp\/v2\/posts\/3921\/revisions"}],"predecessor-version":[{"id":3923,"href":"https:\/\/www.oracaoefe.com\/fr\/wp-json\/wp\/v2\/posts\/3921\/revisions\/3923"}],"wp:featuredmedia":[{"embeddable":true,"href":"https:\/\/www.oracaoefe.com\/fr\/wp-json\/wp\/v2\/media\/3922"}],"wp:attachment":[{"href":"https:\/\/www.oracaoefe.com\/fr\/wp-json\/wp\/v2\/media?parent=3921"}],"wp:term":[{"taxonomy":"category","embeddable":true,"href":"https:\/\/www.oracaoefe.com\/fr\/wp-json\/wp\/v2\/categories?post=3921"},{"taxonomy":"post_tag","embeddable":true,"href":"https:\/\/www.oracaoefe.com\/fr\/wp-json\/wp\/v2\/tags?post=3921"}],"curies":[{"name":"wp","href":"https:\/\/api.w.org\/{rel}","templated":true}]}}