{"id":3918,"date":"2026-02-21T14:26:47","date_gmt":"2026-02-21T17:26:47","guid":{"rendered":"https:\/\/www.oracaoefe.com\/?p=3918"},"modified":"2025-12-16T14:27:31","modified_gmt":"2025-12-16T17:27:31","slug":"jovens-oracao-e-espiritualidade-por-que-as-novas-geracoes-estao-redescobrindo-a-fe-em-um-mundo-digital","status":"publish","type":"post","link":"https:\/\/www.oracaoefe.com\/fr\/jovens-oracao-e-espiritualidade-por-que-as-novas-geracoes-estao-redescobrindo-a-fe-em-um-mundo-digital\/","title":{"rendered":"Jovens, Ora\u00e7\u00e3o e Espiritualidade: Por Que as Novas Gera\u00e7\u00f5es Est\u00e3o Redescobrindo a F\u00e9 em um Mundo Digital"},"content":{"rendered":"<h2 class=\"wp-block-heading\">Introdu\u00e7\u00e3o<\/h2>\n\n\n\n<p class=\"wp-block-paragraph\">Durante muitos anos, acreditou-se que o avan\u00e7o da tecnologia, das redes sociais e da cultura digital afastaria definitivamente os jovens da f\u00e9 e da espiritualidade. A narrativa dominante apontava para uma gera\u00e7\u00e3o cada vez mais c\u00e9tica, individualista e distante de qualquer pr\u00e1tica religiosa tradicional. No entanto, os dados recentes e o comportamento social mostram um movimento diferente: jovens est\u00e3o redescobrindo a ora\u00e7\u00e3o, a espiritualidade e a busca por sentido, ainda que de formas distintas das gera\u00e7\u00f5es anteriores.<\/p>\n\n\n\n<p class=\"wp-block-paragraph\">Este artigo analisa por que a f\u00e9 voltou a ganhar espa\u00e7o entre os jovens, como a ora\u00e7\u00e3o tem sido ressignificada no ambiente digital e de que maneira essa busca espiritual se conecta diretamente com sa\u00fade mental, identidade pessoal e pertencimento em um mundo hiperconectado e, ao mesmo tempo, emocionalmente fragmentado.<\/p>\n\n\n\n<h2 class=\"wp-block-heading\">A Gera\u00e7\u00e3o Digital e a Crise de Sentido<\/h2>\n\n\n\n<p class=\"wp-block-paragraph\">Os jovens de hoje cresceram em um ambiente marcado por excesso de informa\u00e7\u00e3o, est\u00edmulos constantes e compara\u00e7\u00e3o social permanente. Redes sociais exp\u00f5em padr\u00f5es inalcan\u00e7\u00e1veis de sucesso, beleza e felicidade, criando uma press\u00e3o psicol\u00f3gica intensa desde cedo. Apesar de estarem conectados o tempo todo, muitos jovens relatam sentimentos profundos de solid\u00e3o, inadequa\u00e7\u00e3o e ansiedade.<\/p>\n\n\n\n<p class=\"wp-block-paragraph\">Essa realidade gerou uma crise de sentido. Ter acesso ilimitado \u00e0 informa\u00e7\u00e3o n\u00e3o significa ter respostas para quest\u00f5es fundamentais da vida, como prop\u00f3sito, identidade e valor pessoal. Diante dessa lacuna, a espiritualidade surge como um caminho de reconex\u00e3o consigo mesmo e com algo que transcende a l\u00f3gica do desempenho e da valida\u00e7\u00e3o externa.<\/p>\n\n\n\n<h2 class=\"wp-block-heading\">O Retorno da Ora\u00e7\u00e3o Como Pr\u00e1tica de Autocuidado Emocional<\/h2>\n\n\n\n<p class=\"wp-block-paragraph\">Entre os jovens, a ora\u00e7\u00e3o nem sempre aparece associada a dogmas r\u00edgidos ou institui\u00e7\u00f5es religiosas tradicionais. Muitas vezes, ela se manifesta como uma pr\u00e1tica pessoal de reflex\u00e3o, desabafo e reorganiza\u00e7\u00e3o emocional. Orar, para essa gera\u00e7\u00e3o, \u00e9 criar um espa\u00e7o de pausa em meio \u00e0 sobrecarga mental provocada pela vida digital.<\/p>\n\n\n\n<p class=\"wp-block-paragraph\">A ora\u00e7\u00e3o funciona como um momento de sil\u00eancio intencional, onde o jovem pode expressar medos, inseguran\u00e7as e desejos sem julgamento. Esse processo tem efeitos semelhantes aos observados em pr\u00e1ticas de mindfulness, por\u00e9m com um diferencial importante: a sensa\u00e7\u00e3o de di\u00e1logo com algo maior, que oferece acolhimento e sentido. Em um mundo onde tudo \u00e9 mensurado por curtidas e m\u00e9tricas, a ora\u00e7\u00e3o oferece um espa\u00e7o onde o valor n\u00e3o depende de desempenho.<\/p>\n\n\n\n<h2 class=\"wp-block-heading\">Espiritualidade Sem R\u00f3tulos: Uma Nova Forma de F\u00e9<\/h2>\n\n\n\n<p class=\"wp-block-paragraph\">Um dos aspectos mais marcantes da espiritualidade entre os jovens \u00e9 a rejei\u00e7\u00e3o a r\u00f3tulos r\u00edgidos. Muitos n\u00e3o se identificam plenamente com uma denomina\u00e7\u00e3o espec\u00edfica, mas mant\u00eam pr\u00e1ticas espirituais consistentes, como ora\u00e7\u00e3o, leitura de textos sagrados, medita\u00e7\u00e3o e reflex\u00e3o moral. Essa abordagem menos institucional n\u00e3o significa superficialidade, mas uma busca por autenticidade.<\/p>\n\n\n\n<p class=\"wp-block-paragraph\">Os jovens tendem a questionar estruturas que consideram incoerentes ou distantes da realidade cotidiana. Ao mesmo tempo, demonstram interesse genu\u00edno por valores espirituais como compaix\u00e3o, justi\u00e7a, perd\u00e3o e prop\u00f3sito. A ora\u00e7\u00e3o, nesse contexto, n\u00e3o \u00e9 vista como obriga\u00e7\u00e3o, mas como escolha consciente de cuidado interior e alinhamento pessoal.<\/p>\n\n\n\n<h2 class=\"wp-block-heading\">O Papel das Redes Sociais na Redescoberta da F\u00e9<\/h2>\n\n\n\n<p class=\"wp-block-paragraph\">Paradoxalmente, o mesmo ambiente digital que contribuiu para o aumento da ansiedade entre os jovens tamb\u00e9m se tornou um canal poderoso de dissemina\u00e7\u00e3o da f\u00e9. Conte\u00fados espirituais, devocionais, reflex\u00f5es b\u00edblicas e testemunhos pessoais ganharam espa\u00e7o em plataformas como Instagram, TikTok e YouTube. Esses conte\u00fados, muitas vezes produzidos por jovens para jovens, apresentam a f\u00e9 de forma acess\u00edvel, honesta e conectada com a realidade cotidiana.<\/p>\n\n\n\n<p class=\"wp-block-paragraph\">A ora\u00e7\u00e3o deixou de ser restrita a templos e passou a fazer parte do feed, dos stories e dos v\u00eddeos curtos. Essa presen\u00e7a constante normaliza a espiritualidade e cria comunidades digitais onde jovens se sentem compreendidos e acolhidos. Para muitos, esse foi o primeiro contato significativo com pr\u00e1ticas espirituais, despertando um interesse que se aprofunda fora do ambiente virtual.<\/p>\n\n\n\n<h2 class=\"wp-block-heading\">F\u00e9 e Sa\u00fade Mental: Uma Conex\u00e3o Cada Vez Mais Clara<\/h2>\n\n\n\n<p class=\"wp-block-paragraph\">A rela\u00e7\u00e3o entre f\u00e9 e sa\u00fade mental tem se tornado um tema central entre os jovens. O aumento dos casos de ansiedade, depress\u00e3o e burnout precoce levou muitos a buscarem alternativas al\u00e9m das solu\u00e7\u00f5es tradicionais. A ora\u00e7\u00e3o surge como um recurso complementar importante, ajudando no gerenciamento emocional e na constru\u00e7\u00e3o de resili\u00eancia psicol\u00f3gica.<\/p>\n\n\n\n<p class=\"wp-block-paragraph\">Estudos indicam que jovens que mant\u00eam pr\u00e1ticas espirituais regulares tendem a apresentar maior capacidade de lidar com frustra\u00e7\u00f5es, menor sensa\u00e7\u00e3o de vazio existencial e maior clareza sobre valores pessoais. A f\u00e9 oferece uma narrativa de sentido que ajuda a organizar experi\u00eancias dolorosas e a reduzir a sensa\u00e7\u00e3o de desamparo diante das dificuldades da vida adulta.<\/p>\n\n\n\n<h2 class=\"wp-block-heading\">Comunidade, Pertencimento e Identidade Espiritual<\/h2>\n\n\n\n<p class=\"wp-block-paragraph\">Outro fator decisivo na redescoberta da f\u00e9 entre os jovens \u00e9 a busca por pertencimento. Em um mundo fragmentado, onde rela\u00e7\u00f5es s\u00e3o frequentemente superficiais e transit\u00f3rias, comunidades espirituais oferecem v\u00ednculos mais profundos e est\u00e1veis. A ora\u00e7\u00e3o coletiva, seja presencial ou online, cria um sentimento de conex\u00e3o que vai al\u00e9m de interesses moment\u00e2neos.<\/p>\n\n\n\n<p class=\"wp-block-paragraph\">Esses espa\u00e7os permitem que jovens expressem d\u00favidas, fragilidades e questionamentos sem a press\u00e3o de aparentar perfei\u00e7\u00e3o. A f\u00e9, nesse contexto, contribui para a constru\u00e7\u00e3o de identidade, oferecendo refer\u00eancias \u00e9ticas e emocionais que ajudam na tomada de decis\u00f5es e na forma\u00e7\u00e3o de car\u00e1ter.<\/p>\n\n\n\n<h2 class=\"wp-block-heading\">Ora\u00e7\u00e3o Como Resist\u00eancia \u00e0 Cultura da Performance<\/h2>\n\n\n\n<p class=\"wp-block-paragraph\">A cultura contempor\u00e2nea valoriza produtividade constante, sucesso r\u00e1pido e desempenho impec\u00e1vel. Para muitos jovens, essa l\u00f3gica se torna insustent\u00e1vel emocionalmente. A ora\u00e7\u00e3o surge como um ato de resist\u00eancia silenciosa a essa cultura da performance, lembrando que o valor humano n\u00e3o est\u00e1 condicionado \u00e0 efici\u00eancia ou \u00e0 aprova\u00e7\u00e3o externa.<\/p>\n\n\n\n<p class=\"wp-block-paragraph\">Ao orar, o jovem se permite ser imperfeito, vulner\u00e1vel e dependente. Essa postura contraria a narrativa dominante de autossufici\u00eancia e fortalece uma rela\u00e7\u00e3o mais saud\u00e1vel consigo mesmo. A f\u00e9, portanto, n\u00e3o limita a autonomia, mas redefine o conceito de sucesso, priorizando equil\u00edbrio emocional, prop\u00f3sito e coer\u00eancia interna.<\/p>\n\n\n\n<h2 class=\"wp-block-heading\">Desafios e Cr\u00edticas \u00e0 Espiritualidade Jovem<\/h2>\n\n\n\n<p class=\"wp-block-paragraph\">Apesar do crescimento da f\u00e9 entre os jovens, esse movimento tamb\u00e9m enfrenta cr\u00edticas. Alguns apontam o risco de superficialidade ou consumo r\u00e1pido de conte\u00fados espirituais sem aprofundamento. Outros questionam a falta de compromisso institucional. Essas cr\u00edticas s\u00e3o relevantes, mas n\u00e3o anulam a autenticidade da busca espiritual dessa gera\u00e7\u00e3o.<\/p>\n\n\n\n<p class=\"wp-block-paragraph\">O desafio est\u00e1 em transformar o interesse inicial em pr\u00e1ticas consistentes e reflexivas, que promovam crescimento pessoal e responsabilidade social. Muitos jovens est\u00e3o nesse processo, aprendendo a integrar f\u00e9, raz\u00e3o e a\u00e7\u00e3o concreta em suas vidas.<\/p>\n\n\n\n<h2 class=\"wp-block-heading\">Conclus\u00e3o<\/h2>\n\n\n\n<p class=\"wp-block-paragraph\">A redescoberta da ora\u00e7\u00e3o e da espiritualidade entre os jovens revela uma resposta profunda \u00e0s tens\u00f5es emocionais e existenciais do mundo digital. Longe de representar um retorno ing\u00eanuo ao passado, esse movimento reflete uma busca consciente por sentido, equil\u00edbrio e pertencimento em meio \u00e0 complexidade da vida contempor\u00e2nea.<\/p>\n\n\n\n<p class=\"wp-block-paragraph\">A ora\u00e7\u00e3o, para as novas gera\u00e7\u00f5es, n\u00e3o \u00e9 apenas um ato religioso tradicional, mas uma ferramenta de cuidado emocional, constru\u00e7\u00e3o de identidade e resist\u00eancia \u00e0 superficialidade. Em um mundo cada vez mais acelerado e fragmentado, a f\u00e9 volta a ocupar um espa\u00e7o relevante, mostrando que, mesmo em tempos digitais, a busca pelo transcendente continua sendo uma necessidade humana fundamental.<\/p>","protected":false},"excerpt":{"rendered":"<p>Introdu\u00e7\u00e3o Durante muitos anos, acreditou-se que o avan\u00e7o da tecnologia, das redes sociais e da cultura digital afastaria definitivamente os jovens da f\u00e9 e da espiritualidade. A narrativa dominante apontava para uma gera\u00e7\u00e3o cada vez mais c\u00e9tica, individualista e distante de qualquer pr\u00e1tica religiosa tradicional. No entanto, os dados recentes e o comportamento social mostram&hellip;&nbsp;<\/p>","protected":false},"author":1,"featured_media":3919,"comment_status":"closed","ping_status":"closed","sticky":false,"template":"","format":"standard","meta":{"neve_meta_sidebar":"","neve_meta_container":"","neve_meta_enable_content_width":"","neve_meta_content_width":0,"neve_meta_title_alignment":"","neve_meta_author_avatar":"","neve_post_elements_order":"","neve_meta_disable_header":"","neve_meta_disable_footer":"","neve_meta_disable_title":"","footnotes":""},"categories":[4],"tags":[],"class_list":["post-3918","post","type-post","status-publish","format-standard","has-post-thumbnail","hentry","category-fique-por-dentro"],"yoast_head":"<!-- This site is optimized with the Yoast SEO plugin v28.4 - https:\/\/yoast.com\/product\/yoast-seo-wordpress\/ -->\n<title>Jovens, Ora\u00e7\u00e3o e Espiritualidade: Por Que as Novas Gera\u00e7\u00f5es Est\u00e3o Redescobrindo a F\u00e9 em um Mundo Digital - Ora\u00e7\u00e3o e F\u00e9<\/title>\n<meta name=\"description\" content=\"Deus tem pra voc\u00ea uma palavra de vida!\" \/>\n<meta name=\"robots\" content=\"index, follow, max-snippet:-1, max-image-preview:large, max-video-preview:-1\" \/>\n<link rel=\"canonical\" href=\"https:\/\/www.oracaoefe.com\/fr\/jovens-oracao-e-espiritualidade-por-que-as-novas-geracoes-estao-redescobrindo-a-fe-em-um-mundo-digital\/\" \/>\n<meta property=\"og:locale\" content=\"fr_FR\" \/>\n<meta property=\"og:type\" content=\"article\" \/>\n<meta property=\"og:title\" content=\"Jovens, Ora\u00e7\u00e3o e Espiritualidade: Por Que as Novas Gera\u00e7\u00f5es Est\u00e3o Redescobrindo a F\u00e9 em um Mundo Digital - Ora\u00e7\u00e3o e F\u00e9\" \/>\n<meta property=\"og:description\" content=\"Deus tem pra voc\u00ea uma palavra de vida!\" \/>\n<meta property=\"og:url\" content=\"https:\/\/www.oracaoefe.com\/fr\/jovens-oracao-e-espiritualidade-por-que-as-novas-geracoes-estao-redescobrindo-a-fe-em-um-mundo-digital\/\" \/>\n<meta property=\"og:site_name\" content=\"Ora\u00e7\u00e3o e F\u00e9\" \/>\n<meta property=\"article:published_time\" content=\"2026-02-21T17:26:47+00:00\" \/>\n<meta property=\"og:image\" content=\"https:\/\/www.oracaoefe.com\/wp-content\/uploads\/2025\/12\/jovens-oracao.webp\" \/>\n\t<meta property=\"og:image:width\" content=\"1024\" \/>\n\t<meta property=\"og:image:height\" content=\"1024\" \/>\n\t<meta property=\"og:image:type\" content=\"image\/webp\" \/>\n<meta name=\"author\" content=\"Maria\" \/>\n<meta name=\"twitter:card\" content=\"summary_large_image\" \/>\n<meta name=\"twitter:label1\" content=\"\u00c9crit par\" \/>\n\t<meta name=\"twitter:data1\" content=\"Maria\" \/>\n\t<meta name=\"twitter:label2\" content=\"Dur\u00e9e de lecture estim\u00e9e\" \/>\n\t<meta name=\"twitter:data2\" content=\"6 minutes\" \/>\n<script type=\"application\/ld+json\" class=\"yoast-schema-graph\">{\"@context\":\"https:\\\/\\\/schema.org\",\"@graph\":[{\"@type\":\"Article\",\"@id\":\"https:\\\/\\\/www.oracaoefe.com\\\/jovens-oracao-e-espiritualidade-por-que-as-novas-geracoes-estao-redescobrindo-a-fe-em-um-mundo-digital\\\/#article\",\"isPartOf\":{\"@id\":\"https:\\\/\\\/www.oracaoefe.com\\\/jovens-oracao-e-espiritualidade-por-que-as-novas-geracoes-estao-redescobrindo-a-fe-em-um-mundo-digital\\\/\"},\"author\":{\"name\":\"Maria\",\"@id\":\"https:\\\/\\\/www.oracaoefe.com\\\/#\\\/schema\\\/person\\\/27873f1e6043866689f5091b5139f23d\"},\"headline\":\"Jovens, Ora\u00e7\u00e3o e Espiritualidade: Por Que as Novas Gera\u00e7\u00f5es Est\u00e3o Redescobrindo a F\u00e9 em um Mundo Digital\",\"datePublished\":\"2026-02-21T17:26:47+00:00\",\"mainEntityOfPage\":{\"@id\":\"https:\\\/\\\/www.oracaoefe.com\\\/jovens-oracao-e-espiritualidade-por-que-as-novas-geracoes-estao-redescobrindo-a-fe-em-um-mundo-digital\\\/\"},\"wordCount\":1298,\"image\":{\"@id\":\"https:\\\/\\\/www.oracaoefe.com\\\/jovens-oracao-e-espiritualidade-por-que-as-novas-geracoes-estao-redescobrindo-a-fe-em-um-mundo-digital\\\/#primaryimage\"},\"thumbnailUrl\":\"https:\\\/\\\/www.oracaoefe.com\\\/wp-content\\\/uploads\\\/2025\\\/12\\\/jovens-oracao.webp\",\"articleSection\":[\"Fique por Dentro\"],\"inLanguage\":\"fr-FR\"},{\"@type\":\"WebPage\",\"@id\":\"https:\\\/\\\/www.oracaoefe.com\\\/jovens-oracao-e-espiritualidade-por-que-as-novas-geracoes-estao-redescobrindo-a-fe-em-um-mundo-digital\\\/\",\"url\":\"https:\\\/\\\/www.oracaoefe.com\\\/jovens-oracao-e-espiritualidade-por-que-as-novas-geracoes-estao-redescobrindo-a-fe-em-um-mundo-digital\\\/\",\"name\":\"Jovens, Ora\u00e7\u00e3o e Espiritualidade: Por Que as Novas Gera\u00e7\u00f5es Est\u00e3o Redescobrindo a F\u00e9 em um Mundo Digital - Ora\u00e7\u00e3o e F\u00e9\",\"isPartOf\":{\"@id\":\"https:\\\/\\\/www.oracaoefe.com\\\/#website\"},\"primaryImageOfPage\":{\"@id\":\"https:\\\/\\\/www.oracaoefe.com\\\/jovens-oracao-e-espiritualidade-por-que-as-novas-geracoes-estao-redescobrindo-a-fe-em-um-mundo-digital\\\/#primaryimage\"},\"image\":{\"@id\":\"https:\\\/\\\/www.oracaoefe.com\\\/jovens-oracao-e-espiritualidade-por-que-as-novas-geracoes-estao-redescobrindo-a-fe-em-um-mundo-digital\\\/#primaryimage\"},\"thumbnailUrl\":\"https:\\\/\\\/www.oracaoefe.com\\\/wp-content\\\/uploads\\\/2025\\\/12\\\/jovens-oracao.webp\",\"datePublished\":\"2026-02-21T17:26:47+00:00\",\"author\":{\"@id\":\"https:\\\/\\\/www.oracaoefe.com\\\/#\\\/schema\\\/person\\\/27873f1e6043866689f5091b5139f23d\"},\"description\":\"Deus tem pra voc\u00ea uma palavra de vida!\",\"breadcrumb\":{\"@id\":\"https:\\\/\\\/www.oracaoefe.com\\\/jovens-oracao-e-espiritualidade-por-que-as-novas-geracoes-estao-redescobrindo-a-fe-em-um-mundo-digital\\\/#breadcrumb\"},\"inLanguage\":\"fr-FR\",\"potentialAction\":[{\"@type\":\"ReadAction\",\"target\":[\"https:\\\/\\\/www.oracaoefe.com\\\/jovens-oracao-e-espiritualidade-por-que-as-novas-geracoes-estao-redescobrindo-a-fe-em-um-mundo-digital\\\/\"]}]},{\"@type\":\"ImageObject\",\"inLanguage\":\"fr-FR\",\"@id\":\"https:\\\/\\\/www.oracaoefe.com\\\/jovens-oracao-e-espiritualidade-por-que-as-novas-geracoes-estao-redescobrindo-a-fe-em-um-mundo-digital\\\/#primaryimage\",\"url\":\"https:\\\/\\\/www.oracaoefe.com\\\/wp-content\\\/uploads\\\/2025\\\/12\\\/jovens-oracao.webp\",\"contentUrl\":\"https:\\\/\\\/www.oracaoefe.com\\\/wp-content\\\/uploads\\\/2025\\\/12\\\/jovens-oracao.webp\",\"width\":1024,\"height\":1024},{\"@type\":\"BreadcrumbList\",\"@id\":\"https:\\\/\\\/www.oracaoefe.com\\\/jovens-oracao-e-espiritualidade-por-que-as-novas-geracoes-estao-redescobrindo-a-fe-em-um-mundo-digital\\\/#breadcrumb\",\"itemListElement\":[{\"@type\":\"ListItem\",\"position\":1,\"name\":\"Home\",\"item\":\"https:\\\/\\\/www.oracaoefe.com\\\/\"},{\"@type\":\"ListItem\",\"position\":2,\"name\":\"Fique por Dentro\",\"item\":\"https:\\\/\\\/www.oracaoefe.com\\\/category\\\/fique-por-dentro\\\/\"},{\"@type\":\"ListItem\",\"position\":3,\"name\":\"Jovens, Ora\u00e7\u00e3o e Espiritualidade: Por Que as Novas Gera\u00e7\u00f5es Est\u00e3o Redescobrindo a F\u00e9 em um Mundo Digital\"}]},{\"@type\":\"WebSite\",\"@id\":\"https:\\\/\\\/www.oracaoefe.com\\\/#website\",\"url\":\"https:\\\/\\\/www.oracaoefe.com\\\/\",\"name\":\"Ora\u00e7\u00e3o e F\u00e9\",\"description\":\"\",\"potentialAction\":[{\"@type\":\"SearchAction\",\"target\":{\"@type\":\"EntryPoint\",\"urlTemplate\":\"https:\\\/\\\/www.oracaoefe.com\\\/?s={search_term_string}\"},\"query-input\":{\"@type\":\"PropertyValueSpecification\",\"valueRequired\":true,\"valueName\":\"search_term_string\"}}],\"inLanguage\":\"fr-FR\"},{\"@type\":\"Person\",\"@id\":\"https:\\\/\\\/www.oracaoefe.com\\\/#\\\/schema\\\/person\\\/27873f1e6043866689f5091b5139f23d\",\"name\":\"Maria\",\"image\":{\"@type\":\"ImageObject\",\"inLanguage\":\"fr-FR\",\"@id\":\"https:\\\/\\\/secure.gravatar.com\\\/avatar\\\/4cac5ea56d40d599bd7348d330a83b1c84cd229296d1613cd1c7f6740561d0c9?s=96&d=mm&r=g\",\"url\":\"https:\\\/\\\/secure.gravatar.com\\\/avatar\\\/4cac5ea56d40d599bd7348d330a83b1c84cd229296d1613cd1c7f6740561d0c9?s=96&d=mm&r=g\",\"contentUrl\":\"https:\\\/\\\/secure.gravatar.com\\\/avatar\\\/4cac5ea56d40d599bd7348d330a83b1c84cd229296d1613cd1c7f6740561d0c9?s=96&d=mm&r=g\",\"caption\":\"Maria\"},\"description\":\"Meu nome \u00e9 Maria e sou apaixonada por teologia, espiritualidade e estudos religiosos. H\u00e1 mais de 5 anos escrevo sobre o universo da f\u00e9, pesquisando diferentes religi\u00f5es, doutrinas, tradi\u00e7\u00f5es espirituais e curiosidades religiosas ao redor do mundo. Tenho grande interesse em compreender como a f\u00e9 e a religiosidade se manifestam em diferentes culturas, pa\u00edses e idiomas, sempre buscando aprender mais sobre os costumes, cren\u00e7as e hist\u00f3rias que influenciam milh\u00f5es de pessoas diariamente. Atualmente, atuo como redatora no portal Ora\u00e7\u00e3o e F\u00e9, onde compartilho conte\u00fados informativos, reflexivos e inspiradores voltados ao universo religioso e espiritual. Meu objetivo \u00e9 levar conhecimento, curiosidades e mensagens enriquecedoras para leitores que desejam aprofundar sua compreens\u00e3o sobre f\u00e9, religi\u00e3o e espiritualidade no mundo moderno.\",\"sameAs\":[\"https:\\\/\\\/www.oracaoefe.com\"],\"url\":\"https:\\\/\\\/www.oracaoefe.com\\\/fr\\\/author\\\/admin\\\/\"}]}<\/script>\n<!-- \/ Yoast SEO plugin. -->","yoast_head_json":{"title":"Jovens, Ora\u00e7\u00e3o e Espiritualidade: Por Que as Novas Gera\u00e7\u00f5es Est\u00e3o Redescobrindo a F\u00e9 em um Mundo Digital - Ora\u00e7\u00e3o e F\u00e9","description":"Dieu a une parole de vie pour vous !","robots":{"index":"index","follow":"follow","max-snippet":"max-snippet:-1","max-image-preview":"max-image-preview:large","max-video-preview":"max-video-preview:-1"},"canonical":"https:\/\/www.oracaoefe.com\/fr\/jovens-oracao-e-espiritualidade-por-que-as-novas-geracoes-estao-redescobrindo-a-fe-em-um-mundo-digital\/","og_locale":"fr_FR","og_type":"article","og_title":"Jovens, Ora\u00e7\u00e3o e Espiritualidade: Por Que as Novas Gera\u00e7\u00f5es Est\u00e3o Redescobrindo a F\u00e9 em um Mundo Digital - Ora\u00e7\u00e3o e F\u00e9","og_description":"Deus tem pra voc\u00ea uma palavra de vida!","og_url":"https:\/\/www.oracaoefe.com\/fr\/jovens-oracao-e-espiritualidade-por-que-as-novas-geracoes-estao-redescobrindo-a-fe-em-um-mundo-digital\/","og_site_name":"Ora\u00e7\u00e3o e F\u00e9","article_published_time":"2026-02-21T17:26:47+00:00","og_image":[{"width":1024,"height":1024,"url":"https:\/\/www.oracaoefe.com\/wp-content\/uploads\/2025\/12\/jovens-oracao.webp","type":"image\/webp"}],"author":"Maria","twitter_card":"summary_large_image","twitter_misc":{"\u00c9crit par":"Maria","Dur\u00e9e de lecture estim\u00e9e":"6 minutes"},"schema":{"@context":"https:\/\/schema.org","@graph":[{"@type":"Article","@id":"https:\/\/www.oracaoefe.com\/jovens-oracao-e-espiritualidade-por-que-as-novas-geracoes-estao-redescobrindo-a-fe-em-um-mundo-digital\/#article","isPartOf":{"@id":"https:\/\/www.oracaoefe.com\/jovens-oracao-e-espiritualidade-por-que-as-novas-geracoes-estao-redescobrindo-a-fe-em-um-mundo-digital\/"},"author":{"name":"Maria","@id":"https:\/\/www.oracaoefe.com\/#\/schema\/person\/27873f1e6043866689f5091b5139f23d"},"headline":"Jovens, Ora\u00e7\u00e3o e Espiritualidade: Por Que as Novas Gera\u00e7\u00f5es Est\u00e3o Redescobrindo a F\u00e9 em um Mundo Digital","datePublished":"2026-02-21T17:26:47+00:00","mainEntityOfPage":{"@id":"https:\/\/www.oracaoefe.com\/jovens-oracao-e-espiritualidade-por-que-as-novas-geracoes-estao-redescobrindo-a-fe-em-um-mundo-digital\/"},"wordCount":1298,"image":{"@id":"https:\/\/www.oracaoefe.com\/jovens-oracao-e-espiritualidade-por-que-as-novas-geracoes-estao-redescobrindo-a-fe-em-um-mundo-digital\/#primaryimage"},"thumbnailUrl":"https:\/\/www.oracaoefe.com\/wp-content\/uploads\/2025\/12\/jovens-oracao.webp","articleSection":["Fique por Dentro"],"inLanguage":"fr-FR"},{"@type":"WebPage","@id":"https:\/\/www.oracaoefe.com\/jovens-oracao-e-espiritualidade-por-que-as-novas-geracoes-estao-redescobrindo-a-fe-em-um-mundo-digital\/","url":"https:\/\/www.oracaoefe.com\/jovens-oracao-e-espiritualidade-por-que-as-novas-geracoes-estao-redescobrindo-a-fe-em-um-mundo-digital\/","name":"Jovens, Ora\u00e7\u00e3o e Espiritualidade: Por Que as Novas Gera\u00e7\u00f5es Est\u00e3o Redescobrindo a F\u00e9 em um Mundo Digital - Ora\u00e7\u00e3o e F\u00e9","isPartOf":{"@id":"https:\/\/www.oracaoefe.com\/#website"},"primaryImageOfPage":{"@id":"https:\/\/www.oracaoefe.com\/jovens-oracao-e-espiritualidade-por-que-as-novas-geracoes-estao-redescobrindo-a-fe-em-um-mundo-digital\/#primaryimage"},"image":{"@id":"https:\/\/www.oracaoefe.com\/jovens-oracao-e-espiritualidade-por-que-as-novas-geracoes-estao-redescobrindo-a-fe-em-um-mundo-digital\/#primaryimage"},"thumbnailUrl":"https:\/\/www.oracaoefe.com\/wp-content\/uploads\/2025\/12\/jovens-oracao.webp","datePublished":"2026-02-21T17:26:47+00:00","author":{"@id":"https:\/\/www.oracaoefe.com\/#\/schema\/person\/27873f1e6043866689f5091b5139f23d"},"description":"Dieu a une parole de vie pour vous !","breadcrumb":{"@id":"https:\/\/www.oracaoefe.com\/jovens-oracao-e-espiritualidade-por-que-as-novas-geracoes-estao-redescobrindo-a-fe-em-um-mundo-digital\/#breadcrumb"},"inLanguage":"fr-FR","potentialAction":[{"@type":"ReadAction","target":["https:\/\/www.oracaoefe.com\/jovens-oracao-e-espiritualidade-por-que-as-novas-geracoes-estao-redescobrindo-a-fe-em-um-mundo-digital\/"]}]},{"@type":"ImageObject","inLanguage":"fr-FR","@id":"https:\/\/www.oracaoefe.com\/jovens-oracao-e-espiritualidade-por-que-as-novas-geracoes-estao-redescobrindo-a-fe-em-um-mundo-digital\/#primaryimage","url":"https:\/\/www.oracaoefe.com\/wp-content\/uploads\/2025\/12\/jovens-oracao.webp","contentUrl":"https:\/\/www.oracaoefe.com\/wp-content\/uploads\/2025\/12\/jovens-oracao.webp","width":1024,"height":1024},{"@type":"BreadcrumbList","@id":"https:\/\/www.oracaoefe.com\/jovens-oracao-e-espiritualidade-por-que-as-novas-geracoes-estao-redescobrindo-a-fe-em-um-mundo-digital\/#breadcrumb","itemListElement":[{"@type":"ListItem","position":1,"name":"Home","item":"https:\/\/www.oracaoefe.com\/"},{"@type":"ListItem","position":2,"name":"Fique por Dentro","item":"https:\/\/www.oracaoefe.com\/category\/fique-por-dentro\/"},{"@type":"ListItem","position":3,"name":"Jovens, Ora\u00e7\u00e3o e Espiritualidade: Por Que as Novas Gera\u00e7\u00f5es Est\u00e3o Redescobrindo a F\u00e9 em um Mundo Digital"}]},{"@type":"WebSite","@id":"https:\/\/www.oracaoefe.com\/#website","url":"https:\/\/www.oracaoefe.com\/","name":"Pri\u00e8re et foi","description":"","potentialAction":[{"@type":"SearchAction","target":{"@type":"EntryPoint","urlTemplate":"https:\/\/www.oracaoefe.com\/?s={search_term_string}"},"query-input":{"@type":"PropertyValueSpecification","valueRequired":true,"valueName":"search_term_string"}}],"inLanguage":"fr-FR"},{"@type":"Person","@id":"https:\/\/www.oracaoefe.com\/#\/schema\/person\/27873f1e6043866689f5091b5139f23d","name":"Maria","image":{"@type":"ImageObject","inLanguage":"fr-FR","@id":"https:\/\/secure.gravatar.com\/avatar\/4cac5ea56d40d599bd7348d330a83b1c84cd229296d1613cd1c7f6740561d0c9?s=96&d=mm&r=g","url":"https:\/\/secure.gravatar.com\/avatar\/4cac5ea56d40d599bd7348d330a83b1c84cd229296d1613cd1c7f6740561d0c9?s=96&d=mm&r=g","contentUrl":"https:\/\/secure.gravatar.com\/avatar\/4cac5ea56d40d599bd7348d330a83b1c84cd229296d1613cd1c7f6740561d0c9?s=96&d=mm&r=g","caption":"Maria"},"description":"Meu nome \u00e9 Maria e sou apaixonada por teologia, espiritualidade e estudos religiosos. H\u00e1 mais de 5 anos escrevo sobre o universo da f\u00e9, pesquisando diferentes religi\u00f5es, doutrinas, tradi\u00e7\u00f5es espirituais e curiosidades religiosas ao redor do mundo. Tenho grande interesse em compreender como a f\u00e9 e a religiosidade se manifestam em diferentes culturas, pa\u00edses e idiomas, sempre buscando aprender mais sobre os costumes, cren\u00e7as e hist\u00f3rias que influenciam milh\u00f5es de pessoas diariamente. Atualmente, atuo como redatora no portal Ora\u00e7\u00e3o e F\u00e9, onde compartilho conte\u00fados informativos, reflexivos e inspiradores voltados ao universo religioso e espiritual. Meu objetivo \u00e9 levar conhecimento, curiosidades e mensagens enriquecedoras para leitores que desejam aprofundar sua compreens\u00e3o sobre f\u00e9, religi\u00e3o e espiritualidade no mundo moderno.","sameAs":["https:\/\/www.oracaoefe.com"],"url":"https:\/\/www.oracaoefe.com\/fr\/author\/admin\/"}]}},"_links":{"self":[{"href":"https:\/\/www.oracaoefe.com\/fr\/wp-json\/wp\/v2\/posts\/3918","targetHints":{"allow":["GET"]}}],"collection":[{"href":"https:\/\/www.oracaoefe.com\/fr\/wp-json\/wp\/v2\/posts"}],"about":[{"href":"https:\/\/www.oracaoefe.com\/fr\/wp-json\/wp\/v2\/types\/post"}],"author":[{"embeddable":true,"href":"https:\/\/www.oracaoefe.com\/fr\/wp-json\/wp\/v2\/users\/1"}],"replies":[{"embeddable":true,"href":"https:\/\/www.oracaoefe.com\/fr\/wp-json\/wp\/v2\/comments?post=3918"}],"version-history":[{"count":1,"href":"https:\/\/www.oracaoefe.com\/fr\/wp-json\/wp\/v2\/posts\/3918\/revisions"}],"predecessor-version":[{"id":3920,"href":"https:\/\/www.oracaoefe.com\/fr\/wp-json\/wp\/v2\/posts\/3918\/revisions\/3920"}],"wp:featuredmedia":[{"embeddable":true,"href":"https:\/\/www.oracaoefe.com\/fr\/wp-json\/wp\/v2\/media\/3919"}],"wp:attachment":[{"href":"https:\/\/www.oracaoefe.com\/fr\/wp-json\/wp\/v2\/media?parent=3918"}],"wp:term":[{"taxonomy":"category","embeddable":true,"href":"https:\/\/www.oracaoefe.com\/fr\/wp-json\/wp\/v2\/categories?post=3918"},{"taxonomy":"post_tag","embeddable":true,"href":"https:\/\/www.oracaoefe.com\/fr\/wp-json\/wp\/v2\/tags?post=3918"}],"curies":[{"name":"wp","href":"https:\/\/api.w.org\/{rel}","templated":true}]}}