{"id":3915,"date":"2026-01-17T14:25:01","date_gmt":"2026-01-17T17:25:01","guid":{"rendered":"https:\/\/www.oracaoefe.com\/?p=3915"},"modified":"2025-12-16T14:26:44","modified_gmt":"2025-12-16T17:26:44","slug":"oracao-em-meio-a-conflitos-internacionais-como-a-fe-tem-influenciado-populacoes-afetadas-por-guerras-e-tensoes-globais","status":"publish","type":"post","link":"https:\/\/www.oracaoefe.com\/fr\/oracao-em-meio-a-conflitos-internacionais-como-a-fe-tem-influenciado-populacoes-afetadas-por-guerras-e-tensoes-globais\/","title":{"rendered":"Ora\u00e7\u00e3o em Meio a Conflitos Internacionais: Como a F\u00e9 Tem Influenciado Popula\u00e7\u00f5es Afetadas por Guerras e Tens\u00f5es Globais"},"content":{"rendered":"<h2 class=\"wp-block-heading\">Introdu\u00e7\u00e3o<\/h2>\n\n\n\n<p class=\"wp-block-paragraph\">Conflitos internacionais sempre fizeram parte da hist\u00f3ria da humanidade, mas nas \u00faltimas d\u00e9cadas eles ganharam uma caracter\u00edstica espec\u00edfica: passaram a ser acompanhados em tempo real por milh\u00f5es de pessoas ao redor do mundo. Guerras, invas\u00f5es, ataques e crises diplom\u00e1ticas deixaram de ser eventos distantes para se tornarem parte do cotidiano informacional, afetando emocionalmente tanto quem vive diretamente o conflito quanto quem o acompanha \u00e0 dist\u00e2ncia. Nesse cen\u00e1rio, a ora\u00e7\u00e3o surge como uma resposta coletiva e individual diante do medo, da incerteza e da sensa\u00e7\u00e3o de impot\u00eancia.<\/p>\n\n\n\n<p class=\"wp-block-paragraph\">Este artigo analisa como a f\u00e9 e a ora\u00e7\u00e3o t\u00eam desempenhado um papel central em regi\u00f5es afetadas por guerras e tens\u00f5es pol\u00edticas, de que maneira essas pr\u00e1ticas ajudam popula\u00e7\u00f5es a lidar com perdas extremas e por que, mesmo em contextos de viol\u00eancia, a espiritualidade continua sendo um elemento de resist\u00eancia emocional e social.<\/p>\n\n\n\n<h2 class=\"wp-block-heading\">O Impacto Psicol\u00f3gico dos Conflitos Armados nas Popula\u00e7\u00f5es Civis<\/h2>\n\n\n\n<p class=\"wp-block-paragraph\">Guerras n\u00e3o afetam apenas ex\u00e9rcitos e governos. O impacto mais profundo recai sobre a popula\u00e7\u00e3o civil, que enfrenta deslocamentos for\u00e7ados, perda de familiares, destrui\u00e7\u00e3o de lares e colapso de servi\u00e7os b\u00e1sicos. A exposi\u00e7\u00e3o constante ao medo e \u00e0 viol\u00eancia provoca traumas psicol\u00f3gicos duradouros, como transtorno de estresse p\u00f3s-traum\u00e1tico, ansiedade cr\u00f4nica e depress\u00e3o profunda.<\/p>\n\n\n\n<p class=\"wp-block-paragraph\">Em regi\u00f5es de conflito prolongado, a rotina passa a ser marcada pela imprevisibilidade. A aus\u00eancia de seguran\u00e7a cria um estado constante de alerta, no qual o corpo e a mente n\u00e3o conseguem descansar plenamente. Diante dessa realidade, a ora\u00e7\u00e3o aparece como uma das poucas pr\u00e1ticas capazes de oferecer algum senso de estabilidade interna, funcionando como um ponto de ancoragem emocional em meio ao caos externo.<\/p>\n\n\n\n<h2 class=\"wp-block-heading\">A Ora\u00e7\u00e3o Como Recurso de Sobreviv\u00eancia Emocional em Zonas de Guerra<\/h2>\n\n\n\n<p class=\"wp-block-paragraph\">Para muitas popula\u00e7\u00f5es afetadas por conflitos armados, a ora\u00e7\u00e3o n\u00e3o \u00e9 apenas um ato religioso, mas uma ferramenta pr\u00e1tica de sobreviv\u00eancia emocional. Em contextos onde recursos m\u00e9dicos, psicol\u00f3gicos e sociais s\u00e3o escassos ou inexistentes, a f\u00e9 se torna uma das \u00fanicas fontes de conforto acess\u00edveis.<\/p>\n\n\n\n<p class=\"wp-block-paragraph\">A pr\u00e1tica da ora\u00e7\u00e3o permite que indiv\u00edduos expressem medo, luto e desespero de forma estruturada, evitando que essas emo\u00e7\u00f5es se acumulem de maneira desorganizada. Ao transformar o sofrimento em palavras, pedidos ou rituais, a pessoa cria um espa\u00e7o simb\u00f3lico de processamento emocional, o que reduz a sensa\u00e7\u00e3o de desamparo absoluto. Esse efeito \u00e9 observado independentemente da tradi\u00e7\u00e3o religiosa espec\u00edfica, indicando que a ora\u00e7\u00e3o cumpre uma fun\u00e7\u00e3o psicol\u00f3gica universal em situa\u00e7\u00f5es extremas.<\/p>\n\n\n\n<h2 class=\"wp-block-heading\">A Dimens\u00e3o Coletiva da F\u00e9 em Conflitos Internacionais<\/h2>\n\n\n\n<p class=\"wp-block-paragraph\">Al\u00e9m do impacto individual, a ora\u00e7\u00e3o exerce um papel fundamental na coes\u00e3o social em regi\u00f5es afetadas por guerras. Comunidades que oram juntas tendem a desenvolver la\u00e7os de solidariedade mais fortes, compartilhando recursos, informa\u00e7\u00f5es e apoio emocional. Em muitos casos, encontros religiosos se transformam em espa\u00e7os seguros onde as pessoas podem chorar, lamentar perdas e encontrar algum sentido coletivo para o sofrimento vivido.<\/p>\n\n\n\n<p class=\"wp-block-paragraph\">Historicamente, em diferentes conflitos ao redor do mundo, templos religiosos, igrejas, mesquitas e sinagogas funcionaram como pontos de abrigo e organiza\u00e7\u00e3o comunit\u00e1ria. Mesmo quando estruturas f\u00edsicas s\u00e3o destru\u00eddas, a pr\u00e1tica da ora\u00e7\u00e3o coletiva persiste de forma improvisada, refor\u00e7ando a identidade cultural e espiritual das popula\u00e7\u00f5es afetadas.<\/p>\n\n\n\n<h2 class=\"wp-block-heading\">Ora\u00e7\u00e3o e Esperan\u00e7a em Meio \u00e0 Viol\u00eancia Prolongada<\/h2>\n\n\n\n<p class=\"wp-block-paragraph\">Um dos maiores desafios em conflitos internacionais prolongados \u00e9 a eros\u00e3o da esperan\u00e7a. Quando a viol\u00eancia se estende por anos, gera\u00e7\u00f5es inteiras crescem sem conhecer uma realidade de paz. Nesse contexto, a ora\u00e7\u00e3o assume um papel essencial na preserva\u00e7\u00e3o da esperan\u00e7a, mesmo quando as circunst\u00e2ncias externas n\u00e3o indicam uma solu\u00e7\u00e3o imediata.<\/p>\n\n\n\n<p class=\"wp-block-paragraph\">A f\u00e9 sustenta a ideia de que o sofrimento n\u00e3o \u00e9 definitivo e de que existe uma possibilidade de reconstru\u00e7\u00e3o futura. Essa esperan\u00e7a n\u00e3o se limita a expectativas pol\u00edticas ou acordos diplom\u00e1ticos, mas se ancora em uma dimens\u00e3o espiritual que transcende o cen\u00e1rio imediato. Para muitas pessoas, essa perspectiva \u00e9 o que impede o colapso emocional total diante de perdas repetidas e traumas acumulados.<\/p>\n\n\n\n<h2 class=\"wp-block-heading\">A Vis\u00e3o da Comunidade Internacional Sobre Ora\u00e7\u00e3o em Contextos de Guerra<\/h2>\n\n\n\n<p class=\"wp-block-paragraph\">Embora a ora\u00e7\u00e3o seja frequentemente vista como um ato privado ou simb\u00f3lico, organiza\u00e7\u00f5es humanit\u00e1rias e pesquisadores t\u00eam reconhecido sua import\u00e2ncia no enfrentamento de crises humanit\u00e1rias. Em campos de refugiados, por exemplo, pr\u00e1ticas religiosas s\u00e3o frequentemente incentivadas como parte do apoio psicossocial oferecido \u00e0s popula\u00e7\u00f5es deslocadas.<\/p>\n\n\n\n<p class=\"wp-block-paragraph\">Essas iniciativas n\u00e3o buscam promover uma religi\u00e3o espec\u00edfica, mas reconhecer que a espiritualidade desempenha um papel relevante na recupera\u00e7\u00e3o emocional e na reconstru\u00e7\u00e3o da dignidade humana. A ora\u00e7\u00e3o ajuda indiv\u00edduos a manterem uma narrativa de sentido sobre suas vidas, mesmo quando tudo ao redor parece ter sido destru\u00eddo.<\/p>\n\n\n\n<h2 class=\"wp-block-heading\">Ora\u00e7\u00e3o Al\u00e9m das Fronteiras: Mobiliza\u00e7\u00e3o Global pela Paz<\/h2>\n\n\n\n<p class=\"wp-block-paragraph\">Outro fen\u00f4meno relevante \u00e9 a mobiliza\u00e7\u00e3o global de ora\u00e7\u00e3o em resposta a conflitos internacionais. Pessoas que vivem longe das zonas de guerra frequentemente organizam momentos coletivos de ora\u00e7\u00e3o, vig\u00edlias e campanhas espirituais em solidariedade \u00e0s popula\u00e7\u00f5es afetadas. Embora essas a\u00e7\u00f5es n\u00e3o alterem diretamente o curso dos conflitos, elas fortalecem uma consci\u00eancia global de empatia e responsabilidade coletiva.<\/p>\n\n\n\n<p class=\"wp-block-paragraph\">A ora\u00e7\u00e3o, nesse contexto, funciona como um elo simb\u00f3lico entre pessoas separadas por fronteiras geogr\u00e1ficas, culturais e pol\u00edticas. Ela cria um espa\u00e7o comum de humanidade compartilhada, no qual o sofrimento do outro \u00e9 reconhecido e acolhido, mesmo \u00e0 dist\u00e2ncia.<\/p>\n\n\n\n<h2 class=\"wp-block-heading\">F\u00e9, Perd\u00e3o e Reconcilia\u00e7\u00e3o P\u00f3s-Conflito<\/h2>\n\n\n\n<p class=\"wp-block-paragraph\">Ap\u00f3s o fim de conflitos armados, sociedades enfrentam o desafio complexo da reconstru\u00e7\u00e3o social e emocional. A ora\u00e7\u00e3o e a f\u00e9 frequentemente desempenham um papel central nos processos de reconcilia\u00e7\u00e3o, ajudando indiv\u00edduos e comunidades a lidarem com sentimentos de \u00f3dio, vingan\u00e7a e culpa.<\/p>\n\n\n\n<p class=\"wp-block-paragraph\">Em diversos contextos p\u00f3s-guerra, l\u00edderes religiosos e comunidades de f\u00e9 atuaram como mediadores em processos de di\u00e1logo e perd\u00e3o, promovendo narrativas de reconcilia\u00e7\u00e3o que v\u00e3o al\u00e9m de acordos pol\u00edticos formais. Embora esses processos sejam longos e dif\u00edceis, a espiritualidade oferece uma base simb\u00f3lica para a reconstru\u00e7\u00e3o da confian\u00e7a e da conviv\u00eancia social.<\/p>\n\n\n\n<h2 class=\"wp-block-heading\">Ora\u00e7\u00e3o N\u00e3o Como Solu\u00e7\u00e3o Pol\u00edtica, Mas Como Sustenta\u00e7\u00e3o Humana<\/h2>\n\n\n\n<p class=\"wp-block-paragraph\">\u00c9 importante reconhecer que a ora\u00e7\u00e3o n\u00e3o substitui a\u00e7\u00f5es diplom\u00e1ticas, interven\u00e7\u00f5es humanit\u00e1rias ou pol\u00edticas p\u00fablicas eficazes. No entanto, ela desempenha um papel fundamental na sustenta\u00e7\u00e3o humana em contextos onde solu\u00e7\u00f5es pol\u00edticas demoram ou falham. A f\u00e9 n\u00e3o encerra guerras, mas ajuda pessoas a sobreviverem emocionalmente enquanto elas acontecem.<\/p>\n\n\n\n<p class=\"wp-block-paragraph\">Essa distin\u00e7\u00e3o \u00e9 essencial para compreender o valor real da ora\u00e7\u00e3o em conflitos internacionais. Ela n\u00e3o atua como ferramenta de nega\u00e7\u00e3o da realidade, mas como suporte psicol\u00f3gico, emocional e social diante de situa\u00e7\u00f5es extremas.<\/p>\n\n\n\n<h2 class=\"wp-block-heading\">Conclus\u00e3o<\/h2>\n\n\n\n<p class=\"wp-block-paragraph\">A presen\u00e7a da ora\u00e7\u00e3o em meio a conflitos internacionais revela uma dimens\u00e3o profunda da experi\u00eancia humana diante da viol\u00eancia e da incerteza. Em cen\u00e1rios marcados por perdas irrepar\u00e1veis e medo constante, a f\u00e9 se mant\u00e9m como uma das poucas fontes de estabilidade emocional acess\u00edveis \u00e0s popula\u00e7\u00f5es afetadas. A ora\u00e7\u00e3o oferece sentido, esperan\u00e7a e coes\u00e3o social, funcionando como um pilar invis\u00edvel de resist\u00eancia em meio ao caos.<\/p>\n\n\n\n<p class=\"wp-block-paragraph\">Ao analisar o papel da f\u00e9 em zonas de guerra, torna-se evidente que a ora\u00e7\u00e3o n\u00e3o \u00e9 um gesto vazio ou simb\u00f3lico, mas uma pr\u00e1tica essencial de enfrentamento emocional e preserva\u00e7\u00e3o da dignidade humana. Em um mundo atravessado por conflitos persistentes, compreender esse fen\u00f4meno \u00e9 fundamental para entender como indiv\u00edduos e comunidades continuam resistindo, mesmo nas circunst\u00e2ncias mais adversas.<\/p>","protected":false},"excerpt":{"rendered":"<p>Introdu\u00e7\u00e3o Conflitos internacionais sempre fizeram parte da hist\u00f3ria da humanidade, mas nas \u00faltimas d\u00e9cadas eles ganharam uma caracter\u00edstica espec\u00edfica: passaram a ser acompanhados em tempo real por milh\u00f5es de pessoas ao redor do mundo. Guerras, invas\u00f5es, ataques e crises diplom\u00e1ticas deixaram de ser eventos distantes para se tornarem parte do cotidiano informacional, afetando emocionalmente tanto&hellip;&nbsp;<\/p>","protected":false},"author":1,"featured_media":3916,"comment_status":"closed","ping_status":"closed","sticky":false,"template":"","format":"standard","meta":{"neve_meta_sidebar":"","neve_meta_container":"","neve_meta_enable_content_width":"","neve_meta_content_width":0,"neve_meta_title_alignment":"","neve_meta_author_avatar":"","neve_post_elements_order":"","neve_meta_disable_header":"","neve_meta_disable_footer":"","neve_meta_disable_title":"","footnotes":""},"categories":[4],"tags":[],"class_list":["post-3915","post","type-post","status-publish","format-standard","has-post-thumbnail","hentry","category-fique-por-dentro"],"yoast_head":"<!-- This site is optimized with the Yoast SEO plugin v28.4 - https:\/\/yoast.com\/product\/yoast-seo-wordpress\/ -->\n<title>Ora\u00e7\u00e3o em Meio a Conflitos Internacionais: Como a F\u00e9 Tem Influenciado Popula\u00e7\u00f5es Afetadas por Guerras e Tens\u00f5es Globais - Ora\u00e7\u00e3o e F\u00e9<\/title>\n<meta name=\"description\" content=\"Deus tem pra voc\u00ea uma palavra de vida!\" \/>\n<meta name=\"robots\" content=\"index, follow, max-snippet:-1, max-image-preview:large, max-video-preview:-1\" \/>\n<link rel=\"canonical\" href=\"https:\/\/www.oracaoefe.com\/fr\/oracao-em-meio-a-conflitos-internacionais-como-a-fe-tem-influenciado-populacoes-afetadas-por-guerras-e-tensoes-globais\/\" \/>\n<meta property=\"og:locale\" content=\"fr_FR\" \/>\n<meta property=\"og:type\" content=\"article\" \/>\n<meta property=\"og:title\" content=\"Ora\u00e7\u00e3o em Meio a Conflitos Internacionais: Como a F\u00e9 Tem Influenciado Popula\u00e7\u00f5es Afetadas por Guerras e Tens\u00f5es Globais - Ora\u00e7\u00e3o e F\u00e9\" \/>\n<meta property=\"og:description\" content=\"Deus tem pra voc\u00ea uma palavra de vida!\" \/>\n<meta property=\"og:url\" content=\"https:\/\/www.oracaoefe.com\/fr\/oracao-em-meio-a-conflitos-internacionais-como-a-fe-tem-influenciado-populacoes-afetadas-por-guerras-e-tensoes-globais\/\" \/>\n<meta property=\"og:site_name\" content=\"Ora\u00e7\u00e3o e F\u00e9\" \/>\n<meta property=\"article:published_time\" content=\"2026-01-17T17:25:01+00:00\" \/>\n<meta property=\"og:image\" content=\"https:\/\/www.oracaoefe.com\/wp-content\/uploads\/2025\/12\/conflitos.webp\" \/>\n\t<meta property=\"og:image:width\" content=\"1024\" \/>\n\t<meta property=\"og:image:height\" content=\"1024\" \/>\n\t<meta property=\"og:image:type\" content=\"image\/webp\" \/>\n<meta name=\"author\" content=\"Maria\" \/>\n<meta name=\"twitter:card\" content=\"summary_large_image\" \/>\n<meta name=\"twitter:label1\" content=\"\u00c9crit par\" \/>\n\t<meta name=\"twitter:data1\" content=\"Maria\" \/>\n\t<meta name=\"twitter:label2\" content=\"Dur\u00e9e de lecture estim\u00e9e\" \/>\n\t<meta name=\"twitter:data2\" content=\"7 minutes\" \/>\n<script type=\"application\/ld+json\" class=\"yoast-schema-graph\">{\"@context\":\"https:\\\/\\\/schema.org\",\"@graph\":[{\"@type\":\"Article\",\"@id\":\"https:\\\/\\\/www.oracaoefe.com\\\/oracao-em-meio-a-conflitos-internacionais-como-a-fe-tem-influenciado-populacoes-afetadas-por-guerras-e-tensoes-globais\\\/#article\",\"isPartOf\":{\"@id\":\"https:\\\/\\\/www.oracaoefe.com\\\/oracao-em-meio-a-conflitos-internacionais-como-a-fe-tem-influenciado-populacoes-afetadas-por-guerras-e-tensoes-globais\\\/\"},\"author\":{\"name\":\"Maria\",\"@id\":\"https:\\\/\\\/www.oracaoefe.com\\\/#\\\/schema\\\/person\\\/27873f1e6043866689f5091b5139f23d\"},\"headline\":\"Ora\u00e7\u00e3o em Meio a Conflitos Internacionais: Como a F\u00e9 Tem Influenciado Popula\u00e7\u00f5es Afetadas por Guerras e Tens\u00f5es Globais\",\"datePublished\":\"2026-01-17T17:25:01+00:00\",\"mainEntityOfPage\":{\"@id\":\"https:\\\/\\\/www.oracaoefe.com\\\/oracao-em-meio-a-conflitos-internacionais-como-a-fe-tem-influenciado-populacoes-afetadas-por-guerras-e-tensoes-globais\\\/\"},\"wordCount\":1377,\"image\":{\"@id\":\"https:\\\/\\\/www.oracaoefe.com\\\/oracao-em-meio-a-conflitos-internacionais-como-a-fe-tem-influenciado-populacoes-afetadas-por-guerras-e-tensoes-globais\\\/#primaryimage\"},\"thumbnailUrl\":\"https:\\\/\\\/www.oracaoefe.com\\\/wp-content\\\/uploads\\\/2025\\\/12\\\/conflitos.webp\",\"articleSection\":[\"Fique por Dentro\"],\"inLanguage\":\"fr-FR\"},{\"@type\":\"WebPage\",\"@id\":\"https:\\\/\\\/www.oracaoefe.com\\\/oracao-em-meio-a-conflitos-internacionais-como-a-fe-tem-influenciado-populacoes-afetadas-por-guerras-e-tensoes-globais\\\/\",\"url\":\"https:\\\/\\\/www.oracaoefe.com\\\/oracao-em-meio-a-conflitos-internacionais-como-a-fe-tem-influenciado-populacoes-afetadas-por-guerras-e-tensoes-globais\\\/\",\"name\":\"Ora\u00e7\u00e3o em Meio a Conflitos Internacionais: Como a F\u00e9 Tem Influenciado Popula\u00e7\u00f5es Afetadas por Guerras e Tens\u00f5es Globais - Ora\u00e7\u00e3o e F\u00e9\",\"isPartOf\":{\"@id\":\"https:\\\/\\\/www.oracaoefe.com\\\/#website\"},\"primaryImageOfPage\":{\"@id\":\"https:\\\/\\\/www.oracaoefe.com\\\/oracao-em-meio-a-conflitos-internacionais-como-a-fe-tem-influenciado-populacoes-afetadas-por-guerras-e-tensoes-globais\\\/#primaryimage\"},\"image\":{\"@id\":\"https:\\\/\\\/www.oracaoefe.com\\\/oracao-em-meio-a-conflitos-internacionais-como-a-fe-tem-influenciado-populacoes-afetadas-por-guerras-e-tensoes-globais\\\/#primaryimage\"},\"thumbnailUrl\":\"https:\\\/\\\/www.oracaoefe.com\\\/wp-content\\\/uploads\\\/2025\\\/12\\\/conflitos.webp\",\"datePublished\":\"2026-01-17T17:25:01+00:00\",\"author\":{\"@id\":\"https:\\\/\\\/www.oracaoefe.com\\\/#\\\/schema\\\/person\\\/27873f1e6043866689f5091b5139f23d\"},\"description\":\"Deus tem pra voc\u00ea uma palavra de vida!\",\"breadcrumb\":{\"@id\":\"https:\\\/\\\/www.oracaoefe.com\\\/oracao-em-meio-a-conflitos-internacionais-como-a-fe-tem-influenciado-populacoes-afetadas-por-guerras-e-tensoes-globais\\\/#breadcrumb\"},\"inLanguage\":\"fr-FR\",\"potentialAction\":[{\"@type\":\"ReadAction\",\"target\":[\"https:\\\/\\\/www.oracaoefe.com\\\/oracao-em-meio-a-conflitos-internacionais-como-a-fe-tem-influenciado-populacoes-afetadas-por-guerras-e-tensoes-globais\\\/\"]}]},{\"@type\":\"ImageObject\",\"inLanguage\":\"fr-FR\",\"@id\":\"https:\\\/\\\/www.oracaoefe.com\\\/oracao-em-meio-a-conflitos-internacionais-como-a-fe-tem-influenciado-populacoes-afetadas-por-guerras-e-tensoes-globais\\\/#primaryimage\",\"url\":\"https:\\\/\\\/www.oracaoefe.com\\\/wp-content\\\/uploads\\\/2025\\\/12\\\/conflitos.webp\",\"contentUrl\":\"https:\\\/\\\/www.oracaoefe.com\\\/wp-content\\\/uploads\\\/2025\\\/12\\\/conflitos.webp\",\"width\":1024,\"height\":1024},{\"@type\":\"BreadcrumbList\",\"@id\":\"https:\\\/\\\/www.oracaoefe.com\\\/oracao-em-meio-a-conflitos-internacionais-como-a-fe-tem-influenciado-populacoes-afetadas-por-guerras-e-tensoes-globais\\\/#breadcrumb\",\"itemListElement\":[{\"@type\":\"ListItem\",\"position\":1,\"name\":\"Home\",\"item\":\"https:\\\/\\\/www.oracaoefe.com\\\/\"},{\"@type\":\"ListItem\",\"position\":2,\"name\":\"Fique por Dentro\",\"item\":\"https:\\\/\\\/www.oracaoefe.com\\\/category\\\/fique-por-dentro\\\/\"},{\"@type\":\"ListItem\",\"position\":3,\"name\":\"Ora\u00e7\u00e3o em Meio a Conflitos Internacionais: Como a F\u00e9 Tem Influenciado Popula\u00e7\u00f5es Afetadas por Guerras e Tens\u00f5es Globais\"}]},{\"@type\":\"WebSite\",\"@id\":\"https:\\\/\\\/www.oracaoefe.com\\\/#website\",\"url\":\"https:\\\/\\\/www.oracaoefe.com\\\/\",\"name\":\"Ora\u00e7\u00e3o e F\u00e9\",\"description\":\"\",\"potentialAction\":[{\"@type\":\"SearchAction\",\"target\":{\"@type\":\"EntryPoint\",\"urlTemplate\":\"https:\\\/\\\/www.oracaoefe.com\\\/?s={search_term_string}\"},\"query-input\":{\"@type\":\"PropertyValueSpecification\",\"valueRequired\":true,\"valueName\":\"search_term_string\"}}],\"inLanguage\":\"fr-FR\"},{\"@type\":\"Person\",\"@id\":\"https:\\\/\\\/www.oracaoefe.com\\\/#\\\/schema\\\/person\\\/27873f1e6043866689f5091b5139f23d\",\"name\":\"Maria\",\"image\":{\"@type\":\"ImageObject\",\"inLanguage\":\"fr-FR\",\"@id\":\"https:\\\/\\\/secure.gravatar.com\\\/avatar\\\/4cac5ea56d40d599bd7348d330a83b1c84cd229296d1613cd1c7f6740561d0c9?s=96&d=mm&r=g\",\"url\":\"https:\\\/\\\/secure.gravatar.com\\\/avatar\\\/4cac5ea56d40d599bd7348d330a83b1c84cd229296d1613cd1c7f6740561d0c9?s=96&d=mm&r=g\",\"contentUrl\":\"https:\\\/\\\/secure.gravatar.com\\\/avatar\\\/4cac5ea56d40d599bd7348d330a83b1c84cd229296d1613cd1c7f6740561d0c9?s=96&d=mm&r=g\",\"caption\":\"Maria\"},\"description\":\"Meu nome \u00e9 Maria e sou apaixonada por teologia, espiritualidade e estudos religiosos. H\u00e1 mais de 5 anos escrevo sobre o universo da f\u00e9, pesquisando diferentes religi\u00f5es, doutrinas, tradi\u00e7\u00f5es espirituais e curiosidades religiosas ao redor do mundo. Tenho grande interesse em compreender como a f\u00e9 e a religiosidade se manifestam em diferentes culturas, pa\u00edses e idiomas, sempre buscando aprender mais sobre os costumes, cren\u00e7as e hist\u00f3rias que influenciam milh\u00f5es de pessoas diariamente. Atualmente, atuo como redatora no portal Ora\u00e7\u00e3o e F\u00e9, onde compartilho conte\u00fados informativos, reflexivos e inspiradores voltados ao universo religioso e espiritual. Meu objetivo \u00e9 levar conhecimento, curiosidades e mensagens enriquecedoras para leitores que desejam aprofundar sua compreens\u00e3o sobre f\u00e9, religi\u00e3o e espiritualidade no mundo moderno.\",\"sameAs\":[\"https:\\\/\\\/www.oracaoefe.com\"],\"url\":\"https:\\\/\\\/www.oracaoefe.com\\\/fr\\\/author\\\/admin\\\/\"}]}<\/script>\n<!-- \/ Yoast SEO plugin. -->","yoast_head_json":{"title":"Ora\u00e7\u00e3o em Meio a Conflitos Internacionais: Como a F\u00e9 Tem Influenciado Popula\u00e7\u00f5es Afetadas por Guerras e Tens\u00f5es Globais - Ora\u00e7\u00e3o e F\u00e9","description":"Dieu a une parole de vie pour vous !","robots":{"index":"index","follow":"follow","max-snippet":"max-snippet:-1","max-image-preview":"max-image-preview:large","max-video-preview":"max-video-preview:-1"},"canonical":"https:\/\/www.oracaoefe.com\/fr\/oracao-em-meio-a-conflitos-internacionais-como-a-fe-tem-influenciado-populacoes-afetadas-por-guerras-e-tensoes-globais\/","og_locale":"fr_FR","og_type":"article","og_title":"Ora\u00e7\u00e3o em Meio a Conflitos Internacionais: Como a F\u00e9 Tem Influenciado Popula\u00e7\u00f5es Afetadas por Guerras e Tens\u00f5es Globais - Ora\u00e7\u00e3o e F\u00e9","og_description":"Deus tem pra voc\u00ea uma palavra de vida!","og_url":"https:\/\/www.oracaoefe.com\/fr\/oracao-em-meio-a-conflitos-internacionais-como-a-fe-tem-influenciado-populacoes-afetadas-por-guerras-e-tensoes-globais\/","og_site_name":"Ora\u00e7\u00e3o e F\u00e9","article_published_time":"2026-01-17T17:25:01+00:00","og_image":[{"width":1024,"height":1024,"url":"https:\/\/www.oracaoefe.com\/wp-content\/uploads\/2025\/12\/conflitos.webp","type":"image\/webp"}],"author":"Maria","twitter_card":"summary_large_image","twitter_misc":{"\u00c9crit par":"Maria","Dur\u00e9e de lecture estim\u00e9e":"7 minutes"},"schema":{"@context":"https:\/\/schema.org","@graph":[{"@type":"Article","@id":"https:\/\/www.oracaoefe.com\/oracao-em-meio-a-conflitos-internacionais-como-a-fe-tem-influenciado-populacoes-afetadas-por-guerras-e-tensoes-globais\/#article","isPartOf":{"@id":"https:\/\/www.oracaoefe.com\/oracao-em-meio-a-conflitos-internacionais-como-a-fe-tem-influenciado-populacoes-afetadas-por-guerras-e-tensoes-globais\/"},"author":{"name":"Maria","@id":"https:\/\/www.oracaoefe.com\/#\/schema\/person\/27873f1e6043866689f5091b5139f23d"},"headline":"Ora\u00e7\u00e3o em Meio a Conflitos Internacionais: Como a F\u00e9 Tem Influenciado Popula\u00e7\u00f5es Afetadas por Guerras e Tens\u00f5es Globais","datePublished":"2026-01-17T17:25:01+00:00","mainEntityOfPage":{"@id":"https:\/\/www.oracaoefe.com\/oracao-em-meio-a-conflitos-internacionais-como-a-fe-tem-influenciado-populacoes-afetadas-por-guerras-e-tensoes-globais\/"},"wordCount":1377,"image":{"@id":"https:\/\/www.oracaoefe.com\/oracao-em-meio-a-conflitos-internacionais-como-a-fe-tem-influenciado-populacoes-afetadas-por-guerras-e-tensoes-globais\/#primaryimage"},"thumbnailUrl":"https:\/\/www.oracaoefe.com\/wp-content\/uploads\/2025\/12\/conflitos.webp","articleSection":["Fique por Dentro"],"inLanguage":"fr-FR"},{"@type":"WebPage","@id":"https:\/\/www.oracaoefe.com\/oracao-em-meio-a-conflitos-internacionais-como-a-fe-tem-influenciado-populacoes-afetadas-por-guerras-e-tensoes-globais\/","url":"https:\/\/www.oracaoefe.com\/oracao-em-meio-a-conflitos-internacionais-como-a-fe-tem-influenciado-populacoes-afetadas-por-guerras-e-tensoes-globais\/","name":"Ora\u00e7\u00e3o em Meio a Conflitos Internacionais: Como a F\u00e9 Tem Influenciado Popula\u00e7\u00f5es Afetadas por Guerras e Tens\u00f5es Globais - Ora\u00e7\u00e3o e F\u00e9","isPartOf":{"@id":"https:\/\/www.oracaoefe.com\/#website"},"primaryImageOfPage":{"@id":"https:\/\/www.oracaoefe.com\/oracao-em-meio-a-conflitos-internacionais-como-a-fe-tem-influenciado-populacoes-afetadas-por-guerras-e-tensoes-globais\/#primaryimage"},"image":{"@id":"https:\/\/www.oracaoefe.com\/oracao-em-meio-a-conflitos-internacionais-como-a-fe-tem-influenciado-populacoes-afetadas-por-guerras-e-tensoes-globais\/#primaryimage"},"thumbnailUrl":"https:\/\/www.oracaoefe.com\/wp-content\/uploads\/2025\/12\/conflitos.webp","datePublished":"2026-01-17T17:25:01+00:00","author":{"@id":"https:\/\/www.oracaoefe.com\/#\/schema\/person\/27873f1e6043866689f5091b5139f23d"},"description":"Dieu a une parole de vie pour vous !","breadcrumb":{"@id":"https:\/\/www.oracaoefe.com\/oracao-em-meio-a-conflitos-internacionais-como-a-fe-tem-influenciado-populacoes-afetadas-por-guerras-e-tensoes-globais\/#breadcrumb"},"inLanguage":"fr-FR","potentialAction":[{"@type":"ReadAction","target":["https:\/\/www.oracaoefe.com\/oracao-em-meio-a-conflitos-internacionais-como-a-fe-tem-influenciado-populacoes-afetadas-por-guerras-e-tensoes-globais\/"]}]},{"@type":"ImageObject","inLanguage":"fr-FR","@id":"https:\/\/www.oracaoefe.com\/oracao-em-meio-a-conflitos-internacionais-como-a-fe-tem-influenciado-populacoes-afetadas-por-guerras-e-tensoes-globais\/#primaryimage","url":"https:\/\/www.oracaoefe.com\/wp-content\/uploads\/2025\/12\/conflitos.webp","contentUrl":"https:\/\/www.oracaoefe.com\/wp-content\/uploads\/2025\/12\/conflitos.webp","width":1024,"height":1024},{"@type":"BreadcrumbList","@id":"https:\/\/www.oracaoefe.com\/oracao-em-meio-a-conflitos-internacionais-como-a-fe-tem-influenciado-populacoes-afetadas-por-guerras-e-tensoes-globais\/#breadcrumb","itemListElement":[{"@type":"ListItem","position":1,"name":"Home","item":"https:\/\/www.oracaoefe.com\/"},{"@type":"ListItem","position":2,"name":"Fique por Dentro","item":"https:\/\/www.oracaoefe.com\/category\/fique-por-dentro\/"},{"@type":"ListItem","position":3,"name":"Ora\u00e7\u00e3o em Meio a Conflitos Internacionais: Como a F\u00e9 Tem Influenciado Popula\u00e7\u00f5es Afetadas por Guerras e Tens\u00f5es Globais"}]},{"@type":"WebSite","@id":"https:\/\/www.oracaoefe.com\/#website","url":"https:\/\/www.oracaoefe.com\/","name":"Pri\u00e8re et foi","description":"","potentialAction":[{"@type":"SearchAction","target":{"@type":"EntryPoint","urlTemplate":"https:\/\/www.oracaoefe.com\/?s={search_term_string}"},"query-input":{"@type":"PropertyValueSpecification","valueRequired":true,"valueName":"search_term_string"}}],"inLanguage":"fr-FR"},{"@type":"Person","@id":"https:\/\/www.oracaoefe.com\/#\/schema\/person\/27873f1e6043866689f5091b5139f23d","name":"Maria","image":{"@type":"ImageObject","inLanguage":"fr-FR","@id":"https:\/\/secure.gravatar.com\/avatar\/4cac5ea56d40d599bd7348d330a83b1c84cd229296d1613cd1c7f6740561d0c9?s=96&d=mm&r=g","url":"https:\/\/secure.gravatar.com\/avatar\/4cac5ea56d40d599bd7348d330a83b1c84cd229296d1613cd1c7f6740561d0c9?s=96&d=mm&r=g","contentUrl":"https:\/\/secure.gravatar.com\/avatar\/4cac5ea56d40d599bd7348d330a83b1c84cd229296d1613cd1c7f6740561d0c9?s=96&d=mm&r=g","caption":"Maria"},"description":"Meu nome \u00e9 Maria e sou apaixonada por teologia, espiritualidade e estudos religiosos. H\u00e1 mais de 5 anos escrevo sobre o universo da f\u00e9, pesquisando diferentes religi\u00f5es, doutrinas, tradi\u00e7\u00f5es espirituais e curiosidades religiosas ao redor do mundo. Tenho grande interesse em compreender como a f\u00e9 e a religiosidade se manifestam em diferentes culturas, pa\u00edses e idiomas, sempre buscando aprender mais sobre os costumes, cren\u00e7as e hist\u00f3rias que influenciam milh\u00f5es de pessoas diariamente. Atualmente, atuo como redatora no portal Ora\u00e7\u00e3o e F\u00e9, onde compartilho conte\u00fados informativos, reflexivos e inspiradores voltados ao universo religioso e espiritual. Meu objetivo \u00e9 levar conhecimento, curiosidades e mensagens enriquecedoras para leitores que desejam aprofundar sua compreens\u00e3o sobre f\u00e9, religi\u00e3o e espiritualidade no mundo moderno.","sameAs":["https:\/\/www.oracaoefe.com"],"url":"https:\/\/www.oracaoefe.com\/fr\/author\/admin\/"}]}},"_links":{"self":[{"href":"https:\/\/www.oracaoefe.com\/fr\/wp-json\/wp\/v2\/posts\/3915","targetHints":{"allow":["GET"]}}],"collection":[{"href":"https:\/\/www.oracaoefe.com\/fr\/wp-json\/wp\/v2\/posts"}],"about":[{"href":"https:\/\/www.oracaoefe.com\/fr\/wp-json\/wp\/v2\/types\/post"}],"author":[{"embeddable":true,"href":"https:\/\/www.oracaoefe.com\/fr\/wp-json\/wp\/v2\/users\/1"}],"replies":[{"embeddable":true,"href":"https:\/\/www.oracaoefe.com\/fr\/wp-json\/wp\/v2\/comments?post=3915"}],"version-history":[{"count":1,"href":"https:\/\/www.oracaoefe.com\/fr\/wp-json\/wp\/v2\/posts\/3915\/revisions"}],"predecessor-version":[{"id":3917,"href":"https:\/\/www.oracaoefe.com\/fr\/wp-json\/wp\/v2\/posts\/3915\/revisions\/3917"}],"wp:featuredmedia":[{"embeddable":true,"href":"https:\/\/www.oracaoefe.com\/fr\/wp-json\/wp\/v2\/media\/3916"}],"wp:attachment":[{"href":"https:\/\/www.oracaoefe.com\/fr\/wp-json\/wp\/v2\/media?parent=3915"}],"wp:term":[{"taxonomy":"category","embeddable":true,"href":"https:\/\/www.oracaoefe.com\/fr\/wp-json\/wp\/v2\/categories?post=3915"},{"taxonomy":"post_tag","embeddable":true,"href":"https:\/\/www.oracaoefe.com\/fr\/wp-json\/wp\/v2\/tags?post=3915"}],"curies":[{"name":"wp","href":"https:\/\/api.w.org\/{rel}","templated":true}]}}