{"id":3912,"date":"2025-12-16T14:24:56","date_gmt":"2025-12-16T17:24:56","guid":{"rendered":"https:\/\/www.oracaoefe.com\/?p=3912"},"modified":"2025-12-16T14:24:57","modified_gmt":"2025-12-16T17:24:57","slug":"o-poder-da-oracao-em-tempos-de-crise-global-como-a-fe-tem-se-tornado-um-pilar-de-sustentacao-emocional-no-mundo-atual","status":"publish","type":"post","link":"https:\/\/www.oracaoefe.com\/fr\/o-poder-da-oracao-em-tempos-de-crise-global-como-a-fe-tem-se-tornado-um-pilar-de-sustentacao-emocional-no-mundo-atual\/","title":{"rendered":"O Poder da Ora\u00e7\u00e3o em Tempos de Crise Global: Como a F\u00e9 Tem Se Tornado um Pilar de Sustenta\u00e7\u00e3o Emocional no Mundo Atual"},"content":{"rendered":"<h2 class=\"wp-block-heading\">Introdu\u00e7\u00e3o<\/h2>\n\n\n\n<p class=\"wp-block-paragraph\">O mundo atravessa um dos per\u00edodos mais complexos das \u00faltimas d\u00e9cadas. Crises econ\u00f4micas recorrentes, conflitos armados prolongados, instabilidade pol\u00edtica, colapsos ambientais e uma epidemia silenciosa de ansiedade coletiva formam um cen\u00e1rio de incerteza permanente. Nesse contexto, cresce um movimento que desafia a l\u00f3gica de um mundo cada vez mais tecnol\u00f3gico e racional: o retorno consistente \u00e0 ora\u00e7\u00e3o e \u00e0 f\u00e9. Esse fen\u00f4meno n\u00e3o est\u00e1 restrito a uma religi\u00e3o espec\u00edfica, nem a uma regi\u00e3o isolada do planeta. Ele ocorre de forma transversal, atravessando culturas, faixas et\u00e1rias e classes sociais, revelando uma necessidade humana profunda de sentido, amparo emocional e esperan\u00e7a diante do caos.<\/p>\n\n\n\n<p class=\"wp-block-paragraph\">Este artigo analisa por que a ora\u00e7\u00e3o voltou a ocupar um espa\u00e7o central na vida de milh\u00f5es de pessoas, como a f\u00e9 tem sido reinterpretada no mundo contempor\u00e2neo e de que forma esse movimento espiritual se conecta diretamente com sa\u00fade mental, resili\u00eancia emocional e organiza\u00e7\u00e3o social em tempos de crise global.<\/p>\n\n\n\n<h2 class=\"wp-block-heading\">A Crise Global Como Fen\u00f4meno Emocional e Existencial<\/h2>\n\n\n\n<p class=\"wp-block-paragraph\">Embora os notici\u00e1rios enfatizem dados econ\u00f4micos, \u00edndices de infla\u00e7\u00e3o, n\u00fameros de mortos em conflitos armados e estat\u00edsticas ambientais alarmantes, existe uma camada menos vis\u00edvel, por\u00e9m mais profunda, dessa crise global: o impacto emocional e existencial nas pessoas. A sensa\u00e7\u00e3o de inseguran\u00e7a constante, aliada \u00e0 percep\u00e7\u00e3o de que o futuro \u00e9 imprevis\u00edvel, tem provocado um aumento significativo de transtornos relacionados ao estresse, \u00e0 ansiedade e \u00e0 depress\u00e3o. Muitas pessoas relatam n\u00e3o apenas medo do que pode acontecer, mas uma dificuldade crescente em encontrar prop\u00f3sito e estabilidade emocional no cotidiano.<\/p>\n\n\n\n<p class=\"wp-block-paragraph\">Nesse cen\u00e1rio, a ora\u00e7\u00e3o reaparece como uma resposta natural \u00e0 sensa\u00e7\u00e3o de impot\u00eancia. Quando estruturas externas falham \u2014 governos, mercados, sistemas de sa\u00fade ou redes de apoio \u2014 o ser humano tende a buscar algo que transcenda essas limita\u00e7\u00f5es. A f\u00e9, nesse contexto, n\u00e3o surge como nega\u00e7\u00e3o da realidade, mas como uma tentativa de reorganizar o mundo interno para lidar melhor com o mundo externo.<\/p>\n\n\n\n<h2 class=\"wp-block-heading\">Por Que a Ora\u00e7\u00e3o Se Intensifica em Momentos de Crise<\/h2>\n\n\n\n<p class=\"wp-block-paragraph\">A intensifica\u00e7\u00e3o da ora\u00e7\u00e3o em per\u00edodos de instabilidade n\u00e3o \u00e9 um fen\u00f4meno novo, mas se torna mais vis\u00edvel quando crises se prolongam e afetam grandes popula\u00e7\u00f5es simultaneamente. A ora\u00e7\u00e3o oferece algo que poucas pr\u00e1ticas modernas conseguem proporcionar: um espa\u00e7o simb\u00f3lico de controle em meio ao descontrole. Ao orar, o indiv\u00edduo sente que n\u00e3o est\u00e1 completamente \u00e0 merc\u00ea dos acontecimentos, mesmo quando n\u00e3o pode alter\u00e1-los diretamente.<\/p>\n\n\n\n<p class=\"wp-block-paragraph\">Al\u00e9m disso, a ora\u00e7\u00e3o funciona como um mecanismo de organiza\u00e7\u00e3o emocional. Ao verbalizar medos, ang\u00fastias, pedidos e agradecimentos, a pessoa estrutura pensamentos difusos e reduz a sobrecarga mental. Esse processo, independentemente da cren\u00e7a espec\u00edfica, tem efeitos semelhantes aos observados em pr\u00e1ticas terap\u00eauticas de reflex\u00e3o guiada, promovendo maior clareza emocional e sensa\u00e7\u00e3o de al\u00edvio.<\/p>\n\n\n\n<p class=\"wp-block-paragraph\">Outro fator determinante \u00e9 a esperan\u00e7a. A f\u00e9 sustenta a ideia de que a dor n\u00e3o \u00e9 definitiva e de que existe um prop\u00f3sito maior, ainda que n\u00e3o seja imediatamente compreendido. Em tempos de crise prolongada, essa esperan\u00e7a funciona como um amortecedor psicol\u00f3gico, reduzindo o impacto do desespero e fortalecendo a capacidade de resist\u00eancia emocional.<\/p>\n\n\n\n<h2 class=\"wp-block-heading\">O Crescimento Global da F\u00e9 em Diferentes Contextos Culturais<\/h2>\n\n\n\n<p class=\"wp-block-paragraph\">O retorno \u00e0 ora\u00e7\u00e3o n\u00e3o acontece de forma homog\u00eanea em todo o mundo, mas assume caracter\u00edsticas espec\u00edficas conforme o contexto cultural e social de cada regi\u00e3o. Na Am\u00e9rica Latina, por exemplo, a f\u00e9 historicamente desempenha um papel central na vida comunit\u00e1ria. Em per\u00edodos recentes de instabilidade pol\u00edtica e econ\u00f4mica, observou-se um fortalecimento de grupos de ora\u00e7\u00e3o, tanto presenciais quanto digitais, que funcionam como redes informais de apoio emocional e social.<\/p>\n\n\n\n<p class=\"wp-block-paragraph\">Na Europa, onde a seculariza\u00e7\u00e3o avan\u00e7ou de forma mais intensa nas \u00faltimas d\u00e9cadas, o crescimento da f\u00e9 ocorre de maneira mais individualizada. Muitas pessoas n\u00e3o retornam necessariamente \u00e0s institui\u00e7\u00f5es religiosas tradicionais, mas adotam pr\u00e1ticas espirituais pessoais, como a leitura de textos sagrados, momentos de ora\u00e7\u00e3o silenciosa e reflex\u00f5es espirituais desvinculadas de r\u00f3tulos institucionais. Trata-se de uma espiritualidade menos vis\u00edvel, por\u00e9m profundamente significativa para quem a pratica.<\/p>\n\n\n\n<p class=\"wp-block-paragraph\">Nos Estados Unidos, o debate sobre f\u00e9 tem se conectado fortemente \u00e0 sa\u00fade mental. Igrejas, comunidades religiosas e at\u00e9 institui\u00e7\u00f5es educacionais passaram a abordar abertamente temas como ansiedade, burnout e depress\u00e3o, integrando a ora\u00e7\u00e3o como um recurso complementar de cuidado emocional. Nesse contexto, a f\u00e9 deixa de ser vista apenas como dogma e passa a ser compreendida como uma pr\u00e1tica de fortalecimento psicol\u00f3gico e comunit\u00e1rio.<\/p>\n\n\n\n<h2 class=\"wp-block-heading\">A Rela\u00e7\u00e3o Entre Ora\u00e7\u00e3o, Ci\u00eancia e Sa\u00fade Mental<\/h2>\n\n\n\n<p class=\"wp-block-paragraph\">Durante muito tempo, ci\u00eancia e f\u00e9 foram apresentadas como campos opostos. No entanto, pesquisas recentes em neuroci\u00eancia e psicologia t\u00eam demonstrado que pr\u00e1ticas espirituais, incluindo a ora\u00e7\u00e3o, produzem efeitos mensur\u00e1veis no c\u00e9rebro humano. Estudos indicam que momentos regulares de ora\u00e7\u00e3o est\u00e3o associados \u00e0 redu\u00e7\u00e3o dos n\u00edveis de cortisol, o horm\u00f4nio do estresse, al\u00e9m de maior ativa\u00e7\u00e3o de \u00e1reas cerebrais ligadas \u00e0 empatia, ao autocontrole e \u00e0 sensa\u00e7\u00e3o de bem-estar.<\/p>\n\n\n\n<p class=\"wp-block-paragraph\">\u00c9 importante destacar que a ora\u00e7\u00e3o n\u00e3o substitui tratamentos m\u00e9dicos ou psicol\u00f3gicos, mas pode atuar como um elemento complementar no cuidado integral da sa\u00fade. Ao promover calma, introspec\u00e7\u00e3o e reorganiza\u00e7\u00e3o emocional, a f\u00e9 contribui para que o indiv\u00edduo lide melhor com situa\u00e7\u00f5es adversas, tome decis\u00f5es mais conscientes e mantenha maior equil\u00edbrio emocional diante de press\u00f5es externas.<\/p>\n\n\n\n<h2 class=\"wp-block-heading\">Ora\u00e7\u00e3o Como Estrat\u00e9gia de Resili\u00eancia, N\u00e3o Como Fraqueza<\/h2>\n\n\n\n<p class=\"wp-block-paragraph\">Existe um estigma persistente de que recorrer \u00e0 f\u00e9 seria sinal de fragilidade ou incapacidade de lidar racionalmente com os problemas. No entanto, essa vis\u00e3o ignora o fato de que a ora\u00e7\u00e3o exige habilidades emocionais sofisticadas, como humildade para reconhecer limites, coragem para enfrentar a pr\u00f3pria vulnerabilidade e disciplina para manter uma pr\u00e1tica constante mesmo em meio ao sofrimento.<\/p>\n\n\n\n<p class=\"wp-block-paragraph\">Em contextos de crise, fingir autossufici\u00eancia pode ser mais prejudicial do que admitir a necessidade de apoio. A ora\u00e7\u00e3o, nesse sentido, n\u00e3o representa fuga da realidade, mas uma estrat\u00e9gia consciente de enfrentamento emocional. Pessoas que cultivam uma vida espiritual ativa tendem a apresentar maior resili\u00eancia, justamente porque n\u00e3o carregam sozinhas o peso das adversidades.<\/p>\n\n\n\n<h2 class=\"wp-block-heading\">A Transforma\u00e7\u00e3o da F\u00e9 no Ambiente Digital<\/h2>\n\n\n\n<p class=\"wp-block-paragraph\">Um dos fen\u00f4menos mais marcantes dos \u00faltimos anos \u00e9 a migra\u00e7\u00e3o da pr\u00e1tica religiosa para o ambiente digital. Aplicativos de ora\u00e7\u00e3o, transmiss\u00f5es ao vivo, grupos virtuais e conte\u00fados devocionais nas redes sociais ampliaram significativamente o alcance da f\u00e9. Esse movimento n\u00e3o diminuiu a profundidade da espiritualidade; ao contr\u00e1rio, permitiu que pessoas que antes se sentiam isoladas encontrassem comunidades de apoio espiritual em ambientes acess\u00edveis e cotidianos.<\/p>\n\n\n\n<p class=\"wp-block-paragraph\">A f\u00e9 digital demonstra que a ora\u00e7\u00e3o n\u00e3o est\u00e1 limitada a espa\u00e7os f\u00edsicos ou hor\u00e1rios espec\u00edficos. Ela se integra \u00e0 rotina moderna, acompanhando o indiv\u00edduo em meio \u00e0s demandas do dia a dia, o que refor\u00e7a sua relev\u00e2ncia em um mundo acelerado e constantemente conectado.<\/p>\n\n\n\n<h2 class=\"wp-block-heading\">O Impacto da Ora\u00e7\u00e3o na Transforma\u00e7\u00e3o Individual<\/h2>\n\n\n\n<p class=\"wp-block-paragraph\">Embora muitas pessoas recorram \u00e0 ora\u00e7\u00e3o esperando mudan\u00e7as externas imediatas, o efeito mais consistente da f\u00e9 ocorre no interior de quem ora. A pr\u00e1tica regular da ora\u00e7\u00e3o tende a modificar a forma como o indiv\u00edduo percebe a realidade, interpreta desafios e reage \u00e0s frustra\u00e7\u00f5es. Essa transforma\u00e7\u00e3o interna influencia diretamente decis\u00f5es, comportamentos e relacionamentos, criando um ciclo positivo de crescimento pessoal.<\/p>\n\n\n\n<p class=\"wp-block-paragraph\">Mesmo quando as circunst\u00e2ncias externas permanecem dif\u00edceis, a mudan\u00e7a interna proporcionada pela f\u00e9 permite que a pessoa enfrente a realidade com mais clareza, equil\u00edbrio e esperan\u00e7a. Esse \u00e9 um dos principais motivos pelos quais a ora\u00e7\u00e3o continua relevante ao longo da hist\u00f3ria, independentemente das transforma\u00e7\u00f5es sociais e tecnol\u00f3gicas.<\/p>\n\n\n\n<h2 class=\"wp-block-heading\">Conclus\u00e3o<\/h2>\n\n\n\n<p class=\"wp-block-paragraph\">O crescimento da ora\u00e7\u00e3o e da f\u00e9 em tempos de crise global n\u00e3o \u00e9 um retrocesso nem uma simples rea\u00e7\u00e3o emocional passageira. Trata-se de uma resposta humana profunda \u00e0 instabilidade, ao medo e \u00e0 sensa\u00e7\u00e3o de perda de controle que caracterizam o mundo contempor\u00e2neo. A f\u00e9 oferece sentido, esperan\u00e7a e estrutura emocional em um cen\u00e1rio marcado por incertezas constantes.<\/p>\n\n\n\n<p class=\"wp-block-paragraph\">Ao analisar esse movimento, fica evidente que a ora\u00e7\u00e3o n\u00e3o atua apenas como pr\u00e1tica religiosa, mas como um recurso poderoso de sustenta\u00e7\u00e3o emocional, resili\u00eancia psicol\u00f3gica e reorganiza\u00e7\u00e3o interna. Em um mundo cada vez mais fragmentado, a f\u00e9 continua sendo uma das \u00e2ncoras mais antigas \u2014 e ainda eficazes \u2014 da experi\u00eancia humana.<\/p>","protected":false},"excerpt":{"rendered":"<p>Introdu\u00e7\u00e3o O mundo atravessa um dos per\u00edodos mais complexos das \u00faltimas d\u00e9cadas. Crises econ\u00f4micas recorrentes, conflitos armados prolongados, instabilidade pol\u00edtica, colapsos ambientais e uma epidemia silenciosa de ansiedade coletiva formam um cen\u00e1rio de incerteza permanente. Nesse contexto, cresce um movimento que desafia a l\u00f3gica de um mundo cada vez mais tecnol\u00f3gico e racional: o retorno&hellip;&nbsp;<\/p>","protected":false},"author":1,"featured_media":3913,"comment_status":"closed","ping_status":"closed","sticky":false,"template":"","format":"standard","meta":{"neve_meta_sidebar":"","neve_meta_container":"","neve_meta_enable_content_width":"","neve_meta_content_width":0,"neve_meta_title_alignment":"","neve_meta_author_avatar":"","neve_post_elements_order":"","neve_meta_disable_header":"","neve_meta_disable_footer":"","neve_meta_disable_title":"","footnotes":""},"categories":[4],"tags":[],"class_list":["post-3912","post","type-post","status-publish","format-standard","has-post-thumbnail","hentry","category-fique-por-dentro"],"yoast_head":"<!-- This site is optimized with the Yoast SEO plugin v28.4 - https:\/\/yoast.com\/product\/yoast-seo-wordpress\/ -->\n<title>O Poder da Ora\u00e7\u00e3o em Tempos de Crise Global: Como a F\u00e9 Tem Se Tornado um Pilar de Sustenta\u00e7\u00e3o Emocional no Mundo Atual - Ora\u00e7\u00e3o e F\u00e9<\/title>\n<meta name=\"description\" content=\"Deus tem pra voc\u00ea uma palavra de vida!\" \/>\n<meta name=\"robots\" content=\"index, follow, max-snippet:-1, max-image-preview:large, max-video-preview:-1\" \/>\n<link rel=\"canonical\" href=\"https:\/\/www.oracaoefe.com\/fr\/o-poder-da-oracao-em-tempos-de-crise-global-como-a-fe-tem-se-tornado-um-pilar-de-sustentacao-emocional-no-mundo-atual\/\" \/>\n<meta property=\"og:locale\" content=\"fr_FR\" \/>\n<meta property=\"og:type\" content=\"article\" \/>\n<meta property=\"og:title\" content=\"O Poder da Ora\u00e7\u00e3o em Tempos de Crise Global: Como a F\u00e9 Tem Se Tornado um Pilar de Sustenta\u00e7\u00e3o Emocional no Mundo Atual - Ora\u00e7\u00e3o e F\u00e9\" \/>\n<meta property=\"og:description\" content=\"Deus tem pra voc\u00ea uma palavra de vida!\" \/>\n<meta property=\"og:url\" content=\"https:\/\/www.oracaoefe.com\/fr\/o-poder-da-oracao-em-tempos-de-crise-global-como-a-fe-tem-se-tornado-um-pilar-de-sustentacao-emocional-no-mundo-atual\/\" \/>\n<meta property=\"og:site_name\" content=\"Ora\u00e7\u00e3o e F\u00e9\" \/>\n<meta property=\"article:published_time\" content=\"2025-12-16T17:24:56+00:00\" \/>\n<meta property=\"article:modified_time\" content=\"2025-12-16T17:24:57+00:00\" \/>\n<meta property=\"og:image\" content=\"https:\/\/www.oracaoefe.com\/wp-content\/uploads\/2025\/12\/oracao-fe.webp\" \/>\n\t<meta property=\"og:image:width\" content=\"1024\" \/>\n\t<meta property=\"og:image:height\" content=\"1024\" \/>\n\t<meta property=\"og:image:type\" content=\"image\/webp\" \/>\n<meta name=\"author\" content=\"Maria\" \/>\n<meta name=\"twitter:card\" content=\"summary_large_image\" \/>\n<meta name=\"twitter:label1\" content=\"\u00c9crit par\" \/>\n\t<meta name=\"twitter:data1\" content=\"Maria\" \/>\n\t<meta name=\"twitter:label2\" content=\"Dur\u00e9e de lecture estim\u00e9e\" \/>\n\t<meta name=\"twitter:data2\" content=\"7 minutes\" \/>\n<script type=\"application\/ld+json\" class=\"yoast-schema-graph\">{\"@context\":\"https:\\\/\\\/schema.org\",\"@graph\":[{\"@type\":\"Article\",\"@id\":\"https:\\\/\\\/www.oracaoefe.com\\\/o-poder-da-oracao-em-tempos-de-crise-global-como-a-fe-tem-se-tornado-um-pilar-de-sustentacao-emocional-no-mundo-atual\\\/#article\",\"isPartOf\":{\"@id\":\"https:\\\/\\\/www.oracaoefe.com\\\/o-poder-da-oracao-em-tempos-de-crise-global-como-a-fe-tem-se-tornado-um-pilar-de-sustentacao-emocional-no-mundo-atual\\\/\"},\"author\":{\"name\":\"Maria\",\"@id\":\"https:\\\/\\\/www.oracaoefe.com\\\/#\\\/schema\\\/person\\\/27873f1e6043866689f5091b5139f23d\"},\"headline\":\"O Poder da Ora\u00e7\u00e3o em Tempos de Crise Global: Como a F\u00e9 Tem Se Tornado um Pilar de Sustenta\u00e7\u00e3o Emocional no Mundo Atual\",\"datePublished\":\"2025-12-16T17:24:56+00:00\",\"dateModified\":\"2025-12-16T17:24:57+00:00\",\"mainEntityOfPage\":{\"@id\":\"https:\\\/\\\/www.oracaoefe.com\\\/o-poder-da-oracao-em-tempos-de-crise-global-como-a-fe-tem-se-tornado-um-pilar-de-sustentacao-emocional-no-mundo-atual\\\/\"},\"wordCount\":1512,\"image\":{\"@id\":\"https:\\\/\\\/www.oracaoefe.com\\\/o-poder-da-oracao-em-tempos-de-crise-global-como-a-fe-tem-se-tornado-um-pilar-de-sustentacao-emocional-no-mundo-atual\\\/#primaryimage\"},\"thumbnailUrl\":\"https:\\\/\\\/www.oracaoefe.com\\\/wp-content\\\/uploads\\\/2025\\\/12\\\/oracao-fe.webp\",\"articleSection\":[\"Fique por Dentro\"],\"inLanguage\":\"fr-FR\"},{\"@type\":\"WebPage\",\"@id\":\"https:\\\/\\\/www.oracaoefe.com\\\/o-poder-da-oracao-em-tempos-de-crise-global-como-a-fe-tem-se-tornado-um-pilar-de-sustentacao-emocional-no-mundo-atual\\\/\",\"url\":\"https:\\\/\\\/www.oracaoefe.com\\\/o-poder-da-oracao-em-tempos-de-crise-global-como-a-fe-tem-se-tornado-um-pilar-de-sustentacao-emocional-no-mundo-atual\\\/\",\"name\":\"O Poder da Ora\u00e7\u00e3o em Tempos de Crise Global: Como a F\u00e9 Tem Se Tornado um Pilar de Sustenta\u00e7\u00e3o Emocional no Mundo Atual - Ora\u00e7\u00e3o e F\u00e9\",\"isPartOf\":{\"@id\":\"https:\\\/\\\/www.oracaoefe.com\\\/#website\"},\"primaryImageOfPage\":{\"@id\":\"https:\\\/\\\/www.oracaoefe.com\\\/o-poder-da-oracao-em-tempos-de-crise-global-como-a-fe-tem-se-tornado-um-pilar-de-sustentacao-emocional-no-mundo-atual\\\/#primaryimage\"},\"image\":{\"@id\":\"https:\\\/\\\/www.oracaoefe.com\\\/o-poder-da-oracao-em-tempos-de-crise-global-como-a-fe-tem-se-tornado-um-pilar-de-sustentacao-emocional-no-mundo-atual\\\/#primaryimage\"},\"thumbnailUrl\":\"https:\\\/\\\/www.oracaoefe.com\\\/wp-content\\\/uploads\\\/2025\\\/12\\\/oracao-fe.webp\",\"datePublished\":\"2025-12-16T17:24:56+00:00\",\"dateModified\":\"2025-12-16T17:24:57+00:00\",\"author\":{\"@id\":\"https:\\\/\\\/www.oracaoefe.com\\\/#\\\/schema\\\/person\\\/27873f1e6043866689f5091b5139f23d\"},\"description\":\"Deus tem pra voc\u00ea uma palavra de vida!\",\"breadcrumb\":{\"@id\":\"https:\\\/\\\/www.oracaoefe.com\\\/o-poder-da-oracao-em-tempos-de-crise-global-como-a-fe-tem-se-tornado-um-pilar-de-sustentacao-emocional-no-mundo-atual\\\/#breadcrumb\"},\"inLanguage\":\"fr-FR\",\"potentialAction\":[{\"@type\":\"ReadAction\",\"target\":[\"https:\\\/\\\/www.oracaoefe.com\\\/o-poder-da-oracao-em-tempos-de-crise-global-como-a-fe-tem-se-tornado-um-pilar-de-sustentacao-emocional-no-mundo-atual\\\/\"]}]},{\"@type\":\"ImageObject\",\"inLanguage\":\"fr-FR\",\"@id\":\"https:\\\/\\\/www.oracaoefe.com\\\/o-poder-da-oracao-em-tempos-de-crise-global-como-a-fe-tem-se-tornado-um-pilar-de-sustentacao-emocional-no-mundo-atual\\\/#primaryimage\",\"url\":\"https:\\\/\\\/www.oracaoefe.com\\\/wp-content\\\/uploads\\\/2025\\\/12\\\/oracao-fe.webp\",\"contentUrl\":\"https:\\\/\\\/www.oracaoefe.com\\\/wp-content\\\/uploads\\\/2025\\\/12\\\/oracao-fe.webp\",\"width\":1024,\"height\":1024},{\"@type\":\"BreadcrumbList\",\"@id\":\"https:\\\/\\\/www.oracaoefe.com\\\/o-poder-da-oracao-em-tempos-de-crise-global-como-a-fe-tem-se-tornado-um-pilar-de-sustentacao-emocional-no-mundo-atual\\\/#breadcrumb\",\"itemListElement\":[{\"@type\":\"ListItem\",\"position\":1,\"name\":\"Home\",\"item\":\"https:\\\/\\\/www.oracaoefe.com\\\/\"},{\"@type\":\"ListItem\",\"position\":2,\"name\":\"Fique por Dentro\",\"item\":\"https:\\\/\\\/www.oracaoefe.com\\\/category\\\/fique-por-dentro\\\/\"},{\"@type\":\"ListItem\",\"position\":3,\"name\":\"O Poder da Ora\u00e7\u00e3o em Tempos de Crise Global: Como a F\u00e9 Tem Se Tornado um Pilar de Sustenta\u00e7\u00e3o Emocional no Mundo Atual\"}]},{\"@type\":\"WebSite\",\"@id\":\"https:\\\/\\\/www.oracaoefe.com\\\/#website\",\"url\":\"https:\\\/\\\/www.oracaoefe.com\\\/\",\"name\":\"Ora\u00e7\u00e3o e F\u00e9\",\"description\":\"\",\"potentialAction\":[{\"@type\":\"SearchAction\",\"target\":{\"@type\":\"EntryPoint\",\"urlTemplate\":\"https:\\\/\\\/www.oracaoefe.com\\\/?s={search_term_string}\"},\"query-input\":{\"@type\":\"PropertyValueSpecification\",\"valueRequired\":true,\"valueName\":\"search_term_string\"}}],\"inLanguage\":\"fr-FR\"},{\"@type\":\"Person\",\"@id\":\"https:\\\/\\\/www.oracaoefe.com\\\/#\\\/schema\\\/person\\\/27873f1e6043866689f5091b5139f23d\",\"name\":\"Maria\",\"image\":{\"@type\":\"ImageObject\",\"inLanguage\":\"fr-FR\",\"@id\":\"https:\\\/\\\/secure.gravatar.com\\\/avatar\\\/4cac5ea56d40d599bd7348d330a83b1c84cd229296d1613cd1c7f6740561d0c9?s=96&d=mm&r=g\",\"url\":\"https:\\\/\\\/secure.gravatar.com\\\/avatar\\\/4cac5ea56d40d599bd7348d330a83b1c84cd229296d1613cd1c7f6740561d0c9?s=96&d=mm&r=g\",\"contentUrl\":\"https:\\\/\\\/secure.gravatar.com\\\/avatar\\\/4cac5ea56d40d599bd7348d330a83b1c84cd229296d1613cd1c7f6740561d0c9?s=96&d=mm&r=g\",\"caption\":\"Maria\"},\"description\":\"Meu nome \u00e9 Maria e sou apaixonada por teologia, espiritualidade e estudos religiosos. H\u00e1 mais de 5 anos escrevo sobre o universo da f\u00e9, pesquisando diferentes religi\u00f5es, doutrinas, tradi\u00e7\u00f5es espirituais e curiosidades religiosas ao redor do mundo. Tenho grande interesse em compreender como a f\u00e9 e a religiosidade se manifestam em diferentes culturas, pa\u00edses e idiomas, sempre buscando aprender mais sobre os costumes, cren\u00e7as e hist\u00f3rias que influenciam milh\u00f5es de pessoas diariamente. Atualmente, atuo como redatora no portal Ora\u00e7\u00e3o e F\u00e9, onde compartilho conte\u00fados informativos, reflexivos e inspiradores voltados ao universo religioso e espiritual. Meu objetivo \u00e9 levar conhecimento, curiosidades e mensagens enriquecedoras para leitores que desejam aprofundar sua compreens\u00e3o sobre f\u00e9, religi\u00e3o e espiritualidade no mundo moderno.\",\"sameAs\":[\"https:\\\/\\\/www.oracaoefe.com\"],\"url\":\"https:\\\/\\\/www.oracaoefe.com\\\/fr\\\/author\\\/admin\\\/\"}]}<\/script>\n<!-- \/ Yoast SEO plugin. -->","yoast_head_json":{"title":"O Poder da Ora\u00e7\u00e3o em Tempos de Crise Global: Como a F\u00e9 Tem Se Tornado um Pilar de Sustenta\u00e7\u00e3o Emocional no Mundo Atual - Ora\u00e7\u00e3o e F\u00e9","description":"Dieu a une parole de vie pour vous !","robots":{"index":"index","follow":"follow","max-snippet":"max-snippet:-1","max-image-preview":"max-image-preview:large","max-video-preview":"max-video-preview:-1"},"canonical":"https:\/\/www.oracaoefe.com\/fr\/o-poder-da-oracao-em-tempos-de-crise-global-como-a-fe-tem-se-tornado-um-pilar-de-sustentacao-emocional-no-mundo-atual\/","og_locale":"fr_FR","og_type":"article","og_title":"O Poder da Ora\u00e7\u00e3o em Tempos de Crise Global: Como a F\u00e9 Tem Se Tornado um Pilar de Sustenta\u00e7\u00e3o Emocional no Mundo Atual - Ora\u00e7\u00e3o e F\u00e9","og_description":"Deus tem pra voc\u00ea uma palavra de vida!","og_url":"https:\/\/www.oracaoefe.com\/fr\/o-poder-da-oracao-em-tempos-de-crise-global-como-a-fe-tem-se-tornado-um-pilar-de-sustentacao-emocional-no-mundo-atual\/","og_site_name":"Ora\u00e7\u00e3o e F\u00e9","article_published_time":"2025-12-16T17:24:56+00:00","article_modified_time":"2025-12-16T17:24:57+00:00","og_image":[{"width":1024,"height":1024,"url":"https:\/\/www.oracaoefe.com\/wp-content\/uploads\/2025\/12\/oracao-fe.webp","type":"image\/webp"}],"author":"Maria","twitter_card":"summary_large_image","twitter_misc":{"\u00c9crit par":"Maria","Dur\u00e9e de lecture estim\u00e9e":"7 minutes"},"schema":{"@context":"https:\/\/schema.org","@graph":[{"@type":"Article","@id":"https:\/\/www.oracaoefe.com\/o-poder-da-oracao-em-tempos-de-crise-global-como-a-fe-tem-se-tornado-um-pilar-de-sustentacao-emocional-no-mundo-atual\/#article","isPartOf":{"@id":"https:\/\/www.oracaoefe.com\/o-poder-da-oracao-em-tempos-de-crise-global-como-a-fe-tem-se-tornado-um-pilar-de-sustentacao-emocional-no-mundo-atual\/"},"author":{"name":"Maria","@id":"https:\/\/www.oracaoefe.com\/#\/schema\/person\/27873f1e6043866689f5091b5139f23d"},"headline":"O Poder da Ora\u00e7\u00e3o em Tempos de Crise Global: Como a F\u00e9 Tem Se Tornado um Pilar de Sustenta\u00e7\u00e3o Emocional no Mundo Atual","datePublished":"2025-12-16T17:24:56+00:00","dateModified":"2025-12-16T17:24:57+00:00","mainEntityOfPage":{"@id":"https:\/\/www.oracaoefe.com\/o-poder-da-oracao-em-tempos-de-crise-global-como-a-fe-tem-se-tornado-um-pilar-de-sustentacao-emocional-no-mundo-atual\/"},"wordCount":1512,"image":{"@id":"https:\/\/www.oracaoefe.com\/o-poder-da-oracao-em-tempos-de-crise-global-como-a-fe-tem-se-tornado-um-pilar-de-sustentacao-emocional-no-mundo-atual\/#primaryimage"},"thumbnailUrl":"https:\/\/www.oracaoefe.com\/wp-content\/uploads\/2025\/12\/oracao-fe.webp","articleSection":["Fique por Dentro"],"inLanguage":"fr-FR"},{"@type":"WebPage","@id":"https:\/\/www.oracaoefe.com\/o-poder-da-oracao-em-tempos-de-crise-global-como-a-fe-tem-se-tornado-um-pilar-de-sustentacao-emocional-no-mundo-atual\/","url":"https:\/\/www.oracaoefe.com\/o-poder-da-oracao-em-tempos-de-crise-global-como-a-fe-tem-se-tornado-um-pilar-de-sustentacao-emocional-no-mundo-atual\/","name":"O Poder da Ora\u00e7\u00e3o em Tempos de Crise Global: Como a F\u00e9 Tem Se Tornado um Pilar de Sustenta\u00e7\u00e3o Emocional no Mundo Atual - Ora\u00e7\u00e3o e F\u00e9","isPartOf":{"@id":"https:\/\/www.oracaoefe.com\/#website"},"primaryImageOfPage":{"@id":"https:\/\/www.oracaoefe.com\/o-poder-da-oracao-em-tempos-de-crise-global-como-a-fe-tem-se-tornado-um-pilar-de-sustentacao-emocional-no-mundo-atual\/#primaryimage"},"image":{"@id":"https:\/\/www.oracaoefe.com\/o-poder-da-oracao-em-tempos-de-crise-global-como-a-fe-tem-se-tornado-um-pilar-de-sustentacao-emocional-no-mundo-atual\/#primaryimage"},"thumbnailUrl":"https:\/\/www.oracaoefe.com\/wp-content\/uploads\/2025\/12\/oracao-fe.webp","datePublished":"2025-12-16T17:24:56+00:00","dateModified":"2025-12-16T17:24:57+00:00","author":{"@id":"https:\/\/www.oracaoefe.com\/#\/schema\/person\/27873f1e6043866689f5091b5139f23d"},"description":"Dieu a une parole de vie pour vous !","breadcrumb":{"@id":"https:\/\/www.oracaoefe.com\/o-poder-da-oracao-em-tempos-de-crise-global-como-a-fe-tem-se-tornado-um-pilar-de-sustentacao-emocional-no-mundo-atual\/#breadcrumb"},"inLanguage":"fr-FR","potentialAction":[{"@type":"ReadAction","target":["https:\/\/www.oracaoefe.com\/o-poder-da-oracao-em-tempos-de-crise-global-como-a-fe-tem-se-tornado-um-pilar-de-sustentacao-emocional-no-mundo-atual\/"]}]},{"@type":"ImageObject","inLanguage":"fr-FR","@id":"https:\/\/www.oracaoefe.com\/o-poder-da-oracao-em-tempos-de-crise-global-como-a-fe-tem-se-tornado-um-pilar-de-sustentacao-emocional-no-mundo-atual\/#primaryimage","url":"https:\/\/www.oracaoefe.com\/wp-content\/uploads\/2025\/12\/oracao-fe.webp","contentUrl":"https:\/\/www.oracaoefe.com\/wp-content\/uploads\/2025\/12\/oracao-fe.webp","width":1024,"height":1024},{"@type":"BreadcrumbList","@id":"https:\/\/www.oracaoefe.com\/o-poder-da-oracao-em-tempos-de-crise-global-como-a-fe-tem-se-tornado-um-pilar-de-sustentacao-emocional-no-mundo-atual\/#breadcrumb","itemListElement":[{"@type":"ListItem","position":1,"name":"Home","item":"https:\/\/www.oracaoefe.com\/"},{"@type":"ListItem","position":2,"name":"Fique por Dentro","item":"https:\/\/www.oracaoefe.com\/category\/fique-por-dentro\/"},{"@type":"ListItem","position":3,"name":"O Poder da Ora\u00e7\u00e3o em Tempos de Crise Global: Como a F\u00e9 Tem Se Tornado um Pilar de Sustenta\u00e7\u00e3o Emocional no Mundo Atual"}]},{"@type":"WebSite","@id":"https:\/\/www.oracaoefe.com\/#website","url":"https:\/\/www.oracaoefe.com\/","name":"Pri\u00e8re et foi","description":"","potentialAction":[{"@type":"SearchAction","target":{"@type":"EntryPoint","urlTemplate":"https:\/\/www.oracaoefe.com\/?s={search_term_string}"},"query-input":{"@type":"PropertyValueSpecification","valueRequired":true,"valueName":"search_term_string"}}],"inLanguage":"fr-FR"},{"@type":"Person","@id":"https:\/\/www.oracaoefe.com\/#\/schema\/person\/27873f1e6043866689f5091b5139f23d","name":"Maria","image":{"@type":"ImageObject","inLanguage":"fr-FR","@id":"https:\/\/secure.gravatar.com\/avatar\/4cac5ea56d40d599bd7348d330a83b1c84cd229296d1613cd1c7f6740561d0c9?s=96&d=mm&r=g","url":"https:\/\/secure.gravatar.com\/avatar\/4cac5ea56d40d599bd7348d330a83b1c84cd229296d1613cd1c7f6740561d0c9?s=96&d=mm&r=g","contentUrl":"https:\/\/secure.gravatar.com\/avatar\/4cac5ea56d40d599bd7348d330a83b1c84cd229296d1613cd1c7f6740561d0c9?s=96&d=mm&r=g","caption":"Maria"},"description":"Meu nome \u00e9 Maria e sou apaixonada por teologia, espiritualidade e estudos religiosos. H\u00e1 mais de 5 anos escrevo sobre o universo da f\u00e9, pesquisando diferentes religi\u00f5es, doutrinas, tradi\u00e7\u00f5es espirituais e curiosidades religiosas ao redor do mundo. Tenho grande interesse em compreender como a f\u00e9 e a religiosidade se manifestam em diferentes culturas, pa\u00edses e idiomas, sempre buscando aprender mais sobre os costumes, cren\u00e7as e hist\u00f3rias que influenciam milh\u00f5es de pessoas diariamente. Atualmente, atuo como redatora no portal Ora\u00e7\u00e3o e F\u00e9, onde compartilho conte\u00fados informativos, reflexivos e inspiradores voltados ao universo religioso e espiritual. Meu objetivo \u00e9 levar conhecimento, curiosidades e mensagens enriquecedoras para leitores que desejam aprofundar sua compreens\u00e3o sobre f\u00e9, religi\u00e3o e espiritualidade no mundo moderno.","sameAs":["https:\/\/www.oracaoefe.com"],"url":"https:\/\/www.oracaoefe.com\/fr\/author\/admin\/"}]}},"_links":{"self":[{"href":"https:\/\/www.oracaoefe.com\/fr\/wp-json\/wp\/v2\/posts\/3912","targetHints":{"allow":["GET"]}}],"collection":[{"href":"https:\/\/www.oracaoefe.com\/fr\/wp-json\/wp\/v2\/posts"}],"about":[{"href":"https:\/\/www.oracaoefe.com\/fr\/wp-json\/wp\/v2\/types\/post"}],"author":[{"embeddable":true,"href":"https:\/\/www.oracaoefe.com\/fr\/wp-json\/wp\/v2\/users\/1"}],"replies":[{"embeddable":true,"href":"https:\/\/www.oracaoefe.com\/fr\/wp-json\/wp\/v2\/comments?post=3912"}],"version-history":[{"count":1,"href":"https:\/\/www.oracaoefe.com\/fr\/wp-json\/wp\/v2\/posts\/3912\/revisions"}],"predecessor-version":[{"id":3914,"href":"https:\/\/www.oracaoefe.com\/fr\/wp-json\/wp\/v2\/posts\/3912\/revisions\/3914"}],"wp:featuredmedia":[{"embeddable":true,"href":"https:\/\/www.oracaoefe.com\/fr\/wp-json\/wp\/v2\/media\/3913"}],"wp:attachment":[{"href":"https:\/\/www.oracaoefe.com\/fr\/wp-json\/wp\/v2\/media?parent=3912"}],"wp:term":[{"taxonomy":"category","embeddable":true,"href":"https:\/\/www.oracaoefe.com\/fr\/wp-json\/wp\/v2\/categories?post=3912"},{"taxonomy":"post_tag","embeddable":true,"href":"https:\/\/www.oracaoefe.com\/fr\/wp-json\/wp\/v2\/tags?post=3912"}],"curies":[{"name":"wp","href":"https:\/\/api.w.org\/{rel}","templated":true}]}}