{"id":3876,"date":"2026-02-14T12:32:03","date_gmt":"2026-02-14T15:32:03","guid":{"rendered":"https:\/\/www.oracaoefe.com\/?p=3876"},"modified":"2025-12-16T13:10:11","modified_gmt":"2025-12-16T16:10:11","slug":"gratidao-como-praticar-a-gratidao-diariamente-e-transformar-sua-forma-de-enxergar-a-vida","status":"publish","type":"post","link":"https:\/\/www.oracaoefe.com\/fr\/gratidao-como-praticar-a-gratidao-diariamente-e-transformar-sua-forma-de-enxergar-a-vida\/","title":{"rendered":"Gratid\u00e3o: como praticar a gratid\u00e3o diariamente e transformar sua forma de enxergar a vida"},"content":{"rendered":"<p class=\"wp-block-paragraph\">A gratid\u00e3o \u00e9 uma pr\u00e1tica simples na teoria, mas profundamente transformadora quando aplicada de forma consistente. Muitas pessoas associam gratid\u00e3o apenas a agradecer quando algo d\u00e1 certo, por\u00e9m ela vai muito al\u00e9m disso. A gratid\u00e3o verdadeira \u00e9 uma postura interna que muda a forma como a mente interpreta a realidade, influenciando emo\u00e7\u00f5es, decis\u00f5es e comportamentos ao longo do tempo.<\/p>\n\n\n\n<p class=\"wp-block-paragraph\">Quando a gratid\u00e3o deixa de ser apenas um gesto pontual e passa a ser uma pr\u00e1tica di\u00e1ria, ela altera a forma como a pessoa se relaciona com os pr\u00f3prios desafios. Em vez de focar apenas no que falta, a mente aprende a reconhecer o que j\u00e1 existe. Essa mudan\u00e7a de foco tem efeitos diretos na sa\u00fade emocional, no bem-estar e na qualidade de vida.<\/p>\n\n\n\n<h2 class=\"wp-block-heading\">O que \u00e9 gratid\u00e3o e por que ela \u00e9 t\u00e3o poderosa<\/h2>\n\n\n\n<p class=\"wp-block-paragraph\">Gratid\u00e3o \u00e9 o reconhecimento consciente de algo positivo, seja ele grande ou pequeno. N\u00e3o depende de uma vida perfeita nem da aus\u00eancia de problemas. Pelo contr\u00e1rio, a gratid\u00e3o se torna ainda mais poderosa quando praticada em meio \u00e0s dificuldades.<\/p>\n\n\n\n<p class=\"wp-block-paragraph\">O poder da gratid\u00e3o est\u00e1 na forma como ela reorganiza prioridades mentais. O c\u00e9rebro humano tem uma tend\u00eancia natural a focar no que est\u00e1 errado como mecanismo de sobreviv\u00eancia. A pr\u00e1tica da gratid\u00e3o reequilibra esse padr\u00e3o, treinando a mente para perceber tamb\u00e9m o que est\u00e1 funcionando.<\/p>\n\n\n\n<p class=\"wp-block-paragraph\">Esse ajuste interno reduz a sensa\u00e7\u00e3o constante de escassez e insatisfa\u00e7\u00e3o. Pessoas gratas tendem a experimentar menos inveja, menos frustra\u00e7\u00e3o cr\u00f4nica e menos compara\u00e7\u00e3o excessiva com os outros.<\/p>\n\n\n\n<h2 class=\"wp-block-heading\">A gratid\u00e3o e seus efeitos na mente e nas emo\u00e7\u00f5es<\/h2>\n\n\n\n<p class=\"wp-block-paragraph\">Do ponto de vista emocional, a gratid\u00e3o atua como um regulador interno. Ela n\u00e3o elimina emo\u00e7\u00f5es negativas, mas impede que elas dominem completamente o estado mental. Ao reconhecer aspectos positivos da vida, mesmo em fases dif\u00edceis, a pessoa cria espa\u00e7o para emo\u00e7\u00f5es como esperan\u00e7a, calma e contentamento.<\/p>\n\n\n\n<p class=\"wp-block-paragraph\">Estudos em psicologia positiva mostram que a pr\u00e1tica regular da gratid\u00e3o est\u00e1 associada \u00e0 redu\u00e7\u00e3o de sintomas de ansiedade e depress\u00e3o. Isso ocorre porque a gratid\u00e3o diminui o foco obsessivo em problemas e amplia a percep\u00e7\u00e3o de suporte, conquistas e aprendizados.<\/p>\n\n\n\n<p class=\"wp-block-paragraph\">Al\u00e9m disso, a gratid\u00e3o fortalece a autoestima. Quando algu\u00e9m reconhece suas pr\u00f3prias conquistas, esfor\u00e7os e supera\u00e7\u00f5es, passa a se valorizar mais, reduzindo a autocr\u00edtica excessiva.<\/p>\n\n\n\n<h2 class=\"wp-block-heading\">Gratid\u00e3o n\u00e3o \u00e9 negar a dor<\/h2>\n\n\n\n<p class=\"wp-block-paragraph\">Um erro comum \u00e9 achar que ser grato significa fingir que est\u00e1 tudo bem. Gratid\u00e3o n\u00e3o \u00e9 nega\u00e7\u00e3o da dor, da tristeza ou da frustra\u00e7\u00e3o. \u00c9 poss\u00edvel reconhecer sofrimento e, ao mesmo tempo, agradecer por aspectos que ainda sustentam a vida.<\/p>\n\n\n\n<p class=\"wp-block-paragraph\">A diferen\u00e7a est\u00e1 na postura mental. Em vez de se identificar completamente com o problema, a pessoa amplia o olhar. Ela entende que a dor \u00e9 parte da experi\u00eancia, mas n\u00e3o define tudo. Essa amplia\u00e7\u00e3o de consci\u00eancia diminui o peso emocional das dificuldades.<\/p>\n\n\n\n<p class=\"wp-block-paragraph\">A gratid\u00e3o, nesse sentido, n\u00e3o apaga problemas, mas muda a forma como eles s\u00e3o enfrentados.<\/p>\n\n\n\n<h2 class=\"wp-block-heading\">Como a gratid\u00e3o se manifesta no dia a dia<\/h2>\n\n\n\n<p class=\"wp-block-paragraph\">No cotidiano, a gratid\u00e3o aparece em atitudes simples. Ela est\u00e1 presente quando algu\u00e9m valoriza uma conversa sincera, um momento de descanso, um aprendizado ap\u00f3s um erro ou at\u00e9 mesmo a oportunidade de recome\u00e7ar.<\/p>\n\n\n\n<p class=\"wp-block-paragraph\">A gratid\u00e3o tamb\u00e9m se reflete na forma como lidamos com as pessoas. Quem pratica gratid\u00e3o tende a ser mais paciente, menos reativo e mais consciente do impacto das pr\u00f3prias palavras e a\u00e7\u00f5es. Isso melhora rela\u00e7\u00f5es pessoais e profissionais de maneira significativa.<\/p>\n\n\n\n<p class=\"wp-block-paragraph\">No trabalho, a gratid\u00e3o ajuda a reconhecer progresso mesmo em per\u00edodos de press\u00e3o. Nos relacionamentos, fortalece v\u00ednculos ao valorizar o que j\u00e1 existe em vez de focar apenas no que falta.<\/p>\n\n\n\n<h2 class=\"wp-block-heading\">Os principais obst\u00e1culos \u00e0 gratid\u00e3o<\/h2>\n\n\n\n<p class=\"wp-block-paragraph\">Um dos maiores inimigos da gratid\u00e3o \u00e9 a compara\u00e7\u00e3o constante. Quando a pessoa mede sua vida apenas pelo que os outros t\u00eam, a sensa\u00e7\u00e3o de insufici\u00eancia cresce, dificultando o reconhecimento do pr\u00f3prio caminho.<\/p>\n\n\n\n<p class=\"wp-block-paragraph\">Outro obst\u00e1culo \u00e9 a expectativa irreais. Quando algu\u00e9m acredita que s\u00f3 poder\u00e1 ser grato depois de alcan\u00e7ar determinado objetivo, a gratid\u00e3o fica sempre adiada. Esse adiamento cria um ciclo de insatisfa\u00e7\u00e3o cont\u00ednua.<\/p>\n\n\n\n<p class=\"wp-block-paragraph\">A pressa tamb\u00e9m interfere. Em uma rotina acelerada, muitas experi\u00eancias positivas passam despercebidas. A falta de pausa impede a consci\u00eancia plena, que \u00e9 essencial para a pr\u00e1tica da gratid\u00e3o.<\/p>\n\n\n\n<h2 class=\"wp-block-heading\">Como praticar a gratid\u00e3o de forma consistente<\/h2>\n\n\n\n<p class=\"wp-block-paragraph\">Praticar gratid\u00e3o exige inten\u00e7\u00e3o. Um dos m\u00e9todos mais eficazes \u00e9 o registro consciente. Reservar alguns minutos do dia para refletir sobre acontecimentos positivos ajuda a treinar a mente para reconhec\u00ea-los com mais facilidade ao longo do tempo.<\/p>\n\n\n\n<p class=\"wp-block-paragraph\">Outra forma pr\u00e1tica \u00e9 a gratid\u00e3o direcionada \u00e0s pessoas. Reconhecer o esfor\u00e7o, a presen\u00e7a ou o apoio de algu\u00e9m fortalece rela\u00e7\u00f5es e cria um ciclo de reciprocidade emocional.<\/p>\n\n\n\n<p class=\"wp-block-paragraph\">Tamb\u00e9m \u00e9 importante praticar gratid\u00e3o pelo pr\u00f3prio processo, e n\u00e3o apenas pelos resultados. Valorizar o esfor\u00e7o, a disciplina e a coragem de continuar mesmo sem garantias refor\u00e7a a autoconfian\u00e7a.<\/p>\n\n\n\n<h2 class=\"wp-block-heading\">Gratid\u00e3o e crescimento pessoal<\/h2>\n\n\n\n<p class=\"wp-block-paragraph\">A gratid\u00e3o tem um papel fundamental no crescimento pessoal. Ela permite aprender com erros sem se afundar na culpa e reconhecer limites sem autodeprecia\u00e7\u00e3o. Ao agradecer pelas experi\u00eancias, inclusive as dif\u00edceis, a pessoa extrai significado do que vive.<\/p>\n\n\n\n<p class=\"wp-block-paragraph\">Esse olhar mais maduro favorece decis\u00f5es mais conscientes e reduz comportamentos impulsivos. A gratid\u00e3o traz clareza, porque tira o foco do excesso e direciona a aten\u00e7\u00e3o para o essencial.<\/p>\n\n\n\n<p class=\"wp-block-paragraph\">Com o tempo, essa pr\u00e1tica cria uma base emocional mais s\u00f3lida, permitindo lidar melhor com mudan\u00e7as, perdas e transi\u00e7\u00f5es.<\/p>\n\n\n\n<h2 class=\"wp-block-heading\">Gratid\u00e3o e espiritualidade<\/h2>\n\n\n\n<p class=\"wp-block-paragraph\">Para muitas pessoas, a gratid\u00e3o est\u00e1 ligada \u00e0 espiritualidade. Agradecer pela vida, pelas oportunidades e at\u00e9 pelos desafios fortalece a sensa\u00e7\u00e3o de conex\u00e3o com algo maior. Essa conex\u00e3o gera humildade e reduz a sensa\u00e7\u00e3o de controle absoluto sobre tudo.<\/p>\n\n\n\n<p class=\"wp-block-paragraph\">Independentemente de cren\u00e7as religiosas, a gratid\u00e3o espiritual amplia a percep\u00e7\u00e3o de pertencimento e prop\u00f3sito. Ela ajuda a compreender que nem tudo depende apenas do esfor\u00e7o individual, o que reduz a press\u00e3o interna excessiva.<\/p>\n\n\n\n<h2 class=\"wp-block-heading\">Conclus\u00e3o: por que a gratid\u00e3o muda a vida<\/h2>\n\n\n\n<p class=\"wp-block-paragraph\">A gratid\u00e3o n\u00e3o transforma a realidade externa de forma imediata, mas transforma profundamente a forma como a realidade \u00e9 vivida. Ao pratic\u00e1-la diariamente, a pessoa desenvolve uma mente mais equilibrada, emo\u00e7\u00f5es mais est\u00e1veis e rela\u00e7\u00f5es mais saud\u00e1veis.<\/p>\n\n\n\n<p class=\"wp-block-paragraph\">Gratid\u00e3o n\u00e3o \u00e9 um destino, \u00e9 um caminho. Quanto mais ela \u00e9 praticada, mais natural se torna. E, com o tempo, essa pr\u00e1tica silenciosa passa a sustentar uma vida mais consciente, leve e significativa.<\/p>","protected":false},"excerpt":{"rendered":"<p>A gratid\u00e3o \u00e9 uma pr\u00e1tica simples na teoria, mas profundamente transformadora quando aplicada de forma consistente. Muitas pessoas associam gratid\u00e3o apenas a agradecer quando algo d\u00e1 certo, por\u00e9m ela vai muito al\u00e9m disso. A gratid\u00e3o verdadeira \u00e9 uma postura interna que muda a forma como a mente interpreta a realidade, influenciando emo\u00e7\u00f5es, decis\u00f5es e comportamentos&hellip;&nbsp;<\/p>","protected":false},"author":1,"featured_media":3877,"comment_status":"closed","ping_status":"closed","sticky":false,"template":"","format":"standard","meta":{"neve_meta_sidebar":"","neve_meta_container":"","neve_meta_enable_content_width":"","neve_meta_content_width":0,"neve_meta_title_alignment":"","neve_meta_author_avatar":"","neve_post_elements_order":"","neve_meta_disable_header":"","neve_meta_disable_footer":"","neve_meta_disable_title":"","footnotes":""},"categories":[3],"tags":[],"class_list":["post-3876","post","type-post","status-publish","format-standard","has-post-thumbnail","hentry","category-fe"],"yoast_head":"<!-- This site is optimized with the Yoast SEO plugin v28.4 - https:\/\/yoast.com\/product\/yoast-seo-wordpress\/ -->\n<title>Gratid\u00e3o: como praticar a gratid\u00e3o diariamente e transformar sua forma de enxergar a vida - Ora\u00e7\u00e3o e F\u00e9<\/title>\n<meta name=\"description\" content=\"Deus tem pra voc\u00ea uma palavra de vida!\" \/>\n<meta name=\"robots\" content=\"index, follow, max-snippet:-1, max-image-preview:large, max-video-preview:-1\" \/>\n<link rel=\"canonical\" href=\"https:\/\/www.oracaoefe.com\/fr\/gratidao-como-praticar-a-gratidao-diariamente-e-transformar-sua-forma-de-enxergar-a-vida\/\" \/>\n<meta property=\"og:locale\" content=\"fr_FR\" \/>\n<meta property=\"og:type\" content=\"article\" \/>\n<meta property=\"og:title\" content=\"Gratid\u00e3o: como praticar a gratid\u00e3o diariamente e transformar sua forma de enxergar a vida - Ora\u00e7\u00e3o e F\u00e9\" \/>\n<meta property=\"og:description\" content=\"Deus tem pra voc\u00ea uma palavra de vida!\" \/>\n<meta property=\"og:url\" content=\"https:\/\/www.oracaoefe.com\/fr\/gratidao-como-praticar-a-gratidao-diariamente-e-transformar-sua-forma-de-enxergar-a-vida\/\" \/>\n<meta property=\"og:site_name\" content=\"Ora\u00e7\u00e3o e F\u00e9\" \/>\n<meta property=\"article:published_time\" content=\"2026-02-14T15:32:03+00:00\" \/>\n<meta property=\"og:image\" content=\"https:\/\/www.oracaoefe.com\/wp-content\/uploads\/2025\/12\/gratidao.webp\" \/>\n\t<meta property=\"og:image:width\" content=\"1024\" \/>\n\t<meta property=\"og:image:height\" content=\"1024\" \/>\n\t<meta property=\"og:image:type\" content=\"image\/webp\" \/>\n<meta name=\"author\" content=\"Maria\" \/>\n<meta name=\"twitter:card\" content=\"summary_large_image\" \/>\n<meta name=\"twitter:label1\" content=\"\u00c9crit par\" \/>\n\t<meta name=\"twitter:data1\" content=\"Maria\" \/>\n\t<meta name=\"twitter:label2\" content=\"Dur\u00e9e de lecture estim\u00e9e\" \/>\n\t<meta name=\"twitter:data2\" content=\"6 minutes\" \/>\n<script type=\"application\/ld+json\" class=\"yoast-schema-graph\">{\"@context\":\"https:\\\/\\\/schema.org\",\"@graph\":[{\"@type\":\"Article\",\"@id\":\"https:\\\/\\\/www.oracaoefe.com\\\/gratidao-como-praticar-a-gratidao-diariamente-e-transformar-sua-forma-de-enxergar-a-vida\\\/#article\",\"isPartOf\":{\"@id\":\"https:\\\/\\\/www.oracaoefe.com\\\/gratidao-como-praticar-a-gratidao-diariamente-e-transformar-sua-forma-de-enxergar-a-vida\\\/\"},\"author\":{\"name\":\"Maria\",\"@id\":\"https:\\\/\\\/www.oracaoefe.com\\\/#\\\/schema\\\/person\\\/27873f1e6043866689f5091b5139f23d\"},\"headline\":\"Gratid\u00e3o: como praticar a gratid\u00e3o diariamente e transformar sua forma de enxergar a vida\",\"datePublished\":\"2026-02-14T15:32:03+00:00\",\"mainEntityOfPage\":{\"@id\":\"https:\\\/\\\/www.oracaoefe.com\\\/gratidao-como-praticar-a-gratidao-diariamente-e-transformar-sua-forma-de-enxergar-a-vida\\\/\"},\"wordCount\":1185,\"image\":{\"@id\":\"https:\\\/\\\/www.oracaoefe.com\\\/gratidao-como-praticar-a-gratidao-diariamente-e-transformar-sua-forma-de-enxergar-a-vida\\\/#primaryimage\"},\"thumbnailUrl\":\"https:\\\/\\\/www.oracaoefe.com\\\/wp-content\\\/uploads\\\/2025\\\/12\\\/gratidao.webp\",\"articleSection\":[\"F\u00e9\"],\"inLanguage\":\"fr-FR\"},{\"@type\":\"WebPage\",\"@id\":\"https:\\\/\\\/www.oracaoefe.com\\\/gratidao-como-praticar-a-gratidao-diariamente-e-transformar-sua-forma-de-enxergar-a-vida\\\/\",\"url\":\"https:\\\/\\\/www.oracaoefe.com\\\/gratidao-como-praticar-a-gratidao-diariamente-e-transformar-sua-forma-de-enxergar-a-vida\\\/\",\"name\":\"Gratid\u00e3o: como praticar a gratid\u00e3o diariamente e transformar sua forma de enxergar a vida - Ora\u00e7\u00e3o e F\u00e9\",\"isPartOf\":{\"@id\":\"https:\\\/\\\/www.oracaoefe.com\\\/#website\"},\"primaryImageOfPage\":{\"@id\":\"https:\\\/\\\/www.oracaoefe.com\\\/gratidao-como-praticar-a-gratidao-diariamente-e-transformar-sua-forma-de-enxergar-a-vida\\\/#primaryimage\"},\"image\":{\"@id\":\"https:\\\/\\\/www.oracaoefe.com\\\/gratidao-como-praticar-a-gratidao-diariamente-e-transformar-sua-forma-de-enxergar-a-vida\\\/#primaryimage\"},\"thumbnailUrl\":\"https:\\\/\\\/www.oracaoefe.com\\\/wp-content\\\/uploads\\\/2025\\\/12\\\/gratidao.webp\",\"datePublished\":\"2026-02-14T15:32:03+00:00\",\"author\":{\"@id\":\"https:\\\/\\\/www.oracaoefe.com\\\/#\\\/schema\\\/person\\\/27873f1e6043866689f5091b5139f23d\"},\"description\":\"Deus tem pra voc\u00ea uma palavra de vida!\",\"breadcrumb\":{\"@id\":\"https:\\\/\\\/www.oracaoefe.com\\\/gratidao-como-praticar-a-gratidao-diariamente-e-transformar-sua-forma-de-enxergar-a-vida\\\/#breadcrumb\"},\"inLanguage\":\"fr-FR\",\"potentialAction\":[{\"@type\":\"ReadAction\",\"target\":[\"https:\\\/\\\/www.oracaoefe.com\\\/gratidao-como-praticar-a-gratidao-diariamente-e-transformar-sua-forma-de-enxergar-a-vida\\\/\"]}]},{\"@type\":\"ImageObject\",\"inLanguage\":\"fr-FR\",\"@id\":\"https:\\\/\\\/www.oracaoefe.com\\\/gratidao-como-praticar-a-gratidao-diariamente-e-transformar-sua-forma-de-enxergar-a-vida\\\/#primaryimage\",\"url\":\"https:\\\/\\\/www.oracaoefe.com\\\/wp-content\\\/uploads\\\/2025\\\/12\\\/gratidao.webp\",\"contentUrl\":\"https:\\\/\\\/www.oracaoefe.com\\\/wp-content\\\/uploads\\\/2025\\\/12\\\/gratidao.webp\",\"width\":1024,\"height\":1024},{\"@type\":\"BreadcrumbList\",\"@id\":\"https:\\\/\\\/www.oracaoefe.com\\\/gratidao-como-praticar-a-gratidao-diariamente-e-transformar-sua-forma-de-enxergar-a-vida\\\/#breadcrumb\",\"itemListElement\":[{\"@type\":\"ListItem\",\"position\":1,\"name\":\"Home\",\"item\":\"https:\\\/\\\/www.oracaoefe.com\\\/\"},{\"@type\":\"ListItem\",\"position\":2,\"name\":\"F\u00e9\",\"item\":\"https:\\\/\\\/www.oracaoefe.com\\\/es\\\/categoria\\\/fe\\\/\"},{\"@type\":\"ListItem\",\"position\":3,\"name\":\"Gratid\u00e3o: como praticar a gratid\u00e3o diariamente e transformar sua forma de enxergar a vida\"}]},{\"@type\":\"WebSite\",\"@id\":\"https:\\\/\\\/www.oracaoefe.com\\\/#website\",\"url\":\"https:\\\/\\\/www.oracaoefe.com\\\/\",\"name\":\"Ora\u00e7\u00e3o e F\u00e9\",\"description\":\"\",\"potentialAction\":[{\"@type\":\"SearchAction\",\"target\":{\"@type\":\"EntryPoint\",\"urlTemplate\":\"https:\\\/\\\/www.oracaoefe.com\\\/?s={search_term_string}\"},\"query-input\":{\"@type\":\"PropertyValueSpecification\",\"valueRequired\":true,\"valueName\":\"search_term_string\"}}],\"inLanguage\":\"fr-FR\"},{\"@type\":\"Person\",\"@id\":\"https:\\\/\\\/www.oracaoefe.com\\\/#\\\/schema\\\/person\\\/27873f1e6043866689f5091b5139f23d\",\"name\":\"Maria\",\"image\":{\"@type\":\"ImageObject\",\"inLanguage\":\"fr-FR\",\"@id\":\"https:\\\/\\\/secure.gravatar.com\\\/avatar\\\/4cac5ea56d40d599bd7348d330a83b1c84cd229296d1613cd1c7f6740561d0c9?s=96&d=mm&r=g\",\"url\":\"https:\\\/\\\/secure.gravatar.com\\\/avatar\\\/4cac5ea56d40d599bd7348d330a83b1c84cd229296d1613cd1c7f6740561d0c9?s=96&d=mm&r=g\",\"contentUrl\":\"https:\\\/\\\/secure.gravatar.com\\\/avatar\\\/4cac5ea56d40d599bd7348d330a83b1c84cd229296d1613cd1c7f6740561d0c9?s=96&d=mm&r=g\",\"caption\":\"Maria\"},\"description\":\"Meu nome \u00e9 Maria e sou apaixonada por teologia, espiritualidade e estudos religiosos. H\u00e1 mais de 5 anos escrevo sobre o universo da f\u00e9, pesquisando diferentes religi\u00f5es, doutrinas, tradi\u00e7\u00f5es espirituais e curiosidades religiosas ao redor do mundo. Tenho grande interesse em compreender como a f\u00e9 e a religiosidade se manifestam em diferentes culturas, pa\u00edses e idiomas, sempre buscando aprender mais sobre os costumes, cren\u00e7as e hist\u00f3rias que influenciam milh\u00f5es de pessoas diariamente. Atualmente, atuo como redatora no portal Ora\u00e7\u00e3o e F\u00e9, onde compartilho conte\u00fados informativos, reflexivos e inspiradores voltados ao universo religioso e espiritual. Meu objetivo \u00e9 levar conhecimento, curiosidades e mensagens enriquecedoras para leitores que desejam aprofundar sua compreens\u00e3o sobre f\u00e9, religi\u00e3o e espiritualidade no mundo moderno.\",\"sameAs\":[\"https:\\\/\\\/www.oracaoefe.com\"],\"url\":\"https:\\\/\\\/www.oracaoefe.com\\\/fr\\\/author\\\/admin\\\/\"}]}<\/script>\n<!-- \/ Yoast SEO plugin. -->","yoast_head_json":{"title":"Gratid\u00e3o: como praticar a gratid\u00e3o diariamente e transformar sua forma de enxergar a vida - Ora\u00e7\u00e3o e F\u00e9","description":"Dieu a une parole de vie pour vous !","robots":{"index":"index","follow":"follow","max-snippet":"max-snippet:-1","max-image-preview":"max-image-preview:large","max-video-preview":"max-video-preview:-1"},"canonical":"https:\/\/www.oracaoefe.com\/fr\/gratidao-como-praticar-a-gratidao-diariamente-e-transformar-sua-forma-de-enxergar-a-vida\/","og_locale":"fr_FR","og_type":"article","og_title":"Gratid\u00e3o: como praticar a gratid\u00e3o diariamente e transformar sua forma de enxergar a vida - Ora\u00e7\u00e3o e F\u00e9","og_description":"Deus tem pra voc\u00ea uma palavra de vida!","og_url":"https:\/\/www.oracaoefe.com\/fr\/gratidao-como-praticar-a-gratidao-diariamente-e-transformar-sua-forma-de-enxergar-a-vida\/","og_site_name":"Ora\u00e7\u00e3o e F\u00e9","article_published_time":"2026-02-14T15:32:03+00:00","og_image":[{"width":1024,"height":1024,"url":"https:\/\/www.oracaoefe.com\/wp-content\/uploads\/2025\/12\/gratidao.webp","type":"image\/webp"}],"author":"Maria","twitter_card":"summary_large_image","twitter_misc":{"\u00c9crit par":"Maria","Dur\u00e9e de lecture estim\u00e9e":"6 minutes"},"schema":{"@context":"https:\/\/schema.org","@graph":[{"@type":"Article","@id":"https:\/\/www.oracaoefe.com\/gratidao-como-praticar-a-gratidao-diariamente-e-transformar-sua-forma-de-enxergar-a-vida\/#article","isPartOf":{"@id":"https:\/\/www.oracaoefe.com\/gratidao-como-praticar-a-gratidao-diariamente-e-transformar-sua-forma-de-enxergar-a-vida\/"},"author":{"name":"Maria","@id":"https:\/\/www.oracaoefe.com\/#\/schema\/person\/27873f1e6043866689f5091b5139f23d"},"headline":"Gratid\u00e3o: como praticar a gratid\u00e3o diariamente e transformar sua forma de enxergar a vida","datePublished":"2026-02-14T15:32:03+00:00","mainEntityOfPage":{"@id":"https:\/\/www.oracaoefe.com\/gratidao-como-praticar-a-gratidao-diariamente-e-transformar-sua-forma-de-enxergar-a-vida\/"},"wordCount":1185,"image":{"@id":"https:\/\/www.oracaoefe.com\/gratidao-como-praticar-a-gratidao-diariamente-e-transformar-sua-forma-de-enxergar-a-vida\/#primaryimage"},"thumbnailUrl":"https:\/\/www.oracaoefe.com\/wp-content\/uploads\/2025\/12\/gratidao.webp","articleSection":["F\u00e9"],"inLanguage":"fr-FR"},{"@type":"WebPage","@id":"https:\/\/www.oracaoefe.com\/gratidao-como-praticar-a-gratidao-diariamente-e-transformar-sua-forma-de-enxergar-a-vida\/","url":"https:\/\/www.oracaoefe.com\/gratidao-como-praticar-a-gratidao-diariamente-e-transformar-sua-forma-de-enxergar-a-vida\/","name":"Gratid\u00e3o: como praticar a gratid\u00e3o diariamente e transformar sua forma de enxergar a vida - Ora\u00e7\u00e3o e F\u00e9","isPartOf":{"@id":"https:\/\/www.oracaoefe.com\/#website"},"primaryImageOfPage":{"@id":"https:\/\/www.oracaoefe.com\/gratidao-como-praticar-a-gratidao-diariamente-e-transformar-sua-forma-de-enxergar-a-vida\/#primaryimage"},"image":{"@id":"https:\/\/www.oracaoefe.com\/gratidao-como-praticar-a-gratidao-diariamente-e-transformar-sua-forma-de-enxergar-a-vida\/#primaryimage"},"thumbnailUrl":"https:\/\/www.oracaoefe.com\/wp-content\/uploads\/2025\/12\/gratidao.webp","datePublished":"2026-02-14T15:32:03+00:00","author":{"@id":"https:\/\/www.oracaoefe.com\/#\/schema\/person\/27873f1e6043866689f5091b5139f23d"},"description":"Dieu a une parole de vie pour vous !","breadcrumb":{"@id":"https:\/\/www.oracaoefe.com\/gratidao-como-praticar-a-gratidao-diariamente-e-transformar-sua-forma-de-enxergar-a-vida\/#breadcrumb"},"inLanguage":"fr-FR","potentialAction":[{"@type":"ReadAction","target":["https:\/\/www.oracaoefe.com\/gratidao-como-praticar-a-gratidao-diariamente-e-transformar-sua-forma-de-enxergar-a-vida\/"]}]},{"@type":"ImageObject","inLanguage":"fr-FR","@id":"https:\/\/www.oracaoefe.com\/gratidao-como-praticar-a-gratidao-diariamente-e-transformar-sua-forma-de-enxergar-a-vida\/#primaryimage","url":"https:\/\/www.oracaoefe.com\/wp-content\/uploads\/2025\/12\/gratidao.webp","contentUrl":"https:\/\/www.oracaoefe.com\/wp-content\/uploads\/2025\/12\/gratidao.webp","width":1024,"height":1024},{"@type":"BreadcrumbList","@id":"https:\/\/www.oracaoefe.com\/gratidao-como-praticar-a-gratidao-diariamente-e-transformar-sua-forma-de-enxergar-a-vida\/#breadcrumb","itemListElement":[{"@type":"ListItem","position":1,"name":"Home","item":"https:\/\/www.oracaoefe.com\/"},{"@type":"ListItem","position":2,"name":"F\u00e9","item":"https:\/\/www.oracaoefe.com\/es\/categoria\/fe\/"},{"@type":"ListItem","position":3,"name":"Gratid\u00e3o: como praticar a gratid\u00e3o diariamente e transformar sua forma de enxergar a vida"}]},{"@type":"WebSite","@id":"https:\/\/www.oracaoefe.com\/#website","url":"https:\/\/www.oracaoefe.com\/","name":"Pri\u00e8re et foi","description":"","potentialAction":[{"@type":"SearchAction","target":{"@type":"EntryPoint","urlTemplate":"https:\/\/www.oracaoefe.com\/?s={search_term_string}"},"query-input":{"@type":"PropertyValueSpecification","valueRequired":true,"valueName":"search_term_string"}}],"inLanguage":"fr-FR"},{"@type":"Person","@id":"https:\/\/www.oracaoefe.com\/#\/schema\/person\/27873f1e6043866689f5091b5139f23d","name":"Maria","image":{"@type":"ImageObject","inLanguage":"fr-FR","@id":"https:\/\/secure.gravatar.com\/avatar\/4cac5ea56d40d599bd7348d330a83b1c84cd229296d1613cd1c7f6740561d0c9?s=96&d=mm&r=g","url":"https:\/\/secure.gravatar.com\/avatar\/4cac5ea56d40d599bd7348d330a83b1c84cd229296d1613cd1c7f6740561d0c9?s=96&d=mm&r=g","contentUrl":"https:\/\/secure.gravatar.com\/avatar\/4cac5ea56d40d599bd7348d330a83b1c84cd229296d1613cd1c7f6740561d0c9?s=96&d=mm&r=g","caption":"Maria"},"description":"Meu nome \u00e9 Maria e sou apaixonada por teologia, espiritualidade e estudos religiosos. H\u00e1 mais de 5 anos escrevo sobre o universo da f\u00e9, pesquisando diferentes religi\u00f5es, doutrinas, tradi\u00e7\u00f5es espirituais e curiosidades religiosas ao redor do mundo. Tenho grande interesse em compreender como a f\u00e9 e a religiosidade se manifestam em diferentes culturas, pa\u00edses e idiomas, sempre buscando aprender mais sobre os costumes, cren\u00e7as e hist\u00f3rias que influenciam milh\u00f5es de pessoas diariamente. Atualmente, atuo como redatora no portal Ora\u00e7\u00e3o e F\u00e9, onde compartilho conte\u00fados informativos, reflexivos e inspiradores voltados ao universo religioso e espiritual. Meu objetivo \u00e9 levar conhecimento, curiosidades e mensagens enriquecedoras para leitores que desejam aprofundar sua compreens\u00e3o sobre f\u00e9, religi\u00e3o e espiritualidade no mundo moderno.","sameAs":["https:\/\/www.oracaoefe.com"],"url":"https:\/\/www.oracaoefe.com\/fr\/author\/admin\/"}]}},"_links":{"self":[{"href":"https:\/\/www.oracaoefe.com\/fr\/wp-json\/wp\/v2\/posts\/3876","targetHints":{"allow":["GET"]}}],"collection":[{"href":"https:\/\/www.oracaoefe.com\/fr\/wp-json\/wp\/v2\/posts"}],"about":[{"href":"https:\/\/www.oracaoefe.com\/fr\/wp-json\/wp\/v2\/types\/post"}],"author":[{"embeddable":true,"href":"https:\/\/www.oracaoefe.com\/fr\/wp-json\/wp\/v2\/users\/1"}],"replies":[{"embeddable":true,"href":"https:\/\/www.oracaoefe.com\/fr\/wp-json\/wp\/v2\/comments?post=3876"}],"version-history":[{"count":1,"href":"https:\/\/www.oracaoefe.com\/fr\/wp-json\/wp\/v2\/posts\/3876\/revisions"}],"predecessor-version":[{"id":3878,"href":"https:\/\/www.oracaoefe.com\/fr\/wp-json\/wp\/v2\/posts\/3876\/revisions\/3878"}],"wp:featuredmedia":[{"embeddable":true,"href":"https:\/\/www.oracaoefe.com\/fr\/wp-json\/wp\/v2\/media\/3877"}],"wp:attachment":[{"href":"https:\/\/www.oracaoefe.com\/fr\/wp-json\/wp\/v2\/media?parent=3876"}],"wp:term":[{"taxonomy":"category","embeddable":true,"href":"https:\/\/www.oracaoefe.com\/fr\/wp-json\/wp\/v2\/categories?post=3876"},{"taxonomy":"post_tag","embeddable":true,"href":"https:\/\/www.oracaoefe.com\/fr\/wp-json\/wp\/v2\/tags?post=3876"}],"curies":[{"name":"wp","href":"https:\/\/api.w.org\/{rel}","templated":true}]}}