{"id":3873,"date":"2026-01-10T12:30:34","date_gmt":"2026-01-10T15:30:34","guid":{"rendered":"https:\/\/www.oracaoefe.com\/?p=3873"},"modified":"2025-12-16T13:10:11","modified_gmt":"2025-12-16T16:10:11","slug":"esperanca-o-que-e-por-que-ela-sustenta-a-mente-e-como-manter-a-esperanca-viva-mesmo-nos-dias-dificeis","status":"publish","type":"post","link":"https:\/\/www.oracaoefe.com\/fr\/esperanca-o-que-e-por-que-ela-sustenta-a-mente-e-como-manter-a-esperanca-viva-mesmo-nos-dias-dificeis\/","title":{"rendered":"Esperan\u00e7a: o que \u00e9, por que ela sustenta a mente e como manter a esperan\u00e7a viva mesmo nos dias dif\u00edceis"},"content":{"rendered":"<p class=\"wp-block-paragraph\">A esperan\u00e7a \u00e9 uma das for\u00e7as emocionais mais subestimadas da vida humana. Muita gente confunde esperan\u00e7a com ilus\u00e3o ou pensamento positivo vazio, mas a verdade \u00e9 que ela funciona como um pilar psicol\u00f3gico e emocional essencial para atravessar momentos dif\u00edceis. Quando tudo parece travado, confuso ou pesado, \u00e9 a esperan\u00e7a que impede a mente de desistir antes da hora.<\/p>\n\n\n\n<p class=\"wp-block-paragraph\">Ter esperan\u00e7a n\u00e3o significa negar a realidade nem fingir que est\u00e1 tudo bem quando n\u00e3o est\u00e1. Significa acreditar que a situa\u00e7\u00e3o atual n\u00e3o define o final da hist\u00f3ria. \u00c9 essa cren\u00e7a que mant\u00e9m as pessoas em movimento, mesmo quando n\u00e3o h\u00e1 garantias claras de sucesso. A esperan\u00e7a sustenta decis\u00f5es, protege a sa\u00fade mental e influencia diretamente a forma como lidamos com perdas, fracassos e incertezas.<\/p>\n\n\n\n<h2 class=\"wp-block-heading\">O que \u00e9 esperan\u00e7a de verdade<\/h2>\n\n\n\n<p class=\"wp-block-paragraph\">Esperan\u00e7a \u00e9 a expectativa consciente de que algo pode melhorar, mesmo sem provas imediatas. Diferente do otimismo ing\u00eanuo, ela nasce da compreens\u00e3o de que a vida \u00e9 din\u00e2mica e mut\u00e1vel. Nada \u00e9 permanente, nem o sofrimento, nem as dificuldades, nem os momentos de crise.<\/p>\n\n\n\n<p class=\"wp-block-paragraph\">A esperan\u00e7a n\u00e3o exige certeza absoluta. Ela existe mesmo quando h\u00e1 d\u00favida. Esse \u00e9 o ponto-chave: a esperan\u00e7a n\u00e3o depende de controle total, mas de abertura para possibilidades. \u00c9 exatamente isso que a torna t\u00e3o poderosa, porque permite continuar avan\u00e7ando mesmo quando o cen\u00e1rio n\u00e3o \u00e9 favor\u00e1vel.<\/p>\n\n\n\n<p class=\"wp-block-paragraph\">Pessoas que perdem a esperan\u00e7a tendem a entrar em estados de apatia, des\u00e2nimo profundo e paralisia emocional. J\u00e1 aquelas que mant\u00eam algum n\u00edvel de esperan\u00e7a conseguem preservar energia mental para agir, pensar e reagir de forma mais equilibrada.<\/p>\n\n\n\n<h2 class=\"wp-block-heading\">A import\u00e2ncia da esperan\u00e7a para a sa\u00fade emocional<\/h2>\n\n\n\n<p class=\"wp-block-paragraph\">A esperan\u00e7a tem impacto direto na sa\u00fade emocional e psicol\u00f3gica. Estudos mostram que pessoas esperan\u00e7osas lidam melhor com estresse, ansiedade e situa\u00e7\u00f5es traum\u00e1ticas. Isso acontece porque a esperan\u00e7a funciona como um amortecedor emocional, reduzindo a sensa\u00e7\u00e3o de desamparo.<\/p>\n\n\n\n<p class=\"wp-block-paragraph\">Quando algu\u00e9m acredita que existe uma sa\u00edda, o c\u00e9rebro entra em modo de busca por solu\u00e7\u00f5es, em vez de entrar em colapso. A esperan\u00e7a ativa \u00e1reas ligadas \u00e0 motiva\u00e7\u00e3o, planejamento e resili\u00eancia. Sem ela, o c\u00e9rebro tende a focar apenas no problema, ampliando o sofrimento.<\/p>\n\n\n\n<p class=\"wp-block-paragraph\">Al\u00e9m disso, a esperan\u00e7a ajuda a regular emo\u00e7\u00f5es negativas. Ela n\u00e3o elimina tristeza, frustra\u00e7\u00e3o ou medo, mas impede que essas emo\u00e7\u00f5es dominem completamente a mente. \u00c9 como uma luz fraca no fim do t\u00fanel: n\u00e3o resolve tudo, mas evita que a pessoa se perca na escurid\u00e3o.<\/p>\n\n\n\n<h2 class=\"wp-block-heading\">Esperan\u00e7a n\u00e3o \u00e9 passividade<\/h2>\n\n\n\n<p class=\"wp-block-paragraph\">Um erro comum \u00e9 achar que quem tem esperan\u00e7a fica parado esperando as coisas mudarem sozinhas. Na pr\u00e1tica, acontece o contr\u00e1rio. A esperan\u00e7a verdadeira impulsiona a a\u00e7\u00e3o. Ela d\u00e1 for\u00e7a para tentar de novo, ajustar rotas e continuar mesmo depois de falhar.<\/p>\n\n\n\n<p class=\"wp-block-paragraph\">Sem esperan\u00e7a, a a\u00e7\u00e3o perde sentido. Com esperan\u00e7a, mesmo pequenos passos parecem v\u00e1lidos. \u00c9 por isso que pessoas esperan\u00e7osas tendem a ser mais persistentes e menos propensas a desistir diante do primeiro obst\u00e1culo.<\/p>\n\n\n\n<p class=\"wp-block-paragraph\">A esperan\u00e7a funciona como combust\u00edvel emocional. Ela n\u00e3o garante resultados, mas aumenta drasticamente a chance de continuar tentando at\u00e9 que algo mude.<\/p>\n\n\n\n<h2 class=\"wp-block-heading\">Como a esperan\u00e7a se manifesta no dia a dia<\/h2>\n\n\n\n<p class=\"wp-block-paragraph\">No cotidiano, a esperan\u00e7a aparece em atitudes simples. Ela est\u00e1 presente quando algu\u00e9m acorda e decide tentar mais um dia, mesmo cansado. Est\u00e1 na escolha de continuar estudando, trabalhando ou cuidando da sa\u00fade mesmo sem resultados imediatos.<\/p>\n\n\n\n<p class=\"wp-block-paragraph\">A esperan\u00e7a tamb\u00e9m se manifesta na forma como interpretamos os acontecimentos. Quem tem esperan\u00e7a entende que um erro n\u00e3o define a identidade, que um fracasso n\u00e3o \u00e9 o fim e que uma fase ruim n\u00e3o \u00e9 uma senten\u00e7a permanente.<\/p>\n\n\n\n<p class=\"wp-block-paragraph\">Nos relacionamentos, a esperan\u00e7a permite di\u00e1logo, reconstru\u00e7\u00e3o e paci\u00eancia. Na vida profissional, sustenta a const\u00e2ncia. Na vida pessoal, protege a autoestima quando as coisas n\u00e3o saem como o esperado.<\/p>\n\n\n\n<h2 class=\"wp-block-heading\">O que destr\u00f3i a esperan\u00e7a<\/h2>\n\n\n\n<p class=\"wp-block-paragraph\">A esperan\u00e7a n\u00e3o costuma desaparecer de uma vez. Ela vai sendo corro\u00edda aos poucos por frustra\u00e7\u00f5es acumuladas, expectativas irreais e compara\u00e7\u00f5es constantes. Quando algu\u00e9m espera demais de pessoas, situa\u00e7\u00f5es ou resultados externos, cada decep\u00e7\u00e3o tira um peda\u00e7o da esperan\u00e7a.<\/p>\n\n\n\n<p class=\"wp-block-paragraph\">Outro fator que enfraquece a esperan\u00e7a \u00e9 o excesso de controle. Quanto mais a pessoa tenta controlar tudo, menos toler\u00e2ncia ela tem para o imprevisto. Como a vida \u00e9 imprevis\u00edvel, essa rigidez gera frustra\u00e7\u00e3o constante e, com o tempo, esgota a esperan\u00e7a.<\/p>\n\n\n\n<p class=\"wp-block-paragraph\">Ambientes negativos tamb\u00e9m t\u00eam grande influ\u00eancia. Conviver apenas com pessoas pessimistas, cr\u00edticas ou derrotistas mina lentamente a capacidade de acreditar em melhorias.<\/p>\n\n\n\n<h2 class=\"wp-block-heading\">Como fortalecer a esperan\u00e7a de forma pr\u00e1tica<\/h2>\n\n\n\n<p class=\"wp-block-paragraph\">Fortalecer a esperan\u00e7a exige pr\u00e1tica consciente. Um dos caminhos mais eficazes \u00e9 ajustar expectativas. Esperar progresso, e n\u00e3o perfei\u00e7\u00e3o, reduz frustra\u00e7\u00f5es e preserva a motiva\u00e7\u00e3o. Pequenos avan\u00e7os importam mais do que grandes promessas.<\/p>\n\n\n\n<p class=\"wp-block-paragraph\">Outro ponto essencial \u00e9 desenvolver flexibilidade mental. Entender que existem v\u00e1rios caminhos poss\u00edveis para um mesmo objetivo ajuda a manter a esperan\u00e7a viva mesmo quando o plano original n\u00e3o funciona.<\/p>\n\n\n\n<p class=\"wp-block-paragraph\">A constru\u00e7\u00e3o de rotinas tamb\u00e9m fortalece a esperan\u00e7a. Quando a pessoa cria h\u00e1bitos m\u00ednimos de cuidado consigo mesma, como dormir melhor, se alimentar adequadamente e reservar momentos de pausa, o corpo e a mente respondem com mais estabilidade emocional.<\/p>\n\n\n\n<h2 class=\"wp-block-heading\">Esperan\u00e7a e prop\u00f3sito de vida<\/h2>\n\n\n\n<p class=\"wp-block-paragraph\">A esperan\u00e7a se conecta diretamente com o prop\u00f3sito. Quem tem um motivo para seguir em frente suporta melhor as dificuldades do caminho. O prop\u00f3sito n\u00e3o precisa ser algo grandioso; pode ser simples, como cuidar de algu\u00e9m, evoluir pessoalmente ou construir algo aos poucos.<\/p>\n\n\n\n<p class=\"wp-block-paragraph\">Quando o prop\u00f3sito est\u00e1 claro, a esperan\u00e7a encontra onde se apoiar. Mesmo em fases de estagna\u00e7\u00e3o, a pessoa entende que aquele momento faz parte de um processo maior. Isso reduz o desespero e aumenta a paci\u00eancia.<\/p>\n\n\n\n<p class=\"wp-block-paragraph\">A aus\u00eancia de prop\u00f3sito, por outro lado, torna a esperan\u00e7a fr\u00e1gil. Sem um \u201cporqu\u00ea\u201d, qualquer dificuldade parece grande demais.<\/p>\n\n\n\n<h2 class=\"wp-block-heading\">A esperan\u00e7a como escolha di\u00e1ria<\/h2>\n\n\n\n<p class=\"wp-block-paragraph\">Esperan\u00e7a n\u00e3o \u00e9 um estado permanente; \u00e9 uma escolha di\u00e1ria. Em alguns dias, ela surge naturalmente. Em outros, precisa ser cultivada conscientemente. Escolher esperan\u00e7a n\u00e3o significa ignorar a dor, mas decidir n\u00e3o deixar que ela seja a \u00fanica narrativa poss\u00edvel.<\/p>\n\n\n\n<p class=\"wp-block-paragraph\">Essa escolha se reflete nos pensamentos que a pessoa alimenta, nas conversas que mant\u00e9m e nas decis\u00f5es que toma. Aos poucos, essa postura cria um ciclo positivo: mais esperan\u00e7a gera mais a\u00e7\u00e3o, que gera mais possibilidades, que refor\u00e7am a esperan\u00e7a.<\/p>\n\n\n\n<h2 class=\"wp-block-heading\">Conclus\u00e3o: por que a esperan\u00e7a muda tudo<\/h2>\n\n\n\n<p class=\"wp-block-paragraph\">A esperan\u00e7a n\u00e3o promete caminhos f\u00e1ceis, mas garante que o caminho continue existindo. Ela sustenta a mente, fortalece o emocional e impede que a pessoa se entregue ao des\u00e2nimo absoluto. Em um mundo cheio de incertezas, a esperan\u00e7a \u00e9 uma das ferramentas mais poderosas para seguir em frente com dignidade e for\u00e7a.<\/p>\n\n\n\n<p class=\"wp-block-paragraph\">Manter a esperan\u00e7a viva \u00e9 um ato de coragem. \u00c9 confiar que, mesmo sem ver claramente o pr\u00f3ximo passo, vale a pena continuar andando. E, muitas vezes, \u00e9 exatamente essa escolha que muda tudo.<\/p>","protected":false},"excerpt":{"rendered":"<p>A esperan\u00e7a \u00e9 uma das for\u00e7as emocionais mais subestimadas da vida humana. Muita gente confunde esperan\u00e7a com ilus\u00e3o ou pensamento positivo vazio, mas a verdade \u00e9 que ela funciona como um pilar psicol\u00f3gico e emocional essencial para atravessar momentos dif\u00edceis. Quando tudo parece travado, confuso ou pesado, \u00e9 a esperan\u00e7a que impede a mente de&hellip;&nbsp;<\/p>","protected":false},"author":1,"featured_media":3874,"comment_status":"closed","ping_status":"closed","sticky":false,"template":"","format":"standard","meta":{"neve_meta_sidebar":"","neve_meta_container":"","neve_meta_enable_content_width":"","neve_meta_content_width":0,"neve_meta_title_alignment":"","neve_meta_author_avatar":"","neve_post_elements_order":"","neve_meta_disable_header":"","neve_meta_disable_footer":"","neve_meta_disable_title":"","footnotes":""},"categories":[3],"tags":[],"class_list":["post-3873","post","type-post","status-publish","format-standard","has-post-thumbnail","hentry","category-fe"],"yoast_head":"<!-- This site is optimized with the Yoast SEO plugin v28.4 - https:\/\/yoast.com\/product\/yoast-seo-wordpress\/ -->\n<title>Esperan\u00e7a: o que \u00e9, por que ela sustenta a mente e como manter a esperan\u00e7a viva mesmo nos dias dif\u00edceis - Ora\u00e7\u00e3o e F\u00e9<\/title>\n<meta name=\"description\" content=\"Deus tem pra voc\u00ea uma palavra de vida!\" \/>\n<meta name=\"robots\" content=\"index, follow, max-snippet:-1, max-image-preview:large, max-video-preview:-1\" \/>\n<link rel=\"canonical\" href=\"https:\/\/www.oracaoefe.com\/fr\/esperanca-o-que-e-por-que-ela-sustenta-a-mente-e-como-manter-a-esperanca-viva-mesmo-nos-dias-dificeis\/\" \/>\n<meta property=\"og:locale\" content=\"fr_FR\" \/>\n<meta property=\"og:type\" content=\"article\" \/>\n<meta property=\"og:title\" content=\"Esperan\u00e7a: o que \u00e9, por que ela sustenta a mente e como manter a esperan\u00e7a viva mesmo nos dias dif\u00edceis - Ora\u00e7\u00e3o e F\u00e9\" \/>\n<meta property=\"og:description\" content=\"Deus tem pra voc\u00ea uma palavra de vida!\" \/>\n<meta property=\"og:url\" content=\"https:\/\/www.oracaoefe.com\/fr\/esperanca-o-que-e-por-que-ela-sustenta-a-mente-e-como-manter-a-esperanca-viva-mesmo-nos-dias-dificeis\/\" \/>\n<meta property=\"og:site_name\" content=\"Ora\u00e7\u00e3o e F\u00e9\" \/>\n<meta property=\"article:published_time\" content=\"2026-01-10T15:30:34+00:00\" \/>\n<meta property=\"og:image\" content=\"https:\/\/www.oracaoefe.com\/wp-content\/uploads\/2025\/12\/esperanca.webp\" \/>\n\t<meta property=\"og:image:width\" content=\"1024\" \/>\n\t<meta property=\"og:image:height\" content=\"1024\" \/>\n\t<meta property=\"og:image:type\" content=\"image\/webp\" \/>\n<meta name=\"author\" content=\"Maria\" \/>\n<meta name=\"twitter:card\" content=\"summary_large_image\" \/>\n<meta name=\"twitter:label1\" content=\"\u00c9crit par\" \/>\n\t<meta name=\"twitter:data1\" content=\"Maria\" \/>\n\t<meta name=\"twitter:label2\" content=\"Dur\u00e9e de lecture estim\u00e9e\" \/>\n\t<meta name=\"twitter:data2\" content=\"6 minutes\" \/>\n<script type=\"application\/ld+json\" class=\"yoast-schema-graph\">{\"@context\":\"https:\\\/\\\/schema.org\",\"@graph\":[{\"@type\":\"Article\",\"@id\":\"https:\\\/\\\/www.oracaoefe.com\\\/esperanca-o-que-e-por-que-ela-sustenta-a-mente-e-como-manter-a-esperanca-viva-mesmo-nos-dias-dificeis\\\/#article\",\"isPartOf\":{\"@id\":\"https:\\\/\\\/www.oracaoefe.com\\\/esperanca-o-que-e-por-que-ela-sustenta-a-mente-e-como-manter-a-esperanca-viva-mesmo-nos-dias-dificeis\\\/\"},\"author\":{\"name\":\"Maria\",\"@id\":\"https:\\\/\\\/www.oracaoefe.com\\\/#\\\/schema\\\/person\\\/27873f1e6043866689f5091b5139f23d\"},\"headline\":\"Esperan\u00e7a: o que \u00e9, por que ela sustenta a mente e como manter a esperan\u00e7a viva mesmo nos dias dif\u00edceis\",\"datePublished\":\"2026-01-10T15:30:34+00:00\",\"mainEntityOfPage\":{\"@id\":\"https:\\\/\\\/www.oracaoefe.com\\\/esperanca-o-que-e-por-que-ela-sustenta-a-mente-e-como-manter-a-esperanca-viva-mesmo-nos-dias-dificeis\\\/\"},\"wordCount\":1284,\"image\":{\"@id\":\"https:\\\/\\\/www.oracaoefe.com\\\/esperanca-o-que-e-por-que-ela-sustenta-a-mente-e-como-manter-a-esperanca-viva-mesmo-nos-dias-dificeis\\\/#primaryimage\"},\"thumbnailUrl\":\"https:\\\/\\\/www.oracaoefe.com\\\/wp-content\\\/uploads\\\/2025\\\/12\\\/esperanca.webp\",\"articleSection\":[\"F\u00e9\"],\"inLanguage\":\"fr-FR\"},{\"@type\":\"WebPage\",\"@id\":\"https:\\\/\\\/www.oracaoefe.com\\\/esperanca-o-que-e-por-que-ela-sustenta-a-mente-e-como-manter-a-esperanca-viva-mesmo-nos-dias-dificeis\\\/\",\"url\":\"https:\\\/\\\/www.oracaoefe.com\\\/esperanca-o-que-e-por-que-ela-sustenta-a-mente-e-como-manter-a-esperanca-viva-mesmo-nos-dias-dificeis\\\/\",\"name\":\"Esperan\u00e7a: o que \u00e9, por que ela sustenta a mente e como manter a esperan\u00e7a viva mesmo nos dias dif\u00edceis - Ora\u00e7\u00e3o e F\u00e9\",\"isPartOf\":{\"@id\":\"https:\\\/\\\/www.oracaoefe.com\\\/#website\"},\"primaryImageOfPage\":{\"@id\":\"https:\\\/\\\/www.oracaoefe.com\\\/esperanca-o-que-e-por-que-ela-sustenta-a-mente-e-como-manter-a-esperanca-viva-mesmo-nos-dias-dificeis\\\/#primaryimage\"},\"image\":{\"@id\":\"https:\\\/\\\/www.oracaoefe.com\\\/esperanca-o-que-e-por-que-ela-sustenta-a-mente-e-como-manter-a-esperanca-viva-mesmo-nos-dias-dificeis\\\/#primaryimage\"},\"thumbnailUrl\":\"https:\\\/\\\/www.oracaoefe.com\\\/wp-content\\\/uploads\\\/2025\\\/12\\\/esperanca.webp\",\"datePublished\":\"2026-01-10T15:30:34+00:00\",\"author\":{\"@id\":\"https:\\\/\\\/www.oracaoefe.com\\\/#\\\/schema\\\/person\\\/27873f1e6043866689f5091b5139f23d\"},\"description\":\"Deus tem pra voc\u00ea uma palavra de vida!\",\"breadcrumb\":{\"@id\":\"https:\\\/\\\/www.oracaoefe.com\\\/esperanca-o-que-e-por-que-ela-sustenta-a-mente-e-como-manter-a-esperanca-viva-mesmo-nos-dias-dificeis\\\/#breadcrumb\"},\"inLanguage\":\"fr-FR\",\"potentialAction\":[{\"@type\":\"ReadAction\",\"target\":[\"https:\\\/\\\/www.oracaoefe.com\\\/esperanca-o-que-e-por-que-ela-sustenta-a-mente-e-como-manter-a-esperanca-viva-mesmo-nos-dias-dificeis\\\/\"]}]},{\"@type\":\"ImageObject\",\"inLanguage\":\"fr-FR\",\"@id\":\"https:\\\/\\\/www.oracaoefe.com\\\/esperanca-o-que-e-por-que-ela-sustenta-a-mente-e-como-manter-a-esperanca-viva-mesmo-nos-dias-dificeis\\\/#primaryimage\",\"url\":\"https:\\\/\\\/www.oracaoefe.com\\\/wp-content\\\/uploads\\\/2025\\\/12\\\/esperanca.webp\",\"contentUrl\":\"https:\\\/\\\/www.oracaoefe.com\\\/wp-content\\\/uploads\\\/2025\\\/12\\\/esperanca.webp\",\"width\":1024,\"height\":1024},{\"@type\":\"BreadcrumbList\",\"@id\":\"https:\\\/\\\/www.oracaoefe.com\\\/esperanca-o-que-e-por-que-ela-sustenta-a-mente-e-como-manter-a-esperanca-viva-mesmo-nos-dias-dificeis\\\/#breadcrumb\",\"itemListElement\":[{\"@type\":\"ListItem\",\"position\":1,\"name\":\"Home\",\"item\":\"https:\\\/\\\/www.oracaoefe.com\\\/\"},{\"@type\":\"ListItem\",\"position\":2,\"name\":\"F\u00e9\",\"item\":\"https:\\\/\\\/www.oracaoefe.com\\\/es\\\/categoria\\\/fe\\\/\"},{\"@type\":\"ListItem\",\"position\":3,\"name\":\"Esperan\u00e7a: o que \u00e9, por que ela sustenta a mente e como manter a esperan\u00e7a viva mesmo nos dias dif\u00edceis\"}]},{\"@type\":\"WebSite\",\"@id\":\"https:\\\/\\\/www.oracaoefe.com\\\/#website\",\"url\":\"https:\\\/\\\/www.oracaoefe.com\\\/\",\"name\":\"Ora\u00e7\u00e3o e F\u00e9\",\"description\":\"\",\"potentialAction\":[{\"@type\":\"SearchAction\",\"target\":{\"@type\":\"EntryPoint\",\"urlTemplate\":\"https:\\\/\\\/www.oracaoefe.com\\\/?s={search_term_string}\"},\"query-input\":{\"@type\":\"PropertyValueSpecification\",\"valueRequired\":true,\"valueName\":\"search_term_string\"}}],\"inLanguage\":\"fr-FR\"},{\"@type\":\"Person\",\"@id\":\"https:\\\/\\\/www.oracaoefe.com\\\/#\\\/schema\\\/person\\\/27873f1e6043866689f5091b5139f23d\",\"name\":\"Maria\",\"image\":{\"@type\":\"ImageObject\",\"inLanguage\":\"fr-FR\",\"@id\":\"https:\\\/\\\/secure.gravatar.com\\\/avatar\\\/4cac5ea56d40d599bd7348d330a83b1c84cd229296d1613cd1c7f6740561d0c9?s=96&d=mm&r=g\",\"url\":\"https:\\\/\\\/secure.gravatar.com\\\/avatar\\\/4cac5ea56d40d599bd7348d330a83b1c84cd229296d1613cd1c7f6740561d0c9?s=96&d=mm&r=g\",\"contentUrl\":\"https:\\\/\\\/secure.gravatar.com\\\/avatar\\\/4cac5ea56d40d599bd7348d330a83b1c84cd229296d1613cd1c7f6740561d0c9?s=96&d=mm&r=g\",\"caption\":\"Maria\"},\"description\":\"Meu nome \u00e9 Maria e sou apaixonada por teologia, espiritualidade e estudos religiosos. H\u00e1 mais de 5 anos escrevo sobre o universo da f\u00e9, pesquisando diferentes religi\u00f5es, doutrinas, tradi\u00e7\u00f5es espirituais e curiosidades religiosas ao redor do mundo. Tenho grande interesse em compreender como a f\u00e9 e a religiosidade se manifestam em diferentes culturas, pa\u00edses e idiomas, sempre buscando aprender mais sobre os costumes, cren\u00e7as e hist\u00f3rias que influenciam milh\u00f5es de pessoas diariamente. Atualmente, atuo como redatora no portal Ora\u00e7\u00e3o e F\u00e9, onde compartilho conte\u00fados informativos, reflexivos e inspiradores voltados ao universo religioso e espiritual. Meu objetivo \u00e9 levar conhecimento, curiosidades e mensagens enriquecedoras para leitores que desejam aprofundar sua compreens\u00e3o sobre f\u00e9, religi\u00e3o e espiritualidade no mundo moderno.\",\"sameAs\":[\"https:\\\/\\\/www.oracaoefe.com\"],\"url\":\"https:\\\/\\\/www.oracaoefe.com\\\/fr\\\/author\\\/admin\\\/\"}]}<\/script>\n<!-- \/ Yoast SEO plugin. -->","yoast_head_json":{"title":"Esperan\u00e7a: o que \u00e9, por que ela sustenta a mente e como manter a esperan\u00e7a viva mesmo nos dias dif\u00edceis - Ora\u00e7\u00e3o e F\u00e9","description":"Dieu a une parole de vie pour vous !","robots":{"index":"index","follow":"follow","max-snippet":"max-snippet:-1","max-image-preview":"max-image-preview:large","max-video-preview":"max-video-preview:-1"},"canonical":"https:\/\/www.oracaoefe.com\/fr\/esperanca-o-que-e-por-que-ela-sustenta-a-mente-e-como-manter-a-esperanca-viva-mesmo-nos-dias-dificeis\/","og_locale":"fr_FR","og_type":"article","og_title":"Esperan\u00e7a: o que \u00e9, por que ela sustenta a mente e como manter a esperan\u00e7a viva mesmo nos dias dif\u00edceis - Ora\u00e7\u00e3o e F\u00e9","og_description":"Deus tem pra voc\u00ea uma palavra de vida!","og_url":"https:\/\/www.oracaoefe.com\/fr\/esperanca-o-que-e-por-que-ela-sustenta-a-mente-e-como-manter-a-esperanca-viva-mesmo-nos-dias-dificeis\/","og_site_name":"Ora\u00e7\u00e3o e F\u00e9","article_published_time":"2026-01-10T15:30:34+00:00","og_image":[{"width":1024,"height":1024,"url":"https:\/\/www.oracaoefe.com\/wp-content\/uploads\/2025\/12\/esperanca.webp","type":"image\/webp"}],"author":"Maria","twitter_card":"summary_large_image","twitter_misc":{"\u00c9crit par":"Maria","Dur\u00e9e de lecture estim\u00e9e":"6 minutes"},"schema":{"@context":"https:\/\/schema.org","@graph":[{"@type":"Article","@id":"https:\/\/www.oracaoefe.com\/esperanca-o-que-e-por-que-ela-sustenta-a-mente-e-como-manter-a-esperanca-viva-mesmo-nos-dias-dificeis\/#article","isPartOf":{"@id":"https:\/\/www.oracaoefe.com\/esperanca-o-que-e-por-que-ela-sustenta-a-mente-e-como-manter-a-esperanca-viva-mesmo-nos-dias-dificeis\/"},"author":{"name":"Maria","@id":"https:\/\/www.oracaoefe.com\/#\/schema\/person\/27873f1e6043866689f5091b5139f23d"},"headline":"Esperan\u00e7a: o que \u00e9, por que ela sustenta a mente e como manter a esperan\u00e7a viva mesmo nos dias dif\u00edceis","datePublished":"2026-01-10T15:30:34+00:00","mainEntityOfPage":{"@id":"https:\/\/www.oracaoefe.com\/esperanca-o-que-e-por-que-ela-sustenta-a-mente-e-como-manter-a-esperanca-viva-mesmo-nos-dias-dificeis\/"},"wordCount":1284,"image":{"@id":"https:\/\/www.oracaoefe.com\/esperanca-o-que-e-por-que-ela-sustenta-a-mente-e-como-manter-a-esperanca-viva-mesmo-nos-dias-dificeis\/#primaryimage"},"thumbnailUrl":"https:\/\/www.oracaoefe.com\/wp-content\/uploads\/2025\/12\/esperanca.webp","articleSection":["F\u00e9"],"inLanguage":"fr-FR"},{"@type":"WebPage","@id":"https:\/\/www.oracaoefe.com\/esperanca-o-que-e-por-que-ela-sustenta-a-mente-e-como-manter-a-esperanca-viva-mesmo-nos-dias-dificeis\/","url":"https:\/\/www.oracaoefe.com\/esperanca-o-que-e-por-que-ela-sustenta-a-mente-e-como-manter-a-esperanca-viva-mesmo-nos-dias-dificeis\/","name":"Esperan\u00e7a: o que \u00e9, por que ela sustenta a mente e como manter a esperan\u00e7a viva mesmo nos dias dif\u00edceis - Ora\u00e7\u00e3o e F\u00e9","isPartOf":{"@id":"https:\/\/www.oracaoefe.com\/#website"},"primaryImageOfPage":{"@id":"https:\/\/www.oracaoefe.com\/esperanca-o-que-e-por-que-ela-sustenta-a-mente-e-como-manter-a-esperanca-viva-mesmo-nos-dias-dificeis\/#primaryimage"},"image":{"@id":"https:\/\/www.oracaoefe.com\/esperanca-o-que-e-por-que-ela-sustenta-a-mente-e-como-manter-a-esperanca-viva-mesmo-nos-dias-dificeis\/#primaryimage"},"thumbnailUrl":"https:\/\/www.oracaoefe.com\/wp-content\/uploads\/2025\/12\/esperanca.webp","datePublished":"2026-01-10T15:30:34+00:00","author":{"@id":"https:\/\/www.oracaoefe.com\/#\/schema\/person\/27873f1e6043866689f5091b5139f23d"},"description":"Dieu a une parole de vie pour vous !","breadcrumb":{"@id":"https:\/\/www.oracaoefe.com\/esperanca-o-que-e-por-que-ela-sustenta-a-mente-e-como-manter-a-esperanca-viva-mesmo-nos-dias-dificeis\/#breadcrumb"},"inLanguage":"fr-FR","potentialAction":[{"@type":"ReadAction","target":["https:\/\/www.oracaoefe.com\/esperanca-o-que-e-por-que-ela-sustenta-a-mente-e-como-manter-a-esperanca-viva-mesmo-nos-dias-dificeis\/"]}]},{"@type":"ImageObject","inLanguage":"fr-FR","@id":"https:\/\/www.oracaoefe.com\/esperanca-o-que-e-por-que-ela-sustenta-a-mente-e-como-manter-a-esperanca-viva-mesmo-nos-dias-dificeis\/#primaryimage","url":"https:\/\/www.oracaoefe.com\/wp-content\/uploads\/2025\/12\/esperanca.webp","contentUrl":"https:\/\/www.oracaoefe.com\/wp-content\/uploads\/2025\/12\/esperanca.webp","width":1024,"height":1024},{"@type":"BreadcrumbList","@id":"https:\/\/www.oracaoefe.com\/esperanca-o-que-e-por-que-ela-sustenta-a-mente-e-como-manter-a-esperanca-viva-mesmo-nos-dias-dificeis\/#breadcrumb","itemListElement":[{"@type":"ListItem","position":1,"name":"Home","item":"https:\/\/www.oracaoefe.com\/"},{"@type":"ListItem","position":2,"name":"F\u00e9","item":"https:\/\/www.oracaoefe.com\/es\/categoria\/fe\/"},{"@type":"ListItem","position":3,"name":"Esperan\u00e7a: o que \u00e9, por que ela sustenta a mente e como manter a esperan\u00e7a viva mesmo nos dias dif\u00edceis"}]},{"@type":"WebSite","@id":"https:\/\/www.oracaoefe.com\/#website","url":"https:\/\/www.oracaoefe.com\/","name":"Pri\u00e8re et foi","description":"","potentialAction":[{"@type":"SearchAction","target":{"@type":"EntryPoint","urlTemplate":"https:\/\/www.oracaoefe.com\/?s={search_term_string}"},"query-input":{"@type":"PropertyValueSpecification","valueRequired":true,"valueName":"search_term_string"}}],"inLanguage":"fr-FR"},{"@type":"Person","@id":"https:\/\/www.oracaoefe.com\/#\/schema\/person\/27873f1e6043866689f5091b5139f23d","name":"Maria","image":{"@type":"ImageObject","inLanguage":"fr-FR","@id":"https:\/\/secure.gravatar.com\/avatar\/4cac5ea56d40d599bd7348d330a83b1c84cd229296d1613cd1c7f6740561d0c9?s=96&d=mm&r=g","url":"https:\/\/secure.gravatar.com\/avatar\/4cac5ea56d40d599bd7348d330a83b1c84cd229296d1613cd1c7f6740561d0c9?s=96&d=mm&r=g","contentUrl":"https:\/\/secure.gravatar.com\/avatar\/4cac5ea56d40d599bd7348d330a83b1c84cd229296d1613cd1c7f6740561d0c9?s=96&d=mm&r=g","caption":"Maria"},"description":"Meu nome \u00e9 Maria e sou apaixonada por teologia, espiritualidade e estudos religiosos. H\u00e1 mais de 5 anos escrevo sobre o universo da f\u00e9, pesquisando diferentes religi\u00f5es, doutrinas, tradi\u00e7\u00f5es espirituais e curiosidades religiosas ao redor do mundo. Tenho grande interesse em compreender como a f\u00e9 e a religiosidade se manifestam em diferentes culturas, pa\u00edses e idiomas, sempre buscando aprender mais sobre os costumes, cren\u00e7as e hist\u00f3rias que influenciam milh\u00f5es de pessoas diariamente. Atualmente, atuo como redatora no portal Ora\u00e7\u00e3o e F\u00e9, onde compartilho conte\u00fados informativos, reflexivos e inspiradores voltados ao universo religioso e espiritual. Meu objetivo \u00e9 levar conhecimento, curiosidades e mensagens enriquecedoras para leitores que desejam aprofundar sua compreens\u00e3o sobre f\u00e9, religi\u00e3o e espiritualidade no mundo moderno.","sameAs":["https:\/\/www.oracaoefe.com"],"url":"https:\/\/www.oracaoefe.com\/fr\/author\/admin\/"}]}},"_links":{"self":[{"href":"https:\/\/www.oracaoefe.com\/fr\/wp-json\/wp\/v2\/posts\/3873","targetHints":{"allow":["GET"]}}],"collection":[{"href":"https:\/\/www.oracaoefe.com\/fr\/wp-json\/wp\/v2\/posts"}],"about":[{"href":"https:\/\/www.oracaoefe.com\/fr\/wp-json\/wp\/v2\/types\/post"}],"author":[{"embeddable":true,"href":"https:\/\/www.oracaoefe.com\/fr\/wp-json\/wp\/v2\/users\/1"}],"replies":[{"embeddable":true,"href":"https:\/\/www.oracaoefe.com\/fr\/wp-json\/wp\/v2\/comments?post=3873"}],"version-history":[{"count":1,"href":"https:\/\/www.oracaoefe.com\/fr\/wp-json\/wp\/v2\/posts\/3873\/revisions"}],"predecessor-version":[{"id":3875,"href":"https:\/\/www.oracaoefe.com\/fr\/wp-json\/wp\/v2\/posts\/3873\/revisions\/3875"}],"wp:featuredmedia":[{"embeddable":true,"href":"https:\/\/www.oracaoefe.com\/fr\/wp-json\/wp\/v2\/media\/3874"}],"wp:attachment":[{"href":"https:\/\/www.oracaoefe.com\/fr\/wp-json\/wp\/v2\/media?parent=3873"}],"wp:term":[{"taxonomy":"category","embeddable":true,"href":"https:\/\/www.oracaoefe.com\/fr\/wp-json\/wp\/v2\/categories?post=3873"},{"taxonomy":"post_tag","embeddable":true,"href":"https:\/\/www.oracaoefe.com\/fr\/wp-json\/wp\/v2\/tags?post=3873"}],"curies":[{"name":"wp","href":"https:\/\/api.w.org\/{rel}","templated":true}]}}