{"id":3870,"date":"2025-12-16T12:30:28","date_gmt":"2025-12-16T15:30:28","guid":{"rendered":"https:\/\/www.oracaoefe.com\/?p=3870"},"modified":"2025-12-16T13:10:12","modified_gmt":"2025-12-16T16:10:12","slug":"fe-descubra-o-poder-da-fe-e-como-ela-transforma-a-vida","status":"publish","type":"post","link":"https:\/\/www.oracaoefe.com\/fr\/fe-descubra-o-poder-da-fe-e-como-ela-transforma-a-vida\/","title":{"rendered":"F\u00e9: descubra o poder da f\u00e9 e como ela transforma a vida"},"content":{"rendered":"<p class=\"wp-block-paragraph\">A f\u00e9 \u00e9 uma das for\u00e7as mais antigas e poderosas que acompanham a humanidade. Presente em diferentes culturas, religi\u00f5es e tradi\u00e7\u00f5es, ela vai muito al\u00e9m de uma cren\u00e7a espiritual. A f\u00e9 influencia decis\u00f5es, fortalece a mente, sustenta pessoas em momentos dif\u00edceis e impulsiona mudan\u00e7as profundas na forma de viver, pensar e agir. Entender o poder da f\u00e9 \u00e9 compreender como ela pode transformar a vida de maneira pr\u00e1tica, emocional e espiritual.<\/p>\n\n\n\n<p class=\"wp-block-paragraph\">Neste artigo, voc\u00ea vai descobrir o que realmente \u00e9 a f\u00e9, como ela atua no dia a dia, por que ela \u00e9 t\u00e3o importante para o ser humano e de que forma pode ser desenvolvida e fortalecida. Mais do que um conceito abstrato, a f\u00e9 \u00e9 uma ferramenta poderosa para enfrentar desafios, encontrar prop\u00f3sito e construir uma vida mais equilibrada.<\/p>\n\n\n\n<h2 class=\"wp-block-heading\">O que \u00e9 f\u00e9 e por que ela \u00e9 t\u00e3o importante<\/h2>\n\n\n\n<p class=\"wp-block-paragraph\">A f\u00e9 pode ser definida como a confian\u00e7a profunda em algo que n\u00e3o se v\u00ea, mas se acredita. Essa defini\u00e7\u00e3o aparece em diferentes tradi\u00e7\u00f5es religiosas, mas tamb\u00e9m se aplica \u00e0 vida cotidiana. Ter f\u00e9 n\u00e3o significa ignorar a realidade ou fugir dos problemas, e sim acreditar que existe um caminho, uma solu\u00e7\u00e3o ou um prop\u00f3sito mesmo quando as circunst\u00e2ncias parecem desfavor\u00e1veis.<\/p>\n\n\n\n<p class=\"wp-block-paragraph\">A import\u00e2ncia da f\u00e9 est\u00e1 diretamente ligada \u00e0 capacidade humana de lidar com o desconhecido. Todos enfrentam incertezas: doen\u00e7as, crises financeiras, perdas, mudan\u00e7as inesperadas e desafios emocionais. A f\u00e9 funciona como um alicerce interno que mant\u00e9m a pessoa firme quando tudo ao redor parece inst\u00e1vel. Ela oferece esperan\u00e7a, dire\u00e7\u00e3o e for\u00e7a para continuar.<\/p>\n\n\n\n<p class=\"wp-block-paragraph\">Al\u00e9m disso, estudos na \u00e1rea da psicologia e da neuroci\u00eancia mostram que pessoas que cultivam algum tipo de f\u00e9 ou espiritualidade tendem a lidar melhor com o estresse, a ansiedade e a depress\u00e3o. Isso acontece porque a f\u00e9 ajuda a criar significado para as experi\u00eancias da vida, reduzindo o sentimento de vazio e desamparo.<\/p>\n\n\n\n<h2 class=\"wp-block-heading\">F\u00e9 e espiritualidade: qual a rela\u00e7\u00e3o entre elas<\/h2>\n\n\n\n<p class=\"wp-block-paragraph\">Embora muitas vezes usadas como sin\u00f4nimos, f\u00e9 e espiritualidade n\u00e3o s\u00e3o exatamente a mesma coisa. A espiritualidade est\u00e1 relacionada \u00e0 busca por sentido, conex\u00e3o e prop\u00f3sito, enquanto a f\u00e9 \u00e9 o motor que sustenta essa busca. Uma pessoa pode ser espiritual sem seguir uma religi\u00e3o espec\u00edfica, assim como pode ter f\u00e9 dentro de uma tradi\u00e7\u00e3o religiosa organizada.<\/p>\n\n\n\n<p class=\"wp-block-paragraph\">A f\u00e9 fortalece a espiritualidade porque permite confiar em algo maior do que si mesmo. Essa confian\u00e7a gera paz interior, amplia a vis\u00e3o de mundo e ajuda a desenvolver valores como gratid\u00e3o, empatia, compaix\u00e3o e perseveran\u00e7a. Independentemente da cren\u00e7a individual, a f\u00e9 cria um espa\u00e7o interno de seguran\u00e7a emocional que influencia positivamente o comportamento e as rela\u00e7\u00f5es.<\/p>\n\n\n\n<h2 class=\"wp-block-heading\">Como a f\u00e9 impacta a mente e as emo\u00e7\u00f5es<\/h2>\n\n\n\n<p class=\"wp-block-paragraph\">O impacto da f\u00e9 na mente \u00e9 profundo. Quando algu\u00e9m acredita que n\u00e3o est\u00e1 sozinho, que existe um prop\u00f3sito maior ou que situa\u00e7\u00f5es dif\u00edceis podem ser superadas, o c\u00e9rebro responde de forma diferente ao estresse. A f\u00e9 reduz a ativa\u00e7\u00e3o constante do medo e da ansiedade, permitindo que a pessoa pense com mais clareza e tome decis\u00f5es melhores.<\/p>\n\n\n\n<p class=\"wp-block-paragraph\">Em momentos de dor, a f\u00e9 atua como um ref\u00fagio emocional. Ela n\u00e3o elimina o sofrimento, mas ajuda a atravess\u00e1-lo com mais equil\u00edbrio. Pessoas com f\u00e9 tendem a desenvolver maior resili\u00eancia emocional, ou seja, conseguem se recuperar mais rapidamente ap\u00f3s situa\u00e7\u00f5es dif\u00edceis.<\/p>\n\n\n\n<p class=\"wp-block-paragraph\">Al\u00e9m disso, a f\u00e9 influencia diretamente a forma como interpretamos os acontecimentos. Em vez de enxergar apenas perdas e fracassos, quem tem f\u00e9 costuma perceber aprendizados, oportunidades de crescimento e novos come\u00e7os. Essa mudan\u00e7a de perspectiva \u00e9 um dos maiores poderes da f\u00e9.<\/p>\n\n\n\n<h2 class=\"wp-block-heading\">F\u00e9 na pr\u00e1tica: como ela se manifesta no dia a dia<\/h2>\n\n\n\n<p class=\"wp-block-paragraph\">A f\u00e9 n\u00e3o se limita a ora\u00e7\u00f5es ou momentos de reflex\u00e3o. Ela se manifesta nas pequenas atitudes di\u00e1rias, como confiar no processo da vida, manter a integridade mesmo quando ningu\u00e9m est\u00e1 olhando e seguir em frente apesar do medo. Ter f\u00e9 \u00e9 continuar tentando quando seria mais f\u00e1cil desistir.<\/p>\n\n\n\n<p class=\"wp-block-paragraph\">No trabalho, a f\u00e9 se traduz em persist\u00eancia, \u00e9tica e esperan\u00e7a de que o esfor\u00e7o trar\u00e1 resultados. Nos relacionamentos, ela aparece como confian\u00e7a, paci\u00eancia e disposi\u00e7\u00e3o para perdoar. Na vida pessoal, a f\u00e9 ajuda a manter o equil\u00edbrio emocional e a clareza sobre quem se \u00e9 e para onde se quer ir.<\/p>\n\n\n\n<p class=\"wp-block-paragraph\">A f\u00e9 tamb\u00e9m ensina a aceitar aquilo que n\u00e3o pode ser controlado. Em um mundo onde tudo parece exigir respostas imediatas, a f\u00e9 lembra que nem tudo acontece no nosso tempo ou da forma que esperamos. Essa aceita\u00e7\u00e3o n\u00e3o \u00e9 passividade, mas maturidade emocional.<\/p>\n\n\n\n<h2 class=\"wp-block-heading\">Como fortalecer a f\u00e9 ao longo do tempo<\/h2>\n\n\n\n<p class=\"wp-block-paragraph\">Assim como qualquer habilidade, a f\u00e9 pode ser desenvolvida e fortalecida. Ela n\u00e3o nasce pronta e nem permanece igual para sempre. Ao longo da vida, a f\u00e9 pode oscilar, especialmente em momentos de dor ou frustra\u00e7\u00e3o. No entanto, existem pr\u00e1ticas que ajudam a mant\u00ea-la viva e s\u00f3lida.<\/p>\n\n\n\n<p class=\"wp-block-paragraph\">Uma delas \u00e9 a reflex\u00e3o di\u00e1ria. Reservar momentos para pensar sobre a vida, os aprendizados e as experi\u00eancias ajuda a fortalecer a conex\u00e3o interna. A leitura de textos inspiradores, sejam religiosos ou filos\u00f3ficos, tamb\u00e9m contribui para ampliar a vis\u00e3o e alimentar a f\u00e9.<\/p>\n\n\n\n<p class=\"wp-block-paragraph\">Outra pr\u00e1tica importante \u00e9 a gratid\u00e3o. Reconhecer pequenas conquistas e aspectos positivos da vida refor\u00e7a a confian\u00e7a no futuro. A gratid\u00e3o treina a mente para enxergar al\u00e9m das dificuldades, fortalecendo a f\u00e9 de forma natural.<\/p>\n\n\n\n<p class=\"wp-block-paragraph\">O conv\u00edvio com pessoas que compartilham valores semelhantes tamb\u00e9m influencia diretamente a f\u00e9. Ambientes positivos, onde h\u00e1 apoio, respeito e incentivo, ajudam a manter a esperan\u00e7a e a motiva\u00e7\u00e3o mesmo em tempos dif\u00edceis.<\/p>\n\n\n\n<h2 class=\"wp-block-heading\">F\u00e9 e prop\u00f3sito de vida<\/h2>\n\n\n\n<p class=\"wp-block-paragraph\">Um dos maiores benef\u00edcios da f\u00e9 \u00e9 ajudar na constru\u00e7\u00e3o de um prop\u00f3sito de vida. Quando a pessoa acredita que sua exist\u00eancia tem sentido, ela passa a viver com mais inten\u00e7\u00e3o e responsabilidade. A f\u00e9 orienta escolhas, define prioridades e d\u00e1 significado \u00e0s a\u00e7\u00f5es cotidianas.<\/p>\n\n\n\n<p class=\"wp-block-paragraph\">Ter f\u00e9 n\u00e3o significa que tudo ser\u00e1 f\u00e1cil ou perfeito. Significa compreender que cada experi\u00eancia, boa ou ruim, faz parte de um processo maior de crescimento. Essa vis\u00e3o amplia a consci\u00eancia e reduz o sofrimento causado pela resist\u00eancia \u00e0s mudan\u00e7as.<\/p>\n\n\n\n<p class=\"wp-block-paragraph\">O prop\u00f3sito sustentado pela f\u00e9 gera uma sensa\u00e7\u00e3o de dire\u00e7\u00e3o. Mesmo diante de obst\u00e1culos, a pessoa sabe por que est\u00e1 caminhando e para onde quer chegar. Isso fortalece a disciplina, a paci\u00eancia e a perseveran\u00e7a.<\/p>\n\n\n\n<h2 class=\"wp-block-heading\">O poder da f\u00e9 na transforma\u00e7\u00e3o pessoal<\/h2>\n\n\n\n<p class=\"wp-block-paragraph\">A f\u00e9 tem o poder de transformar pensamentos, comportamentos e atitudes. Pessoas que cultivam a f\u00e9 tendem a desenvolver mais autocontrole, esperan\u00e7a e equil\u00edbrio emocional. Essa transforma\u00e7\u00e3o n\u00e3o acontece de forma instant\u00e2nea, mas \u00e9 constru\u00edda ao longo do tempo.<\/p>\n\n\n\n<p class=\"wp-block-paragraph\">Quando a f\u00e9 \u00e9 colocada em pr\u00e1tica, ela influencia a forma como a pessoa se v\u00ea e como se relaciona com o mundo. O medo perde for\u00e7a, a confian\u00e7a cresce e a vida passa a ser encarada com mais coragem. Essa mudan\u00e7a interna reflete em todas as \u00e1reas da vida, desde a sa\u00fade emocional at\u00e9 as rela\u00e7\u00f5es sociais e profissionais.<\/p>\n\n\n\n<h2 class=\"wp-block-heading\">Conclus\u00e3o: a f\u00e9 como base para uma vida mais forte<\/h2>\n\n\n\n<p class=\"wp-block-paragraph\">A f\u00e9 \u00e9 uma for\u00e7a silenciosa, mas extremamente poderosa. Ela n\u00e3o elimina desafios, mas oferece a estrutura necess\u00e1ria para enfrent\u00e1-los com mais sabedoria e equil\u00edbrio. Ao descobrir o poder da f\u00e9, a pessoa aprende a confiar, a perseverar e a viver com mais sentido.<\/p>\n\n\n\n<p class=\"wp-block-paragraph\">Independentemente da cren\u00e7a ou religi\u00e3o, cultivar a f\u00e9 \u00e9 investir no fortalecimento interior. \u00c9 escolher acreditar que a vida pode ser melhor, que os obst\u00e1culos podem ser superados e que cada dia traz uma nova oportunidade de crescimento. A f\u00e9 n\u00e3o muda apenas circunst\u00e2ncias; ela transforma, \u043f\u0440\u0435\u0436\u0434\u0435 de tudo, quem somos por dentro.<\/p>","protected":false},"excerpt":{"rendered":"<p>A f\u00e9 \u00e9 uma das for\u00e7as mais antigas e poderosas que acompanham a humanidade. Presente em diferentes culturas, religi\u00f5es e tradi\u00e7\u00f5es, ela vai muito al\u00e9m de uma cren\u00e7a espiritual. A f\u00e9 influencia decis\u00f5es, fortalece a mente, sustenta pessoas em momentos dif\u00edceis e impulsiona mudan\u00e7as profundas na forma de viver, pensar e agir. Entender o poder&hellip;&nbsp;<\/p>","protected":false},"author":1,"featured_media":3871,"comment_status":"closed","ping_status":"closed","sticky":false,"template":"","format":"standard","meta":{"neve_meta_sidebar":"","neve_meta_container":"","neve_meta_enable_content_width":"","neve_meta_content_width":0,"neve_meta_title_alignment":"","neve_meta_author_avatar":"","neve_post_elements_order":"","neve_meta_disable_header":"","neve_meta_disable_footer":"","neve_meta_disable_title":"","footnotes":""},"categories":[3],"tags":[],"class_list":["post-3870","post","type-post","status-publish","format-standard","has-post-thumbnail","hentry","category-fe"],"yoast_head":"<!-- This site is optimized with the Yoast SEO plugin v28.4 - https:\/\/yoast.com\/product\/yoast-seo-wordpress\/ -->\n<title>F\u00e9: descubra o poder da f\u00e9 e como ela transforma a vida - Ora\u00e7\u00e3o e F\u00e9<\/title>\n<meta name=\"description\" content=\"Deus tem pra voc\u00ea uma palavra de vida!\" \/>\n<meta name=\"robots\" content=\"index, follow, max-snippet:-1, max-image-preview:large, max-video-preview:-1\" \/>\n<link rel=\"canonical\" href=\"https:\/\/www.oracaoefe.com\/fr\/fe-descubra-o-poder-da-fe-e-como-ela-transforma-a-vida\/\" \/>\n<meta property=\"og:locale\" content=\"fr_FR\" \/>\n<meta property=\"og:type\" content=\"article\" \/>\n<meta property=\"og:title\" content=\"F\u00e9: descubra o poder da f\u00e9 e como ela transforma a vida - Ora\u00e7\u00e3o e F\u00e9\" \/>\n<meta property=\"og:description\" content=\"Deus tem pra voc\u00ea uma palavra de vida!\" \/>\n<meta property=\"og:url\" content=\"https:\/\/www.oracaoefe.com\/fr\/fe-descubra-o-poder-da-fe-e-como-ela-transforma-a-vida\/\" \/>\n<meta property=\"og:site_name\" content=\"Ora\u00e7\u00e3o e F\u00e9\" \/>\n<meta property=\"article:published_time\" content=\"2025-12-16T15:30:28+00:00\" \/>\n<meta property=\"article:modified_time\" content=\"2025-12-16T16:10:12+00:00\" \/>\n<meta property=\"og:image\" content=\"https:\/\/www.oracaoefe.com\/wp-content\/uploads\/2025\/12\/fe.webp\" \/>\n\t<meta property=\"og:image:width\" content=\"1024\" \/>\n\t<meta property=\"og:image:height\" content=\"1024\" \/>\n\t<meta property=\"og:image:type\" content=\"image\/webp\" \/>\n<meta name=\"author\" content=\"Maria\" \/>\n<meta name=\"twitter:card\" content=\"summary_large_image\" \/>\n<meta name=\"twitter:label1\" content=\"\u00c9crit par\" \/>\n\t<meta name=\"twitter:data1\" content=\"Maria\" \/>\n\t<meta name=\"twitter:label2\" content=\"Dur\u00e9e de lecture estim\u00e9e\" \/>\n\t<meta name=\"twitter:data2\" content=\"7 minutes\" \/>\n<script type=\"application\/ld+json\" class=\"yoast-schema-graph\">{\"@context\":\"https:\\\/\\\/schema.org\",\"@graph\":[{\"@type\":\"Article\",\"@id\":\"https:\\\/\\\/www.oracaoefe.com\\\/fe-descubra-o-poder-da-fe-e-como-ela-transforma-a-vida\\\/#article\",\"isPartOf\":{\"@id\":\"https:\\\/\\\/www.oracaoefe.com\\\/fe-descubra-o-poder-da-fe-e-como-ela-transforma-a-vida\\\/\"},\"author\":{\"name\":\"Maria\",\"@id\":\"https:\\\/\\\/www.oracaoefe.com\\\/#\\\/schema\\\/person\\\/27873f1e6043866689f5091b5139f23d\"},\"headline\":\"F\u00e9: descubra o poder da f\u00e9 e como ela transforma a vida\",\"datePublished\":\"2025-12-16T15:30:28+00:00\",\"dateModified\":\"2025-12-16T16:10:12+00:00\",\"mainEntityOfPage\":{\"@id\":\"https:\\\/\\\/www.oracaoefe.com\\\/fe-descubra-o-poder-da-fe-e-como-ela-transforma-a-vida\\\/\"},\"wordCount\":1389,\"image\":{\"@id\":\"https:\\\/\\\/www.oracaoefe.com\\\/fe-descubra-o-poder-da-fe-e-como-ela-transforma-a-vida\\\/#primaryimage\"},\"thumbnailUrl\":\"https:\\\/\\\/www.oracaoefe.com\\\/wp-content\\\/uploads\\\/2025\\\/12\\\/fe.webp\",\"articleSection\":[\"F\u00e9\"],\"inLanguage\":\"fr-FR\"},{\"@type\":\"WebPage\",\"@id\":\"https:\\\/\\\/www.oracaoefe.com\\\/fe-descubra-o-poder-da-fe-e-como-ela-transforma-a-vida\\\/\",\"url\":\"https:\\\/\\\/www.oracaoefe.com\\\/fe-descubra-o-poder-da-fe-e-como-ela-transforma-a-vida\\\/\",\"name\":\"F\u00e9: descubra o poder da f\u00e9 e como ela transforma a vida - Ora\u00e7\u00e3o e F\u00e9\",\"isPartOf\":{\"@id\":\"https:\\\/\\\/www.oracaoefe.com\\\/#website\"},\"primaryImageOfPage\":{\"@id\":\"https:\\\/\\\/www.oracaoefe.com\\\/fe-descubra-o-poder-da-fe-e-como-ela-transforma-a-vida\\\/#primaryimage\"},\"image\":{\"@id\":\"https:\\\/\\\/www.oracaoefe.com\\\/fe-descubra-o-poder-da-fe-e-como-ela-transforma-a-vida\\\/#primaryimage\"},\"thumbnailUrl\":\"https:\\\/\\\/www.oracaoefe.com\\\/wp-content\\\/uploads\\\/2025\\\/12\\\/fe.webp\",\"datePublished\":\"2025-12-16T15:30:28+00:00\",\"dateModified\":\"2025-12-16T16:10:12+00:00\",\"author\":{\"@id\":\"https:\\\/\\\/www.oracaoefe.com\\\/#\\\/schema\\\/person\\\/27873f1e6043866689f5091b5139f23d\"},\"description\":\"Deus tem pra voc\u00ea uma palavra de vida!\",\"breadcrumb\":{\"@id\":\"https:\\\/\\\/www.oracaoefe.com\\\/fe-descubra-o-poder-da-fe-e-como-ela-transforma-a-vida\\\/#breadcrumb\"},\"inLanguage\":\"fr-FR\",\"potentialAction\":[{\"@type\":\"ReadAction\",\"target\":[\"https:\\\/\\\/www.oracaoefe.com\\\/fe-descubra-o-poder-da-fe-e-como-ela-transforma-a-vida\\\/\"]}]},{\"@type\":\"ImageObject\",\"inLanguage\":\"fr-FR\",\"@id\":\"https:\\\/\\\/www.oracaoefe.com\\\/fe-descubra-o-poder-da-fe-e-como-ela-transforma-a-vida\\\/#primaryimage\",\"url\":\"https:\\\/\\\/www.oracaoefe.com\\\/wp-content\\\/uploads\\\/2025\\\/12\\\/fe.webp\",\"contentUrl\":\"https:\\\/\\\/www.oracaoefe.com\\\/wp-content\\\/uploads\\\/2025\\\/12\\\/fe.webp\",\"width\":1024,\"height\":1024},{\"@type\":\"BreadcrumbList\",\"@id\":\"https:\\\/\\\/www.oracaoefe.com\\\/fe-descubra-o-poder-da-fe-e-como-ela-transforma-a-vida\\\/#breadcrumb\",\"itemListElement\":[{\"@type\":\"ListItem\",\"position\":1,\"name\":\"Home\",\"item\":\"https:\\\/\\\/www.oracaoefe.com\\\/\"},{\"@type\":\"ListItem\",\"position\":2,\"name\":\"F\u00e9\",\"item\":\"https:\\\/\\\/www.oracaoefe.com\\\/es\\\/categoria\\\/fe\\\/\"},{\"@type\":\"ListItem\",\"position\":3,\"name\":\"F\u00e9: descubra o poder da f\u00e9 e como ela transforma a vida\"}]},{\"@type\":\"WebSite\",\"@id\":\"https:\\\/\\\/www.oracaoefe.com\\\/#website\",\"url\":\"https:\\\/\\\/www.oracaoefe.com\\\/\",\"name\":\"Ora\u00e7\u00e3o e F\u00e9\",\"description\":\"\",\"potentialAction\":[{\"@type\":\"SearchAction\",\"target\":{\"@type\":\"EntryPoint\",\"urlTemplate\":\"https:\\\/\\\/www.oracaoefe.com\\\/?s={search_term_string}\"},\"query-input\":{\"@type\":\"PropertyValueSpecification\",\"valueRequired\":true,\"valueName\":\"search_term_string\"}}],\"inLanguage\":\"fr-FR\"},{\"@type\":\"Person\",\"@id\":\"https:\\\/\\\/www.oracaoefe.com\\\/#\\\/schema\\\/person\\\/27873f1e6043866689f5091b5139f23d\",\"name\":\"Maria\",\"image\":{\"@type\":\"ImageObject\",\"inLanguage\":\"fr-FR\",\"@id\":\"https:\\\/\\\/secure.gravatar.com\\\/avatar\\\/4cac5ea56d40d599bd7348d330a83b1c84cd229296d1613cd1c7f6740561d0c9?s=96&d=mm&r=g\",\"url\":\"https:\\\/\\\/secure.gravatar.com\\\/avatar\\\/4cac5ea56d40d599bd7348d330a83b1c84cd229296d1613cd1c7f6740561d0c9?s=96&d=mm&r=g\",\"contentUrl\":\"https:\\\/\\\/secure.gravatar.com\\\/avatar\\\/4cac5ea56d40d599bd7348d330a83b1c84cd229296d1613cd1c7f6740561d0c9?s=96&d=mm&r=g\",\"caption\":\"Maria\"},\"description\":\"Meu nome \u00e9 Maria e sou apaixonada por teologia, espiritualidade e estudos religiosos. H\u00e1 mais de 5 anos escrevo sobre o universo da f\u00e9, pesquisando diferentes religi\u00f5es, doutrinas, tradi\u00e7\u00f5es espirituais e curiosidades religiosas ao redor do mundo. Tenho grande interesse em compreender como a f\u00e9 e a religiosidade se manifestam em diferentes culturas, pa\u00edses e idiomas, sempre buscando aprender mais sobre os costumes, cren\u00e7as e hist\u00f3rias que influenciam milh\u00f5es de pessoas diariamente. Atualmente, atuo como redatora no portal Ora\u00e7\u00e3o e F\u00e9, onde compartilho conte\u00fados informativos, reflexivos e inspiradores voltados ao universo religioso e espiritual. Meu objetivo \u00e9 levar conhecimento, curiosidades e mensagens enriquecedoras para leitores que desejam aprofundar sua compreens\u00e3o sobre f\u00e9, religi\u00e3o e espiritualidade no mundo moderno.\",\"sameAs\":[\"https:\\\/\\\/www.oracaoefe.com\"],\"url\":\"https:\\\/\\\/www.oracaoefe.com\\\/fr\\\/author\\\/admin\\\/\"}]}<\/script>\n<!-- \/ Yoast SEO plugin. -->","yoast_head_json":{"title":"F\u00e9: descubra o poder da f\u00e9 e como ela transforma a vida - Ora\u00e7\u00e3o e F\u00e9","description":"Dieu a une parole de vie pour vous !","robots":{"index":"index","follow":"follow","max-snippet":"max-snippet:-1","max-image-preview":"max-image-preview:large","max-video-preview":"max-video-preview:-1"},"canonical":"https:\/\/www.oracaoefe.com\/fr\/fe-descubra-o-poder-da-fe-e-como-ela-transforma-a-vida\/","og_locale":"fr_FR","og_type":"article","og_title":"F\u00e9: descubra o poder da f\u00e9 e como ela transforma a vida - Ora\u00e7\u00e3o e F\u00e9","og_description":"Deus tem pra voc\u00ea uma palavra de vida!","og_url":"https:\/\/www.oracaoefe.com\/fr\/fe-descubra-o-poder-da-fe-e-como-ela-transforma-a-vida\/","og_site_name":"Ora\u00e7\u00e3o e F\u00e9","article_published_time":"2025-12-16T15:30:28+00:00","article_modified_time":"2025-12-16T16:10:12+00:00","og_image":[{"width":1024,"height":1024,"url":"https:\/\/www.oracaoefe.com\/wp-content\/uploads\/2025\/12\/fe.webp","type":"image\/webp"}],"author":"Maria","twitter_card":"summary_large_image","twitter_misc":{"\u00c9crit par":"Maria","Dur\u00e9e de lecture estim\u00e9e":"7 minutes"},"schema":{"@context":"https:\/\/schema.org","@graph":[{"@type":"Article","@id":"https:\/\/www.oracaoefe.com\/fe-descubra-o-poder-da-fe-e-como-ela-transforma-a-vida\/#article","isPartOf":{"@id":"https:\/\/www.oracaoefe.com\/fe-descubra-o-poder-da-fe-e-como-ela-transforma-a-vida\/"},"author":{"name":"Maria","@id":"https:\/\/www.oracaoefe.com\/#\/schema\/person\/27873f1e6043866689f5091b5139f23d"},"headline":"F\u00e9: descubra o poder da f\u00e9 e como ela transforma a vida","datePublished":"2025-12-16T15:30:28+00:00","dateModified":"2025-12-16T16:10:12+00:00","mainEntityOfPage":{"@id":"https:\/\/www.oracaoefe.com\/fe-descubra-o-poder-da-fe-e-como-ela-transforma-a-vida\/"},"wordCount":1389,"image":{"@id":"https:\/\/www.oracaoefe.com\/fe-descubra-o-poder-da-fe-e-como-ela-transforma-a-vida\/#primaryimage"},"thumbnailUrl":"https:\/\/www.oracaoefe.com\/wp-content\/uploads\/2025\/12\/fe.webp","articleSection":["F\u00e9"],"inLanguage":"fr-FR"},{"@type":"WebPage","@id":"https:\/\/www.oracaoefe.com\/fe-descubra-o-poder-da-fe-e-como-ela-transforma-a-vida\/","url":"https:\/\/www.oracaoefe.com\/fe-descubra-o-poder-da-fe-e-como-ela-transforma-a-vida\/","name":"F\u00e9: descubra o poder da f\u00e9 e como ela transforma a vida - Ora\u00e7\u00e3o e F\u00e9","isPartOf":{"@id":"https:\/\/www.oracaoefe.com\/#website"},"primaryImageOfPage":{"@id":"https:\/\/www.oracaoefe.com\/fe-descubra-o-poder-da-fe-e-como-ela-transforma-a-vida\/#primaryimage"},"image":{"@id":"https:\/\/www.oracaoefe.com\/fe-descubra-o-poder-da-fe-e-como-ela-transforma-a-vida\/#primaryimage"},"thumbnailUrl":"https:\/\/www.oracaoefe.com\/wp-content\/uploads\/2025\/12\/fe.webp","datePublished":"2025-12-16T15:30:28+00:00","dateModified":"2025-12-16T16:10:12+00:00","author":{"@id":"https:\/\/www.oracaoefe.com\/#\/schema\/person\/27873f1e6043866689f5091b5139f23d"},"description":"Dieu a une parole de vie pour vous !","breadcrumb":{"@id":"https:\/\/www.oracaoefe.com\/fe-descubra-o-poder-da-fe-e-como-ela-transforma-a-vida\/#breadcrumb"},"inLanguage":"fr-FR","potentialAction":[{"@type":"ReadAction","target":["https:\/\/www.oracaoefe.com\/fe-descubra-o-poder-da-fe-e-como-ela-transforma-a-vida\/"]}]},{"@type":"ImageObject","inLanguage":"fr-FR","@id":"https:\/\/www.oracaoefe.com\/fe-descubra-o-poder-da-fe-e-como-ela-transforma-a-vida\/#primaryimage","url":"https:\/\/www.oracaoefe.com\/wp-content\/uploads\/2025\/12\/fe.webp","contentUrl":"https:\/\/www.oracaoefe.com\/wp-content\/uploads\/2025\/12\/fe.webp","width":1024,"height":1024},{"@type":"BreadcrumbList","@id":"https:\/\/www.oracaoefe.com\/fe-descubra-o-poder-da-fe-e-como-ela-transforma-a-vida\/#breadcrumb","itemListElement":[{"@type":"ListItem","position":1,"name":"Home","item":"https:\/\/www.oracaoefe.com\/"},{"@type":"ListItem","position":2,"name":"F\u00e9","item":"https:\/\/www.oracaoefe.com\/es\/categoria\/fe\/"},{"@type":"ListItem","position":3,"name":"F\u00e9: descubra o poder da f\u00e9 e como ela transforma a vida"}]},{"@type":"WebSite","@id":"https:\/\/www.oracaoefe.com\/#website","url":"https:\/\/www.oracaoefe.com\/","name":"Pri\u00e8re et foi","description":"","potentialAction":[{"@type":"SearchAction","target":{"@type":"EntryPoint","urlTemplate":"https:\/\/www.oracaoefe.com\/?s={search_term_string}"},"query-input":{"@type":"PropertyValueSpecification","valueRequired":true,"valueName":"search_term_string"}}],"inLanguage":"fr-FR"},{"@type":"Person","@id":"https:\/\/www.oracaoefe.com\/#\/schema\/person\/27873f1e6043866689f5091b5139f23d","name":"Maria","image":{"@type":"ImageObject","inLanguage":"fr-FR","@id":"https:\/\/secure.gravatar.com\/avatar\/4cac5ea56d40d599bd7348d330a83b1c84cd229296d1613cd1c7f6740561d0c9?s=96&d=mm&r=g","url":"https:\/\/secure.gravatar.com\/avatar\/4cac5ea56d40d599bd7348d330a83b1c84cd229296d1613cd1c7f6740561d0c9?s=96&d=mm&r=g","contentUrl":"https:\/\/secure.gravatar.com\/avatar\/4cac5ea56d40d599bd7348d330a83b1c84cd229296d1613cd1c7f6740561d0c9?s=96&d=mm&r=g","caption":"Maria"},"description":"Meu nome \u00e9 Maria e sou apaixonada por teologia, espiritualidade e estudos religiosos. H\u00e1 mais de 5 anos escrevo sobre o universo da f\u00e9, pesquisando diferentes religi\u00f5es, doutrinas, tradi\u00e7\u00f5es espirituais e curiosidades religiosas ao redor do mundo. Tenho grande interesse em compreender como a f\u00e9 e a religiosidade se manifestam em diferentes culturas, pa\u00edses e idiomas, sempre buscando aprender mais sobre os costumes, cren\u00e7as e hist\u00f3rias que influenciam milh\u00f5es de pessoas diariamente. Atualmente, atuo como redatora no portal Ora\u00e7\u00e3o e F\u00e9, onde compartilho conte\u00fados informativos, reflexivos e inspiradores voltados ao universo religioso e espiritual. Meu objetivo \u00e9 levar conhecimento, curiosidades e mensagens enriquecedoras para leitores que desejam aprofundar sua compreens\u00e3o sobre f\u00e9, religi\u00e3o e espiritualidade no mundo moderno.","sameAs":["https:\/\/www.oracaoefe.com"],"url":"https:\/\/www.oracaoefe.com\/fr\/author\/admin\/"}]}},"_links":{"self":[{"href":"https:\/\/www.oracaoefe.com\/fr\/wp-json\/wp\/v2\/posts\/3870","targetHints":{"allow":["GET"]}}],"collection":[{"href":"https:\/\/www.oracaoefe.com\/fr\/wp-json\/wp\/v2\/posts"}],"about":[{"href":"https:\/\/www.oracaoefe.com\/fr\/wp-json\/wp\/v2\/types\/post"}],"author":[{"embeddable":true,"href":"https:\/\/www.oracaoefe.com\/fr\/wp-json\/wp\/v2\/users\/1"}],"replies":[{"embeddable":true,"href":"https:\/\/www.oracaoefe.com\/fr\/wp-json\/wp\/v2\/comments?post=3870"}],"version-history":[{"count":1,"href":"https:\/\/www.oracaoefe.com\/fr\/wp-json\/wp\/v2\/posts\/3870\/revisions"}],"predecessor-version":[{"id":3872,"href":"https:\/\/www.oracaoefe.com\/fr\/wp-json\/wp\/v2\/posts\/3870\/revisions\/3872"}],"wp:featuredmedia":[{"embeddable":true,"href":"https:\/\/www.oracaoefe.com\/fr\/wp-json\/wp\/v2\/media\/3871"}],"wp:attachment":[{"href":"https:\/\/www.oracaoefe.com\/fr\/wp-json\/wp\/v2\/media?parent=3870"}],"wp:term":[{"taxonomy":"category","embeddable":true,"href":"https:\/\/www.oracaoefe.com\/fr\/wp-json\/wp\/v2\/categories?post=3870"},{"taxonomy":"post_tag","embeddable":true,"href":"https:\/\/www.oracaoefe.com\/fr\/wp-json\/wp\/v2\/tags?post=3870"}],"curies":[{"name":"wp","href":"https:\/\/api.w.org\/{rel}","templated":true}]}}