{"id":3845,"date":"2026-05-02T19:30:54","date_gmt":"2026-05-02T22:30:54","guid":{"rendered":"https:\/\/www.oracaoefe.com\/?p=3845"},"modified":"2025-12-16T14:19:30","modified_gmt":"2025-12-16T17:19:30","slug":"quem-decidiu-a-ordem-dos-livros-da-biblia-e-por-que-ela-nao-e-cronologica","status":"publish","type":"post","link":"https:\/\/www.oracaoefe.com\/fr\/quem-decidiu-a-ordem-dos-livros-da-biblia-e-por-que-ela-nao-e-cronologica\/","title":{"rendered":"Quem decidiu a ordem dos livros da B\u00edblia e por que ela n\u00e3o \u00e9 cronol\u00f3gica"},"content":{"rendered":"<p class=\"wp-block-paragraph\">Muita gente abre a B\u00edblia e assume, quase automaticamente, que os livros est\u00e3o organizados em ordem cronol\u00f3gica, do mais antigo para o mais recente. Essa suposi\u00e7\u00e3o parece l\u00f3gica, mas est\u00e1 errada. A B\u00edblia n\u00e3o foi organizada seguindo uma linha do tempo r\u00edgida, e isso n\u00e3o aconteceu por descuido ou falta de conhecimento hist\u00f3rico. Pelo contr\u00e1rio, <strong>a ordem dos livros b\u00edblicos foi uma decis\u00e3o intencional<\/strong>, baseada em crit\u00e9rios teol\u00f3gicos, liter\u00e1rios e pedag\u00f3gicos.<\/p>\n\n\n\n<p class=\"wp-block-paragraph\">Entender por que a B\u00edblia n\u00e3o segue uma sequ\u00eancia cronol\u00f3gica ajuda o leitor a evitar confus\u00f5es comuns e a perceber que o texto foi estruturado para comunicar mensagens espec\u00edficas, n\u00e3o apenas registrar datas.<\/p>\n\n\n\n<h2 class=\"wp-block-heading\">A B\u00edblia como obra organizada por g\u00eaneros liter\u00e1rios<\/h2>\n\n\n\n<p class=\"wp-block-paragraph\">O principal crit\u00e9rio usado na organiza\u00e7\u00e3o dos livros b\u00edblicos foi o <strong>g\u00eanero liter\u00e1rio<\/strong>, e n\u00e3o o per\u00edodo hist\u00f3rico. Por isso, os livros est\u00e3o agrupados conforme o tipo de texto que apresentam: leis, hist\u00f3ria, poesia, profecia, evangelhos e cartas.<\/p>\n\n\n\n<p class=\"wp-block-paragraph\">No Antigo Testamento, por exemplo, os cinco primeiros livros formam o chamado Pentateuco, que re\u00fane a base legal e teol\u00f3gica do povo de Israel. Em seguida, v\u00eam os livros hist\u00f3ricos, depois os po\u00e9ticos e, por fim, os prof\u00e9ticos. Essa estrutura ajuda o leitor a entender o papel de cada grupo dentro da narrativa geral.<\/p>\n\n\n\n<p class=\"wp-block-paragraph\">No Novo Testamento, a l\u00f3gica se repete. Os Evangelhos v\u00eam primeiro porque apresentam a vida e os ensinamentos de Jesus. Depois aparece o livro de Atos, que funciona como ponte hist\u00f3rica, seguido pelas cartas, organizadas mais por tamanho e import\u00e2ncia tem\u00e1tica do que por data de escrita.<\/p>\n\n\n\n<h2 class=\"wp-block-heading\">Por que a cronologia n\u00e3o era prioridade no mundo antigo<\/h2>\n\n\n\n<p class=\"wp-block-paragraph\">No mundo moderno, estamos acostumados a organizar tudo por datas, linhas do tempo e sequ\u00eancias exatas. No mundo antigo, isso n\u00e3o era o mais importante. O valor estava na <strong>mensagem<\/strong>, n\u00e3o na ordem temporal precisa.<\/p>\n\n\n\n<p class=\"wp-block-paragraph\">Os autores b\u00edblicos frequentemente organizavam eventos por tema, impacto ou significado, mesmo que isso implicasse pular para frente ou para tr\u00e1s no tempo. Essa pr\u00e1tica n\u00e3o era vista como erro, mas como uma forma leg\u00edtima de ensinar e preservar a mem\u00f3ria coletiva.<\/p>\n\n\n\n<p class=\"wp-block-paragraph\">Isso explica por que um livro prof\u00e9tico pode ter sido escrito antes de um livro hist\u00f3rico que aparece antes dele na B\u00edblia, ou por que eventos semelhantes s\u00e3o narrados de formas diferentes em textos distintos.<\/p>\n\n\n\n<h2 class=\"wp-block-heading\">A ordem dos livros do Antigo Testamento<\/h2>\n\n\n\n<p class=\"wp-block-paragraph\">A estrutura tradicional do Antigo Testamento segue uma l\u00f3gica clara:<\/p>\n\n\n\n<p class=\"wp-block-paragraph\">Primeiro v\u00eam os livros da Lei, que estabelecem identidade, alian\u00e7a e fundamentos. Depois, os livros hist\u00f3ricos mostram como o povo viveu \u2014 ou falhou em viver \u2014 esses princ\u00edpios. Em seguida, os livros po\u00e9ticos exploram a experi\u00eancia humana dentro dessa hist\u00f3ria. Por fim, os livros prof\u00e9ticos interpretam os acontecimentos \u00e0 luz da justi\u00e7a, da esperan\u00e7a e do futuro.<\/p>\n\n\n\n<p class=\"wp-block-paragraph\">Essa ordem cria uma leitura progressiva que vai da funda\u00e7\u00e3o \u00e0 reflex\u00e3o, e depois ao chamado \u00e0 mudan\u00e7a. N\u00e3o \u00e9 uma linha do tempo, mas um <strong>caminho de compreens\u00e3o<\/strong>.<\/p>\n\n\n\n<h2 class=\"wp-block-heading\">A organiza\u00e7\u00e3o do Novo Testamento<\/h2>\n\n\n\n<p class=\"wp-block-paragraph\">No Novo Testamento, os quatro Evangelhos n\u00e3o est\u00e3o organizados pela data em que foram escritos. Marcos, provavelmente o mais antigo, n\u00e3o aparece primeiro por acaso, mas porque a tradi\u00e7\u00e3o quis come\u00e7ar com relatos completos da vida de Jesus.<\/p>\n\n\n\n<p class=\"wp-block-paragraph\">As cartas de Paulo, por exemplo, n\u00e3o seguem a ordem cronol\u00f3gica de envio. Elas s\u00e3o organizadas, em grande parte, pelo tamanho do texto e pela import\u00e2ncia das comunidades destinat\u00e1rias. Romanos vem antes de Cor\u00edntios n\u00e3o porque foi escrita primeiro, mas porque apresenta uma exposi\u00e7\u00e3o teol\u00f3gica mais ampla.<\/p>\n\n\n\n<p class=\"wp-block-paragraph\">Essa organiza\u00e7\u00e3o facilita o estudo tem\u00e1tico, mesmo que complique a leitura hist\u00f3rica linear.<\/p>\n\n\n\n<h2 class=\"wp-block-heading\">O impacto dessa ordem na leitura moderna<\/h2>\n\n\n\n<p class=\"wp-block-paragraph\">Quando o leitor n\u00e3o entende essa l\u00f3gica, surgem confus\u00f5es. Pessoas tentam ler a B\u00edblia \u201cdo come\u00e7o ao fim\u201d como se fosse um romance, e se frustram ao encontrar repeti\u00e7\u00f5es, saltos temporais e estilos radicalmente diferentes.<\/p>\n\n\n\n<p class=\"wp-block-paragraph\">Compreender que a B\u00edblia \u00e9 uma cole\u00e7\u00e3o organizada por prop\u00f3sito, e n\u00e3o por cronologia, ajuda a ajustar expectativas e melhora muito a experi\u00eancia de leitura. Muitos leitores avan\u00e7am mais quando seguem planos tem\u00e1ticos ou cronol\u00f3gicos alternativos, em vez da ordem tradicional.<\/p>\n\n\n\n<h2 class=\"wp-block-heading\">A ordem foi definida por quem?<\/h2>\n\n\n\n<p class=\"wp-block-paragraph\">A ordem dos livros foi sendo consolidada ao longo do tempo pelas comunidades judaicas e crist\u00e3s, n\u00e3o por uma autoridade \u00fanica impondo um padr\u00e3o arbitr\u00e1rio. Essa estrutura j\u00e1 estava amplamente estabelecida quando surgiram os primeiros c\u00f3dices completos da B\u00edblia.<\/p>\n\n\n\n<p class=\"wp-block-paragraph\">Ou seja, a ordem n\u00e3o foi criada de forma artificial muito tempo depois, mas reflete s\u00e9culos de uso, leitura e ensino comunit\u00e1rio.<\/p>\n\n\n\n<h2 class=\"wp-block-heading\">Ordem n\u00e3o significa hierarquia de import\u00e2ncia<\/h2>\n\n\n\n<p class=\"wp-block-paragraph\">Outro erro comum \u00e9 achar que livros que aparecem primeiro s\u00e3o mais importantes. A posi\u00e7\u00e3o de um livro n\u00e3o determina seu valor teol\u00f3gico. Livros menores, no fim da B\u00edblia, podem conter mensagens t\u00e3o centrais quanto os primeiros.<\/p>\n\n\n\n<p class=\"wp-block-paragraph\">A ordem serve como guia, n\u00e3o como ranking.<\/p>\n\n\n\n<h2 class=\"wp-block-heading\">Por que essa curiosidade \u00e9 t\u00e3o relevante hoje<\/h2>\n\n\n\n<p class=\"wp-block-paragraph\">Entender a organiza\u00e7\u00e3o da B\u00edblia ajuda a evitar leituras equivocadas, compara\u00e7\u00f5es fora de contexto e expectativas erradas. Tamb\u00e9m permite estudar o texto com mais profundidade, respeitando sua estrutura original.<\/p>\n\n\n\n<p class=\"wp-block-paragraph\">Essa curiosidade simples muda completamente a forma como a B\u00edblia \u00e9 abordada, especialmente por quem est\u00e1 come\u00e7ando.<\/p>\n\n\n\n<h2 class=\"wp-block-heading\">Conclus\u00e3o<\/h2>\n\n\n\n<p class=\"wp-block-paragraph\">A B\u00edblia n\u00e3o foi organizada em ordem cronol\u00f3gica porque esse nunca foi seu objetivo principal. Ela foi estruturada para ensinar, formar e provocar reflex\u00e3o, usando g\u00eaneros liter\u00e1rios e temas como base. Quando o leitor entende isso, a B\u00edblia deixa de parecer confusa e passa a revelar uma l\u00f3gica profunda e intencional.<\/p>\n\n\n\n<p class=\"wp-block-paragraph\">A ordem dos livros n\u00e3o \u00e9 um erro a ser corrigido, mas uma ferramenta a ser compreendida.<\/p>","protected":false},"excerpt":{"rendered":"<p>Muita gente abre a B\u00edblia e assume, quase automaticamente, que os livros est\u00e3o organizados em ordem cronol\u00f3gica, do mais antigo para o mais recente. Essa suposi\u00e7\u00e3o parece l\u00f3gica, mas est\u00e1 errada. A B\u00edblia n\u00e3o foi organizada seguindo uma linha do tempo r\u00edgida, e isso n\u00e3o aconteceu por descuido ou falta de conhecimento hist\u00f3rico. Pelo contr\u00e1rio,&hellip;&nbsp;<\/p>","protected":false},"author":1,"featured_media":3846,"comment_status":"closed","ping_status":"closed","sticky":false,"template":"","format":"standard","meta":{"neve_meta_sidebar":"","neve_meta_container":"","neve_meta_enable_content_width":"","neve_meta_content_width":0,"neve_meta_title_alignment":"","neve_meta_author_avatar":"","neve_post_elements_order":"","neve_meta_disable_header":"","neve_meta_disable_footer":"","neve_meta_disable_title":"","footnotes":""},"categories":[1],"tags":[],"class_list":["post-3845","post","type-post","status-publish","format-standard","has-post-thumbnail","hentry","category-curiosidades"],"yoast_head":"<!-- This site is optimized with the Yoast SEO plugin v28.4 - https:\/\/yoast.com\/product\/yoast-seo-wordpress\/ -->\n<title>Quem decidiu a ordem dos livros da B\u00edblia e por que ela n\u00e3o \u00e9 cronol\u00f3gica - Ora\u00e7\u00e3o e F\u00e9<\/title>\n<meta name=\"description\" content=\"Deus tem pra voc\u00ea uma palavra de vida!\" \/>\n<meta name=\"robots\" content=\"index, follow, max-snippet:-1, max-image-preview:large, max-video-preview:-1\" \/>\n<link rel=\"canonical\" href=\"https:\/\/www.oracaoefe.com\/fr\/quem-decidiu-a-ordem-dos-livros-da-biblia-e-por-que-ela-nao-e-cronologica\/\" \/>\n<meta property=\"og:locale\" content=\"fr_FR\" \/>\n<meta property=\"og:type\" content=\"article\" \/>\n<meta property=\"og:title\" content=\"Quem decidiu a ordem dos livros da B\u00edblia e por que ela n\u00e3o \u00e9 cronol\u00f3gica - Ora\u00e7\u00e3o e F\u00e9\" \/>\n<meta property=\"og:description\" content=\"Deus tem pra voc\u00ea uma palavra de vida!\" \/>\n<meta property=\"og:url\" content=\"https:\/\/www.oracaoefe.com\/fr\/quem-decidiu-a-ordem-dos-livros-da-biblia-e-por-que-ela-nao-e-cronologica\/\" \/>\n<meta property=\"og:site_name\" content=\"Ora\u00e7\u00e3o e F\u00e9\" \/>\n<meta property=\"article:published_time\" content=\"2026-05-02T22:30:54+00:00\" \/>\n<meta property=\"og:image\" content=\"https:\/\/www.oracaoefe.com\/wp-content\/uploads\/2025\/12\/ordem-biblia.webp\" \/>\n\t<meta property=\"og:image:width\" content=\"1024\" \/>\n\t<meta property=\"og:image:height\" content=\"1024\" \/>\n\t<meta property=\"og:image:type\" content=\"image\/webp\" \/>\n<meta name=\"author\" content=\"Maria\" \/>\n<meta name=\"twitter:card\" content=\"summary_large_image\" \/>\n<meta name=\"twitter:label1\" content=\"\u00c9crit par\" \/>\n\t<meta name=\"twitter:data1\" content=\"Maria\" \/>\n\t<meta name=\"twitter:label2\" content=\"Dur\u00e9e de lecture estim\u00e9e\" \/>\n\t<meta name=\"twitter:data2\" content=\"5 minutes\" \/>\n<script type=\"application\/ld+json\" class=\"yoast-schema-graph\">{\"@context\":\"https:\\\/\\\/schema.org\",\"@graph\":[{\"@type\":\"Article\",\"@id\":\"https:\\\/\\\/www.oracaoefe.com\\\/quem-decidiu-a-ordem-dos-livros-da-biblia-e-por-que-ela-nao-e-cronologica\\\/#article\",\"isPartOf\":{\"@id\":\"https:\\\/\\\/www.oracaoefe.com\\\/quem-decidiu-a-ordem-dos-livros-da-biblia-e-por-que-ela-nao-e-cronologica\\\/\"},\"author\":{\"name\":\"Maria\",\"@id\":\"https:\\\/\\\/www.oracaoefe.com\\\/#\\\/schema\\\/person\\\/27873f1e6043866689f5091b5139f23d\"},\"headline\":\"Quem decidiu a ordem dos livros da B\u00edblia e por que ela n\u00e3o \u00e9 cronol\u00f3gica\",\"datePublished\":\"2026-05-02T22:30:54+00:00\",\"mainEntityOfPage\":{\"@id\":\"https:\\\/\\\/www.oracaoefe.com\\\/quem-decidiu-a-ordem-dos-livros-da-biblia-e-por-que-ela-nao-e-cronologica\\\/\"},\"wordCount\":1055,\"image\":{\"@id\":\"https:\\\/\\\/www.oracaoefe.com\\\/quem-decidiu-a-ordem-dos-livros-da-biblia-e-por-que-ela-nao-e-cronologica\\\/#primaryimage\"},\"thumbnailUrl\":\"https:\\\/\\\/www.oracaoefe.com\\\/wp-content\\\/uploads\\\/2025\\\/12\\\/ordem-biblia.webp\",\"articleSection\":[\"Curiosidades\"],\"inLanguage\":\"fr-FR\"},{\"@type\":\"WebPage\",\"@id\":\"https:\\\/\\\/www.oracaoefe.com\\\/quem-decidiu-a-ordem-dos-livros-da-biblia-e-por-que-ela-nao-e-cronologica\\\/\",\"url\":\"https:\\\/\\\/www.oracaoefe.com\\\/quem-decidiu-a-ordem-dos-livros-da-biblia-e-por-que-ela-nao-e-cronologica\\\/\",\"name\":\"Quem decidiu a ordem dos livros da B\u00edblia e por que ela n\u00e3o \u00e9 cronol\u00f3gica - Ora\u00e7\u00e3o e F\u00e9\",\"isPartOf\":{\"@id\":\"https:\\\/\\\/www.oracaoefe.com\\\/#website\"},\"primaryImageOfPage\":{\"@id\":\"https:\\\/\\\/www.oracaoefe.com\\\/quem-decidiu-a-ordem-dos-livros-da-biblia-e-por-que-ela-nao-e-cronologica\\\/#primaryimage\"},\"image\":{\"@id\":\"https:\\\/\\\/www.oracaoefe.com\\\/quem-decidiu-a-ordem-dos-livros-da-biblia-e-por-que-ela-nao-e-cronologica\\\/#primaryimage\"},\"thumbnailUrl\":\"https:\\\/\\\/www.oracaoefe.com\\\/wp-content\\\/uploads\\\/2025\\\/12\\\/ordem-biblia.webp\",\"datePublished\":\"2026-05-02T22:30:54+00:00\",\"author\":{\"@id\":\"https:\\\/\\\/www.oracaoefe.com\\\/#\\\/schema\\\/person\\\/27873f1e6043866689f5091b5139f23d\"},\"description\":\"Deus tem pra voc\u00ea uma palavra de vida!\",\"breadcrumb\":{\"@id\":\"https:\\\/\\\/www.oracaoefe.com\\\/quem-decidiu-a-ordem-dos-livros-da-biblia-e-por-que-ela-nao-e-cronologica\\\/#breadcrumb\"},\"inLanguage\":\"fr-FR\",\"potentialAction\":[{\"@type\":\"ReadAction\",\"target\":[\"https:\\\/\\\/www.oracaoefe.com\\\/quem-decidiu-a-ordem-dos-livros-da-biblia-e-por-que-ela-nao-e-cronologica\\\/\"]}]},{\"@type\":\"ImageObject\",\"inLanguage\":\"fr-FR\",\"@id\":\"https:\\\/\\\/www.oracaoefe.com\\\/quem-decidiu-a-ordem-dos-livros-da-biblia-e-por-que-ela-nao-e-cronologica\\\/#primaryimage\",\"url\":\"https:\\\/\\\/www.oracaoefe.com\\\/wp-content\\\/uploads\\\/2025\\\/12\\\/ordem-biblia.webp\",\"contentUrl\":\"https:\\\/\\\/www.oracaoefe.com\\\/wp-content\\\/uploads\\\/2025\\\/12\\\/ordem-biblia.webp\",\"width\":1024,\"height\":1024},{\"@type\":\"BreadcrumbList\",\"@id\":\"https:\\\/\\\/www.oracaoefe.com\\\/quem-decidiu-a-ordem-dos-livros-da-biblia-e-por-que-ela-nao-e-cronologica\\\/#breadcrumb\",\"itemListElement\":[{\"@type\":\"ListItem\",\"position\":1,\"name\":\"Home\",\"item\":\"https:\\\/\\\/www.oracaoefe.com\\\/\"},{\"@type\":\"ListItem\",\"position\":2,\"name\":\"Curiosidades\",\"item\":\"https:\\\/\\\/www.oracaoefe.com\\\/es\\\/categoria\\\/curiosidades\\\/\"},{\"@type\":\"ListItem\",\"position\":3,\"name\":\"Quem decidiu a ordem dos livros da B\u00edblia e por que ela n\u00e3o \u00e9 cronol\u00f3gica\"}]},{\"@type\":\"WebSite\",\"@id\":\"https:\\\/\\\/www.oracaoefe.com\\\/#website\",\"url\":\"https:\\\/\\\/www.oracaoefe.com\\\/\",\"name\":\"Ora\u00e7\u00e3o e F\u00e9\",\"description\":\"\",\"potentialAction\":[{\"@type\":\"SearchAction\",\"target\":{\"@type\":\"EntryPoint\",\"urlTemplate\":\"https:\\\/\\\/www.oracaoefe.com\\\/?s={search_term_string}\"},\"query-input\":{\"@type\":\"PropertyValueSpecification\",\"valueRequired\":true,\"valueName\":\"search_term_string\"}}],\"inLanguage\":\"fr-FR\"},{\"@type\":\"Person\",\"@id\":\"https:\\\/\\\/www.oracaoefe.com\\\/#\\\/schema\\\/person\\\/27873f1e6043866689f5091b5139f23d\",\"name\":\"Maria\",\"image\":{\"@type\":\"ImageObject\",\"inLanguage\":\"fr-FR\",\"@id\":\"https:\\\/\\\/secure.gravatar.com\\\/avatar\\\/4cac5ea56d40d599bd7348d330a83b1c84cd229296d1613cd1c7f6740561d0c9?s=96&d=mm&r=g\",\"url\":\"https:\\\/\\\/secure.gravatar.com\\\/avatar\\\/4cac5ea56d40d599bd7348d330a83b1c84cd229296d1613cd1c7f6740561d0c9?s=96&d=mm&r=g\",\"contentUrl\":\"https:\\\/\\\/secure.gravatar.com\\\/avatar\\\/4cac5ea56d40d599bd7348d330a83b1c84cd229296d1613cd1c7f6740561d0c9?s=96&d=mm&r=g\",\"caption\":\"Maria\"},\"description\":\"Meu nome \u00e9 Maria e sou apaixonada por teologia, espiritualidade e estudos religiosos. H\u00e1 mais de 5 anos escrevo sobre o universo da f\u00e9, pesquisando diferentes religi\u00f5es, doutrinas, tradi\u00e7\u00f5es espirituais e curiosidades religiosas ao redor do mundo. Tenho grande interesse em compreender como a f\u00e9 e a religiosidade se manifestam em diferentes culturas, pa\u00edses e idiomas, sempre buscando aprender mais sobre os costumes, cren\u00e7as e hist\u00f3rias que influenciam milh\u00f5es de pessoas diariamente. Atualmente, atuo como redatora no portal Ora\u00e7\u00e3o e F\u00e9, onde compartilho conte\u00fados informativos, reflexivos e inspiradores voltados ao universo religioso e espiritual. Meu objetivo \u00e9 levar conhecimento, curiosidades e mensagens enriquecedoras para leitores que desejam aprofundar sua compreens\u00e3o sobre f\u00e9, religi\u00e3o e espiritualidade no mundo moderno.\",\"sameAs\":[\"https:\\\/\\\/www.oracaoefe.com\"],\"url\":\"https:\\\/\\\/www.oracaoefe.com\\\/fr\\\/author\\\/admin\\\/\"}]}<\/script>\n<!-- \/ Yoast SEO plugin. -->","yoast_head_json":{"title":"Quem decidiu a ordem dos livros da B\u00edblia e por que ela n\u00e3o \u00e9 cronol\u00f3gica - Ora\u00e7\u00e3o e F\u00e9","description":"Dieu a une parole de vie pour vous !","robots":{"index":"index","follow":"follow","max-snippet":"max-snippet:-1","max-image-preview":"max-image-preview:large","max-video-preview":"max-video-preview:-1"},"canonical":"https:\/\/www.oracaoefe.com\/fr\/quem-decidiu-a-ordem-dos-livros-da-biblia-e-por-que-ela-nao-e-cronologica\/","og_locale":"fr_FR","og_type":"article","og_title":"Quem decidiu a ordem dos livros da B\u00edblia e por que ela n\u00e3o \u00e9 cronol\u00f3gica - Ora\u00e7\u00e3o e F\u00e9","og_description":"Deus tem pra voc\u00ea uma palavra de vida!","og_url":"https:\/\/www.oracaoefe.com\/fr\/quem-decidiu-a-ordem-dos-livros-da-biblia-e-por-que-ela-nao-e-cronologica\/","og_site_name":"Ora\u00e7\u00e3o e F\u00e9","article_published_time":"2026-05-02T22:30:54+00:00","og_image":[{"width":1024,"height":1024,"url":"https:\/\/www.oracaoefe.com\/wp-content\/uploads\/2025\/12\/ordem-biblia.webp","type":"image\/webp"}],"author":"Maria","twitter_card":"summary_large_image","twitter_misc":{"\u00c9crit par":"Maria","Dur\u00e9e de lecture estim\u00e9e":"5 minutes"},"schema":{"@context":"https:\/\/schema.org","@graph":[{"@type":"Article","@id":"https:\/\/www.oracaoefe.com\/quem-decidiu-a-ordem-dos-livros-da-biblia-e-por-que-ela-nao-e-cronologica\/#article","isPartOf":{"@id":"https:\/\/www.oracaoefe.com\/quem-decidiu-a-ordem-dos-livros-da-biblia-e-por-que-ela-nao-e-cronologica\/"},"author":{"name":"Maria","@id":"https:\/\/www.oracaoefe.com\/#\/schema\/person\/27873f1e6043866689f5091b5139f23d"},"headline":"Quem decidiu a ordem dos livros da B\u00edblia e por que ela n\u00e3o \u00e9 cronol\u00f3gica","datePublished":"2026-05-02T22:30:54+00:00","mainEntityOfPage":{"@id":"https:\/\/www.oracaoefe.com\/quem-decidiu-a-ordem-dos-livros-da-biblia-e-por-que-ela-nao-e-cronologica\/"},"wordCount":1055,"image":{"@id":"https:\/\/www.oracaoefe.com\/quem-decidiu-a-ordem-dos-livros-da-biblia-e-por-que-ela-nao-e-cronologica\/#primaryimage"},"thumbnailUrl":"https:\/\/www.oracaoefe.com\/wp-content\/uploads\/2025\/12\/ordem-biblia.webp","articleSection":["Curiosidades"],"inLanguage":"fr-FR"},{"@type":"WebPage","@id":"https:\/\/www.oracaoefe.com\/quem-decidiu-a-ordem-dos-livros-da-biblia-e-por-que-ela-nao-e-cronologica\/","url":"https:\/\/www.oracaoefe.com\/quem-decidiu-a-ordem-dos-livros-da-biblia-e-por-que-ela-nao-e-cronologica\/","name":"Quem decidiu a ordem dos livros da B\u00edblia e por que ela n\u00e3o \u00e9 cronol\u00f3gica - Ora\u00e7\u00e3o e F\u00e9","isPartOf":{"@id":"https:\/\/www.oracaoefe.com\/#website"},"primaryImageOfPage":{"@id":"https:\/\/www.oracaoefe.com\/quem-decidiu-a-ordem-dos-livros-da-biblia-e-por-que-ela-nao-e-cronologica\/#primaryimage"},"image":{"@id":"https:\/\/www.oracaoefe.com\/quem-decidiu-a-ordem-dos-livros-da-biblia-e-por-que-ela-nao-e-cronologica\/#primaryimage"},"thumbnailUrl":"https:\/\/www.oracaoefe.com\/wp-content\/uploads\/2025\/12\/ordem-biblia.webp","datePublished":"2026-05-02T22:30:54+00:00","author":{"@id":"https:\/\/www.oracaoefe.com\/#\/schema\/person\/27873f1e6043866689f5091b5139f23d"},"description":"Dieu a une parole de vie pour vous !","breadcrumb":{"@id":"https:\/\/www.oracaoefe.com\/quem-decidiu-a-ordem-dos-livros-da-biblia-e-por-que-ela-nao-e-cronologica\/#breadcrumb"},"inLanguage":"fr-FR","potentialAction":[{"@type":"ReadAction","target":["https:\/\/www.oracaoefe.com\/quem-decidiu-a-ordem-dos-livros-da-biblia-e-por-que-ela-nao-e-cronologica\/"]}]},{"@type":"ImageObject","inLanguage":"fr-FR","@id":"https:\/\/www.oracaoefe.com\/quem-decidiu-a-ordem-dos-livros-da-biblia-e-por-que-ela-nao-e-cronologica\/#primaryimage","url":"https:\/\/www.oracaoefe.com\/wp-content\/uploads\/2025\/12\/ordem-biblia.webp","contentUrl":"https:\/\/www.oracaoefe.com\/wp-content\/uploads\/2025\/12\/ordem-biblia.webp","width":1024,"height":1024},{"@type":"BreadcrumbList","@id":"https:\/\/www.oracaoefe.com\/quem-decidiu-a-ordem-dos-livros-da-biblia-e-por-que-ela-nao-e-cronologica\/#breadcrumb","itemListElement":[{"@type":"ListItem","position":1,"name":"Home","item":"https:\/\/www.oracaoefe.com\/"},{"@type":"ListItem","position":2,"name":"Curiosidades","item":"https:\/\/www.oracaoefe.com\/es\/categoria\/curiosidades\/"},{"@type":"ListItem","position":3,"name":"Quem decidiu a ordem dos livros da B\u00edblia e por que ela n\u00e3o \u00e9 cronol\u00f3gica"}]},{"@type":"WebSite","@id":"https:\/\/www.oracaoefe.com\/#website","url":"https:\/\/www.oracaoefe.com\/","name":"Pri\u00e8re et foi","description":"","potentialAction":[{"@type":"SearchAction","target":{"@type":"EntryPoint","urlTemplate":"https:\/\/www.oracaoefe.com\/?s={search_term_string}"},"query-input":{"@type":"PropertyValueSpecification","valueRequired":true,"valueName":"search_term_string"}}],"inLanguage":"fr-FR"},{"@type":"Person","@id":"https:\/\/www.oracaoefe.com\/#\/schema\/person\/27873f1e6043866689f5091b5139f23d","name":"Maria","image":{"@type":"ImageObject","inLanguage":"fr-FR","@id":"https:\/\/secure.gravatar.com\/avatar\/4cac5ea56d40d599bd7348d330a83b1c84cd229296d1613cd1c7f6740561d0c9?s=96&d=mm&r=g","url":"https:\/\/secure.gravatar.com\/avatar\/4cac5ea56d40d599bd7348d330a83b1c84cd229296d1613cd1c7f6740561d0c9?s=96&d=mm&r=g","contentUrl":"https:\/\/secure.gravatar.com\/avatar\/4cac5ea56d40d599bd7348d330a83b1c84cd229296d1613cd1c7f6740561d0c9?s=96&d=mm&r=g","caption":"Maria"},"description":"Meu nome \u00e9 Maria e sou apaixonada por teologia, espiritualidade e estudos religiosos. H\u00e1 mais de 5 anos escrevo sobre o universo da f\u00e9, pesquisando diferentes religi\u00f5es, doutrinas, tradi\u00e7\u00f5es espirituais e curiosidades religiosas ao redor do mundo. Tenho grande interesse em compreender como a f\u00e9 e a religiosidade se manifestam em diferentes culturas, pa\u00edses e idiomas, sempre buscando aprender mais sobre os costumes, cren\u00e7as e hist\u00f3rias que influenciam milh\u00f5es de pessoas diariamente. Atualmente, atuo como redatora no portal Ora\u00e7\u00e3o e F\u00e9, onde compartilho conte\u00fados informativos, reflexivos e inspiradores voltados ao universo religioso e espiritual. Meu objetivo \u00e9 levar conhecimento, curiosidades e mensagens enriquecedoras para leitores que desejam aprofundar sua compreens\u00e3o sobre f\u00e9, religi\u00e3o e espiritualidade no mundo moderno.","sameAs":["https:\/\/www.oracaoefe.com"],"url":"https:\/\/www.oracaoefe.com\/fr\/author\/admin\/"}]}},"_links":{"self":[{"href":"https:\/\/www.oracaoefe.com\/fr\/wp-json\/wp\/v2\/posts\/3845","targetHints":{"allow":["GET"]}}],"collection":[{"href":"https:\/\/www.oracaoefe.com\/fr\/wp-json\/wp\/v2\/posts"}],"about":[{"href":"https:\/\/www.oracaoefe.com\/fr\/wp-json\/wp\/v2\/types\/post"}],"author":[{"embeddable":true,"href":"https:\/\/www.oracaoefe.com\/fr\/wp-json\/wp\/v2\/users\/1"}],"replies":[{"embeddable":true,"href":"https:\/\/www.oracaoefe.com\/fr\/wp-json\/wp\/v2\/comments?post=3845"}],"version-history":[{"count":1,"href":"https:\/\/www.oracaoefe.com\/fr\/wp-json\/wp\/v2\/posts\/3845\/revisions"}],"predecessor-version":[{"id":3847,"href":"https:\/\/www.oracaoefe.com\/fr\/wp-json\/wp\/v2\/posts\/3845\/revisions\/3847"}],"wp:featuredmedia":[{"embeddable":true,"href":"https:\/\/www.oracaoefe.com\/fr\/wp-json\/wp\/v2\/media\/3846"}],"wp:attachment":[{"href":"https:\/\/www.oracaoefe.com\/fr\/wp-json\/wp\/v2\/media?parent=3845"}],"wp:term":[{"taxonomy":"category","embeddable":true,"href":"https:\/\/www.oracaoefe.com\/fr\/wp-json\/wp\/v2\/categories?post=3845"},{"taxonomy":"post_tag","embeddable":true,"href":"https:\/\/www.oracaoefe.com\/fr\/wp-json\/wp\/v2\/tags?post=3845"}],"curies":[{"name":"wp","href":"https:\/\/api.w.org\/{rel}","templated":true}]}}