{"id":3817,"date":"2025-10-27T22:49:06","date_gmt":"2025-10-28T01:49:06","guid":{"rendered":"https:\/\/www.oracaoefe.com\/?p=3817"},"modified":"2025-12-16T13:10:13","modified_gmt":"2025-12-16T16:10:13","slug":"oracoes-rapidas-para-momentos-de-urgencia-espiritual","status":"publish","type":"post","link":"https:\/\/www.oracaoefe.com\/fr\/oracoes-rapidas-para-momentos-de-urgencia-espiritual\/","title":{"rendered":"Ora\u00e7\u00f5es r\u00e1pidas para momentos de urg\u00eancia espiritual"},"content":{"rendered":"<p class=\"has-text-align-center wp-block-paragraph\"><strong>Fa\u00e7a sua ora\u00e7\u00e3o urgente!<\/strong><\/p>\n\n\n\n<p class=\"wp-block-paragraph\">Tem dia que o mundo parece desabar, n\u00e9? Voc\u00ea tenta manter a calma, respira fundo, mas o cora\u00e7\u00e3o aperta e a mente n\u00e3o para. Nessas horas, n\u00e3o d\u00e1 tempo de abrir um livro sagrado, acender vela ou montar um altar. O que voc\u00ea precisa \u00e9 de uma <strong>ora\u00e7\u00e3o r\u00e1pida<\/strong>, direta ao ponto, uma conversa sincera com o Divino pra aliviar o peso e trazer luz imediata.<\/p>\n\n\n\n<p class=\"wp-block-paragraph\">Essas <strong>ora\u00e7\u00f5es curtas de urg\u00eancia espiritual<\/strong> s\u00e3o como aquele abra\u00e7o invis\u00edvel que chega quando voc\u00ea mais precisa. N\u00e3o importa sua religi\u00e3o: o que vale \u00e9 a inten\u00e7\u00e3o. F\u00e9 n\u00e3o tem tamanho, tem for\u00e7a.<\/p>\n\n\n\n<h2 class=\"wp-block-heading\">Quando o medo toma conta<\/h2>\n\n\n\n<blockquote class=\"wp-block-quote is-layout-flow wp-block-quote-is-layout-flow\">\n<p class=\"wp-block-paragraph\">\u201cSenhor, acalma meu cora\u00e7\u00e3o.<br>Tira de mim o medo que me paralisa e me faz duvidar.<br>D\u00e1-me for\u00e7a pra seguir, mesmo sem entender o caminho.<br>Confio que tudo se resolver\u00e1 no tempo certo.\u201d<\/p>\n<\/blockquote>\n\n\n\n<p class=\"wp-block-paragraph\">Essa \u00e9 uma daquelas ora\u00e7\u00f5es que cabem em qualquer momento de desespero. Pode dizer em voz alta, no \u00f4nibus, no trabalho, onde estiver. O segredo \u00e9 sentir o que est\u00e1 dizendo \u2014 n\u00e3o repetir no autom\u00e1tico.<\/p>\n\n\n\n<h2 class=\"wp-block-heading\">Quando voc\u00ea precisa de prote\u00e7\u00e3o imediata<\/h2>\n\n\n\n<blockquote class=\"wp-block-quote is-layout-flow wp-block-quote-is-layout-flow\">\n<p class=\"wp-block-paragraph\">\u201cAnjos de luz, fiquem ao meu redor.<br>Que nenhuma energia negativa se aproxime de mim.<br>Cubram-me com o manto da paz e me guiem com sabedoria.<br>Que eu caminhe protegido, confiante e em paz.\u201d<\/p>\n<\/blockquote>\n\n\n\n<p class=\"wp-block-paragraph\">Essa ora\u00e7\u00e3o \u00e9 \u00f3tima pra quando voc\u00ea sente aquele \u201cpeso no ar\u201d ou pressente algo ruim. Pode imaginar uma luz dourada te cercando enquanto fala \u2014 ajuda a refor\u00e7ar a prote\u00e7\u00e3o espiritual.<\/p>\n\n\n\n<h2 class=\"wp-block-heading\">Quando tudo parece sem solu\u00e7\u00e3o<\/h2>\n\n\n\n<blockquote class=\"wp-block-quote is-layout-flow wp-block-quote-is-layout-flow\">\n<p class=\"wp-block-paragraph\">\u201cMeu Deus, eu n\u00e3o sei o que fazer,<br>mas confio que o Senhor sabe.<br>Entrego o que n\u00e3o posso mudar e pe\u00e7o apenas serenidade.<br>Mostra-me um caminho, ainda que seja pequeno.\u201d<\/p>\n<\/blockquote>\n\n\n\n<p class=\"wp-block-paragraph\">\u00c9 pra aquele momento em que a gente j\u00e1 chorou, j\u00e1 tentou de tudo e s\u00f3 resta confiar. Essa entrega \u00e9 um ato de f\u00e9 dos mais poderosos \u2014 quando a gente solta o controle e deixa a vida fluir sob a vontade divina.<\/p>\n\n\n\n<h2 class=\"wp-block-heading\">Quando o desespero chega sem aviso<\/h2>\n\n\n\n<blockquote class=\"wp-block-quote is-layout-flow wp-block-quote-is-layout-flow\">\n<p class=\"wp-block-paragraph\">\u201cEsp\u00edrito de paz, vem agora.<br>Acalma minha mente, silencia meu medo e fortalece meu esp\u00edrito.<br>Que eu sinta tua presen\u00e7a aqui e agora,<br>trazendo clareza e calma onde h\u00e1 afli\u00e7\u00e3o.\u201d<\/p>\n<\/blockquote>\n\n\n\n<p class=\"wp-block-paragraph\">Essa \u00e9 quase um \u201cSOS espiritual\u201d. Serve pra crises de ansiedade, not\u00edcias dif\u00edceis, brigas, lutos ou simplesmente aquele turbilh\u00e3o que vem do nada.<\/p>\n\n\n\n<h2 class=\"wp-block-heading\">Quando voc\u00ea precisa perdoar pra seguir<\/h2>\n\n\n\n<blockquote class=\"wp-block-quote is-layout-flow wp-block-quote-is-layout-flow\">\n<p class=\"wp-block-paragraph\">\u201cSenhor, me ensina a perdoar.<br>N\u00e3o pra esquecer o que fizeram, mas pra libertar o que sinto.<br>Que o perd\u00e3o cure meu cora\u00e7\u00e3o e me devolva a paz.<br>Que eu siga leve, sem m\u00e1goa nem rancor.\u201d<\/p>\n<\/blockquote>\n\n\n\n<p class=\"wp-block-paragraph\">\u00c0s vezes, a urg\u00eancia espiritual n\u00e3o \u00e9 externa \u2014 \u00e9 interna. Ficar preso \u00e0 raiva drena a alma. Essa ora\u00e7\u00e3o \u00e9 um pedido de liberta\u00e7\u00e3o, pra que o perd\u00e3o traga al\u00edvio e n\u00e3o apenas palavras bonitas.<\/p>\n\n\n\n<h2 class=\"wp-block-heading\">Quando o corpo e a alma est\u00e3o cansados<\/h2>\n\n\n\n<blockquote class=\"wp-block-quote is-layout-flow wp-block-quote-is-layout-flow\">\n<p class=\"wp-block-paragraph\">\u201cDeus, minha for\u00e7a acabou, mas eu continuo Te buscando.<br>D\u00e1-me descanso, renova meu \u00e2nimo e minha f\u00e9.<br>Que o amanh\u00e3 traga nova esperan\u00e7a e novo f\u00f4lego.\u201d<\/p>\n<\/blockquote>\n\n\n\n<p class=\"wp-block-paragraph\">Essa \u00e9 perfeita pra quem anda esgotado \u2014 mentalmente, fisicamente ou emocionalmente. \u00c9 o tipo de prece que n\u00e3o precisa de energia pra fazer, s\u00f3 de sinceridade.<\/p>\n\n\n\n<h2 class=\"wp-block-heading\">Quando voc\u00ea precisa agradecer \u2014 mesmo na dor<\/h2>\n\n\n\n<blockquote class=\"wp-block-quote is-layout-flow wp-block-quote-is-layout-flow\">\n<p class=\"wp-block-paragraph\">\u201cSenhor, mesmo sem entender, eu agrade\u00e7o.<br>Porque sei que cada dor traz um prop\u00f3sito,<br>e cada prova, um aprendizado.<br>Que eu nunca perca a f\u00e9, nem mesmo nas tempestades.\u201d<\/p>\n<\/blockquote>\n\n\n\n<p class=\"wp-block-paragraph\">Essa ora\u00e7\u00e3o transforma o sofrimento em algo mais suport\u00e1vel. A gratid\u00e3o \u00e9 uma das formas mais r\u00e1pidas de elevar a energia espiritual.<\/p>\n\n\n\n<h2 class=\"wp-block-heading\">Quando voc\u00ea quer pedir luz pra algu\u00e9m querido<\/h2>\n\n\n\n<blockquote class=\"wp-block-quote is-layout-flow wp-block-quote-is-layout-flow\">\n<p class=\"wp-block-paragraph\">\u201cDeus, envolve (nome da pessoa) com tua luz e amor.<br>Acalma seu cora\u00e7\u00e3o, alivia sua dor e guia seus passos.<br>Onde eu n\u00e3o posso estar, que o Teu amor esteja.\u201d<\/p>\n<\/blockquote>\n\n\n\n<p class=\"wp-block-paragraph\">Essa \u00e9 poderosa pra quem quer ajudar algu\u00e9m, mas n\u00e3o sabe como. \u00c0s vezes, a ora\u00e7\u00e3o chega onde a gente n\u00e3o pode ir.<\/p>\n\n\n\n<h2 class=\"wp-block-heading\">Quando o medo da morte ou da perda te abala<\/h2>\n\n\n\n<blockquote class=\"wp-block-quote is-layout-flow wp-block-quote-is-layout-flow\">\n<p class=\"wp-block-paragraph\">\u201cSenhor, guarda os que amo e consola os que partiram.<br>Que a morte nunca seja o fim, mas um retorno \u00e0 Tua luz.<br>Que meu cora\u00e7\u00e3o se encha de paz, n\u00e3o de medo.\u201d<\/p>\n<\/blockquote>\n\n\n\n<p class=\"wp-block-paragraph\">\u00c9 uma ora\u00e7\u00e3o de conforto \u2014 um lembrete de que o amor \u00e9 eterno e a alma n\u00e3o se perde.<\/p>\n\n\n\n<h2 class=\"wp-block-heading\">Ore com f\u00e9!<\/h2>\n\n\n\n<p class=\"wp-block-paragraph\">Essas ora\u00e7\u00f5es n\u00e3o precisam de ritual, hor\u00e1rio ou formalidade. S\u00e3o palavras curtas, mas cheias de f\u00e9 \u2014 feitas pra momentos em que a alma grita por ajuda.<\/p>\n\n\n\n<p class=\"wp-block-paragraph\">Se puder, respire fundo antes de rezar. Coloque a m\u00e3o no cora\u00e7\u00e3o e fale devagar. Sinta cada palavra saindo de voc\u00ea como uma fa\u00edsca de luz.<\/p>\n\n\n\n<p class=\"wp-block-paragraph\">Porque, no fim das contas, <strong>ora\u00e7\u00e3o \u00e9 energia em movimento<\/strong> \u2014 e mesmo as mais r\u00e1pidas podem abrir portas que pareciam fechadas.<\/p>\n\n\n\n<p class=\"wp-block-paragraph\"><strong>Voir aussi\u00a0: <a href=\"https:\/\/www.oracaoefe.com\/fr\/o-que-rezar-quando-esta-com-ansiedade\/\">O que rezar quando est\u00e1 com ansiedade?<\/a><\/strong><\/p>\n\n\n\n<p class=\"wp-block-paragraph\">Publicado em 27 de outubro de 2025<\/p>","protected":false},"excerpt":{"rendered":"<p>Fa\u00e7a sua ora\u00e7\u00e3o urgente! Tem dia que o mundo parece desabar, n\u00e9? Voc\u00ea tenta manter a calma, respira fundo, mas o cora\u00e7\u00e3o aperta e a mente n\u00e3o para. Nessas horas, n\u00e3o d\u00e1 tempo de abrir um livro sagrado, acender vela ou montar um altar. O que voc\u00ea precisa \u00e9 de uma ora\u00e7\u00e3o r\u00e1pida, direta ao&hellip;&nbsp;<\/p>","protected":false},"author":3,"featured_media":3818,"comment_status":"closed","ping_status":"closed","sticky":false,"template":"","format":"standard","meta":{"neve_meta_sidebar":"","neve_meta_container":"","neve_meta_enable_content_width":"","neve_meta_content_width":0,"neve_meta_title_alignment":"","neve_meta_author_avatar":"","neve_post_elements_order":"","neve_meta_disable_header":"","neve_meta_disable_footer":"","neve_meta_disable_title":"","footnotes":""},"categories":[2],"tags":[],"class_list":["post-3817","post","type-post","status-publish","format-standard","has-post-thumbnail","hentry","category-oracao"],"yoast_head":"<!-- This site is optimized with the Yoast SEO plugin v28.4 - https:\/\/yoast.com\/product\/yoast-seo-wordpress\/ -->\n<title>Ora\u00e7\u00f5es r\u00e1pidas para momentos de urg\u00eancia espiritual - Ora\u00e7\u00e3o e F\u00e9<\/title>\n<meta name=\"description\" content=\"Deus tem pra voc\u00ea uma palavra de vida!\" \/>\n<meta name=\"robots\" content=\"index, follow, max-snippet:-1, max-image-preview:large, max-video-preview:-1\" \/>\n<link rel=\"canonical\" href=\"https:\/\/www.oracaoefe.com\/fr\/oracoes-rapidas-para-momentos-de-urgencia-espiritual\/\" \/>\n<meta property=\"og:locale\" content=\"fr_FR\" \/>\n<meta property=\"og:type\" content=\"article\" \/>\n<meta property=\"og:title\" content=\"Ora\u00e7\u00f5es r\u00e1pidas para momentos de urg\u00eancia espiritual - Ora\u00e7\u00e3o e F\u00e9\" \/>\n<meta property=\"og:description\" content=\"Deus tem pra voc\u00ea uma palavra de vida!\" \/>\n<meta property=\"og:url\" content=\"https:\/\/www.oracaoefe.com\/fr\/oracoes-rapidas-para-momentos-de-urgencia-espiritual\/\" \/>\n<meta property=\"og:site_name\" content=\"Ora\u00e7\u00e3o e F\u00e9\" \/>\n<meta property=\"article:published_time\" content=\"2025-10-28T01:49:06+00:00\" \/>\n<meta property=\"article:modified_time\" content=\"2025-12-16T16:10:13+00:00\" \/>\n<meta property=\"og:image\" content=\"https:\/\/www.oracaoefe.com\/wp-content\/uploads\/2025\/10\/oracao-da-crise-da-vida-crista-deus-scaled.jpg\" \/>\n\t<meta property=\"og:image:width\" content=\"2560\" \/>\n\t<meta property=\"og:image:height\" content=\"1440\" \/>\n\t<meta property=\"og:image:type\" content=\"image\/jpeg\" \/>\n<meta name=\"author\" content=\"Michele Azevedo\" \/>\n<meta name=\"twitter:card\" content=\"summary_large_image\" \/>\n<meta name=\"twitter:label1\" content=\"\u00c9crit par\" \/>\n\t<meta name=\"twitter:data1\" content=\"Michele Azevedo\" \/>\n\t<meta name=\"twitter:label2\" content=\"Dur\u00e9e de lecture estim\u00e9e\" \/>\n\t<meta name=\"twitter:data2\" content=\"4 minutes\" \/>\n<script type=\"application\/ld+json\" class=\"yoast-schema-graph\">{\"@context\":\"https:\\\/\\\/schema.org\",\"@graph\":[{\"@type\":\"Article\",\"@id\":\"https:\\\/\\\/www.oracaoefe.com\\\/oracoes-rapidas-para-momentos-de-urgencia-espiritual\\\/#article\",\"isPartOf\":{\"@id\":\"https:\\\/\\\/www.oracaoefe.com\\\/oracoes-rapidas-para-momentos-de-urgencia-espiritual\\\/\"},\"author\":{\"name\":\"Michele Azevedo\",\"@id\":\"https:\\\/\\\/www.oracaoefe.com\\\/#\\\/schema\\\/person\\\/17283c669442cf005c4d5bb58adfb7f5\"},\"headline\":\"Ora\u00e7\u00f5es r\u00e1pidas para momentos de urg\u00eancia espiritual\",\"datePublished\":\"2025-10-28T01:49:06+00:00\",\"dateModified\":\"2025-12-16T16:10:13+00:00\",\"mainEntityOfPage\":{\"@id\":\"https:\\\/\\\/www.oracaoefe.com\\\/oracoes-rapidas-para-momentos-de-urgencia-espiritual\\\/\"},\"wordCount\":865,\"image\":{\"@id\":\"https:\\\/\\\/www.oracaoefe.com\\\/oracoes-rapidas-para-momentos-de-urgencia-espiritual\\\/#primaryimage\"},\"thumbnailUrl\":\"https:\\\/\\\/www.oracaoefe.com\\\/wp-content\\\/uploads\\\/2025\\\/10\\\/oracao-da-crise-da-vida-crista-deus-scaled.jpg\",\"articleSection\":[\"Ora\u00e7\u00e3o\"],\"inLanguage\":\"fr-FR\"},{\"@type\":\"WebPage\",\"@id\":\"https:\\\/\\\/www.oracaoefe.com\\\/oracoes-rapidas-para-momentos-de-urgencia-espiritual\\\/\",\"url\":\"https:\\\/\\\/www.oracaoefe.com\\\/oracoes-rapidas-para-momentos-de-urgencia-espiritual\\\/\",\"name\":\"Ora\u00e7\u00f5es r\u00e1pidas para momentos de urg\u00eancia espiritual - Ora\u00e7\u00e3o e F\u00e9\",\"isPartOf\":{\"@id\":\"https:\\\/\\\/www.oracaoefe.com\\\/#website\"},\"primaryImageOfPage\":{\"@id\":\"https:\\\/\\\/www.oracaoefe.com\\\/oracoes-rapidas-para-momentos-de-urgencia-espiritual\\\/#primaryimage\"},\"image\":{\"@id\":\"https:\\\/\\\/www.oracaoefe.com\\\/oracoes-rapidas-para-momentos-de-urgencia-espiritual\\\/#primaryimage\"},\"thumbnailUrl\":\"https:\\\/\\\/www.oracaoefe.com\\\/wp-content\\\/uploads\\\/2025\\\/10\\\/oracao-da-crise-da-vida-crista-deus-scaled.jpg\",\"datePublished\":\"2025-10-28T01:49:06+00:00\",\"dateModified\":\"2025-12-16T16:10:13+00:00\",\"author\":{\"@id\":\"https:\\\/\\\/www.oracaoefe.com\\\/#\\\/schema\\\/person\\\/17283c669442cf005c4d5bb58adfb7f5\"},\"description\":\"Deus tem pra voc\u00ea uma palavra de vida!\",\"breadcrumb\":{\"@id\":\"https:\\\/\\\/www.oracaoefe.com\\\/oracoes-rapidas-para-momentos-de-urgencia-espiritual\\\/#breadcrumb\"},\"inLanguage\":\"fr-FR\",\"potentialAction\":[{\"@type\":\"ReadAction\",\"target\":[\"https:\\\/\\\/www.oracaoefe.com\\\/oracoes-rapidas-para-momentos-de-urgencia-espiritual\\\/\"]}]},{\"@type\":\"ImageObject\",\"inLanguage\":\"fr-FR\",\"@id\":\"https:\\\/\\\/www.oracaoefe.com\\\/oracoes-rapidas-para-momentos-de-urgencia-espiritual\\\/#primaryimage\",\"url\":\"https:\\\/\\\/www.oracaoefe.com\\\/wp-content\\\/uploads\\\/2025\\\/10\\\/oracao-da-crise-da-vida-crista-deus-scaled.jpg\",\"contentUrl\":\"https:\\\/\\\/www.oracaoefe.com\\\/wp-content\\\/uploads\\\/2025\\\/10\\\/oracao-da-crise-da-vida-crista-deus-scaled.jpg\",\"width\":2560,\"height\":1440,\"caption\":\"Christian life crisis prayer to god. Woman Pray for god blessing to wishing have a better life. woman hands praying to god with the bible. begging for forgiveness and believe in goodness.\"},{\"@type\":\"BreadcrumbList\",\"@id\":\"https:\\\/\\\/www.oracaoefe.com\\\/oracoes-rapidas-para-momentos-de-urgencia-espiritual\\\/#breadcrumb\",\"itemListElement\":[{\"@type\":\"ListItem\",\"position\":1,\"name\":\"Home\",\"item\":\"https:\\\/\\\/www.oracaoefe.com\\\/\"},{\"@type\":\"ListItem\",\"position\":2,\"name\":\"Ora\u00e7\u00e3o\",\"item\":\"https:\\\/\\\/www.oracaoefe.com\\\/category\\\/oracao\\\/\"},{\"@type\":\"ListItem\",\"position\":3,\"name\":\"Ora\u00e7\u00f5es r\u00e1pidas para momentos de urg\u00eancia espiritual\"}]},{\"@type\":\"WebSite\",\"@id\":\"https:\\\/\\\/www.oracaoefe.com\\\/#website\",\"url\":\"https:\\\/\\\/www.oracaoefe.com\\\/\",\"name\":\"Ora\u00e7\u00e3o e F\u00e9\",\"description\":\"\",\"potentialAction\":[{\"@type\":\"SearchAction\",\"target\":{\"@type\":\"EntryPoint\",\"urlTemplate\":\"https:\\\/\\\/www.oracaoefe.com\\\/?s={search_term_string}\"},\"query-input\":{\"@type\":\"PropertyValueSpecification\",\"valueRequired\":true,\"valueName\":\"search_term_string\"}}],\"inLanguage\":\"fr-FR\"},{\"@type\":\"Person\",\"@id\":\"https:\\\/\\\/www.oracaoefe.com\\\/#\\\/schema\\\/person\\\/17283c669442cf005c4d5bb58adfb7f5\",\"name\":\"Michele Azevedo\",\"image\":{\"@type\":\"ImageObject\",\"inLanguage\":\"fr-FR\",\"@id\":\"https:\\\/\\\/secure.gravatar.com\\\/avatar\\\/6b0eb9d22841282815e2cd856a0061c45e1761cd54b22e952d98c4746939aa85?s=96&d=mm&r=g\",\"url\":\"https:\\\/\\\/secure.gravatar.com\\\/avatar\\\/6b0eb9d22841282815e2cd856a0061c45e1761cd54b22e952d98c4746939aa85?s=96&d=mm&r=g\",\"contentUrl\":\"https:\\\/\\\/secure.gravatar.com\\\/avatar\\\/6b0eb9d22841282815e2cd856a0061c45e1761cd54b22e952d98c4746939aa85?s=96&d=mm&r=g\",\"caption\":\"Michele Azevedo\"},\"description\":\"Formada em Letras - Portugu\u00eas\\\/ Ingl\u00eas pela Universidade Estadual de Ponta Grossa (UEPG), p\u00f3s-graduada em Arte na Educa\u00e7\u00e3o (FAPI) e Psicopedagogia Escolar (FAPI), idealizadora e propriet\u00e1ria do site Escritora de Sucesso, possui experi\u00eancia em escrita para blogs em geral e atua como redatora e revisora dos conte\u00fados do Ora\u00e7\u00e3o e F\u00e9.\",\"url\":\"https:\\\/\\\/www.oracaoefe.com\\\/fr\\\/author\\\/michele-azevedo\\\/\"}]}<\/script>\n<!-- \/ Yoast SEO plugin. -->","yoast_head_json":{"title":"Ora\u00e7\u00f5es r\u00e1pidas para momentos de urg\u00eancia espiritual - Ora\u00e7\u00e3o e F\u00e9","description":"Dieu a une parole de vie pour vous !","robots":{"index":"index","follow":"follow","max-snippet":"max-snippet:-1","max-image-preview":"max-image-preview:large","max-video-preview":"max-video-preview:-1"},"canonical":"https:\/\/www.oracaoefe.com\/fr\/oracoes-rapidas-para-momentos-de-urgencia-espiritual\/","og_locale":"fr_FR","og_type":"article","og_title":"Ora\u00e7\u00f5es r\u00e1pidas para momentos de urg\u00eancia espiritual - Ora\u00e7\u00e3o e F\u00e9","og_description":"Deus tem pra voc\u00ea uma palavra de vida!","og_url":"https:\/\/www.oracaoefe.com\/fr\/oracoes-rapidas-para-momentos-de-urgencia-espiritual\/","og_site_name":"Ora\u00e7\u00e3o e F\u00e9","article_published_time":"2025-10-28T01:49:06+00:00","article_modified_time":"2025-12-16T16:10:13+00:00","og_image":[{"width":2560,"height":1440,"url":"https:\/\/www.oracaoefe.com\/wp-content\/uploads\/2025\/10\/oracao-da-crise-da-vida-crista-deus-scaled.jpg","type":"image\/jpeg"}],"author":"Michele Azevedo","twitter_card":"summary_large_image","twitter_misc":{"\u00c9crit par":"Michele Azevedo","Dur\u00e9e de lecture estim\u00e9e":"4 minutes"},"schema":{"@context":"https:\/\/schema.org","@graph":[{"@type":"Article","@id":"https:\/\/www.oracaoefe.com\/oracoes-rapidas-para-momentos-de-urgencia-espiritual\/#article","isPartOf":{"@id":"https:\/\/www.oracaoefe.com\/oracoes-rapidas-para-momentos-de-urgencia-espiritual\/"},"author":{"name":"Michele Azevedo","@id":"https:\/\/www.oracaoefe.com\/#\/schema\/person\/17283c669442cf005c4d5bb58adfb7f5"},"headline":"Ora\u00e7\u00f5es r\u00e1pidas para momentos de urg\u00eancia espiritual","datePublished":"2025-10-28T01:49:06+00:00","dateModified":"2025-12-16T16:10:13+00:00","mainEntityOfPage":{"@id":"https:\/\/www.oracaoefe.com\/oracoes-rapidas-para-momentos-de-urgencia-espiritual\/"},"wordCount":865,"image":{"@id":"https:\/\/www.oracaoefe.com\/oracoes-rapidas-para-momentos-de-urgencia-espiritual\/#primaryimage"},"thumbnailUrl":"https:\/\/www.oracaoefe.com\/wp-content\/uploads\/2025\/10\/oracao-da-crise-da-vida-crista-deus-scaled.jpg","articleSection":["Ora\u00e7\u00e3o"],"inLanguage":"fr-FR"},{"@type":"WebPage","@id":"https:\/\/www.oracaoefe.com\/oracoes-rapidas-para-momentos-de-urgencia-espiritual\/","url":"https:\/\/www.oracaoefe.com\/oracoes-rapidas-para-momentos-de-urgencia-espiritual\/","name":"Ora\u00e7\u00f5es r\u00e1pidas para momentos de urg\u00eancia espiritual - Ora\u00e7\u00e3o e F\u00e9","isPartOf":{"@id":"https:\/\/www.oracaoefe.com\/#website"},"primaryImageOfPage":{"@id":"https:\/\/www.oracaoefe.com\/oracoes-rapidas-para-momentos-de-urgencia-espiritual\/#primaryimage"},"image":{"@id":"https:\/\/www.oracaoefe.com\/oracoes-rapidas-para-momentos-de-urgencia-espiritual\/#primaryimage"},"thumbnailUrl":"https:\/\/www.oracaoefe.com\/wp-content\/uploads\/2025\/10\/oracao-da-crise-da-vida-crista-deus-scaled.jpg","datePublished":"2025-10-28T01:49:06+00:00","dateModified":"2025-12-16T16:10:13+00:00","author":{"@id":"https:\/\/www.oracaoefe.com\/#\/schema\/person\/17283c669442cf005c4d5bb58adfb7f5"},"description":"Dieu a une parole de vie pour vous !","breadcrumb":{"@id":"https:\/\/www.oracaoefe.com\/oracoes-rapidas-para-momentos-de-urgencia-espiritual\/#breadcrumb"},"inLanguage":"fr-FR","potentialAction":[{"@type":"ReadAction","target":["https:\/\/www.oracaoefe.com\/oracoes-rapidas-para-momentos-de-urgencia-espiritual\/"]}]},{"@type":"ImageObject","inLanguage":"fr-FR","@id":"https:\/\/www.oracaoefe.com\/oracoes-rapidas-para-momentos-de-urgencia-espiritual\/#primaryimage","url":"https:\/\/www.oracaoefe.com\/wp-content\/uploads\/2025\/10\/oracao-da-crise-da-vida-crista-deus-scaled.jpg","contentUrl":"https:\/\/www.oracaoefe.com\/wp-content\/uploads\/2025\/10\/oracao-da-crise-da-vida-crista-deus-scaled.jpg","width":2560,"height":1440,"caption":"Christian life crisis prayer to god. Woman Pray for god blessing to wishing have a better life. woman hands praying to god with the bible. begging for forgiveness and believe in goodness."},{"@type":"BreadcrumbList","@id":"https:\/\/www.oracaoefe.com\/oracoes-rapidas-para-momentos-de-urgencia-espiritual\/#breadcrumb","itemListElement":[{"@type":"ListItem","position":1,"name":"Home","item":"https:\/\/www.oracaoefe.com\/"},{"@type":"ListItem","position":2,"name":"Ora\u00e7\u00e3o","item":"https:\/\/www.oracaoefe.com\/category\/oracao\/"},{"@type":"ListItem","position":3,"name":"Ora\u00e7\u00f5es r\u00e1pidas para momentos de urg\u00eancia espiritual"}]},{"@type":"WebSite","@id":"https:\/\/www.oracaoefe.com\/#website","url":"https:\/\/www.oracaoefe.com\/","name":"Pri\u00e8re et foi","description":"","potentialAction":[{"@type":"SearchAction","target":{"@type":"EntryPoint","urlTemplate":"https:\/\/www.oracaoefe.com\/?s={search_term_string}"},"query-input":{"@type":"PropertyValueSpecification","valueRequired":true,"valueName":"search_term_string"}}],"inLanguage":"fr-FR"},{"@type":"Person","@id":"https:\/\/www.oracaoefe.com\/#\/schema\/person\/17283c669442cf005c4d5bb58adfb7f5","name":"Michele Azevedo","image":{"@type":"ImageObject","inLanguage":"fr-FR","@id":"https:\/\/secure.gravatar.com\/avatar\/6b0eb9d22841282815e2cd856a0061c45e1761cd54b22e952d98c4746939aa85?s=96&d=mm&r=g","url":"https:\/\/secure.gravatar.com\/avatar\/6b0eb9d22841282815e2cd856a0061c45e1761cd54b22e952d98c4746939aa85?s=96&d=mm&r=g","contentUrl":"https:\/\/secure.gravatar.com\/avatar\/6b0eb9d22841282815e2cd856a0061c45e1761cd54b22e952d98c4746939aa85?s=96&d=mm&r=g","caption":"Michele Azevedo"},"description":"Dipl\u00f4m\u00e9e en litt\u00e9rature portugaise\/anglaise de l&#039;Universit\u00e9 d&#039;\u00c9tat de Ponta Grossa (UEPG), avec des dipl\u00f4mes de troisi\u00e8me cycle en art dans l&#039;\u00e9ducation (FAPI) et en psychop\u00e9dagogie scolaire (FAPI), elle est la cr\u00e9atrice et propri\u00e9taire du site web Escritora de Sucesso, a de l&#039;exp\u00e9rience dans l&#039;\u00e9criture pour les blogs en g\u00e9n\u00e9ral et travaille comme r\u00e9dactrice et \u00e9ditrice du contenu pour Ora\u00e7\u00e3o e F\u00e9.","url":"https:\/\/www.oracaoefe.com\/fr\/author\/michele-azevedo\/"}]}},"_links":{"self":[{"href":"https:\/\/www.oracaoefe.com\/fr\/wp-json\/wp\/v2\/posts\/3817","targetHints":{"allow":["GET"]}}],"collection":[{"href":"https:\/\/www.oracaoefe.com\/fr\/wp-json\/wp\/v2\/posts"}],"about":[{"href":"https:\/\/www.oracaoefe.com\/fr\/wp-json\/wp\/v2\/types\/post"}],"author":[{"embeddable":true,"href":"https:\/\/www.oracaoefe.com\/fr\/wp-json\/wp\/v2\/users\/3"}],"replies":[{"embeddable":true,"href":"https:\/\/www.oracaoefe.com\/fr\/wp-json\/wp\/v2\/comments?post=3817"}],"version-history":[{"count":1,"href":"https:\/\/www.oracaoefe.com\/fr\/wp-json\/wp\/v2\/posts\/3817\/revisions"}],"predecessor-version":[{"id":3819,"href":"https:\/\/www.oracaoefe.com\/fr\/wp-json\/wp\/v2\/posts\/3817\/revisions\/3819"}],"wp:featuredmedia":[{"embeddable":true,"href":"https:\/\/www.oracaoefe.com\/fr\/wp-json\/wp\/v2\/media\/3818"}],"wp:attachment":[{"href":"https:\/\/www.oracaoefe.com\/fr\/wp-json\/wp\/v2\/media?parent=3817"}],"wp:term":[{"taxonomy":"category","embeddable":true,"href":"https:\/\/www.oracaoefe.com\/fr\/wp-json\/wp\/v2\/categories?post=3817"},{"taxonomy":"post_tag","embeddable":true,"href":"https:\/\/www.oracaoefe.com\/fr\/wp-json\/wp\/v2\/tags?post=3817"}],"curies":[{"name":"wp","href":"https:\/\/api.w.org\/{rel}","templated":true}]}}