{"id":3801,"date":"2025-09-21T15:32:14","date_gmt":"2025-09-21T18:32:14","guid":{"rendered":"https:\/\/www.oracaoefe.com\/?p=3801"},"modified":"2025-12-16T13:10:14","modified_gmt":"2025-12-16T16:10:14","slug":"oracao-pela-prosperidade-e-trabalho","status":"publish","type":"post","link":"https:\/\/www.oracaoefe.com\/fr\/oracao-pela-prosperidade-e-trabalho\/","title":{"rendered":"Ora\u00e7\u00e3o pela prosperidade e trabalho"},"content":{"rendered":"<p class=\"wp-block-paragraph\">A ora\u00e7\u00e3o sempre foi uma poderosa ferramenta de conex\u00e3o espiritual, trazendo for\u00e7a e esperan\u00e7a em momentos de desafio. Quando falamos de <strong>prosperidade e trabalho<\/strong>, estamos nos referindo n\u00e3o apenas ao ganho financeiro, mas tamb\u00e9m \u00e0 realiza\u00e7\u00e3o pessoal, \u00e0 estabilidade e \u00e0 oportunidade de crescer com dignidade. Buscar a Deus atrav\u00e9s da ora\u00e7\u00e3o \u00e9 pedir sabedoria, portas abertas e coragem para seguir firme em cada jornada profissional.<\/p>\n\n\n\n<h2 class=\"wp-block-heading\">A import\u00e2ncia de orar pelo trabalho<\/h2>\n\n\n\n<p class=\"wp-block-paragraph\">O trabalho ocupa grande parte da vida de qualquer pessoa. \u00c9 atrav\u00e9s dele que garantimos sustento, ajudamos nossas fam\u00edlias e conquistamos sonhos. Mas nem sempre \u00e9 f\u00e1cil: h\u00e1 momentos de desemprego, incerteza, cansa\u00e7o e at\u00e9 de desmotiva\u00e7\u00e3o. Nesses per\u00edodos, a ora\u00e7\u00e3o serve como alicerce, trazendo calma e f\u00e9 para continuar.<\/p>\n\n\n\n<p class=\"wp-block-paragraph\">Orar pelo trabalho tamb\u00e9m significa colocar diante de Deus os talentos e habilidades recebidos, pedindo que Ele os multiplique para gerar n\u00e3o apenas sustento, mas tamb\u00e9m prosperidade em todas as \u00e1reas da vida.<\/p>\n\n\n\n<h2 class=\"wp-block-heading\">A prosperidade al\u00e9m do dinheiro<\/h2>\n\n\n\n<p class=\"wp-block-paragraph\">Quando falamos em prosperidade, muitas vezes pensamos apenas em finan\u00e7as. Mas a verdadeira prosperidade \u00e9 ampla: inclui sa\u00fade, paz, relacionamentos equilibrados e, claro, um trabalho que dignifique e fortale\u00e7a o cora\u00e7\u00e3o. A ora\u00e7\u00e3o pela prosperidade busca equil\u00edbrio em todas essas \u00e1reas, lembrando que a abund\u00e2ncia come\u00e7a dentro de n\u00f3s.<\/p>\n\n\n\n<h2 class=\"wp-block-heading\">Ora\u00e7\u00e3o pela prosperidade e trabalho<\/h2>\n\n\n\n<p class=\"wp-block-paragraph\">&#8220;Senhor Deus, coloco em Tuas m\u00e3os minha vida profissional e todos os meus caminhos. Pe\u00e7o que aben\u00e7oes minhas m\u00e3os, minhas ideias e meus esfor\u00e7os, para que eu encontre oportunidades que tragam sustento e alegria.<\/p>\n\n\n\n<p class=\"wp-block-paragraph\">Abre as portas que precisam ser abertas e fecha aquelas que n\u00e3o s\u00e3o para mim. Derrama prosperidade sobre minha vida, n\u00e3o apenas em recursos materiais, mas tamb\u00e9m em sabedoria, paz e sa\u00fade.<\/p>\n\n\n\n<p class=\"wp-block-paragraph\">Que meu trabalho seja fonte de b\u00ean\u00e7\u00e3o, e que atrav\u00e9s dele eu possa ajudar minha fam\u00edlia e honrar Teu nome.<\/p>\n\n\n\n<p class=\"wp-block-paragraph\">Pe\u00e7o que todo peso de des\u00e2nimo e dificuldade seja transformado em for\u00e7a e coragem para seguir em frente. Assim como Tu \u00e9s o Deus da provis\u00e3o, eu creio que tamb\u00e9m \u00e9s o Deus da abund\u00e2ncia.<\/p>\n\n\n\n<p class=\"wp-block-paragraph\">Em nome de Jesus, am\u00e9m.&#8221;<\/p>\n\n\n\n<h2 class=\"wp-block-heading\">Como incluir essa ora\u00e7\u00e3o na rotina<\/h2>\n\n\n\n<ul class=\"wp-block-list\">\n<li>Reserve alguns minutos pela manh\u00e3 para entregar seu dia de trabalho a Deus.<\/li>\n\n\n\n<li>Ore antes de entrevistas ou decis\u00f5es importantes, pedindo clareza.<\/li>\n\n\n\n<li>Use a ora\u00e7\u00e3o como forma de agradecer pelas conquistas e aprendizados.<\/li>\n\n\n\n<li>Mantenha a f\u00e9 mesmo nos dias mais desafiadores, lembrando que cada etapa tem um prop\u00f3sito.<\/li>\n<\/ul>\n\n\n\n<p class=\"wp-block-paragraph\">A <strong>ora\u00e7\u00e3o pela prosperidade e trabalho<\/strong> \u00e9 uma maneira de alinhar f\u00e9, esfor\u00e7o e esperan\u00e7a. Ela fortalece a mente e o cora\u00e7\u00e3o, ajudando a enfrentar dificuldades com confian\u00e7a e gratid\u00e3o. Quando confiamos nossos caminhos a Deus, a prosperidade deixa de ser apenas material e passa a ser uma vida plena em todas as \u00e1reas.<\/p>\n\n\n\n<p class=\"wp-block-paragraph\"><strong>Voir aussi\u00a0: <a href=\"https:\/\/www.oracaoefe.com\/fr\/oracao-para-trazer-mais-paz-e-prosperidade-para-o-lar\/\">Ora\u00e7\u00e3o para trazer mais paz e prosperidade para o lar<\/a><\/strong><\/p>\n\n\n\n<p class=\"wp-block-paragraph\">Publicado em 21 de setembro de 2025<\/p>","protected":false},"excerpt":{"rendered":"<p>A ora\u00e7\u00e3o sempre foi uma poderosa ferramenta de conex\u00e3o espiritual, trazendo for\u00e7a e esperan\u00e7a em momentos de desafio. Quando falamos de prosperidade e trabalho, estamos nos referindo n\u00e3o apenas ao ganho financeiro, mas tamb\u00e9m \u00e0 realiza\u00e7\u00e3o pessoal, \u00e0 estabilidade e \u00e0 oportunidade de crescer com dignidade. Buscar a Deus atrav\u00e9s da ora\u00e7\u00e3o \u00e9 pedir sabedoria,&hellip;&nbsp;<\/p>","protected":false},"author":3,"featured_media":3802,"comment_status":"closed","ping_status":"closed","sticky":false,"template":"","format":"standard","meta":{"neve_meta_sidebar":"","neve_meta_container":"","neve_meta_enable_content_width":"","neve_meta_content_width":0,"neve_meta_title_alignment":"","neve_meta_author_avatar":"","neve_post_elements_order":"","neve_meta_disable_header":"","neve_meta_disable_footer":"","neve_meta_disable_title":"","footnotes":""},"categories":[2],"tags":[],"class_list":["post-3801","post","type-post","status-publish","format-standard","has-post-thumbnail","hentry","category-oracao"],"yoast_head":"<!-- This site is optimized with the Yoast SEO plugin v28.4 - https:\/\/yoast.com\/product\/yoast-seo-wordpress\/ -->\n<title>Ora\u00e7\u00e3o pela prosperidade e trabalho - Ora\u00e7\u00e3o e F\u00e9<\/title>\n<meta name=\"description\" content=\"Deus tem pra voc\u00ea uma palavra de vida!\" \/>\n<meta name=\"robots\" content=\"index, follow, max-snippet:-1, max-image-preview:large, max-video-preview:-1\" \/>\n<link rel=\"canonical\" href=\"https:\/\/www.oracaoefe.com\/fr\/oracao-pela-prosperidade-e-trabalho\/\" \/>\n<meta property=\"og:locale\" content=\"fr_FR\" \/>\n<meta property=\"og:type\" content=\"article\" \/>\n<meta property=\"og:title\" content=\"Ora\u00e7\u00e3o pela prosperidade e trabalho - Ora\u00e7\u00e3o e F\u00e9\" \/>\n<meta property=\"og:description\" content=\"Deus tem pra voc\u00ea uma palavra de vida!\" \/>\n<meta property=\"og:url\" content=\"https:\/\/www.oracaoefe.com\/fr\/oracao-pela-prosperidade-e-trabalho\/\" \/>\n<meta property=\"og:site_name\" content=\"Ora\u00e7\u00e3o e F\u00e9\" \/>\n<meta property=\"article:published_time\" content=\"2025-09-21T18:32:14+00:00\" \/>\n<meta property=\"article:modified_time\" content=\"2025-12-16T16:10:14+00:00\" \/>\n<meta property=\"og:image\" content=\"https:\/\/www.oracaoefe.com\/wp-content\/uploads\/2025\/09\/ChatGPT-Image-21-de-set.-de-2025-15_24_11-1024x683.png\" \/>\n\t<meta property=\"og:image:width\" content=\"1024\" \/>\n\t<meta property=\"og:image:height\" content=\"683\" \/>\n\t<meta property=\"og:image:type\" content=\"image\/png\" \/>\n<meta name=\"author\" content=\"Michele Azevedo\" \/>\n<meta name=\"twitter:card\" content=\"summary_large_image\" \/>\n<meta name=\"twitter:label1\" content=\"\u00c9crit par\" \/>\n\t<meta name=\"twitter:data1\" content=\"Michele Azevedo\" \/>\n\t<meta name=\"twitter:label2\" content=\"Dur\u00e9e de lecture estim\u00e9e\" \/>\n\t<meta name=\"twitter:data2\" content=\"3 minutes\" \/>\n<script type=\"application\/ld+json\" class=\"yoast-schema-graph\">{\"@context\":\"https:\\\/\\\/schema.org\",\"@graph\":[{\"@type\":\"Article\",\"@id\":\"https:\\\/\\\/www.oracaoefe.com\\\/oracao-pela-prosperidade-e-trabalho\\\/#article\",\"isPartOf\":{\"@id\":\"https:\\\/\\\/www.oracaoefe.com\\\/oracao-pela-prosperidade-e-trabalho\\\/\"},\"author\":{\"name\":\"Michele Azevedo\",\"@id\":\"https:\\\/\\\/www.oracaoefe.com\\\/#\\\/schema\\\/person\\\/17283c669442cf005c4d5bb58adfb7f5\"},\"headline\":\"Ora\u00e7\u00e3o pela prosperidade e trabalho\",\"datePublished\":\"2025-09-21T18:32:14+00:00\",\"dateModified\":\"2025-12-16T16:10:14+00:00\",\"mainEntityOfPage\":{\"@id\":\"https:\\\/\\\/www.oracaoefe.com\\\/oracao-pela-prosperidade-e-trabalho\\\/\"},\"wordCount\":527,\"image\":{\"@id\":\"https:\\\/\\\/www.oracaoefe.com\\\/oracao-pela-prosperidade-e-trabalho\\\/#primaryimage\"},\"thumbnailUrl\":\"https:\\\/\\\/www.oracaoefe.com\\\/wp-content\\\/uploads\\\/2025\\\/09\\\/ChatGPT-Image-21-de-set.-de-2025-15_24_11.png\",\"articleSection\":[\"Ora\u00e7\u00e3o\"],\"inLanguage\":\"fr-FR\"},{\"@type\":\"WebPage\",\"@id\":\"https:\\\/\\\/www.oracaoefe.com\\\/oracao-pela-prosperidade-e-trabalho\\\/\",\"url\":\"https:\\\/\\\/www.oracaoefe.com\\\/oracao-pela-prosperidade-e-trabalho\\\/\",\"name\":\"Ora\u00e7\u00e3o pela prosperidade e trabalho - Ora\u00e7\u00e3o e F\u00e9\",\"isPartOf\":{\"@id\":\"https:\\\/\\\/www.oracaoefe.com\\\/#website\"},\"primaryImageOfPage\":{\"@id\":\"https:\\\/\\\/www.oracaoefe.com\\\/oracao-pela-prosperidade-e-trabalho\\\/#primaryimage\"},\"image\":{\"@id\":\"https:\\\/\\\/www.oracaoefe.com\\\/oracao-pela-prosperidade-e-trabalho\\\/#primaryimage\"},\"thumbnailUrl\":\"https:\\\/\\\/www.oracaoefe.com\\\/wp-content\\\/uploads\\\/2025\\\/09\\\/ChatGPT-Image-21-de-set.-de-2025-15_24_11.png\",\"datePublished\":\"2025-09-21T18:32:14+00:00\",\"dateModified\":\"2025-12-16T16:10:14+00:00\",\"author\":{\"@id\":\"https:\\\/\\\/www.oracaoefe.com\\\/#\\\/schema\\\/person\\\/17283c669442cf005c4d5bb58adfb7f5\"},\"description\":\"Deus tem pra voc\u00ea uma palavra de vida!\",\"breadcrumb\":{\"@id\":\"https:\\\/\\\/www.oracaoefe.com\\\/oracao-pela-prosperidade-e-trabalho\\\/#breadcrumb\"},\"inLanguage\":\"fr-FR\",\"potentialAction\":[{\"@type\":\"ReadAction\",\"target\":[\"https:\\\/\\\/www.oracaoefe.com\\\/oracao-pela-prosperidade-e-trabalho\\\/\"]}]},{\"@type\":\"ImageObject\",\"inLanguage\":\"fr-FR\",\"@id\":\"https:\\\/\\\/www.oracaoefe.com\\\/oracao-pela-prosperidade-e-trabalho\\\/#primaryimage\",\"url\":\"https:\\\/\\\/www.oracaoefe.com\\\/wp-content\\\/uploads\\\/2025\\\/09\\\/ChatGPT-Image-21-de-set.-de-2025-15_24_11.png\",\"contentUrl\":\"https:\\\/\\\/www.oracaoefe.com\\\/wp-content\\\/uploads\\\/2025\\\/09\\\/ChatGPT-Image-21-de-set.-de-2025-15_24_11.png\",\"width\":1536,\"height\":1024},{\"@type\":\"BreadcrumbList\",\"@id\":\"https:\\\/\\\/www.oracaoefe.com\\\/oracao-pela-prosperidade-e-trabalho\\\/#breadcrumb\",\"itemListElement\":[{\"@type\":\"ListItem\",\"position\":1,\"name\":\"Home\",\"item\":\"https:\\\/\\\/www.oracaoefe.com\\\/\"},{\"@type\":\"ListItem\",\"position\":2,\"name\":\"Ora\u00e7\u00e3o\",\"item\":\"https:\\\/\\\/www.oracaoefe.com\\\/category\\\/oracao\\\/\"},{\"@type\":\"ListItem\",\"position\":3,\"name\":\"Ora\u00e7\u00e3o pela prosperidade e trabalho\"}]},{\"@type\":\"WebSite\",\"@id\":\"https:\\\/\\\/www.oracaoefe.com\\\/#website\",\"url\":\"https:\\\/\\\/www.oracaoefe.com\\\/\",\"name\":\"Ora\u00e7\u00e3o e F\u00e9\",\"description\":\"\",\"potentialAction\":[{\"@type\":\"SearchAction\",\"target\":{\"@type\":\"EntryPoint\",\"urlTemplate\":\"https:\\\/\\\/www.oracaoefe.com\\\/?s={search_term_string}\"},\"query-input\":{\"@type\":\"PropertyValueSpecification\",\"valueRequired\":true,\"valueName\":\"search_term_string\"}}],\"inLanguage\":\"fr-FR\"},{\"@type\":\"Person\",\"@id\":\"https:\\\/\\\/www.oracaoefe.com\\\/#\\\/schema\\\/person\\\/17283c669442cf005c4d5bb58adfb7f5\",\"name\":\"Michele Azevedo\",\"image\":{\"@type\":\"ImageObject\",\"inLanguage\":\"fr-FR\",\"@id\":\"https:\\\/\\\/secure.gravatar.com\\\/avatar\\\/6b0eb9d22841282815e2cd856a0061c45e1761cd54b22e952d98c4746939aa85?s=96&d=mm&r=g\",\"url\":\"https:\\\/\\\/secure.gravatar.com\\\/avatar\\\/6b0eb9d22841282815e2cd856a0061c45e1761cd54b22e952d98c4746939aa85?s=96&d=mm&r=g\",\"contentUrl\":\"https:\\\/\\\/secure.gravatar.com\\\/avatar\\\/6b0eb9d22841282815e2cd856a0061c45e1761cd54b22e952d98c4746939aa85?s=96&d=mm&r=g\",\"caption\":\"Michele Azevedo\"},\"description\":\"Formada em Letras - Portugu\u00eas\\\/ Ingl\u00eas pela Universidade Estadual de Ponta Grossa (UEPG), p\u00f3s-graduada em Arte na Educa\u00e7\u00e3o (FAPI) e Psicopedagogia Escolar (FAPI), idealizadora e propriet\u00e1ria do site Escritora de Sucesso, possui experi\u00eancia em escrita para blogs em geral e atua como redatora e revisora dos conte\u00fados do Ora\u00e7\u00e3o e F\u00e9.\",\"url\":\"https:\\\/\\\/www.oracaoefe.com\\\/fr\\\/author\\\/michele-azevedo\\\/\"}]}<\/script>\n<!-- \/ Yoast SEO plugin. -->","yoast_head_json":{"title":"Ora\u00e7\u00e3o pela prosperidade e trabalho - Ora\u00e7\u00e3o e F\u00e9","description":"Dieu a une parole de vie pour vous !","robots":{"index":"index","follow":"follow","max-snippet":"max-snippet:-1","max-image-preview":"max-image-preview:large","max-video-preview":"max-video-preview:-1"},"canonical":"https:\/\/www.oracaoefe.com\/fr\/oracao-pela-prosperidade-e-trabalho\/","og_locale":"fr_FR","og_type":"article","og_title":"Ora\u00e7\u00e3o pela prosperidade e trabalho - Ora\u00e7\u00e3o e F\u00e9","og_description":"Deus tem pra voc\u00ea uma palavra de vida!","og_url":"https:\/\/www.oracaoefe.com\/fr\/oracao-pela-prosperidade-e-trabalho\/","og_site_name":"Ora\u00e7\u00e3o e F\u00e9","article_published_time":"2025-09-21T18:32:14+00:00","article_modified_time":"2025-12-16T16:10:14+00:00","og_image":[{"width":1024,"height":683,"url":"https:\/\/www.oracaoefe.com\/wp-content\/uploads\/2025\/09\/ChatGPT-Image-21-de-set.-de-2025-15_24_11-1024x683.png","type":"image\/png"}],"author":"Michele Azevedo","twitter_card":"summary_large_image","twitter_misc":{"\u00c9crit par":"Michele Azevedo","Dur\u00e9e de lecture estim\u00e9e":"3 minutes"},"schema":{"@context":"https:\/\/schema.org","@graph":[{"@type":"Article","@id":"https:\/\/www.oracaoefe.com\/oracao-pela-prosperidade-e-trabalho\/#article","isPartOf":{"@id":"https:\/\/www.oracaoefe.com\/oracao-pela-prosperidade-e-trabalho\/"},"author":{"name":"Michele Azevedo","@id":"https:\/\/www.oracaoefe.com\/#\/schema\/person\/17283c669442cf005c4d5bb58adfb7f5"},"headline":"Ora\u00e7\u00e3o pela prosperidade e trabalho","datePublished":"2025-09-21T18:32:14+00:00","dateModified":"2025-12-16T16:10:14+00:00","mainEntityOfPage":{"@id":"https:\/\/www.oracaoefe.com\/oracao-pela-prosperidade-e-trabalho\/"},"wordCount":527,"image":{"@id":"https:\/\/www.oracaoefe.com\/oracao-pela-prosperidade-e-trabalho\/#primaryimage"},"thumbnailUrl":"https:\/\/www.oracaoefe.com\/wp-content\/uploads\/2025\/09\/ChatGPT-Image-21-de-set.-de-2025-15_24_11.png","articleSection":["Ora\u00e7\u00e3o"],"inLanguage":"fr-FR"},{"@type":"WebPage","@id":"https:\/\/www.oracaoefe.com\/oracao-pela-prosperidade-e-trabalho\/","url":"https:\/\/www.oracaoefe.com\/oracao-pela-prosperidade-e-trabalho\/","name":"Ora\u00e7\u00e3o pela prosperidade e trabalho - Ora\u00e7\u00e3o e F\u00e9","isPartOf":{"@id":"https:\/\/www.oracaoefe.com\/#website"},"primaryImageOfPage":{"@id":"https:\/\/www.oracaoefe.com\/oracao-pela-prosperidade-e-trabalho\/#primaryimage"},"image":{"@id":"https:\/\/www.oracaoefe.com\/oracao-pela-prosperidade-e-trabalho\/#primaryimage"},"thumbnailUrl":"https:\/\/www.oracaoefe.com\/wp-content\/uploads\/2025\/09\/ChatGPT-Image-21-de-set.-de-2025-15_24_11.png","datePublished":"2025-09-21T18:32:14+00:00","dateModified":"2025-12-16T16:10:14+00:00","author":{"@id":"https:\/\/www.oracaoefe.com\/#\/schema\/person\/17283c669442cf005c4d5bb58adfb7f5"},"description":"Dieu a une parole de vie pour vous !","breadcrumb":{"@id":"https:\/\/www.oracaoefe.com\/oracao-pela-prosperidade-e-trabalho\/#breadcrumb"},"inLanguage":"fr-FR","potentialAction":[{"@type":"ReadAction","target":["https:\/\/www.oracaoefe.com\/oracao-pela-prosperidade-e-trabalho\/"]}]},{"@type":"ImageObject","inLanguage":"fr-FR","@id":"https:\/\/www.oracaoefe.com\/oracao-pela-prosperidade-e-trabalho\/#primaryimage","url":"https:\/\/www.oracaoefe.com\/wp-content\/uploads\/2025\/09\/ChatGPT-Image-21-de-set.-de-2025-15_24_11.png","contentUrl":"https:\/\/www.oracaoefe.com\/wp-content\/uploads\/2025\/09\/ChatGPT-Image-21-de-set.-de-2025-15_24_11.png","width":1536,"height":1024},{"@type":"BreadcrumbList","@id":"https:\/\/www.oracaoefe.com\/oracao-pela-prosperidade-e-trabalho\/#breadcrumb","itemListElement":[{"@type":"ListItem","position":1,"name":"Home","item":"https:\/\/www.oracaoefe.com\/"},{"@type":"ListItem","position":2,"name":"Ora\u00e7\u00e3o","item":"https:\/\/www.oracaoefe.com\/category\/oracao\/"},{"@type":"ListItem","position":3,"name":"Ora\u00e7\u00e3o pela prosperidade e trabalho"}]},{"@type":"WebSite","@id":"https:\/\/www.oracaoefe.com\/#website","url":"https:\/\/www.oracaoefe.com\/","name":"Pri\u00e8re et foi","description":"","potentialAction":[{"@type":"SearchAction","target":{"@type":"EntryPoint","urlTemplate":"https:\/\/www.oracaoefe.com\/?s={search_term_string}"},"query-input":{"@type":"PropertyValueSpecification","valueRequired":true,"valueName":"search_term_string"}}],"inLanguage":"fr-FR"},{"@type":"Person","@id":"https:\/\/www.oracaoefe.com\/#\/schema\/person\/17283c669442cf005c4d5bb58adfb7f5","name":"Michele Azevedo","image":{"@type":"ImageObject","inLanguage":"fr-FR","@id":"https:\/\/secure.gravatar.com\/avatar\/6b0eb9d22841282815e2cd856a0061c45e1761cd54b22e952d98c4746939aa85?s=96&d=mm&r=g","url":"https:\/\/secure.gravatar.com\/avatar\/6b0eb9d22841282815e2cd856a0061c45e1761cd54b22e952d98c4746939aa85?s=96&d=mm&r=g","contentUrl":"https:\/\/secure.gravatar.com\/avatar\/6b0eb9d22841282815e2cd856a0061c45e1761cd54b22e952d98c4746939aa85?s=96&d=mm&r=g","caption":"Michele Azevedo"},"description":"Dipl\u00f4m\u00e9e en litt\u00e9rature portugaise\/anglaise de l&#039;Universit\u00e9 d&#039;\u00c9tat de Ponta Grossa (UEPG), avec des dipl\u00f4mes de troisi\u00e8me cycle en art dans l&#039;\u00e9ducation (FAPI) et en psychop\u00e9dagogie scolaire (FAPI), elle est la cr\u00e9atrice et propri\u00e9taire du site web Escritora de Sucesso, a de l&#039;exp\u00e9rience dans l&#039;\u00e9criture pour les blogs en g\u00e9n\u00e9ral et travaille comme r\u00e9dactrice et \u00e9ditrice du contenu pour Ora\u00e7\u00e3o e F\u00e9.","url":"https:\/\/www.oracaoefe.com\/fr\/author\/michele-azevedo\/"}]}},"_links":{"self":[{"href":"https:\/\/www.oracaoefe.com\/fr\/wp-json\/wp\/v2\/posts\/3801","targetHints":{"allow":["GET"]}}],"collection":[{"href":"https:\/\/www.oracaoefe.com\/fr\/wp-json\/wp\/v2\/posts"}],"about":[{"href":"https:\/\/www.oracaoefe.com\/fr\/wp-json\/wp\/v2\/types\/post"}],"author":[{"embeddable":true,"href":"https:\/\/www.oracaoefe.com\/fr\/wp-json\/wp\/v2\/users\/3"}],"replies":[{"embeddable":true,"href":"https:\/\/www.oracaoefe.com\/fr\/wp-json\/wp\/v2\/comments?post=3801"}],"version-history":[{"count":1,"href":"https:\/\/www.oracaoefe.com\/fr\/wp-json\/wp\/v2\/posts\/3801\/revisions"}],"predecessor-version":[{"id":3803,"href":"https:\/\/www.oracaoefe.com\/fr\/wp-json\/wp\/v2\/posts\/3801\/revisions\/3803"}],"wp:featuredmedia":[{"embeddable":true,"href":"https:\/\/www.oracaoefe.com\/fr\/wp-json\/wp\/v2\/media\/3802"}],"wp:attachment":[{"href":"https:\/\/www.oracaoefe.com\/fr\/wp-json\/wp\/v2\/media?parent=3801"}],"wp:term":[{"taxonomy":"category","embeddable":true,"href":"https:\/\/www.oracaoefe.com\/fr\/wp-json\/wp\/v2\/categories?post=3801"},{"taxonomy":"post_tag","embeddable":true,"href":"https:\/\/www.oracaoefe.com\/fr\/wp-json\/wp\/v2\/tags?post=3801"}],"curies":[{"name":"wp","href":"https:\/\/api.w.org\/{rel}","templated":true}]}}