{"id":3798,"date":"2025-09-21T15:26:45","date_gmt":"2025-09-21T18:26:45","guid":{"rendered":"https:\/\/www.oracaoefe.com\/?p=3798"},"modified":"2025-12-16T13:10:15","modified_gmt":"2025-12-16T16:10:15","slug":"musicas-gospel-mais-ouvidas-em-2025","status":"publish","type":"post","link":"https:\/\/www.oracaoefe.com\/fr\/musicas-gospel-mais-ouvidas-em-2025\/","title":{"rendered":"M\u00fasicas gospel mais ouvidas em 2025"},"content":{"rendered":"<p class=\"has-text-align-center wp-block-paragraph\"><strong>Veja quais s\u00e3o as m\u00fasicas gospel mais ouvidas este ano<\/strong><\/p>\n\n\n\n<p class=\"wp-block-paragraph\">A m\u00fasica gospel continua sendo uma das formas mais fortes de express\u00e3o de f\u00e9 e adora\u00e7\u00e3o no Brasil e no mundo. Em 2025, artistas e bandas t\u00eam conquistado milh\u00f5es de ouvintes com can\u00e7\u00f5es que unem emo\u00e7\u00e3o, mensagens de esperan\u00e7a e arranjos modernos. As plataformas digitais, como Spotify, Deezer e YouTube, t\u00eam mostrado quais s\u00e3o as m\u00fasicas gospel mais ouvidas e que est\u00e3o tocando o cora\u00e7\u00e3o de muita gente.<\/p>\n\n\n\n<h2 class=\"wp-block-heading\">O poder da m\u00fasica gospel<\/h2>\n\n\n\n<p class=\"wp-block-paragraph\">A m\u00fasica gospel vai al\u00e9m do entretenimento. Ela \u00e9 uma forma de espiritualidade, que inspira e fortalece a f\u00e9. Seja em momentos de alegria ou em tempos de dificuldade, muitos encontram nas letras e melodias um apoio para seguir em frente. Em 2025, esse g\u00eanero musical continua crescendo, alcan\u00e7ando jovens e adultos, dentro e fora das igrejas.<\/p>\n\n\n\n<h2 class=\"wp-block-heading\">Tend\u00eancias do gospel em 2025<\/h2>\n\n\n\n<p class=\"wp-block-paragraph\">As m\u00fasicas gospel mais ouvidas no ano mostram algumas tend\u00eancias marcantes:<\/p>\n\n\n\n<ul class=\"wp-block-list\">\n<li><strong>Louvor congregacional:<\/strong> can\u00e7\u00f5es pensadas para cultos e encontros de f\u00e9.<\/li>\n\n\n\n<li><strong>Baladas emocionais:<\/strong> m\u00fasicas que falam de supera\u00e7\u00e3o, esperan\u00e7a e amor de Deus.<\/li>\n\n\n\n<li><strong>Sonoridade contempor\u00e2nea:<\/strong> batidas eletr\u00f4nicas, pop e at\u00e9 elementos do trap t\u00eam aparecido nas produ\u00e7\u00f5es.<\/li>\n\n\n\n<li><strong>Internacionaliza\u00e7\u00e3o:<\/strong> artistas brasileiros est\u00e3o cada vez mais presentes em playlists globais.<\/li>\n<\/ul>\n\n\n\n<h2 class=\"wp-block-heading\">As m\u00fasicas gospel mais ouvidas em 2025<\/h2>\n\n\n\n<p class=\"wp-block-paragraph\">Entre as can\u00e7\u00f5es que se destacam neste ano, est\u00e3o sucessos que j\u00e1 dominam r\u00e1dios e plataformas digitais:<\/p>\n\n\n\n<ol class=\"wp-block-list\">\n<li><strong>&#8220;Aquieta Minh\u2019alma&#8221; \u2013 Minist\u00e9rio Zoe<\/strong><br>Um cl\u00e1ssico que segue firme nas listas de reprodu\u00e7\u00e3o, trazendo paz e reflex\u00e3o em meio \u00e0 correria da vida.<\/li>\n\n\n\n<li><strong>&#8220;Ningu\u00e9m Explica Deus&#8221; \u2013 Preto no Branco e Gabriela Rocha<\/strong><br>Mesmo ap\u00f3s anos de lan\u00e7amento, essa can\u00e7\u00e3o segue como uma das mais ouvidas, com milh\u00f5es de reprodu\u00e7\u00f5es.<\/li>\n\n\n\n<li><strong>&#8220;Todavia Me Alegrarei&#8221; \u2013 Samuel Messias<\/strong><br>Com letra profunda, \u00e9 uma das m\u00fasicas preferidas em cultos e encontros de jovens.<\/li>\n\n\n\n<li><strong>&#8220;Me Atraiu&#8221; \u2013 Gabriela Rocha<\/strong><br>Um dos maiores sucessos da cantora, com milh\u00f5es de visualiza\u00e7\u00f5es no YouTube e presen\u00e7a constante nas playlists crist\u00e3s.<\/li>\n\n\n\n<li><strong>&#8220;Deserto&#8221; \u2013 Aline Barros<\/strong><br>Segue inspirando fi\u00e9is e mostrando a for\u00e7a de uma das maiores vozes do gospel brasileiro.<\/li>\n\n\n\n<li><strong>&#8220;Outra Vez&#8221; \u2013 Isaias Saad<\/strong><br>Com uma mensagem de recome\u00e7o e esperan\u00e7a, conquistou espa\u00e7o entre as mais tocadas em 2025.<\/li>\n\n\n\n<li><strong>&#8220;Deus de Promessas&#8221; \u2013 Davi Sacer<\/strong><br>Um hino que se mant\u00e9m vivo h\u00e1 anos e continua entre os preferidos do p\u00fablico.<\/li>\n\n\n\n<li><strong>&#8220;\u00c9s Real&#8221; \u2013 Kemuel<\/strong><br>Com sonoridade moderna, essa faixa conquistou jovens e se firmou como uma das mais ouvidas.<\/li>\n<\/ol>\n\n\n\n<h2 class=\"wp-block-heading\">Artistas em destaque no gospel de 2025<\/h2>\n\n\n\n<p class=\"wp-block-paragraph\">Al\u00e9m das m\u00fasicas, alguns nomes se consolidam cada vez mais no cen\u00e1rio gospel:<\/p>\n\n\n\n<ul class=\"wp-block-list\">\n<li><strong>Gabriela Rocha<\/strong> segue sendo a cantora gospel mais ouvida no Brasil.<\/li>\n\n\n\n<li><strong>Isaias Saad<\/strong> conquista novos p\u00fablicos com letras de f\u00e9 e arranjos contempor\u00e2neos.<\/li>\n\n\n\n<li><strong>Aline Barros<\/strong>, \u00edcone do gospel, mant\u00e9m sua relev\u00e2ncia e renova constantemente seu repert\u00f3rio.<\/li>\n\n\n\n<li><strong>Kemuel<\/strong> traz inova\u00e7\u00e3o e tem sido destaque em festivais e igrejas.<\/li>\n<\/ul>\n\n\n\n<h2 class=\"wp-block-heading\">O que esperar do futuro da m\u00fasica gospel<\/h2>\n\n\n\n<p class=\"wp-block-paragraph\">O gospel deve continuar crescendo em 2025 e nos pr\u00f3ximos anos. As plataformas digitais impulsionam artistas independentes e permitem que novas vozes alcancem milh\u00f5es de ouvintes. Al\u00e9m disso, a mistura de estilos promete levar o g\u00eanero a ainda mais pessoas, sem perder sua ess\u00eancia de f\u00e9 e adora\u00e7\u00e3o.<\/p>\n\n\n\n<p class=\"wp-block-paragraph\">As <strong>m\u00fasicas gospel mais ouvidas em 2025<\/strong> mostram a for\u00e7a e a diversidade desse g\u00eanero musical. De cl\u00e1ssicos que permanecem vivos at\u00e9 novos sucessos que conquistam jovens, o gospel segue como trilha sonora de f\u00e9, esperan\u00e7a e transforma\u00e7\u00e3o.<\/p>\n\n\n\n<p class=\"wp-block-paragraph\">Seja no carro, em casa ou na igreja, essas m\u00fasicas continuam impactando vidas e refor\u00e7ando a mensagem de que a f\u00e9 \u00e9 capaz de atravessar gera\u00e7\u00f5es e momentos.<\/p>\n\n\n\n<p class=\"wp-block-paragraph\"><strong>Voir aussi\u00a0: <a href=\"https:\/\/www.oracaoefe.com\/fr\/conheca-os-melhores-aplicativos-para-escutar-musica-gospel\/\">Conna\u00eetre les meilleures applications pour \u00e9couter le gospel<\/a><\/strong><\/p>\n\n\n\n<p class=\"wp-block-paragraph\">Publicado em 21 de setembro de 2025<\/p>","protected":false},"excerpt":{"rendered":"<p>Veja quais s\u00e3o as m\u00fasicas gospel mais ouvidas este ano A m\u00fasica gospel continua sendo uma das formas mais fortes de express\u00e3o de f\u00e9 e adora\u00e7\u00e3o no Brasil e no mundo. Em 2025, artistas e bandas t\u00eam conquistado milh\u00f5es de ouvintes com can\u00e7\u00f5es que unem emo\u00e7\u00e3o, mensagens de esperan\u00e7a e arranjos modernos. As plataformas digitais,&hellip;&nbsp;<\/p>","protected":false},"author":3,"featured_media":3799,"comment_status":"closed","ping_status":"closed","sticky":false,"template":"","format":"standard","meta":{"neve_meta_sidebar":"","neve_meta_container":"","neve_meta_enable_content_width":"","neve_meta_content_width":0,"neve_meta_title_alignment":"","neve_meta_author_avatar":"","neve_post_elements_order":"","neve_meta_disable_header":"","neve_meta_disable_footer":"","neve_meta_disable_title":"","footnotes":""},"categories":[4],"tags":[],"class_list":["post-3798","post","type-post","status-publish","format-standard","has-post-thumbnail","hentry","category-fique-por-dentro"],"yoast_head":"<!-- This site is optimized with the Yoast SEO plugin v28.4 - https:\/\/yoast.com\/product\/yoast-seo-wordpress\/ -->\n<title>M\u00fasicas gospel mais ouvidas em 2025 - Ora\u00e7\u00e3o e F\u00e9<\/title>\n<meta name=\"description\" content=\"Deus tem pra voc\u00ea uma palavra de vida!\" \/>\n<meta name=\"robots\" content=\"index, follow, max-snippet:-1, max-image-preview:large, max-video-preview:-1\" \/>\n<link rel=\"canonical\" href=\"https:\/\/www.oracaoefe.com\/fr\/musicas-gospel-mais-ouvidas-em-2025\/\" \/>\n<meta property=\"og:locale\" content=\"fr_FR\" \/>\n<meta property=\"og:type\" content=\"article\" \/>\n<meta property=\"og:title\" content=\"M\u00fasicas gospel mais ouvidas em 2025 - Ora\u00e7\u00e3o e F\u00e9\" \/>\n<meta property=\"og:description\" content=\"Deus tem pra voc\u00ea uma palavra de vida!\" \/>\n<meta property=\"og:url\" content=\"https:\/\/www.oracaoefe.com\/fr\/musicas-gospel-mais-ouvidas-em-2025\/\" \/>\n<meta property=\"og:site_name\" content=\"Ora\u00e7\u00e3o e F\u00e9\" \/>\n<meta property=\"article:published_time\" content=\"2025-09-21T18:26:45+00:00\" \/>\n<meta property=\"article:modified_time\" content=\"2025-12-16T16:10:15+00:00\" \/>\n<meta property=\"og:image\" content=\"https:\/\/www.oracaoefe.com\/wp-content\/uploads\/2025\/09\/ChatGPT-Image-21-de-set.-de-2025-15_19_44-1024x683.png\" \/>\n\t<meta property=\"og:image:width\" content=\"1024\" \/>\n\t<meta property=\"og:image:height\" content=\"683\" \/>\n\t<meta property=\"og:image:type\" content=\"image\/png\" \/>\n<meta name=\"author\" content=\"Michele Azevedo\" \/>\n<meta name=\"twitter:card\" content=\"summary_large_image\" \/>\n<meta name=\"twitter:label1\" content=\"\u00c9crit par\" \/>\n\t<meta name=\"twitter:data1\" content=\"Michele Azevedo\" \/>\n\t<meta name=\"twitter:label2\" content=\"Dur\u00e9e de lecture estim\u00e9e\" \/>\n\t<meta name=\"twitter:data2\" content=\"3 minutes\" \/>\n<script type=\"application\/ld+json\" class=\"yoast-schema-graph\">{\"@context\":\"https:\\\/\\\/schema.org\",\"@graph\":[{\"@type\":\"Article\",\"@id\":\"https:\\\/\\\/www.oracaoefe.com\\\/musicas-gospel-mais-ouvidas-em-2025\\\/#article\",\"isPartOf\":{\"@id\":\"https:\\\/\\\/www.oracaoefe.com\\\/musicas-gospel-mais-ouvidas-em-2025\\\/\"},\"author\":{\"name\":\"Michele Azevedo\",\"@id\":\"https:\\\/\\\/www.oracaoefe.com\\\/#\\\/schema\\\/person\\\/17283c669442cf005c4d5bb58adfb7f5\"},\"headline\":\"M\u00fasicas gospel mais ouvidas em 2025\",\"datePublished\":\"2025-09-21T18:26:45+00:00\",\"dateModified\":\"2025-12-16T16:10:15+00:00\",\"mainEntityOfPage\":{\"@id\":\"https:\\\/\\\/www.oracaoefe.com\\\/musicas-gospel-mais-ouvidas-em-2025\\\/\"},\"wordCount\":678,\"image\":{\"@id\":\"https:\\\/\\\/www.oracaoefe.com\\\/musicas-gospel-mais-ouvidas-em-2025\\\/#primaryimage\"},\"thumbnailUrl\":\"https:\\\/\\\/www.oracaoefe.com\\\/wp-content\\\/uploads\\\/2025\\\/09\\\/ChatGPT-Image-21-de-set.-de-2025-15_19_44.png\",\"articleSection\":[\"Fique por Dentro\"],\"inLanguage\":\"fr-FR\"},{\"@type\":\"WebPage\",\"@id\":\"https:\\\/\\\/www.oracaoefe.com\\\/musicas-gospel-mais-ouvidas-em-2025\\\/\",\"url\":\"https:\\\/\\\/www.oracaoefe.com\\\/musicas-gospel-mais-ouvidas-em-2025\\\/\",\"name\":\"M\u00fasicas gospel mais ouvidas em 2025 - Ora\u00e7\u00e3o e F\u00e9\",\"isPartOf\":{\"@id\":\"https:\\\/\\\/www.oracaoefe.com\\\/#website\"},\"primaryImageOfPage\":{\"@id\":\"https:\\\/\\\/www.oracaoefe.com\\\/musicas-gospel-mais-ouvidas-em-2025\\\/#primaryimage\"},\"image\":{\"@id\":\"https:\\\/\\\/www.oracaoefe.com\\\/musicas-gospel-mais-ouvidas-em-2025\\\/#primaryimage\"},\"thumbnailUrl\":\"https:\\\/\\\/www.oracaoefe.com\\\/wp-content\\\/uploads\\\/2025\\\/09\\\/ChatGPT-Image-21-de-set.-de-2025-15_19_44.png\",\"datePublished\":\"2025-09-21T18:26:45+00:00\",\"dateModified\":\"2025-12-16T16:10:15+00:00\",\"author\":{\"@id\":\"https:\\\/\\\/www.oracaoefe.com\\\/#\\\/schema\\\/person\\\/17283c669442cf005c4d5bb58adfb7f5\"},\"description\":\"Deus tem pra voc\u00ea uma palavra de vida!\",\"breadcrumb\":{\"@id\":\"https:\\\/\\\/www.oracaoefe.com\\\/musicas-gospel-mais-ouvidas-em-2025\\\/#breadcrumb\"},\"inLanguage\":\"fr-FR\",\"potentialAction\":[{\"@type\":\"ReadAction\",\"target\":[\"https:\\\/\\\/www.oracaoefe.com\\\/musicas-gospel-mais-ouvidas-em-2025\\\/\"]}]},{\"@type\":\"ImageObject\",\"inLanguage\":\"fr-FR\",\"@id\":\"https:\\\/\\\/www.oracaoefe.com\\\/musicas-gospel-mais-ouvidas-em-2025\\\/#primaryimage\",\"url\":\"https:\\\/\\\/www.oracaoefe.com\\\/wp-content\\\/uploads\\\/2025\\\/09\\\/ChatGPT-Image-21-de-set.-de-2025-15_19_44.png\",\"contentUrl\":\"https:\\\/\\\/www.oracaoefe.com\\\/wp-content\\\/uploads\\\/2025\\\/09\\\/ChatGPT-Image-21-de-set.-de-2025-15_19_44.png\",\"width\":1536,\"height\":1024},{\"@type\":\"BreadcrumbList\",\"@id\":\"https:\\\/\\\/www.oracaoefe.com\\\/musicas-gospel-mais-ouvidas-em-2025\\\/#breadcrumb\",\"itemListElement\":[{\"@type\":\"ListItem\",\"position\":1,\"name\":\"Home\",\"item\":\"https:\\\/\\\/www.oracaoefe.com\\\/\"},{\"@type\":\"ListItem\",\"position\":2,\"name\":\"Fique por Dentro\",\"item\":\"https:\\\/\\\/www.oracaoefe.com\\\/category\\\/fique-por-dentro\\\/\"},{\"@type\":\"ListItem\",\"position\":3,\"name\":\"M\u00fasicas gospel mais ouvidas em 2025\"}]},{\"@type\":\"WebSite\",\"@id\":\"https:\\\/\\\/www.oracaoefe.com\\\/#website\",\"url\":\"https:\\\/\\\/www.oracaoefe.com\\\/\",\"name\":\"Ora\u00e7\u00e3o e F\u00e9\",\"description\":\"\",\"potentialAction\":[{\"@type\":\"SearchAction\",\"target\":{\"@type\":\"EntryPoint\",\"urlTemplate\":\"https:\\\/\\\/www.oracaoefe.com\\\/?s={search_term_string}\"},\"query-input\":{\"@type\":\"PropertyValueSpecification\",\"valueRequired\":true,\"valueName\":\"search_term_string\"}}],\"inLanguage\":\"fr-FR\"},{\"@type\":\"Person\",\"@id\":\"https:\\\/\\\/www.oracaoefe.com\\\/#\\\/schema\\\/person\\\/17283c669442cf005c4d5bb58adfb7f5\",\"name\":\"Michele Azevedo\",\"image\":{\"@type\":\"ImageObject\",\"inLanguage\":\"fr-FR\",\"@id\":\"https:\\\/\\\/secure.gravatar.com\\\/avatar\\\/6b0eb9d22841282815e2cd856a0061c45e1761cd54b22e952d98c4746939aa85?s=96&d=mm&r=g\",\"url\":\"https:\\\/\\\/secure.gravatar.com\\\/avatar\\\/6b0eb9d22841282815e2cd856a0061c45e1761cd54b22e952d98c4746939aa85?s=96&d=mm&r=g\",\"contentUrl\":\"https:\\\/\\\/secure.gravatar.com\\\/avatar\\\/6b0eb9d22841282815e2cd856a0061c45e1761cd54b22e952d98c4746939aa85?s=96&d=mm&r=g\",\"caption\":\"Michele Azevedo\"},\"description\":\"Formada em Letras - Portugu\u00eas\\\/ Ingl\u00eas pela Universidade Estadual de Ponta Grossa (UEPG), p\u00f3s-graduada em Arte na Educa\u00e7\u00e3o (FAPI) e Psicopedagogia Escolar (FAPI), idealizadora e propriet\u00e1ria do site Escritora de Sucesso, possui experi\u00eancia em escrita para blogs em geral e atua como redatora e revisora dos conte\u00fados do Ora\u00e7\u00e3o e F\u00e9.\",\"url\":\"https:\\\/\\\/www.oracaoefe.com\\\/fr\\\/author\\\/michele-azevedo\\\/\"}]}<\/script>\n<!-- \/ Yoast SEO plugin. -->","yoast_head_json":{"title":"M\u00fasicas gospel mais ouvidas em 2025 - Ora\u00e7\u00e3o e F\u00e9","description":"Dieu a une parole de vie pour vous !","robots":{"index":"index","follow":"follow","max-snippet":"max-snippet:-1","max-image-preview":"max-image-preview:large","max-video-preview":"max-video-preview:-1"},"canonical":"https:\/\/www.oracaoefe.com\/fr\/musicas-gospel-mais-ouvidas-em-2025\/","og_locale":"fr_FR","og_type":"article","og_title":"M\u00fasicas gospel mais ouvidas em 2025 - Ora\u00e7\u00e3o e F\u00e9","og_description":"Deus tem pra voc\u00ea uma palavra de vida!","og_url":"https:\/\/www.oracaoefe.com\/fr\/musicas-gospel-mais-ouvidas-em-2025\/","og_site_name":"Ora\u00e7\u00e3o e F\u00e9","article_published_time":"2025-09-21T18:26:45+00:00","article_modified_time":"2025-12-16T16:10:15+00:00","og_image":[{"width":1024,"height":683,"url":"https:\/\/www.oracaoefe.com\/wp-content\/uploads\/2025\/09\/ChatGPT-Image-21-de-set.-de-2025-15_19_44-1024x683.png","type":"image\/png"}],"author":"Michele Azevedo","twitter_card":"summary_large_image","twitter_misc":{"\u00c9crit par":"Michele Azevedo","Dur\u00e9e de lecture estim\u00e9e":"3 minutes"},"schema":{"@context":"https:\/\/schema.org","@graph":[{"@type":"Article","@id":"https:\/\/www.oracaoefe.com\/musicas-gospel-mais-ouvidas-em-2025\/#article","isPartOf":{"@id":"https:\/\/www.oracaoefe.com\/musicas-gospel-mais-ouvidas-em-2025\/"},"author":{"name":"Michele Azevedo","@id":"https:\/\/www.oracaoefe.com\/#\/schema\/person\/17283c669442cf005c4d5bb58adfb7f5"},"headline":"M\u00fasicas gospel mais ouvidas em 2025","datePublished":"2025-09-21T18:26:45+00:00","dateModified":"2025-12-16T16:10:15+00:00","mainEntityOfPage":{"@id":"https:\/\/www.oracaoefe.com\/musicas-gospel-mais-ouvidas-em-2025\/"},"wordCount":678,"image":{"@id":"https:\/\/www.oracaoefe.com\/musicas-gospel-mais-ouvidas-em-2025\/#primaryimage"},"thumbnailUrl":"https:\/\/www.oracaoefe.com\/wp-content\/uploads\/2025\/09\/ChatGPT-Image-21-de-set.-de-2025-15_19_44.png","articleSection":["Fique por Dentro"],"inLanguage":"fr-FR"},{"@type":"WebPage","@id":"https:\/\/www.oracaoefe.com\/musicas-gospel-mais-ouvidas-em-2025\/","url":"https:\/\/www.oracaoefe.com\/musicas-gospel-mais-ouvidas-em-2025\/","name":"M\u00fasicas gospel mais ouvidas em 2025 - Ora\u00e7\u00e3o e F\u00e9","isPartOf":{"@id":"https:\/\/www.oracaoefe.com\/#website"},"primaryImageOfPage":{"@id":"https:\/\/www.oracaoefe.com\/musicas-gospel-mais-ouvidas-em-2025\/#primaryimage"},"image":{"@id":"https:\/\/www.oracaoefe.com\/musicas-gospel-mais-ouvidas-em-2025\/#primaryimage"},"thumbnailUrl":"https:\/\/www.oracaoefe.com\/wp-content\/uploads\/2025\/09\/ChatGPT-Image-21-de-set.-de-2025-15_19_44.png","datePublished":"2025-09-21T18:26:45+00:00","dateModified":"2025-12-16T16:10:15+00:00","author":{"@id":"https:\/\/www.oracaoefe.com\/#\/schema\/person\/17283c669442cf005c4d5bb58adfb7f5"},"description":"Dieu a une parole de vie pour vous !","breadcrumb":{"@id":"https:\/\/www.oracaoefe.com\/musicas-gospel-mais-ouvidas-em-2025\/#breadcrumb"},"inLanguage":"fr-FR","potentialAction":[{"@type":"ReadAction","target":["https:\/\/www.oracaoefe.com\/musicas-gospel-mais-ouvidas-em-2025\/"]}]},{"@type":"ImageObject","inLanguage":"fr-FR","@id":"https:\/\/www.oracaoefe.com\/musicas-gospel-mais-ouvidas-em-2025\/#primaryimage","url":"https:\/\/www.oracaoefe.com\/wp-content\/uploads\/2025\/09\/ChatGPT-Image-21-de-set.-de-2025-15_19_44.png","contentUrl":"https:\/\/www.oracaoefe.com\/wp-content\/uploads\/2025\/09\/ChatGPT-Image-21-de-set.-de-2025-15_19_44.png","width":1536,"height":1024},{"@type":"BreadcrumbList","@id":"https:\/\/www.oracaoefe.com\/musicas-gospel-mais-ouvidas-em-2025\/#breadcrumb","itemListElement":[{"@type":"ListItem","position":1,"name":"Home","item":"https:\/\/www.oracaoefe.com\/"},{"@type":"ListItem","position":2,"name":"Fique por Dentro","item":"https:\/\/www.oracaoefe.com\/category\/fique-por-dentro\/"},{"@type":"ListItem","position":3,"name":"M\u00fasicas gospel mais ouvidas em 2025"}]},{"@type":"WebSite","@id":"https:\/\/www.oracaoefe.com\/#website","url":"https:\/\/www.oracaoefe.com\/","name":"Pri\u00e8re et foi","description":"","potentialAction":[{"@type":"SearchAction","target":{"@type":"EntryPoint","urlTemplate":"https:\/\/www.oracaoefe.com\/?s={search_term_string}"},"query-input":{"@type":"PropertyValueSpecification","valueRequired":true,"valueName":"search_term_string"}}],"inLanguage":"fr-FR"},{"@type":"Person","@id":"https:\/\/www.oracaoefe.com\/#\/schema\/person\/17283c669442cf005c4d5bb58adfb7f5","name":"Michele Azevedo","image":{"@type":"ImageObject","inLanguage":"fr-FR","@id":"https:\/\/secure.gravatar.com\/avatar\/6b0eb9d22841282815e2cd856a0061c45e1761cd54b22e952d98c4746939aa85?s=96&d=mm&r=g","url":"https:\/\/secure.gravatar.com\/avatar\/6b0eb9d22841282815e2cd856a0061c45e1761cd54b22e952d98c4746939aa85?s=96&d=mm&r=g","contentUrl":"https:\/\/secure.gravatar.com\/avatar\/6b0eb9d22841282815e2cd856a0061c45e1761cd54b22e952d98c4746939aa85?s=96&d=mm&r=g","caption":"Michele Azevedo"},"description":"Dipl\u00f4m\u00e9e en litt\u00e9rature portugaise\/anglaise de l&#039;Universit\u00e9 d&#039;\u00c9tat de Ponta Grossa (UEPG), avec des dipl\u00f4mes de troisi\u00e8me cycle en art dans l&#039;\u00e9ducation (FAPI) et en psychop\u00e9dagogie scolaire (FAPI), elle est la cr\u00e9atrice et propri\u00e9taire du site web Escritora de Sucesso, a de l&#039;exp\u00e9rience dans l&#039;\u00e9criture pour les blogs en g\u00e9n\u00e9ral et travaille comme r\u00e9dactrice et \u00e9ditrice du contenu pour Ora\u00e7\u00e3o e F\u00e9.","url":"https:\/\/www.oracaoefe.com\/fr\/author\/michele-azevedo\/"}]}},"_links":{"self":[{"href":"https:\/\/www.oracaoefe.com\/fr\/wp-json\/wp\/v2\/posts\/3798","targetHints":{"allow":["GET"]}}],"collection":[{"href":"https:\/\/www.oracaoefe.com\/fr\/wp-json\/wp\/v2\/posts"}],"about":[{"href":"https:\/\/www.oracaoefe.com\/fr\/wp-json\/wp\/v2\/types\/post"}],"author":[{"embeddable":true,"href":"https:\/\/www.oracaoefe.com\/fr\/wp-json\/wp\/v2\/users\/3"}],"replies":[{"embeddable":true,"href":"https:\/\/www.oracaoefe.com\/fr\/wp-json\/wp\/v2\/comments?post=3798"}],"version-history":[{"count":1,"href":"https:\/\/www.oracaoefe.com\/fr\/wp-json\/wp\/v2\/posts\/3798\/revisions"}],"predecessor-version":[{"id":3800,"href":"https:\/\/www.oracaoefe.com\/fr\/wp-json\/wp\/v2\/posts\/3798\/revisions\/3800"}],"wp:featuredmedia":[{"embeddable":true,"href":"https:\/\/www.oracaoefe.com\/fr\/wp-json\/wp\/v2\/media\/3799"}],"wp:attachment":[{"href":"https:\/\/www.oracaoefe.com\/fr\/wp-json\/wp\/v2\/media?parent=3798"}],"wp:term":[{"taxonomy":"category","embeddable":true,"href":"https:\/\/www.oracaoefe.com\/fr\/wp-json\/wp\/v2\/categories?post=3798"},{"taxonomy":"post_tag","embeddable":true,"href":"https:\/\/www.oracaoefe.com\/fr\/wp-json\/wp\/v2\/tags?post=3798"}],"curies":[{"name":"wp","href":"https:\/\/api.w.org\/{rel}","templated":true}]}}