{"id":3795,"date":"2025-09-21T15:21:51","date_gmt":"2025-09-21T18:21:51","guid":{"rendered":"https:\/\/www.oracaoefe.com\/?p=3795"},"modified":"2025-12-16T13:10:15","modified_gmt":"2025-12-16T16:10:15","slug":"como-a-fe-pode-mudar-a-forma-de-encarar-problemas","status":"publish","type":"post","link":"https:\/\/www.oracaoefe.com\/fr\/como-a-fe-pode-mudar-a-forma-de-encarar-problemas\/","title":{"rendered":"Como a f\u00e9 pode mudar a forma de encarar problemas"},"content":{"rendered":"<p class=\"wp-block-paragraph\">Todos enfrentamos momentos dif\u00edceis. Seja uma crise financeira, um problema de sa\u00fade ou conflitos familiares, a vida sempre apresenta desafios. Mas existe algo capaz de transformar a forma como reagimos a essas situa\u00e7\u00f5es: a f\u00e9. Ela n\u00e3o elimina os problemas, mas muda a maneira como os enxergamos, trazendo for\u00e7a, esperan\u00e7a e equil\u00edbrio emocional.<\/p>\n\n\n\n<h2 class=\"wp-block-heading\">A f\u00e9 como \u00e2ncora em tempos de incerteza<\/h2>\n\n\n\n<p class=\"wp-block-paragraph\">Quando a vida parece fora de controle, a f\u00e9 funciona como uma \u00e2ncora. Ela d\u00e1 estabilidade em meio \u00e0s tempestades, lembrando que existe um prop\u00f3sito maior. Pessoas que cultivam a espiritualidade tendem a enfrentar as dificuldades com mais resili\u00eancia, porque acreditam que n\u00e3o est\u00e3o sozinhas em sua jornada.<\/p>\n\n\n\n<p class=\"wp-block-paragraph\">Essa confian\u00e7a n\u00e3o significa que os problemas deixam de existir, mas que eles deixam de ser vistos como fardos insuport\u00e1veis. A f\u00e9 ensina que cada desafio pode ser uma oportunidade de aprendizado e crescimento.<\/p>\n\n\n\n<h2 class=\"wp-block-heading\">O impacto da f\u00e9 na sa\u00fade emocional<\/h2>\n\n\n\n<p class=\"wp-block-paragraph\">Estudos mostram que a f\u00e9 e a espiritualidade t\u00eam efeitos positivos na sa\u00fade mental. Orar, meditar ou participar de atividades religiosas ajuda a reduzir a ansiedade, fortalece a autoestima e proporciona sensa\u00e7\u00e3o de pertencimento. Quando acreditamos que existe algo maior guiando nossos passos, o medo do futuro diminui e a esperan\u00e7a se renova.<\/p>\n\n\n\n<p class=\"wp-block-paragraph\">Muitas pessoas encontram na f\u00e9 o al\u00edvio para dores emocionais profundas. Ela oferece n\u00e3o apenas consolo, mas tamb\u00e9m coragem para enfrentar situa\u00e7\u00f5es que parecem imposs\u00edveis de resolver.<\/p>\n\n\n\n<h2 class=\"wp-block-heading\">Exemplos pr\u00e1ticos de transforma\u00e7\u00e3o<\/h2>\n\n\n\n<ul class=\"wp-block-list\">\n<li>Uma pessoa endividada que, em vez de se desesperar, encontra na f\u00e9 for\u00e7as para reorganizar sua vida financeira.<\/li>\n\n\n\n<li>Algu\u00e9m que enfrenta uma doen\u00e7a e, apoiado pela espiritualidade, mant\u00e9m a esperan\u00e7a e transmite confian\u00e7a aos que est\u00e3o ao redor.<\/li>\n\n\n\n<li>Fam\u00edlias que passam por perdas dolorosas, mas encontram no amparo espiritual um caminho para seguir em frente.<\/li>\n<\/ul>\n\n\n\n<p class=\"wp-block-paragraph\">Esses exemplos mostram como a f\u00e9 atua como combust\u00edvel interno, transformando dor em resist\u00eancia e medo em coragem.<\/p>\n\n\n\n<h2 class=\"wp-block-heading\">F\u00e9 e mudan\u00e7a de perspectiva<\/h2>\n\n\n\n<p class=\"wp-block-paragraph\">A f\u00e9 tamb\u00e9m muda a forma de interpretar os acontecimentos. Problemas que antes eram vistos como castigos passam a ser encarados como fases tempor\u00e1rias, que podem abrir portas para novas oportunidades. Essa mudan\u00e7a de mentalidade ajuda a manter o equil\u00edbrio e a clareza mesmo nos dias mais turbulentos.<\/p>\n\n\n\n<p class=\"wp-block-paragraph\">Al\u00e9m disso, a f\u00e9 incentiva a pr\u00e1tica da gratid\u00e3o, lembrando que, mesmo em meio \u00e0s dificuldades, ainda existem b\u00ean\u00e7\u00e3os a reconhecer. Esse h\u00e1bito fortalece o cora\u00e7\u00e3o e a mente, criando mais resili\u00eancia.<\/p>\n\n\n\n<h2 class=\"wp-block-heading\">Como cultivar a f\u00e9 no dia a dia<\/h2>\n\n\n\n<p class=\"wp-block-paragraph\">N\u00e3o \u00e9 preciso esperar grandes crises para recorrer \u00e0 espiritualidade. Cultivar a f\u00e9 diariamente fortalece a mente e prepara o cora\u00e7\u00e3o para enfrentar qualquer desafio. Isso pode ser feito atrav\u00e9s de:<\/p>\n\n\n\n<ul class=\"wp-block-list\">\n<li>Momentos de ora\u00e7\u00e3o ou reflex\u00e3o.<\/li>\n\n\n\n<li>Leitura de textos sagrados.<\/li>\n\n\n\n<li>Pr\u00e1ticas de medita\u00e7\u00e3o ou sil\u00eancio.<\/li>\n\n\n\n<li>Participa\u00e7\u00e3o em comunidades religiosas.<\/li>\n<\/ul>\n\n\n\n<p class=\"wp-block-paragraph\">Esses pequenos h\u00e1bitos criam uma base s\u00f3lida que ajuda a encarar os problemas com mais serenidade.<\/p>\n\n\n\n<h2 class=\"wp-block-heading\">O poder da f\u00e9<\/h2>\n\n\n\n<p class=\"wp-block-paragraph\">A f\u00e9 tem o poder de mudar a forma como encaramos os problemas. Ela n\u00e3o apaga as dificuldades, mas traz coragem, esperan\u00e7a e equil\u00edbrio para enfrent\u00e1-las. Quando cultivada no dia a dia, transforma desafios em li\u00e7\u00f5es e d\u00e1 for\u00e7a para continuar, mesmo quando tudo parece perdido.<\/p>\n\n\n\n<p class=\"wp-block-paragraph\">Encarar a vida com f\u00e9 \u00e9 enxergar al\u00e9m das dificuldades, acreditando que cada batalha pode abrir caminho para uma vit\u00f3ria maior.<\/p>\n\n\n\n<p class=\"wp-block-paragraph\"><strong>Voir aussi\u00a0: <a href=\"https:\/\/www.oracaoefe.com\/fr\/passagens-biblicas-sobre-fe-para-ler-diariamente\/\">Passagens B\u00edblicas Sobre F\u00e9 Para Ler Diariamente<\/a><\/strong><\/p>\n\n\n\n<p class=\"wp-block-paragraph\">Publicado em 21 de setembro de 2025<\/p>","protected":false},"excerpt":{"rendered":"<p>Todos enfrentamos momentos dif\u00edceis. Seja uma crise financeira, um problema de sa\u00fade ou conflitos familiares, a vida sempre apresenta desafios. Mas existe algo capaz de transformar a forma como reagimos a essas situa\u00e7\u00f5es: a f\u00e9. Ela n\u00e3o elimina os problemas, mas muda a maneira como os enxergamos, trazendo for\u00e7a, esperan\u00e7a e equil\u00edbrio emocional. A f\u00e9&hellip;&nbsp;<\/p>","protected":false},"author":3,"featured_media":3796,"comment_status":"closed","ping_status":"closed","sticky":false,"template":"","format":"standard","meta":{"neve_meta_sidebar":"","neve_meta_container":"","neve_meta_enable_content_width":"","neve_meta_content_width":0,"neve_meta_title_alignment":"","neve_meta_author_avatar":"","neve_post_elements_order":"","neve_meta_disable_header":"","neve_meta_disable_footer":"","neve_meta_disable_title":"","footnotes":""},"categories":[3],"tags":[],"class_list":["post-3795","post","type-post","status-publish","format-standard","has-post-thumbnail","hentry","category-fe"],"yoast_head":"<!-- This site is optimized with the Yoast SEO plugin v28.4 - https:\/\/yoast.com\/product\/yoast-seo-wordpress\/ -->\n<title>Como a f\u00e9 pode mudar a forma de encarar problemas - Ora\u00e7\u00e3o e F\u00e9<\/title>\n<meta name=\"description\" content=\"Deus tem pra voc\u00ea uma palavra de vida!\" \/>\n<meta name=\"robots\" content=\"index, follow, max-snippet:-1, max-image-preview:large, max-video-preview:-1\" \/>\n<link rel=\"canonical\" href=\"https:\/\/www.oracaoefe.com\/fr\/como-a-fe-pode-mudar-a-forma-de-encarar-problemas\/\" \/>\n<meta property=\"og:locale\" content=\"fr_FR\" \/>\n<meta property=\"og:type\" content=\"article\" \/>\n<meta property=\"og:title\" content=\"Como a f\u00e9 pode mudar a forma de encarar problemas - Ora\u00e7\u00e3o e F\u00e9\" \/>\n<meta property=\"og:description\" content=\"Deus tem pra voc\u00ea uma palavra de vida!\" \/>\n<meta property=\"og:url\" content=\"https:\/\/www.oracaoefe.com\/fr\/como-a-fe-pode-mudar-a-forma-de-encarar-problemas\/\" \/>\n<meta property=\"og:site_name\" content=\"Ora\u00e7\u00e3o e F\u00e9\" \/>\n<meta property=\"article:published_time\" content=\"2025-09-21T18:21:51+00:00\" \/>\n<meta property=\"article:modified_time\" content=\"2025-12-16T16:10:15+00:00\" \/>\n<meta property=\"og:image\" content=\"https:\/\/www.oracaoefe.com\/wp-content\/uploads\/2025\/09\/poder-da-fe.png\" \/>\n\t<meta property=\"og:image:width\" content=\"1536\" \/>\n\t<meta property=\"og:image:height\" content=\"1024\" \/>\n\t<meta property=\"og:image:type\" content=\"image\/png\" \/>\n<meta name=\"author\" content=\"Michele Azevedo\" \/>\n<meta name=\"twitter:card\" content=\"summary_large_image\" \/>\n<meta name=\"twitter:label1\" content=\"\u00c9crit par\" \/>\n\t<meta name=\"twitter:data1\" content=\"Michele Azevedo\" \/>\n\t<meta name=\"twitter:label2\" content=\"Dur\u00e9e de lecture estim\u00e9e\" \/>\n\t<meta name=\"twitter:data2\" content=\"3 minutes\" \/>\n<script type=\"application\/ld+json\" class=\"yoast-schema-graph\">{\"@context\":\"https:\\\/\\\/schema.org\",\"@graph\":[{\"@type\":\"Article\",\"@id\":\"https:\\\/\\\/www.oracaoefe.com\\\/como-a-fe-pode-mudar-a-forma-de-encarar-problemas\\\/#article\",\"isPartOf\":{\"@id\":\"https:\\\/\\\/www.oracaoefe.com\\\/como-a-fe-pode-mudar-a-forma-de-encarar-problemas\\\/\"},\"author\":{\"name\":\"Michele Azevedo\",\"@id\":\"https:\\\/\\\/www.oracaoefe.com\\\/#\\\/schema\\\/person\\\/17283c669442cf005c4d5bb58adfb7f5\"},\"headline\":\"Como a f\u00e9 pode mudar a forma de encarar problemas\",\"datePublished\":\"2025-09-21T18:21:51+00:00\",\"dateModified\":\"2025-12-16T16:10:15+00:00\",\"mainEntityOfPage\":{\"@id\":\"https:\\\/\\\/www.oracaoefe.com\\\/como-a-fe-pode-mudar-a-forma-de-encarar-problemas\\\/\"},\"wordCount\":627,\"image\":{\"@id\":\"https:\\\/\\\/www.oracaoefe.com\\\/como-a-fe-pode-mudar-a-forma-de-encarar-problemas\\\/#primaryimage\"},\"thumbnailUrl\":\"https:\\\/\\\/www.oracaoefe.com\\\/wp-content\\\/uploads\\\/2025\\\/09\\\/poder-da-fe.png\",\"articleSection\":[\"F\u00e9\"],\"inLanguage\":\"fr-FR\"},{\"@type\":\"WebPage\",\"@id\":\"https:\\\/\\\/www.oracaoefe.com\\\/como-a-fe-pode-mudar-a-forma-de-encarar-problemas\\\/\",\"url\":\"https:\\\/\\\/www.oracaoefe.com\\\/como-a-fe-pode-mudar-a-forma-de-encarar-problemas\\\/\",\"name\":\"Como a f\u00e9 pode mudar a forma de encarar problemas - Ora\u00e7\u00e3o e F\u00e9\",\"isPartOf\":{\"@id\":\"https:\\\/\\\/www.oracaoefe.com\\\/#website\"},\"primaryImageOfPage\":{\"@id\":\"https:\\\/\\\/www.oracaoefe.com\\\/como-a-fe-pode-mudar-a-forma-de-encarar-problemas\\\/#primaryimage\"},\"image\":{\"@id\":\"https:\\\/\\\/www.oracaoefe.com\\\/como-a-fe-pode-mudar-a-forma-de-encarar-problemas\\\/#primaryimage\"},\"thumbnailUrl\":\"https:\\\/\\\/www.oracaoefe.com\\\/wp-content\\\/uploads\\\/2025\\\/09\\\/poder-da-fe.png\",\"datePublished\":\"2025-09-21T18:21:51+00:00\",\"dateModified\":\"2025-12-16T16:10:15+00:00\",\"author\":{\"@id\":\"https:\\\/\\\/www.oracaoefe.com\\\/#\\\/schema\\\/person\\\/17283c669442cf005c4d5bb58adfb7f5\"},\"description\":\"Deus tem pra voc\u00ea uma palavra de vida!\",\"breadcrumb\":{\"@id\":\"https:\\\/\\\/www.oracaoefe.com\\\/como-a-fe-pode-mudar-a-forma-de-encarar-problemas\\\/#breadcrumb\"},\"inLanguage\":\"fr-FR\",\"potentialAction\":[{\"@type\":\"ReadAction\",\"target\":[\"https:\\\/\\\/www.oracaoefe.com\\\/como-a-fe-pode-mudar-a-forma-de-encarar-problemas\\\/\"]}]},{\"@type\":\"ImageObject\",\"inLanguage\":\"fr-FR\",\"@id\":\"https:\\\/\\\/www.oracaoefe.com\\\/como-a-fe-pode-mudar-a-forma-de-encarar-problemas\\\/#primaryimage\",\"url\":\"https:\\\/\\\/www.oracaoefe.com\\\/wp-content\\\/uploads\\\/2025\\\/09\\\/poder-da-fe.png\",\"contentUrl\":\"https:\\\/\\\/www.oracaoefe.com\\\/wp-content\\\/uploads\\\/2025\\\/09\\\/poder-da-fe.png\",\"width\":1536,\"height\":1024},{\"@type\":\"BreadcrumbList\",\"@id\":\"https:\\\/\\\/www.oracaoefe.com\\\/como-a-fe-pode-mudar-a-forma-de-encarar-problemas\\\/#breadcrumb\",\"itemListElement\":[{\"@type\":\"ListItem\",\"position\":1,\"name\":\"Home\",\"item\":\"https:\\\/\\\/www.oracaoefe.com\\\/\"},{\"@type\":\"ListItem\",\"position\":2,\"name\":\"F\u00e9\",\"item\":\"https:\\\/\\\/www.oracaoefe.com\\\/es\\\/categoria\\\/fe\\\/\"},{\"@type\":\"ListItem\",\"position\":3,\"name\":\"Como a f\u00e9 pode mudar a forma de encarar problemas\"}]},{\"@type\":\"WebSite\",\"@id\":\"https:\\\/\\\/www.oracaoefe.com\\\/#website\",\"url\":\"https:\\\/\\\/www.oracaoefe.com\\\/\",\"name\":\"Ora\u00e7\u00e3o e F\u00e9\",\"description\":\"\",\"potentialAction\":[{\"@type\":\"SearchAction\",\"target\":{\"@type\":\"EntryPoint\",\"urlTemplate\":\"https:\\\/\\\/www.oracaoefe.com\\\/?s={search_term_string}\"},\"query-input\":{\"@type\":\"PropertyValueSpecification\",\"valueRequired\":true,\"valueName\":\"search_term_string\"}}],\"inLanguage\":\"fr-FR\"},{\"@type\":\"Person\",\"@id\":\"https:\\\/\\\/www.oracaoefe.com\\\/#\\\/schema\\\/person\\\/17283c669442cf005c4d5bb58adfb7f5\",\"name\":\"Michele Azevedo\",\"image\":{\"@type\":\"ImageObject\",\"inLanguage\":\"fr-FR\",\"@id\":\"https:\\\/\\\/secure.gravatar.com\\\/avatar\\\/6b0eb9d22841282815e2cd856a0061c45e1761cd54b22e952d98c4746939aa85?s=96&d=mm&r=g\",\"url\":\"https:\\\/\\\/secure.gravatar.com\\\/avatar\\\/6b0eb9d22841282815e2cd856a0061c45e1761cd54b22e952d98c4746939aa85?s=96&d=mm&r=g\",\"contentUrl\":\"https:\\\/\\\/secure.gravatar.com\\\/avatar\\\/6b0eb9d22841282815e2cd856a0061c45e1761cd54b22e952d98c4746939aa85?s=96&d=mm&r=g\",\"caption\":\"Michele Azevedo\"},\"description\":\"Formada em Letras - Portugu\u00eas\\\/ Ingl\u00eas pela Universidade Estadual de Ponta Grossa (UEPG), p\u00f3s-graduada em Arte na Educa\u00e7\u00e3o (FAPI) e Psicopedagogia Escolar (FAPI), idealizadora e propriet\u00e1ria do site Escritora de Sucesso, possui experi\u00eancia em escrita para blogs em geral e atua como redatora e revisora dos conte\u00fados do Ora\u00e7\u00e3o e F\u00e9.\",\"url\":\"https:\\\/\\\/www.oracaoefe.com\\\/fr\\\/author\\\/michele-azevedo\\\/\"}]}<\/script>\n<!-- \/ Yoast SEO plugin. -->","yoast_head_json":{"title":"Como a f\u00e9 pode mudar a forma de encarar problemas - Ora\u00e7\u00e3o e F\u00e9","description":"Dieu a une parole de vie pour vous !","robots":{"index":"index","follow":"follow","max-snippet":"max-snippet:-1","max-image-preview":"max-image-preview:large","max-video-preview":"max-video-preview:-1"},"canonical":"https:\/\/www.oracaoefe.com\/fr\/como-a-fe-pode-mudar-a-forma-de-encarar-problemas\/","og_locale":"fr_FR","og_type":"article","og_title":"Como a f\u00e9 pode mudar a forma de encarar problemas - Ora\u00e7\u00e3o e F\u00e9","og_description":"Deus tem pra voc\u00ea uma palavra de vida!","og_url":"https:\/\/www.oracaoefe.com\/fr\/como-a-fe-pode-mudar-a-forma-de-encarar-problemas\/","og_site_name":"Ora\u00e7\u00e3o e F\u00e9","article_published_time":"2025-09-21T18:21:51+00:00","article_modified_time":"2025-12-16T16:10:15+00:00","og_image":[{"width":1536,"height":1024,"url":"https:\/\/www.oracaoefe.com\/wp-content\/uploads\/2025\/09\/poder-da-fe.png","type":"image\/png"}],"author":"Michele Azevedo","twitter_card":"summary_large_image","twitter_misc":{"\u00c9crit par":"Michele Azevedo","Dur\u00e9e de lecture estim\u00e9e":"3 minutes"},"schema":{"@context":"https:\/\/schema.org","@graph":[{"@type":"Article","@id":"https:\/\/www.oracaoefe.com\/como-a-fe-pode-mudar-a-forma-de-encarar-problemas\/#article","isPartOf":{"@id":"https:\/\/www.oracaoefe.com\/como-a-fe-pode-mudar-a-forma-de-encarar-problemas\/"},"author":{"name":"Michele Azevedo","@id":"https:\/\/www.oracaoefe.com\/#\/schema\/person\/17283c669442cf005c4d5bb58adfb7f5"},"headline":"Como a f\u00e9 pode mudar a forma de encarar problemas","datePublished":"2025-09-21T18:21:51+00:00","dateModified":"2025-12-16T16:10:15+00:00","mainEntityOfPage":{"@id":"https:\/\/www.oracaoefe.com\/como-a-fe-pode-mudar-a-forma-de-encarar-problemas\/"},"wordCount":627,"image":{"@id":"https:\/\/www.oracaoefe.com\/como-a-fe-pode-mudar-a-forma-de-encarar-problemas\/#primaryimage"},"thumbnailUrl":"https:\/\/www.oracaoefe.com\/wp-content\/uploads\/2025\/09\/poder-da-fe.png","articleSection":["F\u00e9"],"inLanguage":"fr-FR"},{"@type":"WebPage","@id":"https:\/\/www.oracaoefe.com\/como-a-fe-pode-mudar-a-forma-de-encarar-problemas\/","url":"https:\/\/www.oracaoefe.com\/como-a-fe-pode-mudar-a-forma-de-encarar-problemas\/","name":"Como a f\u00e9 pode mudar a forma de encarar problemas - Ora\u00e7\u00e3o e F\u00e9","isPartOf":{"@id":"https:\/\/www.oracaoefe.com\/#website"},"primaryImageOfPage":{"@id":"https:\/\/www.oracaoefe.com\/como-a-fe-pode-mudar-a-forma-de-encarar-problemas\/#primaryimage"},"image":{"@id":"https:\/\/www.oracaoefe.com\/como-a-fe-pode-mudar-a-forma-de-encarar-problemas\/#primaryimage"},"thumbnailUrl":"https:\/\/www.oracaoefe.com\/wp-content\/uploads\/2025\/09\/poder-da-fe.png","datePublished":"2025-09-21T18:21:51+00:00","dateModified":"2025-12-16T16:10:15+00:00","author":{"@id":"https:\/\/www.oracaoefe.com\/#\/schema\/person\/17283c669442cf005c4d5bb58adfb7f5"},"description":"Dieu a une parole de vie pour vous !","breadcrumb":{"@id":"https:\/\/www.oracaoefe.com\/como-a-fe-pode-mudar-a-forma-de-encarar-problemas\/#breadcrumb"},"inLanguage":"fr-FR","potentialAction":[{"@type":"ReadAction","target":["https:\/\/www.oracaoefe.com\/como-a-fe-pode-mudar-a-forma-de-encarar-problemas\/"]}]},{"@type":"ImageObject","inLanguage":"fr-FR","@id":"https:\/\/www.oracaoefe.com\/como-a-fe-pode-mudar-a-forma-de-encarar-problemas\/#primaryimage","url":"https:\/\/www.oracaoefe.com\/wp-content\/uploads\/2025\/09\/poder-da-fe.png","contentUrl":"https:\/\/www.oracaoefe.com\/wp-content\/uploads\/2025\/09\/poder-da-fe.png","width":1536,"height":1024},{"@type":"BreadcrumbList","@id":"https:\/\/www.oracaoefe.com\/como-a-fe-pode-mudar-a-forma-de-encarar-problemas\/#breadcrumb","itemListElement":[{"@type":"ListItem","position":1,"name":"Home","item":"https:\/\/www.oracaoefe.com\/"},{"@type":"ListItem","position":2,"name":"F\u00e9","item":"https:\/\/www.oracaoefe.com\/es\/categoria\/fe\/"},{"@type":"ListItem","position":3,"name":"Como a f\u00e9 pode mudar a forma de encarar problemas"}]},{"@type":"WebSite","@id":"https:\/\/www.oracaoefe.com\/#website","url":"https:\/\/www.oracaoefe.com\/","name":"Pri\u00e8re et foi","description":"","potentialAction":[{"@type":"SearchAction","target":{"@type":"EntryPoint","urlTemplate":"https:\/\/www.oracaoefe.com\/?s={search_term_string}"},"query-input":{"@type":"PropertyValueSpecification","valueRequired":true,"valueName":"search_term_string"}}],"inLanguage":"fr-FR"},{"@type":"Person","@id":"https:\/\/www.oracaoefe.com\/#\/schema\/person\/17283c669442cf005c4d5bb58adfb7f5","name":"Michele Azevedo","image":{"@type":"ImageObject","inLanguage":"fr-FR","@id":"https:\/\/secure.gravatar.com\/avatar\/6b0eb9d22841282815e2cd856a0061c45e1761cd54b22e952d98c4746939aa85?s=96&d=mm&r=g","url":"https:\/\/secure.gravatar.com\/avatar\/6b0eb9d22841282815e2cd856a0061c45e1761cd54b22e952d98c4746939aa85?s=96&d=mm&r=g","contentUrl":"https:\/\/secure.gravatar.com\/avatar\/6b0eb9d22841282815e2cd856a0061c45e1761cd54b22e952d98c4746939aa85?s=96&d=mm&r=g","caption":"Michele Azevedo"},"description":"Dipl\u00f4m\u00e9e en litt\u00e9rature portugaise\/anglaise de l&#039;Universit\u00e9 d&#039;\u00c9tat de Ponta Grossa (UEPG), avec des dipl\u00f4mes de troisi\u00e8me cycle en art dans l&#039;\u00e9ducation (FAPI) et en psychop\u00e9dagogie scolaire (FAPI), elle est la cr\u00e9atrice et propri\u00e9taire du site web Escritora de Sucesso, a de l&#039;exp\u00e9rience dans l&#039;\u00e9criture pour les blogs en g\u00e9n\u00e9ral et travaille comme r\u00e9dactrice et \u00e9ditrice du contenu pour Ora\u00e7\u00e3o e F\u00e9.","url":"https:\/\/www.oracaoefe.com\/fr\/author\/michele-azevedo\/"}]}},"_links":{"self":[{"href":"https:\/\/www.oracaoefe.com\/fr\/wp-json\/wp\/v2\/posts\/3795","targetHints":{"allow":["GET"]}}],"collection":[{"href":"https:\/\/www.oracaoefe.com\/fr\/wp-json\/wp\/v2\/posts"}],"about":[{"href":"https:\/\/www.oracaoefe.com\/fr\/wp-json\/wp\/v2\/types\/post"}],"author":[{"embeddable":true,"href":"https:\/\/www.oracaoefe.com\/fr\/wp-json\/wp\/v2\/users\/3"}],"replies":[{"embeddable":true,"href":"https:\/\/www.oracaoefe.com\/fr\/wp-json\/wp\/v2\/comments?post=3795"}],"version-history":[{"count":1,"href":"https:\/\/www.oracaoefe.com\/fr\/wp-json\/wp\/v2\/posts\/3795\/revisions"}],"predecessor-version":[{"id":3797,"href":"https:\/\/www.oracaoefe.com\/fr\/wp-json\/wp\/v2\/posts\/3795\/revisions\/3797"}],"wp:featuredmedia":[{"embeddable":true,"href":"https:\/\/www.oracaoefe.com\/fr\/wp-json\/wp\/v2\/media\/3796"}],"wp:attachment":[{"href":"https:\/\/www.oracaoefe.com\/fr\/wp-json\/wp\/v2\/media?parent=3795"}],"wp:term":[{"taxonomy":"category","embeddable":true,"href":"https:\/\/www.oracaoefe.com\/fr\/wp-json\/wp\/v2\/categories?post=3795"},{"taxonomy":"post_tag","embeddable":true,"href":"https:\/\/www.oracaoefe.com\/fr\/wp-json\/wp\/v2\/tags?post=3795"}],"curies":[{"name":"wp","href":"https:\/\/api.w.org\/{rel}","templated":true}]}}