{"id":3761,"date":"2025-08-26T18:28:30","date_gmt":"2025-08-26T21:28:30","guid":{"rendered":"https:\/\/www.oracaoefe.com\/?p=3761"},"modified":"2025-12-16T13:10:16","modified_gmt":"2025-12-16T16:10:16","slug":"oracao-para-trazer-mais-paz-e-prosperidade-para-o-lar","status":"publish","type":"post","link":"https:\/\/www.oracaoefe.com\/fr\/oracao-para-trazer-mais-paz-e-prosperidade-para-o-lar\/","title":{"rendered":"Ora\u00e7\u00e3o para trazer mais paz e prosperidade para o lar"},"content":{"rendered":"<p class=\"has-text-align-center wp-block-paragraph\"><strong>Uma ora\u00e7\u00e3o pode trazer mais prosperidade para sua casa!<\/strong><\/p>\n\n\n\n<div class=\"wp-block-buttons is-content-justification-center is-layout-flex wp-container-core-buttons-is-layout-fe48e5de wp-block-buttons-is-layout-flex\">\n<div class=\"wp-block-button has-custom-width wp-block-button__width-100\"><a class=\"wp-block-button__link has-black-color has-pale-cyan-blue-background-color has-text-color has-background has-link-color has-medium-font-size has-custom-font-size wp-element-button\" href=\"https:\/\/www.oracaoefe.com\/fr\/aplicativo-de-oracoes-e-preces-para-seu-dia-a-dia\/\" style=\"border-radius:14px\"><strong>Aplicativo de ora\u00e7\u00f5es e mensagens poderosas<\/strong><\/a><\/div>\n\n\n\n<div class=\"wp-block-button has-custom-width wp-block-button__width-100\"><a class=\"wp-block-button__link has-black-color has-pale-cyan-blue-background-color has-text-color has-background has-link-color has-medium-font-size has-custom-font-size wp-element-button\" href=\"https:\/\/www.oracaoefe.com\/fr\/tecnicas-de-oracao-para-enfrentar-o-estresse-do-cotidiano\/\" style=\"border-radius:14px\"><strong>T\u00e9cnicas de ora\u00e7\u00e3o contra o estresse<\/strong><\/a><\/div>\n\n\n\n<div class=\"wp-block-button has-custom-width wp-block-button__width-100\"><a class=\"wp-block-button__link has-black-color has-pale-cyan-blue-background-color has-text-color has-background has-link-color has-medium-font-size has-custom-font-size wp-element-button\" href=\"https:\/\/www.oracaoefe.com\/fr\/categorie\/curiosites\/\" style=\"border-radius:14px\"><strong>Curiosidades sobre a B\u00edblia e mais<\/strong><\/a><\/div>\n<\/div>\n\n\n\n<p class=\"wp-block-paragraph\">O lar \u00e9 o espa\u00e7o mais importante da nossa vida. \u00c9 nele que buscamos descanso depois de um dia cheio, que partilhamos momentos com a fam\u00edlia e que encontramos for\u00e7as para enfrentar os desafios do cotidiano. Mas para que esse ambiente seja realmente acolhedor, \u00e9 preciso cuidar n\u00e3o s\u00f3 da organiza\u00e7\u00e3o material, mas tamb\u00e9m da energia espiritual que circula dentro dele. \u00c9 a\u00ed que entra a <strong>pr\u00e1tica da ora\u00e7\u00e3o<\/strong>, como uma ferramenta capaz de renovar as vibra\u00e7\u00f5es da casa, trazer paz e abrir caminhos para a prosperidade.<\/p>\n\n\n\n<h2 class=\"wp-block-heading\">Por que orar dentro de casa faz diferen\u00e7a?<\/h2>\n\n\n\n<p class=\"wp-block-paragraph\">Muitas pessoas acreditam que a ora\u00e7\u00e3o serve apenas para pedir b\u00ean\u00e7\u00e3os ou agradecer. Na verdade, ela \u00e9 muito mais do que isso. Orar dentro do lar \u00e9 como acender uma luz que afasta sombras invis\u00edveis, acalma o cora\u00e7\u00e3o e cria um ambiente de harmonia.<\/p>\n\n\n\n<p class=\"wp-block-paragraph\">A ci\u00eancia j\u00e1 comprovou que momentos de sil\u00eancio, medita\u00e7\u00e3o e ora\u00e7\u00e3o reduzem o estresse e fortalecem a mente. Quando esse h\u00e1bito \u00e9 levado para dentro da casa, todos os moradores s\u00e3o beneficiados, j\u00e1 que a atmosfera do ambiente se torna mais leve.<\/p>\n\n\n\n<h2 class=\"wp-block-heading\">Paz que come\u00e7a no interior<\/h2>\n\n\n\n<p class=\"wp-block-paragraph\">Antes de transformar o ambiente ao redor, a ora\u00e7\u00e3o muda quem a pratica. Ao dedicar alguns minutos para elevar pensamentos e sentimentos, a pessoa desenvolve mais equil\u00edbrio, paci\u00eancia e serenidade. Essas mudan\u00e7as interiores refletem nas rela\u00e7\u00f5es familiares, reduzindo conflitos e fortalecendo os la\u00e7os de afeto.<\/p>\n\n\n\n<p class=\"wp-block-paragraph\">Quando algu\u00e9m est\u00e1 em paz consigo mesmo, naturalmente transmite essa energia para o lar. \u00c9 como se cada ora\u00e7\u00e3o fosse uma semente plantada que germina em boas conversas, compreens\u00e3o e uni\u00e3o.<\/p>\n\n\n\n<h2 class=\"wp-block-heading\">Prosperidade al\u00e9m do dinheiro<\/h2>\n\n\n\n<p class=\"wp-block-paragraph\">Quando falamos em prosperidade, muitas vezes pensamos apenas em ganhos financeiros. Mas a prosperidade verdadeira \u00e9 muito mais ampla. Ela envolve sa\u00fade, relacionamentos equilibrados, crescimento pessoal e at\u00e9 mesmo oportunidades que surgem de forma inesperada.<\/p>\n\n\n\n<p class=\"wp-block-paragraph\">A ora\u00e7\u00e3o abre espa\u00e7o para essa prosperidade porque conecta a pessoa com um estado de gratid\u00e3o e confian\u00e7a. Ao reconhecer o que j\u00e1 existe de bom, cria-se uma vibra\u00e7\u00e3o positiva que atrai ainda mais coisas boas. Assim, o lar passa a ser um espa\u00e7o f\u00e9rtil para novos projetos, sonhos e conquistas.<\/p>\n\n\n\n<h2 class=\"wp-block-heading\">A ora\u00e7\u00e3o como h\u00e1bito di\u00e1rio<\/h2>\n\n\n\n<p class=\"wp-block-paragraph\">Um dos segredos para transformar o lar por meio da ora\u00e7\u00e3o \u00e9 a const\u00e2ncia. N\u00e3o adianta orar apenas em momentos de dificuldade. \u00c9 preciso tornar esse gesto parte da rotina da casa. Pode ser de manh\u00e3, antes de dormir, ou at\u00e9 em um momento de reuni\u00e3o da fam\u00edlia.<\/p>\n\n\n\n<p class=\"wp-block-paragraph\">A regularidade cria um padr\u00e3o energ\u00e9tico que mant\u00e9m a casa protegida e os moradores fortalecidos. Aos poucos, todos percebem que problemas se tornam mais leves, as discuss\u00f5es diminuem e as solu\u00e7\u00f5es come\u00e7am a aparecer com mais facilidade.<\/p>\n\n\n\n<h2 class=\"wp-block-heading\">Criando um espa\u00e7o de ora\u00e7\u00e3o no lar<\/h2>\n\n\n\n<p class=\"wp-block-paragraph\">N\u00e3o \u00e9 necess\u00e1rio ter um altar ou um c\u00f4modo exclusivo, mas separar um pequeno espa\u00e7o para orar pode ajudar a criar concentra\u00e7\u00e3o e foco. Pode ser uma vela acesa, uma imagem que inspire f\u00e9, ou at\u00e9 mesmo uma planta que transmita calma. O importante \u00e9 que esse lugar simbolize para os moradores um ponto de encontro com a espiritualidade.<\/p>\n\n\n\n<p class=\"wp-block-paragraph\">Ao se aproximar desse espa\u00e7o, cada pessoa j\u00e1 sente que est\u00e1 entrando em um momento de conex\u00e3o, onde a pressa e as preocupa\u00e7\u00f5es ficam de lado.<\/p>\n\n\n\n<h2 class=\"wp-block-heading\">O poder da uni\u00e3o familiar na ora\u00e7\u00e3o<\/h2>\n\n\n\n<p class=\"wp-block-paragraph\">Quando mais de uma pessoa da casa se une em ora\u00e7\u00e3o, a for\u00e7a espiritual se multiplica. \u00c9 como se cada voz fosse um pilar que sustenta a energia positiva do lar. Rezar em fam\u00edlia fortalece os v\u00ednculos, promove empatia e cria lembran\u00e7as afetivas que ficam para sempre.<\/p>\n\n\n\n<p class=\"wp-block-paragraph\">Mesmo que nem todos tenham a mesma f\u00e9 ou religi\u00e3o, \u00e9 poss\u00edvel criar momentos de sil\u00eancio, reflex\u00e3o ou gratid\u00e3o em conjunto. O que importa \u00e9 a inten\u00e7\u00e3o sincera de trazer paz e prosperidade para todos.<\/p>\n\n\n\n<h2 class=\"wp-block-heading\">Superando desafios com f\u00e9<\/h2>\n\n\n\n<p class=\"wp-block-paragraph\">Todo lar enfrenta dificuldades: contas para pagar, preocupa\u00e7\u00f5es com sa\u00fade, conflitos entre familiares, incertezas sobre o futuro. A ora\u00e7\u00e3o n\u00e3o apaga esses desafios, mas d\u00e1 for\u00e7a para enfrent\u00e1-los.<\/p>\n\n\n\n<p class=\"wp-block-paragraph\">Ela funciona como uma b\u00fassola, que ajuda a manter o foco no que realmente importa e evita que pequenas turbul\u00eancias destruam a harmonia da casa. Quem ora desenvolve mais resili\u00eancia e encontra solu\u00e7\u00f5es criativas para os problemas.<\/p>\n\n\n\n<h2 class=\"wp-block-heading\">Fa\u00e7a sua ora\u00e7\u00e3o agora mesmo<\/h2>\n\n\n\n<p class=\"wp-block-paragraph\">A <strong>ora\u00e7\u00e3o para trazer paz e prosperidade para o lar<\/strong> n\u00e3o \u00e9 apenas um ritual religioso, mas um gesto de cuidado com quem vive dentro desse espa\u00e7o. Ela fortalece o cora\u00e7\u00e3o de cada morador, melhora os relacionamentos e cria uma energia de acolhimento que transforma a casa em um verdadeiro ref\u00fagio.<\/p>\n\n\n\n<p class=\"wp-block-paragraph\">Em 2025, com tantos desafios e correria, reservar alguns minutos para orar em casa \u00e9 mais do que uma escolha espiritual: \u00e9 uma estrat\u00e9gia de equil\u00edbrio emocional e de fortalecimento da fam\u00edlia. Afinal, um lar em paz e pr\u00f3spero \u00e9 o alicerce para qualquer conquista.<\/p>\n\n\n\n<p class=\"wp-block-paragraph\"><strong>Voir aussi\u00a0: <a href=\"https:\/\/www.oracaoefe.com\/fr\/oracao-para-conseguir-dinheiro-urgente-para-pagar-dividas\/\">Ora\u00e7\u00e3o para conseguir dinheiro urgente para pagar d\u00edvidas<\/a><\/strong><\/p>\n\n\n\n<p class=\"wp-block-paragraph\">Publicado em 26 de agosto de 2025<\/p>","protected":false},"excerpt":{"rendered":"<p>Uma ora\u00e7\u00e3o pode trazer mais prosperidade para sua casa! O lar \u00e9 o espa\u00e7o mais importante da nossa vida. \u00c9 nele que buscamos descanso depois de um dia cheio, que partilhamos momentos com a fam\u00edlia e que encontramos for\u00e7as para enfrentar os desafios do cotidiano. Mas para que esse ambiente seja realmente acolhedor, \u00e9 preciso&hellip;&nbsp;<\/p>","protected":false},"author":3,"featured_media":3548,"comment_status":"closed","ping_status":"closed","sticky":false,"template":"","format":"standard","meta":{"neve_meta_sidebar":"","neve_meta_container":"","neve_meta_enable_content_width":"","neve_meta_content_width":0,"neve_meta_title_alignment":"","neve_meta_author_avatar":"","neve_post_elements_order":"","neve_meta_disable_header":"","neve_meta_disable_footer":"","neve_meta_disable_title":"","footnotes":""},"categories":[2],"tags":[],"class_list":["post-3761","post","type-post","status-publish","format-standard","has-post-thumbnail","hentry","category-oracao"],"yoast_head":"<!-- This site is optimized with the Yoast SEO plugin v28.4 - https:\/\/yoast.com\/product\/yoast-seo-wordpress\/ -->\n<title>Ora\u00e7\u00e3o para trazer mais paz e prosperidade para o lar - Ora\u00e7\u00e3o e F\u00e9<\/title>\n<meta name=\"description\" content=\"Deus tem pra voc\u00ea uma palavra de vida!\" \/>\n<meta name=\"robots\" content=\"index, follow, max-snippet:-1, max-image-preview:large, max-video-preview:-1\" \/>\n<link rel=\"canonical\" href=\"https:\/\/www.oracaoefe.com\/fr\/oracao-para-trazer-mais-paz-e-prosperidade-para-o-lar\/\" \/>\n<meta property=\"og:locale\" content=\"fr_FR\" \/>\n<meta property=\"og:type\" content=\"article\" \/>\n<meta property=\"og:title\" content=\"Ora\u00e7\u00e3o para trazer mais paz e prosperidade para o lar - Ora\u00e7\u00e3o e F\u00e9\" \/>\n<meta property=\"og:description\" content=\"Deus tem pra voc\u00ea uma palavra de vida!\" \/>\n<meta property=\"og:url\" content=\"https:\/\/www.oracaoefe.com\/fr\/oracao-para-trazer-mais-paz-e-prosperidade-para-o-lar\/\" \/>\n<meta property=\"og:site_name\" content=\"Ora\u00e7\u00e3o e F\u00e9\" \/>\n<meta property=\"article:published_time\" content=\"2025-08-26T21:28:30+00:00\" \/>\n<meta property=\"article:modified_time\" content=\"2025-12-16T16:10:16+00:00\" \/>\n<meta property=\"og:image\" content=\"https:\/\/www.oracaoefe.com\/wp-content\/uploads\/2025\/04\/oracao.webp\" \/>\n\t<meta property=\"og:image:width\" content=\"1536\" \/>\n\t<meta property=\"og:image:height\" content=\"1024\" \/>\n\t<meta property=\"og:image:type\" content=\"image\/webp\" \/>\n<meta name=\"author\" content=\"Michele Azevedo\" \/>\n<meta name=\"twitter:card\" content=\"summary_large_image\" \/>\n<meta name=\"twitter:label1\" content=\"\u00c9crit par\" \/>\n\t<meta name=\"twitter:data1\" content=\"Michele Azevedo\" \/>\n\t<meta name=\"twitter:label2\" content=\"Dur\u00e9e de lecture estim\u00e9e\" \/>\n\t<meta name=\"twitter:data2\" content=\"5 minutes\" \/>\n<script type=\"application\/ld+json\" class=\"yoast-schema-graph\">{\"@context\":\"https:\\\/\\\/schema.org\",\"@graph\":[{\"@type\":\"Article\",\"@id\":\"https:\\\/\\\/www.oracaoefe.com\\\/oracao-para-trazer-mais-paz-e-prosperidade-para-o-lar\\\/#article\",\"isPartOf\":{\"@id\":\"https:\\\/\\\/www.oracaoefe.com\\\/oracao-para-trazer-mais-paz-e-prosperidade-para-o-lar\\\/\"},\"author\":{\"name\":\"Michele Azevedo\",\"@id\":\"https:\\\/\\\/www.oracaoefe.com\\\/#\\\/schema\\\/person\\\/17283c669442cf005c4d5bb58adfb7f5\"},\"headline\":\"Ora\u00e7\u00e3o para trazer mais paz e prosperidade para o lar\",\"datePublished\":\"2025-08-26T21:28:30+00:00\",\"dateModified\":\"2025-12-16T16:10:16+00:00\",\"mainEntityOfPage\":{\"@id\":\"https:\\\/\\\/www.oracaoefe.com\\\/oracao-para-trazer-mais-paz-e-prosperidade-para-o-lar\\\/\"},\"wordCount\":932,\"image\":{\"@id\":\"https:\\\/\\\/www.oracaoefe.com\\\/oracao-para-trazer-mais-paz-e-prosperidade-para-o-lar\\\/#primaryimage\"},\"thumbnailUrl\":\"https:\\\/\\\/www.oracaoefe.com\\\/wp-content\\\/uploads\\\/2025\\\/04\\\/oracao.webp\",\"articleSection\":[\"Ora\u00e7\u00e3o\"],\"inLanguage\":\"fr-FR\"},{\"@type\":\"WebPage\",\"@id\":\"https:\\\/\\\/www.oracaoefe.com\\\/oracao-para-trazer-mais-paz-e-prosperidade-para-o-lar\\\/\",\"url\":\"https:\\\/\\\/www.oracaoefe.com\\\/oracao-para-trazer-mais-paz-e-prosperidade-para-o-lar\\\/\",\"name\":\"Ora\u00e7\u00e3o para trazer mais paz e prosperidade para o lar - Ora\u00e7\u00e3o e F\u00e9\",\"isPartOf\":{\"@id\":\"https:\\\/\\\/www.oracaoefe.com\\\/#website\"},\"primaryImageOfPage\":{\"@id\":\"https:\\\/\\\/www.oracaoefe.com\\\/oracao-para-trazer-mais-paz-e-prosperidade-para-o-lar\\\/#primaryimage\"},\"image\":{\"@id\":\"https:\\\/\\\/www.oracaoefe.com\\\/oracao-para-trazer-mais-paz-e-prosperidade-para-o-lar\\\/#primaryimage\"},\"thumbnailUrl\":\"https:\\\/\\\/www.oracaoefe.com\\\/wp-content\\\/uploads\\\/2025\\\/04\\\/oracao.webp\",\"datePublished\":\"2025-08-26T21:28:30+00:00\",\"dateModified\":\"2025-12-16T16:10:16+00:00\",\"author\":{\"@id\":\"https:\\\/\\\/www.oracaoefe.com\\\/#\\\/schema\\\/person\\\/17283c669442cf005c4d5bb58adfb7f5\"},\"description\":\"Deus tem pra voc\u00ea uma palavra de vida!\",\"breadcrumb\":{\"@id\":\"https:\\\/\\\/www.oracaoefe.com\\\/oracao-para-trazer-mais-paz-e-prosperidade-para-o-lar\\\/#breadcrumb\"},\"inLanguage\":\"fr-FR\",\"potentialAction\":[{\"@type\":\"ReadAction\",\"target\":[\"https:\\\/\\\/www.oracaoefe.com\\\/oracao-para-trazer-mais-paz-e-prosperidade-para-o-lar\\\/\"]}]},{\"@type\":\"ImageObject\",\"inLanguage\":\"fr-FR\",\"@id\":\"https:\\\/\\\/www.oracaoefe.com\\\/oracao-para-trazer-mais-paz-e-prosperidade-para-o-lar\\\/#primaryimage\",\"url\":\"https:\\\/\\\/www.oracaoefe.com\\\/wp-content\\\/uploads\\\/2025\\\/04\\\/oracao.webp\",\"contentUrl\":\"https:\\\/\\\/www.oracaoefe.com\\\/wp-content\\\/uploads\\\/2025\\\/04\\\/oracao.webp\",\"width\":1536,\"height\":1024},{\"@type\":\"BreadcrumbList\",\"@id\":\"https:\\\/\\\/www.oracaoefe.com\\\/oracao-para-trazer-mais-paz-e-prosperidade-para-o-lar\\\/#breadcrumb\",\"itemListElement\":[{\"@type\":\"ListItem\",\"position\":1,\"name\":\"Home\",\"item\":\"https:\\\/\\\/www.oracaoefe.com\\\/\"},{\"@type\":\"ListItem\",\"position\":2,\"name\":\"Ora\u00e7\u00e3o\",\"item\":\"https:\\\/\\\/www.oracaoefe.com\\\/category\\\/oracao\\\/\"},{\"@type\":\"ListItem\",\"position\":3,\"name\":\"Ora\u00e7\u00e3o para trazer mais paz e prosperidade para o lar\"}]},{\"@type\":\"WebSite\",\"@id\":\"https:\\\/\\\/www.oracaoefe.com\\\/#website\",\"url\":\"https:\\\/\\\/www.oracaoefe.com\\\/\",\"name\":\"Ora\u00e7\u00e3o e F\u00e9\",\"description\":\"\",\"potentialAction\":[{\"@type\":\"SearchAction\",\"target\":{\"@type\":\"EntryPoint\",\"urlTemplate\":\"https:\\\/\\\/www.oracaoefe.com\\\/?s={search_term_string}\"},\"query-input\":{\"@type\":\"PropertyValueSpecification\",\"valueRequired\":true,\"valueName\":\"search_term_string\"}}],\"inLanguage\":\"fr-FR\"},{\"@type\":\"Person\",\"@id\":\"https:\\\/\\\/www.oracaoefe.com\\\/#\\\/schema\\\/person\\\/17283c669442cf005c4d5bb58adfb7f5\",\"name\":\"Michele Azevedo\",\"image\":{\"@type\":\"ImageObject\",\"inLanguage\":\"fr-FR\",\"@id\":\"https:\\\/\\\/secure.gravatar.com\\\/avatar\\\/6b0eb9d22841282815e2cd856a0061c45e1761cd54b22e952d98c4746939aa85?s=96&d=mm&r=g\",\"url\":\"https:\\\/\\\/secure.gravatar.com\\\/avatar\\\/6b0eb9d22841282815e2cd856a0061c45e1761cd54b22e952d98c4746939aa85?s=96&d=mm&r=g\",\"contentUrl\":\"https:\\\/\\\/secure.gravatar.com\\\/avatar\\\/6b0eb9d22841282815e2cd856a0061c45e1761cd54b22e952d98c4746939aa85?s=96&d=mm&r=g\",\"caption\":\"Michele Azevedo\"},\"description\":\"Formada em Letras - Portugu\u00eas\\\/ Ingl\u00eas pela Universidade Estadual de Ponta Grossa (UEPG), p\u00f3s-graduada em Arte na Educa\u00e7\u00e3o (FAPI) e Psicopedagogia Escolar (FAPI), idealizadora e propriet\u00e1ria do site Escritora de Sucesso, possui experi\u00eancia em escrita para blogs em geral e atua como redatora e revisora dos conte\u00fados do Ora\u00e7\u00e3o e F\u00e9.\",\"url\":\"https:\\\/\\\/www.oracaoefe.com\\\/fr\\\/author\\\/michele-azevedo\\\/\"}]}<\/script>\n<!-- \/ Yoast SEO plugin. -->","yoast_head_json":{"title":"Ora\u00e7\u00e3o para trazer mais paz e prosperidade para o lar - Ora\u00e7\u00e3o e F\u00e9","description":"Dieu a une parole de vie pour vous !","robots":{"index":"index","follow":"follow","max-snippet":"max-snippet:-1","max-image-preview":"max-image-preview:large","max-video-preview":"max-video-preview:-1"},"canonical":"https:\/\/www.oracaoefe.com\/fr\/oracao-para-trazer-mais-paz-e-prosperidade-para-o-lar\/","og_locale":"fr_FR","og_type":"article","og_title":"Ora\u00e7\u00e3o para trazer mais paz e prosperidade para o lar - Ora\u00e7\u00e3o e F\u00e9","og_description":"Deus tem pra voc\u00ea uma palavra de vida!","og_url":"https:\/\/www.oracaoefe.com\/fr\/oracao-para-trazer-mais-paz-e-prosperidade-para-o-lar\/","og_site_name":"Ora\u00e7\u00e3o e F\u00e9","article_published_time":"2025-08-26T21:28:30+00:00","article_modified_time":"2025-12-16T16:10:16+00:00","og_image":[{"width":1536,"height":1024,"url":"https:\/\/www.oracaoefe.com\/wp-content\/uploads\/2025\/04\/oracao.webp","type":"image\/webp"}],"author":"Michele Azevedo","twitter_card":"summary_large_image","twitter_misc":{"\u00c9crit par":"Michele Azevedo","Dur\u00e9e de lecture estim\u00e9e":"5 minutes"},"schema":{"@context":"https:\/\/schema.org","@graph":[{"@type":"Article","@id":"https:\/\/www.oracaoefe.com\/oracao-para-trazer-mais-paz-e-prosperidade-para-o-lar\/#article","isPartOf":{"@id":"https:\/\/www.oracaoefe.com\/oracao-para-trazer-mais-paz-e-prosperidade-para-o-lar\/"},"author":{"name":"Michele Azevedo","@id":"https:\/\/www.oracaoefe.com\/#\/schema\/person\/17283c669442cf005c4d5bb58adfb7f5"},"headline":"Ora\u00e7\u00e3o para trazer mais paz e prosperidade para o lar","datePublished":"2025-08-26T21:28:30+00:00","dateModified":"2025-12-16T16:10:16+00:00","mainEntityOfPage":{"@id":"https:\/\/www.oracaoefe.com\/oracao-para-trazer-mais-paz-e-prosperidade-para-o-lar\/"},"wordCount":932,"image":{"@id":"https:\/\/www.oracaoefe.com\/oracao-para-trazer-mais-paz-e-prosperidade-para-o-lar\/#primaryimage"},"thumbnailUrl":"https:\/\/www.oracaoefe.com\/wp-content\/uploads\/2025\/04\/oracao.webp","articleSection":["Ora\u00e7\u00e3o"],"inLanguage":"fr-FR"},{"@type":"WebPage","@id":"https:\/\/www.oracaoefe.com\/oracao-para-trazer-mais-paz-e-prosperidade-para-o-lar\/","url":"https:\/\/www.oracaoefe.com\/oracao-para-trazer-mais-paz-e-prosperidade-para-o-lar\/","name":"Ora\u00e7\u00e3o para trazer mais paz e prosperidade para o lar - Ora\u00e7\u00e3o e F\u00e9","isPartOf":{"@id":"https:\/\/www.oracaoefe.com\/#website"},"primaryImageOfPage":{"@id":"https:\/\/www.oracaoefe.com\/oracao-para-trazer-mais-paz-e-prosperidade-para-o-lar\/#primaryimage"},"image":{"@id":"https:\/\/www.oracaoefe.com\/oracao-para-trazer-mais-paz-e-prosperidade-para-o-lar\/#primaryimage"},"thumbnailUrl":"https:\/\/www.oracaoefe.com\/wp-content\/uploads\/2025\/04\/oracao.webp","datePublished":"2025-08-26T21:28:30+00:00","dateModified":"2025-12-16T16:10:16+00:00","author":{"@id":"https:\/\/www.oracaoefe.com\/#\/schema\/person\/17283c669442cf005c4d5bb58adfb7f5"},"description":"Dieu a une parole de vie pour vous !","breadcrumb":{"@id":"https:\/\/www.oracaoefe.com\/oracao-para-trazer-mais-paz-e-prosperidade-para-o-lar\/#breadcrumb"},"inLanguage":"fr-FR","potentialAction":[{"@type":"ReadAction","target":["https:\/\/www.oracaoefe.com\/oracao-para-trazer-mais-paz-e-prosperidade-para-o-lar\/"]}]},{"@type":"ImageObject","inLanguage":"fr-FR","@id":"https:\/\/www.oracaoefe.com\/oracao-para-trazer-mais-paz-e-prosperidade-para-o-lar\/#primaryimage","url":"https:\/\/www.oracaoefe.com\/wp-content\/uploads\/2025\/04\/oracao.webp","contentUrl":"https:\/\/www.oracaoefe.com\/wp-content\/uploads\/2025\/04\/oracao.webp","width":1536,"height":1024},{"@type":"BreadcrumbList","@id":"https:\/\/www.oracaoefe.com\/oracao-para-trazer-mais-paz-e-prosperidade-para-o-lar\/#breadcrumb","itemListElement":[{"@type":"ListItem","position":1,"name":"Home","item":"https:\/\/www.oracaoefe.com\/"},{"@type":"ListItem","position":2,"name":"Ora\u00e7\u00e3o","item":"https:\/\/www.oracaoefe.com\/category\/oracao\/"},{"@type":"ListItem","position":3,"name":"Ora\u00e7\u00e3o para trazer mais paz e prosperidade para o lar"}]},{"@type":"WebSite","@id":"https:\/\/www.oracaoefe.com\/#website","url":"https:\/\/www.oracaoefe.com\/","name":"Pri\u00e8re et foi","description":"","potentialAction":[{"@type":"SearchAction","target":{"@type":"EntryPoint","urlTemplate":"https:\/\/www.oracaoefe.com\/?s={search_term_string}"},"query-input":{"@type":"PropertyValueSpecification","valueRequired":true,"valueName":"search_term_string"}}],"inLanguage":"fr-FR"},{"@type":"Person","@id":"https:\/\/www.oracaoefe.com\/#\/schema\/person\/17283c669442cf005c4d5bb58adfb7f5","name":"Michele Azevedo","image":{"@type":"ImageObject","inLanguage":"fr-FR","@id":"https:\/\/secure.gravatar.com\/avatar\/6b0eb9d22841282815e2cd856a0061c45e1761cd54b22e952d98c4746939aa85?s=96&d=mm&r=g","url":"https:\/\/secure.gravatar.com\/avatar\/6b0eb9d22841282815e2cd856a0061c45e1761cd54b22e952d98c4746939aa85?s=96&d=mm&r=g","contentUrl":"https:\/\/secure.gravatar.com\/avatar\/6b0eb9d22841282815e2cd856a0061c45e1761cd54b22e952d98c4746939aa85?s=96&d=mm&r=g","caption":"Michele Azevedo"},"description":"Dipl\u00f4m\u00e9e en litt\u00e9rature portugaise\/anglaise de l&#039;Universit\u00e9 d&#039;\u00c9tat de Ponta Grossa (UEPG), avec des dipl\u00f4mes de troisi\u00e8me cycle en art dans l&#039;\u00e9ducation (FAPI) et en psychop\u00e9dagogie scolaire (FAPI), elle est la cr\u00e9atrice et propri\u00e9taire du site web Escritora de Sucesso, a de l&#039;exp\u00e9rience dans l&#039;\u00e9criture pour les blogs en g\u00e9n\u00e9ral et travaille comme r\u00e9dactrice et \u00e9ditrice du contenu pour Ora\u00e7\u00e3o e F\u00e9.","url":"https:\/\/www.oracaoefe.com\/fr\/author\/michele-azevedo\/"}]}},"_links":{"self":[{"href":"https:\/\/www.oracaoefe.com\/fr\/wp-json\/wp\/v2\/posts\/3761","targetHints":{"allow":["GET"]}}],"collection":[{"href":"https:\/\/www.oracaoefe.com\/fr\/wp-json\/wp\/v2\/posts"}],"about":[{"href":"https:\/\/www.oracaoefe.com\/fr\/wp-json\/wp\/v2\/types\/post"}],"author":[{"embeddable":true,"href":"https:\/\/www.oracaoefe.com\/fr\/wp-json\/wp\/v2\/users\/3"}],"replies":[{"embeddable":true,"href":"https:\/\/www.oracaoefe.com\/fr\/wp-json\/wp\/v2\/comments?post=3761"}],"version-history":[{"count":1,"href":"https:\/\/www.oracaoefe.com\/fr\/wp-json\/wp\/v2\/posts\/3761\/revisions"}],"predecessor-version":[{"id":3764,"href":"https:\/\/www.oracaoefe.com\/fr\/wp-json\/wp\/v2\/posts\/3761\/revisions\/3764"}],"wp:featuredmedia":[{"embeddable":true,"href":"https:\/\/www.oracaoefe.com\/fr\/wp-json\/wp\/v2\/media\/3548"}],"wp:attachment":[{"href":"https:\/\/www.oracaoefe.com\/fr\/wp-json\/wp\/v2\/media?parent=3761"}],"wp:term":[{"taxonomy":"category","embeddable":true,"href":"https:\/\/www.oracaoefe.com\/fr\/wp-json\/wp\/v2\/categories?post=3761"},{"taxonomy":"post_tag","embeddable":true,"href":"https:\/\/www.oracaoefe.com\/fr\/wp-json\/wp\/v2\/tags?post=3761"}],"curies":[{"name":"wp","href":"https:\/\/api.w.org\/{rel}","templated":true}]}}