{"id":3760,"date":"2025-08-26T17:27:03","date_gmt":"2025-08-26T20:27:03","guid":{"rendered":"https:\/\/www.oracaoefe.com\/?p=3760"},"modified":"2025-12-16T13:10:17","modified_gmt":"2025-12-16T16:10:17","slug":"aplicativo-de-oracoes-e-preces-para-seu-dia-a-dia","status":"publish","type":"post","link":"https:\/\/www.oracaoefe.com\/fr\/aplicativo-de-oracoes-e-preces-para-seu-dia-a-dia\/","title":{"rendered":"Aplicativo de ora\u00e7\u00f5es e preces para seu dia-a-dia"},"content":{"rendered":"<p class=\"has-text-align-center wp-block-paragraph\"><strong>Fa\u00e7a uma ora\u00e7\u00e3o a partir dos aplicativos!<\/strong><\/p>\n\n\n\n<p class=\"has-text-align-left wp-block-paragraph\">Hoje, existem diversos <strong>aplicativos de ora\u00e7\u00f5es e preces<\/strong> que ajudam a manter a f\u00e9 viva em qualquer lugar, seja em casa, no trabalho ou at\u00e9 no transporte p\u00fablico. At\u00e9 porque, no corre-corre da vida moderna, fica cada vez mais dif\u00edcil separar alguns minutos para orar e se conectar com a espiritualidade. Por\u00e9m, a tecnologia pode ser uma grande aliada nesse processo. <\/p>\n\n\n\n<p class=\"wp-block-paragraph\">Esses apps trazem mensagens di\u00e1rias, preces guiadas, lembretes e at\u00e9 comunidades virtuais de f\u00e9, tornando a pr\u00e1tica espiritual mais acess\u00edvel e constante.<\/p>\n\n\n\n<h2 class=\"wp-block-heading\">Por que usar um aplicativo de ora\u00e7\u00f5es?<\/h2>\n\n\n\n<p class=\"wp-block-paragraph\">Ter ora\u00e7\u00f5es sempre \u00e0 m\u00e3o no celular ajuda a criar um h\u00e1bito di\u00e1rio de conex\u00e3o espiritual. Al\u00e9m de ser pr\u00e1tico, o aplicativo organiza diferentes tipos de preces, para agradecer, pedir prote\u00e7\u00e3o, buscar prosperidade ou simplesmente encontrar paz interior.<\/p>\n\n\n\n<p class=\"wp-block-paragraph\">Outro benef\u00edcio \u00e9 a possibilidade de receber notifica\u00e7\u00f5es que lembram o momento certo de parar, respirar fundo e elevar os pensamentos. Assim, mesmo com a rotina agitada, a f\u00e9 n\u00e3o fica de lado.<\/p>\n\n\n\n<h2 class=\"wp-block-heading\">Aplicativos populares para ora\u00e7\u00f5es<\/h2>\n\n\n\n<h3 class=\"wp-block-heading\">1# <strong>Laudate<\/strong><\/h3>\n\n\n\n<p class=\"wp-block-paragraph\">Um dos aplicativos mais completos para cat\u00f3licos. Re\u00fane ora\u00e7\u00f5es tradicionais, leituras b\u00edblicas di\u00e1rias e at\u00e9 o ter\u00e7o guiado. Tamb\u00e9m tem espa\u00e7o para reflex\u00f5es e homilias.<\/p>\n\n\n\n<h3 class=\"wp-block-heading\">2# <strong>Ora\u00e7\u00f5es Di\u00e1rias<\/strong><\/h3>\n\n\n\n<p class=\"wp-block-paragraph\">Simples e direto, o <strong>Ora\u00e7\u00f5es Di\u00e1rias<\/strong> traz uma sele\u00e7\u00e3o de preces curtas para diferentes momentos: ao acordar, antes de dormir, em busca de prote\u00e7\u00e3o ou de b\u00ean\u00e7\u00e3os para a fam\u00edlia. \u00c9 ideal para quem gosta de praticidade.<\/p>\n\n\n<div class=\"wp-block-image\">\n<figure class=\"aligncenter size-full\"><a href=\"https:\/\/play.google.com\/store\/apps\/details?id=br.com.as2.oracaododia&hl=pt_BR\"><img loading=\"lazy\" decoding=\"async\" width=\"250\" height=\"80\" src=\"https:\/\/www.oracaoefe.com\/wp-content\/uploads\/2025\/05\/botao-play-store-1.png\" alt=\"\" class=\"wp-image-3584\" srcset=\"https:\/\/www.oracaoefe.com\/wp-content\/uploads\/2025\/05\/botao-play-store-1.png 250w, https:\/\/www.oracaoefe.com\/wp-content\/uploads\/2025\/05\/botao-play-store-1-18x6.png 18w\" sizes=\"auto, (max-width: 250px) 100vw, 250px\" \/><\/a><\/figure>\n<\/div>\n\n\n<h3 class=\"wp-block-heading\">3# <strong>Pray.com<\/strong><\/h3>\n\n\n\n<p class=\"wp-block-paragraph\">Esse app \u00e9 voltado para uma experi\u00eancia mais ampla, incluindo \u00e1udios de medita\u00e7\u00e3o, hist\u00f3rias b\u00edblicas narradas e ora\u00e7\u00f5es guiadas. Est\u00e1 dispon\u00edvel em v\u00e1rios idiomas e \u00e9 bastante usado em comunidades crist\u00e3s ao redor do mundo.<\/p>\n\n\n\n<h3 class=\"wp-block-heading\">4# <strong>iBreviary<\/strong><\/h3>\n\n\n\n<p class=\"wp-block-paragraph\">Muito utilizado por religiosos e leigos, o <strong>iBreviary<\/strong> traz a liturgia das horas, leituras do dia e diversas ora\u00e7\u00f5es. Funciona offline, o que \u00e9 \u00f3timo para quando n\u00e3o h\u00e1 internet.<\/p>\n\n\n\n<h3 class=\"wp-block-heading\">5# <strong>Ora\u00e7\u00f5es Cat\u00f3licas<\/strong><\/h3>\n\n\n\n<p class=\"wp-block-paragraph\">Outro app bem popular, que re\u00fane uma biblioteca extensa de ora\u00e7\u00f5es para todas as situa\u00e7\u00f5es, incluindo preces de santos, novenas e pedidos especiais.<\/p>\n\n\n\n<h2 class=\"wp-block-heading\">Vantagens de ter um app de ora\u00e7\u00e3o<\/h2>\n\n\n\n<ul class=\"wp-block-list\">\n<li><strong>Organiza\u00e7\u00e3o<\/strong>: todas as preces em um s\u00f3 lugar, divididas por temas.<\/li>\n\n\n\n<li><strong>Praticidade<\/strong>: basta alguns toques para acessar a ora\u00e7\u00e3o que voc\u00ea precisa.<\/li>\n\n\n\n<li><strong>Apoio espiritual constante<\/strong>: lembretes e notifica\u00e7\u00f5es ajudam a manter a disciplina.<\/li>\n\n\n\n<li><strong>Conex\u00e3o comunit\u00e1ria<\/strong>: alguns apps permitem compartilhar ora\u00e7\u00f5es com amigos e familiares.<\/li>\n\n\n\n<li><strong>Acesso offline<\/strong>: mesmo sem internet, muitas preces continuam dispon\u00edveis.<\/li>\n<\/ul>\n\n\n\n<h2 class=\"wp-block-heading\">Ora\u00e7\u00e3o e prosperidade no cotidiano<\/h2>\n\n\n\n<p class=\"wp-block-paragraph\">Um detalhe interessante \u00e9 que muitos aplicativos j\u00e1 incluem preces voltadas para a <strong>prosperidade e abund\u00e2ncia<\/strong>, indo al\u00e9m da vis\u00e3o financeira. Prosperar \u00e9 ter sa\u00fade, equil\u00edbrio emocional e paz de esp\u00edrito.<\/p>\n\n\n\n<p class=\"wp-block-paragraph\">Ao incluir essas ora\u00e7\u00f5es no dia a dia, a pessoa cultiva uma mentalidade mais positiva e aprende a reconhecer as pequenas b\u00ean\u00e7\u00e3os da vida, o que abre caminho para novas oportunidades.<\/p>\n\n\n\n<h2 class=\"wp-block-heading\">Como escolher o melhor aplicativo de ora\u00e7\u00e3o<\/h2>\n\n\n\n<p class=\"wp-block-paragraph\">Cada app tem sua proposta, mas alguns pontos ajudam a decidir:<\/p>\n\n\n\n<ul class=\"wp-block-list\">\n<li><strong>Interface simples<\/strong>: quanto mais f\u00e1cil de usar, mais voc\u00ea ter\u00e1 const\u00e2ncia.<\/li>\n\n\n\n<li><strong>Variedade de ora\u00e7\u00f5es<\/strong>: escolha aquele que oferece op\u00e7\u00f5es para diferentes momentos da vida.<\/li>\n\n\n\n<li><strong>Funcionalidades extras<\/strong>: lembretes, modo offline ou \u00e1udios guiados podem fazer diferen\u00e7a.<\/li>\n\n\n\n<li><strong>Compatibilidade<\/strong>: verifique se o aplicativo funciona bem no seu celular.<\/li>\n<\/ul>\n\n\n\n<p class=\"wp-block-paragraph\">O ideal \u00e9 testar mais de um e ver qual se adapta melhor \u00e0 sua rotina espiritual.<\/p>\n\n\n\n<h2 class=\"wp-block-heading\">Dicas para incluir o app de ora\u00e7\u00e3o na rotina<\/h2>\n\n\n\n<ul class=\"wp-block-list\">\n<li>Reserve um hor\u00e1rio fixo para abrir o app e se conectar com a f\u00e9.<\/li>\n\n\n\n<li>Use as notifica\u00e7\u00f5es para lembrar de orar nos momentos de pausa.<\/li>\n\n\n\n<li>Salve suas ora\u00e7\u00f5es favoritas e retorne a elas quando sentir necessidade.<\/li>\n\n\n\n<li>Compartilhe mensagens de f\u00e9 com amigos e familiares.<\/li>\n\n\n\n<li>Experimente tamb\u00e9m as fun\u00e7\u00f5es de medita\u00e7\u00e3o e reflex\u00f5es, caso o app ofere\u00e7a.<\/li>\n<\/ul>\n\n\n\n<h2 class=\"wp-block-heading\">Use um dos aplicativos e fa\u00e7a sua ora\u00e7\u00e3o di\u00e1ria<\/h2>\n\n\n\n<p class=\"wp-block-paragraph\">Um <strong>aplicativo de ora\u00e7\u00f5es e preces<\/strong> \u00e9 muito mais do que uma ferramenta digital: \u00e9 um companheiro di\u00e1rio que ajuda a manter a f\u00e9 viva em meio \u00e0 rotina agitada.<\/p>\n\n\n\n<p class=\"wp-block-paragraph\">Em 2025, a espiritualidade digital vem crescendo e mostrando que f\u00e9 e tecnologia podem caminhar lado a lado. Afinal, o importante n\u00e3o \u00e9 o meio, mas a sinceridade da ora\u00e7\u00e3o. E se a tecnologia pode ajudar a lembrar, organizar e ampliar esse contato com o divino, por que n\u00e3o us\u00e1-la a favor da sua paz interior?<\/p>\n\n\n\n<p class=\"wp-block-paragraph\"><strong>Voir aussi\u00a0: <a href=\"https:\/\/www.oracaoefe.com\/fr\/como-a-tecnologia-esta-transformando-a-pratica-religiosa\/\">Como a Tecnologia Est\u00e1 Transformando a Pr\u00e1tica Religiosa<\/a><\/strong><\/p>\n\n\n\n<p class=\"wp-block-paragraph\">Publicado em 26 de agosto de 2025<\/p>","protected":false},"excerpt":{"rendered":"<p>Fa\u00e7a uma ora\u00e7\u00e3o a partir dos aplicativos! Hoje, existem diversos aplicativos de ora\u00e7\u00f5es e preces que ajudam a manter a f\u00e9 viva em qualquer lugar, seja em casa, no trabalho ou at\u00e9 no transporte p\u00fablico. At\u00e9 porque, no corre-corre da vida moderna, fica cada vez mais dif\u00edcil separar alguns minutos para orar e se conectar&hellip;&nbsp;<\/p>","protected":false},"author":3,"featured_media":3762,"comment_status":"closed","ping_status":"closed","sticky":false,"template":"","format":"standard","meta":{"neve_meta_sidebar":"","neve_meta_container":"","neve_meta_enable_content_width":"","neve_meta_content_width":0,"neve_meta_title_alignment":"","neve_meta_author_avatar":"","neve_post_elements_order":"","neve_meta_disable_header":"","neve_meta_disable_footer":"","neve_meta_disable_title":"","footnotes":""},"categories":[2],"tags":[],"class_list":["post-3760","post","type-post","status-publish","format-standard","has-post-thumbnail","hentry","category-oracao"],"yoast_head":"<!-- This site is optimized with the Yoast SEO plugin v28.4 - https:\/\/yoast.com\/product\/yoast-seo-wordpress\/ -->\n<title>Aplicativo de ora\u00e7\u00f5es e preces para seu dia-a-dia - Ora\u00e7\u00e3o e F\u00e9<\/title>\n<meta name=\"description\" content=\"Deus tem pra voc\u00ea uma palavra de vida!\" \/>\n<meta name=\"robots\" content=\"index, follow, max-snippet:-1, max-image-preview:large, max-video-preview:-1\" \/>\n<link rel=\"canonical\" href=\"https:\/\/www.oracaoefe.com\/fr\/aplicativo-de-oracoes-e-preces-para-seu-dia-a-dia\/\" \/>\n<meta property=\"og:locale\" content=\"fr_FR\" \/>\n<meta property=\"og:type\" content=\"article\" \/>\n<meta property=\"og:title\" content=\"Aplicativo de ora\u00e7\u00f5es e preces para seu dia-a-dia - Ora\u00e7\u00e3o e F\u00e9\" \/>\n<meta property=\"og:description\" content=\"Deus tem pra voc\u00ea uma palavra de vida!\" \/>\n<meta property=\"og:url\" content=\"https:\/\/www.oracaoefe.com\/fr\/aplicativo-de-oracoes-e-preces-para-seu-dia-a-dia\/\" \/>\n<meta property=\"og:site_name\" content=\"Ora\u00e7\u00e3o e F\u00e9\" \/>\n<meta property=\"article:published_time\" content=\"2025-08-26T20:27:03+00:00\" \/>\n<meta property=\"article:modified_time\" content=\"2025-12-16T16:10:17+00:00\" \/>\n<meta property=\"og:image\" content=\"https:\/\/www.oracaoefe.com\/wp-content\/uploads\/2025\/08\/app-de-oracao-1024x683.png\" \/>\n\t<meta property=\"og:image:width\" content=\"1024\" \/>\n\t<meta property=\"og:image:height\" content=\"683\" \/>\n\t<meta property=\"og:image:type\" content=\"image\/png\" \/>\n<meta name=\"author\" content=\"Michele Azevedo\" \/>\n<meta name=\"twitter:card\" content=\"summary_large_image\" \/>\n<meta name=\"twitter:label1\" content=\"\u00c9crit par\" \/>\n\t<meta name=\"twitter:data1\" content=\"Michele Azevedo\" \/>\n\t<meta name=\"twitter:label2\" content=\"Dur\u00e9e de lecture estim\u00e9e\" \/>\n\t<meta name=\"twitter:data2\" content=\"4 minutes\" \/>\n<script type=\"application\/ld+json\" class=\"yoast-schema-graph\">{\"@context\":\"https:\\\/\\\/schema.org\",\"@graph\":[{\"@type\":\"Article\",\"@id\":\"https:\\\/\\\/www.oracaoefe.com\\\/aplicativo-de-oracoes-e-preces-para-seu-dia-a-dia\\\/#article\",\"isPartOf\":{\"@id\":\"https:\\\/\\\/www.oracaoefe.com\\\/aplicativo-de-oracoes-e-preces-para-seu-dia-a-dia\\\/\"},\"author\":{\"name\":\"Michele Azevedo\",\"@id\":\"https:\\\/\\\/www.oracaoefe.com\\\/#\\\/schema\\\/person\\\/17283c669442cf005c4d5bb58adfb7f5\"},\"headline\":\"Aplicativo de ora\u00e7\u00f5es e preces para seu dia-a-dia\",\"datePublished\":\"2025-08-26T20:27:03+00:00\",\"dateModified\":\"2025-12-16T16:10:17+00:00\",\"mainEntityOfPage\":{\"@id\":\"https:\\\/\\\/www.oracaoefe.com\\\/aplicativo-de-oracoes-e-preces-para-seu-dia-a-dia\\\/\"},\"wordCount\":805,\"image\":{\"@id\":\"https:\\\/\\\/www.oracaoefe.com\\\/aplicativo-de-oracoes-e-preces-para-seu-dia-a-dia\\\/#primaryimage\"},\"thumbnailUrl\":\"https:\\\/\\\/www.oracaoefe.com\\\/wp-content\\\/uploads\\\/2025\\\/08\\\/app-de-oracao.png\",\"articleSection\":[\"Ora\u00e7\u00e3o\"],\"inLanguage\":\"fr-FR\"},{\"@type\":\"WebPage\",\"@id\":\"https:\\\/\\\/www.oracaoefe.com\\\/aplicativo-de-oracoes-e-preces-para-seu-dia-a-dia\\\/\",\"url\":\"https:\\\/\\\/www.oracaoefe.com\\\/aplicativo-de-oracoes-e-preces-para-seu-dia-a-dia\\\/\",\"name\":\"Aplicativo de ora\u00e7\u00f5es e preces para seu dia-a-dia - Ora\u00e7\u00e3o e F\u00e9\",\"isPartOf\":{\"@id\":\"https:\\\/\\\/www.oracaoefe.com\\\/#website\"},\"primaryImageOfPage\":{\"@id\":\"https:\\\/\\\/www.oracaoefe.com\\\/aplicativo-de-oracoes-e-preces-para-seu-dia-a-dia\\\/#primaryimage\"},\"image\":{\"@id\":\"https:\\\/\\\/www.oracaoefe.com\\\/aplicativo-de-oracoes-e-preces-para-seu-dia-a-dia\\\/#primaryimage\"},\"thumbnailUrl\":\"https:\\\/\\\/www.oracaoefe.com\\\/wp-content\\\/uploads\\\/2025\\\/08\\\/app-de-oracao.png\",\"datePublished\":\"2025-08-26T20:27:03+00:00\",\"dateModified\":\"2025-12-16T16:10:17+00:00\",\"author\":{\"@id\":\"https:\\\/\\\/www.oracaoefe.com\\\/#\\\/schema\\\/person\\\/17283c669442cf005c4d5bb58adfb7f5\"},\"description\":\"Deus tem pra voc\u00ea uma palavra de vida!\",\"breadcrumb\":{\"@id\":\"https:\\\/\\\/www.oracaoefe.com\\\/aplicativo-de-oracoes-e-preces-para-seu-dia-a-dia\\\/#breadcrumb\"},\"inLanguage\":\"fr-FR\",\"potentialAction\":[{\"@type\":\"ReadAction\",\"target\":[\"https:\\\/\\\/www.oracaoefe.com\\\/aplicativo-de-oracoes-e-preces-para-seu-dia-a-dia\\\/\"]}]},{\"@type\":\"ImageObject\",\"inLanguage\":\"fr-FR\",\"@id\":\"https:\\\/\\\/www.oracaoefe.com\\\/aplicativo-de-oracoes-e-preces-para-seu-dia-a-dia\\\/#primaryimage\",\"url\":\"https:\\\/\\\/www.oracaoefe.com\\\/wp-content\\\/uploads\\\/2025\\\/08\\\/app-de-oracao.png\",\"contentUrl\":\"https:\\\/\\\/www.oracaoefe.com\\\/wp-content\\\/uploads\\\/2025\\\/08\\\/app-de-oracao.png\",\"width\":1536,\"height\":1024,\"caption\":\"app de ora\u00e7\u00e3o\"},{\"@type\":\"BreadcrumbList\",\"@id\":\"https:\\\/\\\/www.oracaoefe.com\\\/aplicativo-de-oracoes-e-preces-para-seu-dia-a-dia\\\/#breadcrumb\",\"itemListElement\":[{\"@type\":\"ListItem\",\"position\":1,\"name\":\"Home\",\"item\":\"https:\\\/\\\/www.oracaoefe.com\\\/\"},{\"@type\":\"ListItem\",\"position\":2,\"name\":\"Ora\u00e7\u00e3o\",\"item\":\"https:\\\/\\\/www.oracaoefe.com\\\/category\\\/oracao\\\/\"},{\"@type\":\"ListItem\",\"position\":3,\"name\":\"Aplicativo de ora\u00e7\u00f5es e preces para seu dia-a-dia\"}]},{\"@type\":\"WebSite\",\"@id\":\"https:\\\/\\\/www.oracaoefe.com\\\/#website\",\"url\":\"https:\\\/\\\/www.oracaoefe.com\\\/\",\"name\":\"Ora\u00e7\u00e3o e F\u00e9\",\"description\":\"\",\"potentialAction\":[{\"@type\":\"SearchAction\",\"target\":{\"@type\":\"EntryPoint\",\"urlTemplate\":\"https:\\\/\\\/www.oracaoefe.com\\\/?s={search_term_string}\"},\"query-input\":{\"@type\":\"PropertyValueSpecification\",\"valueRequired\":true,\"valueName\":\"search_term_string\"}}],\"inLanguage\":\"fr-FR\"},{\"@type\":\"Person\",\"@id\":\"https:\\\/\\\/www.oracaoefe.com\\\/#\\\/schema\\\/person\\\/17283c669442cf005c4d5bb58adfb7f5\",\"name\":\"Michele Azevedo\",\"image\":{\"@type\":\"ImageObject\",\"inLanguage\":\"fr-FR\",\"@id\":\"https:\\\/\\\/secure.gravatar.com\\\/avatar\\\/6b0eb9d22841282815e2cd856a0061c45e1761cd54b22e952d98c4746939aa85?s=96&d=mm&r=g\",\"url\":\"https:\\\/\\\/secure.gravatar.com\\\/avatar\\\/6b0eb9d22841282815e2cd856a0061c45e1761cd54b22e952d98c4746939aa85?s=96&d=mm&r=g\",\"contentUrl\":\"https:\\\/\\\/secure.gravatar.com\\\/avatar\\\/6b0eb9d22841282815e2cd856a0061c45e1761cd54b22e952d98c4746939aa85?s=96&d=mm&r=g\",\"caption\":\"Michele Azevedo\"},\"description\":\"Formada em Letras - Portugu\u00eas\\\/ Ingl\u00eas pela Universidade Estadual de Ponta Grossa (UEPG), p\u00f3s-graduada em Arte na Educa\u00e7\u00e3o (FAPI) e Psicopedagogia Escolar (FAPI), idealizadora e propriet\u00e1ria do site Escritora de Sucesso, possui experi\u00eancia em escrita para blogs em geral e atua como redatora e revisora dos conte\u00fados do Ora\u00e7\u00e3o e F\u00e9.\",\"url\":\"https:\\\/\\\/www.oracaoefe.com\\\/fr\\\/author\\\/michele-azevedo\\\/\"}]}<\/script>\n<!-- \/ Yoast SEO plugin. -->","yoast_head_json":{"title":"Aplicativo de ora\u00e7\u00f5es e preces para seu dia-a-dia - Ora\u00e7\u00e3o e F\u00e9","description":"Dieu a une parole de vie pour vous !","robots":{"index":"index","follow":"follow","max-snippet":"max-snippet:-1","max-image-preview":"max-image-preview:large","max-video-preview":"max-video-preview:-1"},"canonical":"https:\/\/www.oracaoefe.com\/fr\/aplicativo-de-oracoes-e-preces-para-seu-dia-a-dia\/","og_locale":"fr_FR","og_type":"article","og_title":"Aplicativo de ora\u00e7\u00f5es e preces para seu dia-a-dia - Ora\u00e7\u00e3o e F\u00e9","og_description":"Deus tem pra voc\u00ea uma palavra de vida!","og_url":"https:\/\/www.oracaoefe.com\/fr\/aplicativo-de-oracoes-e-preces-para-seu-dia-a-dia\/","og_site_name":"Ora\u00e7\u00e3o e F\u00e9","article_published_time":"2025-08-26T20:27:03+00:00","article_modified_time":"2025-12-16T16:10:17+00:00","og_image":[{"width":1024,"height":683,"url":"https:\/\/www.oracaoefe.com\/wp-content\/uploads\/2025\/08\/app-de-oracao-1024x683.png","type":"image\/png"}],"author":"Michele Azevedo","twitter_card":"summary_large_image","twitter_misc":{"\u00c9crit par":"Michele Azevedo","Dur\u00e9e de lecture estim\u00e9e":"4 minutes"},"schema":{"@context":"https:\/\/schema.org","@graph":[{"@type":"Article","@id":"https:\/\/www.oracaoefe.com\/aplicativo-de-oracoes-e-preces-para-seu-dia-a-dia\/#article","isPartOf":{"@id":"https:\/\/www.oracaoefe.com\/aplicativo-de-oracoes-e-preces-para-seu-dia-a-dia\/"},"author":{"name":"Michele Azevedo","@id":"https:\/\/www.oracaoefe.com\/#\/schema\/person\/17283c669442cf005c4d5bb58adfb7f5"},"headline":"Aplicativo de ora\u00e7\u00f5es e preces para seu dia-a-dia","datePublished":"2025-08-26T20:27:03+00:00","dateModified":"2025-12-16T16:10:17+00:00","mainEntityOfPage":{"@id":"https:\/\/www.oracaoefe.com\/aplicativo-de-oracoes-e-preces-para-seu-dia-a-dia\/"},"wordCount":805,"image":{"@id":"https:\/\/www.oracaoefe.com\/aplicativo-de-oracoes-e-preces-para-seu-dia-a-dia\/#primaryimage"},"thumbnailUrl":"https:\/\/www.oracaoefe.com\/wp-content\/uploads\/2025\/08\/app-de-oracao.png","articleSection":["Ora\u00e7\u00e3o"],"inLanguage":"fr-FR"},{"@type":"WebPage","@id":"https:\/\/www.oracaoefe.com\/aplicativo-de-oracoes-e-preces-para-seu-dia-a-dia\/","url":"https:\/\/www.oracaoefe.com\/aplicativo-de-oracoes-e-preces-para-seu-dia-a-dia\/","name":"Aplicativo de ora\u00e7\u00f5es e preces para seu dia-a-dia - Ora\u00e7\u00e3o e F\u00e9","isPartOf":{"@id":"https:\/\/www.oracaoefe.com\/#website"},"primaryImageOfPage":{"@id":"https:\/\/www.oracaoefe.com\/aplicativo-de-oracoes-e-preces-para-seu-dia-a-dia\/#primaryimage"},"image":{"@id":"https:\/\/www.oracaoefe.com\/aplicativo-de-oracoes-e-preces-para-seu-dia-a-dia\/#primaryimage"},"thumbnailUrl":"https:\/\/www.oracaoefe.com\/wp-content\/uploads\/2025\/08\/app-de-oracao.png","datePublished":"2025-08-26T20:27:03+00:00","dateModified":"2025-12-16T16:10:17+00:00","author":{"@id":"https:\/\/www.oracaoefe.com\/#\/schema\/person\/17283c669442cf005c4d5bb58adfb7f5"},"description":"Dieu a une parole de vie pour vous !","breadcrumb":{"@id":"https:\/\/www.oracaoefe.com\/aplicativo-de-oracoes-e-preces-para-seu-dia-a-dia\/#breadcrumb"},"inLanguage":"fr-FR","potentialAction":[{"@type":"ReadAction","target":["https:\/\/www.oracaoefe.com\/aplicativo-de-oracoes-e-preces-para-seu-dia-a-dia\/"]}]},{"@type":"ImageObject","inLanguage":"fr-FR","@id":"https:\/\/www.oracaoefe.com\/aplicativo-de-oracoes-e-preces-para-seu-dia-a-dia\/#primaryimage","url":"https:\/\/www.oracaoefe.com\/wp-content\/uploads\/2025\/08\/app-de-oracao.png","contentUrl":"https:\/\/www.oracaoefe.com\/wp-content\/uploads\/2025\/08\/app-de-oracao.png","width":1536,"height":1024,"caption":"app de ora\u00e7\u00e3o"},{"@type":"BreadcrumbList","@id":"https:\/\/www.oracaoefe.com\/aplicativo-de-oracoes-e-preces-para-seu-dia-a-dia\/#breadcrumb","itemListElement":[{"@type":"ListItem","position":1,"name":"Home","item":"https:\/\/www.oracaoefe.com\/"},{"@type":"ListItem","position":2,"name":"Ora\u00e7\u00e3o","item":"https:\/\/www.oracaoefe.com\/category\/oracao\/"},{"@type":"ListItem","position":3,"name":"Aplicativo de ora\u00e7\u00f5es e preces para seu dia-a-dia"}]},{"@type":"WebSite","@id":"https:\/\/www.oracaoefe.com\/#website","url":"https:\/\/www.oracaoefe.com\/","name":"Pri\u00e8re et foi","description":"","potentialAction":[{"@type":"SearchAction","target":{"@type":"EntryPoint","urlTemplate":"https:\/\/www.oracaoefe.com\/?s={search_term_string}"},"query-input":{"@type":"PropertyValueSpecification","valueRequired":true,"valueName":"search_term_string"}}],"inLanguage":"fr-FR"},{"@type":"Person","@id":"https:\/\/www.oracaoefe.com\/#\/schema\/person\/17283c669442cf005c4d5bb58adfb7f5","name":"Michele Azevedo","image":{"@type":"ImageObject","inLanguage":"fr-FR","@id":"https:\/\/secure.gravatar.com\/avatar\/6b0eb9d22841282815e2cd856a0061c45e1761cd54b22e952d98c4746939aa85?s=96&d=mm&r=g","url":"https:\/\/secure.gravatar.com\/avatar\/6b0eb9d22841282815e2cd856a0061c45e1761cd54b22e952d98c4746939aa85?s=96&d=mm&r=g","contentUrl":"https:\/\/secure.gravatar.com\/avatar\/6b0eb9d22841282815e2cd856a0061c45e1761cd54b22e952d98c4746939aa85?s=96&d=mm&r=g","caption":"Michele Azevedo"},"description":"Dipl\u00f4m\u00e9e en litt\u00e9rature portugaise\/anglaise de l&#039;Universit\u00e9 d&#039;\u00c9tat de Ponta Grossa (UEPG), avec des dipl\u00f4mes de troisi\u00e8me cycle en art dans l&#039;\u00e9ducation (FAPI) et en psychop\u00e9dagogie scolaire (FAPI), elle est la cr\u00e9atrice et propri\u00e9taire du site web Escritora de Sucesso, a de l&#039;exp\u00e9rience dans l&#039;\u00e9criture pour les blogs en g\u00e9n\u00e9ral et travaille comme r\u00e9dactrice et \u00e9ditrice du contenu pour Ora\u00e7\u00e3o e F\u00e9.","url":"https:\/\/www.oracaoefe.com\/fr\/author\/michele-azevedo\/"}]}},"_links":{"self":[{"href":"https:\/\/www.oracaoefe.com\/fr\/wp-json\/wp\/v2\/posts\/3760","targetHints":{"allow":["GET"]}}],"collection":[{"href":"https:\/\/www.oracaoefe.com\/fr\/wp-json\/wp\/v2\/posts"}],"about":[{"href":"https:\/\/www.oracaoefe.com\/fr\/wp-json\/wp\/v2\/types\/post"}],"author":[{"embeddable":true,"href":"https:\/\/www.oracaoefe.com\/fr\/wp-json\/wp\/v2\/users\/3"}],"replies":[{"embeddable":true,"href":"https:\/\/www.oracaoefe.com\/fr\/wp-json\/wp\/v2\/comments?post=3760"}],"version-history":[{"count":1,"href":"https:\/\/www.oracaoefe.com\/fr\/wp-json\/wp\/v2\/posts\/3760\/revisions"}],"predecessor-version":[{"id":3763,"href":"https:\/\/www.oracaoefe.com\/fr\/wp-json\/wp\/v2\/posts\/3760\/revisions\/3763"}],"wp:featuredmedia":[{"embeddable":true,"href":"https:\/\/www.oracaoefe.com\/fr\/wp-json\/wp\/v2\/media\/3762"}],"wp:attachment":[{"href":"https:\/\/www.oracaoefe.com\/fr\/wp-json\/wp\/v2\/media?parent=3760"}],"wp:term":[{"taxonomy":"category","embeddable":true,"href":"https:\/\/www.oracaoefe.com\/fr\/wp-json\/wp\/v2\/categories?post=3760"},{"taxonomy":"post_tag","embeddable":true,"href":"https:\/\/www.oracaoefe.com\/fr\/wp-json\/wp\/v2\/tags?post=3760"}],"curies":[{"name":"wp","href":"https:\/\/api.w.org\/{rel}","templated":true}]}}