{"id":3757,"date":"2025-08-26T17:12:10","date_gmt":"2025-08-26T20:12:10","guid":{"rendered":"https:\/\/www.oracaoefe.com\/?p=3757"},"modified":"2025-12-16T13:10:17","modified_gmt":"2025-12-16T16:10:17","slug":"salmo-91-mensagem-e-reflexao-para-2025","status":"publish","type":"post","link":"https:\/\/www.oracaoefe.com\/fr\/salmo-91-mensagem-e-reflexao-para-2025\/","title":{"rendered":"Salmo 91: Mensagem e Reflex\u00e3o para 2025"},"content":{"rendered":"<p class=\"has-text-align-center wp-block-paragraph\"><strong>Conhe\u00e7a a mensagem central do Salmo 91<\/strong>!<\/p>\n\n\n\n<div class=\"wp-block-buttons is-content-justification-center is-layout-flex wp-container-core-buttons-is-layout-fe48e5de wp-block-buttons-is-layout-flex\">\n<div class=\"wp-block-button has-custom-width wp-block-button__width-100\"><a class=\"wp-block-button__link has-black-color has-pale-cyan-blue-background-color has-text-color has-background has-link-color has-medium-font-size has-custom-font-size wp-element-button\" href=\"https:\/\/www.oracaoefe.com\/fr\/tecnicas-de-oracao-para-enfrentar-o-estresse-do-cotidiano\/\" style=\"border-radius:14px\"><strong>T\u00e9cnicas de ora\u00e7\u00e3o contra o estresse<\/strong><\/a><\/div>\n\n\n\n<div class=\"wp-block-button has-custom-width wp-block-button__width-100\"><a class=\"wp-block-button__link has-black-color has-pale-cyan-blue-background-color has-text-color has-background has-link-color has-medium-font-size has-custom-font-size wp-element-button\" href=\"https:\/\/www.oracaoefe.com\/fr\/categorie\/curiosites\/\" style=\"border-radius:14px\"><strong>Curiosidades sobre a B\u00edblia e mais<\/strong><\/a><\/div>\n<\/div>\n\n\n\n<p class=\"wp-block-paragraph\">O <strong>Salmo 91<\/strong> \u00e9 um dos mais conhecidos da B\u00edblia e, ao longo dos s\u00e9culos, tem servido como fonte de conforto, prote\u00e7\u00e3o e esperan\u00e7a. Muitas pessoas recorrem a ele em momentos de afli\u00e7\u00e3o, buscando for\u00e7as para enfrentar dificuldades. Em 2025, suas palavras continuam sendo um ref\u00fagio espiritual diante de tantos desafios que o mundo e a vida cotidiana imp\u00f5em.<\/p>\n\n\n\n<p class=\"wp-block-paragraph\">Mais do que um texto religioso, o Salmo 91 \u00e9 um convite \u00e0 confian\u00e7a, \u00e0 f\u00e9 e \u00e0 certeza de que existe uma for\u00e7a maior guiando nossos passos.<\/p>\n\n\n\n<h2 class=\"wp-block-heading\">A mensagem central do Salmo 91<\/h2>\n\n\n\n<p class=\"wp-block-paragraph\">O Salmo 91 fala sobre <strong>prote\u00e7\u00e3o divina<\/strong>. Ele afirma que aquele que confia no Senhor encontrar\u00e1 abrigo contra o mal, seguran\u00e7a diante do perigo e paz em meio \u00e0s tormentas. A figura do &#8220;abrigo do Alt\u00edssimo&#8221; mostra que n\u00e3o importa a intensidade da dificuldade, sempre h\u00e1 um lugar seguro para quem acredita.<\/p>\n\n\n\n<p class=\"wp-block-paragraph\">Sua mensagem pode ser resumida em tr\u00eas pilares:<\/p>\n\n\n\n<ol class=\"wp-block-list\">\n<li><strong>Prote\u00e7\u00e3o<\/strong>: Deus \u00e9 apresentado como escudo contra adversidades.<\/li>\n\n\n\n<li><strong>Confian\u00e7a<\/strong>: mesmo em meio ao caos, a f\u00e9 \u00e9 o que sustenta.<\/li>\n\n\n\n<li><strong>Esperan\u00e7a<\/strong>: h\u00e1 promessa de dias melhores para quem se mant\u00e9m firme.<\/li>\n<\/ol>\n\n\n\n<p class=\"wp-block-paragraph\">Essa combina\u00e7\u00e3o explica por que tantas pessoas recorrem ao Salmo 91 como uma ora\u00e7\u00e3o di\u00e1ria de fortalecimento.<\/p>\n\n\n\n<h2 class=\"wp-block-heading\">A import\u00e2ncia do Salmo 91 em 2025<\/h2>\n\n\n\n<p class=\"wp-block-paragraph\">O ano de 2025, assim como os anteriores, traz consigo incertezas: mudan\u00e7as econ\u00f4micas, desafios sociais, transforma\u00e7\u00f5es no mundo do trabalho e tamb\u00e9m batalhas pessoais que cada um enfrenta em sil\u00eancio. Nesse cen\u00e1rio, o Salmo 91 ganha ainda mais for\u00e7a como mensagem atemporal.<\/p>\n\n\n\n<p class=\"wp-block-paragraph\">Ele nos lembra que, mesmo em tempos de instabilidade, \u00e9 poss\u00edvel encontrar equil\u00edbrio espiritual. \u00c9 como se fosse um convite para olhar al\u00e9m das dificuldades e acreditar que n\u00e3o estamos sozinhos.<\/p>\n\n\n\n<h2 class=\"wp-block-heading\">Prote\u00e7\u00e3o contra os \u201cinimigos invis\u00edveis\u201d<\/h2>\n\n\n\n<p class=\"wp-block-paragraph\">Uma das partes mais fortes do Salmo 91 fala sobre livramento de \u201cla\u00e7os\u201d, \u201cpestes\u201d e \u201csetas que voam de dia\u201d. Essas express\u00f5es podem ser interpretadas, no mundo atual, como tudo aquilo que amea\u00e7a a nossa paz: preocupa\u00e7\u00f5es, doen\u00e7as, injusti\u00e7as, press\u00f5es sociais e at\u00e9 pensamentos negativos que tentam nos derrubar.<\/p>\n\n\n\n<p class=\"wp-block-paragraph\">Em 2025, com tantas distra\u00e7\u00f5es e informa\u00e7\u00f5es chegando a todo momento, essa mensagem \u00e9 um lembrete de que precisamos cuidar n\u00e3o s\u00f3 do corpo, mas tamb\u00e9m da mente e do esp\u00edrito.<\/p>\n\n\n\n<h2 class=\"wp-block-heading\">Um ref\u00fagio em meio ao medo<\/h2>\n\n\n\n<p class=\"wp-block-paragraph\">O medo \u00e9 uma emo\u00e7\u00e3o natural, mas quando se torna constante, paralisa. O Salmo 91 afirma que \u201cn\u00e3o temer\u00e1s o terror da noite, nem a seta que voa de dia\u201d. Isso significa que a f\u00e9 pode ser um ant\u00eddoto contra a ansiedade e a inseguran\u00e7a.<\/p>\n\n\n\n<p class=\"wp-block-paragraph\">Para muitas pessoas, recitar ou meditar nesse Salmo \u00e9 como vestir uma armadura espiritual que as fortalece para enfrentar os desafios do cotidiano.<\/p>\n\n\n\n<h2 class=\"wp-block-heading\">Reflex\u00e3o pessoal: o que o Salmo 91 ensina para a vida pr\u00e1tica<\/h2>\n\n\n\n<p class=\"wp-block-paragraph\">Al\u00e9m de ser uma ora\u00e7\u00e3o, o Salmo 91 traz ensinamentos aplic\u00e1veis \u00e0 vida pr\u00e1tica:<\/p>\n\n\n\n<ul class=\"wp-block-list\">\n<li><strong>Confian\u00e7a em meio \u00e0s incertezas<\/strong>: quando o futuro parece incerto, a f\u00e9 d\u00e1 for\u00e7as para seguir adiante.<\/li>\n\n\n\n<li><strong>Resili\u00eancia diante dos desafios<\/strong>: cada obst\u00e1culo pode ser enfrentado com coragem quando existe um prop\u00f3sito maior.<\/li>\n\n\n\n<li><strong>Cuidado com a sa\u00fade mental e espiritual<\/strong>: buscar momentos de ora\u00e7\u00e3o ou sil\u00eancio interior ajuda a equilibrar emo\u00e7\u00f5es.<\/li>\n<\/ul>\n\n\n\n<p class=\"wp-block-paragraph\">Essas reflex\u00f5es nos lembram que a espiritualidade pode andar lado a lado com a vida cotidiana, trazendo mais serenidade.<\/p>\n\n\n\n<h2 class=\"wp-block-heading\">Como incluir o Salmo 91 na rotina de 2025<\/h2>\n\n\n\n<p class=\"wp-block-paragraph\">Para quem deseja viver de forma mais equilibrada e com f\u00e9 renovada, algumas pr\u00e1ticas simples podem ajudar:<\/p>\n\n\n\n<ul class=\"wp-block-list\">\n<li><strong>Ora\u00e7\u00e3o di\u00e1ria<\/strong>: come\u00e7ar ou terminar o dia lendo o Salmo 91 fortalece a mente.<\/li>\n\n\n\n<li><strong>Medita\u00e7\u00e3o guiada<\/strong>: refletir sobre suas palavras em sil\u00eancio, buscando aplic\u00e1-las \u00e0 pr\u00f3pria vida.<\/li>\n\n\n\n<li><strong>Compartilhar a mensagem<\/strong>: levar esse Salmo para amigos ou familiares pode trazer conforto coletivo.<\/li>\n\n\n\n<li><strong>A\u00e7\u00f5es pr\u00e1ticas de f\u00e9<\/strong>: viver com honestidade, gratid\u00e3o e amor ao pr\u00f3ximo \u00e9 a melhor forma de traduzir as promessas do Salmo em atitudes.<\/li>\n<\/ul>\n\n\n\n<h2 class=\"wp-block-heading\">Uma mensagem de f\u00e9<\/h2>\n\n\n\n<p class=\"wp-block-paragraph\">O <strong>Salmo 91<\/strong> \u00e9 muito mais do que palavras escritas em um livro sagrado. Ele \u00e9 uma mensagem de f\u00e9, esperan\u00e7a e coragem que atravessa gera\u00e7\u00f5es. Em 2025, em meio \u00e0s transforma\u00e7\u00f5es do mundo e \u00e0s batalhas pessoais, ele se apresenta como um verdadeiro abrigo espiritual.<\/p>\n\n\n\n<p class=\"wp-block-paragraph\">Ler, refletir e viver os ensinamentos desse Salmo \u00e9 como carregar consigo uma fonte inesgot\u00e1vel de paz e prote\u00e7\u00e3o. Afinal, mais do que prometer livramento, ele nos convida a confiar que a vida tem sentido mesmo nos momentos mais dif\u00edceis.<\/p>\n\n\n\n<p class=\"wp-block-paragraph\"><strong>Voir aussi\u00a0: <a href=\"https:\/\/www.oracaoefe.com\/fr\/salmo-371-3-saiba-tudo-sobre-a-palavra\/\">Salmo 37:1-3: Saiba tudo sobre a palavra<\/a><\/strong><\/p>\n\n\n\n<p class=\"wp-block-paragraph\">Publicado em 26 de agosto de 2025<\/p>","protected":false},"excerpt":{"rendered":"<p>Conhe\u00e7a a mensagem central do Salmo 91! O Salmo 91 \u00e9 um dos mais conhecidos da B\u00edblia e, ao longo dos s\u00e9culos, tem servido como fonte de conforto, prote\u00e7\u00e3o e esperan\u00e7a. Muitas pessoas recorrem a ele em momentos de afli\u00e7\u00e3o, buscando for\u00e7as para enfrentar dificuldades. Em 2025, suas palavras continuam sendo um ref\u00fagio espiritual diante&hellip;&nbsp;<\/p>","protected":false},"author":3,"featured_media":3758,"comment_status":"closed","ping_status":"closed","sticky":false,"template":"","format":"standard","meta":{"neve_meta_sidebar":"","neve_meta_container":"","neve_meta_enable_content_width":"","neve_meta_content_width":0,"neve_meta_title_alignment":"","neve_meta_author_avatar":"","neve_post_elements_order":"","neve_meta_disable_header":"","neve_meta_disable_footer":"","neve_meta_disable_title":"","footnotes":""},"categories":[3],"tags":[],"class_list":["post-3757","post","type-post","status-publish","format-standard","has-post-thumbnail","hentry","category-fe"],"yoast_head":"<!-- This site is optimized with the Yoast SEO plugin v28.4 - https:\/\/yoast.com\/product\/yoast-seo-wordpress\/ -->\n<title>Salmo 91: Mensagem e Reflex\u00e3o para 2025 - Ora\u00e7\u00e3o e F\u00e9<\/title>\n<meta name=\"description\" content=\"Deus tem pra voc\u00ea uma palavra de vida!\" \/>\n<meta name=\"robots\" content=\"index, follow, max-snippet:-1, max-image-preview:large, max-video-preview:-1\" \/>\n<link rel=\"canonical\" href=\"https:\/\/www.oracaoefe.com\/fr\/salmo-91-mensagem-e-reflexao-para-2025\/\" \/>\n<meta property=\"og:locale\" content=\"fr_FR\" \/>\n<meta property=\"og:type\" content=\"article\" \/>\n<meta property=\"og:title\" content=\"Salmo 91: Mensagem e Reflex\u00e3o para 2025 - Ora\u00e7\u00e3o e F\u00e9\" \/>\n<meta property=\"og:description\" content=\"Deus tem pra voc\u00ea uma palavra de vida!\" \/>\n<meta property=\"og:url\" content=\"https:\/\/www.oracaoefe.com\/fr\/salmo-91-mensagem-e-reflexao-para-2025\/\" \/>\n<meta property=\"og:site_name\" content=\"Ora\u00e7\u00e3o e F\u00e9\" \/>\n<meta property=\"article:published_time\" content=\"2025-08-26T20:12:10+00:00\" \/>\n<meta property=\"article:modified_time\" content=\"2025-12-16T16:10:17+00:00\" \/>\n<meta property=\"og:image\" content=\"https:\/\/www.oracaoefe.com\/wp-content\/uploads\/2025\/08\/salmo-91-1024x683.png\" \/>\n\t<meta property=\"og:image:width\" content=\"1024\" \/>\n\t<meta property=\"og:image:height\" content=\"683\" \/>\n\t<meta property=\"og:image:type\" content=\"image\/png\" \/>\n<meta name=\"author\" content=\"Michele Azevedo\" \/>\n<meta name=\"twitter:card\" content=\"summary_large_image\" \/>\n<meta name=\"twitter:label1\" content=\"\u00c9crit par\" \/>\n\t<meta name=\"twitter:data1\" content=\"Michele Azevedo\" \/>\n\t<meta name=\"twitter:label2\" content=\"Dur\u00e9e de lecture estim\u00e9e\" \/>\n\t<meta name=\"twitter:data2\" content=\"4 minutes\" \/>\n<script type=\"application\/ld+json\" class=\"yoast-schema-graph\">{\"@context\":\"https:\\\/\\\/schema.org\",\"@graph\":[{\"@type\":\"Article\",\"@id\":\"https:\\\/\\\/www.oracaoefe.com\\\/salmo-91-mensagem-e-reflexao-para-2025\\\/#article\",\"isPartOf\":{\"@id\":\"https:\\\/\\\/www.oracaoefe.com\\\/salmo-91-mensagem-e-reflexao-para-2025\\\/\"},\"author\":{\"name\":\"Michele Azevedo\",\"@id\":\"https:\\\/\\\/www.oracaoefe.com\\\/#\\\/schema\\\/person\\\/17283c669442cf005c4d5bb58adfb7f5\"},\"headline\":\"Salmo 91: Mensagem e Reflex\u00e3o para 2025\",\"datePublished\":\"2025-08-26T20:12:10+00:00\",\"dateModified\":\"2025-12-16T16:10:17+00:00\",\"mainEntityOfPage\":{\"@id\":\"https:\\\/\\\/www.oracaoefe.com\\\/salmo-91-mensagem-e-reflexao-para-2025\\\/\"},\"wordCount\":810,\"image\":{\"@id\":\"https:\\\/\\\/www.oracaoefe.com\\\/salmo-91-mensagem-e-reflexao-para-2025\\\/#primaryimage\"},\"thumbnailUrl\":\"https:\\\/\\\/www.oracaoefe.com\\\/wp-content\\\/uploads\\\/2025\\\/08\\\/salmo-91.png\",\"articleSection\":[\"F\u00e9\"],\"inLanguage\":\"fr-FR\"},{\"@type\":\"WebPage\",\"@id\":\"https:\\\/\\\/www.oracaoefe.com\\\/salmo-91-mensagem-e-reflexao-para-2025\\\/\",\"url\":\"https:\\\/\\\/www.oracaoefe.com\\\/salmo-91-mensagem-e-reflexao-para-2025\\\/\",\"name\":\"Salmo 91: Mensagem e Reflex\u00e3o para 2025 - Ora\u00e7\u00e3o e F\u00e9\",\"isPartOf\":{\"@id\":\"https:\\\/\\\/www.oracaoefe.com\\\/#website\"},\"primaryImageOfPage\":{\"@id\":\"https:\\\/\\\/www.oracaoefe.com\\\/salmo-91-mensagem-e-reflexao-para-2025\\\/#primaryimage\"},\"image\":{\"@id\":\"https:\\\/\\\/www.oracaoefe.com\\\/salmo-91-mensagem-e-reflexao-para-2025\\\/#primaryimage\"},\"thumbnailUrl\":\"https:\\\/\\\/www.oracaoefe.com\\\/wp-content\\\/uploads\\\/2025\\\/08\\\/salmo-91.png\",\"datePublished\":\"2025-08-26T20:12:10+00:00\",\"dateModified\":\"2025-12-16T16:10:17+00:00\",\"author\":{\"@id\":\"https:\\\/\\\/www.oracaoefe.com\\\/#\\\/schema\\\/person\\\/17283c669442cf005c4d5bb58adfb7f5\"},\"description\":\"Deus tem pra voc\u00ea uma palavra de vida!\",\"breadcrumb\":{\"@id\":\"https:\\\/\\\/www.oracaoefe.com\\\/salmo-91-mensagem-e-reflexao-para-2025\\\/#breadcrumb\"},\"inLanguage\":\"fr-FR\",\"potentialAction\":[{\"@type\":\"ReadAction\",\"target\":[\"https:\\\/\\\/www.oracaoefe.com\\\/salmo-91-mensagem-e-reflexao-para-2025\\\/\"]}]},{\"@type\":\"ImageObject\",\"inLanguage\":\"fr-FR\",\"@id\":\"https:\\\/\\\/www.oracaoefe.com\\\/salmo-91-mensagem-e-reflexao-para-2025\\\/#primaryimage\",\"url\":\"https:\\\/\\\/www.oracaoefe.com\\\/wp-content\\\/uploads\\\/2025\\\/08\\\/salmo-91.png\",\"contentUrl\":\"https:\\\/\\\/www.oracaoefe.com\\\/wp-content\\\/uploads\\\/2025\\\/08\\\/salmo-91.png\",\"width\":1536,\"height\":1024,\"caption\":\"salmo 91\"},{\"@type\":\"BreadcrumbList\",\"@id\":\"https:\\\/\\\/www.oracaoefe.com\\\/salmo-91-mensagem-e-reflexao-para-2025\\\/#breadcrumb\",\"itemListElement\":[{\"@type\":\"ListItem\",\"position\":1,\"name\":\"Home\",\"item\":\"https:\\\/\\\/www.oracaoefe.com\\\/\"},{\"@type\":\"ListItem\",\"position\":2,\"name\":\"F\u00e9\",\"item\":\"https:\\\/\\\/www.oracaoefe.com\\\/es\\\/categoria\\\/fe\\\/\"},{\"@type\":\"ListItem\",\"position\":3,\"name\":\"Salmo 91: Mensagem e Reflex\u00e3o para 2025\"}]},{\"@type\":\"WebSite\",\"@id\":\"https:\\\/\\\/www.oracaoefe.com\\\/#website\",\"url\":\"https:\\\/\\\/www.oracaoefe.com\\\/\",\"name\":\"Ora\u00e7\u00e3o e F\u00e9\",\"description\":\"\",\"potentialAction\":[{\"@type\":\"SearchAction\",\"target\":{\"@type\":\"EntryPoint\",\"urlTemplate\":\"https:\\\/\\\/www.oracaoefe.com\\\/?s={search_term_string}\"},\"query-input\":{\"@type\":\"PropertyValueSpecification\",\"valueRequired\":true,\"valueName\":\"search_term_string\"}}],\"inLanguage\":\"fr-FR\"},{\"@type\":\"Person\",\"@id\":\"https:\\\/\\\/www.oracaoefe.com\\\/#\\\/schema\\\/person\\\/17283c669442cf005c4d5bb58adfb7f5\",\"name\":\"Michele Azevedo\",\"image\":{\"@type\":\"ImageObject\",\"inLanguage\":\"fr-FR\",\"@id\":\"https:\\\/\\\/secure.gravatar.com\\\/avatar\\\/6b0eb9d22841282815e2cd856a0061c45e1761cd54b22e952d98c4746939aa85?s=96&d=mm&r=g\",\"url\":\"https:\\\/\\\/secure.gravatar.com\\\/avatar\\\/6b0eb9d22841282815e2cd856a0061c45e1761cd54b22e952d98c4746939aa85?s=96&d=mm&r=g\",\"contentUrl\":\"https:\\\/\\\/secure.gravatar.com\\\/avatar\\\/6b0eb9d22841282815e2cd856a0061c45e1761cd54b22e952d98c4746939aa85?s=96&d=mm&r=g\",\"caption\":\"Michele Azevedo\"},\"description\":\"Formada em Letras - Portugu\u00eas\\\/ Ingl\u00eas pela Universidade Estadual de Ponta Grossa (UEPG), p\u00f3s-graduada em Arte na Educa\u00e7\u00e3o (FAPI) e Psicopedagogia Escolar (FAPI), idealizadora e propriet\u00e1ria do site Escritora de Sucesso, possui experi\u00eancia em escrita para blogs em geral e atua como redatora e revisora dos conte\u00fados do Ora\u00e7\u00e3o e F\u00e9.\",\"url\":\"https:\\\/\\\/www.oracaoefe.com\\\/fr\\\/author\\\/michele-azevedo\\\/\"}]}<\/script>\n<!-- \/ Yoast SEO plugin. -->","yoast_head_json":{"title":"Salmo 91: Mensagem e Reflex\u00e3o para 2025 - Ora\u00e7\u00e3o e F\u00e9","description":"Dieu a une parole de vie pour vous !","robots":{"index":"index","follow":"follow","max-snippet":"max-snippet:-1","max-image-preview":"max-image-preview:large","max-video-preview":"max-video-preview:-1"},"canonical":"https:\/\/www.oracaoefe.com\/fr\/salmo-91-mensagem-e-reflexao-para-2025\/","og_locale":"fr_FR","og_type":"article","og_title":"Salmo 91: Mensagem e Reflex\u00e3o para 2025 - Ora\u00e7\u00e3o e F\u00e9","og_description":"Deus tem pra voc\u00ea uma palavra de vida!","og_url":"https:\/\/www.oracaoefe.com\/fr\/salmo-91-mensagem-e-reflexao-para-2025\/","og_site_name":"Ora\u00e7\u00e3o e F\u00e9","article_published_time":"2025-08-26T20:12:10+00:00","article_modified_time":"2025-12-16T16:10:17+00:00","og_image":[{"width":1024,"height":683,"url":"https:\/\/www.oracaoefe.com\/wp-content\/uploads\/2025\/08\/salmo-91-1024x683.png","type":"image\/png"}],"author":"Michele Azevedo","twitter_card":"summary_large_image","twitter_misc":{"\u00c9crit par":"Michele Azevedo","Dur\u00e9e de lecture estim\u00e9e":"4 minutes"},"schema":{"@context":"https:\/\/schema.org","@graph":[{"@type":"Article","@id":"https:\/\/www.oracaoefe.com\/salmo-91-mensagem-e-reflexao-para-2025\/#article","isPartOf":{"@id":"https:\/\/www.oracaoefe.com\/salmo-91-mensagem-e-reflexao-para-2025\/"},"author":{"name":"Michele Azevedo","@id":"https:\/\/www.oracaoefe.com\/#\/schema\/person\/17283c669442cf005c4d5bb58adfb7f5"},"headline":"Salmo 91: Mensagem e Reflex\u00e3o para 2025","datePublished":"2025-08-26T20:12:10+00:00","dateModified":"2025-12-16T16:10:17+00:00","mainEntityOfPage":{"@id":"https:\/\/www.oracaoefe.com\/salmo-91-mensagem-e-reflexao-para-2025\/"},"wordCount":810,"image":{"@id":"https:\/\/www.oracaoefe.com\/salmo-91-mensagem-e-reflexao-para-2025\/#primaryimage"},"thumbnailUrl":"https:\/\/www.oracaoefe.com\/wp-content\/uploads\/2025\/08\/salmo-91.png","articleSection":["F\u00e9"],"inLanguage":"fr-FR"},{"@type":"WebPage","@id":"https:\/\/www.oracaoefe.com\/salmo-91-mensagem-e-reflexao-para-2025\/","url":"https:\/\/www.oracaoefe.com\/salmo-91-mensagem-e-reflexao-para-2025\/","name":"Salmo 91: Mensagem e Reflex\u00e3o para 2025 - Ora\u00e7\u00e3o e F\u00e9","isPartOf":{"@id":"https:\/\/www.oracaoefe.com\/#website"},"primaryImageOfPage":{"@id":"https:\/\/www.oracaoefe.com\/salmo-91-mensagem-e-reflexao-para-2025\/#primaryimage"},"image":{"@id":"https:\/\/www.oracaoefe.com\/salmo-91-mensagem-e-reflexao-para-2025\/#primaryimage"},"thumbnailUrl":"https:\/\/www.oracaoefe.com\/wp-content\/uploads\/2025\/08\/salmo-91.png","datePublished":"2025-08-26T20:12:10+00:00","dateModified":"2025-12-16T16:10:17+00:00","author":{"@id":"https:\/\/www.oracaoefe.com\/#\/schema\/person\/17283c669442cf005c4d5bb58adfb7f5"},"description":"Dieu a une parole de vie pour vous !","breadcrumb":{"@id":"https:\/\/www.oracaoefe.com\/salmo-91-mensagem-e-reflexao-para-2025\/#breadcrumb"},"inLanguage":"fr-FR","potentialAction":[{"@type":"ReadAction","target":["https:\/\/www.oracaoefe.com\/salmo-91-mensagem-e-reflexao-para-2025\/"]}]},{"@type":"ImageObject","inLanguage":"fr-FR","@id":"https:\/\/www.oracaoefe.com\/salmo-91-mensagem-e-reflexao-para-2025\/#primaryimage","url":"https:\/\/www.oracaoefe.com\/wp-content\/uploads\/2025\/08\/salmo-91.png","contentUrl":"https:\/\/www.oracaoefe.com\/wp-content\/uploads\/2025\/08\/salmo-91.png","width":1536,"height":1024,"caption":"salmo 91"},{"@type":"BreadcrumbList","@id":"https:\/\/www.oracaoefe.com\/salmo-91-mensagem-e-reflexao-para-2025\/#breadcrumb","itemListElement":[{"@type":"ListItem","position":1,"name":"Home","item":"https:\/\/www.oracaoefe.com\/"},{"@type":"ListItem","position":2,"name":"F\u00e9","item":"https:\/\/www.oracaoefe.com\/es\/categoria\/fe\/"},{"@type":"ListItem","position":3,"name":"Salmo 91: Mensagem e Reflex\u00e3o para 2025"}]},{"@type":"WebSite","@id":"https:\/\/www.oracaoefe.com\/#website","url":"https:\/\/www.oracaoefe.com\/","name":"Pri\u00e8re et foi","description":"","potentialAction":[{"@type":"SearchAction","target":{"@type":"EntryPoint","urlTemplate":"https:\/\/www.oracaoefe.com\/?s={search_term_string}"},"query-input":{"@type":"PropertyValueSpecification","valueRequired":true,"valueName":"search_term_string"}}],"inLanguage":"fr-FR"},{"@type":"Person","@id":"https:\/\/www.oracaoefe.com\/#\/schema\/person\/17283c669442cf005c4d5bb58adfb7f5","name":"Michele Azevedo","image":{"@type":"ImageObject","inLanguage":"fr-FR","@id":"https:\/\/secure.gravatar.com\/avatar\/6b0eb9d22841282815e2cd856a0061c45e1761cd54b22e952d98c4746939aa85?s=96&d=mm&r=g","url":"https:\/\/secure.gravatar.com\/avatar\/6b0eb9d22841282815e2cd856a0061c45e1761cd54b22e952d98c4746939aa85?s=96&d=mm&r=g","contentUrl":"https:\/\/secure.gravatar.com\/avatar\/6b0eb9d22841282815e2cd856a0061c45e1761cd54b22e952d98c4746939aa85?s=96&d=mm&r=g","caption":"Michele Azevedo"},"description":"Dipl\u00f4m\u00e9e en litt\u00e9rature portugaise\/anglaise de l&#039;Universit\u00e9 d&#039;\u00c9tat de Ponta Grossa (UEPG), avec des dipl\u00f4mes de troisi\u00e8me cycle en art dans l&#039;\u00e9ducation (FAPI) et en psychop\u00e9dagogie scolaire (FAPI), elle est la cr\u00e9atrice et propri\u00e9taire du site web Escritora de Sucesso, a de l&#039;exp\u00e9rience dans l&#039;\u00e9criture pour les blogs en g\u00e9n\u00e9ral et travaille comme r\u00e9dactrice et \u00e9ditrice du contenu pour Ora\u00e7\u00e3o e F\u00e9.","url":"https:\/\/www.oracaoefe.com\/fr\/author\/michele-azevedo\/"}]}},"_links":{"self":[{"href":"https:\/\/www.oracaoefe.com\/fr\/wp-json\/wp\/v2\/posts\/3757","targetHints":{"allow":["GET"]}}],"collection":[{"href":"https:\/\/www.oracaoefe.com\/fr\/wp-json\/wp\/v2\/posts"}],"about":[{"href":"https:\/\/www.oracaoefe.com\/fr\/wp-json\/wp\/v2\/types\/post"}],"author":[{"embeddable":true,"href":"https:\/\/www.oracaoefe.com\/fr\/wp-json\/wp\/v2\/users\/3"}],"replies":[{"embeddable":true,"href":"https:\/\/www.oracaoefe.com\/fr\/wp-json\/wp\/v2\/comments?post=3757"}],"version-history":[{"count":1,"href":"https:\/\/www.oracaoefe.com\/fr\/wp-json\/wp\/v2\/posts\/3757\/revisions"}],"predecessor-version":[{"id":3759,"href":"https:\/\/www.oracaoefe.com\/fr\/wp-json\/wp\/v2\/posts\/3757\/revisions\/3759"}],"wp:featuredmedia":[{"embeddable":true,"href":"https:\/\/www.oracaoefe.com\/fr\/wp-json\/wp\/v2\/media\/3758"}],"wp:attachment":[{"href":"https:\/\/www.oracaoefe.com\/fr\/wp-json\/wp\/v2\/media?parent=3757"}],"wp:term":[{"taxonomy":"category","embeddable":true,"href":"https:\/\/www.oracaoefe.com\/fr\/wp-json\/wp\/v2\/categories?post=3757"},{"taxonomy":"post_tag","embeddable":true,"href":"https:\/\/www.oracaoefe.com\/fr\/wp-json\/wp\/v2\/tags?post=3757"}],"curies":[{"name":"wp","href":"https:\/\/api.w.org\/{rel}","templated":true}]}}