{"id":3736,"date":"2025-07-06T22:19:41","date_gmt":"2025-07-07T01:19:41","guid":{"rendered":"https:\/\/www.oracaoefe.com\/?p=3736"},"modified":"2025-12-16T13:10:46","modified_gmt":"2025-12-16T16:10:46","slug":"aplicativos-mais-baixados-confira-as-tendencias-atuais","status":"publish","type":"post","link":"https:\/\/www.oracaoefe.com\/fr\/aplicativos-mais-baixados-confira-as-tendencias-atuais\/","title":{"rendered":"Aplicativos mais baixados: confira as tend\u00eancias atuais"},"content":{"rendered":"<p class=\"has-text-align-center wp-block-paragraph\"><strong>Conhe\u00e7a os apps mais baixados no mundo todo!<\/strong><\/p>\n\n\n\n<p class=\"wp-block-paragraph\">Voc\u00ea piscou e j\u00e1 tem aplicativo novo bombando nas lojas virtuais. No universo digital, tudo muda r\u00e1pido, e quem quer acompanhar precisa ficar por dentro das tend\u00eancias. Seja para conversar, criar conte\u00fado, fazer compras ou s\u00f3 passar o tempo, os aplicativos mais baixados do momento revelam muito sobre o comportamento atual dos usu\u00e1rios. E n\u00e3o \u00e9 s\u00f3 curiosidade: entender esse cen\u00e1rio pode te ajudar a escolher melhor o que vale mesmo a pena ter no celular.<\/p>\n\n\n\n<h2 class=\"wp-block-heading\">WhatsApp: ainda o campe\u00e3o da comunica\u00e7\u00e3o<\/h2>\n\n\n\n<p class=\"wp-block-paragraph\">Pode tentar substituir, mas o WhatsApp segue firme no topo. Ele continua sendo o app mais baixado em diversos pa\u00edses, porque facilita tudo: conversas individuais, grupos da fam\u00edlia, do trabalho, envio de \u00e1udios, documentos, chamadas de v\u00eddeo e at\u00e9 pagamento com Pix. A cada atualiza\u00e7\u00e3o, o app se reinventa, e o p\u00fablico continua fiel. Em mercados como Brasil, \u00cdndia e Indon\u00e9sia, o dom\u00ednio do WhatsApp \u00e9 absoluto.<\/p>\n\n\n<div class=\"wp-block-image\">\n<figure class=\"aligncenter size-full\"><a href=\"https:\/\/apps.apple.com\/br\/app\/whatsapp-messenger\/id310633997\"><img loading=\"lazy\" decoding=\"async\" width=\"250\" height=\"80\" src=\"https:\/\/www.oracaoefe.com\/wp-content\/uploads\/2025\/05\/botao-app-store-1.png\" alt=\"\" class=\"wp-image-3585\" srcset=\"https:\/\/www.oracaoefe.com\/wp-content\/uploads\/2025\/05\/botao-app-store-1.png 250w, https:\/\/www.oracaoefe.com\/wp-content\/uploads\/2025\/05\/botao-app-store-1-18x6.png 18w\" sizes=\"auto, (max-width: 250px) 100vw, 250px\" \/><\/a><\/figure>\n<\/div>\n\n<div class=\"wp-block-image\">\n<figure class=\"aligncenter size-full\"><a href=\"https:\/\/play.google.com\/store\/apps\/details?id=com.whatsapp&hl=pt_BR\"><img loading=\"lazy\" decoding=\"async\" width=\"250\" height=\"80\" src=\"https:\/\/www.oracaoefe.com\/wp-content\/uploads\/2025\/05\/botao-play-store-1.png\" alt=\"\" class=\"wp-image-3584\" srcset=\"https:\/\/www.oracaoefe.com\/wp-content\/uploads\/2025\/05\/botao-play-store-1.png 250w, https:\/\/www.oracaoefe.com\/wp-content\/uploads\/2025\/05\/botao-play-store-1-18x6.png 18w\" sizes=\"auto, (max-width: 250px) 100vw, 250px\" \/><\/a><\/figure>\n<\/div>\n\n\n<h2 class=\"wp-block-heading\">TikTok: onde o conte\u00fado viral acontece<\/h2>\n\n\n\n<p class=\"wp-block-paragraph\">Se existe um aplicativo que virou sin\u00f4nimo de entretenimento r\u00e1pido e viciante, \u00e9 o TikTok. Ele se mant\u00e9m entre os mais baixados globalmente gra\u00e7as \u00e0 sua capacidade de entreter com v\u00eddeos curtos e criativos. Al\u00e9m disso, tornou-se um dos principais canais de divulga\u00e7\u00e3o para empresas, criadores de conte\u00fado e at\u00e9 \u00f3rg\u00e3os p\u00fablicos. A variedade de filtros, trilhas sonoras e possibilidades de edi\u00e7\u00e3o mant\u00e9m o app no radar de jovens (e de muitos adultos tamb\u00e9m).<\/p>\n\n\n<div class=\"wp-block-image\">\n<figure class=\"aligncenter size-full\"><a href=\"https:\/\/apps.apple.com\/br\/app\/tiktok\/id835599320\"><img loading=\"lazy\" decoding=\"async\" width=\"250\" height=\"80\" src=\"https:\/\/www.oracaoefe.com\/wp-content\/uploads\/2025\/05\/botao-app-store-1.png\" alt=\"\" class=\"wp-image-3585\" srcset=\"https:\/\/www.oracaoefe.com\/wp-content\/uploads\/2025\/05\/botao-app-store-1.png 250w, https:\/\/www.oracaoefe.com\/wp-content\/uploads\/2025\/05\/botao-app-store-1-18x6.png 18w\" sizes=\"auto, (max-width: 250px) 100vw, 250px\" \/><\/a><\/figure>\n<\/div>\n\n<div class=\"wp-block-image\">\n<figure class=\"aligncenter size-full\"><a href=\"https:\/\/play.google.com\/store\/apps\/details?id=com.zhiliaoapp.musically&hl=pt_BR\"><img loading=\"lazy\" decoding=\"async\" width=\"250\" height=\"80\" src=\"https:\/\/www.oracaoefe.com\/wp-content\/uploads\/2025\/05\/botao-play-store-1.png\" alt=\"\" class=\"wp-image-3584\" srcset=\"https:\/\/www.oracaoefe.com\/wp-content\/uploads\/2025\/05\/botao-play-store-1.png 250w, https:\/\/www.oracaoefe.com\/wp-content\/uploads\/2025\/05\/botao-play-store-1-18x6.png 18w\" sizes=\"auto, (max-width: 250px) 100vw, 250px\" \/><\/a><\/figure>\n<\/div>\n\n\n<h2 class=\"wp-block-heading\">Facebook: o veterano que n\u00e3o morre<\/h2>\n\n\n\n<p class=\"wp-block-paragraph\">Muita gente j\u00e1 deu o Facebook como \u201cmorto\u201d, mas os n\u00fameros mostram outra coisa. Ele ainda aparece na lista dos apps mais baixados em v\u00e1rios pa\u00edses. E o motivo \u00e9 simples: a plataforma evoluiu. Agora, al\u00e9m de acompanhar grupos e p\u00e1ginas, muitos usam o Facebook para assistir v\u00eddeos, vender produtos no marketplace e interagir em comunidades espec\u00edficas. Mesmo que os mais jovens n\u00e3o sejam seu p\u00fablico principal, o app segue sendo relevante.<\/p>\n\n\n<div class=\"wp-block-image\">\n<figure class=\"aligncenter size-full\"><a href=\"https:\/\/apps.apple.com\/br\/app\/facebook\/id284882215\"><img loading=\"lazy\" decoding=\"async\" width=\"250\" height=\"80\" src=\"https:\/\/www.oracaoefe.com\/wp-content\/uploads\/2025\/05\/botao-app-store-1.png\" alt=\"\" class=\"wp-image-3585\" srcset=\"https:\/\/www.oracaoefe.com\/wp-content\/uploads\/2025\/05\/botao-app-store-1.png 250w, https:\/\/www.oracaoefe.com\/wp-content\/uploads\/2025\/05\/botao-app-store-1-18x6.png 18w\" sizes=\"auto, (max-width: 250px) 100vw, 250px\" \/><\/a><\/figure>\n<\/div>\n\n<div class=\"wp-block-image\">\n<figure class=\"aligncenter size-full\"><a href=\"https:\/\/play.google.com\/store\/apps\/details?id=com.facebook.katana&hl=pt_BR\"><img loading=\"lazy\" decoding=\"async\" width=\"250\" height=\"80\" src=\"https:\/\/www.oracaoefe.com\/wp-content\/uploads\/2025\/05\/botao-play-store-1.png\" alt=\"\" class=\"wp-image-3584\" srcset=\"https:\/\/www.oracaoefe.com\/wp-content\/uploads\/2025\/05\/botao-play-store-1.png 250w, https:\/\/www.oracaoefe.com\/wp-content\/uploads\/2025\/05\/botao-play-store-1-18x6.png 18w\" sizes=\"auto, (max-width: 250px) 100vw, 250px\" \/><\/a><\/figure>\n<\/div>\n\n\n<h2 class=\"wp-block-heading\">Instagram: entre fotos, reels e loja virtual<\/h2>\n\n\n\n<p class=\"wp-block-paragraph\">O Instagram deixou de ser s\u00f3 um app de fotos h\u00e1 muito tempo. Com a for\u00e7a dos Reels, virou uma plataforma completa de v\u00eddeo, onde a disputa por engajamento \u00e9 feroz. Com o \u201cExplorar\u201d sempre recheado de novidades e um feed cada vez mais influenciado por algoritmos, o Instagram segue no top de downloads. Muitos usu\u00e1rios tamb\u00e9m aproveitam a fun\u00e7\u00e3o de loja para comprar produtos direto da plataforma, o que tamb\u00e9m mant\u00e9m a popularidade do app em alta.<\/p>\n\n\n<div class=\"wp-block-image\">\n<figure class=\"aligncenter size-full\"><a href=\"https:\/\/apps.apple.com\/br\/app\/instagram\/id389801252\"><img loading=\"lazy\" decoding=\"async\" width=\"250\" height=\"80\" src=\"https:\/\/www.oracaoefe.com\/wp-content\/uploads\/2025\/05\/botao-app-store-1.png\" alt=\"\" class=\"wp-image-3585\" srcset=\"https:\/\/www.oracaoefe.com\/wp-content\/uploads\/2025\/05\/botao-app-store-1.png 250w, https:\/\/www.oracaoefe.com\/wp-content\/uploads\/2025\/05\/botao-app-store-1-18x6.png 18w\" sizes=\"auto, (max-width: 250px) 100vw, 250px\" \/><\/a><\/figure>\n<\/div>\n\n<div class=\"wp-block-image\">\n<figure class=\"aligncenter size-full\"><a href=\"https:\/\/play.google.com\/store\/apps\/details?id=com.instagram.android&hl=pt_BR\"><img loading=\"lazy\" decoding=\"async\" width=\"250\" height=\"80\" src=\"https:\/\/www.oracaoefe.com\/wp-content\/uploads\/2025\/05\/botao-play-store-1.png\" alt=\"\" class=\"wp-image-3584\" srcset=\"https:\/\/www.oracaoefe.com\/wp-content\/uploads\/2025\/05\/botao-play-store-1.png 250w, https:\/\/www.oracaoefe.com\/wp-content\/uploads\/2025\/05\/botao-play-store-1-18x6.png 18w\" sizes=\"auto, (max-width: 250px) 100vw, 250px\" \/><\/a><\/figure>\n<\/div>\n\n\n<h2 class=\"wp-block-heading\">Temu: o e-commerce que virou febre<\/h2>\n\n\n\n<p class=\"wp-block-paragraph\">O Temu vem surpreendendo como um dos apps mais baixados no setor de compras online. Com pre\u00e7os baixos, ofertas rel\u00e2mpago e frete gratuito, ele conquistou uma legi\u00e3o de consumidores em v\u00e1rios pa\u00edses. A interface amig\u00e1vel e a sensa\u00e7\u00e3o constante de \u201cachadinhos\u201d fazem com que muita gente n\u00e3o resista e baixe o app para conferir. \u00c9 a nova concorr\u00eancia direta da Shein e AliExpress, e est\u00e1 crescendo r\u00e1pido.<\/p>\n\n\n<div class=\"wp-block-image\">\n<figure class=\"aligncenter size-full\"><a href=\"https:\/\/apps.apple.com\/br\/app\/temu-compre-como-um-bilion%C3%A1rio\/id1641486558\"><img loading=\"lazy\" decoding=\"async\" width=\"250\" height=\"80\" src=\"https:\/\/www.oracaoefe.com\/wp-content\/uploads\/2025\/05\/botao-app-store-1.png\" alt=\"\" class=\"wp-image-3585\" srcset=\"https:\/\/www.oracaoefe.com\/wp-content\/uploads\/2025\/05\/botao-app-store-1.png 250w, https:\/\/www.oracaoefe.com\/wp-content\/uploads\/2025\/05\/botao-app-store-1-18x6.png 18w\" sizes=\"auto, (max-width: 250px) 100vw, 250px\" \/><\/a><\/figure>\n<\/div>\n\n<div class=\"wp-block-image\">\n<figure class=\"aligncenter size-full\"><a href=\"https:\/\/play.google.com\/store\/apps\/details?id=com.einnovation.temu&hl=pt_BR\"><img loading=\"lazy\" decoding=\"async\" width=\"250\" height=\"80\" src=\"https:\/\/www.oracaoefe.com\/wp-content\/uploads\/2025\/05\/botao-play-store-1.png\" alt=\"\" class=\"wp-image-3584\" srcset=\"https:\/\/www.oracaoefe.com\/wp-content\/uploads\/2025\/05\/botao-play-store-1.png 250w, https:\/\/www.oracaoefe.com\/wp-content\/uploads\/2025\/05\/botao-play-store-1-18x6.png 18w\" sizes=\"auto, (max-width: 250px) 100vw, 250px\" \/><\/a><\/figure>\n<\/div>\n\n\n<h2 class=\"wp-block-heading\">CapCut: a edi\u00e7\u00e3o de v\u00eddeo para todos<\/h2>\n\n\n\n<p class=\"wp-block-paragraph\">Criado pela mesma empresa que desenvolveu o TikTok, o CapCut \u00e9 a escolha favorita de quem precisa editar v\u00eddeos direto do celular. A popularidade aumentou na mesma medida que os v\u00eddeos curtos ganharam for\u00e7a. Com filtros, transi\u00e7\u00f5es, cortes inteligentes, legendas autom\u00e1ticas e muitos efeitos visuais, ele se tornou um app essencial para criadores de conte\u00fado. O melhor? Ele \u00e9 gratuito e intuitivo at\u00e9 para quem n\u00e3o tem experi\u00eancia.<\/p>\n\n\n<div class=\"wp-block-image\">\n<figure class=\"aligncenter size-full\"><a href=\"https:\/\/apps.apple.com\/br\/app\/capcut-editor-de-v%C3%ADdeo\/id1500855883\"><img loading=\"lazy\" decoding=\"async\" width=\"250\" height=\"80\" src=\"https:\/\/www.oracaoefe.com\/wp-content\/uploads\/2025\/05\/botao-app-store-1.png\" alt=\"\" class=\"wp-image-3585\" srcset=\"https:\/\/www.oracaoefe.com\/wp-content\/uploads\/2025\/05\/botao-app-store-1.png 250w, https:\/\/www.oracaoefe.com\/wp-content\/uploads\/2025\/05\/botao-app-store-1-18x6.png 18w\" sizes=\"auto, (max-width: 250px) 100vw, 250px\" \/><\/a><\/figure>\n<\/div>\n\n<div class=\"wp-block-image\">\n<figure class=\"aligncenter size-full\"><a href=\"https:\/\/play.google.com\/store\/apps\/details?id=com.lemon.lvoverseas&hl=pt_BR\"><img loading=\"lazy\" decoding=\"async\" width=\"250\" height=\"80\" src=\"https:\/\/www.oracaoefe.com\/wp-content\/uploads\/2025\/05\/botao-play-store-1.png\" alt=\"\" class=\"wp-image-3584\" srcset=\"https:\/\/www.oracaoefe.com\/wp-content\/uploads\/2025\/05\/botao-play-store-1.png 250w, https:\/\/www.oracaoefe.com\/wp-content\/uploads\/2025\/05\/botao-play-store-1-18x6.png 18w\" sizes=\"auto, (max-width: 250px) 100vw, 250px\" \/><\/a><\/figure>\n<\/div>\n\n\n<h2 class=\"wp-block-heading\">Threads: o Twitter que deu certo?<\/h2>\n\n\n\n<p class=\"wp-block-paragraph\">Quando a Meta lan\u00e7ou o Threads como resposta ao Twitter, ningu\u00e9m sabia exatamente o que esperar. Mas a curiosidade bateu forte, e milh\u00f5es de usu\u00e1rios baixaram o app nos primeiros dias. A proposta \u00e9 simples: um espa\u00e7o para conversas em formato de texto, mas com a estrutura e interatividade do Instagram. Ainda est\u00e1 em crescimento e enfrentando seus desafios, mas j\u00e1 figura entre os apps mais baixados em muitos lugares.<\/p>\n\n\n<div class=\"wp-block-image\">\n<figure class=\"aligncenter size-full\"><a href=\"https:\/\/apps.apple.com\/br\/app\/threads\/id6446901002\"><img loading=\"lazy\" decoding=\"async\" width=\"250\" height=\"80\" src=\"https:\/\/www.oracaoefe.com\/wp-content\/uploads\/2025\/05\/botao-app-store-1.png\" alt=\"\" class=\"wp-image-3585\" srcset=\"https:\/\/www.oracaoefe.com\/wp-content\/uploads\/2025\/05\/botao-app-store-1.png 250w, https:\/\/www.oracaoefe.com\/wp-content\/uploads\/2025\/05\/botao-app-store-1-18x6.png 18w\" sizes=\"auto, (max-width: 250px) 100vw, 250px\" \/><\/a><\/figure>\n<\/div>\n\n<div class=\"wp-block-image\">\n<figure class=\"aligncenter size-full\"><a href=\"https:\/\/play.google.com\/store\/apps\/datasafety?id=com.instagram.barcelona&hl=pt_BR\"><img loading=\"lazy\" decoding=\"async\" width=\"250\" height=\"80\" src=\"https:\/\/www.oracaoefe.com\/wp-content\/uploads\/2025\/05\/botao-play-store-1.png\" alt=\"\" class=\"wp-image-3584\" srcset=\"https:\/\/www.oracaoefe.com\/wp-content\/uploads\/2025\/05\/botao-play-store-1.png 250w, https:\/\/www.oracaoefe.com\/wp-content\/uploads\/2025\/05\/botao-play-store-1-18x6.png 18w\" sizes=\"auto, (max-width: 250px) 100vw, 250px\" \/><\/a><\/figure>\n<\/div>\n\n\n<h2 class=\"wp-block-heading\">Por que os apps mais baixados importam?<\/h2>\n\n\n\n<p class=\"wp-block-paragraph\">Ficar de olho nos apps que dominam as lojas \u00e9 mais do que acompanhar modinha. Eles indicam o que as pessoas est\u00e3o consumindo, quais comportamentos est\u00e3o em alta e onde h\u00e1 oportunidades para criadores, empresas e at\u00e9 para quem est\u00e1 buscando uma forma de se organizar melhor. Seja para se divertir, aprender, empreender ou s\u00f3 se conectar, entender as tend\u00eancias digitais te coloca um passo \u00e0 frente.<\/p>\n\n\n\n<p class=\"wp-block-paragraph\">Se voc\u00ea ainda n\u00e3o testou algum desses apps, talvez seja hora de dar uma chance. Mas lembre-se: nem tudo que \u00e9 popular vai fazer sentido pra sua rotina. A chave est\u00e1 em entender o que pode te ajudar, seja no trabalho, nos estudos ou no seu tempo livre.<\/p>\n\n\n\n<p class=\"wp-block-paragraph\"><strong>Voir aussi\u00a0: <a href=\"https:\/\/www.oracaoefe.com\/fr\/aplicativo-de-figurinhas-catolicas-para-whatsapp\/\">Aplicativo de figurinhas cat\u00f3licas para WhatsApp<\/a><\/strong><\/p>\n\n\n\n<p class=\"wp-block-paragraph\">Publicado em 6 de julho de 2025<\/p>","protected":false},"excerpt":{"rendered":"<p>Conhe\u00e7a os apps mais baixados no mundo todo! Voc\u00ea piscou e j\u00e1 tem aplicativo novo bombando nas lojas virtuais. No universo digital, tudo muda r\u00e1pido, e quem quer acompanhar precisa ficar por dentro das tend\u00eancias. Seja para conversar, criar conte\u00fado, fazer compras ou s\u00f3 passar o tempo, os aplicativos mais baixados do momento revelam muito&hellip;&nbsp;<\/p>","protected":false},"author":3,"featured_media":3737,"comment_status":"closed","ping_status":"closed","sticky":false,"template":"","format":"standard","meta":{"neve_meta_sidebar":"","neve_meta_container":"","neve_meta_enable_content_width":"","neve_meta_content_width":0,"neve_meta_title_alignment":"","neve_meta_author_avatar":"","neve_post_elements_order":"","neve_meta_disable_header":"","neve_meta_disable_footer":"","neve_meta_disable_title":"","footnotes":""},"categories":[4],"tags":[],"class_list":["post-3736","post","type-post","status-publish","format-standard","has-post-thumbnail","hentry","category-fique-por-dentro"],"yoast_head":"<!-- This site is optimized with the Yoast SEO plugin v28.4 - https:\/\/yoast.com\/product\/yoast-seo-wordpress\/ -->\n<title>Aplicativos mais baixados: confira as tend\u00eancias atuais - Ora\u00e7\u00e3o e F\u00e9<\/title>\n<meta name=\"description\" content=\"Deus tem pra voc\u00ea uma palavra de vida!\" \/>\n<meta name=\"robots\" content=\"index, follow, max-snippet:-1, max-image-preview:large, max-video-preview:-1\" \/>\n<link rel=\"canonical\" href=\"https:\/\/www.oracaoefe.com\/fr\/aplicativos-mais-baixados-confira-as-tendencias-atuais\/\" \/>\n<meta property=\"og:locale\" content=\"fr_FR\" \/>\n<meta property=\"og:type\" content=\"article\" \/>\n<meta property=\"og:title\" content=\"Aplicativos mais baixados: confira as tend\u00eancias atuais - Ora\u00e7\u00e3o e F\u00e9\" \/>\n<meta property=\"og:description\" content=\"Deus tem pra voc\u00ea uma palavra de vida!\" \/>\n<meta property=\"og:url\" content=\"https:\/\/www.oracaoefe.com\/fr\/aplicativos-mais-baixados-confira-as-tendencias-atuais\/\" \/>\n<meta property=\"og:site_name\" content=\"Ora\u00e7\u00e3o e F\u00e9\" \/>\n<meta property=\"article:published_time\" content=\"2025-07-07T01:19:41+00:00\" \/>\n<meta property=\"article:modified_time\" content=\"2025-12-16T16:10:46+00:00\" \/>\n<meta property=\"og:image\" content=\"https:\/\/www.oracaoefe.com\/wp-content\/uploads\/2025\/07\/apps-mais-baixados-1024x683.png\" \/>\n\t<meta property=\"og:image:width\" content=\"1024\" \/>\n\t<meta property=\"og:image:height\" content=\"683\" \/>\n\t<meta property=\"og:image:type\" content=\"image\/png\" \/>\n<meta name=\"author\" content=\"Michele Azevedo\" \/>\n<meta name=\"twitter:card\" content=\"summary_large_image\" \/>\n<meta name=\"twitter:label1\" content=\"\u00c9crit par\" \/>\n\t<meta name=\"twitter:data1\" content=\"Michele Azevedo\" \/>\n\t<meta name=\"twitter:label2\" content=\"Dur\u00e9e de lecture estim\u00e9e\" \/>\n\t<meta name=\"twitter:data2\" content=\"4 minutes\" \/>\n<script type=\"application\/ld+json\" class=\"yoast-schema-graph\">{\"@context\":\"https:\\\/\\\/schema.org\",\"@graph\":[{\"@type\":\"Article\",\"@id\":\"https:\\\/\\\/www.oracaoefe.com\\\/aplicativos-mais-baixados-confira-as-tendencias-atuais\\\/#article\",\"isPartOf\":{\"@id\":\"https:\\\/\\\/www.oracaoefe.com\\\/aplicativos-mais-baixados-confira-as-tendencias-atuais\\\/\"},\"author\":{\"name\":\"Michele Azevedo\",\"@id\":\"https:\\\/\\\/www.oracaoefe.com\\\/#\\\/schema\\\/person\\\/17283c669442cf005c4d5bb58adfb7f5\"},\"headline\":\"Aplicativos mais baixados: confira as tend\u00eancias atuais\",\"datePublished\":\"2025-07-07T01:19:41+00:00\",\"dateModified\":\"2025-12-16T16:10:46+00:00\",\"mainEntityOfPage\":{\"@id\":\"https:\\\/\\\/www.oracaoefe.com\\\/aplicativos-mais-baixados-confira-as-tendencias-atuais\\\/\"},\"wordCount\":832,\"image\":{\"@id\":\"https:\\\/\\\/www.oracaoefe.com\\\/aplicativos-mais-baixados-confira-as-tendencias-atuais\\\/#primaryimage\"},\"thumbnailUrl\":\"https:\\\/\\\/www.oracaoefe.com\\\/wp-content\\\/uploads\\\/2025\\\/07\\\/apps-mais-baixados.png\",\"articleSection\":[\"Fique por Dentro\"],\"inLanguage\":\"fr-FR\"},{\"@type\":\"WebPage\",\"@id\":\"https:\\\/\\\/www.oracaoefe.com\\\/aplicativos-mais-baixados-confira-as-tendencias-atuais\\\/\",\"url\":\"https:\\\/\\\/www.oracaoefe.com\\\/aplicativos-mais-baixados-confira-as-tendencias-atuais\\\/\",\"name\":\"Aplicativos mais baixados: confira as tend\u00eancias atuais - Ora\u00e7\u00e3o e F\u00e9\",\"isPartOf\":{\"@id\":\"https:\\\/\\\/www.oracaoefe.com\\\/#website\"},\"primaryImageOfPage\":{\"@id\":\"https:\\\/\\\/www.oracaoefe.com\\\/aplicativos-mais-baixados-confira-as-tendencias-atuais\\\/#primaryimage\"},\"image\":{\"@id\":\"https:\\\/\\\/www.oracaoefe.com\\\/aplicativos-mais-baixados-confira-as-tendencias-atuais\\\/#primaryimage\"},\"thumbnailUrl\":\"https:\\\/\\\/www.oracaoefe.com\\\/wp-content\\\/uploads\\\/2025\\\/07\\\/apps-mais-baixados.png\",\"datePublished\":\"2025-07-07T01:19:41+00:00\",\"dateModified\":\"2025-12-16T16:10:46+00:00\",\"author\":{\"@id\":\"https:\\\/\\\/www.oracaoefe.com\\\/#\\\/schema\\\/person\\\/17283c669442cf005c4d5bb58adfb7f5\"},\"description\":\"Deus tem pra voc\u00ea uma palavra de vida!\",\"breadcrumb\":{\"@id\":\"https:\\\/\\\/www.oracaoefe.com\\\/aplicativos-mais-baixados-confira-as-tendencias-atuais\\\/#breadcrumb\"},\"inLanguage\":\"fr-FR\",\"potentialAction\":[{\"@type\":\"ReadAction\",\"target\":[\"https:\\\/\\\/www.oracaoefe.com\\\/aplicativos-mais-baixados-confira-as-tendencias-atuais\\\/\"]}]},{\"@type\":\"ImageObject\",\"inLanguage\":\"fr-FR\",\"@id\":\"https:\\\/\\\/www.oracaoefe.com\\\/aplicativos-mais-baixados-confira-as-tendencias-atuais\\\/#primaryimage\",\"url\":\"https:\\\/\\\/www.oracaoefe.com\\\/wp-content\\\/uploads\\\/2025\\\/07\\\/apps-mais-baixados.png\",\"contentUrl\":\"https:\\\/\\\/www.oracaoefe.com\\\/wp-content\\\/uploads\\\/2025\\\/07\\\/apps-mais-baixados.png\",\"width\":1536,\"height\":1024,\"caption\":\"apps mais baixados\"},{\"@type\":\"BreadcrumbList\",\"@id\":\"https:\\\/\\\/www.oracaoefe.com\\\/aplicativos-mais-baixados-confira-as-tendencias-atuais\\\/#breadcrumb\",\"itemListElement\":[{\"@type\":\"ListItem\",\"position\":1,\"name\":\"Home\",\"item\":\"https:\\\/\\\/www.oracaoefe.com\\\/\"},{\"@type\":\"ListItem\",\"position\":2,\"name\":\"Fique por Dentro\",\"item\":\"https:\\\/\\\/www.oracaoefe.com\\\/category\\\/fique-por-dentro\\\/\"},{\"@type\":\"ListItem\",\"position\":3,\"name\":\"Aplicativos mais baixados: confira as tend\u00eancias atuais\"}]},{\"@type\":\"WebSite\",\"@id\":\"https:\\\/\\\/www.oracaoefe.com\\\/#website\",\"url\":\"https:\\\/\\\/www.oracaoefe.com\\\/\",\"name\":\"Ora\u00e7\u00e3o e F\u00e9\",\"description\":\"\",\"potentialAction\":[{\"@type\":\"SearchAction\",\"target\":{\"@type\":\"EntryPoint\",\"urlTemplate\":\"https:\\\/\\\/www.oracaoefe.com\\\/?s={search_term_string}\"},\"query-input\":{\"@type\":\"PropertyValueSpecification\",\"valueRequired\":true,\"valueName\":\"search_term_string\"}}],\"inLanguage\":\"fr-FR\"},{\"@type\":\"Person\",\"@id\":\"https:\\\/\\\/www.oracaoefe.com\\\/#\\\/schema\\\/person\\\/17283c669442cf005c4d5bb58adfb7f5\",\"name\":\"Michele Azevedo\",\"image\":{\"@type\":\"ImageObject\",\"inLanguage\":\"fr-FR\",\"@id\":\"https:\\\/\\\/secure.gravatar.com\\\/avatar\\\/6b0eb9d22841282815e2cd856a0061c45e1761cd54b22e952d98c4746939aa85?s=96&d=mm&r=g\",\"url\":\"https:\\\/\\\/secure.gravatar.com\\\/avatar\\\/6b0eb9d22841282815e2cd856a0061c45e1761cd54b22e952d98c4746939aa85?s=96&d=mm&r=g\",\"contentUrl\":\"https:\\\/\\\/secure.gravatar.com\\\/avatar\\\/6b0eb9d22841282815e2cd856a0061c45e1761cd54b22e952d98c4746939aa85?s=96&d=mm&r=g\",\"caption\":\"Michele Azevedo\"},\"description\":\"Formada em Letras - Portugu\u00eas\\\/ Ingl\u00eas pela Universidade Estadual de Ponta Grossa (UEPG), p\u00f3s-graduada em Arte na Educa\u00e7\u00e3o (FAPI) e Psicopedagogia Escolar (FAPI), idealizadora e propriet\u00e1ria do site Escritora de Sucesso, possui experi\u00eancia em escrita para blogs em geral e atua como redatora e revisora dos conte\u00fados do Ora\u00e7\u00e3o e F\u00e9.\",\"url\":\"https:\\\/\\\/www.oracaoefe.com\\\/fr\\\/author\\\/michele-azevedo\\\/\"}]}<\/script>\n<!-- \/ Yoast SEO plugin. -->","yoast_head_json":{"title":"Aplicativos mais baixados: confira as tend\u00eancias atuais - Ora\u00e7\u00e3o e F\u00e9","description":"Dieu a une parole de vie pour vous !","robots":{"index":"index","follow":"follow","max-snippet":"max-snippet:-1","max-image-preview":"max-image-preview:large","max-video-preview":"max-video-preview:-1"},"canonical":"https:\/\/www.oracaoefe.com\/fr\/aplicativos-mais-baixados-confira-as-tendencias-atuais\/","og_locale":"fr_FR","og_type":"article","og_title":"Aplicativos mais baixados: confira as tend\u00eancias atuais - Ora\u00e7\u00e3o e F\u00e9","og_description":"Deus tem pra voc\u00ea uma palavra de vida!","og_url":"https:\/\/www.oracaoefe.com\/fr\/aplicativos-mais-baixados-confira-as-tendencias-atuais\/","og_site_name":"Ora\u00e7\u00e3o e F\u00e9","article_published_time":"2025-07-07T01:19:41+00:00","article_modified_time":"2025-12-16T16:10:46+00:00","og_image":[{"width":1024,"height":683,"url":"https:\/\/www.oracaoefe.com\/wp-content\/uploads\/2025\/07\/apps-mais-baixados-1024x683.png","type":"image\/png"}],"author":"Michele Azevedo","twitter_card":"summary_large_image","twitter_misc":{"\u00c9crit par":"Michele Azevedo","Dur\u00e9e de lecture estim\u00e9e":"4 minutes"},"schema":{"@context":"https:\/\/schema.org","@graph":[{"@type":"Article","@id":"https:\/\/www.oracaoefe.com\/aplicativos-mais-baixados-confira-as-tendencias-atuais\/#article","isPartOf":{"@id":"https:\/\/www.oracaoefe.com\/aplicativos-mais-baixados-confira-as-tendencias-atuais\/"},"author":{"name":"Michele Azevedo","@id":"https:\/\/www.oracaoefe.com\/#\/schema\/person\/17283c669442cf005c4d5bb58adfb7f5"},"headline":"Aplicativos mais baixados: confira as tend\u00eancias atuais","datePublished":"2025-07-07T01:19:41+00:00","dateModified":"2025-12-16T16:10:46+00:00","mainEntityOfPage":{"@id":"https:\/\/www.oracaoefe.com\/aplicativos-mais-baixados-confira-as-tendencias-atuais\/"},"wordCount":832,"image":{"@id":"https:\/\/www.oracaoefe.com\/aplicativos-mais-baixados-confira-as-tendencias-atuais\/#primaryimage"},"thumbnailUrl":"https:\/\/www.oracaoefe.com\/wp-content\/uploads\/2025\/07\/apps-mais-baixados.png","articleSection":["Fique por Dentro"],"inLanguage":"fr-FR"},{"@type":"WebPage","@id":"https:\/\/www.oracaoefe.com\/aplicativos-mais-baixados-confira-as-tendencias-atuais\/","url":"https:\/\/www.oracaoefe.com\/aplicativos-mais-baixados-confira-as-tendencias-atuais\/","name":"Aplicativos mais baixados: confira as tend\u00eancias atuais - Ora\u00e7\u00e3o e F\u00e9","isPartOf":{"@id":"https:\/\/www.oracaoefe.com\/#website"},"primaryImageOfPage":{"@id":"https:\/\/www.oracaoefe.com\/aplicativos-mais-baixados-confira-as-tendencias-atuais\/#primaryimage"},"image":{"@id":"https:\/\/www.oracaoefe.com\/aplicativos-mais-baixados-confira-as-tendencias-atuais\/#primaryimage"},"thumbnailUrl":"https:\/\/www.oracaoefe.com\/wp-content\/uploads\/2025\/07\/apps-mais-baixados.png","datePublished":"2025-07-07T01:19:41+00:00","dateModified":"2025-12-16T16:10:46+00:00","author":{"@id":"https:\/\/www.oracaoefe.com\/#\/schema\/person\/17283c669442cf005c4d5bb58adfb7f5"},"description":"Dieu a une parole de vie pour vous !","breadcrumb":{"@id":"https:\/\/www.oracaoefe.com\/aplicativos-mais-baixados-confira-as-tendencias-atuais\/#breadcrumb"},"inLanguage":"fr-FR","potentialAction":[{"@type":"ReadAction","target":["https:\/\/www.oracaoefe.com\/aplicativos-mais-baixados-confira-as-tendencias-atuais\/"]}]},{"@type":"ImageObject","inLanguage":"fr-FR","@id":"https:\/\/www.oracaoefe.com\/aplicativos-mais-baixados-confira-as-tendencias-atuais\/#primaryimage","url":"https:\/\/www.oracaoefe.com\/wp-content\/uploads\/2025\/07\/apps-mais-baixados.png","contentUrl":"https:\/\/www.oracaoefe.com\/wp-content\/uploads\/2025\/07\/apps-mais-baixados.png","width":1536,"height":1024,"caption":"apps mais baixados"},{"@type":"BreadcrumbList","@id":"https:\/\/www.oracaoefe.com\/aplicativos-mais-baixados-confira-as-tendencias-atuais\/#breadcrumb","itemListElement":[{"@type":"ListItem","position":1,"name":"Home","item":"https:\/\/www.oracaoefe.com\/"},{"@type":"ListItem","position":2,"name":"Fique por Dentro","item":"https:\/\/www.oracaoefe.com\/category\/fique-por-dentro\/"},{"@type":"ListItem","position":3,"name":"Aplicativos mais baixados: confira as tend\u00eancias atuais"}]},{"@type":"WebSite","@id":"https:\/\/www.oracaoefe.com\/#website","url":"https:\/\/www.oracaoefe.com\/","name":"Pri\u00e8re et foi","description":"","potentialAction":[{"@type":"SearchAction","target":{"@type":"EntryPoint","urlTemplate":"https:\/\/www.oracaoefe.com\/?s={search_term_string}"},"query-input":{"@type":"PropertyValueSpecification","valueRequired":true,"valueName":"search_term_string"}}],"inLanguage":"fr-FR"},{"@type":"Person","@id":"https:\/\/www.oracaoefe.com\/#\/schema\/person\/17283c669442cf005c4d5bb58adfb7f5","name":"Michele Azevedo","image":{"@type":"ImageObject","inLanguage":"fr-FR","@id":"https:\/\/secure.gravatar.com\/avatar\/6b0eb9d22841282815e2cd856a0061c45e1761cd54b22e952d98c4746939aa85?s=96&d=mm&r=g","url":"https:\/\/secure.gravatar.com\/avatar\/6b0eb9d22841282815e2cd856a0061c45e1761cd54b22e952d98c4746939aa85?s=96&d=mm&r=g","contentUrl":"https:\/\/secure.gravatar.com\/avatar\/6b0eb9d22841282815e2cd856a0061c45e1761cd54b22e952d98c4746939aa85?s=96&d=mm&r=g","caption":"Michele Azevedo"},"description":"Dipl\u00f4m\u00e9e en litt\u00e9rature portugaise\/anglaise de l&#039;Universit\u00e9 d&#039;\u00c9tat de Ponta Grossa (UEPG), avec des dipl\u00f4mes de troisi\u00e8me cycle en art dans l&#039;\u00e9ducation (FAPI) et en psychop\u00e9dagogie scolaire (FAPI), elle est la cr\u00e9atrice et propri\u00e9taire du site web Escritora de Sucesso, a de l&#039;exp\u00e9rience dans l&#039;\u00e9criture pour les blogs en g\u00e9n\u00e9ral et travaille comme r\u00e9dactrice et \u00e9ditrice du contenu pour Ora\u00e7\u00e3o e F\u00e9.","url":"https:\/\/www.oracaoefe.com\/fr\/author\/michele-azevedo\/"}]}},"_links":{"self":[{"href":"https:\/\/www.oracaoefe.com\/fr\/wp-json\/wp\/v2\/posts\/3736","targetHints":{"allow":["GET"]}}],"collection":[{"href":"https:\/\/www.oracaoefe.com\/fr\/wp-json\/wp\/v2\/posts"}],"about":[{"href":"https:\/\/www.oracaoefe.com\/fr\/wp-json\/wp\/v2\/types\/post"}],"author":[{"embeddable":true,"href":"https:\/\/www.oracaoefe.com\/fr\/wp-json\/wp\/v2\/users\/3"}],"replies":[{"embeddable":true,"href":"https:\/\/www.oracaoefe.com\/fr\/wp-json\/wp\/v2\/comments?post=3736"}],"version-history":[{"count":1,"href":"https:\/\/www.oracaoefe.com\/fr\/wp-json\/wp\/v2\/posts\/3736\/revisions"}],"predecessor-version":[{"id":3738,"href":"https:\/\/www.oracaoefe.com\/fr\/wp-json\/wp\/v2\/posts\/3736\/revisions\/3738"}],"wp:featuredmedia":[{"embeddable":true,"href":"https:\/\/www.oracaoefe.com\/fr\/wp-json\/wp\/v2\/media\/3737"}],"wp:attachment":[{"href":"https:\/\/www.oracaoefe.com\/fr\/wp-json\/wp\/v2\/media?parent=3736"}],"wp:term":[{"taxonomy":"category","embeddable":true,"href":"https:\/\/www.oracaoefe.com\/fr\/wp-json\/wp\/v2\/categories?post=3736"},{"taxonomy":"post_tag","embeddable":true,"href":"https:\/\/www.oracaoefe.com\/fr\/wp-json\/wp\/v2\/tags?post=3736"}],"curies":[{"name":"wp","href":"https:\/\/api.w.org\/{rel}","templated":true}]}}