{"id":3622,"date":"2025-05-21T16:41:44","date_gmt":"2025-05-21T19:41:44","guid":{"rendered":"https:\/\/www.oracaoefe.com\/?p=3622"},"modified":"2025-12-16T13:10:48","modified_gmt":"2025-12-16T16:10:48","slug":"consegue-sentir-deus-perto-de-voce-quando-le-a-biblia-ou-escuta-uma-musica-gospel","status":"publish","type":"post","link":"https:\/\/www.oracaoefe.com\/fr\/consegue-sentir-deus-perto-de-voce-quando-le-a-biblia-ou-escuta-uma-musica-gospel\/","title":{"rendered":"Consegue sentir Deus perto de voc\u00ea quando l\u00ea a B\u00edblia ou escuta uma m\u00fasica gospel?"},"content":{"rendered":"<p class=\"has-text-align-center wp-block-paragraph\"><strong>Um gospel, um vers\u00edculo da B\u00edblia: voc\u00ea pode sentir Ele.<\/strong><\/p>\n\n\n\n<div class=\"wp-block-buttons is-vertical is-content-justification-center is-layout-flex wp-container-core-buttons-is-layout-569b4b61 wp-block-buttons-is-layout-flex\">\n<div class=\"wp-block-button has-custom-width wp-block-button__width-100\"><a class=\"wp-block-button__link has-white-color has-luminous-vivid-orange-background-color has-text-color has-background has-link-color wp-element-button\" href=\"https:\/\/www.oracaoefe.com\/fr\/conheca-os-melhores-aplicativos-para-escutar-musica-gospel\/\" style=\"border-radius:12px\">\ud83d\udd0a Sinta A Voz D'Ele Atrav\u00e9s Do Gospel<\/a><\/div>\n\n\n\n<div class=\"wp-block-button has-custom-width wp-block-button__width-100\"><a class=\"wp-block-button__link has-white-color has-luminous-vivid-amber-background-color has-text-color has-background has-link-color wp-element-button\" href=\"https:\/\/www.oracaoefe.com\/fr\/les-meilleures-applications-pour-lire-la-bible-gratuitement\/\" style=\"border-radius:12px\">\ud83d\udcd6 Um Vers\u00edculo Que Pode Te Fazer Sentir Ele Perto<\/a><\/div>\n\n\n\n<div class=\"wp-block-button has-custom-width wp-block-button__width-100\"><a class=\"wp-block-button__link has-white-color has-vivid-cyan-blue-background-color has-text-color has-background has-link-color wp-element-button\" href=\"https:\/\/www.oracaoefe.com\/fr\/wise-cartao-internacional-disponivel-para-a-maioria-dos-paises\/\" style=\"border-radius:12px\">\ud83d\udd4a\ufe0f Algo Maior Est\u00e1 A Caminho: Est\u00e1 Preparado?<\/a><\/div>\n<\/div>\n\n\n\n<h2 class=\"wp-block-heading has-text-align-center\">Voc\u00ea consegue sentir a presen\u00e7a D'Ele?<\/h2>\n\n\n\n<p class=\"wp-block-paragraph\">Nem sempre a presen\u00e7a de Deus vem com algo grandioso. Na verdade, na maior parte do tempo, Ele est\u00e1 nos detalhes que a gente quase nem repara. Aquela <strong>m\u00fasica gospel<\/strong> tocando no carro da rua. Aquele <strong>vers\u00edculo da B\u00edblia <\/strong>que surgiu nas suas redes sociais. Aquela brisa que te acalma do nada, o caf\u00e9 quentinho no meio de um dia dif\u00edcil, o sil\u00eancio que vem quando tudo est\u00e1 barulhento dentro de voc\u00ea \u2014 ali pode estar Ele.<\/p>\n\n\n\n<p class=\"wp-block-paragraph\">J\u00e1 reparou como alguns momentos da rotina parecem diferentes? Como se tivessem um peso leve, um conforto invis\u00edvel? Pode ser no caminho pro trabalho, quando o tr\u00e2nsito te obriga a desacelerar e voc\u00ea percebe que estava vivendo no autom\u00e1tico. Ou naquele momento em que o sol entra pela janela e voc\u00ea sente um calor que n\u00e3o \u00e9 s\u00f3 f\u00edsico. \u00c9 um calor que acalma a alma.<\/p>\n\n\n\n<p class=\"wp-block-paragraph\">Deus n\u00e3o precisa anunciar que chegou. Ele se mostra nas sutilezas. No cachorro abanando o rabo quando voc\u00ea est\u00e1 triste. Na mensagem de algu\u00e9m que voc\u00ea nem esperava. No colo de m\u00e3e. No sorriso do filho. Ou at\u00e9 no seu pr\u00f3prio riso depois de um choro que parecia sem fim.<\/p>\n\n\n\n<p class=\"wp-block-paragraph\">Esses pequenos toques na rotina n\u00e3o s\u00e3o coincid\u00eancia. S\u00e3o lembretes silenciosos de que voc\u00ea n\u00e3o est\u00e1 sozinho. E talvez voc\u00ea nem perceba na hora, mas quando a paz aparece sem explica\u00e7\u00e3o&#8230; \u00e9 Deus dizendo: \u201cEi, eu t\u00f4 aqui.\u201d<\/p>\n\n\n\n<h2 class=\"wp-block-heading has-text-align-center\">Voc\u00ea consegue ouvir Ele?<\/h2>\n\n\n\n<p class=\"wp-block-paragraph\">Tem gente que acha que ouvir Deus \u00e9 como ouvir uma voz alta, clara, chamando pelo nome. Mas, na maioria das vezes, Ele fala de outras formas. E fala com todo mundo \u2014 at\u00e9 com quem acha que n\u00e3o sabe ouvir.<\/p>\n\n\n\n<p class=\"wp-block-paragraph\">Sabe quando voc\u00ea est\u00e1 no limite e pensa: <em>\u201cEu n\u00e3o dou conta mais.\u201d<\/em> E logo depois algo dentro de voc\u00ea diz: <em>\u201cS\u00f3 mais um dia. S\u00f3 mais um passo.\u201d<\/em>? N\u00e3o \u00e9 s\u00f3 voc\u00ea tentando se convencer. Pode ser Deus sussurrando pra n\u00e3o soltar a corda.<\/p>\n\n\n\n<p class=\"wp-block-paragraph\">Ele fala na letra da m\u00fasica que come\u00e7a a tocar no momento certo. Fala no texto aleat\u00f3rio que aparece no seu feed. Na conversa entre dois desconhecidos que voc\u00ea ouve por acaso. Fala no sil\u00eancio, sim \u2014 mas tamb\u00e9m na bagun\u00e7a.<\/p>\n\n\n\n<p class=\"wp-block-paragraph\">\u00c0s vezes, Ele responde com uma intui\u00e7\u00e3o forte. Voc\u00ea n\u00e3o sabe explicar, mas sente. Uma vontade de mudar de caminho. Um \u201cn\u00e3o vai\u201d, mesmo quando tudo parecia certo. Ou aquele \u201cvai\u201d, mesmo que o medo esteja gritando.<\/p>\n\n\n\n<p class=\"wp-block-paragraph\">E n\u00e3o \u00e9 s\u00f3 com quem vive com a B\u00edblia debaixo do bra\u00e7o, n\u00e3o. Deus fala com quem nem sabe orar direito. Com quem est\u00e1 afastado. Com quem est\u00e1 na d\u00favida. Ele fala com quem est\u00e1 tentando. Ele fala com quem est\u00e1 cansado. Porque Ele entende a linguagem da alma, e escuta at\u00e9 os pensamentos que a gente n\u00e3o tem coragem de dizer em voz alta.<\/p>\n\n\n\n<h2 class=\"wp-block-heading has-text-align-center\">J\u00e1 falou com Ele hoje?<\/h2>\n\n\n\n<p class=\"wp-block-paragraph\">N\u00e3o precisa de ritual. Nem de palavras bonitas. Deus n\u00e3o exige uma f\u00f3rmula. Ele s\u00f3 quer verdade.<\/p>\n\n\n\n<p class=\"wp-block-paragraph\">Falar com Ele pode ser no meio da lou\u00e7a, lavando a alma sem nem perceber. Pode ser na hora do banho, com l\u00e1grimas misturadas com a \u00e1gua. Pode ser enquanto dobra roupa, enquanto dirige, enquanto segura o choro em p\u00fablico. Falar com Deus n\u00e3o tem hora certa \u2014 tem sentimento.<\/p>\n\n\n\n<p class=\"wp-block-paragraph\">E tem quem fale com Deus do jeito mais puro: pensando alto. <em>\u201cDeus, me ajuda?\u201d<\/em> <em>\u201cSer\u00e1 que vai dar certo?\u201d<\/em> <em>\u201cMe mostra o caminho\u2026\u201d<\/em> At\u00e9 um suspiro pode ser ora\u00e7\u00e3o, se for o que restou quando tudo desabou por dentro.<\/p>\n\n\n\n<p class=\"wp-block-paragraph\">Voc\u00ea j\u00e1 agradeceu hoje? N\u00e3o precisa ser por algo enorme. Pode ser pela for\u00e7a pra levantar, pela coragem de continuar, pela comida simples no prato, ou pela paz que veio mesmo quando a cabe\u00e7a dizia que n\u00e3o dava mais.<\/p>\n\n\n\n<p class=\"wp-block-paragraph\">Falar com Deus \u00e9 abrir espa\u00e7o pra esperan\u00e7a. \u00c9 lembrar que mesmo sem resposta imediata, a escuta d\u2019Ele nunca falha. E que mesmo quando voc\u00ea acha que est\u00e1 falando sozinho, tem um cora\u00e7\u00e3o ouvindo. Um cora\u00e7\u00e3o que entende at\u00e9 o sil\u00eancio mais apertado.<\/p>\n\n\n\n<h2 class=\"wp-block-heading has-text-align-center\">Algo maior est\u00e1 a caminho: est\u00e1 preparado?<\/h2>\n\n\n\n<p class=\"wp-block-paragraph\">Sabe quando tudo parece travado, quando nada anda e voc\u00ea sente que t\u00e1 no lugar errado, mas n\u00e3o sabe pra onde ir? \u00c0s vezes \u00e9 nesse desconforto que nasce a mudan\u00e7a.<\/p>\n\n\n\n<p class=\"wp-block-paragraph\">E talvez o simples fato de voc\u00ea estar lendo esse texto agora n\u00e3o seja por acaso. Talvez esse conte\u00fado tenha chegado at\u00e9 voc\u00ea porque Deus sabia que, hoje, voc\u00ea precisava de um sinal. Um empurr\u00e3o. Um lembrete de que <strong>h\u00e1 algo maior se formando \u2014 mesmo quando voc\u00ea n\u00e3o v\u00ea.<\/strong><\/p>\n\n\n\n<p class=\"wp-block-paragraph\">Nada acontece do nada. Cada pessoa que cruza seu caminho, cada pausa que o universo te obriga a fazer, cada n\u00e3o que voc\u00ea recebeu, cada dor que parecia injusta&#8230; tudo isso pode estar te preparando pra algo que vai fazer sentido l\u00e1 na frente.<\/p>\n\n\n\n<p class=\"wp-block-paragraph\">Talvez o que hoje parece perda, amanh\u00e3 vire liberta\u00e7\u00e3o. Talvez o que hoje d\u00f3i, amanh\u00e3 vire cura. E talvez, s\u00f3 talvez, o que voc\u00ea est\u00e1 sentindo agora n\u00e3o seja s\u00f3 tristeza, mas o aviso de que o ciclo antigo est\u00e1 acabando \u2014 e um novo est\u00e1 prestes a come\u00e7ar.<\/p>\n\n\n\n<p class=\"wp-block-paragraph\">Voc\u00ea t\u00e1 preparado pra essa virada? Porque ela n\u00e3o chega com fogos. Ela come\u00e7a a\u00ed dentro. Na inquieta\u00e7\u00e3o. Na vontade de mudar. No cansa\u00e7o de viver em piloto autom\u00e1tico.<\/p>\n\n\n\n<p class=\"wp-block-paragraph\">E Deus? Deus sabe do que voc\u00ea precisa antes mesmo de voc\u00ea pedir. Ele sabe o que seu cora\u00e7\u00e3o ainda nem consegue colocar em palavras. <\/p>\n\n\n\n<p class=\"wp-block-paragraph\">E se voc\u00ea chegou at\u00e9 aqui, talvez seja porque Ele quer te lembrar: <strong>voc\u00ea n\u00e3o foi esquecido. Voc\u00ea est\u00e1 sendo preparado.<\/strong><\/p>\n\n\n\n<p class=\"wp-block-paragraph\">Ou talvez, voc\u00ea precise saber disso:<\/p>\n\n\n\n<p class=\"wp-block-paragraph\"><strong>\ud83d\udc49 Est\u00e1 dispon\u00edvel um cart\u00e3o internacional que aprova qualquer pessoa. Conhe\u00e7a essa novidade.<\/strong><\/p>\n\n\n\n<div class=\"wp-block-buttons is-vertical is-content-justification-center is-layout-flex wp-container-core-buttons-is-layout-569b4b61 wp-block-buttons-is-layout-flex\">\n<div class=\"wp-block-button\"><a class=\"wp-block-button__link has-white-color has-vivid-green-cyan-background-color has-text-color has-background has-link-color wp-element-button\" href=\"https:\/\/www.oracaoefe.com\/fr\/wise-cartao-internacional-disponivel-para-a-maioria-dos-paises\/\" style=\"border-radius:12px\">Cart\u00e3o Internacional WISE Dispon\u00edvel<\/a><\/div>\n<\/div>\n\n\n\n<p class=\"wp-block-paragraph\"><strong>Voir aussi\u00a0: <a href=\"https:\/\/www.oracaoefe.com\/fr\/oracao-para-superar-desafios-financeiros-durante-a-crise\/\">Ora\u00e7\u00e3o para superar desafios financeiros durante a crise<\/a><\/strong><\/p>\n\n\n\n<p class=\"wp-block-paragraph\">21 de maio de 2025<\/p>","protected":false},"excerpt":{"rendered":"<p>Um gospel, um vers\u00edculo da B\u00edblia: voc\u00ea pode sentir Ele. Voc\u00ea consegue sentir a presen\u00e7a D&#8217;Ele? Nem sempre a presen\u00e7a de Deus vem com algo grandioso. Na verdade, na maior parte do tempo, Ele est\u00e1 nos detalhes que a gente quase nem repara. Aquela m\u00fasica gospel tocando no carro da rua. Aquele vers\u00edculo da B\u00edblia&hellip;&nbsp;<\/p>","protected":false},"author":3,"featured_media":3623,"comment_status":"closed","ping_status":"closed","sticky":false,"template":"","format":"standard","meta":{"neve_meta_sidebar":"","neve_meta_container":"","neve_meta_enable_content_width":"","neve_meta_content_width":0,"neve_meta_title_alignment":"","neve_meta_author_avatar":"","neve_post_elements_order":"","neve_meta_disable_header":"","neve_meta_disable_footer":"","neve_meta_disable_title":"","footnotes":""},"categories":[4],"tags":[],"class_list":["post-3622","post","type-post","status-publish","format-standard","has-post-thumbnail","hentry","category-fique-por-dentro"],"yoast_head":"<!-- This site is optimized with the Yoast SEO plugin v28.4 - https:\/\/yoast.com\/product\/yoast-seo-wordpress\/ -->\n<title>Consegue sentir Deus perto de voc\u00ea quando l\u00ea a B\u00edblia ou escuta uma m\u00fasica gospel? - Ora\u00e7\u00e3o e F\u00e9<\/title>\n<meta name=\"description\" content=\"Deus tem pra voc\u00ea uma palavra de vida!\" \/>\n<meta name=\"robots\" content=\"index, follow, max-snippet:-1, max-image-preview:large, max-video-preview:-1\" \/>\n<link rel=\"canonical\" href=\"https:\/\/www.oracaoefe.com\/fr\/consegue-sentir-deus-perto-de-voce-quando-le-a-biblia-ou-escuta-uma-musica-gospel\/\" \/>\n<meta property=\"og:locale\" content=\"fr_FR\" \/>\n<meta property=\"og:type\" content=\"article\" \/>\n<meta property=\"og:title\" content=\"Consegue sentir Deus perto de voc\u00ea quando l\u00ea a B\u00edblia ou escuta uma m\u00fasica gospel? - Ora\u00e7\u00e3o e F\u00e9\" \/>\n<meta property=\"og:description\" content=\"Deus tem pra voc\u00ea uma palavra de vida!\" \/>\n<meta property=\"og:url\" content=\"https:\/\/www.oracaoefe.com\/fr\/consegue-sentir-deus-perto-de-voce-quando-le-a-biblia-ou-escuta-uma-musica-gospel\/\" \/>\n<meta property=\"og:site_name\" content=\"Ora\u00e7\u00e3o e F\u00e9\" \/>\n<meta property=\"article:published_time\" content=\"2025-05-21T19:41:44+00:00\" \/>\n<meta property=\"article:modified_time\" content=\"2025-12-16T16:10:48+00:00\" \/>\n<meta property=\"og:image\" content=\"https:\/\/www.oracaoefe.com\/wp-content\/uploads\/2025\/05\/deus_esta_aqui_presenca_espiritual.webp\" \/>\n\t<meta property=\"og:image:width\" content=\"1536\" \/>\n\t<meta property=\"og:image:height\" content=\"1024\" \/>\n\t<meta property=\"og:image:type\" content=\"image\/webp\" \/>\n<meta name=\"author\" content=\"Michele Azevedo\" \/>\n<meta name=\"twitter:card\" content=\"summary_large_image\" \/>\n<meta name=\"twitter:label1\" content=\"\u00c9crit par\" \/>\n\t<meta name=\"twitter:data1\" content=\"Michele Azevedo\" \/>\n\t<meta name=\"twitter:label2\" content=\"Dur\u00e9e de lecture estim\u00e9e\" \/>\n\t<meta name=\"twitter:data2\" content=\"5 minutes\" \/>\n<script type=\"application\/ld+json\" class=\"yoast-schema-graph\">{\"@context\":\"https:\\\/\\\/schema.org\",\"@graph\":[{\"@type\":\"Article\",\"@id\":\"https:\\\/\\\/www.oracaoefe.com\\\/consegue-sentir-deus-perto-de-voce-quando-le-a-biblia-ou-escuta-uma-musica-gospel\\\/#article\",\"isPartOf\":{\"@id\":\"https:\\\/\\\/www.oracaoefe.com\\\/consegue-sentir-deus-perto-de-voce-quando-le-a-biblia-ou-escuta-uma-musica-gospel\\\/\"},\"author\":{\"name\":\"Michele Azevedo\",\"@id\":\"https:\\\/\\\/www.oracaoefe.com\\\/#\\\/schema\\\/person\\\/17283c669442cf005c4d5bb58adfb7f5\"},\"headline\":\"Consegue sentir Deus perto de voc\u00ea quando l\u00ea a B\u00edblia ou escuta uma m\u00fasica gospel?\",\"datePublished\":\"2025-05-21T19:41:44+00:00\",\"dateModified\":\"2025-12-16T16:10:48+00:00\",\"mainEntityOfPage\":{\"@id\":\"https:\\\/\\\/www.oracaoefe.com\\\/consegue-sentir-deus-perto-de-voce-quando-le-a-biblia-ou-escuta-uma-musica-gospel\\\/\"},\"wordCount\":1081,\"image\":{\"@id\":\"https:\\\/\\\/www.oracaoefe.com\\\/consegue-sentir-deus-perto-de-voce-quando-le-a-biblia-ou-escuta-uma-musica-gospel\\\/#primaryimage\"},\"thumbnailUrl\":\"https:\\\/\\\/www.oracaoefe.com\\\/wp-content\\\/uploads\\\/2025\\\/05\\\/deus_esta_aqui_presenca_espiritual.webp\",\"articleSection\":[\"Fique por Dentro\"],\"inLanguage\":\"fr-FR\"},{\"@type\":\"WebPage\",\"@id\":\"https:\\\/\\\/www.oracaoefe.com\\\/consegue-sentir-deus-perto-de-voce-quando-le-a-biblia-ou-escuta-uma-musica-gospel\\\/\",\"url\":\"https:\\\/\\\/www.oracaoefe.com\\\/consegue-sentir-deus-perto-de-voce-quando-le-a-biblia-ou-escuta-uma-musica-gospel\\\/\",\"name\":\"Consegue sentir Deus perto de voc\u00ea quando l\u00ea a B\u00edblia ou escuta uma m\u00fasica gospel? - Ora\u00e7\u00e3o e F\u00e9\",\"isPartOf\":{\"@id\":\"https:\\\/\\\/www.oracaoefe.com\\\/#website\"},\"primaryImageOfPage\":{\"@id\":\"https:\\\/\\\/www.oracaoefe.com\\\/consegue-sentir-deus-perto-de-voce-quando-le-a-biblia-ou-escuta-uma-musica-gospel\\\/#primaryimage\"},\"image\":{\"@id\":\"https:\\\/\\\/www.oracaoefe.com\\\/consegue-sentir-deus-perto-de-voce-quando-le-a-biblia-ou-escuta-uma-musica-gospel\\\/#primaryimage\"},\"thumbnailUrl\":\"https:\\\/\\\/www.oracaoefe.com\\\/wp-content\\\/uploads\\\/2025\\\/05\\\/deus_esta_aqui_presenca_espiritual.webp\",\"datePublished\":\"2025-05-21T19:41:44+00:00\",\"dateModified\":\"2025-12-16T16:10:48+00:00\",\"author\":{\"@id\":\"https:\\\/\\\/www.oracaoefe.com\\\/#\\\/schema\\\/person\\\/17283c669442cf005c4d5bb58adfb7f5\"},\"description\":\"Deus tem pra voc\u00ea uma palavra de vida!\",\"breadcrumb\":{\"@id\":\"https:\\\/\\\/www.oracaoefe.com\\\/consegue-sentir-deus-perto-de-voce-quando-le-a-biblia-ou-escuta-uma-musica-gospel\\\/#breadcrumb\"},\"inLanguage\":\"fr-FR\",\"potentialAction\":[{\"@type\":\"ReadAction\",\"target\":[\"https:\\\/\\\/www.oracaoefe.com\\\/consegue-sentir-deus-perto-de-voce-quando-le-a-biblia-ou-escuta-uma-musica-gospel\\\/\"]}]},{\"@type\":\"ImageObject\",\"inLanguage\":\"fr-FR\",\"@id\":\"https:\\\/\\\/www.oracaoefe.com\\\/consegue-sentir-deus-perto-de-voce-quando-le-a-biblia-ou-escuta-uma-musica-gospel\\\/#primaryimage\",\"url\":\"https:\\\/\\\/www.oracaoefe.com\\\/wp-content\\\/uploads\\\/2025\\\/05\\\/deus_esta_aqui_presenca_espiritual.webp\",\"contentUrl\":\"https:\\\/\\\/www.oracaoefe.com\\\/wp-content\\\/uploads\\\/2025\\\/05\\\/deus_esta_aqui_presenca_espiritual.webp\",\"width\":1536,\"height\":1024},{\"@type\":\"BreadcrumbList\",\"@id\":\"https:\\\/\\\/www.oracaoefe.com\\\/consegue-sentir-deus-perto-de-voce-quando-le-a-biblia-ou-escuta-uma-musica-gospel\\\/#breadcrumb\",\"itemListElement\":[{\"@type\":\"ListItem\",\"position\":1,\"name\":\"Home\",\"item\":\"https:\\\/\\\/www.oracaoefe.com\\\/\"},{\"@type\":\"ListItem\",\"position\":2,\"name\":\"Fique por Dentro\",\"item\":\"https:\\\/\\\/www.oracaoefe.com\\\/category\\\/fique-por-dentro\\\/\"},{\"@type\":\"ListItem\",\"position\":3,\"name\":\"Consegue sentir Deus perto de voc\u00ea quando l\u00ea a B\u00edblia ou escuta uma m\u00fasica gospel?\"}]},{\"@type\":\"WebSite\",\"@id\":\"https:\\\/\\\/www.oracaoefe.com\\\/#website\",\"url\":\"https:\\\/\\\/www.oracaoefe.com\\\/\",\"name\":\"Ora\u00e7\u00e3o e F\u00e9\",\"description\":\"\",\"potentialAction\":[{\"@type\":\"SearchAction\",\"target\":{\"@type\":\"EntryPoint\",\"urlTemplate\":\"https:\\\/\\\/www.oracaoefe.com\\\/?s={search_term_string}\"},\"query-input\":{\"@type\":\"PropertyValueSpecification\",\"valueRequired\":true,\"valueName\":\"search_term_string\"}}],\"inLanguage\":\"fr-FR\"},{\"@type\":\"Person\",\"@id\":\"https:\\\/\\\/www.oracaoefe.com\\\/#\\\/schema\\\/person\\\/17283c669442cf005c4d5bb58adfb7f5\",\"name\":\"Michele Azevedo\",\"image\":{\"@type\":\"ImageObject\",\"inLanguage\":\"fr-FR\",\"@id\":\"https:\\\/\\\/secure.gravatar.com\\\/avatar\\\/6b0eb9d22841282815e2cd856a0061c45e1761cd54b22e952d98c4746939aa85?s=96&d=mm&r=g\",\"url\":\"https:\\\/\\\/secure.gravatar.com\\\/avatar\\\/6b0eb9d22841282815e2cd856a0061c45e1761cd54b22e952d98c4746939aa85?s=96&d=mm&r=g\",\"contentUrl\":\"https:\\\/\\\/secure.gravatar.com\\\/avatar\\\/6b0eb9d22841282815e2cd856a0061c45e1761cd54b22e952d98c4746939aa85?s=96&d=mm&r=g\",\"caption\":\"Michele Azevedo\"},\"description\":\"Formada em Letras - Portugu\u00eas\\\/ Ingl\u00eas pela Universidade Estadual de Ponta Grossa (UEPG), p\u00f3s-graduada em Arte na Educa\u00e7\u00e3o (FAPI) e Psicopedagogia Escolar (FAPI), idealizadora e propriet\u00e1ria do site Escritora de Sucesso, possui experi\u00eancia em escrita para blogs em geral e atua como redatora e revisora dos conte\u00fados do Ora\u00e7\u00e3o e F\u00e9.\",\"url\":\"https:\\\/\\\/www.oracaoefe.com\\\/fr\\\/author\\\/michele-azevedo\\\/\"}]}<\/script>\n<!-- \/ Yoast SEO plugin. -->","yoast_head_json":{"title":"Consegue sentir Deus perto de voc\u00ea quando l\u00ea a B\u00edblia ou escuta uma m\u00fasica gospel? - Ora\u00e7\u00e3o e F\u00e9","description":"Dieu a une parole de vie pour vous !","robots":{"index":"index","follow":"follow","max-snippet":"max-snippet:-1","max-image-preview":"max-image-preview:large","max-video-preview":"max-video-preview:-1"},"canonical":"https:\/\/www.oracaoefe.com\/fr\/consegue-sentir-deus-perto-de-voce-quando-le-a-biblia-ou-escuta-uma-musica-gospel\/","og_locale":"fr_FR","og_type":"article","og_title":"Consegue sentir Deus perto de voc\u00ea quando l\u00ea a B\u00edblia ou escuta uma m\u00fasica gospel? - Ora\u00e7\u00e3o e F\u00e9","og_description":"Deus tem pra voc\u00ea uma palavra de vida!","og_url":"https:\/\/www.oracaoefe.com\/fr\/consegue-sentir-deus-perto-de-voce-quando-le-a-biblia-ou-escuta-uma-musica-gospel\/","og_site_name":"Ora\u00e7\u00e3o e F\u00e9","article_published_time":"2025-05-21T19:41:44+00:00","article_modified_time":"2025-12-16T16:10:48+00:00","og_image":[{"width":1536,"height":1024,"url":"https:\/\/www.oracaoefe.com\/wp-content\/uploads\/2025\/05\/deus_esta_aqui_presenca_espiritual.webp","type":"image\/webp"}],"author":"Michele Azevedo","twitter_card":"summary_large_image","twitter_misc":{"\u00c9crit par":"Michele Azevedo","Dur\u00e9e de lecture estim\u00e9e":"5 minutes"},"schema":{"@context":"https:\/\/schema.org","@graph":[{"@type":"Article","@id":"https:\/\/www.oracaoefe.com\/consegue-sentir-deus-perto-de-voce-quando-le-a-biblia-ou-escuta-uma-musica-gospel\/#article","isPartOf":{"@id":"https:\/\/www.oracaoefe.com\/consegue-sentir-deus-perto-de-voce-quando-le-a-biblia-ou-escuta-uma-musica-gospel\/"},"author":{"name":"Michele Azevedo","@id":"https:\/\/www.oracaoefe.com\/#\/schema\/person\/17283c669442cf005c4d5bb58adfb7f5"},"headline":"Consegue sentir Deus perto de voc\u00ea quando l\u00ea a B\u00edblia ou escuta uma m\u00fasica gospel?","datePublished":"2025-05-21T19:41:44+00:00","dateModified":"2025-12-16T16:10:48+00:00","mainEntityOfPage":{"@id":"https:\/\/www.oracaoefe.com\/consegue-sentir-deus-perto-de-voce-quando-le-a-biblia-ou-escuta-uma-musica-gospel\/"},"wordCount":1081,"image":{"@id":"https:\/\/www.oracaoefe.com\/consegue-sentir-deus-perto-de-voce-quando-le-a-biblia-ou-escuta-uma-musica-gospel\/#primaryimage"},"thumbnailUrl":"https:\/\/www.oracaoefe.com\/wp-content\/uploads\/2025\/05\/deus_esta_aqui_presenca_espiritual.webp","articleSection":["Fique por Dentro"],"inLanguage":"fr-FR"},{"@type":"WebPage","@id":"https:\/\/www.oracaoefe.com\/consegue-sentir-deus-perto-de-voce-quando-le-a-biblia-ou-escuta-uma-musica-gospel\/","url":"https:\/\/www.oracaoefe.com\/consegue-sentir-deus-perto-de-voce-quando-le-a-biblia-ou-escuta-uma-musica-gospel\/","name":"Consegue sentir Deus perto de voc\u00ea quando l\u00ea a B\u00edblia ou escuta uma m\u00fasica gospel? - Ora\u00e7\u00e3o e F\u00e9","isPartOf":{"@id":"https:\/\/www.oracaoefe.com\/#website"},"primaryImageOfPage":{"@id":"https:\/\/www.oracaoefe.com\/consegue-sentir-deus-perto-de-voce-quando-le-a-biblia-ou-escuta-uma-musica-gospel\/#primaryimage"},"image":{"@id":"https:\/\/www.oracaoefe.com\/consegue-sentir-deus-perto-de-voce-quando-le-a-biblia-ou-escuta-uma-musica-gospel\/#primaryimage"},"thumbnailUrl":"https:\/\/www.oracaoefe.com\/wp-content\/uploads\/2025\/05\/deus_esta_aqui_presenca_espiritual.webp","datePublished":"2025-05-21T19:41:44+00:00","dateModified":"2025-12-16T16:10:48+00:00","author":{"@id":"https:\/\/www.oracaoefe.com\/#\/schema\/person\/17283c669442cf005c4d5bb58adfb7f5"},"description":"Dieu a une parole de vie pour vous !","breadcrumb":{"@id":"https:\/\/www.oracaoefe.com\/consegue-sentir-deus-perto-de-voce-quando-le-a-biblia-ou-escuta-uma-musica-gospel\/#breadcrumb"},"inLanguage":"fr-FR","potentialAction":[{"@type":"ReadAction","target":["https:\/\/www.oracaoefe.com\/consegue-sentir-deus-perto-de-voce-quando-le-a-biblia-ou-escuta-uma-musica-gospel\/"]}]},{"@type":"ImageObject","inLanguage":"fr-FR","@id":"https:\/\/www.oracaoefe.com\/consegue-sentir-deus-perto-de-voce-quando-le-a-biblia-ou-escuta-uma-musica-gospel\/#primaryimage","url":"https:\/\/www.oracaoefe.com\/wp-content\/uploads\/2025\/05\/deus_esta_aqui_presenca_espiritual.webp","contentUrl":"https:\/\/www.oracaoefe.com\/wp-content\/uploads\/2025\/05\/deus_esta_aqui_presenca_espiritual.webp","width":1536,"height":1024},{"@type":"BreadcrumbList","@id":"https:\/\/www.oracaoefe.com\/consegue-sentir-deus-perto-de-voce-quando-le-a-biblia-ou-escuta-uma-musica-gospel\/#breadcrumb","itemListElement":[{"@type":"ListItem","position":1,"name":"Home","item":"https:\/\/www.oracaoefe.com\/"},{"@type":"ListItem","position":2,"name":"Fique por Dentro","item":"https:\/\/www.oracaoefe.com\/category\/fique-por-dentro\/"},{"@type":"ListItem","position":3,"name":"Consegue sentir Deus perto de voc\u00ea quando l\u00ea a B\u00edblia ou escuta uma m\u00fasica gospel?"}]},{"@type":"WebSite","@id":"https:\/\/www.oracaoefe.com\/#website","url":"https:\/\/www.oracaoefe.com\/","name":"Pri\u00e8re et foi","description":"","potentialAction":[{"@type":"SearchAction","target":{"@type":"EntryPoint","urlTemplate":"https:\/\/www.oracaoefe.com\/?s={search_term_string}"},"query-input":{"@type":"PropertyValueSpecification","valueRequired":true,"valueName":"search_term_string"}}],"inLanguage":"fr-FR"},{"@type":"Person","@id":"https:\/\/www.oracaoefe.com\/#\/schema\/person\/17283c669442cf005c4d5bb58adfb7f5","name":"Michele Azevedo","image":{"@type":"ImageObject","inLanguage":"fr-FR","@id":"https:\/\/secure.gravatar.com\/avatar\/6b0eb9d22841282815e2cd856a0061c45e1761cd54b22e952d98c4746939aa85?s=96&d=mm&r=g","url":"https:\/\/secure.gravatar.com\/avatar\/6b0eb9d22841282815e2cd856a0061c45e1761cd54b22e952d98c4746939aa85?s=96&d=mm&r=g","contentUrl":"https:\/\/secure.gravatar.com\/avatar\/6b0eb9d22841282815e2cd856a0061c45e1761cd54b22e952d98c4746939aa85?s=96&d=mm&r=g","caption":"Michele Azevedo"},"description":"Dipl\u00f4m\u00e9e en litt\u00e9rature portugaise\/anglaise de l&#039;Universit\u00e9 d&#039;\u00c9tat de Ponta Grossa (UEPG), avec des dipl\u00f4mes de troisi\u00e8me cycle en art dans l&#039;\u00e9ducation (FAPI) et en psychop\u00e9dagogie scolaire (FAPI), elle est la cr\u00e9atrice et propri\u00e9taire du site web Escritora de Sucesso, a de l&#039;exp\u00e9rience dans l&#039;\u00e9criture pour les blogs en g\u00e9n\u00e9ral et travaille comme r\u00e9dactrice et \u00e9ditrice du contenu pour Ora\u00e7\u00e3o e F\u00e9.","url":"https:\/\/www.oracaoefe.com\/fr\/author\/michele-azevedo\/"}]}},"_links":{"self":[{"href":"https:\/\/www.oracaoefe.com\/fr\/wp-json\/wp\/v2\/posts\/3622","targetHints":{"allow":["GET"]}}],"collection":[{"href":"https:\/\/www.oracaoefe.com\/fr\/wp-json\/wp\/v2\/posts"}],"about":[{"href":"https:\/\/www.oracaoefe.com\/fr\/wp-json\/wp\/v2\/types\/post"}],"author":[{"embeddable":true,"href":"https:\/\/www.oracaoefe.com\/fr\/wp-json\/wp\/v2\/users\/3"}],"replies":[{"embeddable":true,"href":"https:\/\/www.oracaoefe.com\/fr\/wp-json\/wp\/v2\/comments?post=3622"}],"version-history":[{"count":2,"href":"https:\/\/www.oracaoefe.com\/fr\/wp-json\/wp\/v2\/posts\/3622\/revisions"}],"predecessor-version":[{"id":3779,"href":"https:\/\/www.oracaoefe.com\/fr\/wp-json\/wp\/v2\/posts\/3622\/revisions\/3779"}],"wp:featuredmedia":[{"embeddable":true,"href":"https:\/\/www.oracaoefe.com\/fr\/wp-json\/wp\/v2\/media\/3623"}],"wp:attachment":[{"href":"https:\/\/www.oracaoefe.com\/fr\/wp-json\/wp\/v2\/media?parent=3622"}],"wp:term":[{"taxonomy":"category","embeddable":true,"href":"https:\/\/www.oracaoefe.com\/fr\/wp-json\/wp\/v2\/categories?post=3622"},{"taxonomy":"post_tag","embeddable":true,"href":"https:\/\/www.oracaoefe.com\/fr\/wp-json\/wp\/v2\/tags?post=3622"}],"curies":[{"name":"wp","href":"https:\/\/api.w.org\/{rel}","templated":true}]}}