{"id":3616,"date":"2025-05-21T16:00:43","date_gmt":"2025-05-21T19:00:43","guid":{"rendered":"https:\/\/www.oracaoefe.com\/?p=3616"},"modified":"2025-12-16T13:10:48","modified_gmt":"2025-12-16T16:10:48","slug":"revolut-um-cartao-pensado-em-quem-precisa-de-autonomia","status":"publish","type":"post","link":"https:\/\/www.oracaoefe.com\/fr\/revolut-um-cartao-pensado-em-quem-precisa-de-autonomia\/","title":{"rendered":"Revolut: um cart\u00e3o pensado em quem precisa de autonomia"},"content":{"rendered":"<p class=\"has-text-align-center wp-block-paragraph\"><strong>Quer garantir seu cart\u00e3o?<\/strong><\/p>\n\n\n\n<div class=\"wp-block-buttons is-vertical is-content-justification-center is-layout-flex wp-container-core-buttons-is-layout-569b4b61 wp-block-buttons-is-layout-flex\">\n<div class=\"wp-block-button has-custom-width wp-block-button__width-100\"><a class=\"wp-block-button__link has-white-color has-vivid-red-background-color has-text-color has-background has-link-color wp-element-button\" href=\"https:\/\/www.oracaoefe.com\/fr\/payoneer-conheca-o-cartao-internacional-para-recebimentos-pelo-mundo\/\" style=\"border-radius:12px\">Cart\u00e3o Internacional da Payoneer<\/a><\/div>\n\n\n\n<div class=\"wp-block-button has-custom-width wp-block-button__width-100\"><a class=\"wp-block-button__link has-white-color has-vivid-green-cyan-background-color has-text-color has-background has-link-color wp-element-button\" href=\"https:\/\/www.oracaoefe.com\/fr\/wise-cartao-internacional-disponivel-para-a-maioria-dos-paises\/\" style=\"border-radius:12px\">Cart\u00e3o Internacional da Wise<\/a><\/div>\n\n\n\n<div class=\"wp-block-button has-custom-width wp-block-button__width-100\"><a class=\"wp-block-button__link has-white-color has-black-background-color has-text-color has-background has-link-color wp-element-button\" href=\"https:\/\/www.oracaoefe.com\/fr\/como-ganhar-roupas-na-shein-veja-o-que-fazer\/\" style=\"border-radius:12px\">Roupas Gr\u00e1tis na SHEIN<\/a><\/div>\n<\/div>\n\n\n\n<p class=\"wp-block-paragraph\">Se voc\u00ea est\u00e1 cansado das taxas escondidas dos bancos, das convers\u00f5es abusivas nas compras internacionais e da falta de controle sobre o pr\u00f3prio dinheiro, chegou a hora de conhecer o <strong>Revolut<\/strong>. Mais que um cart\u00e3o, o Revolut \u00e9 uma plataforma financeira completa, que te devolve o poder sobre suas finan\u00e7as com autonomia, clareza e, principalmente, liberdade.<\/p>\n\n\n\n<h2 class=\"wp-block-heading\">O que \u00e9 o Revolut?<\/h2>\n\n\n\n<p class=\"wp-block-paragraph\">O Revolut \u00e9 um banco digital global com sede no Reino Unido, que oferece <strong>conta multimoeda, cart\u00e3o internacional f\u00edsico e virtual, c\u00e2mbio em tempo real, investimentos e muito mais<\/strong>. Ele surgiu com uma proposta clara: dar ao usu\u00e1rio controle total sobre o pr\u00f3prio dinheiro, eliminando burocracias e abusos dos bancos tradicionais.<\/p>\n\n\n\n<p class=\"wp-block-paragraph\">O cart\u00e3o Revolut pode ser usado no mundo todo, funciona como d\u00e9bito (pr\u00e9-pago), e est\u00e1 dispon\u00edvel tanto para pessoas f\u00edsicas quanto para empresas.<\/p>\n\n\n\n<h2 class=\"wp-block-heading\">Como funciona o cart\u00e3o Revolut?<\/h2>\n\n\n\n<p class=\"wp-block-paragraph\">O cart\u00e3o da Revolut funciona como um <strong>cart\u00e3o pr\u00e9-pago multimoeda<\/strong>. Voc\u00ea adiciona saldo na conta \u2014 em reais ou em outras moedas \u2014 e utiliza esse valor em compras, transfer\u00eancias ou saques.<\/p>\n\n\n\n<p class=\"wp-block-paragraph\">A grande vantagem \u00e9 que voc\u00ea pode <strong>manter saldos em at\u00e9 30 moedas diferentes<\/strong> dentro do mesmo app, e escolher de qual moeda vai pagar no momento da compra. Se estiver no exterior, o app faz a convers\u00e3o autom\u00e1tica com a melhor taxa dispon\u00edvel, sem margens escondidas.<\/p>\n\n\n\n<p class=\"wp-block-paragraph\">Tudo \u00e9 gerenciado pelo aplicativo: voc\u00ea acompanha os gastos, faz c\u00e2mbio, ativa ou desativa fun\u00e7\u00f5es, gera cart\u00f5es virtuais e at\u00e9 bloqueia o cart\u00e3o f\u00edsico com um clique.<\/p>\n\n\n\n<h2 class=\"wp-block-heading\">Para quem o Revolut \u00e9 indicado?<\/h2>\n\n\n\n<p class=\"wp-block-paragraph\">O Revolut \u00e9 ideal pra quem quer ter liberdade com o pr\u00f3prio dinheiro \u2014 sem depender de bancos tradicionais e suas regras engessadas. \u00c9 perfeito para:<\/p>\n\n\n\n<ul class=\"wp-block-list\">\n<li><strong>Viajantes internacionais<\/strong> que precisam gastar em outras moedas<\/li>\n\n\n\n<li><strong>Freelancers e n\u00f4mades digitais<\/strong> que recebem de fora do pa\u00eds<\/li>\n\n\n\n<li><strong>Compradores online<\/strong> que fazem pedidos em sites estrangeiros<\/li>\n\n\n\n<li><strong>Empreendedores<\/strong> que trabalham com clientes internacionais<\/li>\n\n\n\n<li>Pessoas que simplesmente querem <strong>mais controle e menos taxas<\/strong><\/li>\n<\/ul>\n\n\n\n<p class=\"wp-block-paragraph\">Al\u00e9m disso, a conta \u00e9 100% online e pode ser criada rapidamente pelo app. D\u00e1 pra come\u00e7ar a usar ainda no mesmo dia.<\/p>\n\n\n\n<h2 class=\"wp-block-heading\">Principais benef\u00edcios do cart\u00e3o Revolut<\/h2>\n\n\n\n<p class=\"wp-block-paragraph\">Aqui vai uma lista honesta das principais vantagens do cart\u00e3o:<\/p>\n\n\n\n<ul class=\"wp-block-list\">\n<li><strong>Cart\u00e3o internacional sem taxas abusivas<\/strong><\/li>\n\n\n\n<li><strong>C\u00e2mbio com taxa real do mercado<\/strong> (sem acr\u00e9scimos escondidos)<\/li>\n\n\n\n<li><strong>Manuten\u00e7\u00e3o de saldo em diversas moedas<\/strong><\/li>\n\n\n\n<li><strong>Cart\u00e3o virtual e f\u00edsico<\/strong> (ideal para compras seguras)<\/li>\n\n\n\n<li><strong>Bloqueio\/desbloqueio em tempo real<\/strong><\/li>\n\n\n\n<li><strong>Controle total pelo app<\/strong> (sem depender de atendimento)<\/li>\n\n\n\n<li><strong>Relat\u00f3rios detalhados de gastos<\/strong><\/li>\n\n\n\n<li><strong>Saques internacionais com limite mensal gratuito<\/strong><\/li>\n\n\n\n<li><strong>Recarga instant\u00e2nea via Pix ou cart\u00e3o nacional<\/strong><\/li>\n\n\n\n<li><strong>Investimentos em a\u00e7\u00f5es e cripto (dispon\u00edvel em alguns pa\u00edses)<\/strong><\/li>\n<\/ul>\n\n\n\n<p class=\"wp-block-paragraph\">Tudo isso com um app intuitivo, r\u00e1pido e em portugu\u00eas. Nada de complica\u00e7\u00e3o ou linguagem t\u00e9cnica confusa.<\/p>\n\n\n\n<h2 class=\"wp-block-heading\">O Revolut cobra taxas?<\/h2>\n\n\n\n<p class=\"wp-block-paragraph\">Depende do plano. O Revolut tem op\u00e7\u00f5es gratuitas e pagas, com benef\u00edcios diferentes. Veja os principais:<\/p>\n\n\n\n<h3 class=\"wp-block-heading\">Plano Gratuito (Standard)<\/h3>\n\n\n\n<ul class=\"wp-block-list\">\n<li>Sem mensalidade<\/li>\n\n\n\n<li>C\u00e2mbio com taxa real (com limite mensal gratuito)<\/li>\n\n\n\n<li>Cart\u00e3o f\u00edsico e virtual<\/li>\n\n\n\n<li>Gastos em mais de 150 pa\u00edses<\/li>\n<\/ul>\n\n\n\n<h3 class=\"wp-block-heading\">Planos Pagos (Plus, Premium e Metal)<\/h3>\n\n\n\n<ul class=\"wp-block-list\">\n<li>Acesso a cashback em compras internacionais<\/li>\n\n\n\n<li>Seguro viagem e prote\u00e7\u00e3o de compras<\/li>\n\n\n\n<li>Atendimento priorit\u00e1rio<\/li>\n\n\n\n<li>Mais limites para saques e c\u00e2mbio gratuito<\/li>\n\n\n\n<li>Cart\u00f5es met\u00e1licos exclusivos (no plano Metal)<\/li>\n<\/ul>\n\n\n\n<p class=\"wp-block-paragraph\">O plano gratuito j\u00e1 atende muito bem quem quer um cart\u00e3o internacional sem dor de cabe\u00e7a. Os planos pagos s\u00e3o mais vantajosos para quem viaja com frequ\u00eancia ou movimenta altos volumes.<\/p>\n\n\n\n<h2 class=\"wp-block-heading\">Como criar uma conta e pedir o cart\u00e3o?<\/h2>\n\n\n\n<p class=\"wp-block-paragraph\">\u00c9 r\u00e1pido e sem burocracia. Veja o passo a passo:<\/p>\n\n\n\n<ul class=\"wp-block-list\">\n<li>Baixe o <strong>app do Revolut<\/strong> (dispon\u00edvel para Android e iOS)<\/li>\n<\/ul>\n\n\n<div class=\"wp-block-image\">\n<figure class=\"aligncenter size-full\"><a href=\"https:\/\/apps.apple.com\/br\/app\/revolut-a-sua-conta-global\/id932493382\"><img loading=\"lazy\" decoding=\"async\" width=\"250\" height=\"80\" src=\"https:\/\/www.oracaoefe.com\/wp-content\/uploads\/2025\/05\/botao-app-store-1.png\" alt=\"\" class=\"wp-image-3585\" srcset=\"https:\/\/www.oracaoefe.com\/wp-content\/uploads\/2025\/05\/botao-app-store-1.png 250w, https:\/\/www.oracaoefe.com\/wp-content\/uploads\/2025\/05\/botao-app-store-1-18x6.png 18w\" sizes=\"auto, (max-width: 250px) 100vw, 250px\" \/><\/a><\/figure>\n<\/div>\n\n<div class=\"wp-block-image\">\n<figure class=\"aligncenter size-full\"><a href=\"https:\/\/play.google.com\/store\/apps\/details?id=com.revolut.revolut&hl=pt_BR\"><img loading=\"lazy\" decoding=\"async\" width=\"250\" height=\"80\" src=\"https:\/\/www.oracaoefe.com\/wp-content\/uploads\/2025\/05\/botao-play-store-1.png\" alt=\"\" class=\"wp-image-3584\" srcset=\"https:\/\/www.oracaoefe.com\/wp-content\/uploads\/2025\/05\/botao-play-store-1.png 250w, https:\/\/www.oracaoefe.com\/wp-content\/uploads\/2025\/05\/botao-play-store-1-18x6.png 18w\" sizes=\"auto, (max-width: 250px) 100vw, 250px\" \/><\/a><\/figure>\n<\/div>\n\n\n<ul class=\"wp-block-list\">\n<li>Crie sua conta com nome, e-mail, documento e foto<\/li>\n\n\n\n<li>Fa\u00e7a a verifica\u00e7\u00e3o de identidade no pr\u00f3prio app<\/li>\n\n\n\n<li>Adicione saldo (pode ser por transfer\u00eancia, boleto ou Pix)<\/li>\n\n\n\n<li>Solicite o cart\u00e3o f\u00edsico e comece a usar o virtual na hora<\/li>\n<\/ul>\n\n\n\n<p class=\"wp-block-paragraph\">O cart\u00e3o f\u00edsico leva cerca de 10 a 15 dias \u00fateis pra chegar. Enquanto isso, voc\u00ea j\u00e1 pode usar o cart\u00e3o virtual normalmente em compras online e apps.<\/p>\n\n\n\n<h2 class=\"wp-block-heading\">D\u00e1 pra usar o Revolut no Brasil?<\/h2>\n\n\n\n<p class=\"wp-block-paragraph\">Sim! Apesar do Revolut ser europeu, ele funciona perfeitamente para brasileiros. D\u00e1 pra recarregar com reais, converter para outras moedas e usar o cart\u00e3o dentro e fora do pa\u00eds.<\/p>\n\n\n\n<p class=\"wp-block-paragraph\">No Brasil, o Revolut \u00e9 considerado uma das melhores op\u00e7\u00f5es de cart\u00e3o internacional com c\u00e2mbio justo, especialmente pra quem n\u00e3o quer pagar o IOF abusivo de 6,38% do cart\u00e3o de cr\u00e9dito tradicional.<\/p>\n\n\n\n<p class=\"wp-block-paragraph\">Vale lembrar que o IOF no Revolut segue a al\u00edquota de 1,1% para c\u00e2mbio e 5,38% para gastos, por ser considerado cart\u00e3o pr\u00e9-pago.<\/p>\n\n\n\n<h2 class=\"wp-block-heading\">\u00c9 seguro?<\/h2>\n\n\n\n<p class=\"wp-block-paragraph\">Muito. O Revolut \u00e9 regulado por \u00f3rg\u00e3os financeiros europeus, incluindo a FCA (Financial Conduct Authority) no Reino Unido. Al\u00e9m disso, o app tem autentica\u00e7\u00e3o em duas etapas, criptografia de ponta e permite controlar tudo em tempo real.<\/p>\n\n\n\n<p class=\"wp-block-paragraph\">Voc\u00ea pode gerar cart\u00f5es virtuais tempor\u00e1rios para compras \u00fanicas, ideal pra quem quer evitar clonagem em sites desconhecidos.<\/p>\n\n\n\n<h2 class=\"wp-block-heading\">O que diferencia o Revolut de outros bancos digitais?<\/h2>\n\n\n\n<p class=\"wp-block-paragraph\">O diferencial do Revolut \u00e9 que ele n\u00e3o \u00e9 s\u00f3 um banco digital. \u00c9 uma <strong>plataforma de gest\u00e3o financeira global<\/strong>, com foco em liberdade, c\u00e2mbio justo, gastos internacionais e controle total.<\/p>\n\n\n\n<p class=\"wp-block-paragraph\">Outros bancos digitais at\u00e9 oferecem cart\u00e3o internacional, mas ainda cobram margens no c\u00e2mbio, t\u00eam suporte lento ou funcionalidades limitadas. O Revolut coloca tudo na sua m\u00e3o: c\u00e2mbio, gastos, investimentos, seguran\u00e7a e flexibilidade. Tudo no app.<\/p>\n\n\n\n<h2 class=\"wp-block-heading\">Revolut vale a pena?<\/h2>\n\n\n\n<p class=\"wp-block-paragraph\">Se voc\u00ea busca liberdade pra gastar em outras moedas, quer fugir das taxas abusivas dos bancos tradicionais e ainda ter controle total sobre suas finan\u00e7as, <strong>o Revolut vale muito a pena<\/strong>.<\/p>\n\n\n\n<p class=\"wp-block-paragraph\">Ele te permite viajar leve, comprar com seguran\u00e7a, movimentar dinheiro globalmente e tomar decis\u00f5es com clareza. E o melhor: tudo sem depender de gerente, sem taxas escondidas e sem surpresas na fatura.<\/p>\n\n\n\n<p class=\"wp-block-paragraph\">\u00c9 a nova forma de lidar com dinheiro. E ela come\u00e7a com um toque no seu celular.<\/p>\n\n\n\n<p class=\"wp-block-paragraph\"><strong>Voir aussi\u00a0: <a href=\"https:\/\/www.oracaoefe.com\/fr\/wise-cartao-internacional-disponivel-para-a-maioria-dos-paises\/\">Wise: cart\u00e3o internacional dispon\u00edvel para a maioria dos pa\u00edses<\/a><\/strong><\/p>\n\n\n\n<p class=\"wp-block-paragraph\">21 de maio de 2025<\/p>","protected":false},"excerpt":{"rendered":"<p>Quer garantir seu cart\u00e3o? Se voc\u00ea est\u00e1 cansado das taxas escondidas dos bancos, das convers\u00f5es abusivas nas compras internacionais e da falta de controle sobre o pr\u00f3prio dinheiro, chegou a hora de conhecer o Revolut. Mais que um cart\u00e3o, o Revolut \u00e9 uma plataforma financeira completa, que te devolve o poder sobre suas finan\u00e7as com&hellip;&nbsp;<\/p>","protected":false},"author":3,"featured_media":3621,"comment_status":"closed","ping_status":"closed","sticky":false,"template":"","format":"standard","meta":{"neve_meta_sidebar":"","neve_meta_container":"","neve_meta_enable_content_width":"","neve_meta_content_width":0,"neve_meta_title_alignment":"","neve_meta_author_avatar":"","neve_post_elements_order":"","neve_meta_disable_header":"","neve_meta_disable_footer":"","neve_meta_disable_title":"","footnotes":""},"categories":[4],"tags":[],"class_list":["post-3616","post","type-post","status-publish","format-standard","has-post-thumbnail","hentry","category-fique-por-dentro"],"yoast_head":"<!-- This site is optimized with the Yoast SEO plugin v28.4 - https:\/\/yoast.com\/product\/yoast-seo-wordpress\/ -->\n<title>Revolut: um cart\u00e3o pensado em quem precisa de autonomia - Ora\u00e7\u00e3o e F\u00e9<\/title>\n<meta name=\"description\" content=\"Deus tem pra voc\u00ea uma palavra de vida!\" \/>\n<meta name=\"robots\" content=\"index, follow, max-snippet:-1, max-image-preview:large, max-video-preview:-1\" \/>\n<link rel=\"canonical\" href=\"https:\/\/www.oracaoefe.com\/fr\/revolut-um-cartao-pensado-em-quem-precisa-de-autonomia\/\" \/>\n<meta property=\"og:locale\" content=\"fr_FR\" \/>\n<meta property=\"og:type\" content=\"article\" \/>\n<meta property=\"og:title\" content=\"Revolut: um cart\u00e3o pensado em quem precisa de autonomia - Ora\u00e7\u00e3o e F\u00e9\" \/>\n<meta property=\"og:description\" content=\"Deus tem pra voc\u00ea uma palavra de vida!\" \/>\n<meta property=\"og:url\" content=\"https:\/\/www.oracaoefe.com\/fr\/revolut-um-cartao-pensado-em-quem-precisa-de-autonomia\/\" \/>\n<meta property=\"og:site_name\" content=\"Ora\u00e7\u00e3o e F\u00e9\" \/>\n<meta property=\"article:published_time\" content=\"2025-05-21T19:00:43+00:00\" \/>\n<meta property=\"article:modified_time\" content=\"2025-12-16T16:10:48+00:00\" \/>\n<meta property=\"og:image\" content=\"https:\/\/www.oracaoefe.com\/wp-content\/uploads\/2025\/05\/cartao_revolut_financas_livres.webp\" \/>\n\t<meta property=\"og:image:width\" content=\"1536\" \/>\n\t<meta property=\"og:image:height\" content=\"1024\" \/>\n\t<meta property=\"og:image:type\" content=\"image\/webp\" \/>\n<meta name=\"author\" content=\"Michele Azevedo\" \/>\n<meta name=\"twitter:card\" content=\"summary_large_image\" \/>\n<meta name=\"twitter:label1\" content=\"\u00c9crit par\" \/>\n\t<meta name=\"twitter:data1\" content=\"Michele Azevedo\" \/>\n\t<meta name=\"twitter:label2\" content=\"Dur\u00e9e de lecture estim\u00e9e\" \/>\n\t<meta name=\"twitter:data2\" content=\"5 minutes\" \/>\n<script type=\"application\/ld+json\" class=\"yoast-schema-graph\">{\"@context\":\"https:\\\/\\\/schema.org\",\"@graph\":[{\"@type\":\"Article\",\"@id\":\"https:\\\/\\\/www.oracaoefe.com\\\/revolut-um-cartao-pensado-em-quem-precisa-de-autonomia\\\/#article\",\"isPartOf\":{\"@id\":\"https:\\\/\\\/www.oracaoefe.com\\\/revolut-um-cartao-pensado-em-quem-precisa-de-autonomia\\\/\"},\"author\":{\"name\":\"Michele Azevedo\",\"@id\":\"https:\\\/\\\/www.oracaoefe.com\\\/#\\\/schema\\\/person\\\/17283c669442cf005c4d5bb58adfb7f5\"},\"headline\":\"Revolut: um cart\u00e3o pensado em quem precisa de autonomia\",\"datePublished\":\"2025-05-21T19:00:43+00:00\",\"dateModified\":\"2025-12-16T16:10:48+00:00\",\"mainEntityOfPage\":{\"@id\":\"https:\\\/\\\/www.oracaoefe.com\\\/revolut-um-cartao-pensado-em-quem-precisa-de-autonomia\\\/\"},\"wordCount\":1077,\"image\":{\"@id\":\"https:\\\/\\\/www.oracaoefe.com\\\/revolut-um-cartao-pensado-em-quem-precisa-de-autonomia\\\/#primaryimage\"},\"thumbnailUrl\":\"https:\\\/\\\/www.oracaoefe.com\\\/wp-content\\\/uploads\\\/2025\\\/05\\\/cartao_revolut_financas_livres.webp\",\"articleSection\":[\"Fique por Dentro\"],\"inLanguage\":\"fr-FR\"},{\"@type\":\"WebPage\",\"@id\":\"https:\\\/\\\/www.oracaoefe.com\\\/revolut-um-cartao-pensado-em-quem-precisa-de-autonomia\\\/\",\"url\":\"https:\\\/\\\/www.oracaoefe.com\\\/revolut-um-cartao-pensado-em-quem-precisa-de-autonomia\\\/\",\"name\":\"Revolut: um cart\u00e3o pensado em quem precisa de autonomia - Ora\u00e7\u00e3o e F\u00e9\",\"isPartOf\":{\"@id\":\"https:\\\/\\\/www.oracaoefe.com\\\/#website\"},\"primaryImageOfPage\":{\"@id\":\"https:\\\/\\\/www.oracaoefe.com\\\/revolut-um-cartao-pensado-em-quem-precisa-de-autonomia\\\/#primaryimage\"},\"image\":{\"@id\":\"https:\\\/\\\/www.oracaoefe.com\\\/revolut-um-cartao-pensado-em-quem-precisa-de-autonomia\\\/#primaryimage\"},\"thumbnailUrl\":\"https:\\\/\\\/www.oracaoefe.com\\\/wp-content\\\/uploads\\\/2025\\\/05\\\/cartao_revolut_financas_livres.webp\",\"datePublished\":\"2025-05-21T19:00:43+00:00\",\"dateModified\":\"2025-12-16T16:10:48+00:00\",\"author\":{\"@id\":\"https:\\\/\\\/www.oracaoefe.com\\\/#\\\/schema\\\/person\\\/17283c669442cf005c4d5bb58adfb7f5\"},\"description\":\"Deus tem pra voc\u00ea uma palavra de vida!\",\"breadcrumb\":{\"@id\":\"https:\\\/\\\/www.oracaoefe.com\\\/revolut-um-cartao-pensado-em-quem-precisa-de-autonomia\\\/#breadcrumb\"},\"inLanguage\":\"fr-FR\",\"potentialAction\":[{\"@type\":\"ReadAction\",\"target\":[\"https:\\\/\\\/www.oracaoefe.com\\\/revolut-um-cartao-pensado-em-quem-precisa-de-autonomia\\\/\"]}]},{\"@type\":\"ImageObject\",\"inLanguage\":\"fr-FR\",\"@id\":\"https:\\\/\\\/www.oracaoefe.com\\\/revolut-um-cartao-pensado-em-quem-precisa-de-autonomia\\\/#primaryimage\",\"url\":\"https:\\\/\\\/www.oracaoefe.com\\\/wp-content\\\/uploads\\\/2025\\\/05\\\/cartao_revolut_financas_livres.webp\",\"contentUrl\":\"https:\\\/\\\/www.oracaoefe.com\\\/wp-content\\\/uploads\\\/2025\\\/05\\\/cartao_revolut_financas_livres.webp\",\"width\":1536,\"height\":1024},{\"@type\":\"BreadcrumbList\",\"@id\":\"https:\\\/\\\/www.oracaoefe.com\\\/revolut-um-cartao-pensado-em-quem-precisa-de-autonomia\\\/#breadcrumb\",\"itemListElement\":[{\"@type\":\"ListItem\",\"position\":1,\"name\":\"Home\",\"item\":\"https:\\\/\\\/www.oracaoefe.com\\\/\"},{\"@type\":\"ListItem\",\"position\":2,\"name\":\"Fique por Dentro\",\"item\":\"https:\\\/\\\/www.oracaoefe.com\\\/category\\\/fique-por-dentro\\\/\"},{\"@type\":\"ListItem\",\"position\":3,\"name\":\"Revolut: um cart\u00e3o pensado em quem precisa de autonomia\"}]},{\"@type\":\"WebSite\",\"@id\":\"https:\\\/\\\/www.oracaoefe.com\\\/#website\",\"url\":\"https:\\\/\\\/www.oracaoefe.com\\\/\",\"name\":\"Ora\u00e7\u00e3o e F\u00e9\",\"description\":\"\",\"potentialAction\":[{\"@type\":\"SearchAction\",\"target\":{\"@type\":\"EntryPoint\",\"urlTemplate\":\"https:\\\/\\\/www.oracaoefe.com\\\/?s={search_term_string}\"},\"query-input\":{\"@type\":\"PropertyValueSpecification\",\"valueRequired\":true,\"valueName\":\"search_term_string\"}}],\"inLanguage\":\"fr-FR\"},{\"@type\":\"Person\",\"@id\":\"https:\\\/\\\/www.oracaoefe.com\\\/#\\\/schema\\\/person\\\/17283c669442cf005c4d5bb58adfb7f5\",\"name\":\"Michele Azevedo\",\"image\":{\"@type\":\"ImageObject\",\"inLanguage\":\"fr-FR\",\"@id\":\"https:\\\/\\\/secure.gravatar.com\\\/avatar\\\/6b0eb9d22841282815e2cd856a0061c45e1761cd54b22e952d98c4746939aa85?s=96&d=mm&r=g\",\"url\":\"https:\\\/\\\/secure.gravatar.com\\\/avatar\\\/6b0eb9d22841282815e2cd856a0061c45e1761cd54b22e952d98c4746939aa85?s=96&d=mm&r=g\",\"contentUrl\":\"https:\\\/\\\/secure.gravatar.com\\\/avatar\\\/6b0eb9d22841282815e2cd856a0061c45e1761cd54b22e952d98c4746939aa85?s=96&d=mm&r=g\",\"caption\":\"Michele Azevedo\"},\"description\":\"Formada em Letras - Portugu\u00eas\\\/ Ingl\u00eas pela Universidade Estadual de Ponta Grossa (UEPG), p\u00f3s-graduada em Arte na Educa\u00e7\u00e3o (FAPI) e Psicopedagogia Escolar (FAPI), idealizadora e propriet\u00e1ria do site Escritora de Sucesso, possui experi\u00eancia em escrita para blogs em geral e atua como redatora e revisora dos conte\u00fados do Ora\u00e7\u00e3o e F\u00e9.\",\"url\":\"https:\\\/\\\/www.oracaoefe.com\\\/fr\\\/author\\\/michele-azevedo\\\/\"}]}<\/script>\n<!-- \/ Yoast SEO plugin. -->","yoast_head_json":{"title":"Revolut: um cart\u00e3o pensado em quem precisa de autonomia - Ora\u00e7\u00e3o e F\u00e9","description":"Dieu a une parole de vie pour vous !","robots":{"index":"index","follow":"follow","max-snippet":"max-snippet:-1","max-image-preview":"max-image-preview:large","max-video-preview":"max-video-preview:-1"},"canonical":"https:\/\/www.oracaoefe.com\/fr\/revolut-um-cartao-pensado-em-quem-precisa-de-autonomia\/","og_locale":"fr_FR","og_type":"article","og_title":"Revolut: um cart\u00e3o pensado em quem precisa de autonomia - Ora\u00e7\u00e3o e F\u00e9","og_description":"Deus tem pra voc\u00ea uma palavra de vida!","og_url":"https:\/\/www.oracaoefe.com\/fr\/revolut-um-cartao-pensado-em-quem-precisa-de-autonomia\/","og_site_name":"Ora\u00e7\u00e3o e F\u00e9","article_published_time":"2025-05-21T19:00:43+00:00","article_modified_time":"2025-12-16T16:10:48+00:00","og_image":[{"width":1536,"height":1024,"url":"https:\/\/www.oracaoefe.com\/wp-content\/uploads\/2025\/05\/cartao_revolut_financas_livres.webp","type":"image\/webp"}],"author":"Michele Azevedo","twitter_card":"summary_large_image","twitter_misc":{"\u00c9crit par":"Michele Azevedo","Dur\u00e9e de lecture estim\u00e9e":"5 minutes"},"schema":{"@context":"https:\/\/schema.org","@graph":[{"@type":"Article","@id":"https:\/\/www.oracaoefe.com\/revolut-um-cartao-pensado-em-quem-precisa-de-autonomia\/#article","isPartOf":{"@id":"https:\/\/www.oracaoefe.com\/revolut-um-cartao-pensado-em-quem-precisa-de-autonomia\/"},"author":{"name":"Michele Azevedo","@id":"https:\/\/www.oracaoefe.com\/#\/schema\/person\/17283c669442cf005c4d5bb58adfb7f5"},"headline":"Revolut: um cart\u00e3o pensado em quem precisa de autonomia","datePublished":"2025-05-21T19:00:43+00:00","dateModified":"2025-12-16T16:10:48+00:00","mainEntityOfPage":{"@id":"https:\/\/www.oracaoefe.com\/revolut-um-cartao-pensado-em-quem-precisa-de-autonomia\/"},"wordCount":1077,"image":{"@id":"https:\/\/www.oracaoefe.com\/revolut-um-cartao-pensado-em-quem-precisa-de-autonomia\/#primaryimage"},"thumbnailUrl":"https:\/\/www.oracaoefe.com\/wp-content\/uploads\/2025\/05\/cartao_revolut_financas_livres.webp","articleSection":["Fique por Dentro"],"inLanguage":"fr-FR"},{"@type":"WebPage","@id":"https:\/\/www.oracaoefe.com\/revolut-um-cartao-pensado-em-quem-precisa-de-autonomia\/","url":"https:\/\/www.oracaoefe.com\/revolut-um-cartao-pensado-em-quem-precisa-de-autonomia\/","name":"Revolut: um cart\u00e3o pensado em quem precisa de autonomia - Ora\u00e7\u00e3o e F\u00e9","isPartOf":{"@id":"https:\/\/www.oracaoefe.com\/#website"},"primaryImageOfPage":{"@id":"https:\/\/www.oracaoefe.com\/revolut-um-cartao-pensado-em-quem-precisa-de-autonomia\/#primaryimage"},"image":{"@id":"https:\/\/www.oracaoefe.com\/revolut-um-cartao-pensado-em-quem-precisa-de-autonomia\/#primaryimage"},"thumbnailUrl":"https:\/\/www.oracaoefe.com\/wp-content\/uploads\/2025\/05\/cartao_revolut_financas_livres.webp","datePublished":"2025-05-21T19:00:43+00:00","dateModified":"2025-12-16T16:10:48+00:00","author":{"@id":"https:\/\/www.oracaoefe.com\/#\/schema\/person\/17283c669442cf005c4d5bb58adfb7f5"},"description":"Dieu a une parole de vie pour vous !","breadcrumb":{"@id":"https:\/\/www.oracaoefe.com\/revolut-um-cartao-pensado-em-quem-precisa-de-autonomia\/#breadcrumb"},"inLanguage":"fr-FR","potentialAction":[{"@type":"ReadAction","target":["https:\/\/www.oracaoefe.com\/revolut-um-cartao-pensado-em-quem-precisa-de-autonomia\/"]}]},{"@type":"ImageObject","inLanguage":"fr-FR","@id":"https:\/\/www.oracaoefe.com\/revolut-um-cartao-pensado-em-quem-precisa-de-autonomia\/#primaryimage","url":"https:\/\/www.oracaoefe.com\/wp-content\/uploads\/2025\/05\/cartao_revolut_financas_livres.webp","contentUrl":"https:\/\/www.oracaoefe.com\/wp-content\/uploads\/2025\/05\/cartao_revolut_financas_livres.webp","width":1536,"height":1024},{"@type":"BreadcrumbList","@id":"https:\/\/www.oracaoefe.com\/revolut-um-cartao-pensado-em-quem-precisa-de-autonomia\/#breadcrumb","itemListElement":[{"@type":"ListItem","position":1,"name":"Home","item":"https:\/\/www.oracaoefe.com\/"},{"@type":"ListItem","position":2,"name":"Fique por Dentro","item":"https:\/\/www.oracaoefe.com\/category\/fique-por-dentro\/"},{"@type":"ListItem","position":3,"name":"Revolut: um cart\u00e3o pensado em quem precisa de autonomia"}]},{"@type":"WebSite","@id":"https:\/\/www.oracaoefe.com\/#website","url":"https:\/\/www.oracaoefe.com\/","name":"Pri\u00e8re et foi","description":"","potentialAction":[{"@type":"SearchAction","target":{"@type":"EntryPoint","urlTemplate":"https:\/\/www.oracaoefe.com\/?s={search_term_string}"},"query-input":{"@type":"PropertyValueSpecification","valueRequired":true,"valueName":"search_term_string"}}],"inLanguage":"fr-FR"},{"@type":"Person","@id":"https:\/\/www.oracaoefe.com\/#\/schema\/person\/17283c669442cf005c4d5bb58adfb7f5","name":"Michele Azevedo","image":{"@type":"ImageObject","inLanguage":"fr-FR","@id":"https:\/\/secure.gravatar.com\/avatar\/6b0eb9d22841282815e2cd856a0061c45e1761cd54b22e952d98c4746939aa85?s=96&d=mm&r=g","url":"https:\/\/secure.gravatar.com\/avatar\/6b0eb9d22841282815e2cd856a0061c45e1761cd54b22e952d98c4746939aa85?s=96&d=mm&r=g","contentUrl":"https:\/\/secure.gravatar.com\/avatar\/6b0eb9d22841282815e2cd856a0061c45e1761cd54b22e952d98c4746939aa85?s=96&d=mm&r=g","caption":"Michele Azevedo"},"description":"Dipl\u00f4m\u00e9e en litt\u00e9rature portugaise\/anglaise de l&#039;Universit\u00e9 d&#039;\u00c9tat de Ponta Grossa (UEPG), avec des dipl\u00f4mes de troisi\u00e8me cycle en art dans l&#039;\u00e9ducation (FAPI) et en psychop\u00e9dagogie scolaire (FAPI), elle est la cr\u00e9atrice et propri\u00e9taire du site web Escritora de Sucesso, a de l&#039;exp\u00e9rience dans l&#039;\u00e9criture pour les blogs en g\u00e9n\u00e9ral et travaille comme r\u00e9dactrice et \u00e9ditrice du contenu pour Ora\u00e7\u00e3o e F\u00e9.","url":"https:\/\/www.oracaoefe.com\/fr\/author\/michele-azevedo\/"}]}},"_links":{"self":[{"href":"https:\/\/www.oracaoefe.com\/fr\/wp-json\/wp\/v2\/posts\/3616","targetHints":{"allow":["GET"]}}],"collection":[{"href":"https:\/\/www.oracaoefe.com\/fr\/wp-json\/wp\/v2\/posts"}],"about":[{"href":"https:\/\/www.oracaoefe.com\/fr\/wp-json\/wp\/v2\/types\/post"}],"author":[{"embeddable":true,"href":"https:\/\/www.oracaoefe.com\/fr\/wp-json\/wp\/v2\/users\/3"}],"replies":[{"embeddable":true,"href":"https:\/\/www.oracaoefe.com\/fr\/wp-json\/wp\/v2\/comments?post=3616"}],"version-history":[{"count":3,"href":"https:\/\/www.oracaoefe.com\/fr\/wp-json\/wp\/v2\/posts\/3616\/revisions"}],"predecessor-version":[{"id":3782,"href":"https:\/\/www.oracaoefe.com\/fr\/wp-json\/wp\/v2\/posts\/3616\/revisions\/3782"}],"wp:featuredmedia":[{"embeddable":true,"href":"https:\/\/www.oracaoefe.com\/fr\/wp-json\/wp\/v2\/media\/3621"}],"wp:attachment":[{"href":"https:\/\/www.oracaoefe.com\/fr\/wp-json\/wp\/v2\/media?parent=3616"}],"wp:term":[{"taxonomy":"category","embeddable":true,"href":"https:\/\/www.oracaoefe.com\/fr\/wp-json\/wp\/v2\/categories?post=3616"},{"taxonomy":"post_tag","embeddable":true,"href":"https:\/\/www.oracaoefe.com\/fr\/wp-json\/wp\/v2\/tags?post=3616"}],"curies":[{"name":"wp","href":"https:\/\/api.w.org\/{rel}","templated":true}]}}