{"id":3580,"date":"2025-05-21T01:04:55","date_gmt":"2025-05-21T04:04:55","guid":{"rendered":"https:\/\/www.oracaoefe.com\/?p=3580"},"modified":"2025-12-16T13:10:49","modified_gmt":"2025-12-16T16:10:49","slug":"tem-bencao-chegando-que-voce-nao-pediu-mas-ele-viu-que-voce-precisa","status":"publish","type":"post","link":"https:\/\/www.oracaoefe.com\/fr\/tem-bencao-chegando-que-voce-nao-pediu-mas-ele-viu-que-voce-precisa\/","title":{"rendered":"Tem b\u00ean\u00e7\u00e3o chegando que voc\u00ea n\u00e3o pediu; mas Ele viu que voc\u00ea precisa"},"content":{"rendered":"<div class=\"wp-block-buttons is-vertical is-content-justification-center is-layout-flex wp-container-core-buttons-is-layout-569b4b61 wp-block-buttons-is-layout-flex\">\n<div class=\"wp-block-button has-custom-width wp-block-button__width-100\"><a class=\"wp-block-button__link has-white-color has-vivid-red-background-color has-text-color has-background has-link-color wp-element-button\" href=\"https:\/\/www.oracaoefe.com\/fr\/voce-sabe-o-que-significa-dizer-amem-a-resposta-pode-te-surpreender\/\" style=\"border-radius:12px\">Curiosidades Que Voc\u00ea N\u00e3o Sabia Sobre a B\u00edblia<\/a><\/div>\n\n\n\n<div class=\"wp-block-button has-custom-width wp-block-button__width-100\"><a class=\"wp-block-button__link has-white-color has-luminous-vivid-orange-background-color has-text-color has-background has-link-color wp-element-button\" href=\"https:\/\/www.oracaoefe.com\/fr\/a-fe-que-mais-cresce-e-a-que-nasce-depois-da-dor\/\" style=\"border-radius:12px\">Fortale\u00e7a Sua F\u00e9 Atrav\u00e9s dessas Palavras<\/a><\/div>\n\n\n\n<div class=\"wp-block-button has-custom-width wp-block-button__width-100\"><a class=\"wp-block-button__link has-white-color has-vivid-green-cyan-background-color has-text-color has-background has-link-color wp-element-button\" href=\"https:\/\/www.oracaoefe.com\/fr\/app-relacionamento-veja-as-possibilidades-para-encontrar-um-amor\/\" style=\"border-radius:12px\">Aplicativos de Relacionamento Crist\u00e3o<\/a><\/div>\n<\/div>\n\n\n\n<p class=\"has-text-align-center wp-block-paragraph\"><strong>Nem sempre voc\u00ea vai entender o porqu\u00ea.<\/strong><\/p>\n\n\n\n<p class=\"wp-block-paragraph\">Sabe aquele momento em que tudo parece parado? Quando voc\u00ea j\u00e1 n\u00e3o sabe o que pedir, nem o que esperar? Pois \u00e9 justamente a\u00ed que Deus age em sil\u00eancio. Ele observa cada detalhe. E mesmo quando voc\u00ea n\u00e3o fala nada, Ele ouve tudo o que o seu cora\u00e7\u00e3o n\u00e3o conseguiu dizer. <\/p>\n\n\n\n<p class=\"wp-block-paragraph\">Essa \u00e9 a for\u00e7a da f\u00e9 que n\u00e3o depende de palavras. Porque h\u00e1 b\u00ean\u00e7\u00e3os que n\u00e3o s\u00e3o resultado de uma ora\u00e7\u00e3o feita, mas de uma necessidade percebida. E sim, <strong>tem b\u00ean\u00e7\u00e3o chegando que voc\u00ea n\u00e3o pediu<\/strong>, mas que o c\u00e9u j\u00e1 decidiu entregar.<\/p>\n\n\n\n<h2 class=\"wp-block-heading\">A vida n\u00e3o precisa estar perfeita para o milagre chegar<\/h2>\n\n\n\n<p class=\"wp-block-paragraph\">Quantas vezes voc\u00ea j\u00e1 se sentiu cansado de pedir? J\u00e1 chorou e disse: \u201cSenhor, eu nem sei mais o que dizer&#8230;\u201d Pois saiba: esse sil\u00eancio foi uma ora\u00e7\u00e3o. \u00c0s vezes, a alma fala mais forte quando o corpo se cala. E \u00e9 nesse espa\u00e7o entre o desespero e a f\u00e9 que Deus opera os milagres mais lindos.<\/p>\n\n\n\n<p class=\"wp-block-paragraph\">Ele sabe quando o seu \u2018t\u00e1 tudo bem\u2019 \u00e9 apenas uma tentativa de disfar\u00e7ar a dor. Sabe das contas atrasadas, das noites mal dormidas, das lutas que ningu\u00e9m v\u00ea. E mesmo sem voc\u00ea pedir, <strong>Ele prepara a provis\u00e3o, o livramento, a cura e o recome\u00e7o.<\/strong><\/p>\n\n\n\n<h2 class=\"wp-block-heading\">Quando o c\u00e9u age sem aviso<\/h2>\n\n\n\n<p class=\"wp-block-paragraph\">A gente se acostuma a esperar b\u00ean\u00e7\u00e3os pelas quais orou com insist\u00eancia. Mas algumas chegam sem explica\u00e7\u00e3o. Um encontro inesperado, uma resposta r\u00e1pida, uma oportunidade que parecia improv\u00e1vel.<\/p>\n\n\n\n<p class=\"wp-block-paragraph\">E quando isso acontece, voc\u00ea pode at\u00e9 pensar: \u201cMas eu nem pedi isso.\u201d E Deus responde em sil\u00eancio: \u201cMas Eu vi que voc\u00ea precisava.\u201d<\/p>\n\n\n\n<p class=\"wp-block-paragraph\">Porque o Pai n\u00e3o depende da sua f\u00e9 perfeita para agir. Ele age pela gra\u00e7a. E \u00e9 por isso que <strong>tem b\u00ean\u00e7\u00e3o chegando que voc\u00ea n\u00e3o pediu<\/strong> \u2014 mas que \u00e9 exatamente aquilo que voc\u00ea n\u00e3o sabia mais como pedir.<\/p>\n\n\n\n<h2 class=\"wp-block-heading\">A bondade de Deus n\u00e3o depende do seu merecimento<\/h2>\n\n\n\n<p class=\"wp-block-paragraph\">Deus n\u00e3o te aben\u00e7oa s\u00f3 quando voc\u00ea acerta tudo. Ele n\u00e3o espera voc\u00ea se tornar perfeito para cuidar da sua vida. A verdade \u00e9 que Ele j\u00e1 decidiu te amar antes mesmo de voc\u00ea saber pedir ajuda.<\/p>\n\n\n\n<p class=\"wp-block-paragraph\">Voc\u00ea pode ter falhado, se perdido, pensado em desistir. Mas a gra\u00e7a n\u00e3o calcula merecimento. Ela apenas alcan\u00e7a.<\/p>\n\n\n\n<p class=\"wp-block-paragraph\">E \u00e9 por isso que, mesmo com tudo o que voc\u00ea j\u00e1 fez ou deixou de fazer, <strong>tem b\u00ean\u00e7\u00e3o chegando que voc\u00ea n\u00e3o pediu.<\/strong> Porque Deus \u00e9 Pai. E Pai de verdade conhece a fome do filho s\u00f3 de olhar.<\/p>\n\n\n\n<h2 class=\"wp-block-heading\">Sinais de que a b\u00ean\u00e7\u00e3o est\u00e1 a caminho<\/h2>\n\n\n\n<p class=\"wp-block-paragraph\">Talvez voc\u00ea esteja sentindo uma inquieta\u00e7\u00e3o diferente. Uma vontade de recome\u00e7ar. Um al\u00edvio repentino mesmo sem motivo aparente. Esses s\u00e3o sinais. Pequenos sussurros de que algo novo est\u00e1 sendo preparado.<\/p>\n\n\n\n<p class=\"wp-block-paragraph\">Voc\u00ea come\u00e7a a notar que certas portas se fecham, mas o cora\u00e7\u00e3o n\u00e3o sente medo. Porque no fundo, algo diz: tem coisa melhor vindo por a\u00ed. E tem mesmo. O c\u00e9u j\u00e1 movimentou o que voc\u00ea nem sabia que precisava.<\/p>\n\n\n\n<h2 class=\"wp-block-heading\">Confie at\u00e9 mesmo sem entender<\/h2>\n\n\n\n<p class=\"wp-block-paragraph\">O que pode parecer atraso, \u00e9 muitas vezes livramento. E o que parece sil\u00eancio de Deus, \u00e9 apenas Ele trabalhando em sil\u00eancio por voc\u00ea. O que est\u00e1 sendo preparado agora \u00e9 maior do que aquilo que voc\u00ea pedia com insist\u00eancia.<\/p>\n\n\n\n<p class=\"wp-block-paragraph\">E quando a b\u00ean\u00e7\u00e3o chegar, porque ela vai chegar \u2014 voc\u00ea vai entender o motivo de tantas esperas, de tantos \u201cn\u00e3os\u201d, de tantos caminhos tortos.<\/p>\n\n\n\n<p class=\"wp-block-paragraph\"><strong>Tem b\u00ean\u00e7\u00e3o chegando que voc\u00ea n\u00e3o pediu,<\/strong> e voc\u00ea vai entender, com l\u00e1grimas nos olhos, que foi melhor assim. Porque foi como Deus quis. E isso muda tudo.<\/p>\n\n\n\n<h2 class=\"wp-block-heading\">N\u00e3o \u00e9 coincid\u00eancia, \u00e9 cuidado<\/h2>\n\n\n\n<p class=\"wp-block-paragraph\">Aquela mensagem inesperada. A liga\u00e7\u00e3o no dia certo. A resposta que veio por outro caminho. Nada disso \u00e9 acaso. \u00c9 cuidado divino. Detalhes que Deus orquestra sem fazer barulho.<\/p>\n\n\n\n<p class=\"wp-block-paragraph\">Voc\u00ea vai come\u00e7ar a perceber que os encontros mudam, as portas se alinham e o cora\u00e7\u00e3o se acalma. S\u00e3o os primeiros sinais de uma b\u00ean\u00e7\u00e3o invis\u00edvel sendo costurada nos bastidores do c\u00e9u.<\/p>\n\n\n\n<h2 class=\"wp-block-heading\">O que fazer enquanto a b\u00ean\u00e7\u00e3o n\u00e3o chega?<\/h2>\n\n\n\n<p class=\"wp-block-paragraph\">Continue. Respire. Agrade\u00e7a. Mesmo sem ver ainda. A f\u00e9 mais bonita \u00e9 aquela que agradece antes de receber. N\u00e3o porque ignora a dor, mas porque acredita no cuidado.<\/p>\n\n\n\n<p class=\"wp-block-paragraph\">Enquanto voc\u00ea vive os dias dif\u00edceis, Deus trabalha os dias melhores. Enquanto voc\u00ea dorme, Ele age. Enquanto voc\u00ea espera, Ele prepara. <strong>Tem b\u00ean\u00e7\u00e3o chegando que voc\u00ea n\u00e3o pediu<\/strong>\u2026 mas o c\u00e9u j\u00e1 decidiu te entregar.<\/p>\n\n\n\n<p class=\"wp-block-paragraph\"><strong>Voir aussi\u00a0: <a href=\"https:\/\/www.oracaoefe.com\/fr\/aprenda-a-oracao-para-conseguir-emprego-urgente\/\">Aprenda a ora\u00e7\u00e3o para conseguir emprego urgente<\/a><\/strong><\/p>\n\n\n\n<p class=\"wp-block-paragraph\">20 de maio de 2025<\/p>","protected":false},"excerpt":{"rendered":"<p>Nem sempre voc\u00ea vai entender o porqu\u00ea. Sabe aquele momento em que tudo parece parado? Quando voc\u00ea j\u00e1 n\u00e3o sabe o que pedir, nem o que esperar? Pois \u00e9 justamente a\u00ed que Deus age em sil\u00eancio. Ele observa cada detalhe. E mesmo quando voc\u00ea n\u00e3o fala nada, Ele ouve tudo o que o seu cora\u00e7\u00e3o&hellip;&nbsp;<\/p>","protected":false},"author":3,"featured_media":3610,"comment_status":"closed","ping_status":"closed","sticky":false,"template":"","format":"standard","meta":{"neve_meta_sidebar":"","neve_meta_container":"","neve_meta_enable_content_width":"","neve_meta_content_width":0,"neve_meta_title_alignment":"","neve_meta_author_avatar":"","neve_post_elements_order":"","neve_meta_disable_header":"","neve_meta_disable_footer":"","neve_meta_disable_title":"","footnotes":""},"categories":[3],"tags":[],"class_list":["post-3580","post","type-post","status-publish","format-standard","has-post-thumbnail","hentry","category-fe"],"yoast_head":"<!-- This site is optimized with the Yoast SEO plugin v28.4 - https:\/\/yoast.com\/product\/yoast-seo-wordpress\/ -->\n<title>Tem b\u00ean\u00e7\u00e3o chegando que voc\u00ea n\u00e3o pediu; mas Ele viu que voc\u00ea precisa - Ora\u00e7\u00e3o e F\u00e9<\/title>\n<meta name=\"description\" content=\"Deus tem pra voc\u00ea uma palavra de vida!\" \/>\n<meta name=\"robots\" content=\"index, follow, max-snippet:-1, max-image-preview:large, max-video-preview:-1\" \/>\n<link rel=\"canonical\" href=\"https:\/\/www.oracaoefe.com\/fr\/tem-bencao-chegando-que-voce-nao-pediu-mas-ele-viu-que-voce-precisa\/\" \/>\n<meta property=\"og:locale\" content=\"fr_FR\" \/>\n<meta property=\"og:type\" content=\"article\" \/>\n<meta property=\"og:title\" content=\"Tem b\u00ean\u00e7\u00e3o chegando que voc\u00ea n\u00e3o pediu; mas Ele viu que voc\u00ea precisa - Ora\u00e7\u00e3o e F\u00e9\" \/>\n<meta property=\"og:description\" content=\"Deus tem pra voc\u00ea uma palavra de vida!\" \/>\n<meta property=\"og:url\" content=\"https:\/\/www.oracaoefe.com\/fr\/tem-bencao-chegando-que-voce-nao-pediu-mas-ele-viu-que-voce-precisa\/\" \/>\n<meta property=\"og:site_name\" content=\"Ora\u00e7\u00e3o e F\u00e9\" \/>\n<meta property=\"article:published_time\" content=\"2025-05-21T04:04:55+00:00\" \/>\n<meta property=\"article:modified_time\" content=\"2025-12-16T16:10:49+00:00\" \/>\n<meta property=\"og:image\" content=\"https:\/\/www.oracaoefe.com\/wp-content\/uploads\/2025\/05\/bencao_chegando.webp\" \/>\n\t<meta property=\"og:image:width\" content=\"1536\" \/>\n\t<meta property=\"og:image:height\" content=\"1024\" \/>\n\t<meta property=\"og:image:type\" content=\"image\/webp\" \/>\n<meta name=\"author\" content=\"Michele Azevedo\" \/>\n<meta name=\"twitter:card\" content=\"summary_large_image\" \/>\n<meta name=\"twitter:label1\" content=\"\u00c9crit par\" \/>\n\t<meta name=\"twitter:data1\" content=\"Michele Azevedo\" \/>\n\t<meta name=\"twitter:label2\" content=\"Dur\u00e9e de lecture estim\u00e9e\" \/>\n\t<meta name=\"twitter:data2\" content=\"4 minutes\" \/>\n<script type=\"application\/ld+json\" class=\"yoast-schema-graph\">{\"@context\":\"https:\\\/\\\/schema.org\",\"@graph\":[{\"@type\":\"Article\",\"@id\":\"https:\\\/\\\/www.oracaoefe.com\\\/tem-bencao-chegando-que-voce-nao-pediu-mas-ele-viu-que-voce-precisa\\\/#article\",\"isPartOf\":{\"@id\":\"https:\\\/\\\/www.oracaoefe.com\\\/tem-bencao-chegando-que-voce-nao-pediu-mas-ele-viu-que-voce-precisa\\\/\"},\"author\":{\"name\":\"Michele Azevedo\",\"@id\":\"https:\\\/\\\/www.oracaoefe.com\\\/#\\\/schema\\\/person\\\/17283c669442cf005c4d5bb58adfb7f5\"},\"headline\":\"Tem b\u00ean\u00e7\u00e3o chegando que voc\u00ea n\u00e3o pediu; mas Ele viu que voc\u00ea precisa\",\"datePublished\":\"2025-05-21T04:04:55+00:00\",\"dateModified\":\"2025-12-16T16:10:49+00:00\",\"mainEntityOfPage\":{\"@id\":\"https:\\\/\\\/www.oracaoefe.com\\\/tem-bencao-chegando-que-voce-nao-pediu-mas-ele-viu-que-voce-precisa\\\/\"},\"wordCount\":850,\"image\":{\"@id\":\"https:\\\/\\\/www.oracaoefe.com\\\/tem-bencao-chegando-que-voce-nao-pediu-mas-ele-viu-que-voce-precisa\\\/#primaryimage\"},\"thumbnailUrl\":\"https:\\\/\\\/www.oracaoefe.com\\\/wp-content\\\/uploads\\\/2025\\\/05\\\/bencao_chegando.webp\",\"articleSection\":[\"F\u00e9\"],\"inLanguage\":\"fr-FR\"},{\"@type\":\"WebPage\",\"@id\":\"https:\\\/\\\/www.oracaoefe.com\\\/tem-bencao-chegando-que-voce-nao-pediu-mas-ele-viu-que-voce-precisa\\\/\",\"url\":\"https:\\\/\\\/www.oracaoefe.com\\\/tem-bencao-chegando-que-voce-nao-pediu-mas-ele-viu-que-voce-precisa\\\/\",\"name\":\"Tem b\u00ean\u00e7\u00e3o chegando que voc\u00ea n\u00e3o pediu; mas Ele viu que voc\u00ea precisa - Ora\u00e7\u00e3o e F\u00e9\",\"isPartOf\":{\"@id\":\"https:\\\/\\\/www.oracaoefe.com\\\/#website\"},\"primaryImageOfPage\":{\"@id\":\"https:\\\/\\\/www.oracaoefe.com\\\/tem-bencao-chegando-que-voce-nao-pediu-mas-ele-viu-que-voce-precisa\\\/#primaryimage\"},\"image\":{\"@id\":\"https:\\\/\\\/www.oracaoefe.com\\\/tem-bencao-chegando-que-voce-nao-pediu-mas-ele-viu-que-voce-precisa\\\/#primaryimage\"},\"thumbnailUrl\":\"https:\\\/\\\/www.oracaoefe.com\\\/wp-content\\\/uploads\\\/2025\\\/05\\\/bencao_chegando.webp\",\"datePublished\":\"2025-05-21T04:04:55+00:00\",\"dateModified\":\"2025-12-16T16:10:49+00:00\",\"author\":{\"@id\":\"https:\\\/\\\/www.oracaoefe.com\\\/#\\\/schema\\\/person\\\/17283c669442cf005c4d5bb58adfb7f5\"},\"description\":\"Deus tem pra voc\u00ea uma palavra de vida!\",\"breadcrumb\":{\"@id\":\"https:\\\/\\\/www.oracaoefe.com\\\/tem-bencao-chegando-que-voce-nao-pediu-mas-ele-viu-que-voce-precisa\\\/#breadcrumb\"},\"inLanguage\":\"fr-FR\",\"potentialAction\":[{\"@type\":\"ReadAction\",\"target\":[\"https:\\\/\\\/www.oracaoefe.com\\\/tem-bencao-chegando-que-voce-nao-pediu-mas-ele-viu-que-voce-precisa\\\/\"]}]},{\"@type\":\"ImageObject\",\"inLanguage\":\"fr-FR\",\"@id\":\"https:\\\/\\\/www.oracaoefe.com\\\/tem-bencao-chegando-que-voce-nao-pediu-mas-ele-viu-que-voce-precisa\\\/#primaryimage\",\"url\":\"https:\\\/\\\/www.oracaoefe.com\\\/wp-content\\\/uploads\\\/2025\\\/05\\\/bencao_chegando.webp\",\"contentUrl\":\"https:\\\/\\\/www.oracaoefe.com\\\/wp-content\\\/uploads\\\/2025\\\/05\\\/bencao_chegando.webp\",\"width\":1536,\"height\":1024},{\"@type\":\"BreadcrumbList\",\"@id\":\"https:\\\/\\\/www.oracaoefe.com\\\/tem-bencao-chegando-que-voce-nao-pediu-mas-ele-viu-que-voce-precisa\\\/#breadcrumb\",\"itemListElement\":[{\"@type\":\"ListItem\",\"position\":1,\"name\":\"Home\",\"item\":\"https:\\\/\\\/www.oracaoefe.com\\\/\"},{\"@type\":\"ListItem\",\"position\":2,\"name\":\"F\u00e9\",\"item\":\"https:\\\/\\\/www.oracaoefe.com\\\/es\\\/categoria\\\/fe\\\/\"},{\"@type\":\"ListItem\",\"position\":3,\"name\":\"Tem b\u00ean\u00e7\u00e3o chegando que voc\u00ea n\u00e3o pediu; mas Ele viu que voc\u00ea precisa\"}]},{\"@type\":\"WebSite\",\"@id\":\"https:\\\/\\\/www.oracaoefe.com\\\/#website\",\"url\":\"https:\\\/\\\/www.oracaoefe.com\\\/\",\"name\":\"Ora\u00e7\u00e3o e F\u00e9\",\"description\":\"\",\"potentialAction\":[{\"@type\":\"SearchAction\",\"target\":{\"@type\":\"EntryPoint\",\"urlTemplate\":\"https:\\\/\\\/www.oracaoefe.com\\\/?s={search_term_string}\"},\"query-input\":{\"@type\":\"PropertyValueSpecification\",\"valueRequired\":true,\"valueName\":\"search_term_string\"}}],\"inLanguage\":\"fr-FR\"},{\"@type\":\"Person\",\"@id\":\"https:\\\/\\\/www.oracaoefe.com\\\/#\\\/schema\\\/person\\\/17283c669442cf005c4d5bb58adfb7f5\",\"name\":\"Michele Azevedo\",\"image\":{\"@type\":\"ImageObject\",\"inLanguage\":\"fr-FR\",\"@id\":\"https:\\\/\\\/secure.gravatar.com\\\/avatar\\\/6b0eb9d22841282815e2cd856a0061c45e1761cd54b22e952d98c4746939aa85?s=96&d=mm&r=g\",\"url\":\"https:\\\/\\\/secure.gravatar.com\\\/avatar\\\/6b0eb9d22841282815e2cd856a0061c45e1761cd54b22e952d98c4746939aa85?s=96&d=mm&r=g\",\"contentUrl\":\"https:\\\/\\\/secure.gravatar.com\\\/avatar\\\/6b0eb9d22841282815e2cd856a0061c45e1761cd54b22e952d98c4746939aa85?s=96&d=mm&r=g\",\"caption\":\"Michele Azevedo\"},\"description\":\"Formada em Letras - Portugu\u00eas\\\/ Ingl\u00eas pela Universidade Estadual de Ponta Grossa (UEPG), p\u00f3s-graduada em Arte na Educa\u00e7\u00e3o (FAPI) e Psicopedagogia Escolar (FAPI), idealizadora e propriet\u00e1ria do site Escritora de Sucesso, possui experi\u00eancia em escrita para blogs em geral e atua como redatora e revisora dos conte\u00fados do Ora\u00e7\u00e3o e F\u00e9.\",\"url\":\"https:\\\/\\\/www.oracaoefe.com\\\/fr\\\/author\\\/michele-azevedo\\\/\"}]}<\/script>\n<!-- \/ Yoast SEO plugin. -->","yoast_head_json":{"title":"Tem b\u00ean\u00e7\u00e3o chegando que voc\u00ea n\u00e3o pediu; mas Ele viu que voc\u00ea precisa - Ora\u00e7\u00e3o e F\u00e9","description":"Dieu a une parole de vie pour vous !","robots":{"index":"index","follow":"follow","max-snippet":"max-snippet:-1","max-image-preview":"max-image-preview:large","max-video-preview":"max-video-preview:-1"},"canonical":"https:\/\/www.oracaoefe.com\/fr\/tem-bencao-chegando-que-voce-nao-pediu-mas-ele-viu-que-voce-precisa\/","og_locale":"fr_FR","og_type":"article","og_title":"Tem b\u00ean\u00e7\u00e3o chegando que voc\u00ea n\u00e3o pediu; mas Ele viu que voc\u00ea precisa - Ora\u00e7\u00e3o e F\u00e9","og_description":"Deus tem pra voc\u00ea uma palavra de vida!","og_url":"https:\/\/www.oracaoefe.com\/fr\/tem-bencao-chegando-que-voce-nao-pediu-mas-ele-viu-que-voce-precisa\/","og_site_name":"Ora\u00e7\u00e3o e F\u00e9","article_published_time":"2025-05-21T04:04:55+00:00","article_modified_time":"2025-12-16T16:10:49+00:00","og_image":[{"width":1536,"height":1024,"url":"https:\/\/www.oracaoefe.com\/wp-content\/uploads\/2025\/05\/bencao_chegando.webp","type":"image\/webp"}],"author":"Michele Azevedo","twitter_card":"summary_large_image","twitter_misc":{"\u00c9crit par":"Michele Azevedo","Dur\u00e9e de lecture estim\u00e9e":"4 minutes"},"schema":{"@context":"https:\/\/schema.org","@graph":[{"@type":"Article","@id":"https:\/\/www.oracaoefe.com\/tem-bencao-chegando-que-voce-nao-pediu-mas-ele-viu-que-voce-precisa\/#article","isPartOf":{"@id":"https:\/\/www.oracaoefe.com\/tem-bencao-chegando-que-voce-nao-pediu-mas-ele-viu-que-voce-precisa\/"},"author":{"name":"Michele Azevedo","@id":"https:\/\/www.oracaoefe.com\/#\/schema\/person\/17283c669442cf005c4d5bb58adfb7f5"},"headline":"Tem b\u00ean\u00e7\u00e3o chegando que voc\u00ea n\u00e3o pediu; mas Ele viu que voc\u00ea precisa","datePublished":"2025-05-21T04:04:55+00:00","dateModified":"2025-12-16T16:10:49+00:00","mainEntityOfPage":{"@id":"https:\/\/www.oracaoefe.com\/tem-bencao-chegando-que-voce-nao-pediu-mas-ele-viu-que-voce-precisa\/"},"wordCount":850,"image":{"@id":"https:\/\/www.oracaoefe.com\/tem-bencao-chegando-que-voce-nao-pediu-mas-ele-viu-que-voce-precisa\/#primaryimage"},"thumbnailUrl":"https:\/\/www.oracaoefe.com\/wp-content\/uploads\/2025\/05\/bencao_chegando.webp","articleSection":["F\u00e9"],"inLanguage":"fr-FR"},{"@type":"WebPage","@id":"https:\/\/www.oracaoefe.com\/tem-bencao-chegando-que-voce-nao-pediu-mas-ele-viu-que-voce-precisa\/","url":"https:\/\/www.oracaoefe.com\/tem-bencao-chegando-que-voce-nao-pediu-mas-ele-viu-que-voce-precisa\/","name":"Tem b\u00ean\u00e7\u00e3o chegando que voc\u00ea n\u00e3o pediu; mas Ele viu que voc\u00ea precisa - Ora\u00e7\u00e3o e F\u00e9","isPartOf":{"@id":"https:\/\/www.oracaoefe.com\/#website"},"primaryImageOfPage":{"@id":"https:\/\/www.oracaoefe.com\/tem-bencao-chegando-que-voce-nao-pediu-mas-ele-viu-que-voce-precisa\/#primaryimage"},"image":{"@id":"https:\/\/www.oracaoefe.com\/tem-bencao-chegando-que-voce-nao-pediu-mas-ele-viu-que-voce-precisa\/#primaryimage"},"thumbnailUrl":"https:\/\/www.oracaoefe.com\/wp-content\/uploads\/2025\/05\/bencao_chegando.webp","datePublished":"2025-05-21T04:04:55+00:00","dateModified":"2025-12-16T16:10:49+00:00","author":{"@id":"https:\/\/www.oracaoefe.com\/#\/schema\/person\/17283c669442cf005c4d5bb58adfb7f5"},"description":"Dieu a une parole de vie pour vous !","breadcrumb":{"@id":"https:\/\/www.oracaoefe.com\/tem-bencao-chegando-que-voce-nao-pediu-mas-ele-viu-que-voce-precisa\/#breadcrumb"},"inLanguage":"fr-FR","potentialAction":[{"@type":"ReadAction","target":["https:\/\/www.oracaoefe.com\/tem-bencao-chegando-que-voce-nao-pediu-mas-ele-viu-que-voce-precisa\/"]}]},{"@type":"ImageObject","inLanguage":"fr-FR","@id":"https:\/\/www.oracaoefe.com\/tem-bencao-chegando-que-voce-nao-pediu-mas-ele-viu-que-voce-precisa\/#primaryimage","url":"https:\/\/www.oracaoefe.com\/wp-content\/uploads\/2025\/05\/bencao_chegando.webp","contentUrl":"https:\/\/www.oracaoefe.com\/wp-content\/uploads\/2025\/05\/bencao_chegando.webp","width":1536,"height":1024},{"@type":"BreadcrumbList","@id":"https:\/\/www.oracaoefe.com\/tem-bencao-chegando-que-voce-nao-pediu-mas-ele-viu-que-voce-precisa\/#breadcrumb","itemListElement":[{"@type":"ListItem","position":1,"name":"Home","item":"https:\/\/www.oracaoefe.com\/"},{"@type":"ListItem","position":2,"name":"F\u00e9","item":"https:\/\/www.oracaoefe.com\/es\/categoria\/fe\/"},{"@type":"ListItem","position":3,"name":"Tem b\u00ean\u00e7\u00e3o chegando que voc\u00ea n\u00e3o pediu; mas Ele viu que voc\u00ea precisa"}]},{"@type":"WebSite","@id":"https:\/\/www.oracaoefe.com\/#website","url":"https:\/\/www.oracaoefe.com\/","name":"Pri\u00e8re et foi","description":"","potentialAction":[{"@type":"SearchAction","target":{"@type":"EntryPoint","urlTemplate":"https:\/\/www.oracaoefe.com\/?s={search_term_string}"},"query-input":{"@type":"PropertyValueSpecification","valueRequired":true,"valueName":"search_term_string"}}],"inLanguage":"fr-FR"},{"@type":"Person","@id":"https:\/\/www.oracaoefe.com\/#\/schema\/person\/17283c669442cf005c4d5bb58adfb7f5","name":"Michele Azevedo","image":{"@type":"ImageObject","inLanguage":"fr-FR","@id":"https:\/\/secure.gravatar.com\/avatar\/6b0eb9d22841282815e2cd856a0061c45e1761cd54b22e952d98c4746939aa85?s=96&d=mm&r=g","url":"https:\/\/secure.gravatar.com\/avatar\/6b0eb9d22841282815e2cd856a0061c45e1761cd54b22e952d98c4746939aa85?s=96&d=mm&r=g","contentUrl":"https:\/\/secure.gravatar.com\/avatar\/6b0eb9d22841282815e2cd856a0061c45e1761cd54b22e952d98c4746939aa85?s=96&d=mm&r=g","caption":"Michele Azevedo"},"description":"Dipl\u00f4m\u00e9e en litt\u00e9rature portugaise\/anglaise de l&#039;Universit\u00e9 d&#039;\u00c9tat de Ponta Grossa (UEPG), avec des dipl\u00f4mes de troisi\u00e8me cycle en art dans l&#039;\u00e9ducation (FAPI) et en psychop\u00e9dagogie scolaire (FAPI), elle est la cr\u00e9atrice et propri\u00e9taire du site web Escritora de Sucesso, a de l&#039;exp\u00e9rience dans l&#039;\u00e9criture pour les blogs en g\u00e9n\u00e9ral et travaille comme r\u00e9dactrice et \u00e9ditrice du contenu pour Ora\u00e7\u00e3o e F\u00e9.","url":"https:\/\/www.oracaoefe.com\/fr\/author\/michele-azevedo\/"}]}},"_links":{"self":[{"href":"https:\/\/www.oracaoefe.com\/fr\/wp-json\/wp\/v2\/posts\/3580","targetHints":{"allow":["GET"]}}],"collection":[{"href":"https:\/\/www.oracaoefe.com\/fr\/wp-json\/wp\/v2\/posts"}],"about":[{"href":"https:\/\/www.oracaoefe.com\/fr\/wp-json\/wp\/v2\/types\/post"}],"author":[{"embeddable":true,"href":"https:\/\/www.oracaoefe.com\/fr\/wp-json\/wp\/v2\/users\/3"}],"replies":[{"embeddable":true,"href":"https:\/\/www.oracaoefe.com\/fr\/wp-json\/wp\/v2\/comments?post=3580"}],"version-history":[{"count":3,"href":"https:\/\/www.oracaoefe.com\/fr\/wp-json\/wp\/v2\/posts\/3580\/revisions"}],"predecessor-version":[{"id":3682,"href":"https:\/\/www.oracaoefe.com\/fr\/wp-json\/wp\/v2\/posts\/3580\/revisions\/3682"}],"wp:featuredmedia":[{"embeddable":true,"href":"https:\/\/www.oracaoefe.com\/fr\/wp-json\/wp\/v2\/media\/3610"}],"wp:attachment":[{"href":"https:\/\/www.oracaoefe.com\/fr\/wp-json\/wp\/v2\/media?parent=3580"}],"wp:term":[{"taxonomy":"category","embeddable":true,"href":"https:\/\/www.oracaoefe.com\/fr\/wp-json\/wp\/v2\/categories?post=3580"},{"taxonomy":"post_tag","embeddable":true,"href":"https:\/\/www.oracaoefe.com\/fr\/wp-json\/wp\/v2\/tags?post=3580"}],"curies":[{"name":"wp","href":"https:\/\/api.w.org\/{rel}","templated":true}]}}